{"id":881,"date":"2012-07-02T15:08:25","date_gmt":"2012-07-02T15:08:25","guid":{"rendered":"http:\/\/www.drivelife.it\/pics\/?p=881"},"modified":"2012-12-02T12:17:17","modified_gmt":"2012-12-02T12:17:17","slug":"volvo-xc90","status":"publish","type":"post","link":"https:\/\/www.drivelife.it\/pics\/2012\/07\/02\/volvo-xc90\/","title":{"rendered":"VOLVO XC90"},"content":{"rendered":"<h2>SFOGLIA LA GALLERY,<br \/>\nGUARDA LA VOLVO XC90 2013<\/h2>\n<div id='gallery-1' class='gallery galleryid-881 gallery-columns-9 gallery-size-thumbnail'><figure class='gallery-item'>\n\t\t\t<div class='gallery-icon landscape'>\n\t\t\t\t<a href='https:\/\/www.drivelife.it\/pics\/2012\/07\/02\/volvo-xc90\/volvo-xc90-yellow-field-2\/'><img loading=\"lazy\" decoding=\"async\" width=\"150\" height=\"150\" src=\"https:\/\/www.drivelife.it\/pics\/wp-content\/uploads\/2012\/07\/VOLVO-XC90-YELLOW-FIELD-2-150x150.jpg\" class=\"attachment-thumbnail size-thumbnail\" alt=\"VOLVO XC90 YELLOW FIELD-2\" \/><\/a>\n\t\t\t<\/div><\/figure><figure class='gallery-item'>\n\t\t\t<div class='gallery-icon landscape'>\n\t\t\t\t<a href='https:\/\/www.drivelife.it\/pics\/2012\/07\/02\/volvo-xc90\/volvo-xc90-parking-2\/'><img loading=\"lazy\" decoding=\"async\" width=\"150\" height=\"150\" src=\"https:\/\/www.drivelife.it\/pics\/wp-content\/uploads\/2012\/07\/VOLVO-XC90-PARKING-2-150x150.jpg\" class=\"attachment-thumbnail size-thumbnail\" alt=\"\" \/><\/a>\n\t\t\t<\/div><\/figure><figure class='gallery-item'>\n\t\t\t<div class='gallery-icon landscape'>\n\t\t\t\t<a href='https:\/\/www.drivelife.it\/pics\/2012\/07\/02\/volvo-xc90\/volvo-xc90-parking-3\/'><img loading=\"lazy\" decoding=\"async\" width=\"150\" height=\"150\" src=\"https:\/\/www.drivelife.it\/pics\/wp-content\/uploads\/2012\/07\/VOLVO-XC90-PARKING-3-150x150.jpg\" class=\"attachment-thumbnail size-thumbnail\" alt=\"\" \/><\/a>\n\t\t\t<\/div><\/figure><figure class='gallery-item'>\n\t\t\t<div class='gallery-icon landscape'>\n\t\t\t\t<a href='https:\/\/www.drivelife.it\/pics\/2012\/07\/02\/volvo-xc90\/volvo-xc90-parking-4\/'><img loading=\"lazy\" decoding=\"async\" width=\"150\" height=\"150\" src=\"https:\/\/www.drivelife.it\/pics\/wp-content\/uploads\/2012\/07\/VOLVO-XC90-PARKING-4-150x150.jpg\" class=\"attachment-thumbnail size-thumbnail\" alt=\"\" \/><\/a>\n\t\t\t<\/div><\/figure><figure class='gallery-item'>\n\t\t\t<div class='gallery-icon landscape'>\n\t\t\t\t<a href='https:\/\/www.drivelife.it\/pics\/2012\/07\/02\/volvo-xc90\/volvo-xc90-parking-5\/'><img loading=\"lazy\" decoding=\"async\" width=\"150\" height=\"150\" src=\"https:\/\/www.drivelife.it\/pics\/wp-content\/uploads\/2012\/07\/VOLVO-XC90-PARKING-5-150x150.jpg\" class=\"attachment-thumbnail size-thumbnail\" alt=\"\" \/><\/a>\n\t\t\t<\/div><\/figure><figure class='gallery-item'>\n\t\t\t<div class='gallery-icon landscape'>\n\t\t\t\t<a href='https:\/\/www.drivelife.it\/pics\/2012\/07\/02\/volvo-xc90\/volvo-xc90-parking-6\/'><img loading=\"lazy\" decoding=\"async\" width=\"150\" height=\"150\" src=\"https:\/\/www.drivelife.it\/pics\/wp-content\/uploads\/2012\/07\/VOLVO-XC90-PARKING-6-150x150.jpg\" class=\"attachment-thumbnail size-thumbnail\" alt=\"\" \/><\/a>\n\t\t\t<\/div><\/figure><figure class='gallery-item'>\n\t\t\t<div class='gallery-icon landscape'>\n\t\t\t\t<a href='https:\/\/www.drivelife.it\/pics\/2012\/07\/02\/volvo-xc90\/volvo-xc90-parking-7\/'><img loading=\"lazy\" decoding=\"async\" width=\"150\" height=\"150\" src=\"https:\/\/www.drivelife.it\/pics\/wp-content\/uploads\/2012\/07\/VOLVO-XC90-PARKING-7-150x150.jpg\" class=\"attachment-thumbnail size-thumbnail\" alt=\"\" \/><\/a>\n\t\t\t<\/div><\/figure><figure class='gallery-item'>\n\t\t\t<div class='gallery-icon landscape'>\n\t\t\t\t<a href='https:\/\/www.drivelife.it\/pics\/2012\/07\/02\/volvo-xc90\/volvo-xc90-parking-8\/'><img loading=\"lazy\" decoding=\"async\" width=\"150\" height=\"150\" src=\"https:\/\/www.drivelife.it\/pics\/wp-content\/uploads\/2012\/07\/VOLVO-XC90-PARKING-8-150x150.jpg\" class=\"attachment-thumbnail size-thumbnail\" alt=\"\" \/><\/a>\n\t\t\t<\/div><\/figure><figure class='gallery-item'>\n\t\t\t<div class='gallery-icon landscape'>\n\t\t\t\t<a href='https:\/\/www.drivelife.it\/pics\/2012\/07\/02\/volvo-xc90\/volvo-xc90-parking-9\/'><img loading=\"lazy\" decoding=\"async\" width=\"150\" height=\"150\" src=\"https:\/\/www.drivelife.it\/pics\/wp-content\/uploads\/2012\/07\/VOLVO-XC90-PARKING-9-150x150.jpg\" class=\"attachment-thumbnail size-thumbnail\" alt=\"\" \/><\/a>\n\t\t\t<\/div><\/figure><figure class='gallery-item'>\n\t\t\t<div class='gallery-icon landscape'>\n\t\t\t\t<a href='https:\/\/www.drivelife.it\/pics\/2012\/07\/02\/volvo-xc90\/volvo-xc90-parking-10\/'><img loading=\"lazy\" decoding=\"async\" width=\"150\" height=\"150\" src=\"https:\/\/www.drivelife.it\/pics\/wp-content\/uploads\/2012\/07\/VOLVO-XC90-PARKING-10-150x150.jpg\" class=\"attachment-thumbnail size-thumbnail\" alt=\"\" \/><\/a>\n\t\t\t<\/div><\/figure><figure class='gallery-item'>\n\t\t\t<div class='gallery-icon landscape'>\n\t\t\t\t<a href='https:\/\/www.drivelife.it\/pics\/2012\/07\/02\/volvo-xc90\/volvo-xc90-parking-11\/'><img loading=\"lazy\" decoding=\"async\" width=\"150\" height=\"150\" src=\"https:\/\/www.drivelife.it\/pics\/wp-content\/uploads\/2012\/07\/VOLVO-XC90-PARKING-11-150x150.jpg\" class=\"attachment-thumbnail size-thumbnail\" alt=\"\" \/><\/a>\n\t\t\t<\/div><\/figure><figure class='gallery-item'>\n\t\t\t<div class='gallery-icon landscape'>\n\t\t\t\t<a href='https:\/\/www.drivelife.it\/pics\/2012\/07\/02\/volvo-xc90\/volvo-xc90-parking-12\/'><img loading=\"lazy\" decoding=\"async\" width=\"150\" height=\"150\" src=\"https:\/\/www.drivelife.it\/pics\/wp-content\/uploads\/2012\/07\/VOLVO-XC90-PARKING-12-150x150.jpg\" class=\"attachment-thumbnail size-thumbnail\" alt=\"\" \/><\/a>\n\t\t\t<\/div><\/figure><figure class='gallery-item'>\n\t\t\t<div class='gallery-icon landscape'>\n\t\t\t\t<a href='https:\/\/www.drivelife.it\/pics\/2012\/07\/02\/volvo-xc90\/volvo-xc90-parking-13\/'><img loading=\"lazy\" decoding=\"async\" width=\"150\" height=\"150\" src=\"https:\/\/www.drivelife.it\/pics\/wp-content\/uploads\/2012\/07\/VOLVO-XC90-PARKING-13-150x150.jpg\" class=\"attachment-thumbnail size-thumbnail\" alt=\"\" \/><\/a>\n\t\t\t<\/div><\/figure><figure class='gallery-item'>\n\t\t\t<div class='gallery-icon landscape'>\n\t\t\t\t<a href='https:\/\/www.drivelife.it\/pics\/2012\/07\/02\/volvo-xc90\/volvo-xc90-parking-14\/'><img loading=\"lazy\" decoding=\"async\" width=\"150\" height=\"150\" src=\"https:\/\/www.drivelife.it\/pics\/wp-content\/uploads\/2012\/07\/VOLVO-XC90-PARKING-14-150x150.jpg\" class=\"attachment-thumbnail size-thumbnail\" alt=\"\" \/><\/a>\n\t\t\t<\/div><\/figure><figure class='gallery-item'>\n\t\t\t<div class='gallery-icon landscape'>\n\t\t\t\t<a href='https:\/\/www.drivelife.it\/pics\/2012\/07\/02\/volvo-xc90\/volvo-xc90-parking-15\/'><img loading=\"lazy\" decoding=\"async\" width=\"150\" height=\"150\" src=\"https:\/\/www.drivelife.it\/pics\/wp-content\/uploads\/2012\/07\/VOLVO-XC90-PARKING-15-150x150.jpg\" class=\"attachment-thumbnail size-thumbnail\" alt=\"\" \/><\/a>\n\t\t\t<\/div><\/figure><figure class='gallery-item'>\n\t\t\t<div class='gallery-icon landscape'>\n\t\t\t\t<a href='https:\/\/www.drivelife.it\/pics\/2012\/07\/02\/volvo-xc90\/volvo-xc90-parking-16\/'><img loading=\"lazy\" decoding=\"async\" width=\"150\" height=\"150\" src=\"https:\/\/www.drivelife.it\/pics\/wp-content\/uploads\/2012\/07\/VOLVO-XC90-PARKING-16-150x150.jpg\" class=\"attachment-thumbnail size-thumbnail\" alt=\"\" \/><\/a>\n\t\t\t<\/div><\/figure><figure class='gallery-item'>\n\t\t\t<div class='gallery-icon landscape'>\n\t\t\t\t<a href='https:\/\/www.drivelife.it\/pics\/2012\/07\/02\/volvo-xc90\/volvo-xc90-parking-17\/'><img loading=\"lazy\" decoding=\"async\" width=\"150\" height=\"150\" src=\"https:\/\/www.drivelife.it\/pics\/wp-content\/uploads\/2012\/07\/VOLVO-XC90-PARKING-17-150x150.jpg\" class=\"attachment-thumbnail size-thumbnail\" alt=\"\" \/><\/a>\n\t\t\t<\/div><\/figure><figure class='gallery-item'>\n\t\t\t<div class='gallery-icon landscape'>\n\t\t\t\t<a href='https:\/\/www.drivelife.it\/pics\/2012\/07\/02\/volvo-xc90\/volvo-xc90-parking-18\/'><img loading=\"lazy\" decoding=\"async\" width=\"150\" height=\"150\" src=\"https:\/\/www.drivelife.it\/pics\/wp-content\/uploads\/2012\/07\/VOLVO-XC90-PARKING-18-150x150.jpg\" class=\"attachment-thumbnail size-thumbnail\" alt=\"\" \/><\/a>\n\t\t\t<\/div><\/figure><figure class='gallery-item'>\n\t\t\t<div class='gallery-icon landscape'>\n\t\t\t\t<a href='https:\/\/www.drivelife.it\/pics\/2012\/07\/02\/volvo-xc90\/volvo-xc90-parking-19\/'><img loading=\"lazy\" decoding=\"async\" width=\"150\" height=\"150\" src=\"https:\/\/www.drivelife.it\/pics\/wp-content\/uploads\/2012\/07\/VOLVO-XC90-PARKING-19-150x150.jpg\" class=\"attachment-thumbnail size-thumbnail\" alt=\"\" \/><\/a>\n\t\t\t<\/div><\/figure><figure class='gallery-item'>\n\t\t\t<div class='gallery-icon landscape'>\n\t\t\t\t<a href='https:\/\/www.drivelife.it\/pics\/2012\/07\/02\/volvo-xc90\/volvo-xc90-parking-20\/'><img loading=\"lazy\" decoding=\"async\" width=\"150\" height=\"150\" src=\"https:\/\/www.drivelife.it\/pics\/wp-content\/uploads\/2012\/07\/VOLVO-XC90-PARKING-20-150x150.jpg\" class=\"attachment-thumbnail size-thumbnail\" alt=\"\" \/><\/a>\n\t\t\t<\/div><\/figure><figure class='gallery-item'>\n\t\t\t<div class='gallery-icon landscape'>\n\t\t\t\t<a href='https:\/\/www.drivelife.it\/pics\/2012\/07\/02\/volvo-xc90\/volvo-xc90-parking-21\/'><img loading=\"lazy\" decoding=\"async\" width=\"150\" height=\"150\" src=\"https:\/\/www.drivelife.it\/pics\/wp-content\/uploads\/2012\/07\/VOLVO-XC90-PARKING-21-150x150.jpg\" class=\"attachment-thumbnail size-thumbnail\" alt=\"\" \/><\/a>\n\t\t\t<\/div><\/figure><figure class='gallery-item'>\n\t\t\t<div class='gallery-icon landscape'>\n\t\t\t\t<a href='https:\/\/www.drivelife.it\/pics\/2012\/07\/02\/volvo-xc90\/volvo-xc90-parking-22\/'><img loading=\"lazy\" decoding=\"async\" width=\"150\" height=\"150\" src=\"https:\/\/www.drivelife.it\/pics\/wp-content\/uploads\/2012\/07\/VOLVO-XC90-PARKING-22-150x150.jpg\" class=\"attachment-thumbnail size-thumbnail\" alt=\"\" \/><\/a>\n\t\t\t<\/div><\/figure><figure class='gallery-item'>\n\t\t\t<div class='gallery-icon landscape'>\n\t\t\t\t<a href='https:\/\/www.drivelife.it\/pics\/2012\/07\/02\/volvo-xc90\/volvo-xc90-parking-23\/'><img loading=\"lazy\" decoding=\"async\" width=\"150\" height=\"150\" src=\"https:\/\/www.drivelife.it\/pics\/wp-content\/uploads\/2012\/07\/VOLVO-XC90-PARKING-23-150x150.jpg\" class=\"attachment-thumbnail size-thumbnail\" alt=\"\" \/><\/a>\n\t\t\t<\/div><\/figure><figure class='gallery-item'>\n\t\t\t<div class='gallery-icon landscape'>\n\t\t\t\t<a href='https:\/\/www.drivelife.it\/pics\/2012\/07\/02\/volvo-xc90\/volvo-xc90-parking-24\/'><img loading=\"lazy\" decoding=\"async\" width=\"150\" height=\"150\" src=\"https:\/\/www.drivelife.it\/pics\/wp-content\/uploads\/2012\/07\/VOLVO-XC90-PARKING-24-150x150.jpg\" class=\"attachment-thumbnail size-thumbnail\" alt=\"\" \/><\/a>\n\t\t\t<\/div><\/figure><figure class='gallery-item'>\n\t\t\t<div class='gallery-icon landscape'>\n\t\t\t\t<a href='https:\/\/www.drivelife.it\/pics\/2012\/07\/02\/volvo-xc90\/volvo-xc90-parking-25\/'><img loading=\"lazy\" decoding=\"async\" width=\"150\" height=\"150\" src=\"https:\/\/www.drivelife.it\/pics\/wp-content\/uploads\/2012\/07\/VOLVO-XC90-PARKING-25-150x150.jpg\" class=\"attachment-thumbnail size-thumbnail\" alt=\"\" \/><\/a>\n\t\t\t<\/div><\/figure><figure class='gallery-item'>\n\t\t\t<div class='gallery-icon landscape'>\n\t\t\t\t<a href='https:\/\/www.drivelife.it\/pics\/2012\/07\/02\/volvo-xc90\/volvo-xc90-parking-26\/'><img loading=\"lazy\" decoding=\"async\" width=\"150\" height=\"150\" src=\"https:\/\/www.drivelife.it\/pics\/wp-content\/uploads\/2012\/07\/VOLVO-XC90-PARKING-26-150x150.jpg\" class=\"attachment-thumbnail size-thumbnail\" alt=\"\" \/><\/a>\n\t\t\t<\/div><\/figure><figure class='gallery-item'>\n\t\t\t<div class='gallery-icon landscape'>\n\t\t\t\t<a href='https:\/\/www.drivelife.it\/pics\/2012\/07\/02\/volvo-xc90\/volvo-xc90-parking-27\/'><img loading=\"lazy\" decoding=\"async\" width=\"150\" height=\"150\" src=\"https:\/\/www.drivelife.it\/pics\/wp-content\/uploads\/2012\/07\/VOLVO-XC90-PARKING-27-150x150.jpg\" class=\"attachment-thumbnail size-thumbnail\" alt=\"\" \/><\/a>\n\t\t\t<\/div><\/figure><figure class='gallery-item'>\n\t\t\t<div class='gallery-icon landscape'>\n\t\t\t\t<a href='https:\/\/www.drivelife.it\/pics\/2012\/07\/02\/volvo-xc90\/volvo-xc90-parking-28\/'><img loading=\"lazy\" decoding=\"async\" width=\"150\" height=\"150\" src=\"https:\/\/www.drivelife.it\/pics\/wp-content\/uploads\/2012\/07\/VOLVO-XC90-PARKING-28-150x150.jpg\" class=\"attachment-thumbnail size-thumbnail\" alt=\"\" \/><\/a>\n\t\t\t<\/div><\/figure><figure class='gallery-item'>\n\t\t\t<div class='gallery-icon landscape'>\n\t\t\t\t<a href='https:\/\/www.drivelife.it\/pics\/2012\/07\/02\/volvo-xc90\/volvo-xc90-parking-29\/'><img loading=\"lazy\" decoding=\"async\" width=\"150\" height=\"150\" src=\"https:\/\/www.drivelife.it\/pics\/wp-content\/uploads\/2012\/07\/VOLVO-XC90-PARKING-29-150x150.jpg\" class=\"attachment-thumbnail size-thumbnail\" alt=\"\" \/><\/a>\n\t\t\t<\/div><\/figure><figure class='gallery-item'>\n\t\t\t<div class='gallery-icon landscape'>\n\t\t\t\t<a href='https:\/\/www.drivelife.it\/pics\/2012\/07\/02\/volvo-xc90\/volvo-xc90-parking-30\/'><img loading=\"lazy\" decoding=\"async\" width=\"150\" height=\"150\" src=\"https:\/\/www.drivelife.it\/pics\/wp-content\/uploads\/2012\/07\/VOLVO-XC90-PARKING-30-150x150.jpg\" class=\"attachment-thumbnail size-thumbnail\" alt=\"\" \/><\/a>\n\t\t\t<\/div><\/figure><figure class='gallery-item'>\n\t\t\t<div class='gallery-icon landscape'>\n\t\t\t\t<a href='https:\/\/www.drivelife.it\/pics\/2012\/07\/02\/volvo-xc90\/volvo-xc90-parking-31\/'><img loading=\"lazy\" decoding=\"async\" width=\"150\" height=\"150\" src=\"https:\/\/www.drivelife.it\/pics\/wp-content\/uploads\/2012\/07\/VOLVO-XC90-PARKING-31-150x150.jpg\" class=\"attachment-thumbnail size-thumbnail\" alt=\"\" \/><\/a>\n\t\t\t<\/div><\/figure><figure class='gallery-item'>\n\t\t\t<div class='gallery-icon landscape'>\n\t\t\t\t<a href='https:\/\/www.drivelife.it\/pics\/2012\/07\/02\/volvo-xc90\/volvo-xc90-parking-32\/'><img loading=\"lazy\" decoding=\"async\" width=\"150\" height=\"150\" src=\"https:\/\/www.drivelife.it\/pics\/wp-content\/uploads\/2012\/07\/VOLVO-XC90-PARKING-32-150x150.jpg\" class=\"attachment-thumbnail size-thumbnail\" alt=\"\" \/><\/a>\n\t\t\t<\/div><\/figure><figure class='gallery-item'>\n\t\t\t<div class='gallery-icon landscape'>\n\t\t\t\t<a href='https:\/\/www.drivelife.it\/pics\/2012\/07\/02\/volvo-xc90\/volvo-xc90-parking-33\/'><img loading=\"lazy\" decoding=\"async\" width=\"150\" height=\"150\" src=\"https:\/\/www.drivelife.it\/pics\/wp-content\/uploads\/2012\/07\/VOLVO-XC90-PARKING-33-150x150.jpg\" class=\"attachment-thumbnail size-thumbnail\" alt=\"\" \/><\/a>\n\t\t\t<\/div><\/figure><figure class='gallery-item'>\n\t\t\t<div class='gallery-icon landscape'>\n\t\t\t\t<a href='https:\/\/www.drivelife.it\/pics\/2012\/07\/02\/volvo-xc90\/volvo-xc90-parking\/'><img loading=\"lazy\" decoding=\"async\" width=\"150\" height=\"150\" src=\"https:\/\/www.drivelife.it\/pics\/wp-content\/uploads\/2012\/07\/VOLVO-XC90-PARKING-150x150.jpg\" class=\"attachment-thumbnail size-thumbnail\" alt=\"\" \/><\/a>\n\t\t\t<\/div><\/figure><figure class='gallery-item'>\n\t\t\t<div class='gallery-icon landscape'>\n\t\t\t\t<a href='https:\/\/www.drivelife.it\/pics\/2012\/07\/02\/volvo-xc90\/volvo-xc90-yellow-field-2-2\/'><img loading=\"lazy\" decoding=\"async\" width=\"150\" height=\"150\" src=\"https:\/\/www.drivelife.it\/pics\/wp-content\/uploads\/2012\/07\/VOLVO-XC90-YELLOW-FIELD-21-150x150.jpg\" class=\"attachment-thumbnail size-thumbnail\" alt=\"\" \/><\/a>\n\t\t\t<\/div><\/figure><figure class='gallery-item'>\n\t\t\t<div class='gallery-icon landscape'>\n\t\t\t\t<a href='https:\/\/www.drivelife.it\/pics\/2012\/07\/02\/volvo-xc90\/volvo-xc90-yellow-field-3\/'><img loading=\"lazy\" decoding=\"async\" width=\"150\" height=\"150\" src=\"https:\/\/www.drivelife.it\/pics\/wp-content\/uploads\/2012\/07\/VOLVO-XC90-YELLOW-FIELD-3-150x150.jpg\" class=\"attachment-thumbnail size-thumbnail\" alt=\"\" \/><\/a>\n\t\t\t<\/div><\/figure><figure class='gallery-item'>\n\t\t\t<div class='gallery-icon landscape'>\n\t\t\t\t<a href='https:\/\/www.drivelife.it\/pics\/2012\/07\/02\/volvo-xc90\/volvo-xc90-yellow-field-4\/'><img loading=\"lazy\" decoding=\"async\" width=\"150\" height=\"150\" src=\"https:\/\/www.drivelife.it\/pics\/wp-content\/uploads\/2012\/07\/VOLVO-XC90-YELLOW-FIELD-4-150x150.jpg\" class=\"attachment-thumbnail size-thumbnail\" alt=\"\" \/><\/a>\n\t\t\t<\/div><\/figure><figure class='gallery-item'>\n\t\t\t<div class='gallery-icon landscape'>\n\t\t\t\t<a href='https:\/\/www.drivelife.it\/pics\/2012\/07\/02\/volvo-xc90\/volvo-xc90-yellow-field\/'><img loading=\"lazy\" decoding=\"async\" width=\"150\" height=\"150\" src=\"https:\/\/www.drivelife.it\/pics\/wp-content\/uploads\/2012\/07\/VOLVO-XC90-YELLOW-FIELD-150x150.jpg\" class=\"attachment-thumbnail size-thumbnail\" alt=\"\" \/><\/a>\n\t\t\t<\/div><\/figure>\n\t\t<\/div>\n\n<p>&nbsp;<\/p>\n<h2><strong>MI PIACCIONO LE CURVE<\/strong><\/h2>\n<p style=\"text-align: justify;\">HO SEMPRE APPREZZATO LE SVEDESI PER IL LORO CONFORT DI VIAGGIO, UN MIX INEGUAGLIABILE TRA DINAMICA DI MARCIA E RELAX AL VOLANTE<\/p>\n<p style=\"text-align: justify;\">Mi piacciono le curve, quelle autostradali, veloci, magari in leggera contropendenza ed in discesa (tipo A1 in Appennino) dove senti davvero l\u2019efficacia del telaio e della trazione di una automobile. Quelle che, anche a velocit\u00e0 Codice, ti impegnano e ti tengono con l\u2019adrenalina in circolo. Quelle che devi \u2018pennellare\u2019 senza \u2018calpestare\u2019 la linea di mezzeria mantenendo l\u2019esterno e dimenticando la traiettoria ideale. Traiettoria che, inevitabile, ti porterebbe sulla corsia di marcia normale. Lo puoi fare: metti la freccia a destra e chiudi la curva. Ma perdi la faccia con te stesso. E\u2019 una questione di cuore. E mi piacciono le svedesi. Non quelle da avere come compagne di vita, non le conosco. Quelle con quattro ruote. Le Volvo. Non so perch\u00e9. Forse perch\u00e9 sin dall\u2019inizio della mia vita professionale ho scritto tanti articoli sulle Volvo. Neanche questo, per\u00f2, pu\u00f2 spiegare il particolare feeling che ho per le macchine di G\u00f6teborg. Ho guidato anche le altre \u2018premium\u2019, Mercedes, BMW, Audi. Di tutti i tipi. Eccellenti automobili ma nessuna \u00e8 stata capace di conquistarmi come una svedese.<\/p>\n<p style=\"text-align: justify;\">Ora sono, ancora una volta, al volante della XC90. Un prodotto che non ha bisogno di \u2018sostegno\u2019 per essere promossa, in pubblicit\u00e0, intendo. Si vende da sola. E\u2019 conosciuta ed apprezzata. Nonostante abbia dieci anni di anzianit\u00e0 sul mercato (sono davvero tanti, per una automobile) conserva tutto il suo fascino e la impareggiabile dinamica di marcia.<\/p>\n<p style=\"text-align: justify;\">Con l\u2019ultimo \u2018step\u2019 di motore, ora ha 215CV, \u00e8 l&#8217;automobile ideale per disegnare con grande sicurezza e confort il &#8220;tracciato&#8221; del proprio viaggio autostradale&#8230;<\/p>\n<p style=\"text-align: justify;\">(segue, con note tecniche e descrittive di prodotto. Un attimo!)<\/p>\n","protected":false},"excerpt":{"rendered":"SFOGLIA LA GALLERY, GUARDA LA VOLVO XC90 2013 &nbsp; MI PIACCIONO LE CURVE HO SEMPRE APPREZZATO LE SVEDESI PER IL [&hellip;]","protected":false},"author":1,"featured_media":882,"comment_status":"closed","ping_status":"closed","sticky":false,"template":"","format":"standard","meta":{"_monsterinsights_skip_tracking":false,"_monsterinsights_sitenote_active":false,"_monsterinsights_sitenote_note":"","_monsterinsights_sitenote_category":0,"ngg_post_thumbnail":0,"footnotes":""},"categories":[10,12,1,18],"tags":[242,26,24,27,241,34,35],"class_list":["post-881","post","type-post","status-publish","format-standard","has-post-thumbnail","hentry","category-automotive","category-photo-book-mrlukkor","category-portfolio","category-volvo","tag-automotive","tag-gallery","tag-mrlukkor","tag-photobook","tag-portfolio","tag-volvo-xc90","tag-xc90","clearfix"],"_links":{"self":[{"href":"https:\/\/www.drivelife.it\/pics\/wp-json\/wp\/v2\/posts\/881","targetHints":{"allow":["GET"]}}],"collection":[{"href":"https:\/\/www.drivelife.it\/pics\/wp-json\/wp\/v2\/posts"}],"about":[{"href":"https:\/\/www.drivelife.it\/pics\/wp-json\/wp\/v2\/types\/post"}],"author":[{"embeddable":true,"href":"https:\/\/www.drivelife.it\/pics\/wp-json\/wp\/v2\/users\/1"}],"replies":[{"embeddable":true,"href":"https:\/\/www.drivelife.it\/pics\/wp-json\/wp\/v2\/comments?post=881"}],"version-history":[{"count":5,"href":"https:\/\/www.drivelife.it\/pics\/wp-json\/wp\/v2\/posts\/881\/revisions"}],"predecessor-version":[{"id":1493,"href":"https:\/\/www.drivelife.it\/pics\/wp-json\/wp\/v2\/posts\/881\/revisions\/1493"}],"wp:featuredmedia":[{"embeddable":true,"href":"https:\/\/www.drivelife.it\/pics\/wp-json\/wp\/v2\/media\/882"}],"wp:attachment":[{"href":"https:\/\/www.drivelife.it\/pics\/wp-json\/wp\/v2\/media?parent=881"}],"wp:term":[{"taxonomy":"category","embeddable":true,"href":"https:\/\/www.drivelife.it\/pics\/wp-json\/wp\/v2\/categories?post=881"},{"taxonomy":"post_tag","embeddable":true,"href":"https:\/\/www.drivelife.it\/pics\/wp-json\/wp\/v2\/tags?post=881"}],"curies":[{"name":"wp","href":"https:\/\/api.w.org\/{rel}","templated":true}]}}