{"id":692,"date":"2012-05-20T07:22:16","date_gmt":"2012-05-20T07:22:16","guid":{"rendered":"http:\/\/www.drivelife.it\/pics\/?p=692"},"modified":"2012-12-02T12:17:53","modified_gmt":"2012-12-02T12:17:53","slug":"bmw-serie-6-gran-coupe","status":"publish","type":"post","link":"https:\/\/www.drivelife.it\/pics\/2012\/05\/20\/bmw-serie-6-gran-coupe\/","title":{"rendered":"BMW SERIE 6 GRAN COUPE&#8217;"},"content":{"rendered":"<h2>SFOGLIA LA GALLERY,<br \/>\nGUARDA LA NUOVA BMW SERIE 6 GRAN COUPE&#8217;<\/h2>\n<p>&nbsp;<\/p>\n<div id='gallery-1' class='gallery galleryid-692 gallery-columns-9 gallery-size-thumbnail'><figure class='gallery-item'>\n\t\t\t<div class='gallery-icon landscape'>\n\t\t\t\t<a href='https:\/\/www.drivelife.it\/pics\/2012\/05\/20\/bmw-serie-6-gran-coupe\/bmw-640d-gran-coupe\/'><img loading=\"lazy\" decoding=\"async\" width=\"150\" height=\"150\" src=\"https:\/\/www.drivelife.it\/pics\/wp-content\/uploads\/2012\/05\/BMW-640d-Gran-Coupe_010-150x150.jpg\" class=\"attachment-thumbnail size-thumbnail\" alt=\"\" \/><\/a>\n\t\t\t<\/div><\/figure><figure class='gallery-item'>\n\t\t\t<div class='gallery-icon landscape'>\n\t\t\t\t<a href='https:\/\/www.drivelife.it\/pics\/2012\/05\/20\/bmw-serie-6-gran-coupe\/bmw-640d-gran-coupe-2\/'><img loading=\"lazy\" decoding=\"async\" width=\"150\" height=\"150\" src=\"https:\/\/www.drivelife.it\/pics\/wp-content\/uploads\/2012\/05\/BMW-640d-Gran-Coupe_011-150x150.jpg\" class=\"attachment-thumbnail size-thumbnail\" alt=\"\" \/><\/a>\n\t\t\t<\/div><\/figure><figure class='gallery-item'>\n\t\t\t<div class='gallery-icon landscape'>\n\t\t\t\t<a href='https:\/\/www.drivelife.it\/pics\/2012\/05\/20\/bmw-serie-6-gran-coupe\/bmw-640d-gran-coupe-3\/'><img loading=\"lazy\" decoding=\"async\" width=\"150\" height=\"150\" src=\"https:\/\/www.drivelife.it\/pics\/wp-content\/uploads\/2012\/05\/BMW-640d-Gran-Coupe_012-150x150.jpg\" class=\"attachment-thumbnail size-thumbnail\" alt=\"\" \/><\/a>\n\t\t\t<\/div><\/figure><figure class='gallery-item'>\n\t\t\t<div class='gallery-icon landscape'>\n\t\t\t\t<a href='https:\/\/www.drivelife.it\/pics\/2012\/05\/20\/bmw-serie-6-gran-coupe\/bmw-640d-gran-coupe-4\/'><img loading=\"lazy\" decoding=\"async\" width=\"150\" height=\"150\" src=\"https:\/\/www.drivelife.it\/pics\/wp-content\/uploads\/2012\/05\/BMW-640d-Gran-Coupe_013-150x150.jpg\" class=\"attachment-thumbnail size-thumbnail\" alt=\"\" \/><\/a>\n\t\t\t<\/div><\/figure><figure class='gallery-item'>\n\t\t\t<div class='gallery-icon landscape'>\n\t\t\t\t<a href='https:\/\/www.drivelife.it\/pics\/2012\/05\/20\/bmw-serie-6-gran-coupe\/bmw-640d-gran-coupe-5\/'><img loading=\"lazy\" decoding=\"async\" width=\"150\" height=\"150\" src=\"https:\/\/www.drivelife.it\/pics\/wp-content\/uploads\/2012\/05\/BMW-640d-Gran-Coupe_014-150x150.jpg\" class=\"attachment-thumbnail size-thumbnail\" alt=\"\" \/><\/a>\n\t\t\t<\/div><\/figure><figure class='gallery-item'>\n\t\t\t<div class='gallery-icon landscape'>\n\t\t\t\t<a href='https:\/\/www.drivelife.it\/pics\/2012\/05\/20\/bmw-serie-6-gran-coupe\/bmw-640d-gran-coupe-6\/'><img loading=\"lazy\" decoding=\"async\" width=\"150\" height=\"150\" src=\"https:\/\/www.drivelife.it\/pics\/wp-content\/uploads\/2012\/05\/BMW-640d-Gran-Coupe_015-150x150.jpg\" class=\"attachment-thumbnail size-thumbnail\" alt=\"\" \/><\/a>\n\t\t\t<\/div><\/figure><figure class='gallery-item'>\n\t\t\t<div class='gallery-icon landscape'>\n\t\t\t\t<a href='https:\/\/www.drivelife.it\/pics\/2012\/05\/20\/bmw-serie-6-gran-coupe\/bmw-640d-gran-coupe-7\/'><img loading=\"lazy\" decoding=\"async\" width=\"150\" height=\"150\" src=\"https:\/\/www.drivelife.it\/pics\/wp-content\/uploads\/2012\/05\/BMW-640d-Gran-Coupe_016-150x150.jpg\" class=\"attachment-thumbnail size-thumbnail\" alt=\"\" \/><\/a>\n\t\t\t<\/div><\/figure><figure class='gallery-item'>\n\t\t\t<div class='gallery-icon landscape'>\n\t\t\t\t<a href='https:\/\/www.drivelife.it\/pics\/2012\/05\/20\/bmw-serie-6-gran-coupe\/bmw-640d-gran-coupe-8\/'><img loading=\"lazy\" decoding=\"async\" width=\"150\" height=\"150\" src=\"https:\/\/www.drivelife.it\/pics\/wp-content\/uploads\/2012\/05\/BMW-640d-Gran-Coupe_017-150x150.jpg\" class=\"attachment-thumbnail size-thumbnail\" alt=\"\" \/><\/a>\n\t\t\t<\/div><\/figure><figure class='gallery-item'>\n\t\t\t<div class='gallery-icon landscape'>\n\t\t\t\t<a href='https:\/\/www.drivelife.it\/pics\/2012\/05\/20\/bmw-serie-6-gran-coupe\/bmw-640d-gran-coupe-9\/'><img loading=\"lazy\" decoding=\"async\" width=\"150\" height=\"150\" src=\"https:\/\/www.drivelife.it\/pics\/wp-content\/uploads\/2012\/05\/BMW-640d-Gran-Coupe_018-150x150.jpg\" class=\"attachment-thumbnail size-thumbnail\" alt=\"\" \/><\/a>\n\t\t\t<\/div><\/figure><figure class='gallery-item'>\n\t\t\t<div class='gallery-icon landscape'>\n\t\t\t\t<a href='https:\/\/www.drivelife.it\/pics\/2012\/05\/20\/bmw-serie-6-gran-coupe\/bmw-640d-gran-coupe-10\/'><img loading=\"lazy\" decoding=\"async\" width=\"150\" height=\"150\" src=\"https:\/\/www.drivelife.it\/pics\/wp-content\/uploads\/2012\/05\/BMW-640d-Gran-Coupe_019-150x150.jpg\" class=\"attachment-thumbnail size-thumbnail\" alt=\"\" \/><\/a>\n\t\t\t<\/div><\/figure><figure class='gallery-item'>\n\t\t\t<div class='gallery-icon landscape'>\n\t\t\t\t<a href='https:\/\/www.drivelife.it\/pics\/2012\/05\/20\/bmw-serie-6-gran-coupe\/bmw-640d-gran-coupe-11\/'><img loading=\"lazy\" decoding=\"async\" width=\"150\" height=\"150\" src=\"https:\/\/www.drivelife.it\/pics\/wp-content\/uploads\/2012\/05\/BMW-640d-Gran-Coupe_020-150x150.jpg\" class=\"attachment-thumbnail size-thumbnail\" alt=\"\" \/><\/a>\n\t\t\t<\/div><\/figure><figure class='gallery-item'>\n\t\t\t<div class='gallery-icon landscape'>\n\t\t\t\t<a href='https:\/\/www.drivelife.it\/pics\/2012\/05\/20\/bmw-serie-6-gran-coupe\/bmw-640d-gran-coupe-12\/'><img loading=\"lazy\" decoding=\"async\" width=\"150\" height=\"150\" src=\"https:\/\/www.drivelife.it\/pics\/wp-content\/uploads\/2012\/05\/BMW-640d-Gran-Coupe_021-150x150.jpg\" class=\"attachment-thumbnail size-thumbnail\" alt=\"\" \/><\/a>\n\t\t\t<\/div><\/figure><figure class='gallery-item'>\n\t\t\t<div class='gallery-icon landscape'>\n\t\t\t\t<a href='https:\/\/www.drivelife.it\/pics\/2012\/05\/20\/bmw-serie-6-gran-coupe\/bmw-640d-gran-coupe-13\/'><img loading=\"lazy\" decoding=\"async\" width=\"150\" height=\"150\" src=\"https:\/\/www.drivelife.it\/pics\/wp-content\/uploads\/2012\/05\/BMW-640d-Gran-Coupe_022-150x150.jpg\" class=\"attachment-thumbnail size-thumbnail\" alt=\"\" \/><\/a>\n\t\t\t<\/div><\/figure><figure class='gallery-item'>\n\t\t\t<div class='gallery-icon landscape'>\n\t\t\t\t<a href='https:\/\/www.drivelife.it\/pics\/2012\/05\/20\/bmw-serie-6-gran-coupe\/bmw-640d-gran-coupe-14\/'><img loading=\"lazy\" decoding=\"async\" width=\"150\" height=\"150\" src=\"https:\/\/www.drivelife.it\/pics\/wp-content\/uploads\/2012\/05\/BMW-640d-Gran-Coupe_023-150x150.jpg\" class=\"attachment-thumbnail size-thumbnail\" alt=\"\" \/><\/a>\n\t\t\t<\/div><\/figure><figure class='gallery-item'>\n\t\t\t<div class='gallery-icon landscape'>\n\t\t\t\t<a href='https:\/\/www.drivelife.it\/pics\/2012\/05\/20\/bmw-serie-6-gran-coupe\/bmw-640d-gran-coupe-15\/'><img loading=\"lazy\" decoding=\"async\" width=\"150\" height=\"150\" src=\"https:\/\/www.drivelife.it\/pics\/wp-content\/uploads\/2012\/05\/BMW-640d-Gran-Coupe_024-150x150.jpg\" class=\"attachment-thumbnail size-thumbnail\" alt=\"\" \/><\/a>\n\t\t\t<\/div><\/figure><figure class='gallery-item'>\n\t\t\t<div class='gallery-icon landscape'>\n\t\t\t\t<a href='https:\/\/www.drivelife.it\/pics\/2012\/05\/20\/bmw-serie-6-gran-coupe\/bmw-640d-gran-coupe-16\/'><img loading=\"lazy\" decoding=\"async\" width=\"150\" height=\"150\" src=\"https:\/\/www.drivelife.it\/pics\/wp-content\/uploads\/2012\/05\/BMW-640d-Gran-Coupe_025-150x150.jpg\" class=\"attachment-thumbnail size-thumbnail\" alt=\"\" \/><\/a>\n\t\t\t<\/div><\/figure><figure class='gallery-item'>\n\t\t\t<div class='gallery-icon landscape'>\n\t\t\t\t<a href='https:\/\/www.drivelife.it\/pics\/2012\/05\/20\/bmw-serie-6-gran-coupe\/bmw-640d-gran-coupe-17\/'><img loading=\"lazy\" decoding=\"async\" width=\"150\" height=\"150\" src=\"https:\/\/www.drivelife.it\/pics\/wp-content\/uploads\/2012\/05\/BMW-640d-Gran-Coupe_026-150x150.jpg\" class=\"attachment-thumbnail size-thumbnail\" alt=\"\" \/><\/a>\n\t\t\t<\/div><\/figure><figure class='gallery-item'>\n\t\t\t<div class='gallery-icon landscape'>\n\t\t\t\t<a href='https:\/\/www.drivelife.it\/pics\/2012\/05\/20\/bmw-serie-6-gran-coupe\/bmw-640d-gran-coupe-18\/'><img loading=\"lazy\" decoding=\"async\" width=\"150\" height=\"150\" src=\"https:\/\/www.drivelife.it\/pics\/wp-content\/uploads\/2012\/05\/BMW-640d-Gran-Coupe_027-150x150.jpg\" class=\"attachment-thumbnail size-thumbnail\" alt=\"\" \/><\/a>\n\t\t\t<\/div><\/figure><figure class='gallery-item'>\n\t\t\t<div class='gallery-icon landscape'>\n\t\t\t\t<a href='https:\/\/www.drivelife.it\/pics\/2012\/05\/20\/bmw-serie-6-gran-coupe\/bmw-640d-gran-coupe-19\/'><img loading=\"lazy\" decoding=\"async\" width=\"150\" height=\"150\" src=\"https:\/\/www.drivelife.it\/pics\/wp-content\/uploads\/2012\/05\/BMW-640d-Gran-Coupe_028-150x150.jpg\" class=\"attachment-thumbnail size-thumbnail\" alt=\"\" \/><\/a>\n\t\t\t<\/div><\/figure><figure class='gallery-item'>\n\t\t\t<div class='gallery-icon landscape'>\n\t\t\t\t<a href='https:\/\/www.drivelife.it\/pics\/2012\/05\/20\/bmw-serie-6-gran-coupe\/bmw-640d-gran-coupe-20\/'><img loading=\"lazy\" decoding=\"async\" width=\"150\" height=\"150\" src=\"https:\/\/www.drivelife.it\/pics\/wp-content\/uploads\/2012\/05\/BMW-640d-Gran-Coupe_029-150x150.jpg\" class=\"attachment-thumbnail size-thumbnail\" alt=\"\" \/><\/a>\n\t\t\t<\/div><\/figure><figure class='gallery-item'>\n\t\t\t<div class='gallery-icon landscape'>\n\t\t\t\t<a href='https:\/\/www.drivelife.it\/pics\/2012\/05\/20\/bmw-serie-6-gran-coupe\/bmw-640d-gran-coupe-21\/'><img loading=\"lazy\" decoding=\"async\" width=\"150\" height=\"150\" src=\"https:\/\/www.drivelife.it\/pics\/wp-content\/uploads\/2012\/05\/BMW-640d-Gran-Coupe_030-150x150.jpg\" class=\"attachment-thumbnail size-thumbnail\" alt=\"\" \/><\/a>\n\t\t\t<\/div><\/figure><figure class='gallery-item'>\n\t\t\t<div class='gallery-icon landscape'>\n\t\t\t\t<a href='https:\/\/www.drivelife.it\/pics\/2012\/05\/20\/bmw-serie-6-gran-coupe\/bmw-640d-gran-coupe-22\/'><img loading=\"lazy\" decoding=\"async\" width=\"150\" height=\"150\" src=\"https:\/\/www.drivelife.it\/pics\/wp-content\/uploads\/2012\/05\/BMW-640d-Gran-Coupe_031-150x150.jpg\" class=\"attachment-thumbnail size-thumbnail\" alt=\"\" \/><\/a>\n\t\t\t<\/div><\/figure><figure class='gallery-item'>\n\t\t\t<div class='gallery-icon landscape'>\n\t\t\t\t<a href='https:\/\/www.drivelife.it\/pics\/2012\/05\/20\/bmw-serie-6-gran-coupe\/bmw-640d-gran-coupe-23\/'><img loading=\"lazy\" decoding=\"async\" width=\"150\" height=\"150\" src=\"https:\/\/www.drivelife.it\/pics\/wp-content\/uploads\/2012\/05\/BMW-640d-Gran-Coupe_032-150x150.jpg\" class=\"attachment-thumbnail size-thumbnail\" alt=\"\" \/><\/a>\n\t\t\t<\/div><\/figure><figure class='gallery-item'>\n\t\t\t<div class='gallery-icon landscape'>\n\t\t\t\t<a href='https:\/\/www.drivelife.it\/pics\/2012\/05\/20\/bmw-serie-6-gran-coupe\/bmw-640d-gran-coupe-24\/'><img loading=\"lazy\" decoding=\"async\" width=\"150\" height=\"150\" src=\"https:\/\/www.drivelife.it\/pics\/wp-content\/uploads\/2012\/05\/BMW-640d-Gran-Coupe_033-150x150.jpg\" class=\"attachment-thumbnail size-thumbnail\" alt=\"\" \/><\/a>\n\t\t\t<\/div><\/figure><figure class='gallery-item'>\n\t\t\t<div class='gallery-icon landscape'>\n\t\t\t\t<a href='https:\/\/www.drivelife.it\/pics\/2012\/05\/20\/bmw-serie-6-gran-coupe\/bmw-640d-gran-coupe-25\/'><img loading=\"lazy\" decoding=\"async\" width=\"150\" height=\"150\" src=\"https:\/\/www.drivelife.it\/pics\/wp-content\/uploads\/2012\/05\/BMW-640d-Gran-Coupe_034-150x150.jpg\" class=\"attachment-thumbnail size-thumbnail\" alt=\"\" \/><\/a>\n\t\t\t<\/div><\/figure><figure class='gallery-item'>\n\t\t\t<div class='gallery-icon landscape'>\n\t\t\t\t<a href='https:\/\/www.drivelife.it\/pics\/2012\/05\/20\/bmw-serie-6-gran-coupe\/bmw-640d-gran-coupe-26\/'><img loading=\"lazy\" decoding=\"async\" width=\"150\" height=\"150\" src=\"https:\/\/www.drivelife.it\/pics\/wp-content\/uploads\/2012\/05\/BMW-640d-Gran-Coupe_035-150x150.jpg\" class=\"attachment-thumbnail size-thumbnail\" alt=\"\" \/><\/a>\n\t\t\t<\/div><\/figure><figure class='gallery-item'>\n\t\t\t<div class='gallery-icon landscape'>\n\t\t\t\t<a href='https:\/\/www.drivelife.it\/pics\/2012\/05\/20\/bmw-serie-6-gran-coupe\/bmw-640d-gran-coupe-27\/'><img loading=\"lazy\" decoding=\"async\" width=\"150\" height=\"150\" src=\"https:\/\/www.drivelife.it\/pics\/wp-content\/uploads\/2012\/05\/BMW-640d-Gran-Coupe_036-150x150.jpg\" class=\"attachment-thumbnail size-thumbnail\" alt=\"\" \/><\/a>\n\t\t\t<\/div><\/figure><figure class='gallery-item'>\n\t\t\t<div class='gallery-icon landscape'>\n\t\t\t\t<a href='https:\/\/www.drivelife.it\/pics\/2012\/05\/20\/bmw-serie-6-gran-coupe\/bmw-640d-gran-coupe-28\/'><img loading=\"lazy\" decoding=\"async\" width=\"150\" height=\"150\" src=\"https:\/\/www.drivelife.it\/pics\/wp-content\/uploads\/2012\/05\/BMW-640d-Gran-Coupe_037-150x150.jpg\" class=\"attachment-thumbnail size-thumbnail\" alt=\"\" \/><\/a>\n\t\t\t<\/div><\/figure><figure class='gallery-item'>\n\t\t\t<div class='gallery-icon landscape'>\n\t\t\t\t<a href='https:\/\/www.drivelife.it\/pics\/2012\/05\/20\/bmw-serie-6-gran-coupe\/bmw-640d-gran-coupe-29\/'><img loading=\"lazy\" decoding=\"async\" width=\"150\" height=\"150\" src=\"https:\/\/www.drivelife.it\/pics\/wp-content\/uploads\/2012\/05\/BMW-640d-Gran-Coupe_038-150x150.jpg\" class=\"attachment-thumbnail size-thumbnail\" alt=\"\" \/><\/a>\n\t\t\t<\/div><\/figure><figure class='gallery-item'>\n\t\t\t<div class='gallery-icon landscape'>\n\t\t\t\t<a href='https:\/\/www.drivelife.it\/pics\/2012\/05\/20\/bmw-serie-6-gran-coupe\/bmw-640d-gran-coupe-30\/'><img loading=\"lazy\" decoding=\"async\" width=\"150\" height=\"150\" src=\"https:\/\/www.drivelife.it\/pics\/wp-content\/uploads\/2012\/05\/BMW-640d-Gran-Coupe_039-150x150.jpg\" class=\"attachment-thumbnail size-thumbnail\" alt=\"\" \/><\/a>\n\t\t\t<\/div><\/figure><figure class='gallery-item'>\n\t\t\t<div class='gallery-icon landscape'>\n\t\t\t\t<a href='https:\/\/www.drivelife.it\/pics\/2012\/05\/20\/bmw-serie-6-gran-coupe\/bmw-640d-gran-coupe-31\/'><img loading=\"lazy\" decoding=\"async\" width=\"150\" height=\"150\" src=\"https:\/\/www.drivelife.it\/pics\/wp-content\/uploads\/2012\/05\/BMW-640d-Gran-Coupe_040-150x150.jpg\" class=\"attachment-thumbnail size-thumbnail\" alt=\"\" \/><\/a>\n\t\t\t<\/div><\/figure><figure class='gallery-item'>\n\t\t\t<div class='gallery-icon landscape'>\n\t\t\t\t<a href='https:\/\/www.drivelife.it\/pics\/2012\/05\/20\/bmw-serie-6-gran-coupe\/bmw-640d-gran-coupe-32\/'><img loading=\"lazy\" decoding=\"async\" width=\"150\" height=\"150\" src=\"https:\/\/www.drivelife.it\/pics\/wp-content\/uploads\/2012\/05\/BMW-640d-Gran-Coupe_041-150x150.jpg\" class=\"attachment-thumbnail size-thumbnail\" alt=\"\" \/><\/a>\n\t\t\t<\/div><\/figure><figure class='gallery-item'>\n\t\t\t<div class='gallery-icon landscape'>\n\t\t\t\t<a href='https:\/\/www.drivelife.it\/pics\/2012\/05\/20\/bmw-serie-6-gran-coupe\/bmw-640d-gran-coupe-33\/'><img loading=\"lazy\" decoding=\"async\" width=\"150\" height=\"150\" src=\"https:\/\/www.drivelife.it\/pics\/wp-content\/uploads\/2012\/05\/BMW-640d-Gran-Coupe_042-150x150.jpg\" class=\"attachment-thumbnail size-thumbnail\" alt=\"\" \/><\/a>\n\t\t\t<\/div><\/figure><figure class='gallery-item'>\n\t\t\t<div class='gallery-icon landscape'>\n\t\t\t\t<a href='https:\/\/www.drivelife.it\/pics\/2012\/05\/20\/bmw-serie-6-gran-coupe\/bmw-640d-gran-coupe-34\/'><img loading=\"lazy\" decoding=\"async\" width=\"150\" height=\"150\" src=\"https:\/\/www.drivelife.it\/pics\/wp-content\/uploads\/2012\/05\/BMW-640d-Gran-Coupe_043-150x150.jpg\" class=\"attachment-thumbnail size-thumbnail\" alt=\"\" \/><\/a>\n\t\t\t<\/div><\/figure><figure class='gallery-item'>\n\t\t\t<div class='gallery-icon portrait'>\n\t\t\t\t<a href='https:\/\/www.drivelife.it\/pics\/2012\/05\/20\/bmw-serie-6-gran-coupe\/bmw-640d-gran-coupe-35\/'><img loading=\"lazy\" decoding=\"async\" width=\"150\" height=\"150\" src=\"https:\/\/www.drivelife.it\/pics\/wp-content\/uploads\/2012\/05\/BMW-640d-Gran-Coupe_044-150x150.jpg\" class=\"attachment-thumbnail size-thumbnail\" alt=\"\" \/><\/a>\n\t\t\t<\/div><\/figure><figure class='gallery-item'>\n\t\t\t<div class='gallery-icon landscape'>\n\t\t\t\t<a href='https:\/\/www.drivelife.it\/pics\/2012\/05\/20\/bmw-serie-6-gran-coupe\/bmw-640d-gran-coupe-36\/'><img loading=\"lazy\" decoding=\"async\" width=\"150\" height=\"150\" src=\"https:\/\/www.drivelife.it\/pics\/wp-content\/uploads\/2012\/05\/BMW-640d-Gran-Coupe_045-150x150.jpg\" class=\"attachment-thumbnail size-thumbnail\" alt=\"\" \/><\/a>\n\t\t\t<\/div><\/figure><figure class='gallery-item'>\n\t\t\t<div class='gallery-icon landscape'>\n\t\t\t\t<a href='https:\/\/www.drivelife.it\/pics\/2012\/05\/20\/bmw-serie-6-gran-coupe\/bmw-640d-gran-coupe-37\/'><img loading=\"lazy\" decoding=\"async\" width=\"150\" height=\"150\" src=\"https:\/\/www.drivelife.it\/pics\/wp-content\/uploads\/2012\/05\/BMW-640d-Gran-Coupe_046-150x150.jpg\" class=\"attachment-thumbnail size-thumbnail\" alt=\"\" \/><\/a>\n\t\t\t<\/div><\/figure><figure class='gallery-item'>\n\t\t\t<div class='gallery-icon landscape'>\n\t\t\t\t<a href='https:\/\/www.drivelife.it\/pics\/2012\/05\/20\/bmw-serie-6-gran-coupe\/bmw-640d-gran-coupe-38\/'><img loading=\"lazy\" decoding=\"async\" width=\"150\" height=\"150\" src=\"https:\/\/www.drivelife.it\/pics\/wp-content\/uploads\/2012\/05\/BMW-640d-Gran-Coupe_047-150x150.jpg\" class=\"attachment-thumbnail size-thumbnail\" alt=\"\" \/><\/a>\n\t\t\t<\/div><\/figure><figure class='gallery-item'>\n\t\t\t<div class='gallery-icon landscape'>\n\t\t\t\t<a href='https:\/\/www.drivelife.it\/pics\/2012\/05\/20\/bmw-serie-6-gran-coupe\/bmw-640d-gran-coupe-39\/'><img loading=\"lazy\" decoding=\"async\" width=\"150\" height=\"150\" src=\"https:\/\/www.drivelife.it\/pics\/wp-content\/uploads\/2012\/05\/BMW-640d-Gran-Coupe_048-150x150.jpg\" class=\"attachment-thumbnail size-thumbnail\" alt=\"\" \/><\/a>\n\t\t\t<\/div><\/figure><figure class='gallery-item'>\n\t\t\t<div class='gallery-icon landscape'>\n\t\t\t\t<a href='https:\/\/www.drivelife.it\/pics\/2012\/05\/20\/bmw-serie-6-gran-coupe\/bmw-640d-gran-coupe-40\/'><img loading=\"lazy\" decoding=\"async\" width=\"150\" height=\"150\" src=\"https:\/\/www.drivelife.it\/pics\/wp-content\/uploads\/2012\/05\/BMW-640d-Gran-Coupe_049-150x150.jpg\" class=\"attachment-thumbnail size-thumbnail\" alt=\"\" \/><\/a>\n\t\t\t<\/div><\/figure><figure class='gallery-item'>\n\t\t\t<div class='gallery-icon landscape'>\n\t\t\t\t<a href='https:\/\/www.drivelife.it\/pics\/2012\/05\/20\/bmw-serie-6-gran-coupe\/bmw-640d-gran-coupe-41\/'><img loading=\"lazy\" decoding=\"async\" width=\"150\" height=\"150\" src=\"https:\/\/www.drivelife.it\/pics\/wp-content\/uploads\/2012\/05\/BMW-640d-Gran-Coupe_050-150x150.jpg\" class=\"attachment-thumbnail size-thumbnail\" alt=\"\" \/><\/a>\n\t\t\t<\/div><\/figure><figure class='gallery-item'>\n\t\t\t<div class='gallery-icon landscape'>\n\t\t\t\t<a href='https:\/\/www.drivelife.it\/pics\/2012\/05\/20\/bmw-serie-6-gran-coupe\/bmw-640d-gran-coupe-42\/'><img loading=\"lazy\" decoding=\"async\" width=\"150\" height=\"150\" src=\"https:\/\/www.drivelife.it\/pics\/wp-content\/uploads\/2012\/05\/BMW-640d-Gran-Coupe_051-150x150.jpg\" class=\"attachment-thumbnail size-thumbnail\" alt=\"\" \/><\/a>\n\t\t\t<\/div><\/figure><figure class='gallery-item'>\n\t\t\t<div class='gallery-icon landscape'>\n\t\t\t\t<a href='https:\/\/www.drivelife.it\/pics\/2012\/05\/20\/bmw-serie-6-gran-coupe\/bmw-640d-gran-coupe-43\/'><img loading=\"lazy\" decoding=\"async\" width=\"150\" height=\"150\" src=\"https:\/\/www.drivelife.it\/pics\/wp-content\/uploads\/2012\/05\/BMW-640d-Gran-Coupe_052-150x150.jpg\" class=\"attachment-thumbnail size-thumbnail\" alt=\"\" \/><\/a>\n\t\t\t<\/div><\/figure><figure class='gallery-item'>\n\t\t\t<div class='gallery-icon landscape'>\n\t\t\t\t<a href='https:\/\/www.drivelife.it\/pics\/2012\/05\/20\/bmw-serie-6-gran-coupe\/bmw-640d-gran-coupe-44\/'><img loading=\"lazy\" decoding=\"async\" width=\"150\" height=\"150\" src=\"https:\/\/www.drivelife.it\/pics\/wp-content\/uploads\/2012\/05\/BMW-640d-Gran-Coupe_053-150x150.jpg\" class=\"attachment-thumbnail size-thumbnail\" alt=\"\" \/><\/a>\n\t\t\t<\/div><\/figure><figure class='gallery-item'>\n\t\t\t<div class='gallery-icon landscape'>\n\t\t\t\t<a href='https:\/\/www.drivelife.it\/pics\/2012\/05\/20\/bmw-serie-6-gran-coupe\/bmw-640d-gran-coupe-45\/'><img loading=\"lazy\" decoding=\"async\" width=\"150\" height=\"150\" src=\"https:\/\/www.drivelife.it\/pics\/wp-content\/uploads\/2012\/05\/BMW-640d-Gran-Coupe_054-150x150.jpg\" class=\"attachment-thumbnail size-thumbnail\" alt=\"\" \/><\/a>\n\t\t\t<\/div><\/figure><figure class='gallery-item'>\n\t\t\t<div class='gallery-icon landscape'>\n\t\t\t\t<a href='https:\/\/www.drivelife.it\/pics\/2012\/05\/20\/bmw-serie-6-gran-coupe\/bmw-640d-gran-coupe-46\/'><img loading=\"lazy\" decoding=\"async\" width=\"150\" height=\"150\" src=\"https:\/\/www.drivelife.it\/pics\/wp-content\/uploads\/2012\/05\/BMW-640d-Gran-Coupe_055-150x150.jpg\" class=\"attachment-thumbnail size-thumbnail\" alt=\"\" \/><\/a>\n\t\t\t<\/div><\/figure><figure class='gallery-item'>\n\t\t\t<div class='gallery-icon landscape'>\n\t\t\t\t<a href='https:\/\/www.drivelife.it\/pics\/2012\/05\/20\/bmw-serie-6-gran-coupe\/bmw-640d-gran-coupe-47\/'><img loading=\"lazy\" decoding=\"async\" width=\"150\" height=\"150\" src=\"https:\/\/www.drivelife.it\/pics\/wp-content\/uploads\/2012\/05\/BMW-640d-Gran-Coupe_056-150x150.jpg\" class=\"attachment-thumbnail size-thumbnail\" alt=\"\" \/><\/a>\n\t\t\t<\/div><\/figure><figure class='gallery-item'>\n\t\t\t<div class='gallery-icon landscape'>\n\t\t\t\t<a href='https:\/\/www.drivelife.it\/pics\/2012\/05\/20\/bmw-serie-6-gran-coupe\/bmw-640d-gran-coupe-48\/'><img loading=\"lazy\" decoding=\"async\" width=\"150\" height=\"150\" src=\"https:\/\/www.drivelife.it\/pics\/wp-content\/uploads\/2012\/05\/BMW-640d-Gran-Coupe_057-150x150.jpg\" class=\"attachment-thumbnail size-thumbnail\" alt=\"\" \/><\/a>\n\t\t\t<\/div><\/figure><figure class='gallery-item'>\n\t\t\t<div class='gallery-icon landscape'>\n\t\t\t\t<a href='https:\/\/www.drivelife.it\/pics\/2012\/05\/20\/bmw-serie-6-gran-coupe\/bmw-640d-gran-coupe-49\/'><img loading=\"lazy\" decoding=\"async\" width=\"150\" height=\"150\" src=\"https:\/\/www.drivelife.it\/pics\/wp-content\/uploads\/2012\/05\/BMW-640d-Gran-Coupe_058-150x150.jpg\" class=\"attachment-thumbnail size-thumbnail\" alt=\"\" \/><\/a>\n\t\t\t<\/div><\/figure><figure class='gallery-item'>\n\t\t\t<div class='gallery-icon landscape'>\n\t\t\t\t<a href='https:\/\/www.drivelife.it\/pics\/2012\/05\/20\/bmw-serie-6-gran-coupe\/bmw-640d-gran-coupe-50\/'><img loading=\"lazy\" decoding=\"async\" width=\"150\" height=\"150\" src=\"https:\/\/www.drivelife.it\/pics\/wp-content\/uploads\/2012\/05\/BMW-640d-Gran-Coupe_059-150x150.jpg\" class=\"attachment-thumbnail size-thumbnail\" alt=\"\" \/><\/a>\n\t\t\t<\/div><\/figure><figure class='gallery-item'>\n\t\t\t<div class='gallery-icon landscape'>\n\t\t\t\t<a href='https:\/\/www.drivelife.it\/pics\/2012\/05\/20\/bmw-serie-6-gran-coupe\/bmw-640d-gran-coupe-51\/'><img loading=\"lazy\" decoding=\"async\" width=\"150\" height=\"150\" src=\"https:\/\/www.drivelife.it\/pics\/wp-content\/uploads\/2012\/05\/BMW-640d-Gran-Coupe_060-150x150.jpg\" class=\"attachment-thumbnail size-thumbnail\" alt=\"\" \/><\/a>\n\t\t\t<\/div><\/figure><figure class='gallery-item'>\n\t\t\t<div class='gallery-icon landscape'>\n\t\t\t\t<a href='https:\/\/www.drivelife.it\/pics\/2012\/05\/20\/bmw-serie-6-gran-coupe\/bmw-640d-gran-coupe-52\/'><img loading=\"lazy\" decoding=\"async\" width=\"150\" height=\"150\" src=\"https:\/\/www.drivelife.it\/pics\/wp-content\/uploads\/2012\/05\/BMW-640d-Gran-Coupe_061-150x150.jpg\" class=\"attachment-thumbnail size-thumbnail\" alt=\"\" \/><\/a>\n\t\t\t<\/div><\/figure><figure class='gallery-item'>\n\t\t\t<div class='gallery-icon landscape'>\n\t\t\t\t<a href='https:\/\/www.drivelife.it\/pics\/2012\/05\/20\/bmw-serie-6-gran-coupe\/bmw-640d-gran-coupe-53\/'><img loading=\"lazy\" decoding=\"async\" width=\"150\" height=\"150\" src=\"https:\/\/www.drivelife.it\/pics\/wp-content\/uploads\/2012\/05\/BMW-640d-Gran-Coupe_062-150x150.jpg\" class=\"attachment-thumbnail size-thumbnail\" alt=\"\" \/><\/a>\n\t\t\t<\/div><\/figure><figure class='gallery-item'>\n\t\t\t<div class='gallery-icon landscape'>\n\t\t\t\t<a href='https:\/\/www.drivelife.it\/pics\/2012\/05\/20\/bmw-serie-6-gran-coupe\/bmw-640d-gran-coupe-54\/'><img loading=\"lazy\" decoding=\"async\" width=\"150\" height=\"150\" src=\"https:\/\/www.drivelife.it\/pics\/wp-content\/uploads\/2012\/05\/BMW-640d-Gran-Coupe_063-150x150.jpg\" class=\"attachment-thumbnail size-thumbnail\" alt=\"\" \/><\/a>\n\t\t\t<\/div><\/figure><figure class='gallery-item'>\n\t\t\t<div class='gallery-icon landscape'>\n\t\t\t\t<a href='https:\/\/www.drivelife.it\/pics\/2012\/05\/20\/bmw-serie-6-gran-coupe\/bmw-640d-gran-coupe-55\/'><img loading=\"lazy\" decoding=\"async\" width=\"150\" height=\"150\" src=\"https:\/\/www.drivelife.it\/pics\/wp-content\/uploads\/2012\/05\/BMW-640d-Gran-Coupe_064-150x150.jpg\" class=\"attachment-thumbnail size-thumbnail\" alt=\"\" \/><\/a>\n\t\t\t<\/div><\/figure><figure class='gallery-item'>\n\t\t\t<div class='gallery-icon landscape'>\n\t\t\t\t<a href='https:\/\/www.drivelife.it\/pics\/2012\/05\/20\/bmw-serie-6-gran-coupe\/bmw-640d-gran-coupe-56\/'><img loading=\"lazy\" decoding=\"async\" width=\"150\" height=\"150\" src=\"https:\/\/www.drivelife.it\/pics\/wp-content\/uploads\/2012\/05\/BMW-640d-Gran-Coupe_065-150x150.jpg\" class=\"attachment-thumbnail size-thumbnail\" alt=\"\" \/><\/a>\n\t\t\t<\/div><\/figure><figure class='gallery-item'>\n\t\t\t<div class='gallery-icon landscape'>\n\t\t\t\t<a href='https:\/\/www.drivelife.it\/pics\/2012\/05\/20\/bmw-serie-6-gran-coupe\/bmw-640d-gran-coupe-57\/'><img loading=\"lazy\" decoding=\"async\" width=\"150\" height=\"150\" src=\"https:\/\/www.drivelife.it\/pics\/wp-content\/uploads\/2012\/05\/BMW-640d-Gran-Coupe_066-150x150.jpg\" class=\"attachment-thumbnail size-thumbnail\" alt=\"\" \/><\/a>\n\t\t\t<\/div><\/figure><figure class='gallery-item'>\n\t\t\t<div class='gallery-icon landscape'>\n\t\t\t\t<a href='https:\/\/www.drivelife.it\/pics\/2012\/05\/20\/bmw-serie-6-gran-coupe\/bmw-640d-gran-coupe-58\/'><img loading=\"lazy\" decoding=\"async\" width=\"150\" height=\"150\" src=\"https:\/\/www.drivelife.it\/pics\/wp-content\/uploads\/2012\/05\/BMW-640d-Gran-Coupe_067-150x150.jpg\" class=\"attachment-thumbnail size-thumbnail\" alt=\"\" \/><\/a>\n\t\t\t<\/div><\/figure><figure class='gallery-item'>\n\t\t\t<div class='gallery-icon landscape'>\n\t\t\t\t<a href='https:\/\/www.drivelife.it\/pics\/2012\/05\/20\/bmw-serie-6-gran-coupe\/bmw-640d-gran-coupe-59\/'><img loading=\"lazy\" decoding=\"async\" width=\"150\" height=\"150\" src=\"https:\/\/www.drivelife.it\/pics\/wp-content\/uploads\/2012\/05\/BMW-640d-Gran-Coupe_068-150x150.jpg\" class=\"attachment-thumbnail size-thumbnail\" alt=\"\" \/><\/a>\n\t\t\t<\/div><\/figure><figure class='gallery-item'>\n\t\t\t<div class='gallery-icon portrait'>\n\t\t\t\t<a href='https:\/\/www.drivelife.it\/pics\/2012\/05\/20\/bmw-serie-6-gran-coupe\/bmw-640d-gran-coupe-60\/'><img loading=\"lazy\" decoding=\"async\" width=\"150\" height=\"150\" src=\"https:\/\/www.drivelife.it\/pics\/wp-content\/uploads\/2012\/05\/BMW-640d-Gran-Coupe_069-150x150.jpg\" class=\"attachment-thumbnail size-thumbnail\" alt=\"\" \/><\/a>\n\t\t\t<\/div><\/figure><figure class='gallery-item'>\n\t\t\t<div class='gallery-icon landscape'>\n\t\t\t\t<a href='https:\/\/www.drivelife.it\/pics\/2012\/05\/20\/bmw-serie-6-gran-coupe\/bmw-640d-gran-coupe-61\/'><img loading=\"lazy\" decoding=\"async\" width=\"150\" height=\"150\" src=\"https:\/\/www.drivelife.it\/pics\/wp-content\/uploads\/2012\/05\/BMW-640d-Gran-Coupe_070-150x150.jpg\" class=\"attachment-thumbnail size-thumbnail\" alt=\"\" \/><\/a>\n\t\t\t<\/div><\/figure><figure class='gallery-item'>\n\t\t\t<div class='gallery-icon landscape'>\n\t\t\t\t<a href='https:\/\/www.drivelife.it\/pics\/2012\/05\/20\/bmw-serie-6-gran-coupe\/bmw-640d-gran-coupe-62\/'><img loading=\"lazy\" decoding=\"async\" width=\"150\" height=\"150\" src=\"https:\/\/www.drivelife.it\/pics\/wp-content\/uploads\/2012\/05\/BMW-640d-Gran-Coupe_071-150x150.jpg\" class=\"attachment-thumbnail size-thumbnail\" alt=\"\" \/><\/a>\n\t\t\t<\/div><\/figure><figure class='gallery-item'>\n\t\t\t<div class='gallery-icon landscape'>\n\t\t\t\t<a href='https:\/\/www.drivelife.it\/pics\/2012\/05\/20\/bmw-serie-6-gran-coupe\/bmw-640d-gran-coupe-63\/'><img loading=\"lazy\" decoding=\"async\" width=\"150\" height=\"150\" src=\"https:\/\/www.drivelife.it\/pics\/wp-content\/uploads\/2012\/05\/BMW-640d-Gran-Coupe_072-150x150.jpg\" class=\"attachment-thumbnail size-thumbnail\" alt=\"\" \/><\/a>\n\t\t\t<\/div><\/figure><figure class='gallery-item'>\n\t\t\t<div class='gallery-icon landscape'>\n\t\t\t\t<a href='https:\/\/www.drivelife.it\/pics\/2012\/05\/20\/bmw-serie-6-gran-coupe\/bmw-640d-gran-coupe-64\/'><img loading=\"lazy\" decoding=\"async\" width=\"150\" height=\"150\" src=\"https:\/\/www.drivelife.it\/pics\/wp-content\/uploads\/2012\/05\/BMW-640d-Gran-Coupe_073-150x150.jpg\" class=\"attachment-thumbnail size-thumbnail\" alt=\"\" \/><\/a>\n\t\t\t<\/div><\/figure><figure class='gallery-item'>\n\t\t\t<div class='gallery-icon landscape'>\n\t\t\t\t<a href='https:\/\/www.drivelife.it\/pics\/2012\/05\/20\/bmw-serie-6-gran-coupe\/bmw-640d-gran-coupe-65\/'><img loading=\"lazy\" decoding=\"async\" width=\"150\" height=\"150\" src=\"https:\/\/www.drivelife.it\/pics\/wp-content\/uploads\/2012\/05\/BMW-640d-Gran-Coupe_074-150x150.jpg\" class=\"attachment-thumbnail size-thumbnail\" alt=\"\" \/><\/a>\n\t\t\t<\/div><\/figure><figure class='gallery-item'>\n\t\t\t<div class='gallery-icon landscape'>\n\t\t\t\t<a href='https:\/\/www.drivelife.it\/pics\/2012\/05\/20\/bmw-serie-6-gran-coupe\/bmw-640d-gran-coupe-66\/'><img loading=\"lazy\" decoding=\"async\" width=\"150\" height=\"150\" src=\"https:\/\/www.drivelife.it\/pics\/wp-content\/uploads\/2012\/05\/BMW-640d-Gran-Coupe_075-150x150.jpg\" class=\"attachment-thumbnail size-thumbnail\" alt=\"\" \/><\/a>\n\t\t\t<\/div><\/figure><figure class='gallery-item'>\n\t\t\t<div class='gallery-icon landscape'>\n\t\t\t\t<a href='https:\/\/www.drivelife.it\/pics\/2012\/05\/20\/bmw-serie-6-gran-coupe\/bmw-640d-gran-coupe-67\/'><img loading=\"lazy\" decoding=\"async\" width=\"150\" height=\"150\" src=\"https:\/\/www.drivelife.it\/pics\/wp-content\/uploads\/2012\/05\/BMW-640d-Gran-Coupe_076-150x150.jpg\" class=\"attachment-thumbnail size-thumbnail\" alt=\"\" \/><\/a>\n\t\t\t<\/div><\/figure><figure class='gallery-item'>\n\t\t\t<div class='gallery-icon landscape'>\n\t\t\t\t<a href='https:\/\/www.drivelife.it\/pics\/2012\/05\/20\/bmw-serie-6-gran-coupe\/bmw-640d-gran-coupe-68\/'><img loading=\"lazy\" decoding=\"async\" width=\"150\" height=\"150\" src=\"https:\/\/www.drivelife.it\/pics\/wp-content\/uploads\/2012\/05\/BMW-640d-Gran-Coupe_077-150x150.jpg\" class=\"attachment-thumbnail size-thumbnail\" alt=\"\" \/><\/a>\n\t\t\t<\/div><\/figure><figure class='gallery-item'>\n\t\t\t<div class='gallery-icon landscape'>\n\t\t\t\t<a href='https:\/\/www.drivelife.it\/pics\/2012\/05\/20\/bmw-serie-6-gran-coupe\/bmw-640d-gran-coupe-69\/'><img loading=\"lazy\" decoding=\"async\" width=\"150\" height=\"150\" src=\"https:\/\/www.drivelife.it\/pics\/wp-content\/uploads\/2012\/05\/BMW-640d-Gran-Coupe_078-150x150.jpg\" class=\"attachment-thumbnail size-thumbnail\" alt=\"\" \/><\/a>\n\t\t\t<\/div><\/figure><figure class='gallery-item'>\n\t\t\t<div class='gallery-icon landscape'>\n\t\t\t\t<a href='https:\/\/www.drivelife.it\/pics\/2012\/05\/20\/bmw-serie-6-gran-coupe\/bmw-640d-gran-coupe-70\/'><img loading=\"lazy\" decoding=\"async\" width=\"150\" height=\"150\" src=\"https:\/\/www.drivelife.it\/pics\/wp-content\/uploads\/2012\/05\/BMW-640d-Gran-Coupe_079-150x150.jpg\" class=\"attachment-thumbnail size-thumbnail\" alt=\"\" \/><\/a>\n\t\t\t<\/div><\/figure><figure class='gallery-item'>\n\t\t\t<div class='gallery-icon landscape'>\n\t\t\t\t<a href='https:\/\/www.drivelife.it\/pics\/2012\/05\/20\/bmw-serie-6-gran-coupe\/bmw-640d-gran-coupe-71\/'><img loading=\"lazy\" decoding=\"async\" width=\"150\" height=\"150\" src=\"https:\/\/www.drivelife.it\/pics\/wp-content\/uploads\/2012\/05\/BMW-640d-Gran-Coupe_080-150x150.jpg\" class=\"attachment-thumbnail size-thumbnail\" alt=\"\" \/><\/a>\n\t\t\t<\/div><\/figure><figure class='gallery-item'>\n\t\t\t<div class='gallery-icon landscape'>\n\t\t\t\t<a href='https:\/\/www.drivelife.it\/pics\/2012\/05\/20\/bmw-serie-6-gran-coupe\/bmw-640d-gran-coupe-72\/'><img loading=\"lazy\" decoding=\"async\" width=\"150\" height=\"150\" src=\"https:\/\/www.drivelife.it\/pics\/wp-content\/uploads\/2012\/05\/BMW-640d-Gran-Coupe_081-150x150.jpg\" class=\"attachment-thumbnail size-thumbnail\" alt=\"\" \/><\/a>\n\t\t\t<\/div><\/figure><figure class='gallery-item'>\n\t\t\t<div class='gallery-icon landscape'>\n\t\t\t\t<a href='https:\/\/www.drivelife.it\/pics\/2012\/05\/20\/bmw-serie-6-gran-coupe\/bmw-640d-gran-coupe-73\/'><img loading=\"lazy\" decoding=\"async\" width=\"150\" height=\"150\" src=\"https:\/\/www.drivelife.it\/pics\/wp-content\/uploads\/2012\/05\/BMW-640d-Gran-Coupe_082-150x150.jpg\" class=\"attachment-thumbnail size-thumbnail\" alt=\"\" \/><\/a>\n\t\t\t<\/div><\/figure><figure class='gallery-item'>\n\t\t\t<div class='gallery-icon landscape'>\n\t\t\t\t<a href='https:\/\/www.drivelife.it\/pics\/2012\/05\/20\/bmw-serie-6-gran-coupe\/bmw-640d-gran-coupe-74\/'><img loading=\"lazy\" decoding=\"async\" width=\"150\" height=\"150\" src=\"https:\/\/www.drivelife.it\/pics\/wp-content\/uploads\/2012\/05\/BMW-640d-Gran-Coupe_083-150x150.jpg\" class=\"attachment-thumbnail size-thumbnail\" alt=\"\" \/><\/a>\n\t\t\t<\/div><\/figure><figure class='gallery-item'>\n\t\t\t<div class='gallery-icon landscape'>\n\t\t\t\t<a href='https:\/\/www.drivelife.it\/pics\/2012\/05\/20\/bmw-serie-6-gran-coupe\/bmw-640d-gran-coupe-75\/'><img loading=\"lazy\" decoding=\"async\" width=\"150\" height=\"150\" src=\"https:\/\/www.drivelife.it\/pics\/wp-content\/uploads\/2012\/05\/BMW-640d-Gran-Coupe_084-150x150.jpg\" class=\"attachment-thumbnail size-thumbnail\" alt=\"\" \/><\/a>\n\t\t\t<\/div><\/figure><figure class='gallery-item'>\n\t\t\t<div class='gallery-icon landscape'>\n\t\t\t\t<a href='https:\/\/www.drivelife.it\/pics\/2012\/05\/20\/bmw-serie-6-gran-coupe\/bmw-640d-gran-coupe-76\/'><img loading=\"lazy\" decoding=\"async\" width=\"150\" height=\"150\" src=\"https:\/\/www.drivelife.it\/pics\/wp-content\/uploads\/2012\/05\/BMW-640d-Gran-Coupe_085-150x150.jpg\" class=\"attachment-thumbnail size-thumbnail\" alt=\"\" \/><\/a>\n\t\t\t<\/div><\/figure><figure class='gallery-item'>\n\t\t\t<div class='gallery-icon landscape'>\n\t\t\t\t<a href='https:\/\/www.drivelife.it\/pics\/2012\/05\/20\/bmw-serie-6-gran-coupe\/bmw-640d-gran-coupe-77\/'><img loading=\"lazy\" decoding=\"async\" width=\"150\" height=\"150\" src=\"https:\/\/www.drivelife.it\/pics\/wp-content\/uploads\/2012\/05\/BMW-640d-Gran-Coupe_086-150x150.jpg\" class=\"attachment-thumbnail size-thumbnail\" alt=\"\" \/><\/a>\n\t\t\t<\/div><\/figure><figure class='gallery-item'>\n\t\t\t<div class='gallery-icon landscape'>\n\t\t\t\t<a href='https:\/\/www.drivelife.it\/pics\/2012\/05\/20\/bmw-serie-6-gran-coupe\/bmw-640d-gran-coupe-78\/'><img loading=\"lazy\" decoding=\"async\" width=\"150\" height=\"150\" src=\"https:\/\/www.drivelife.it\/pics\/wp-content\/uploads\/2012\/05\/BMW-640d-Gran-Coupe_087-150x150.jpg\" class=\"attachment-thumbnail size-thumbnail\" alt=\"\" \/><\/a>\n\t\t\t<\/div><\/figure><figure class='gallery-item'>\n\t\t\t<div class='gallery-icon landscape'>\n\t\t\t\t<a href='https:\/\/www.drivelife.it\/pics\/2012\/05\/20\/bmw-serie-6-gran-coupe\/bmw-640d-gran-coupe-79\/'><img loading=\"lazy\" decoding=\"async\" width=\"150\" height=\"150\" src=\"https:\/\/www.drivelife.it\/pics\/wp-content\/uploads\/2012\/05\/BMW-640d-Gran-Coupe_088-150x150.jpg\" class=\"attachment-thumbnail size-thumbnail\" alt=\"\" \/><\/a>\n\t\t\t<\/div><\/figure><figure class='gallery-item'>\n\t\t\t<div class='gallery-icon landscape'>\n\t\t\t\t<a href='https:\/\/www.drivelife.it\/pics\/2012\/05\/20\/bmw-serie-6-gran-coupe\/bmw-640d-gran-coupe-80\/'><img loading=\"lazy\" decoding=\"async\" width=\"150\" height=\"150\" src=\"https:\/\/www.drivelife.it\/pics\/wp-content\/uploads\/2012\/05\/BMW-640d-Gran-Coupe_089-150x150.jpg\" class=\"attachment-thumbnail size-thumbnail\" alt=\"\" \/><\/a>\n\t\t\t<\/div><\/figure><figure class='gallery-item'>\n\t\t\t<div class='gallery-icon landscape'>\n\t\t\t\t<a href='https:\/\/www.drivelife.it\/pics\/2012\/05\/20\/bmw-serie-6-gran-coupe\/bmw-640d-gran-coupe-81\/'><img loading=\"lazy\" decoding=\"async\" width=\"150\" height=\"150\" src=\"https:\/\/www.drivelife.it\/pics\/wp-content\/uploads\/2012\/05\/BMW-640d-Gran-Coupe_090-150x150.jpg\" class=\"attachment-thumbnail size-thumbnail\" alt=\"\" \/><\/a>\n\t\t\t<\/div><\/figure><figure class='gallery-item'>\n\t\t\t<div class='gallery-icon landscape'>\n\t\t\t\t<a href='https:\/\/www.drivelife.it\/pics\/2012\/05\/20\/bmw-serie-6-gran-coupe\/bmw-640d-gran-coupe-82\/'><img loading=\"lazy\" decoding=\"async\" width=\"150\" height=\"150\" src=\"https:\/\/www.drivelife.it\/pics\/wp-content\/uploads\/2012\/05\/BMW-640d-Gran-Coupe_091-150x150.jpg\" class=\"attachment-thumbnail size-thumbnail\" alt=\"\" \/><\/a>\n\t\t\t<\/div><\/figure><figure class='gallery-item'>\n\t\t\t<div class='gallery-icon landscape'>\n\t\t\t\t<a href='https:\/\/www.drivelife.it\/pics\/2012\/05\/20\/bmw-serie-6-gran-coupe\/bmw-640d-gran-coupe-83\/'><img loading=\"lazy\" decoding=\"async\" width=\"150\" height=\"150\" src=\"https:\/\/www.drivelife.it\/pics\/wp-content\/uploads\/2012\/05\/BMW-640d-Gran-Coupe_092-150x150.jpg\" class=\"attachment-thumbnail size-thumbnail\" alt=\"\" \/><\/a>\n\t\t\t<\/div><\/figure><figure class='gallery-item'>\n\t\t\t<div class='gallery-icon landscape'>\n\t\t\t\t<a href='https:\/\/www.drivelife.it\/pics\/2012\/05\/20\/bmw-serie-6-gran-coupe\/bmw-640d-gran-coupe-84\/'><img loading=\"lazy\" decoding=\"async\" width=\"150\" height=\"150\" src=\"https:\/\/www.drivelife.it\/pics\/wp-content\/uploads\/2012\/05\/BMW-640d-Gran-Coupe_093-150x150.jpg\" class=\"attachment-thumbnail size-thumbnail\" alt=\"\" \/><\/a>\n\t\t\t<\/div><\/figure><figure class='gallery-item'>\n\t\t\t<div class='gallery-icon landscape'>\n\t\t\t\t<a href='https:\/\/www.drivelife.it\/pics\/2012\/05\/20\/bmw-serie-6-gran-coupe\/bmw-640d-gran-coupe-85\/'><img loading=\"lazy\" decoding=\"async\" width=\"150\" height=\"150\" src=\"https:\/\/www.drivelife.it\/pics\/wp-content\/uploads\/2012\/05\/BMW-640d-Gran-Coupe_094-150x150.jpg\" class=\"attachment-thumbnail size-thumbnail\" alt=\"\" \/><\/a>\n\t\t\t<\/div><\/figure><figure class='gallery-item'>\n\t\t\t<div class='gallery-icon landscape'>\n\t\t\t\t<a href='https:\/\/www.drivelife.it\/pics\/2012\/05\/20\/bmw-serie-6-gran-coupe\/bmw-640d-gran-coupe-86\/'><img loading=\"lazy\" decoding=\"async\" width=\"150\" height=\"150\" src=\"https:\/\/www.drivelife.it\/pics\/wp-content\/uploads\/2012\/05\/BMW-640d-Gran-Coupe_095-150x150.jpg\" class=\"attachment-thumbnail size-thumbnail\" alt=\"\" \/><\/a>\n\t\t\t<\/div><\/figure><figure class='gallery-item'>\n\t\t\t<div class='gallery-icon landscape'>\n\t\t\t\t<a href='https:\/\/www.drivelife.it\/pics\/2012\/05\/20\/bmw-serie-6-gran-coupe\/bmw-640d-gran-coupe-87\/'><img loading=\"lazy\" decoding=\"async\" width=\"150\" height=\"150\" src=\"https:\/\/www.drivelife.it\/pics\/wp-content\/uploads\/2012\/05\/BMW-640d-Gran-Coupe_096-150x150.jpg\" class=\"attachment-thumbnail size-thumbnail\" alt=\"\" \/><\/a>\n\t\t\t<\/div><\/figure><figure class='gallery-item'>\n\t\t\t<div class='gallery-icon landscape'>\n\t\t\t\t<a href='https:\/\/www.drivelife.it\/pics\/2012\/05\/20\/bmw-serie-6-gran-coupe\/bmw-640d-gran-coupe-88\/'><img loading=\"lazy\" decoding=\"async\" width=\"150\" height=\"150\" src=\"https:\/\/www.drivelife.it\/pics\/wp-content\/uploads\/2012\/05\/BMW-640d-Gran-Coupe_097-150x150.jpg\" class=\"attachment-thumbnail size-thumbnail\" alt=\"\" \/><\/a>\n\t\t\t<\/div><\/figure><figure class='gallery-item'>\n\t\t\t<div class='gallery-icon landscape'>\n\t\t\t\t<a href='https:\/\/www.drivelife.it\/pics\/2012\/05\/20\/bmw-serie-6-gran-coupe\/bmw-640d-gran-coupe-89\/'><img loading=\"lazy\" decoding=\"async\" width=\"150\" height=\"150\" src=\"https:\/\/www.drivelife.it\/pics\/wp-content\/uploads\/2012\/05\/BMW-640d-Gran-Coupe_098-150x150.jpg\" class=\"attachment-thumbnail size-thumbnail\" alt=\"\" \/><\/a>\n\t\t\t<\/div><\/figure><figure class='gallery-item'>\n\t\t\t<div class='gallery-icon landscape'>\n\t\t\t\t<a href='https:\/\/www.drivelife.it\/pics\/2012\/05\/20\/bmw-serie-6-gran-coupe\/bmw-640d-gran-coupe-90\/'><img loading=\"lazy\" decoding=\"async\" width=\"150\" height=\"150\" src=\"https:\/\/www.drivelife.it\/pics\/wp-content\/uploads\/2012\/05\/BMW-640d-Gran-Coupe_099-150x150.jpg\" class=\"attachment-thumbnail size-thumbnail\" alt=\"\" \/><\/a>\n\t\t\t<\/div><\/figure><figure class='gallery-item'>\n\t\t\t<div class='gallery-icon landscape'>\n\t\t\t\t<a href='https:\/\/www.drivelife.it\/pics\/2012\/05\/20\/bmw-serie-6-gran-coupe\/bmw-640d-gran-coupe-91\/'><img loading=\"lazy\" decoding=\"async\" width=\"150\" height=\"150\" src=\"https:\/\/www.drivelife.it\/pics\/wp-content\/uploads\/2012\/05\/BMW-640d-Gran-Coupe_100-150x150.jpg\" class=\"attachment-thumbnail size-thumbnail\" alt=\"\" \/><\/a>\n\t\t\t<\/div><\/figure><figure class='gallery-item'>\n\t\t\t<div class='gallery-icon landscape'>\n\t\t\t\t<a href='https:\/\/www.drivelife.it\/pics\/2012\/05\/20\/bmw-serie-6-gran-coupe\/bmw-640d-gran-coupe-92\/'><img loading=\"lazy\" decoding=\"async\" width=\"150\" height=\"150\" src=\"https:\/\/www.drivelife.it\/pics\/wp-content\/uploads\/2012\/05\/BMW-640d-Gran-Coupe_101-150x150.jpg\" class=\"attachment-thumbnail size-thumbnail\" alt=\"\" \/><\/a>\n\t\t\t<\/div><\/figure><figure class='gallery-item'>\n\t\t\t<div class='gallery-icon landscape'>\n\t\t\t\t<a href='https:\/\/www.drivelife.it\/pics\/2012\/05\/20\/bmw-serie-6-gran-coupe\/bmw-640d-gran-coupe-93\/'><img loading=\"lazy\" decoding=\"async\" width=\"150\" height=\"150\" src=\"https:\/\/www.drivelife.it\/pics\/wp-content\/uploads\/2012\/05\/BMW-640d-Gran-Coupe_102-150x150.jpg\" class=\"attachment-thumbnail size-thumbnail\" alt=\"\" \/><\/a>\n\t\t\t<\/div><\/figure><figure class='gallery-item'>\n\t\t\t<div class='gallery-icon landscape'>\n\t\t\t\t<a href='https:\/\/www.drivelife.it\/pics\/2012\/05\/20\/bmw-serie-6-gran-coupe\/bmw-640d-gran-coupe-94\/'><img loading=\"lazy\" decoding=\"async\" width=\"150\" height=\"150\" src=\"https:\/\/www.drivelife.it\/pics\/wp-content\/uploads\/2012\/05\/BMW-640d-Gran-Coupe_103-150x150.jpg\" class=\"attachment-thumbnail size-thumbnail\" alt=\"\" \/><\/a>\n\t\t\t<\/div><\/figure><figure class='gallery-item'>\n\t\t\t<div class='gallery-icon landscape'>\n\t\t\t\t<a href='https:\/\/www.drivelife.it\/pics\/2012\/05\/20\/bmw-serie-6-gran-coupe\/bmw-640d-gran-coupe-95\/'><img loading=\"lazy\" decoding=\"async\" width=\"150\" height=\"150\" src=\"https:\/\/www.drivelife.it\/pics\/wp-content\/uploads\/2012\/05\/BMW-640d-Gran-Coupe_104-150x150.jpg\" class=\"attachment-thumbnail size-thumbnail\" alt=\"\" \/><\/a>\n\t\t\t<\/div><\/figure><figure class='gallery-item'>\n\t\t\t<div class='gallery-icon landscape'>\n\t\t\t\t<a href='https:\/\/www.drivelife.it\/pics\/2012\/05\/20\/bmw-serie-6-gran-coupe\/bmw-640d-gran-coupe-96\/'><img loading=\"lazy\" decoding=\"async\" width=\"150\" height=\"150\" src=\"https:\/\/www.drivelife.it\/pics\/wp-content\/uploads\/2012\/05\/BMW-640d-Gran-Coupe_105-150x150.jpg\" class=\"attachment-thumbnail size-thumbnail\" alt=\"\" \/><\/a>\n\t\t\t<\/div><\/figure><figure class='gallery-item'>\n\t\t\t<div class='gallery-icon landscape'>\n\t\t\t\t<a href='https:\/\/www.drivelife.it\/pics\/2012\/05\/20\/bmw-serie-6-gran-coupe\/bmw-640d-gran-coupe-97\/'><img loading=\"lazy\" decoding=\"async\" width=\"150\" height=\"150\" src=\"https:\/\/www.drivelife.it\/pics\/wp-content\/uploads\/2012\/05\/BMW-640d-Gran-Coupe_106-150x150.jpg\" class=\"attachment-thumbnail size-thumbnail\" alt=\"\" \/><\/a>\n\t\t\t<\/div><\/figure><figure class='gallery-item'>\n\t\t\t<div class='gallery-icon landscape'>\n\t\t\t\t<a href='https:\/\/www.drivelife.it\/pics\/2012\/05\/20\/bmw-serie-6-gran-coupe\/bmw-640d-gran-coupe-98\/'><img loading=\"lazy\" decoding=\"async\" width=\"150\" height=\"150\" src=\"https:\/\/www.drivelife.it\/pics\/wp-content\/uploads\/2012\/05\/BMW-640d-Gran-Coupe_107-150x150.jpg\" class=\"attachment-thumbnail size-thumbnail\" alt=\"\" \/><\/a>\n\t\t\t<\/div><\/figure><figure class='gallery-item'>\n\t\t\t<div class='gallery-icon landscape'>\n\t\t\t\t<a href='https:\/\/www.drivelife.it\/pics\/2012\/05\/20\/bmw-serie-6-gran-coupe\/bmw-640d-gran-coupe-99\/'><img loading=\"lazy\" decoding=\"async\" width=\"150\" height=\"150\" src=\"https:\/\/www.drivelife.it\/pics\/wp-content\/uploads\/2012\/05\/BMW-640d-Gran-Coupe_108-150x150.jpg\" class=\"attachment-thumbnail size-thumbnail\" alt=\"\" \/><\/a>\n\t\t\t<\/div><\/figure><figure class='gallery-item'>\n\t\t\t<div class='gallery-icon landscape'>\n\t\t\t\t<a href='https:\/\/www.drivelife.it\/pics\/2012\/05\/20\/bmw-serie-6-gran-coupe\/bmw-640d-gran-coupe-100\/'><img loading=\"lazy\" decoding=\"async\" width=\"150\" height=\"150\" src=\"https:\/\/www.drivelife.it\/pics\/wp-content\/uploads\/2012\/05\/BMW-640d-Gran-Coupe_109-150x150.jpg\" class=\"attachment-thumbnail size-thumbnail\" alt=\"\" \/><\/a>\n\t\t\t<\/div><\/figure><figure class='gallery-item'>\n\t\t\t<div class='gallery-icon landscape'>\n\t\t\t\t<a href='https:\/\/www.drivelife.it\/pics\/2012\/05\/20\/bmw-serie-6-gran-coupe\/bmw-640d-gran-coupe-101\/'><img loading=\"lazy\" decoding=\"async\" width=\"150\" height=\"150\" src=\"https:\/\/www.drivelife.it\/pics\/wp-content\/uploads\/2012\/05\/BMW-640d-Gran-Coupe_110-150x150.jpg\" class=\"attachment-thumbnail size-thumbnail\" alt=\"\" \/><\/a>\n\t\t\t<\/div><\/figure><figure class='gallery-item'>\n\t\t\t<div class='gallery-icon landscape'>\n\t\t\t\t<a href='https:\/\/www.drivelife.it\/pics\/2012\/05\/20\/bmw-serie-6-gran-coupe\/bmw-640d-gran-coupe-102\/'><img loading=\"lazy\" decoding=\"async\" width=\"150\" height=\"150\" src=\"https:\/\/www.drivelife.it\/pics\/wp-content\/uploads\/2012\/05\/BMW-640d-Gran-Coupe_111-150x150.jpg\" class=\"attachment-thumbnail size-thumbnail\" alt=\"\" \/><\/a>\n\t\t\t<\/div><\/figure><figure class='gallery-item'>\n\t\t\t<div class='gallery-icon landscape'>\n\t\t\t\t<a href='https:\/\/www.drivelife.it\/pics\/2012\/05\/20\/bmw-serie-6-gran-coupe\/bmw-640d-gran-coupe-103\/'><img loading=\"lazy\" decoding=\"async\" width=\"150\" height=\"150\" src=\"https:\/\/www.drivelife.it\/pics\/wp-content\/uploads\/2012\/05\/BMW-640d-Gran-Coupe_112-150x150.jpg\" class=\"attachment-thumbnail size-thumbnail\" alt=\"\" \/><\/a>\n\t\t\t<\/div><\/figure><figure class='gallery-item'>\n\t\t\t<div class='gallery-icon landscape'>\n\t\t\t\t<a href='https:\/\/www.drivelife.it\/pics\/2012\/05\/20\/bmw-serie-6-gran-coupe\/bmw-640d-gran-coupe_bmw-640i-gran-coupe\/'><img loading=\"lazy\" decoding=\"async\" width=\"150\" height=\"150\" src=\"https:\/\/www.drivelife.it\/pics\/wp-content\/uploads\/2012\/05\/BMW-640d-Gran-Coupe_BMW-640i-Gran-Coupe_157-150x150.jpg\" class=\"attachment-thumbnail size-thumbnail\" alt=\"\" \/><\/a>\n\t\t\t<\/div><\/figure><figure class='gallery-item'>\n\t\t\t<div class='gallery-icon landscape'>\n\t\t\t\t<a href='https:\/\/www.drivelife.it\/pics\/2012\/05\/20\/bmw-serie-6-gran-coupe\/bmw-640d-gran-coupe_bmw-640i-gran-coupe-2\/'><img loading=\"lazy\" decoding=\"async\" width=\"150\" height=\"150\" src=\"https:\/\/www.drivelife.it\/pics\/wp-content\/uploads\/2012\/05\/BMW-640d-Gran-Coupe_BMW-640i-Gran-Coupe_158-150x150.jpg\" class=\"attachment-thumbnail size-thumbnail\" alt=\"\" \/><\/a>\n\t\t\t<\/div><\/figure><figure class='gallery-item'>\n\t\t\t<div class='gallery-icon landscape'>\n\t\t\t\t<a href='https:\/\/www.drivelife.it\/pics\/2012\/05\/20\/bmw-serie-6-gran-coupe\/bmw-640d-gran-coupe_bmw-640i-gran-coupe-3\/'><img loading=\"lazy\" decoding=\"async\" width=\"150\" height=\"150\" src=\"https:\/\/www.drivelife.it\/pics\/wp-content\/uploads\/2012\/05\/BMW-640d-Gran-Coupe_BMW-640i-Gran-Coupe_159-150x150.jpg\" class=\"attachment-thumbnail size-thumbnail\" alt=\"\" \/><\/a>\n\t\t\t<\/div><\/figure><figure class='gallery-item'>\n\t\t\t<div class='gallery-icon landscape'>\n\t\t\t\t<a href='https:\/\/www.drivelife.it\/pics\/2012\/05\/20\/bmw-serie-6-gran-coupe\/bmw-640i-gran-coupe\/'><img loading=\"lazy\" decoding=\"async\" width=\"150\" height=\"150\" src=\"https:\/\/www.drivelife.it\/pics\/wp-content\/uploads\/2012\/05\/BMW-640i-Gran-Coupe_188-150x150.jpg\" class=\"attachment-thumbnail size-thumbnail\" alt=\"\" \/><\/a>\n\t\t\t<\/div><\/figure><figure class='gallery-item'>\n\t\t\t<div class='gallery-icon landscape'>\n\t\t\t\t<a href='https:\/\/www.drivelife.it\/pics\/2012\/05\/20\/bmw-serie-6-gran-coupe\/bmw-640i-gran-coupe-2\/'><img loading=\"lazy\" decoding=\"async\" width=\"150\" height=\"150\" src=\"https:\/\/www.drivelife.it\/pics\/wp-content\/uploads\/2012\/05\/BMW-640i-Gran-Coupe_189-150x150.jpg\" class=\"attachment-thumbnail size-thumbnail\" alt=\"\" \/><\/a>\n\t\t\t<\/div><\/figure><figure class='gallery-item'>\n\t\t\t<div class='gallery-icon landscape'>\n\t\t\t\t<a href='https:\/\/www.drivelife.it\/pics\/2012\/05\/20\/bmw-serie-6-gran-coupe\/bmw-640i-gran-coupe-3\/'><img loading=\"lazy\" decoding=\"async\" width=\"150\" height=\"150\" src=\"https:\/\/www.drivelife.it\/pics\/wp-content\/uploads\/2012\/05\/BMW-640i-Gran-Coupe_190-150x150.jpg\" class=\"attachment-thumbnail size-thumbnail\" alt=\"\" \/><\/a>\n\t\t\t<\/div><\/figure><figure class='gallery-item'>\n\t\t\t<div class='gallery-icon landscape'>\n\t\t\t\t<a href='https:\/\/www.drivelife.it\/pics\/2012\/05\/20\/bmw-serie-6-gran-coupe\/bmw-640i-gran-coupe-4\/'><img loading=\"lazy\" decoding=\"async\" width=\"150\" height=\"150\" src=\"https:\/\/www.drivelife.it\/pics\/wp-content\/uploads\/2012\/05\/BMW-640i-Gran-Coupe_191-150x150.jpg\" class=\"attachment-thumbnail size-thumbnail\" alt=\"\" \/><\/a>\n\t\t\t<\/div><\/figure><figure class='gallery-item'>\n\t\t\t<div class='gallery-icon landscape'>\n\t\t\t\t<a href='https:\/\/www.drivelife.it\/pics\/2012\/05\/20\/bmw-serie-6-gran-coupe\/bmw-640i-gran-coupe-5\/'><img loading=\"lazy\" decoding=\"async\" width=\"150\" height=\"150\" src=\"https:\/\/www.drivelife.it\/pics\/wp-content\/uploads\/2012\/05\/BMW-640i-Gran-Coupe_192-150x150.jpg\" class=\"attachment-thumbnail size-thumbnail\" alt=\"\" \/><\/a>\n\t\t\t<\/div><\/figure><figure class='gallery-item'>\n\t\t\t<div class='gallery-icon landscape'>\n\t\t\t\t<a href='https:\/\/www.drivelife.it\/pics\/2012\/05\/20\/bmw-serie-6-gran-coupe\/bmw-640i-gran-coupe-6\/'><img loading=\"lazy\" decoding=\"async\" width=\"150\" height=\"150\" src=\"https:\/\/www.drivelife.it\/pics\/wp-content\/uploads\/2012\/05\/BMW-640i-Gran-Coupe_193-150x150.jpg\" class=\"attachment-thumbnail size-thumbnail\" alt=\"\" \/><\/a>\n\t\t\t<\/div><\/figure><figure class='gallery-item'>\n\t\t\t<div class='gallery-icon landscape'>\n\t\t\t\t<a href='https:\/\/www.drivelife.it\/pics\/2012\/05\/20\/bmw-serie-6-gran-coupe\/bmw-640i-gran-coupe-7\/'><img loading=\"lazy\" decoding=\"async\" width=\"150\" height=\"150\" src=\"https:\/\/www.drivelife.it\/pics\/wp-content\/uploads\/2012\/05\/BMW-640i-Gran-Coupe_194-150x150.jpg\" class=\"attachment-thumbnail size-thumbnail\" alt=\"\" \/><\/a>\n\t\t\t<\/div><\/figure><figure class='gallery-item'>\n\t\t\t<div class='gallery-icon landscape'>\n\t\t\t\t<a href='https:\/\/www.drivelife.it\/pics\/2012\/05\/20\/bmw-serie-6-gran-coupe\/bmw-640i-gran-coupe-8\/'><img loading=\"lazy\" decoding=\"async\" width=\"150\" height=\"150\" src=\"https:\/\/www.drivelife.it\/pics\/wp-content\/uploads\/2012\/05\/BMW-640i-Gran-Coupe_195-150x150.jpg\" class=\"attachment-thumbnail size-thumbnail\" alt=\"\" \/><\/a>\n\t\t\t<\/div><\/figure><figure class='gallery-item'>\n\t\t\t<div class='gallery-icon landscape'>\n\t\t\t\t<a href='https:\/\/www.drivelife.it\/pics\/2012\/05\/20\/bmw-serie-6-gran-coupe\/bmw-640i-gran-coupe-9\/'><img loading=\"lazy\" decoding=\"async\" width=\"150\" height=\"150\" src=\"https:\/\/www.drivelife.it\/pics\/wp-content\/uploads\/2012\/05\/BMW-640i-Gran-Coupe_196-150x150.jpg\" class=\"attachment-thumbnail size-thumbnail\" alt=\"\" \/><\/a>\n\t\t\t<\/div><\/figure><figure class='gallery-item'>\n\t\t\t<div class='gallery-icon landscape'>\n\t\t\t\t<a href='https:\/\/www.drivelife.it\/pics\/2012\/05\/20\/bmw-serie-6-gran-coupe\/bmw-640i-gran-coupe-10\/'><img loading=\"lazy\" decoding=\"async\" width=\"150\" height=\"150\" src=\"https:\/\/www.drivelife.it\/pics\/wp-content\/uploads\/2012\/05\/BMW-640i-Gran-Coupe_197-150x150.jpg\" class=\"attachment-thumbnail size-thumbnail\" alt=\"\" \/><\/a>\n\t\t\t<\/div><\/figure><figure class='gallery-item'>\n\t\t\t<div class='gallery-icon landscape'>\n\t\t\t\t<a href='https:\/\/www.drivelife.it\/pics\/2012\/05\/20\/bmw-serie-6-gran-coupe\/bmw-640i-gran-coupe-11\/'><img loading=\"lazy\" decoding=\"async\" width=\"150\" height=\"150\" src=\"https:\/\/www.drivelife.it\/pics\/wp-content\/uploads\/2012\/05\/BMW-640i-Gran-Coupe_198-150x150.jpg\" class=\"attachment-thumbnail size-thumbnail\" alt=\"\" \/><\/a>\n\t\t\t<\/div><\/figure><figure class='gallery-item'>\n\t\t\t<div class='gallery-icon landscape'>\n\t\t\t\t<a href='https:\/\/www.drivelife.it\/pics\/2012\/05\/20\/bmw-serie-6-gran-coupe\/bmw-640i-gran-coupe-12\/'><img loading=\"lazy\" decoding=\"async\" width=\"150\" height=\"150\" src=\"https:\/\/www.drivelife.it\/pics\/wp-content\/uploads\/2012\/05\/BMW-640i-Gran-Coupe_199-150x150.jpg\" class=\"attachment-thumbnail size-thumbnail\" alt=\"\" \/><\/a>\n\t\t\t<\/div><\/figure><figure class='gallery-item'>\n\t\t\t<div class='gallery-icon landscape'>\n\t\t\t\t<a href='https:\/\/www.drivelife.it\/pics\/2012\/05\/20\/bmw-serie-6-gran-coupe\/bmw-640i-gran-coupe-13\/'><img loading=\"lazy\" decoding=\"async\" width=\"150\" height=\"150\" src=\"https:\/\/www.drivelife.it\/pics\/wp-content\/uploads\/2012\/05\/BMW-640i-Gran-Coupe_200-150x150.jpg\" class=\"attachment-thumbnail size-thumbnail\" alt=\"\" \/><\/a>\n\t\t\t<\/div><\/figure><figure class='gallery-item'>\n\t\t\t<div class='gallery-icon landscape'>\n\t\t\t\t<a href='https:\/\/www.drivelife.it\/pics\/2012\/05\/20\/bmw-serie-6-gran-coupe\/bmw-640i-gran-coupe-14\/'><img loading=\"lazy\" decoding=\"async\" width=\"150\" height=\"150\" src=\"https:\/\/www.drivelife.it\/pics\/wp-content\/uploads\/2012\/05\/BMW-640i-Gran-Coupe_201-150x150.jpg\" class=\"attachment-thumbnail size-thumbnail\" alt=\"\" \/><\/a>\n\t\t\t<\/div><\/figure><figure class='gallery-item'>\n\t\t\t<div class='gallery-icon landscape'>\n\t\t\t\t<a href='https:\/\/www.drivelife.it\/pics\/2012\/05\/20\/bmw-serie-6-gran-coupe\/bmw-640i-gran-coupe-15\/'><img loading=\"lazy\" decoding=\"async\" width=\"150\" height=\"150\" src=\"https:\/\/www.drivelife.it\/pics\/wp-content\/uploads\/2012\/05\/BMW-640i-Gran-Coupe_202-150x150.jpg\" class=\"attachment-thumbnail size-thumbnail\" alt=\"\" \/><\/a>\n\t\t\t<\/div><\/figure><figure class='gallery-item'>\n\t\t\t<div class='gallery-icon landscape'>\n\t\t\t\t<a href='https:\/\/www.drivelife.it\/pics\/2012\/05\/20\/bmw-serie-6-gran-coupe\/bmw-640i-gran-coupe-16\/'><img loading=\"lazy\" decoding=\"async\" width=\"150\" height=\"150\" src=\"https:\/\/www.drivelife.it\/pics\/wp-content\/uploads\/2012\/05\/BMW-640i-Gran-Coupe_203-150x150.jpg\" class=\"attachment-thumbnail size-thumbnail\" alt=\"\" \/><\/a>\n\t\t\t<\/div><\/figure><figure class='gallery-item'>\n\t\t\t<div class='gallery-icon landscape'>\n\t\t\t\t<a href='https:\/\/www.drivelife.it\/pics\/2012\/05\/20\/bmw-serie-6-gran-coupe\/bmw-640i-gran-coupe-17\/'><img loading=\"lazy\" decoding=\"async\" width=\"150\" height=\"150\" src=\"https:\/\/www.drivelife.it\/pics\/wp-content\/uploads\/2012\/05\/BMW-640i-Gran-Coupe_204-150x150.jpg\" class=\"attachment-thumbnail size-thumbnail\" alt=\"\" \/><\/a>\n\t\t\t<\/div><\/figure><figure class='gallery-item'>\n\t\t\t<div class='gallery-icon landscape'>\n\t\t\t\t<a href='https:\/\/www.drivelife.it\/pics\/2012\/05\/20\/bmw-serie-6-gran-coupe\/bmw-640i-gran-coupe-18\/'><img loading=\"lazy\" decoding=\"async\" width=\"150\" height=\"150\" src=\"https:\/\/www.drivelife.it\/pics\/wp-content\/uploads\/2012\/05\/BMW-640i-Gran-Coupe_205-150x150.jpg\" class=\"attachment-thumbnail size-thumbnail\" alt=\"\" \/><\/a>\n\t\t\t<\/div><\/figure><figure class='gallery-item'>\n\t\t\t<div class='gallery-icon landscape'>\n\t\t\t\t<a href='https:\/\/www.drivelife.it\/pics\/2012\/05\/20\/bmw-serie-6-gran-coupe\/bmw-640i-gran-coupe-19\/'><img loading=\"lazy\" decoding=\"async\" width=\"150\" height=\"150\" src=\"https:\/\/www.drivelife.it\/pics\/wp-content\/uploads\/2012\/05\/BMW-640i-Gran-Coupe_206-150x150.jpg\" class=\"attachment-thumbnail size-thumbnail\" alt=\"\" \/><\/a>\n\t\t\t<\/div><\/figure><figure class='gallery-item'>\n\t\t\t<div class='gallery-icon landscape'>\n\t\t\t\t<a href='https:\/\/www.drivelife.it\/pics\/2012\/05\/20\/bmw-serie-6-gran-coupe\/bmw-640i-gran-coupe-20\/'><img loading=\"lazy\" decoding=\"async\" width=\"150\" height=\"150\" src=\"https:\/\/www.drivelife.it\/pics\/wp-content\/uploads\/2012\/05\/BMW-640i-Gran-Coupe_207-150x150.jpg\" class=\"attachment-thumbnail size-thumbnail\" alt=\"\" \/><\/a>\n\t\t\t<\/div><\/figure><figure class='gallery-item'>\n\t\t\t<div class='gallery-icon landscape'>\n\t\t\t\t<a href='https:\/\/www.drivelife.it\/pics\/2012\/05\/20\/bmw-serie-6-gran-coupe\/bmw-640i-gran-coupe-21\/'><img loading=\"lazy\" decoding=\"async\" width=\"150\" height=\"150\" src=\"https:\/\/www.drivelife.it\/pics\/wp-content\/uploads\/2012\/05\/BMW-640i-Gran-Coupe_208-150x150.jpg\" class=\"attachment-thumbnail size-thumbnail\" alt=\"\" \/><\/a>\n\t\t\t<\/div><\/figure><figure class='gallery-item'>\n\t\t\t<div class='gallery-icon landscape'>\n\t\t\t\t<a href='https:\/\/www.drivelife.it\/pics\/2012\/05\/20\/bmw-serie-6-gran-coupe\/bmw-640i-gran-coupe-22\/'><img loading=\"lazy\" decoding=\"async\" width=\"150\" height=\"150\" src=\"https:\/\/www.drivelife.it\/pics\/wp-content\/uploads\/2012\/05\/BMW-640i-Gran-Coupe_209-150x150.jpg\" class=\"attachment-thumbnail size-thumbnail\" alt=\"\" \/><\/a>\n\t\t\t<\/div><\/figure><figure class='gallery-item'>\n\t\t\t<div class='gallery-icon landscape'>\n\t\t\t\t<a href='https:\/\/www.drivelife.it\/pics\/2012\/05\/20\/bmw-serie-6-gran-coupe\/bmw-640i-gran-coupe-23\/'><img loading=\"lazy\" decoding=\"async\" width=\"150\" height=\"150\" src=\"https:\/\/www.drivelife.it\/pics\/wp-content\/uploads\/2012\/05\/BMW-640i-Gran-Coupe_210-150x150.jpg\" class=\"attachment-thumbnail size-thumbnail\" alt=\"\" \/><\/a>\n\t\t\t<\/div><\/figure><figure class='gallery-item'>\n\t\t\t<div class='gallery-icon landscape'>\n\t\t\t\t<a href='https:\/\/www.drivelife.it\/pics\/2012\/05\/20\/bmw-serie-6-gran-coupe\/bmw-640i-gran-coupe-24\/'><img loading=\"lazy\" decoding=\"async\" width=\"150\" height=\"150\" src=\"https:\/\/www.drivelife.it\/pics\/wp-content\/uploads\/2012\/05\/BMW-640i-Gran-Coupe_211-150x150.jpg\" class=\"attachment-thumbnail size-thumbnail\" alt=\"\" \/><\/a>\n\t\t\t<\/div><\/figure><figure class='gallery-item'>\n\t\t\t<div class='gallery-icon landscape'>\n\t\t\t\t<a href='https:\/\/www.drivelife.it\/pics\/2012\/05\/20\/bmw-serie-6-gran-coupe\/bmw-640i-gran-coupe-25\/'><img loading=\"lazy\" decoding=\"async\" width=\"150\" height=\"150\" src=\"https:\/\/www.drivelife.it\/pics\/wp-content\/uploads\/2012\/05\/BMW-640i-Gran-Coupe_212-150x150.jpg\" class=\"attachment-thumbnail size-thumbnail\" alt=\"\" \/><\/a>\n\t\t\t<\/div><\/figure><figure class='gallery-item'>\n\t\t\t<div class='gallery-icon landscape'>\n\t\t\t\t<a href='https:\/\/www.drivelife.it\/pics\/2012\/05\/20\/bmw-serie-6-gran-coupe\/bmw-640i-gran-coupe-26\/'><img loading=\"lazy\" decoding=\"async\" width=\"150\" height=\"150\" src=\"https:\/\/www.drivelife.it\/pics\/wp-content\/uploads\/2012\/05\/BMW-640i-Gran-Coupe_213-150x150.jpg\" class=\"attachment-thumbnail size-thumbnail\" alt=\"\" \/><\/a>\n\t\t\t<\/div><\/figure><figure class='gallery-item'>\n\t\t\t<div class='gallery-icon landscape'>\n\t\t\t\t<a href='https:\/\/www.drivelife.it\/pics\/2012\/05\/20\/bmw-serie-6-gran-coupe\/bmw-640i-gran-coupe-27\/'><img loading=\"lazy\" decoding=\"async\" width=\"150\" height=\"150\" src=\"https:\/\/www.drivelife.it\/pics\/wp-content\/uploads\/2012\/05\/BMW-640i-Gran-Coupe_214-150x150.jpg\" class=\"attachment-thumbnail size-thumbnail\" alt=\"\" \/><\/a>\n\t\t\t<\/div><\/figure><figure class='gallery-item'>\n\t\t\t<div class='gallery-icon portrait'>\n\t\t\t\t<a href='https:\/\/www.drivelife.it\/pics\/2012\/05\/20\/bmw-serie-6-gran-coupe\/bmw-640i-gran-coupe-28\/'><img loading=\"lazy\" decoding=\"async\" width=\"150\" height=\"150\" src=\"https:\/\/www.drivelife.it\/pics\/wp-content\/uploads\/2012\/05\/BMW-640i-Gran-Coupe_215-150x150.jpg\" class=\"attachment-thumbnail size-thumbnail\" alt=\"\" \/><\/a>\n\t\t\t<\/div><\/figure><figure class='gallery-item'>\n\t\t\t<div class='gallery-icon landscape'>\n\t\t\t\t<a href='https:\/\/www.drivelife.it\/pics\/2012\/05\/20\/bmw-serie-6-gran-coupe\/bmw-640i-gran-coupe-29\/'><img loading=\"lazy\" decoding=\"async\" width=\"150\" height=\"150\" src=\"https:\/\/www.drivelife.it\/pics\/wp-content\/uploads\/2012\/05\/BMW-640i-Gran-Coupe_216-150x150.jpg\" class=\"attachment-thumbnail size-thumbnail\" alt=\"\" \/><\/a>\n\t\t\t<\/div><\/figure><figure class='gallery-item'>\n\t\t\t<div class='gallery-icon landscape'>\n\t\t\t\t<a href='https:\/\/www.drivelife.it\/pics\/2012\/05\/20\/bmw-serie-6-gran-coupe\/bmw-640i-gran-coupe-30\/'><img loading=\"lazy\" decoding=\"async\" width=\"150\" height=\"150\" src=\"https:\/\/www.drivelife.it\/pics\/wp-content\/uploads\/2012\/05\/BMW-640i-Gran-Coupe_217-150x150.jpg\" class=\"attachment-thumbnail size-thumbnail\" alt=\"\" \/><\/a>\n\t\t\t<\/div><\/figure><figure class='gallery-item'>\n\t\t\t<div class='gallery-icon landscape'>\n\t\t\t\t<a href='https:\/\/www.drivelife.it\/pics\/2012\/05\/20\/bmw-serie-6-gran-coupe\/bmw-640i-gran-coupe-31\/'><img loading=\"lazy\" decoding=\"async\" width=\"150\" height=\"150\" src=\"https:\/\/www.drivelife.it\/pics\/wp-content\/uploads\/2012\/05\/BMW-640i-Gran-Coupe_218-150x150.jpg\" class=\"attachment-thumbnail size-thumbnail\" alt=\"\" \/><\/a>\n\t\t\t<\/div><\/figure><figure class='gallery-item'>\n\t\t\t<div class='gallery-icon landscape'>\n\t\t\t\t<a href='https:\/\/www.drivelife.it\/pics\/2012\/05\/20\/bmw-serie-6-gran-coupe\/bmw-640i-gran-coupe-32\/'><img loading=\"lazy\" decoding=\"async\" width=\"150\" height=\"150\" src=\"https:\/\/www.drivelife.it\/pics\/wp-content\/uploads\/2012\/05\/BMW-640i-Gran-Coupe_219-150x150.jpg\" class=\"attachment-thumbnail size-thumbnail\" alt=\"\" \/><\/a>\n\t\t\t<\/div><\/figure><figure class='gallery-item'>\n\t\t\t<div class='gallery-icon landscape'>\n\t\t\t\t<a href='https:\/\/www.drivelife.it\/pics\/2012\/05\/20\/bmw-serie-6-gran-coupe\/bmw-640i-gran-coupe-33\/'><img loading=\"lazy\" decoding=\"async\" width=\"150\" height=\"150\" src=\"https:\/\/www.drivelife.it\/pics\/wp-content\/uploads\/2012\/05\/BMW-640i-Gran-Coupe_220-150x150.jpg\" class=\"attachment-thumbnail size-thumbnail\" alt=\"\" \/><\/a>\n\t\t\t<\/div><\/figure><figure class='gallery-item'>\n\t\t\t<div class='gallery-icon landscape'>\n\t\t\t\t<a href='https:\/\/www.drivelife.it\/pics\/2012\/05\/20\/bmw-serie-6-gran-coupe\/bmw-640i-gran-coupe-34\/'><img loading=\"lazy\" decoding=\"async\" width=\"150\" height=\"150\" src=\"https:\/\/www.drivelife.it\/pics\/wp-content\/uploads\/2012\/05\/BMW-640i-Gran-Coupe_221-150x150.jpg\" class=\"attachment-thumbnail size-thumbnail\" alt=\"\" \/><\/a>\n\t\t\t<\/div><\/figure><figure class='gallery-item'>\n\t\t\t<div class='gallery-icon landscape'>\n\t\t\t\t<a href='https:\/\/www.drivelife.it\/pics\/2012\/05\/20\/bmw-serie-6-gran-coupe\/bmw-640i-gran-coupe-35\/'><img loading=\"lazy\" decoding=\"async\" width=\"150\" height=\"150\" src=\"https:\/\/www.drivelife.it\/pics\/wp-content\/uploads\/2012\/05\/BMW-640i-Gran-Coupe_222-150x150.jpg\" class=\"attachment-thumbnail size-thumbnail\" alt=\"\" \/><\/a>\n\t\t\t<\/div><\/figure><figure class='gallery-item'>\n\t\t\t<div class='gallery-icon landscape'>\n\t\t\t\t<a href='https:\/\/www.drivelife.it\/pics\/2012\/05\/20\/bmw-serie-6-gran-coupe\/bmw-640i-gran-coupe-36\/'><img loading=\"lazy\" decoding=\"async\" width=\"150\" height=\"150\" src=\"https:\/\/www.drivelife.it\/pics\/wp-content\/uploads\/2012\/05\/BMW-640i-Gran-Coupe_223-150x150.jpg\" class=\"attachment-thumbnail size-thumbnail\" alt=\"\" \/><\/a>\n\t\t\t<\/div><\/figure><figure class='gallery-item'>\n\t\t\t<div class='gallery-icon landscape'>\n\t\t\t\t<a href='https:\/\/www.drivelife.it\/pics\/2012\/05\/20\/bmw-serie-6-gran-coupe\/bmw-640i-gran-coupe-37\/'><img loading=\"lazy\" decoding=\"async\" width=\"150\" height=\"150\" src=\"https:\/\/www.drivelife.it\/pics\/wp-content\/uploads\/2012\/05\/BMW-640i-Gran-Coupe_224-150x150.jpg\" class=\"attachment-thumbnail size-thumbnail\" alt=\"\" \/><\/a>\n\t\t\t<\/div><\/figure><figure class='gallery-item'>\n\t\t\t<div class='gallery-icon landscape'>\n\t\t\t\t<a href='https:\/\/www.drivelife.it\/pics\/2012\/05\/20\/bmw-serie-6-gran-coupe\/bmw-640i-gran-coupe_309\/'><img loading=\"lazy\" decoding=\"async\" width=\"150\" height=\"150\" src=\"https:\/\/www.drivelife.it\/pics\/wp-content\/uploads\/2012\/05\/BMW-640i-Gran-Coupe_309-150x150.jpg\" class=\"attachment-thumbnail size-thumbnail\" alt=\"\" \/><\/a>\n\t\t\t<\/div><\/figure><figure class='gallery-item'>\n\t\t\t<div class='gallery-icon landscape'>\n\t\t\t\t<a href='https:\/\/www.drivelife.it\/pics\/2012\/05\/20\/bmw-serie-6-gran-coupe\/bmw-640i-gran-coupe_310\/'><img loading=\"lazy\" decoding=\"async\" width=\"150\" height=\"150\" src=\"https:\/\/www.drivelife.it\/pics\/wp-content\/uploads\/2012\/05\/BMW-640i-Gran-Coupe_310-150x150.jpg\" class=\"attachment-thumbnail size-thumbnail\" alt=\"\" \/><\/a>\n\t\t\t<\/div><\/figure><figure class='gallery-item'>\n\t\t\t<div class='gallery-icon landscape'>\n\t\t\t\t<a href='https:\/\/www.drivelife.it\/pics\/2012\/05\/20\/bmw-serie-6-gran-coupe\/international-media-launch-bmw-6-series-gran-coupe\/'><img loading=\"lazy\" decoding=\"async\" width=\"150\" height=\"150\" src=\"https:\/\/www.drivelife.it\/pics\/wp-content\/uploads\/2012\/05\/BMW-640i-Gran-Coupe_311-150x150.jpg\" class=\"attachment-thumbnail size-thumbnail\" alt=\"\" \/><\/a>\n\t\t\t<\/div><\/figure><figure class='gallery-item'>\n\t\t\t<div class='gallery-icon landscape'>\n\t\t\t\t<a href='https:\/\/www.drivelife.it\/pics\/2012\/05\/20\/bmw-serie-6-gran-coupe\/international-media-launch-bmw-6-series-gran-coupe-2\/'><img loading=\"lazy\" decoding=\"async\" width=\"150\" height=\"150\" src=\"https:\/\/www.drivelife.it\/pics\/wp-content\/uploads\/2012\/05\/BMW-640i-Gran-Coupe_312-150x150.jpg\" class=\"attachment-thumbnail size-thumbnail\" alt=\"\" \/><\/a>\n\t\t\t<\/div><\/figure><figure class='gallery-item'>\n\t\t\t<div class='gallery-icon landscape'>\n\t\t\t\t<a href='https:\/\/www.drivelife.it\/pics\/2012\/05\/20\/bmw-serie-6-gran-coupe\/bmw-640i-gran-coupe_m-sports-package\/'><img loading=\"lazy\" decoding=\"async\" width=\"150\" height=\"150\" src=\"https:\/\/www.drivelife.it\/pics\/wp-content\/uploads\/2012\/05\/BMW-640i-Gran-Coupe_M-Sports-Package_296-150x150.jpg\" class=\"attachment-thumbnail size-thumbnail\" alt=\"\" \/><\/a>\n\t\t\t<\/div><\/figure><figure class='gallery-item'>\n\t\t\t<div class='gallery-icon landscape'>\n\t\t\t\t<a href='https:\/\/www.drivelife.it\/pics\/2012\/05\/20\/bmw-serie-6-gran-coupe\/bmw-640i-gran-coupe_m-sports-package-2\/'><img loading=\"lazy\" decoding=\"async\" width=\"150\" height=\"150\" src=\"https:\/\/www.drivelife.it\/pics\/wp-content\/uploads\/2012\/05\/BMW-640i-Gran-Coupe_M-Sports-Package_297-150x150.jpg\" class=\"attachment-thumbnail size-thumbnail\" alt=\"\" \/><\/a>\n\t\t\t<\/div><\/figure><figure class='gallery-item'>\n\t\t\t<div class='gallery-icon landscape'>\n\t\t\t\t<a href='https:\/\/www.drivelife.it\/pics\/2012\/05\/20\/bmw-serie-6-gran-coupe\/bmw-640i-gran-coupe_m-sports-package-3\/'><img loading=\"lazy\" decoding=\"async\" width=\"150\" height=\"150\" src=\"https:\/\/www.drivelife.it\/pics\/wp-content\/uploads\/2012\/05\/BMW-640i-Gran-Coupe_M-Sports-Package_298-150x150.jpg\" class=\"attachment-thumbnail size-thumbnail\" alt=\"\" \/><\/a>\n\t\t\t<\/div><\/figure><figure class='gallery-item'>\n\t\t\t<div class='gallery-icon portrait'>\n\t\t\t\t<a href='https:\/\/www.drivelife.it\/pics\/2012\/05\/20\/bmw-serie-6-gran-coupe\/bmw-640i-gran-coupe_m-sports-package-4\/'><img loading=\"lazy\" decoding=\"async\" width=\"150\" height=\"150\" src=\"https:\/\/www.drivelife.it\/pics\/wp-content\/uploads\/2012\/05\/BMW-640i-Gran-Coupe_M-Sports-Package_299-150x150.jpg\" class=\"attachment-thumbnail size-thumbnail\" alt=\"\" \/><\/a>\n\t\t\t<\/div><\/figure><figure class='gallery-item'>\n\t\t\t<div class='gallery-icon landscape'>\n\t\t\t\t<a href='https:\/\/www.drivelife.it\/pics\/2012\/05\/20\/bmw-serie-6-gran-coupe\/bmw-640i-gran-coupe_m-sports-package-5\/'><img loading=\"lazy\" decoding=\"async\" width=\"150\" height=\"150\" src=\"https:\/\/www.drivelife.it\/pics\/wp-content\/uploads\/2012\/05\/BMW-640i-Gran-Coupe_M-Sports-Package_300-150x150.jpg\" class=\"attachment-thumbnail size-thumbnail\" alt=\"\" \/><\/a>\n\t\t\t<\/div><\/figure><figure class='gallery-item'>\n\t\t\t<div class='gallery-icon landscape'>\n\t\t\t\t<a href='https:\/\/www.drivelife.it\/pics\/2012\/05\/20\/bmw-serie-6-gran-coupe\/bmw-640i-gran-coupe_m-sports-package-6\/'><img loading=\"lazy\" decoding=\"async\" width=\"150\" height=\"150\" src=\"https:\/\/www.drivelife.it\/pics\/wp-content\/uploads\/2012\/05\/BMW-640i-Gran-Coupe_M-Sports-Package_301-150x150.jpg\" class=\"attachment-thumbnail size-thumbnail\" alt=\"\" \/><\/a>\n\t\t\t<\/div><\/figure><figure class='gallery-item'>\n\t\t\t<div class='gallery-icon landscape'>\n\t\t\t\t<a href='https:\/\/www.drivelife.it\/pics\/2012\/05\/20\/bmw-serie-6-gran-coupe\/bmw-640i-gran-coupe_m-sports-package-7\/'><img loading=\"lazy\" decoding=\"async\" width=\"150\" height=\"150\" src=\"https:\/\/www.drivelife.it\/pics\/wp-content\/uploads\/2012\/05\/BMW-640i-Gran-Coupe_M-Sports-Package_302-150x150.jpg\" class=\"attachment-thumbnail size-thumbnail\" alt=\"\" \/><\/a>\n\t\t\t<\/div><\/figure><figure class='gallery-item'>\n\t\t\t<div class='gallery-icon landscape'>\n\t\t\t\t<a href='https:\/\/www.drivelife.it\/pics\/2012\/05\/20\/bmw-serie-6-gran-coupe\/bmw-640i-gran-coupe_m-sports-package-8\/'><img loading=\"lazy\" decoding=\"async\" width=\"150\" height=\"150\" src=\"https:\/\/www.drivelife.it\/pics\/wp-content\/uploads\/2012\/05\/BMW-640i-Gran-Coupe_M-Sports-Package_303-150x150.jpg\" class=\"attachment-thumbnail size-thumbnail\" alt=\"\" \/><\/a>\n\t\t\t<\/div><\/figure><figure class='gallery-item'>\n\t\t\t<div class='gallery-icon landscape'>\n\t\t\t\t<a href='https:\/\/www.drivelife.it\/pics\/2012\/05\/20\/bmw-serie-6-gran-coupe\/bmw-640i-gran-coupe_m-sports-package-9\/'><img loading=\"lazy\" decoding=\"async\" width=\"150\" height=\"150\" src=\"https:\/\/www.drivelife.it\/pics\/wp-content\/uploads\/2012\/05\/BMW-640i-Gran-Coupe_M-Sports-Package_304-150x150.jpg\" class=\"attachment-thumbnail size-thumbnail\" alt=\"\" \/><\/a>\n\t\t\t<\/div><\/figure><figure class='gallery-item'>\n\t\t\t<div class='gallery-icon landscape'>\n\t\t\t\t<a href='https:\/\/www.drivelife.it\/pics\/2012\/05\/20\/bmw-serie-6-gran-coupe\/bmw-640i-gran-coupe_m-sports-package-10\/'><img loading=\"lazy\" decoding=\"async\" width=\"150\" height=\"150\" src=\"https:\/\/www.drivelife.it\/pics\/wp-content\/uploads\/2012\/05\/BMW-640i-Gran-Coupe_M-Sports-Package_305-150x150.jpg\" class=\"attachment-thumbnail size-thumbnail\" alt=\"\" \/><\/a>\n\t\t\t<\/div><\/figure><figure class='gallery-item'>\n\t\t\t<div class='gallery-icon portrait'>\n\t\t\t\t<a href='https:\/\/www.drivelife.it\/pics\/2012\/05\/20\/bmw-serie-6-gran-coupe\/bmw-640i-gran-coupe_m-sports-package-11\/'><img loading=\"lazy\" decoding=\"async\" width=\"150\" height=\"150\" src=\"https:\/\/www.drivelife.it\/pics\/wp-content\/uploads\/2012\/05\/BMW-640i-Gran-Coupe_M-Sports-Package_306-150x150.jpg\" class=\"attachment-thumbnail size-thumbnail\" alt=\"\" \/><\/a>\n\t\t\t<\/div><\/figure><figure class='gallery-item'>\n\t\t\t<div class='gallery-icon landscape'>\n\t\t\t\t<a href='https:\/\/www.drivelife.it\/pics\/2012\/05\/20\/bmw-serie-6-gran-coupe\/bmw-640i-gran-coupe_m-sports-package-12\/'><img loading=\"lazy\" decoding=\"async\" width=\"150\" height=\"150\" src=\"https:\/\/www.drivelife.it\/pics\/wp-content\/uploads\/2012\/05\/BMW-640i-Gran-Coupe_M-Sports-Package_307-150x150.jpg\" class=\"attachment-thumbnail size-thumbnail\" alt=\"\" \/><\/a>\n\t\t\t<\/div><\/figure><figure class='gallery-item'>\n\t\t\t<div class='gallery-icon landscape'>\n\t\t\t\t<a href='https:\/\/www.drivelife.it\/pics\/2012\/05\/20\/bmw-serie-6-gran-coupe\/bmw-640i-gran-coupe_m-sports-package-13\/'><img loading=\"lazy\" decoding=\"async\" width=\"150\" height=\"150\" src=\"https:\/\/www.drivelife.it\/pics\/wp-content\/uploads\/2012\/05\/BMW-640i-Gran-Coupe_M-Sports-Package_308-150x150.jpg\" class=\"attachment-thumbnail size-thumbnail\" alt=\"\" \/><\/a>\n\t\t\t<\/div><\/figure><figure class='gallery-item'>\n\t\t\t<div class='gallery-icon landscape'>\n\t\t\t\t<a href='https:\/\/www.drivelife.it\/pics\/2012\/05\/20\/bmw-serie-6-gran-coupe\/bmw-650i-xdrive-gran-coupe_313\/'><img loading=\"lazy\" decoding=\"async\" width=\"150\" height=\"150\" src=\"https:\/\/www.drivelife.it\/pics\/wp-content\/uploads\/2012\/05\/BMW-650i-xDrive-Gran-Coupe_313-150x150.jpg\" class=\"attachment-thumbnail size-thumbnail\" alt=\"\" \/><\/a>\n\t\t\t<\/div><\/figure><figure class='gallery-item'>\n\t\t\t<div class='gallery-icon landscape'>\n\t\t\t\t<a href='https:\/\/www.drivelife.it\/pics\/2012\/05\/20\/bmw-serie-6-gran-coupe\/bmw-650i-xdrive-gran-coupe_314\/'><img loading=\"lazy\" decoding=\"async\" width=\"150\" height=\"150\" src=\"https:\/\/www.drivelife.it\/pics\/wp-content\/uploads\/2012\/05\/BMW-650i-xDrive-Gran-Coupe_314-150x150.jpg\" class=\"attachment-thumbnail size-thumbnail\" alt=\"\" \/><\/a>\n\t\t\t<\/div><\/figure><figure class='gallery-item'>\n\t\t\t<div class='gallery-icon landscape'>\n\t\t\t\t<a href='https:\/\/www.drivelife.it\/pics\/2012\/05\/20\/bmw-serie-6-gran-coupe\/bmw-650i-xdrive-gran-coupe_315\/'><img loading=\"lazy\" decoding=\"async\" width=\"150\" height=\"150\" src=\"https:\/\/www.drivelife.it\/pics\/wp-content\/uploads\/2012\/05\/BMW-650i-xDrive-Gran-Coupe_315-150x150.jpg\" class=\"attachment-thumbnail size-thumbnail\" alt=\"\" \/><\/a>\n\t\t\t<\/div><\/figure><figure class='gallery-item'>\n\t\t\t<div class='gallery-icon landscape'>\n\t\t\t\t<a href='https:\/\/www.drivelife.it\/pics\/2012\/05\/20\/bmw-serie-6-gran-coupe\/bmw-640d-gran-coupe-104\/'><img loading=\"lazy\" decoding=\"async\" width=\"150\" height=\"150\" src=\"https:\/\/www.drivelife.it\/pics\/wp-content\/uploads\/2012\/05\/BMW-640d-Gran-Coupe_001-150x150.jpg\" class=\"attachment-thumbnail size-thumbnail\" alt=\"\" \/><\/a>\n\t\t\t<\/div><\/figure><figure class='gallery-item'>\n\t\t\t<div class='gallery-icon landscape'>\n\t\t\t\t<a href='https:\/\/www.drivelife.it\/pics\/2012\/05\/20\/bmw-serie-6-gran-coupe\/bmw-640d-gran-coupe-105\/'><img loading=\"lazy\" decoding=\"async\" width=\"150\" height=\"150\" src=\"https:\/\/www.drivelife.it\/pics\/wp-content\/uploads\/2012\/05\/BMW-640d-Gran-Coupe_002-150x150.jpg\" class=\"attachment-thumbnail size-thumbnail\" alt=\"\" \/><\/a>\n\t\t\t<\/div><\/figure><figure class='gallery-item'>\n\t\t\t<div class='gallery-icon landscape'>\n\t\t\t\t<a href='https:\/\/www.drivelife.it\/pics\/2012\/05\/20\/bmw-serie-6-gran-coupe\/bmw-640d-gran-coupe-106\/'><img loading=\"lazy\" decoding=\"async\" width=\"150\" height=\"150\" src=\"https:\/\/www.drivelife.it\/pics\/wp-content\/uploads\/2012\/05\/BMW-640d-Gran-Coupe_003-150x150.jpg\" class=\"attachment-thumbnail size-thumbnail\" alt=\"\" \/><\/a>\n\t\t\t<\/div><\/figure><figure class='gallery-item'>\n\t\t\t<div class='gallery-icon landscape'>\n\t\t\t\t<a href='https:\/\/www.drivelife.it\/pics\/2012\/05\/20\/bmw-serie-6-gran-coupe\/bmw-640d-gran-coupe-107\/'><img loading=\"lazy\" decoding=\"async\" width=\"150\" height=\"150\" src=\"https:\/\/www.drivelife.it\/pics\/wp-content\/uploads\/2012\/05\/BMW-640d-Gran-Coupe_004-150x150.jpg\" class=\"attachment-thumbnail size-thumbnail\" alt=\"\" \/><\/a>\n\t\t\t<\/div><\/figure><figure class='gallery-item'>\n\t\t\t<div class='gallery-icon landscape'>\n\t\t\t\t<a href='https:\/\/www.drivelife.it\/pics\/2012\/05\/20\/bmw-serie-6-gran-coupe\/bmw-640d-gran-coupe-108\/'><img loading=\"lazy\" decoding=\"async\" width=\"150\" height=\"150\" src=\"https:\/\/www.drivelife.it\/pics\/wp-content\/uploads\/2012\/05\/BMW-640d-Gran-Coupe_005-150x150.jpg\" class=\"attachment-thumbnail size-thumbnail\" alt=\"\" \/><\/a>\n\t\t\t<\/div><\/figure><figure class='gallery-item'>\n\t\t\t<div class='gallery-icon landscape'>\n\t\t\t\t<a href='https:\/\/www.drivelife.it\/pics\/2012\/05\/20\/bmw-serie-6-gran-coupe\/bmw-640d-gran-coupe-109\/'><img loading=\"lazy\" decoding=\"async\" width=\"150\" height=\"150\" src=\"https:\/\/www.drivelife.it\/pics\/wp-content\/uploads\/2012\/05\/BMW-640d-Gran-Coupe_006-150x150.jpg\" class=\"attachment-thumbnail size-thumbnail\" alt=\"\" \/><\/a>\n\t\t\t<\/div><\/figure><figure class='gallery-item'>\n\t\t\t<div class='gallery-icon landscape'>\n\t\t\t\t<a href='https:\/\/www.drivelife.it\/pics\/2012\/05\/20\/bmw-serie-6-gran-coupe\/bmw-640d-gran-coupe-110\/'><img loading=\"lazy\" decoding=\"async\" width=\"150\" height=\"150\" src=\"https:\/\/www.drivelife.it\/pics\/wp-content\/uploads\/2012\/05\/BMW-640d-Gran-Coupe_007-150x150.jpg\" class=\"attachment-thumbnail size-thumbnail\" alt=\"\" \/><\/a>\n\t\t\t<\/div><\/figure><figure class='gallery-item'>\n\t\t\t<div class='gallery-icon landscape'>\n\t\t\t\t<a href='https:\/\/www.drivelife.it\/pics\/2012\/05\/20\/bmw-serie-6-gran-coupe\/bmw-640d-gran-coupe-111\/'><img loading=\"lazy\" decoding=\"async\" width=\"150\" height=\"150\" src=\"https:\/\/www.drivelife.it\/pics\/wp-content\/uploads\/2012\/05\/BMW-640d-Gran-Coupe_008-150x150.jpg\" class=\"attachment-thumbnail size-thumbnail\" alt=\"\" \/><\/a>\n\t\t\t<\/div><\/figure><figure class='gallery-item'>\n\t\t\t<div class='gallery-icon landscape'>\n\t\t\t\t<a href='https:\/\/www.drivelife.it\/pics\/2012\/05\/20\/bmw-serie-6-gran-coupe\/bmw-640d-gran-coupe-112\/'><img loading=\"lazy\" decoding=\"async\" width=\"150\" height=\"150\" src=\"https:\/\/www.drivelife.it\/pics\/wp-content\/uploads\/2012\/05\/BMW-640d-Gran-Coupe_009-150x150.jpg\" class=\"attachment-thumbnail size-thumbnail\" alt=\"\" \/><\/a>\n\t\t\t<\/div><\/figure><figure class='gallery-item'>\n\t\t\t<div class='gallery-icon landscape'>\n\t\t\t\t<a href='https:\/\/www.drivelife.it\/pics\/2012\/05\/20\/bmw-serie-6-gran-coupe\/international-media-launch-bmw-6-series-gran-coupe-3\/'><img loading=\"lazy\" decoding=\"async\" width=\"150\" height=\"150\" src=\"https:\/\/www.drivelife.it\/pics\/wp-content\/uploads\/2012\/05\/BMW-640i-Gran-Coupe_3121-150x150.jpg\" class=\"attachment-thumbnail size-thumbnail\" alt=\"International Media Launch BMW 6 Series Gran Coupe\" \/><\/a>\n\t\t\t<\/div><\/figure>\n\t\t<\/div>\n\n<p>&nbsp;<\/p>\n<h2><strong>COLPO AL CUORE<\/strong><\/h2>\n<p>COLPISCE NON SOLO PER LO STILE, LA GRAN COUP\u00c9 \u00c8 UN ATTACCO ALLE \u2018\u2018SUPERPREMIUM\u2019\u2019<br \/>\nCOME LA PORSCHE PANAMERA E L\u2019ASTON MARTIN RAPIDE<\/p>\n<p style=\"text-align: justify;\">Concentrarmi sull\u2019automobile di cui sono al volante mentre il bel paesaggio propone ai miei occhi i colori gi\u00e0 saturi della stagione calda \u00e8 difficile. L\u2019inteso blu del mare che tanto amo, il verde delle coltivazioni, il giallo dei campi. Ogni volta \u00e8 una scoperta, la Sicilia non finisce mai di emozionarmi. Per\u00f2 il volante stretto tra le mani, adesso, ha il sopravvento anche sui ricordi. L\u2019emozione di cui sto apprezzando le sfumature in questi istanti, \u00e8 forte. Perch\u00e9 la Gran Coup\u00e9 corre, tanto.<\/p>\n<p style=\"text-align: justify;\">BMW Serie 6 Gran Coup\u00e9 \u00e8 una bella automobile, il suo abitacolo dai colori intensi come quelli del panorama che ci accompagna spengono ogni rumore della marcia. E\u2019 cos\u00ec che mi accorgo di essere un \u201cpo\u2019 veloce\u201d sull\u2019autostrada Palermo\/Mazara del Vallo. Mentre il \u201cdestro\u201d rallenta in modo efficace la marcia la considerazione che attraversa la mente \u00e8 il pensiero di quanto siano bravi a Monaco nel fondere prestazioni di gran turismo con il confort di una ammiraglia, berline che di solito non brillano per la dinamica di marcia.<\/p>\n<p style=\"text-align: justify;\">In poco meno di un\u2019ora l\u2019accoglienza a Sciacca lascia il posto delle emozioni di guida per considerazioni pi\u00f9 professionali, il press meeting stuzzica la curiosit\u00e0 su alcuni aspetti commerciali della Gran Coup\u00e9.<\/p>\n<p style=\"text-align: justify;\"><em>*da Drivelife.it, edizione 19 Maggio 2012<\/em><\/p>\n","protected":false},"excerpt":{"rendered":"SFOGLIA LA GALLERY, GUARDA LA NUOVA BMW SERIE 6 GRAN COUPE&#8217; &nbsp; &nbsp; COLPO AL CUORE COLPISCE NON SOLO PER [&hellip;]","protected":false},"author":1,"featured_media":865,"comment_status":"closed","ping_status":"closed","sticky":false,"template":"","format":"standard","meta":{"_monsterinsights_skip_tracking":false,"_monsterinsights_sitenote_active":false,"_monsterinsights_sitenote_note":"","_monsterinsights_sitenote_category":0,"ngg_post_thumbnail":0,"footnotes":""},"categories":[10,19,11,1],"tags":[242,249,26,27,241,36],"class_list":["post-692","post","type-post","status-publish","format-standard","has-post-thumbnail","hentry","category-automotive","category-bmw","category-gallery-automotive","category-portfolio","tag-automotive","tag-bmw","tag-gallery","tag-photobook","tag-portfolio","tag-serie-6-gran-coupe","clearfix"],"_links":{"self":[{"href":"https:\/\/www.drivelife.it\/pics\/wp-json\/wp\/v2\/posts\/692","targetHints":{"allow":["GET"]}}],"collection":[{"href":"https:\/\/www.drivelife.it\/pics\/wp-json\/wp\/v2\/posts"}],"about":[{"href":"https:\/\/www.drivelife.it\/pics\/wp-json\/wp\/v2\/types\/post"}],"author":[{"embeddable":true,"href":"https:\/\/www.drivelife.it\/pics\/wp-json\/wp\/v2\/users\/1"}],"replies":[{"embeddable":true,"href":"https:\/\/www.drivelife.it\/pics\/wp-json\/wp\/v2\/comments?post=692"}],"version-history":[{"count":8,"href":"https:\/\/www.drivelife.it\/pics\/wp-json\/wp\/v2\/posts\/692\/revisions"}],"predecessor-version":[{"id":1494,"href":"https:\/\/www.drivelife.it\/pics\/wp-json\/wp\/v2\/posts\/692\/revisions\/1494"}],"wp:featuredmedia":[{"embeddable":true,"href":"https:\/\/www.drivelife.it\/pics\/wp-json\/wp\/v2\/media\/865"}],"wp:attachment":[{"href":"https:\/\/www.drivelife.it\/pics\/wp-json\/wp\/v2\/media?parent=692"}],"wp:term":[{"taxonomy":"category","embeddable":true,"href":"https:\/\/www.drivelife.it\/pics\/wp-json\/wp\/v2\/categories?post=692"},{"taxonomy":"post_tag","embeddable":true,"href":"https:\/\/www.drivelife.it\/pics\/wp-json\/wp\/v2\/tags?post=692"}],"curies":[{"name":"wp","href":"https:\/\/api.w.org\/{rel}","templated":true}]}}