{"id":5059,"date":"2017-01-03T11:51:12","date_gmt":"2017-01-03T11:51:12","guid":{"rendered":"http:\/\/www.drivelife.it\/pics\/?p=5059"},"modified":"2017-01-03T11:57:43","modified_gmt":"2017-01-03T11:57:43","slug":"mercedes-amg-gt-r","status":"publish","type":"post","link":"https:\/\/www.drivelife.it\/pics\/2017\/01\/03\/mercedes-amg-gt-r\/","title":{"rendered":"MERCEDES AMG GT R"},"content":{"rendered":"<figure id=\"attachment_5117\" aria-describedby=\"caption-attachment-5117\" style=\"width: 1280px\" class=\"wp-caption aligncenter\"><img loading=\"lazy\" decoding=\"async\" src=\"http:\/\/www.drivelife.it\/pics\/wp-content\/uploads\/2017\/01\/122466_broadcast16-2-1280x851.jpg\" alt=\"AMG GT R; 2016; Rennstrecke; Exterrieur: AMG Green Hell magno ;Kraftstoffverbrauch kombiniert:  11,4 l\/100 km, CO2-Emissionen kombiniert: 259 g\/km  AMG GT R; 2016; race track; Exterior: AMG Green Hell magno; Fuel consumption, combined:   11.4 l\/100 km, CO2 emissions, combined:  259 g\/km\" width=\"1280\" height=\"851\" class=\"size-large wp-image-5117\" srcset=\"https:\/\/www.drivelife.it\/pics\/wp-content\/uploads\/2017\/01\/122466_broadcast16-2-1280x851.jpg 1280w, https:\/\/www.drivelife.it\/pics\/wp-content\/uploads\/2017\/01\/122466_broadcast16-2-600x400.jpg 600w, https:\/\/www.drivelife.it\/pics\/wp-content\/uploads\/2017\/01\/122466_broadcast16-2-900x598.jpg 900w, https:\/\/www.drivelife.it\/pics\/wp-content\/uploads\/2017\/01\/122466_broadcast16-2-768x510.jpg 768w\" sizes=\"auto, (max-width: 1280px) 100vw, 1280px\" \/><figcaption id=\"caption-attachment-5117\" class=\"wp-caption-text\">AMG GT R; 2016; Rennstrecke; Exterrieur: AMG Green Hell magno ;Kraftstoffverbrauch kombiniert:  11,4 l\/100 km, CO2-Emissionen kombiniert: 259 g\/km<br \/>AMG GT R; 2016; race track; Exterior: AMG Green Hell magno; Fuel consumption, combined:   11.4 l\/100 km, CO2 emissions, combined:  259 g\/km<\/figcaption><\/figure>\n<p><strong><\/p>\n<h1>IL GUSTO DEL POSSESSO<\/h1>\n<p><\/strong><\/p>\n<h2><em><strong><\/p>\n<p>&#8211; UN&#8217;AUTOMOBILE COME LA MERCEDES AMG GT R SI COMPRA PER IL PIACERE DELL&#8217;INDISCUTIBILE APPARTENENZA AL DI LA&#8217; DI OGNI PRIMATO TECNICO O SPORTIVO. OPPURE PER IL GREEN HELL MAGNO, L&#8217;ORIGINALE COLORE DI QUESTA VERSIONE SPECIALE. OPPURE PERCHE&#8217; LA SUA MASCHERINA RICORDA QUELLE DELLE MERCEDES CHE CORREVANO NEGLI ANNI &#8217;50. E COME OGGI, VINCEVANO.<\/p>\n<p><\/em><\/strong><\/h2>\n<p>&nbsp;<\/p>\n<h2>con drivelife in TV<br \/>\ne online con drivelife\/vimeo,<br \/>\nper la puntata del 31 DICEMBRE<\/h2>\n<p>&nbsp;<br \/>\nhttps:\/\/vimeo.com\/197183804<br \/>\n&nbsp;<br \/>\n&nbsp;<br \/>\n<a data-flip-widget=\"flipit\" href=\"https:\/\/flipboard.com\">Add to Flipboard Magazine.<\/a><script src=\"https:\/\/cdn.flipboard.com\/web\/buttons\/js\/flbuttons.min.js\" type=\"text\/javascript\"><\/script><br \/>\n<strong>di REDAZIONE<br \/>\nDURATA, 00&#8217;53&#8221;<br \/>\nIN TV CON DRIVELIFE DEL 31 DICEMBRE 2016<\/strong><br \/>\n&nbsp;<br \/>\n&nbsp;<br \/>\n<em><strong>(da drivelife per TV del 31 DICEMBRE 2016) &#8211; MERCEDES AMG GT R, 01&#8217;53&#8221; \/ START @ 01&#8217;55&#8221; &#8211; <\/strong><\/em> Dalla pista alla strada, dalle corse all&#8217;auto di tutti i giorni. Sempre la solita musica. Perch\u00e9 non dire, invece, che la AMG GT R \u00e8 una bella automobile, una Mercedes che rappresenta il desiderio dei suoi clienti pi\u00f9 spendaccioni che vogliono il primato prestazionale e tecnologico e di stile quando decidono di spendere certe somme.<br \/>\n&nbsp;<br \/>\nChe la pista sia un utile laboratorio lo sanno tutti, porrei l&#8217;accento della comunicazione sul fascino e sul desiderio del possesso che un&#8217;automobile di questo genere \u00e8 capace di suscitare in ogni osservatore. Bella. Con questo colore cos\u00ec audace per Mercedes che fa passare in secondo piano il suo V8 biturbo con 585 CV ma enfatizza lo stile che ricorda certe argentee frecce che negli anni d&#8217;oro dell&#8217;automobilismo del gentleman driver stabilivano record su record facendo incetta di allori e dalle quali nasce la replica della mascherina.<br \/>\n&nbsp;<br \/>\n( &#8211; La breve info \u00e8 completata con due aspetti tecnici: nuova aerodinamica e nuovo telaio con costruzione leggera, due aspetti che enfatizzano una cavalleria gi\u00e0 di tutto rispetto e che hanno fatto conquistare alla AMG GT R l&#8217;Inferno Verde, il Nurburgring, dal quale &#8211; appunto &#8211; deriva il nome del colore: Green Heel Magno. &#8211; )<br \/>\n&nbsp;<br \/>\n&nbsp;<\/p>\n<h2>GALLERIA FOTOGRAFICA<br \/>\nMERCEDES AMG GT R,<br \/>\n<\/h2>\n<div id='gallery-1' class='gallery galleryid-5059 gallery-columns-9 gallery-size-thumbnail'><figure class='gallery-item'>\n\t\t\t<div class='gallery-icon landscape'>\n\t\t\t\t<a href='https:\/\/www.drivelife.it\/pics\/2017\/01\/03\/mercedes-amg-gt-r\/der-neue-mercedes-amg-gt-r-entwickelt-in-der-grunen-holle-39\/'><img loading=\"lazy\" decoding=\"async\" width=\"150\" height=\"100\" src=\"https:\/\/www.drivelife.it\/pics\/wp-content\/uploads\/2017\/01\/122466_broadcast28-1-600x400.jpg\" class=\"attachment-thumbnail size-thumbnail\" alt=\"\" \/><\/a>\n\t\t\t<\/div><\/figure><figure class='gallery-item'>\n\t\t\t<div class='gallery-icon landscape'>\n\t\t\t\t<a href='https:\/\/www.drivelife.it\/pics\/2017\/01\/03\/mercedes-amg-gt-r\/der-neue-mercedes-amg-gt-r-entwickelt-in-der-grunen-holle-38\/'><img loading=\"lazy\" decoding=\"async\" width=\"150\" height=\"100\" src=\"https:\/\/www.drivelife.it\/pics\/wp-content\/uploads\/2017\/01\/122466_broadcast27-1-600x400.jpg\" class=\"attachment-thumbnail size-thumbnail\" alt=\"\" \/><\/a>\n\t\t\t<\/div><\/figure><figure class='gallery-item'>\n\t\t\t<div class='gallery-icon landscape'>\n\t\t\t\t<a href='https:\/\/www.drivelife.it\/pics\/2017\/01\/03\/mercedes-amg-gt-r\/der-neue-mercedes-amg-gt-r-entwickelt-in-der-grunen-holle-37\/'><img loading=\"lazy\" decoding=\"async\" width=\"150\" height=\"100\" src=\"https:\/\/www.drivelife.it\/pics\/wp-content\/uploads\/2017\/01\/122466_broadcast26-1-600x400.jpg\" class=\"attachment-thumbnail size-thumbnail\" alt=\"\" \/><\/a>\n\t\t\t<\/div><\/figure><figure class='gallery-item'>\n\t\t\t<div class='gallery-icon landscape'>\n\t\t\t\t<a href='https:\/\/www.drivelife.it\/pics\/2017\/01\/03\/mercedes-amg-gt-r\/der-neue-mercedes-amg-gt-r-entwickelt-in-der-grunen-holle-36\/'><img loading=\"lazy\" decoding=\"async\" width=\"150\" height=\"100\" src=\"https:\/\/www.drivelife.it\/pics\/wp-content\/uploads\/2017\/01\/122466_broadcast25-1-600x400.jpg\" class=\"attachment-thumbnail size-thumbnail\" alt=\"\" \/><\/a>\n\t\t\t<\/div><\/figure><figure class='gallery-item'>\n\t\t\t<div class='gallery-icon landscape'>\n\t\t\t\t<a href='https:\/\/www.drivelife.it\/pics\/2017\/01\/03\/mercedes-amg-gt-r\/der-neue-mercedes-amg-gt-r-entwickelt-in-der-grunen-holle-35\/'><img loading=\"lazy\" decoding=\"async\" width=\"150\" height=\"100\" src=\"https:\/\/www.drivelife.it\/pics\/wp-content\/uploads\/2017\/01\/122466_broadcast24-1-600x400.jpg\" class=\"attachment-thumbnail size-thumbnail\" alt=\"\" \/><\/a>\n\t\t\t<\/div><\/figure><figure class='gallery-item'>\n\t\t\t<div class='gallery-icon landscape'>\n\t\t\t\t<a href='https:\/\/www.drivelife.it\/pics\/2017\/01\/03\/mercedes-amg-gt-r\/der-neue-mercedes-amg-gt-r-entwickelt-in-der-grunen-holle-34\/'><img loading=\"lazy\" decoding=\"async\" width=\"150\" height=\"100\" src=\"https:\/\/www.drivelife.it\/pics\/wp-content\/uploads\/2017\/01\/122466_broadcast23-1-600x400.jpg\" class=\"attachment-thumbnail size-thumbnail\" alt=\"\" \/><\/a>\n\t\t\t<\/div><\/figure><figure class='gallery-item'>\n\t\t\t<div class='gallery-icon landscape'>\n\t\t\t\t<a href='https:\/\/www.drivelife.it\/pics\/2017\/01\/03\/mercedes-amg-gt-r\/der-neue-mercedes-amg-gt-r-entwickelt-in-der-grunen-holle-33\/'><img loading=\"lazy\" decoding=\"async\" width=\"150\" height=\"100\" src=\"https:\/\/www.drivelife.it\/pics\/wp-content\/uploads\/2017\/01\/122466_broadcast22-1-600x400.jpg\" class=\"attachment-thumbnail size-thumbnail\" alt=\"\" \/><\/a>\n\t\t\t<\/div><\/figure><figure class='gallery-item'>\n\t\t\t<div class='gallery-icon landscape'>\n\t\t\t\t<a href='https:\/\/www.drivelife.it\/pics\/2017\/01\/03\/mercedes-amg-gt-r\/der-neue-mercedes-amg-gt-r-entwickelt-in-der-grunen-holle-32\/'><img loading=\"lazy\" decoding=\"async\" width=\"150\" height=\"100\" src=\"https:\/\/www.drivelife.it\/pics\/wp-content\/uploads\/2017\/01\/122466_broadcast21-1-600x400.jpg\" class=\"attachment-thumbnail size-thumbnail\" alt=\"\" \/><\/a>\n\t\t\t<\/div><\/figure><figure class='gallery-item'>\n\t\t\t<div class='gallery-icon landscape'>\n\t\t\t\t<a href='https:\/\/www.drivelife.it\/pics\/2017\/01\/03\/mercedes-amg-gt-r\/der-neue-mercedes-amg-gt-r-entwickelt-in-der-grunen-holle-31\/'><img loading=\"lazy\" decoding=\"async\" width=\"150\" height=\"100\" src=\"https:\/\/www.drivelife.it\/pics\/wp-content\/uploads\/2017\/01\/122466_broadcast20-1-600x400.jpg\" class=\"attachment-thumbnail size-thumbnail\" alt=\"\" \/><\/a>\n\t\t\t<\/div><\/figure><figure class='gallery-item'>\n\t\t\t<div class='gallery-icon landscape'>\n\t\t\t\t<a href='https:\/\/www.drivelife.it\/pics\/2017\/01\/03\/mercedes-amg-gt-r\/der-neue-mercedes-amg-gt-r-entwickelt-in-der-grunen-holle-30\/'><img loading=\"lazy\" decoding=\"async\" width=\"150\" height=\"100\" src=\"https:\/\/www.drivelife.it\/pics\/wp-content\/uploads\/2017\/01\/122466_broadcast19-1-600x400.jpg\" class=\"attachment-thumbnail size-thumbnail\" alt=\"\" \/><\/a>\n\t\t\t<\/div><\/figure><figure class='gallery-item'>\n\t\t\t<div class='gallery-icon landscape'>\n\t\t\t\t<a href='https:\/\/www.drivelife.it\/pics\/2017\/01\/03\/mercedes-amg-gt-r\/der-neue-mercedes-amg-gt-r-entwickelt-in-der-grunen-holle-29\/'><img loading=\"lazy\" decoding=\"async\" width=\"150\" height=\"100\" src=\"https:\/\/www.drivelife.it\/pics\/wp-content\/uploads\/2017\/01\/122466_broadcast18-1-600x400.jpg\" class=\"attachment-thumbnail size-thumbnail\" alt=\"\" \/><\/a>\n\t\t\t<\/div><\/figure><figure class='gallery-item'>\n\t\t\t<div class='gallery-icon landscape'>\n\t\t\t\t<a href='https:\/\/www.drivelife.it\/pics\/2017\/01\/03\/mercedes-amg-gt-r\/der-neue-mercedes-amg-gt-r-entwickelt-in-der-grunen-holle-28\/'><img loading=\"lazy\" decoding=\"async\" width=\"150\" height=\"100\" src=\"https:\/\/www.drivelife.it\/pics\/wp-content\/uploads\/2017\/01\/122466_broadcast17-1-600x400.jpg\" class=\"attachment-thumbnail size-thumbnail\" alt=\"\" srcset=\"https:\/\/www.drivelife.it\/pics\/wp-content\/uploads\/2017\/01\/122466_broadcast17-1-600x400.jpg 600w, https:\/\/www.drivelife.it\/pics\/wp-content\/uploads\/2017\/01\/122466_broadcast17-1-900x598.jpg 900w, https:\/\/www.drivelife.it\/pics\/wp-content\/uploads\/2017\/01\/122466_broadcast17-1-768x510.jpg 768w, https:\/\/www.drivelife.it\/pics\/wp-content\/uploads\/2017\/01\/122466_broadcast17-1-1280x851.jpg 1280w\" sizes=\"auto, (max-width: 150px) 100vw, 150px\" \/><\/a>\n\t\t\t<\/div><\/figure><figure class='gallery-item'>\n\t\t\t<div class='gallery-icon landscape'>\n\t\t\t\t<a href='https:\/\/www.drivelife.it\/pics\/2017\/01\/03\/mercedes-amg-gt-r\/der-neue-mercedes-amg-gt-r-entwickelt-in-der-grunen-holle-27\/'><img loading=\"lazy\" decoding=\"async\" width=\"150\" height=\"100\" src=\"https:\/\/www.drivelife.it\/pics\/wp-content\/uploads\/2017\/01\/122466_broadcast16-1-600x400.jpg\" class=\"attachment-thumbnail size-thumbnail\" alt=\"\" srcset=\"https:\/\/www.drivelife.it\/pics\/wp-content\/uploads\/2017\/01\/122466_broadcast16-1-600x400.jpg 600w, https:\/\/www.drivelife.it\/pics\/wp-content\/uploads\/2017\/01\/122466_broadcast16-1-900x598.jpg 900w, https:\/\/www.drivelife.it\/pics\/wp-content\/uploads\/2017\/01\/122466_broadcast16-1-768x510.jpg 768w, https:\/\/www.drivelife.it\/pics\/wp-content\/uploads\/2017\/01\/122466_broadcast16-1-1280x851.jpg 1280w\" sizes=\"auto, (max-width: 150px) 100vw, 150px\" \/><\/a>\n\t\t\t<\/div><\/figure><figure class='gallery-item'>\n\t\t\t<div class='gallery-icon landscape'>\n\t\t\t\t<a href='https:\/\/www.drivelife.it\/pics\/2017\/01\/03\/mercedes-amg-gt-r\/der-neue-mercedes-amg-gt-r-entwickelt-in-der-grunen-holle-26\/'><img loading=\"lazy\" decoding=\"async\" width=\"150\" height=\"100\" src=\"https:\/\/www.drivelife.it\/pics\/wp-content\/uploads\/2017\/01\/122466_broadcast15-1-600x400.jpg\" class=\"attachment-thumbnail size-thumbnail\" alt=\"\" srcset=\"https:\/\/www.drivelife.it\/pics\/wp-content\/uploads\/2017\/01\/122466_broadcast15-1-600x400.jpg 600w, https:\/\/www.drivelife.it\/pics\/wp-content\/uploads\/2017\/01\/122466_broadcast15-1-900x598.jpg 900w, https:\/\/www.drivelife.it\/pics\/wp-content\/uploads\/2017\/01\/122466_broadcast15-1-768x510.jpg 768w, https:\/\/www.drivelife.it\/pics\/wp-content\/uploads\/2017\/01\/122466_broadcast15-1-1280x851.jpg 1280w\" sizes=\"auto, (max-width: 150px) 100vw, 150px\" \/><\/a>\n\t\t\t<\/div><\/figure><figure class='gallery-item'>\n\t\t\t<div class='gallery-icon landscape'>\n\t\t\t\t<a href='https:\/\/www.drivelife.it\/pics\/2017\/01\/03\/mercedes-amg-gt-r\/der-neue-mercedes-amg-gt-r-entwickelt-in-der-grunen-holle-25\/'><img loading=\"lazy\" decoding=\"async\" width=\"150\" height=\"100\" src=\"https:\/\/www.drivelife.it\/pics\/wp-content\/uploads\/2017\/01\/122466_broadcast14-1-600x400.jpg\" class=\"attachment-thumbnail size-thumbnail\" alt=\"\" srcset=\"https:\/\/www.drivelife.it\/pics\/wp-content\/uploads\/2017\/01\/122466_broadcast14-1-600x400.jpg 600w, https:\/\/www.drivelife.it\/pics\/wp-content\/uploads\/2017\/01\/122466_broadcast14-1-900x598.jpg 900w, https:\/\/www.drivelife.it\/pics\/wp-content\/uploads\/2017\/01\/122466_broadcast14-1-768x510.jpg 768w, https:\/\/www.drivelife.it\/pics\/wp-content\/uploads\/2017\/01\/122466_broadcast14-1-1280x851.jpg 1280w\" sizes=\"auto, (max-width: 150px) 100vw, 150px\" \/><\/a>\n\t\t\t<\/div><\/figure><figure class='gallery-item'>\n\t\t\t<div class='gallery-icon landscape'>\n\t\t\t\t<a href='https:\/\/www.drivelife.it\/pics\/2017\/01\/03\/mercedes-amg-gt-r\/der-neue-mercedes-amg-gt-r-entwickelt-in-der-grunen-holle-24\/'><img loading=\"lazy\" decoding=\"async\" width=\"150\" height=\"100\" src=\"https:\/\/www.drivelife.it\/pics\/wp-content\/uploads\/2017\/01\/122466_broadcast13-1-600x400.jpg\" class=\"attachment-thumbnail size-thumbnail\" alt=\"\" srcset=\"https:\/\/www.drivelife.it\/pics\/wp-content\/uploads\/2017\/01\/122466_broadcast13-1-600x400.jpg 600w, https:\/\/www.drivelife.it\/pics\/wp-content\/uploads\/2017\/01\/122466_broadcast13-1-900x598.jpg 900w, https:\/\/www.drivelife.it\/pics\/wp-content\/uploads\/2017\/01\/122466_broadcast13-1-768x510.jpg 768w, https:\/\/www.drivelife.it\/pics\/wp-content\/uploads\/2017\/01\/122466_broadcast13-1-1280x851.jpg 1280w\" sizes=\"auto, (max-width: 150px) 100vw, 150px\" \/><\/a>\n\t\t\t<\/div><\/figure><figure class='gallery-item'>\n\t\t\t<div class='gallery-icon landscape'>\n\t\t\t\t<a href='https:\/\/www.drivelife.it\/pics\/2017\/01\/03\/mercedes-amg-gt-r\/der-neue-mercedes-amg-gt-r-entwickelt-in-der-grunen-holle-23\/'><img loading=\"lazy\" decoding=\"async\" width=\"150\" height=\"100\" src=\"https:\/\/www.drivelife.it\/pics\/wp-content\/uploads\/2017\/01\/122466_broadcast12-1-600x400.jpg\" class=\"attachment-thumbnail size-thumbnail\" alt=\"\" srcset=\"https:\/\/www.drivelife.it\/pics\/wp-content\/uploads\/2017\/01\/122466_broadcast12-1-600x400.jpg 600w, https:\/\/www.drivelife.it\/pics\/wp-content\/uploads\/2017\/01\/122466_broadcast12-1-900x598.jpg 900w, https:\/\/www.drivelife.it\/pics\/wp-content\/uploads\/2017\/01\/122466_broadcast12-1-768x510.jpg 768w, https:\/\/www.drivelife.it\/pics\/wp-content\/uploads\/2017\/01\/122466_broadcast12-1-1280x851.jpg 1280w\" sizes=\"auto, (max-width: 150px) 100vw, 150px\" \/><\/a>\n\t\t\t<\/div><\/figure><figure class='gallery-item'>\n\t\t\t<div class='gallery-icon landscape'>\n\t\t\t\t<a href='https:\/\/www.drivelife.it\/pics\/2017\/01\/03\/mercedes-amg-gt-r\/der-neue-mercedes-amg-gt-r-entwickelt-in-der-grunen-holle-22\/'><img loading=\"lazy\" decoding=\"async\" width=\"150\" height=\"100\" src=\"https:\/\/www.drivelife.it\/pics\/wp-content\/uploads\/2017\/01\/122466_broadcast11-2-600x400.jpg\" class=\"attachment-thumbnail size-thumbnail\" alt=\"\" srcset=\"https:\/\/www.drivelife.it\/pics\/wp-content\/uploads\/2017\/01\/122466_broadcast11-2-600x400.jpg 600w, https:\/\/www.drivelife.it\/pics\/wp-content\/uploads\/2017\/01\/122466_broadcast11-2-900x598.jpg 900w, https:\/\/www.drivelife.it\/pics\/wp-content\/uploads\/2017\/01\/122466_broadcast11-2-768x510.jpg 768w, https:\/\/www.drivelife.it\/pics\/wp-content\/uploads\/2017\/01\/122466_broadcast11-2-1280x851.jpg 1280w\" sizes=\"auto, (max-width: 150px) 100vw, 150px\" \/><\/a>\n\t\t\t<\/div><\/figure><figure class='gallery-item'>\n\t\t\t<div class='gallery-icon landscape'>\n\t\t\t\t<a href='https:\/\/www.drivelife.it\/pics\/2017\/01\/03\/mercedes-amg-gt-r\/der-neue-mercedes-amg-gt-r-entwickelt-in-der-grunen-holle-21\/'><img loading=\"lazy\" decoding=\"async\" width=\"150\" height=\"100\" src=\"https:\/\/www.drivelife.it\/pics\/wp-content\/uploads\/2017\/01\/122466_broadcast10-1-600x400.jpg\" class=\"attachment-thumbnail size-thumbnail\" alt=\"\" srcset=\"https:\/\/www.drivelife.it\/pics\/wp-content\/uploads\/2017\/01\/122466_broadcast10-1-600x400.jpg 600w, https:\/\/www.drivelife.it\/pics\/wp-content\/uploads\/2017\/01\/122466_broadcast10-1-900x598.jpg 900w, https:\/\/www.drivelife.it\/pics\/wp-content\/uploads\/2017\/01\/122466_broadcast10-1-768x510.jpg 768w, https:\/\/www.drivelife.it\/pics\/wp-content\/uploads\/2017\/01\/122466_broadcast10-1-1280x851.jpg 1280w\" sizes=\"auto, (max-width: 150px) 100vw, 150px\" \/><\/a>\n\t\t\t<\/div><\/figure><figure class='gallery-item'>\n\t\t\t<div class='gallery-icon landscape'>\n\t\t\t\t<a href='https:\/\/www.drivelife.it\/pics\/2017\/01\/03\/mercedes-amg-gt-r\/mercedes-amg-gt-r-18\/'><img loading=\"lazy\" decoding=\"async\" width=\"150\" height=\"100\" src=\"https:\/\/www.drivelife.it\/pics\/wp-content\/uploads\/2017\/01\/122466_broadcast09-1-600x400.jpg\" class=\"attachment-thumbnail size-thumbnail\" alt=\"\" \/><\/a>\n\t\t\t<\/div><\/figure><figure class='gallery-item'>\n\t\t\t<div class='gallery-icon landscape'>\n\t\t\t\t<a href='https:\/\/www.drivelife.it\/pics\/2017\/01\/03\/mercedes-amg-gt-r\/mercedes-amg-gt-r-17\/'><img loading=\"lazy\" decoding=\"async\" width=\"150\" height=\"100\" src=\"https:\/\/www.drivelife.it\/pics\/wp-content\/uploads\/2017\/01\/122466_broadcast08-1-600x400.jpg\" class=\"attachment-thumbnail size-thumbnail\" alt=\"\" \/><\/a>\n\t\t\t<\/div><\/figure><figure class='gallery-item'>\n\t\t\t<div class='gallery-icon landscape'>\n\t\t\t\t<a href='https:\/\/www.drivelife.it\/pics\/2017\/01\/03\/mercedes-amg-gt-r\/mercedes-amg-gt-r-16\/'><img loading=\"lazy\" decoding=\"async\" width=\"150\" height=\"100\" src=\"https:\/\/www.drivelife.it\/pics\/wp-content\/uploads\/2017\/01\/122466_broadcast07-1-600x400.jpg\" class=\"attachment-thumbnail size-thumbnail\" alt=\"\" \/><\/a>\n\t\t\t<\/div><\/figure><figure class='gallery-item'>\n\t\t\t<div class='gallery-icon landscape'>\n\t\t\t\t<a href='https:\/\/www.drivelife.it\/pics\/2017\/01\/03\/mercedes-amg-gt-r\/mercedes-amg-gt-r-15\/'><img loading=\"lazy\" decoding=\"async\" width=\"150\" height=\"100\" src=\"https:\/\/www.drivelife.it\/pics\/wp-content\/uploads\/2017\/01\/122466_broadcast06-1-600x400.jpg\" class=\"attachment-thumbnail size-thumbnail\" alt=\"\" \/><\/a>\n\t\t\t<\/div><\/figure><figure class='gallery-item'>\n\t\t\t<div class='gallery-icon landscape'>\n\t\t\t\t<a href='https:\/\/www.drivelife.it\/pics\/2017\/01\/03\/mercedes-amg-gt-r\/mercedes-amg-gt-r-14\/'><img loading=\"lazy\" decoding=\"async\" width=\"150\" height=\"100\" src=\"https:\/\/www.drivelife.it\/pics\/wp-content\/uploads\/2017\/01\/122466_broadcast05-1-600x400.jpg\" class=\"attachment-thumbnail size-thumbnail\" alt=\"\" \/><\/a>\n\t\t\t<\/div><\/figure><figure class='gallery-item'>\n\t\t\t<div class='gallery-icon landscape'>\n\t\t\t\t<a href='https:\/\/www.drivelife.it\/pics\/2017\/01\/03\/mercedes-amg-gt-r\/mercedes-amg-gt-r-13\/'><img loading=\"lazy\" decoding=\"async\" width=\"150\" height=\"100\" src=\"https:\/\/www.drivelife.it\/pics\/wp-content\/uploads\/2017\/01\/122466_broadcast04-1-600x400.jpg\" class=\"attachment-thumbnail size-thumbnail\" alt=\"\" \/><\/a>\n\t\t\t<\/div><\/figure><figure class='gallery-item'>\n\t\t\t<div class='gallery-icon landscape'>\n\t\t\t\t<a href='https:\/\/www.drivelife.it\/pics\/2017\/01\/03\/mercedes-amg-gt-r\/mercedes-amg-gt-r-12\/'><img loading=\"lazy\" decoding=\"async\" width=\"150\" height=\"100\" src=\"https:\/\/www.drivelife.it\/pics\/wp-content\/uploads\/2017\/01\/122466_broadcast03-1-600x400.jpg\" class=\"attachment-thumbnail size-thumbnail\" alt=\"\" \/><\/a>\n\t\t\t<\/div><\/figure><figure class='gallery-item'>\n\t\t\t<div class='gallery-icon landscape'>\n\t\t\t\t<a href='https:\/\/www.drivelife.it\/pics\/2017\/01\/03\/mercedes-amg-gt-r\/mercedes-amg-gt-r-11\/'><img loading=\"lazy\" decoding=\"async\" width=\"150\" height=\"100\" src=\"https:\/\/www.drivelife.it\/pics\/wp-content\/uploads\/2017\/01\/122466_broadcast02-1-600x400.jpg\" class=\"attachment-thumbnail size-thumbnail\" alt=\"\" \/><\/a>\n\t\t\t<\/div><\/figure><figure class='gallery-item'>\n\t\t\t<div class='gallery-icon landscape'>\n\t\t\t\t<a href='https:\/\/www.drivelife.it\/pics\/2017\/01\/03\/mercedes-amg-gt-r\/mercedes-amg-gt-r-10\/'><img loading=\"lazy\" decoding=\"async\" width=\"150\" height=\"100\" src=\"https:\/\/www.drivelife.it\/pics\/wp-content\/uploads\/2017\/01\/122466_broadcast01-1-600x400.jpg\" class=\"attachment-thumbnail size-thumbnail\" alt=\"\" \/><\/a>\n\t\t\t<\/div><\/figure>\n\t\t<\/div>\n\n<p>&nbsp;<br \/>\n&nbsp;<\/p>\n<h1><strong>SOMMARIO E TIMING <\/strong><\/h1>\n<p>&nbsp;<br \/>\n&nbsp;<\/p>\n<h1>IN TV &#8211; RUBRICA TV AUTOMOTIVE DI 12\u201900\u201d &#8211; SOMMARIO, TIMING SERVIZI<br \/>\nBMW SERIE 5 MODELLO 2017, 00&#8217;56&#8221; &#8211; MERCEDES AMG GT-R, 00&#8217;53&#8221; &#8211; smart 300MIGLIA, 00&#8217;54&#8221; &#8211; CITROEN C4 CACTUS RIP CURL &#8220;FILM VENTO&#8221;, 03&#8217;12&#8221; &#8211; DS 4 CROSSBACK, FILM MARMO, 04&#8217;08&#8221;<br \/>\n&#8211; <\/h1>\n<p>&nbsp;<br \/>\n&nbsp;<\/p>\n<h2>START @ &#8211; SOMMARIO, START SERVIZI<br \/>\nBMW SERIE 5 MODELLO 2017, 00&#8217;48&#8221; &#8211; MERCEDES AMG GT-R, 01&#8217;55&#8221; &#8211; smart 300MIGLIA, 02&#8217;57&#8221; &#8211; CITROEN C4 CACTUS RIP CURL &#8220;FILM VENTO&#8221;, 03&#8217;58&#8221; &#8211; DS 4 CROSSBACK, FILM MARMO, 07&#8217;25&#8221;<br \/>\n&#8211; <\/h2>\n<p>&nbsp;<br \/>\n&nbsp;<\/p>\n<blockquote>\n<h1>\n<p>LA MERCEDES AMG GT R HA STABILITO IL RECORD DELLA PISTA DEL NURBURGRING CON IL TEMPO DI 07:10,9 <\/p>\n<\/h1>\n<\/blockquote>\n<p>&nbsp;<br \/>\n&nbsp;<br \/>\n<a href=\"http:\/\/vimeo.com\/drivelife\"><img decoding=\"async\" src=\"http:\/\/a.vimeocdn.com\/images_v6\/blogbadge_channels.png\" alt=\"Vimeo\" \/><\/a><\/p>\n<blockquote>\n<h1><strong>In TV con drivelife del 31 DICEMBRE<\/strong><\/h1>\n<\/blockquote>\n<p><a href=\"https:\/\/flipboard.com\/@mrlukkor\/drivelife-q5flocp8y\" data-flip-widget=\"mag\">View my Flipboard Magazine.<\/a><\/p>\n<h2>Guarda di pi\u00f9 con drivelife<\/h2>\n<p style=\"color: #021eaa;\"><a href=\"http:\/\/car.18x24.it\">car.18&#215;24.it<\/a><\/p>\n<p style=\"color: #021eaa;\"><a href=\"http:\/\/www.drivelife.it\">www.drivelife.it<\/a><\/p>\n<p style=\"color: #021eaa;\"><a href=\"http:\/\/www.drivelife.it\/clip\/\">www.drivelife.it\/clip\/<\/a><\/p>\n<p style=\"color: #021eaa;\"><a href=\"http:\/\/www.drivelife.it\/dlnew\/\">www.drivelife.it\/dlnew\/<\/a><\/p>\n<p style=\"color: #021eaa;\"><a href=\"http:\/\/www.drivelife.it\/moto\/\">www.drivelife.it\/moto\/<\/a><\/p>\n<p style=\"color: #021eaa;\"><a href=\"http:\/\/www.drivelife.it\/car\/\">www.drivelife.it\/car\/<\/a><\/p>\n<p style=\"color: #021eaa;\"><a href=\"http:\/\/www.drivelife.it\/drivelifeintv\/\">www.drivelife.it\/drivelifeintv\/<\/a><\/p>\n<p style=\"color: #021eaa;\"><a href=\"http:\/\/www.drivelife.it\/pics\/\">www.drivelife.it\/pics\/<\/a><\/p>\n<p style=\"color: #021eaa;\"><a href=\"http:\/\/www.drivelife.it\/dresscode\/\">www.drivelife.it\/dresscode\/<\/a><\/p>\n<p style=\"color: #021eaa;\"><a href=\"https:\/\/twitter.com\/tweetdrivelife\">twitter.com\/tweetdrivelife<\/a><\/p>\n<p style=\"color: #021eaa;\"><a href=\"https:\/\/flipboard.com\/@mrlukkor\/drivelife-q5flocp8y\">flipboard.com\/@mrlukkor\/drivelife<\/a><\/p>\n<p>&nbsp;<\/p>\n<p>&nbsp;<br \/>\n&nbsp;<\/p>\n<h2>TRAILER PUNTATA IN TV<\/h2>\n<p>&nbsp;<br \/>\n#CITROEN #C4 #CACTUS RIP CURL &#8220;FILM VENTO&#8221;<br \/>\nhttps:\/\/vimeo.com\/180315431<br \/>\n&nbsp;<\/p>\n<blockquote class=\"wp-embedded-content\" data-secret=\"ljRllj1Cm0\"><p><a href=\"https:\/\/www.drivelife.it\/clip\/2016\/12\/23\/drivelife-2016-puntata-del-31-dicembre\/\">DRIVELIFE 2016, PUNTATA DEL 31 DICEMBRE<\/a><\/p><\/blockquote>\n<p><iframe loading=\"lazy\" class=\"wp-embedded-content\" sandbox=\"allow-scripts\" security=\"restricted\" style=\"position: absolute; visibility: hidden;\" title=\"&#8220;DRIVELIFE 2016, PUNTATA DEL 31 DICEMBRE&#8221; &#8212; DRIVELIFE\" src=\"https:\/\/www.drivelife.it\/clip\/2016\/12\/23\/drivelife-2016-puntata-del-31-dicembre\/embed\/#?secret=lt49l3CZHb#?secret=ljRllj1Cm0\" data-secret=\"ljRllj1Cm0\" width=\"600\" height=\"338\" frameborder=\"0\" marginwidth=\"0\" marginheight=\"0\" scrolling=\"no\"><\/iframe><br \/>\n&nbsp;<br \/>\n&nbsp;<\/p>\n<h1><strong>SOMMARIO E TIMING<\/strong><\/h1>\n<p>&nbsp;<br \/>\n&nbsp;<\/p>\n<h1>IN TV &#8211; RUBRICA TV AUTOMOTIVE DI 12\u201900\u201d &#8211; SOMMARIO, TIMING SERVIZI<br \/>\nBMW SERIE 5 MODELLO 2017, 00&#8217;56&#8221; &#8211; MERCEDES AMG GT-R, 00&#8217;53&#8221; &#8211; smart 300MIGLIA, 00&#8217;54&#8221; &#8211; CITROEN C4 CACTUS RIP CURL &#8220;FILM VENTO&#8221;, 03&#8217;12&#8221; &#8211; DS 4 CROSSBACK, FILM MARMO, 04&#8217;08&#8221;<br \/>\n&#8211; <\/h1>\n<p>&nbsp;<br \/>\n&nbsp;<\/p>\n<h2>START @ &#8211; SOMMARIO, START SERVIZI<br \/>\nBMW SERIE 5 MODELLO 2017, 00&#8217;48&#8221; &#8211; MERCEDES AMG GT-R, 01&#8217;55&#8221; &#8211; smart 300MIGLIA, 02&#8217;57&#8221; &#8211; CITROEN C4 CACTUS RIP CURL &#8220;FILM VENTO&#8221;, 03&#8217;58&#8221; &#8211; DS 4 CROSSBACK, FILM MARMO, 07&#8217;25&#8221;<br \/>\n&#8211; <\/h2>\n<p>&nbsp;<br \/>\n&nbsp;<br \/>\n#DS 4 #CROSSBACK, CAVA 75, &#8220;FILM MARMO&#8221;<br \/>\nhttps:\/\/vimeo.com\/171320333<br \/>\n&nbsp;<\/p>\n<blockquote class=\"wp-embedded-content\" data-secret=\"ljRllj1Cm0\"><p><a href=\"https:\/\/www.drivelife.it\/clip\/2016\/12\/23\/drivelife-2016-puntata-del-31-dicembre\/\">DRIVELIFE 2016, PUNTATA DEL 31 DICEMBRE<\/a><\/p><\/blockquote>\n<p><iframe loading=\"lazy\" class=\"wp-embedded-content\" sandbox=\"allow-scripts\" security=\"restricted\" style=\"position: absolute; visibility: hidden;\" title=\"&#8220;DRIVELIFE 2016, PUNTATA DEL 31 DICEMBRE&#8221; &#8212; DRIVELIFE\" src=\"https:\/\/www.drivelife.it\/clip\/2016\/12\/23\/drivelife-2016-puntata-del-31-dicembre\/embed\/#?secret=lt49l3CZHb#?secret=ljRllj1Cm0\" data-secret=\"ljRllj1Cm0\" width=\"600\" height=\"338\" frameborder=\"0\" marginwidth=\"0\" marginheight=\"0\" scrolling=\"no\"><\/iframe><br \/>\n&nbsp;<br \/>\n&nbsp;<\/p>\n<p>&nbsp;<br \/>\n&nbsp;<br \/>\nCredit clip&#038;pic, quando pubblicato<br \/>\nTutte le fotografie e le clip \u00a9lucaromanopix<br \/>\n<strong>Vietata la riproduzione e la diffusione su e con qualsiasi mezzo e\/o social network senza il consenso scritto dell&#8217;autore. Le fotografie sono file con firma digitale. Le fotografie sono protette secondo le norme vigenti in Italia del diritto d\u2019autore. <\/strong><br \/>\n&nbsp;<\/p>\n<h2>\n<blockquote><p>Once Ansel Adams said: \u201cThe single most important component of a camera is the twelve inches behind it\u201d.<\/p><\/blockquote>\n<\/h2>\n<p>&nbsp;<br \/>\n&nbsp;<\/p>\n<h1>IN TV CON DRIVELIFE IL 31 DICEMBRE &#8211; GUARDA LA CLIP SU vimeo<\/h1>\n<p>&nbsp;<br \/>\n&nbsp;<\/p>\n<h1>XLETV mp4<\/h1>\n<p>https:\/\/vimeo.com\/197183804<br \/>\n&nbsp;<br \/>\n&nbsp;<\/p>\n<h1>XLETV mpg<\/h1>\n<p>https:\/\/vimeo.com\/197183622<br \/>\n&nbsp;<br \/>\n&nbsp;<br \/>\n<a class=\"twitter-timeline\" href=\"https:\/\/twitter.com\/lucaatmrlukkor\" data-widget-id=\"557957842121289728\">Tweet di @lucaatmrlukkor<\/a> <script>!function(d,s,id){var js,fjs=d.getElementsByTagName(s)[0],p=\/^http:\/.test(d.location)?'http':'https';if(!d.getElementById(id)){js=d.createElement(s);js.id=id;js.src=p+\":\/\/platform.twitter.com\/widgets.js\";fjs.parentNode.insertBefore(js,fjs);}}(document,\"script\",\"twitter-wjs\");<\/script><br \/>\n&nbsp;<\/p>\n","protected":false},"excerpt":{"rendered":"IL GUSTO DEL POSSESSO &#8211; UN&#8217;AUTOMOBILE COME LA MERCEDES AMG GT R SI COMPRA PER IL PIACERE DELL&#8217;INDISCUTIBILE APPARTENENZA AL [&hellip;]","protected":false},"author":1,"featured_media":5117,"comment_status":"closed","ping_status":"closed","sticky":false,"template":"","format":"standard","meta":{"_monsterinsights_skip_tracking":false,"_monsterinsights_sitenote_active":false,"_monsterinsights_sitenote_note":"","_monsterinsights_sitenote_category":0,"ngg_post_thumbnail":0,"footnotes":""},"categories":[10,11,81],"tags":[305,312,309,310,307,313,308,306,311],"class_list":["post-5059","post","type-post","status-publish","format-standard","has-post-thumbnail","hentry","category-automotive","category-gallery-automotive","category-mercedes-benz","tag-bmw-serie-5-modello-2017","tag-cava-75","tag-citroen-c4-cactus-rip-curl","tag-ds-4-crossback","tag-mercedes-amg-gt-r","tag-montemaggiore","tag-portimao","tag-smart-300miglia","tag-tony-cili","clearfix"],"_links":{"self":[{"href":"https:\/\/www.drivelife.it\/pics\/wp-json\/wp\/v2\/posts\/5059","targetHints":{"allow":["GET"]}}],"collection":[{"href":"https:\/\/www.drivelife.it\/pics\/wp-json\/wp\/v2\/posts"}],"about":[{"href":"https:\/\/www.drivelife.it\/pics\/wp-json\/wp\/v2\/types\/post"}],"author":[{"embeddable":true,"href":"https:\/\/www.drivelife.it\/pics\/wp-json\/wp\/v2\/users\/1"}],"replies":[{"embeddable":true,"href":"https:\/\/www.drivelife.it\/pics\/wp-json\/wp\/v2\/comments?post=5059"}],"version-history":[{"count":4,"href":"https:\/\/www.drivelife.it\/pics\/wp-json\/wp\/v2\/posts\/5059\/revisions"}],"predecessor-version":[{"id":5121,"href":"https:\/\/www.drivelife.it\/pics\/wp-json\/wp\/v2\/posts\/5059\/revisions\/5121"}],"wp:featuredmedia":[{"embeddable":true,"href":"https:\/\/www.drivelife.it\/pics\/wp-json\/wp\/v2\/media\/5117"}],"wp:attachment":[{"href":"https:\/\/www.drivelife.it\/pics\/wp-json\/wp\/v2\/media?parent=5059"}],"wp:term":[{"taxonomy":"category","embeddable":true,"href":"https:\/\/www.drivelife.it\/pics\/wp-json\/wp\/v2\/categories?post=5059"},{"taxonomy":"post_tag","embeddable":true,"href":"https:\/\/www.drivelife.it\/pics\/wp-json\/wp\/v2\/tags?post=5059"}],"curies":[{"name":"wp","href":"https:\/\/api.w.org\/{rel}","templated":true}]}}