{"id":4892,"date":"2016-03-05T17:07:59","date_gmt":"2016-03-05T17:07:59","guid":{"rendered":"http:\/\/www.drivelife.it\/pics\/?p=4892"},"modified":"2016-03-14T16:32:02","modified_gmt":"2016-03-14T16:32:02","slug":"mazda-rx-vision","status":"publish","type":"post","link":"https:\/\/www.drivelife.it\/pics\/2016\/03\/05\/mazda-rx-vision\/","title":{"rendered":"MAZDA RX-VISION"},"content":{"rendered":"<h2>drivelife \/ vimeo MAZDA RX-VISION, clip in TV il 12 Marzo<\/h2>\n<p>https:\/\/vimeo.com\/158717825<br \/>\n&nbsp;<br \/>\n&nbsp;<br \/>\n&nbsp;<br \/>\nhttps:\/\/vimeo.com\/157849283<\/p>\n<blockquote>\n<h2>\u201cLui\u201d l\u2019aveva detto ad un \u201camico\u201d: \u201cvedrai, vedrai, il nostro prossimo rotativo lascia a bocca aperta\u201d.<\/h2>\n<\/blockquote>\n<p>\u201cUno\u201d credibile per la carica ricoperta, uno che dietro quell\u2019aria molto sbarazzina nasconde il carattere di chi sa giocare bene la partita, uno che ci mette la faccia. Mica cosa da poco in questi tempi in cui salvare la poltrona giocando con i numeri delle tabelle sembra essere un\u2019attivit\u00e0 molto diffusa. Insomma un po\u2019 il festival della tabellina. Sembra una canzone dello Zecchino d\u2019Oro, o un film di Walt Disney.<br \/>\n&nbsp;<br \/>\n&nbsp;<br \/>\n&nbsp;<br \/>\n<em><strong>(da drivelife per TV del 12 Marzo 2016)<\/strong><\/em> &#8211; Infatti \u00e8 proprio cos\u00ec, il concept di Mazda, RX-Vision, \u00e8 un tripudio di forme e sogni. Osannato e celebrato da tutti sul web (!), magari anche da quelli che non sanno tracciare una linea dritta su un foglio bianco, figuriamoci a parlar di stile&#8230; arriva in Europa, a Ginevra 2016, il concept di Mazda. Quello che monter\u00e0 il prossimo motore rotativo di Mazda. Quello di questa clip che arriva da Tokio, e non dalla citt\u00e0 lacustre***, dove \u00e8 stato mostrato al pubblico per la prima volta. Mazda con gli ultimi modelli, vedi la CX-3, ha intrapreso un\u2019attivit\u00e0 che la porter\u00e0 a coniugare in modo sempre pi\u00f9 intenso l\u2019eccellenza dello stile con un\u2019alta qualit\u00e0 di prodotto ma a costi competitivi. Non per niente tanti clienti, in Italia, preferiscono la CX-3 alla Mini Countryman. E non solo per il delta prezzo vantaggioso per la giapponese&#8230;<\/p>\n<h2>GALLERIA FOTOGRAFICA<\/h2>\n<p><div id='gallery-1' class='gallery galleryid-4892 gallery-columns-5 gallery-size-large'><figure class='gallery-item'>\n\t\t\t<div class='gallery-icon landscape'>\n\t\t\t\t<a href='https:\/\/www.drivelife.it\/pics\/2016\/03\/05\/mazda-rx-vision\/rx-vision-concept_2016_01\/'><img loading=\"lazy\" decoding=\"async\" width=\"640\" height=\"480\" src=\"https:\/\/www.drivelife.it\/pics\/wp-content\/uploads\/2016\/03\/rx-vision-concept_2016_01-1280x959.jpg\" class=\"attachment-large size-large\" alt=\"\" srcset=\"https:\/\/www.drivelife.it\/pics\/wp-content\/uploads\/2016\/03\/rx-vision-concept_2016_01-1280x959.jpg 1280w, https:\/\/www.drivelife.it\/pics\/wp-content\/uploads\/2016\/03\/rx-vision-concept_2016_01-900x674.jpg 900w, https:\/\/www.drivelife.it\/pics\/wp-content\/uploads\/2016\/03\/rx-vision-concept_2016_01-768x575.jpg 768w\" sizes=\"auto, (max-width: 640px) 100vw, 640px\" \/><\/a>\n\t\t\t<\/div><\/figure><figure class='gallery-item'>\n\t\t\t<div class='gallery-icon portrait'>\n\t\t\t\t<a href='https:\/\/www.drivelife.it\/pics\/2016\/03\/05\/mazda-rx-vision\/rx-vision-concept_2016_06\/'><img loading=\"lazy\" decoding=\"async\" width=\"450\" height=\"800\" src=\"https:\/\/www.drivelife.it\/pics\/wp-content\/uploads\/2016\/03\/rx-vision-concept_2016_06-1280x2276.jpg\" class=\"attachment-large size-large\" alt=\"\" srcset=\"https:\/\/www.drivelife.it\/pics\/wp-content\/uploads\/2016\/03\/rx-vision-concept_2016_06-1280x2276.jpg 1280w, https:\/\/www.drivelife.it\/pics\/wp-content\/uploads\/2016\/03\/rx-vision-concept_2016_06-900x1600.jpg 900w, https:\/\/www.drivelife.it\/pics\/wp-content\/uploads\/2016\/03\/rx-vision-concept_2016_06-768x1365.jpg 768w, https:\/\/www.drivelife.it\/pics\/wp-content\/uploads\/2016\/03\/rx-vision-concept_2016_06.jpg 1440w\" sizes=\"auto, (max-width: 450px) 100vw, 450px\" \/><\/a>\n\t\t\t<\/div><\/figure><figure class='gallery-item'>\n\t\t\t<div class='gallery-icon portrait'>\n\t\t\t\t<a href='https:\/\/www.drivelife.it\/pics\/2016\/03\/05\/mazda-rx-vision\/rx-vision-concept_2016_07\/'><img loading=\"lazy\" decoding=\"async\" width=\"450\" height=\"800\" src=\"https:\/\/www.drivelife.it\/pics\/wp-content\/uploads\/2016\/03\/rx-vision-concept_2016_07-1280x2276.jpg\" class=\"attachment-large size-large\" alt=\"\" srcset=\"https:\/\/www.drivelife.it\/pics\/wp-content\/uploads\/2016\/03\/rx-vision-concept_2016_07-1280x2276.jpg 1280w, https:\/\/www.drivelife.it\/pics\/wp-content\/uploads\/2016\/03\/rx-vision-concept_2016_07-900x1600.jpg 900w, https:\/\/www.drivelife.it\/pics\/wp-content\/uploads\/2016\/03\/rx-vision-concept_2016_07-768x1365.jpg 768w, https:\/\/www.drivelife.it\/pics\/wp-content\/uploads\/2016\/03\/rx-vision-concept_2016_07.jpg 1440w\" sizes=\"auto, (max-width: 450px) 100vw, 450px\" \/><\/a>\n\t\t\t<\/div><\/figure><figure class='gallery-item'>\n\t\t\t<div class='gallery-icon landscape'>\n\t\t\t\t<a href='https:\/\/www.drivelife.it\/pics\/2016\/03\/05\/mazda-rx-vision\/rx-vision-concept_2016_08-2\/'><img loading=\"lazy\" decoding=\"async\" width=\"640\" height=\"274\" src=\"https:\/\/www.drivelife.it\/pics\/wp-content\/uploads\/2016\/03\/rx-vision-concept_2016_08-1-1280x548.jpg\" class=\"attachment-large size-large\" alt=\"\" srcset=\"https:\/\/www.drivelife.it\/pics\/wp-content\/uploads\/2016\/03\/rx-vision-concept_2016_08-1-1280x548.jpg 1280w, https:\/\/www.drivelife.it\/pics\/wp-content\/uploads\/2016\/03\/rx-vision-concept_2016_08-1-900x385.jpg 900w, https:\/\/www.drivelife.it\/pics\/wp-content\/uploads\/2016\/03\/rx-vision-concept_2016_08-1-768x329.jpg 768w\" sizes=\"auto, (max-width: 640px) 100vw, 640px\" \/><\/a>\n\t\t\t<\/div><\/figure><figure class='gallery-item'>\n\t\t\t<div class='gallery-icon landscape'>\n\t\t\t\t<a href='https:\/\/www.drivelife.it\/pics\/2016\/03\/05\/mazda-rx-vision\/rx-vision-concept_2016_02\/'><img loading=\"lazy\" decoding=\"async\" width=\"640\" height=\"427\" src=\"https:\/\/www.drivelife.it\/pics\/wp-content\/uploads\/2016\/03\/rx-vision-concept_2016_02-1280x853.jpg\" class=\"attachment-large size-large\" alt=\"\" srcset=\"https:\/\/www.drivelife.it\/pics\/wp-content\/uploads\/2016\/03\/rx-vision-concept_2016_02-1280x853.jpg 1280w, https:\/\/www.drivelife.it\/pics\/wp-content\/uploads\/2016\/03\/rx-vision-concept_2016_02-600x400.jpg 600w, https:\/\/www.drivelife.it\/pics\/wp-content\/uploads\/2016\/03\/rx-vision-concept_2016_02-900x600.jpg 900w, https:\/\/www.drivelife.it\/pics\/wp-content\/uploads\/2016\/03\/rx-vision-concept_2016_02-768x512.jpg 768w\" sizes=\"auto, (max-width: 640px) 100vw, 640px\" \/><\/a>\n\t\t\t<\/div><\/figure>\n\t\t<\/div>\n<br \/>\n&nbsp;<br \/>\n&nbsp;<br \/>\n&nbsp;<\/p>\n<h1>HUBNUT vimeo<\/h1>\n<p>&nbsp;<br \/>\n&nbsp;<br \/>\n&nbsp;<br \/>\n<iframe loading=\"lazy\" src=\"\/\/player.vimeo.com\/hubnut\/portfolio\/534523?color=44bbff&amp;background=ffffff&amp;slideshow=0&amp;video_title=0&amp;video_byline=0\" width=\"1280\" height=\"720\" frameborder=\"1\" webkitAllowFullScreen mozallowfullscreen allowFullScreen><\/iframe><br \/>\n&nbsp;<br \/>\n&nbsp;<br \/>\n&nbsp;<\/p>\n<pre><em>Ess\u00ec devo proprio mettermi al semaforo con telecamera e teleobiettivo, se ne vedranno delle belle...<\/em><\/pre>\n<pre><em>***Introvabile una clip di Ginevra...<\/em><\/pre>\n","protected":false},"excerpt":{"rendered":"drivelife \/ vimeo MAZDA RX-VISION, clip in TV il 12 Marzo https:\/\/vimeo.com\/158717825 &nbsp; &nbsp; &nbsp; https:\/\/vimeo.com\/157849283 \u201cLui\u201d l\u2019aveva detto ad [&hellip;]","protected":false},"author":1,"featured_media":4894,"comment_status":"closed","ping_status":"closed","sticky":false,"template":"","format":"standard","meta":{"_monsterinsights_skip_tracking":false,"_monsterinsights_sitenote_active":false,"_monsterinsights_sitenote_note":"","_monsterinsights_sitenote_category":0,"ngg_post_thumbnail":0,"footnotes":""},"categories":[10,283],"tags":[242,45,292,291,294,295,296,293],"class_list":["post-4892","post","type-post","status-publish","format-standard","has-post-thumbnail","hentry","category-automotive","category-mazda","tag-automotive","tag-drivelife","tag-geneva-international-motor-show-2016","tag-ginevra-2016","tag-in-tv-il-12-marzo","tag-mazda","tag-mazda-rx-vision","tag-gims2016","clearfix"],"_links":{"self":[{"href":"https:\/\/www.drivelife.it\/pics\/wp-json\/wp\/v2\/posts\/4892","targetHints":{"allow":["GET"]}}],"collection":[{"href":"https:\/\/www.drivelife.it\/pics\/wp-json\/wp\/v2\/posts"}],"about":[{"href":"https:\/\/www.drivelife.it\/pics\/wp-json\/wp\/v2\/types\/post"}],"author":[{"embeddable":true,"href":"https:\/\/www.drivelife.it\/pics\/wp-json\/wp\/v2\/users\/1"}],"replies":[{"embeddable":true,"href":"https:\/\/www.drivelife.it\/pics\/wp-json\/wp\/v2\/comments?post=4892"}],"version-history":[{"count":9,"href":"https:\/\/www.drivelife.it\/pics\/wp-json\/wp\/v2\/posts\/4892\/revisions"}],"predecessor-version":[{"id":4908,"href":"https:\/\/www.drivelife.it\/pics\/wp-json\/wp\/v2\/posts\/4892\/revisions\/4908"}],"wp:featuredmedia":[{"embeddable":true,"href":"https:\/\/www.drivelife.it\/pics\/wp-json\/wp\/v2\/media\/4894"}],"wp:attachment":[{"href":"https:\/\/www.drivelife.it\/pics\/wp-json\/wp\/v2\/media?parent=4892"}],"wp:term":[{"taxonomy":"category","embeddable":true,"href":"https:\/\/www.drivelife.it\/pics\/wp-json\/wp\/v2\/categories?post=4892"},{"taxonomy":"post_tag","embeddable":true,"href":"https:\/\/www.drivelife.it\/pics\/wp-json\/wp\/v2\/tags?post=4892"}],"curies":[{"name":"wp","href":"https:\/\/api.w.org\/{rel}","templated":true}]}}