{"id":3333,"date":"2014-09-20T11:25:08","date_gmt":"2014-09-20T11:25:08","guid":{"rendered":"http:\/\/www.drivelife.it\/pics\/?p=3333"},"modified":"2014-09-26T21:00:42","modified_gmt":"2014-09-26T21:00:42","slug":"bmw_active-tourer","status":"publish","type":"post","link":"https:\/\/www.drivelife.it\/pics\/2014\/09\/20\/bmw_active-tourer\/","title":{"rendered":"ACTIVE TOURER"},"content":{"rendered":"<h1>GUARDARE O VEDERE?<\/h1>\n<h2>Non sono uno che apre la custodia dello Stradivari con facilit\u00e0. Anzi.<\/h2>\n<h2>Tra l&#8217;altro il violino, seppur Stradivari, \u00e8 un&#8217;arco che non mi piace.<br \/>\nPreferisco il pianoforte.<\/h2>\n<p>Da tempo volevo pubblicare qualcosa su drivelife\/pics ma &#8211; diciamo la verit\u00e0 &#8211; di belle foto in giro non se ne &#8220;vedono&#8221; molte.<\/p>\n<p>Per carit\u00e0, il censore fermi le lame, mi riferisco alle fotografie di corredo alle documentazioni stampa per i &#8220;giornalisti&#8221;, quelli che frequentano le presentazioni nazionali, ed internazionali, i &#8220;test drive&#8221;.<\/p>\n<p>Non ho trovato quel &#8220;quid&#8221; in pi\u00f9 che fa di una asettica fotografia industriale una bella fotografia, che pur rappresentando l&#8217;oggetto (l&#8217;automobile o la macchina, a seconda del costruttore), facesse venir voglia di plaudire all&#8217;occhio inconsueto, alla capacit\u00e0 di cogliere quell&#8217;attimo di luce che, appunto, fa la differenza.<\/p>\n<p>Fronte, fianco, coda e tre quarti&#8230; pure dall&#8217;alto e dal basso. Queste sono le inquadrature. Tutti, pi\u00f9 o meno, capaci. Ma il gioco di colori e la scelta della luce, la capacit\u00e0 di cogliere la fusione delle luci e delle ombre, questa \u00e8 un&#8217;altra storia. E chi ha scattato le foto della cartella stampa della nuova BMW Active Tourer, ha questa capacit\u00e0. Che fa la differenza tra guardare e saper vedere.<\/p>\n<h2>E per un&#8217;automobile rivoluzionaria,<br \/>\nci voleva qualcuno che fosse capace di fotografarla<br \/>\ne di far venire la voglia di mettersi al volante per viaggiare.<\/h2>\n<h1>Magari verso Merano.<\/h1>\n<p>(luca romano)<\/p>\n<p>&nbsp;<\/p>\n<h1><strong>BMW SERIE 2<\/strong> Active Tourer pics<\/h1>\n<p>(c) Alberto Novelli<\/p>\n<div id='gallery-1' class='gallery galleryid-3333 gallery-columns-9 gallery-size-thumbnail'><figure class='gallery-item'>\n\t\t\t<div class='gallery-icon landscape'>\n\t\t\t\t<a href='https:\/\/www.drivelife.it\/pics\/2014\/09\/20\/bmw_active-tourer\/serie2_01091-2\/'><img loading=\"lazy\" decoding=\"async\" width=\"150\" height=\"100\" src=\"https:\/\/www.drivelife.it\/pics\/wp-content\/uploads\/2014\/09\/Serie2_010911-600x400.jpg\" class=\"attachment-thumbnail size-thumbnail\" alt=\"\" \/><\/a>\n\t\t\t<\/div><\/figure><figure class='gallery-item'>\n\t\t\t<div class='gallery-icon landscape'>\n\t\t\t\t<a href='https:\/\/www.drivelife.it\/pics\/2014\/09\/20\/bmw_active-tourer\/serie2_05426\/'><img loading=\"lazy\" decoding=\"async\" width=\"150\" height=\"100\" src=\"https:\/\/www.drivelife.it\/pics\/wp-content\/uploads\/2014\/09\/Serie2_05426-600x400.jpg\" class=\"attachment-thumbnail size-thumbnail\" alt=\"\" srcset=\"https:\/\/www.drivelife.it\/pics\/wp-content\/uploads\/2014\/09\/Serie2_05426-600x400.jpg 600w, https:\/\/www.drivelife.it\/pics\/wp-content\/uploads\/2014\/09\/Serie2_05426-900x599.jpg 900w, https:\/\/www.drivelife.it\/pics\/wp-content\/uploads\/2014\/09\/Serie2_05426-1280x853.jpg 1280w\" sizes=\"auto, (max-width: 150px) 100vw, 150px\" \/><\/a>\n\t\t\t<\/div><\/figure><figure class='gallery-item'>\n\t\t\t<div class='gallery-icon landscape'>\n\t\t\t\t<a href='https:\/\/www.drivelife.it\/pics\/2014\/09\/20\/bmw_active-tourer\/serie2_04435\/'><img loading=\"lazy\" decoding=\"async\" width=\"150\" height=\"100\" src=\"https:\/\/www.drivelife.it\/pics\/wp-content\/uploads\/2014\/09\/Serie2_04435-600x400.jpg\" class=\"attachment-thumbnail size-thumbnail\" alt=\"\" srcset=\"https:\/\/www.drivelife.it\/pics\/wp-content\/uploads\/2014\/09\/Serie2_04435-600x400.jpg 600w, https:\/\/www.drivelife.it\/pics\/wp-content\/uploads\/2014\/09\/Serie2_04435-900x599.jpg 900w, https:\/\/www.drivelife.it\/pics\/wp-content\/uploads\/2014\/09\/Serie2_04435-1280x853.jpg 1280w\" sizes=\"auto, (max-width: 150px) 100vw, 150px\" \/><\/a>\n\t\t\t<\/div><\/figure><figure class='gallery-item'>\n\t\t\t<div class='gallery-icon landscape'>\n\t\t\t\t<a href='https:\/\/www.drivelife.it\/pics\/2014\/09\/20\/bmw_active-tourer\/serie2_04473\/'><img loading=\"lazy\" decoding=\"async\" width=\"150\" height=\"100\" src=\"https:\/\/www.drivelife.it\/pics\/wp-content\/uploads\/2014\/09\/Serie2_04473-600x400.jpg\" class=\"attachment-thumbnail size-thumbnail\" alt=\"\" srcset=\"https:\/\/www.drivelife.it\/pics\/wp-content\/uploads\/2014\/09\/Serie2_04473-600x400.jpg 600w, https:\/\/www.drivelife.it\/pics\/wp-content\/uploads\/2014\/09\/Serie2_04473-900x599.jpg 900w, https:\/\/www.drivelife.it\/pics\/wp-content\/uploads\/2014\/09\/Serie2_04473-1280x853.jpg 1280w\" sizes=\"auto, (max-width: 150px) 100vw, 150px\" \/><\/a>\n\t\t\t<\/div><\/figure><figure class='gallery-item'>\n\t\t\t<div class='gallery-icon landscape'>\n\t\t\t\t<a href='https:\/\/www.drivelife.it\/pics\/2014\/09\/20\/bmw_active-tourer\/serie2_04996\/'><img loading=\"lazy\" decoding=\"async\" width=\"150\" height=\"100\" src=\"https:\/\/www.drivelife.it\/pics\/wp-content\/uploads\/2014\/09\/Serie2_04996-600x400.jpg\" class=\"attachment-thumbnail size-thumbnail\" alt=\"\" srcset=\"https:\/\/www.drivelife.it\/pics\/wp-content\/uploads\/2014\/09\/Serie2_04996-600x400.jpg 600w, https:\/\/www.drivelife.it\/pics\/wp-content\/uploads\/2014\/09\/Serie2_04996-900x599.jpg 900w, https:\/\/www.drivelife.it\/pics\/wp-content\/uploads\/2014\/09\/Serie2_04996-1280x853.jpg 1280w\" sizes=\"auto, (max-width: 150px) 100vw, 150px\" \/><\/a>\n\t\t\t<\/div><\/figure><figure class='gallery-item'>\n\t\t\t<div class='gallery-icon landscape'>\n\t\t\t\t<a href='https:\/\/www.drivelife.it\/pics\/2014\/09\/20\/bmw_active-tourer\/serie2_03962\/'><img loading=\"lazy\" decoding=\"async\" width=\"150\" height=\"100\" src=\"https:\/\/www.drivelife.it\/pics\/wp-content\/uploads\/2014\/09\/Serie2_03962-600x400.jpg\" class=\"attachment-thumbnail size-thumbnail\" alt=\"\" srcset=\"https:\/\/www.drivelife.it\/pics\/wp-content\/uploads\/2014\/09\/Serie2_03962-600x400.jpg 600w, https:\/\/www.drivelife.it\/pics\/wp-content\/uploads\/2014\/09\/Serie2_03962-900x599.jpg 900w, https:\/\/www.drivelife.it\/pics\/wp-content\/uploads\/2014\/09\/Serie2_03962-1280x853.jpg 1280w\" sizes=\"auto, (max-width: 150px) 100vw, 150px\" \/><\/a>\n\t\t\t<\/div><\/figure><figure class='gallery-item'>\n\t\t\t<div class='gallery-icon landscape'>\n\t\t\t\t<a href='https:\/\/www.drivelife.it\/pics\/2014\/09\/20\/bmw_active-tourer\/serie2_04046\/'><img loading=\"lazy\" decoding=\"async\" width=\"150\" height=\"100\" src=\"https:\/\/www.drivelife.it\/pics\/wp-content\/uploads\/2014\/09\/Serie2_04046-600x400.jpg\" class=\"attachment-thumbnail size-thumbnail\" alt=\"\" srcset=\"https:\/\/www.drivelife.it\/pics\/wp-content\/uploads\/2014\/09\/Serie2_04046-600x400.jpg 600w, https:\/\/www.drivelife.it\/pics\/wp-content\/uploads\/2014\/09\/Serie2_04046-900x599.jpg 900w, https:\/\/www.drivelife.it\/pics\/wp-content\/uploads\/2014\/09\/Serie2_04046-1280x853.jpg 1280w\" sizes=\"auto, (max-width: 150px) 100vw, 150px\" \/><\/a>\n\t\t\t<\/div><\/figure><figure class='gallery-item'>\n\t\t\t<div class='gallery-icon landscape'>\n\t\t\t\t<a href='https:\/\/www.drivelife.it\/pics\/2014\/09\/20\/bmw_active-tourer\/serie2_04356\/'><img loading=\"lazy\" decoding=\"async\" width=\"150\" height=\"100\" src=\"https:\/\/www.drivelife.it\/pics\/wp-content\/uploads\/2014\/09\/Serie2_04356-600x400.jpg\" class=\"attachment-thumbnail size-thumbnail\" alt=\"\" srcset=\"https:\/\/www.drivelife.it\/pics\/wp-content\/uploads\/2014\/09\/Serie2_04356-600x400.jpg 600w, https:\/\/www.drivelife.it\/pics\/wp-content\/uploads\/2014\/09\/Serie2_04356-900x599.jpg 900w, https:\/\/www.drivelife.it\/pics\/wp-content\/uploads\/2014\/09\/Serie2_04356-1280x853.jpg 1280w\" sizes=\"auto, (max-width: 150px) 100vw, 150px\" \/><\/a>\n\t\t\t<\/div><\/figure><figure class='gallery-item'>\n\t\t\t<div class='gallery-icon landscape'>\n\t\t\t\t<a href='https:\/\/www.drivelife.it\/pics\/2014\/09\/20\/bmw_active-tourer\/serie2_05272\/'><img loading=\"lazy\" decoding=\"async\" width=\"150\" height=\"100\" src=\"https:\/\/www.drivelife.it\/pics\/wp-content\/uploads\/2014\/09\/Serie2_05272-600x400.jpg\" class=\"attachment-thumbnail size-thumbnail\" alt=\"\" srcset=\"https:\/\/www.drivelife.it\/pics\/wp-content\/uploads\/2014\/09\/Serie2_05272-600x400.jpg 600w, https:\/\/www.drivelife.it\/pics\/wp-content\/uploads\/2014\/09\/Serie2_05272-900x599.jpg 900w, https:\/\/www.drivelife.it\/pics\/wp-content\/uploads\/2014\/09\/Serie2_05272-1280x853.jpg 1280w\" sizes=\"auto, (max-width: 150px) 100vw, 150px\" \/><\/a>\n\t\t\t<\/div><\/figure><figure class='gallery-item'>\n\t\t\t<div class='gallery-icon landscape'>\n\t\t\t\t<a href='https:\/\/www.drivelife.it\/pics\/2014\/09\/20\/bmw_active-tourer\/serie2_05235\/'><img loading=\"lazy\" decoding=\"async\" width=\"150\" height=\"100\" src=\"https:\/\/www.drivelife.it\/pics\/wp-content\/uploads\/2014\/09\/Serie2_05235-600x400.jpg\" class=\"attachment-thumbnail size-thumbnail\" alt=\"\" srcset=\"https:\/\/www.drivelife.it\/pics\/wp-content\/uploads\/2014\/09\/Serie2_05235-600x400.jpg 600w, https:\/\/www.drivelife.it\/pics\/wp-content\/uploads\/2014\/09\/Serie2_05235-900x599.jpg 900w, https:\/\/www.drivelife.it\/pics\/wp-content\/uploads\/2014\/09\/Serie2_05235-1280x853.jpg 1280w\" sizes=\"auto, (max-width: 150px) 100vw, 150px\" \/><\/a>\n\t\t\t<\/div><\/figure><figure class='gallery-item'>\n\t\t\t<div class='gallery-icon landscape'>\n\t\t\t\t<a href='https:\/\/www.drivelife.it\/pics\/2014\/09\/20\/bmw_active-tourer\/serie2_05139\/'><img loading=\"lazy\" decoding=\"async\" width=\"150\" height=\"100\" src=\"https:\/\/www.drivelife.it\/pics\/wp-content\/uploads\/2014\/09\/Serie2_05139-600x400.jpg\" class=\"attachment-thumbnail size-thumbnail\" alt=\"\" srcset=\"https:\/\/www.drivelife.it\/pics\/wp-content\/uploads\/2014\/09\/Serie2_05139-600x400.jpg 600w, https:\/\/www.drivelife.it\/pics\/wp-content\/uploads\/2014\/09\/Serie2_05139-900x599.jpg 900w, https:\/\/www.drivelife.it\/pics\/wp-content\/uploads\/2014\/09\/Serie2_05139-1280x853.jpg 1280w\" sizes=\"auto, (max-width: 150px) 100vw, 150px\" \/><\/a>\n\t\t\t<\/div><\/figure><figure class='gallery-item'>\n\t\t\t<div class='gallery-icon landscape'>\n\t\t\t\t<a href='https:\/\/www.drivelife.it\/pics\/2014\/09\/20\/bmw_active-tourer\/serie2_05104\/'><img loading=\"lazy\" decoding=\"async\" width=\"150\" height=\"100\" src=\"https:\/\/www.drivelife.it\/pics\/wp-content\/uploads\/2014\/09\/Serie2_05104-600x400.jpg\" class=\"attachment-thumbnail size-thumbnail\" alt=\"\" srcset=\"https:\/\/www.drivelife.it\/pics\/wp-content\/uploads\/2014\/09\/Serie2_05104-600x400.jpg 600w, https:\/\/www.drivelife.it\/pics\/wp-content\/uploads\/2014\/09\/Serie2_05104-900x599.jpg 900w, https:\/\/www.drivelife.it\/pics\/wp-content\/uploads\/2014\/09\/Serie2_05104-1280x853.jpg 1280w\" sizes=\"auto, (max-width: 150px) 100vw, 150px\" \/><\/a>\n\t\t\t<\/div><\/figure><figure class='gallery-item'>\n\t\t\t<div class='gallery-icon landscape'>\n\t\t\t\t<a href='https:\/\/www.drivelife.it\/pics\/2014\/09\/20\/bmw_active-tourer\/serie2_05064\/'><img loading=\"lazy\" decoding=\"async\" width=\"150\" height=\"100\" src=\"https:\/\/www.drivelife.it\/pics\/wp-content\/uploads\/2014\/09\/Serie2_05064-600x400.jpg\" class=\"attachment-thumbnail size-thumbnail\" alt=\"\" srcset=\"https:\/\/www.drivelife.it\/pics\/wp-content\/uploads\/2014\/09\/Serie2_05064-600x400.jpg 600w, https:\/\/www.drivelife.it\/pics\/wp-content\/uploads\/2014\/09\/Serie2_05064-900x599.jpg 900w, https:\/\/www.drivelife.it\/pics\/wp-content\/uploads\/2014\/09\/Serie2_05064-1280x853.jpg 1280w\" sizes=\"auto, (max-width: 150px) 100vw, 150px\" \/><\/a>\n\t\t\t<\/div><\/figure><figure class='gallery-item'>\n\t\t\t<div class='gallery-icon landscape'>\n\t\t\t\t<a href='https:\/\/www.drivelife.it\/pics\/2014\/09\/20\/bmw_active-tourer\/serie2_05049\/'><img loading=\"lazy\" decoding=\"async\" width=\"150\" height=\"100\" src=\"https:\/\/www.drivelife.it\/pics\/wp-content\/uploads\/2014\/09\/Serie2_05049-600x400.jpg\" class=\"attachment-thumbnail size-thumbnail\" alt=\"\" srcset=\"https:\/\/www.drivelife.it\/pics\/wp-content\/uploads\/2014\/09\/Serie2_05049-600x400.jpg 600w, https:\/\/www.drivelife.it\/pics\/wp-content\/uploads\/2014\/09\/Serie2_05049-900x599.jpg 900w, https:\/\/www.drivelife.it\/pics\/wp-content\/uploads\/2014\/09\/Serie2_05049-1280x853.jpg 1280w\" sizes=\"auto, (max-width: 150px) 100vw, 150px\" \/><\/a>\n\t\t\t<\/div><\/figure><figure class='gallery-item'>\n\t\t\t<div class='gallery-icon landscape'>\n\t\t\t\t<a href='https:\/\/www.drivelife.it\/pics\/2014\/09\/20\/bmw_active-tourer\/serie2_05037\/'><img loading=\"lazy\" decoding=\"async\" width=\"150\" height=\"100\" src=\"https:\/\/www.drivelife.it\/pics\/wp-content\/uploads\/2014\/09\/Serie2_05037-600x400.jpg\" class=\"attachment-thumbnail size-thumbnail\" alt=\"\" srcset=\"https:\/\/www.drivelife.it\/pics\/wp-content\/uploads\/2014\/09\/Serie2_05037-600x400.jpg 600w, https:\/\/www.drivelife.it\/pics\/wp-content\/uploads\/2014\/09\/Serie2_05037-900x599.jpg 900w, https:\/\/www.drivelife.it\/pics\/wp-content\/uploads\/2014\/09\/Serie2_05037-1280x853.jpg 1280w\" sizes=\"auto, (max-width: 150px) 100vw, 150px\" \/><\/a>\n\t\t\t<\/div><\/figure><figure class='gallery-item'>\n\t\t\t<div class='gallery-icon landscape'>\n\t\t\t\t<a href='https:\/\/www.drivelife.it\/pics\/2014\/09\/20\/bmw_active-tourer\/serie2_05036\/'><img loading=\"lazy\" decoding=\"async\" width=\"150\" height=\"100\" src=\"https:\/\/www.drivelife.it\/pics\/wp-content\/uploads\/2014\/09\/Serie2_05036-600x400.jpg\" class=\"attachment-thumbnail size-thumbnail\" alt=\"\" srcset=\"https:\/\/www.drivelife.it\/pics\/wp-content\/uploads\/2014\/09\/Serie2_05036-600x400.jpg 600w, https:\/\/www.drivelife.it\/pics\/wp-content\/uploads\/2014\/09\/Serie2_05036-900x599.jpg 900w, https:\/\/www.drivelife.it\/pics\/wp-content\/uploads\/2014\/09\/Serie2_05036-1280x853.jpg 1280w\" sizes=\"auto, (max-width: 150px) 100vw, 150px\" \/><\/a>\n\t\t\t<\/div><\/figure><figure class='gallery-item'>\n\t\t\t<div class='gallery-icon landscape'>\n\t\t\t\t<a href='https:\/\/www.drivelife.it\/pics\/2014\/09\/20\/bmw_active-tourer\/serie2_05033\/'><img loading=\"lazy\" decoding=\"async\" width=\"150\" height=\"100\" src=\"https:\/\/www.drivelife.it\/pics\/wp-content\/uploads\/2014\/09\/Serie2_05033-600x400.jpg\" class=\"attachment-thumbnail size-thumbnail\" alt=\"\" srcset=\"https:\/\/www.drivelife.it\/pics\/wp-content\/uploads\/2014\/09\/Serie2_05033-600x400.jpg 600w, https:\/\/www.drivelife.it\/pics\/wp-content\/uploads\/2014\/09\/Serie2_05033-900x599.jpg 900w, https:\/\/www.drivelife.it\/pics\/wp-content\/uploads\/2014\/09\/Serie2_05033-1280x853.jpg 1280w\" sizes=\"auto, (max-width: 150px) 100vw, 150px\" \/><\/a>\n\t\t\t<\/div><\/figure><figure class='gallery-item'>\n\t\t\t<div class='gallery-icon landscape'>\n\t\t\t\t<a href='https:\/\/www.drivelife.it\/pics\/2014\/09\/20\/bmw_active-tourer\/serie2_05028\/'><img loading=\"lazy\" decoding=\"async\" width=\"150\" height=\"100\" src=\"https:\/\/www.drivelife.it\/pics\/wp-content\/uploads\/2014\/09\/Serie2_05028-600x400.jpg\" class=\"attachment-thumbnail size-thumbnail\" alt=\"\" srcset=\"https:\/\/www.drivelife.it\/pics\/wp-content\/uploads\/2014\/09\/Serie2_05028-600x400.jpg 600w, https:\/\/www.drivelife.it\/pics\/wp-content\/uploads\/2014\/09\/Serie2_05028-900x599.jpg 900w, https:\/\/www.drivelife.it\/pics\/wp-content\/uploads\/2014\/09\/Serie2_05028-1280x853.jpg 1280w\" sizes=\"auto, (max-width: 150px) 100vw, 150px\" \/><\/a>\n\t\t\t<\/div><\/figure><figure class='gallery-item'>\n\t\t\t<div class='gallery-icon landscape'>\n\t\t\t\t<a href='https:\/\/www.drivelife.it\/pics\/2014\/09\/20\/bmw_active-tourer\/serie2_05019\/'><img loading=\"lazy\" decoding=\"async\" width=\"150\" height=\"100\" src=\"https:\/\/www.drivelife.it\/pics\/wp-content\/uploads\/2014\/09\/Serie2_05019-600x400.jpg\" class=\"attachment-thumbnail size-thumbnail\" alt=\"\" srcset=\"https:\/\/www.drivelife.it\/pics\/wp-content\/uploads\/2014\/09\/Serie2_05019-600x400.jpg 600w, https:\/\/www.drivelife.it\/pics\/wp-content\/uploads\/2014\/09\/Serie2_05019-900x599.jpg 900w, https:\/\/www.drivelife.it\/pics\/wp-content\/uploads\/2014\/09\/Serie2_05019-1280x853.jpg 1280w\" sizes=\"auto, (max-width: 150px) 100vw, 150px\" \/><\/a>\n\t\t\t<\/div><\/figure><figure class='gallery-item'>\n\t\t\t<div class='gallery-icon landscape'>\n\t\t\t\t<a href='https:\/\/www.drivelife.it\/pics\/2014\/09\/20\/bmw_active-tourer\/serie2_05013\/'><img loading=\"lazy\" decoding=\"async\" width=\"150\" height=\"100\" src=\"https:\/\/www.drivelife.it\/pics\/wp-content\/uploads\/2014\/09\/Serie2_05013-600x400.jpg\" class=\"attachment-thumbnail size-thumbnail\" alt=\"\" srcset=\"https:\/\/www.drivelife.it\/pics\/wp-content\/uploads\/2014\/09\/Serie2_05013-600x400.jpg 600w, https:\/\/www.drivelife.it\/pics\/wp-content\/uploads\/2014\/09\/Serie2_05013-900x599.jpg 900w, https:\/\/www.drivelife.it\/pics\/wp-content\/uploads\/2014\/09\/Serie2_05013-1280x853.jpg 1280w\" sizes=\"auto, (max-width: 150px) 100vw, 150px\" \/><\/a>\n\t\t\t<\/div><\/figure><figure class='gallery-item'>\n\t\t\t<div class='gallery-icon landscape'>\n\t\t\t\t<a href='https:\/\/www.drivelife.it\/pics\/2014\/09\/20\/bmw_active-tourer\/serie2_04836\/'><img loading=\"lazy\" decoding=\"async\" width=\"150\" height=\"100\" src=\"https:\/\/www.drivelife.it\/pics\/wp-content\/uploads\/2014\/09\/Serie2_04836-600x400.jpg\" class=\"attachment-thumbnail size-thumbnail\" alt=\"\" srcset=\"https:\/\/www.drivelife.it\/pics\/wp-content\/uploads\/2014\/09\/Serie2_04836-600x400.jpg 600w, https:\/\/www.drivelife.it\/pics\/wp-content\/uploads\/2014\/09\/Serie2_04836-900x599.jpg 900w, https:\/\/www.drivelife.it\/pics\/wp-content\/uploads\/2014\/09\/Serie2_04836-1280x853.jpg 1280w\" sizes=\"auto, (max-width: 150px) 100vw, 150px\" \/><\/a>\n\t\t\t<\/div><\/figure><figure class='gallery-item'>\n\t\t\t<div class='gallery-icon landscape'>\n\t\t\t\t<a href='https:\/\/www.drivelife.it\/pics\/2014\/09\/20\/bmw_active-tourer\/serie2_04766\/'><img loading=\"lazy\" decoding=\"async\" width=\"150\" height=\"100\" src=\"https:\/\/www.drivelife.it\/pics\/wp-content\/uploads\/2014\/09\/Serie2_04766-600x400.jpg\" class=\"attachment-thumbnail size-thumbnail\" alt=\"\" srcset=\"https:\/\/www.drivelife.it\/pics\/wp-content\/uploads\/2014\/09\/Serie2_04766-600x400.jpg 600w, https:\/\/www.drivelife.it\/pics\/wp-content\/uploads\/2014\/09\/Serie2_04766-900x599.jpg 900w, https:\/\/www.drivelife.it\/pics\/wp-content\/uploads\/2014\/09\/Serie2_04766-1280x853.jpg 1280w\" sizes=\"auto, (max-width: 150px) 100vw, 150px\" \/><\/a>\n\t\t\t<\/div><\/figure><figure class='gallery-item'>\n\t\t\t<div class='gallery-icon landscape'>\n\t\t\t\t<a href='https:\/\/www.drivelife.it\/pics\/2014\/09\/20\/bmw_active-tourer\/serie2_04759\/'><img loading=\"lazy\" decoding=\"async\" width=\"150\" height=\"100\" src=\"https:\/\/www.drivelife.it\/pics\/wp-content\/uploads\/2014\/09\/Serie2_04759-600x400.jpg\" class=\"attachment-thumbnail size-thumbnail\" alt=\"\" srcset=\"https:\/\/www.drivelife.it\/pics\/wp-content\/uploads\/2014\/09\/Serie2_04759-600x400.jpg 600w, https:\/\/www.drivelife.it\/pics\/wp-content\/uploads\/2014\/09\/Serie2_04759-900x599.jpg 900w, https:\/\/www.drivelife.it\/pics\/wp-content\/uploads\/2014\/09\/Serie2_04759-1280x853.jpg 1280w\" sizes=\"auto, (max-width: 150px) 100vw, 150px\" \/><\/a>\n\t\t\t<\/div><\/figure><figure class='gallery-item'>\n\t\t\t<div class='gallery-icon landscape'>\n\t\t\t\t<a href='https:\/\/www.drivelife.it\/pics\/2014\/09\/20\/bmw_active-tourer\/serie2_04753\/'><img loading=\"lazy\" decoding=\"async\" width=\"150\" height=\"100\" src=\"https:\/\/www.drivelife.it\/pics\/wp-content\/uploads\/2014\/09\/Serie2_04753-600x400.jpg\" class=\"attachment-thumbnail size-thumbnail\" alt=\"\" srcset=\"https:\/\/www.drivelife.it\/pics\/wp-content\/uploads\/2014\/09\/Serie2_04753-600x400.jpg 600w, https:\/\/www.drivelife.it\/pics\/wp-content\/uploads\/2014\/09\/Serie2_04753-900x599.jpg 900w, https:\/\/www.drivelife.it\/pics\/wp-content\/uploads\/2014\/09\/Serie2_04753-1280x853.jpg 1280w\" sizes=\"auto, (max-width: 150px) 100vw, 150px\" \/><\/a>\n\t\t\t<\/div><\/figure><figure class='gallery-item'>\n\t\t\t<div class='gallery-icon landscape'>\n\t\t\t\t<a href='https:\/\/www.drivelife.it\/pics\/2014\/09\/20\/bmw_active-tourer\/serie2_04575\/'><img loading=\"lazy\" decoding=\"async\" width=\"150\" height=\"100\" src=\"https:\/\/www.drivelife.it\/pics\/wp-content\/uploads\/2014\/09\/Serie2_04575-600x400.jpg\" class=\"attachment-thumbnail size-thumbnail\" alt=\"\" srcset=\"https:\/\/www.drivelife.it\/pics\/wp-content\/uploads\/2014\/09\/Serie2_04575-600x400.jpg 600w, https:\/\/www.drivelife.it\/pics\/wp-content\/uploads\/2014\/09\/Serie2_04575-900x599.jpg 900w, https:\/\/www.drivelife.it\/pics\/wp-content\/uploads\/2014\/09\/Serie2_04575-1280x853.jpg 1280w\" sizes=\"auto, (max-width: 150px) 100vw, 150px\" \/><\/a>\n\t\t\t<\/div><\/figure><figure class='gallery-item'>\n\t\t\t<div class='gallery-icon landscape'>\n\t\t\t\t<a href='https:\/\/www.drivelife.it\/pics\/2014\/09\/20\/bmw_active-tourer\/serie2_03823\/'><img loading=\"lazy\" decoding=\"async\" width=\"150\" height=\"100\" src=\"https:\/\/www.drivelife.it\/pics\/wp-content\/uploads\/2014\/09\/Serie2_03823-600x400.jpg\" class=\"attachment-thumbnail size-thumbnail\" alt=\"\" srcset=\"https:\/\/www.drivelife.it\/pics\/wp-content\/uploads\/2014\/09\/Serie2_03823-600x400.jpg 600w, https:\/\/www.drivelife.it\/pics\/wp-content\/uploads\/2014\/09\/Serie2_03823-900x599.jpg 900w, https:\/\/www.drivelife.it\/pics\/wp-content\/uploads\/2014\/09\/Serie2_03823-1280x853.jpg 1280w\" sizes=\"auto, (max-width: 150px) 100vw, 150px\" \/><\/a>\n\t\t\t<\/div><\/figure><figure class='gallery-item'>\n\t\t\t<div class='gallery-icon landscape'>\n\t\t\t\t<a href='https:\/\/www.drivelife.it\/pics\/2014\/09\/20\/bmw_active-tourer\/serie2_03784\/'><img loading=\"lazy\" decoding=\"async\" width=\"150\" height=\"100\" src=\"https:\/\/www.drivelife.it\/pics\/wp-content\/uploads\/2014\/09\/Serie2_03784-600x400.jpg\" class=\"attachment-thumbnail size-thumbnail\" alt=\"\" srcset=\"https:\/\/www.drivelife.it\/pics\/wp-content\/uploads\/2014\/09\/Serie2_03784-600x400.jpg 600w, https:\/\/www.drivelife.it\/pics\/wp-content\/uploads\/2014\/09\/Serie2_03784-900x599.jpg 900w, https:\/\/www.drivelife.it\/pics\/wp-content\/uploads\/2014\/09\/Serie2_03784-1280x853.jpg 1280w\" sizes=\"auto, (max-width: 150px) 100vw, 150px\" \/><\/a>\n\t\t\t<\/div><\/figure><figure class='gallery-item'>\n\t\t\t<div class='gallery-icon landscape'>\n\t\t\t\t<a href='https:\/\/www.drivelife.it\/pics\/2014\/09\/20\/bmw_active-tourer\/serie2_03742\/'><img loading=\"lazy\" decoding=\"async\" width=\"150\" height=\"100\" src=\"https:\/\/www.drivelife.it\/pics\/wp-content\/uploads\/2014\/09\/Serie2_03742-600x400.jpg\" class=\"attachment-thumbnail size-thumbnail\" alt=\"\" srcset=\"https:\/\/www.drivelife.it\/pics\/wp-content\/uploads\/2014\/09\/Serie2_03742-600x400.jpg 600w, https:\/\/www.drivelife.it\/pics\/wp-content\/uploads\/2014\/09\/Serie2_03742-900x599.jpg 900w, https:\/\/www.drivelife.it\/pics\/wp-content\/uploads\/2014\/09\/Serie2_03742-1280x853.jpg 1280w\" sizes=\"auto, (max-width: 150px) 100vw, 150px\" \/><\/a>\n\t\t\t<\/div><\/figure><figure class='gallery-item'>\n\t\t\t<div class='gallery-icon landscape'>\n\t\t\t\t<a href='https:\/\/www.drivelife.it\/pics\/2014\/09\/20\/bmw_active-tourer\/serie2_03710\/'><img loading=\"lazy\" decoding=\"async\" width=\"150\" height=\"100\" src=\"https:\/\/www.drivelife.it\/pics\/wp-content\/uploads\/2014\/09\/Serie2_03710-600x400.jpg\" class=\"attachment-thumbnail size-thumbnail\" alt=\"\" srcset=\"https:\/\/www.drivelife.it\/pics\/wp-content\/uploads\/2014\/09\/Serie2_03710-600x400.jpg 600w, https:\/\/www.drivelife.it\/pics\/wp-content\/uploads\/2014\/09\/Serie2_03710-900x599.jpg 900w, https:\/\/www.drivelife.it\/pics\/wp-content\/uploads\/2014\/09\/Serie2_03710-1280x853.jpg 1280w\" sizes=\"auto, (max-width: 150px) 100vw, 150px\" \/><\/a>\n\t\t\t<\/div><\/figure><figure class='gallery-item'>\n\t\t\t<div class='gallery-icon landscape'>\n\t\t\t\t<a href='https:\/\/www.drivelife.it\/pics\/2014\/09\/20\/bmw_active-tourer\/serie2_03685\/'><img loading=\"lazy\" decoding=\"async\" width=\"150\" height=\"100\" src=\"https:\/\/www.drivelife.it\/pics\/wp-content\/uploads\/2014\/09\/Serie2_03685-600x400.jpg\" class=\"attachment-thumbnail size-thumbnail\" alt=\"\" srcset=\"https:\/\/www.drivelife.it\/pics\/wp-content\/uploads\/2014\/09\/Serie2_03685-600x400.jpg 600w, https:\/\/www.drivelife.it\/pics\/wp-content\/uploads\/2014\/09\/Serie2_03685-900x599.jpg 900w, https:\/\/www.drivelife.it\/pics\/wp-content\/uploads\/2014\/09\/Serie2_03685-1280x853.jpg 1280w\" sizes=\"auto, (max-width: 150px) 100vw, 150px\" \/><\/a>\n\t\t\t<\/div><\/figure><figure class='gallery-item'>\n\t\t\t<div class='gallery-icon landscape'>\n\t\t\t\t<a href='https:\/\/www.drivelife.it\/pics\/2014\/09\/20\/bmw_active-tourer\/serie2_03684\/'><img loading=\"lazy\" decoding=\"async\" width=\"150\" height=\"100\" src=\"https:\/\/www.drivelife.it\/pics\/wp-content\/uploads\/2014\/09\/Serie2_03684-600x400.jpg\" class=\"attachment-thumbnail size-thumbnail\" alt=\"\" srcset=\"https:\/\/www.drivelife.it\/pics\/wp-content\/uploads\/2014\/09\/Serie2_03684-600x400.jpg 600w, https:\/\/www.drivelife.it\/pics\/wp-content\/uploads\/2014\/09\/Serie2_03684-900x599.jpg 900w, https:\/\/www.drivelife.it\/pics\/wp-content\/uploads\/2014\/09\/Serie2_03684-1280x853.jpg 1280w\" sizes=\"auto, (max-width: 150px) 100vw, 150px\" \/><\/a>\n\t\t\t<\/div><\/figure><figure class='gallery-item'>\n\t\t\t<div class='gallery-icon landscape'>\n\t\t\t\t<a href='https:\/\/www.drivelife.it\/pics\/2014\/09\/20\/bmw_active-tourer\/serie2_03680\/'><img loading=\"lazy\" decoding=\"async\" width=\"150\" height=\"100\" src=\"https:\/\/www.drivelife.it\/pics\/wp-content\/uploads\/2014\/09\/Serie2_03680-600x400.jpg\" class=\"attachment-thumbnail size-thumbnail\" alt=\"\" srcset=\"https:\/\/www.drivelife.it\/pics\/wp-content\/uploads\/2014\/09\/Serie2_03680-600x400.jpg 600w, https:\/\/www.drivelife.it\/pics\/wp-content\/uploads\/2014\/09\/Serie2_03680-900x599.jpg 900w, https:\/\/www.drivelife.it\/pics\/wp-content\/uploads\/2014\/09\/Serie2_03680-1280x853.jpg 1280w\" sizes=\"auto, (max-width: 150px) 100vw, 150px\" \/><\/a>\n\t\t\t<\/div><\/figure><figure class='gallery-item'>\n\t\t\t<div class='gallery-icon landscape'>\n\t\t\t\t<a href='https:\/\/www.drivelife.it\/pics\/2014\/09\/20\/bmw_active-tourer\/serie2_03657\/'><img loading=\"lazy\" decoding=\"async\" width=\"150\" height=\"100\" src=\"https:\/\/www.drivelife.it\/pics\/wp-content\/uploads\/2014\/09\/Serie2_03657-600x400.jpg\" class=\"attachment-thumbnail size-thumbnail\" alt=\"\" srcset=\"https:\/\/www.drivelife.it\/pics\/wp-content\/uploads\/2014\/09\/Serie2_03657-600x400.jpg 600w, https:\/\/www.drivelife.it\/pics\/wp-content\/uploads\/2014\/09\/Serie2_03657-900x599.jpg 900w, https:\/\/www.drivelife.it\/pics\/wp-content\/uploads\/2014\/09\/Serie2_03657-1280x853.jpg 1280w\" sizes=\"auto, (max-width: 150px) 100vw, 150px\" \/><\/a>\n\t\t\t<\/div><\/figure><figure class='gallery-item'>\n\t\t\t<div class='gallery-icon landscape'>\n\t\t\t\t<a href='https:\/\/www.drivelife.it\/pics\/2014\/09\/20\/bmw_active-tourer\/serie2_03629\/'><img loading=\"lazy\" decoding=\"async\" width=\"150\" height=\"100\" src=\"https:\/\/www.drivelife.it\/pics\/wp-content\/uploads\/2014\/09\/Serie2_03629-600x400.jpg\" class=\"attachment-thumbnail size-thumbnail\" alt=\"\" srcset=\"https:\/\/www.drivelife.it\/pics\/wp-content\/uploads\/2014\/09\/Serie2_03629-600x400.jpg 600w, https:\/\/www.drivelife.it\/pics\/wp-content\/uploads\/2014\/09\/Serie2_03629-900x599.jpg 900w, https:\/\/www.drivelife.it\/pics\/wp-content\/uploads\/2014\/09\/Serie2_03629-1280x853.jpg 1280w\" sizes=\"auto, (max-width: 150px) 100vw, 150px\" \/><\/a>\n\t\t\t<\/div><\/figure><figure class='gallery-item'>\n\t\t\t<div class='gallery-icon landscape'>\n\t\t\t\t<a href='https:\/\/www.drivelife.it\/pics\/2014\/09\/20\/bmw_active-tourer\/serie2_03624\/'><img loading=\"lazy\" decoding=\"async\" width=\"150\" height=\"100\" src=\"https:\/\/www.drivelife.it\/pics\/wp-content\/uploads\/2014\/09\/Serie2_03624-600x400.jpg\" class=\"attachment-thumbnail size-thumbnail\" alt=\"\" srcset=\"https:\/\/www.drivelife.it\/pics\/wp-content\/uploads\/2014\/09\/Serie2_03624-600x400.jpg 600w, https:\/\/www.drivelife.it\/pics\/wp-content\/uploads\/2014\/09\/Serie2_03624-900x599.jpg 900w, https:\/\/www.drivelife.it\/pics\/wp-content\/uploads\/2014\/09\/Serie2_03624-1280x853.jpg 1280w\" sizes=\"auto, (max-width: 150px) 100vw, 150px\" \/><\/a>\n\t\t\t<\/div><\/figure><figure class='gallery-item'>\n\t\t\t<div class='gallery-icon landscape'>\n\t\t\t\t<a href='https:\/\/www.drivelife.it\/pics\/2014\/09\/20\/bmw_active-tourer\/serie2_03534\/'><img loading=\"lazy\" decoding=\"async\" width=\"150\" height=\"100\" src=\"https:\/\/www.drivelife.it\/pics\/wp-content\/uploads\/2014\/09\/Serie2_03534-600x400.jpg\" class=\"attachment-thumbnail size-thumbnail\" alt=\"\" srcset=\"https:\/\/www.drivelife.it\/pics\/wp-content\/uploads\/2014\/09\/Serie2_03534-600x400.jpg 600w, https:\/\/www.drivelife.it\/pics\/wp-content\/uploads\/2014\/09\/Serie2_03534-900x599.jpg 900w, https:\/\/www.drivelife.it\/pics\/wp-content\/uploads\/2014\/09\/Serie2_03534-1280x853.jpg 1280w\" sizes=\"auto, (max-width: 150px) 100vw, 150px\" \/><\/a>\n\t\t\t<\/div><\/figure><figure class='gallery-item'>\n\t\t\t<div class='gallery-icon landscape'>\n\t\t\t\t<a href='https:\/\/www.drivelife.it\/pics\/2014\/09\/20\/bmw_active-tourer\/serie2_03448\/'><img loading=\"lazy\" decoding=\"async\" width=\"150\" height=\"100\" src=\"https:\/\/www.drivelife.it\/pics\/wp-content\/uploads\/2014\/09\/Serie2_03448-600x400.jpg\" class=\"attachment-thumbnail size-thumbnail\" alt=\"\" srcset=\"https:\/\/www.drivelife.it\/pics\/wp-content\/uploads\/2014\/09\/Serie2_03448-600x400.jpg 600w, https:\/\/www.drivelife.it\/pics\/wp-content\/uploads\/2014\/09\/Serie2_03448-900x599.jpg 900w, https:\/\/www.drivelife.it\/pics\/wp-content\/uploads\/2014\/09\/Serie2_03448-1280x853.jpg 1280w\" sizes=\"auto, (max-width: 150px) 100vw, 150px\" \/><\/a>\n\t\t\t<\/div><\/figure><figure class='gallery-item'>\n\t\t\t<div class='gallery-icon landscape'>\n\t\t\t\t<a href='https:\/\/www.drivelife.it\/pics\/2014\/09\/20\/bmw_active-tourer\/serie2_03408\/'><img loading=\"lazy\" decoding=\"async\" width=\"150\" height=\"100\" src=\"https:\/\/www.drivelife.it\/pics\/wp-content\/uploads\/2014\/09\/Serie2_03408-600x400.jpg\" class=\"attachment-thumbnail size-thumbnail\" alt=\"\" srcset=\"https:\/\/www.drivelife.it\/pics\/wp-content\/uploads\/2014\/09\/Serie2_03408-600x400.jpg 600w, https:\/\/www.drivelife.it\/pics\/wp-content\/uploads\/2014\/09\/Serie2_03408-900x599.jpg 900w, https:\/\/www.drivelife.it\/pics\/wp-content\/uploads\/2014\/09\/Serie2_03408-1280x853.jpg 1280w\" sizes=\"auto, (max-width: 150px) 100vw, 150px\" \/><\/a>\n\t\t\t<\/div><\/figure><figure class='gallery-item'>\n\t\t\t<div class='gallery-icon landscape'>\n\t\t\t\t<a href='https:\/\/www.drivelife.it\/pics\/2014\/09\/20\/bmw_active-tourer\/serie2_03363\/'><img loading=\"lazy\" decoding=\"async\" width=\"150\" height=\"100\" src=\"https:\/\/www.drivelife.it\/pics\/wp-content\/uploads\/2014\/09\/Serie2_03363-600x400.jpg\" class=\"attachment-thumbnail size-thumbnail\" alt=\"\" srcset=\"https:\/\/www.drivelife.it\/pics\/wp-content\/uploads\/2014\/09\/Serie2_03363-600x400.jpg 600w, https:\/\/www.drivelife.it\/pics\/wp-content\/uploads\/2014\/09\/Serie2_03363-900x599.jpg 900w, https:\/\/www.drivelife.it\/pics\/wp-content\/uploads\/2014\/09\/Serie2_03363-1280x853.jpg 1280w\" sizes=\"auto, (max-width: 150px) 100vw, 150px\" \/><\/a>\n\t\t\t<\/div><\/figure><figure class='gallery-item'>\n\t\t\t<div class='gallery-icon landscape'>\n\t\t\t\t<a href='https:\/\/www.drivelife.it\/pics\/2014\/09\/20\/bmw_active-tourer\/serie2_03356\/'><img loading=\"lazy\" decoding=\"async\" width=\"150\" height=\"100\" src=\"https:\/\/www.drivelife.it\/pics\/wp-content\/uploads\/2014\/09\/Serie2_03356-600x400.jpg\" class=\"attachment-thumbnail size-thumbnail\" alt=\"\" srcset=\"https:\/\/www.drivelife.it\/pics\/wp-content\/uploads\/2014\/09\/Serie2_03356-600x400.jpg 600w, https:\/\/www.drivelife.it\/pics\/wp-content\/uploads\/2014\/09\/Serie2_03356-900x599.jpg 900w, https:\/\/www.drivelife.it\/pics\/wp-content\/uploads\/2014\/09\/Serie2_03356-1280x853.jpg 1280w\" sizes=\"auto, (max-width: 150px) 100vw, 150px\" \/><\/a>\n\t\t\t<\/div><\/figure><figure class='gallery-item'>\n\t\t\t<div class='gallery-icon landscape'>\n\t\t\t\t<a href='https:\/\/www.drivelife.it\/pics\/2014\/09\/20\/bmw_active-tourer\/serie2_03244\/'><img loading=\"lazy\" decoding=\"async\" width=\"150\" height=\"100\" src=\"https:\/\/www.drivelife.it\/pics\/wp-content\/uploads\/2014\/09\/Serie2_03244-600x400.jpg\" class=\"attachment-thumbnail size-thumbnail\" alt=\"\" srcset=\"https:\/\/www.drivelife.it\/pics\/wp-content\/uploads\/2014\/09\/Serie2_03244-600x400.jpg 600w, https:\/\/www.drivelife.it\/pics\/wp-content\/uploads\/2014\/09\/Serie2_03244-900x599.jpg 900w, https:\/\/www.drivelife.it\/pics\/wp-content\/uploads\/2014\/09\/Serie2_03244-1280x853.jpg 1280w\" sizes=\"auto, (max-width: 150px) 100vw, 150px\" \/><\/a>\n\t\t\t<\/div><\/figure><figure class='gallery-item'>\n\t\t\t<div class='gallery-icon landscape'>\n\t\t\t\t<a href='https:\/\/www.drivelife.it\/pics\/2014\/09\/20\/bmw_active-tourer\/serie2_03148\/'><img loading=\"lazy\" decoding=\"async\" width=\"150\" height=\"100\" src=\"https:\/\/www.drivelife.it\/pics\/wp-content\/uploads\/2014\/09\/Serie2_03148-600x400.jpg\" class=\"attachment-thumbnail size-thumbnail\" alt=\"\" \/><\/a>\n\t\t\t<\/div><\/figure><figure class='gallery-item'>\n\t\t\t<div class='gallery-icon landscape'>\n\t\t\t\t<a href='https:\/\/www.drivelife.it\/pics\/2014\/09\/20\/bmw_active-tourer\/serie2_02876\/'><img loading=\"lazy\" decoding=\"async\" width=\"150\" height=\"100\" src=\"https:\/\/www.drivelife.it\/pics\/wp-content\/uploads\/2014\/09\/Serie2_02876-600x400.jpg\" class=\"attachment-thumbnail size-thumbnail\" alt=\"\" srcset=\"https:\/\/www.drivelife.it\/pics\/wp-content\/uploads\/2014\/09\/Serie2_02876-600x400.jpg 600w, https:\/\/www.drivelife.it\/pics\/wp-content\/uploads\/2014\/09\/Serie2_02876-900x599.jpg 900w, https:\/\/www.drivelife.it\/pics\/wp-content\/uploads\/2014\/09\/Serie2_02876-1280x853.jpg 1280w\" sizes=\"auto, (max-width: 150px) 100vw, 150px\" \/><\/a>\n\t\t\t<\/div><\/figure><figure class='gallery-item'>\n\t\t\t<div class='gallery-icon landscape'>\n\t\t\t\t<a href='https:\/\/www.drivelife.it\/pics\/2014\/09\/20\/bmw_active-tourer\/serie2_02847\/'><img loading=\"lazy\" decoding=\"async\" width=\"150\" height=\"100\" src=\"https:\/\/www.drivelife.it\/pics\/wp-content\/uploads\/2014\/09\/Serie2_02847-600x400.jpg\" class=\"attachment-thumbnail size-thumbnail\" alt=\"\" srcset=\"https:\/\/www.drivelife.it\/pics\/wp-content\/uploads\/2014\/09\/Serie2_02847-600x400.jpg 600w, https:\/\/www.drivelife.it\/pics\/wp-content\/uploads\/2014\/09\/Serie2_02847-900x599.jpg 900w, https:\/\/www.drivelife.it\/pics\/wp-content\/uploads\/2014\/09\/Serie2_02847-1280x853.jpg 1280w\" sizes=\"auto, (max-width: 150px) 100vw, 150px\" \/><\/a>\n\t\t\t<\/div><\/figure><figure class='gallery-item'>\n\t\t\t<div class='gallery-icon landscape'>\n\t\t\t\t<a href='https:\/\/www.drivelife.it\/pics\/2014\/09\/20\/bmw_active-tourer\/serie2_02844\/'><img loading=\"lazy\" decoding=\"async\" width=\"150\" height=\"100\" src=\"https:\/\/www.drivelife.it\/pics\/wp-content\/uploads\/2014\/09\/Serie2_02844-600x400.jpg\" class=\"attachment-thumbnail size-thumbnail\" alt=\"\" srcset=\"https:\/\/www.drivelife.it\/pics\/wp-content\/uploads\/2014\/09\/Serie2_02844-600x400.jpg 600w, https:\/\/www.drivelife.it\/pics\/wp-content\/uploads\/2014\/09\/Serie2_02844-900x599.jpg 900w, https:\/\/www.drivelife.it\/pics\/wp-content\/uploads\/2014\/09\/Serie2_02844-1280x853.jpg 1280w\" sizes=\"auto, (max-width: 150px) 100vw, 150px\" \/><\/a>\n\t\t\t<\/div><\/figure><figure class='gallery-item'>\n\t\t\t<div class='gallery-icon landscape'>\n\t\t\t\t<a href='https:\/\/www.drivelife.it\/pics\/2014\/09\/20\/bmw_active-tourer\/serie2_02794\/'><img loading=\"lazy\" decoding=\"async\" width=\"150\" height=\"100\" src=\"https:\/\/www.drivelife.it\/pics\/wp-content\/uploads\/2014\/09\/Serie2_02794-600x400.jpg\" class=\"attachment-thumbnail size-thumbnail\" alt=\"\" srcset=\"https:\/\/www.drivelife.it\/pics\/wp-content\/uploads\/2014\/09\/Serie2_02794-600x400.jpg 600w, https:\/\/www.drivelife.it\/pics\/wp-content\/uploads\/2014\/09\/Serie2_02794-900x599.jpg 900w, https:\/\/www.drivelife.it\/pics\/wp-content\/uploads\/2014\/09\/Serie2_02794-1280x853.jpg 1280w\" sizes=\"auto, (max-width: 150px) 100vw, 150px\" \/><\/a>\n\t\t\t<\/div><\/figure><figure class='gallery-item'>\n\t\t\t<div class='gallery-icon landscape'>\n\t\t\t\t<a href='https:\/\/www.drivelife.it\/pics\/2014\/09\/20\/bmw_active-tourer\/serie2_02751\/'><img loading=\"lazy\" decoding=\"async\" width=\"150\" height=\"100\" src=\"https:\/\/www.drivelife.it\/pics\/wp-content\/uploads\/2014\/09\/Serie2_02751-600x400.jpg\" class=\"attachment-thumbnail size-thumbnail\" alt=\"\" srcset=\"https:\/\/www.drivelife.it\/pics\/wp-content\/uploads\/2014\/09\/Serie2_02751-600x400.jpg 600w, https:\/\/www.drivelife.it\/pics\/wp-content\/uploads\/2014\/09\/Serie2_02751-900x599.jpg 900w, https:\/\/www.drivelife.it\/pics\/wp-content\/uploads\/2014\/09\/Serie2_02751-1280x853.jpg 1280w\" sizes=\"auto, (max-width: 150px) 100vw, 150px\" \/><\/a>\n\t\t\t<\/div><\/figure><figure class='gallery-item'>\n\t\t\t<div class='gallery-icon landscape'>\n\t\t\t\t<a href='https:\/\/www.drivelife.it\/pics\/2014\/09\/20\/bmw_active-tourer\/serie2_02667\/'><img loading=\"lazy\" decoding=\"async\" width=\"150\" height=\"100\" src=\"https:\/\/www.drivelife.it\/pics\/wp-content\/uploads\/2014\/09\/Serie2_02667-600x400.jpg\" class=\"attachment-thumbnail size-thumbnail\" alt=\"\" srcset=\"https:\/\/www.drivelife.it\/pics\/wp-content\/uploads\/2014\/09\/Serie2_02667-600x400.jpg 600w, https:\/\/www.drivelife.it\/pics\/wp-content\/uploads\/2014\/09\/Serie2_02667-900x599.jpg 900w, https:\/\/www.drivelife.it\/pics\/wp-content\/uploads\/2014\/09\/Serie2_02667-1280x853.jpg 1280w\" sizes=\"auto, (max-width: 150px) 100vw, 150px\" \/><\/a>\n\t\t\t<\/div><\/figure><figure class='gallery-item'>\n\t\t\t<div class='gallery-icon landscape'>\n\t\t\t\t<a href='https:\/\/www.drivelife.it\/pics\/2014\/09\/20\/bmw_active-tourer\/serie2_02536\/'><img loading=\"lazy\" decoding=\"async\" width=\"150\" height=\"100\" src=\"https:\/\/www.drivelife.it\/pics\/wp-content\/uploads\/2014\/09\/Serie2_02536-600x400.jpg\" class=\"attachment-thumbnail size-thumbnail\" alt=\"\" srcset=\"https:\/\/www.drivelife.it\/pics\/wp-content\/uploads\/2014\/09\/Serie2_02536-600x400.jpg 600w, https:\/\/www.drivelife.it\/pics\/wp-content\/uploads\/2014\/09\/Serie2_02536-900x599.jpg 900w, https:\/\/www.drivelife.it\/pics\/wp-content\/uploads\/2014\/09\/Serie2_02536-1280x853.jpg 1280w\" sizes=\"auto, (max-width: 150px) 100vw, 150px\" \/><\/a>\n\t\t\t<\/div><\/figure><figure class='gallery-item'>\n\t\t\t<div class='gallery-icon landscape'>\n\t\t\t\t<a href='https:\/\/www.drivelife.it\/pics\/2014\/09\/20\/bmw_active-tourer\/serie2_02533\/'><img loading=\"lazy\" decoding=\"async\" width=\"150\" height=\"100\" src=\"https:\/\/www.drivelife.it\/pics\/wp-content\/uploads\/2014\/09\/Serie2_02533-600x400.jpg\" class=\"attachment-thumbnail size-thumbnail\" alt=\"\" srcset=\"https:\/\/www.drivelife.it\/pics\/wp-content\/uploads\/2014\/09\/Serie2_02533-600x400.jpg 600w, https:\/\/www.drivelife.it\/pics\/wp-content\/uploads\/2014\/09\/Serie2_02533-900x599.jpg 900w, https:\/\/www.drivelife.it\/pics\/wp-content\/uploads\/2014\/09\/Serie2_02533-1280x853.jpg 1280w\" sizes=\"auto, (max-width: 150px) 100vw, 150px\" \/><\/a>\n\t\t\t<\/div><\/figure><figure class='gallery-item'>\n\t\t\t<div class='gallery-icon landscape'>\n\t\t\t\t<a href='https:\/\/www.drivelife.it\/pics\/2014\/09\/20\/bmw_active-tourer\/serie2_02530\/'><img loading=\"lazy\" decoding=\"async\" width=\"150\" height=\"100\" src=\"https:\/\/www.drivelife.it\/pics\/wp-content\/uploads\/2014\/09\/Serie2_02530-600x400.jpg\" class=\"attachment-thumbnail size-thumbnail\" alt=\"\" srcset=\"https:\/\/www.drivelife.it\/pics\/wp-content\/uploads\/2014\/09\/Serie2_02530-600x400.jpg 600w, https:\/\/www.drivelife.it\/pics\/wp-content\/uploads\/2014\/09\/Serie2_02530-900x599.jpg 900w, https:\/\/www.drivelife.it\/pics\/wp-content\/uploads\/2014\/09\/Serie2_02530-1280x853.jpg 1280w\" sizes=\"auto, (max-width: 150px) 100vw, 150px\" \/><\/a>\n\t\t\t<\/div><\/figure><figure class='gallery-item'>\n\t\t\t<div class='gallery-icon landscape'>\n\t\t\t\t<a href='https:\/\/www.drivelife.it\/pics\/2014\/09\/20\/bmw_active-tourer\/serie2_02419\/'><img loading=\"lazy\" decoding=\"async\" width=\"150\" height=\"100\" src=\"https:\/\/www.drivelife.it\/pics\/wp-content\/uploads\/2014\/09\/Serie2_02419-600x400.jpg\" class=\"attachment-thumbnail size-thumbnail\" alt=\"\" srcset=\"https:\/\/www.drivelife.it\/pics\/wp-content\/uploads\/2014\/09\/Serie2_02419-600x400.jpg 600w, https:\/\/www.drivelife.it\/pics\/wp-content\/uploads\/2014\/09\/Serie2_02419-900x599.jpg 900w, https:\/\/www.drivelife.it\/pics\/wp-content\/uploads\/2014\/09\/Serie2_02419-1280x853.jpg 1280w\" sizes=\"auto, (max-width: 150px) 100vw, 150px\" \/><\/a>\n\t\t\t<\/div><\/figure><figure class='gallery-item'>\n\t\t\t<div class='gallery-icon landscape'>\n\t\t\t\t<a href='https:\/\/www.drivelife.it\/pics\/2014\/09\/20\/bmw_active-tourer\/serie2_02232\/'><img loading=\"lazy\" decoding=\"async\" width=\"150\" height=\"100\" src=\"https:\/\/www.drivelife.it\/pics\/wp-content\/uploads\/2014\/09\/Serie2_02232-600x400.jpg\" class=\"attachment-thumbnail size-thumbnail\" alt=\"\" srcset=\"https:\/\/www.drivelife.it\/pics\/wp-content\/uploads\/2014\/09\/Serie2_02232-600x400.jpg 600w, https:\/\/www.drivelife.it\/pics\/wp-content\/uploads\/2014\/09\/Serie2_02232-900x599.jpg 900w, https:\/\/www.drivelife.it\/pics\/wp-content\/uploads\/2014\/09\/Serie2_02232-1280x853.jpg 1280w\" sizes=\"auto, (max-width: 150px) 100vw, 150px\" \/><\/a>\n\t\t\t<\/div><\/figure><figure class='gallery-item'>\n\t\t\t<div class='gallery-icon landscape'>\n\t\t\t\t<a href='https:\/\/www.drivelife.it\/pics\/2014\/09\/20\/bmw_active-tourer\/serie2_02152\/'><img loading=\"lazy\" decoding=\"async\" width=\"150\" height=\"100\" src=\"https:\/\/www.drivelife.it\/pics\/wp-content\/uploads\/2014\/09\/Serie2_02152-600x400.jpg\" class=\"attachment-thumbnail size-thumbnail\" alt=\"\" srcset=\"https:\/\/www.drivelife.it\/pics\/wp-content\/uploads\/2014\/09\/Serie2_02152-600x400.jpg 600w, https:\/\/www.drivelife.it\/pics\/wp-content\/uploads\/2014\/09\/Serie2_02152-900x599.jpg 900w, https:\/\/www.drivelife.it\/pics\/wp-content\/uploads\/2014\/09\/Serie2_02152-1280x853.jpg 1280w\" sizes=\"auto, (max-width: 150px) 100vw, 150px\" \/><\/a>\n\t\t\t<\/div><\/figure><figure class='gallery-item'>\n\t\t\t<div class='gallery-icon landscape'>\n\t\t\t\t<a href='https:\/\/www.drivelife.it\/pics\/2014\/09\/20\/bmw_active-tourer\/serie2_02015\/'><img loading=\"lazy\" decoding=\"async\" width=\"150\" height=\"100\" src=\"https:\/\/www.drivelife.it\/pics\/wp-content\/uploads\/2014\/09\/Serie2_02015-600x400.jpg\" class=\"attachment-thumbnail size-thumbnail\" alt=\"\" srcset=\"https:\/\/www.drivelife.it\/pics\/wp-content\/uploads\/2014\/09\/Serie2_02015-600x400.jpg 600w, https:\/\/www.drivelife.it\/pics\/wp-content\/uploads\/2014\/09\/Serie2_02015-900x599.jpg 900w, https:\/\/www.drivelife.it\/pics\/wp-content\/uploads\/2014\/09\/Serie2_02015-1280x853.jpg 1280w\" sizes=\"auto, (max-width: 150px) 100vw, 150px\" \/><\/a>\n\t\t\t<\/div><\/figure><figure class='gallery-item'>\n\t\t\t<div class='gallery-icon landscape'>\n\t\t\t\t<a href='https:\/\/www.drivelife.it\/pics\/2014\/09\/20\/bmw_active-tourer\/serie2_02012\/'><img loading=\"lazy\" decoding=\"async\" width=\"150\" height=\"100\" src=\"https:\/\/www.drivelife.it\/pics\/wp-content\/uploads\/2014\/09\/Serie2_02012-600x400.jpg\" class=\"attachment-thumbnail size-thumbnail\" alt=\"\" srcset=\"https:\/\/www.drivelife.it\/pics\/wp-content\/uploads\/2014\/09\/Serie2_02012-600x400.jpg 600w, https:\/\/www.drivelife.it\/pics\/wp-content\/uploads\/2014\/09\/Serie2_02012-900x599.jpg 900w, https:\/\/www.drivelife.it\/pics\/wp-content\/uploads\/2014\/09\/Serie2_02012-1280x853.jpg 1280w\" sizes=\"auto, (max-width: 150px) 100vw, 150px\" \/><\/a>\n\t\t\t<\/div><\/figure><figure class='gallery-item'>\n\t\t\t<div class='gallery-icon landscape'>\n\t\t\t\t<a href='https:\/\/www.drivelife.it\/pics\/2014\/09\/20\/bmw_active-tourer\/serie2_01921\/'><img loading=\"lazy\" decoding=\"async\" width=\"150\" height=\"100\" src=\"https:\/\/www.drivelife.it\/pics\/wp-content\/uploads\/2014\/09\/Serie2_01921-600x400.jpg\" class=\"attachment-thumbnail size-thumbnail\" alt=\"\" srcset=\"https:\/\/www.drivelife.it\/pics\/wp-content\/uploads\/2014\/09\/Serie2_01921-600x400.jpg 600w, https:\/\/www.drivelife.it\/pics\/wp-content\/uploads\/2014\/09\/Serie2_01921-900x599.jpg 900w, https:\/\/www.drivelife.it\/pics\/wp-content\/uploads\/2014\/09\/Serie2_01921-1280x853.jpg 1280w\" sizes=\"auto, (max-width: 150px) 100vw, 150px\" \/><\/a>\n\t\t\t<\/div><\/figure><figure class='gallery-item'>\n\t\t\t<div class='gallery-icon landscape'>\n\t\t\t\t<a href='https:\/\/www.drivelife.it\/pics\/2014\/09\/20\/bmw_active-tourer\/serie2_01867\/'><img loading=\"lazy\" decoding=\"async\" width=\"150\" height=\"100\" src=\"https:\/\/www.drivelife.it\/pics\/wp-content\/uploads\/2014\/09\/Serie2_01867-600x400.jpg\" class=\"attachment-thumbnail size-thumbnail\" alt=\"\" srcset=\"https:\/\/www.drivelife.it\/pics\/wp-content\/uploads\/2014\/09\/Serie2_01867-600x400.jpg 600w, https:\/\/www.drivelife.it\/pics\/wp-content\/uploads\/2014\/09\/Serie2_01867-900x599.jpg 900w, https:\/\/www.drivelife.it\/pics\/wp-content\/uploads\/2014\/09\/Serie2_01867-1280x853.jpg 1280w\" sizes=\"auto, (max-width: 150px) 100vw, 150px\" \/><\/a>\n\t\t\t<\/div><\/figure><figure class='gallery-item'>\n\t\t\t<div class='gallery-icon landscape'>\n\t\t\t\t<a href='https:\/\/www.drivelife.it\/pics\/2014\/09\/20\/bmw_active-tourer\/serie2_01743\/'><img loading=\"lazy\" decoding=\"async\" width=\"150\" height=\"100\" src=\"https:\/\/www.drivelife.it\/pics\/wp-content\/uploads\/2014\/09\/Serie2_01743-600x400.jpg\" class=\"attachment-thumbnail size-thumbnail\" alt=\"\" srcset=\"https:\/\/www.drivelife.it\/pics\/wp-content\/uploads\/2014\/09\/Serie2_01743-600x400.jpg 600w, https:\/\/www.drivelife.it\/pics\/wp-content\/uploads\/2014\/09\/Serie2_01743-900x599.jpg 900w, https:\/\/www.drivelife.it\/pics\/wp-content\/uploads\/2014\/09\/Serie2_01743-1280x853.jpg 1280w\" sizes=\"auto, (max-width: 150px) 100vw, 150px\" \/><\/a>\n\t\t\t<\/div><\/figure><figure class='gallery-item'>\n\t\t\t<div class='gallery-icon landscape'>\n\t\t\t\t<a href='https:\/\/www.drivelife.it\/pics\/2014\/09\/20\/bmw_active-tourer\/serie2_01377\/'><img loading=\"lazy\" decoding=\"async\" width=\"150\" height=\"100\" src=\"https:\/\/www.drivelife.it\/pics\/wp-content\/uploads\/2014\/09\/Serie2_01377-600x400.jpg\" class=\"attachment-thumbnail size-thumbnail\" alt=\"\" srcset=\"https:\/\/www.drivelife.it\/pics\/wp-content\/uploads\/2014\/09\/Serie2_01377-600x400.jpg 600w, https:\/\/www.drivelife.it\/pics\/wp-content\/uploads\/2014\/09\/Serie2_01377-900x599.jpg 900w, https:\/\/www.drivelife.it\/pics\/wp-content\/uploads\/2014\/09\/Serie2_01377-1280x853.jpg 1280w\" sizes=\"auto, (max-width: 150px) 100vw, 150px\" \/><\/a>\n\t\t\t<\/div><\/figure><figure class='gallery-item'>\n\t\t\t<div class='gallery-icon landscape'>\n\t\t\t\t<a href='https:\/\/www.drivelife.it\/pics\/2014\/09\/20\/bmw_active-tourer\/serie2_01349\/'><img loading=\"lazy\" decoding=\"async\" width=\"150\" height=\"100\" src=\"https:\/\/www.drivelife.it\/pics\/wp-content\/uploads\/2014\/09\/Serie2_01349-600x400.jpg\" class=\"attachment-thumbnail size-thumbnail\" alt=\"\" srcset=\"https:\/\/www.drivelife.it\/pics\/wp-content\/uploads\/2014\/09\/Serie2_01349-600x400.jpg 600w, https:\/\/www.drivelife.it\/pics\/wp-content\/uploads\/2014\/09\/Serie2_01349-900x599.jpg 900w, https:\/\/www.drivelife.it\/pics\/wp-content\/uploads\/2014\/09\/Serie2_01349-1280x853.jpg 1280w\" sizes=\"auto, (max-width: 150px) 100vw, 150px\" \/><\/a>\n\t\t\t<\/div><\/figure><figure class='gallery-item'>\n\t\t\t<div class='gallery-icon landscape'>\n\t\t\t\t<a href='https:\/\/www.drivelife.it\/pics\/2014\/09\/20\/bmw_active-tourer\/serie2_01325\/'><img loading=\"lazy\" decoding=\"async\" width=\"150\" height=\"100\" src=\"https:\/\/www.drivelife.it\/pics\/wp-content\/uploads\/2014\/09\/Serie2_01325-600x400.jpg\" class=\"attachment-thumbnail size-thumbnail\" alt=\"\" srcset=\"https:\/\/www.drivelife.it\/pics\/wp-content\/uploads\/2014\/09\/Serie2_01325-600x400.jpg 600w, https:\/\/www.drivelife.it\/pics\/wp-content\/uploads\/2014\/09\/Serie2_01325-900x599.jpg 900w, https:\/\/www.drivelife.it\/pics\/wp-content\/uploads\/2014\/09\/Serie2_01325-1280x853.jpg 1280w\" sizes=\"auto, (max-width: 150px) 100vw, 150px\" \/><\/a>\n\t\t\t<\/div><\/figure><figure class='gallery-item'>\n\t\t\t<div class='gallery-icon landscape'>\n\t\t\t\t<a href='https:\/\/www.drivelife.it\/pics\/2014\/09\/20\/bmw_active-tourer\/serie2_01253\/'><img loading=\"lazy\" decoding=\"async\" width=\"150\" height=\"100\" src=\"https:\/\/www.drivelife.it\/pics\/wp-content\/uploads\/2014\/09\/Serie2_01253-600x400.jpg\" class=\"attachment-thumbnail size-thumbnail\" alt=\"\" srcset=\"https:\/\/www.drivelife.it\/pics\/wp-content\/uploads\/2014\/09\/Serie2_01253-600x400.jpg 600w, https:\/\/www.drivelife.it\/pics\/wp-content\/uploads\/2014\/09\/Serie2_01253-900x599.jpg 900w, https:\/\/www.drivelife.it\/pics\/wp-content\/uploads\/2014\/09\/Serie2_01253-1280x853.jpg 1280w\" sizes=\"auto, (max-width: 150px) 100vw, 150px\" \/><\/a>\n\t\t\t<\/div><\/figure><figure class='gallery-item'>\n\t\t\t<div class='gallery-icon landscape'>\n\t\t\t\t<a href='https:\/\/www.drivelife.it\/pics\/2014\/09\/20\/bmw_active-tourer\/serie2_01165\/'><img loading=\"lazy\" decoding=\"async\" width=\"150\" height=\"100\" src=\"https:\/\/www.drivelife.it\/pics\/wp-content\/uploads\/2014\/09\/Serie2_01165-600x400.jpg\" class=\"attachment-thumbnail size-thumbnail\" alt=\"\" \/><\/a>\n\t\t\t<\/div><\/figure><figure class='gallery-item'>\n\t\t\t<div class='gallery-icon landscape'>\n\t\t\t\t<a href='https:\/\/www.drivelife.it\/pics\/2014\/09\/20\/bmw_active-tourer\/serie2_00897\/'><img loading=\"lazy\" decoding=\"async\" width=\"150\" height=\"100\" src=\"https:\/\/www.drivelife.it\/pics\/wp-content\/uploads\/2014\/09\/Serie2_00897-600x400.jpg\" class=\"attachment-thumbnail size-thumbnail\" alt=\"\" srcset=\"https:\/\/www.drivelife.it\/pics\/wp-content\/uploads\/2014\/09\/Serie2_00897-600x400.jpg 600w, https:\/\/www.drivelife.it\/pics\/wp-content\/uploads\/2014\/09\/Serie2_00897-900x599.jpg 900w, https:\/\/www.drivelife.it\/pics\/wp-content\/uploads\/2014\/09\/Serie2_00897-1280x853.jpg 1280w\" sizes=\"auto, (max-width: 150px) 100vw, 150px\" \/><\/a>\n\t\t\t<\/div><\/figure><figure class='gallery-item'>\n\t\t\t<div class='gallery-icon landscape'>\n\t\t\t\t<a href='https:\/\/www.drivelife.it\/pics\/2014\/09\/20\/bmw_active-tourer\/serie2_00760\/'><img loading=\"lazy\" decoding=\"async\" width=\"150\" height=\"100\" src=\"https:\/\/www.drivelife.it\/pics\/wp-content\/uploads\/2014\/09\/Serie2_00760-600x400.jpg\" class=\"attachment-thumbnail size-thumbnail\" alt=\"\" srcset=\"https:\/\/www.drivelife.it\/pics\/wp-content\/uploads\/2014\/09\/Serie2_00760-600x400.jpg 600w, https:\/\/www.drivelife.it\/pics\/wp-content\/uploads\/2014\/09\/Serie2_00760-900x599.jpg 900w, https:\/\/www.drivelife.it\/pics\/wp-content\/uploads\/2014\/09\/Serie2_00760-1280x853.jpg 1280w\" sizes=\"auto, (max-width: 150px) 100vw, 150px\" \/><\/a>\n\t\t\t<\/div><\/figure><figure class='gallery-item'>\n\t\t\t<div class='gallery-icon landscape'>\n\t\t\t\t<a href='https:\/\/www.drivelife.it\/pics\/2014\/09\/20\/bmw_active-tourer\/serie2_00648\/'><img loading=\"lazy\" decoding=\"async\" width=\"150\" height=\"100\" src=\"https:\/\/www.drivelife.it\/pics\/wp-content\/uploads\/2014\/09\/Serie2_00648-600x400.jpg\" class=\"attachment-thumbnail size-thumbnail\" alt=\"\" srcset=\"https:\/\/www.drivelife.it\/pics\/wp-content\/uploads\/2014\/09\/Serie2_00648-600x400.jpg 600w, https:\/\/www.drivelife.it\/pics\/wp-content\/uploads\/2014\/09\/Serie2_00648-900x599.jpg 900w, https:\/\/www.drivelife.it\/pics\/wp-content\/uploads\/2014\/09\/Serie2_00648-1280x853.jpg 1280w\" sizes=\"auto, (max-width: 150px) 100vw, 150px\" \/><\/a>\n\t\t\t<\/div><\/figure><figure class='gallery-item'>\n\t\t\t<div class='gallery-icon landscape'>\n\t\t\t\t<a href='https:\/\/www.drivelife.it\/pics\/2014\/09\/20\/bmw_active-tourer\/serie2_00433\/'><img loading=\"lazy\" decoding=\"async\" width=\"150\" height=\"100\" src=\"https:\/\/www.drivelife.it\/pics\/wp-content\/uploads\/2014\/09\/Serie2_00433-600x400.jpg\" class=\"attachment-thumbnail size-thumbnail\" alt=\"\" srcset=\"https:\/\/www.drivelife.it\/pics\/wp-content\/uploads\/2014\/09\/Serie2_00433-600x400.jpg 600w, https:\/\/www.drivelife.it\/pics\/wp-content\/uploads\/2014\/09\/Serie2_00433-900x599.jpg 900w, https:\/\/www.drivelife.it\/pics\/wp-content\/uploads\/2014\/09\/Serie2_00433-1280x853.jpg 1280w\" sizes=\"auto, (max-width: 150px) 100vw, 150px\" \/><\/a>\n\t\t\t<\/div><\/figure><figure class='gallery-item'>\n\t\t\t<div class='gallery-icon landscape'>\n\t\t\t\t<a href='https:\/\/www.drivelife.it\/pics\/2014\/09\/20\/bmw_active-tourer\/serie2_00177\/'><img loading=\"lazy\" decoding=\"async\" width=\"150\" height=\"100\" src=\"https:\/\/www.drivelife.it\/pics\/wp-content\/uploads\/2014\/09\/Serie2_00177-600x400.jpg\" class=\"attachment-thumbnail size-thumbnail\" alt=\"\" srcset=\"https:\/\/www.drivelife.it\/pics\/wp-content\/uploads\/2014\/09\/Serie2_00177-600x400.jpg 600w, https:\/\/www.drivelife.it\/pics\/wp-content\/uploads\/2014\/09\/Serie2_00177-900x599.jpg 900w, https:\/\/www.drivelife.it\/pics\/wp-content\/uploads\/2014\/09\/Serie2_00177-1280x853.jpg 1280w\" sizes=\"auto, (max-width: 150px) 100vw, 150px\" \/><\/a>\n\t\t\t<\/div><\/figure><figure class='gallery-item'>\n\t\t\t<div class='gallery-icon landscape'>\n\t\t\t\t<a href='https:\/\/www.drivelife.it\/pics\/2014\/09\/20\/bmw_active-tourer\/serie2_00126\/'><img loading=\"lazy\" decoding=\"async\" width=\"150\" height=\"100\" src=\"https:\/\/www.drivelife.it\/pics\/wp-content\/uploads\/2014\/09\/Serie2_00126-600x400.jpg\" class=\"attachment-thumbnail size-thumbnail\" alt=\"\" srcset=\"https:\/\/www.drivelife.it\/pics\/wp-content\/uploads\/2014\/09\/Serie2_00126-600x400.jpg 600w, https:\/\/www.drivelife.it\/pics\/wp-content\/uploads\/2014\/09\/Serie2_00126-900x599.jpg 900w, https:\/\/www.drivelife.it\/pics\/wp-content\/uploads\/2014\/09\/Serie2_00126-1280x853.jpg 1280w\" sizes=\"auto, (max-width: 150px) 100vw, 150px\" \/><\/a>\n\t\t\t<\/div><\/figure><figure class='gallery-item'>\n\t\t\t<div class='gallery-icon landscape'>\n\t\t\t\t<a href='https:\/\/www.drivelife.it\/pics\/2014\/09\/20\/bmw_active-tourer\/serie2_00043\/'><img loading=\"lazy\" decoding=\"async\" width=\"150\" height=\"100\" src=\"https:\/\/www.drivelife.it\/pics\/wp-content\/uploads\/2014\/09\/Serie2_00043-600x400.jpg\" class=\"attachment-thumbnail size-thumbnail\" alt=\"\" srcset=\"https:\/\/www.drivelife.it\/pics\/wp-content\/uploads\/2014\/09\/Serie2_00043-600x400.jpg 600w, https:\/\/www.drivelife.it\/pics\/wp-content\/uploads\/2014\/09\/Serie2_00043-900x599.jpg 900w, https:\/\/www.drivelife.it\/pics\/wp-content\/uploads\/2014\/09\/Serie2_00043-1280x853.jpg 1280w\" sizes=\"auto, (max-width: 150px) 100vw, 150px\" \/><\/a>\n\t\t\t<\/div><\/figure>\n\t\t<\/div>\n\n<h1><strong>L&#8217;ITINERARIO<\/strong><\/h1>\n<h2><strong><a href=\"http:\/\/www.drivelife.it\/dresscode\/2014\/09\/26\/dresscode-visit-merano\/\">DIECI MOTIVI PER VISITARE MERANO<\/a><\/strong><br \/>\n<a href=\"http:\/\/www.drivelife.it\/dresscode\/2014\/09\/26\/dresscode-visit-merano\/\"> di NicTriggiani<\/a><br \/>\n<a href=\"http:\/\/www.drivelife.it\/dresscode\/2014\/09\/26\/dresscode-visit-merano\/\"> Leggi drivelife\/dresscode<\/a><\/h2>\n<p><em>\u00a0<\/em><\/p>\n<p>&nbsp;<\/p>\n<p>&nbsp;<\/p>\n<h2>BMW SERIE 2 Active Tourer pics<br \/>\nslideshow HD<\/h2>\nngg_shortcode_0_placeholder\n<p>pics base 2560<\/p>\n","protected":false},"excerpt":{"rendered":"GUARDARE O VEDERE? Non sono uno che apre la custodia dello Stradivari con facilit\u00e0. Anzi. Tra l&#8217;altro il violino, seppur [&hellip;]","protected":false},"author":1,"featured_media":3489,"comment_status":"closed","ping_status":"closed","sticky":false,"template":"","format":"standard","meta":{"_monsterinsights_skip_tracking":false,"_monsterinsights_sitenote_active":false,"_monsterinsights_sitenote_note":"","_monsterinsights_sitenote_category":0,"ngg_post_thumbnail":0,"footnotes":""},"categories":[10,19,11],"tags":[117,116,249,119,118,120],"class_list":["post-3333","post","type-post","status-publish","format-standard","has-post-thumbnail","hentry","category-automotive","category-bmw","category-gallery-automotive","tag-active-tourer","tag-alberto-novelli","tag-bmw","tag-merano","tag-merano2000","tag-tirolo","clearfix"],"_links":{"self":[{"href":"https:\/\/www.drivelife.it\/pics\/wp-json\/wp\/v2\/posts\/3333","targetHints":{"allow":["GET"]}}],"collection":[{"href":"https:\/\/www.drivelife.it\/pics\/wp-json\/wp\/v2\/posts"}],"about":[{"href":"https:\/\/www.drivelife.it\/pics\/wp-json\/wp\/v2\/types\/post"}],"author":[{"embeddable":true,"href":"https:\/\/www.drivelife.it\/pics\/wp-json\/wp\/v2\/users\/1"}],"replies":[{"embeddable":true,"href":"https:\/\/www.drivelife.it\/pics\/wp-json\/wp\/v2\/comments?post=3333"}],"version-history":[{"count":20,"href":"https:\/\/www.drivelife.it\/pics\/wp-json\/wp\/v2\/posts\/3333\/revisions"}],"predecessor-version":[{"id":3499,"href":"https:\/\/www.drivelife.it\/pics\/wp-json\/wp\/v2\/posts\/3333\/revisions\/3499"}],"wp:featuredmedia":[{"embeddable":true,"href":"https:\/\/www.drivelife.it\/pics\/wp-json\/wp\/v2\/media\/3489"}],"wp:attachment":[{"href":"https:\/\/www.drivelife.it\/pics\/wp-json\/wp\/v2\/media?parent=3333"}],"wp:term":[{"taxonomy":"category","embeddable":true,"href":"https:\/\/www.drivelife.it\/pics\/wp-json\/wp\/v2\/categories?post=3333"},{"taxonomy":"post_tag","embeddable":true,"href":"https:\/\/www.drivelife.it\/pics\/wp-json\/wp\/v2\/tags?post=3333"}],"curies":[{"name":"wp","href":"https:\/\/api.w.org\/{rel}","templated":true}]}}