{"id":3110,"date":"2014-05-24T06:02:49","date_gmt":"2014-05-24T06:02:49","guid":{"rendered":"http:\/\/www.drivelife.it\/pics\/?p=3110"},"modified":"2014-05-24T06:12:28","modified_gmt":"2014-05-24T06:12:28","slug":"mini-superleggera-vision","status":"publish","type":"post","link":"https:\/\/www.drivelife.it\/pics\/2014\/05\/24\/mini-superleggera-vision\/","title":{"rendered":"MINI SUPERLEGGERA VISION"},"content":{"rendered":"<h1><div id='gallery-1' class='gallery galleryid-3110 gallery-columns-9 gallery-size-thumbnail'><figure class='gallery-item'>\n\t\t\t<div class='gallery-icon landscape'>\n\t\t\t\t<a href='https:\/\/www.drivelife.it\/pics\/2014\/05\/24\/mini-superleggera-vision\/mini-superleggera-vision_1-2\/'><img loading=\"lazy\" decoding=\"async\" width=\"150\" height=\"100\" src=\"https:\/\/www.drivelife.it\/pics\/wp-content\/uploads\/2014\/05\/MINI-SUPERLEGGERA-VISION_11-600x400.jpg\" class=\"attachment-thumbnail size-thumbnail\" alt=\"\" \/><\/a>\n\t\t\t<\/div><\/figure><figure class='gallery-item'>\n\t\t\t<div class='gallery-icon landscape'>\n\t\t\t\t<a href='https:\/\/www.drivelife.it\/pics\/2014\/05\/24\/mini-superleggera-vision\/mini-superleggera-vision_2\/'><img loading=\"lazy\" decoding=\"async\" width=\"150\" height=\"100\" src=\"https:\/\/www.drivelife.it\/pics\/wp-content\/uploads\/2014\/05\/MINI-SUPERLEGGERA-VISION_2-600x400.jpg\" class=\"attachment-thumbnail size-thumbnail\" alt=\"\" \/><\/a>\n\t\t\t<\/div><\/figure><figure class='gallery-item'>\n\t\t\t<div class='gallery-icon landscape'>\n\t\t\t\t<a href='https:\/\/www.drivelife.it\/pics\/2014\/05\/24\/mini-superleggera-vision\/mini-superleggera-vision_3\/'><img loading=\"lazy\" decoding=\"async\" width=\"150\" height=\"100\" src=\"https:\/\/www.drivelife.it\/pics\/wp-content\/uploads\/2014\/05\/MINI-SUPERLEGGERA-VISION_3-600x400.jpg\" class=\"attachment-thumbnail size-thumbnail\" alt=\"\" \/><\/a>\n\t\t\t<\/div><\/figure><figure class='gallery-item'>\n\t\t\t<div class='gallery-icon landscape'>\n\t\t\t\t<a href='https:\/\/www.drivelife.it\/pics\/2014\/05\/24\/mini-superleggera-vision\/mini-superleggera-vision_4\/'><img loading=\"lazy\" decoding=\"async\" width=\"150\" height=\"100\" src=\"https:\/\/www.drivelife.it\/pics\/wp-content\/uploads\/2014\/05\/MINI-SUPERLEGGERA-VISION_4-600x400.jpg\" class=\"attachment-thumbnail size-thumbnail\" alt=\"\" \/><\/a>\n\t\t\t<\/div><\/figure><figure class='gallery-item'>\n\t\t\t<div class='gallery-icon landscape'>\n\t\t\t\t<a href='https:\/\/www.drivelife.it\/pics\/2014\/05\/24\/mini-superleggera-vision\/mini-superleggera-vision_5\/'><img loading=\"lazy\" decoding=\"async\" width=\"150\" height=\"100\" src=\"https:\/\/www.drivelife.it\/pics\/wp-content\/uploads\/2014\/05\/MINI-SUPERLEGGERA-VISION_5-600x400.jpg\" class=\"attachment-thumbnail size-thumbnail\" alt=\"\" \/><\/a>\n\t\t\t<\/div><\/figure><figure class='gallery-item'>\n\t\t\t<div class='gallery-icon landscape'>\n\t\t\t\t<a href='https:\/\/www.drivelife.it\/pics\/2014\/05\/24\/mini-superleggera-vision\/mini-superleggera-vision_6\/'><img loading=\"lazy\" decoding=\"async\" width=\"150\" height=\"100\" src=\"https:\/\/www.drivelife.it\/pics\/wp-content\/uploads\/2014\/05\/MINI-SUPERLEGGERA-VISION_6-600x400.jpg\" class=\"attachment-thumbnail size-thumbnail\" alt=\"\" \/><\/a>\n\t\t\t<\/div><\/figure><figure class='gallery-item'>\n\t\t\t<div class='gallery-icon landscape'>\n\t\t\t\t<a href='https:\/\/www.drivelife.it\/pics\/2014\/05\/24\/mini-superleggera-vision\/mini-superleggera-vision_7\/'><img loading=\"lazy\" decoding=\"async\" width=\"150\" height=\"100\" src=\"https:\/\/www.drivelife.it\/pics\/wp-content\/uploads\/2014\/05\/MINI-SUPERLEGGERA-VISION_7-600x400.jpg\" class=\"attachment-thumbnail size-thumbnail\" alt=\"\" \/><\/a>\n\t\t\t<\/div><\/figure><figure class='gallery-item'>\n\t\t\t<div class='gallery-icon landscape'>\n\t\t\t\t<a href='https:\/\/www.drivelife.it\/pics\/2014\/05\/24\/mini-superleggera-vision\/mini-superleggera-vision_8\/'><img loading=\"lazy\" decoding=\"async\" width=\"150\" height=\"100\" src=\"https:\/\/www.drivelife.it\/pics\/wp-content\/uploads\/2014\/05\/MINI-SUPERLEGGERA-VISION_8-600x400.jpg\" class=\"attachment-thumbnail size-thumbnail\" alt=\"\" srcset=\"https:\/\/www.drivelife.it\/pics\/wp-content\/uploads\/2014\/05\/MINI-SUPERLEGGERA-VISION_8-600x400.jpg 600w, https:\/\/www.drivelife.it\/pics\/wp-content\/uploads\/2014\/05\/MINI-SUPERLEGGERA-VISION_8-900x601.jpg 900w, https:\/\/www.drivelife.it\/pics\/wp-content\/uploads\/2014\/05\/MINI-SUPERLEGGERA-VISION_8-1280x856.jpg 1280w\" sizes=\"auto, (max-width: 150px) 100vw, 150px\" \/><\/a>\n\t\t\t<\/div><\/figure><figure class='gallery-item'>\n\t\t\t<div class='gallery-icon landscape'>\n\t\t\t\t<a href='https:\/\/www.drivelife.it\/pics\/2014\/05\/24\/mini-superleggera-vision\/mini-superleggera-vision_9\/'><img loading=\"lazy\" decoding=\"async\" width=\"150\" height=\"100\" src=\"https:\/\/www.drivelife.it\/pics\/wp-content\/uploads\/2014\/05\/MINI-SUPERLEGGERA-VISION_9-600x400.jpg\" class=\"attachment-thumbnail size-thumbnail\" alt=\"\" srcset=\"https:\/\/www.drivelife.it\/pics\/wp-content\/uploads\/2014\/05\/MINI-SUPERLEGGERA-VISION_9-600x400.jpg 600w, https:\/\/www.drivelife.it\/pics\/wp-content\/uploads\/2014\/05\/MINI-SUPERLEGGERA-VISION_9-900x604.jpg 900w, https:\/\/www.drivelife.it\/pics\/wp-content\/uploads\/2014\/05\/MINI-SUPERLEGGERA-VISION_9-1280x860.jpg 1280w\" sizes=\"auto, (max-width: 150px) 100vw, 150px\" \/><\/a>\n\t\t\t<\/div><\/figure><figure class='gallery-item'>\n\t\t\t<div class='gallery-icon landscape'>\n\t\t\t\t<a href='https:\/\/www.drivelife.it\/pics\/2014\/05\/24\/mini-superleggera-vision\/mini-superleggera-vision_10\/'><img loading=\"lazy\" decoding=\"async\" width=\"150\" height=\"100\" src=\"https:\/\/www.drivelife.it\/pics\/wp-content\/uploads\/2014\/05\/MINI-SUPERLEGGERA-VISION_10-600x400.jpg\" class=\"attachment-thumbnail size-thumbnail\" alt=\"\" \/><\/a>\n\t\t\t<\/div><\/figure><figure class='gallery-item'>\n\t\t\t<div class='gallery-icon landscape'>\n\t\t\t\t<a href='https:\/\/www.drivelife.it\/pics\/2014\/05\/24\/mini-superleggera-vision\/mini-superleggera-vision_11\/'><img loading=\"lazy\" decoding=\"async\" width=\"150\" height=\"100\" src=\"https:\/\/www.drivelife.it\/pics\/wp-content\/uploads\/2014\/05\/MINI-SUPERLEGGERA-VISION_111-600x400.jpg\" class=\"attachment-thumbnail size-thumbnail\" alt=\"\" \/><\/a>\n\t\t\t<\/div><\/figure><figure class='gallery-item'>\n\t\t\t<div class='gallery-icon landscape'>\n\t\t\t\t<a href='https:\/\/www.drivelife.it\/pics\/2014\/05\/24\/mini-superleggera-vision\/mini-superleggera-vision_12\/'><img loading=\"lazy\" decoding=\"async\" width=\"150\" height=\"100\" src=\"https:\/\/www.drivelife.it\/pics\/wp-content\/uploads\/2014\/05\/MINI-SUPERLEGGERA-VISION_12-600x400.jpg\" class=\"attachment-thumbnail size-thumbnail\" alt=\"\" \/><\/a>\n\t\t\t<\/div><\/figure><figure class='gallery-item'>\n\t\t\t<div class='gallery-icon landscape'>\n\t\t\t\t<a href='https:\/\/www.drivelife.it\/pics\/2014\/05\/24\/mini-superleggera-vision\/mini-superleggera-vision_13\/'><img loading=\"lazy\" decoding=\"async\" width=\"150\" height=\"100\" src=\"https:\/\/www.drivelife.it\/pics\/wp-content\/uploads\/2014\/05\/MINI-SUPERLEGGERA-VISION_13-600x400.jpg\" class=\"attachment-thumbnail size-thumbnail\" alt=\"\" \/><\/a>\n\t\t\t<\/div><\/figure><figure class='gallery-item'>\n\t\t\t<div class='gallery-icon landscape'>\n\t\t\t\t<a href='https:\/\/www.drivelife.it\/pics\/2014\/05\/24\/mini-superleggera-vision\/mini-superleggera-vision_14\/'><img loading=\"lazy\" decoding=\"async\" width=\"150\" height=\"100\" src=\"https:\/\/www.drivelife.it\/pics\/wp-content\/uploads\/2014\/05\/MINI-SUPERLEGGERA-VISION_14-600x400.jpg\" class=\"attachment-thumbnail size-thumbnail\" alt=\"\" \/><\/a>\n\t\t\t<\/div><\/figure><figure class='gallery-item'>\n\t\t\t<div class='gallery-icon landscape'>\n\t\t\t\t<a href='https:\/\/www.drivelife.it\/pics\/2014\/05\/24\/mini-superleggera-vision\/mini-superleggera-vision_15\/'><img loading=\"lazy\" decoding=\"async\" width=\"150\" height=\"100\" src=\"https:\/\/www.drivelife.it\/pics\/wp-content\/uploads\/2014\/05\/MINI-SUPERLEGGERA-VISION_15-600x400.jpg\" class=\"attachment-thumbnail size-thumbnail\" alt=\"\" srcset=\"https:\/\/www.drivelife.it\/pics\/wp-content\/uploads\/2014\/05\/MINI-SUPERLEGGERA-VISION_15-600x400.jpg 600w, https:\/\/www.drivelife.it\/pics\/wp-content\/uploads\/2014\/05\/MINI-SUPERLEGGERA-VISION_15-900x600.jpg 900w, https:\/\/www.drivelife.it\/pics\/wp-content\/uploads\/2014\/05\/MINI-SUPERLEGGERA-VISION_15-1280x853.jpg 1280w\" sizes=\"auto, (max-width: 150px) 100vw, 150px\" \/><\/a>\n\t\t\t<\/div><\/figure><figure class='gallery-item'>\n\t\t\t<div class='gallery-icon landscape'>\n\t\t\t\t<a href='https:\/\/www.drivelife.it\/pics\/2014\/05\/24\/mini-superleggera-vision\/mini-superleggera-vision_16\/'><img loading=\"lazy\" decoding=\"async\" width=\"150\" height=\"100\" src=\"https:\/\/www.drivelife.it\/pics\/wp-content\/uploads\/2014\/05\/MINI-SUPERLEGGERA-VISION_16-600x400.jpg\" class=\"attachment-thumbnail size-thumbnail\" alt=\"\" srcset=\"https:\/\/www.drivelife.it\/pics\/wp-content\/uploads\/2014\/05\/MINI-SUPERLEGGERA-VISION_16-600x400.jpg 600w, https:\/\/www.drivelife.it\/pics\/wp-content\/uploads\/2014\/05\/MINI-SUPERLEGGERA-VISION_16-900x600.jpg 900w, https:\/\/www.drivelife.it\/pics\/wp-content\/uploads\/2014\/05\/MINI-SUPERLEGGERA-VISION_16-1280x853.jpg 1280w\" sizes=\"auto, (max-width: 150px) 100vw, 150px\" \/><\/a>\n\t\t\t<\/div><\/figure><figure class='gallery-item'>\n\t\t\t<div class='gallery-icon landscape'>\n\t\t\t\t<a href='https:\/\/www.drivelife.it\/pics\/2014\/05\/24\/mini-superleggera-vision\/mini-superleggera-vision_17\/'><img loading=\"lazy\" decoding=\"async\" width=\"150\" height=\"100\" src=\"https:\/\/www.drivelife.it\/pics\/wp-content\/uploads\/2014\/05\/MINI-SUPERLEGGERA-VISION_17-600x400.jpg\" class=\"attachment-thumbnail size-thumbnail\" alt=\"\" srcset=\"https:\/\/www.drivelife.it\/pics\/wp-content\/uploads\/2014\/05\/MINI-SUPERLEGGERA-VISION_17-600x400.jpg 600w, https:\/\/www.drivelife.it\/pics\/wp-content\/uploads\/2014\/05\/MINI-SUPERLEGGERA-VISION_17-900x600.jpg 900w, https:\/\/www.drivelife.it\/pics\/wp-content\/uploads\/2014\/05\/MINI-SUPERLEGGERA-VISION_17-1280x853.jpg 1280w\" sizes=\"auto, (max-width: 150px) 100vw, 150px\" \/><\/a>\n\t\t\t<\/div><\/figure><figure class='gallery-item'>\n\t\t\t<div class='gallery-icon landscape'>\n\t\t\t\t<a href='https:\/\/www.drivelife.it\/pics\/2014\/05\/24\/mini-superleggera-vision\/mini-superleggera-vision_18\/'><img loading=\"lazy\" decoding=\"async\" width=\"150\" height=\"100\" src=\"https:\/\/www.drivelife.it\/pics\/wp-content\/uploads\/2014\/05\/MINI-SUPERLEGGERA-VISION_18-600x400.jpg\" class=\"attachment-thumbnail size-thumbnail\" alt=\"\" srcset=\"https:\/\/www.drivelife.it\/pics\/wp-content\/uploads\/2014\/05\/MINI-SUPERLEGGERA-VISION_18-600x400.jpg 600w, https:\/\/www.drivelife.it\/pics\/wp-content\/uploads\/2014\/05\/MINI-SUPERLEGGERA-VISION_18-900x600.jpg 900w, https:\/\/www.drivelife.it\/pics\/wp-content\/uploads\/2014\/05\/MINI-SUPERLEGGERA-VISION_18-1280x853.jpg 1280w\" sizes=\"auto, (max-width: 150px) 100vw, 150px\" \/><\/a>\n\t\t\t<\/div><\/figure><figure class='gallery-item'>\n\t\t\t<div class='gallery-icon landscape'>\n\t\t\t\t<a href='https:\/\/www.drivelife.it\/pics\/2014\/05\/24\/mini-superleggera-vision\/mini-superleggera-vision_19\/'><img loading=\"lazy\" decoding=\"async\" width=\"150\" height=\"100\" src=\"https:\/\/www.drivelife.it\/pics\/wp-content\/uploads\/2014\/05\/MINI-SUPERLEGGERA-VISION_19-600x400.jpg\" class=\"attachment-thumbnail size-thumbnail\" alt=\"\" srcset=\"https:\/\/www.drivelife.it\/pics\/wp-content\/uploads\/2014\/05\/MINI-SUPERLEGGERA-VISION_19-600x400.jpg 600w, https:\/\/www.drivelife.it\/pics\/wp-content\/uploads\/2014\/05\/MINI-SUPERLEGGERA-VISION_19-900x600.jpg 900w, https:\/\/www.drivelife.it\/pics\/wp-content\/uploads\/2014\/05\/MINI-SUPERLEGGERA-VISION_19-1280x853.jpg 1280w\" sizes=\"auto, (max-width: 150px) 100vw, 150px\" \/><\/a>\n\t\t\t<\/div><\/figure><figure class='gallery-item'>\n\t\t\t<div class='gallery-icon landscape'>\n\t\t\t\t<a href='https:\/\/www.drivelife.it\/pics\/2014\/05\/24\/mini-superleggera-vision\/mini-superleggera-vision_20\/'><img loading=\"lazy\" decoding=\"async\" width=\"150\" height=\"100\" src=\"https:\/\/www.drivelife.it\/pics\/wp-content\/uploads\/2014\/05\/MINI-SUPERLEGGERA-VISION_20-600x400.jpg\" class=\"attachment-thumbnail size-thumbnail\" alt=\"\" srcset=\"https:\/\/www.drivelife.it\/pics\/wp-content\/uploads\/2014\/05\/MINI-SUPERLEGGERA-VISION_20-600x400.jpg 600w, https:\/\/www.drivelife.it\/pics\/wp-content\/uploads\/2014\/05\/MINI-SUPERLEGGERA-VISION_20-900x600.jpg 900w, https:\/\/www.drivelife.it\/pics\/wp-content\/uploads\/2014\/05\/MINI-SUPERLEGGERA-VISION_20-1280x853.jpg 1280w\" sizes=\"auto, (max-width: 150px) 100vw, 150px\" \/><\/a>\n\t\t\t<\/div><\/figure><figure class='gallery-item'>\n\t\t\t<div class='gallery-icon landscape'>\n\t\t\t\t<a href='https:\/\/www.drivelife.it\/pics\/2014\/05\/24\/mini-superleggera-vision\/mini-superleggera-vision_21\/'><img loading=\"lazy\" decoding=\"async\" width=\"150\" height=\"100\" src=\"https:\/\/www.drivelife.it\/pics\/wp-content\/uploads\/2014\/05\/MINI-SUPERLEGGERA-VISION_21-600x400.jpg\" class=\"attachment-thumbnail size-thumbnail\" alt=\"\" srcset=\"https:\/\/www.drivelife.it\/pics\/wp-content\/uploads\/2014\/05\/MINI-SUPERLEGGERA-VISION_21-600x400.jpg 600w, https:\/\/www.drivelife.it\/pics\/wp-content\/uploads\/2014\/05\/MINI-SUPERLEGGERA-VISION_21-900x600.jpg 900w, https:\/\/www.drivelife.it\/pics\/wp-content\/uploads\/2014\/05\/MINI-SUPERLEGGERA-VISION_21-1280x853.jpg 1280w\" sizes=\"auto, (max-width: 150px) 100vw, 150px\" \/><\/a>\n\t\t\t<\/div><\/figure><figure class='gallery-item'>\n\t\t\t<div class='gallery-icon landscape'>\n\t\t\t\t<a href='https:\/\/www.drivelife.it\/pics\/2014\/05\/24\/mini-superleggera-vision\/mini-superleggera-vision_22\/'><img loading=\"lazy\" decoding=\"async\" width=\"150\" height=\"100\" src=\"https:\/\/www.drivelife.it\/pics\/wp-content\/uploads\/2014\/05\/MINI-SUPERLEGGERA-VISION_22-600x400.jpg\" class=\"attachment-thumbnail size-thumbnail\" alt=\"\" srcset=\"https:\/\/www.drivelife.it\/pics\/wp-content\/uploads\/2014\/05\/MINI-SUPERLEGGERA-VISION_22-600x400.jpg 600w, https:\/\/www.drivelife.it\/pics\/wp-content\/uploads\/2014\/05\/MINI-SUPERLEGGERA-VISION_22-900x600.jpg 900w, https:\/\/www.drivelife.it\/pics\/wp-content\/uploads\/2014\/05\/MINI-SUPERLEGGERA-VISION_22-1280x853.jpg 1280w\" sizes=\"auto, (max-width: 150px) 100vw, 150px\" \/><\/a>\n\t\t\t<\/div><\/figure><figure class='gallery-item'>\n\t\t\t<div class='gallery-icon landscape'>\n\t\t\t\t<a href='https:\/\/www.drivelife.it\/pics\/2014\/05\/24\/mini-superleggera-vision\/mini-superleggera-vision_23\/'><img loading=\"lazy\" decoding=\"async\" width=\"150\" height=\"100\" src=\"https:\/\/www.drivelife.it\/pics\/wp-content\/uploads\/2014\/05\/MINI-SUPERLEGGERA-VISION_23-600x400.jpg\" class=\"attachment-thumbnail size-thumbnail\" alt=\"\" srcset=\"https:\/\/www.drivelife.it\/pics\/wp-content\/uploads\/2014\/05\/MINI-SUPERLEGGERA-VISION_23-600x400.jpg 600w, https:\/\/www.drivelife.it\/pics\/wp-content\/uploads\/2014\/05\/MINI-SUPERLEGGERA-VISION_23-900x600.jpg 900w, https:\/\/www.drivelife.it\/pics\/wp-content\/uploads\/2014\/05\/MINI-SUPERLEGGERA-VISION_23-1280x853.jpg 1280w\" sizes=\"auto, (max-width: 150px) 100vw, 150px\" \/><\/a>\n\t\t\t<\/div><\/figure><figure class='gallery-item'>\n\t\t\t<div class='gallery-icon landscape'>\n\t\t\t\t<a href='https:\/\/www.drivelife.it\/pics\/2014\/05\/24\/mini-superleggera-vision\/mini-superleggera-vision_24\/'><img loading=\"lazy\" decoding=\"async\" width=\"150\" height=\"100\" src=\"https:\/\/www.drivelife.it\/pics\/wp-content\/uploads\/2014\/05\/MINI-SUPERLEGGERA-VISION_24-600x400.jpg\" class=\"attachment-thumbnail size-thumbnail\" alt=\"\" srcset=\"https:\/\/www.drivelife.it\/pics\/wp-content\/uploads\/2014\/05\/MINI-SUPERLEGGERA-VISION_24-600x400.jpg 600w, https:\/\/www.drivelife.it\/pics\/wp-content\/uploads\/2014\/05\/MINI-SUPERLEGGERA-VISION_24-900x600.jpg 900w, https:\/\/www.drivelife.it\/pics\/wp-content\/uploads\/2014\/05\/MINI-SUPERLEGGERA-VISION_24-1280x853.jpg 1280w\" sizes=\"auto, (max-width: 150px) 100vw, 150px\" \/><\/a>\n\t\t\t<\/div><\/figure><figure class='gallery-item'>\n\t\t\t<div class='gallery-icon landscape'>\n\t\t\t\t<a href='https:\/\/www.drivelife.it\/pics\/2014\/05\/24\/mini-superleggera-vision\/mini-superleggera-vision_25\/'><img loading=\"lazy\" decoding=\"async\" width=\"150\" height=\"100\" src=\"https:\/\/www.drivelife.it\/pics\/wp-content\/uploads\/2014\/05\/MINI-SUPERLEGGERA-VISION_25-600x400.jpg\" class=\"attachment-thumbnail size-thumbnail\" alt=\"\" srcset=\"https:\/\/www.drivelife.it\/pics\/wp-content\/uploads\/2014\/05\/MINI-SUPERLEGGERA-VISION_25-600x400.jpg 600w, https:\/\/www.drivelife.it\/pics\/wp-content\/uploads\/2014\/05\/MINI-SUPERLEGGERA-VISION_25-900x600.jpg 900w, https:\/\/www.drivelife.it\/pics\/wp-content\/uploads\/2014\/05\/MINI-SUPERLEGGERA-VISION_25-1280x853.jpg 1280w\" sizes=\"auto, (max-width: 150px) 100vw, 150px\" \/><\/a>\n\t\t\t<\/div><\/figure><figure class='gallery-item'>\n\t\t\t<div class='gallery-icon landscape'>\n\t\t\t\t<a href='https:\/\/www.drivelife.it\/pics\/2014\/05\/24\/mini-superleggera-vision\/mini-superleggera-vision_26\/'><img loading=\"lazy\" decoding=\"async\" width=\"150\" height=\"100\" src=\"https:\/\/www.drivelife.it\/pics\/wp-content\/uploads\/2014\/05\/MINI-SUPERLEGGERA-VISION_26-600x400.jpg\" class=\"attachment-thumbnail size-thumbnail\" alt=\"\" srcset=\"https:\/\/www.drivelife.it\/pics\/wp-content\/uploads\/2014\/05\/MINI-SUPERLEGGERA-VISION_26-600x400.jpg 600w, https:\/\/www.drivelife.it\/pics\/wp-content\/uploads\/2014\/05\/MINI-SUPERLEGGERA-VISION_26-900x600.jpg 900w, https:\/\/www.drivelife.it\/pics\/wp-content\/uploads\/2014\/05\/MINI-SUPERLEGGERA-VISION_26-1280x853.jpg 1280w\" sizes=\"auto, (max-width: 150px) 100vw, 150px\" \/><\/a>\n\t\t\t<\/div><\/figure><figure class='gallery-item'>\n\t\t\t<div class='gallery-icon landscape'>\n\t\t\t\t<a href='https:\/\/www.drivelife.it\/pics\/2014\/05\/24\/mini-superleggera-vision\/mini-superleggera-vision_27\/'><img loading=\"lazy\" decoding=\"async\" width=\"150\" height=\"100\" src=\"https:\/\/www.drivelife.it\/pics\/wp-content\/uploads\/2014\/05\/MINI-SUPERLEGGERA-VISION_27-600x400.jpg\" class=\"attachment-thumbnail size-thumbnail\" alt=\"\" srcset=\"https:\/\/www.drivelife.it\/pics\/wp-content\/uploads\/2014\/05\/MINI-SUPERLEGGERA-VISION_27-600x400.jpg 600w, https:\/\/www.drivelife.it\/pics\/wp-content\/uploads\/2014\/05\/MINI-SUPERLEGGERA-VISION_27-900x600.jpg 900w, https:\/\/www.drivelife.it\/pics\/wp-content\/uploads\/2014\/05\/MINI-SUPERLEGGERA-VISION_27-1280x853.jpg 1280w\" sizes=\"auto, (max-width: 150px) 100vw, 150px\" \/><\/a>\n\t\t\t<\/div><\/figure><figure class='gallery-item'>\n\t\t\t<div class='gallery-icon landscape'>\n\t\t\t\t<a href='https:\/\/www.drivelife.it\/pics\/2014\/05\/24\/mini-superleggera-vision\/mini-superleggera-vision_28\/'><img loading=\"lazy\" decoding=\"async\" width=\"150\" height=\"100\" src=\"https:\/\/www.drivelife.it\/pics\/wp-content\/uploads\/2014\/05\/MINI-SUPERLEGGERA-VISION_28-600x400.jpg\" class=\"attachment-thumbnail size-thumbnail\" alt=\"\" srcset=\"https:\/\/www.drivelife.it\/pics\/wp-content\/uploads\/2014\/05\/MINI-SUPERLEGGERA-VISION_28-600x400.jpg 600w, https:\/\/www.drivelife.it\/pics\/wp-content\/uploads\/2014\/05\/MINI-SUPERLEGGERA-VISION_28-900x600.jpg 900w, https:\/\/www.drivelife.it\/pics\/wp-content\/uploads\/2014\/05\/MINI-SUPERLEGGERA-VISION_28-1280x853.jpg 1280w\" sizes=\"auto, (max-width: 150px) 100vw, 150px\" \/><\/a>\n\t\t\t<\/div><\/figure><figure class='gallery-item'>\n\t\t\t<div class='gallery-icon landscape'>\n\t\t\t\t<a href='https:\/\/www.drivelife.it\/pics\/2014\/05\/24\/mini-superleggera-vision\/mini-superleggera-vision_29\/'><img loading=\"lazy\" decoding=\"async\" width=\"150\" height=\"100\" src=\"https:\/\/www.drivelife.it\/pics\/wp-content\/uploads\/2014\/05\/MINI-SUPERLEGGERA-VISION_29-600x400.jpg\" class=\"attachment-thumbnail size-thumbnail\" alt=\"\" srcset=\"https:\/\/www.drivelife.it\/pics\/wp-content\/uploads\/2014\/05\/MINI-SUPERLEGGERA-VISION_29-600x400.jpg 600w, https:\/\/www.drivelife.it\/pics\/wp-content\/uploads\/2014\/05\/MINI-SUPERLEGGERA-VISION_29-900x600.jpg 900w, https:\/\/www.drivelife.it\/pics\/wp-content\/uploads\/2014\/05\/MINI-SUPERLEGGERA-VISION_29-1280x853.jpg 1280w\" sizes=\"auto, (max-width: 150px) 100vw, 150px\" \/><\/a>\n\t\t\t<\/div><\/figure><figure class='gallery-item'>\n\t\t\t<div class='gallery-icon landscape'>\n\t\t\t\t<a href='https:\/\/www.drivelife.it\/pics\/2014\/05\/24\/mini-superleggera-vision\/mini-superleggera-vision_30\/'><img loading=\"lazy\" decoding=\"async\" width=\"150\" height=\"100\" src=\"https:\/\/www.drivelife.it\/pics\/wp-content\/uploads\/2014\/05\/MINI-SUPERLEGGERA-VISION_30-600x400.jpg\" class=\"attachment-thumbnail size-thumbnail\" alt=\"\" srcset=\"https:\/\/www.drivelife.it\/pics\/wp-content\/uploads\/2014\/05\/MINI-SUPERLEGGERA-VISION_30-600x400.jpg 600w, https:\/\/www.drivelife.it\/pics\/wp-content\/uploads\/2014\/05\/MINI-SUPERLEGGERA-VISION_30-900x600.jpg 900w, https:\/\/www.drivelife.it\/pics\/wp-content\/uploads\/2014\/05\/MINI-SUPERLEGGERA-VISION_30-1280x853.jpg 1280w\" sizes=\"auto, (max-width: 150px) 100vw, 150px\" \/><\/a>\n\t\t\t<\/div><\/figure><figure class='gallery-item'>\n\t\t\t<div class='gallery-icon landscape'>\n\t\t\t\t<a href='https:\/\/www.drivelife.it\/pics\/2014\/05\/24\/mini-superleggera-vision\/mini-superleggera-vision_31\/'><img loading=\"lazy\" decoding=\"async\" width=\"150\" height=\"100\" src=\"https:\/\/www.drivelife.it\/pics\/wp-content\/uploads\/2014\/05\/MINI-SUPERLEGGERA-VISION_31-600x400.jpg\" class=\"attachment-thumbnail size-thumbnail\" alt=\"\" srcset=\"https:\/\/www.drivelife.it\/pics\/wp-content\/uploads\/2014\/05\/MINI-SUPERLEGGERA-VISION_31-600x400.jpg 600w, https:\/\/www.drivelife.it\/pics\/wp-content\/uploads\/2014\/05\/MINI-SUPERLEGGERA-VISION_31-900x600.jpg 900w, https:\/\/www.drivelife.it\/pics\/wp-content\/uploads\/2014\/05\/MINI-SUPERLEGGERA-VISION_31-1280x853.jpg 1280w\" sizes=\"auto, (max-width: 150px) 100vw, 150px\" \/><\/a>\n\t\t\t<\/div><\/figure><figure class='gallery-item'>\n\t\t\t<div class='gallery-icon landscape'>\n\t\t\t\t<a href='https:\/\/www.drivelife.it\/pics\/2014\/05\/24\/mini-superleggera-vision\/mini-superleggera-vision_32\/'><img loading=\"lazy\" decoding=\"async\" width=\"150\" height=\"100\" src=\"https:\/\/www.drivelife.it\/pics\/wp-content\/uploads\/2014\/05\/MINI-SUPERLEGGERA-VISION_32-600x400.jpg\" class=\"attachment-thumbnail size-thumbnail\" alt=\"\" srcset=\"https:\/\/www.drivelife.it\/pics\/wp-content\/uploads\/2014\/05\/MINI-SUPERLEGGERA-VISION_32-600x400.jpg 600w, https:\/\/www.drivelife.it\/pics\/wp-content\/uploads\/2014\/05\/MINI-SUPERLEGGERA-VISION_32-900x600.jpg 900w, https:\/\/www.drivelife.it\/pics\/wp-content\/uploads\/2014\/05\/MINI-SUPERLEGGERA-VISION_32-1280x853.jpg 1280w\" sizes=\"auto, (max-width: 150px) 100vw, 150px\" \/><\/a>\n\t\t\t<\/div><\/figure><figure class='gallery-item'>\n\t\t\t<div class='gallery-icon landscape'>\n\t\t\t\t<a href='https:\/\/www.drivelife.it\/pics\/2014\/05\/24\/mini-superleggera-vision\/mini-superleggera-vision_33\/'><img loading=\"lazy\" decoding=\"async\" width=\"150\" height=\"100\" src=\"https:\/\/www.drivelife.it\/pics\/wp-content\/uploads\/2014\/05\/MINI-SUPERLEGGERA-VISION_33-600x400.jpg\" class=\"attachment-thumbnail size-thumbnail\" alt=\"\" srcset=\"https:\/\/www.drivelife.it\/pics\/wp-content\/uploads\/2014\/05\/MINI-SUPERLEGGERA-VISION_33-600x400.jpg 600w, https:\/\/www.drivelife.it\/pics\/wp-content\/uploads\/2014\/05\/MINI-SUPERLEGGERA-VISION_33-900x600.jpg 900w, https:\/\/www.drivelife.it\/pics\/wp-content\/uploads\/2014\/05\/MINI-SUPERLEGGERA-VISION_33-1280x853.jpg 1280w\" sizes=\"auto, (max-width: 150px) 100vw, 150px\" \/><\/a>\n\t\t\t<\/div><\/figure><figure class='gallery-item'>\n\t\t\t<div class='gallery-icon landscape'>\n\t\t\t\t<a href='https:\/\/www.drivelife.it\/pics\/2014\/05\/24\/mini-superleggera-vision\/mini-superleggera-vision_34\/'><img loading=\"lazy\" decoding=\"async\" width=\"150\" height=\"100\" src=\"https:\/\/www.drivelife.it\/pics\/wp-content\/uploads\/2014\/05\/MINI-SUPERLEGGERA-VISION_34-600x400.jpg\" class=\"attachment-thumbnail size-thumbnail\" alt=\"\" srcset=\"https:\/\/www.drivelife.it\/pics\/wp-content\/uploads\/2014\/05\/MINI-SUPERLEGGERA-VISION_34-600x400.jpg 600w, https:\/\/www.drivelife.it\/pics\/wp-content\/uploads\/2014\/05\/MINI-SUPERLEGGERA-VISION_34-900x600.jpg 900w, https:\/\/www.drivelife.it\/pics\/wp-content\/uploads\/2014\/05\/MINI-SUPERLEGGERA-VISION_34-1280x853.jpg 1280w\" sizes=\"auto, (max-width: 150px) 100vw, 150px\" \/><\/a>\n\t\t\t<\/div><\/figure><figure class='gallery-item'>\n\t\t\t<div class='gallery-icon landscape'>\n\t\t\t\t<a href='https:\/\/www.drivelife.it\/pics\/2014\/05\/24\/mini-superleggera-vision\/mini-superleggera-vision_35\/'><img loading=\"lazy\" decoding=\"async\" width=\"150\" height=\"100\" src=\"https:\/\/www.drivelife.it\/pics\/wp-content\/uploads\/2014\/05\/MINI-SUPERLEGGERA-VISION_35-600x400.jpg\" class=\"attachment-thumbnail size-thumbnail\" alt=\"\" srcset=\"https:\/\/www.drivelife.it\/pics\/wp-content\/uploads\/2014\/05\/MINI-SUPERLEGGERA-VISION_35-600x400.jpg 600w, https:\/\/www.drivelife.it\/pics\/wp-content\/uploads\/2014\/05\/MINI-SUPERLEGGERA-VISION_35-900x600.jpg 900w, https:\/\/www.drivelife.it\/pics\/wp-content\/uploads\/2014\/05\/MINI-SUPERLEGGERA-VISION_35-1280x853.jpg 1280w\" sizes=\"auto, (max-width: 150px) 100vw, 150px\" \/><\/a>\n\t\t\t<\/div><\/figure><figure class='gallery-item'>\n\t\t\t<div class='gallery-icon landscape'>\n\t\t\t\t<a href='https:\/\/www.drivelife.it\/pics\/2014\/05\/24\/mini-superleggera-vision\/mini-superleggera-vision_36\/'><img loading=\"lazy\" decoding=\"async\" width=\"150\" height=\"100\" src=\"https:\/\/www.drivelife.it\/pics\/wp-content\/uploads\/2014\/05\/MINI-SUPERLEGGERA-VISION_36-600x400.jpg\" class=\"attachment-thumbnail size-thumbnail\" alt=\"\" srcset=\"https:\/\/www.drivelife.it\/pics\/wp-content\/uploads\/2014\/05\/MINI-SUPERLEGGERA-VISION_36-600x400.jpg 600w, https:\/\/www.drivelife.it\/pics\/wp-content\/uploads\/2014\/05\/MINI-SUPERLEGGERA-VISION_36-900x600.jpg 900w, https:\/\/www.drivelife.it\/pics\/wp-content\/uploads\/2014\/05\/MINI-SUPERLEGGERA-VISION_36-1280x853.jpg 1280w\" sizes=\"auto, (max-width: 150px) 100vw, 150px\" \/><\/a>\n\t\t\t<\/div><\/figure><figure class='gallery-item'>\n\t\t\t<div class='gallery-icon landscape'>\n\t\t\t\t<a href='https:\/\/www.drivelife.it\/pics\/2014\/05\/24\/mini-superleggera-vision\/mini-superleggera-vision_37\/'><img loading=\"lazy\" decoding=\"async\" width=\"150\" height=\"100\" src=\"https:\/\/www.drivelife.it\/pics\/wp-content\/uploads\/2014\/05\/MINI-SUPERLEGGERA-VISION_37-600x400.jpg\" class=\"attachment-thumbnail size-thumbnail\" alt=\"\" srcset=\"https:\/\/www.drivelife.it\/pics\/wp-content\/uploads\/2014\/05\/MINI-SUPERLEGGERA-VISION_37-600x400.jpg 600w, https:\/\/www.drivelife.it\/pics\/wp-content\/uploads\/2014\/05\/MINI-SUPERLEGGERA-VISION_37-900x600.jpg 900w, https:\/\/www.drivelife.it\/pics\/wp-content\/uploads\/2014\/05\/MINI-SUPERLEGGERA-VISION_37-1280x853.jpg 1280w\" sizes=\"auto, (max-width: 150px) 100vw, 150px\" \/><\/a>\n\t\t\t<\/div><\/figure><figure class='gallery-item'>\n\t\t\t<div class='gallery-icon landscape'>\n\t\t\t\t<a href='https:\/\/www.drivelife.it\/pics\/2014\/05\/24\/mini-superleggera-vision\/mini-superleggera-vision_38\/'><img loading=\"lazy\" decoding=\"async\" width=\"150\" height=\"100\" src=\"https:\/\/www.drivelife.it\/pics\/wp-content\/uploads\/2014\/05\/MINI-SUPERLEGGERA-VISION_38-600x400.jpg\" class=\"attachment-thumbnail size-thumbnail\" alt=\"\" \/><\/a>\n\t\t\t<\/div><\/figure><figure class='gallery-item'>\n\t\t\t<div class='gallery-icon landscape'>\n\t\t\t\t<a href='https:\/\/www.drivelife.it\/pics\/2014\/05\/24\/mini-superleggera-vision\/mini-superleggera-vision_39\/'><img loading=\"lazy\" decoding=\"async\" width=\"150\" height=\"100\" src=\"https:\/\/www.drivelife.it\/pics\/wp-content\/uploads\/2014\/05\/MINI-SUPERLEGGERA-VISION_39-600x400.jpg\" class=\"attachment-thumbnail size-thumbnail\" alt=\"\" \/><\/a>\n\t\t\t<\/div><\/figure><figure class='gallery-item'>\n\t\t\t<div class='gallery-icon landscape'>\n\t\t\t\t<a href='https:\/\/www.drivelife.it\/pics\/2014\/05\/24\/mini-superleggera-vision\/mini-superleggera-vision_40\/'><img loading=\"lazy\" decoding=\"async\" width=\"150\" height=\"100\" src=\"https:\/\/www.drivelife.it\/pics\/wp-content\/uploads\/2014\/05\/MINI-SUPERLEGGERA-VISION_40-600x400.jpg\" class=\"attachment-thumbnail size-thumbnail\" alt=\"\" \/><\/a>\n\t\t\t<\/div><\/figure><figure class='gallery-item'>\n\t\t\t<div class='gallery-icon landscape'>\n\t\t\t\t<a href='https:\/\/www.drivelife.it\/pics\/2014\/05\/24\/mini-superleggera-vision\/mini-superleggera-vision_41\/'><img loading=\"lazy\" decoding=\"async\" width=\"150\" height=\"100\" src=\"https:\/\/www.drivelife.it\/pics\/wp-content\/uploads\/2014\/05\/MINI-SUPERLEGGERA-VISION_41-600x400.jpg\" class=\"attachment-thumbnail size-thumbnail\" alt=\"\" srcset=\"https:\/\/www.drivelife.it\/pics\/wp-content\/uploads\/2014\/05\/MINI-SUPERLEGGERA-VISION_41-600x400.jpg 600w, https:\/\/www.drivelife.it\/pics\/wp-content\/uploads\/2014\/05\/MINI-SUPERLEGGERA-VISION_41-900x599.jpg 900w, https:\/\/www.drivelife.it\/pics\/wp-content\/uploads\/2014\/05\/MINI-SUPERLEGGERA-VISION_41-1280x853.jpg 1280w\" sizes=\"auto, (max-width: 150px) 100vw, 150px\" \/><\/a>\n\t\t\t<\/div><\/figure><figure class='gallery-item'>\n\t\t\t<div class='gallery-icon landscape'>\n\t\t\t\t<a href='https:\/\/www.drivelife.it\/pics\/2014\/05\/24\/mini-superleggera-vision\/mini-superleggera-vision_42\/'><img loading=\"lazy\" decoding=\"async\" width=\"150\" height=\"100\" src=\"https:\/\/www.drivelife.it\/pics\/wp-content\/uploads\/2014\/05\/MINI-SUPERLEGGERA-VISION_42-600x400.jpg\" class=\"attachment-thumbnail size-thumbnail\" alt=\"\" srcset=\"https:\/\/www.drivelife.it\/pics\/wp-content\/uploads\/2014\/05\/MINI-SUPERLEGGERA-VISION_42-600x400.jpg 600w, https:\/\/www.drivelife.it\/pics\/wp-content\/uploads\/2014\/05\/MINI-SUPERLEGGERA-VISION_42-900x600.jpg 900w, https:\/\/www.drivelife.it\/pics\/wp-content\/uploads\/2014\/05\/MINI-SUPERLEGGERA-VISION_42-1280x853.jpg 1280w\" sizes=\"auto, (max-width: 150px) 100vw, 150px\" \/><\/a>\n\t\t\t<\/div><\/figure><figure class='gallery-item'>\n\t\t\t<div class='gallery-icon landscape'>\n\t\t\t\t<a href='https:\/\/www.drivelife.it\/pics\/2014\/05\/24\/mini-superleggera-vision\/mini-superleggera-vision_43\/'><img loading=\"lazy\" decoding=\"async\" width=\"150\" height=\"100\" src=\"https:\/\/www.drivelife.it\/pics\/wp-content\/uploads\/2014\/05\/MINI-SUPERLEGGERA-VISION_43-600x400.jpg\" class=\"attachment-thumbnail size-thumbnail\" alt=\"\" srcset=\"https:\/\/www.drivelife.it\/pics\/wp-content\/uploads\/2014\/05\/MINI-SUPERLEGGERA-VISION_43-600x400.jpg 600w, https:\/\/www.drivelife.it\/pics\/wp-content\/uploads\/2014\/05\/MINI-SUPERLEGGERA-VISION_43-900x599.jpg 900w, https:\/\/www.drivelife.it\/pics\/wp-content\/uploads\/2014\/05\/MINI-SUPERLEGGERA-VISION_43-1280x853.jpg 1280w\" sizes=\"auto, (max-width: 150px) 100vw, 150px\" \/><\/a>\n\t\t\t<\/div><\/figure><figure class='gallery-item'>\n\t\t\t<div class='gallery-icon landscape'>\n\t\t\t\t<a href='https:\/\/www.drivelife.it\/pics\/2014\/05\/24\/mini-superleggera-vision\/mini-superleggera-vision_44\/'><img loading=\"lazy\" decoding=\"async\" width=\"150\" height=\"100\" src=\"https:\/\/www.drivelife.it\/pics\/wp-content\/uploads\/2014\/05\/MINI-SUPERLEGGERA-VISION_44-600x400.jpg\" class=\"attachment-thumbnail size-thumbnail\" alt=\"\" srcset=\"https:\/\/www.drivelife.it\/pics\/wp-content\/uploads\/2014\/05\/MINI-SUPERLEGGERA-VISION_44-600x400.jpg 600w, https:\/\/www.drivelife.it\/pics\/wp-content\/uploads\/2014\/05\/MINI-SUPERLEGGERA-VISION_44-900x599.jpg 900w, https:\/\/www.drivelife.it\/pics\/wp-content\/uploads\/2014\/05\/MINI-SUPERLEGGERA-VISION_44-1280x853.jpg 1280w\" sizes=\"auto, (max-width: 150px) 100vw, 150px\" \/><\/a>\n\t\t\t<\/div><\/figure><figure class='gallery-item'>\n\t\t\t<div class='gallery-icon landscape'>\n\t\t\t\t<a href='https:\/\/www.drivelife.it\/pics\/2014\/05\/24\/mini-superleggera-vision\/mini-superleggera-vision_45\/'><img loading=\"lazy\" decoding=\"async\" width=\"150\" height=\"100\" src=\"https:\/\/www.drivelife.it\/pics\/wp-content\/uploads\/2014\/05\/MINI-SUPERLEGGERA-VISION_45-600x400.jpg\" class=\"attachment-thumbnail size-thumbnail\" alt=\"\" srcset=\"https:\/\/www.drivelife.it\/pics\/wp-content\/uploads\/2014\/05\/MINI-SUPERLEGGERA-VISION_45-600x400.jpg 600w, https:\/\/www.drivelife.it\/pics\/wp-content\/uploads\/2014\/05\/MINI-SUPERLEGGERA-VISION_45-900x599.jpg 900w, https:\/\/www.drivelife.it\/pics\/wp-content\/uploads\/2014\/05\/MINI-SUPERLEGGERA-VISION_45-1280x853.jpg 1280w\" sizes=\"auto, (max-width: 150px) 100vw, 150px\" \/><\/a>\n\t\t\t<\/div><\/figure><figure class='gallery-item'>\n\t\t\t<div class='gallery-icon landscape'>\n\t\t\t\t<a href='https:\/\/www.drivelife.it\/pics\/2014\/05\/24\/mini-superleggera-vision\/mini-superleggera-vision_46\/'><img loading=\"lazy\" decoding=\"async\" width=\"150\" height=\"100\" src=\"https:\/\/www.drivelife.it\/pics\/wp-content\/uploads\/2014\/05\/MINI-SUPERLEGGERA-VISION_46-600x400.jpg\" class=\"attachment-thumbnail size-thumbnail\" alt=\"\" srcset=\"https:\/\/www.drivelife.it\/pics\/wp-content\/uploads\/2014\/05\/MINI-SUPERLEGGERA-VISION_46-600x400.jpg 600w, https:\/\/www.drivelife.it\/pics\/wp-content\/uploads\/2014\/05\/MINI-SUPERLEGGERA-VISION_46-900x599.jpg 900w, https:\/\/www.drivelife.it\/pics\/wp-content\/uploads\/2014\/05\/MINI-SUPERLEGGERA-VISION_46-1280x853.jpg 1280w\" sizes=\"auto, (max-width: 150px) 100vw, 150px\" \/><\/a>\n\t\t\t<\/div><\/figure><figure class='gallery-item'>\n\t\t\t<div class='gallery-icon landscape'>\n\t\t\t\t<a href='https:\/\/www.drivelife.it\/pics\/2014\/05\/24\/mini-superleggera-vision\/mini-superleggera-vision_47\/'><img loading=\"lazy\" decoding=\"async\" width=\"150\" height=\"100\" src=\"https:\/\/www.drivelife.it\/pics\/wp-content\/uploads\/2014\/05\/MINI-SUPERLEGGERA-VISION_47-600x400.jpg\" class=\"attachment-thumbnail size-thumbnail\" alt=\"\" srcset=\"https:\/\/www.drivelife.it\/pics\/wp-content\/uploads\/2014\/05\/MINI-SUPERLEGGERA-VISION_47-600x400.jpg 600w, https:\/\/www.drivelife.it\/pics\/wp-content\/uploads\/2014\/05\/MINI-SUPERLEGGERA-VISION_47-900x599.jpg 900w, https:\/\/www.drivelife.it\/pics\/wp-content\/uploads\/2014\/05\/MINI-SUPERLEGGERA-VISION_47-1280x853.jpg 1280w\" sizes=\"auto, (max-width: 150px) 100vw, 150px\" \/><\/a>\n\t\t\t<\/div><\/figure><figure class='gallery-item'>\n\t\t\t<div class='gallery-icon landscape'>\n\t\t\t\t<a href='https:\/\/www.drivelife.it\/pics\/2014\/05\/24\/mini-superleggera-vision\/mini-superleggera-vision_48\/'><img loading=\"lazy\" decoding=\"async\" width=\"150\" height=\"100\" src=\"https:\/\/www.drivelife.it\/pics\/wp-content\/uploads\/2014\/05\/MINI-SUPERLEGGERA-VISION_48-600x400.jpg\" class=\"attachment-thumbnail size-thumbnail\" alt=\"\" srcset=\"https:\/\/www.drivelife.it\/pics\/wp-content\/uploads\/2014\/05\/MINI-SUPERLEGGERA-VISION_48-600x400.jpg 600w, https:\/\/www.drivelife.it\/pics\/wp-content\/uploads\/2014\/05\/MINI-SUPERLEGGERA-VISION_48-900x599.jpg 900w, https:\/\/www.drivelife.it\/pics\/wp-content\/uploads\/2014\/05\/MINI-SUPERLEGGERA-VISION_48-1280x853.jpg 1280w\" sizes=\"auto, (max-width: 150px) 100vw, 150px\" \/><\/a>\n\t\t\t<\/div><\/figure><figure class='gallery-item'>\n\t\t\t<div class='gallery-icon landscape'>\n\t\t\t\t<a href='https:\/\/www.drivelife.it\/pics\/2014\/05\/24\/mini-superleggera-vision\/mini-superleggera-vision_49\/'><img loading=\"lazy\" decoding=\"async\" width=\"150\" height=\"100\" src=\"https:\/\/www.drivelife.it\/pics\/wp-content\/uploads\/2014\/05\/MINI-SUPERLEGGERA-VISION_49-600x400.jpg\" class=\"attachment-thumbnail size-thumbnail\" alt=\"\" srcset=\"https:\/\/www.drivelife.it\/pics\/wp-content\/uploads\/2014\/05\/MINI-SUPERLEGGERA-VISION_49-600x400.jpg 600w, https:\/\/www.drivelife.it\/pics\/wp-content\/uploads\/2014\/05\/MINI-SUPERLEGGERA-VISION_49-900x599.jpg 900w, https:\/\/www.drivelife.it\/pics\/wp-content\/uploads\/2014\/05\/MINI-SUPERLEGGERA-VISION_49-1280x853.jpg 1280w\" sizes=\"auto, (max-width: 150px) 100vw, 150px\" \/><\/a>\n\t\t\t<\/div><\/figure><figure class='gallery-item'>\n\t\t\t<div class='gallery-icon landscape'>\n\t\t\t\t<a href='https:\/\/www.drivelife.it\/pics\/2014\/05\/24\/mini-superleggera-vision\/mini-superleggera-vision_50\/'><img loading=\"lazy\" decoding=\"async\" width=\"150\" height=\"100\" src=\"https:\/\/www.drivelife.it\/pics\/wp-content\/uploads\/2014\/05\/MINI-SUPERLEGGERA-VISION_50-600x400.jpg\" class=\"attachment-thumbnail size-thumbnail\" alt=\"\" srcset=\"https:\/\/www.drivelife.it\/pics\/wp-content\/uploads\/2014\/05\/MINI-SUPERLEGGERA-VISION_50-600x400.jpg 600w, https:\/\/www.drivelife.it\/pics\/wp-content\/uploads\/2014\/05\/MINI-SUPERLEGGERA-VISION_50-900x599.jpg 900w, https:\/\/www.drivelife.it\/pics\/wp-content\/uploads\/2014\/05\/MINI-SUPERLEGGERA-VISION_50-1280x853.jpg 1280w\" sizes=\"auto, (max-width: 150px) 100vw, 150px\" \/><\/a>\n\t\t\t<\/div><\/figure><figure class='gallery-item'>\n\t\t\t<div class='gallery-icon landscape'>\n\t\t\t\t<a href='https:\/\/www.drivelife.it\/pics\/2014\/05\/24\/mini-superleggera-vision\/mini-superleggera-vision_51\/'><img loading=\"lazy\" decoding=\"async\" width=\"150\" height=\"100\" src=\"https:\/\/www.drivelife.it\/pics\/wp-content\/uploads\/2014\/05\/MINI-SUPERLEGGERA-VISION_51-600x400.jpg\" class=\"attachment-thumbnail size-thumbnail\" alt=\"\" srcset=\"https:\/\/www.drivelife.it\/pics\/wp-content\/uploads\/2014\/05\/MINI-SUPERLEGGERA-VISION_51-600x400.jpg 600w, https:\/\/www.drivelife.it\/pics\/wp-content\/uploads\/2014\/05\/MINI-SUPERLEGGERA-VISION_51-900x599.jpg 900w, https:\/\/www.drivelife.it\/pics\/wp-content\/uploads\/2014\/05\/MINI-SUPERLEGGERA-VISION_51-1280x853.jpg 1280w\" sizes=\"auto, (max-width: 150px) 100vw, 150px\" \/><\/a>\n\t\t\t<\/div><\/figure><figure class='gallery-item'>\n\t\t\t<div class='gallery-icon landscape'>\n\t\t\t\t<a href='https:\/\/www.drivelife.it\/pics\/2014\/05\/24\/mini-superleggera-vision\/mini-superleggera-vision_52\/'><img loading=\"lazy\" decoding=\"async\" width=\"150\" height=\"100\" src=\"https:\/\/www.drivelife.it\/pics\/wp-content\/uploads\/2014\/05\/MINI-SUPERLEGGERA-VISION_52-600x400.jpg\" class=\"attachment-thumbnail size-thumbnail\" alt=\"\" srcset=\"https:\/\/www.drivelife.it\/pics\/wp-content\/uploads\/2014\/05\/MINI-SUPERLEGGERA-VISION_52-600x400.jpg 600w, https:\/\/www.drivelife.it\/pics\/wp-content\/uploads\/2014\/05\/MINI-SUPERLEGGERA-VISION_52-900x599.jpg 900w, https:\/\/www.drivelife.it\/pics\/wp-content\/uploads\/2014\/05\/MINI-SUPERLEGGERA-VISION_52-1280x853.jpg 1280w\" sizes=\"auto, (max-width: 150px) 100vw, 150px\" \/><\/a>\n\t\t\t<\/div><\/figure><figure class='gallery-item'>\n\t\t\t<div class='gallery-icon landscape'>\n\t\t\t\t<a href='https:\/\/www.drivelife.it\/pics\/2014\/05\/24\/mini-superleggera-vision\/mini-superleggera-vision_53\/'><img loading=\"lazy\" decoding=\"async\" width=\"150\" height=\"100\" src=\"https:\/\/www.drivelife.it\/pics\/wp-content\/uploads\/2014\/05\/MINI-SUPERLEGGERA-VISION_53-600x400.jpg\" class=\"attachment-thumbnail size-thumbnail\" alt=\"\" srcset=\"https:\/\/www.drivelife.it\/pics\/wp-content\/uploads\/2014\/05\/MINI-SUPERLEGGERA-VISION_53-600x400.jpg 600w, https:\/\/www.drivelife.it\/pics\/wp-content\/uploads\/2014\/05\/MINI-SUPERLEGGERA-VISION_53-900x599.jpg 900w, https:\/\/www.drivelife.it\/pics\/wp-content\/uploads\/2014\/05\/MINI-SUPERLEGGERA-VISION_53-1280x853.jpg 1280w\" sizes=\"auto, (max-width: 150px) 100vw, 150px\" \/><\/a>\n\t\t\t<\/div><\/figure><figure class='gallery-item'>\n\t\t\t<div class='gallery-icon landscape'>\n\t\t\t\t<a href='https:\/\/www.drivelife.it\/pics\/2014\/05\/24\/mini-superleggera-vision\/mini-superleggera-vision_54\/'><img loading=\"lazy\" decoding=\"async\" width=\"150\" height=\"100\" src=\"https:\/\/www.drivelife.it\/pics\/wp-content\/uploads\/2014\/05\/MINI-SUPERLEGGERA-VISION_54-600x400.jpg\" class=\"attachment-thumbnail size-thumbnail\" alt=\"\" srcset=\"https:\/\/www.drivelife.it\/pics\/wp-content\/uploads\/2014\/05\/MINI-SUPERLEGGERA-VISION_54-600x400.jpg 600w, https:\/\/www.drivelife.it\/pics\/wp-content\/uploads\/2014\/05\/MINI-SUPERLEGGERA-VISION_54-900x599.jpg 900w, https:\/\/www.drivelife.it\/pics\/wp-content\/uploads\/2014\/05\/MINI-SUPERLEGGERA-VISION_54-1280x853.jpg 1280w\" sizes=\"auto, (max-width: 150px) 100vw, 150px\" \/><\/a>\n\t\t\t<\/div><\/figure><figure class='gallery-item'>\n\t\t\t<div class='gallery-icon landscape'>\n\t\t\t\t<a href='https:\/\/www.drivelife.it\/pics\/2014\/05\/24\/mini-superleggera-vision\/mini-superleggera-vision_55\/'><img loading=\"lazy\" decoding=\"async\" width=\"150\" height=\"100\" src=\"https:\/\/www.drivelife.it\/pics\/wp-content\/uploads\/2014\/05\/MINI-SUPERLEGGERA-VISION_55-600x400.jpg\" class=\"attachment-thumbnail size-thumbnail\" alt=\"\" srcset=\"https:\/\/www.drivelife.it\/pics\/wp-content\/uploads\/2014\/05\/MINI-SUPERLEGGERA-VISION_55-600x400.jpg 600w, https:\/\/www.drivelife.it\/pics\/wp-content\/uploads\/2014\/05\/MINI-SUPERLEGGERA-VISION_55-900x599.jpg 900w, https:\/\/www.drivelife.it\/pics\/wp-content\/uploads\/2014\/05\/MINI-SUPERLEGGERA-VISION_55-1280x853.jpg 1280w\" sizes=\"auto, (max-width: 150px) 100vw, 150px\" \/><\/a>\n\t\t\t<\/div><\/figure><figure class='gallery-item'>\n\t\t\t<div class='gallery-icon portrait'>\n\t\t\t\t<a href='https:\/\/www.drivelife.it\/pics\/2014\/05\/24\/mini-superleggera-vision\/mini-superleggera-vision_56\/'><img loading=\"lazy\" decoding=\"async\" width=\"150\" height=\"100\" src=\"https:\/\/www.drivelife.it\/pics\/wp-content\/uploads\/2014\/05\/MINI-SUPERLEGGERA-VISION_56-600x400.jpg\" class=\"attachment-thumbnail size-thumbnail\" alt=\"\" \/><\/a>\n\t\t\t<\/div><\/figure><figure class='gallery-item'>\n\t\t\t<div class='gallery-icon landscape'>\n\t\t\t\t<a href='https:\/\/www.drivelife.it\/pics\/2014\/05\/24\/mini-superleggera-vision\/mini-superleggera-vision_57\/'><img loading=\"lazy\" decoding=\"async\" width=\"150\" height=\"100\" src=\"https:\/\/www.drivelife.it\/pics\/wp-content\/uploads\/2014\/05\/MINI-SUPERLEGGERA-VISION_57-600x400.jpg\" class=\"attachment-thumbnail size-thumbnail\" alt=\"\" srcset=\"https:\/\/www.drivelife.it\/pics\/wp-content\/uploads\/2014\/05\/MINI-SUPERLEGGERA-VISION_57-600x400.jpg 600w, https:\/\/www.drivelife.it\/pics\/wp-content\/uploads\/2014\/05\/MINI-SUPERLEGGERA-VISION_57-900x599.jpg 900w, https:\/\/www.drivelife.it\/pics\/wp-content\/uploads\/2014\/05\/MINI-SUPERLEGGERA-VISION_57-1280x853.jpg 1280w\" sizes=\"auto, (max-width: 150px) 100vw, 150px\" \/><\/a>\n\t\t\t<\/div><\/figure><figure class='gallery-item'>\n\t\t\t<div class='gallery-icon portrait'>\n\t\t\t\t<a href='https:\/\/www.drivelife.it\/pics\/2014\/05\/24\/mini-superleggera-vision\/mini-superleggera-vision_58\/'><img loading=\"lazy\" decoding=\"async\" width=\"150\" height=\"100\" src=\"https:\/\/www.drivelife.it\/pics\/wp-content\/uploads\/2014\/05\/MINI-SUPERLEGGERA-VISION_58-600x400.jpg\" class=\"attachment-thumbnail size-thumbnail\" alt=\"\" \/><\/a>\n\t\t\t<\/div><\/figure><figure class='gallery-item'>\n\t\t\t<div class='gallery-icon landscape'>\n\t\t\t\t<a href='https:\/\/www.drivelife.it\/pics\/2014\/05\/24\/mini-superleggera-vision\/mini-superleggera-vision_59\/'><img loading=\"lazy\" decoding=\"async\" width=\"150\" height=\"100\" src=\"https:\/\/www.drivelife.it\/pics\/wp-content\/uploads\/2014\/05\/MINI-SUPERLEGGERA-VISION_59-600x400.jpg\" class=\"attachment-thumbnail size-thumbnail\" alt=\"\" srcset=\"https:\/\/www.drivelife.it\/pics\/wp-content\/uploads\/2014\/05\/MINI-SUPERLEGGERA-VISION_59-600x400.jpg 600w, https:\/\/www.drivelife.it\/pics\/wp-content\/uploads\/2014\/05\/MINI-SUPERLEGGERA-VISION_59-900x599.jpg 900w, https:\/\/www.drivelife.it\/pics\/wp-content\/uploads\/2014\/05\/MINI-SUPERLEGGERA-VISION_59-1280x853.jpg 1280w\" sizes=\"auto, (max-width: 150px) 100vw, 150px\" \/><\/a>\n\t\t\t<\/div><\/figure><figure class='gallery-item'>\n\t\t\t<div class='gallery-icon portrait'>\n\t\t\t\t<a href='https:\/\/www.drivelife.it\/pics\/2014\/05\/24\/mini-superleggera-vision\/mini-superleggera-vision_60\/'><img loading=\"lazy\" decoding=\"async\" width=\"150\" height=\"100\" src=\"https:\/\/www.drivelife.it\/pics\/wp-content\/uploads\/2014\/05\/MINI-SUPERLEGGERA-VISION_60-600x400.jpg\" class=\"attachment-thumbnail size-thumbnail\" alt=\"\" \/><\/a>\n\t\t\t<\/div><\/figure><figure class='gallery-item'>\n\t\t\t<div class='gallery-icon landscape'>\n\t\t\t\t<a href='https:\/\/www.drivelife.it\/pics\/2014\/05\/24\/mini-superleggera-vision\/mini-superleggera-vision_61\/'><img loading=\"lazy\" decoding=\"async\" width=\"150\" height=\"100\" src=\"https:\/\/www.drivelife.it\/pics\/wp-content\/uploads\/2014\/05\/MINI-SUPERLEGGERA-VISION_61-600x400.jpg\" class=\"attachment-thumbnail size-thumbnail\" alt=\"\" \/><\/a>\n\t\t\t<\/div><\/figure><figure class='gallery-item'>\n\t\t\t<div class='gallery-icon portrait'>\n\t\t\t\t<a href='https:\/\/www.drivelife.it\/pics\/2014\/05\/24\/mini-superleggera-vision\/mini-superleggera-vision_62\/'><img loading=\"lazy\" decoding=\"async\" width=\"150\" height=\"100\" src=\"https:\/\/www.drivelife.it\/pics\/wp-content\/uploads\/2014\/05\/MINI-SUPERLEGGERA-VISION_62-600x400.jpg\" class=\"attachment-thumbnail size-thumbnail\" alt=\"\" \/><\/a>\n\t\t\t<\/div><\/figure><figure class='gallery-item'>\n\t\t\t<div class='gallery-icon landscape'>\n\t\t\t\t<a href='https:\/\/www.drivelife.it\/pics\/2014\/05\/24\/mini-superleggera-vision\/mini-superleggera-vision_63\/'><img loading=\"lazy\" decoding=\"async\" width=\"150\" height=\"100\" src=\"https:\/\/www.drivelife.it\/pics\/wp-content\/uploads\/2014\/05\/MINI-SUPERLEGGERA-VISION_63-600x400.jpg\" class=\"attachment-thumbnail size-thumbnail\" alt=\"\" \/><\/a>\n\t\t\t<\/div><\/figure><figure class='gallery-item'>\n\t\t\t<div class='gallery-icon portrait'>\n\t\t\t\t<a href='https:\/\/www.drivelife.it\/pics\/2014\/05\/24\/mini-superleggera-vision\/mini-superleggera-vision_64\/'><img loading=\"lazy\" decoding=\"async\" width=\"150\" height=\"100\" src=\"https:\/\/www.drivelife.it\/pics\/wp-content\/uploads\/2014\/05\/MINI-SUPERLEGGERA-VISION_64-600x400.jpg\" class=\"attachment-thumbnail size-thumbnail\" alt=\"\" \/><\/a>\n\t\t\t<\/div><\/figure><figure class='gallery-item'>\n\t\t\t<div class='gallery-icon landscape'>\n\t\t\t\t<a href='https:\/\/www.drivelife.it\/pics\/2014\/05\/24\/mini-superleggera-vision\/mini-superleggera-vision_65\/'><img loading=\"lazy\" decoding=\"async\" width=\"150\" height=\"100\" src=\"https:\/\/www.drivelife.it\/pics\/wp-content\/uploads\/2014\/05\/MINI-SUPERLEGGERA-VISION_65-600x400.jpg\" class=\"attachment-thumbnail size-thumbnail\" alt=\"\" srcset=\"https:\/\/www.drivelife.it\/pics\/wp-content\/uploads\/2014\/05\/MINI-SUPERLEGGERA-VISION_65-600x400.jpg 600w, https:\/\/www.drivelife.it\/pics\/wp-content\/uploads\/2014\/05\/MINI-SUPERLEGGERA-VISION_65-900x599.jpg 900w, https:\/\/www.drivelife.it\/pics\/wp-content\/uploads\/2014\/05\/MINI-SUPERLEGGERA-VISION_65-1280x853.jpg 1280w\" sizes=\"auto, (max-width: 150px) 100vw, 150px\" \/><\/a>\n\t\t\t<\/div><\/figure><figure class='gallery-item'>\n\t\t\t<div class='gallery-icon portrait'>\n\t\t\t\t<a href='https:\/\/www.drivelife.it\/pics\/2014\/05\/24\/mini-superleggera-vision\/mini-superleggera-vision_66\/'><img loading=\"lazy\" decoding=\"async\" width=\"150\" height=\"100\" src=\"https:\/\/www.drivelife.it\/pics\/wp-content\/uploads\/2014\/05\/MINI-SUPERLEGGERA-VISION_66-600x400.jpg\" class=\"attachment-thumbnail size-thumbnail\" alt=\"\" \/><\/a>\n\t\t\t<\/div><\/figure><figure class='gallery-item'>\n\t\t\t<div class='gallery-icon landscape'>\n\t\t\t\t<a href='https:\/\/www.drivelife.it\/pics\/2014\/05\/24\/mini-superleggera-vision\/mini-superleggera-vision_67\/'><img loading=\"lazy\" decoding=\"async\" width=\"150\" height=\"100\" src=\"https:\/\/www.drivelife.it\/pics\/wp-content\/uploads\/2014\/05\/MINI-SUPERLEGGERA-VISION_67-600x400.jpg\" class=\"attachment-thumbnail size-thumbnail\" alt=\"\" srcset=\"https:\/\/www.drivelife.it\/pics\/wp-content\/uploads\/2014\/05\/MINI-SUPERLEGGERA-VISION_67-600x400.jpg 600w, https:\/\/www.drivelife.it\/pics\/wp-content\/uploads\/2014\/05\/MINI-SUPERLEGGERA-VISION_67-900x599.jpg 900w, https:\/\/www.drivelife.it\/pics\/wp-content\/uploads\/2014\/05\/MINI-SUPERLEGGERA-VISION_67-1280x853.jpg 1280w\" sizes=\"auto, (max-width: 150px) 100vw, 150px\" \/><\/a>\n\t\t\t<\/div><\/figure><figure class='gallery-item'>\n\t\t\t<div class='gallery-icon landscape'>\n\t\t\t\t<a href='https:\/\/www.drivelife.it\/pics\/2014\/05\/24\/mini-superleggera-vision\/mini-superleggera-vision_68\/'><img loading=\"lazy\" decoding=\"async\" width=\"150\" height=\"100\" src=\"https:\/\/www.drivelife.it\/pics\/wp-content\/uploads\/2014\/05\/MINI-SUPERLEGGERA-VISION_68-600x400.jpg\" class=\"attachment-thumbnail size-thumbnail\" alt=\"\" srcset=\"https:\/\/www.drivelife.it\/pics\/wp-content\/uploads\/2014\/05\/MINI-SUPERLEGGERA-VISION_68-600x400.jpg 600w, https:\/\/www.drivelife.it\/pics\/wp-content\/uploads\/2014\/05\/MINI-SUPERLEGGERA-VISION_68-900x599.jpg 900w, https:\/\/www.drivelife.it\/pics\/wp-content\/uploads\/2014\/05\/MINI-SUPERLEGGERA-VISION_68-1280x853.jpg 1280w\" sizes=\"auto, (max-width: 150px) 100vw, 150px\" \/><\/a>\n\t\t\t<\/div><\/figure><figure class='gallery-item'>\n\t\t\t<div class='gallery-icon landscape'>\n\t\t\t\t<a href='https:\/\/www.drivelife.it\/pics\/2014\/05\/24\/mini-superleggera-vision\/mini-superleggera-vision_69\/'><img loading=\"lazy\" decoding=\"async\" width=\"150\" height=\"100\" src=\"https:\/\/www.drivelife.it\/pics\/wp-content\/uploads\/2014\/05\/MINI-SUPERLEGGERA-VISION_69-600x400.jpg\" class=\"attachment-thumbnail size-thumbnail\" alt=\"\" srcset=\"https:\/\/www.drivelife.it\/pics\/wp-content\/uploads\/2014\/05\/MINI-SUPERLEGGERA-VISION_69-600x400.jpg 600w, https:\/\/www.drivelife.it\/pics\/wp-content\/uploads\/2014\/05\/MINI-SUPERLEGGERA-VISION_69-900x599.jpg 900w, https:\/\/www.drivelife.it\/pics\/wp-content\/uploads\/2014\/05\/MINI-SUPERLEGGERA-VISION_69-1280x853.jpg 1280w\" sizes=\"auto, (max-width: 150px) 100vw, 150px\" \/><\/a>\n\t\t\t<\/div><\/figure><figure class='gallery-item'>\n\t\t\t<div class='gallery-icon landscape'>\n\t\t\t\t<a href='https:\/\/www.drivelife.it\/pics\/2014\/05\/24\/mini-superleggera-vision\/mini-superleggera-vision_70\/'><img loading=\"lazy\" decoding=\"async\" width=\"150\" height=\"100\" src=\"https:\/\/www.drivelife.it\/pics\/wp-content\/uploads\/2014\/05\/MINI-SUPERLEGGERA-VISION_70-600x400.jpg\" class=\"attachment-thumbnail size-thumbnail\" alt=\"\" srcset=\"https:\/\/www.drivelife.it\/pics\/wp-content\/uploads\/2014\/05\/MINI-SUPERLEGGERA-VISION_70-600x400.jpg 600w, https:\/\/www.drivelife.it\/pics\/wp-content\/uploads\/2014\/05\/MINI-SUPERLEGGERA-VISION_70-900x599.jpg 900w, https:\/\/www.drivelife.it\/pics\/wp-content\/uploads\/2014\/05\/MINI-SUPERLEGGERA-VISION_70-1280x853.jpg 1280w\" sizes=\"auto, (max-width: 150px) 100vw, 150px\" \/><\/a>\n\t\t\t<\/div><\/figure><figure class='gallery-item'>\n\t\t\t<div class='gallery-icon landscape'>\n\t\t\t\t<a href='https:\/\/www.drivelife.it\/pics\/2014\/05\/24\/mini-superleggera-vision\/mini-superleggera-vision_71\/'><img loading=\"lazy\" decoding=\"async\" width=\"150\" height=\"100\" src=\"https:\/\/www.drivelife.it\/pics\/wp-content\/uploads\/2014\/05\/MINI-SUPERLEGGERA-VISION_71-600x400.jpg\" class=\"attachment-thumbnail size-thumbnail\" alt=\"\" srcset=\"https:\/\/www.drivelife.it\/pics\/wp-content\/uploads\/2014\/05\/MINI-SUPERLEGGERA-VISION_71-600x400.jpg 600w, https:\/\/www.drivelife.it\/pics\/wp-content\/uploads\/2014\/05\/MINI-SUPERLEGGERA-VISION_71-900x599.jpg 900w, https:\/\/www.drivelife.it\/pics\/wp-content\/uploads\/2014\/05\/MINI-SUPERLEGGERA-VISION_71-1280x853.jpg 1280w\" sizes=\"auto, (max-width: 150px) 100vw, 150px\" \/><\/a>\n\t\t\t<\/div><\/figure><figure class='gallery-item'>\n\t\t\t<div class='gallery-icon landscape'>\n\t\t\t\t<a href='https:\/\/www.drivelife.it\/pics\/2014\/05\/24\/mini-superleggera-vision\/mini-superleggera-vision_72\/'><img loading=\"lazy\" decoding=\"async\" width=\"150\" height=\"100\" src=\"https:\/\/www.drivelife.it\/pics\/wp-content\/uploads\/2014\/05\/MINI-SUPERLEGGERA-VISION_72-600x400.jpg\" class=\"attachment-thumbnail size-thumbnail\" alt=\"\" srcset=\"https:\/\/www.drivelife.it\/pics\/wp-content\/uploads\/2014\/05\/MINI-SUPERLEGGERA-VISION_72-600x400.jpg 600w, https:\/\/www.drivelife.it\/pics\/wp-content\/uploads\/2014\/05\/MINI-SUPERLEGGERA-VISION_72-900x599.jpg 900w, https:\/\/www.drivelife.it\/pics\/wp-content\/uploads\/2014\/05\/MINI-SUPERLEGGERA-VISION_72-1280x853.jpg 1280w\" sizes=\"auto, (max-width: 150px) 100vw, 150px\" \/><\/a>\n\t\t\t<\/div><\/figure><figure class='gallery-item'>\n\t\t\t<div class='gallery-icon landscape'>\n\t\t\t\t<a href='https:\/\/www.drivelife.it\/pics\/2014\/05\/24\/mini-superleggera-vision\/mini-superleggera-vision_73\/'><img loading=\"lazy\" decoding=\"async\" width=\"150\" height=\"100\" src=\"https:\/\/www.drivelife.it\/pics\/wp-content\/uploads\/2014\/05\/MINI-SUPERLEGGERA-VISION_73-600x400.jpg\" class=\"attachment-thumbnail size-thumbnail\" alt=\"\" srcset=\"https:\/\/www.drivelife.it\/pics\/wp-content\/uploads\/2014\/05\/MINI-SUPERLEGGERA-VISION_73-600x400.jpg 600w, https:\/\/www.drivelife.it\/pics\/wp-content\/uploads\/2014\/05\/MINI-SUPERLEGGERA-VISION_73-900x599.jpg 900w, https:\/\/www.drivelife.it\/pics\/wp-content\/uploads\/2014\/05\/MINI-SUPERLEGGERA-VISION_73-1280x853.jpg 1280w\" sizes=\"auto, (max-width: 150px) 100vw, 150px\" \/><\/a>\n\t\t\t<\/div><\/figure><figure class='gallery-item'>\n\t\t\t<div class='gallery-icon landscape'>\n\t\t\t\t<a href='https:\/\/www.drivelife.it\/pics\/2014\/05\/24\/mini-superleggera-vision\/mini-superleggera-vision_74\/'><img loading=\"lazy\" decoding=\"async\" width=\"150\" height=\"100\" src=\"https:\/\/www.drivelife.it\/pics\/wp-content\/uploads\/2014\/05\/MINI-SUPERLEGGERA-VISION_74-600x400.jpg\" class=\"attachment-thumbnail size-thumbnail\" alt=\"\" srcset=\"https:\/\/www.drivelife.it\/pics\/wp-content\/uploads\/2014\/05\/MINI-SUPERLEGGERA-VISION_74-600x400.jpg 600w, https:\/\/www.drivelife.it\/pics\/wp-content\/uploads\/2014\/05\/MINI-SUPERLEGGERA-VISION_74-900x599.jpg 900w, https:\/\/www.drivelife.it\/pics\/wp-content\/uploads\/2014\/05\/MINI-SUPERLEGGERA-VISION_74-1280x853.jpg 1280w\" sizes=\"auto, (max-width: 150px) 100vw, 150px\" \/><\/a>\n\t\t\t<\/div><\/figure>\n\t\t<\/div>\n<\/h1>\n<h1>Prima mondiale al Concorso d\u2019Eleganza Villa d\u2019Este 2014<\/h1>\n<p><strong>(di Ufficio Stampa BMW\/MINI)<\/strong> &#8211; Il BMW Group festeggia l\u2019incontro tra il classico ed il contemporaneo al Concorso d\u2019Eleganza Villa d\u2019Este 2014 con un concept molto speciale: la MINI Superleggera\u2122 Vision. Questa esclusiva interpretazione di una due posti scoperta \u00e8 stata creata da MINI e dalla Touring Superleggera, lo storico carrozziere e designer con sede a Milano. La MINI Superleggera\u2122 Vision \u00e8 da un lato una roadster classica, una due posti agile e compatta che esprime lo stile automobilistico pi\u00f9 minimalista ed emozionante e dall\u2019altro una vettura la cui motorizzazione elettrica le conferisce caratteristiche dinamiche chiaramente moderne. In collaborazione con MINI, Touring Superleggera\u2122 ha progettato e costruito un modello esclusivo, realizzato con maestria, che unisce la tradizione della costruzione di una carrozzeria classica con lo stile autenticamente britannico della MINI per creare un appeal estetico senza tempo.<\/p>\n<ul>\n<li>Lo stile inglese moderno incontra lo stile italiano: il design iconico di MINI incontra la bellezza atletica ed elegante \u2013 interpretata in chiave contemporanea.<\/li>\n<li>Classica costruzione made in Italy della carrozzeria e lavorazione a mano delle lamiere conferiscono alla MINI Superleggera\u2122 un appeal emozionale esclusivo.<\/li>\n<li>Sia all\u2019interno che all\u2019esterno, la forma viene ridotta al massimo per ottenere una maggiore concentrazione sulla tipica esperienza di guida.<\/li>\n<li>Gli interni riflettono la costruzione tradizionale della carrozzeria in termini di materiali e di stile, unita all\u2019iconico design MINI.<\/li>\n<li>Materiali di alta qualit\u00e0, come pelle, alluminio e cromature nere mettono in risalto la chiara estetica degli interni.<\/li>\n<\/ul>\n<p>Adrian van Hooydonk, Senior Vice President BMW Group Design, parla di questa concept: \u201cTouring Superleggera e MINI hanno molto in comune: entrambe le aziende danno grande importanza alla propria storia e questo rappresenta qualcosa che definisce a tutt\u2019oggi il loro aspetto esterno. Inoltre, entrambe enfatizzano il design iconico e le soluzioni originali. Questi elementi confluiscono nella MINI Superleggera\u2122 Vision per creare un\u2019automobile elegante che interpreta una roadster britannica sotto l\u2019influenza dello stile italiano e della lavorazione artigianale\u201d.<\/p>\n<p><b>Design britannico con un accento italiano: il design dell\u2019esterno<\/b><\/p>\n<p>\u201cLa MINI Superleggera\u2122 Vision perpetua in modo elegante ci\u00f2 che inizi\u00f2 la Mini classica 55 anni fa: la riduzione all\u2019essenziale. Il suo design vivace e minimalista rappresenta l\u2019essenza dinamica di un\u2019automobile. Allo stesso tempo crea una bellezza emozionale esclusiva, unendo il passato e il futuro dell\u2019industria automobilistica, cio\u00e8 la maestria artigianale tradizionale della carrozzeria con uno stile moderno di design. E\u2019 stato un piacere per me progettare una concept come questa,\u201d dice Anders Warming, responsabile del design MINI.<\/p>\n<p>Le proporzioni perfettamente bilanciate indicano gi\u00e0 a prima vista cosa offrir\u00e0 la MINI Superleggera\u2122 Vision con motorizzazione elettrica in termini di esperienza di guida: il cofano allungato, il passo lungo e sbalzi ridotti portano a pensare al puro divertimento di guida. Come in ogni MINI, le ruote sono disposte sui lati estremi della carrozzeria, fatto che promette un alto livello di agilit\u00e0. L\u2019abitacolo \u00e8 leggermente arretrato, sottolineando ulteriormente l\u2019impronta dinamica della vettura. L\u2019effetto complessivo della MINI Superleggera\u2122 Vision \u00e8 sportivo, elegante e dinamico.<\/p>\n<p>Il frontale della MINI Superleggera\u2122 Vision presenta le tradizionali icone del design MINI: due proiettori circolari ed una griglia esagonale definiscono l\u2019inconfondibile sezione anteriore, offrendo un\u2019interpretazione moderna di elementi che si sono affermati fortemente nei decenni. Vi sono anche eclatanti elementi da classica auto sportiva, come l\u2019ampia carreggiata e i passaruota dalla curvatura caratteristica che conferiscono al frontale una forte presenza dinamica. Le classiche stripes MINI sul cofano incise appaiono tridimensionali e corrono su un fondo in alluminio lucidato di alta qualit\u00e0. Il cofano lavorato ricorda le classiche roadster britanniche del passato.<\/p>\n<p>Allo stesso tempo, l\u2019aspetto della nervatura orizzontale della griglia del radiatore aggiunge un tocco sportivo classico. Il fatto che questa griglia sia chiusa indica in maniera discreta la presenza di un motore elettrico. I due fari fendinebbia richiamano i contorni circolari dei proiettori, con un\u2019interpretazione ridotta degli stessi nella griglia del radiatore. Anche le prese d\u2019aria sono circolari, dando alla sezione anteriore un tocco distintivo. Un generoso spoiler in fibra di carbonio avvicina il frontale alla strada, sottolineando, quindi, la sportivit\u00e0 della vettura fino all\u2019ultimo dettaglio.<\/p>\n<p><b>Costruzione classica della carrozzeria in un\u2019interpretazione all\u2019avanguardia<\/b><\/p>\n<p>Nella vista laterale, l\u2019elemento che pi\u00f9 colpisce \u00e8 la caratteristica linea \u201cTouring\u201d. Essa rappresenta sia l\u2019arte raffinata della costruzione di carrozzerie sia l\u2019estetica classica. Realizzata da superfici tese e senza giunture, essa traccia un movimento preciso e vibrante dalle ruote anteriori fino al posteriore. Ci\u00f2 riflette la grande maestria e la lunga esperienza della Touring Superleggera nella costruzione di carrozzerie. Fin da quando fu fondata, l\u2019azienda realizza carrozzerie di auto sportive eleganti e leggere. A tutt\u2019oggi, Touring Superleggera\u2122 d\u00e0 forma, lavorandoli a mano, a grandi fogli di alluminio vestendo le pi\u00f9 performanti strutture di telaio. Lo stile di costruzione realizzata a mano conferisce alla MINI Superleggera\u2122 Vision una forma estetica che sarebbe virtualmente impossibile ottenere mediante l\u2019utilizzo di macchine utensili.<\/p>\n<p>\u201cSia MINI sia Touring credono che le proporzioni rappresentino il fattore chiave della bellezza e condividono gli stessi valori di essenzialit\u00e0 e di innovazione\u201d, dice Louis de Fabribeckers, Responsabile del design di Touring Superleggera. \u201cIn questa vettura vengono sacrificati tutti gli equipaggiamenti e le decorazioni non necessarie, in quanto la prestazione si ottiene attraverso leggerezza ed efficienza degli interni e della carrozzeria. Il tocco made in Italy lo troviamo nelle proporzioni e nella tipica linea di cintura\u201d.<\/p>\n<p>Nella carrozzeria, troviamo pochissimi punti di giuntura, in quanto essa viene realizzata con fogli di metallo di grandi dimensioni. Il risultato \u00e8 un look esclusivo che suggerisce un\u2019eleganza di alta qualit\u00e0. La finitura esterna speciale in Como Blue, dall\u2019effetto quasi liquido, si adatta ad uno stile sia classico sia moderno. Essa sottolinea in modo particolare il raffinato tocco italiano della MINI Superleggera\u2122 Vision. I cerchioni elaborati e gli eleganti specchietti esterni dalla forma allungata, completi di una base in alluminio lucidato, aggiungono dettagli esclusivi alle fiancate. Richiamandosi alla sezione frontale, i sottoporta in CFRP sottolineano il carattere sportivo della MINI Superleggera\u2122 Vision.<\/p>\n<p>Allo stesso tempo, l\u2019appariscente \u201cpinna\u201d definisce l\u2019aspetto del posteriore, aggiungendo un tocco di stravaganza. Questo elemento d\u00e0 a MINI Superleggera\u2122 Vision un particolare dinamismo longitudinale, rappresentando contemporaneamente il piglio \u201cunconventional\u201d sia di MINI sia di Touring Superleggera. Come la linea \u201cTouring\u201d sulle fiancate, essa \u00e8 modellata con grandissima precisione. L\u2019aspetto che spicca di pi\u00f9 nell\u2019ampio e piatto posteriore \u00e8 costituito dalle insolite luci: disegnate nella forma \u201cUnion Jack\u201d divisa in due parti, esse uniscono funzionalit\u00e0 e simbolismo come mai visto prima. In tal modo, esprimono le radici britanniche di MINI Superleggera\u2122 Vision, mentre allo stesso tempo sottolineano la moderna tecnologia Led gi\u00e0 utilizzata nella nuova MINI. Una barra cromata delinea le luci posteriori al centro della coda, rendendo questa superficie un\u2019icona classica di gioielleria britannica. Il diffusore, sempre in CFRP, completa in stile sportivo lo spazio che divide il posteriore dalla strada.<\/p>\n<p><b>Il design interno ripropone i temi dell\u2019esterno<\/b><\/p>\n<p>Confluiscono senza giunture evidenti le forme degli esterni e degli interni di MINI Superleggera\u2122 Vision. Soltanto una linea di cintura in alluminio lucidato separa visivamente tra di loro gli esterni e gli interni. Il bordo crea un movimento sportivo e circolare che richiama regolarmente l\u2019evidente eleganza e le superfici generose degli esterni.<b><\/b><\/p>\n<p>Nel suo stile e nel look e nella sensazione tattile dei suoi materiali, il design interno celebra la tradizione e l\u2019essenza di una costruzione di carrozzeria realizzata in maniera classica. Esso riflette il modo con cui \u00e8 stata creata l\u2019automobile: gli elementi essenziali vengono citati: le lastre di alluminio non trattate e gli elementi strutturali tubolari; essi sono resi visibili all\u2019interno grazie ad un\u2019interpretazione di alta qualit\u00e0. Ci\u00f2 \u00e8 maggiormente evidente nel cruscotto. Quest\u2019ultimo \u00e8 realizzato partendo da un singolo foglio di alluminio lasciato grezzo. Le ampie superfici e l\u2019apprezzabile lavorazione a mano del cruscotto mettono in luce ancora una volta la grande abilit\u00e0 dei carrozzieri. Anche le portiere e il volante sportivo a tre razze rivelano il metodo di costruzione artigianale. Gli elementi strutturali nelle portiere formano la \u201cUnion jack\u201d, che indica in maniera discreta le origini britanniche della MINI Superleggera\u2122 Vision.<br \/>\nLo strumento centrale al centro del cruscotto attinge allo stile di design MINI ed \u00e8 stato ampliato nella MINI Superleggera\u2122 Vision per comprendere un elemento di controllo sensibile al tatto e due strumenti circolari con cornici metalliche sulla destra. Oltre all\u2019orologio analogico all\u2019estrema destra, il secondo strumento incorniciato attiva la telecamera che \u00e8 integrata tra il conducente ed il sedile del passeggero anteriore. Essa ha il compito di catturare quei momenti particolarmente degni di essere ricordati lungo la strada.<\/p>\n<p><b>Classica e moderna in egual misura: design di colori e di materiali<\/b><\/p>\n<p>Materiali classici come l\u2019alluminio e la pelle che appaiono allo stato naturale definiscono l\u2019estetica minimalista degli interni della MINI Superleggera\u2122 Vision. Le superfici degli interni sotto la linea di cintura sono rivestite di pelle marrone nel classico color Sabbia con i materiali ridotti all\u2019essenziale. Come i proiettori, anche gli elementi strutturali nelle portiere e nella console centrale sono rifiniti con cromatura nera di alta qualit\u00e0, differenziata esclusivamente dalle superfici in alluminio e dalla finitura verniciata opaca del pozzetto. Questa miscela volutamente contrastante di superfici strutturate e di materiali di alta qualit\u00e0 conferisce alla MINI Superleggera\u2122 Vision uno charm eccezionale. I sedili sportivi ed avvolgenti ricordano gli storici successi in gara della MINI del passato e sono rivestiti in pelle nera di alta qualit\u00e0. Fedeli al motto MINI \u201cHide &amp; Reveal\u201d, accenti in Misty Magenta offrono un tocco di stile italiano nell\u2019unconventional style tipico di MINI in punti nascosti come le due uscite dell\u2019aria calda sotto il pannello strumenti e all\u2019interno delle aperture delle portiere negli elementi strutturali delle stesse.<\/p>\n<p><b>La costruzione delle carrozzerie nel 2014<\/b><\/p>\n<p>Dal 1926, Touring Superleggera \u00e8 un precursore di avanzato design automobilistico e di costruzione di carrozzerie su misura. L\u2019azienda \u00e8 una delle rarissime che offrono l\u2019intero ciclo produttivo in azienda, dal primo schizzo, passando per l\u2019ingegneria delle superfici e per l\u2019analisi strutturale, per lo stile di modelli e di prototipi, fino alla produzione turn-key di pochi esemplari di carrozzerie speciali.<\/p>\n<p>\u201cSiamo lieti che MINI abbia voluto stimolare un\u2019iniziativa indipendente e, per la prima volta, mettere in particolare evidenza il design italiano\u201d, dice Piero Mancardi, CEO di Touring Superleggera. \u201cQuesto progetto mette in risalto l\u2019attenzione che MINI d\u00e0 alla preservazione e alla coltivazione delle maestrie artigianali incorporate nella moderna costruzione delle carrozzerie\u201d.<\/p>\n<p>La MINI Superleggera\u2122 Vision riassume il potenziale di \u201cCarrozzeria\u201d nell\u2019industria automobilistica di oggi: unendo la creativit\u00e0 e la flessibilit\u00e0 al rigore e al rispetto dei massimi standard. Il risultato \u00e8 una vettura dalla bellezza classica capace di essere anche all\u2019avanguardia.<\/p>\n<p><span style=\"line-height: 1.5em;\">\u00a0<\/span><\/p>\n<h1><b>Touring Superleggera<\/b><\/h1>\n<p><b><br \/>\n<\/b>Dal 1926, Touring Superleggera \u00e8 un nome iconico della \u201ccarrozzeria\u201d italiana. Fin dall\u2019inizio, il design Touring viene caratterizzato da proporzioni perfette, purezza, integrit\u00e0 e semplicit\u00e0 che portano ad un\u2019eleganza sportiva senza tempo.<br \/>\nTouring ha utilizzato prove nella galleria del vento gi\u00e0 negli anni Trenta e ha brevettato il sistema di costruzione \u201cSuperleggera\u201d, che prevedeva pannelli in alluminio per la carrozzeria montati su un leggero e rigido telaio tubolare in acciaio. Le realizzazioni Touring pi\u00f9 prestigiose vanno dalla imponente Isotta Fraschini \u201cFlying Star\u201d spider, vincitrice del Concorso Villa d\u2019Este del 1931, alla Ferrari 166 Touring \u201cBarchetta\u201d, alla Maserati 3500, alla prima Lamborghini di sempre, la 350-400GT. Dobbiamo a Touring un\u2019altra automobile iconica la: l\u2019Aston Martin DB4, seguita dalla DB5 e 6, realizzata a Newport Pagnell sotto licenza col sistema di carrozzeria Superleggera.<br \/>\nModelli recenti comprendono la Maserati Bellagio Fastback e la due posti Touring Berlinetta, vincitrice del premio \u201cBest Supercar of the Year\u201d nel 2009.<br \/>\nNel 2010 troviamo l\u2019acclamata Bentley Continental Flying Star, costruita con il sostegno della Bentley Motors, seguita dalla Gumpert Tornante (2011), una GT superveloce commissionata dallo specialista tedesco di auto sportive estreme.<br \/>\nNel 2012, Touring ripropone un capolavoro della sua ricca tradizione, capolavoro che si ispira all\u2019Alfa C52 Disco Volante di sessant\u2019anni prima. L\u2019innovativa, mozzafiato Alfa Romeo Disco Volante, costruita a mano in un numero limitato di soltanto otto unit\u00e0, ha vinto nel 2013 l\u2019ambito Design Award al Concorso d\u2019Eleganza Villa d\u2019Este.\u00a0<span style=\"line-height: 1.5em;\">La MINI Superleggera\u2122 Vision del 2014 \u00e8 il primo progetto mai realizzato in collaborazione con MINI.<\/span><\/p>\n<figure id=\"attachment_3190\" aria-describedby=\"caption-attachment-3190\" style=\"width: 900px\" class=\"wp-caption aligncenter\"><img loading=\"lazy\" decoding=\"async\" class=\"size-medium wp-image-3190\" alt=\"MINI SUPERLEGGERA VISION - Bozzetti\" src=\"http:\/\/www.drivelife.it\/pics\/wp-content\/uploads\/2014\/05\/MINI-SUPERLEGGERA-VISION_131-900x636.jpg\" width=\"900\" height=\"636\" srcset=\"https:\/\/www.drivelife.it\/pics\/wp-content\/uploads\/2014\/05\/MINI-SUPERLEGGERA-VISION_131-900x636.jpg 900w, https:\/\/www.drivelife.it\/pics\/wp-content\/uploads\/2014\/05\/MINI-SUPERLEGGERA-VISION_131-1280x905.jpg 1280w\" sizes=\"auto, (max-width: 900px) 100vw, 900px\" \/><figcaption id=\"caption-attachment-3190\" class=\"wp-caption-text\">MINI SUPERLEGGERA VISION &#8211; Bozzetti<\/figcaption><\/figure>\n","protected":false},"excerpt":{"rendered":"Prima mondiale al Concorso d\u2019Eleganza Villa d\u2019Este 2014 (di Ufficio Stampa BMW\/MINI) &#8211; Il BMW Group festeggia l\u2019incontro tra il [&hellip;]","protected":false},"author":1,"featured_media":3111,"comment_status":"closed","ping_status":"closed","sticky":false,"template":"","format":"standard","meta":{"_monsterinsights_skip_tracking":false,"_monsterinsights_sitenote_active":false,"_monsterinsights_sitenote_note":"","_monsterinsights_sitenote_category":0,"ngg_post_thumbnail":0,"footnotes":""},"categories":[10,11,21],"tags":[],"class_list":["post-3110","post","type-post","status-publish","format-standard","has-post-thumbnail","hentry","category-automotive","category-gallery-automotive","category-mini","clearfix"],"_links":{"self":[{"href":"https:\/\/www.drivelife.it\/pics\/wp-json\/wp\/v2\/posts\/3110","targetHints":{"allow":["GET"]}}],"collection":[{"href":"https:\/\/www.drivelife.it\/pics\/wp-json\/wp\/v2\/posts"}],"about":[{"href":"https:\/\/www.drivelife.it\/pics\/wp-json\/wp\/v2\/types\/post"}],"author":[{"embeddable":true,"href":"https:\/\/www.drivelife.it\/pics\/wp-json\/wp\/v2\/users\/1"}],"replies":[{"embeddable":true,"href":"https:\/\/www.drivelife.it\/pics\/wp-json\/wp\/v2\/comments?post=3110"}],"version-history":[{"count":5,"href":"https:\/\/www.drivelife.it\/pics\/wp-json\/wp\/v2\/posts\/3110\/revisions"}],"predecessor-version":[{"id":3191,"href":"https:\/\/www.drivelife.it\/pics\/wp-json\/wp\/v2\/posts\/3110\/revisions\/3191"}],"wp:featuredmedia":[{"embeddable":true,"href":"https:\/\/www.drivelife.it\/pics\/wp-json\/wp\/v2\/media\/3111"}],"wp:attachment":[{"href":"https:\/\/www.drivelife.it\/pics\/wp-json\/wp\/v2\/media?parent=3110"}],"wp:term":[{"taxonomy":"category","embeddable":true,"href":"https:\/\/www.drivelife.it\/pics\/wp-json\/wp\/v2\/categories?post=3110"},{"taxonomy":"post_tag","embeddable":true,"href":"https:\/\/www.drivelife.it\/pics\/wp-json\/wp\/v2\/tags?post=3110"}],"curies":[{"name":"wp","href":"https:\/\/api.w.org\/{rel}","templated":true}]}}