{"id":2820,"date":"2014-02-27T21:36:50","date_gmt":"2014-02-27T21:36:50","guid":{"rendered":"http:\/\/www.drivelife.it\/pics\/?p=2820"},"modified":"2014-03-04T09:19:28","modified_gmt":"2014-03-04T09:19:28","slug":"volvo-estate-concept","status":"publish","type":"post","link":"https:\/\/www.drivelife.it\/pics\/2014\/02\/27\/volvo-estate-concept\/","title":{"rendered":"VOLVO ESTATE CONCEPT"},"content":{"rendered":"<h1>LA TERZA DI THOMAS<\/h1>\n<p>Difficile restare impassibili guardando le foto diffuse oggi da Volvo della Estate Concept che sar\u00e0 presentata a Ginevra la prossima settimana. E&#8217; la pi\u00f9 bella delle tre concept disegnate da Thomas Ingenlath. Porta con s\u00e9 tutti i valori dello stile scandinavo tanto caro a Goteborg e racconta tutta le storia delle Volvo pi\u00f9 belle. Le grandi Volvo, le wagon per eccellenza.<\/p>\n<p style=\"padding-left: 30px;\"><strong>da drivelife, in TV il 8 Marzo 2014 &#8211;<\/strong><\/p>\n<h1><b>IN ARRIVO L\u2019EREDE<\/b><\/h1>\n<h2><b>PERCH\u00c8 VOLVO HA PRESENTATO TRE CONCEPT TUTTE E TRE CON DUE PORTE? PROPRIO NELL\u2019ANNO DI LANCIO DELLA NUOVA XC90, CHE DI PORTE NE HA QUATTRO E POSTI SETTE?<\/b><\/h2>\n<p><b style=\"line-height: 1.5em;\">DURATA, 02\u2019 14\u201d &#8211;\u00a0<\/b><span style=\"line-height: 1.5em;\"> Questa concept \u00e8 un colpo a sorpresa, chi se la ricordava pi\u00f9 la Volvo ES? E\u2019 vero che l\u2019accento posta sulla comunicazione dei valori storici del design di Volvo avrebbe dovuto lasciar presagire un\u2019altra esercitazione di stile di Ingenlath che traesse ispirazione dalla P1800 ES ma l\u2019attesa, nella mia idea, era per qualcosa di altro.\u00a0<\/span><\/p>\n<p><span style=\"line-height: 1.5em;\">Anche perch\u00e9 le tre concept annunciate e presentate, Francoforte, Detroit e Ginevra, hanno uno strano denominatore comune: sono tutte a due porte, una tipologia di automobile nella quale Volvo \u00e8 piuttosto indietro. Concept Coup\u00e9, XC Concept Coup\u00e9 ed ora Estate Concept, Ingenlath le ha disegnate tutte e tre con due soli sportelli. Proprio nell\u2019anno in cui la casa svedese sta preparando, a Parigi, in settembre, il lancio della nuova XC90. Che di porte ne ha quattro e di posti sette.<\/span><\/p>\n<p>Che vuol dire ingenti risorse concentrate sull\u2019ammiraglia della gamma. I soldi, ora, non mancano a Goteborg ma immaginare un successivo ed immediato lancio di un altro modello subito XC90 2014 ci sembra abbastanza improbabile.<\/p>\n<p>L\u2019azienda sar\u00e0 concentrata sul follow, per i diversi mercati dove sar\u00e0 commercializzato, di XC90.<\/p>\n<p>Del resto le tre concept di Volvo sono davvero concept, nel senso pi\u00f9 puro del termine: difficile pensare una produzione industriale, anche su scala ridotta, di una di queste proposte. Troppo \u201clontano\u201d lo stile dalle necessit\u00e0 commerciali: qui, in Volvo, le concept hanno, ancora, il ruolo di prototipo, nel vero senso del termine e del ruolo.<\/p>\n<p><span style=\"line-height: 1.5em;\">Per\u00f2 non \u00e8 possibile trascurare che nella gamma Volvo attuale il modello che manca \u00e8 proprio la due porte.\u00a0<\/span><\/p>\n<p>Archiviata la Volvo C30, generosamente definita \u201cincompresa\u201d, seppellita da tempo la C70, nelle sue declinazioni Cabriolet e Coup\u00e9 e poi Coup\u00e9\/Cabriolet (quelle con il tetto metallico retrattile), potenziato lo sviluppo della gamma bassa con la V40 e le versioni derivate, il pezzo mancante al puzzle della gamma \u00e8 proprio una due porte che susciti emozione e fascino.<\/p>\n<p>Con una gamma votata alla convivialit\u00e0 delle wagon, due sport utility di successo, XC60 ed XC90, una V70 Cross Country intramontabile, e punto di riferimento per chi chiunque intenda cimentarsi nella sfida delle crossover, in Volvo, guarda un po\u2019, manca una due porte vera. La P1800 ES non rester\u00e0 a lungo senza discendenza.<\/p>\n<div id='gallery-1' class='gallery galleryid-2820 gallery-columns-7 gallery-size-thumbnail'><figure class='gallery-item'>\n\t\t\t<div class='gallery-icon landscape'>\n\t\t\t\t<a href='https:\/\/www.drivelife.it\/pics\/2014\/02\/27\/volvo-estate-concept\/volvo-estate-concept_22\/'><img loading=\"lazy\" decoding=\"async\" width=\"150\" height=\"100\" src=\"https:\/\/www.drivelife.it\/pics\/wp-content\/uploads\/2014\/02\/VOLVO-ESTATE-CONCEPT_22-600x400.jpg\" class=\"attachment-thumbnail size-thumbnail\" alt=\"\" \/><\/a>\n\t\t\t<\/div><\/figure><figure class='gallery-item'>\n\t\t\t<div class='gallery-icon landscape'>\n\t\t\t\t<a href='https:\/\/www.drivelife.it\/pics\/2014\/02\/27\/volvo-estate-concept\/volvo-estate-concept_2\/'><img loading=\"lazy\" decoding=\"async\" width=\"150\" height=\"100\" src=\"https:\/\/www.drivelife.it\/pics\/wp-content\/uploads\/2014\/02\/VOLVO-ESTATE-CONCEPT_2-600x400.jpg\" class=\"attachment-thumbnail size-thumbnail\" alt=\"\" \/><\/a>\n\t\t\t<\/div><\/figure><figure class='gallery-item'>\n\t\t\t<div class='gallery-icon landscape'>\n\t\t\t\t<a href='https:\/\/www.drivelife.it\/pics\/2014\/02\/27\/volvo-estate-concept\/volvo-estate-concept_3\/'><img loading=\"lazy\" decoding=\"async\" width=\"150\" height=\"100\" src=\"https:\/\/www.drivelife.it\/pics\/wp-content\/uploads\/2014\/02\/VOLVO-ESTATE-CONCEPT_3-600x400.jpg\" class=\"attachment-thumbnail size-thumbnail\" alt=\"\" srcset=\"https:\/\/www.drivelife.it\/pics\/wp-content\/uploads\/2014\/02\/VOLVO-ESTATE-CONCEPT_3-600x400.jpg 600w, https:\/\/www.drivelife.it\/pics\/wp-content\/uploads\/2014\/02\/VOLVO-ESTATE-CONCEPT_3-900x595.jpg 900w, https:\/\/www.drivelife.it\/pics\/wp-content\/uploads\/2014\/02\/VOLVO-ESTATE-CONCEPT_3-1280x846.jpg 1280w\" sizes=\"auto, (max-width: 150px) 100vw, 150px\" \/><\/a>\n\t\t\t<\/div><\/figure><figure class='gallery-item'>\n\t\t\t<div class='gallery-icon landscape'>\n\t\t\t\t<a href='https:\/\/www.drivelife.it\/pics\/2014\/02\/27\/volvo-estate-concept\/volvo-estate-concept_4\/'><img loading=\"lazy\" decoding=\"async\" width=\"150\" height=\"100\" src=\"https:\/\/www.drivelife.it\/pics\/wp-content\/uploads\/2014\/02\/VOLVO-ESTATE-CONCEPT_4-600x400.jpg\" class=\"attachment-thumbnail size-thumbnail\" alt=\"\" \/><\/a>\n\t\t\t<\/div><\/figure><figure class='gallery-item'>\n\t\t\t<div class='gallery-icon landscape'>\n\t\t\t\t<a href='https:\/\/www.drivelife.it\/pics\/2014\/02\/27\/volvo-estate-concept\/volvo-estate-concept_5\/'><img loading=\"lazy\" decoding=\"async\" width=\"150\" height=\"100\" src=\"https:\/\/www.drivelife.it\/pics\/wp-content\/uploads\/2014\/02\/VOLVO-ESTATE-CONCEPT_5-600x400.jpg\" class=\"attachment-thumbnail size-thumbnail\" alt=\"\" \/><\/a>\n\t\t\t<\/div><\/figure><figure class='gallery-item'>\n\t\t\t<div class='gallery-icon landscape'>\n\t\t\t\t<a href='https:\/\/www.drivelife.it\/pics\/2014\/02\/27\/volvo-estate-concept\/volvo-estate-concept_6\/'><img loading=\"lazy\" decoding=\"async\" width=\"150\" height=\"100\" src=\"https:\/\/www.drivelife.it\/pics\/wp-content\/uploads\/2014\/02\/VOLVO-ESTATE-CONCEPT_6-600x400.jpg\" class=\"attachment-thumbnail size-thumbnail\" alt=\"\" srcset=\"https:\/\/www.drivelife.it\/pics\/wp-content\/uploads\/2014\/02\/VOLVO-ESTATE-CONCEPT_6-600x400.jpg 600w, https:\/\/www.drivelife.it\/pics\/wp-content\/uploads\/2014\/02\/VOLVO-ESTATE-CONCEPT_6-900x595.jpg 900w, https:\/\/www.drivelife.it\/pics\/wp-content\/uploads\/2014\/02\/VOLVO-ESTATE-CONCEPT_6-1280x846.jpg 1280w\" sizes=\"auto, (max-width: 150px) 100vw, 150px\" \/><\/a>\n\t\t\t<\/div><\/figure><figure class='gallery-item'>\n\t\t\t<div class='gallery-icon landscape'>\n\t\t\t\t<a href='https:\/\/www.drivelife.it\/pics\/2014\/02\/27\/volvo-estate-concept\/volvo-estate-concept_7\/'><img loading=\"lazy\" decoding=\"async\" width=\"150\" height=\"100\" src=\"https:\/\/www.drivelife.it\/pics\/wp-content\/uploads\/2014\/02\/VOLVO-ESTATE-CONCEPT_7-600x400.jpg\" class=\"attachment-thumbnail size-thumbnail\" alt=\"\" \/><\/a>\n\t\t\t<\/div><\/figure><figure class='gallery-item'>\n\t\t\t<div class='gallery-icon landscape'>\n\t\t\t\t<a href='https:\/\/www.drivelife.it\/pics\/2014\/02\/27\/volvo-estate-concept\/volvo-estate-concept_8\/'><img loading=\"lazy\" decoding=\"async\" width=\"150\" height=\"100\" src=\"https:\/\/www.drivelife.it\/pics\/wp-content\/uploads\/2014\/02\/VOLVO-ESTATE-CONCEPT_8-600x400.jpg\" class=\"attachment-thumbnail size-thumbnail\" alt=\"\" \/><\/a>\n\t\t\t<\/div><\/figure><figure class='gallery-item'>\n\t\t\t<div class='gallery-icon landscape'>\n\t\t\t\t<a href='https:\/\/www.drivelife.it\/pics\/2014\/02\/27\/volvo-estate-concept\/volvo-estate-concept_9\/'><img loading=\"lazy\" decoding=\"async\" width=\"150\" height=\"100\" src=\"https:\/\/www.drivelife.it\/pics\/wp-content\/uploads\/2014\/02\/VOLVO-ESTATE-CONCEPT_9-600x400.jpg\" class=\"attachment-thumbnail size-thumbnail\" alt=\"\" \/><\/a>\n\t\t\t<\/div><\/figure><figure class='gallery-item'>\n\t\t\t<div class='gallery-icon landscape'>\n\t\t\t\t<a href='https:\/\/www.drivelife.it\/pics\/2014\/02\/27\/volvo-estate-concept\/volvo-estate-concept_10\/'><img loading=\"lazy\" decoding=\"async\" width=\"150\" height=\"100\" src=\"https:\/\/www.drivelife.it\/pics\/wp-content\/uploads\/2014\/02\/VOLVO-ESTATE-CONCEPT_10-600x400.jpg\" class=\"attachment-thumbnail size-thumbnail\" alt=\"\" \/><\/a>\n\t\t\t<\/div><\/figure><figure class='gallery-item'>\n\t\t\t<div class='gallery-icon landscape'>\n\t\t\t\t<a href='https:\/\/www.drivelife.it\/pics\/2014\/02\/27\/volvo-estate-concept\/volvo-estate-concept_12\/'><img loading=\"lazy\" decoding=\"async\" width=\"150\" height=\"100\" src=\"https:\/\/www.drivelife.it\/pics\/wp-content\/uploads\/2014\/02\/VOLVO-ESTATE-CONCEPT_12-600x400.jpg\" class=\"attachment-thumbnail size-thumbnail\" alt=\"\" \/><\/a>\n\t\t\t<\/div><\/figure><figure class='gallery-item'>\n\t\t\t<div class='gallery-icon landscape'>\n\t\t\t\t<a href='https:\/\/www.drivelife.it\/pics\/2014\/02\/27\/volvo-estate-concept\/volvo-estate-concept_13\/'><img loading=\"lazy\" decoding=\"async\" width=\"150\" height=\"100\" src=\"https:\/\/www.drivelife.it\/pics\/wp-content\/uploads\/2014\/02\/VOLVO-ESTATE-CONCEPT_13-600x400.jpg\" class=\"attachment-thumbnail size-thumbnail\" alt=\"\" \/><\/a>\n\t\t\t<\/div><\/figure><figure class='gallery-item'>\n\t\t\t<div class='gallery-icon landscape'>\n\t\t\t\t<a href='https:\/\/www.drivelife.it\/pics\/2014\/02\/27\/volvo-estate-concept\/volvo-estate-concept_14\/'><img loading=\"lazy\" decoding=\"async\" width=\"150\" height=\"100\" src=\"https:\/\/www.drivelife.it\/pics\/wp-content\/uploads\/2014\/02\/VOLVO-ESTATE-CONCEPT_14-600x400.jpg\" class=\"attachment-thumbnail size-thumbnail\" alt=\"\" \/><\/a>\n\t\t\t<\/div><\/figure><figure class='gallery-item'>\n\t\t\t<div class='gallery-icon landscape'>\n\t\t\t\t<a href='https:\/\/www.drivelife.it\/pics\/2014\/02\/27\/volvo-estate-concept\/volvo-estate-concept_15\/'><img loading=\"lazy\" decoding=\"async\" width=\"150\" height=\"100\" src=\"https:\/\/www.drivelife.it\/pics\/wp-content\/uploads\/2014\/02\/VOLVO-ESTATE-CONCEPT_15-600x400.jpg\" class=\"attachment-thumbnail size-thumbnail\" alt=\"\" \/><\/a>\n\t\t\t<\/div><\/figure><figure class='gallery-item'>\n\t\t\t<div class='gallery-icon portrait'>\n\t\t\t\t<a href='https:\/\/www.drivelife.it\/pics\/2014\/02\/27\/volvo-estate-concept\/volvo-estate-concept_16\/'><img loading=\"lazy\" decoding=\"async\" width=\"150\" height=\"100\" src=\"https:\/\/www.drivelife.it\/pics\/wp-content\/uploads\/2014\/02\/VOLVO-ESTATE-CONCEPT_16-600x400.jpg\" class=\"attachment-thumbnail size-thumbnail\" alt=\"\" \/><\/a>\n\t\t\t<\/div><\/figure><figure class='gallery-item'>\n\t\t\t<div class='gallery-icon landscape'>\n\t\t\t\t<a href='https:\/\/www.drivelife.it\/pics\/2014\/02\/27\/volvo-estate-concept\/volvo-estate-concept_17\/'><img loading=\"lazy\" decoding=\"async\" width=\"150\" height=\"100\" src=\"https:\/\/www.drivelife.it\/pics\/wp-content\/uploads\/2014\/02\/VOLVO-ESTATE-CONCEPT_17-600x400.jpg\" class=\"attachment-thumbnail size-thumbnail\" alt=\"\" \/><\/a>\n\t\t\t<\/div><\/figure><figure class='gallery-item'>\n\t\t\t<div class='gallery-icon portrait'>\n\t\t\t\t<a href='https:\/\/www.drivelife.it\/pics\/2014\/02\/27\/volvo-estate-concept\/volvo-estate-concept_18\/'><img loading=\"lazy\" decoding=\"async\" width=\"150\" height=\"100\" src=\"https:\/\/www.drivelife.it\/pics\/wp-content\/uploads\/2014\/02\/VOLVO-ESTATE-CONCEPT_18-600x400.jpg\" class=\"attachment-thumbnail size-thumbnail\" alt=\"\" \/><\/a>\n\t\t\t<\/div><\/figure><figure class='gallery-item'>\n\t\t\t<div class='gallery-icon landscape'>\n\t\t\t\t<a href='https:\/\/www.drivelife.it\/pics\/2014\/02\/27\/volvo-estate-concept\/volvo-estate-concept_19\/'><img loading=\"lazy\" decoding=\"async\" width=\"150\" height=\"100\" src=\"https:\/\/www.drivelife.it\/pics\/wp-content\/uploads\/2014\/02\/VOLVO-ESTATE-CONCEPT_19-600x400.jpg\" class=\"attachment-thumbnail size-thumbnail\" alt=\"\" \/><\/a>\n\t\t\t<\/div><\/figure><figure class='gallery-item'>\n\t\t\t<div class='gallery-icon portrait'>\n\t\t\t\t<a href='https:\/\/www.drivelife.it\/pics\/2014\/02\/27\/volvo-estate-concept\/volvo-estate-concept_20\/'><img loading=\"lazy\" decoding=\"async\" width=\"150\" height=\"100\" src=\"https:\/\/www.drivelife.it\/pics\/wp-content\/uploads\/2014\/02\/VOLVO-ESTATE-CONCEPT_20-600x400.jpg\" class=\"attachment-thumbnail size-thumbnail\" alt=\"\" \/><\/a>\n\t\t\t<\/div><\/figure><figure class='gallery-item'>\n\t\t\t<div class='gallery-icon landscape'>\n\t\t\t\t<a href='https:\/\/www.drivelife.it\/pics\/2014\/02\/27\/volvo-estate-concept\/volvo-estate-concept_21\/'><img loading=\"lazy\" decoding=\"async\" width=\"150\" height=\"100\" src=\"https:\/\/www.drivelife.it\/pics\/wp-content\/uploads\/2014\/02\/VOLVO-ESTATE-CONCEPT_21-600x400.jpg\" class=\"attachment-thumbnail size-thumbnail\" alt=\"\" \/><\/a>\n\t\t\t<\/div><\/figure><figure class='gallery-item'>\n\t\t\t<div class='gallery-icon landscape'>\n\t\t\t\t<a href='https:\/\/www.drivelife.it\/pics\/2014\/02\/27\/volvo-estate-concept\/volvo-estate-concept_23\/'><img loading=\"lazy\" decoding=\"async\" width=\"150\" height=\"100\" src=\"https:\/\/www.drivelife.it\/pics\/wp-content\/uploads\/2014\/02\/VOLVO-ESTATE-CONCEPT_23-600x400.jpg\" class=\"attachment-thumbnail size-thumbnail\" alt=\"\" \/><\/a>\n\t\t\t<\/div><\/figure><figure class='gallery-item'>\n\t\t\t<div class='gallery-icon landscape'>\n\t\t\t\t<a href='https:\/\/www.drivelife.it\/pics\/2014\/02\/27\/volvo-estate-concept\/volvo-estate-concept_24\/'><img loading=\"lazy\" decoding=\"async\" width=\"150\" height=\"100\" src=\"https:\/\/www.drivelife.it\/pics\/wp-content\/uploads\/2014\/02\/VOLVO-ESTATE-CONCEPT_24-600x400.jpg\" class=\"attachment-thumbnail size-thumbnail\" alt=\"\" \/><\/a>\n\t\t\t<\/div><\/figure><figure class='gallery-item'>\n\t\t\t<div class='gallery-icon landscape'>\n\t\t\t\t<a href='https:\/\/www.drivelife.it\/pics\/2014\/02\/27\/volvo-estate-concept\/volvo-estate-concept_25\/'><img loading=\"lazy\" decoding=\"async\" width=\"150\" height=\"100\" src=\"https:\/\/www.drivelife.it\/pics\/wp-content\/uploads\/2014\/02\/VOLVO-ESTATE-CONCEPT_25-600x400.jpg\" class=\"attachment-thumbnail size-thumbnail\" alt=\"\" \/><\/a>\n\t\t\t<\/div><\/figure><figure class='gallery-item'>\n\t\t\t<div class='gallery-icon landscape'>\n\t\t\t\t<a href='https:\/\/www.drivelife.it\/pics\/2014\/02\/27\/volvo-estate-concept\/volvo-estate-concept_26\/'><img loading=\"lazy\" decoding=\"async\" width=\"150\" height=\"100\" src=\"https:\/\/www.drivelife.it\/pics\/wp-content\/uploads\/2014\/02\/VOLVO-ESTATE-CONCEPT_26-600x400.jpg\" class=\"attachment-thumbnail size-thumbnail\" alt=\"\" \/><\/a>\n\t\t\t<\/div><\/figure><figure class='gallery-item'>\n\t\t\t<div class='gallery-icon landscape'>\n\t\t\t\t<a href='https:\/\/www.drivelife.it\/pics\/2014\/02\/27\/volvo-estate-concept\/volvo-estate-concept_27\/'><img loading=\"lazy\" decoding=\"async\" width=\"150\" height=\"100\" src=\"https:\/\/www.drivelife.it\/pics\/wp-content\/uploads\/2014\/02\/VOLVO-ESTATE-CONCEPT_27-600x400.jpg\" class=\"attachment-thumbnail size-thumbnail\" alt=\"\" \/><\/a>\n\t\t\t<\/div><\/figure><figure class='gallery-item'>\n\t\t\t<div class='gallery-icon landscape'>\n\t\t\t\t<a href='https:\/\/www.drivelife.it\/pics\/2014\/02\/27\/volvo-estate-concept\/volvo-estate-concept_28\/'><img loading=\"lazy\" decoding=\"async\" width=\"150\" height=\"100\" src=\"https:\/\/www.drivelife.it\/pics\/wp-content\/uploads\/2014\/02\/VOLVO-ESTATE-CONCEPT_28-600x400.jpg\" class=\"attachment-thumbnail size-thumbnail\" alt=\"\" \/><\/a>\n\t\t\t<\/div><\/figure><figure class='gallery-item'>\n\t\t\t<div class='gallery-icon landscape'>\n\t\t\t\t<a href='https:\/\/www.drivelife.it\/pics\/2014\/02\/27\/volvo-estate-concept\/volvo-estate-concept_29\/'><img loading=\"lazy\" decoding=\"async\" width=\"150\" height=\"100\" src=\"https:\/\/www.drivelife.it\/pics\/wp-content\/uploads\/2014\/02\/VOLVO-ESTATE-CONCEPT_29-600x400.jpg\" class=\"attachment-thumbnail size-thumbnail\" alt=\"\" \/><\/a>\n\t\t\t<\/div><\/figure><figure class='gallery-item'>\n\t\t\t<div class='gallery-icon landscape'>\n\t\t\t\t<a href='https:\/\/www.drivelife.it\/pics\/2014\/02\/27\/volvo-estate-concept\/volvo-estate-concept_30\/'><img loading=\"lazy\" decoding=\"async\" width=\"150\" height=\"100\" src=\"https:\/\/www.drivelife.it\/pics\/wp-content\/uploads\/2014\/02\/VOLVO-ESTATE-CONCEPT_30-600x400.jpg\" class=\"attachment-thumbnail size-thumbnail\" alt=\"\" \/><\/a>\n\t\t\t<\/div><\/figure><figure class='gallery-item'>\n\t\t\t<div class='gallery-icon landscape'>\n\t\t\t\t<a href='https:\/\/www.drivelife.it\/pics\/2014\/02\/27\/volvo-estate-concept\/volvo-estate-concept_31\/'><img loading=\"lazy\" decoding=\"async\" width=\"150\" height=\"100\" src=\"https:\/\/www.drivelife.it\/pics\/wp-content\/uploads\/2014\/02\/VOLVO-ESTATE-CONCEPT_31-600x400.jpg\" class=\"attachment-thumbnail size-thumbnail\" alt=\"\" \/><\/a>\n\t\t\t<\/div><\/figure><figure class='gallery-item'>\n\t\t\t<div class='gallery-icon portrait'>\n\t\t\t\t<a href='https:\/\/www.drivelife.it\/pics\/2014\/02\/27\/volvo-estate-concept\/volvo-estate-concept_32\/'><img loading=\"lazy\" decoding=\"async\" width=\"150\" height=\"100\" src=\"https:\/\/www.drivelife.it\/pics\/wp-content\/uploads\/2014\/02\/VOLVO-ESTATE-CONCEPT_32-600x400.jpg\" class=\"attachment-thumbnail size-thumbnail\" alt=\"\" \/><\/a>\n\t\t\t<\/div><\/figure><figure class='gallery-item'>\n\t\t\t<div class='gallery-icon landscape'>\n\t\t\t\t<a href='https:\/\/www.drivelife.it\/pics\/2014\/02\/27\/volvo-estate-concept\/volvo-estate-concept_33\/'><img loading=\"lazy\" decoding=\"async\" width=\"150\" height=\"100\" src=\"https:\/\/www.drivelife.it\/pics\/wp-content\/uploads\/2014\/02\/VOLVO-ESTATE-CONCEPT_33-600x400.jpg\" class=\"attachment-thumbnail size-thumbnail\" alt=\"\" \/><\/a>\n\t\t\t<\/div><\/figure><figure class='gallery-item'>\n\t\t\t<div class='gallery-icon portrait'>\n\t\t\t\t<a href='https:\/\/www.drivelife.it\/pics\/2014\/02\/27\/volvo-estate-concept\/volvo-estate-concept_34\/'><img loading=\"lazy\" decoding=\"async\" width=\"150\" height=\"100\" src=\"https:\/\/www.drivelife.it\/pics\/wp-content\/uploads\/2014\/02\/VOLVO-ESTATE-CONCEPT_34-600x400.jpg\" class=\"attachment-thumbnail size-thumbnail\" alt=\"\" \/><\/a>\n\t\t\t<\/div><\/figure><figure class='gallery-item'>\n\t\t\t<div class='gallery-icon portrait'>\n\t\t\t\t<a href='https:\/\/www.drivelife.it\/pics\/2014\/02\/27\/volvo-estate-concept\/volvo-estate-concept_35\/'><img loading=\"lazy\" decoding=\"async\" width=\"150\" height=\"100\" src=\"https:\/\/www.drivelife.it\/pics\/wp-content\/uploads\/2014\/02\/VOLVO-ESTATE-CONCEPT_35-600x400.jpg\" class=\"attachment-thumbnail size-thumbnail\" alt=\"\" \/><\/a>\n\t\t\t<\/div><\/figure><figure class='gallery-item'>\n\t\t\t<div class='gallery-icon portrait'>\n\t\t\t\t<a href='https:\/\/www.drivelife.it\/pics\/2014\/02\/27\/volvo-estate-concept\/volvo-estate-concept_36\/'><img loading=\"lazy\" decoding=\"async\" width=\"150\" height=\"100\" src=\"https:\/\/www.drivelife.it\/pics\/wp-content\/uploads\/2014\/02\/VOLVO-ESTATE-CONCEPT_36-600x400.jpg\" class=\"attachment-thumbnail size-thumbnail\" alt=\"\" \/><\/a>\n\t\t\t<\/div><\/figure><figure class='gallery-item'>\n\t\t\t<div class='gallery-icon portrait'>\n\t\t\t\t<a href='https:\/\/www.drivelife.it\/pics\/2014\/02\/27\/volvo-estate-concept\/volvo-estate-concept_37\/'><img loading=\"lazy\" decoding=\"async\" width=\"150\" height=\"100\" src=\"https:\/\/www.drivelife.it\/pics\/wp-content\/uploads\/2014\/02\/VOLVO-ESTATE-CONCEPT_37-600x400.jpg\" class=\"attachment-thumbnail size-thumbnail\" alt=\"\" \/><\/a>\n\t\t\t<\/div><\/figure><figure class='gallery-item'>\n\t\t\t<div class='gallery-icon landscape'>\n\t\t\t\t<a href='https:\/\/www.drivelife.it\/pics\/2014\/02\/27\/volvo-estate-concept\/volvo-estate-concept_38\/'><img loading=\"lazy\" decoding=\"async\" width=\"150\" height=\"100\" src=\"https:\/\/www.drivelife.it\/pics\/wp-content\/uploads\/2014\/02\/VOLVO-ESTATE-CONCEPT_38-600x400.jpg\" class=\"attachment-thumbnail size-thumbnail\" alt=\"\" \/><\/a>\n\t\t\t<\/div><\/figure><figure class='gallery-item'>\n\t\t\t<div class='gallery-icon landscape'>\n\t\t\t\t<a href='https:\/\/www.drivelife.it\/pics\/2014\/02\/27\/volvo-estate-concept\/volvo-estate-concept_39\/'><img loading=\"lazy\" decoding=\"async\" width=\"150\" height=\"100\" src=\"https:\/\/www.drivelife.it\/pics\/wp-content\/uploads\/2014\/02\/VOLVO-ESTATE-CONCEPT_39-600x400.jpg\" class=\"attachment-thumbnail size-thumbnail\" alt=\"\" \/><\/a>\n\t\t\t<\/div><\/figure><figure class='gallery-item'>\n\t\t\t<div class='gallery-icon landscape'>\n\t\t\t\t<a href='https:\/\/www.drivelife.it\/pics\/2014\/02\/27\/volvo-estate-concept\/volvo-estate-concept_40\/'><img loading=\"lazy\" decoding=\"async\" width=\"150\" height=\"100\" src=\"https:\/\/www.drivelife.it\/pics\/wp-content\/uploads\/2014\/02\/VOLVO-ESTATE-CONCEPT_40-600x400.jpg\" class=\"attachment-thumbnail size-thumbnail\" alt=\"\" \/><\/a>\n\t\t\t<\/div><\/figure><figure class='gallery-item'>\n\t\t\t<div class='gallery-icon landscape'>\n\t\t\t\t<a href='https:\/\/www.drivelife.it\/pics\/2014\/02\/27\/volvo-estate-concept\/volvo-estate-concept_41\/'><img loading=\"lazy\" decoding=\"async\" width=\"150\" height=\"100\" src=\"https:\/\/www.drivelife.it\/pics\/wp-content\/uploads\/2014\/02\/VOLVO-ESTATE-CONCEPT_41-600x400.jpg\" class=\"attachment-thumbnail size-thumbnail\" alt=\"\" srcset=\"https:\/\/www.drivelife.it\/pics\/wp-content\/uploads\/2014\/02\/VOLVO-ESTATE-CONCEPT_41-600x400.jpg 600w, https:\/\/www.drivelife.it\/pics\/wp-content\/uploads\/2014\/02\/VOLVO-ESTATE-CONCEPT_41-900x599.jpg 900w, https:\/\/www.drivelife.it\/pics\/wp-content\/uploads\/2014\/02\/VOLVO-ESTATE-CONCEPT_41-1280x853.jpg 1280w\" sizes=\"auto, (max-width: 150px) 100vw, 150px\" \/><\/a>\n\t\t\t<\/div><\/figure><figure class='gallery-item'>\n\t\t\t<div class='gallery-icon landscape'>\n\t\t\t\t<a href='https:\/\/www.drivelife.it\/pics\/2014\/02\/27\/volvo-estate-concept\/volvo-estate-concept_42\/'><img loading=\"lazy\" decoding=\"async\" width=\"150\" height=\"100\" src=\"https:\/\/www.drivelife.it\/pics\/wp-content\/uploads\/2014\/02\/VOLVO-ESTATE-CONCEPT_42-600x400.jpg\" class=\"attachment-thumbnail size-thumbnail\" alt=\"\" \/><\/a>\n\t\t\t<\/div><\/figure><figure class='gallery-item'>\n\t\t\t<div class='gallery-icon portrait'>\n\t\t\t\t<a href='https:\/\/www.drivelife.it\/pics\/2014\/02\/27\/volvo-estate-concept\/volvo-estate-concept_43\/'><img loading=\"lazy\" decoding=\"async\" width=\"150\" height=\"100\" src=\"https:\/\/www.drivelife.it\/pics\/wp-content\/uploads\/2014\/02\/VOLVO-ESTATE-CONCEPT_43-600x400.jpg\" class=\"attachment-thumbnail size-thumbnail\" alt=\"\" \/><\/a>\n\t\t\t<\/div><\/figure><figure class='gallery-item'>\n\t\t\t<div class='gallery-icon portrait'>\n\t\t\t\t<a href='https:\/\/www.drivelife.it\/pics\/2014\/02\/27\/volvo-estate-concept\/volvo-estate-concept_44\/'><img loading=\"lazy\" decoding=\"async\" width=\"150\" height=\"100\" src=\"https:\/\/www.drivelife.it\/pics\/wp-content\/uploads\/2014\/02\/VOLVO-ESTATE-CONCEPT_44-600x400.jpg\" class=\"attachment-thumbnail size-thumbnail\" alt=\"\" \/><\/a>\n\t\t\t<\/div><\/figure><figure class='gallery-item'>\n\t\t\t<div class='gallery-icon portrait'>\n\t\t\t\t<a href='https:\/\/www.drivelife.it\/pics\/2014\/02\/27\/volvo-estate-concept\/volvo-estate-concept_45\/'><img loading=\"lazy\" decoding=\"async\" width=\"150\" height=\"100\" src=\"https:\/\/www.drivelife.it\/pics\/wp-content\/uploads\/2014\/02\/VOLVO-ESTATE-CONCEPT_45-600x400.jpg\" class=\"attachment-thumbnail size-thumbnail\" alt=\"\" \/><\/a>\n\t\t\t<\/div><\/figure><figure class='gallery-item'>\n\t\t\t<div class='gallery-icon landscape'>\n\t\t\t\t<a href='https:\/\/www.drivelife.it\/pics\/2014\/02\/27\/volvo-estate-concept\/volvo-estate-concept_46\/'><img loading=\"lazy\" decoding=\"async\" width=\"150\" height=\"100\" src=\"https:\/\/www.drivelife.it\/pics\/wp-content\/uploads\/2014\/02\/VOLVO-ESTATE-CONCEPT_46-600x400.jpg\" class=\"attachment-thumbnail size-thumbnail\" alt=\"\" \/><\/a>\n\t\t\t<\/div><\/figure><figure class='gallery-item'>\n\t\t\t<div class='gallery-icon landscape'>\n\t\t\t\t<a href='https:\/\/www.drivelife.it\/pics\/2014\/02\/27\/volvo-estate-concept\/volvo-estate-concept_47\/'><img loading=\"lazy\" decoding=\"async\" width=\"150\" height=\"100\" src=\"https:\/\/www.drivelife.it\/pics\/wp-content\/uploads\/2014\/02\/VOLVO-ESTATE-CONCEPT_47-600x400.jpg\" class=\"attachment-thumbnail size-thumbnail\" alt=\"\" \/><\/a>\n\t\t\t<\/div><\/figure><figure class='gallery-item'>\n\t\t\t<div class='gallery-icon landscape'>\n\t\t\t\t<a href='https:\/\/www.drivelife.it\/pics\/2014\/02\/27\/volvo-estate-concept\/volvo-estate-concept_48\/'><img loading=\"lazy\" decoding=\"async\" width=\"150\" height=\"100\" src=\"https:\/\/www.drivelife.it\/pics\/wp-content\/uploads\/2014\/02\/VOLVO-ESTATE-CONCEPT_48-600x400.jpg\" class=\"attachment-thumbnail size-thumbnail\" alt=\"\" \/><\/a>\n\t\t\t<\/div><\/figure><figure class='gallery-item'>\n\t\t\t<div class='gallery-icon landscape'>\n\t\t\t\t<a href='https:\/\/www.drivelife.it\/pics\/2014\/02\/27\/volvo-estate-concept\/volvo-estate-concept_49\/'><img loading=\"lazy\" decoding=\"async\" width=\"150\" height=\"100\" src=\"https:\/\/www.drivelife.it\/pics\/wp-content\/uploads\/2014\/02\/VOLVO-ESTATE-CONCEPT_49-600x400.jpg\" class=\"attachment-thumbnail size-thumbnail\" alt=\"\" \/><\/a>\n\t\t\t<\/div><\/figure><figure class='gallery-item'>\n\t\t\t<div class='gallery-icon landscape'>\n\t\t\t\t<a href='https:\/\/www.drivelife.it\/pics\/2014\/02\/27\/volvo-estate-concept\/volvo-estate-concept_50\/'><img loading=\"lazy\" decoding=\"async\" width=\"150\" height=\"100\" src=\"https:\/\/www.drivelife.it\/pics\/wp-content\/uploads\/2014\/02\/VOLVO-ESTATE-CONCEPT_50-600x400.jpg\" class=\"attachment-thumbnail size-thumbnail\" alt=\"\" \/><\/a>\n\t\t\t<\/div><\/figure><figure class='gallery-item'>\n\t\t\t<div class='gallery-icon landscape'>\n\t\t\t\t<a href='https:\/\/www.drivelife.it\/pics\/2014\/02\/27\/volvo-estate-concept\/volvo-estate-concept_51\/'><img loading=\"lazy\" decoding=\"async\" width=\"150\" height=\"100\" src=\"https:\/\/www.drivelife.it\/pics\/wp-content\/uploads\/2014\/02\/VOLVO-ESTATE-CONCEPT_51-600x400.jpg\" class=\"attachment-thumbnail size-thumbnail\" alt=\"\" \/><\/a>\n\t\t\t<\/div><\/figure><figure class='gallery-item'>\n\t\t\t<div class='gallery-icon portrait'>\n\t\t\t\t<a href='https:\/\/www.drivelife.it\/pics\/2014\/02\/27\/volvo-estate-concept\/volvo-estate-concept_52\/'><img loading=\"lazy\" decoding=\"async\" width=\"150\" height=\"100\" src=\"https:\/\/www.drivelife.it\/pics\/wp-content\/uploads\/2014\/02\/VOLVO-ESTATE-CONCEPT_52-600x400.jpg\" class=\"attachment-thumbnail size-thumbnail\" alt=\"\" \/><\/a>\n\t\t\t<\/div><\/figure><figure class='gallery-item'>\n\t\t\t<div class='gallery-icon landscape'>\n\t\t\t\t<a href='https:\/\/www.drivelife.it\/pics\/2014\/02\/27\/volvo-estate-concept\/volvo-estate-concept_53\/'><img loading=\"lazy\" decoding=\"async\" width=\"150\" height=\"100\" src=\"https:\/\/www.drivelife.it\/pics\/wp-content\/uploads\/2014\/02\/VOLVO-ESTATE-CONCEPT_53-600x400.jpg\" class=\"attachment-thumbnail size-thumbnail\" alt=\"\" \/><\/a>\n\t\t\t<\/div><\/figure><figure class='gallery-item'>\n\t\t\t<div class='gallery-icon landscape'>\n\t\t\t\t<a href='https:\/\/www.drivelife.it\/pics\/2014\/02\/27\/volvo-estate-concept\/volvo-estate-concept_54\/'><img loading=\"lazy\" decoding=\"async\" width=\"150\" height=\"100\" src=\"https:\/\/www.drivelife.it\/pics\/wp-content\/uploads\/2014\/02\/VOLVO-ESTATE-CONCEPT_54-600x400.jpg\" class=\"attachment-thumbnail size-thumbnail\" alt=\"\" \/><\/a>\n\t\t\t<\/div><\/figure><figure class='gallery-item'>\n\t\t\t<div class='gallery-icon landscape'>\n\t\t\t\t<a href='https:\/\/www.drivelife.it\/pics\/2014\/02\/27\/volvo-estate-concept\/volvo-estate-concept_55\/'><img loading=\"lazy\" decoding=\"async\" width=\"150\" height=\"100\" src=\"https:\/\/www.drivelife.it\/pics\/wp-content\/uploads\/2014\/02\/VOLVO-ESTATE-CONCEPT_55-600x400.jpg\" class=\"attachment-thumbnail size-thumbnail\" alt=\"\" \/><\/a>\n\t\t\t<\/div><\/figure><figure class='gallery-item'>\n\t\t\t<div class='gallery-icon landscape'>\n\t\t\t\t<a href='https:\/\/www.drivelife.it\/pics\/2014\/02\/27\/volvo-estate-concept\/volvo-estate-concept_56\/'><img loading=\"lazy\" decoding=\"async\" width=\"150\" height=\"100\" src=\"https:\/\/www.drivelife.it\/pics\/wp-content\/uploads\/2014\/02\/VOLVO-ESTATE-CONCEPT_56-600x400.jpg\" class=\"attachment-thumbnail size-thumbnail\" alt=\"\" \/><\/a>\n\t\t\t<\/div><\/figure><figure class='gallery-item'>\n\t\t\t<div class='gallery-icon landscape'>\n\t\t\t\t<a href='https:\/\/www.drivelife.it\/pics\/2014\/02\/27\/volvo-estate-concept\/volvo-estate-concept_57\/'><img loading=\"lazy\" decoding=\"async\" width=\"150\" height=\"100\" src=\"https:\/\/www.drivelife.it\/pics\/wp-content\/uploads\/2014\/02\/VOLVO-ESTATE-CONCEPT_57-600x400.jpg\" class=\"attachment-thumbnail size-thumbnail\" alt=\"\" \/><\/a>\n\t\t\t<\/div><\/figure><figure class='gallery-item'>\n\t\t\t<div class='gallery-icon landscape'>\n\t\t\t\t<a href='https:\/\/www.drivelife.it\/pics\/2014\/02\/27\/volvo-estate-concept\/volvo-estate-concept_58\/'><img loading=\"lazy\" decoding=\"async\" width=\"150\" height=\"100\" src=\"https:\/\/www.drivelife.it\/pics\/wp-content\/uploads\/2014\/02\/VOLVO-ESTATE-CONCEPT_58-600x400.jpg\" class=\"attachment-thumbnail size-thumbnail\" alt=\"\" \/><\/a>\n\t\t\t<\/div><\/figure><figure class='gallery-item'>\n\t\t\t<div class='gallery-icon landscape'>\n\t\t\t\t<a href='https:\/\/www.drivelife.it\/pics\/2014\/02\/27\/volvo-estate-concept\/volvo-estate-concept_59\/'><img loading=\"lazy\" decoding=\"async\" width=\"150\" height=\"100\" src=\"https:\/\/www.drivelife.it\/pics\/wp-content\/uploads\/2014\/02\/VOLVO-ESTATE-CONCEPT_59-600x400.jpg\" class=\"attachment-thumbnail size-thumbnail\" alt=\"\" \/><\/a>\n\t\t\t<\/div><\/figure><figure class='gallery-item'>\n\t\t\t<div class='gallery-icon landscape'>\n\t\t\t\t<a href='https:\/\/www.drivelife.it\/pics\/2014\/02\/27\/volvo-estate-concept\/volvo-estate-concept_60\/'><img loading=\"lazy\" decoding=\"async\" width=\"150\" height=\"100\" src=\"https:\/\/www.drivelife.it\/pics\/wp-content\/uploads\/2014\/02\/VOLVO-ESTATE-CONCEPT_60-600x400.jpg\" class=\"attachment-thumbnail size-thumbnail\" alt=\"\" \/><\/a>\n\t\t\t<\/div><\/figure><figure class='gallery-item'>\n\t\t\t<div class='gallery-icon landscape'>\n\t\t\t\t<a href='https:\/\/www.drivelife.it\/pics\/2014\/02\/27\/volvo-estate-concept\/volvo-estate-concept_61\/'><img loading=\"lazy\" decoding=\"async\" width=\"150\" height=\"100\" src=\"https:\/\/www.drivelife.it\/pics\/wp-content\/uploads\/2014\/02\/VOLVO-ESTATE-CONCEPT_61-600x400.jpg\" class=\"attachment-thumbnail size-thumbnail\" alt=\"\" \/><\/a>\n\t\t\t<\/div><\/figure><figure class='gallery-item'>\n\t\t\t<div class='gallery-icon portrait'>\n\t\t\t\t<a href='https:\/\/www.drivelife.it\/pics\/2014\/02\/27\/volvo-estate-concept\/volvo-estate-concept_62\/'><img loading=\"lazy\" decoding=\"async\" width=\"150\" height=\"100\" src=\"https:\/\/www.drivelife.it\/pics\/wp-content\/uploads\/2014\/02\/VOLVO-ESTATE-CONCEPT_62-600x400.jpg\" class=\"attachment-thumbnail size-thumbnail\" alt=\"\" \/><\/a>\n\t\t\t<\/div><\/figure><figure class='gallery-item'>\n\t\t\t<div class='gallery-icon landscape'>\n\t\t\t\t<a href='https:\/\/www.drivelife.it\/pics\/2014\/02\/27\/volvo-estate-concept\/volvo-estate-concept_63\/'><img loading=\"lazy\" decoding=\"async\" width=\"150\" height=\"100\" src=\"https:\/\/www.drivelife.it\/pics\/wp-content\/uploads\/2014\/02\/VOLVO-ESTATE-CONCEPT_63-600x400.jpg\" class=\"attachment-thumbnail size-thumbnail\" alt=\"\" \/><\/a>\n\t\t\t<\/div><\/figure><figure class='gallery-item'>\n\t\t\t<div class='gallery-icon landscape'>\n\t\t\t\t<a href='https:\/\/www.drivelife.it\/pics\/2014\/02\/27\/volvo-estate-concept\/volvo-estate-concept_64\/'><img loading=\"lazy\" decoding=\"async\" width=\"150\" height=\"100\" src=\"https:\/\/www.drivelife.it\/pics\/wp-content\/uploads\/2014\/02\/VOLVO-ESTATE-CONCEPT_64-600x400.jpg\" class=\"attachment-thumbnail size-thumbnail\" alt=\"\" \/><\/a>\n\t\t\t<\/div><\/figure><figure class='gallery-item'>\n\t\t\t<div class='gallery-icon landscape'>\n\t\t\t\t<a href='https:\/\/www.drivelife.it\/pics\/2014\/02\/27\/volvo-estate-concept\/volvo-estate-concept_65\/'><img loading=\"lazy\" decoding=\"async\" width=\"150\" height=\"100\" src=\"https:\/\/www.drivelife.it\/pics\/wp-content\/uploads\/2014\/02\/VOLVO-ESTATE-CONCEPT_65-600x400.jpg\" class=\"attachment-thumbnail size-thumbnail\" alt=\"\" \/><\/a>\n\t\t\t<\/div><\/figure><figure class='gallery-item'>\n\t\t\t<div class='gallery-icon landscape'>\n\t\t\t\t<a href='https:\/\/www.drivelife.it\/pics\/2014\/02\/27\/volvo-estate-concept\/volvo-estate-concept_66\/'><img loading=\"lazy\" decoding=\"async\" width=\"150\" height=\"100\" src=\"https:\/\/www.drivelife.it\/pics\/wp-content\/uploads\/2014\/02\/VOLVO-ESTATE-CONCEPT_66-600x400.jpg\" class=\"attachment-thumbnail size-thumbnail\" alt=\"\" srcset=\"https:\/\/www.drivelife.it\/pics\/wp-content\/uploads\/2014\/02\/VOLVO-ESTATE-CONCEPT_66-600x400.jpg 600w, https:\/\/www.drivelife.it\/pics\/wp-content\/uploads\/2014\/02\/VOLVO-ESTATE-CONCEPT_66-900x606.jpg 900w, https:\/\/www.drivelife.it\/pics\/wp-content\/uploads\/2014\/02\/VOLVO-ESTATE-CONCEPT_66-1280x863.jpg 1280w\" sizes=\"auto, (max-width: 150px) 100vw, 150px\" \/><\/a>\n\t\t\t<\/div><\/figure><figure class='gallery-item'>\n\t\t\t<div class='gallery-icon landscape'>\n\t\t\t\t<a href='https:\/\/www.drivelife.it\/pics\/2014\/02\/27\/volvo-estate-concept\/volvo-estate-concept_67\/'><img loading=\"lazy\" decoding=\"async\" width=\"150\" height=\"100\" src=\"https:\/\/www.drivelife.it\/pics\/wp-content\/uploads\/2014\/02\/VOLVO-ESTATE-CONCEPT_67-600x400.jpg\" class=\"attachment-thumbnail size-thumbnail\" alt=\"\" srcset=\"https:\/\/www.drivelife.it\/pics\/wp-content\/uploads\/2014\/02\/VOLVO-ESTATE-CONCEPT_67-600x400.jpg 600w, https:\/\/www.drivelife.it\/pics\/wp-content\/uploads\/2014\/02\/VOLVO-ESTATE-CONCEPT_67-900x599.jpg 900w, https:\/\/www.drivelife.it\/pics\/wp-content\/uploads\/2014\/02\/VOLVO-ESTATE-CONCEPT_67-1280x852.jpg 1280w\" sizes=\"auto, (max-width: 150px) 100vw, 150px\" \/><\/a>\n\t\t\t<\/div><\/figure><figure class='gallery-item'>\n\t\t\t<div class='gallery-icon landscape'>\n\t\t\t\t<a href='https:\/\/www.drivelife.it\/pics\/2014\/02\/27\/volvo-estate-concept\/volvo-estate-concept_68\/'><img loading=\"lazy\" decoding=\"async\" width=\"150\" height=\"100\" src=\"https:\/\/www.drivelife.it\/pics\/wp-content\/uploads\/2014\/02\/VOLVO-ESTATE-CONCEPT_68-600x400.jpg\" class=\"attachment-thumbnail size-thumbnail\" alt=\"\" srcset=\"https:\/\/www.drivelife.it\/pics\/wp-content\/uploads\/2014\/02\/VOLVO-ESTATE-CONCEPT_68-600x400.jpg 600w, https:\/\/www.drivelife.it\/pics\/wp-content\/uploads\/2014\/02\/VOLVO-ESTATE-CONCEPT_68-900x599.jpg 900w, https:\/\/www.drivelife.it\/pics\/wp-content\/uploads\/2014\/02\/VOLVO-ESTATE-CONCEPT_68-1280x852.jpg 1280w\" sizes=\"auto, (max-width: 150px) 100vw, 150px\" \/><\/a>\n\t\t\t<\/div><\/figure><figure class='gallery-item'>\n\t\t\t<div class='gallery-icon portrait'>\n\t\t\t\t<a href='https:\/\/www.drivelife.it\/pics\/2014\/02\/27\/volvo-estate-concept\/volvo-estate-concept_69\/'><img loading=\"lazy\" decoding=\"async\" width=\"150\" height=\"100\" src=\"https:\/\/www.drivelife.it\/pics\/wp-content\/uploads\/2014\/02\/VOLVO-ESTATE-CONCEPT_69-600x400.jpg\" class=\"attachment-thumbnail size-thumbnail\" alt=\"\" \/><\/a>\n\t\t\t<\/div><\/figure><figure class='gallery-item'>\n\t\t\t<div class='gallery-icon portrait'>\n\t\t\t\t<a href='https:\/\/www.drivelife.it\/pics\/2014\/02\/27\/volvo-estate-concept\/volvo-estate-concept_70\/'><img loading=\"lazy\" decoding=\"async\" width=\"150\" height=\"100\" src=\"https:\/\/www.drivelife.it\/pics\/wp-content\/uploads\/2014\/02\/VOLVO-ESTATE-CONCEPT_70-600x400.jpg\" class=\"attachment-thumbnail size-thumbnail\" alt=\"\" \/><\/a>\n\t\t\t<\/div><\/figure><figure class='gallery-item'>\n\t\t\t<div class='gallery-icon portrait'>\n\t\t\t\t<a href='https:\/\/www.drivelife.it\/pics\/2014\/02\/27\/volvo-estate-concept\/volvo-estate-concept_71\/'><img loading=\"lazy\" decoding=\"async\" width=\"150\" height=\"100\" src=\"https:\/\/www.drivelife.it\/pics\/wp-content\/uploads\/2014\/02\/VOLVO-ESTATE-CONCEPT_71-600x400.jpg\" class=\"attachment-thumbnail size-thumbnail\" alt=\"\" \/><\/a>\n\t\t\t<\/div><\/figure><figure class='gallery-item'>\n\t\t\t<div class='gallery-icon landscape'>\n\t\t\t\t<a href='https:\/\/www.drivelife.it\/pics\/2014\/02\/27\/volvo-estate-concept\/volvo-estate-concept_72\/'><img loading=\"lazy\" decoding=\"async\" width=\"150\" height=\"100\" src=\"https:\/\/www.drivelife.it\/pics\/wp-content\/uploads\/2014\/02\/VOLVO-ESTATE-CONCEPT_72-600x400.jpg\" class=\"attachment-thumbnail size-thumbnail\" alt=\"\" \/><\/a>\n\t\t\t<\/div><\/figure>\n\t\t<\/div>\n\n","protected":false},"excerpt":{"rendered":"LA TERZA DI THOMAS Difficile restare impassibili guardando le foto diffuse oggi da Volvo della Estate Concept che sar\u00e0 presentata [&hellip;]","protected":false},"author":1,"featured_media":2821,"comment_status":"closed","ping_status":"closed","sticky":false,"template":"","format":"standard","meta":{"_monsterinsights_skip_tracking":false,"_monsterinsights_sitenote_active":false,"_monsterinsights_sitenote_note":"","_monsterinsights_sitenote_category":0,"ngg_post_thumbnail":0,"footnotes":""},"categories":[10,11,1,18],"tags":[],"class_list":["post-2820","post","type-post","status-publish","format-standard","has-post-thumbnail","hentry","category-automotive","category-gallery-automotive","category-portfolio","category-volvo","clearfix"],"_links":{"self":[{"href":"https:\/\/www.drivelife.it\/pics\/wp-json\/wp\/v2\/posts\/2820","targetHints":{"allow":["GET"]}}],"collection":[{"href":"https:\/\/www.drivelife.it\/pics\/wp-json\/wp\/v2\/posts"}],"about":[{"href":"https:\/\/www.drivelife.it\/pics\/wp-json\/wp\/v2\/types\/post"}],"author":[{"embeddable":true,"href":"https:\/\/www.drivelife.it\/pics\/wp-json\/wp\/v2\/users\/1"}],"replies":[{"embeddable":true,"href":"https:\/\/www.drivelife.it\/pics\/wp-json\/wp\/v2\/comments?post=2820"}],"version-history":[{"count":6,"href":"https:\/\/www.drivelife.it\/pics\/wp-json\/wp\/v2\/posts\/2820\/revisions"}],"predecessor-version":[{"id":2898,"href":"https:\/\/www.drivelife.it\/pics\/wp-json\/wp\/v2\/posts\/2820\/revisions\/2898"}],"wp:featuredmedia":[{"embeddable":true,"href":"https:\/\/www.drivelife.it\/pics\/wp-json\/wp\/v2\/media\/2821"}],"wp:attachment":[{"href":"https:\/\/www.drivelife.it\/pics\/wp-json\/wp\/v2\/media?parent=2820"}],"wp:term":[{"taxonomy":"category","embeddable":true,"href":"https:\/\/www.drivelife.it\/pics\/wp-json\/wp\/v2\/categories?post=2820"},{"taxonomy":"post_tag","embeddable":true,"href":"https:\/\/www.drivelife.it\/pics\/wp-json\/wp\/v2\/tags?post=2820"}],"curies":[{"name":"wp","href":"https:\/\/api.w.org\/{rel}","templated":true}]}}