{"id":1345,"date":"2012-11-17T16:56:46","date_gmt":"2012-11-17T16:56:46","guid":{"rendered":"http:\/\/www.drivelife.it\/pics\/?p=1345"},"modified":"2012-12-02T12:12:58","modified_gmt":"2012-12-02T12:12:58","slug":"opel-adam-photo-book","status":"publish","type":"post","link":"https:\/\/www.drivelife.it\/pics\/2012\/11\/17\/opel-adam-photo-book\/","title":{"rendered":"OPEL ADAM &#8211; PHOTO BOOK"},"content":{"rendered":"<h1>ADAM VUOLE SEDURRE TE<\/h1>\n<div id='gallery-1' class='gallery galleryid-1345 gallery-columns-9 gallery-size-thumbnail'><figure class='gallery-item'>\n\t\t\t<div class='gallery-icon landscape'>\n\t\t\t\t<a href='https:\/\/www.drivelife.it\/pics\/wp-content\/uploads\/2012\/11\/Opel-Adam-testdrive-Lisbona_drivelife_31.jpg'><img loading=\"lazy\" decoding=\"async\" width=\"150\" height=\"150\" src=\"https:\/\/www.drivelife.it\/pics\/wp-content\/uploads\/2012\/11\/Opel-Adam-testdrive-Lisbona_drivelife_31-150x150.jpg\" class=\"attachment-thumbnail size-thumbnail\" alt=\"\" \/><\/a>\n\t\t\t<\/div><\/figure><figure class='gallery-item'>\n\t\t\t<div class='gallery-icon landscape'>\n\t\t\t\t<a href='https:\/\/www.drivelife.it\/pics\/wp-content\/uploads\/2012\/11\/Opel-Adam-testdrive-Lisbona_drivelife_69.jpg'><img loading=\"lazy\" decoding=\"async\" width=\"150\" height=\"150\" src=\"https:\/\/www.drivelife.it\/pics\/wp-content\/uploads\/2012\/11\/Opel-Adam-testdrive-Lisbona_drivelife_69-150x150.jpg\" class=\"attachment-thumbnail size-thumbnail\" alt=\"\" \/><\/a>\n\t\t\t<\/div><\/figure><figure class='gallery-item'>\n\t\t\t<div class='gallery-icon landscape'>\n\t\t\t\t<a href='https:\/\/www.drivelife.it\/pics\/wp-content\/uploads\/2012\/11\/Opel-Adam-testdrive-Lisbona_drivelife_54.jpg'><img loading=\"lazy\" decoding=\"async\" width=\"150\" height=\"150\" src=\"https:\/\/www.drivelife.it\/pics\/wp-content\/uploads\/2012\/11\/Opel-Adam-testdrive-Lisbona_drivelife_54-150x150.jpg\" class=\"attachment-thumbnail size-thumbnail\" alt=\"\" \/><\/a>\n\t\t\t<\/div><\/figure><figure class='gallery-item'>\n\t\t\t<div class='gallery-icon landscape'>\n\t\t\t\t<a href='https:\/\/www.drivelife.it\/pics\/wp-content\/uploads\/2012\/11\/Opel-Adam-testdrive-Lisbona_drivelife_65.jpg'><img loading=\"lazy\" decoding=\"async\" width=\"150\" height=\"150\" src=\"https:\/\/www.drivelife.it\/pics\/wp-content\/uploads\/2012\/11\/Opel-Adam-testdrive-Lisbona_drivelife_65-150x150.jpg\" class=\"attachment-thumbnail size-thumbnail\" alt=\"\" \/><\/a>\n\t\t\t<\/div><\/figure><figure class='gallery-item'>\n\t\t\t<div class='gallery-icon landscape'>\n\t\t\t\t<a href='https:\/\/www.drivelife.it\/pics\/wp-content\/uploads\/2012\/11\/Opel-Adam-testdrive-Lisbona_drivelife_39.jpg'><img loading=\"lazy\" decoding=\"async\" width=\"150\" height=\"150\" src=\"https:\/\/www.drivelife.it\/pics\/wp-content\/uploads\/2012\/11\/Opel-Adam-testdrive-Lisbona_drivelife_39-150x150.jpg\" class=\"attachment-thumbnail size-thumbnail\" alt=\"\" \/><\/a>\n\t\t\t<\/div><\/figure><figure class='gallery-item'>\n\t\t\t<div class='gallery-icon landscape'>\n\t\t\t\t<a href='https:\/\/www.drivelife.it\/pics\/wp-content\/uploads\/2012\/11\/Opel-Adam-testdrive-Lisbona_drivelife_26.jpg'><img loading=\"lazy\" decoding=\"async\" width=\"150\" height=\"150\" src=\"https:\/\/www.drivelife.it\/pics\/wp-content\/uploads\/2012\/11\/Opel-Adam-testdrive-Lisbona_drivelife_26-150x150.jpg\" class=\"attachment-thumbnail size-thumbnail\" alt=\"\" \/><\/a>\n\t\t\t<\/div><\/figure><figure class='gallery-item'>\n\t\t\t<div class='gallery-icon landscape'>\n\t\t\t\t<a href='https:\/\/www.drivelife.it\/pics\/wp-content\/uploads\/2012\/11\/Opel-Adam-testdrive-Lisbona_drivelife_48.jpg'><img loading=\"lazy\" decoding=\"async\" width=\"150\" height=\"150\" src=\"https:\/\/www.drivelife.it\/pics\/wp-content\/uploads\/2012\/11\/Opel-Adam-testdrive-Lisbona_drivelife_48-150x150.jpg\" class=\"attachment-thumbnail size-thumbnail\" alt=\"\" \/><\/a>\n\t\t\t<\/div><\/figure><figure class='gallery-item'>\n\t\t\t<div class='gallery-icon landscape'>\n\t\t\t\t<a href='https:\/\/www.drivelife.it\/pics\/wp-content\/uploads\/2012\/11\/Opel-Adam-testdrive-Lisbona_drivelife_14.jpg'><img loading=\"lazy\" decoding=\"async\" width=\"150\" height=\"150\" src=\"https:\/\/www.drivelife.it\/pics\/wp-content\/uploads\/2012\/11\/Opel-Adam-testdrive-Lisbona_drivelife_14-150x150.jpg\" class=\"attachment-thumbnail size-thumbnail\" alt=\"\" \/><\/a>\n\t\t\t<\/div><\/figure><figure class='gallery-item'>\n\t\t\t<div class='gallery-icon portrait'>\n\t\t\t\t<a href='https:\/\/www.drivelife.it\/pics\/wp-content\/uploads\/2012\/11\/Opel-Adam-testdrive-Lisbona_drivelife_87.jpg'><img loading=\"lazy\" decoding=\"async\" width=\"150\" height=\"150\" src=\"https:\/\/www.drivelife.it\/pics\/wp-content\/uploads\/2012\/11\/Opel-Adam-testdrive-Lisbona_drivelife_87-150x150.jpg\" class=\"attachment-thumbnail size-thumbnail\" alt=\"\" \/><\/a>\n\t\t\t<\/div><\/figure><figure class='gallery-item'>\n\t\t\t<div class='gallery-icon landscape'>\n\t\t\t\t<a href='https:\/\/www.drivelife.it\/pics\/wp-content\/uploads\/2012\/11\/Opel-Adam-testdrive-Lisbona_drivelife_74.jpg'><img loading=\"lazy\" decoding=\"async\" width=\"150\" height=\"150\" src=\"https:\/\/www.drivelife.it\/pics\/wp-content\/uploads\/2012\/11\/Opel-Adam-testdrive-Lisbona_drivelife_74-150x150.jpg\" class=\"attachment-thumbnail size-thumbnail\" alt=\"\" \/><\/a>\n\t\t\t<\/div><\/figure><figure class='gallery-item'>\n\t\t\t<div class='gallery-icon landscape'>\n\t\t\t\t<a href='https:\/\/www.drivelife.it\/pics\/wp-content\/uploads\/2012\/11\/Opel-Adam-testdrive-Lisbona_drivelife_66.jpg'><img loading=\"lazy\" decoding=\"async\" width=\"150\" height=\"150\" src=\"https:\/\/www.drivelife.it\/pics\/wp-content\/uploads\/2012\/11\/Opel-Adam-testdrive-Lisbona_drivelife_66-150x150.jpg\" class=\"attachment-thumbnail size-thumbnail\" alt=\"\" \/><\/a>\n\t\t\t<\/div><\/figure><figure class='gallery-item'>\n\t\t\t<div class='gallery-icon landscape'>\n\t\t\t\t<a href='https:\/\/www.drivelife.it\/pics\/wp-content\/uploads\/2012\/11\/Opel-Adam-testdrive-Lisbona_drivelife_3.jpg'><img loading=\"lazy\" decoding=\"async\" width=\"150\" height=\"150\" src=\"https:\/\/www.drivelife.it\/pics\/wp-content\/uploads\/2012\/11\/Opel-Adam-testdrive-Lisbona_drivelife_3-150x150.jpg\" class=\"attachment-thumbnail size-thumbnail\" alt=\"\" \/><\/a>\n\t\t\t<\/div><\/figure><figure class='gallery-item'>\n\t\t\t<div class='gallery-icon portrait'>\n\t\t\t\t<a href='https:\/\/www.drivelife.it\/pics\/wp-content\/uploads\/2012\/11\/Opel-Adam-testdrive-Lisbona_drivelife_32.jpg'><img loading=\"lazy\" decoding=\"async\" width=\"150\" height=\"150\" src=\"https:\/\/www.drivelife.it\/pics\/wp-content\/uploads\/2012\/11\/Opel-Adam-testdrive-Lisbona_drivelife_32-150x150.jpg\" class=\"attachment-thumbnail size-thumbnail\" alt=\"\" srcset=\"https:\/\/www.drivelife.it\/pics\/wp-content\/uploads\/2012\/11\/Opel-Adam-testdrive-Lisbona_drivelife_32-150x150.jpg 150w, https:\/\/www.drivelife.it\/pics\/wp-content\/uploads\/2012\/11\/Opel-Adam-testdrive-Lisbona_drivelife_32-620x626.jpg 620w, https:\/\/www.drivelife.it\/pics\/wp-content\/uploads\/2012\/11\/Opel-Adam-testdrive-Lisbona_drivelife_32-49x50.jpg 49w\" sizes=\"auto, (max-width: 150px) 100vw, 150px\" \/><\/a>\n\t\t\t<\/div><\/figure><figure class='gallery-item'>\n\t\t\t<div class='gallery-icon landscape'>\n\t\t\t\t<a href='https:\/\/www.drivelife.it\/pics\/wp-content\/uploads\/2012\/11\/Opel-Adam-testdrive-Lisbona_drivelife_75.jpg'><img loading=\"lazy\" decoding=\"async\" width=\"150\" height=\"150\" src=\"https:\/\/www.drivelife.it\/pics\/wp-content\/uploads\/2012\/11\/Opel-Adam-testdrive-Lisbona_drivelife_75-150x150.jpg\" class=\"attachment-thumbnail size-thumbnail\" alt=\"\" \/><\/a>\n\t\t\t<\/div><\/figure><figure class='gallery-item'>\n\t\t\t<div class='gallery-icon landscape'>\n\t\t\t\t<a href='https:\/\/www.drivelife.it\/pics\/wp-content\/uploads\/2012\/11\/Opel-Adam-testdrive-Lisbona_drivelife_85.jpg'><img loading=\"lazy\" decoding=\"async\" width=\"150\" height=\"150\" src=\"https:\/\/www.drivelife.it\/pics\/wp-content\/uploads\/2012\/11\/Opel-Adam-testdrive-Lisbona_drivelife_85-150x150.jpg\" class=\"attachment-thumbnail size-thumbnail\" alt=\"\" \/><\/a>\n\t\t\t<\/div><\/figure><figure class='gallery-item'>\n\t\t\t<div class='gallery-icon landscape'>\n\t\t\t\t<a href='https:\/\/www.drivelife.it\/pics\/wp-content\/uploads\/2012\/11\/Opel-Adam-testdrive-Lisbona_drivelife_77.jpg'><img loading=\"lazy\" decoding=\"async\" width=\"150\" height=\"150\" src=\"https:\/\/www.drivelife.it\/pics\/wp-content\/uploads\/2012\/11\/Opel-Adam-testdrive-Lisbona_drivelife_77-150x150.jpg\" class=\"attachment-thumbnail size-thumbnail\" alt=\"\" \/><\/a>\n\t\t\t<\/div><\/figure><figure class='gallery-item'>\n\t\t\t<div class='gallery-icon landscape'>\n\t\t\t\t<a href='https:\/\/www.drivelife.it\/pics\/wp-content\/uploads\/2012\/11\/Opel-Adam-testdrive-Lisbona_drivelife_10.jpg'><img loading=\"lazy\" decoding=\"async\" width=\"150\" height=\"150\" src=\"https:\/\/www.drivelife.it\/pics\/wp-content\/uploads\/2012\/11\/Opel-Adam-testdrive-Lisbona_drivelife_10-150x150.jpg\" class=\"attachment-thumbnail size-thumbnail\" alt=\"\" \/><\/a>\n\t\t\t<\/div><\/figure><figure class='gallery-item'>\n\t\t\t<div class='gallery-icon portrait'>\n\t\t\t\t<a href='https:\/\/www.drivelife.it\/pics\/wp-content\/uploads\/2012\/11\/Opel-Adam-testdrive-Lisbona_drivelife_82.jpg'><img loading=\"lazy\" decoding=\"async\" width=\"150\" height=\"150\" src=\"https:\/\/www.drivelife.it\/pics\/wp-content\/uploads\/2012\/11\/Opel-Adam-testdrive-Lisbona_drivelife_82-150x150.jpg\" class=\"attachment-thumbnail size-thumbnail\" alt=\"\" \/><\/a>\n\t\t\t<\/div><\/figure><figure class='gallery-item'>\n\t\t\t<div class='gallery-icon portrait'>\n\t\t\t\t<a href='https:\/\/www.drivelife.it\/pics\/wp-content\/uploads\/2012\/11\/Opel-Adam-testdrive-Lisbona_drivelife_59.jpg'><img loading=\"lazy\" decoding=\"async\" width=\"150\" height=\"150\" src=\"https:\/\/www.drivelife.it\/pics\/wp-content\/uploads\/2012\/11\/Opel-Adam-testdrive-Lisbona_drivelife_59-150x150.jpg\" class=\"attachment-thumbnail size-thumbnail\" alt=\"\" \/><\/a>\n\t\t\t<\/div><\/figure><figure class='gallery-item'>\n\t\t\t<div class='gallery-icon landscape'>\n\t\t\t\t<a href='https:\/\/www.drivelife.it\/pics\/wp-content\/uploads\/2012\/11\/Opel-Adam-testdrive-Lisbona_drivelife_25.jpg'><img loading=\"lazy\" decoding=\"async\" width=\"150\" height=\"150\" src=\"https:\/\/www.drivelife.it\/pics\/wp-content\/uploads\/2012\/11\/Opel-Adam-testdrive-Lisbona_drivelife_25-150x150.jpg\" class=\"attachment-thumbnail size-thumbnail\" alt=\"\" \/><\/a>\n\t\t\t<\/div><\/figure><figure class='gallery-item'>\n\t\t\t<div class='gallery-icon landscape'>\n\t\t\t\t<a href='https:\/\/www.drivelife.it\/pics\/wp-content\/uploads\/2012\/11\/Opel-Adam-testdrive-Lisbona_drivelife_2.jpg'><img loading=\"lazy\" decoding=\"async\" width=\"150\" height=\"150\" src=\"https:\/\/www.drivelife.it\/pics\/wp-content\/uploads\/2012\/11\/Opel-Adam-testdrive-Lisbona_drivelife_2-150x150.jpg\" class=\"attachment-thumbnail size-thumbnail\" alt=\"\" \/><\/a>\n\t\t\t<\/div><\/figure><figure class='gallery-item'>\n\t\t\t<div class='gallery-icon portrait'>\n\t\t\t\t<a href='https:\/\/www.drivelife.it\/pics\/wp-content\/uploads\/2012\/11\/Opel-Adam-testdrive-Lisbona_drivelife_60.jpg'><img loading=\"lazy\" decoding=\"async\" width=\"150\" height=\"150\" src=\"https:\/\/www.drivelife.it\/pics\/wp-content\/uploads\/2012\/11\/Opel-Adam-testdrive-Lisbona_drivelife_60-150x150.jpg\" class=\"attachment-thumbnail size-thumbnail\" alt=\"\" \/><\/a>\n\t\t\t<\/div><\/figure><figure class='gallery-item'>\n\t\t\t<div class='gallery-icon landscape'>\n\t\t\t\t<a href='https:\/\/www.drivelife.it\/pics\/wp-content\/uploads\/2012\/11\/Opel-Adam-testdrive-Lisbona_drivelife_36.jpg'><img loading=\"lazy\" decoding=\"async\" width=\"150\" height=\"150\" src=\"https:\/\/www.drivelife.it\/pics\/wp-content\/uploads\/2012\/11\/Opel-Adam-testdrive-Lisbona_drivelife_36-150x150.jpg\" class=\"attachment-thumbnail size-thumbnail\" alt=\"\" \/><\/a>\n\t\t\t<\/div><\/figure><figure class='gallery-item'>\n\t\t\t<div class='gallery-icon landscape'>\n\t\t\t\t<a href='https:\/\/www.drivelife.it\/pics\/wp-content\/uploads\/2012\/11\/Opel-Adam-testdrive-Lisbona_drivelife_6.jpg'><img loading=\"lazy\" decoding=\"async\" width=\"150\" height=\"150\" src=\"https:\/\/www.drivelife.it\/pics\/wp-content\/uploads\/2012\/11\/Opel-Adam-testdrive-Lisbona_drivelife_6-150x150.jpg\" class=\"attachment-thumbnail size-thumbnail\" alt=\"\" \/><\/a>\n\t\t\t<\/div><\/figure><figure class='gallery-item'>\n\t\t\t<div class='gallery-icon landscape'>\n\t\t\t\t<a href='https:\/\/www.drivelife.it\/pics\/wp-content\/uploads\/2012\/11\/Opel-Adam-testdrive-Lisbona_drivelife_78.jpg'><img loading=\"lazy\" decoding=\"async\" width=\"150\" height=\"150\" src=\"https:\/\/www.drivelife.it\/pics\/wp-content\/uploads\/2012\/11\/Opel-Adam-testdrive-Lisbona_drivelife_78-150x150.jpg\" class=\"attachment-thumbnail size-thumbnail\" alt=\"\" \/><\/a>\n\t\t\t<\/div><\/figure><figure class='gallery-item'>\n\t\t\t<div class='gallery-icon landscape'>\n\t\t\t\t<a href='https:\/\/www.drivelife.it\/pics\/wp-content\/uploads\/2012\/11\/Opel-Adam-testdrive-Lisbona_drivelife_50.jpg'><img loading=\"lazy\" decoding=\"async\" width=\"150\" height=\"150\" src=\"https:\/\/www.drivelife.it\/pics\/wp-content\/uploads\/2012\/11\/Opel-Adam-testdrive-Lisbona_drivelife_50-150x150.jpg\" class=\"attachment-thumbnail size-thumbnail\" alt=\"\" \/><\/a>\n\t\t\t<\/div><\/figure><figure class='gallery-item'>\n\t\t\t<div class='gallery-icon landscape'>\n\t\t\t\t<a href='https:\/\/www.drivelife.it\/pics\/wp-content\/uploads\/2012\/11\/Opel-Adam-testdrive-Lisbona_drivelife_11.jpg'><img loading=\"lazy\" decoding=\"async\" width=\"150\" height=\"150\" src=\"https:\/\/www.drivelife.it\/pics\/wp-content\/uploads\/2012\/11\/Opel-Adam-testdrive-Lisbona_drivelife_11-150x150.jpg\" class=\"attachment-thumbnail size-thumbnail\" alt=\"\" \/><\/a>\n\t\t\t<\/div><\/figure><figure class='gallery-item'>\n\t\t\t<div class='gallery-icon landscape'>\n\t\t\t\t<a href='https:\/\/www.drivelife.it\/pics\/wp-content\/uploads\/2012\/11\/Opel-Adam-testdrive-Lisbona_drivelife_38.jpg'><img loading=\"lazy\" decoding=\"async\" width=\"150\" height=\"150\" src=\"https:\/\/www.drivelife.it\/pics\/wp-content\/uploads\/2012\/11\/Opel-Adam-testdrive-Lisbona_drivelife_38-150x150.jpg\" class=\"attachment-thumbnail size-thumbnail\" alt=\"\" \/><\/a>\n\t\t\t<\/div><\/figure><figure class='gallery-item'>\n\t\t\t<div class='gallery-icon landscape'>\n\t\t\t\t<a href='https:\/\/www.drivelife.it\/pics\/wp-content\/uploads\/2012\/11\/Opel-Adam-testdrive-Lisbona_drivelife_22.jpg'><img loading=\"lazy\" decoding=\"async\" width=\"150\" height=\"150\" src=\"https:\/\/www.drivelife.it\/pics\/wp-content\/uploads\/2012\/11\/Opel-Adam-testdrive-Lisbona_drivelife_22-150x150.jpg\" class=\"attachment-thumbnail size-thumbnail\" alt=\"\" \/><\/a>\n\t\t\t<\/div><\/figure><figure class='gallery-item'>\n\t\t\t<div class='gallery-icon landscape'>\n\t\t\t\t<a href='https:\/\/www.drivelife.it\/pics\/wp-content\/uploads\/2012\/11\/Opel-Adam-testdrive-Lisbona_drivelife_64.jpg'><img loading=\"lazy\" decoding=\"async\" width=\"150\" height=\"150\" src=\"https:\/\/www.drivelife.it\/pics\/wp-content\/uploads\/2012\/11\/Opel-Adam-testdrive-Lisbona_drivelife_64-150x150.jpg\" class=\"attachment-thumbnail size-thumbnail\" alt=\"\" \/><\/a>\n\t\t\t<\/div><\/figure><figure class='gallery-item'>\n\t\t\t<div class='gallery-icon landscape'>\n\t\t\t\t<a href='https:\/\/www.drivelife.it\/pics\/wp-content\/uploads\/2012\/11\/Opel-Adam-testdrive-Lisbona_drivelife_70.jpg'><img loading=\"lazy\" decoding=\"async\" width=\"150\" height=\"150\" src=\"https:\/\/www.drivelife.it\/pics\/wp-content\/uploads\/2012\/11\/Opel-Adam-testdrive-Lisbona_drivelife_70-150x150.jpg\" class=\"attachment-thumbnail size-thumbnail\" alt=\"\" \/><\/a>\n\t\t\t<\/div><\/figure><figure class='gallery-item'>\n\t\t\t<div class='gallery-icon landscape'>\n\t\t\t\t<a href='https:\/\/www.drivelife.it\/pics\/wp-content\/uploads\/2012\/11\/Opel-Adam-testdrive-Lisbona_drivelife_62.jpg'><img loading=\"lazy\" decoding=\"async\" width=\"150\" height=\"150\" src=\"https:\/\/www.drivelife.it\/pics\/wp-content\/uploads\/2012\/11\/Opel-Adam-testdrive-Lisbona_drivelife_62-150x150.jpg\" class=\"attachment-thumbnail size-thumbnail\" alt=\"\" \/><\/a>\n\t\t\t<\/div><\/figure><figure class='gallery-item'>\n\t\t\t<div class='gallery-icon landscape'>\n\t\t\t\t<a href='https:\/\/www.drivelife.it\/pics\/wp-content\/uploads\/2012\/11\/Opel-Adam-testdrive-Lisbona_drivelife_24.jpg'><img loading=\"lazy\" decoding=\"async\" width=\"150\" height=\"150\" src=\"https:\/\/www.drivelife.it\/pics\/wp-content\/uploads\/2012\/11\/Opel-Adam-testdrive-Lisbona_drivelife_24-150x150.jpg\" class=\"attachment-thumbnail size-thumbnail\" alt=\"\" \/><\/a>\n\t\t\t<\/div><\/figure><figure class='gallery-item'>\n\t\t\t<div class='gallery-icon landscape'>\n\t\t\t\t<a href='https:\/\/www.drivelife.it\/pics\/wp-content\/uploads\/2012\/11\/Opel-Adam-testdrive-Lisbona_drivelife_40.jpg'><img loading=\"lazy\" decoding=\"async\" width=\"150\" height=\"150\" src=\"https:\/\/www.drivelife.it\/pics\/wp-content\/uploads\/2012\/11\/Opel-Adam-testdrive-Lisbona_drivelife_40-150x150.jpg\" class=\"attachment-thumbnail size-thumbnail\" alt=\"\" \/><\/a>\n\t\t\t<\/div><\/figure><figure class='gallery-item'>\n\t\t\t<div class='gallery-icon portrait'>\n\t\t\t\t<a href='https:\/\/www.drivelife.it\/pics\/wp-content\/uploads\/2012\/11\/Opel-Adam-testdrive-Lisbona_drivelife_17.jpg'><img loading=\"lazy\" decoding=\"async\" width=\"150\" height=\"150\" src=\"https:\/\/www.drivelife.it\/pics\/wp-content\/uploads\/2012\/11\/Opel-Adam-testdrive-Lisbona_drivelife_17-150x150.jpg\" class=\"attachment-thumbnail size-thumbnail\" alt=\"\" \/><\/a>\n\t\t\t<\/div><\/figure><figure class='gallery-item'>\n\t\t\t<div class='gallery-icon landscape'>\n\t\t\t\t<a href='https:\/\/www.drivelife.it\/pics\/wp-content\/uploads\/2012\/11\/Opel-Adam-testdrive-Lisbona_drivelife_46.jpg'><img loading=\"lazy\" decoding=\"async\" width=\"150\" height=\"150\" src=\"https:\/\/www.drivelife.it\/pics\/wp-content\/uploads\/2012\/11\/Opel-Adam-testdrive-Lisbona_drivelife_46-150x150.jpg\" class=\"attachment-thumbnail size-thumbnail\" alt=\"\" \/><\/a>\n\t\t\t<\/div><\/figure><figure class='gallery-item'>\n\t\t\t<div class='gallery-icon landscape'>\n\t\t\t\t<a href='https:\/\/www.drivelife.it\/pics\/wp-content\/uploads\/2012\/11\/Opel-Adam-testdrive-Lisbona_drivelife_8.jpg'><img loading=\"lazy\" decoding=\"async\" width=\"150\" height=\"150\" src=\"https:\/\/www.drivelife.it\/pics\/wp-content\/uploads\/2012\/11\/Opel-Adam-testdrive-Lisbona_drivelife_8-150x150.jpg\" class=\"attachment-thumbnail size-thumbnail\" alt=\"\" \/><\/a>\n\t\t\t<\/div><\/figure><figure class='gallery-item'>\n\t\t\t<div class='gallery-icon landscape'>\n\t\t\t\t<a href='https:\/\/www.drivelife.it\/pics\/wp-content\/uploads\/2012\/11\/Opel-Adam-testdrive-Lisbona_drivelife_80.jpg'><img loading=\"lazy\" decoding=\"async\" width=\"150\" height=\"150\" src=\"https:\/\/www.drivelife.it\/pics\/wp-content\/uploads\/2012\/11\/Opel-Adam-testdrive-Lisbona_drivelife_80-150x150.jpg\" class=\"attachment-thumbnail size-thumbnail\" alt=\"\" \/><\/a>\n\t\t\t<\/div><\/figure><figure class='gallery-item'>\n\t\t\t<div class='gallery-icon portrait'>\n\t\t\t\t<a href='https:\/\/www.drivelife.it\/pics\/wp-content\/uploads\/2012\/11\/Opel-Adam-testdrive-Lisbona_drivelife_7.jpg'><img loading=\"lazy\" decoding=\"async\" width=\"150\" height=\"150\" src=\"https:\/\/www.drivelife.it\/pics\/wp-content\/uploads\/2012\/11\/Opel-Adam-testdrive-Lisbona_drivelife_7-150x150.jpg\" class=\"attachment-thumbnail size-thumbnail\" alt=\"\" \/><\/a>\n\t\t\t<\/div><\/figure><figure class='gallery-item'>\n\t\t\t<div class='gallery-icon landscape'>\n\t\t\t\t<a href='https:\/\/www.drivelife.it\/pics\/wp-content\/uploads\/2012\/11\/Opel-Adam-testdrive-Lisbona_drivelife_5.jpg'><img loading=\"lazy\" decoding=\"async\" width=\"150\" height=\"150\" src=\"https:\/\/www.drivelife.it\/pics\/wp-content\/uploads\/2012\/11\/Opel-Adam-testdrive-Lisbona_drivelife_5-150x150.jpg\" class=\"attachment-thumbnail size-thumbnail\" alt=\"Opel Adam test drive Lisboa @ drivelife.it magazine on line\" aria-describedby=\"gallery-1-1346\" \/><\/a>\n\t\t\t<\/div>\n\t\t\t\t<figcaption class='wp-caption-text gallery-caption' id='gallery-1-1346'>\n\t\t\t\tOpel Adam test drive Lisboa @ drivelife.it magazine on line\n\t\t\t\t<\/figcaption><\/figure><figure class='gallery-item'>\n\t\t\t<div class='gallery-icon landscape'>\n\t\t\t\t<a href='https:\/\/www.drivelife.it\/pics\/wp-content\/uploads\/2012\/11\/Opel-Adam-testdrive-Lisbona_drivelife_73.jpg'><img loading=\"lazy\" decoding=\"async\" width=\"150\" height=\"150\" src=\"https:\/\/www.drivelife.it\/pics\/wp-content\/uploads\/2012\/11\/Opel-Adam-testdrive-Lisbona_drivelife_73-150x150.jpg\" class=\"attachment-thumbnail size-thumbnail\" alt=\"\" \/><\/a>\n\t\t\t<\/div><\/figure><figure class='gallery-item'>\n\t\t\t<div class='gallery-icon landscape'>\n\t\t\t\t<a href='https:\/\/www.drivelife.it\/pics\/wp-content\/uploads\/2012\/11\/Opel-Adam-testdrive-Lisbona_drivelife_43.jpg'><img loading=\"lazy\" decoding=\"async\" width=\"150\" height=\"150\" src=\"https:\/\/www.drivelife.it\/pics\/wp-content\/uploads\/2012\/11\/Opel-Adam-testdrive-Lisbona_drivelife_43-150x150.jpg\" class=\"attachment-thumbnail size-thumbnail\" alt=\"\" \/><\/a>\n\t\t\t<\/div><\/figure><figure class='gallery-item'>\n\t\t\t<div class='gallery-icon landscape'>\n\t\t\t\t<a href='https:\/\/www.drivelife.it\/pics\/wp-content\/uploads\/2012\/11\/Opel-Adam-testdrive-Lisbona_drivelife_49.jpg'><img loading=\"lazy\" decoding=\"async\" width=\"150\" height=\"150\" src=\"https:\/\/www.drivelife.it\/pics\/wp-content\/uploads\/2012\/11\/Opel-Adam-testdrive-Lisbona_drivelife_49-150x150.jpg\" class=\"attachment-thumbnail size-thumbnail\" alt=\"\" \/><\/a>\n\t\t\t<\/div><\/figure><figure class='gallery-item'>\n\t\t\t<div class='gallery-icon landscape'>\n\t\t\t\t<a href='https:\/\/www.drivelife.it\/pics\/wp-content\/uploads\/2012\/11\/Opel-Adam-testdrive-Lisbona_drivelife_20.jpg'><img loading=\"lazy\" decoding=\"async\" width=\"150\" height=\"150\" src=\"https:\/\/www.drivelife.it\/pics\/wp-content\/uploads\/2012\/11\/Opel-Adam-testdrive-Lisbona_drivelife_20-150x150.jpg\" class=\"attachment-thumbnail size-thumbnail\" alt=\"\" \/><\/a>\n\t\t\t<\/div><\/figure><figure class='gallery-item'>\n\t\t\t<div class='gallery-icon landscape'>\n\t\t\t\t<a href='https:\/\/www.drivelife.it\/pics\/wp-content\/uploads\/2012\/11\/Opel-Adam-testdrive-Lisbona_drivelife_42.jpg'><img loading=\"lazy\" decoding=\"async\" width=\"150\" height=\"150\" src=\"https:\/\/www.drivelife.it\/pics\/wp-content\/uploads\/2012\/11\/Opel-Adam-testdrive-Lisbona_drivelife_42-150x150.jpg\" class=\"attachment-thumbnail size-thumbnail\" alt=\"\" \/><\/a>\n\t\t\t<\/div><\/figure><figure class='gallery-item'>\n\t\t\t<div class='gallery-icon landscape'>\n\t\t\t\t<a href='https:\/\/www.drivelife.it\/pics\/wp-content\/uploads\/2012\/11\/Opel-Adam-testdrive-Lisbona_drivelife_76.jpg'><img loading=\"lazy\" decoding=\"async\" width=\"150\" height=\"150\" src=\"https:\/\/www.drivelife.it\/pics\/wp-content\/uploads\/2012\/11\/Opel-Adam-testdrive-Lisbona_drivelife_76-150x150.jpg\" class=\"attachment-thumbnail size-thumbnail\" alt=\"\" \/><\/a>\n\t\t\t<\/div><\/figure><figure class='gallery-item'>\n\t\t\t<div class='gallery-icon portrait'>\n\t\t\t\t<a href='https:\/\/www.drivelife.it\/pics\/wp-content\/uploads\/2012\/11\/Opel-Adam-testdrive-Lisbona_drivelife_68.jpg'><img loading=\"lazy\" decoding=\"async\" width=\"150\" height=\"150\" src=\"https:\/\/www.drivelife.it\/pics\/wp-content\/uploads\/2012\/11\/Opel-Adam-testdrive-Lisbona_drivelife_68-150x150.jpg\" class=\"attachment-thumbnail size-thumbnail\" alt=\"\" \/><\/a>\n\t\t\t<\/div><\/figure><figure class='gallery-item'>\n\t\t\t<div class='gallery-icon landscape'>\n\t\t\t\t<a href='https:\/\/www.drivelife.it\/pics\/wp-content\/uploads\/2012\/11\/Opel-Adam-testdrive-Lisbona_drivelife_13.jpg'><img loading=\"lazy\" decoding=\"async\" width=\"150\" height=\"150\" src=\"https:\/\/www.drivelife.it\/pics\/wp-content\/uploads\/2012\/11\/Opel-Adam-testdrive-Lisbona_drivelife_13-150x150.jpg\" class=\"attachment-thumbnail size-thumbnail\" alt=\"\" \/><\/a>\n\t\t\t<\/div><\/figure><figure class='gallery-item'>\n\t\t\t<div class='gallery-icon landscape'>\n\t\t\t\t<a href='https:\/\/www.drivelife.it\/pics\/wp-content\/uploads\/2012\/11\/Opel-Adam-testdrive-Lisbona_drivelife_21.jpg'><img loading=\"lazy\" decoding=\"async\" width=\"150\" height=\"150\" src=\"https:\/\/www.drivelife.it\/pics\/wp-content\/uploads\/2012\/11\/Opel-Adam-testdrive-Lisbona_drivelife_21-150x150.jpg\" class=\"attachment-thumbnail size-thumbnail\" alt=\"\" \/><\/a>\n\t\t\t<\/div><\/figure><figure class='gallery-item'>\n\t\t\t<div class='gallery-icon landscape'>\n\t\t\t\t<a href='https:\/\/www.drivelife.it\/pics\/wp-content\/uploads\/2012\/11\/Opel-Adam-testdrive-Lisbona_drivelife_55.jpg'><img loading=\"lazy\" decoding=\"async\" width=\"150\" height=\"150\" src=\"https:\/\/www.drivelife.it\/pics\/wp-content\/uploads\/2012\/11\/Opel-Adam-testdrive-Lisbona_drivelife_55-150x150.jpg\" class=\"attachment-thumbnail size-thumbnail\" alt=\"\" \/><\/a>\n\t\t\t<\/div><\/figure><figure class='gallery-item'>\n\t\t\t<div class='gallery-icon landscape'>\n\t\t\t\t<a href='https:\/\/www.drivelife.it\/pics\/wp-content\/uploads\/2012\/11\/Opel-Adam-testdrive-Lisbona_drivelife_67.jpg'><img loading=\"lazy\" decoding=\"async\" width=\"150\" height=\"150\" src=\"https:\/\/www.drivelife.it\/pics\/wp-content\/uploads\/2012\/11\/Opel-Adam-testdrive-Lisbona_drivelife_67-150x150.jpg\" class=\"attachment-thumbnail size-thumbnail\" alt=\"\" \/><\/a>\n\t\t\t<\/div><\/figure><figure class='gallery-item'>\n\t\t\t<div class='gallery-icon landscape'>\n\t\t\t\t<a href='https:\/\/www.drivelife.it\/pics\/wp-content\/uploads\/2012\/11\/Opel-Adam-testdrive-Lisbona_drivelife_28.jpg'><img loading=\"lazy\" decoding=\"async\" width=\"150\" height=\"150\" src=\"https:\/\/www.drivelife.it\/pics\/wp-content\/uploads\/2012\/11\/Opel-Adam-testdrive-Lisbona_drivelife_28-150x150.jpg\" class=\"attachment-thumbnail size-thumbnail\" alt=\"\" \/><\/a>\n\t\t\t<\/div><\/figure><figure class='gallery-item'>\n\t\t\t<div class='gallery-icon landscape'>\n\t\t\t\t<a href='https:\/\/www.drivelife.it\/pics\/wp-content\/uploads\/2012\/11\/Opel-Adam-testdrive-Lisbona_drivelife_30.jpg'><img loading=\"lazy\" decoding=\"async\" width=\"150\" height=\"150\" src=\"https:\/\/www.drivelife.it\/pics\/wp-content\/uploads\/2012\/11\/Opel-Adam-testdrive-Lisbona_drivelife_30-150x150.jpg\" class=\"attachment-thumbnail size-thumbnail\" alt=\"\" \/><\/a>\n\t\t\t<\/div><\/figure><figure class='gallery-item'>\n\t\t\t<div class='gallery-icon portrait'>\n\t\t\t\t<a href='https:\/\/www.drivelife.it\/pics\/wp-content\/uploads\/2012\/11\/Opel-Adam-testdrive-Lisbona_drivelife_61.jpg'><img loading=\"lazy\" decoding=\"async\" width=\"150\" height=\"150\" src=\"https:\/\/www.drivelife.it\/pics\/wp-content\/uploads\/2012\/11\/Opel-Adam-testdrive-Lisbona_drivelife_61-150x150.jpg\" class=\"attachment-thumbnail size-thumbnail\" alt=\"\" \/><\/a>\n\t\t\t<\/div><\/figure><figure class='gallery-item'>\n\t\t\t<div class='gallery-icon portrait'>\n\t\t\t\t<a href='https:\/\/www.drivelife.it\/pics\/wp-content\/uploads\/2012\/11\/Opel-Adam-testdrive-Lisbona_drivelife_58.jpg'><img loading=\"lazy\" decoding=\"async\" width=\"150\" height=\"150\" src=\"https:\/\/www.drivelife.it\/pics\/wp-content\/uploads\/2012\/11\/Opel-Adam-testdrive-Lisbona_drivelife_58-150x150.jpg\" class=\"attachment-thumbnail size-thumbnail\" alt=\"\" \/><\/a>\n\t\t\t<\/div><\/figure><figure class='gallery-item'>\n\t\t\t<div class='gallery-icon portrait'>\n\t\t\t\t<a href='https:\/\/www.drivelife.it\/pics\/wp-content\/uploads\/2012\/11\/Opel-Adam-testdrive-Lisbona_drivelife_57.jpg'><img loading=\"lazy\" decoding=\"async\" width=\"150\" height=\"150\" src=\"https:\/\/www.drivelife.it\/pics\/wp-content\/uploads\/2012\/11\/Opel-Adam-testdrive-Lisbona_drivelife_57-150x150.jpg\" class=\"attachment-thumbnail size-thumbnail\" alt=\"\" \/><\/a>\n\t\t\t<\/div><\/figure><figure class='gallery-item'>\n\t\t\t<div class='gallery-icon landscape'>\n\t\t\t\t<a href='https:\/\/www.drivelife.it\/pics\/wp-content\/uploads\/2012\/11\/Opel-Adam-testdrive-Lisbona_drivelife_47.jpg'><img loading=\"lazy\" decoding=\"async\" width=\"150\" height=\"150\" src=\"https:\/\/www.drivelife.it\/pics\/wp-content\/uploads\/2012\/11\/Opel-Adam-testdrive-Lisbona_drivelife_47-150x150.jpg\" class=\"attachment-thumbnail size-thumbnail\" alt=\"\" \/><\/a>\n\t\t\t<\/div><\/figure><figure class='gallery-item'>\n\t\t\t<div class='gallery-icon landscape'>\n\t\t\t\t<a href='https:\/\/www.drivelife.it\/pics\/wp-content\/uploads\/2012\/11\/Opel-Adam-testdrive-Lisbona_drivelife_34.jpg'><img loading=\"lazy\" decoding=\"async\" width=\"150\" height=\"150\" src=\"https:\/\/www.drivelife.it\/pics\/wp-content\/uploads\/2012\/11\/Opel-Adam-testdrive-Lisbona_drivelife_34-150x150.jpg\" class=\"attachment-thumbnail size-thumbnail\" alt=\"\" \/><\/a>\n\t\t\t<\/div><\/figure><figure class='gallery-item'>\n\t\t\t<div class='gallery-icon landscape'>\n\t\t\t\t<a href='https:\/\/www.drivelife.it\/pics\/wp-content\/uploads\/2012\/11\/Opel-Adam-testdrive-Lisbona_drivelife_29.jpg'><img loading=\"lazy\" decoding=\"async\" width=\"150\" height=\"150\" src=\"https:\/\/www.drivelife.it\/pics\/wp-content\/uploads\/2012\/11\/Opel-Adam-testdrive-Lisbona_drivelife_29-150x150.jpg\" class=\"attachment-thumbnail size-thumbnail\" alt=\"\" \/><\/a>\n\t\t\t<\/div><\/figure><figure class='gallery-item'>\n\t\t\t<div class='gallery-icon portrait'>\n\t\t\t\t<a href='https:\/\/www.drivelife.it\/pics\/wp-content\/uploads\/2012\/11\/Opel-Adam-testdrive-Lisbona_drivelife_19.jpg'><img loading=\"lazy\" decoding=\"async\" width=\"150\" height=\"150\" src=\"https:\/\/www.drivelife.it\/pics\/wp-content\/uploads\/2012\/11\/Opel-Adam-testdrive-Lisbona_drivelife_19-150x150.jpg\" class=\"attachment-thumbnail size-thumbnail\" alt=\"\" \/><\/a>\n\t\t\t<\/div><\/figure><figure class='gallery-item'>\n\t\t\t<div class='gallery-icon landscape'>\n\t\t\t\t<a href='https:\/\/www.drivelife.it\/pics\/wp-content\/uploads\/2012\/11\/Opel-Adam-testdrive-Lisbona_drivelife_81.jpg'><img loading=\"lazy\" decoding=\"async\" width=\"150\" height=\"150\" src=\"https:\/\/www.drivelife.it\/pics\/wp-content\/uploads\/2012\/11\/Opel-Adam-testdrive-Lisbona_drivelife_81-150x150.jpg\" class=\"attachment-thumbnail size-thumbnail\" alt=\"\" \/><\/a>\n\t\t\t<\/div><\/figure><figure class='gallery-item'>\n\t\t\t<div class='gallery-icon landscape'>\n\t\t\t\t<a href='https:\/\/www.drivelife.it\/pics\/wp-content\/uploads\/2012\/11\/Opel-Adam-testdrive-Lisbona_drivelife_52.jpg'><img loading=\"lazy\" decoding=\"async\" width=\"150\" height=\"150\" src=\"https:\/\/www.drivelife.it\/pics\/wp-content\/uploads\/2012\/11\/Opel-Adam-testdrive-Lisbona_drivelife_52-150x150.jpg\" class=\"attachment-thumbnail size-thumbnail\" alt=\"\" \/><\/a>\n\t\t\t<\/div><\/figure><figure class='gallery-item'>\n\t\t\t<div class='gallery-icon landscape'>\n\t\t\t\t<a href='https:\/\/www.drivelife.it\/pics\/wp-content\/uploads\/2012\/11\/Opel-Adam-testdrive-Lisbona_drivelife.jpg'><img loading=\"lazy\" decoding=\"async\" width=\"150\" height=\"150\" src=\"https:\/\/www.drivelife.it\/pics\/wp-content\/uploads\/2012\/11\/Opel-Adam-testdrive-Lisbona_drivelife-150x150.jpg\" class=\"attachment-thumbnail size-thumbnail\" alt=\"\" \/><\/a>\n\t\t\t<\/div><\/figure><figure class='gallery-item'>\n\t\t\t<div class='gallery-icon portrait'>\n\t\t\t\t<a href='https:\/\/www.drivelife.it\/pics\/wp-content\/uploads\/2012\/11\/Opel-Adam-testdrive-Lisbona_drivelife_41.jpg'><img loading=\"lazy\" decoding=\"async\" width=\"150\" height=\"150\" src=\"https:\/\/www.drivelife.it\/pics\/wp-content\/uploads\/2012\/11\/Opel-Adam-testdrive-Lisbona_drivelife_41-150x150.jpg\" class=\"attachment-thumbnail size-thumbnail\" alt=\"\" \/><\/a>\n\t\t\t<\/div><\/figure><figure class='gallery-item'>\n\t\t\t<div class='gallery-icon landscape'>\n\t\t\t\t<a href='https:\/\/www.drivelife.it\/pics\/wp-content\/uploads\/2012\/11\/Opel-Adam-testdrive-Lisbona_drivelife_72.jpg'><img loading=\"lazy\" decoding=\"async\" width=\"150\" height=\"150\" src=\"https:\/\/www.drivelife.it\/pics\/wp-content\/uploads\/2012\/11\/Opel-Adam-testdrive-Lisbona_drivelife_72-150x150.jpg\" class=\"attachment-thumbnail size-thumbnail\" alt=\"\" \/><\/a>\n\t\t\t<\/div><\/figure><figure class='gallery-item'>\n\t\t\t<div class='gallery-icon landscape'>\n\t\t\t\t<a href='https:\/\/www.drivelife.it\/pics\/wp-content\/uploads\/2012\/11\/Opel-Adam-testdrive-Lisbona_drivelife_71.jpg'><img loading=\"lazy\" decoding=\"async\" width=\"150\" height=\"150\" src=\"https:\/\/www.drivelife.it\/pics\/wp-content\/uploads\/2012\/11\/Opel-Adam-testdrive-Lisbona_drivelife_71-150x150.jpg\" class=\"attachment-thumbnail size-thumbnail\" alt=\"\" \/><\/a>\n\t\t\t<\/div><\/figure><figure class='gallery-item'>\n\t\t\t<div class='gallery-icon portrait'>\n\t\t\t\t<a href='https:\/\/www.drivelife.it\/pics\/wp-content\/uploads\/2012\/11\/Opel-Adam-testdrive-Lisbona_drivelife_27.jpg'><img loading=\"lazy\" decoding=\"async\" width=\"150\" height=\"150\" src=\"https:\/\/www.drivelife.it\/pics\/wp-content\/uploads\/2012\/11\/Opel-Adam-testdrive-Lisbona_drivelife_27-150x150.jpg\" class=\"attachment-thumbnail size-thumbnail\" alt=\"\" \/><\/a>\n\t\t\t<\/div><\/figure><figure class='gallery-item'>\n\t\t\t<div class='gallery-icon landscape'>\n\t\t\t\t<a href='https:\/\/www.drivelife.it\/pics\/wp-content\/uploads\/2012\/11\/Opel-Adam-testdrive-Lisbona_drivelife_45.jpg'><img loading=\"lazy\" decoding=\"async\" width=\"150\" height=\"150\" src=\"https:\/\/www.drivelife.it\/pics\/wp-content\/uploads\/2012\/11\/Opel-Adam-testdrive-Lisbona_drivelife_45-150x150.jpg\" class=\"attachment-thumbnail size-thumbnail\" alt=\"\" \/><\/a>\n\t\t\t<\/div><\/figure><figure class='gallery-item'>\n\t\t\t<div class='gallery-icon landscape'>\n\t\t\t\t<a href='https:\/\/www.drivelife.it\/pics\/wp-content\/uploads\/2012\/11\/Opel-Adam-testdrive-Lisbona_drivelife_37.jpg'><img loading=\"lazy\" decoding=\"async\" width=\"150\" height=\"150\" src=\"https:\/\/www.drivelife.it\/pics\/wp-content\/uploads\/2012\/11\/Opel-Adam-testdrive-Lisbona_drivelife_37-150x150.jpg\" class=\"attachment-thumbnail size-thumbnail\" alt=\"\" \/><\/a>\n\t\t\t<\/div><\/figure><figure class='gallery-item'>\n\t\t\t<div class='gallery-icon landscape'>\n\t\t\t\t<a href='https:\/\/www.drivelife.it\/pics\/wp-content\/uploads\/2012\/11\/Opel-Adam-testdrive-Lisbona_drivelife_33.jpg'><img loading=\"lazy\" decoding=\"async\" width=\"150\" height=\"150\" src=\"https:\/\/www.drivelife.it\/pics\/wp-content\/uploads\/2012\/11\/Opel-Adam-testdrive-Lisbona_drivelife_33-150x150.jpg\" class=\"attachment-thumbnail size-thumbnail\" alt=\"\" \/><\/a>\n\t\t\t<\/div><\/figure><figure class='gallery-item'>\n\t\t\t<div class='gallery-icon landscape'>\n\t\t\t\t<a href='https:\/\/www.drivelife.it\/pics\/wp-content\/uploads\/2012\/11\/Opel-Adam-testdrive-Lisbona_drivelife_53.jpg'><img loading=\"lazy\" decoding=\"async\" width=\"150\" height=\"150\" src=\"https:\/\/www.drivelife.it\/pics\/wp-content\/uploads\/2012\/11\/Opel-Adam-testdrive-Lisbona_drivelife_53-150x150.jpg\" class=\"attachment-thumbnail size-thumbnail\" alt=\"\" \/><\/a>\n\t\t\t<\/div><\/figure><figure class='gallery-item'>\n\t\t\t<div class='gallery-icon portrait'>\n\t\t\t\t<a href='https:\/\/www.drivelife.it\/pics\/wp-content\/uploads\/2012\/11\/Opel-Adam-testdrive-Lisbona_drivelife_44.jpg'><img loading=\"lazy\" decoding=\"async\" width=\"150\" height=\"150\" src=\"https:\/\/www.drivelife.it\/pics\/wp-content\/uploads\/2012\/11\/Opel-Adam-testdrive-Lisbona_drivelife_44-150x150.jpg\" class=\"attachment-thumbnail size-thumbnail\" alt=\"\" \/><\/a>\n\t\t\t<\/div><\/figure><figure class='gallery-item'>\n\t\t\t<div class='gallery-icon landscape'>\n\t\t\t\t<a href='https:\/\/www.drivelife.it\/pics\/wp-content\/uploads\/2012\/11\/Opel-Adam-testdrive-Lisbona_drivelife_35.jpg'><img loading=\"lazy\" decoding=\"async\" width=\"150\" height=\"150\" src=\"https:\/\/www.drivelife.it\/pics\/wp-content\/uploads\/2012\/11\/Opel-Adam-testdrive-Lisbona_drivelife_35-150x150.jpg\" class=\"attachment-thumbnail size-thumbnail\" alt=\"\" \/><\/a>\n\t\t\t<\/div><\/figure><figure class='gallery-item'>\n\t\t\t<div class='gallery-icon landscape'>\n\t\t\t\t<a href='https:\/\/www.drivelife.it\/pics\/wp-content\/uploads\/2012\/11\/Opel-Adam-testdrive-Lisbona_drivelife_79.jpg'><img loading=\"lazy\" decoding=\"async\" width=\"150\" height=\"150\" src=\"https:\/\/www.drivelife.it\/pics\/wp-content\/uploads\/2012\/11\/Opel-Adam-testdrive-Lisbona_drivelife_79-150x150.jpg\" class=\"attachment-thumbnail size-thumbnail\" alt=\"\" \/><\/a>\n\t\t\t<\/div><\/figure><figure class='gallery-item'>\n\t\t\t<div class='gallery-icon landscape'>\n\t\t\t\t<a href='https:\/\/www.drivelife.it\/pics\/wp-content\/uploads\/2012\/11\/Opel-Adam-testdrive-Lisbona_drivelife_15.jpg'><img loading=\"lazy\" decoding=\"async\" width=\"150\" height=\"150\" src=\"https:\/\/www.drivelife.it\/pics\/wp-content\/uploads\/2012\/11\/Opel-Adam-testdrive-Lisbona_drivelife_15-150x150.jpg\" class=\"attachment-thumbnail size-thumbnail\" alt=\"\" \/><\/a>\n\t\t\t<\/div><\/figure><figure class='gallery-item'>\n\t\t\t<div class='gallery-icon landscape'>\n\t\t\t\t<a href='https:\/\/www.drivelife.it\/pics\/wp-content\/uploads\/2012\/11\/Opel-Adam-testdrive-Lisbona_drivelife_23.jpg'><img loading=\"lazy\" decoding=\"async\" width=\"150\" height=\"150\" src=\"https:\/\/www.drivelife.it\/pics\/wp-content\/uploads\/2012\/11\/Opel-Adam-testdrive-Lisbona_drivelife_23-150x150.jpg\" class=\"attachment-thumbnail size-thumbnail\" alt=\"\" \/><\/a>\n\t\t\t<\/div><\/figure><figure class='gallery-item'>\n\t\t\t<div class='gallery-icon landscape'>\n\t\t\t\t<a href='https:\/\/www.drivelife.it\/pics\/wp-content\/uploads\/2012\/11\/Opel-Adam-testdrive-Lisbona_drivelife_4.jpg'><img loading=\"lazy\" decoding=\"async\" width=\"150\" height=\"150\" src=\"https:\/\/www.drivelife.it\/pics\/wp-content\/uploads\/2012\/11\/Opel-Adam-testdrive-Lisbona_drivelife_4-150x150.jpg\" class=\"attachment-thumbnail size-thumbnail\" alt=\"\" \/><\/a>\n\t\t\t<\/div><\/figure><figure class='gallery-item'>\n\t\t\t<div class='gallery-icon portrait'>\n\t\t\t\t<a href='https:\/\/www.drivelife.it\/pics\/wp-content\/uploads\/2012\/11\/Opel-Adam-testdrive-Lisbona_drivelife_63.jpg'><img loading=\"lazy\" decoding=\"async\" width=\"150\" height=\"150\" src=\"https:\/\/www.drivelife.it\/pics\/wp-content\/uploads\/2012\/11\/Opel-Adam-testdrive-Lisbona_drivelife_63-150x150.jpg\" class=\"attachment-thumbnail size-thumbnail\" alt=\"\" \/><\/a>\n\t\t\t<\/div><\/figure><figure class='gallery-item'>\n\t\t\t<div class='gallery-icon landscape'>\n\t\t\t\t<a href='https:\/\/www.drivelife.it\/pics\/wp-content\/uploads\/2012\/11\/Opel-Adam-testdrive-Lisbona_drivelife_56.jpg'><img loading=\"lazy\" decoding=\"async\" width=\"150\" height=\"150\" src=\"https:\/\/www.drivelife.it\/pics\/wp-content\/uploads\/2012\/11\/Opel-Adam-testdrive-Lisbona_drivelife_56-150x150.jpg\" class=\"attachment-thumbnail size-thumbnail\" alt=\"\" \/><\/a>\n\t\t\t<\/div><\/figure><figure class='gallery-item'>\n\t\t\t<div class='gallery-icon landscape'>\n\t\t\t\t<a href='https:\/\/www.drivelife.it\/pics\/wp-content\/uploads\/2012\/11\/Opel-Adam-testdrive-Lisbona_drivelife_12.jpg'><img loading=\"lazy\" decoding=\"async\" width=\"150\" height=\"150\" src=\"https:\/\/www.drivelife.it\/pics\/wp-content\/uploads\/2012\/11\/Opel-Adam-testdrive-Lisbona_drivelife_12-150x150.jpg\" class=\"attachment-thumbnail size-thumbnail\" alt=\"\" \/><\/a>\n\t\t\t<\/div><\/figure><figure class='gallery-item'>\n\t\t\t<div class='gallery-icon landscape'>\n\t\t\t\t<a href='https:\/\/www.drivelife.it\/pics\/wp-content\/uploads\/2012\/11\/Opel-Adam-testdrive-Lisbona_drivelife_9.jpg'><img loading=\"lazy\" decoding=\"async\" width=\"150\" height=\"150\" src=\"https:\/\/www.drivelife.it\/pics\/wp-content\/uploads\/2012\/11\/Opel-Adam-testdrive-Lisbona_drivelife_9-150x150.jpg\" class=\"attachment-thumbnail size-thumbnail\" alt=\"\" \/><\/a>\n\t\t\t<\/div><\/figure><figure class='gallery-item'>\n\t\t\t<div class='gallery-icon landscape'>\n\t\t\t\t<a href='https:\/\/www.drivelife.it\/pics\/wp-content\/uploads\/2012\/11\/Opel-Adam-testdrive-Lisbona_drivelife_511.jpg'><img loading=\"lazy\" decoding=\"async\" width=\"150\" height=\"150\" src=\"https:\/\/www.drivelife.it\/pics\/wp-content\/uploads\/2012\/11\/Opel-Adam-testdrive-Lisbona_drivelife_511-150x150.jpg\" class=\"attachment-thumbnail size-thumbnail\" alt=\"\" \/><\/a>\n\t\t\t<\/div><\/figure><figure class='gallery-item'>\n\t\t\t<div class='gallery-icon landscape'>\n\t\t\t\t<a href='https:\/\/www.drivelife.it\/pics\/wp-content\/uploads\/2012\/11\/Opel-Adam-testdrive-Lisbona_drivelife_83.jpg'><img loading=\"lazy\" decoding=\"async\" width=\"150\" height=\"150\" src=\"https:\/\/www.drivelife.it\/pics\/wp-content\/uploads\/2012\/11\/Opel-Adam-testdrive-Lisbona_drivelife_83-150x150.jpg\" class=\"attachment-thumbnail size-thumbnail\" alt=\"\" \/><\/a>\n\t\t\t<\/div><\/figure><figure class='gallery-item'>\n\t\t\t<div class='gallery-icon landscape'>\n\t\t\t\t<a href='https:\/\/www.drivelife.it\/pics\/wp-content\/uploads\/2012\/11\/Opel-Adam-testdrive-Lisbona_drivelife_86.jpg'><img loading=\"lazy\" decoding=\"async\" width=\"150\" height=\"150\" src=\"https:\/\/www.drivelife.it\/pics\/wp-content\/uploads\/2012\/11\/Opel-Adam-testdrive-Lisbona_drivelife_86-150x150.jpg\" class=\"attachment-thumbnail size-thumbnail\" alt=\"\" \/><\/a>\n\t\t\t<\/div><\/figure><figure class='gallery-item'>\n\t\t\t<div class='gallery-icon portrait'>\n\t\t\t\t<a href='https:\/\/www.drivelife.it\/pics\/wp-content\/uploads\/2012\/11\/Opel-Adam-testdrive-Lisbona_drivelife_18.jpg'><img loading=\"lazy\" decoding=\"async\" width=\"150\" height=\"150\" src=\"https:\/\/www.drivelife.it\/pics\/wp-content\/uploads\/2012\/11\/Opel-Adam-testdrive-Lisbona_drivelife_18-150x150.jpg\" class=\"attachment-thumbnail size-thumbnail\" alt=\"\" \/><\/a>\n\t\t\t<\/div><\/figure><figure class='gallery-item'>\n\t\t\t<div class='gallery-icon landscape'>\n\t\t\t\t<a href='https:\/\/www.drivelife.it\/pics\/wp-content\/uploads\/2012\/11\/Opel-Adam-testdrive-Lisbona_drivelife_51.jpg'><img loading=\"lazy\" decoding=\"async\" width=\"150\" height=\"150\" src=\"https:\/\/www.drivelife.it\/pics\/wp-content\/uploads\/2012\/11\/Opel-Adam-testdrive-Lisbona_drivelife_51-150x150.jpg\" class=\"attachment-thumbnail size-thumbnail\" alt=\"\" \/><\/a>\n\t\t\t<\/div><\/figure><figure class='gallery-item'>\n\t\t\t<div class='gallery-icon landscape'>\n\t\t\t\t<a href='https:\/\/www.drivelife.it\/pics\/wp-content\/uploads\/2012\/11\/Opel-Adam-testdrive-Lisbona_drivelife_84.jpg'><img loading=\"lazy\" decoding=\"async\" width=\"150\" height=\"150\" src=\"https:\/\/www.drivelife.it\/pics\/wp-content\/uploads\/2012\/11\/Opel-Adam-testdrive-Lisbona_drivelife_84-150x150.jpg\" class=\"attachment-thumbnail size-thumbnail\" alt=\"\" \/><\/a>\n\t\t\t<\/div><\/figure><figure class='gallery-item'>\n\t\t\t<div class='gallery-icon landscape'>\n\t\t\t\t<a href='https:\/\/www.drivelife.it\/pics\/wp-content\/uploads\/2012\/11\/Opel-Adam-testdrive-Lisbona_drivelife_16.jpg'><img loading=\"lazy\" decoding=\"async\" width=\"150\" height=\"150\" src=\"https:\/\/www.drivelife.it\/pics\/wp-content\/uploads\/2012\/11\/Opel-Adam-testdrive-Lisbona_drivelife_16-150x150.jpg\" class=\"attachment-thumbnail size-thumbnail\" alt=\"\" \/><\/a>\n\t\t\t<\/div><\/figure>\n\t\t<\/div>\n\n<p>Gli inglesi, quando non sanno cosa dire, parlano del tempo, quello atmosferico. Della Opel Adam noi abbiamo tante cose da raccontare ma la nota sul tempo a Lisbona, durante il fine settimana scorso, \u00e8 obbligatoria perch\u00e9 tema del servizio di lancio per questa puntata. Meteo variabile, scrosci di pioggia, temperatura mite, vento fresco dall\u2019Atlantico e sole.<\/p>\n<p>Chi vuole sedurre Adam? Tutti quei clienti che vogliono comprare un\u2019automobile compatta ma spaziosa, agile in citt\u00e0, brillante e moderata nei consumi, sicura; e che dia loro la possibilit\u00e0 di confezionarla come in una elegante sartoria. Entro fine mese sar\u00e0 on line il configuratore di Adam, diventer\u00e0 possibile \u2018tagliare\u2019 la propria Opel progettandola fra trentamila versioni. E poi, con il file, andare in concessionaria e comprarla. Un bel campione per avere la Adam \u2018cucita\u2019 su misura e mostrarsi nel traffico raccontando di una creativit\u00e0 ed una personalit\u00e0 uniche. (<a href=\"http:\/\/www.drivelife.it\/dlnew\/?page_id=1411\"><em>Leggi il servizio completo della prova su strada di Opel Adam a Lisbona su drivelife.it<\/em><\/a>)<\/p>\n","protected":false},"excerpt":{"rendered":"ADAM VUOLE SEDURRE TE Gli inglesi, quando non sanno cosa dire, parlano del tempo, quello atmosferico. Della Opel Adam noi [&hellip;]","protected":false},"author":1,"featured_media":1346,"comment_status":"closed","ping_status":"closed","sticky":false,"template":"","format":"standard","meta":{"_monsterinsights_skip_tracking":false,"_monsterinsights_sitenote_active":false,"_monsterinsights_sitenote_note":"","_monsterinsights_sitenote_category":0,"ngg_post_thumbnail":0,"footnotes":""},"categories":[10,11,13,1],"tags":[23,242,26,243,241],"class_list":["post-1345","post","type-post","status-publish","format-standard","has-post-thumbnail","hentry","category-automotive","category-gallery-automotive","category-opel","category-portfolio","tag-adam","tag-automotive","tag-gallery","tag-opel","tag-portfolio","clearfix"],"_links":{"self":[{"href":"https:\/\/www.drivelife.it\/pics\/wp-json\/wp\/v2\/posts\/1345","targetHints":{"allow":["GET"]}}],"collection":[{"href":"https:\/\/www.drivelife.it\/pics\/wp-json\/wp\/v2\/posts"}],"about":[{"href":"https:\/\/www.drivelife.it\/pics\/wp-json\/wp\/v2\/types\/post"}],"author":[{"embeddable":true,"href":"https:\/\/www.drivelife.it\/pics\/wp-json\/wp\/v2\/users\/1"}],"replies":[{"embeddable":true,"href":"https:\/\/www.drivelife.it\/pics\/wp-json\/wp\/v2\/comments?post=1345"}],"version-history":[{"count":5,"href":"https:\/\/www.drivelife.it\/pics\/wp-json\/wp\/v2\/posts\/1345\/revisions"}],"predecessor-version":[{"id":1483,"href":"https:\/\/www.drivelife.it\/pics\/wp-json\/wp\/v2\/posts\/1345\/revisions\/1483"}],"wp:featuredmedia":[{"embeddable":true,"href":"https:\/\/www.drivelife.it\/pics\/wp-json\/wp\/v2\/media\/1346"}],"wp:attachment":[{"href":"https:\/\/www.drivelife.it\/pics\/wp-json\/wp\/v2\/media?parent=1345"}],"wp:term":[{"taxonomy":"category","embeddable":true,"href":"https:\/\/www.drivelife.it\/pics\/wp-json\/wp\/v2\/categories?post=1345"},{"taxonomy":"post_tag","embeddable":true,"href":"https:\/\/www.drivelife.it\/pics\/wp-json\/wp\/v2\/tags?post=1345"}],"curies":[{"name":"wp","href":"https:\/\/api.w.org\/{rel}","templated":true}]}}