{"id":9268,"date":"2016-03-02T21:17:14","date_gmt":"2016-03-02T21:17:14","guid":{"rendered":"http:\/\/www.drivelife.it\/news\/?p=9268"},"modified":"2016-03-05T08:08:11","modified_gmt":"2016-03-05T08:08:11","slug":"gims-2016-opel-astra-auto-dell-anno-2016","status":"publish","type":"post","link":"https:\/\/www.drivelife.it\/news\/2016\/03\/02\/gims-2016-opel-astra-auto-dell-anno-2016\/","title":{"rendered":"#GIMS 2016, OPEL ASTRA"},"content":{"rendered":"<h2>OPEL ASTRA AUTO DELL&#8217;ANNO 2016 IN DRIVELIFE PUNTATA DEL 5 MARZO &#8211; Per restare vicini al concreto allontanandoci dunque dal sogno ecco l\u2019altra regina di Ginevra. Per due motivi: \u00e8 una delle due automobili pi\u00f9 vendute in Europa&#8230; <\/h2>\n<p>https:\/\/vimeo.com\/157747688<br \/>\n&nbsp;<br \/>\n<!--more--><br \/>\n&nbsp;<br \/>\nSOMMARIO DELLA PUNTATA DEL 5 MARZO 2016<br \/>\n#GIMS2016, Geneve International Motor Show, 02\u201937\u201d &#8211; BUGATTI CHIRON, 01\u201906\u201d &#8211; OPEL ASTRA, AUTO DELL\u2019ANNO 2016, 01\u201901\u201d &#8211; OPEL GT CONCEPT, 01\u201916\u201d &#8211; PORSCHE 911 R, 01\u201900\u201d &#8211; ABARTH 124 SPIDER, 02\u201906\u201d &#8211; AUDI Q2, 01\u201930&#8243;<br \/>\n&nbsp;<br \/>\nSTART A: INTRO, 00&#8242; 34&#8243; &#8211; BUGATTI CHIRON, 03&#8242; 15&#8243; &#8211; OPEL ASTRA AUTO DELL&#8217;ANNO 2016, 04&#8242; 26&#8243; &#8211; OPEL GT CONCEPT, 05&#8242; 29&#8243; &#8211; PORSCHE 911 R, 06&#8242; 49&#8243; &#8211; ABARTH 124 SPIDER, 07&#8242; 51&#8243; &#8211; AUDI Q2, 10&#8242; 03&#8243;<br \/>\n&nbsp;<br \/>\nDRIVELIFE INTRO #GIMS2016<br \/>\nhttps:\/\/vimeo.com\/157727777<br \/>\n&nbsp;<br \/>\n&nbsp;<br \/>\n&nbsp;<br \/>\nhttps:\/\/vimeo.com\/157262569<br \/>\n&nbsp;<br \/>\n&nbsp;<br \/>\n&nbsp;<br \/>\n<em><strong>(da drivelife per TV del 5 Marzo 2016)<\/strong>&#8211;<\/em> Per restare vicini al concreto allontanandoci dunque dal sogno ecco l\u2019altra regina di Ginevra. Per due motivi: \u00e8 una delle due automobili pi\u00f9 vendute in Europa ed \u00e8 stata eletta Auto dell\u2019Anno 2016. Il titolo, annunciato al salone, \u00e8 tra i pi\u00f9 ambiti del mondo automotive, di fatto un Oscar, perch\u00e9 contribuisce a migliorare le performance di vendita. Lei non avrebbe tanto bisogno, \u00e8 la Opel Astra che, con la rivalissima Golf, si contende anno dopo anno il podio dell\u2019auto pi\u00f9 venduta in Europa. Questa settimana Oscar a Di Caprio e titolo all\u2019Astra. Premi di grande richiamo ma &#8211; peccato &#8211; attribuiti con metodi molto diversi. Il secondo un po\u2019 opinabile.<br \/>\n&nbsp;<br \/>\n&nbsp;<br \/>\n&nbsp;<br \/>\n\n\t\t<style>\n\t\t\t#gallery-1 {\n\t\t\t\tmargin: auto;\n\t\t\t}\n\t\t\t#gallery-1 .gallery-item {\n\t\t\t\tfloat: left;\n\t\t\t\tmargin-top: 10px;\n\t\t\t\ttext-align: center;\n\t\t\t\twidth: 33%;\n\t\t\t}\n\t\t\t#gallery-1 img {\n\t\t\t\tborder: 2px solid #cfcfcf;\n\t\t\t}\n\t\t\t#gallery-1 .gallery-caption {\n\t\t\t\tmargin-left: 0;\n\t\t\t}\n\t\t\t\/* see gallery_shortcode() in wp-includes\/media.php *\/\n\t\t<\/style>\n\t\t<div id='gallery-1' class='gallery galleryid-9268 gallery-columns-3 gallery-size-large'><dl class='gallery-item'>\n\t\t\t<dt class='gallery-icon landscape'>\n\t\t\t\t<a href='https:\/\/www.drivelife.it\/news\/2016\/03\/02\/gims-2016-opel-astra-auto-dell-anno-2016\/107202-opel-astra-297481-2\/'><img loading=\"lazy\" decoding=\"async\" width=\"960\" height=\"608\" src=\"https:\/\/www.drivelife.it\/news\/wp-content\/uploads\/2016\/03\/107202-opel-astra-297481-1-960x608.jpg\" class=\"attachment-large size-large no-lazy\" alt=\"\" srcset=\"https:\/\/www.drivelife.it\/news\/wp-content\/uploads\/2016\/03\/107202-opel-astra-297481-1-960x608.jpg 960w, https:\/\/www.drivelife.it\/news\/wp-content\/uploads\/2016\/03\/107202-opel-astra-297481-1-580x367.jpg 580w, https:\/\/www.drivelife.it\/news\/wp-content\/uploads\/2016\/03\/107202-opel-astra-297481-1-768x486.jpg 768w, https:\/\/www.drivelife.it\/news\/wp-content\/uploads\/2016\/03\/107202-opel-astra-297481-1-300x190.jpg 300w, https:\/\/www.drivelife.it\/news\/wp-content\/uploads\/2016\/03\/107202-opel-astra-297481-1.jpg 1920w\" sizes=\"auto, (max-width: 960px) 100vw, 960px\" \/><\/a>\n\t\t\t<\/dt><\/dl><dl class='gallery-item'>\n\t\t\t<dt class='gallery-icon portrait'>\n\t\t\t\t<a href='https:\/\/www.drivelife.it\/news\/2016\/03\/02\/gims-2016-opel-astra-auto-dell-anno-2016\/107202-opel-astra-297476\/'><img loading=\"lazy\" decoding=\"async\" width=\"960\" height=\"1416\" src=\"https:\/\/www.drivelife.it\/news\/wp-content\/uploads\/2016\/03\/107202-opel-astra-297476-960x1416.jpg\" class=\"attachment-large size-large no-lazy\" alt=\"\" srcset=\"https:\/\/www.drivelife.it\/news\/wp-content\/uploads\/2016\/03\/107202-opel-astra-297476-960x1416.jpg 960w, https:\/\/www.drivelife.it\/news\/wp-content\/uploads\/2016\/03\/107202-opel-astra-297476-580x855.jpg 580w, https:\/\/www.drivelife.it\/news\/wp-content\/uploads\/2016\/03\/107202-opel-astra-297476-768x1133.jpg 768w, https:\/\/www.drivelife.it\/news\/wp-content\/uploads\/2016\/03\/107202-opel-astra-297476-300x442.jpg 300w, https:\/\/www.drivelife.it\/news\/wp-content\/uploads\/2016\/03\/107202-opel-astra-297476.jpg 1302w\" sizes=\"auto, (max-width: 960px) 100vw, 960px\" \/><\/a>\n\t\t\t<\/dt><\/dl><dl class='gallery-item'>\n\t\t\t<dt class='gallery-icon landscape'>\n\t\t\t\t<a href='https:\/\/www.drivelife.it\/news\/2016\/03\/02\/gims-2016-opel-astra-auto-dell-anno-2016\/107202-opel-astra-297489\/'><img loading=\"lazy\" decoding=\"async\" width=\"960\" height=\"640\" src=\"https:\/\/www.drivelife.it\/news\/wp-content\/uploads\/2016\/03\/107202-opel-astra-297489-960x640.jpg\" class=\"attachment-large size-large no-lazy\" alt=\"\" srcset=\"https:\/\/www.drivelife.it\/news\/wp-content\/uploads\/2016\/03\/107202-opel-astra-297489-960x640.jpg 960w, https:\/\/www.drivelife.it\/news\/wp-content\/uploads\/2016\/03\/107202-opel-astra-297489-580x387.jpg 580w, https:\/\/www.drivelife.it\/news\/wp-content\/uploads\/2016\/03\/107202-opel-astra-297489-768x512.jpg 768w, https:\/\/www.drivelife.it\/news\/wp-content\/uploads\/2016\/03\/107202-opel-astra-297489-300x200.jpg 300w, https:\/\/www.drivelife.it\/news\/wp-content\/uploads\/2016\/03\/107202-opel-astra-297489.jpg 1920w\" sizes=\"auto, (max-width: 960px) 100vw, 960px\" \/><\/a>\n\t\t\t<\/dt><\/dl><br style=\"clear: both\" \/>\n\t\t<\/div>\n<br \/>\n&nbsp;<br \/>\n&nbsp;<br \/>\n&nbsp;<br \/>\n<iframe loading=\"lazy\" src=\"\/\/player.vimeo.com\/hubnut\/portfolio\/534523?color=44bbff&amp;background=ffffff&amp;slideshow=0&amp;video_title=0&amp;video_byline=0\" width=\"720\" height=\"576\" frameborder=\"0\" webkitAllowFullScreen mozallowfullscreen allowFullScreen><\/iframe><\/p>\n","protected":false},"excerpt":{"rendered":"<p>OPEL ASTRA AUTO DELL&#8217;ANNO 2016 IN DRIVELIFE PUNTATA DEL 5 MARZO &#8211; Per restare vicini al concreto allontanandoci dunque dal sogno ecco l\u2019altra regina di Ginevra. Per due motivi: \u00e8 una delle due automobili pi\u00f9 vendute in Europa&#8230; https:\/\/vimeo.com\/157747688 &nbsp;<\/p>\n","protected":false},"author":1,"featured_media":9269,"comment_status":"open","ping_status":"open","sticky":false,"template":"","format":"video","meta":{"ngg_post_thumbnail":0,"footnotes":""},"categories":[39,55,41,71,759,53],"tags":[827,825,826,229,230,305],"class_list":["post-9268","post","type-post","status-publish","format-video","has-post-thumbnail","hentry","category-automotive","category-news","category-opel","category-puntata-drivelife","category-puntate-drivelife-tv-2016","category-video","tag-gims","tag-auto-dellanno-2016","tag-car-of-the-year-2016","tag-opel-2","tag-opel-astra","tag-vimeo","post_format-post-format-video"],"yoast_head":"<!-- This site is optimized with the Yoast SEO plugin v27.5 - https:\/\/yoast.com\/product\/yoast-seo-wordpress\/ -->\n<title>#GIMS 2016, OPEL ASTRA - #lucalife<\/title>\n<meta name=\"robots\" content=\"index, follow, max-snippet:-1, max-image-preview:large, max-video-preview:-1\" \/>\n<link rel=\"canonical\" href=\"https:\/\/www.drivelife.it\/news\/2016\/03\/02\/gims-2016-opel-astra-auto-dell-anno-2016\/\" \/>\n<meta property=\"og:locale\" content=\"en_US\" \/>\n<meta property=\"og:type\" content=\"article\" \/>\n<meta property=\"og:title\" content=\"#GIMS 2016, OPEL ASTRA - #lucalife\" \/>\n<meta property=\"og:description\" content=\"OPEL ASTRA AUTO DELL&#8217;ANNO 2016 IN DRIVELIFE PUNTATA DEL 5 MARZO &#8211; Per restare vicini al concreto allontanandoci dunque dal sogno ecco l\u2019altra regina di Ginevra. Per due motivi: \u00e8 una delle due automobili pi\u00f9 vendute in Europa&#8230; https:\/\/vimeo.com\/157747688 &nbsp;\" \/>\n<meta property=\"og:url\" content=\"https:\/\/www.drivelife.it\/news\/2016\/03\/02\/gims-2016-opel-astra-auto-dell-anno-2016\/\" \/>\n<meta property=\"og:site_name\" content=\"#lucalife\" \/>\n<meta property=\"article:publisher\" content=\"https:\/\/www.facebook.com\/pages\/Drivelife\/467833073239720\" \/>\n<meta property=\"article:published_time\" content=\"2016-03-02T21:17:14+00:00\" \/>\n<meta property=\"article:modified_time\" content=\"2016-03-05T08:08:11+00:00\" \/>\n<meta property=\"og:image\" content=\"https:\/\/www.drivelife.it\/news\/wp-content\/uploads\/2016\/03\/107202-opel-astra-297481.jpg\" \/>\n\t<meta property=\"og:image:width\" content=\"1920\" \/>\n\t<meta property=\"og:image:height\" content=\"1216\" \/>\n\t<meta property=\"og:image:type\" content=\"image\/jpeg\" \/>\n<meta name=\"author\" content=\"Redazione\" \/>\n<meta name=\"twitter:card\" content=\"summary_large_image\" \/>\n<meta name=\"twitter:creator\" content=\"@tweetdrivelife\" \/>\n<meta name=\"twitter:site\" content=\"@tweetdrivelife\" \/>\n<meta name=\"twitter:label1\" content=\"Written by\" \/>\n\t<meta name=\"twitter:data1\" content=\"Redazione\" \/>\n\t<meta name=\"twitter:label2\" content=\"Est. reading time\" \/>\n\t<meta name=\"twitter:data2\" content=\"1 minute\" \/>\n<script type=\"application\/ld+json\" class=\"yoast-schema-graph\">{\"@context\":\"https:\\\/\\\/schema.org\",\"@graph\":[{\"@type\":\"Article\",\"@id\":\"https:\\\/\\\/www.drivelife.it\\\/news\\\/2016\\\/03\\\/02\\\/gims-2016-opel-astra-auto-dell-anno-2016\\\/#article\",\"isPartOf\":{\"@id\":\"https:\\\/\\\/www.drivelife.it\\\/news\\\/2016\\\/03\\\/02\\\/gims-2016-opel-astra-auto-dell-anno-2016\\\/\"},\"author\":{\"name\":\"Redazione\",\"@id\":\"https:\\\/\\\/www.drivelife.it\\\/news\\\/#\\\/schema\\\/person\\\/b6c194c3423ff451be4914f5fd9c2188\"},\"headline\":\"#GIMS 2016, OPEL ASTRA\",\"datePublished\":\"2016-03-02T21:17:14+00:00\",\"dateModified\":\"2016-03-05T08:08:11+00:00\",\"mainEntityOfPage\":{\"@id\":\"https:\\\/\\\/www.drivelife.it\\\/news\\\/2016\\\/03\\\/02\\\/gims-2016-opel-astra-auto-dell-anno-2016\\\/\"},\"wordCount\":248,\"commentCount\":0,\"image\":{\"@id\":\"https:\\\/\\\/www.drivelife.it\\\/news\\\/2016\\\/03\\\/02\\\/gims-2016-opel-astra-auto-dell-anno-2016\\\/#primaryimage\"},\"thumbnailUrl\":\"https:\\\/\\\/www.drivelife.it\\\/news\\\/wp-content\\\/uploads\\\/2016\\\/03\\\/107202-opel-astra-297481.jpg\",\"keywords\":[\"#GIMS\",\"auto dell'anno 2016\",\"car of the year 2016\",\"Opel\",\"Opel Astra\",\"vimeo\"],\"articleSection\":[\"AUTOMOTIVE\",\"NEWS\",\"OPEL\",\"PUNTATA DRIVELIFE\",\"PUNTATE DRIVELIFE TV 2016\",\"VIDEO\"],\"inLanguage\":\"en-US\",\"potentialAction\":[{\"@type\":\"CommentAction\",\"name\":\"Comment\",\"target\":[\"https:\\\/\\\/www.drivelife.it\\\/news\\\/2016\\\/03\\\/02\\\/gims-2016-opel-astra-auto-dell-anno-2016\\\/#respond\"]}]},{\"@type\":\"WebPage\",\"@id\":\"https:\\\/\\\/www.drivelife.it\\\/news\\\/2016\\\/03\\\/02\\\/gims-2016-opel-astra-auto-dell-anno-2016\\\/\",\"url\":\"https:\\\/\\\/www.drivelife.it\\\/news\\\/2016\\\/03\\\/02\\\/gims-2016-opel-astra-auto-dell-anno-2016\\\/\",\"name\":\"#GIMS 2016, OPEL ASTRA - #lucalife\",\"isPartOf\":{\"@id\":\"https:\\\/\\\/www.drivelife.it\\\/news\\\/#website\"},\"primaryImageOfPage\":{\"@id\":\"https:\\\/\\\/www.drivelife.it\\\/news\\\/2016\\\/03\\\/02\\\/gims-2016-opel-astra-auto-dell-anno-2016\\\/#primaryimage\"},\"image\":{\"@id\":\"https:\\\/\\\/www.drivelife.it\\\/news\\\/2016\\\/03\\\/02\\\/gims-2016-opel-astra-auto-dell-anno-2016\\\/#primaryimage\"},\"thumbnailUrl\":\"https:\\\/\\\/www.drivelife.it\\\/news\\\/wp-content\\\/uploads\\\/2016\\\/03\\\/107202-opel-astra-297481.jpg\",\"datePublished\":\"2016-03-02T21:17:14+00:00\",\"dateModified\":\"2016-03-05T08:08:11+00:00\",\"author\":{\"@id\":\"https:\\\/\\\/www.drivelife.it\\\/news\\\/#\\\/schema\\\/person\\\/b6c194c3423ff451be4914f5fd9c2188\"},\"breadcrumb\":{\"@id\":\"https:\\\/\\\/www.drivelife.it\\\/news\\\/2016\\\/03\\\/02\\\/gims-2016-opel-astra-auto-dell-anno-2016\\\/#breadcrumb\"},\"inLanguage\":\"en-US\",\"potentialAction\":[{\"@type\":\"ReadAction\",\"target\":[\"https:\\\/\\\/www.drivelife.it\\\/news\\\/2016\\\/03\\\/02\\\/gims-2016-opel-astra-auto-dell-anno-2016\\\/\"]}]},{\"@type\":\"ImageObject\",\"inLanguage\":\"en-US\",\"@id\":\"https:\\\/\\\/www.drivelife.it\\\/news\\\/2016\\\/03\\\/02\\\/gims-2016-opel-astra-auto-dell-anno-2016\\\/#primaryimage\",\"url\":\"https:\\\/\\\/www.drivelife.it\\\/news\\\/wp-content\\\/uploads\\\/2016\\\/03\\\/107202-opel-astra-297481.jpg\",\"contentUrl\":\"https:\\\/\\\/www.drivelife.it\\\/news\\\/wp-content\\\/uploads\\\/2016\\\/03\\\/107202-opel-astra-297481.jpg\",\"width\":1920,\"height\":1216,\"caption\":\"Opel Astra, Auto dell'Anno 2016\"},{\"@type\":\"BreadcrumbList\",\"@id\":\"https:\\\/\\\/www.drivelife.it\\\/news\\\/2016\\\/03\\\/02\\\/gims-2016-opel-astra-auto-dell-anno-2016\\\/#breadcrumb\",\"itemListElement\":[{\"@type\":\"ListItem\",\"position\":1,\"name\":\"Home\",\"item\":\"https:\\\/\\\/www.drivelife.it\\\/news\\\/\"},{\"@type\":\"ListItem\",\"position\":2,\"name\":\"#GIMS 2016, OPEL ASTRA\"}]},{\"@type\":\"WebSite\",\"@id\":\"https:\\\/\\\/www.drivelife.it\\\/news\\\/#website\",\"url\":\"https:\\\/\\\/www.drivelife.it\\\/news\\\/\",\"name\":\"#lucalife\",\"description\":\"DRIVELIFE le mie automobili\",\"potentialAction\":[{\"@type\":\"SearchAction\",\"target\":{\"@type\":\"EntryPoint\",\"urlTemplate\":\"https:\\\/\\\/www.drivelife.it\\\/news\\\/?s={search_term_string}\"},\"query-input\":{\"@type\":\"PropertyValueSpecification\",\"valueRequired\":true,\"valueName\":\"search_term_string\"}}],\"inLanguage\":\"en-US\"},{\"@type\":\"Person\",\"@id\":\"https:\\\/\\\/www.drivelife.it\\\/news\\\/#\\\/schema\\\/person\\\/b6c194c3423ff451be4914f5fd9c2188\",\"name\":\"Redazione\",\"image\":{\"@type\":\"ImageObject\",\"inLanguage\":\"en-US\",\"@id\":\"https:\\\/\\\/secure.gravatar.com\\\/avatar\\\/8d186f6b07ba8a94441344759f0e13bf1909b6ceaa171df0425551b4590fd558?s=96&d=mm&r=g\",\"url\":\"https:\\\/\\\/secure.gravatar.com\\\/avatar\\\/8d186f6b07ba8a94441344759f0e13bf1909b6ceaa171df0425551b4590fd558?s=96&d=mm&r=g\",\"contentUrl\":\"https:\\\/\\\/secure.gravatar.com\\\/avatar\\\/8d186f6b07ba8a94441344759f0e13bf1909b6ceaa171df0425551b4590fd558?s=96&d=mm&r=g\",\"caption\":\"Redazione\"},\"url\":\"https:\\\/\\\/www.drivelife.it\\\/news\\\/author\\\/admin\\\/\"}]}<\/script>\n<!-- \/ Yoast SEO plugin. -->","yoast_head_json":{"title":"#GIMS 2016, OPEL ASTRA - #lucalife","robots":{"index":"index","follow":"follow","max-snippet":"max-snippet:-1","max-image-preview":"max-image-preview:large","max-video-preview":"max-video-preview:-1"},"canonical":"https:\/\/www.drivelife.it\/news\/2016\/03\/02\/gims-2016-opel-astra-auto-dell-anno-2016\/","og_locale":"en_US","og_type":"article","og_title":"#GIMS 2016, OPEL ASTRA - #lucalife","og_description":"OPEL ASTRA AUTO DELL&#8217;ANNO 2016 IN DRIVELIFE PUNTATA DEL 5 MARZO &#8211; Per restare vicini al concreto allontanandoci dunque dal sogno ecco l\u2019altra regina di Ginevra. Per due motivi: \u00e8 una delle due automobili pi\u00f9 vendute in Europa&#8230; https:\/\/vimeo.com\/157747688 &nbsp;","og_url":"https:\/\/www.drivelife.it\/news\/2016\/03\/02\/gims-2016-opel-astra-auto-dell-anno-2016\/","og_site_name":"#lucalife","article_publisher":"https:\/\/www.facebook.com\/pages\/Drivelife\/467833073239720","article_published_time":"2016-03-02T21:17:14+00:00","article_modified_time":"2016-03-05T08:08:11+00:00","og_image":[{"width":1920,"height":1216,"url":"https:\/\/www.drivelife.it\/news\/wp-content\/uploads\/2016\/03\/107202-opel-astra-297481.jpg","type":"image\/jpeg"}],"author":"Redazione","twitter_card":"summary_large_image","twitter_creator":"@tweetdrivelife","twitter_site":"@tweetdrivelife","twitter_misc":{"Written by":"Redazione","Est. reading time":"1 minute"},"schema":{"@context":"https:\/\/schema.org","@graph":[{"@type":"Article","@id":"https:\/\/www.drivelife.it\/news\/2016\/03\/02\/gims-2016-opel-astra-auto-dell-anno-2016\/#article","isPartOf":{"@id":"https:\/\/www.drivelife.it\/news\/2016\/03\/02\/gims-2016-opel-astra-auto-dell-anno-2016\/"},"author":{"name":"Redazione","@id":"https:\/\/www.drivelife.it\/news\/#\/schema\/person\/b6c194c3423ff451be4914f5fd9c2188"},"headline":"#GIMS 2016, OPEL ASTRA","datePublished":"2016-03-02T21:17:14+00:00","dateModified":"2016-03-05T08:08:11+00:00","mainEntityOfPage":{"@id":"https:\/\/www.drivelife.it\/news\/2016\/03\/02\/gims-2016-opel-astra-auto-dell-anno-2016\/"},"wordCount":248,"commentCount":0,"image":{"@id":"https:\/\/www.drivelife.it\/news\/2016\/03\/02\/gims-2016-opel-astra-auto-dell-anno-2016\/#primaryimage"},"thumbnailUrl":"https:\/\/www.drivelife.it\/news\/wp-content\/uploads\/2016\/03\/107202-opel-astra-297481.jpg","keywords":["#GIMS","auto dell'anno 2016","car of the year 2016","Opel","Opel Astra","vimeo"],"articleSection":["AUTOMOTIVE","NEWS","OPEL","PUNTATA DRIVELIFE","PUNTATE DRIVELIFE TV 2016","VIDEO"],"inLanguage":"en-US","potentialAction":[{"@type":"CommentAction","name":"Comment","target":["https:\/\/www.drivelife.it\/news\/2016\/03\/02\/gims-2016-opel-astra-auto-dell-anno-2016\/#respond"]}]},{"@type":"WebPage","@id":"https:\/\/www.drivelife.it\/news\/2016\/03\/02\/gims-2016-opel-astra-auto-dell-anno-2016\/","url":"https:\/\/www.drivelife.it\/news\/2016\/03\/02\/gims-2016-opel-astra-auto-dell-anno-2016\/","name":"#GIMS 2016, OPEL ASTRA - #lucalife","isPartOf":{"@id":"https:\/\/www.drivelife.it\/news\/#website"},"primaryImageOfPage":{"@id":"https:\/\/www.drivelife.it\/news\/2016\/03\/02\/gims-2016-opel-astra-auto-dell-anno-2016\/#primaryimage"},"image":{"@id":"https:\/\/www.drivelife.it\/news\/2016\/03\/02\/gims-2016-opel-astra-auto-dell-anno-2016\/#primaryimage"},"thumbnailUrl":"https:\/\/www.drivelife.it\/news\/wp-content\/uploads\/2016\/03\/107202-opel-astra-297481.jpg","datePublished":"2016-03-02T21:17:14+00:00","dateModified":"2016-03-05T08:08:11+00:00","author":{"@id":"https:\/\/www.drivelife.it\/news\/#\/schema\/person\/b6c194c3423ff451be4914f5fd9c2188"},"breadcrumb":{"@id":"https:\/\/www.drivelife.it\/news\/2016\/03\/02\/gims-2016-opel-astra-auto-dell-anno-2016\/#breadcrumb"},"inLanguage":"en-US","potentialAction":[{"@type":"ReadAction","target":["https:\/\/www.drivelife.it\/news\/2016\/03\/02\/gims-2016-opel-astra-auto-dell-anno-2016\/"]}]},{"@type":"ImageObject","inLanguage":"en-US","@id":"https:\/\/www.drivelife.it\/news\/2016\/03\/02\/gims-2016-opel-astra-auto-dell-anno-2016\/#primaryimage","url":"https:\/\/www.drivelife.it\/news\/wp-content\/uploads\/2016\/03\/107202-opel-astra-297481.jpg","contentUrl":"https:\/\/www.drivelife.it\/news\/wp-content\/uploads\/2016\/03\/107202-opel-astra-297481.jpg","width":1920,"height":1216,"caption":"Opel Astra, Auto dell'Anno 2016"},{"@type":"BreadcrumbList","@id":"https:\/\/www.drivelife.it\/news\/2016\/03\/02\/gims-2016-opel-astra-auto-dell-anno-2016\/#breadcrumb","itemListElement":[{"@type":"ListItem","position":1,"name":"Home","item":"https:\/\/www.drivelife.it\/news\/"},{"@type":"ListItem","position":2,"name":"#GIMS 2016, OPEL ASTRA"}]},{"@type":"WebSite","@id":"https:\/\/www.drivelife.it\/news\/#website","url":"https:\/\/www.drivelife.it\/news\/","name":"#lucalife","description":"DRIVELIFE le mie automobili","potentialAction":[{"@type":"SearchAction","target":{"@type":"EntryPoint","urlTemplate":"https:\/\/www.drivelife.it\/news\/?s={search_term_string}"},"query-input":{"@type":"PropertyValueSpecification","valueRequired":true,"valueName":"search_term_string"}}],"inLanguage":"en-US"},{"@type":"Person","@id":"https:\/\/www.drivelife.it\/news\/#\/schema\/person\/b6c194c3423ff451be4914f5fd9c2188","name":"Redazione","image":{"@type":"ImageObject","inLanguage":"en-US","@id":"https:\/\/secure.gravatar.com\/avatar\/8d186f6b07ba8a94441344759f0e13bf1909b6ceaa171df0425551b4590fd558?s=96&d=mm&r=g","url":"https:\/\/secure.gravatar.com\/avatar\/8d186f6b07ba8a94441344759f0e13bf1909b6ceaa171df0425551b4590fd558?s=96&d=mm&r=g","contentUrl":"https:\/\/secure.gravatar.com\/avatar\/8d186f6b07ba8a94441344759f0e13bf1909b6ceaa171df0425551b4590fd558?s=96&d=mm&r=g","caption":"Redazione"},"url":"https:\/\/www.drivelife.it\/news\/author\/admin\/"}]}},"amp_enabled":true,"_links":{"self":[{"href":"https:\/\/www.drivelife.it\/news\/wp-json\/wp\/v2\/posts\/9268","targetHints":{"allow":["GET"]}}],"collection":[{"href":"https:\/\/www.drivelife.it\/news\/wp-json\/wp\/v2\/posts"}],"about":[{"href":"https:\/\/www.drivelife.it\/news\/wp-json\/wp\/v2\/types\/post"}],"author":[{"embeddable":true,"href":"https:\/\/www.drivelife.it\/news\/wp-json\/wp\/v2\/users\/1"}],"replies":[{"embeddable":true,"href":"https:\/\/www.drivelife.it\/news\/wp-json\/wp\/v2\/comments?post=9268"}],"version-history":[{"count":9,"href":"https:\/\/www.drivelife.it\/news\/wp-json\/wp\/v2\/posts\/9268\/revisions"}],"predecessor-version":[{"id":9429,"href":"https:\/\/www.drivelife.it\/news\/wp-json\/wp\/v2\/posts\/9268\/revisions\/9429"}],"wp:featuredmedia":[{"embeddable":true,"href":"https:\/\/www.drivelife.it\/news\/wp-json\/wp\/v2\/media\/9269"}],"wp:attachment":[{"href":"https:\/\/www.drivelife.it\/news\/wp-json\/wp\/v2\/media?parent=9268"}],"wp:term":[{"taxonomy":"category","embeddable":true,"href":"https:\/\/www.drivelife.it\/news\/wp-json\/wp\/v2\/categories?post=9268"},{"taxonomy":"post_tag","embeddable":true,"href":"https:\/\/www.drivelife.it\/news\/wp-json\/wp\/v2\/tags?post=9268"}],"curies":[{"name":"wp","href":"https:\/\/api.w.org\/{rel}","templated":true}]}}