{"id":9230,"date":"2016-03-01T09:36:35","date_gmt":"2016-03-01T09:36:35","guid":{"rendered":"http:\/\/www.drivelife.it\/news\/?p=9230"},"modified":"2016-03-05T08:12:20","modified_gmt":"2016-03-05T08:12:20","slug":"ginevra-2016-tutte-le-novita-del-salone-svizzero","status":"publish","type":"post","link":"https:\/\/www.drivelife.it\/news\/2016\/03\/01\/ginevra-2016-tutte-le-novita-del-salone-svizzero\/","title":{"rendered":"GINEVRA 2016"},"content":{"rendered":"<p>DRIVELIFE PUNTATA DEL 5 MARZO: #GIMS2016<br \/>\nhttps:\/\/vimeo.com\/157747688<br \/>\n&nbsp;<br \/>\n&nbsp;<br \/>\n&nbsp;<br \/>\nSOMMARIO DELLA PUNTATA DEL 5 MARZO 2016<br \/>\n#GIMS2016, Geneve International Motor Show, 02\u201937\u201d &#8211; BUGATTI CHIRON, 01\u201906\u201d &#8211; OPEL ASTRA, AUTO DELL\u2019ANNO 2016, 01\u201901\u201d &#8211; OPEL GT CONCEPT, 01\u201916\u201d &#8211; PORSCHE 911 R, 01\u201900\u201d &#8211; ABARTH 124 SPIDER, 02\u201906\u201d &#8211; AUDI Q2, 01\u201930&#8243;<br \/>\n&nbsp;<br \/>\n<!--more--><br \/>\n&nbsp;<br \/>\nSTART A: INTRO, 00&#8242; 34&#8243; &#8211; BUGATTI CHIRON, 03&#8242; 15&#8243; &#8211; OPEL ASTRA AUTO DELL&#8217;ANNO 2016, 04&#8242; 26&#8243; &#8211; OPEL GT CONCEPT, 05&#8242; 29&#8243; &#8211; PORSCHE 911 R, 06&#8242; 49&#8243; &#8211; ABARTH 124 SPIDER, 07&#8242; 51&#8243; &#8211; AUDI Q2, 10&#8242; 03&#8243;<br \/>\n&nbsp;<br \/>\nDRIVELIFE INTRO #GIMS2016<br \/>\nhttps:\/\/vimeo.com\/157727777<br \/>\n&nbsp;<br \/>\n&nbsp;<br \/>\n&nbsp;<br \/>\nhttps:\/\/vimeo.com\/157426875<br \/>\n&nbsp;<br \/>\nvimeo HUBNUT GINEVRA 2016<br \/>\n&nbsp;<br \/>\n<iframe loading=\"lazy\" src=\"\/\/player.vimeo.com\/hubnut\/portfolio\/534523?color=44bbff&amp;background=ffffff&amp;slideshow=0&amp;video_title=0&amp;video_byline=0\" width=\"720\" height=\"576\" frameborder=\"0\" webkitAllowFullScreen mozallowfullscreen allowFullScreen><\/iframe><br \/>\n&nbsp;<br \/>\nhttps:\/\/vimeo.com\/157135210<br \/>\n&nbsp;<br \/>\n<div id=\"attachment_9232\" style=\"width: 730px\" class=\"wp-caption alignnone\"><img loading=\"lazy\" decoding=\"async\" aria-describedby=\"caption-attachment-9232\" src=\"http:\/\/www.drivelife.it\/news\/wp-content\/uploads\/2016\/03\/108348-cl_16021017-1-960x721.jpg\" alt=\"e-mehari, l&#039;ultima interpretazione dello spirito libero su quattro ruote\" width=\"720\" height=\"541\" class=\"size-large wp-image-9232\" srcset=\"https:\/\/www.drivelife.it\/news\/wp-content\/uploads\/2016\/03\/108348-cl_16021017-1-960x721.jpg 960w, https:\/\/www.drivelife.it\/news\/wp-content\/uploads\/2016\/03\/108348-cl_16021017-1-580x435.jpg 580w, https:\/\/www.drivelife.it\/news\/wp-content\/uploads\/2016\/03\/108348-cl_16021017-1-768x576.jpg 768w, https:\/\/www.drivelife.it\/news\/wp-content\/uploads\/2016\/03\/108348-cl_16021017-1-300x225.jpg 300w, https:\/\/www.drivelife.it\/news\/wp-content\/uploads\/2016\/03\/108348-cl_16021017-1.jpg 1920w\" sizes=\"auto, (max-width: 720px) 100vw, 720px\" \/><p id=\"caption-attachment-9232\" class=\"wp-caption-text\">e-mehari, l&#8217;ultima interpretazione dello spirito libero su quattro ruote<\/p><\/div><\/p>\n<h2>Nessun evento legato al mondo dell&#8217;automobile<br \/>\ncome un salone \u00e8 il posto migliore<br \/>\ndove sognare il prossimo acquisto<\/h2>\n<p><!--more--><\/p>\n<p><em><strong>Redazione<\/strong><\/em> &#8211; L&#8217;esposizione dell&#8217;ultima novit\u00e0 in Europa ha per tradizione il debutto a Marzo, giorno pi\u00f9, giorno meno. La fiera svizzera, singolare l&#8217;assenza di un vero costruttore nazionale, ha un ruolo importante nella presentazione al pubblico delle novit\u00e0 che nel corso dell&#8217;anno saranno poi in concessionaria. A memoria &#8211; forse la mia \u00e8 corta &#8211; non ricordo perch\u00e9 questo ruolo \u00e8 stato deputato a Ginevra e non \u00e8 svolto da saloni altrettanto importanti come Parigi e Francoforte. O quello di Torino, che &#8211; anzi &#8211; \u00e8 stato cancellato dal calendario da tempo. \u00a0Internet, ed in misura minore, ma la televisione prima, hanno stravolto un po&#8217; le regole facendo passare in secondo piano l&#8217;articolo del quotidiano. Oggi per raccontare le novit\u00e0 del salone di Ginevra non \u00e8 necessario passeggiare sugli stand, facendo la fila per ottenere informazioni, magari\u00a0affannati, carichi di attrezzature e cartelle stampa. Basta essere davanti al proprio monitor e sfogliare le pagine web di un sito specializzato o di un quotidiano. Le novit\u00e0 arrivano in tempo reale: tutte le case automobilistiche &#8211; ormai &#8211; hanno un service che quasi in diretta, ma sono molte anche le dirette embed dallo stand, invia alla rete fotografie e video.<\/p>\n<p>Ma una cosa non il web non sar\u00e0 mai capace di trasferire: l&#8217;atmosfera. Per &#8220;respirarla&#8221; o sei sullo stand oppure non la respiri.<\/p>\n<h2>e-mehari citroen styled courr\u00e8ges<\/h2>\n\n\t\t<style>\n\t\t\t#gallery-1 {\n\t\t\t\tmargin: auto;\n\t\t\t}\n\t\t\t#gallery-1 .gallery-item {\n\t\t\t\tfloat: left;\n\t\t\t\tmargin-top: 10px;\n\t\t\t\ttext-align: center;\n\t\t\t\twidth: 33%;\n\t\t\t}\n\t\t\t#gallery-1 img {\n\t\t\t\tborder: 2px solid #cfcfcf;\n\t\t\t}\n\t\t\t#gallery-1 .gallery-caption {\n\t\t\t\tmargin-left: 0;\n\t\t\t}\n\t\t\t\/* see gallery_shortcode() in wp-includes\/media.php *\/\n\t\t<\/style>\n\t\t<div id='gallery-1' class='gallery galleryid-9230 gallery-columns-3 gallery-size-large'><dl class='gallery-item'>\n\t\t\t<dt class='gallery-icon landscape'>\n\t\t\t\t<a href='https:\/\/www.drivelife.it\/news\/2016\/03\/01\/ginevra-2016-tutte-le-novita-del-salone-svizzero\/108348-cl_16021014\/'><img loading=\"lazy\" decoding=\"async\" width=\"960\" height=\"720\" src=\"https:\/\/www.drivelife.it\/news\/wp-content\/uploads\/2016\/03\/108348-cl_16021014-960x720.jpg\" class=\"attachment-large size-large no-lazy\" alt=\"\" srcset=\"https:\/\/www.drivelife.it\/news\/wp-content\/uploads\/2016\/03\/108348-cl_16021014-960x720.jpg 960w, https:\/\/www.drivelife.it\/news\/wp-content\/uploads\/2016\/03\/108348-cl_16021014-580x435.jpg 580w, https:\/\/www.drivelife.it\/news\/wp-content\/uploads\/2016\/03\/108348-cl_16021014-768x576.jpg 768w, https:\/\/www.drivelife.it\/news\/wp-content\/uploads\/2016\/03\/108348-cl_16021014-300x225.jpg 300w, https:\/\/www.drivelife.it\/news\/wp-content\/uploads\/2016\/03\/108348-cl_16021014.jpg 1920w\" sizes=\"auto, (max-width: 960px) 100vw, 960px\" \/><\/a>\n\t\t\t<\/dt><\/dl><dl class='gallery-item'>\n\t\t\t<dt class='gallery-icon landscape'>\n\t\t\t\t<a href='https:\/\/www.drivelife.it\/news\/2016\/03\/01\/ginevra-2016-tutte-le-novita-del-salone-svizzero\/108348-cl_16021013\/'><img loading=\"lazy\" decoding=\"async\" width=\"960\" height=\"720\" src=\"https:\/\/www.drivelife.it\/news\/wp-content\/uploads\/2016\/03\/108348-cl_16021013-960x720.jpg\" class=\"attachment-large size-large no-lazy\" alt=\"\" srcset=\"https:\/\/www.drivelife.it\/news\/wp-content\/uploads\/2016\/03\/108348-cl_16021013-960x720.jpg 960w, https:\/\/www.drivelife.it\/news\/wp-content\/uploads\/2016\/03\/108348-cl_16021013-580x435.jpg 580w, https:\/\/www.drivelife.it\/news\/wp-content\/uploads\/2016\/03\/108348-cl_16021013-768x576.jpg 768w, https:\/\/www.drivelife.it\/news\/wp-content\/uploads\/2016\/03\/108348-cl_16021013-300x225.jpg 300w, https:\/\/www.drivelife.it\/news\/wp-content\/uploads\/2016\/03\/108348-cl_16021013.jpg 1920w\" sizes=\"auto, (max-width: 960px) 100vw, 960px\" \/><\/a>\n\t\t\t<\/dt><\/dl><dl class='gallery-item'>\n\t\t\t<dt class='gallery-icon landscape'>\n\t\t\t\t<a href='https:\/\/www.drivelife.it\/news\/2016\/03\/01\/ginevra-2016-tutte-le-novita-del-salone-svizzero\/108348-cl_16021015\/'><img loading=\"lazy\" decoding=\"async\" width=\"960\" height=\"720\" src=\"https:\/\/www.drivelife.it\/news\/wp-content\/uploads\/2016\/03\/108348-cl_16021015-960x720.jpg\" class=\"attachment-large size-large no-lazy\" alt=\"\" srcset=\"https:\/\/www.drivelife.it\/news\/wp-content\/uploads\/2016\/03\/108348-cl_16021015-960x720.jpg 960w, https:\/\/www.drivelife.it\/news\/wp-content\/uploads\/2016\/03\/108348-cl_16021015-580x435.jpg 580w, https:\/\/www.drivelife.it\/news\/wp-content\/uploads\/2016\/03\/108348-cl_16021015-768x576.jpg 768w, https:\/\/www.drivelife.it\/news\/wp-content\/uploads\/2016\/03\/108348-cl_16021015-300x225.jpg 300w, https:\/\/www.drivelife.it\/news\/wp-content\/uploads\/2016\/03\/108348-cl_16021015.jpg 1920w\" sizes=\"auto, (max-width: 960px) 100vw, 960px\" \/><\/a>\n\t\t\t<\/dt><\/dl><br style=\"clear: both\" \/><dl class='gallery-item'>\n\t\t\t<dt class='gallery-icon landscape'>\n\t\t\t\t<a href='https:\/\/www.drivelife.it\/news\/2016\/03\/01\/ginevra-2016-tutte-le-novita-del-salone-svizzero\/108348-cl_16021016\/'><img loading=\"lazy\" decoding=\"async\" width=\"960\" height=\"721\" src=\"https:\/\/www.drivelife.it\/news\/wp-content\/uploads\/2016\/03\/108348-cl_16021016-960x721.jpg\" class=\"attachment-large size-large no-lazy\" alt=\"\" srcset=\"https:\/\/www.drivelife.it\/news\/wp-content\/uploads\/2016\/03\/108348-cl_16021016-960x721.jpg 960w, https:\/\/www.drivelife.it\/news\/wp-content\/uploads\/2016\/03\/108348-cl_16021016-580x435.jpg 580w, https:\/\/www.drivelife.it\/news\/wp-content\/uploads\/2016\/03\/108348-cl_16021016-768x576.jpg 768w, https:\/\/www.drivelife.it\/news\/wp-content\/uploads\/2016\/03\/108348-cl_16021016-300x225.jpg 300w, https:\/\/www.drivelife.it\/news\/wp-content\/uploads\/2016\/03\/108348-cl_16021016.jpg 1920w\" sizes=\"auto, (max-width: 960px) 100vw, 960px\" \/><\/a>\n\t\t\t<\/dt><\/dl><dl class='gallery-item'>\n\t\t\t<dt class='gallery-icon landscape'>\n\t\t\t\t<a href='https:\/\/www.drivelife.it\/news\/2016\/03\/01\/ginevra-2016-tutte-le-novita-del-salone-svizzero\/108348-cl_16021017-3\/'><img loading=\"lazy\" decoding=\"async\" width=\"960\" height=\"721\" src=\"https:\/\/www.drivelife.it\/news\/wp-content\/uploads\/2016\/03\/108348-cl_16021017-2-960x721.jpg\" class=\"attachment-large size-large no-lazy\" alt=\"\" srcset=\"https:\/\/www.drivelife.it\/news\/wp-content\/uploads\/2016\/03\/108348-cl_16021017-2-960x721.jpg 960w, https:\/\/www.drivelife.it\/news\/wp-content\/uploads\/2016\/03\/108348-cl_16021017-2-580x435.jpg 580w, https:\/\/www.drivelife.it\/news\/wp-content\/uploads\/2016\/03\/108348-cl_16021017-2-768x576.jpg 768w, https:\/\/www.drivelife.it\/news\/wp-content\/uploads\/2016\/03\/108348-cl_16021017-2-300x225.jpg 300w, https:\/\/www.drivelife.it\/news\/wp-content\/uploads\/2016\/03\/108348-cl_16021017-2.jpg 1920w\" sizes=\"auto, (max-width: 960px) 100vw, 960px\" \/><\/a>\n\t\t\t<\/dt><\/dl><dl class='gallery-item'>\n\t\t\t<dt class='gallery-icon landscape'>\n\t\t\t\t<a href='https:\/\/www.drivelife.it\/news\/2016\/03\/01\/ginevra-2016-tutte-le-novita-del-salone-svizzero\/108348-cl_16021001\/'><img loading=\"lazy\" decoding=\"async\" width=\"960\" height=\"581\" src=\"https:\/\/www.drivelife.it\/news\/wp-content\/uploads\/2016\/03\/108348-cl_16021001-960x581.jpg\" class=\"attachment-large size-large no-lazy\" alt=\"\" srcset=\"https:\/\/www.drivelife.it\/news\/wp-content\/uploads\/2016\/03\/108348-cl_16021001-960x581.jpg 960w, https:\/\/www.drivelife.it\/news\/wp-content\/uploads\/2016\/03\/108348-cl_16021001-580x351.jpg 580w, https:\/\/www.drivelife.it\/news\/wp-content\/uploads\/2016\/03\/108348-cl_16021001-768x465.jpg 768w, https:\/\/www.drivelife.it\/news\/wp-content\/uploads\/2016\/03\/108348-cl_16021001-300x182.jpg 300w, https:\/\/www.drivelife.it\/news\/wp-content\/uploads\/2016\/03\/108348-cl_16021001.jpg 1920w\" sizes=\"auto, (max-width: 960px) 100vw, 960px\" \/><\/a>\n\t\t\t<\/dt><\/dl><br style=\"clear: both\" \/><dl class='gallery-item'>\n\t\t\t<dt class='gallery-icon landscape'>\n\t\t\t\t<a href='https:\/\/www.drivelife.it\/news\/2016\/03\/01\/ginevra-2016-tutte-le-novita-del-salone-svizzero\/108348-cl_16021002\/'><img loading=\"lazy\" decoding=\"async\" width=\"960\" height=\"581\" src=\"https:\/\/www.drivelife.it\/news\/wp-content\/uploads\/2016\/03\/108348-cl_16021002-960x581.jpg\" class=\"attachment-large size-large no-lazy\" alt=\"\" srcset=\"https:\/\/www.drivelife.it\/news\/wp-content\/uploads\/2016\/03\/108348-cl_16021002-960x581.jpg 960w, https:\/\/www.drivelife.it\/news\/wp-content\/uploads\/2016\/03\/108348-cl_16021002-580x351.jpg 580w, https:\/\/www.drivelife.it\/news\/wp-content\/uploads\/2016\/03\/108348-cl_16021002-768x465.jpg 768w, https:\/\/www.drivelife.it\/news\/wp-content\/uploads\/2016\/03\/108348-cl_16021002-300x182.jpg 300w, https:\/\/www.drivelife.it\/news\/wp-content\/uploads\/2016\/03\/108348-cl_16021002.jpg 1920w\" sizes=\"auto, (max-width: 960px) 100vw, 960px\" \/><\/a>\n\t\t\t<\/dt><\/dl><dl class='gallery-item'>\n\t\t\t<dt class='gallery-icon landscape'>\n\t\t\t\t<a href='https:\/\/www.drivelife.it\/news\/2016\/03\/01\/ginevra-2016-tutte-le-novita-del-salone-svizzero\/108348-cl_16021003\/'><img loading=\"lazy\" decoding=\"async\" width=\"960\" height=\"581\" src=\"https:\/\/www.drivelife.it\/news\/wp-content\/uploads\/2016\/03\/108348-cl_16021003-960x581.jpg\" class=\"attachment-large size-large no-lazy\" alt=\"\" srcset=\"https:\/\/www.drivelife.it\/news\/wp-content\/uploads\/2016\/03\/108348-cl_16021003-960x581.jpg 960w, https:\/\/www.drivelife.it\/news\/wp-content\/uploads\/2016\/03\/108348-cl_16021003-580x351.jpg 580w, https:\/\/www.drivelife.it\/news\/wp-content\/uploads\/2016\/03\/108348-cl_16021003-768x465.jpg 768w, https:\/\/www.drivelife.it\/news\/wp-content\/uploads\/2016\/03\/108348-cl_16021003-300x182.jpg 300w, https:\/\/www.drivelife.it\/news\/wp-content\/uploads\/2016\/03\/108348-cl_16021003.jpg 1920w\" sizes=\"auto, (max-width: 960px) 100vw, 960px\" \/><\/a>\n\t\t\t<\/dt><\/dl><dl class='gallery-item'>\n\t\t\t<dt class='gallery-icon landscape'>\n\t\t\t\t<a href='https:\/\/www.drivelife.it\/news\/2016\/03\/01\/ginevra-2016-tutte-le-novita-del-salone-svizzero\/108348-cl_16021004\/'><img loading=\"lazy\" decoding=\"async\" width=\"960\" height=\"581\" src=\"https:\/\/www.drivelife.it\/news\/wp-content\/uploads\/2016\/03\/108348-cl_16021004-960x581.jpg\" class=\"attachment-large size-large no-lazy\" alt=\"\" srcset=\"https:\/\/www.drivelife.it\/news\/wp-content\/uploads\/2016\/03\/108348-cl_16021004-960x581.jpg 960w, https:\/\/www.drivelife.it\/news\/wp-content\/uploads\/2016\/03\/108348-cl_16021004-580x351.jpg 580w, https:\/\/www.drivelife.it\/news\/wp-content\/uploads\/2016\/03\/108348-cl_16021004-768x465.jpg 768w, https:\/\/www.drivelife.it\/news\/wp-content\/uploads\/2016\/03\/108348-cl_16021004-300x182.jpg 300w, https:\/\/www.drivelife.it\/news\/wp-content\/uploads\/2016\/03\/108348-cl_16021004.jpg 1920w\" sizes=\"auto, (max-width: 960px) 100vw, 960px\" \/><\/a>\n\t\t\t<\/dt><\/dl><br style=\"clear: both\" \/><dl class='gallery-item'>\n\t\t\t<dt class='gallery-icon landscape'>\n\t\t\t\t<a href='https:\/\/www.drivelife.it\/news\/2016\/03\/01\/ginevra-2016-tutte-le-novita-del-salone-svizzero\/108348-cl_16021005\/'><img loading=\"lazy\" decoding=\"async\" width=\"960\" height=\"581\" src=\"https:\/\/www.drivelife.it\/news\/wp-content\/uploads\/2016\/03\/108348-cl_16021005-960x581.jpg\" class=\"attachment-large size-large no-lazy\" alt=\"\" srcset=\"https:\/\/www.drivelife.it\/news\/wp-content\/uploads\/2016\/03\/108348-cl_16021005-960x581.jpg 960w, https:\/\/www.drivelife.it\/news\/wp-content\/uploads\/2016\/03\/108348-cl_16021005-580x351.jpg 580w, https:\/\/www.drivelife.it\/news\/wp-content\/uploads\/2016\/03\/108348-cl_16021005-768x465.jpg 768w, https:\/\/www.drivelife.it\/news\/wp-content\/uploads\/2016\/03\/108348-cl_16021005-300x182.jpg 300w, https:\/\/www.drivelife.it\/news\/wp-content\/uploads\/2016\/03\/108348-cl_16021005.jpg 1920w\" sizes=\"auto, (max-width: 960px) 100vw, 960px\" \/><\/a>\n\t\t\t<\/dt><\/dl><dl class='gallery-item'>\n\t\t\t<dt class='gallery-icon landscape'>\n\t\t\t\t<a href='https:\/\/www.drivelife.it\/news\/2016\/03\/01\/ginevra-2016-tutte-le-novita-del-salone-svizzero\/108348-cl_16021007\/'><img loading=\"lazy\" decoding=\"async\" width=\"960\" height=\"669\" src=\"https:\/\/www.drivelife.it\/news\/wp-content\/uploads\/2016\/03\/108348-cl_16021007-960x669.jpg\" class=\"attachment-large size-large no-lazy\" alt=\"\" srcset=\"https:\/\/www.drivelife.it\/news\/wp-content\/uploads\/2016\/03\/108348-cl_16021007-960x669.jpg 960w, https:\/\/www.drivelife.it\/news\/wp-content\/uploads\/2016\/03\/108348-cl_16021007-580x404.jpg 580w, https:\/\/www.drivelife.it\/news\/wp-content\/uploads\/2016\/03\/108348-cl_16021007-768x535.jpg 768w, https:\/\/www.drivelife.it\/news\/wp-content\/uploads\/2016\/03\/108348-cl_16021007-300x209.jpg 300w, https:\/\/www.drivelife.it\/news\/wp-content\/uploads\/2016\/03\/108348-cl_16021007.jpg 1920w\" sizes=\"auto, (max-width: 960px) 100vw, 960px\" \/><\/a>\n\t\t\t<\/dt><\/dl><dl class='gallery-item'>\n\t\t\t<dt class='gallery-icon landscape'>\n\t\t\t\t<a href='https:\/\/www.drivelife.it\/news\/2016\/03\/01\/ginevra-2016-tutte-le-novita-del-salone-svizzero\/108348-cl_16021008\/'><img loading=\"lazy\" decoding=\"async\" width=\"960\" height=\"721\" src=\"https:\/\/www.drivelife.it\/news\/wp-content\/uploads\/2016\/03\/108348-cl_16021008-960x721.jpg\" class=\"attachment-large size-large no-lazy\" alt=\"\" srcset=\"https:\/\/www.drivelife.it\/news\/wp-content\/uploads\/2016\/03\/108348-cl_16021008-960x721.jpg 960w, https:\/\/www.drivelife.it\/news\/wp-content\/uploads\/2016\/03\/108348-cl_16021008-580x436.jpg 580w, https:\/\/www.drivelife.it\/news\/wp-content\/uploads\/2016\/03\/108348-cl_16021008-768x577.jpg 768w, https:\/\/www.drivelife.it\/news\/wp-content\/uploads\/2016\/03\/108348-cl_16021008-300x225.jpg 300w, https:\/\/www.drivelife.it\/news\/wp-content\/uploads\/2016\/03\/108348-cl_16021008.jpg 1920w\" sizes=\"auto, (max-width: 960px) 100vw, 960px\" \/><\/a>\n\t\t\t<\/dt><\/dl><br style=\"clear: both\" \/><dl class='gallery-item'>\n\t\t\t<dt class='gallery-icon landscape'>\n\t\t\t\t<a href='https:\/\/www.drivelife.it\/news\/2016\/03\/01\/ginevra-2016-tutte-le-novita-del-salone-svizzero\/108348-cl_16021009\/'><img loading=\"lazy\" decoding=\"async\" width=\"960\" height=\"721\" src=\"https:\/\/www.drivelife.it\/news\/wp-content\/uploads\/2016\/03\/108348-cl_16021009-960x721.jpg\" class=\"attachment-large size-large no-lazy\" alt=\"\" srcset=\"https:\/\/www.drivelife.it\/news\/wp-content\/uploads\/2016\/03\/108348-cl_16021009-960x721.jpg 960w, https:\/\/www.drivelife.it\/news\/wp-content\/uploads\/2016\/03\/108348-cl_16021009-580x436.jpg 580w, https:\/\/www.drivelife.it\/news\/wp-content\/uploads\/2016\/03\/108348-cl_16021009-768x577.jpg 768w, https:\/\/www.drivelife.it\/news\/wp-content\/uploads\/2016\/03\/108348-cl_16021009-300x225.jpg 300w, https:\/\/www.drivelife.it\/news\/wp-content\/uploads\/2016\/03\/108348-cl_16021009.jpg 1920w\" sizes=\"auto, (max-width: 960px) 100vw, 960px\" \/><\/a>\n\t\t\t<\/dt><\/dl><dl class='gallery-item'>\n\t\t\t<dt class='gallery-icon landscape'>\n\t\t\t\t<a href='https:\/\/www.drivelife.it\/news\/2016\/03\/01\/ginevra-2016-tutte-le-novita-del-salone-svizzero\/108348-cl_16021010\/'><img loading=\"lazy\" decoding=\"async\" width=\"960\" height=\"721\" src=\"https:\/\/www.drivelife.it\/news\/wp-content\/uploads\/2016\/03\/108348-cl_16021010-960x721.jpg\" class=\"attachment-large size-large no-lazy\" alt=\"\" srcset=\"https:\/\/www.drivelife.it\/news\/wp-content\/uploads\/2016\/03\/108348-cl_16021010-960x721.jpg 960w, https:\/\/www.drivelife.it\/news\/wp-content\/uploads\/2016\/03\/108348-cl_16021010-580x436.jpg 580w, https:\/\/www.drivelife.it\/news\/wp-content\/uploads\/2016\/03\/108348-cl_16021010-768x577.jpg 768w, https:\/\/www.drivelife.it\/news\/wp-content\/uploads\/2016\/03\/108348-cl_16021010-300x225.jpg 300w, https:\/\/www.drivelife.it\/news\/wp-content\/uploads\/2016\/03\/108348-cl_16021010.jpg 1920w\" sizes=\"auto, (max-width: 960px) 100vw, 960px\" \/><\/a>\n\t\t\t<\/dt><\/dl><dl class='gallery-item'>\n\t\t\t<dt class='gallery-icon landscape'>\n\t\t\t\t<a href='https:\/\/www.drivelife.it\/news\/2016\/03\/01\/ginevra-2016-tutte-le-novita-del-salone-svizzero\/108348-cl_16021011\/'><img loading=\"lazy\" decoding=\"async\" width=\"960\" height=\"721\" src=\"https:\/\/www.drivelife.it\/news\/wp-content\/uploads\/2016\/03\/108348-cl_16021011-960x721.jpg\" class=\"attachment-large size-large no-lazy\" alt=\"\" srcset=\"https:\/\/www.drivelife.it\/news\/wp-content\/uploads\/2016\/03\/108348-cl_16021011-960x721.jpg 960w, https:\/\/www.drivelife.it\/news\/wp-content\/uploads\/2016\/03\/108348-cl_16021011-580x436.jpg 580w, https:\/\/www.drivelife.it\/news\/wp-content\/uploads\/2016\/03\/108348-cl_16021011-768x577.jpg 768w, https:\/\/www.drivelife.it\/news\/wp-content\/uploads\/2016\/03\/108348-cl_16021011-300x225.jpg 300w, https:\/\/www.drivelife.it\/news\/wp-content\/uploads\/2016\/03\/108348-cl_16021011.jpg 1920w\" sizes=\"auto, (max-width: 960px) 100vw, 960px\" \/><\/a>\n\t\t\t<\/dt><\/dl><br style=\"clear: both\" \/><dl class='gallery-item'>\n\t\t\t<dt class='gallery-icon landscape'>\n\t\t\t\t<a href='https:\/\/www.drivelife.it\/news\/2016\/03\/01\/ginevra-2016-tutte-le-novita-del-salone-svizzero\/108348-cl_16021012\/'><img loading=\"lazy\" decoding=\"async\" width=\"960\" height=\"721\" src=\"https:\/\/www.drivelife.it\/news\/wp-content\/uploads\/2016\/03\/108348-cl_16021012-960x721.jpg\" class=\"attachment-large size-large no-lazy\" alt=\"\" srcset=\"https:\/\/www.drivelife.it\/news\/wp-content\/uploads\/2016\/03\/108348-cl_16021012-960x721.jpg 960w, https:\/\/www.drivelife.it\/news\/wp-content\/uploads\/2016\/03\/108348-cl_16021012-580x436.jpg 580w, https:\/\/www.drivelife.it\/news\/wp-content\/uploads\/2016\/03\/108348-cl_16021012-768x577.jpg 768w, https:\/\/www.drivelife.it\/news\/wp-content\/uploads\/2016\/03\/108348-cl_16021012-300x225.jpg 300w, https:\/\/www.drivelife.it\/news\/wp-content\/uploads\/2016\/03\/108348-cl_16021012.jpg 1920w\" sizes=\"auto, (max-width: 960px) 100vw, 960px\" \/><\/a>\n\t\t\t<\/dt><\/dl><dl class='gallery-item'>\n\t\t\t<dt class='gallery-icon landscape'>\n\t\t\t\t<a href='https:\/\/www.drivelife.it\/news\/2016\/03\/01\/ginevra-2016-tutte-le-novita-del-salone-svizzero\/108348-cl_16021006\/'><img loading=\"lazy\" decoding=\"async\" width=\"960\" height=\"721\" src=\"https:\/\/www.drivelife.it\/news\/wp-content\/uploads\/2016\/03\/108348-cl_16021006-960x721.jpg\" class=\"attachment-large size-large no-lazy\" alt=\"\" srcset=\"https:\/\/www.drivelife.it\/news\/wp-content\/uploads\/2016\/03\/108348-cl_16021006-960x721.jpg 960w, https:\/\/www.drivelife.it\/news\/wp-content\/uploads\/2016\/03\/108348-cl_16021006-580x436.jpg 580w, https:\/\/www.drivelife.it\/news\/wp-content\/uploads\/2016\/03\/108348-cl_16021006-768x577.jpg 768w, https:\/\/www.drivelife.it\/news\/wp-content\/uploads\/2016\/03\/108348-cl_16021006-300x225.jpg 300w, https:\/\/www.drivelife.it\/news\/wp-content\/uploads\/2016\/03\/108348-cl_16021006.jpg 1920w\" sizes=\"auto, (max-width: 960px) 100vw, 960px\" \/><\/a>\n\t\t\t<\/dt><\/dl>\n\t\t\t<br style='clear: both' \/>\n\t\t<\/div>\n\n<p>Qui i video di alcune delle novit\u00e0 da Ginevra 2016. Altri servizi in TV con la puntata del 5 Marzo.<\/p>\n<p>&nbsp;<br \/>\nhttps:\/\/vimeo.com\/157262569<br \/>\n&nbsp;<\/p>\n<h2>L&#8217;Opel Astra \u00e8 l&#8217;Auto dell&#8217;Anno 2016. I giornalisti della giuria internazionale cos\u00ec hanno votato. Ieri l&#8217;Oscar a Leonardo Di Caprio oggi il titolo di Car of the Year 2016 alla Opel Astra. Peccato che i metodi di assegnazione del voto siano profondamente diversi. <a href=\"http:\/\/www.ilpost.it\/2016\/02\/27\/perche-nessuno-anticipa-mai-i-vincitori-degli-oscar\/\">Leggi qui, un articolo extra settore.<br \/>\nMa ILLUMINANTE.<\/a> <\/h2>\n<p>&nbsp;<br \/>\nhttps:\/\/vimeo.com\/157265193<br \/>\n&nbsp;<br \/>\nhttps:\/\/vimeo.com\/157268740<br \/>\n&nbsp;<br \/>\nhttps:\/\/vimeo.com\/157253689<br \/>\n&nbsp;<br \/>\nhttps:\/\/vimeo.com\/157160672<br \/>\n&nbsp;<br \/>\nhttps:\/\/vimeo.com\/157159922<br \/>\n&nbsp;<br \/>\nhttps:\/\/vimeo.com\/157159921<br \/>\n&nbsp;<br \/>\nhttps:\/\/vimeo.com\/157141550<br \/>\n&nbsp;<br \/>\nhttps:\/\/vimeo.com\/157135212<br \/>\n&nbsp;<br \/>\nhttps:\/\/vimeo.com\/157126783<br \/>\n&nbsp;<br \/>\nhttps:\/\/vimeo.com\/157126781<br \/>\n&nbsp;<br \/>\nhttps:\/\/vimeo.com\/157126780<br \/>\n&nbsp;<\/p>\n","protected":false},"excerpt":{"rendered":"<p>DRIVELIFE PUNTATA DEL 5 MARZO: #GIMS2016 https:\/\/vimeo.com\/157747688 &nbsp; &nbsp; &nbsp; SOMMARIO DELLA PUNTATA DEL 5 MARZO 2016 #GIMS2016, Geneve International Motor Show, 02\u201937\u201d &#8211; BUGATTI CHIRON, 01\u201906\u201d &#8211; OPEL ASTRA, AUTO DELL\u2019ANNO 2016, 01\u201901\u201d &#8211; OPEL GT CONCEPT, 01\u201916\u201d &#8211; PORSCHE 911 R, 01\u201900\u201d &#8211; ABARTH 124 SPIDER, 02\u201906\u201d &#8211; AUDI Q2, 01\u201930&#8243; &nbsp;<\/p>\n","protected":false},"author":1,"featured_media":9231,"comment_status":"open","ping_status":"open","sticky":false,"template":"","format":"video","meta":{"ngg_post_thumbnail":0,"footnotes":""},"categories":[39,55,71,759,53],"tags":[823],"class_list":["post-9230","post","type-post","status-publish","format-video","has-post-thumbnail","hentry","category-automotive","category-news","category-puntata-drivelife","category-puntate-drivelife-tv-2016","category-video","tag-ginevra-2016","post_format-post-format-video"],"yoast_head":"<!-- This site is optimized with the Yoast SEO plugin v27.5 - https:\/\/yoast.com\/product\/yoast-seo-wordpress\/ -->\n<title>GINEVRA 2016 - #lucalife<\/title>\n<meta name=\"robots\" content=\"index, follow, max-snippet:-1, max-image-preview:large, max-video-preview:-1\" \/>\n<link rel=\"canonical\" href=\"https:\/\/www.drivelife.it\/news\/2016\/03\/01\/ginevra-2016-tutte-le-novita-del-salone-svizzero\/\" \/>\n<meta property=\"og:locale\" content=\"en_US\" \/>\n<meta property=\"og:type\" content=\"article\" \/>\n<meta property=\"og:title\" content=\"GINEVRA 2016 - #lucalife\" \/>\n<meta property=\"og:description\" content=\"DRIVELIFE PUNTATA DEL 5 MARZO: #GIMS2016 https:\/\/vimeo.com\/157747688 &nbsp; &nbsp; &nbsp; SOMMARIO DELLA PUNTATA DEL 5 MARZO 2016 #GIMS2016, Geneve International Motor Show, 02\u201937\u201d &#8211; BUGATTI CHIRON, 01\u201906\u201d &#8211; OPEL ASTRA, AUTO DELL\u2019ANNO 2016, 01\u201901\u201d &#8211; OPEL GT CONCEPT, 01\u201916\u201d &#8211; PORSCHE 911 R, 01\u201900\u201d &#8211; ABARTH 124 SPIDER, 02\u201906\u201d &#8211; AUDI Q2, 01\u201930&#8243; &nbsp;\" \/>\n<meta property=\"og:url\" content=\"https:\/\/www.drivelife.it\/news\/2016\/03\/01\/ginevra-2016-tutte-le-novita-del-salone-svizzero\/\" \/>\n<meta property=\"og:site_name\" content=\"#lucalife\" \/>\n<meta property=\"article:publisher\" content=\"https:\/\/www.facebook.com\/pages\/Drivelife\/467833073239720\" \/>\n<meta property=\"article:published_time\" content=\"2016-03-01T09:36:35+00:00\" \/>\n<meta property=\"article:modified_time\" content=\"2016-03-05T08:12:20+00:00\" \/>\n<meta property=\"og:image\" content=\"https:\/\/www.drivelife.it\/news\/wp-content\/uploads\/2016\/03\/108348-cl_16021017.jpg\" \/>\n\t<meta property=\"og:image:width\" content=\"1920\" \/>\n\t<meta property=\"og:image:height\" content=\"1441\" \/>\n\t<meta property=\"og:image:type\" content=\"image\/jpeg\" \/>\n<meta name=\"author\" content=\"Redazione\" \/>\n<meta name=\"twitter:card\" content=\"summary_large_image\" \/>\n<meta name=\"twitter:creator\" content=\"@tweetdrivelife\" \/>\n<meta name=\"twitter:site\" content=\"@tweetdrivelife\" \/>\n<meta name=\"twitter:label1\" content=\"Written by\" \/>\n\t<meta name=\"twitter:data1\" content=\"Redazione\" \/>\n\t<meta name=\"twitter:label2\" content=\"Est. reading time\" \/>\n\t<meta name=\"twitter:data2\" content=\"2 minutes\" \/>\n<script type=\"application\/ld+json\" class=\"yoast-schema-graph\">{\"@context\":\"https:\\\/\\\/schema.org\",\"@graph\":[{\"@type\":\"Article\",\"@id\":\"https:\\\/\\\/www.drivelife.it\\\/news\\\/2016\\\/03\\\/01\\\/ginevra-2016-tutte-le-novita-del-salone-svizzero\\\/#article\",\"isPartOf\":{\"@id\":\"https:\\\/\\\/www.drivelife.it\\\/news\\\/2016\\\/03\\\/01\\\/ginevra-2016-tutte-le-novita-del-salone-svizzero\\\/\"},\"author\":{\"name\":\"Redazione\",\"@id\":\"https:\\\/\\\/www.drivelife.it\\\/news\\\/#\\\/schema\\\/person\\\/b6c194c3423ff451be4914f5fd9c2188\"},\"headline\":\"GINEVRA 2016\",\"datePublished\":\"2016-03-01T09:36:35+00:00\",\"dateModified\":\"2016-03-05T08:12:20+00:00\",\"mainEntityOfPage\":{\"@id\":\"https:\\\/\\\/www.drivelife.it\\\/news\\\/2016\\\/03\\\/01\\\/ginevra-2016-tutte-le-novita-del-salone-svizzero\\\/\"},\"wordCount\":480,\"commentCount\":0,\"image\":{\"@id\":\"https:\\\/\\\/www.drivelife.it\\\/news\\\/2016\\\/03\\\/01\\\/ginevra-2016-tutte-le-novita-del-salone-svizzero\\\/#primaryimage\"},\"thumbnailUrl\":\"https:\\\/\\\/www.drivelife.it\\\/news\\\/wp-content\\\/uploads\\\/2016\\\/03\\\/108348-cl_16021017.jpg\",\"keywords\":[\"ginevra 2016\"],\"articleSection\":[\"AUTOMOTIVE\",\"NEWS\",\"PUNTATA DRIVELIFE\",\"PUNTATE DRIVELIFE TV 2016\",\"VIDEO\"],\"inLanguage\":\"en-US\",\"potentialAction\":[{\"@type\":\"CommentAction\",\"name\":\"Comment\",\"target\":[\"https:\\\/\\\/www.drivelife.it\\\/news\\\/2016\\\/03\\\/01\\\/ginevra-2016-tutte-le-novita-del-salone-svizzero\\\/#respond\"]}]},{\"@type\":\"WebPage\",\"@id\":\"https:\\\/\\\/www.drivelife.it\\\/news\\\/2016\\\/03\\\/01\\\/ginevra-2016-tutte-le-novita-del-salone-svizzero\\\/\",\"url\":\"https:\\\/\\\/www.drivelife.it\\\/news\\\/2016\\\/03\\\/01\\\/ginevra-2016-tutte-le-novita-del-salone-svizzero\\\/\",\"name\":\"GINEVRA 2016 - #lucalife\",\"isPartOf\":{\"@id\":\"https:\\\/\\\/www.drivelife.it\\\/news\\\/#website\"},\"primaryImageOfPage\":{\"@id\":\"https:\\\/\\\/www.drivelife.it\\\/news\\\/2016\\\/03\\\/01\\\/ginevra-2016-tutte-le-novita-del-salone-svizzero\\\/#primaryimage\"},\"image\":{\"@id\":\"https:\\\/\\\/www.drivelife.it\\\/news\\\/2016\\\/03\\\/01\\\/ginevra-2016-tutte-le-novita-del-salone-svizzero\\\/#primaryimage\"},\"thumbnailUrl\":\"https:\\\/\\\/www.drivelife.it\\\/news\\\/wp-content\\\/uploads\\\/2016\\\/03\\\/108348-cl_16021017.jpg\",\"datePublished\":\"2016-03-01T09:36:35+00:00\",\"dateModified\":\"2016-03-05T08:12:20+00:00\",\"author\":{\"@id\":\"https:\\\/\\\/www.drivelife.it\\\/news\\\/#\\\/schema\\\/person\\\/b6c194c3423ff451be4914f5fd9c2188\"},\"breadcrumb\":{\"@id\":\"https:\\\/\\\/www.drivelife.it\\\/news\\\/2016\\\/03\\\/01\\\/ginevra-2016-tutte-le-novita-del-salone-svizzero\\\/#breadcrumb\"},\"inLanguage\":\"en-US\",\"potentialAction\":[{\"@type\":\"ReadAction\",\"target\":[\"https:\\\/\\\/www.drivelife.it\\\/news\\\/2016\\\/03\\\/01\\\/ginevra-2016-tutte-le-novita-del-salone-svizzero\\\/\"]}]},{\"@type\":\"ImageObject\",\"inLanguage\":\"en-US\",\"@id\":\"https:\\\/\\\/www.drivelife.it\\\/news\\\/2016\\\/03\\\/01\\\/ginevra-2016-tutte-le-novita-del-salone-svizzero\\\/#primaryimage\",\"url\":\"https:\\\/\\\/www.drivelife.it\\\/news\\\/wp-content\\\/uploads\\\/2016\\\/03\\\/108348-cl_16021017.jpg\",\"contentUrl\":\"https:\\\/\\\/www.drivelife.it\\\/news\\\/wp-content\\\/uploads\\\/2016\\\/03\\\/108348-cl_16021017.jpg\",\"width\":1920,\"height\":1441,\"caption\":\"e-mehari\"},{\"@type\":\"BreadcrumbList\",\"@id\":\"https:\\\/\\\/www.drivelife.it\\\/news\\\/2016\\\/03\\\/01\\\/ginevra-2016-tutte-le-novita-del-salone-svizzero\\\/#breadcrumb\",\"itemListElement\":[{\"@type\":\"ListItem\",\"position\":1,\"name\":\"Home\",\"item\":\"https:\\\/\\\/www.drivelife.it\\\/news\\\/\"},{\"@type\":\"ListItem\",\"position\":2,\"name\":\"GINEVRA 2016\"}]},{\"@type\":\"WebSite\",\"@id\":\"https:\\\/\\\/www.drivelife.it\\\/news\\\/#website\",\"url\":\"https:\\\/\\\/www.drivelife.it\\\/news\\\/\",\"name\":\"#lucalife\",\"description\":\"DRIVELIFE le mie automobili\",\"potentialAction\":[{\"@type\":\"SearchAction\",\"target\":{\"@type\":\"EntryPoint\",\"urlTemplate\":\"https:\\\/\\\/www.drivelife.it\\\/news\\\/?s={search_term_string}\"},\"query-input\":{\"@type\":\"PropertyValueSpecification\",\"valueRequired\":true,\"valueName\":\"search_term_string\"}}],\"inLanguage\":\"en-US\"},{\"@type\":\"Person\",\"@id\":\"https:\\\/\\\/www.drivelife.it\\\/news\\\/#\\\/schema\\\/person\\\/b6c194c3423ff451be4914f5fd9c2188\",\"name\":\"Redazione\",\"image\":{\"@type\":\"ImageObject\",\"inLanguage\":\"en-US\",\"@id\":\"https:\\\/\\\/secure.gravatar.com\\\/avatar\\\/8d186f6b07ba8a94441344759f0e13bf1909b6ceaa171df0425551b4590fd558?s=96&d=mm&r=g\",\"url\":\"https:\\\/\\\/secure.gravatar.com\\\/avatar\\\/8d186f6b07ba8a94441344759f0e13bf1909b6ceaa171df0425551b4590fd558?s=96&d=mm&r=g\",\"contentUrl\":\"https:\\\/\\\/secure.gravatar.com\\\/avatar\\\/8d186f6b07ba8a94441344759f0e13bf1909b6ceaa171df0425551b4590fd558?s=96&d=mm&r=g\",\"caption\":\"Redazione\"},\"url\":\"https:\\\/\\\/www.drivelife.it\\\/news\\\/author\\\/admin\\\/\"}]}<\/script>\n<!-- \/ Yoast SEO plugin. -->","yoast_head_json":{"title":"GINEVRA 2016 - #lucalife","robots":{"index":"index","follow":"follow","max-snippet":"max-snippet:-1","max-image-preview":"max-image-preview:large","max-video-preview":"max-video-preview:-1"},"canonical":"https:\/\/www.drivelife.it\/news\/2016\/03\/01\/ginevra-2016-tutte-le-novita-del-salone-svizzero\/","og_locale":"en_US","og_type":"article","og_title":"GINEVRA 2016 - #lucalife","og_description":"DRIVELIFE PUNTATA DEL 5 MARZO: #GIMS2016 https:\/\/vimeo.com\/157747688 &nbsp; &nbsp; &nbsp; SOMMARIO DELLA PUNTATA DEL 5 MARZO 2016 #GIMS2016, Geneve International Motor Show, 02\u201937\u201d &#8211; BUGATTI CHIRON, 01\u201906\u201d &#8211; OPEL ASTRA, AUTO DELL\u2019ANNO 2016, 01\u201901\u201d &#8211; OPEL GT CONCEPT, 01\u201916\u201d &#8211; PORSCHE 911 R, 01\u201900\u201d &#8211; ABARTH 124 SPIDER, 02\u201906\u201d &#8211; AUDI Q2, 01\u201930&#8243; &nbsp;","og_url":"https:\/\/www.drivelife.it\/news\/2016\/03\/01\/ginevra-2016-tutte-le-novita-del-salone-svizzero\/","og_site_name":"#lucalife","article_publisher":"https:\/\/www.facebook.com\/pages\/Drivelife\/467833073239720","article_published_time":"2016-03-01T09:36:35+00:00","article_modified_time":"2016-03-05T08:12:20+00:00","og_image":[{"width":1920,"height":1441,"url":"https:\/\/www.drivelife.it\/news\/wp-content\/uploads\/2016\/03\/108348-cl_16021017.jpg","type":"image\/jpeg"}],"author":"Redazione","twitter_card":"summary_large_image","twitter_creator":"@tweetdrivelife","twitter_site":"@tweetdrivelife","twitter_misc":{"Written by":"Redazione","Est. reading time":"2 minutes"},"schema":{"@context":"https:\/\/schema.org","@graph":[{"@type":"Article","@id":"https:\/\/www.drivelife.it\/news\/2016\/03\/01\/ginevra-2016-tutte-le-novita-del-salone-svizzero\/#article","isPartOf":{"@id":"https:\/\/www.drivelife.it\/news\/2016\/03\/01\/ginevra-2016-tutte-le-novita-del-salone-svizzero\/"},"author":{"name":"Redazione","@id":"https:\/\/www.drivelife.it\/news\/#\/schema\/person\/b6c194c3423ff451be4914f5fd9c2188"},"headline":"GINEVRA 2016","datePublished":"2016-03-01T09:36:35+00:00","dateModified":"2016-03-05T08:12:20+00:00","mainEntityOfPage":{"@id":"https:\/\/www.drivelife.it\/news\/2016\/03\/01\/ginevra-2016-tutte-le-novita-del-salone-svizzero\/"},"wordCount":480,"commentCount":0,"image":{"@id":"https:\/\/www.drivelife.it\/news\/2016\/03\/01\/ginevra-2016-tutte-le-novita-del-salone-svizzero\/#primaryimage"},"thumbnailUrl":"https:\/\/www.drivelife.it\/news\/wp-content\/uploads\/2016\/03\/108348-cl_16021017.jpg","keywords":["ginevra 2016"],"articleSection":["AUTOMOTIVE","NEWS","PUNTATA DRIVELIFE","PUNTATE DRIVELIFE TV 2016","VIDEO"],"inLanguage":"en-US","potentialAction":[{"@type":"CommentAction","name":"Comment","target":["https:\/\/www.drivelife.it\/news\/2016\/03\/01\/ginevra-2016-tutte-le-novita-del-salone-svizzero\/#respond"]}]},{"@type":"WebPage","@id":"https:\/\/www.drivelife.it\/news\/2016\/03\/01\/ginevra-2016-tutte-le-novita-del-salone-svizzero\/","url":"https:\/\/www.drivelife.it\/news\/2016\/03\/01\/ginevra-2016-tutte-le-novita-del-salone-svizzero\/","name":"GINEVRA 2016 - #lucalife","isPartOf":{"@id":"https:\/\/www.drivelife.it\/news\/#website"},"primaryImageOfPage":{"@id":"https:\/\/www.drivelife.it\/news\/2016\/03\/01\/ginevra-2016-tutte-le-novita-del-salone-svizzero\/#primaryimage"},"image":{"@id":"https:\/\/www.drivelife.it\/news\/2016\/03\/01\/ginevra-2016-tutte-le-novita-del-salone-svizzero\/#primaryimage"},"thumbnailUrl":"https:\/\/www.drivelife.it\/news\/wp-content\/uploads\/2016\/03\/108348-cl_16021017.jpg","datePublished":"2016-03-01T09:36:35+00:00","dateModified":"2016-03-05T08:12:20+00:00","author":{"@id":"https:\/\/www.drivelife.it\/news\/#\/schema\/person\/b6c194c3423ff451be4914f5fd9c2188"},"breadcrumb":{"@id":"https:\/\/www.drivelife.it\/news\/2016\/03\/01\/ginevra-2016-tutte-le-novita-del-salone-svizzero\/#breadcrumb"},"inLanguage":"en-US","potentialAction":[{"@type":"ReadAction","target":["https:\/\/www.drivelife.it\/news\/2016\/03\/01\/ginevra-2016-tutte-le-novita-del-salone-svizzero\/"]}]},{"@type":"ImageObject","inLanguage":"en-US","@id":"https:\/\/www.drivelife.it\/news\/2016\/03\/01\/ginevra-2016-tutte-le-novita-del-salone-svizzero\/#primaryimage","url":"https:\/\/www.drivelife.it\/news\/wp-content\/uploads\/2016\/03\/108348-cl_16021017.jpg","contentUrl":"https:\/\/www.drivelife.it\/news\/wp-content\/uploads\/2016\/03\/108348-cl_16021017.jpg","width":1920,"height":1441,"caption":"e-mehari"},{"@type":"BreadcrumbList","@id":"https:\/\/www.drivelife.it\/news\/2016\/03\/01\/ginevra-2016-tutte-le-novita-del-salone-svizzero\/#breadcrumb","itemListElement":[{"@type":"ListItem","position":1,"name":"Home","item":"https:\/\/www.drivelife.it\/news\/"},{"@type":"ListItem","position":2,"name":"GINEVRA 2016"}]},{"@type":"WebSite","@id":"https:\/\/www.drivelife.it\/news\/#website","url":"https:\/\/www.drivelife.it\/news\/","name":"#lucalife","description":"DRIVELIFE le mie automobili","potentialAction":[{"@type":"SearchAction","target":{"@type":"EntryPoint","urlTemplate":"https:\/\/www.drivelife.it\/news\/?s={search_term_string}"},"query-input":{"@type":"PropertyValueSpecification","valueRequired":true,"valueName":"search_term_string"}}],"inLanguage":"en-US"},{"@type":"Person","@id":"https:\/\/www.drivelife.it\/news\/#\/schema\/person\/b6c194c3423ff451be4914f5fd9c2188","name":"Redazione","image":{"@type":"ImageObject","inLanguage":"en-US","@id":"https:\/\/secure.gravatar.com\/avatar\/8d186f6b07ba8a94441344759f0e13bf1909b6ceaa171df0425551b4590fd558?s=96&d=mm&r=g","url":"https:\/\/secure.gravatar.com\/avatar\/8d186f6b07ba8a94441344759f0e13bf1909b6ceaa171df0425551b4590fd558?s=96&d=mm&r=g","contentUrl":"https:\/\/secure.gravatar.com\/avatar\/8d186f6b07ba8a94441344759f0e13bf1909b6ceaa171df0425551b4590fd558?s=96&d=mm&r=g","caption":"Redazione"},"url":"https:\/\/www.drivelife.it\/news\/author\/admin\/"}]}},"amp_enabled":true,"_links":{"self":[{"href":"https:\/\/www.drivelife.it\/news\/wp-json\/wp\/v2\/posts\/9230","targetHints":{"allow":["GET"]}}],"collection":[{"href":"https:\/\/www.drivelife.it\/news\/wp-json\/wp\/v2\/posts"}],"about":[{"href":"https:\/\/www.drivelife.it\/news\/wp-json\/wp\/v2\/types\/post"}],"author":[{"embeddable":true,"href":"https:\/\/www.drivelife.it\/news\/wp-json\/wp\/v2\/users\/1"}],"replies":[{"embeddable":true,"href":"https:\/\/www.drivelife.it\/news\/wp-json\/wp\/v2\/comments?post=9230"}],"version-history":[{"count":17,"href":"https:\/\/www.drivelife.it\/news\/wp-json\/wp\/v2\/posts\/9230\/revisions"}],"predecessor-version":[{"id":9431,"href":"https:\/\/www.drivelife.it\/news\/wp-json\/wp\/v2\/posts\/9230\/revisions\/9431"}],"wp:featuredmedia":[{"embeddable":true,"href":"https:\/\/www.drivelife.it\/news\/wp-json\/wp\/v2\/media\/9231"}],"wp:attachment":[{"href":"https:\/\/www.drivelife.it\/news\/wp-json\/wp\/v2\/media?parent=9230"}],"wp:term":[{"taxonomy":"category","embeddable":true,"href":"https:\/\/www.drivelife.it\/news\/wp-json\/wp\/v2\/categories?post=9230"},{"taxonomy":"post_tag","embeddable":true,"href":"https:\/\/www.drivelife.it\/news\/wp-json\/wp\/v2\/tags?post=9230"}],"curies":[{"name":"wp","href":"https:\/\/api.w.org\/{rel}","templated":true}]}}