{"id":9208,"date":"2016-02-23T09:58:47","date_gmt":"2016-02-23T09:58:47","guid":{"rendered":"http:\/\/www.drivelife.it\/news\/?p=9208"},"modified":"2016-02-29T10:12:51","modified_gmt":"2016-02-29T10:12:51","slug":"bmw-m2-safety-car-motogp","status":"publish","type":"post","link":"https:\/\/www.drivelife.it\/news\/2016\/02\/23\/bmw-m2-safety-car-motogp\/","title":{"rendered":"BMW M2 SAFETY CAR MOTOGp"},"content":{"rendered":"<p>&nbsp;<br \/>\n&nbsp;<br \/>\n&nbsp;<\/p>\n<h2>Star davanti ad un gruppone di moto della massima categoria in pista non \u00e8 impresa semplice.<br \/>\nCi sono solo due modi ed uno \u00e8 quello d&#8217;essere la safety-car.<\/h2>\n<p>&nbsp;<br \/>\n&nbsp;<br \/>\n&nbsp;<br \/>\nhttps:\/\/vimeo.com\/156859871<br \/>\n&nbsp;<br \/>\n<strong>di REDAZIONE<\/strong><br \/>\n<strong> \u2028DURATA, 01\u2019 06\u201d<\/strong><br \/>\n<strong> IN TV CON DRIVELIFE DEL 27 FEBBRAIO 2016<\/strong><br \/>\n&nbsp;<br \/>\n&nbsp;<br \/>\n&nbsp;<br \/>\nDal 1999 BMW \u00e8 partner del massimo campionato due ruote, quest&#8217;anno fa scendere in pista la nuova BMW M2 che per essere safety-car \u00e8 costruita in un allestimento davvero speciale. Come i colori della carrozzeria e come l&#8217;annuncio che la partnership tra il reparto BMW M Division e la Dorna Sports continuer\u00e0 fino al 2020. Un esempio di collaborazione cos\u00ec a lunga scadenza piuttosto raro nel mondo del motorsport.<br \/>\nDal prossimo mese di marzo, con l&#8217;inizio della stagione sportiva MotoGp in Qatar, sar\u00e0 la M2 ad aprire la prima delle diciotto gare del campionato insieme alle altre BMW che Monaco porta in pista. C&#8217;\u00e8 anche una S 1000 RR.<br \/>\nNessuna modifica sostanziale al motore mentre, come si deduce dalle immagini della clip, gli interventi sono stati necessari per l&#8217;aerodinamica, l&#8217;assetto e gli accessori di segnalazione ai piloti in pista.<br \/>\nBMW M2 ha quelle doti di prestazioni, affidabilit\u00e0 e maneggevolezza che sono i requisiti fondamentali per interventi in pista rapidi e risolutivi, come \u00e8 logico che siano quando le condizioni di gara possono presentare inaspettate criticit\u00e0.<\/p>\n<p>\n\t\t<style>\n\t\t\t#gallery-1 {\n\t\t\t\tmargin: auto;\n\t\t\t}\n\t\t\t#gallery-1 .gallery-item {\n\t\t\t\tfloat: left;\n\t\t\t\tmargin-top: 10px;\n\t\t\t\ttext-align: center;\n\t\t\t\twidth: 11%;\n\t\t\t}\n\t\t\t#gallery-1 img {\n\t\t\t\tborder: 2px solid #cfcfcf;\n\t\t\t}\n\t\t\t#gallery-1 .gallery-caption {\n\t\t\t\tmargin-left: 0;\n\t\t\t}\n\t\t\t\/* see gallery_shortcode() in wp-includes\/media.php *\/\n\t\t<\/style>\n\t\t<div id='gallery-1' class='gallery galleryid-9208 gallery-columns-9 gallery-size-medium'><dl class='gallery-item'>\n\t\t\t<dt class='gallery-icon landscape'>\n\t\t\t\t<a href='https:\/\/www.drivelife.it\/news\/2016\/02\/23\/bmw-m2-safety-car-motogp\/107623-p90203612_highres-2\/'><img loading=\"lazy\" decoding=\"async\" width=\"580\" height=\"434\" src=\"https:\/\/www.drivelife.it\/news\/wp-content\/uploads\/2016\/02\/107623-p90203612_highres-1-580x434.jpg\" class=\"attachment-medium size-medium no-lazy\" alt=\"\" srcset=\"https:\/\/www.drivelife.it\/news\/wp-content\/uploads\/2016\/02\/107623-p90203612_highres-1-580x434.jpg 580w, https:\/\/www.drivelife.it\/news\/wp-content\/uploads\/2016\/02\/107623-p90203612_highres-1-768x575.jpg 768w, https:\/\/www.drivelife.it\/news\/wp-content\/uploads\/2016\/02\/107623-p90203612_highres-1-960x719.jpg 960w, https:\/\/www.drivelife.it\/news\/wp-content\/uploads\/2016\/02\/107623-p90203612_highres-1-300x225.jpg 300w, https:\/\/www.drivelife.it\/news\/wp-content\/uploads\/2016\/02\/107623-p90203612_highres-1.jpg 1920w\" sizes=\"auto, (max-width: 580px) 100vw, 580px\" \/><\/a>\n\t\t\t<\/dt><\/dl><dl class='gallery-item'>\n\t\t\t<dt class='gallery-icon landscape'>\n\t\t\t\t<a href='https:\/\/www.drivelife.it\/news\/2016\/02\/23\/bmw-m2-safety-car-motogp\/107623-p90207895_highres\/'><img loading=\"lazy\" decoding=\"async\" width=\"580\" height=\"434\" src=\"https:\/\/www.drivelife.it\/news\/wp-content\/uploads\/2016\/02\/107623-p90207895_highres-580x434.jpg\" class=\"attachment-medium size-medium no-lazy\" alt=\"\" srcset=\"https:\/\/www.drivelife.it\/news\/wp-content\/uploads\/2016\/02\/107623-p90207895_highres-580x434.jpg 580w, https:\/\/www.drivelife.it\/news\/wp-content\/uploads\/2016\/02\/107623-p90207895_highres-768x575.jpg 768w, https:\/\/www.drivelife.it\/news\/wp-content\/uploads\/2016\/02\/107623-p90207895_highres-960x719.jpg 960w, https:\/\/www.drivelife.it\/news\/wp-content\/uploads\/2016\/02\/107623-p90207895_highres-300x225.jpg 300w, https:\/\/www.drivelife.it\/news\/wp-content\/uploads\/2016\/02\/107623-p90207895_highres.jpg 1920w\" sizes=\"auto, (max-width: 580px) 100vw, 580px\" \/><\/a>\n\t\t\t<\/dt><\/dl><dl class='gallery-item'>\n\t\t\t<dt class='gallery-icon landscape'>\n\t\t\t\t<a href='https:\/\/www.drivelife.it\/news\/2016\/02\/23\/bmw-m2-safety-car-motogp\/107623-p90207896_highres\/'><img loading=\"lazy\" decoding=\"async\" width=\"580\" height=\"434\" src=\"https:\/\/www.drivelife.it\/news\/wp-content\/uploads\/2016\/02\/107623-p90207896_highres-580x434.jpg\" class=\"attachment-medium size-medium no-lazy\" alt=\"\" srcset=\"https:\/\/www.drivelife.it\/news\/wp-content\/uploads\/2016\/02\/107623-p90207896_highres-580x434.jpg 580w, https:\/\/www.drivelife.it\/news\/wp-content\/uploads\/2016\/02\/107623-p90207896_highres-768x575.jpg 768w, https:\/\/www.drivelife.it\/news\/wp-content\/uploads\/2016\/02\/107623-p90207896_highres-960x719.jpg 960w, https:\/\/www.drivelife.it\/news\/wp-content\/uploads\/2016\/02\/107623-p90207896_highres-300x225.jpg 300w, https:\/\/www.drivelife.it\/news\/wp-content\/uploads\/2016\/02\/107623-p90207896_highres.jpg 1920w\" sizes=\"auto, (max-width: 580px) 100vw, 580px\" \/><\/a>\n\t\t\t<\/dt><\/dl><dl class='gallery-item'>\n\t\t\t<dt class='gallery-icon landscape'>\n\t\t\t\t<a href='https:\/\/www.drivelife.it\/news\/2016\/02\/23\/bmw-m2-safety-car-motogp\/107623-p90203609_highres\/'><img loading=\"lazy\" decoding=\"async\" width=\"580\" height=\"434\" src=\"https:\/\/www.drivelife.it\/news\/wp-content\/uploads\/2016\/02\/107623-p90203609_highres-580x434.jpg\" class=\"attachment-medium size-medium no-lazy\" alt=\"\" srcset=\"https:\/\/www.drivelife.it\/news\/wp-content\/uploads\/2016\/02\/107623-p90203609_highres-580x434.jpg 580w, https:\/\/www.drivelife.it\/news\/wp-content\/uploads\/2016\/02\/107623-p90203609_highres-768x575.jpg 768w, https:\/\/www.drivelife.it\/news\/wp-content\/uploads\/2016\/02\/107623-p90203609_highres-960x719.jpg 960w, https:\/\/www.drivelife.it\/news\/wp-content\/uploads\/2016\/02\/107623-p90203609_highres-300x225.jpg 300w, https:\/\/www.drivelife.it\/news\/wp-content\/uploads\/2016\/02\/107623-p90203609_highres.jpg 1920w\" sizes=\"auto, (max-width: 580px) 100vw, 580px\" \/><\/a>\n\t\t\t<\/dt><\/dl><dl class='gallery-item'>\n\t\t\t<dt class='gallery-icon landscape'>\n\t\t\t\t<a href='https:\/\/www.drivelife.it\/news\/2016\/02\/23\/bmw-m2-safety-car-motogp\/107623-p90207893_highres\/'><img loading=\"lazy\" decoding=\"async\" width=\"580\" height=\"434\" src=\"https:\/\/www.drivelife.it\/news\/wp-content\/uploads\/2016\/02\/107623-p90207893_highres-580x434.jpg\" class=\"attachment-medium size-medium no-lazy\" alt=\"\" srcset=\"https:\/\/www.drivelife.it\/news\/wp-content\/uploads\/2016\/02\/107623-p90207893_highres-580x434.jpg 580w, https:\/\/www.drivelife.it\/news\/wp-content\/uploads\/2016\/02\/107623-p90207893_highres-768x575.jpg 768w, https:\/\/www.drivelife.it\/news\/wp-content\/uploads\/2016\/02\/107623-p90207893_highres-960x719.jpg 960w, https:\/\/www.drivelife.it\/news\/wp-content\/uploads\/2016\/02\/107623-p90207893_highres-300x225.jpg 300w, https:\/\/www.drivelife.it\/news\/wp-content\/uploads\/2016\/02\/107623-p90207893_highres.jpg 1920w\" sizes=\"auto, (max-width: 580px) 100vw, 580px\" \/><\/a>\n\t\t\t<\/dt><\/dl><dl class='gallery-item'>\n\t\t\t<dt class='gallery-icon landscape'>\n\t\t\t\t<a href='https:\/\/www.drivelife.it\/news\/2016\/02\/23\/bmw-m2-safety-car-motogp\/107623-p90203605_highres\/'><img loading=\"lazy\" decoding=\"async\" width=\"580\" height=\"434\" src=\"https:\/\/www.drivelife.it\/news\/wp-content\/uploads\/2016\/02\/107623-p90203605_highres-580x434.jpg\" class=\"attachment-medium size-medium no-lazy\" alt=\"\" srcset=\"https:\/\/www.drivelife.it\/news\/wp-content\/uploads\/2016\/02\/107623-p90203605_highres-580x434.jpg 580w, https:\/\/www.drivelife.it\/news\/wp-content\/uploads\/2016\/02\/107623-p90203605_highres-768x575.jpg 768w, https:\/\/www.drivelife.it\/news\/wp-content\/uploads\/2016\/02\/107623-p90203605_highres-960x719.jpg 960w, https:\/\/www.drivelife.it\/news\/wp-content\/uploads\/2016\/02\/107623-p90203605_highres-300x225.jpg 300w, https:\/\/www.drivelife.it\/news\/wp-content\/uploads\/2016\/02\/107623-p90203605_highres.jpg 1920w\" sizes=\"auto, (max-width: 580px) 100vw, 580px\" \/><\/a>\n\t\t\t<\/dt><\/dl><dl class='gallery-item'>\n\t\t\t<dt class='gallery-icon landscape'>\n\t\t\t\t<a href='https:\/\/www.drivelife.it\/news\/2016\/02\/23\/bmw-m2-safety-car-motogp\/107623-p90203626_highres\/'><img loading=\"lazy\" decoding=\"async\" width=\"580\" height=\"434\" src=\"https:\/\/www.drivelife.it\/news\/wp-content\/uploads\/2016\/02\/107623-p90203626_highres-580x434.jpg\" class=\"attachment-medium size-medium no-lazy\" alt=\"\" srcset=\"https:\/\/www.drivelife.it\/news\/wp-content\/uploads\/2016\/02\/107623-p90203626_highres-580x434.jpg 580w, https:\/\/www.drivelife.it\/news\/wp-content\/uploads\/2016\/02\/107623-p90203626_highres-768x575.jpg 768w, https:\/\/www.drivelife.it\/news\/wp-content\/uploads\/2016\/02\/107623-p90203626_highres-960x719.jpg 960w, https:\/\/www.drivelife.it\/news\/wp-content\/uploads\/2016\/02\/107623-p90203626_highres-300x225.jpg 300w, https:\/\/www.drivelife.it\/news\/wp-content\/uploads\/2016\/02\/107623-p90203626_highres.jpg 1920w\" sizes=\"auto, (max-width: 580px) 100vw, 580px\" \/><\/a>\n\t\t\t<\/dt><\/dl><dl class='gallery-item'>\n\t\t\t<dt class='gallery-icon landscape'>\n\t\t\t\t<a href='https:\/\/www.drivelife.it\/news\/2016\/02\/23\/bmw-m2-safety-car-motogp\/107623-p90203625_highres\/'><img loading=\"lazy\" decoding=\"async\" width=\"580\" height=\"434\" src=\"https:\/\/www.drivelife.it\/news\/wp-content\/uploads\/2016\/02\/107623-p90203625_highres-580x434.jpg\" class=\"attachment-medium size-medium no-lazy\" alt=\"\" srcset=\"https:\/\/www.drivelife.it\/news\/wp-content\/uploads\/2016\/02\/107623-p90203625_highres-580x434.jpg 580w, https:\/\/www.drivelife.it\/news\/wp-content\/uploads\/2016\/02\/107623-p90203625_highres-768x575.jpg 768w, https:\/\/www.drivelife.it\/news\/wp-content\/uploads\/2016\/02\/107623-p90203625_highres-960x719.jpg 960w, https:\/\/www.drivelife.it\/news\/wp-content\/uploads\/2016\/02\/107623-p90203625_highres-300x225.jpg 300w, https:\/\/www.drivelife.it\/news\/wp-content\/uploads\/2016\/02\/107623-p90203625_highres.jpg 1920w\" sizes=\"auto, (max-width: 580px) 100vw, 580px\" \/><\/a>\n\t\t\t<\/dt><\/dl><dl class='gallery-item'>\n\t\t\t<dt class='gallery-icon landscape'>\n\t\t\t\t<a href='https:\/\/www.drivelife.it\/news\/2016\/02\/23\/bmw-m2-safety-car-motogp\/107623-p90203610_highres\/'><img loading=\"lazy\" decoding=\"async\" width=\"580\" height=\"434\" src=\"https:\/\/www.drivelife.it\/news\/wp-content\/uploads\/2016\/02\/107623-p90203610_highres-580x434.jpg\" class=\"attachment-medium size-medium no-lazy\" alt=\"\" srcset=\"https:\/\/www.drivelife.it\/news\/wp-content\/uploads\/2016\/02\/107623-p90203610_highres-580x434.jpg 580w, https:\/\/www.drivelife.it\/news\/wp-content\/uploads\/2016\/02\/107623-p90203610_highres-768x575.jpg 768w, https:\/\/www.drivelife.it\/news\/wp-content\/uploads\/2016\/02\/107623-p90203610_highres-960x719.jpg 960w, https:\/\/www.drivelife.it\/news\/wp-content\/uploads\/2016\/02\/107623-p90203610_highres-300x225.jpg 300w, https:\/\/www.drivelife.it\/news\/wp-content\/uploads\/2016\/02\/107623-p90203610_highres.jpg 1920w\" sizes=\"auto, (max-width: 580px) 100vw, 580px\" \/><\/a>\n\t\t\t<\/dt><\/dl><br style=\"clear: both\" \/><dl class='gallery-item'>\n\t\t\t<dt class='gallery-icon landscape'>\n\t\t\t\t<a href='https:\/\/www.drivelife.it\/news\/2016\/02\/23\/bmw-m2-safety-car-motogp\/107623-p90207897_highres\/'><img loading=\"lazy\" decoding=\"async\" width=\"580\" height=\"435\" src=\"https:\/\/www.drivelife.it\/news\/wp-content\/uploads\/2016\/02\/107623-p90207897_highres-580x435.jpg\" class=\"attachment-medium size-medium no-lazy\" alt=\"\" srcset=\"https:\/\/www.drivelife.it\/news\/wp-content\/uploads\/2016\/02\/107623-p90207897_highres-580x435.jpg 580w, https:\/\/www.drivelife.it\/news\/wp-content\/uploads\/2016\/02\/107623-p90207897_highres-768x576.jpg 768w, https:\/\/www.drivelife.it\/news\/wp-content\/uploads\/2016\/02\/107623-p90207897_highres-960x720.jpg 960w, https:\/\/www.drivelife.it\/news\/wp-content\/uploads\/2016\/02\/107623-p90207897_highres-300x225.jpg 300w, https:\/\/www.drivelife.it\/news\/wp-content\/uploads\/2016\/02\/107623-p90207897_highres.jpg 1920w\" sizes=\"auto, (max-width: 580px) 100vw, 580px\" \/><\/a>\n\t\t\t<\/dt><\/dl><dl class='gallery-item'>\n\t\t\t<dt class='gallery-icon landscape'>\n\t\t\t\t<a href='https:\/\/www.drivelife.it\/news\/2016\/02\/23\/bmw-m2-safety-car-motogp\/107623-p90203627_highres\/'><img loading=\"lazy\" decoding=\"async\" width=\"580\" height=\"434\" src=\"https:\/\/www.drivelife.it\/news\/wp-content\/uploads\/2016\/02\/107623-p90203627_highres-580x434.jpg\" class=\"attachment-medium size-medium no-lazy\" alt=\"\" srcset=\"https:\/\/www.drivelife.it\/news\/wp-content\/uploads\/2016\/02\/107623-p90203627_highres-580x434.jpg 580w, https:\/\/www.drivelife.it\/news\/wp-content\/uploads\/2016\/02\/107623-p90203627_highres-768x575.jpg 768w, https:\/\/www.drivelife.it\/news\/wp-content\/uploads\/2016\/02\/107623-p90203627_highres-960x719.jpg 960w, https:\/\/www.drivelife.it\/news\/wp-content\/uploads\/2016\/02\/107623-p90203627_highres-300x225.jpg 300w, https:\/\/www.drivelife.it\/news\/wp-content\/uploads\/2016\/02\/107623-p90203627_highres.jpg 1920w\" sizes=\"auto, (max-width: 580px) 100vw, 580px\" \/><\/a>\n\t\t\t<\/dt><\/dl><dl class='gallery-item'>\n\t\t\t<dt class='gallery-icon landscape'>\n\t\t\t\t<a href='https:\/\/www.drivelife.it\/news\/2016\/02\/23\/bmw-m2-safety-car-motogp\/107623-p90203614_highres\/'><img loading=\"lazy\" decoding=\"async\" width=\"580\" height=\"434\" src=\"https:\/\/www.drivelife.it\/news\/wp-content\/uploads\/2016\/02\/107623-p90203614_highres-580x434.jpg\" class=\"attachment-medium size-medium no-lazy\" alt=\"\" srcset=\"https:\/\/www.drivelife.it\/news\/wp-content\/uploads\/2016\/02\/107623-p90203614_highres-580x434.jpg 580w, https:\/\/www.drivelife.it\/news\/wp-content\/uploads\/2016\/02\/107623-p90203614_highres-768x575.jpg 768w, https:\/\/www.drivelife.it\/news\/wp-content\/uploads\/2016\/02\/107623-p90203614_highres-960x719.jpg 960w, https:\/\/www.drivelife.it\/news\/wp-content\/uploads\/2016\/02\/107623-p90203614_highres-300x225.jpg 300w, https:\/\/www.drivelife.it\/news\/wp-content\/uploads\/2016\/02\/107623-p90203614_highres.jpg 1920w\" sizes=\"auto, (max-width: 580px) 100vw, 580px\" \/><\/a>\n\t\t\t<\/dt><\/dl><dl class='gallery-item'>\n\t\t\t<dt class='gallery-icon landscape'>\n\t\t\t\t<a href='https:\/\/www.drivelife.it\/news\/2016\/02\/23\/bmw-m2-safety-car-motogp\/107623-p90207894_highres\/'><img loading=\"lazy\" decoding=\"async\" width=\"580\" height=\"434\" src=\"https:\/\/www.drivelife.it\/news\/wp-content\/uploads\/2016\/02\/107623-p90207894_highres-580x434.jpg\" class=\"attachment-medium size-medium no-lazy\" alt=\"\" srcset=\"https:\/\/www.drivelife.it\/news\/wp-content\/uploads\/2016\/02\/107623-p90207894_highres-580x434.jpg 580w, https:\/\/www.drivelife.it\/news\/wp-content\/uploads\/2016\/02\/107623-p90207894_highres-768x575.jpg 768w, https:\/\/www.drivelife.it\/news\/wp-content\/uploads\/2016\/02\/107623-p90207894_highres-960x719.jpg 960w, https:\/\/www.drivelife.it\/news\/wp-content\/uploads\/2016\/02\/107623-p90207894_highres-300x225.jpg 300w, https:\/\/www.drivelife.it\/news\/wp-content\/uploads\/2016\/02\/107623-p90207894_highres.jpg 1920w\" sizes=\"auto, (max-width: 580px) 100vw, 580px\" \/><\/a>\n\t\t\t<\/dt><\/dl><dl class='gallery-item'>\n\t\t\t<dt class='gallery-icon landscape'>\n\t\t\t\t<a href='https:\/\/www.drivelife.it\/news\/2016\/02\/23\/bmw-m2-safety-car-motogp\/107623-p90203613_highres\/'><img loading=\"lazy\" decoding=\"async\" width=\"580\" height=\"434\" src=\"https:\/\/www.drivelife.it\/news\/wp-content\/uploads\/2016\/02\/107623-p90203613_highres-580x434.jpg\" class=\"attachment-medium size-medium no-lazy\" alt=\"\" srcset=\"https:\/\/www.drivelife.it\/news\/wp-content\/uploads\/2016\/02\/107623-p90203613_highres-580x434.jpg 580w, https:\/\/www.drivelife.it\/news\/wp-content\/uploads\/2016\/02\/107623-p90203613_highres-768x575.jpg 768w, https:\/\/www.drivelife.it\/news\/wp-content\/uploads\/2016\/02\/107623-p90203613_highres-960x719.jpg 960w, https:\/\/www.drivelife.it\/news\/wp-content\/uploads\/2016\/02\/107623-p90203613_highres-300x225.jpg 300w, https:\/\/www.drivelife.it\/news\/wp-content\/uploads\/2016\/02\/107623-p90203613_highres.jpg 1920w\" sizes=\"auto, (max-width: 580px) 100vw, 580px\" \/><\/a>\n\t\t\t<\/dt><\/dl>\n\t\t\t<br style='clear: both' \/>\n\t\t<\/div>\n<br \/>\n&nbsp;<br \/>\n&nbsp;<br \/>\n&nbsp;<\/p>\n<h1>DS Store Roma <\/h1>\n<h2>Come scegliere la propria DS Automobiles tailored made in una boutique francese<\/h2>\n<p>In Tv con drivelife del 27 Febbraio<br \/>\n&nbsp;<br \/>\n&nbsp;<br \/>\n&nbsp;<br \/>\nhttps:\/\/vimeo.com\/156831874<br \/>\n&nbsp;<br \/>\n&nbsp;<br \/>\n&#038;nbsp<\/p>\n","protected":false},"excerpt":{"rendered":"<p>&nbsp; &nbsp; &nbsp; Star davanti ad un gruppone di moto della massima categoria in pista non \u00e8 impresa semplice. Ci sono solo due modi ed uno \u00e8 quello d&#8217;essere la safety-car. &nbsp; &nbsp; &nbsp; https:\/\/vimeo.com\/156859871 &nbsp; di REDAZIONE \u2028DURATA, 01\u2019 06\u201d IN TV CON DRIVELIFE DEL 27 FEBBRAIO 2016 &nbsp; &nbsp; &nbsp; Dal 1999 BMW \u00e8 partner del massimo campionato due ruote, quest&#8217;anno fa scendere in pista la nuova BMW M2 che per essere safety-car \u00e8 costruita in un allestimento davvero speciale. Come i colori della carrozzeria e come l&#8217;annuncio che la partnership tra il reparto BMW M Division e la Dorna&#46;&#46;&#46;<\/p>\n","protected":false},"author":1,"featured_media":9209,"comment_status":"open","ping_status":"open","sticky":false,"template":"","format":"video","meta":{"ngg_post_thumbnail":0,"footnotes":""},"categories":[39,45,55,71,759,50,53],"tags":[790,793,787,37,786,788,768,791,538,792,789],"class_list":["post-9208","post","type-post","status-publish","format-video","has-post-thumbnail","hentry","category-automotive","category-bmw","category-news","category-puntata-drivelife","category-puntate-drivelife-tv-2016","category-sport","category-video","tag-audi-20quattro-ore-delle-alpi","tag-bmw-m2-motogp","tag-driveds","tag-drivelife","tag-drivelife-2016-febbraio-27","tag-dsstore-roma","tag-elena-fumagalli","tag-jaguar-f-type-svr","tag-lucaromanopix","tag-seat-leon-cupa-290","tag-volvo-v90","post_format-post-format-video"],"yoast_head":"<!-- This site is optimized with the Yoast SEO plugin v27.5 - https:\/\/yoast.com\/product\/yoast-seo-wordpress\/ -->\n<title>BMW M2 SAFETY CAR MOTOGp - #lucalife<\/title>\n<meta name=\"robots\" content=\"index, follow, max-snippet:-1, max-image-preview:large, max-video-preview:-1\" \/>\n<link rel=\"canonical\" href=\"https:\/\/www.drivelife.it\/news\/2016\/02\/23\/bmw-m2-safety-car-motogp\/\" \/>\n<meta property=\"og:locale\" content=\"en_US\" \/>\n<meta property=\"og:type\" content=\"article\" \/>\n<meta property=\"og:title\" content=\"BMW M2 SAFETY CAR MOTOGp - #lucalife\" \/>\n<meta property=\"og:description\" content=\"&nbsp; &nbsp; &nbsp; Star davanti ad un gruppone di moto della massima categoria in pista non \u00e8 impresa semplice. Ci sono solo due modi ed uno \u00e8 quello d&#8217;essere la safety-car. &nbsp; &nbsp; &nbsp; https:\/\/vimeo.com\/156859871 &nbsp; di REDAZIONE \u2028DURATA, 01\u2019 06\u201d IN TV CON DRIVELIFE DEL 27 FEBBRAIO 2016 &nbsp; &nbsp; &nbsp; Dal 1999 BMW \u00e8 partner del massimo campionato due ruote, quest&#8217;anno fa scendere in pista la nuova BMW M2 che per essere safety-car \u00e8 costruita in un allestimento davvero speciale. Come i colori della carrozzeria e come l&#8217;annuncio che la partnership tra il reparto BMW M Division e la Dorna&#046;&#046;&#046;\" \/>\n<meta property=\"og:url\" content=\"https:\/\/www.drivelife.it\/news\/2016\/02\/23\/bmw-m2-safety-car-motogp\/\" \/>\n<meta property=\"og:site_name\" content=\"#lucalife\" \/>\n<meta property=\"article:publisher\" content=\"https:\/\/www.facebook.com\/pages\/Drivelife\/467833073239720\" \/>\n<meta property=\"article:published_time\" content=\"2016-02-23T09:58:47+00:00\" \/>\n<meta property=\"article:modified_time\" content=\"2016-02-29T10:12:51+00:00\" \/>\n<meta property=\"og:image\" content=\"https:\/\/www.drivelife.it\/news\/wp-content\/uploads\/2016\/02\/107623-p90203612_highres.jpg\" \/>\n\t<meta property=\"og:image:width\" content=\"1920\" \/>\n\t<meta property=\"og:image:height\" content=\"1438\" \/>\n\t<meta property=\"og:image:type\" content=\"image\/jpeg\" \/>\n<meta name=\"author\" content=\"Redazione\" \/>\n<meta name=\"twitter:card\" content=\"summary_large_image\" \/>\n<meta name=\"twitter:creator\" content=\"@tweetdrivelife\" \/>\n<meta name=\"twitter:site\" content=\"@tweetdrivelife\" \/>\n<meta name=\"twitter:label1\" content=\"Written by\" \/>\n\t<meta name=\"twitter:data1\" content=\"Redazione\" \/>\n\t<meta name=\"twitter:label2\" content=\"Est. reading time\" \/>\n\t<meta name=\"twitter:data2\" content=\"1 minute\" \/>\n<script type=\"application\/ld+json\" class=\"yoast-schema-graph\">{\"@context\":\"https:\\\/\\\/schema.org\",\"@graph\":[{\"@type\":\"Article\",\"@id\":\"https:\\\/\\\/www.drivelife.it\\\/news\\\/2016\\\/02\\\/23\\\/bmw-m2-safety-car-motogp\\\/#article\",\"isPartOf\":{\"@id\":\"https:\\\/\\\/www.drivelife.it\\\/news\\\/2016\\\/02\\\/23\\\/bmw-m2-safety-car-motogp\\\/\"},\"author\":{\"name\":\"Redazione\",\"@id\":\"https:\\\/\\\/www.drivelife.it\\\/news\\\/#\\\/schema\\\/person\\\/b6c194c3423ff451be4914f5fd9c2188\"},\"headline\":\"BMW M2 SAFETY CAR MOTOGp\",\"datePublished\":\"2016-02-23T09:58:47+00:00\",\"dateModified\":\"2016-02-29T10:12:51+00:00\",\"mainEntityOfPage\":{\"@id\":\"https:\\\/\\\/www.drivelife.it\\\/news\\\/2016\\\/02\\\/23\\\/bmw-m2-safety-car-motogp\\\/\"},\"wordCount\":268,\"commentCount\":0,\"image\":{\"@id\":\"https:\\\/\\\/www.drivelife.it\\\/news\\\/2016\\\/02\\\/23\\\/bmw-m2-safety-car-motogp\\\/#primaryimage\"},\"thumbnailUrl\":\"https:\\\/\\\/www.drivelife.it\\\/news\\\/wp-content\\\/uploads\\\/2016\\\/02\\\/107623-p90203612_highres.jpg\",\"keywords\":[\"audi 20quattro ore delle alpi\",\"bmw m2 motoGP\",\"driveds\",\"DRIVELIFE\",\"drivelife 2016 febbraio 27\",\"dsstore roma\",\"elena fumagalli\",\"jaguar f-type svr\",\"lucaromanopix\",\"seat leon cupa 290\",\"volvo v90\"],\"articleSection\":[\"AUTOMOTIVE\",\"BMW\",\"NEWS\",\"PUNTATA DRIVELIFE\",\"PUNTATE DRIVELIFE TV 2016\",\"SPORT\",\"VIDEO\"],\"inLanguage\":\"en-US\",\"potentialAction\":[{\"@type\":\"CommentAction\",\"name\":\"Comment\",\"target\":[\"https:\\\/\\\/www.drivelife.it\\\/news\\\/2016\\\/02\\\/23\\\/bmw-m2-safety-car-motogp\\\/#respond\"]}]},{\"@type\":\"WebPage\",\"@id\":\"https:\\\/\\\/www.drivelife.it\\\/news\\\/2016\\\/02\\\/23\\\/bmw-m2-safety-car-motogp\\\/\",\"url\":\"https:\\\/\\\/www.drivelife.it\\\/news\\\/2016\\\/02\\\/23\\\/bmw-m2-safety-car-motogp\\\/\",\"name\":\"BMW M2 SAFETY CAR MOTOGp - #lucalife\",\"isPartOf\":{\"@id\":\"https:\\\/\\\/www.drivelife.it\\\/news\\\/#website\"},\"primaryImageOfPage\":{\"@id\":\"https:\\\/\\\/www.drivelife.it\\\/news\\\/2016\\\/02\\\/23\\\/bmw-m2-safety-car-motogp\\\/#primaryimage\"},\"image\":{\"@id\":\"https:\\\/\\\/www.drivelife.it\\\/news\\\/2016\\\/02\\\/23\\\/bmw-m2-safety-car-motogp\\\/#primaryimage\"},\"thumbnailUrl\":\"https:\\\/\\\/www.drivelife.it\\\/news\\\/wp-content\\\/uploads\\\/2016\\\/02\\\/107623-p90203612_highres.jpg\",\"datePublished\":\"2016-02-23T09:58:47+00:00\",\"dateModified\":\"2016-02-29T10:12:51+00:00\",\"author\":{\"@id\":\"https:\\\/\\\/www.drivelife.it\\\/news\\\/#\\\/schema\\\/person\\\/b6c194c3423ff451be4914f5fd9c2188\"},\"breadcrumb\":{\"@id\":\"https:\\\/\\\/www.drivelife.it\\\/news\\\/2016\\\/02\\\/23\\\/bmw-m2-safety-car-motogp\\\/#breadcrumb\"},\"inLanguage\":\"en-US\",\"potentialAction\":[{\"@type\":\"ReadAction\",\"target\":[\"https:\\\/\\\/www.drivelife.it\\\/news\\\/2016\\\/02\\\/23\\\/bmw-m2-safety-car-motogp\\\/\"]}]},{\"@type\":\"ImageObject\",\"inLanguage\":\"en-US\",\"@id\":\"https:\\\/\\\/www.drivelife.it\\\/news\\\/2016\\\/02\\\/23\\\/bmw-m2-safety-car-motogp\\\/#primaryimage\",\"url\":\"https:\\\/\\\/www.drivelife.it\\\/news\\\/wp-content\\\/uploads\\\/2016\\\/02\\\/107623-p90203612_highres.jpg\",\"contentUrl\":\"https:\\\/\\\/www.drivelife.it\\\/news\\\/wp-content\\\/uploads\\\/2016\\\/02\\\/107623-p90203612_highres.jpg\",\"width\":1920,\"height\":1438,\"caption\":\"BMW M2 Safety Car MotoGp\"},{\"@type\":\"BreadcrumbList\",\"@id\":\"https:\\\/\\\/www.drivelife.it\\\/news\\\/2016\\\/02\\\/23\\\/bmw-m2-safety-car-motogp\\\/#breadcrumb\",\"itemListElement\":[{\"@type\":\"ListItem\",\"position\":1,\"name\":\"Home\",\"item\":\"https:\\\/\\\/www.drivelife.it\\\/news\\\/\"},{\"@type\":\"ListItem\",\"position\":2,\"name\":\"BMW M2 SAFETY CAR MOTOGp\"}]},{\"@type\":\"WebSite\",\"@id\":\"https:\\\/\\\/www.drivelife.it\\\/news\\\/#website\",\"url\":\"https:\\\/\\\/www.drivelife.it\\\/news\\\/\",\"name\":\"#lucalife\",\"description\":\"DRIVELIFE le mie automobili\",\"potentialAction\":[{\"@type\":\"SearchAction\",\"target\":{\"@type\":\"EntryPoint\",\"urlTemplate\":\"https:\\\/\\\/www.drivelife.it\\\/news\\\/?s={search_term_string}\"},\"query-input\":{\"@type\":\"PropertyValueSpecification\",\"valueRequired\":true,\"valueName\":\"search_term_string\"}}],\"inLanguage\":\"en-US\"},{\"@type\":\"Person\",\"@id\":\"https:\\\/\\\/www.drivelife.it\\\/news\\\/#\\\/schema\\\/person\\\/b6c194c3423ff451be4914f5fd9c2188\",\"name\":\"Redazione\",\"image\":{\"@type\":\"ImageObject\",\"inLanguage\":\"en-US\",\"@id\":\"https:\\\/\\\/secure.gravatar.com\\\/avatar\\\/8d186f6b07ba8a94441344759f0e13bf1909b6ceaa171df0425551b4590fd558?s=96&d=mm&r=g\",\"url\":\"https:\\\/\\\/secure.gravatar.com\\\/avatar\\\/8d186f6b07ba8a94441344759f0e13bf1909b6ceaa171df0425551b4590fd558?s=96&d=mm&r=g\",\"contentUrl\":\"https:\\\/\\\/secure.gravatar.com\\\/avatar\\\/8d186f6b07ba8a94441344759f0e13bf1909b6ceaa171df0425551b4590fd558?s=96&d=mm&r=g\",\"caption\":\"Redazione\"},\"url\":\"https:\\\/\\\/www.drivelife.it\\\/news\\\/author\\\/admin\\\/\"}]}<\/script>\n<!-- \/ Yoast SEO plugin. -->","yoast_head_json":{"title":"BMW M2 SAFETY CAR MOTOGp - #lucalife","robots":{"index":"index","follow":"follow","max-snippet":"max-snippet:-1","max-image-preview":"max-image-preview:large","max-video-preview":"max-video-preview:-1"},"canonical":"https:\/\/www.drivelife.it\/news\/2016\/02\/23\/bmw-m2-safety-car-motogp\/","og_locale":"en_US","og_type":"article","og_title":"BMW M2 SAFETY CAR MOTOGp - #lucalife","og_description":"&nbsp; &nbsp; &nbsp; Star davanti ad un gruppone di moto della massima categoria in pista non \u00e8 impresa semplice. Ci sono solo due modi ed uno \u00e8 quello d&#8217;essere la safety-car. &nbsp; &nbsp; &nbsp; https:\/\/vimeo.com\/156859871 &nbsp; di REDAZIONE \u2028DURATA, 01\u2019 06\u201d IN TV CON DRIVELIFE DEL 27 FEBBRAIO 2016 &nbsp; &nbsp; &nbsp; Dal 1999 BMW \u00e8 partner del massimo campionato due ruote, quest&#8217;anno fa scendere in pista la nuova BMW M2 che per essere safety-car \u00e8 costruita in un allestimento davvero speciale. Come i colori della carrozzeria e come l&#8217;annuncio che la partnership tra il reparto BMW M Division e la Dorna&#46;&#46;&#46;","og_url":"https:\/\/www.drivelife.it\/news\/2016\/02\/23\/bmw-m2-safety-car-motogp\/","og_site_name":"#lucalife","article_publisher":"https:\/\/www.facebook.com\/pages\/Drivelife\/467833073239720","article_published_time":"2016-02-23T09:58:47+00:00","article_modified_time":"2016-02-29T10:12:51+00:00","og_image":[{"width":1920,"height":1438,"url":"https:\/\/www.drivelife.it\/news\/wp-content\/uploads\/2016\/02\/107623-p90203612_highres.jpg","type":"image\/jpeg"}],"author":"Redazione","twitter_card":"summary_large_image","twitter_creator":"@tweetdrivelife","twitter_site":"@tweetdrivelife","twitter_misc":{"Written by":"Redazione","Est. reading time":"1 minute"},"schema":{"@context":"https:\/\/schema.org","@graph":[{"@type":"Article","@id":"https:\/\/www.drivelife.it\/news\/2016\/02\/23\/bmw-m2-safety-car-motogp\/#article","isPartOf":{"@id":"https:\/\/www.drivelife.it\/news\/2016\/02\/23\/bmw-m2-safety-car-motogp\/"},"author":{"name":"Redazione","@id":"https:\/\/www.drivelife.it\/news\/#\/schema\/person\/b6c194c3423ff451be4914f5fd9c2188"},"headline":"BMW M2 SAFETY CAR MOTOGp","datePublished":"2016-02-23T09:58:47+00:00","dateModified":"2016-02-29T10:12:51+00:00","mainEntityOfPage":{"@id":"https:\/\/www.drivelife.it\/news\/2016\/02\/23\/bmw-m2-safety-car-motogp\/"},"wordCount":268,"commentCount":0,"image":{"@id":"https:\/\/www.drivelife.it\/news\/2016\/02\/23\/bmw-m2-safety-car-motogp\/#primaryimage"},"thumbnailUrl":"https:\/\/www.drivelife.it\/news\/wp-content\/uploads\/2016\/02\/107623-p90203612_highres.jpg","keywords":["audi 20quattro ore delle alpi","bmw m2 motoGP","driveds","DRIVELIFE","drivelife 2016 febbraio 27","dsstore roma","elena fumagalli","jaguar f-type svr","lucaromanopix","seat leon cupa 290","volvo v90"],"articleSection":["AUTOMOTIVE","BMW","NEWS","PUNTATA DRIVELIFE","PUNTATE DRIVELIFE TV 2016","SPORT","VIDEO"],"inLanguage":"en-US","potentialAction":[{"@type":"CommentAction","name":"Comment","target":["https:\/\/www.drivelife.it\/news\/2016\/02\/23\/bmw-m2-safety-car-motogp\/#respond"]}]},{"@type":"WebPage","@id":"https:\/\/www.drivelife.it\/news\/2016\/02\/23\/bmw-m2-safety-car-motogp\/","url":"https:\/\/www.drivelife.it\/news\/2016\/02\/23\/bmw-m2-safety-car-motogp\/","name":"BMW M2 SAFETY CAR MOTOGp - #lucalife","isPartOf":{"@id":"https:\/\/www.drivelife.it\/news\/#website"},"primaryImageOfPage":{"@id":"https:\/\/www.drivelife.it\/news\/2016\/02\/23\/bmw-m2-safety-car-motogp\/#primaryimage"},"image":{"@id":"https:\/\/www.drivelife.it\/news\/2016\/02\/23\/bmw-m2-safety-car-motogp\/#primaryimage"},"thumbnailUrl":"https:\/\/www.drivelife.it\/news\/wp-content\/uploads\/2016\/02\/107623-p90203612_highres.jpg","datePublished":"2016-02-23T09:58:47+00:00","dateModified":"2016-02-29T10:12:51+00:00","author":{"@id":"https:\/\/www.drivelife.it\/news\/#\/schema\/person\/b6c194c3423ff451be4914f5fd9c2188"},"breadcrumb":{"@id":"https:\/\/www.drivelife.it\/news\/2016\/02\/23\/bmw-m2-safety-car-motogp\/#breadcrumb"},"inLanguage":"en-US","potentialAction":[{"@type":"ReadAction","target":["https:\/\/www.drivelife.it\/news\/2016\/02\/23\/bmw-m2-safety-car-motogp\/"]}]},{"@type":"ImageObject","inLanguage":"en-US","@id":"https:\/\/www.drivelife.it\/news\/2016\/02\/23\/bmw-m2-safety-car-motogp\/#primaryimage","url":"https:\/\/www.drivelife.it\/news\/wp-content\/uploads\/2016\/02\/107623-p90203612_highres.jpg","contentUrl":"https:\/\/www.drivelife.it\/news\/wp-content\/uploads\/2016\/02\/107623-p90203612_highres.jpg","width":1920,"height":1438,"caption":"BMW M2 Safety Car MotoGp"},{"@type":"BreadcrumbList","@id":"https:\/\/www.drivelife.it\/news\/2016\/02\/23\/bmw-m2-safety-car-motogp\/#breadcrumb","itemListElement":[{"@type":"ListItem","position":1,"name":"Home","item":"https:\/\/www.drivelife.it\/news\/"},{"@type":"ListItem","position":2,"name":"BMW M2 SAFETY CAR MOTOGp"}]},{"@type":"WebSite","@id":"https:\/\/www.drivelife.it\/news\/#website","url":"https:\/\/www.drivelife.it\/news\/","name":"#lucalife","description":"DRIVELIFE le mie automobili","potentialAction":[{"@type":"SearchAction","target":{"@type":"EntryPoint","urlTemplate":"https:\/\/www.drivelife.it\/news\/?s={search_term_string}"},"query-input":{"@type":"PropertyValueSpecification","valueRequired":true,"valueName":"search_term_string"}}],"inLanguage":"en-US"},{"@type":"Person","@id":"https:\/\/www.drivelife.it\/news\/#\/schema\/person\/b6c194c3423ff451be4914f5fd9c2188","name":"Redazione","image":{"@type":"ImageObject","inLanguage":"en-US","@id":"https:\/\/secure.gravatar.com\/avatar\/8d186f6b07ba8a94441344759f0e13bf1909b6ceaa171df0425551b4590fd558?s=96&d=mm&r=g","url":"https:\/\/secure.gravatar.com\/avatar\/8d186f6b07ba8a94441344759f0e13bf1909b6ceaa171df0425551b4590fd558?s=96&d=mm&r=g","contentUrl":"https:\/\/secure.gravatar.com\/avatar\/8d186f6b07ba8a94441344759f0e13bf1909b6ceaa171df0425551b4590fd558?s=96&d=mm&r=g","caption":"Redazione"},"url":"https:\/\/www.drivelife.it\/news\/author\/admin\/"}]}},"amp_enabled":true,"_links":{"self":[{"href":"https:\/\/www.drivelife.it\/news\/wp-json\/wp\/v2\/posts\/9208","targetHints":{"allow":["GET"]}}],"collection":[{"href":"https:\/\/www.drivelife.it\/news\/wp-json\/wp\/v2\/posts"}],"about":[{"href":"https:\/\/www.drivelife.it\/news\/wp-json\/wp\/v2\/types\/post"}],"author":[{"embeddable":true,"href":"https:\/\/www.drivelife.it\/news\/wp-json\/wp\/v2\/users\/1"}],"replies":[{"embeddable":true,"href":"https:\/\/www.drivelife.it\/news\/wp-json\/wp\/v2\/comments?post=9208"}],"version-history":[{"count":6,"href":"https:\/\/www.drivelife.it\/news\/wp-json\/wp\/v2\/posts\/9208\/revisions"}],"predecessor-version":[{"id":9229,"href":"https:\/\/www.drivelife.it\/news\/wp-json\/wp\/v2\/posts\/9208\/revisions\/9229"}],"wp:featuredmedia":[{"embeddable":true,"href":"https:\/\/www.drivelife.it\/news\/wp-json\/wp\/v2\/media\/9209"}],"wp:attachment":[{"href":"https:\/\/www.drivelife.it\/news\/wp-json\/wp\/v2\/media?parent=9208"}],"wp:term":[{"taxonomy":"category","embeddable":true,"href":"https:\/\/www.drivelife.it\/news\/wp-json\/wp\/v2\/categories?post=9208"},{"taxonomy":"post_tag","embeddable":true,"href":"https:\/\/www.drivelife.it\/news\/wp-json\/wp\/v2\/tags?post=9208"}],"curies":[{"name":"wp","href":"https:\/\/api.w.org\/{rel}","templated":true}]}}