{"id":9182,"date":"2016-02-24T09:14:50","date_gmt":"2016-02-24T09:14:50","guid":{"rendered":"http:\/\/www.drivelife.it\/news\/?p=9182"},"modified":"2016-02-27T09:28:34","modified_gmt":"2016-02-27T09:28:34","slug":"20quattro-ore-delle-alpi","status":"publish","type":"post","link":"https:\/\/www.drivelife.it\/news\/2016\/02\/24\/20quattro-ore-delle-alpi\/","title":{"rendered":"20quattro ORE DELLE ALPI"},"content":{"rendered":"<p>&nbsp;<br \/>\n&nbsp;<br \/>\n&nbsp;<br \/>\n&nbsp;<\/p>\n<blockquote>\n<h2><strong>Land of quattro \u00e8 quella pubblicit\u00e0 che tempo fa diede il due picche alla FIAT ribadendo non solo l&#8217;autonomia pubblicitaria di Audi e delle sue agenzie rispetto alla protervia del colosso torinese. Ma \u00e8 anche il segnale di apprezzamento di Audi per il mercato italiano dove le vendite non mostrano diminuzioni dei numeri.\u00a0<\/strong><\/h2>\n<\/blockquote>\n<p><!--more--><br \/>\n&nbsp;<br \/>\n&nbsp;<\/p>\n<p>https:\/\/vimeo.com\/156859871<\/p>\n<p>&nbsp;<br \/>\n&nbsp;<\/p>\n<p><strong>di REDAZIONE<\/strong><br \/>\n<strong> DURATA, 01\u2019 00\u201d <\/strong><br \/>\n<strong> IN TV CON DRIVELIFE DEL 27 FEBBRAIO 2016<\/strong><\/p>\n<p>&nbsp;<\/p>\n<p>Da land of quattro a 20quattro ore delle Alpi il passo \u00e8 stato breve in fatto di associazione di idee perch\u00e9 poi passare dalle Alpi Occidentali a Cortina, Dolomiti, Alpi Orientali, senza mai spegnere il motore della vettura \u00e8 tutta un&#8217;altra cosa. L&#8217;impresa compiuta in ventiquattro ore \u00e8 stata un&#8217;attivit\u00e0 tutta italiana delle scorse settimane che ha visto protagoniste quattro nuove Audi A4 Avant equipaggiate con il motore tre litri turbo-diesel con 272 cavalli, cambio tiptronic e trazione \u201cquattro\u201d. Attraversati passi alpini impegnativi come il Passo del Bernina, quota 2.323 metri e il Passo Juler a quota 2.284.<\/p>\n<p>Ventiquattro ore di guida, oltre mille-e-trecento chilometri percorsi, diciotto passi alpini, consumo medio di 9,2 km con un litro, meno di cento chilometri di percorso autostradale. Due terabite di materiale video girato con le GoPro, dieci litri di caff\u00e8 e quasi cinquanta lattine di RedBull&#8230; Una bella tirata, non c&#8217;\u00e8 che dire.<\/p>\n<p>&nbsp;<br \/>\n&nbsp;<br \/>\n&nbsp;<br \/>\n&nbsp;<\/p>\n\n\t\t<style>\n\t\t\t#gallery-1 {\n\t\t\t\tmargin: auto;\n\t\t\t}\n\t\t\t#gallery-1 .gallery-item {\n\t\t\t\tfloat: left;\n\t\t\t\tmargin-top: 10px;\n\t\t\t\ttext-align: center;\n\t\t\t\twidth: 33%;\n\t\t\t}\n\t\t\t#gallery-1 img {\n\t\t\t\tborder: 2px solid #cfcfcf;\n\t\t\t}\n\t\t\t#gallery-1 .gallery-caption {\n\t\t\t\tmargin-left: 0;\n\t\t\t}\n\t\t\t\/* see gallery_shortcode() in wp-includes\/media.php *\/\n\t\t<\/style>\n\t\t<div id='gallery-1' class='gallery galleryid-9182 gallery-columns-3 gallery-size-thumbnail'><dl class='gallery-item'>\n\t\t\t<dt class='gallery-icon landscape'>\n\t\t\t\t<a href='https:\/\/www.drivelife.it\/news\/2016\/02\/24\/20quattro-ore-delle-alpi\/audi-a4-tfsi-ultra-2\/'><img loading=\"lazy\" decoding=\"async\" width=\"150\" height=\"150\" src=\"https:\/\/www.drivelife.it\/news\/wp-content\/uploads\/2016\/02\/A160748_medium1-150x150.jpg\" class=\"attachment-thumbnail size-thumbnail no-lazy\" alt=\"\" srcset=\"https:\/\/www.drivelife.it\/news\/wp-content\/uploads\/2016\/02\/A160748_medium1-150x150.jpg 150w, https:\/\/www.drivelife.it\/news\/wp-content\/uploads\/2016\/02\/A160748_medium1-160x160.jpg 160w, https:\/\/www.drivelife.it\/news\/wp-content\/uploads\/2016\/02\/A160748_medium1-320x320.jpg 320w\" sizes=\"auto, (max-width: 150px) 100vw, 150px\" \/><\/a>\n\t\t\t<\/dt><\/dl><dl class='gallery-item'>\n\t\t\t<dt class='gallery-icon landscape'>\n\t\t\t\t<a href='https:\/\/www.drivelife.it\/news\/2016\/02\/24\/20quattro-ore-delle-alpi\/audi-a4-tfsi-ultra-3\/'><img loading=\"lazy\" decoding=\"async\" width=\"150\" height=\"150\" src=\"https:\/\/www.drivelife.it\/news\/wp-content\/uploads\/2016\/02\/A160749_medium-150x150.jpg\" class=\"attachment-thumbnail size-thumbnail no-lazy\" alt=\"\" srcset=\"https:\/\/www.drivelife.it\/news\/wp-content\/uploads\/2016\/02\/A160749_medium-150x150.jpg 150w, https:\/\/www.drivelife.it\/news\/wp-content\/uploads\/2016\/02\/A160749_medium-160x160.jpg 160w, https:\/\/www.drivelife.it\/news\/wp-content\/uploads\/2016\/02\/A160749_medium-320x320.jpg 320w\" sizes=\"auto, (max-width: 150px) 100vw, 150px\" \/><\/a>\n\t\t\t<\/dt><\/dl><dl class='gallery-item'>\n\t\t\t<dt class='gallery-icon landscape'>\n\t\t\t\t<a href='https:\/\/www.drivelife.it\/news\/2016\/02\/24\/20quattro-ore-delle-alpi\/audi-a4-avant-tfsi-ultra\/'><img loading=\"lazy\" decoding=\"async\" width=\"150\" height=\"150\" src=\"https:\/\/www.drivelife.it\/news\/wp-content\/uploads\/2016\/02\/A160752_medium-150x150.jpg\" class=\"attachment-thumbnail size-thumbnail no-lazy\" alt=\"\" srcset=\"https:\/\/www.drivelife.it\/news\/wp-content\/uploads\/2016\/02\/A160752_medium-150x150.jpg 150w, https:\/\/www.drivelife.it\/news\/wp-content\/uploads\/2016\/02\/A160752_medium-160x160.jpg 160w, https:\/\/www.drivelife.it\/news\/wp-content\/uploads\/2016\/02\/A160752_medium-320x320.jpg 320w\" sizes=\"auto, (max-width: 150px) 100vw, 150px\" \/><\/a>\n\t\t\t<\/dt><\/dl><br style=\"clear: both\" \/>\n\t\t<\/div>\n\n<p>&nbsp;<br \/>\n&nbsp;<br \/>\n&nbsp;<br \/>\n&nbsp;<\/p>\n<p><a href=\"http:\/\/vimeo.com\/drivelife\"><img decoding=\"async\" alt=\"Vimeo\" src=\"http:\/\/a.vimeocdn.com\/images_v6\/blogbadge_channels.png\" \/><\/a><\/p>\n<blockquote>\n<h1><strong>In TV con drivelife del 27 Febbraio <\/strong><\/h1>\n<\/blockquote>\n<p><a href=\"https:\/\/flipboard.com\/@mrlukkor\/drivelife-q5flocp8y\" data-flip-widget=\"mag\">View my Flipboard Magazine.<\/a><\/p>\n<h2>Guarda di pi\u00f9 con\u00a0drivelife<\/h2>\n<p style=\"color: #021eaa;\"><a href=\"http:\/\/car.18x24.it\">http:\/\/car.18&#215;24.it<\/a><\/p>\n<p style=\"color: #021eaa;\"><a href=\"http:\/\/www.drivelife.it\">http:\/\/www.drivelife.it<\/a><\/p>\n<p style=\"color: #021eaa;\"><a href=\"http:\/\/www.drivelife.it\/clip\/\">http:\/\/www.drivelife.it\/clip\/<\/a><\/p>\n<p style=\"color: #021eaa;\"><a href=\"http:\/\/www.drivelife.it\/dlnew\/\">http:\/\/www.drivelife.it\/dlnew\/<\/a><\/p>\n<p style=\"color: #021eaa;\"><a href=\"http:\/\/www.drivelife.it\/moto\/\">http:\/\/www.drivelife.it\/moto\/<\/a><\/p>\n<p style=\"color: #021eaa;\"><a href=\"http:\/\/www.drivelife.it\/car\/\">http:\/\/www.drivelife.it\/car\/<\/a><\/p>\n<p style=\"color: #021eaa;\"><a href=\"http:\/\/www.drivelife.it\/drivelifeintv\/\">http:\/\/www.drivelife.it\/drivelifeintv\/<\/a><\/p>\n<p style=\"color: #021eaa;\"><a href=\"http:\/\/www.drivelife.it\/pics\/\">http:\/\/www.drivelife.it\/pics\/<\/a><\/p>\n<p style=\"color: #021eaa;\"><a href=\"http:\/\/www.drivelife.it\/dresscode\/\">http:\/\/www.drivelife.it\/dresscode\/<\/a><\/p>\n<p style=\"color: #021eaa;\"><a href=\"https:\/\/twitter.com\/tweetdrivelife\">https:\/\/twitter.com\/tweetdrivelife<\/a><\/p>\n<p style=\"color: #021eaa;\"><a href=\"https:\/\/flipboard.com\/@mrlukkor\/drivelife-q5flocp8y\">https:\/\/flipboard.com\/@mrlukkor\/drivelife-q5flocp8y<\/a><\/p>\n<p>&nbsp;<br \/>\n&nbsp;<br \/>\n&nbsp;<br \/>\n&nbsp;<\/p>\n","protected":false},"excerpt":{"rendered":"<p>&nbsp; &nbsp; &nbsp; &nbsp; Land of quattro \u00e8 quella pubblicit\u00e0 che tempo fa diede il due picche alla FIAT ribadendo non solo l&#8217;autonomia pubblicitaria di Audi e delle sue agenzie rispetto alla protervia del colosso torinese. Ma \u00e8 anche il segnale di apprezzamento di Audi per il mercato italiano dove le vendite non mostrano diminuzioni dei numeri.\u00a0<\/p>\n","protected":false},"author":1,"featured_media":9183,"comment_status":"open","ping_status":"open","sticky":false,"template":"","format":"video","meta":{"ngg_post_thumbnail":0,"footnotes":""},"categories":[42,39,71,759,53],"tags":[790,793,787,37,786,788,768,791,538,792,789],"class_list":["post-9182","post","type-post","status-publish","format-video","has-post-thumbnail","hentry","category-audi","category-automotive","category-puntata-drivelife","category-puntate-drivelife-tv-2016","category-video","tag-audi-20quattro-ore-delle-alpi","tag-bmw-m2-motogp","tag-driveds","tag-drivelife","tag-drivelife-2016-febbraio-27","tag-dsstore-roma","tag-elena-fumagalli","tag-jaguar-f-type-svr","tag-lucaromanopix","tag-seat-leon-cupa-290","tag-volvo-v90","post_format-post-format-video"],"yoast_head":"<!-- This site is optimized with the Yoast SEO plugin v27.5 - https:\/\/yoast.com\/product\/yoast-seo-wordpress\/ -->\n<title>20quattro ORE DELLE ALPI - #lucalife<\/title>\n<meta name=\"robots\" content=\"index, follow, max-snippet:-1, max-image-preview:large, max-video-preview:-1\" \/>\n<link rel=\"canonical\" href=\"https:\/\/www.drivelife.it\/news\/2016\/02\/24\/20quattro-ore-delle-alpi\/\" \/>\n<meta property=\"og:locale\" content=\"en_US\" \/>\n<meta property=\"og:type\" content=\"article\" \/>\n<meta property=\"og:title\" content=\"20quattro ORE DELLE ALPI - #lucalife\" \/>\n<meta property=\"og:description\" content=\"&nbsp; &nbsp; &nbsp; &nbsp; Land of quattro \u00e8 quella pubblicit\u00e0 che tempo fa diede il due picche alla FIAT ribadendo non solo l&#8217;autonomia pubblicitaria di Audi e delle sue agenzie rispetto alla protervia del colosso torinese. Ma \u00e8 anche il segnale di apprezzamento di Audi per il mercato italiano dove le vendite non mostrano diminuzioni dei numeri.\u00a0\" \/>\n<meta property=\"og:url\" content=\"https:\/\/www.drivelife.it\/news\/2016\/02\/24\/20quattro-ore-delle-alpi\/\" \/>\n<meta property=\"og:site_name\" content=\"#lucalife\" \/>\n<meta property=\"article:publisher\" content=\"https:\/\/www.facebook.com\/pages\/Drivelife\/467833073239720\" \/>\n<meta property=\"article:published_time\" content=\"2016-02-24T09:14:50+00:00\" \/>\n<meta property=\"article:modified_time\" content=\"2016-02-27T09:28:34+00:00\" \/>\n<meta property=\"og:image\" content=\"https:\/\/www.drivelife.it\/news\/wp-content\/uploads\/2016\/02\/A160748_medium.jpg\" \/>\n\t<meta property=\"og:image:width\" content=\"3508\" \/>\n\t<meta property=\"og:image:height\" content=\"2481\" \/>\n\t<meta property=\"og:image:type\" content=\"image\/jpeg\" \/>\n<meta name=\"author\" content=\"Redazione\" \/>\n<meta name=\"twitter:card\" content=\"summary_large_image\" \/>\n<meta name=\"twitter:creator\" content=\"@tweetdrivelife\" \/>\n<meta name=\"twitter:site\" content=\"@tweetdrivelife\" \/>\n<meta name=\"twitter:label1\" content=\"Written by\" \/>\n\t<meta name=\"twitter:data1\" content=\"Redazione\" \/>\n\t<meta name=\"twitter:label2\" content=\"Est. reading time\" \/>\n\t<meta name=\"twitter:data2\" content=\"2 minutes\" \/>\n<script type=\"application\/ld+json\" class=\"yoast-schema-graph\">{\"@context\":\"https:\\\/\\\/schema.org\",\"@graph\":[{\"@type\":\"Article\",\"@id\":\"https:\\\/\\\/www.drivelife.it\\\/news\\\/2016\\\/02\\\/24\\\/20quattro-ore-delle-alpi\\\/#article\",\"isPartOf\":{\"@id\":\"https:\\\/\\\/www.drivelife.it\\\/news\\\/2016\\\/02\\\/24\\\/20quattro-ore-delle-alpi\\\/\"},\"author\":{\"name\":\"Redazione\",\"@id\":\"https:\\\/\\\/www.drivelife.it\\\/news\\\/#\\\/schema\\\/person\\\/b6c194c3423ff451be4914f5fd9c2188\"},\"headline\":\"20quattro ORE DELLE ALPI\",\"datePublished\":\"2016-02-24T09:14:50+00:00\",\"dateModified\":\"2016-02-27T09:28:34+00:00\",\"mainEntityOfPage\":{\"@id\":\"https:\\\/\\\/www.drivelife.it\\\/news\\\/2016\\\/02\\\/24\\\/20quattro-ore-delle-alpi\\\/\"},\"wordCount\":308,\"commentCount\":0,\"image\":{\"@id\":\"https:\\\/\\\/www.drivelife.it\\\/news\\\/2016\\\/02\\\/24\\\/20quattro-ore-delle-alpi\\\/#primaryimage\"},\"thumbnailUrl\":\"https:\\\/\\\/www.drivelife.it\\\/news\\\/wp-content\\\/uploads\\\/2016\\\/02\\\/A160748_medium.jpg\",\"keywords\":[\"audi 20quattro ore delle alpi\",\"bmw m2 motoGP\",\"driveds\",\"DRIVELIFE\",\"drivelife 2016 febbraio 27\",\"dsstore roma\",\"elena fumagalli\",\"jaguar f-type svr\",\"lucaromanopix\",\"seat leon cupa 290\",\"volvo v90\"],\"articleSection\":[\"AUDI\",\"AUTOMOTIVE\",\"PUNTATA DRIVELIFE\",\"PUNTATE DRIVELIFE TV 2016\",\"VIDEO\"],\"inLanguage\":\"en-US\",\"potentialAction\":[{\"@type\":\"CommentAction\",\"name\":\"Comment\",\"target\":[\"https:\\\/\\\/www.drivelife.it\\\/news\\\/2016\\\/02\\\/24\\\/20quattro-ore-delle-alpi\\\/#respond\"]}]},{\"@type\":\"WebPage\",\"@id\":\"https:\\\/\\\/www.drivelife.it\\\/news\\\/2016\\\/02\\\/24\\\/20quattro-ore-delle-alpi\\\/\",\"url\":\"https:\\\/\\\/www.drivelife.it\\\/news\\\/2016\\\/02\\\/24\\\/20quattro-ore-delle-alpi\\\/\",\"name\":\"20quattro ORE DELLE ALPI - #lucalife\",\"isPartOf\":{\"@id\":\"https:\\\/\\\/www.drivelife.it\\\/news\\\/#website\"},\"primaryImageOfPage\":{\"@id\":\"https:\\\/\\\/www.drivelife.it\\\/news\\\/2016\\\/02\\\/24\\\/20quattro-ore-delle-alpi\\\/#primaryimage\"},\"image\":{\"@id\":\"https:\\\/\\\/www.drivelife.it\\\/news\\\/2016\\\/02\\\/24\\\/20quattro-ore-delle-alpi\\\/#primaryimage\"},\"thumbnailUrl\":\"https:\\\/\\\/www.drivelife.it\\\/news\\\/wp-content\\\/uploads\\\/2016\\\/02\\\/A160748_medium.jpg\",\"datePublished\":\"2016-02-24T09:14:50+00:00\",\"dateModified\":\"2016-02-27T09:28:34+00:00\",\"author\":{\"@id\":\"https:\\\/\\\/www.drivelife.it\\\/news\\\/#\\\/schema\\\/person\\\/b6c194c3423ff451be4914f5fd9c2188\"},\"breadcrumb\":{\"@id\":\"https:\\\/\\\/www.drivelife.it\\\/news\\\/2016\\\/02\\\/24\\\/20quattro-ore-delle-alpi\\\/#breadcrumb\"},\"inLanguage\":\"en-US\",\"potentialAction\":[{\"@type\":\"ReadAction\",\"target\":[\"https:\\\/\\\/www.drivelife.it\\\/news\\\/2016\\\/02\\\/24\\\/20quattro-ore-delle-alpi\\\/\"]}]},{\"@type\":\"ImageObject\",\"inLanguage\":\"en-US\",\"@id\":\"https:\\\/\\\/www.drivelife.it\\\/news\\\/2016\\\/02\\\/24\\\/20quattro-ore-delle-alpi\\\/#primaryimage\",\"url\":\"https:\\\/\\\/www.drivelife.it\\\/news\\\/wp-content\\\/uploads\\\/2016\\\/02\\\/A160748_medium.jpg\",\"contentUrl\":\"https:\\\/\\\/www.drivelife.it\\\/news\\\/wp-content\\\/uploads\\\/2016\\\/02\\\/A160748_medium.jpg\",\"width\":3508,\"height\":2481,\"caption\":\"20quattro ORE DELLE ALPI, AUDI A4 AVANT\"},{\"@type\":\"BreadcrumbList\",\"@id\":\"https:\\\/\\\/www.drivelife.it\\\/news\\\/2016\\\/02\\\/24\\\/20quattro-ore-delle-alpi\\\/#breadcrumb\",\"itemListElement\":[{\"@type\":\"ListItem\",\"position\":1,\"name\":\"Home\",\"item\":\"https:\\\/\\\/www.drivelife.it\\\/news\\\/\"},{\"@type\":\"ListItem\",\"position\":2,\"name\":\"20quattro ORE DELLE ALPI\"}]},{\"@type\":\"WebSite\",\"@id\":\"https:\\\/\\\/www.drivelife.it\\\/news\\\/#website\",\"url\":\"https:\\\/\\\/www.drivelife.it\\\/news\\\/\",\"name\":\"#lucalife\",\"description\":\"DRIVELIFE le mie automobili\",\"potentialAction\":[{\"@type\":\"SearchAction\",\"target\":{\"@type\":\"EntryPoint\",\"urlTemplate\":\"https:\\\/\\\/www.drivelife.it\\\/news\\\/?s={search_term_string}\"},\"query-input\":{\"@type\":\"PropertyValueSpecification\",\"valueRequired\":true,\"valueName\":\"search_term_string\"}}],\"inLanguage\":\"en-US\"},{\"@type\":\"Person\",\"@id\":\"https:\\\/\\\/www.drivelife.it\\\/news\\\/#\\\/schema\\\/person\\\/b6c194c3423ff451be4914f5fd9c2188\",\"name\":\"Redazione\",\"image\":{\"@type\":\"ImageObject\",\"inLanguage\":\"en-US\",\"@id\":\"https:\\\/\\\/secure.gravatar.com\\\/avatar\\\/8d186f6b07ba8a94441344759f0e13bf1909b6ceaa171df0425551b4590fd558?s=96&d=mm&r=g\",\"url\":\"https:\\\/\\\/secure.gravatar.com\\\/avatar\\\/8d186f6b07ba8a94441344759f0e13bf1909b6ceaa171df0425551b4590fd558?s=96&d=mm&r=g\",\"contentUrl\":\"https:\\\/\\\/secure.gravatar.com\\\/avatar\\\/8d186f6b07ba8a94441344759f0e13bf1909b6ceaa171df0425551b4590fd558?s=96&d=mm&r=g\",\"caption\":\"Redazione\"},\"url\":\"https:\\\/\\\/www.drivelife.it\\\/news\\\/author\\\/admin\\\/\"}]}<\/script>\n<!-- \/ Yoast SEO plugin. -->","yoast_head_json":{"title":"20quattro ORE DELLE ALPI - #lucalife","robots":{"index":"index","follow":"follow","max-snippet":"max-snippet:-1","max-image-preview":"max-image-preview:large","max-video-preview":"max-video-preview:-1"},"canonical":"https:\/\/www.drivelife.it\/news\/2016\/02\/24\/20quattro-ore-delle-alpi\/","og_locale":"en_US","og_type":"article","og_title":"20quattro ORE DELLE ALPI - #lucalife","og_description":"&nbsp; &nbsp; &nbsp; &nbsp; Land of quattro \u00e8 quella pubblicit\u00e0 che tempo fa diede il due picche alla FIAT ribadendo non solo l&#8217;autonomia pubblicitaria di Audi e delle sue agenzie rispetto alla protervia del colosso torinese. Ma \u00e8 anche il segnale di apprezzamento di Audi per il mercato italiano dove le vendite non mostrano diminuzioni dei numeri.\u00a0","og_url":"https:\/\/www.drivelife.it\/news\/2016\/02\/24\/20quattro-ore-delle-alpi\/","og_site_name":"#lucalife","article_publisher":"https:\/\/www.facebook.com\/pages\/Drivelife\/467833073239720","article_published_time":"2016-02-24T09:14:50+00:00","article_modified_time":"2016-02-27T09:28:34+00:00","og_image":[{"width":3508,"height":2481,"url":"https:\/\/www.drivelife.it\/news\/wp-content\/uploads\/2016\/02\/A160748_medium.jpg","type":"image\/jpeg"}],"author":"Redazione","twitter_card":"summary_large_image","twitter_creator":"@tweetdrivelife","twitter_site":"@tweetdrivelife","twitter_misc":{"Written by":"Redazione","Est. reading time":"2 minutes"},"schema":{"@context":"https:\/\/schema.org","@graph":[{"@type":"Article","@id":"https:\/\/www.drivelife.it\/news\/2016\/02\/24\/20quattro-ore-delle-alpi\/#article","isPartOf":{"@id":"https:\/\/www.drivelife.it\/news\/2016\/02\/24\/20quattro-ore-delle-alpi\/"},"author":{"name":"Redazione","@id":"https:\/\/www.drivelife.it\/news\/#\/schema\/person\/b6c194c3423ff451be4914f5fd9c2188"},"headline":"20quattro ORE DELLE ALPI","datePublished":"2016-02-24T09:14:50+00:00","dateModified":"2016-02-27T09:28:34+00:00","mainEntityOfPage":{"@id":"https:\/\/www.drivelife.it\/news\/2016\/02\/24\/20quattro-ore-delle-alpi\/"},"wordCount":308,"commentCount":0,"image":{"@id":"https:\/\/www.drivelife.it\/news\/2016\/02\/24\/20quattro-ore-delle-alpi\/#primaryimage"},"thumbnailUrl":"https:\/\/www.drivelife.it\/news\/wp-content\/uploads\/2016\/02\/A160748_medium.jpg","keywords":["audi 20quattro ore delle alpi","bmw m2 motoGP","driveds","DRIVELIFE","drivelife 2016 febbraio 27","dsstore roma","elena fumagalli","jaguar f-type svr","lucaromanopix","seat leon cupa 290","volvo v90"],"articleSection":["AUDI","AUTOMOTIVE","PUNTATA DRIVELIFE","PUNTATE DRIVELIFE TV 2016","VIDEO"],"inLanguage":"en-US","potentialAction":[{"@type":"CommentAction","name":"Comment","target":["https:\/\/www.drivelife.it\/news\/2016\/02\/24\/20quattro-ore-delle-alpi\/#respond"]}]},{"@type":"WebPage","@id":"https:\/\/www.drivelife.it\/news\/2016\/02\/24\/20quattro-ore-delle-alpi\/","url":"https:\/\/www.drivelife.it\/news\/2016\/02\/24\/20quattro-ore-delle-alpi\/","name":"20quattro ORE DELLE ALPI - #lucalife","isPartOf":{"@id":"https:\/\/www.drivelife.it\/news\/#website"},"primaryImageOfPage":{"@id":"https:\/\/www.drivelife.it\/news\/2016\/02\/24\/20quattro-ore-delle-alpi\/#primaryimage"},"image":{"@id":"https:\/\/www.drivelife.it\/news\/2016\/02\/24\/20quattro-ore-delle-alpi\/#primaryimage"},"thumbnailUrl":"https:\/\/www.drivelife.it\/news\/wp-content\/uploads\/2016\/02\/A160748_medium.jpg","datePublished":"2016-02-24T09:14:50+00:00","dateModified":"2016-02-27T09:28:34+00:00","author":{"@id":"https:\/\/www.drivelife.it\/news\/#\/schema\/person\/b6c194c3423ff451be4914f5fd9c2188"},"breadcrumb":{"@id":"https:\/\/www.drivelife.it\/news\/2016\/02\/24\/20quattro-ore-delle-alpi\/#breadcrumb"},"inLanguage":"en-US","potentialAction":[{"@type":"ReadAction","target":["https:\/\/www.drivelife.it\/news\/2016\/02\/24\/20quattro-ore-delle-alpi\/"]}]},{"@type":"ImageObject","inLanguage":"en-US","@id":"https:\/\/www.drivelife.it\/news\/2016\/02\/24\/20quattro-ore-delle-alpi\/#primaryimage","url":"https:\/\/www.drivelife.it\/news\/wp-content\/uploads\/2016\/02\/A160748_medium.jpg","contentUrl":"https:\/\/www.drivelife.it\/news\/wp-content\/uploads\/2016\/02\/A160748_medium.jpg","width":3508,"height":2481,"caption":"20quattro ORE DELLE ALPI, AUDI A4 AVANT"},{"@type":"BreadcrumbList","@id":"https:\/\/www.drivelife.it\/news\/2016\/02\/24\/20quattro-ore-delle-alpi\/#breadcrumb","itemListElement":[{"@type":"ListItem","position":1,"name":"Home","item":"https:\/\/www.drivelife.it\/news\/"},{"@type":"ListItem","position":2,"name":"20quattro ORE DELLE ALPI"}]},{"@type":"WebSite","@id":"https:\/\/www.drivelife.it\/news\/#website","url":"https:\/\/www.drivelife.it\/news\/","name":"#lucalife","description":"DRIVELIFE le mie automobili","potentialAction":[{"@type":"SearchAction","target":{"@type":"EntryPoint","urlTemplate":"https:\/\/www.drivelife.it\/news\/?s={search_term_string}"},"query-input":{"@type":"PropertyValueSpecification","valueRequired":true,"valueName":"search_term_string"}}],"inLanguage":"en-US"},{"@type":"Person","@id":"https:\/\/www.drivelife.it\/news\/#\/schema\/person\/b6c194c3423ff451be4914f5fd9c2188","name":"Redazione","image":{"@type":"ImageObject","inLanguage":"en-US","@id":"https:\/\/secure.gravatar.com\/avatar\/8d186f6b07ba8a94441344759f0e13bf1909b6ceaa171df0425551b4590fd558?s=96&d=mm&r=g","url":"https:\/\/secure.gravatar.com\/avatar\/8d186f6b07ba8a94441344759f0e13bf1909b6ceaa171df0425551b4590fd558?s=96&d=mm&r=g","contentUrl":"https:\/\/secure.gravatar.com\/avatar\/8d186f6b07ba8a94441344759f0e13bf1909b6ceaa171df0425551b4590fd558?s=96&d=mm&r=g","caption":"Redazione"},"url":"https:\/\/www.drivelife.it\/news\/author\/admin\/"}]}},"amp_enabled":true,"_links":{"self":[{"href":"https:\/\/www.drivelife.it\/news\/wp-json\/wp\/v2\/posts\/9182","targetHints":{"allow":["GET"]}}],"collection":[{"href":"https:\/\/www.drivelife.it\/news\/wp-json\/wp\/v2\/posts"}],"about":[{"href":"https:\/\/www.drivelife.it\/news\/wp-json\/wp\/v2\/types\/post"}],"author":[{"embeddable":true,"href":"https:\/\/www.drivelife.it\/news\/wp-json\/wp\/v2\/users\/1"}],"replies":[{"embeddable":true,"href":"https:\/\/www.drivelife.it\/news\/wp-json\/wp\/v2\/comments?post=9182"}],"version-history":[{"count":8,"href":"https:\/\/www.drivelife.it\/news\/wp-json\/wp\/v2\/posts\/9182\/revisions"}],"predecessor-version":[{"id":9195,"href":"https:\/\/www.drivelife.it\/news\/wp-json\/wp\/v2\/posts\/9182\/revisions\/9195"}],"wp:featuredmedia":[{"embeddable":true,"href":"https:\/\/www.drivelife.it\/news\/wp-json\/wp\/v2\/media\/9183"}],"wp:attachment":[{"href":"https:\/\/www.drivelife.it\/news\/wp-json\/wp\/v2\/media?parent=9182"}],"wp:term":[{"taxonomy":"category","embeddable":true,"href":"https:\/\/www.drivelife.it\/news\/wp-json\/wp\/v2\/categories?post=9182"},{"taxonomy":"post_tag","embeddable":true,"href":"https:\/\/www.drivelife.it\/news\/wp-json\/wp\/v2\/tags?post=9182"}],"curies":[{"name":"wp","href":"https:\/\/api.w.org\/{rel}","templated":true}]}}