{"id":9116,"date":"2016-02-25T07:30:40","date_gmt":"2016-02-25T07:30:40","guid":{"rendered":"http:\/\/www.drivelife.it\/news\/?p=9116"},"modified":"2016-03-07T14:01:49","modified_gmt":"2016-03-07T14:01:49","slug":"volvo-v90","status":"publish","type":"post","link":"https:\/\/www.drivelife.it\/news\/2016\/02\/25\/volvo-v90\/","title":{"rendered":"VOLVO V90"},"content":{"rendered":"<h2>drivelife \/ vimeo<\/h2>\n<p>https:\/\/vimeo.com\/158018240<br \/>\n&nbsp;<br \/>\n&nbsp;<br \/>\n&nbsp;<\/p>\n<blockquote>\n<h2>L&#8217;incidente di percorso pu\u00f2 dirsi concluso. Lo stile scandinavo e la sua eleganza fatta di grandi superfici, morbidi spigoli, linee tese quasi sfuggenti, ha ripreso vigore e spazio con la nuova Volvo V90.<\/h2>\n<\/blockquote>\n<p>&nbsp;<br \/>\n&nbsp;<br \/>\n&nbsp;<br \/>\n&nbsp;<br \/>\nhttps:\/\/vimeo.com\/156859871<br \/>\n&nbsp;<br \/>\n&nbsp;<br \/>\n&nbsp;<br \/>\n<b>di LUCA ROMANO<br \/>\nDURATA, 01\u2019 57\u201d<br \/>\n<\/b><b>IN TV CON DRIVELIFE DEL 27 FEBBRAIO 2016<\/b><\/p>\n<p>Ess\u00ec perch\u00e9 da puristi dello stile, pur apprezzando la vecchia V70, mal si digeriva la soluzione &#8211; ad esempio &#8211; della fanaleria posteriore, un guazzabuglio di forme e colori che denunciava la toppa stilistica messa l\u00ec tanto per aspettare il nuovo modello.<\/p>\n<p>Questa s\u00ec che \u00e8 una Volvo nel vero senso della parola. Poi il fatto che sotto il cofano magari abbia &#8211; anche &#8211; un quattro cilindri mille-e-sei e che se la facciano pagare quasi novanta-mila euro&#8230; \u00c8 un altro discorso. E&#8217; una questione di scelte, comunque nel segmento premium quando si sceglie Audi, BMW, Volvo e persino Mercedes si sceglie bene.<\/p>\n<p>Volvo V90 finalmente torna a quelle forme larghe e generose che danno l&#8217;idea di un&#8217;automobile elegante, di grande fascino, signorile &#8211; come si diceva una volta &#8211; che offre un impareggiabile gusto del possesso perch\u00e9 sottolinea la vera differenza nel mondo automotive.<\/p>\n<p>La vettura \u00e8 stata presentata la scorsa settimana e completa per ora il programma di fascia alta di Volvo affiancando la XC90, il SUV, e la S90, la berlina. All&#8217;interno dove la scuola del design svedese arreda un abitacolo affascinante per soluzioni di stile e materiali adottati il desiderio del viaggio nasce appena seduti al volante. La Volvo V90 adotta il sistema Apple CarPlay ed offre un sistema di guida semi-autonoma, premessa per i prossimi sviluppi in tal senso.<\/p>\n<p>Con la Volvo V90 \u00e8 stato annunciato il nuovo sistema ibrido, il motore T8 composto da un propulsore termico con quattro cilindri ed uno elettrico per una potenza complessiva di 410 cavalli. L&#8217;autonomia di percorrenza in modalit\u00e0 elettrica \u00e8, per\u00f2, ancora limitata a cinquanta chilometri.<\/p>\n<p><div id=\"attachment_9117\" style=\"width: 730px\" class=\"wp-caption alignnone\"><img loading=\"lazy\" decoding=\"async\" aria-describedby=\"caption-attachment-9117\" class=\"size-large wp-image-9117\" alt=\"VOLVO V90\" src=\"http:\/\/www.drivelife.it\/news\/wp-content\/uploads\/2016\/02\/174074_Volvo_V90_Studio_Profile-960x705.jpg\" width=\"720\" height=\"528\" srcset=\"https:\/\/www.drivelife.it\/news\/wp-content\/uploads\/2016\/02\/174074_Volvo_V90_Studio_Profile-960x705.jpg 960w, https:\/\/www.drivelife.it\/news\/wp-content\/uploads\/2016\/02\/174074_Volvo_V90_Studio_Profile-580x425.jpg 580w, https:\/\/www.drivelife.it\/news\/wp-content\/uploads\/2016\/02\/174074_Volvo_V90_Studio_Profile-300x220.jpg 300w\" sizes=\"auto, (max-width: 720px) 100vw, 720px\" \/><p id=\"caption-attachment-9117\" class=\"wp-caption-text\">VOLVO V90<\/p><\/div><br \/>\n&nbsp;<br \/>\n<div id=\"attachment_9585\" style=\"width: 730px\" class=\"wp-caption alignnone\"><img loading=\"lazy\" decoding=\"async\" aria-describedby=\"caption-attachment-9585\" src=\"http:\/\/www.drivelife.it\/news\/wp-content\/uploads\/2016\/02\/108673-173850_volvo_v90_studio_bird_s_eye_view-960x724.jpg\" alt=\"Volvo V90 Studio bird&#039;s eye view\" width=\"720\" height=\"543\" class=\"size-large wp-image-9585\" srcset=\"https:\/\/www.drivelife.it\/news\/wp-content\/uploads\/2016\/02\/108673-173850_volvo_v90_studio_bird_s_eye_view-960x724.jpg 960w, https:\/\/www.drivelife.it\/news\/wp-content\/uploads\/2016\/02\/108673-173850_volvo_v90_studio_bird_s_eye_view-580x438.jpg 580w, https:\/\/www.drivelife.it\/news\/wp-content\/uploads\/2016\/02\/108673-173850_volvo_v90_studio_bird_s_eye_view-768x579.jpg 768w, https:\/\/www.drivelife.it\/news\/wp-content\/uploads\/2016\/02\/108673-173850_volvo_v90_studio_bird_s_eye_view-300x226.jpg 300w\" sizes=\"auto, (max-width: 720px) 100vw, 720px\" \/><p id=\"caption-attachment-9585\" class=\"wp-caption-text\">Volvo V90 Studio bird&#8217;s eye view<\/p><\/div><br \/>\n&nbsp;<br \/>\n<div id=\"attachment_9586\" style=\"width: 730px\" class=\"wp-caption alignnone\"><img loading=\"lazy\" decoding=\"async\" aria-describedby=\"caption-attachment-9586\" src=\"http:\/\/www.drivelife.it\/news\/wp-content\/uploads\/2016\/02\/108673-173851_volvo_v90_studio_rear-960x673.jpg\" alt=\"Volvo V90 Studio Rear\" width=\"720\" height=\"505\" class=\"size-large wp-image-9586\" srcset=\"https:\/\/www.drivelife.it\/news\/wp-content\/uploads\/2016\/02\/108673-173851_volvo_v90_studio_rear-960x673.jpg 960w, https:\/\/www.drivelife.it\/news\/wp-content\/uploads\/2016\/02\/108673-173851_volvo_v90_studio_rear-580x407.jpg 580w, https:\/\/www.drivelife.it\/news\/wp-content\/uploads\/2016\/02\/108673-173851_volvo_v90_studio_rear-768x539.jpg 768w, https:\/\/www.drivelife.it\/news\/wp-content\/uploads\/2016\/02\/108673-173851_volvo_v90_studio_rear-300x210.jpg 300w\" sizes=\"auto, (max-width: 720px) 100vw, 720px\" \/><p id=\"caption-attachment-9586\" class=\"wp-caption-text\">Volvo V90 Studio Rear<\/p><\/div><br \/>\n&nbsp;<br \/>\n&nbsp;<br \/>\n&nbsp;<\/p>\n<h2>HUBNUT DRIVELIFE \/ vimeo #GIMS2016<\/h2>\n<p>&nbsp;<br \/>\n&nbsp;<br \/>\n&nbsp;<br \/>\n<iframe loading=\"lazy\" src=\"\/\/player.vimeo.com\/hubnut\/portfolio\/534523?color=44bbff&amp;background=ffffff&amp;slideshow=0&amp;video_title=0&amp;video_byline=0\" width=\"720\" height=\"576\" frameborder=\"0\" webkitAllowFullScreen mozallowfullscreen allowFullScreen><\/iframe><br \/>\n&nbsp;<br \/>\n&nbsp;<br \/>\n&nbsp;<br \/>\n<a href=\"http:\/\/vimeo.com\/drivelife\"><img decoding=\"async\" alt=\"Vimeo\" src=\"http:\/\/a.vimeocdn.com\/images_v6\/blogbadge_channels.png\" \/><\/a><\/p>\n<blockquote>\n<h1><strong>In TV con drivelife del 27 Febbraio <\/strong><\/h1>\n<\/blockquote>\n<p><a href=\"https:\/\/flipboard.com\/@mrlukkor\/drivelife-q5flocp8y\" data-flip-widget=\"mag\">View my Flipboard Magazine.<\/a><\/p>\n<h2>Guarda di pi\u00f9 con\u00a0drivelife<\/h2>\n<p style=\"color: #021eaa;\"><a href=\"http:\/\/car.18x24.it\">http:\/\/car.18&#215;24.it<\/a><\/p>\n<p style=\"color: #021eaa;\"><a href=\"http:\/\/www.drivelife.it\">http:\/\/www.drivelife.it<\/a><\/p>\n<p style=\"color: #021eaa;\"><a href=\"http:\/\/www.drivelife.it\/clip\/\">http:\/\/www.drivelife.it\/clip\/<\/a><\/p>\n<p style=\"color: #021eaa;\"><a href=\"http:\/\/www.drivelife.it\/dlnew\/\">http:\/\/www.drivelife.it\/dlnew\/<\/a><\/p>\n<p style=\"color: #021eaa;\"><a href=\"http:\/\/www.drivelife.it\/moto\/\">http:\/\/www.drivelife.it\/moto\/<\/a><\/p>\n<p style=\"color: #021eaa;\"><a href=\"http:\/\/www.drivelife.it\/car\/\">http:\/\/www.drivelife.it\/car\/<\/a><\/p>\n<p style=\"color: #021eaa;\"><a href=\"http:\/\/www.drivelife.it\/drivelifeintv\/\">http:\/\/www.drivelife.it\/drivelifeintv\/<\/a><\/p>\n<p style=\"color: #021eaa;\"><a href=\"http:\/\/www.drivelife.it\/pics\/\">http:\/\/www.drivelife.it\/pics\/<\/a><\/p>\n<p style=\"color: #021eaa;\"><a href=\"http:\/\/www.drivelife.it\/dresscode\/\">http:\/\/www.drivelife.it\/dresscode\/<\/a><\/p>\n<p style=\"color: #021eaa;\"><a href=\"https:\/\/twitter.com\/tweetdrivelife\">https:\/\/twitter.com\/tweetdrivelife<\/a><\/p>\n<p style=\"color: #021eaa;\"><a href=\"https:\/\/flipboard.com\/@mrlukkor\/drivelife-q5flocp8y\">https:\/\/flipboard.com\/@mrlukkor\/drivelife-q5flocp8y<\/a><\/p>\n","protected":false},"excerpt":{"rendered":"<p>drivelife \/ vimeo https:\/\/vimeo.com\/158018240 &nbsp; &nbsp; &nbsp; L&#8217;incidente di percorso pu\u00f2 dirsi concluso. Lo stile scandinavo e la sua eleganza fatta di grandi superfici, morbidi spigoli, linee tese quasi sfuggenti, ha ripreso vigore e spazio con la nuova Volvo V90. &nbsp; &nbsp; &nbsp; &nbsp; https:\/\/vimeo.com\/156859871 &nbsp; &nbsp; &nbsp; di LUCA ROMANO DURATA, 01\u2019 57\u201d IN TV CON DRIVELIFE DEL 27 FEBBRAIO 2016 Ess\u00ec perch\u00e9 da puristi dello stile, pur apprezzando la vecchia V70, mal si digeriva la soluzione &#8211; ad esempio &#8211; della fanaleria posteriore, un guazzabuglio di forme e colori che denunciava la toppa stilistica messa l\u00ec tanto per aspettare il&#46;&#46;&#46;<\/p>\n","protected":false},"author":1,"featured_media":9117,"comment_status":"open","ping_status":"open","sticky":false,"template":"","format":"video","meta":{"ngg_post_thumbnail":0,"footnotes":""},"categories":[39,55,71,759,53,29],"tags":[790,793,787,37,786,788,768,791,538,792,789],"class_list":["post-9116","post","type-post","status-publish","format-video","has-post-thumbnail","hentry","category-automotive","category-news","category-puntata-drivelife","category-puntate-drivelife-tv-2016","category-video","category-volvo","tag-audi-20quattro-ore-delle-alpi","tag-bmw-m2-motogp","tag-driveds","tag-drivelife","tag-drivelife-2016-febbraio-27","tag-dsstore-roma","tag-elena-fumagalli","tag-jaguar-f-type-svr","tag-lucaromanopix","tag-seat-leon-cupa-290","tag-volvo-v90","post_format-post-format-video"],"yoast_head":"<!-- This site is optimized with the Yoast SEO plugin v27.5 - https:\/\/yoast.com\/product\/yoast-seo-wordpress\/ -->\n<title>VOLVO V90 - #lucalife<\/title>\n<meta name=\"robots\" content=\"index, follow, max-snippet:-1, max-image-preview:large, max-video-preview:-1\" \/>\n<link rel=\"canonical\" href=\"https:\/\/www.drivelife.it\/news\/2016\/02\/25\/volvo-v90\/\" \/>\n<meta property=\"og:locale\" content=\"en_US\" \/>\n<meta property=\"og:type\" content=\"article\" \/>\n<meta property=\"og:title\" content=\"VOLVO V90 - #lucalife\" \/>\n<meta property=\"og:description\" content=\"drivelife \/ vimeo https:\/\/vimeo.com\/158018240 &nbsp; &nbsp; &nbsp; L&#8217;incidente di percorso pu\u00f2 dirsi concluso. Lo stile scandinavo e la sua eleganza fatta di grandi superfici, morbidi spigoli, linee tese quasi sfuggenti, ha ripreso vigore e spazio con la nuova Volvo V90. &nbsp; &nbsp; &nbsp; &nbsp; https:\/\/vimeo.com\/156859871 &nbsp; &nbsp; &nbsp; di LUCA ROMANO DURATA, 01\u2019 57\u201d IN TV CON DRIVELIFE DEL 27 FEBBRAIO 2016 Ess\u00ec perch\u00e9 da puristi dello stile, pur apprezzando la vecchia V70, mal si digeriva la soluzione &#8211; ad esempio &#8211; della fanaleria posteriore, un guazzabuglio di forme e colori che denunciava la toppa stilistica messa l\u00ec tanto per aspettare il&#046;&#046;&#046;\" \/>\n<meta property=\"og:url\" content=\"https:\/\/www.drivelife.it\/news\/2016\/02\/25\/volvo-v90\/\" \/>\n<meta property=\"og:site_name\" content=\"#lucalife\" \/>\n<meta property=\"article:publisher\" content=\"https:\/\/www.facebook.com\/pages\/Drivelife\/467833073239720\" \/>\n<meta property=\"article:published_time\" content=\"2016-02-25T07:30:40+00:00\" \/>\n<meta property=\"article:modified_time\" content=\"2016-03-07T14:01:49+00:00\" \/>\n<meta property=\"og:image\" content=\"https:\/\/www.drivelife.it\/news\/wp-content\/uploads\/2016\/02\/174074_Volvo_V90_Studio_Profile.jpg\" \/>\n\t<meta property=\"og:image:width\" content=\"4500\" \/>\n\t<meta property=\"og:image:height\" content=\"3305\" \/>\n\t<meta property=\"og:image:type\" content=\"image\/jpeg\" \/>\n<meta name=\"author\" content=\"Redazione\" \/>\n<meta name=\"twitter:card\" content=\"summary_large_image\" \/>\n<meta name=\"twitter:creator\" content=\"@tweetdrivelife\" \/>\n<meta name=\"twitter:site\" content=\"@tweetdrivelife\" \/>\n<meta name=\"twitter:label1\" content=\"Written by\" \/>\n\t<meta name=\"twitter:data1\" content=\"Redazione\" \/>\n\t<meta name=\"twitter:label2\" content=\"Est. reading time\" \/>\n\t<meta name=\"twitter:data2\" content=\"2 minutes\" \/>\n<script type=\"application\/ld+json\" class=\"yoast-schema-graph\">{\"@context\":\"https:\\\/\\\/schema.org\",\"@graph\":[{\"@type\":\"Article\",\"@id\":\"https:\\\/\\\/www.drivelife.it\\\/news\\\/2016\\\/02\\\/25\\\/volvo-v90\\\/#article\",\"isPartOf\":{\"@id\":\"https:\\\/\\\/www.drivelife.it\\\/news\\\/2016\\\/02\\\/25\\\/volvo-v90\\\/\"},\"author\":{\"name\":\"Redazione\",\"@id\":\"https:\\\/\\\/www.drivelife.it\\\/news\\\/#\\\/schema\\\/person\\\/b6c194c3423ff451be4914f5fd9c2188\"},\"headline\":\"VOLVO V90\",\"datePublished\":\"2016-02-25T07:30:40+00:00\",\"dateModified\":\"2016-03-07T14:01:49+00:00\",\"mainEntityOfPage\":{\"@id\":\"https:\\\/\\\/www.drivelife.it\\\/news\\\/2016\\\/02\\\/25\\\/volvo-v90\\\/\"},\"wordCount\":449,\"commentCount\":0,\"image\":{\"@id\":\"https:\\\/\\\/www.drivelife.it\\\/news\\\/2016\\\/02\\\/25\\\/volvo-v90\\\/#primaryimage\"},\"thumbnailUrl\":\"https:\\\/\\\/www.drivelife.it\\\/news\\\/wp-content\\\/uploads\\\/2016\\\/02\\\/174074_Volvo_V90_Studio_Profile.jpg\",\"keywords\":[\"audi 20quattro ore delle alpi\",\"bmw m2 motoGP\",\"driveds\",\"DRIVELIFE\",\"drivelife 2016 febbraio 27\",\"dsstore roma\",\"elena fumagalli\",\"jaguar f-type svr\",\"lucaromanopix\",\"seat leon cupa 290\",\"volvo v90\"],\"articleSection\":[\"AUTOMOTIVE\",\"NEWS\",\"PUNTATA DRIVELIFE\",\"PUNTATE DRIVELIFE TV 2016\",\"VIDEO\",\"VOLVO\"],\"inLanguage\":\"en-US\",\"potentialAction\":[{\"@type\":\"CommentAction\",\"name\":\"Comment\",\"target\":[\"https:\\\/\\\/www.drivelife.it\\\/news\\\/2016\\\/02\\\/25\\\/volvo-v90\\\/#respond\"]}]},{\"@type\":\"WebPage\",\"@id\":\"https:\\\/\\\/www.drivelife.it\\\/news\\\/2016\\\/02\\\/25\\\/volvo-v90\\\/\",\"url\":\"https:\\\/\\\/www.drivelife.it\\\/news\\\/2016\\\/02\\\/25\\\/volvo-v90\\\/\",\"name\":\"VOLVO V90 - #lucalife\",\"isPartOf\":{\"@id\":\"https:\\\/\\\/www.drivelife.it\\\/news\\\/#website\"},\"primaryImageOfPage\":{\"@id\":\"https:\\\/\\\/www.drivelife.it\\\/news\\\/2016\\\/02\\\/25\\\/volvo-v90\\\/#primaryimage\"},\"image\":{\"@id\":\"https:\\\/\\\/www.drivelife.it\\\/news\\\/2016\\\/02\\\/25\\\/volvo-v90\\\/#primaryimage\"},\"thumbnailUrl\":\"https:\\\/\\\/www.drivelife.it\\\/news\\\/wp-content\\\/uploads\\\/2016\\\/02\\\/174074_Volvo_V90_Studio_Profile.jpg\",\"datePublished\":\"2016-02-25T07:30:40+00:00\",\"dateModified\":\"2016-03-07T14:01:49+00:00\",\"author\":{\"@id\":\"https:\\\/\\\/www.drivelife.it\\\/news\\\/#\\\/schema\\\/person\\\/b6c194c3423ff451be4914f5fd9c2188\"},\"breadcrumb\":{\"@id\":\"https:\\\/\\\/www.drivelife.it\\\/news\\\/2016\\\/02\\\/25\\\/volvo-v90\\\/#breadcrumb\"},\"inLanguage\":\"en-US\",\"potentialAction\":[{\"@type\":\"ReadAction\",\"target\":[\"https:\\\/\\\/www.drivelife.it\\\/news\\\/2016\\\/02\\\/25\\\/volvo-v90\\\/\"]}]},{\"@type\":\"ImageObject\",\"inLanguage\":\"en-US\",\"@id\":\"https:\\\/\\\/www.drivelife.it\\\/news\\\/2016\\\/02\\\/25\\\/volvo-v90\\\/#primaryimage\",\"url\":\"https:\\\/\\\/www.drivelife.it\\\/news\\\/wp-content\\\/uploads\\\/2016\\\/02\\\/174074_Volvo_V90_Studio_Profile.jpg\",\"contentUrl\":\"https:\\\/\\\/www.drivelife.it\\\/news\\\/wp-content\\\/uploads\\\/2016\\\/02\\\/174074_Volvo_V90_Studio_Profile.jpg\",\"width\":4500,\"height\":3305,\"caption\":\"VOLVO V90\"},{\"@type\":\"BreadcrumbList\",\"@id\":\"https:\\\/\\\/www.drivelife.it\\\/news\\\/2016\\\/02\\\/25\\\/volvo-v90\\\/#breadcrumb\",\"itemListElement\":[{\"@type\":\"ListItem\",\"position\":1,\"name\":\"Home\",\"item\":\"https:\\\/\\\/www.drivelife.it\\\/news\\\/\"},{\"@type\":\"ListItem\",\"position\":2,\"name\":\"VOLVO V90\"}]},{\"@type\":\"WebSite\",\"@id\":\"https:\\\/\\\/www.drivelife.it\\\/news\\\/#website\",\"url\":\"https:\\\/\\\/www.drivelife.it\\\/news\\\/\",\"name\":\"#lucalife\",\"description\":\"DRIVELIFE le mie automobili\",\"potentialAction\":[{\"@type\":\"SearchAction\",\"target\":{\"@type\":\"EntryPoint\",\"urlTemplate\":\"https:\\\/\\\/www.drivelife.it\\\/news\\\/?s={search_term_string}\"},\"query-input\":{\"@type\":\"PropertyValueSpecification\",\"valueRequired\":true,\"valueName\":\"search_term_string\"}}],\"inLanguage\":\"en-US\"},{\"@type\":\"Person\",\"@id\":\"https:\\\/\\\/www.drivelife.it\\\/news\\\/#\\\/schema\\\/person\\\/b6c194c3423ff451be4914f5fd9c2188\",\"name\":\"Redazione\",\"image\":{\"@type\":\"ImageObject\",\"inLanguage\":\"en-US\",\"@id\":\"https:\\\/\\\/secure.gravatar.com\\\/avatar\\\/8d186f6b07ba8a94441344759f0e13bf1909b6ceaa171df0425551b4590fd558?s=96&d=mm&r=g\",\"url\":\"https:\\\/\\\/secure.gravatar.com\\\/avatar\\\/8d186f6b07ba8a94441344759f0e13bf1909b6ceaa171df0425551b4590fd558?s=96&d=mm&r=g\",\"contentUrl\":\"https:\\\/\\\/secure.gravatar.com\\\/avatar\\\/8d186f6b07ba8a94441344759f0e13bf1909b6ceaa171df0425551b4590fd558?s=96&d=mm&r=g\",\"caption\":\"Redazione\"},\"url\":\"https:\\\/\\\/www.drivelife.it\\\/news\\\/author\\\/admin\\\/\"}]}<\/script>\n<!-- \/ Yoast SEO plugin. -->","yoast_head_json":{"title":"VOLVO V90 - #lucalife","robots":{"index":"index","follow":"follow","max-snippet":"max-snippet:-1","max-image-preview":"max-image-preview:large","max-video-preview":"max-video-preview:-1"},"canonical":"https:\/\/www.drivelife.it\/news\/2016\/02\/25\/volvo-v90\/","og_locale":"en_US","og_type":"article","og_title":"VOLVO V90 - #lucalife","og_description":"drivelife \/ vimeo https:\/\/vimeo.com\/158018240 &nbsp; &nbsp; &nbsp; L&#8217;incidente di percorso pu\u00f2 dirsi concluso. Lo stile scandinavo e la sua eleganza fatta di grandi superfici, morbidi spigoli, linee tese quasi sfuggenti, ha ripreso vigore e spazio con la nuova Volvo V90. &nbsp; &nbsp; &nbsp; &nbsp; https:\/\/vimeo.com\/156859871 &nbsp; &nbsp; &nbsp; di LUCA ROMANO DURATA, 01\u2019 57\u201d IN TV CON DRIVELIFE DEL 27 FEBBRAIO 2016 Ess\u00ec perch\u00e9 da puristi dello stile, pur apprezzando la vecchia V70, mal si digeriva la soluzione &#8211; ad esempio &#8211; della fanaleria posteriore, un guazzabuglio di forme e colori che denunciava la toppa stilistica messa l\u00ec tanto per aspettare il&#46;&#46;&#46;","og_url":"https:\/\/www.drivelife.it\/news\/2016\/02\/25\/volvo-v90\/","og_site_name":"#lucalife","article_publisher":"https:\/\/www.facebook.com\/pages\/Drivelife\/467833073239720","article_published_time":"2016-02-25T07:30:40+00:00","article_modified_time":"2016-03-07T14:01:49+00:00","og_image":[{"width":4500,"height":3305,"url":"https:\/\/www.drivelife.it\/news\/wp-content\/uploads\/2016\/02\/174074_Volvo_V90_Studio_Profile.jpg","type":"image\/jpeg"}],"author":"Redazione","twitter_card":"summary_large_image","twitter_creator":"@tweetdrivelife","twitter_site":"@tweetdrivelife","twitter_misc":{"Written by":"Redazione","Est. reading time":"2 minutes"},"schema":{"@context":"https:\/\/schema.org","@graph":[{"@type":"Article","@id":"https:\/\/www.drivelife.it\/news\/2016\/02\/25\/volvo-v90\/#article","isPartOf":{"@id":"https:\/\/www.drivelife.it\/news\/2016\/02\/25\/volvo-v90\/"},"author":{"name":"Redazione","@id":"https:\/\/www.drivelife.it\/news\/#\/schema\/person\/b6c194c3423ff451be4914f5fd9c2188"},"headline":"VOLVO V90","datePublished":"2016-02-25T07:30:40+00:00","dateModified":"2016-03-07T14:01:49+00:00","mainEntityOfPage":{"@id":"https:\/\/www.drivelife.it\/news\/2016\/02\/25\/volvo-v90\/"},"wordCount":449,"commentCount":0,"image":{"@id":"https:\/\/www.drivelife.it\/news\/2016\/02\/25\/volvo-v90\/#primaryimage"},"thumbnailUrl":"https:\/\/www.drivelife.it\/news\/wp-content\/uploads\/2016\/02\/174074_Volvo_V90_Studio_Profile.jpg","keywords":["audi 20quattro ore delle alpi","bmw m2 motoGP","driveds","DRIVELIFE","drivelife 2016 febbraio 27","dsstore roma","elena fumagalli","jaguar f-type svr","lucaromanopix","seat leon cupa 290","volvo v90"],"articleSection":["AUTOMOTIVE","NEWS","PUNTATA DRIVELIFE","PUNTATE DRIVELIFE TV 2016","VIDEO","VOLVO"],"inLanguage":"en-US","potentialAction":[{"@type":"CommentAction","name":"Comment","target":["https:\/\/www.drivelife.it\/news\/2016\/02\/25\/volvo-v90\/#respond"]}]},{"@type":"WebPage","@id":"https:\/\/www.drivelife.it\/news\/2016\/02\/25\/volvo-v90\/","url":"https:\/\/www.drivelife.it\/news\/2016\/02\/25\/volvo-v90\/","name":"VOLVO V90 - #lucalife","isPartOf":{"@id":"https:\/\/www.drivelife.it\/news\/#website"},"primaryImageOfPage":{"@id":"https:\/\/www.drivelife.it\/news\/2016\/02\/25\/volvo-v90\/#primaryimage"},"image":{"@id":"https:\/\/www.drivelife.it\/news\/2016\/02\/25\/volvo-v90\/#primaryimage"},"thumbnailUrl":"https:\/\/www.drivelife.it\/news\/wp-content\/uploads\/2016\/02\/174074_Volvo_V90_Studio_Profile.jpg","datePublished":"2016-02-25T07:30:40+00:00","dateModified":"2016-03-07T14:01:49+00:00","author":{"@id":"https:\/\/www.drivelife.it\/news\/#\/schema\/person\/b6c194c3423ff451be4914f5fd9c2188"},"breadcrumb":{"@id":"https:\/\/www.drivelife.it\/news\/2016\/02\/25\/volvo-v90\/#breadcrumb"},"inLanguage":"en-US","potentialAction":[{"@type":"ReadAction","target":["https:\/\/www.drivelife.it\/news\/2016\/02\/25\/volvo-v90\/"]}]},{"@type":"ImageObject","inLanguage":"en-US","@id":"https:\/\/www.drivelife.it\/news\/2016\/02\/25\/volvo-v90\/#primaryimage","url":"https:\/\/www.drivelife.it\/news\/wp-content\/uploads\/2016\/02\/174074_Volvo_V90_Studio_Profile.jpg","contentUrl":"https:\/\/www.drivelife.it\/news\/wp-content\/uploads\/2016\/02\/174074_Volvo_V90_Studio_Profile.jpg","width":4500,"height":3305,"caption":"VOLVO V90"},{"@type":"BreadcrumbList","@id":"https:\/\/www.drivelife.it\/news\/2016\/02\/25\/volvo-v90\/#breadcrumb","itemListElement":[{"@type":"ListItem","position":1,"name":"Home","item":"https:\/\/www.drivelife.it\/news\/"},{"@type":"ListItem","position":2,"name":"VOLVO V90"}]},{"@type":"WebSite","@id":"https:\/\/www.drivelife.it\/news\/#website","url":"https:\/\/www.drivelife.it\/news\/","name":"#lucalife","description":"DRIVELIFE le mie automobili","potentialAction":[{"@type":"SearchAction","target":{"@type":"EntryPoint","urlTemplate":"https:\/\/www.drivelife.it\/news\/?s={search_term_string}"},"query-input":{"@type":"PropertyValueSpecification","valueRequired":true,"valueName":"search_term_string"}}],"inLanguage":"en-US"},{"@type":"Person","@id":"https:\/\/www.drivelife.it\/news\/#\/schema\/person\/b6c194c3423ff451be4914f5fd9c2188","name":"Redazione","image":{"@type":"ImageObject","inLanguage":"en-US","@id":"https:\/\/secure.gravatar.com\/avatar\/8d186f6b07ba8a94441344759f0e13bf1909b6ceaa171df0425551b4590fd558?s=96&d=mm&r=g","url":"https:\/\/secure.gravatar.com\/avatar\/8d186f6b07ba8a94441344759f0e13bf1909b6ceaa171df0425551b4590fd558?s=96&d=mm&r=g","contentUrl":"https:\/\/secure.gravatar.com\/avatar\/8d186f6b07ba8a94441344759f0e13bf1909b6ceaa171df0425551b4590fd558?s=96&d=mm&r=g","caption":"Redazione"},"url":"https:\/\/www.drivelife.it\/news\/author\/admin\/"}]}},"amp_enabled":true,"_links":{"self":[{"href":"https:\/\/www.drivelife.it\/news\/wp-json\/wp\/v2\/posts\/9116","targetHints":{"allow":["GET"]}}],"collection":[{"href":"https:\/\/www.drivelife.it\/news\/wp-json\/wp\/v2\/posts"}],"about":[{"href":"https:\/\/www.drivelife.it\/news\/wp-json\/wp\/v2\/types\/post"}],"author":[{"embeddable":true,"href":"https:\/\/www.drivelife.it\/news\/wp-json\/wp\/v2\/users\/1"}],"replies":[{"embeddable":true,"href":"https:\/\/www.drivelife.it\/news\/wp-json\/wp\/v2\/comments?post=9116"}],"version-history":[{"count":6,"href":"https:\/\/www.drivelife.it\/news\/wp-json\/wp\/v2\/posts\/9116\/revisions"}],"predecessor-version":[{"id":9587,"href":"https:\/\/www.drivelife.it\/news\/wp-json\/wp\/v2\/posts\/9116\/revisions\/9587"}],"wp:featuredmedia":[{"embeddable":true,"href":"https:\/\/www.drivelife.it\/news\/wp-json\/wp\/v2\/media\/9117"}],"wp:attachment":[{"href":"https:\/\/www.drivelife.it\/news\/wp-json\/wp\/v2\/media?parent=9116"}],"wp:term":[{"taxonomy":"category","embeddable":true,"href":"https:\/\/www.drivelife.it\/news\/wp-json\/wp\/v2\/categories?post=9116"},{"taxonomy":"post_tag","embeddable":true,"href":"https:\/\/www.drivelife.it\/news\/wp-json\/wp\/v2\/tags?post=9116"}],"curies":[{"name":"wp","href":"https:\/\/api.w.org\/{rel}","templated":true}]}}