{"id":8786,"date":"2015-10-19T08:38:52","date_gmt":"2015-10-19T08:38:52","guid":{"rendered":"http:\/\/www.drivelife.it\/news\/?p=8786"},"modified":"2015-10-19T08:38:52","modified_gmt":"2015-10-19T08:38:52","slug":"bmw-serie-1-116d-testdrive-e-fotografie-lucaromanopix","status":"publish","type":"post","link":"https:\/\/www.drivelife.it\/news\/2015\/10\/19\/bmw-serie-1-116d-testdrive-e-fotografie-lucaromanopix\/","title":{"rendered":"BMW Serie 1, 116d"},"content":{"rendered":"<div id=\"attachment_8788\" style=\"width: 730px\" class=\"wp-caption alignnone\"><img loading=\"lazy\" decoding=\"async\" aria-describedby=\"caption-attachment-8788\" class=\"size-large wp-image-8788\" alt=\"MONTEFALCO SET VENDEMMIA \u00a9lucaromanopix\" src=\"http:\/\/www.drivelife.it\/news\/wp-content\/uploads\/2015\/10\/5-pic_BMW-Serie1-116-set-Montefalco_lucaromanopix-41-960x640.jpg\" width=\"720\" height=\"480\" srcset=\"https:\/\/www.drivelife.it\/news\/wp-content\/uploads\/2015\/10\/5-pic_BMW-Serie1-116-set-Montefalco_lucaromanopix-41-960x640.jpg 960w, https:\/\/www.drivelife.it\/news\/wp-content\/uploads\/2015\/10\/5-pic_BMW-Serie1-116-set-Montefalco_lucaromanopix-41-580x386.jpg 580w, https:\/\/www.drivelife.it\/news\/wp-content\/uploads\/2015\/10\/5-pic_BMW-Serie1-116-set-Montefalco_lucaromanopix-41-300x200.jpg 300w\" sizes=\"auto, (max-width: 720px) 100vw, 720px\" \/><p id=\"caption-attachment-8788\" class=\"wp-caption-text\">MONTEFALCO SET VENDEMMIA \u00a9lucaromanopix<\/p><\/div>\n<p>Certe volte mi confondo. Lo spazio a bordo \u00e8 tanto, il rumore del motore \u00e8 gradevole perch\u00e9 manifesta quella sonorit\u00e0 sportiva che tanto piace. Strumentazione e plancia, posto di guida, accessori e disposizione\u2026 tutto secondo una logica ineccepibile. Le auto, per certe funzioni, dovrebbero essere tutte cos\u00ec: logiche. Non scivolare nelle astrusit\u00e0 del marketing, gente che magari neanche sa guidare. Assorto in questi pensieri mi confondo. Mi sembra d\u2019essere al volante di una BMW Serie 3. Ed invece sto guidando una BMW 116d. Allestimento Sport. Comunque, \u201cmotoristicamente-parlando\u201d, una entry-level, ossia quel tipo di modello che rappresenta il miglior compromesso qualit\u00e0-prestazioni-prezzo. Pi\u00f9 in basso BMW offre la gamma MINI, non solo per prezzi ancor pi\u00f9 vantaggiosi ma anche per le dimensioni\u2026<br \/>\nSorprendente come guidando questa 116d il pensiero vada spesso alla \u201c3\u201d. Io penso sia una storia di DNA.<\/p>\n<h2><a href=\"http:\/\/portfolio.18x24.it\/2015\/10\/18\/bmw-serie-1-x1\/\">Segui BMW 116d e nuova BMW X1 su drivelife<\/a><\/h2>\n<div id=\"attachment_8789\" style=\"width: 730px\" class=\"wp-caption alignnone\"><img loading=\"lazy\" decoding=\"async\" aria-describedby=\"caption-attachment-8789\" class=\"size-large wp-image-8789\" alt=\"FIUMANA DI PREDAPPIO SET HALLOWEEN \u00a9lucaromanopix\" src=\"http:\/\/www.drivelife.it\/news\/wp-content\/uploads\/2015\/10\/5-pic_BMW-X1-set-BorgoConde_lucaromanopix-3-960x640.jpg\" width=\"720\" height=\"480\" srcset=\"https:\/\/www.drivelife.it\/news\/wp-content\/uploads\/2015\/10\/5-pic_BMW-X1-set-BorgoConde_lucaromanopix-3-960x640.jpg 960w, https:\/\/www.drivelife.it\/news\/wp-content\/uploads\/2015\/10\/5-pic_BMW-X1-set-BorgoConde_lucaromanopix-3-580x386.jpg 580w, https:\/\/www.drivelife.it\/news\/wp-content\/uploads\/2015\/10\/5-pic_BMW-X1-set-BorgoConde_lucaromanopix-3-300x200.jpg 300w\" sizes=\"auto, (max-width: 720px) 100vw, 720px\" \/><p id=\"caption-attachment-8789\" class=\"wp-caption-text\">FIUMANA DI PREDAPPIO SET HALLOWEEN \u00a9lucaromanopix<\/p><\/div>\n<h1><b>Credit &#8211; <\/b><\/h1>\n<p><b>Tutte le fotografie e le clip \u00a9lucaromanopix<\/b> &#8211; Vietata la riproduzione e la diffusione su e con qualsiasi mezzo e\/o social network senza il consenso scritto dell&#8217;autore. Le fotografie sono file con firma digitale. Le fotografie sono protette secondo le norme vigenti in Italia del diritto d&#8217;autore.<\/p>\n<p>&nbsp;<\/p>\n<p>&nbsp;<\/p>\n","protected":false},"excerpt":{"rendered":"<p>Certe volte mi confondo. Lo spazio a bordo \u00e8 tanto, il rumore del motore \u00e8 gradevole perch\u00e9 manifesta quella sonorit\u00e0 sportiva che tanto piace. Strumentazione e plancia, posto di guida, accessori e disposizione\u2026 tutto secondo una logica ineccepibile. Le auto, per certe funzioni, dovrebbero essere tutte cos\u00ec: logiche. Non scivolare nelle astrusit\u00e0 del marketing, gente che magari neanche sa guidare. Assorto in questi pensieri mi confondo. Mi sembra d\u2019essere al volante di una BMW Serie 3. Ed invece sto guidando una BMW 116d. Allestimento Sport. Comunque, \u201cmotoristicamente-parlando\u201d, una entry-level, ossia quel tipo di modello che rappresenta il miglior compromesso qualit\u00e0-prestazioni-prezzo. Pi\u00f9 in&#46;&#46;&#46;<\/p>\n","protected":false},"author":1,"featured_media":8787,"comment_status":"open","ping_status":"open","sticky":false,"template":"","format":"standard","meta":{"ngg_post_thumbnail":0,"footnotes":""},"categories":[39,45,1,81],"tags":[606,719,717,722,718,721,657,720,538,664,723,724],"class_list":["post-8786","post","type-post","status-publish","format-standard","has-post-thumbnail","hentry","category-automotive","category-bmw","category-photo-book-mrlukkor","category-test-drive-2","tag-bmwstories","tag-bmwserie1","tag-bmwseriex1","tag-borgoconde","tag-drivelife-bmwstories","tag-foliage","tag-fullframe","tag-halloween","tag-lucaromanopix","tag-lucastories","tag-montefalco","tag-vendemmia"],"yoast_head":"<!-- This site is optimized with the Yoast SEO plugin v27.5 - https:\/\/yoast.com\/product\/yoast-seo-wordpress\/ -->\n<title>BMW Serie 1, 116d - #lucalife<\/title>\n<meta name=\"robots\" content=\"index, follow, max-snippet:-1, max-image-preview:large, max-video-preview:-1\" \/>\n<link rel=\"canonical\" href=\"https:\/\/www.drivelife.it\/news\/2015\/10\/19\/bmw-serie-1-116d-testdrive-e-fotografie-lucaromanopix\/\" \/>\n<meta property=\"og:locale\" content=\"en_US\" \/>\n<meta property=\"og:type\" content=\"article\" \/>\n<meta property=\"og:title\" content=\"BMW Serie 1, 116d - #lucalife\" \/>\n<meta property=\"og:description\" content=\"Certe volte mi confondo. Lo spazio a bordo \u00e8 tanto, il rumore del motore \u00e8 gradevole perch\u00e9 manifesta quella sonorit\u00e0 sportiva che tanto piace. Strumentazione e plancia, posto di guida, accessori e disposizione\u2026 tutto secondo una logica ineccepibile. Le auto, per certe funzioni, dovrebbero essere tutte cos\u00ec: logiche. Non scivolare nelle astrusit\u00e0 del marketing, gente che magari neanche sa guidare. Assorto in questi pensieri mi confondo. Mi sembra d\u2019essere al volante di una BMW Serie 3. Ed invece sto guidando una BMW 116d. Allestimento Sport. Comunque, \u201cmotoristicamente-parlando\u201d, una entry-level, ossia quel tipo di modello che rappresenta il miglior compromesso qualit\u00e0-prestazioni-prezzo. Pi\u00f9 in&#046;&#046;&#046;\" \/>\n<meta property=\"og:url\" content=\"https:\/\/www.drivelife.it\/news\/2015\/10\/19\/bmw-serie-1-116d-testdrive-e-fotografie-lucaromanopix\/\" \/>\n<meta property=\"og:site_name\" content=\"#lucalife\" \/>\n<meta property=\"article:publisher\" content=\"https:\/\/www.facebook.com\/pages\/Drivelife\/467833073239720\" \/>\n<meta property=\"article:published_time\" content=\"2015-10-19T08:38:52+00:00\" \/>\n<meta property=\"og:image\" content=\"https:\/\/www.drivelife.it\/news\/wp-content\/uploads\/2015\/10\/5-pic_BMW-Serie1-116-set-Montefalco_lucaromanopix-4.jpg\" \/>\n\t<meta property=\"og:image:width\" content=\"2560\" \/>\n\t<meta property=\"og:image:height\" content=\"1330\" \/>\n\t<meta property=\"og:image:type\" content=\"image\/jpeg\" \/>\n<meta name=\"author\" content=\"Redazione\" \/>\n<meta name=\"twitter:card\" content=\"summary_large_image\" \/>\n<meta name=\"twitter:creator\" content=\"@tweetdrivelife\" \/>\n<meta name=\"twitter:site\" content=\"@tweetdrivelife\" \/>\n<meta name=\"twitter:label1\" content=\"Written by\" \/>\n\t<meta name=\"twitter:data1\" content=\"Redazione\" \/>\n\t<meta name=\"twitter:label2\" content=\"Est. reading time\" \/>\n\t<meta name=\"twitter:data2\" content=\"1 minute\" \/>\n<script type=\"application\/ld+json\" class=\"yoast-schema-graph\">{\"@context\":\"https:\\\/\\\/schema.org\",\"@graph\":[{\"@type\":\"Article\",\"@id\":\"https:\\\/\\\/www.drivelife.it\\\/news\\\/2015\\\/10\\\/19\\\/bmw-serie-1-116d-testdrive-e-fotografie-lucaromanopix\\\/#article\",\"isPartOf\":{\"@id\":\"https:\\\/\\\/www.drivelife.it\\\/news\\\/2015\\\/10\\\/19\\\/bmw-serie-1-116d-testdrive-e-fotografie-lucaromanopix\\\/\"},\"author\":{\"name\":\"Redazione\",\"@id\":\"https:\\\/\\\/www.drivelife.it\\\/news\\\/#\\\/schema\\\/person\\\/b6c194c3423ff451be4914f5fd9c2188\"},\"headline\":\"BMW Serie 1, 116d\",\"datePublished\":\"2015-10-19T08:38:52+00:00\",\"mainEntityOfPage\":{\"@id\":\"https:\\\/\\\/www.drivelife.it\\\/news\\\/2015\\\/10\\\/19\\\/bmw-serie-1-116d-testdrive-e-fotografie-lucaromanopix\\\/\"},\"wordCount\":226,\"commentCount\":0,\"image\":{\"@id\":\"https:\\\/\\\/www.drivelife.it\\\/news\\\/2015\\\/10\\\/19\\\/bmw-serie-1-116d-testdrive-e-fotografie-lucaromanopix\\\/#primaryimage\"},\"thumbnailUrl\":\"https:\\\/\\\/www.drivelife.it\\\/news\\\/wp-content\\\/uploads\\\/2015\\\/10\\\/5-pic_BMW-Serie1-116-set-Montefalco_lucaromanopix-4.jpg\",\"keywords\":[\"#bmwstories\",\"bmwserie1\",\"BMWSerieX1\",\"borgocond\u00e9\",\"drivelife bmwstories\",\"foliage\",\"fullframe\",\"halloween\",\"lucaromanopix\",\"lucastories\",\"montefalco\",\"vendemmia\"],\"articleSection\":[\"AUTOMOTIVE\",\"BMW\",\"PORTFOLIO luca romano\",\"TEST DRIVE\"],\"inLanguage\":\"en-US\",\"potentialAction\":[{\"@type\":\"CommentAction\",\"name\":\"Comment\",\"target\":[\"https:\\\/\\\/www.drivelife.it\\\/news\\\/2015\\\/10\\\/19\\\/bmw-serie-1-116d-testdrive-e-fotografie-lucaromanopix\\\/#respond\"]}]},{\"@type\":\"WebPage\",\"@id\":\"https:\\\/\\\/www.drivelife.it\\\/news\\\/2015\\\/10\\\/19\\\/bmw-serie-1-116d-testdrive-e-fotografie-lucaromanopix\\\/\",\"url\":\"https:\\\/\\\/www.drivelife.it\\\/news\\\/2015\\\/10\\\/19\\\/bmw-serie-1-116d-testdrive-e-fotografie-lucaromanopix\\\/\",\"name\":\"BMW Serie 1, 116d - #lucalife\",\"isPartOf\":{\"@id\":\"https:\\\/\\\/www.drivelife.it\\\/news\\\/#website\"},\"primaryImageOfPage\":{\"@id\":\"https:\\\/\\\/www.drivelife.it\\\/news\\\/2015\\\/10\\\/19\\\/bmw-serie-1-116d-testdrive-e-fotografie-lucaromanopix\\\/#primaryimage\"},\"image\":{\"@id\":\"https:\\\/\\\/www.drivelife.it\\\/news\\\/2015\\\/10\\\/19\\\/bmw-serie-1-116d-testdrive-e-fotografie-lucaromanopix\\\/#primaryimage\"},\"thumbnailUrl\":\"https:\\\/\\\/www.drivelife.it\\\/news\\\/wp-content\\\/uploads\\\/2015\\\/10\\\/5-pic_BMW-Serie1-116-set-Montefalco_lucaromanopix-4.jpg\",\"datePublished\":\"2015-10-19T08:38:52+00:00\",\"author\":{\"@id\":\"https:\\\/\\\/www.drivelife.it\\\/news\\\/#\\\/schema\\\/person\\\/b6c194c3423ff451be4914f5fd9c2188\"},\"breadcrumb\":{\"@id\":\"https:\\\/\\\/www.drivelife.it\\\/news\\\/2015\\\/10\\\/19\\\/bmw-serie-1-116d-testdrive-e-fotografie-lucaromanopix\\\/#breadcrumb\"},\"inLanguage\":\"en-US\",\"potentialAction\":[{\"@type\":\"ReadAction\",\"target\":[\"https:\\\/\\\/www.drivelife.it\\\/news\\\/2015\\\/10\\\/19\\\/bmw-serie-1-116d-testdrive-e-fotografie-lucaromanopix\\\/\"]}]},{\"@type\":\"ImageObject\",\"inLanguage\":\"en-US\",\"@id\":\"https:\\\/\\\/www.drivelife.it\\\/news\\\/2015\\\/10\\\/19\\\/bmw-serie-1-116d-testdrive-e-fotografie-lucaromanopix\\\/#primaryimage\",\"url\":\"https:\\\/\\\/www.drivelife.it\\\/news\\\/wp-content\\\/uploads\\\/2015\\\/10\\\/5-pic_BMW-Serie1-116-set-Montefalco_lucaromanopix-4.jpg\",\"contentUrl\":\"https:\\\/\\\/www.drivelife.it\\\/news\\\/wp-content\\\/uploads\\\/2015\\\/10\\\/5-pic_BMW-Serie1-116-set-Montefalco_lucaromanopix-4.jpg\",\"width\":2560,\"height\":1330,\"caption\":\"MONTEFALCO SET VENDEMMIA \u00a9lucaromanopix\"},{\"@type\":\"BreadcrumbList\",\"@id\":\"https:\\\/\\\/www.drivelife.it\\\/news\\\/2015\\\/10\\\/19\\\/bmw-serie-1-116d-testdrive-e-fotografie-lucaromanopix\\\/#breadcrumb\",\"itemListElement\":[{\"@type\":\"ListItem\",\"position\":1,\"name\":\"Home\",\"item\":\"https:\\\/\\\/www.drivelife.it\\\/news\\\/\"},{\"@type\":\"ListItem\",\"position\":2,\"name\":\"BMW Serie 1, 116d\"}]},{\"@type\":\"WebSite\",\"@id\":\"https:\\\/\\\/www.drivelife.it\\\/news\\\/#website\",\"url\":\"https:\\\/\\\/www.drivelife.it\\\/news\\\/\",\"name\":\"#lucalife\",\"description\":\"DRIVELIFE le mie automobili\",\"potentialAction\":[{\"@type\":\"SearchAction\",\"target\":{\"@type\":\"EntryPoint\",\"urlTemplate\":\"https:\\\/\\\/www.drivelife.it\\\/news\\\/?s={search_term_string}\"},\"query-input\":{\"@type\":\"PropertyValueSpecification\",\"valueRequired\":true,\"valueName\":\"search_term_string\"}}],\"inLanguage\":\"en-US\"},{\"@type\":\"Person\",\"@id\":\"https:\\\/\\\/www.drivelife.it\\\/news\\\/#\\\/schema\\\/person\\\/b6c194c3423ff451be4914f5fd9c2188\",\"name\":\"Redazione\",\"image\":{\"@type\":\"ImageObject\",\"inLanguage\":\"en-US\",\"@id\":\"https:\\\/\\\/secure.gravatar.com\\\/avatar\\\/8d186f6b07ba8a94441344759f0e13bf1909b6ceaa171df0425551b4590fd558?s=96&d=mm&r=g\",\"url\":\"https:\\\/\\\/secure.gravatar.com\\\/avatar\\\/8d186f6b07ba8a94441344759f0e13bf1909b6ceaa171df0425551b4590fd558?s=96&d=mm&r=g\",\"contentUrl\":\"https:\\\/\\\/secure.gravatar.com\\\/avatar\\\/8d186f6b07ba8a94441344759f0e13bf1909b6ceaa171df0425551b4590fd558?s=96&d=mm&r=g\",\"caption\":\"Redazione\"},\"url\":\"https:\\\/\\\/www.drivelife.it\\\/news\\\/author\\\/admin\\\/\"}]}<\/script>\n<!-- \/ Yoast SEO plugin. -->","yoast_head_json":{"title":"BMW Serie 1, 116d - #lucalife","robots":{"index":"index","follow":"follow","max-snippet":"max-snippet:-1","max-image-preview":"max-image-preview:large","max-video-preview":"max-video-preview:-1"},"canonical":"https:\/\/www.drivelife.it\/news\/2015\/10\/19\/bmw-serie-1-116d-testdrive-e-fotografie-lucaromanopix\/","og_locale":"en_US","og_type":"article","og_title":"BMW Serie 1, 116d - #lucalife","og_description":"Certe volte mi confondo. Lo spazio a bordo \u00e8 tanto, il rumore del motore \u00e8 gradevole perch\u00e9 manifesta quella sonorit\u00e0 sportiva che tanto piace. Strumentazione e plancia, posto di guida, accessori e disposizione\u2026 tutto secondo una logica ineccepibile. Le auto, per certe funzioni, dovrebbero essere tutte cos\u00ec: logiche. Non scivolare nelle astrusit\u00e0 del marketing, gente che magari neanche sa guidare. Assorto in questi pensieri mi confondo. Mi sembra d\u2019essere al volante di una BMW Serie 3. Ed invece sto guidando una BMW 116d. Allestimento Sport. Comunque, \u201cmotoristicamente-parlando\u201d, una entry-level, ossia quel tipo di modello che rappresenta il miglior compromesso qualit\u00e0-prestazioni-prezzo. Pi\u00f9 in&#46;&#46;&#46;","og_url":"https:\/\/www.drivelife.it\/news\/2015\/10\/19\/bmw-serie-1-116d-testdrive-e-fotografie-lucaromanopix\/","og_site_name":"#lucalife","article_publisher":"https:\/\/www.facebook.com\/pages\/Drivelife\/467833073239720","article_published_time":"2015-10-19T08:38:52+00:00","og_image":[{"width":2560,"height":1330,"url":"https:\/\/www.drivelife.it\/news\/wp-content\/uploads\/2015\/10\/5-pic_BMW-Serie1-116-set-Montefalco_lucaromanopix-4.jpg","type":"image\/jpeg"}],"author":"Redazione","twitter_card":"summary_large_image","twitter_creator":"@tweetdrivelife","twitter_site":"@tweetdrivelife","twitter_misc":{"Written by":"Redazione","Est. reading time":"1 minute"},"schema":{"@context":"https:\/\/schema.org","@graph":[{"@type":"Article","@id":"https:\/\/www.drivelife.it\/news\/2015\/10\/19\/bmw-serie-1-116d-testdrive-e-fotografie-lucaromanopix\/#article","isPartOf":{"@id":"https:\/\/www.drivelife.it\/news\/2015\/10\/19\/bmw-serie-1-116d-testdrive-e-fotografie-lucaromanopix\/"},"author":{"name":"Redazione","@id":"https:\/\/www.drivelife.it\/news\/#\/schema\/person\/b6c194c3423ff451be4914f5fd9c2188"},"headline":"BMW Serie 1, 116d","datePublished":"2015-10-19T08:38:52+00:00","mainEntityOfPage":{"@id":"https:\/\/www.drivelife.it\/news\/2015\/10\/19\/bmw-serie-1-116d-testdrive-e-fotografie-lucaromanopix\/"},"wordCount":226,"commentCount":0,"image":{"@id":"https:\/\/www.drivelife.it\/news\/2015\/10\/19\/bmw-serie-1-116d-testdrive-e-fotografie-lucaromanopix\/#primaryimage"},"thumbnailUrl":"https:\/\/www.drivelife.it\/news\/wp-content\/uploads\/2015\/10\/5-pic_BMW-Serie1-116-set-Montefalco_lucaromanopix-4.jpg","keywords":["#bmwstories","bmwserie1","BMWSerieX1","borgocond\u00e9","drivelife bmwstories","foliage","fullframe","halloween","lucaromanopix","lucastories","montefalco","vendemmia"],"articleSection":["AUTOMOTIVE","BMW","PORTFOLIO luca romano","TEST DRIVE"],"inLanguage":"en-US","potentialAction":[{"@type":"CommentAction","name":"Comment","target":["https:\/\/www.drivelife.it\/news\/2015\/10\/19\/bmw-serie-1-116d-testdrive-e-fotografie-lucaromanopix\/#respond"]}]},{"@type":"WebPage","@id":"https:\/\/www.drivelife.it\/news\/2015\/10\/19\/bmw-serie-1-116d-testdrive-e-fotografie-lucaromanopix\/","url":"https:\/\/www.drivelife.it\/news\/2015\/10\/19\/bmw-serie-1-116d-testdrive-e-fotografie-lucaromanopix\/","name":"BMW Serie 1, 116d - #lucalife","isPartOf":{"@id":"https:\/\/www.drivelife.it\/news\/#website"},"primaryImageOfPage":{"@id":"https:\/\/www.drivelife.it\/news\/2015\/10\/19\/bmw-serie-1-116d-testdrive-e-fotografie-lucaromanopix\/#primaryimage"},"image":{"@id":"https:\/\/www.drivelife.it\/news\/2015\/10\/19\/bmw-serie-1-116d-testdrive-e-fotografie-lucaromanopix\/#primaryimage"},"thumbnailUrl":"https:\/\/www.drivelife.it\/news\/wp-content\/uploads\/2015\/10\/5-pic_BMW-Serie1-116-set-Montefalco_lucaromanopix-4.jpg","datePublished":"2015-10-19T08:38:52+00:00","author":{"@id":"https:\/\/www.drivelife.it\/news\/#\/schema\/person\/b6c194c3423ff451be4914f5fd9c2188"},"breadcrumb":{"@id":"https:\/\/www.drivelife.it\/news\/2015\/10\/19\/bmw-serie-1-116d-testdrive-e-fotografie-lucaromanopix\/#breadcrumb"},"inLanguage":"en-US","potentialAction":[{"@type":"ReadAction","target":["https:\/\/www.drivelife.it\/news\/2015\/10\/19\/bmw-serie-1-116d-testdrive-e-fotografie-lucaromanopix\/"]}]},{"@type":"ImageObject","inLanguage":"en-US","@id":"https:\/\/www.drivelife.it\/news\/2015\/10\/19\/bmw-serie-1-116d-testdrive-e-fotografie-lucaromanopix\/#primaryimage","url":"https:\/\/www.drivelife.it\/news\/wp-content\/uploads\/2015\/10\/5-pic_BMW-Serie1-116-set-Montefalco_lucaromanopix-4.jpg","contentUrl":"https:\/\/www.drivelife.it\/news\/wp-content\/uploads\/2015\/10\/5-pic_BMW-Serie1-116-set-Montefalco_lucaromanopix-4.jpg","width":2560,"height":1330,"caption":"MONTEFALCO SET VENDEMMIA \u00a9lucaromanopix"},{"@type":"BreadcrumbList","@id":"https:\/\/www.drivelife.it\/news\/2015\/10\/19\/bmw-serie-1-116d-testdrive-e-fotografie-lucaromanopix\/#breadcrumb","itemListElement":[{"@type":"ListItem","position":1,"name":"Home","item":"https:\/\/www.drivelife.it\/news\/"},{"@type":"ListItem","position":2,"name":"BMW Serie 1, 116d"}]},{"@type":"WebSite","@id":"https:\/\/www.drivelife.it\/news\/#website","url":"https:\/\/www.drivelife.it\/news\/","name":"#lucalife","description":"DRIVELIFE le mie automobili","potentialAction":[{"@type":"SearchAction","target":{"@type":"EntryPoint","urlTemplate":"https:\/\/www.drivelife.it\/news\/?s={search_term_string}"},"query-input":{"@type":"PropertyValueSpecification","valueRequired":true,"valueName":"search_term_string"}}],"inLanguage":"en-US"},{"@type":"Person","@id":"https:\/\/www.drivelife.it\/news\/#\/schema\/person\/b6c194c3423ff451be4914f5fd9c2188","name":"Redazione","image":{"@type":"ImageObject","inLanguage":"en-US","@id":"https:\/\/secure.gravatar.com\/avatar\/8d186f6b07ba8a94441344759f0e13bf1909b6ceaa171df0425551b4590fd558?s=96&d=mm&r=g","url":"https:\/\/secure.gravatar.com\/avatar\/8d186f6b07ba8a94441344759f0e13bf1909b6ceaa171df0425551b4590fd558?s=96&d=mm&r=g","contentUrl":"https:\/\/secure.gravatar.com\/avatar\/8d186f6b07ba8a94441344759f0e13bf1909b6ceaa171df0425551b4590fd558?s=96&d=mm&r=g","caption":"Redazione"},"url":"https:\/\/www.drivelife.it\/news\/author\/admin\/"}]}},"amp_enabled":true,"_links":{"self":[{"href":"https:\/\/www.drivelife.it\/news\/wp-json\/wp\/v2\/posts\/8786","targetHints":{"allow":["GET"]}}],"collection":[{"href":"https:\/\/www.drivelife.it\/news\/wp-json\/wp\/v2\/posts"}],"about":[{"href":"https:\/\/www.drivelife.it\/news\/wp-json\/wp\/v2\/types\/post"}],"author":[{"embeddable":true,"href":"https:\/\/www.drivelife.it\/news\/wp-json\/wp\/v2\/users\/1"}],"replies":[{"embeddable":true,"href":"https:\/\/www.drivelife.it\/news\/wp-json\/wp\/v2\/comments?post=8786"}],"version-history":[{"count":1,"href":"https:\/\/www.drivelife.it\/news\/wp-json\/wp\/v2\/posts\/8786\/revisions"}],"predecessor-version":[{"id":8790,"href":"https:\/\/www.drivelife.it\/news\/wp-json\/wp\/v2\/posts\/8786\/revisions\/8790"}],"wp:featuredmedia":[{"embeddable":true,"href":"https:\/\/www.drivelife.it\/news\/wp-json\/wp\/v2\/media\/8787"}],"wp:attachment":[{"href":"https:\/\/www.drivelife.it\/news\/wp-json\/wp\/v2\/media?parent=8786"}],"wp:term":[{"taxonomy":"category","embeddable":true,"href":"https:\/\/www.drivelife.it\/news\/wp-json\/wp\/v2\/categories?post=8786"},{"taxonomy":"post_tag","embeddable":true,"href":"https:\/\/www.drivelife.it\/news\/wp-json\/wp\/v2\/tags?post=8786"}],"curies":[{"name":"wp","href":"https:\/\/api.w.org\/{rel}","templated":true}]}}