{"id":7071,"date":"2015-02-13T16:57:44","date_gmt":"2015-02-13T16:57:44","guid":{"rendered":"http:\/\/www.drivelife.it\/news\/?p=7071"},"modified":"2015-02-13T16:57:44","modified_gmt":"2015-02-13T16:57:44","slug":"mazda-2-2","status":"publish","type":"post","link":"https:\/\/www.drivelife.it\/news\/2015\/02\/13\/mazda-2-2\/","title":{"rendered":"MAZDA 2"},"content":{"rendered":"<blockquote>\n<div id=\"attachment_7094\" style=\"width: 730px\" class=\"wp-caption alignnone\"><a href=\"http:\/\/www.drivelife.it\/clip\/2015\/02\/06\/drivelife-puntata-febbraio-7\/\"><img loading=\"lazy\" decoding=\"async\" aria-describedby=\"caption-attachment-7094\" class=\"size-large wp-image-7094\" alt=\"MAZDA 2\" src=\"http:\/\/www.drivelife.it\/news\/wp-content\/uploads\/2015\/02\/nuova-mazda2-mazda2_2014_action_02-copia-960x414.jpg\" width=\"720\" height=\"310\" srcset=\"https:\/\/www.drivelife.it\/news\/wp-content\/uploads\/2015\/02\/nuova-mazda2-mazda2_2014_action_02-copia-960x414.jpg 960w, https:\/\/www.drivelife.it\/news\/wp-content\/uploads\/2015\/02\/nuova-mazda2-mazda2_2014_action_02-copia-580x250.jpg 580w, https:\/\/www.drivelife.it\/news\/wp-content\/uploads\/2015\/02\/nuova-mazda2-mazda2_2014_action_02-copia-300x129.jpg 300w, https:\/\/www.drivelife.it\/news\/wp-content\/uploads\/2015\/02\/nuova-mazda2-mazda2_2014_action_02-copia.jpg 1680w\" sizes=\"auto, (max-width: 720px) 100vw, 720px\" \/><\/a><p id=\"caption-attachment-7094\" class=\"wp-caption-text\">MAZDA 2<\/p><\/div>\n<h2><b>MAZDA 2 &#8211; Nuovo stile per uniformarsi alla famiglia Mazda e nuova abitabilit\u00e0 per gli interni. Una strizzatina d\u2019occhio al design notturno, ora sempre pi\u00f9 di moda, con i fari full led, prima applicazione industriale della firma luminosa di Mazda<\/b><\/h2>\n<p><b><br \/>\ndi FEDERICO DI LERNIA<\/p>\n<p>DURATA, 01\u2019 40\u201d\u00a0<\/b><\/p>\n<p><b>IN TV CON DRIVELIFE DEL 07 FEBBRAIO<\/b><\/p><\/blockquote>\n<p>Mazda presenta un aggiornamento della Mazda 2, con un adattamento delle misure fondamentali come il passo pi\u00f9 lungo e gli sbalzi pi\u00f9 corti. L\u2019abitacolo ora \u00e8 pi\u00f9 spazioso mentre all\u2019esterno lo stile Mazda \u00e8 ripreso con le nuove, generose, dimensioni della griglia del frontale. I nuovi fari con quattro luci full led sono la prima applicazione industriale della nuova firma luminosa di Mazda.<\/p>\n<p>Le nuove dimensioni dell\u2019abitacolo consentono una migliore abitabilit\u00e0 per i passeggeri anteriori, dimensioni pi\u00f9 generose per la consolle tra i due sedili, mentre i passeggeri posteriori hanno considerevoli benefici per le gambe. Il sedile di guida ed il volante offrono un\u2019ampiezza di regolazione pi\u00f9 confortevole mentre l\u2019accesso all\u2019abitacolo \u00e8 ora pi\u00f9 facile grazie al nuovo angolo di apertura degli sportelli. Finiture di dettaglio sono pi\u00f9 consone alle richieste di mercato. Sulla plancia, insieme alla rinnovata strumentazione, \u00e8 ospitato il nuovo schermo di controllo in corrispondenza del tunnel centrale, di agevole consultazione per entrambi i passeggeri.<\/p>\n<p>La Mazda 2 pu\u00f2 essere equipaggiata con il motore a gasolio di 1,5 litri con 105 cavalli e coppia di 220 newton metri, Euro 6, e consumi fino a 3,4 litri per cento chilometri con emissioni di 89 grammi per chilometro. In gamma anche il motore mille-e-cinque a benzina con potenze di 115, 90 e 75 cavalli. Consumi fino a 4,7 litri per cento chilometri ed emissioni di 110 grammi per chilometro. Tutte e tre le versioni del motore benzina sono Euro 6. Cambio, manuale, con cinque o sei rapporti e cambio automatico con sei marce.<\/p>\n\n\t\t<style>\n\t\t\t#gallery-1 {\n\t\t\t\tmargin: auto;\n\t\t\t}\n\t\t\t#gallery-1 .gallery-item {\n\t\t\t\tfloat: left;\n\t\t\t\tmargin-top: 10px;\n\t\t\t\ttext-align: center;\n\t\t\t\twidth: 16%;\n\t\t\t}\n\t\t\t#gallery-1 img {\n\t\t\t\tborder: 2px solid #cfcfcf;\n\t\t\t}\n\t\t\t#gallery-1 .gallery-caption {\n\t\t\t\tmargin-left: 0;\n\t\t\t}\n\t\t\t\/* see gallery_shortcode() in wp-includes\/media.php *\/\n\t\t<\/style>\n\t\t<div id='gallery-1' class='gallery galleryid-7071 gallery-columns-6 gallery-size-thumbnail'><dl class='gallery-item'>\n\t\t\t<dt class='gallery-icon landscape'>\n\t\t\t\t<a href='https:\/\/www.drivelife.it\/news\/2015\/02\/13\/mazda-2-2\/nuova-mazda2-mazda2_2015_still_13\/'><img loading=\"lazy\" decoding=\"async\" width=\"150\" height=\"150\" src=\"https:\/\/www.drivelife.it\/news\/wp-content\/uploads\/2015\/02\/nuova-mazda2-mazda2_2015_still_13-150x150.jpg\" class=\"attachment-thumbnail size-thumbnail no-lazy\" alt=\"\" srcset=\"https:\/\/www.drivelife.it\/news\/wp-content\/uploads\/2015\/02\/nuova-mazda2-mazda2_2015_still_13-150x150.jpg 150w, https:\/\/www.drivelife.it\/news\/wp-content\/uploads\/2015\/02\/nuova-mazda2-mazda2_2015_still_13-160x160.jpg 160w\" sizes=\"auto, (max-width: 150px) 100vw, 150px\" \/><\/a>\n\t\t\t<\/dt><\/dl><dl class='gallery-item'>\n\t\t\t<dt class='gallery-icon landscape'>\n\t\t\t\t<a href='https:\/\/www.drivelife.it\/news\/2015\/02\/13\/mazda-2-2\/nuova-mazda2-mazda2_2015_action_6\/'><img loading=\"lazy\" decoding=\"async\" width=\"150\" height=\"150\" src=\"https:\/\/www.drivelife.it\/news\/wp-content\/uploads\/2015\/02\/nuova-mazda2-mazda2_2015_action_6-150x150.jpg\" class=\"attachment-thumbnail size-thumbnail no-lazy\" alt=\"\" srcset=\"https:\/\/www.drivelife.it\/news\/wp-content\/uploads\/2015\/02\/nuova-mazda2-mazda2_2015_action_6-150x150.jpg 150w, https:\/\/www.drivelife.it\/news\/wp-content\/uploads\/2015\/02\/nuova-mazda2-mazda2_2015_action_6-160x160.jpg 160w\" sizes=\"auto, (max-width: 150px) 100vw, 150px\" \/><\/a>\n\t\t\t<\/dt><\/dl><dl class='gallery-item'>\n\t\t\t<dt class='gallery-icon landscape'>\n\t\t\t\t<a href='https:\/\/www.drivelife.it\/news\/2015\/02\/13\/mazda-2-2\/nuova-mazda2-mazda2_2015_still_8\/'><img loading=\"lazy\" decoding=\"async\" width=\"150\" height=\"150\" src=\"https:\/\/www.drivelife.it\/news\/wp-content\/uploads\/2015\/02\/nuova-mazda2-mazda2_2015_still_8-150x150.jpg\" class=\"attachment-thumbnail size-thumbnail no-lazy\" alt=\"\" srcset=\"https:\/\/www.drivelife.it\/news\/wp-content\/uploads\/2015\/02\/nuova-mazda2-mazda2_2015_still_8-150x150.jpg 150w, https:\/\/www.drivelife.it\/news\/wp-content\/uploads\/2015\/02\/nuova-mazda2-mazda2_2015_still_8-160x160.jpg 160w\" sizes=\"auto, (max-width: 150px) 100vw, 150px\" \/><\/a>\n\t\t\t<\/dt><\/dl><dl class='gallery-item'>\n\t\t\t<dt class='gallery-icon landscape'>\n\t\t\t\t<a href='https:\/\/www.drivelife.it\/news\/2015\/02\/13\/mazda-2-2\/nuova-mazda2-all-new_mazda2_sp_2014_still_60\/'><img loading=\"lazy\" decoding=\"async\" width=\"150\" height=\"150\" src=\"https:\/\/www.drivelife.it\/news\/wp-content\/uploads\/2015\/02\/nuova-mazda2-all-new_mazda2_sp_2014_still_60-150x150.jpg\" class=\"attachment-thumbnail size-thumbnail no-lazy\" alt=\"\" srcset=\"https:\/\/www.drivelife.it\/news\/wp-content\/uploads\/2015\/02\/nuova-mazda2-all-new_mazda2_sp_2014_still_60-150x150.jpg 150w, https:\/\/www.drivelife.it\/news\/wp-content\/uploads\/2015\/02\/nuova-mazda2-all-new_mazda2_sp_2014_still_60-160x160.jpg 160w\" sizes=\"auto, (max-width: 150px) 100vw, 150px\" \/><\/a>\n\t\t\t<\/dt><\/dl><dl class='gallery-item'>\n\t\t\t<dt class='gallery-icon landscape'>\n\t\t\t\t<a href='https:\/\/www.drivelife.it\/news\/2015\/02\/13\/mazda-2-2\/nuova-mazda2-all-new_mazda2_sp_2014_still_59\/'><img loading=\"lazy\" decoding=\"async\" width=\"150\" height=\"150\" src=\"https:\/\/www.drivelife.it\/news\/wp-content\/uploads\/2015\/02\/nuova-mazda2-all-new_mazda2_sp_2014_still_59-150x150.jpg\" class=\"attachment-thumbnail size-thumbnail no-lazy\" alt=\"\" srcset=\"https:\/\/www.drivelife.it\/news\/wp-content\/uploads\/2015\/02\/nuova-mazda2-all-new_mazda2_sp_2014_still_59-150x150.jpg 150w, https:\/\/www.drivelife.it\/news\/wp-content\/uploads\/2015\/02\/nuova-mazda2-all-new_mazda2_sp_2014_still_59-160x160.jpg 160w\" sizes=\"auto, (max-width: 150px) 100vw, 150px\" \/><\/a>\n\t\t\t<\/dt><\/dl><dl class='gallery-item'>\n\t\t\t<dt class='gallery-icon landscape'>\n\t\t\t\t<a href='https:\/\/www.drivelife.it\/news\/2015\/02\/13\/mazda-2-2\/nuova-mazda2-mazda2_2015_still_4\/'><img loading=\"lazy\" decoding=\"async\" width=\"150\" height=\"150\" src=\"https:\/\/www.drivelife.it\/news\/wp-content\/uploads\/2015\/02\/nuova-mazda2-mazda2_2015_still_4-150x150.jpg\" class=\"attachment-thumbnail size-thumbnail no-lazy\" alt=\"\" srcset=\"https:\/\/www.drivelife.it\/news\/wp-content\/uploads\/2015\/02\/nuova-mazda2-mazda2_2015_still_4-150x150.jpg 150w, https:\/\/www.drivelife.it\/news\/wp-content\/uploads\/2015\/02\/nuova-mazda2-mazda2_2015_still_4-160x160.jpg 160w\" sizes=\"auto, (max-width: 150px) 100vw, 150px\" \/><\/a>\n\t\t\t<\/dt><\/dl><br style=\"clear: both\" \/><dl class='gallery-item'>\n\t\t\t<dt class='gallery-icon landscape'>\n\t\t\t\t<a href='https:\/\/www.drivelife.it\/news\/2015\/02\/13\/mazda-2-2\/nuova-mazda2-all-new_mazda2_sp_2014_still_61\/'><img loading=\"lazy\" decoding=\"async\" width=\"150\" height=\"150\" src=\"https:\/\/www.drivelife.it\/news\/wp-content\/uploads\/2015\/02\/nuova-mazda2-all-new_mazda2_sp_2014_still_61-150x150.jpg\" class=\"attachment-thumbnail size-thumbnail no-lazy\" alt=\"\" srcset=\"https:\/\/www.drivelife.it\/news\/wp-content\/uploads\/2015\/02\/nuova-mazda2-all-new_mazda2_sp_2014_still_61-150x150.jpg 150w, https:\/\/www.drivelife.it\/news\/wp-content\/uploads\/2015\/02\/nuova-mazda2-all-new_mazda2_sp_2014_still_61-160x160.jpg 160w\" sizes=\"auto, (max-width: 150px) 100vw, 150px\" \/><\/a>\n\t\t\t<\/dt><\/dl><dl class='gallery-item'>\n\t\t\t<dt class='gallery-icon landscape'>\n\t\t\t\t<a href='https:\/\/www.drivelife.it\/news\/2015\/02\/13\/mazda-2-2\/nuova-mazda2-mazda2_2015_still_11\/'><img loading=\"lazy\" decoding=\"async\" width=\"150\" height=\"150\" src=\"https:\/\/www.drivelife.it\/news\/wp-content\/uploads\/2015\/02\/nuova-mazda2-mazda2_2015_still_11-150x150.jpg\" class=\"attachment-thumbnail size-thumbnail no-lazy\" alt=\"\" srcset=\"https:\/\/www.drivelife.it\/news\/wp-content\/uploads\/2015\/02\/nuova-mazda2-mazda2_2015_still_11-150x150.jpg 150w, https:\/\/www.drivelife.it\/news\/wp-content\/uploads\/2015\/02\/nuova-mazda2-mazda2_2015_still_11-160x160.jpg 160w\" sizes=\"auto, (max-width: 150px) 100vw, 150px\" \/><\/a>\n\t\t\t<\/dt><\/dl><dl class='gallery-item'>\n\t\t\t<dt class='gallery-icon landscape'>\n\t\t\t\t<a href='https:\/\/www.drivelife.it\/news\/2015\/02\/13\/mazda-2-2\/nuova-mazda2-mazda2_2015_still_3\/'><img loading=\"lazy\" decoding=\"async\" width=\"150\" height=\"150\" src=\"https:\/\/www.drivelife.it\/news\/wp-content\/uploads\/2015\/02\/nuova-mazda2-mazda2_2015_still_3-150x150.jpg\" class=\"attachment-thumbnail size-thumbnail no-lazy\" alt=\"\" srcset=\"https:\/\/www.drivelife.it\/news\/wp-content\/uploads\/2015\/02\/nuova-mazda2-mazda2_2015_still_3-150x150.jpg 150w, https:\/\/www.drivelife.it\/news\/wp-content\/uploads\/2015\/02\/nuova-mazda2-mazda2_2015_still_3-160x160.jpg 160w\" sizes=\"auto, (max-width: 150px) 100vw, 150px\" \/><\/a>\n\t\t\t<\/dt><\/dl><dl class='gallery-item'>\n\t\t\t<dt class='gallery-icon landscape'>\n\t\t\t\t<a href='https:\/\/www.drivelife.it\/news\/2015\/02\/13\/mazda-2-2\/nuova-mazda2-mazda2_2015_action_5\/'><img loading=\"lazy\" decoding=\"async\" width=\"150\" height=\"150\" src=\"https:\/\/www.drivelife.it\/news\/wp-content\/uploads\/2015\/02\/nuova-mazda2-mazda2_2015_action_5-150x150.jpg\" class=\"attachment-thumbnail size-thumbnail no-lazy\" alt=\"\" srcset=\"https:\/\/www.drivelife.it\/news\/wp-content\/uploads\/2015\/02\/nuova-mazda2-mazda2_2015_action_5-150x150.jpg 150w, https:\/\/www.drivelife.it\/news\/wp-content\/uploads\/2015\/02\/nuova-mazda2-mazda2_2015_action_5-160x160.jpg 160w\" sizes=\"auto, (max-width: 150px) 100vw, 150px\" \/><\/a>\n\t\t\t<\/dt><\/dl><dl class='gallery-item'>\n\t\t\t<dt class='gallery-icon landscape'>\n\t\t\t\t<a href='https:\/\/www.drivelife.it\/news\/2015\/02\/13\/mazda-2-2\/nuova-mazda2-mazda2_2015_action_13\/'><img loading=\"lazy\" decoding=\"async\" width=\"150\" height=\"150\" src=\"https:\/\/www.drivelife.it\/news\/wp-content\/uploads\/2015\/02\/nuova-mazda2-mazda2_2015_action_13-150x150.jpg\" class=\"attachment-thumbnail size-thumbnail no-lazy\" alt=\"\" srcset=\"https:\/\/www.drivelife.it\/news\/wp-content\/uploads\/2015\/02\/nuova-mazda2-mazda2_2015_action_13-150x150.jpg 150w, https:\/\/www.drivelife.it\/news\/wp-content\/uploads\/2015\/02\/nuova-mazda2-mazda2_2015_action_13-160x160.jpg 160w\" sizes=\"auto, (max-width: 150px) 100vw, 150px\" \/><\/a>\n\t\t\t<\/dt><\/dl><dl class='gallery-item'>\n\t\t\t<dt class='gallery-icon landscape'>\n\t\t\t\t<a href='https:\/\/www.drivelife.it\/news\/2015\/02\/13\/mazda-2-2\/nuova-mazda2-mazda2_2015_action_9\/'><img loading=\"lazy\" decoding=\"async\" width=\"150\" height=\"150\" src=\"https:\/\/www.drivelife.it\/news\/wp-content\/uploads\/2015\/02\/nuova-mazda2-mazda2_2015_action_9-150x150.jpg\" class=\"attachment-thumbnail size-thumbnail no-lazy\" alt=\"\" srcset=\"https:\/\/www.drivelife.it\/news\/wp-content\/uploads\/2015\/02\/nuova-mazda2-mazda2_2015_action_9-150x150.jpg 150w, https:\/\/www.drivelife.it\/news\/wp-content\/uploads\/2015\/02\/nuova-mazda2-mazda2_2015_action_9-160x160.jpg 160w\" sizes=\"auto, (max-width: 150px) 100vw, 150px\" \/><\/a>\n\t\t\t<\/dt><\/dl><br style=\"clear: both\" \/><dl class='gallery-item'>\n\t\t\t<dt class='gallery-icon landscape'>\n\t\t\t\t<a href='https:\/\/www.drivelife.it\/news\/2015\/02\/13\/mazda-2-2\/nuova-mazda2-mazda2_2015_still_12\/'><img loading=\"lazy\" decoding=\"async\" width=\"150\" height=\"150\" src=\"https:\/\/www.drivelife.it\/news\/wp-content\/uploads\/2015\/02\/nuova-mazda2-mazda2_2015_still_12-150x150.jpg\" class=\"attachment-thumbnail size-thumbnail no-lazy\" alt=\"\" srcset=\"https:\/\/www.drivelife.it\/news\/wp-content\/uploads\/2015\/02\/nuova-mazda2-mazda2_2015_still_12-150x150.jpg 150w, https:\/\/www.drivelife.it\/news\/wp-content\/uploads\/2015\/02\/nuova-mazda2-mazda2_2015_still_12-160x160.jpg 160w\" sizes=\"auto, (max-width: 150px) 100vw, 150px\" \/><\/a>\n\t\t\t<\/dt><\/dl><dl class='gallery-item'>\n\t\t\t<dt class='gallery-icon landscape'>\n\t\t\t\t<a href='https:\/\/www.drivelife.it\/news\/2015\/02\/13\/mazda-2-2\/nuova-mazda2-mazda2_2015_action_14\/'><img loading=\"lazy\" decoding=\"async\" width=\"150\" height=\"150\" src=\"https:\/\/www.drivelife.it\/news\/wp-content\/uploads\/2015\/02\/nuova-mazda2-mazda2_2015_action_14-150x150.jpg\" class=\"attachment-thumbnail size-thumbnail no-lazy\" alt=\"\" srcset=\"https:\/\/www.drivelife.it\/news\/wp-content\/uploads\/2015\/02\/nuova-mazda2-mazda2_2015_action_14-150x150.jpg 150w, https:\/\/www.drivelife.it\/news\/wp-content\/uploads\/2015\/02\/nuova-mazda2-mazda2_2015_action_14-160x160.jpg 160w\" sizes=\"auto, (max-width: 150px) 100vw, 150px\" \/><\/a>\n\t\t\t<\/dt><\/dl><dl class='gallery-item'>\n\t\t\t<dt class='gallery-icon landscape'>\n\t\t\t\t<a href='https:\/\/www.drivelife.it\/news\/2015\/02\/13\/mazda-2-2\/nuova-mazda2-mazda2_2015_action_4\/'><img loading=\"lazy\" decoding=\"async\" width=\"150\" height=\"150\" src=\"https:\/\/www.drivelife.it\/news\/wp-content\/uploads\/2015\/02\/nuova-mazda2-mazda2_2015_action_4-150x150.jpg\" class=\"attachment-thumbnail size-thumbnail no-lazy\" alt=\"\" srcset=\"https:\/\/www.drivelife.it\/news\/wp-content\/uploads\/2015\/02\/nuova-mazda2-mazda2_2015_action_4-150x150.jpg 150w, https:\/\/www.drivelife.it\/news\/wp-content\/uploads\/2015\/02\/nuova-mazda2-mazda2_2015_action_4-160x160.jpg 160w\" sizes=\"auto, (max-width: 150px) 100vw, 150px\" \/><\/a>\n\t\t\t<\/dt><\/dl><dl class='gallery-item'>\n\t\t\t<dt class='gallery-icon landscape'>\n\t\t\t\t<a href='https:\/\/www.drivelife.it\/news\/2015\/02\/13\/mazda-2-2\/nuova-mazda2-mazda2_2014_action_02-copia-2\/'><img loading=\"lazy\" decoding=\"async\" width=\"150\" height=\"150\" src=\"https:\/\/www.drivelife.it\/news\/wp-content\/uploads\/2015\/02\/nuova-mazda2-mazda2_2014_action_02-copia1-150x150.jpg\" class=\"attachment-thumbnail size-thumbnail no-lazy\" alt=\"\" srcset=\"https:\/\/www.drivelife.it\/news\/wp-content\/uploads\/2015\/02\/nuova-mazda2-mazda2_2014_action_02-copia1-150x150.jpg 150w, https:\/\/www.drivelife.it\/news\/wp-content\/uploads\/2015\/02\/nuova-mazda2-mazda2_2014_action_02-copia1-160x160.jpg 160w\" sizes=\"auto, (max-width: 150px) 100vw, 150px\" \/><\/a>\n\t\t\t<\/dt><\/dl><dl class='gallery-item'>\n\t\t\t<dt class='gallery-icon landscape'>\n\t\t\t\t<a href='https:\/\/www.drivelife.it\/news\/2015\/02\/13\/mazda-2-2\/nuova-mazda2-mazda2_2015_still_7\/'><img loading=\"lazy\" decoding=\"async\" width=\"150\" height=\"150\" src=\"https:\/\/www.drivelife.it\/news\/wp-content\/uploads\/2015\/02\/nuova-mazda2-mazda2_2015_still_7-150x150.jpg\" class=\"attachment-thumbnail size-thumbnail no-lazy\" alt=\"\" srcset=\"https:\/\/www.drivelife.it\/news\/wp-content\/uploads\/2015\/02\/nuova-mazda2-mazda2_2015_still_7-150x150.jpg 150w, https:\/\/www.drivelife.it\/news\/wp-content\/uploads\/2015\/02\/nuova-mazda2-mazda2_2015_still_7-160x160.jpg 160w\" sizes=\"auto, (max-width: 150px) 100vw, 150px\" \/><\/a>\n\t\t\t<\/dt><\/dl><dl class='gallery-item'>\n\t\t\t<dt class='gallery-icon landscape'>\n\t\t\t\t<a href='https:\/\/www.drivelife.it\/news\/2015\/02\/13\/mazda-2-2\/nuova-mazda2-mazda2_2015_action_10\/'><img loading=\"lazy\" decoding=\"async\" width=\"150\" height=\"150\" src=\"https:\/\/www.drivelife.it\/news\/wp-content\/uploads\/2015\/02\/nuova-mazda2-mazda2_2015_action_10-150x150.jpg\" class=\"attachment-thumbnail size-thumbnail no-lazy\" alt=\"\" srcset=\"https:\/\/www.drivelife.it\/news\/wp-content\/uploads\/2015\/02\/nuova-mazda2-mazda2_2015_action_10-150x150.jpg 150w, https:\/\/www.drivelife.it\/news\/wp-content\/uploads\/2015\/02\/nuova-mazda2-mazda2_2015_action_10-160x160.jpg 160w\" sizes=\"auto, (max-width: 150px) 100vw, 150px\" \/><\/a>\n\t\t\t<\/dt><\/dl><br style=\"clear: both\" \/><dl class='gallery-item'>\n\t\t\t<dt class='gallery-icon landscape'>\n\t\t\t\t<a href='https:\/\/www.drivelife.it\/news\/2015\/02\/13\/mazda-2-2\/nuova-mazda2-mazda2_2015_action_11\/'><img loading=\"lazy\" decoding=\"async\" width=\"150\" height=\"150\" src=\"https:\/\/www.drivelife.it\/news\/wp-content\/uploads\/2015\/02\/nuova-mazda2-mazda2_2015_action_11-150x150.jpg\" class=\"attachment-thumbnail size-thumbnail no-lazy\" alt=\"\" srcset=\"https:\/\/www.drivelife.it\/news\/wp-content\/uploads\/2015\/02\/nuova-mazda2-mazda2_2015_action_11-150x150.jpg 150w, https:\/\/www.drivelife.it\/news\/wp-content\/uploads\/2015\/02\/nuova-mazda2-mazda2_2015_action_11-160x160.jpg 160w\" sizes=\"auto, (max-width: 150px) 100vw, 150px\" \/><\/a>\n\t\t\t<\/dt><\/dl><dl class='gallery-item'>\n\t\t\t<dt class='gallery-icon landscape'>\n\t\t\t\t<a href='https:\/\/www.drivelife.it\/news\/2015\/02\/13\/mazda-2-2\/nuova-mazda2-mazda2_2015_action_3\/'><img loading=\"lazy\" decoding=\"async\" width=\"150\" height=\"150\" src=\"https:\/\/www.drivelife.it\/news\/wp-content\/uploads\/2015\/02\/nuova-mazda2-mazda2_2015_action_3-150x150.jpg\" class=\"attachment-thumbnail size-thumbnail no-lazy\" alt=\"\" srcset=\"https:\/\/www.drivelife.it\/news\/wp-content\/uploads\/2015\/02\/nuova-mazda2-mazda2_2015_action_3-150x150.jpg 150w, https:\/\/www.drivelife.it\/news\/wp-content\/uploads\/2015\/02\/nuova-mazda2-mazda2_2015_action_3-160x160.jpg 160w\" sizes=\"auto, (max-width: 150px) 100vw, 150px\" \/><\/a>\n\t\t\t<\/dt><\/dl><dl class='gallery-item'>\n\t\t\t<dt class='gallery-icon landscape'>\n\t\t\t\t<a href='https:\/\/www.drivelife.it\/news\/2015\/02\/13\/mazda-2-2\/nuova-mazda2-mazda2_2015_action_7\/'><img loading=\"lazy\" decoding=\"async\" width=\"150\" height=\"150\" src=\"https:\/\/www.drivelife.it\/news\/wp-content\/uploads\/2015\/02\/nuova-mazda2-mazda2_2015_action_7-150x150.jpg\" class=\"attachment-thumbnail size-thumbnail no-lazy\" alt=\"\" srcset=\"https:\/\/www.drivelife.it\/news\/wp-content\/uploads\/2015\/02\/nuova-mazda2-mazda2_2015_action_7-150x150.jpg 150w, https:\/\/www.drivelife.it\/news\/wp-content\/uploads\/2015\/02\/nuova-mazda2-mazda2_2015_action_7-160x160.jpg 160w\" sizes=\"auto, (max-width: 150px) 100vw, 150px\" \/><\/a>\n\t\t\t<\/dt><\/dl><dl class='gallery-item'>\n\t\t\t<dt class='gallery-icon landscape'>\n\t\t\t\t<a href='https:\/\/www.drivelife.it\/news\/2015\/02\/13\/mazda-2-2\/nuova-mazda2-mazda2_2015_action_8\/'><img loading=\"lazy\" decoding=\"async\" width=\"150\" height=\"150\" src=\"https:\/\/www.drivelife.it\/news\/wp-content\/uploads\/2015\/02\/nuova-mazda2-mazda2_2015_action_8-150x150.jpg\" class=\"attachment-thumbnail size-thumbnail no-lazy\" alt=\"\" srcset=\"https:\/\/www.drivelife.it\/news\/wp-content\/uploads\/2015\/02\/nuova-mazda2-mazda2_2015_action_8-150x150.jpg 150w, https:\/\/www.drivelife.it\/news\/wp-content\/uploads\/2015\/02\/nuova-mazda2-mazda2_2015_action_8-160x160.jpg 160w\" sizes=\"auto, (max-width: 150px) 100vw, 150px\" \/><\/a>\n\t\t\t<\/dt><\/dl><dl class='gallery-item'>\n\t\t\t<dt class='gallery-icon landscape'>\n\t\t\t\t<a href='https:\/\/www.drivelife.it\/news\/2015\/02\/13\/mazda-2-2\/nuova-mazda2-mazda2_2015_still_2\/'><img loading=\"lazy\" decoding=\"async\" width=\"150\" height=\"150\" src=\"https:\/\/www.drivelife.it\/news\/wp-content\/uploads\/2015\/02\/nuova-mazda2-mazda2_2015_still_2-150x150.jpg\" class=\"attachment-thumbnail size-thumbnail no-lazy\" alt=\"\" srcset=\"https:\/\/www.drivelife.it\/news\/wp-content\/uploads\/2015\/02\/nuova-mazda2-mazda2_2015_still_2-150x150.jpg 150w, https:\/\/www.drivelife.it\/news\/wp-content\/uploads\/2015\/02\/nuova-mazda2-mazda2_2015_still_2-160x160.jpg 160w\" sizes=\"auto, (max-width: 150px) 100vw, 150px\" \/><\/a>\n\t\t\t<\/dt><\/dl><dl class='gallery-item'>\n\t\t\t<dt class='gallery-icon landscape'>\n\t\t\t\t<a href='https:\/\/www.drivelife.it\/news\/2015\/02\/13\/mazda-2-2\/nuova-mazda2-mazda2_2014_action_02\/'><img loading=\"lazy\" decoding=\"async\" width=\"150\" height=\"150\" src=\"https:\/\/www.drivelife.it\/news\/wp-content\/uploads\/2015\/02\/nuova-mazda2-mazda2_2014_action_02-150x150.jpg\" class=\"attachment-thumbnail size-thumbnail no-lazy\" alt=\"\" srcset=\"https:\/\/www.drivelife.it\/news\/wp-content\/uploads\/2015\/02\/nuova-mazda2-mazda2_2014_action_02-150x150.jpg 150w, https:\/\/www.drivelife.it\/news\/wp-content\/uploads\/2015\/02\/nuova-mazda2-mazda2_2014_action_02-160x160.jpg 160w\" sizes=\"auto, (max-width: 150px) 100vw, 150px\" \/><\/a>\n\t\t\t<\/dt><\/dl><br style=\"clear: both\" \/><dl class='gallery-item'>\n\t\t\t<dt class='gallery-icon landscape'>\n\t\t\t\t<a href='https:\/\/www.drivelife.it\/news\/2015\/02\/13\/mazda-2-2\/nuova-mazda2-mazda2_2015_still_6\/'><img loading=\"lazy\" decoding=\"async\" width=\"150\" height=\"150\" src=\"https:\/\/www.drivelife.it\/news\/wp-content\/uploads\/2015\/02\/nuova-mazda2-mazda2_2015_still_6-150x150.jpg\" class=\"attachment-thumbnail size-thumbnail no-lazy\" alt=\"\" srcset=\"https:\/\/www.drivelife.it\/news\/wp-content\/uploads\/2015\/02\/nuova-mazda2-mazda2_2015_still_6-150x150.jpg 150w, https:\/\/www.drivelife.it\/news\/wp-content\/uploads\/2015\/02\/nuova-mazda2-mazda2_2015_still_6-160x160.jpg 160w\" sizes=\"auto, (max-width: 150px) 100vw, 150px\" \/><\/a>\n\t\t\t<\/dt><\/dl><dl class='gallery-item'>\n\t\t\t<dt class='gallery-icon landscape'>\n\t\t\t\t<a href='https:\/\/www.drivelife.it\/news\/2015\/02\/13\/mazda-2-2\/nuova-mazda2-mazda2_2015_action_2\/'><img loading=\"lazy\" decoding=\"async\" width=\"150\" height=\"150\" src=\"https:\/\/www.drivelife.it\/news\/wp-content\/uploads\/2015\/02\/nuova-mazda2-mazda2_2015_action_2-150x150.jpg\" class=\"attachment-thumbnail size-thumbnail no-lazy\" alt=\"\" srcset=\"https:\/\/www.drivelife.it\/news\/wp-content\/uploads\/2015\/02\/nuova-mazda2-mazda2_2015_action_2-150x150.jpg 150w, https:\/\/www.drivelife.it\/news\/wp-content\/uploads\/2015\/02\/nuova-mazda2-mazda2_2015_action_2-160x160.jpg 160w\" sizes=\"auto, (max-width: 150px) 100vw, 150px\" \/><\/a>\n\t\t\t<\/dt><\/dl><dl class='gallery-item'>\n\t\t\t<dt class='gallery-icon landscape'>\n\t\t\t\t<a href='https:\/\/www.drivelife.it\/news\/2015\/02\/13\/mazda-2-2\/nuova-mazda2-mazda2_2014_still_01\/'><img loading=\"lazy\" decoding=\"async\" width=\"150\" height=\"150\" src=\"https:\/\/www.drivelife.it\/news\/wp-content\/uploads\/2015\/02\/nuova-mazda2-mazda2_2014_still_01-150x150.jpg\" class=\"attachment-thumbnail size-thumbnail no-lazy\" alt=\"\" srcset=\"https:\/\/www.drivelife.it\/news\/wp-content\/uploads\/2015\/02\/nuova-mazda2-mazda2_2014_still_01-150x150.jpg 150w, https:\/\/www.drivelife.it\/news\/wp-content\/uploads\/2015\/02\/nuova-mazda2-mazda2_2014_still_01-160x160.jpg 160w\" sizes=\"auto, (max-width: 150px) 100vw, 150px\" \/><\/a>\n\t\t\t<\/dt><\/dl><dl class='gallery-item'>\n\t\t\t<dt class='gallery-icon landscape'>\n\t\t\t\t<a href='https:\/\/www.drivelife.it\/news\/2015\/02\/13\/mazda-2-2\/nuova-mazda2-mazda2_2015_still_10\/'><img loading=\"lazy\" decoding=\"async\" width=\"150\" height=\"150\" src=\"https:\/\/www.drivelife.it\/news\/wp-content\/uploads\/2015\/02\/nuova-mazda2-mazda2_2015_still_10-150x150.jpg\" class=\"attachment-thumbnail size-thumbnail no-lazy\" alt=\"\" srcset=\"https:\/\/www.drivelife.it\/news\/wp-content\/uploads\/2015\/02\/nuova-mazda2-mazda2_2015_still_10-150x150.jpg 150w, https:\/\/www.drivelife.it\/news\/wp-content\/uploads\/2015\/02\/nuova-mazda2-mazda2_2015_still_10-160x160.jpg 160w\" sizes=\"auto, (max-width: 150px) 100vw, 150px\" \/><\/a>\n\t\t\t<\/dt><\/dl><dl class='gallery-item'>\n\t\t\t<dt class='gallery-icon landscape'>\n\t\t\t\t<a href='https:\/\/www.drivelife.it\/news\/2015\/02\/13\/mazda-2-2\/nuova-mazda2-mazda2_2015_action_16\/'><img loading=\"lazy\" decoding=\"async\" width=\"150\" height=\"150\" src=\"https:\/\/www.drivelife.it\/news\/wp-content\/uploads\/2015\/02\/nuova-mazda2-mazda2_2015_action_16-150x150.jpg\" class=\"attachment-thumbnail size-thumbnail no-lazy\" alt=\"\" srcset=\"https:\/\/www.drivelife.it\/news\/wp-content\/uploads\/2015\/02\/nuova-mazda2-mazda2_2015_action_16-150x150.jpg 150w, https:\/\/www.drivelife.it\/news\/wp-content\/uploads\/2015\/02\/nuova-mazda2-mazda2_2015_action_16-160x160.jpg 160w\" sizes=\"auto, (max-width: 150px) 100vw, 150px\" \/><\/a>\n\t\t\t<\/dt><\/dl><dl class='gallery-item'>\n\t\t\t<dt class='gallery-icon landscape'>\n\t\t\t\t<a href='https:\/\/www.drivelife.it\/news\/2015\/02\/13\/mazda-2-2\/nuova-mazda2-mazda2_2015_action_12\/'><img loading=\"lazy\" decoding=\"async\" width=\"150\" height=\"150\" src=\"https:\/\/www.drivelife.it\/news\/wp-content\/uploads\/2015\/02\/nuova-mazda2-mazda2_2015_action_12-150x150.jpg\" class=\"attachment-thumbnail size-thumbnail no-lazy\" alt=\"\" srcset=\"https:\/\/www.drivelife.it\/news\/wp-content\/uploads\/2015\/02\/nuova-mazda2-mazda2_2015_action_12-150x150.jpg 150w, https:\/\/www.drivelife.it\/news\/wp-content\/uploads\/2015\/02\/nuova-mazda2-mazda2_2015_action_12-160x160.jpg 160w\" sizes=\"auto, (max-width: 150px) 100vw, 150px\" \/><\/a>\n\t\t\t<\/dt><\/dl><br style=\"clear: both\" \/><dl class='gallery-item'>\n\t\t\t<dt class='gallery-icon landscape'>\n\t\t\t\t<a href='https:\/\/www.drivelife.it\/news\/2015\/02\/13\/mazda-2-2\/nuova-mazda2-mazda2_2015_action_15\/'><img loading=\"lazy\" decoding=\"async\" width=\"150\" height=\"150\" src=\"https:\/\/www.drivelife.it\/news\/wp-content\/uploads\/2015\/02\/nuova-mazda2-mazda2_2015_action_15-150x150.jpg\" class=\"attachment-thumbnail size-thumbnail no-lazy\" alt=\"\" srcset=\"https:\/\/www.drivelife.it\/news\/wp-content\/uploads\/2015\/02\/nuova-mazda2-mazda2_2015_action_15-150x150.jpg 150w, https:\/\/www.drivelife.it\/news\/wp-content\/uploads\/2015\/02\/nuova-mazda2-mazda2_2015_action_15-160x160.jpg 160w\" sizes=\"auto, (max-width: 150px) 100vw, 150px\" \/><\/a>\n\t\t\t<\/dt><\/dl><dl class='gallery-item'>\n\t\t\t<dt class='gallery-icon landscape'>\n\t\t\t\t<a href='https:\/\/www.drivelife.it\/news\/2015\/02\/13\/mazda-2-2\/nuova-mazda2-mazda2_2015_action_1\/'><img loading=\"lazy\" decoding=\"async\" width=\"150\" height=\"150\" src=\"https:\/\/www.drivelife.it\/news\/wp-content\/uploads\/2015\/02\/nuova-mazda2-mazda2_2015_action_1-150x150.jpg\" class=\"attachment-thumbnail size-thumbnail no-lazy\" alt=\"\" srcset=\"https:\/\/www.drivelife.it\/news\/wp-content\/uploads\/2015\/02\/nuova-mazda2-mazda2_2015_action_1-150x150.jpg 150w, https:\/\/www.drivelife.it\/news\/wp-content\/uploads\/2015\/02\/nuova-mazda2-mazda2_2015_action_1-160x160.jpg 160w\" sizes=\"auto, (max-width: 150px) 100vw, 150px\" \/><\/a>\n\t\t\t<\/dt><\/dl><dl class='gallery-item'>\n\t\t\t<dt class='gallery-icon landscape'>\n\t\t\t\t<a href='https:\/\/www.drivelife.it\/news\/2015\/02\/13\/mazda-2-2\/nuova-mazda2-mazda2_2015_still_5\/'><img loading=\"lazy\" decoding=\"async\" width=\"150\" height=\"150\" src=\"https:\/\/www.drivelife.it\/news\/wp-content\/uploads\/2015\/02\/nuova-mazda2-mazda2_2015_still_5-150x150.jpg\" class=\"attachment-thumbnail size-thumbnail no-lazy\" alt=\"\" srcset=\"https:\/\/www.drivelife.it\/news\/wp-content\/uploads\/2015\/02\/nuova-mazda2-mazda2_2015_still_5-150x150.jpg 150w, https:\/\/www.drivelife.it\/news\/wp-content\/uploads\/2015\/02\/nuova-mazda2-mazda2_2015_still_5-160x160.jpg 160w\" sizes=\"auto, (max-width: 150px) 100vw, 150px\" \/><\/a>\n\t\t\t<\/dt><\/dl><dl class='gallery-item'>\n\t\t\t<dt class='gallery-icon landscape'>\n\t\t\t\t<a href='https:\/\/www.drivelife.it\/news\/2015\/02\/13\/mazda-2-2\/nuova-mazda2-mazda2_2015_still_9\/'><img loading=\"lazy\" decoding=\"async\" width=\"150\" height=\"150\" src=\"https:\/\/www.drivelife.it\/news\/wp-content\/uploads\/2015\/02\/nuova-mazda2-mazda2_2015_still_9-150x150.jpg\" class=\"attachment-thumbnail size-thumbnail no-lazy\" alt=\"\" srcset=\"https:\/\/www.drivelife.it\/news\/wp-content\/uploads\/2015\/02\/nuova-mazda2-mazda2_2015_still_9-150x150.jpg 150w, https:\/\/www.drivelife.it\/news\/wp-content\/uploads\/2015\/02\/nuova-mazda2-mazda2_2015_still_9-160x160.jpg 160w\" sizes=\"auto, (max-width: 150px) 100vw, 150px\" \/><\/a>\n\t\t\t<\/dt><\/dl>\n\t\t\t<br style='clear: both' \/>\n\t\t<\/div>\n\n<p>&nbsp;<\/p>\n","protected":false},"excerpt":{"rendered":"<p>MAZDA 2 &#8211; Nuovo stile per uniformarsi alla famiglia Mazda e nuova abitabilit\u00e0 per gli interni. Una strizzatina d\u2019occhio al design notturno, ora sempre pi\u00f9 di moda, con i fari full led, prima applicazione industriale della firma luminosa di Mazda di FEDERICO DI LERNIA DURATA, 01\u2019 40\u201d\u00a0 IN TV CON DRIVELIFE DEL 07 FEBBRAIO Mazda presenta un aggiornamento della Mazda 2, con un adattamento delle misure fondamentali come il passo pi\u00f9 lungo e gli sbalzi pi\u00f9 corti. L\u2019abitacolo ora \u00e8 pi\u00f9 spazioso mentre all\u2019esterno lo stile Mazda \u00e8 ripreso con le nuove, generose, dimensioni della griglia del frontale. I nuovi fari con&#46;&#46;&#46;<\/p>\n","protected":false},"author":1,"featured_media":7094,"comment_status":"open","ping_status":"open","sticky":false,"template":"","format":"standard","meta":{"ngg_post_thumbnail":0,"footnotes":""},"categories":[39,115,55,71,513],"tags":[516],"class_list":["post-7071","post","type-post","status-publish","format-standard","has-post-thumbnail","hentry","category-automotive","category-mazda","category-news","category-puntata-drivelife","category-edizioni-drivelife-tv-2015","tag-mazda-2"],"yoast_head":"<!-- This site is optimized with the Yoast SEO plugin v27.5 - https:\/\/yoast.com\/product\/yoast-seo-wordpress\/ -->\n<title>MAZDA 2 - #lucalife<\/title>\n<meta name=\"robots\" content=\"index, follow, max-snippet:-1, max-image-preview:large, max-video-preview:-1\" \/>\n<link rel=\"canonical\" href=\"https:\/\/www.drivelife.it\/news\/2015\/02\/13\/mazda-2-2\/\" \/>\n<meta property=\"og:locale\" content=\"en_US\" \/>\n<meta property=\"og:type\" content=\"article\" \/>\n<meta property=\"og:title\" content=\"MAZDA 2 - #lucalife\" \/>\n<meta property=\"og:description\" content=\"MAZDA 2 &#8211; Nuovo stile per uniformarsi alla famiglia Mazda e nuova abitabilit\u00e0 per gli interni. Una strizzatina d\u2019occhio al design notturno, ora sempre pi\u00f9 di moda, con i fari full led, prima applicazione industriale della firma luminosa di Mazda di FEDERICO DI LERNIA DURATA, 01\u2019 40\u201d\u00a0 IN TV CON DRIVELIFE DEL 07 FEBBRAIO Mazda presenta un aggiornamento della Mazda 2, con un adattamento delle misure fondamentali come il passo pi\u00f9 lungo e gli sbalzi pi\u00f9 corti. L\u2019abitacolo ora \u00e8 pi\u00f9 spazioso mentre all\u2019esterno lo stile Mazda \u00e8 ripreso con le nuove, generose, dimensioni della griglia del frontale. I nuovi fari con&#046;&#046;&#046;\" \/>\n<meta property=\"og:url\" content=\"https:\/\/www.drivelife.it\/news\/2015\/02\/13\/mazda-2-2\/\" \/>\n<meta property=\"og:site_name\" content=\"#lucalife\" \/>\n<meta property=\"article:publisher\" content=\"https:\/\/www.facebook.com\/pages\/Drivelife\/467833073239720\" \/>\n<meta property=\"article:published_time\" content=\"2015-02-13T16:57:44+00:00\" \/>\n<meta property=\"og:image\" content=\"https:\/\/www.drivelife.it\/news\/wp-content\/uploads\/2015\/02\/nuova-mazda2-mazda2_2014_action_02-copia.jpg\" \/>\n\t<meta property=\"og:image:width\" content=\"1680\" \/>\n\t<meta property=\"og:image:height\" content=\"726\" \/>\n\t<meta property=\"og:image:type\" content=\"image\/jpeg\" \/>\n<meta name=\"author\" content=\"Redazione\" \/>\n<meta name=\"twitter:card\" content=\"summary_large_image\" \/>\n<meta name=\"twitter:creator\" content=\"@tweetdrivelife\" \/>\n<meta name=\"twitter:site\" content=\"@tweetdrivelife\" \/>\n<meta name=\"twitter:label1\" content=\"Written by\" \/>\n\t<meta name=\"twitter:data1\" content=\"Redazione\" \/>\n\t<meta name=\"twitter:label2\" content=\"Est. reading time\" \/>\n\t<meta name=\"twitter:data2\" content=\"2 minutes\" \/>\n<script type=\"application\/ld+json\" class=\"yoast-schema-graph\">{\"@context\":\"https:\\\/\\\/schema.org\",\"@graph\":[{\"@type\":\"Article\",\"@id\":\"https:\\\/\\\/www.drivelife.it\\\/news\\\/2015\\\/02\\\/13\\\/mazda-2-2\\\/#article\",\"isPartOf\":{\"@id\":\"https:\\\/\\\/www.drivelife.it\\\/news\\\/2015\\\/02\\\/13\\\/mazda-2-2\\\/\"},\"author\":{\"name\":\"Redazione\",\"@id\":\"https:\\\/\\\/www.drivelife.it\\\/news\\\/#\\\/schema\\\/person\\\/b6c194c3423ff451be4914f5fd9c2188\"},\"headline\":\"MAZDA 2\",\"datePublished\":\"2015-02-13T16:57:44+00:00\",\"mainEntityOfPage\":{\"@id\":\"https:\\\/\\\/www.drivelife.it\\\/news\\\/2015\\\/02\\\/13\\\/mazda-2-2\\\/\"},\"wordCount\":308,\"commentCount\":0,\"image\":{\"@id\":\"https:\\\/\\\/www.drivelife.it\\\/news\\\/2015\\\/02\\\/13\\\/mazda-2-2\\\/#primaryimage\"},\"thumbnailUrl\":\"https:\\\/\\\/www.drivelife.it\\\/news\\\/wp-content\\\/uploads\\\/2015\\\/02\\\/nuova-mazda2-mazda2_2014_action_02-copia.jpg\",\"keywords\":[\"mazda 2\"],\"articleSection\":[\"AUTOMOTIVE\",\"MAZDA\",\"NEWS\",\"PUNTATA DRIVELIFE\",\"PUNTATE DRIVELIFE TV 2015\"],\"inLanguage\":\"en-US\",\"potentialAction\":[{\"@type\":\"CommentAction\",\"name\":\"Comment\",\"target\":[\"https:\\\/\\\/www.drivelife.it\\\/news\\\/2015\\\/02\\\/13\\\/mazda-2-2\\\/#respond\"]}]},{\"@type\":\"WebPage\",\"@id\":\"https:\\\/\\\/www.drivelife.it\\\/news\\\/2015\\\/02\\\/13\\\/mazda-2-2\\\/\",\"url\":\"https:\\\/\\\/www.drivelife.it\\\/news\\\/2015\\\/02\\\/13\\\/mazda-2-2\\\/\",\"name\":\"MAZDA 2 - #lucalife\",\"isPartOf\":{\"@id\":\"https:\\\/\\\/www.drivelife.it\\\/news\\\/#website\"},\"primaryImageOfPage\":{\"@id\":\"https:\\\/\\\/www.drivelife.it\\\/news\\\/2015\\\/02\\\/13\\\/mazda-2-2\\\/#primaryimage\"},\"image\":{\"@id\":\"https:\\\/\\\/www.drivelife.it\\\/news\\\/2015\\\/02\\\/13\\\/mazda-2-2\\\/#primaryimage\"},\"thumbnailUrl\":\"https:\\\/\\\/www.drivelife.it\\\/news\\\/wp-content\\\/uploads\\\/2015\\\/02\\\/nuova-mazda2-mazda2_2014_action_02-copia.jpg\",\"datePublished\":\"2015-02-13T16:57:44+00:00\",\"author\":{\"@id\":\"https:\\\/\\\/www.drivelife.it\\\/news\\\/#\\\/schema\\\/person\\\/b6c194c3423ff451be4914f5fd9c2188\"},\"breadcrumb\":{\"@id\":\"https:\\\/\\\/www.drivelife.it\\\/news\\\/2015\\\/02\\\/13\\\/mazda-2-2\\\/#breadcrumb\"},\"inLanguage\":\"en-US\",\"potentialAction\":[{\"@type\":\"ReadAction\",\"target\":[\"https:\\\/\\\/www.drivelife.it\\\/news\\\/2015\\\/02\\\/13\\\/mazda-2-2\\\/\"]}]},{\"@type\":\"ImageObject\",\"inLanguage\":\"en-US\",\"@id\":\"https:\\\/\\\/www.drivelife.it\\\/news\\\/2015\\\/02\\\/13\\\/mazda-2-2\\\/#primaryimage\",\"url\":\"https:\\\/\\\/www.drivelife.it\\\/news\\\/wp-content\\\/uploads\\\/2015\\\/02\\\/nuova-mazda2-mazda2_2014_action_02-copia.jpg\",\"contentUrl\":\"https:\\\/\\\/www.drivelife.it\\\/news\\\/wp-content\\\/uploads\\\/2015\\\/02\\\/nuova-mazda2-mazda2_2014_action_02-copia.jpg\",\"width\":1680,\"height\":726,\"caption\":\"MAZDA 2\"},{\"@type\":\"BreadcrumbList\",\"@id\":\"https:\\\/\\\/www.drivelife.it\\\/news\\\/2015\\\/02\\\/13\\\/mazda-2-2\\\/#breadcrumb\",\"itemListElement\":[{\"@type\":\"ListItem\",\"position\":1,\"name\":\"Home\",\"item\":\"https:\\\/\\\/www.drivelife.it\\\/news\\\/\"},{\"@type\":\"ListItem\",\"position\":2,\"name\":\"MAZDA 2\"}]},{\"@type\":\"WebSite\",\"@id\":\"https:\\\/\\\/www.drivelife.it\\\/news\\\/#website\",\"url\":\"https:\\\/\\\/www.drivelife.it\\\/news\\\/\",\"name\":\"#lucalife\",\"description\":\"DRIVELIFE le mie automobili\",\"potentialAction\":[{\"@type\":\"SearchAction\",\"target\":{\"@type\":\"EntryPoint\",\"urlTemplate\":\"https:\\\/\\\/www.drivelife.it\\\/news\\\/?s={search_term_string}\"},\"query-input\":{\"@type\":\"PropertyValueSpecification\",\"valueRequired\":true,\"valueName\":\"search_term_string\"}}],\"inLanguage\":\"en-US\"},{\"@type\":\"Person\",\"@id\":\"https:\\\/\\\/www.drivelife.it\\\/news\\\/#\\\/schema\\\/person\\\/b6c194c3423ff451be4914f5fd9c2188\",\"name\":\"Redazione\",\"image\":{\"@type\":\"ImageObject\",\"inLanguage\":\"en-US\",\"@id\":\"https:\\\/\\\/secure.gravatar.com\\\/avatar\\\/8d186f6b07ba8a94441344759f0e13bf1909b6ceaa171df0425551b4590fd558?s=96&d=mm&r=g\",\"url\":\"https:\\\/\\\/secure.gravatar.com\\\/avatar\\\/8d186f6b07ba8a94441344759f0e13bf1909b6ceaa171df0425551b4590fd558?s=96&d=mm&r=g\",\"contentUrl\":\"https:\\\/\\\/secure.gravatar.com\\\/avatar\\\/8d186f6b07ba8a94441344759f0e13bf1909b6ceaa171df0425551b4590fd558?s=96&d=mm&r=g\",\"caption\":\"Redazione\"},\"url\":\"https:\\\/\\\/www.drivelife.it\\\/news\\\/author\\\/admin\\\/\"}]}<\/script>\n<!-- \/ Yoast SEO plugin. -->","yoast_head_json":{"title":"MAZDA 2 - #lucalife","robots":{"index":"index","follow":"follow","max-snippet":"max-snippet:-1","max-image-preview":"max-image-preview:large","max-video-preview":"max-video-preview:-1"},"canonical":"https:\/\/www.drivelife.it\/news\/2015\/02\/13\/mazda-2-2\/","og_locale":"en_US","og_type":"article","og_title":"MAZDA 2 - #lucalife","og_description":"MAZDA 2 &#8211; Nuovo stile per uniformarsi alla famiglia Mazda e nuova abitabilit\u00e0 per gli interni. Una strizzatina d\u2019occhio al design notturno, ora sempre pi\u00f9 di moda, con i fari full led, prima applicazione industriale della firma luminosa di Mazda di FEDERICO DI LERNIA DURATA, 01\u2019 40\u201d\u00a0 IN TV CON DRIVELIFE DEL 07 FEBBRAIO Mazda presenta un aggiornamento della Mazda 2, con un adattamento delle misure fondamentali come il passo pi\u00f9 lungo e gli sbalzi pi\u00f9 corti. L\u2019abitacolo ora \u00e8 pi\u00f9 spazioso mentre all\u2019esterno lo stile Mazda \u00e8 ripreso con le nuove, generose, dimensioni della griglia del frontale. I nuovi fari con&#46;&#46;&#46;","og_url":"https:\/\/www.drivelife.it\/news\/2015\/02\/13\/mazda-2-2\/","og_site_name":"#lucalife","article_publisher":"https:\/\/www.facebook.com\/pages\/Drivelife\/467833073239720","article_published_time":"2015-02-13T16:57:44+00:00","og_image":[{"width":1680,"height":726,"url":"https:\/\/www.drivelife.it\/news\/wp-content\/uploads\/2015\/02\/nuova-mazda2-mazda2_2014_action_02-copia.jpg","type":"image\/jpeg"}],"author":"Redazione","twitter_card":"summary_large_image","twitter_creator":"@tweetdrivelife","twitter_site":"@tweetdrivelife","twitter_misc":{"Written by":"Redazione","Est. reading time":"2 minutes"},"schema":{"@context":"https:\/\/schema.org","@graph":[{"@type":"Article","@id":"https:\/\/www.drivelife.it\/news\/2015\/02\/13\/mazda-2-2\/#article","isPartOf":{"@id":"https:\/\/www.drivelife.it\/news\/2015\/02\/13\/mazda-2-2\/"},"author":{"name":"Redazione","@id":"https:\/\/www.drivelife.it\/news\/#\/schema\/person\/b6c194c3423ff451be4914f5fd9c2188"},"headline":"MAZDA 2","datePublished":"2015-02-13T16:57:44+00:00","mainEntityOfPage":{"@id":"https:\/\/www.drivelife.it\/news\/2015\/02\/13\/mazda-2-2\/"},"wordCount":308,"commentCount":0,"image":{"@id":"https:\/\/www.drivelife.it\/news\/2015\/02\/13\/mazda-2-2\/#primaryimage"},"thumbnailUrl":"https:\/\/www.drivelife.it\/news\/wp-content\/uploads\/2015\/02\/nuova-mazda2-mazda2_2014_action_02-copia.jpg","keywords":["mazda 2"],"articleSection":["AUTOMOTIVE","MAZDA","NEWS","PUNTATA DRIVELIFE","PUNTATE DRIVELIFE TV 2015"],"inLanguage":"en-US","potentialAction":[{"@type":"CommentAction","name":"Comment","target":["https:\/\/www.drivelife.it\/news\/2015\/02\/13\/mazda-2-2\/#respond"]}]},{"@type":"WebPage","@id":"https:\/\/www.drivelife.it\/news\/2015\/02\/13\/mazda-2-2\/","url":"https:\/\/www.drivelife.it\/news\/2015\/02\/13\/mazda-2-2\/","name":"MAZDA 2 - #lucalife","isPartOf":{"@id":"https:\/\/www.drivelife.it\/news\/#website"},"primaryImageOfPage":{"@id":"https:\/\/www.drivelife.it\/news\/2015\/02\/13\/mazda-2-2\/#primaryimage"},"image":{"@id":"https:\/\/www.drivelife.it\/news\/2015\/02\/13\/mazda-2-2\/#primaryimage"},"thumbnailUrl":"https:\/\/www.drivelife.it\/news\/wp-content\/uploads\/2015\/02\/nuova-mazda2-mazda2_2014_action_02-copia.jpg","datePublished":"2015-02-13T16:57:44+00:00","author":{"@id":"https:\/\/www.drivelife.it\/news\/#\/schema\/person\/b6c194c3423ff451be4914f5fd9c2188"},"breadcrumb":{"@id":"https:\/\/www.drivelife.it\/news\/2015\/02\/13\/mazda-2-2\/#breadcrumb"},"inLanguage":"en-US","potentialAction":[{"@type":"ReadAction","target":["https:\/\/www.drivelife.it\/news\/2015\/02\/13\/mazda-2-2\/"]}]},{"@type":"ImageObject","inLanguage":"en-US","@id":"https:\/\/www.drivelife.it\/news\/2015\/02\/13\/mazda-2-2\/#primaryimage","url":"https:\/\/www.drivelife.it\/news\/wp-content\/uploads\/2015\/02\/nuova-mazda2-mazda2_2014_action_02-copia.jpg","contentUrl":"https:\/\/www.drivelife.it\/news\/wp-content\/uploads\/2015\/02\/nuova-mazda2-mazda2_2014_action_02-copia.jpg","width":1680,"height":726,"caption":"MAZDA 2"},{"@type":"BreadcrumbList","@id":"https:\/\/www.drivelife.it\/news\/2015\/02\/13\/mazda-2-2\/#breadcrumb","itemListElement":[{"@type":"ListItem","position":1,"name":"Home","item":"https:\/\/www.drivelife.it\/news\/"},{"@type":"ListItem","position":2,"name":"MAZDA 2"}]},{"@type":"WebSite","@id":"https:\/\/www.drivelife.it\/news\/#website","url":"https:\/\/www.drivelife.it\/news\/","name":"#lucalife","description":"DRIVELIFE le mie automobili","potentialAction":[{"@type":"SearchAction","target":{"@type":"EntryPoint","urlTemplate":"https:\/\/www.drivelife.it\/news\/?s={search_term_string}"},"query-input":{"@type":"PropertyValueSpecification","valueRequired":true,"valueName":"search_term_string"}}],"inLanguage":"en-US"},{"@type":"Person","@id":"https:\/\/www.drivelife.it\/news\/#\/schema\/person\/b6c194c3423ff451be4914f5fd9c2188","name":"Redazione","image":{"@type":"ImageObject","inLanguage":"en-US","@id":"https:\/\/secure.gravatar.com\/avatar\/8d186f6b07ba8a94441344759f0e13bf1909b6ceaa171df0425551b4590fd558?s=96&d=mm&r=g","url":"https:\/\/secure.gravatar.com\/avatar\/8d186f6b07ba8a94441344759f0e13bf1909b6ceaa171df0425551b4590fd558?s=96&d=mm&r=g","contentUrl":"https:\/\/secure.gravatar.com\/avatar\/8d186f6b07ba8a94441344759f0e13bf1909b6ceaa171df0425551b4590fd558?s=96&d=mm&r=g","caption":"Redazione"},"url":"https:\/\/www.drivelife.it\/news\/author\/admin\/"}]}},"amp_enabled":true,"_links":{"self":[{"href":"https:\/\/www.drivelife.it\/news\/wp-json\/wp\/v2\/posts\/7071","targetHints":{"allow":["GET"]}}],"collection":[{"href":"https:\/\/www.drivelife.it\/news\/wp-json\/wp\/v2\/posts"}],"about":[{"href":"https:\/\/www.drivelife.it\/news\/wp-json\/wp\/v2\/types\/post"}],"author":[{"embeddable":true,"href":"https:\/\/www.drivelife.it\/news\/wp-json\/wp\/v2\/users\/1"}],"replies":[{"embeddable":true,"href":"https:\/\/www.drivelife.it\/news\/wp-json\/wp\/v2\/comments?post=7071"}],"version-history":[{"count":1,"href":"https:\/\/www.drivelife.it\/news\/wp-json\/wp\/v2\/posts\/7071\/revisions"}],"predecessor-version":[{"id":7129,"href":"https:\/\/www.drivelife.it\/news\/wp-json\/wp\/v2\/posts\/7071\/revisions\/7129"}],"wp:featuredmedia":[{"embeddable":true,"href":"https:\/\/www.drivelife.it\/news\/wp-json\/wp\/v2\/media\/7094"}],"wp:attachment":[{"href":"https:\/\/www.drivelife.it\/news\/wp-json\/wp\/v2\/media?parent=7071"}],"wp:term":[{"taxonomy":"category","embeddable":true,"href":"https:\/\/www.drivelife.it\/news\/wp-json\/wp\/v2\/categories?post=7071"},{"taxonomy":"post_tag","embeddable":true,"href":"https:\/\/www.drivelife.it\/news\/wp-json\/wp\/v2\/tags?post=7071"}],"curies":[{"name":"wp","href":"https:\/\/api.w.org\/{rel}","templated":true}]}}