{"id":7070,"date":"2015-02-13T16:47:25","date_gmt":"2015-02-13T16:47:25","guid":{"rendered":"http:\/\/www.drivelife.it\/news\/?p=7070"},"modified":"2015-02-13T16:47:25","modified_gmt":"2015-02-13T16:47:25","slug":"nuova-fiat-doblo","status":"publish","type":"post","link":"https:\/\/www.drivelife.it\/news\/2015\/02\/13\/nuova-fiat-doblo\/","title":{"rendered":"NUOVA FIAT DOBL\u00d2"},"content":{"rendered":"<blockquote>\n<div id=\"attachment_7072\" style=\"width: 730px\" class=\"wp-caption alignnone\"><a href=\"http:\/\/www.drivelife.it\/clip\/2015\/02\/06\/drivelife-puntata-febbraio-7\/\"><img loading=\"lazy\" decoding=\"async\" aria-describedby=\"caption-attachment-7072\" class=\"size-large wp-image-7072\" alt=\"FIAT DOBL\u00d2\" src=\"http:\/\/www.drivelife.it\/news\/wp-content\/uploads\/2015\/02\/fiat-nuovo-doblo-150202_fiat_nuovo-doblo_03-copia-960x414.jpg\" width=\"720\" height=\"310\" srcset=\"https:\/\/www.drivelife.it\/news\/wp-content\/uploads\/2015\/02\/fiat-nuovo-doblo-150202_fiat_nuovo-doblo_03-copia-960x414.jpg 960w, https:\/\/www.drivelife.it\/news\/wp-content\/uploads\/2015\/02\/fiat-nuovo-doblo-150202_fiat_nuovo-doblo_03-copia-580x250.jpg 580w, https:\/\/www.drivelife.it\/news\/wp-content\/uploads\/2015\/02\/fiat-nuovo-doblo-150202_fiat_nuovo-doblo_03-copia-300x129.jpg 300w, https:\/\/www.drivelife.it\/news\/wp-content\/uploads\/2015\/02\/fiat-nuovo-doblo-150202_fiat_nuovo-doblo_03-copia.jpg 1680w\" sizes=\"auto, (max-width: 720px) 100vw, 720px\" \/><\/a><p id=\"caption-attachment-7072\" class=\"wp-caption-text\">FIAT DOBL\u00d2<\/p><\/div>\n<h2><b>FIAT DOBL\u00d2 &#8211; Sempre pi\u00f9 votato al tempo libero ed alla famiglia il versatile tuttofare di FIAT, alla quarta generazione costruttiva, propone un design pi\u00f9 accattivante ed una flessibilit\u00e0 degli spazi interni imbattibile<\/b><\/h2>\n<p><b>di NICOLETTA TRIGGIANI<\/p>\n<p>DURATA, 02\u2019 30\u201d\u00a0<\/b><\/p>\n<p><b>IN TV CON DRIVELIFE DEL 07 FEBBRAIO<\/b><\/p><\/blockquote>\n<p><b><\/b><span style=\"line-height: 1.5em;\">Fiat presenta il Nuovo Dobl\u00f2, l\u2019Active Family Space capace di soddisfare le esigenze della famiglia moderna e dinamica che lo utilizza 7 giorni su 7, nei giorni lavorativi come nel week end, senza alcun limite di spazio e fruibilit\u00e0.\u00a0<\/span><\/p>\n<p>La nuova vettura rappresenta la quarta generazione di un modello che, lanciato alla fine del 2000 e rinnovato negli anni 2005 e 2010, ha registrato a oggi oltre 1 milione e 400mila immatricolazioni (dato complessivo tra versione automobilistica e versione veicolo commerciale). Un progetto vincente quindi che ha saputo evolvere negli anni rispondendo alle diverse esigenze di mobilit\u00e0, comfort e rispetto ambientale che si sono succedute nella societ\u00e0 odierna.<\/p>\n<p>Il Nuovo Dobl\u00f2 si presenta con un design, esterno e interno, completamente rinnovato capace di esprimere dinamismo e personalit\u00e0 attraverso forme e linee pi\u00f9 distintive. Anche la dotazione tecnologica si arricchisce di nuovi contenuti innovativi ma di facile utilizzo che rendono piacevole qualunque viaggio a bordo del Nuovo Dobl\u00f2. Tra i contenuti pi\u00f9 interessanti spicca il sistema multimediale Uconnect con touchscreen a colori da 5&#8243; che, a richiesta, pu\u00f2 essere dotato di navigazione integrata e riproduzione radio digitale.<\/p>\n<p>Un ambiente tutto da vivere per chi viaggia, per chi ama stare in compagnia o per chi lo sceglie come partner del proprio tempo libero. Qualunque sia la propria passione o impiego della vettura, il Nuovo Dobl\u00f2 mette a disposizione la grande modularit\u00e0 dello spazio interno &#8211; da sempre uno dei punti di forza del modello \u2013 che offre fino a 7 posti, l\u2019ampio bagagliaio da 790 litri (ai vertici del segmento), i numerosi vani portaoggetti e l\u2019utile sedile posteriore sdoppiato (60\/40).<\/p>\n<p>In pi\u00f9, il Nuovo Dobl\u00f2 assicura il miglior handling della categoria &#8211; grazie anche alle sospensioni Bi-link, un\u2019esclusiva nel segmento &#8211; e il pi\u00f9 elevato benessere a bordo come dimostra un abitacolo molto luminoso, arioso e con un eccellente comfort climatico e acustico.\u00a0 Un ambiente confortevole e funzionale, quindi, che pu\u00f2 contare anche su contenuti di sicurezza al top della sua categoria: sono sempre di serie airbag anteriori, sistema ESP e funzione Hill Holder.<\/p>\n<p>Il Nuovo Dobl\u00f2 vanta\u00a0 una gamma motorizzazioni tra le pi\u00f9 ampie e articolate della categoria, che si compone di ben 7 propulsori \u2013 potenze da 90 a 135 CV e alimentazioni a benzina, diesel e metano. Commercializzato in 29 Paesi dell\u2019area EMEA, il Nuovo Dobl\u00f2 propone 3 allestimenti (Pop, Easy e Lounge), 2 varianti di altezza tetto, 2 lunghezze del passo, 11 colori di carrozzeria (tra cui il nuovo Grigio Colosseo), 5 ambienti interni e 2 tipologie di posti a sedere (standard a 5, a richiesta a 7 posti). Inoltre, il cliente del Nuovo Dobl\u00f2 potr\u00e0 contare sulla ricca gamma di servizi e accessori realizzati in collaborazione con Mopar\u00ae, oltre che dalle vantaggiose soluzioni finanziarie studiate da FCA Bank. (Ufficio Stampa FCA).<\/p>\n\n\t\t<style>\n\t\t\t#gallery-1 {\n\t\t\t\tmargin: auto;\n\t\t\t}\n\t\t\t#gallery-1 .gallery-item {\n\t\t\t\tfloat: left;\n\t\t\t\tmargin-top: 10px;\n\t\t\t\ttext-align: center;\n\t\t\t\twidth: 16%;\n\t\t\t}\n\t\t\t#gallery-1 img {\n\t\t\t\tborder: 2px solid #cfcfcf;\n\t\t\t}\n\t\t\t#gallery-1 .gallery-caption {\n\t\t\t\tmargin-left: 0;\n\t\t\t}\n\t\t\t\/* see gallery_shortcode() in wp-includes\/media.php *\/\n\t\t<\/style>\n\t\t<div id='gallery-1' class='gallery galleryid-7070 gallery-columns-6 gallery-size-thumbnail'><dl class='gallery-item'>\n\t\t\t<dt class='gallery-icon portrait'>\n\t\t\t\t<a href='https:\/\/www.drivelife.it\/news\/2015\/02\/13\/nuova-fiat-doblo\/fiat-nuovo-doblo-150202_fiat_nuovo-doblo_05\/'><img loading=\"lazy\" decoding=\"async\" width=\"150\" height=\"150\" src=\"https:\/\/www.drivelife.it\/news\/wp-content\/uploads\/2015\/02\/fiat-nuovo-doblo-150202_fiat_nuovo-doblo_05-150x150.jpg\" class=\"attachment-thumbnail size-thumbnail no-lazy\" alt=\"\" srcset=\"https:\/\/www.drivelife.it\/news\/wp-content\/uploads\/2015\/02\/fiat-nuovo-doblo-150202_fiat_nuovo-doblo_05-150x150.jpg 150w, https:\/\/www.drivelife.it\/news\/wp-content\/uploads\/2015\/02\/fiat-nuovo-doblo-150202_fiat_nuovo-doblo_05-160x160.jpg 160w\" sizes=\"auto, (max-width: 150px) 100vw, 150px\" \/><\/a>\n\t\t\t<\/dt><\/dl><dl class='gallery-item'>\n\t\t\t<dt class='gallery-icon landscape'>\n\t\t\t\t<a href='https:\/\/www.drivelife.it\/news\/2015\/02\/13\/nuova-fiat-doblo\/fiat-nuovo-doblo-150202_fiat_nuovo-doblo_09\/'><img loading=\"lazy\" decoding=\"async\" width=\"150\" height=\"150\" src=\"https:\/\/www.drivelife.it\/news\/wp-content\/uploads\/2015\/02\/fiat-nuovo-doblo-150202_fiat_nuovo-doblo_09-150x150.jpg\" class=\"attachment-thumbnail size-thumbnail no-lazy\" alt=\"\" srcset=\"https:\/\/www.drivelife.it\/news\/wp-content\/uploads\/2015\/02\/fiat-nuovo-doblo-150202_fiat_nuovo-doblo_09-150x150.jpg 150w, https:\/\/www.drivelife.it\/news\/wp-content\/uploads\/2015\/02\/fiat-nuovo-doblo-150202_fiat_nuovo-doblo_09-160x160.jpg 160w\" sizes=\"auto, (max-width: 150px) 100vw, 150px\" \/><\/a>\n\t\t\t<\/dt><\/dl><dl class='gallery-item'>\n\t\t\t<dt class='gallery-icon portrait'>\n\t\t\t\t<a href='https:\/\/www.drivelife.it\/news\/2015\/02\/13\/nuova-fiat-doblo\/fiat-nuovo-doblo-150202_fiat_nuovo-doblo_13\/'><img loading=\"lazy\" decoding=\"async\" width=\"150\" height=\"150\" src=\"https:\/\/www.drivelife.it\/news\/wp-content\/uploads\/2015\/02\/fiat-nuovo-doblo-150202_fiat_nuovo-doblo_13-150x150.jpg\" class=\"attachment-thumbnail size-thumbnail no-lazy\" alt=\"\" srcset=\"https:\/\/www.drivelife.it\/news\/wp-content\/uploads\/2015\/02\/fiat-nuovo-doblo-150202_fiat_nuovo-doblo_13-150x150.jpg 150w, https:\/\/www.drivelife.it\/news\/wp-content\/uploads\/2015\/02\/fiat-nuovo-doblo-150202_fiat_nuovo-doblo_13-160x160.jpg 160w\" sizes=\"auto, (max-width: 150px) 100vw, 150px\" \/><\/a>\n\t\t\t<\/dt><\/dl><dl class='gallery-item'>\n\t\t\t<dt class='gallery-icon landscape'>\n\t\t\t\t<a href='https:\/\/www.drivelife.it\/news\/2015\/02\/13\/nuova-fiat-doblo\/fiat-nuovo-doblo-150202_fiat_nuovo-doblo_11\/'><img loading=\"lazy\" decoding=\"async\" width=\"150\" height=\"150\" src=\"https:\/\/www.drivelife.it\/news\/wp-content\/uploads\/2015\/02\/fiat-nuovo-doblo-150202_fiat_nuovo-doblo_11-150x150.jpg\" class=\"attachment-thumbnail size-thumbnail no-lazy\" alt=\"\" srcset=\"https:\/\/www.drivelife.it\/news\/wp-content\/uploads\/2015\/02\/fiat-nuovo-doblo-150202_fiat_nuovo-doblo_11-150x150.jpg 150w, https:\/\/www.drivelife.it\/news\/wp-content\/uploads\/2015\/02\/fiat-nuovo-doblo-150202_fiat_nuovo-doblo_11-160x160.jpg 160w\" sizes=\"auto, (max-width: 150px) 100vw, 150px\" \/><\/a>\n\t\t\t<\/dt><\/dl><dl class='gallery-item'>\n\t\t\t<dt class='gallery-icon landscape'>\n\t\t\t\t<a href='https:\/\/www.drivelife.it\/news\/2015\/02\/13\/nuova-fiat-doblo\/fiat-nuovo-doblo-150202_fiat_nuovo-doblo_02\/'><img loading=\"lazy\" decoding=\"async\" width=\"150\" height=\"150\" src=\"https:\/\/www.drivelife.it\/news\/wp-content\/uploads\/2015\/02\/fiat-nuovo-doblo-150202_fiat_nuovo-doblo_02-150x150.jpg\" class=\"attachment-thumbnail size-thumbnail no-lazy\" alt=\"\" srcset=\"https:\/\/www.drivelife.it\/news\/wp-content\/uploads\/2015\/02\/fiat-nuovo-doblo-150202_fiat_nuovo-doblo_02-150x150.jpg 150w, https:\/\/www.drivelife.it\/news\/wp-content\/uploads\/2015\/02\/fiat-nuovo-doblo-150202_fiat_nuovo-doblo_02-160x160.jpg 160w\" sizes=\"auto, (max-width: 150px) 100vw, 150px\" \/><\/a>\n\t\t\t<\/dt><\/dl><dl class='gallery-item'>\n\t\t\t<dt class='gallery-icon landscape'>\n\t\t\t\t<a href='https:\/\/www.drivelife.it\/news\/2015\/02\/13\/nuova-fiat-doblo\/fiat-nuovo-doblo-150202_fiat_nuovo-doblo_08\/'><img loading=\"lazy\" decoding=\"async\" width=\"150\" height=\"150\" src=\"https:\/\/www.drivelife.it\/news\/wp-content\/uploads\/2015\/02\/fiat-nuovo-doblo-150202_fiat_nuovo-doblo_08-150x150.jpg\" class=\"attachment-thumbnail size-thumbnail no-lazy\" alt=\"\" srcset=\"https:\/\/www.drivelife.it\/news\/wp-content\/uploads\/2015\/02\/fiat-nuovo-doblo-150202_fiat_nuovo-doblo_08-150x150.jpg 150w, https:\/\/www.drivelife.it\/news\/wp-content\/uploads\/2015\/02\/fiat-nuovo-doblo-150202_fiat_nuovo-doblo_08-160x160.jpg 160w\" sizes=\"auto, (max-width: 150px) 100vw, 150px\" \/><\/a>\n\t\t\t<\/dt><\/dl><br style=\"clear: both\" \/><dl class='gallery-item'>\n\t\t\t<dt class='gallery-icon landscape'>\n\t\t\t\t<a href='https:\/\/www.drivelife.it\/news\/2015\/02\/13\/nuova-fiat-doblo\/fiat-nuovo-doblo-150202_fiat_nuovo-doblo_03\/'><img loading=\"lazy\" decoding=\"async\" width=\"150\" height=\"150\" src=\"https:\/\/www.drivelife.it\/news\/wp-content\/uploads\/2015\/02\/fiat-nuovo-doblo-150202_fiat_nuovo-doblo_03-150x150.jpg\" class=\"attachment-thumbnail size-thumbnail no-lazy\" alt=\"\" srcset=\"https:\/\/www.drivelife.it\/news\/wp-content\/uploads\/2015\/02\/fiat-nuovo-doblo-150202_fiat_nuovo-doblo_03-150x150.jpg 150w, https:\/\/www.drivelife.it\/news\/wp-content\/uploads\/2015\/02\/fiat-nuovo-doblo-150202_fiat_nuovo-doblo_03-160x160.jpg 160w\" sizes=\"auto, (max-width: 150px) 100vw, 150px\" \/><\/a>\n\t\t\t<\/dt><\/dl><dl class='gallery-item'>\n\t\t\t<dt class='gallery-icon landscape'>\n\t\t\t\t<a href='https:\/\/www.drivelife.it\/news\/2015\/02\/13\/nuova-fiat-doblo\/fiat-nuovo-doblo-150202_fiat_nuovo-doblo_06\/'><img loading=\"lazy\" decoding=\"async\" width=\"150\" height=\"150\" src=\"https:\/\/www.drivelife.it\/news\/wp-content\/uploads\/2015\/02\/fiat-nuovo-doblo-150202_fiat_nuovo-doblo_06-150x150.jpg\" class=\"attachment-thumbnail size-thumbnail no-lazy\" alt=\"\" srcset=\"https:\/\/www.drivelife.it\/news\/wp-content\/uploads\/2015\/02\/fiat-nuovo-doblo-150202_fiat_nuovo-doblo_06-150x150.jpg 150w, https:\/\/www.drivelife.it\/news\/wp-content\/uploads\/2015\/02\/fiat-nuovo-doblo-150202_fiat_nuovo-doblo_06-160x160.jpg 160w\" sizes=\"auto, (max-width: 150px) 100vw, 150px\" \/><\/a>\n\t\t\t<\/dt><\/dl><dl class='gallery-item'>\n\t\t\t<dt class='gallery-icon landscape'>\n\t\t\t\t<a href='https:\/\/www.drivelife.it\/news\/2015\/02\/13\/nuova-fiat-doblo\/fiat-nuovo-doblo-150202_fiat_nuovo-doblo_21\/'><img loading=\"lazy\" decoding=\"async\" width=\"150\" height=\"150\" src=\"https:\/\/www.drivelife.it\/news\/wp-content\/uploads\/2015\/02\/fiat-nuovo-doblo-150202_fiat_nuovo-doblo_21-150x150.jpg\" class=\"attachment-thumbnail size-thumbnail no-lazy\" alt=\"\" srcset=\"https:\/\/www.drivelife.it\/news\/wp-content\/uploads\/2015\/02\/fiat-nuovo-doblo-150202_fiat_nuovo-doblo_21-150x150.jpg 150w, https:\/\/www.drivelife.it\/news\/wp-content\/uploads\/2015\/02\/fiat-nuovo-doblo-150202_fiat_nuovo-doblo_21-160x160.jpg 160w\" sizes=\"auto, (max-width: 150px) 100vw, 150px\" \/><\/a>\n\t\t\t<\/dt><\/dl><dl class='gallery-item'>\n\t\t\t<dt class='gallery-icon landscape'>\n\t\t\t\t<a href='https:\/\/www.drivelife.it\/news\/2015\/02\/13\/nuova-fiat-doblo\/fiat-nuovo-doblo-150202_fiat_nuovo-doblo_18\/'><img loading=\"lazy\" decoding=\"async\" width=\"150\" height=\"150\" src=\"https:\/\/www.drivelife.it\/news\/wp-content\/uploads\/2015\/02\/fiat-nuovo-doblo-150202_fiat_nuovo-doblo_18-150x150.jpg\" class=\"attachment-thumbnail size-thumbnail no-lazy\" alt=\"\" srcset=\"https:\/\/www.drivelife.it\/news\/wp-content\/uploads\/2015\/02\/fiat-nuovo-doblo-150202_fiat_nuovo-doblo_18-150x150.jpg 150w, https:\/\/www.drivelife.it\/news\/wp-content\/uploads\/2015\/02\/fiat-nuovo-doblo-150202_fiat_nuovo-doblo_18-160x160.jpg 160w\" sizes=\"auto, (max-width: 150px) 100vw, 150px\" \/><\/a>\n\t\t\t<\/dt><\/dl><dl class='gallery-item'>\n\t\t\t<dt class='gallery-icon landscape'>\n\t\t\t\t<a href='https:\/\/www.drivelife.it\/news\/2015\/02\/13\/nuova-fiat-doblo\/fiat-nuovo-doblo-150202_fiat_nuovo-doblo_14\/'><img loading=\"lazy\" decoding=\"async\" width=\"150\" height=\"150\" src=\"https:\/\/www.drivelife.it\/news\/wp-content\/uploads\/2015\/02\/fiat-nuovo-doblo-150202_fiat_nuovo-doblo_14-150x150.jpg\" class=\"attachment-thumbnail size-thumbnail no-lazy\" alt=\"\" srcset=\"https:\/\/www.drivelife.it\/news\/wp-content\/uploads\/2015\/02\/fiat-nuovo-doblo-150202_fiat_nuovo-doblo_14-150x150.jpg 150w, https:\/\/www.drivelife.it\/news\/wp-content\/uploads\/2015\/02\/fiat-nuovo-doblo-150202_fiat_nuovo-doblo_14-160x160.jpg 160w\" sizes=\"auto, (max-width: 150px) 100vw, 150px\" \/><\/a>\n\t\t\t<\/dt><\/dl><dl class='gallery-item'>\n\t\t\t<dt class='gallery-icon landscape'>\n\t\t\t\t<a href='https:\/\/www.drivelife.it\/news\/2015\/02\/13\/nuova-fiat-doblo\/fiat-nuovo-doblo-150202_fiat_nuovo-doblo_10\/'><img loading=\"lazy\" decoding=\"async\" width=\"150\" height=\"150\" src=\"https:\/\/www.drivelife.it\/news\/wp-content\/uploads\/2015\/02\/fiat-nuovo-doblo-150202_fiat_nuovo-doblo_10-150x150.jpg\" class=\"attachment-thumbnail size-thumbnail no-lazy\" alt=\"\" srcset=\"https:\/\/www.drivelife.it\/news\/wp-content\/uploads\/2015\/02\/fiat-nuovo-doblo-150202_fiat_nuovo-doblo_10-150x150.jpg 150w, https:\/\/www.drivelife.it\/news\/wp-content\/uploads\/2015\/02\/fiat-nuovo-doblo-150202_fiat_nuovo-doblo_10-160x160.jpg 160w\" sizes=\"auto, (max-width: 150px) 100vw, 150px\" \/><\/a>\n\t\t\t<\/dt><\/dl><br style=\"clear: both\" \/><dl class='gallery-item'>\n\t\t\t<dt class='gallery-icon landscape'>\n\t\t\t\t<a href='https:\/\/www.drivelife.it\/news\/2015\/02\/13\/nuova-fiat-doblo\/fiat-nuovo-doblo-150202_fiat_nuovo-doblo_19\/'><img loading=\"lazy\" decoding=\"async\" width=\"150\" height=\"150\" src=\"https:\/\/www.drivelife.it\/news\/wp-content\/uploads\/2015\/02\/fiat-nuovo-doblo-150202_fiat_nuovo-doblo_19-150x150.jpg\" class=\"attachment-thumbnail size-thumbnail no-lazy\" alt=\"\" srcset=\"https:\/\/www.drivelife.it\/news\/wp-content\/uploads\/2015\/02\/fiat-nuovo-doblo-150202_fiat_nuovo-doblo_19-150x150.jpg 150w, https:\/\/www.drivelife.it\/news\/wp-content\/uploads\/2015\/02\/fiat-nuovo-doblo-150202_fiat_nuovo-doblo_19-160x160.jpg 160w\" sizes=\"auto, (max-width: 150px) 100vw, 150px\" \/><\/a>\n\t\t\t<\/dt><\/dl><dl class='gallery-item'>\n\t\t\t<dt class='gallery-icon landscape'>\n\t\t\t\t<a href='https:\/\/www.drivelife.it\/news\/2015\/02\/13\/nuova-fiat-doblo\/fiat-nuovo-doblo-150202_fiat_nuovo-doblo_12\/'><img loading=\"lazy\" decoding=\"async\" width=\"150\" height=\"150\" src=\"https:\/\/www.drivelife.it\/news\/wp-content\/uploads\/2015\/02\/fiat-nuovo-doblo-150202_fiat_nuovo-doblo_12-150x150.jpg\" class=\"attachment-thumbnail size-thumbnail no-lazy\" alt=\"\" srcset=\"https:\/\/www.drivelife.it\/news\/wp-content\/uploads\/2015\/02\/fiat-nuovo-doblo-150202_fiat_nuovo-doblo_12-150x150.jpg 150w, https:\/\/www.drivelife.it\/news\/wp-content\/uploads\/2015\/02\/fiat-nuovo-doblo-150202_fiat_nuovo-doblo_12-160x160.jpg 160w\" sizes=\"auto, (max-width: 150px) 100vw, 150px\" \/><\/a>\n\t\t\t<\/dt><\/dl><dl class='gallery-item'>\n\t\t\t<dt class='gallery-icon landscape'>\n\t\t\t\t<a href='https:\/\/www.drivelife.it\/news\/2015\/02\/13\/nuova-fiat-doblo\/fiat-nuovo-doblo-150202_fiat_nuovo-doblo_15\/'><img loading=\"lazy\" decoding=\"async\" width=\"150\" height=\"150\" src=\"https:\/\/www.drivelife.it\/news\/wp-content\/uploads\/2015\/02\/fiat-nuovo-doblo-150202_fiat_nuovo-doblo_15-150x150.jpg\" class=\"attachment-thumbnail size-thumbnail no-lazy\" alt=\"\" srcset=\"https:\/\/www.drivelife.it\/news\/wp-content\/uploads\/2015\/02\/fiat-nuovo-doblo-150202_fiat_nuovo-doblo_15-150x150.jpg 150w, https:\/\/www.drivelife.it\/news\/wp-content\/uploads\/2015\/02\/fiat-nuovo-doblo-150202_fiat_nuovo-doblo_15-160x160.jpg 160w\" sizes=\"auto, (max-width: 150px) 100vw, 150px\" \/><\/a>\n\t\t\t<\/dt><\/dl><dl class='gallery-item'>\n\t\t\t<dt class='gallery-icon landscape'>\n\t\t\t\t<a href='https:\/\/www.drivelife.it\/news\/2015\/02\/13\/nuova-fiat-doblo\/fiat-nuovo-doblo-150202_fiat_nuovo-doblo_20\/'><img loading=\"lazy\" decoding=\"async\" width=\"150\" height=\"150\" src=\"https:\/\/www.drivelife.it\/news\/wp-content\/uploads\/2015\/02\/fiat-nuovo-doblo-150202_fiat_nuovo-doblo_20-150x150.jpg\" class=\"attachment-thumbnail size-thumbnail no-lazy\" alt=\"\" srcset=\"https:\/\/www.drivelife.it\/news\/wp-content\/uploads\/2015\/02\/fiat-nuovo-doblo-150202_fiat_nuovo-doblo_20-150x150.jpg 150w, https:\/\/www.drivelife.it\/news\/wp-content\/uploads\/2015\/02\/fiat-nuovo-doblo-150202_fiat_nuovo-doblo_20-160x160.jpg 160w\" sizes=\"auto, (max-width: 150px) 100vw, 150px\" \/><\/a>\n\t\t\t<\/dt><\/dl><dl class='gallery-item'>\n\t\t\t<dt class='gallery-icon landscape'>\n\t\t\t\t<a href='https:\/\/www.drivelife.it\/news\/2015\/02\/13\/nuova-fiat-doblo\/fiat-nuovo-doblo-150202_fiat_nuovo-doblo_07\/'><img loading=\"lazy\" decoding=\"async\" width=\"150\" height=\"150\" src=\"https:\/\/www.drivelife.it\/news\/wp-content\/uploads\/2015\/02\/fiat-nuovo-doblo-150202_fiat_nuovo-doblo_07-150x150.jpg\" class=\"attachment-thumbnail size-thumbnail no-lazy\" alt=\"\" srcset=\"https:\/\/www.drivelife.it\/news\/wp-content\/uploads\/2015\/02\/fiat-nuovo-doblo-150202_fiat_nuovo-doblo_07-150x150.jpg 150w, https:\/\/www.drivelife.it\/news\/wp-content\/uploads\/2015\/02\/fiat-nuovo-doblo-150202_fiat_nuovo-doblo_07-160x160.jpg 160w\" sizes=\"auto, (max-width: 150px) 100vw, 150px\" \/><\/a>\n\t\t\t<\/dt><\/dl><dl class='gallery-item'>\n\t\t\t<dt class='gallery-icon landscape'>\n\t\t\t\t<a href='https:\/\/www.drivelife.it\/news\/2015\/02\/13\/nuova-fiat-doblo\/fiat-nuovo-doblo-150202_fiat_nuovo-doblo_01\/'><img loading=\"lazy\" decoding=\"async\" width=\"150\" height=\"150\" src=\"https:\/\/www.drivelife.it\/news\/wp-content\/uploads\/2015\/02\/fiat-nuovo-doblo-150202_fiat_nuovo-doblo_01-150x150.jpg\" class=\"attachment-thumbnail size-thumbnail no-lazy\" alt=\"\" srcset=\"https:\/\/www.drivelife.it\/news\/wp-content\/uploads\/2015\/02\/fiat-nuovo-doblo-150202_fiat_nuovo-doblo_01-150x150.jpg 150w, https:\/\/www.drivelife.it\/news\/wp-content\/uploads\/2015\/02\/fiat-nuovo-doblo-150202_fiat_nuovo-doblo_01-160x160.jpg 160w\" sizes=\"auto, (max-width: 150px) 100vw, 150px\" \/><\/a>\n\t\t\t<\/dt><\/dl><br style=\"clear: both\" \/><dl class='gallery-item'>\n\t\t\t<dt class='gallery-icon landscape'>\n\t\t\t\t<a href='https:\/\/www.drivelife.it\/news\/2015\/02\/13\/nuova-fiat-doblo\/fiat-nuovo-doblo-150202_fiat_nuovo-doblo_16\/'><img loading=\"lazy\" decoding=\"async\" width=\"150\" height=\"150\" src=\"https:\/\/www.drivelife.it\/news\/wp-content\/uploads\/2015\/02\/fiat-nuovo-doblo-150202_fiat_nuovo-doblo_16-150x150.jpg\" class=\"attachment-thumbnail size-thumbnail no-lazy\" alt=\"\" srcset=\"https:\/\/www.drivelife.it\/news\/wp-content\/uploads\/2015\/02\/fiat-nuovo-doblo-150202_fiat_nuovo-doblo_16-150x150.jpg 150w, https:\/\/www.drivelife.it\/news\/wp-content\/uploads\/2015\/02\/fiat-nuovo-doblo-150202_fiat_nuovo-doblo_16-160x160.jpg 160w\" sizes=\"auto, (max-width: 150px) 100vw, 150px\" \/><\/a>\n\t\t\t<\/dt><\/dl><dl class='gallery-item'>\n\t\t\t<dt class='gallery-icon landscape'>\n\t\t\t\t<a href='https:\/\/www.drivelife.it\/news\/2015\/02\/13\/nuova-fiat-doblo\/fiat-nuovo-doblo-150202_fiat_nuovo-doblo_17\/'><img loading=\"lazy\" decoding=\"async\" width=\"150\" height=\"150\" src=\"https:\/\/www.drivelife.it\/news\/wp-content\/uploads\/2015\/02\/fiat-nuovo-doblo-150202_fiat_nuovo-doblo_17-150x150.jpg\" class=\"attachment-thumbnail size-thumbnail no-lazy\" alt=\"\" srcset=\"https:\/\/www.drivelife.it\/news\/wp-content\/uploads\/2015\/02\/fiat-nuovo-doblo-150202_fiat_nuovo-doblo_17-150x150.jpg 150w, https:\/\/www.drivelife.it\/news\/wp-content\/uploads\/2015\/02\/fiat-nuovo-doblo-150202_fiat_nuovo-doblo_17-160x160.jpg 160w\" sizes=\"auto, (max-width: 150px) 100vw, 150px\" \/><\/a>\n\t\t\t<\/dt><\/dl>\n\t\t\t<br style='clear: both' \/>\n\t\t<\/div>\n\n<p>&nbsp;<\/p>\n","protected":false},"excerpt":{"rendered":"<p>FIAT DOBL\u00d2 &#8211; Sempre pi\u00f9 votato al tempo libero ed alla famiglia il versatile tuttofare di FIAT, alla quarta generazione costruttiva, propone un design pi\u00f9 accattivante ed una flessibilit\u00e0 degli spazi interni imbattibile di NICOLETTA TRIGGIANI DURATA, 02\u2019 30\u201d\u00a0 IN TV CON DRIVELIFE DEL 07 FEBBRAIO Fiat presenta il Nuovo Dobl\u00f2, l\u2019Active Family Space capace di soddisfare le esigenze della famiglia moderna e dinamica che lo utilizza 7 giorni su 7, nei giorni lavorativi come nel week end, senza alcun limite di spazio e fruibilit\u00e0.\u00a0 La nuova vettura rappresenta la quarta generazione di un modello che, lanciato alla fine del 2000 e&#46;&#46;&#46;<\/p>\n","protected":false},"author":1,"featured_media":7072,"comment_status":"open","ping_status":"open","sticky":false,"template":"","format":"standard","meta":{"ngg_post_thumbnail":0,"footnotes":""},"categories":[39,143,71,513,53],"tags":[514,515],"class_list":["post-7070","post","type-post","status-publish","format-standard","has-post-thumbnail","hentry","category-automotive","category-fiat","category-puntata-drivelife","category-edizioni-drivelife-tv-2015","category-video","tag-fiat-2","tag-fiat-doblo"],"yoast_head":"<!-- This site is optimized with the Yoast SEO plugin v27.5 - https:\/\/yoast.com\/product\/yoast-seo-wordpress\/ -->\n<title>NUOVA FIAT DOBL\u00d2 - #lucalife<\/title>\n<meta name=\"robots\" content=\"index, follow, max-snippet:-1, max-image-preview:large, max-video-preview:-1\" \/>\n<link rel=\"canonical\" href=\"https:\/\/www.drivelife.it\/news\/2015\/02\/13\/nuova-fiat-doblo\/\" \/>\n<meta property=\"og:locale\" content=\"en_US\" \/>\n<meta property=\"og:type\" content=\"article\" \/>\n<meta property=\"og:title\" content=\"NUOVA FIAT DOBL\u00d2 - #lucalife\" \/>\n<meta property=\"og:description\" content=\"FIAT DOBL\u00d2 &#8211; Sempre pi\u00f9 votato al tempo libero ed alla famiglia il versatile tuttofare di FIAT, alla quarta generazione costruttiva, propone un design pi\u00f9 accattivante ed una flessibilit\u00e0 degli spazi interni imbattibile di NICOLETTA TRIGGIANI DURATA, 02\u2019 30\u201d\u00a0 IN TV CON DRIVELIFE DEL 07 FEBBRAIO Fiat presenta il Nuovo Dobl\u00f2, l\u2019Active Family Space capace di soddisfare le esigenze della famiglia moderna e dinamica che lo utilizza 7 giorni su 7, nei giorni lavorativi come nel week end, senza alcun limite di spazio e fruibilit\u00e0.\u00a0 La nuova vettura rappresenta la quarta generazione di un modello che, lanciato alla fine del 2000 e&#046;&#046;&#046;\" \/>\n<meta property=\"og:url\" content=\"https:\/\/www.drivelife.it\/news\/2015\/02\/13\/nuova-fiat-doblo\/\" \/>\n<meta property=\"og:site_name\" content=\"#lucalife\" \/>\n<meta property=\"article:publisher\" content=\"https:\/\/www.facebook.com\/pages\/Drivelife\/467833073239720\" \/>\n<meta property=\"article:published_time\" content=\"2015-02-13T16:47:25+00:00\" \/>\n<meta property=\"og:image\" content=\"https:\/\/www.drivelife.it\/news\/wp-content\/uploads\/2015\/02\/fiat-nuovo-doblo-150202_fiat_nuovo-doblo_03-copia.jpg\" \/>\n\t<meta property=\"og:image:width\" content=\"1680\" \/>\n\t<meta property=\"og:image:height\" content=\"726\" \/>\n\t<meta property=\"og:image:type\" content=\"image\/jpeg\" \/>\n<meta name=\"author\" content=\"Redazione\" \/>\n<meta name=\"twitter:card\" content=\"summary_large_image\" \/>\n<meta name=\"twitter:creator\" content=\"@tweetdrivelife\" \/>\n<meta name=\"twitter:site\" content=\"@tweetdrivelife\" \/>\n<meta name=\"twitter:label1\" content=\"Written by\" \/>\n\t<meta name=\"twitter:data1\" content=\"Redazione\" \/>\n\t<meta name=\"twitter:label2\" content=\"Est. reading time\" \/>\n\t<meta name=\"twitter:data2\" content=\"3 minutes\" \/>\n<script type=\"application\/ld+json\" class=\"yoast-schema-graph\">{\"@context\":\"https:\\\/\\\/schema.org\",\"@graph\":[{\"@type\":\"Article\",\"@id\":\"https:\\\/\\\/www.drivelife.it\\\/news\\\/2015\\\/02\\\/13\\\/nuova-fiat-doblo\\\/#article\",\"isPartOf\":{\"@id\":\"https:\\\/\\\/www.drivelife.it\\\/news\\\/2015\\\/02\\\/13\\\/nuova-fiat-doblo\\\/\"},\"author\":{\"name\":\"Redazione\",\"@id\":\"https:\\\/\\\/www.drivelife.it\\\/news\\\/#\\\/schema\\\/person\\\/b6c194c3423ff451be4914f5fd9c2188\"},\"headline\":\"NUOVA FIAT DOBL\u00d2\",\"datePublished\":\"2015-02-13T16:47:25+00:00\",\"mainEntityOfPage\":{\"@id\":\"https:\\\/\\\/www.drivelife.it\\\/news\\\/2015\\\/02\\\/13\\\/nuova-fiat-doblo\\\/\"},\"wordCount\":506,\"commentCount\":0,\"image\":{\"@id\":\"https:\\\/\\\/www.drivelife.it\\\/news\\\/2015\\\/02\\\/13\\\/nuova-fiat-doblo\\\/#primaryimage\"},\"thumbnailUrl\":\"https:\\\/\\\/www.drivelife.it\\\/news\\\/wp-content\\\/uploads\\\/2015\\\/02\\\/fiat-nuovo-doblo-150202_fiat_nuovo-doblo_03-copia.jpg\",\"keywords\":[\"fiat\",\"fiat dobl\u00f2\"],\"articleSection\":[\"AUTOMOTIVE\",\"FIAT\",\"PUNTATA DRIVELIFE\",\"PUNTATE DRIVELIFE TV 2015\",\"VIDEO\"],\"inLanguage\":\"en-US\",\"potentialAction\":[{\"@type\":\"CommentAction\",\"name\":\"Comment\",\"target\":[\"https:\\\/\\\/www.drivelife.it\\\/news\\\/2015\\\/02\\\/13\\\/nuova-fiat-doblo\\\/#respond\"]}]},{\"@type\":\"WebPage\",\"@id\":\"https:\\\/\\\/www.drivelife.it\\\/news\\\/2015\\\/02\\\/13\\\/nuova-fiat-doblo\\\/\",\"url\":\"https:\\\/\\\/www.drivelife.it\\\/news\\\/2015\\\/02\\\/13\\\/nuova-fiat-doblo\\\/\",\"name\":\"NUOVA FIAT DOBL\u00d2 - #lucalife\",\"isPartOf\":{\"@id\":\"https:\\\/\\\/www.drivelife.it\\\/news\\\/#website\"},\"primaryImageOfPage\":{\"@id\":\"https:\\\/\\\/www.drivelife.it\\\/news\\\/2015\\\/02\\\/13\\\/nuova-fiat-doblo\\\/#primaryimage\"},\"image\":{\"@id\":\"https:\\\/\\\/www.drivelife.it\\\/news\\\/2015\\\/02\\\/13\\\/nuova-fiat-doblo\\\/#primaryimage\"},\"thumbnailUrl\":\"https:\\\/\\\/www.drivelife.it\\\/news\\\/wp-content\\\/uploads\\\/2015\\\/02\\\/fiat-nuovo-doblo-150202_fiat_nuovo-doblo_03-copia.jpg\",\"datePublished\":\"2015-02-13T16:47:25+00:00\",\"author\":{\"@id\":\"https:\\\/\\\/www.drivelife.it\\\/news\\\/#\\\/schema\\\/person\\\/b6c194c3423ff451be4914f5fd9c2188\"},\"breadcrumb\":{\"@id\":\"https:\\\/\\\/www.drivelife.it\\\/news\\\/2015\\\/02\\\/13\\\/nuova-fiat-doblo\\\/#breadcrumb\"},\"inLanguage\":\"en-US\",\"potentialAction\":[{\"@type\":\"ReadAction\",\"target\":[\"https:\\\/\\\/www.drivelife.it\\\/news\\\/2015\\\/02\\\/13\\\/nuova-fiat-doblo\\\/\"]}]},{\"@type\":\"ImageObject\",\"inLanguage\":\"en-US\",\"@id\":\"https:\\\/\\\/www.drivelife.it\\\/news\\\/2015\\\/02\\\/13\\\/nuova-fiat-doblo\\\/#primaryimage\",\"url\":\"https:\\\/\\\/www.drivelife.it\\\/news\\\/wp-content\\\/uploads\\\/2015\\\/02\\\/fiat-nuovo-doblo-150202_fiat_nuovo-doblo_03-copia.jpg\",\"contentUrl\":\"https:\\\/\\\/www.drivelife.it\\\/news\\\/wp-content\\\/uploads\\\/2015\\\/02\\\/fiat-nuovo-doblo-150202_fiat_nuovo-doblo_03-copia.jpg\",\"width\":1680,\"height\":726,\"caption\":\"FIAT DOBL\u00d2\"},{\"@type\":\"BreadcrumbList\",\"@id\":\"https:\\\/\\\/www.drivelife.it\\\/news\\\/2015\\\/02\\\/13\\\/nuova-fiat-doblo\\\/#breadcrumb\",\"itemListElement\":[{\"@type\":\"ListItem\",\"position\":1,\"name\":\"Home\",\"item\":\"https:\\\/\\\/www.drivelife.it\\\/news\\\/\"},{\"@type\":\"ListItem\",\"position\":2,\"name\":\"NUOVA FIAT DOBL\u00d2\"}]},{\"@type\":\"WebSite\",\"@id\":\"https:\\\/\\\/www.drivelife.it\\\/news\\\/#website\",\"url\":\"https:\\\/\\\/www.drivelife.it\\\/news\\\/\",\"name\":\"#lucalife\",\"description\":\"DRIVELIFE le mie automobili\",\"potentialAction\":[{\"@type\":\"SearchAction\",\"target\":{\"@type\":\"EntryPoint\",\"urlTemplate\":\"https:\\\/\\\/www.drivelife.it\\\/news\\\/?s={search_term_string}\"},\"query-input\":{\"@type\":\"PropertyValueSpecification\",\"valueRequired\":true,\"valueName\":\"search_term_string\"}}],\"inLanguage\":\"en-US\"},{\"@type\":\"Person\",\"@id\":\"https:\\\/\\\/www.drivelife.it\\\/news\\\/#\\\/schema\\\/person\\\/b6c194c3423ff451be4914f5fd9c2188\",\"name\":\"Redazione\",\"image\":{\"@type\":\"ImageObject\",\"inLanguage\":\"en-US\",\"@id\":\"https:\\\/\\\/secure.gravatar.com\\\/avatar\\\/8d186f6b07ba8a94441344759f0e13bf1909b6ceaa171df0425551b4590fd558?s=96&d=mm&r=g\",\"url\":\"https:\\\/\\\/secure.gravatar.com\\\/avatar\\\/8d186f6b07ba8a94441344759f0e13bf1909b6ceaa171df0425551b4590fd558?s=96&d=mm&r=g\",\"contentUrl\":\"https:\\\/\\\/secure.gravatar.com\\\/avatar\\\/8d186f6b07ba8a94441344759f0e13bf1909b6ceaa171df0425551b4590fd558?s=96&d=mm&r=g\",\"caption\":\"Redazione\"},\"url\":\"https:\\\/\\\/www.drivelife.it\\\/news\\\/author\\\/admin\\\/\"}]}<\/script>\n<!-- \/ Yoast SEO plugin. -->","yoast_head_json":{"title":"NUOVA FIAT DOBL\u00d2 - #lucalife","robots":{"index":"index","follow":"follow","max-snippet":"max-snippet:-1","max-image-preview":"max-image-preview:large","max-video-preview":"max-video-preview:-1"},"canonical":"https:\/\/www.drivelife.it\/news\/2015\/02\/13\/nuova-fiat-doblo\/","og_locale":"en_US","og_type":"article","og_title":"NUOVA FIAT DOBL\u00d2 - #lucalife","og_description":"FIAT DOBL\u00d2 &#8211; Sempre pi\u00f9 votato al tempo libero ed alla famiglia il versatile tuttofare di FIAT, alla quarta generazione costruttiva, propone un design pi\u00f9 accattivante ed una flessibilit\u00e0 degli spazi interni imbattibile di NICOLETTA TRIGGIANI DURATA, 02\u2019 30\u201d\u00a0 IN TV CON DRIVELIFE DEL 07 FEBBRAIO Fiat presenta il Nuovo Dobl\u00f2, l\u2019Active Family Space capace di soddisfare le esigenze della famiglia moderna e dinamica che lo utilizza 7 giorni su 7, nei giorni lavorativi come nel week end, senza alcun limite di spazio e fruibilit\u00e0.\u00a0 La nuova vettura rappresenta la quarta generazione di un modello che, lanciato alla fine del 2000 e&#46;&#46;&#46;","og_url":"https:\/\/www.drivelife.it\/news\/2015\/02\/13\/nuova-fiat-doblo\/","og_site_name":"#lucalife","article_publisher":"https:\/\/www.facebook.com\/pages\/Drivelife\/467833073239720","article_published_time":"2015-02-13T16:47:25+00:00","og_image":[{"width":1680,"height":726,"url":"https:\/\/www.drivelife.it\/news\/wp-content\/uploads\/2015\/02\/fiat-nuovo-doblo-150202_fiat_nuovo-doblo_03-copia.jpg","type":"image\/jpeg"}],"author":"Redazione","twitter_card":"summary_large_image","twitter_creator":"@tweetdrivelife","twitter_site":"@tweetdrivelife","twitter_misc":{"Written by":"Redazione","Est. reading time":"3 minutes"},"schema":{"@context":"https:\/\/schema.org","@graph":[{"@type":"Article","@id":"https:\/\/www.drivelife.it\/news\/2015\/02\/13\/nuova-fiat-doblo\/#article","isPartOf":{"@id":"https:\/\/www.drivelife.it\/news\/2015\/02\/13\/nuova-fiat-doblo\/"},"author":{"name":"Redazione","@id":"https:\/\/www.drivelife.it\/news\/#\/schema\/person\/b6c194c3423ff451be4914f5fd9c2188"},"headline":"NUOVA FIAT DOBL\u00d2","datePublished":"2015-02-13T16:47:25+00:00","mainEntityOfPage":{"@id":"https:\/\/www.drivelife.it\/news\/2015\/02\/13\/nuova-fiat-doblo\/"},"wordCount":506,"commentCount":0,"image":{"@id":"https:\/\/www.drivelife.it\/news\/2015\/02\/13\/nuova-fiat-doblo\/#primaryimage"},"thumbnailUrl":"https:\/\/www.drivelife.it\/news\/wp-content\/uploads\/2015\/02\/fiat-nuovo-doblo-150202_fiat_nuovo-doblo_03-copia.jpg","keywords":["fiat","fiat dobl\u00f2"],"articleSection":["AUTOMOTIVE","FIAT","PUNTATA DRIVELIFE","PUNTATE DRIVELIFE TV 2015","VIDEO"],"inLanguage":"en-US","potentialAction":[{"@type":"CommentAction","name":"Comment","target":["https:\/\/www.drivelife.it\/news\/2015\/02\/13\/nuova-fiat-doblo\/#respond"]}]},{"@type":"WebPage","@id":"https:\/\/www.drivelife.it\/news\/2015\/02\/13\/nuova-fiat-doblo\/","url":"https:\/\/www.drivelife.it\/news\/2015\/02\/13\/nuova-fiat-doblo\/","name":"NUOVA FIAT DOBL\u00d2 - #lucalife","isPartOf":{"@id":"https:\/\/www.drivelife.it\/news\/#website"},"primaryImageOfPage":{"@id":"https:\/\/www.drivelife.it\/news\/2015\/02\/13\/nuova-fiat-doblo\/#primaryimage"},"image":{"@id":"https:\/\/www.drivelife.it\/news\/2015\/02\/13\/nuova-fiat-doblo\/#primaryimage"},"thumbnailUrl":"https:\/\/www.drivelife.it\/news\/wp-content\/uploads\/2015\/02\/fiat-nuovo-doblo-150202_fiat_nuovo-doblo_03-copia.jpg","datePublished":"2015-02-13T16:47:25+00:00","author":{"@id":"https:\/\/www.drivelife.it\/news\/#\/schema\/person\/b6c194c3423ff451be4914f5fd9c2188"},"breadcrumb":{"@id":"https:\/\/www.drivelife.it\/news\/2015\/02\/13\/nuova-fiat-doblo\/#breadcrumb"},"inLanguage":"en-US","potentialAction":[{"@type":"ReadAction","target":["https:\/\/www.drivelife.it\/news\/2015\/02\/13\/nuova-fiat-doblo\/"]}]},{"@type":"ImageObject","inLanguage":"en-US","@id":"https:\/\/www.drivelife.it\/news\/2015\/02\/13\/nuova-fiat-doblo\/#primaryimage","url":"https:\/\/www.drivelife.it\/news\/wp-content\/uploads\/2015\/02\/fiat-nuovo-doblo-150202_fiat_nuovo-doblo_03-copia.jpg","contentUrl":"https:\/\/www.drivelife.it\/news\/wp-content\/uploads\/2015\/02\/fiat-nuovo-doblo-150202_fiat_nuovo-doblo_03-copia.jpg","width":1680,"height":726,"caption":"FIAT DOBL\u00d2"},{"@type":"BreadcrumbList","@id":"https:\/\/www.drivelife.it\/news\/2015\/02\/13\/nuova-fiat-doblo\/#breadcrumb","itemListElement":[{"@type":"ListItem","position":1,"name":"Home","item":"https:\/\/www.drivelife.it\/news\/"},{"@type":"ListItem","position":2,"name":"NUOVA FIAT DOBL\u00d2"}]},{"@type":"WebSite","@id":"https:\/\/www.drivelife.it\/news\/#website","url":"https:\/\/www.drivelife.it\/news\/","name":"#lucalife","description":"DRIVELIFE le mie automobili","potentialAction":[{"@type":"SearchAction","target":{"@type":"EntryPoint","urlTemplate":"https:\/\/www.drivelife.it\/news\/?s={search_term_string}"},"query-input":{"@type":"PropertyValueSpecification","valueRequired":true,"valueName":"search_term_string"}}],"inLanguage":"en-US"},{"@type":"Person","@id":"https:\/\/www.drivelife.it\/news\/#\/schema\/person\/b6c194c3423ff451be4914f5fd9c2188","name":"Redazione","image":{"@type":"ImageObject","inLanguage":"en-US","@id":"https:\/\/secure.gravatar.com\/avatar\/8d186f6b07ba8a94441344759f0e13bf1909b6ceaa171df0425551b4590fd558?s=96&d=mm&r=g","url":"https:\/\/secure.gravatar.com\/avatar\/8d186f6b07ba8a94441344759f0e13bf1909b6ceaa171df0425551b4590fd558?s=96&d=mm&r=g","contentUrl":"https:\/\/secure.gravatar.com\/avatar\/8d186f6b07ba8a94441344759f0e13bf1909b6ceaa171df0425551b4590fd558?s=96&d=mm&r=g","caption":"Redazione"},"url":"https:\/\/www.drivelife.it\/news\/author\/admin\/"}]}},"amp_enabled":true,"_links":{"self":[{"href":"https:\/\/www.drivelife.it\/news\/wp-json\/wp\/v2\/posts\/7070","targetHints":{"allow":["GET"]}}],"collection":[{"href":"https:\/\/www.drivelife.it\/news\/wp-json\/wp\/v2\/posts"}],"about":[{"href":"https:\/\/www.drivelife.it\/news\/wp-json\/wp\/v2\/types\/post"}],"author":[{"embeddable":true,"href":"https:\/\/www.drivelife.it\/news\/wp-json\/wp\/v2\/users\/1"}],"replies":[{"embeddable":true,"href":"https:\/\/www.drivelife.it\/news\/wp-json\/wp\/v2\/comments?post=7070"}],"version-history":[{"count":1,"href":"https:\/\/www.drivelife.it\/news\/wp-json\/wp\/v2\/posts\/7070\/revisions"}],"predecessor-version":[{"id":7093,"href":"https:\/\/www.drivelife.it\/news\/wp-json\/wp\/v2\/posts\/7070\/revisions\/7093"}],"wp:featuredmedia":[{"embeddable":true,"href":"https:\/\/www.drivelife.it\/news\/wp-json\/wp\/v2\/media\/7072"}],"wp:attachment":[{"href":"https:\/\/www.drivelife.it\/news\/wp-json\/wp\/v2\/media?parent=7070"}],"wp:term":[{"taxonomy":"category","embeddable":true,"href":"https:\/\/www.drivelife.it\/news\/wp-json\/wp\/v2\/categories?post=7070"},{"taxonomy":"post_tag","embeddable":true,"href":"https:\/\/www.drivelife.it\/news\/wp-json\/wp\/v2\/tags?post=7070"}],"curies":[{"name":"wp","href":"https:\/\/api.w.org\/{rel}","templated":true}]}}