{"id":656,"date":"2012-12-03T07:07:39","date_gmt":"2012-12-03T07:07:39","guid":{"rendered":"http:\/\/www.drivelife.it\/news\/?p=656"},"modified":"2012-12-07T20:55:23","modified_gmt":"2012-12-07T20:55:23","slug":"drivelife-8-dicembre-on-line","status":"publish","type":"post","link":"https:\/\/www.drivelife.it\/news\/2012\/12\/03\/drivelife-8-dicembre-on-line\/","title":{"rendered":"drivelife 8 dicembre on line"},"content":{"rendered":"\n\t\t<style>\n\t\t\t#gallery-1 {\n\t\t\t\tmargin: auto;\n\t\t\t}\n\t\t\t#gallery-1 .gallery-item {\n\t\t\t\tfloat: left;\n\t\t\t\tmargin-top: 10px;\n\t\t\t\ttext-align: center;\n\t\t\t\twidth: 11%;\n\t\t\t}\n\t\t\t#gallery-1 img {\n\t\t\t\tborder: 2px solid #cfcfcf;\n\t\t\t}\n\t\t\t#gallery-1 .gallery-caption {\n\t\t\t\tmargin-left: 0;\n\t\t\t}\n\t\t\t\/* see gallery_shortcode() in wp-includes\/media.php *\/\n\t\t<\/style>\n\t\t<div id='gallery-1' class='gallery galleryid-656 gallery-columns-9 gallery-size-thumbnail'><dl class='gallery-item'>\n\t\t\t<dt class='gallery-icon landscape'>\n\t\t\t\t<a href='https:\/\/www.drivelife.it\/news\/wp-content\/uploads\/2012\/12\/BMW-i3-CONCEPT_8.jpg'><img loading=\"lazy\" decoding=\"async\" width=\"150\" height=\"95\" src=\"https:\/\/www.drivelife.it\/news\/wp-content\/uploads\/2012\/12\/BMW-i3-CONCEPT_8-205x130.jpg\" class=\"attachment-thumbnail size-thumbnail no-lazy\" alt=\"BMW i3 CONCEPT clip drivelife 8 Dicembre\" aria-describedby=\"gallery-1-657\" \/><\/a>\n\t\t\t<\/dt>\n\t\t\t\t<dd class='wp-caption-text gallery-caption' id='gallery-1-657'>\n\t\t\t\tBMW i3 CONCEPT clip drivelife 8 Dicembre\n\t\t\t\t<\/dd><\/dl><dl class='gallery-item'>\n\t\t\t<dt class='gallery-icon landscape'>\n\t\t\t\t<a href='https:\/\/www.drivelife.it\/news\/wp-content\/uploads\/2012\/12\/BMW-i3-CONCEPT_9.jpg'><img loading=\"lazy\" decoding=\"async\" width=\"150\" height=\"95\" src=\"https:\/\/www.drivelife.it\/news\/wp-content\/uploads\/2012\/12\/BMW-i3-CONCEPT_9-205x130.jpg\" class=\"attachment-thumbnail size-thumbnail no-lazy\" alt=\"\" \/><\/a>\n\t\t\t<\/dt><\/dl><dl class='gallery-item'>\n\t\t\t<dt class='gallery-icon landscape'>\n\t\t\t\t<a href='https:\/\/www.drivelife.it\/news\/wp-content\/uploads\/2012\/12\/BMW-i3-CONCEPT_10.jpg'><img loading=\"lazy\" decoding=\"async\" width=\"150\" height=\"95\" src=\"https:\/\/www.drivelife.it\/news\/wp-content\/uploads\/2012\/12\/BMW-i3-CONCEPT_10-205x130.jpg\" class=\"attachment-thumbnail size-thumbnail no-lazy\" alt=\"\" \/><\/a>\n\t\t\t<\/dt><\/dl><dl class='gallery-item'>\n\t\t\t<dt class='gallery-icon landscape'>\n\t\t\t\t<a href='https:\/\/www.drivelife.it\/news\/wp-content\/uploads\/2012\/12\/BMW-i3-CONCEPT_11.jpg'><img loading=\"lazy\" decoding=\"async\" width=\"150\" height=\"95\" src=\"https:\/\/www.drivelife.it\/news\/wp-content\/uploads\/2012\/12\/BMW-i3-CONCEPT_11-205x130.jpg\" class=\"attachment-thumbnail size-thumbnail no-lazy\" alt=\"\" \/><\/a>\n\t\t\t<\/dt><\/dl><dl class='gallery-item'>\n\t\t\t<dt class='gallery-icon landscape'>\n\t\t\t\t<a href='https:\/\/www.drivelife.it\/news\/wp-content\/uploads\/2012\/12\/BMW-i3-CONCEPT_7.jpg'><img loading=\"lazy\" decoding=\"async\" width=\"150\" height=\"95\" src=\"https:\/\/www.drivelife.it\/news\/wp-content\/uploads\/2012\/12\/BMW-i3-CONCEPT_7-205x130.jpg\" class=\"attachment-thumbnail size-thumbnail no-lazy\" alt=\"\" \/><\/a>\n\t\t\t<\/dt><\/dl><dl class='gallery-item'>\n\t\t\t<dt class='gallery-icon landscape'>\n\t\t\t\t<a href='https:\/\/www.drivelife.it\/news\/wp-content\/uploads\/2012\/12\/BMW-i3-CONCEPT_2.jpg'><img loading=\"lazy\" decoding=\"async\" width=\"150\" height=\"95\" src=\"https:\/\/www.drivelife.it\/news\/wp-content\/uploads\/2012\/12\/BMW-i3-CONCEPT_2-205x130.jpg\" class=\"attachment-thumbnail size-thumbnail no-lazy\" alt=\"\" \/><\/a>\n\t\t\t<\/dt><\/dl><dl class='gallery-item'>\n\t\t\t<dt class='gallery-icon landscape'>\n\t\t\t\t<a href='https:\/\/www.drivelife.it\/news\/wp-content\/uploads\/2012\/12\/BMW-i3-CONCEPT_6.jpg'><img loading=\"lazy\" decoding=\"async\" width=\"150\" height=\"95\" src=\"https:\/\/www.drivelife.it\/news\/wp-content\/uploads\/2012\/12\/BMW-i3-CONCEPT_6-205x130.jpg\" class=\"attachment-thumbnail size-thumbnail no-lazy\" alt=\"\" \/><\/a>\n\t\t\t<\/dt><\/dl><dl class='gallery-item'>\n\t\t\t<dt class='gallery-icon landscape'>\n\t\t\t\t<a href='https:\/\/www.drivelife.it\/news\/wp-content\/uploads\/2012\/12\/BMW-i3-CONCEPT_13.jpg'><img loading=\"lazy\" decoding=\"async\" width=\"150\" height=\"95\" src=\"https:\/\/www.drivelife.it\/news\/wp-content\/uploads\/2012\/12\/BMW-i3-CONCEPT_13-205x130.jpg\" class=\"attachment-thumbnail size-thumbnail no-lazy\" alt=\"\" \/><\/a>\n\t\t\t<\/dt><\/dl><dl class='gallery-item'>\n\t\t\t<dt class='gallery-icon landscape'>\n\t\t\t\t<a href='https:\/\/www.drivelife.it\/news\/wp-content\/uploads\/2012\/12\/BMW-i3-CONCEPT_12.jpg'><img loading=\"lazy\" decoding=\"async\" width=\"150\" height=\"95\" src=\"https:\/\/www.drivelife.it\/news\/wp-content\/uploads\/2012\/12\/BMW-i3-CONCEPT_12-205x130.jpg\" class=\"attachment-thumbnail size-thumbnail no-lazy\" alt=\"\" \/><\/a>\n\t\t\t<\/dt><\/dl><br style=\"clear: both\" \/><dl class='gallery-item'>\n\t\t\t<dt class='gallery-icon landscape'>\n\t\t\t\t<a href='https:\/\/www.drivelife.it\/news\/wp-content\/uploads\/2012\/12\/BMW-i3-CONCEPT_4.jpg'><img loading=\"lazy\" decoding=\"async\" width=\"150\" height=\"95\" src=\"https:\/\/www.drivelife.it\/news\/wp-content\/uploads\/2012\/12\/BMW-i3-CONCEPT_4-205x130.jpg\" class=\"attachment-thumbnail size-thumbnail no-lazy\" alt=\"\" \/><\/a>\n\t\t\t<\/dt><\/dl><dl class='gallery-item'>\n\t\t\t<dt class='gallery-icon landscape'>\n\t\t\t\t<a href='https:\/\/www.drivelife.it\/news\/wp-content\/uploads\/2012\/12\/BMW-i3-CONCEPT2.jpg'><img loading=\"lazy\" decoding=\"async\" width=\"150\" height=\"95\" src=\"https:\/\/www.drivelife.it\/news\/wp-content\/uploads\/2012\/12\/BMW-i3-CONCEPT2-205x130.jpg\" class=\"attachment-thumbnail size-thumbnail no-lazy\" alt=\"\" \/><\/a>\n\t\t\t<\/dt><\/dl><dl class='gallery-item'>\n\t\t\t<dt class='gallery-icon portrait'>\n\t\t\t\t<a href='https:\/\/www.drivelife.it\/news\/wp-content\/uploads\/2012\/12\/BMW-i3-CONCEPT_5.jpg'><img loading=\"lazy\" decoding=\"async\" width=\"150\" height=\"95\" src=\"https:\/\/www.drivelife.it\/news\/wp-content\/uploads\/2012\/12\/BMW-i3-CONCEPT_5-205x130.jpg\" class=\"attachment-thumbnail size-thumbnail no-lazy\" alt=\"\" \/><\/a>\n\t\t\t<\/dt><\/dl><dl class='gallery-item'>\n\t\t\t<dt class='gallery-icon landscape'>\n\t\t\t\t<a href='https:\/\/www.drivelife.it\/news\/wp-content\/uploads\/2012\/12\/BMW-i3-CONCEPT_3.jpg'><img loading=\"lazy\" decoding=\"async\" width=\"150\" height=\"95\" src=\"https:\/\/www.drivelife.it\/news\/wp-content\/uploads\/2012\/12\/BMW-i3-CONCEPT_3-205x130.jpg\" class=\"attachment-thumbnail size-thumbnail no-lazy\" alt=\"\" \/><\/a>\n\t\t\t<\/dt><\/dl><dl class='gallery-item'>\n\t\t\t<dt class='gallery-icon landscape'>\n\t\t\t\t<a href='https:\/\/www.drivelife.it\/news\/wp-content\/uploads\/2012\/12\/BMW-i3-CONCEPT_81.jpg'><img loading=\"lazy\" decoding=\"async\" width=\"150\" height=\"95\" src=\"https:\/\/www.drivelife.it\/news\/wp-content\/uploads\/2012\/12\/BMW-i3-CONCEPT_81-205x130.jpg\" class=\"attachment-thumbnail size-thumbnail no-lazy\" alt=\"\" \/><\/a>\n\t\t\t<\/dt><\/dl><dl class='gallery-item'>\n\t\t\t<dt class='gallery-icon landscape'>\n\t\t\t\t<a href='https:\/\/www.drivelife.it\/news\/wp-content\/uploads\/2012\/12\/chevrolet-camaro-hot-wheels-edition-da-oggi-ordinabile-anche-in-italia-282340.jpg'><img loading=\"lazy\" decoding=\"async\" width=\"150\" height=\"95\" src=\"https:\/\/www.drivelife.it\/news\/wp-content\/uploads\/2012\/12\/chevrolet-camaro-hot-wheels-edition-da-oggi-ordinabile-anche-in-italia-282340-205x130.jpg\" class=\"attachment-thumbnail size-thumbnail no-lazy\" alt=\"\" \/><\/a>\n\t\t\t<\/dt><\/dl><dl class='gallery-item'>\n\t\t\t<dt class='gallery-icon landscape'>\n\t\t\t\t<a href='https:\/\/www.drivelife.it\/news\/wp-content\/uploads\/2012\/12\/chevrolet-camaro-hot-wheels-edition-da-oggi-ordinabile-anche-in-italia-282338.jpg'><img loading=\"lazy\" decoding=\"async\" width=\"150\" height=\"95\" src=\"https:\/\/www.drivelife.it\/news\/wp-content\/uploads\/2012\/12\/chevrolet-camaro-hot-wheels-edition-da-oggi-ordinabile-anche-in-italia-282338-205x130.jpg\" class=\"attachment-thumbnail size-thumbnail no-lazy\" alt=\"\" \/><\/a>\n\t\t\t<\/dt><\/dl><dl class='gallery-item'>\n\t\t\t<dt class='gallery-icon landscape'>\n\t\t\t\t<a href='https:\/\/www.drivelife.it\/news\/wp-content\/uploads\/2012\/12\/chevrolet-camaro-hot-wheels-edition-da-oggi-ordinabile-anche-in-italia-282341.jpg'><img loading=\"lazy\" decoding=\"async\" width=\"150\" height=\"95\" src=\"https:\/\/www.drivelife.it\/news\/wp-content\/uploads\/2012\/12\/chevrolet-camaro-hot-wheels-edition-da-oggi-ordinabile-anche-in-italia-282341-205x130.jpg\" class=\"attachment-thumbnail size-thumbnail no-lazy\" alt=\"\" \/><\/a>\n\t\t\t<\/dt><\/dl><dl class='gallery-item'>\n\t\t\t<dt class='gallery-icon landscape'>\n\t\t\t\t<a href='https:\/\/www.drivelife.it\/news\/wp-content\/uploads\/2012\/12\/chevrolet-camaro-hot-wheels-edition-da-oggi-ordinabile-anche-in-italia-282339.jpg'><img loading=\"lazy\" decoding=\"async\" width=\"150\" height=\"95\" src=\"https:\/\/www.drivelife.it\/news\/wp-content\/uploads\/2012\/12\/chevrolet-camaro-hot-wheels-edition-da-oggi-ordinabile-anche-in-italia-282339-205x130.jpg\" class=\"attachment-thumbnail size-thumbnail no-lazy\" alt=\"\" \/><\/a>\n\t\t\t<\/dt><\/dl><br style=\"clear: both\" \/><dl class='gallery-item'>\n\t\t\t<dt class='gallery-icon landscape'>\n\t\t\t\t<a href='https:\/\/www.drivelife.it\/news\/wp-content\/uploads\/2012\/12\/toyota-al-salone-dellauto-di-parigi-2012-new-toyota-auris-07-2012.jpg'><img loading=\"lazy\" decoding=\"async\" width=\"150\" height=\"95\" src=\"https:\/\/www.drivelife.it\/news\/wp-content\/uploads\/2012\/12\/toyota-al-salone-dellauto-di-parigi-2012-new-toyota-auris-07-2012-205x130.jpg\" class=\"attachment-thumbnail size-thumbnail no-lazy\" alt=\"\" \/><\/a>\n\t\t\t<\/dt><\/dl><dl class='gallery-item'>\n\t\t\t<dt class='gallery-icon landscape'>\n\t\t\t\t<a href='https:\/\/www.drivelife.it\/news\/wp-content\/uploads\/2012\/12\/land-rover-freelander-2-my-2013-nuovo-look-esterno-e-interno-lr-fl2-13my-static-230812-29.jpg'><img loading=\"lazy\" decoding=\"async\" width=\"150\" height=\"95\" src=\"https:\/\/www.drivelife.it\/news\/wp-content\/uploads\/2012\/12\/land-rover-freelander-2-my-2013-nuovo-look-esterno-e-interno-lr-fl2-13my-static-230812-29-205x130.jpg\" class=\"attachment-thumbnail size-thumbnail no-lazy\" alt=\"\" \/><\/a>\n\t\t\t<\/dt><\/dl><dl class='gallery-item'>\n\t\t\t<dt class='gallery-icon portrait'>\n\t\t\t\t<a href='https:\/\/www.drivelife.it\/news\/wp-content\/uploads\/2012\/12\/land-rover-freelander-2-my-2013-nuovo-look-esterno-e-interno-lr-fl2-13my-off-road-230812-20.jpg'><img loading=\"lazy\" decoding=\"async\" width=\"150\" height=\"95\" src=\"https:\/\/www.drivelife.it\/news\/wp-content\/uploads\/2012\/12\/land-rover-freelander-2-my-2013-nuovo-look-esterno-e-interno-lr-fl2-13my-off-road-230812-20-205x130.jpg\" class=\"attachment-thumbnail size-thumbnail no-lazy\" alt=\"\" \/><\/a>\n\t\t\t<\/dt><\/dl><dl class='gallery-item'>\n\t\t\t<dt class='gallery-icon landscape'>\n\t\t\t\t<a href='https:\/\/www.drivelife.it\/news\/wp-content\/uploads\/2012\/12\/land-rover-freelander-2-my-2013-nuovo-look-esterno-e-interno-lr-fl2-13my-static-230812-30.jpg'><img loading=\"lazy\" decoding=\"async\" width=\"150\" height=\"95\" src=\"https:\/\/www.drivelife.it\/news\/wp-content\/uploads\/2012\/12\/land-rover-freelander-2-my-2013-nuovo-look-esterno-e-interno-lr-fl2-13my-static-230812-30-205x130.jpg\" class=\"attachment-thumbnail size-thumbnail no-lazy\" alt=\"\" \/><\/a>\n\t\t\t<\/dt><\/dl><dl class='gallery-item'>\n\t\t\t<dt class='gallery-icon landscape'>\n\t\t\t\t<a href='https:\/\/www.drivelife.it\/news\/wp-content\/uploads\/2012\/12\/land-rover-freelander-2-my-2013-nuovo-look-esterno-e-interno-lr-fl2-13my-off-road-230812-23.jpg'><img loading=\"lazy\" decoding=\"async\" width=\"150\" height=\"95\" src=\"https:\/\/www.drivelife.it\/news\/wp-content\/uploads\/2012\/12\/land-rover-freelander-2-my-2013-nuovo-look-esterno-e-interno-lr-fl2-13my-off-road-230812-23-205x130.jpg\" class=\"attachment-thumbnail size-thumbnail no-lazy\" alt=\"\" \/><\/a>\n\t\t\t<\/dt><\/dl><dl class='gallery-item'>\n\t\t\t<dt class='gallery-icon landscape'>\n\t\t\t\t<a href='https:\/\/www.drivelife.it\/news\/wp-content\/uploads\/2012\/12\/opel-torna-a-correre-282551.jpg'><img loading=\"lazy\" decoding=\"async\" width=\"150\" height=\"95\" src=\"https:\/\/www.drivelife.it\/news\/wp-content\/uploads\/2012\/12\/opel-torna-a-correre-282551-205x130.jpg\" class=\"attachment-thumbnail size-thumbnail no-lazy\" alt=\"\" \/><\/a>\n\t\t\t<\/dt><\/dl>\n\t\t\t<br style='clear: both' \/>\n\t\t<\/div>\n\n<h1><\/h1>\n<h1><\/h1>\n<h1>Battezzata in California<\/h1>\n<p>&nbsp;<\/p>\n<p style=\"padding-left: 30px;\"><strong>LA BMW i3 \u00c8 STATA PRESENTATA IN ANTEPRIMA MONDIALE<br \/>\nAL LOS ANGELES AUTO SHOW<\/strong><\/p>\n<p style=\"padding-left: 30px;\"><strong>BMW i3 COUP\u00c8 CONCEPT<\/strong><\/p>\n<p style=\"padding-left: 30px;\"><strong>&#8211; Durata, 2\u201913\u2019\u2019<\/strong><\/p>\n<p style=\"padding-left: 30px;\"><strong>&#8211; Testo speaker \u2028\u2028-\u00a0LOS ANGELES AUTO SHOW &#8211; (lr) &#8211; articolo.<\/strong>\u00a0\u00c8, ora, evidente che la \u2018i\u2019 di BMW presto diventer\u00e0 una gamma di automobili alternative alla tradizionale offerta di Monaco. Una facile deduzione a commento della notizia che arriva dalla California. Ma non dovrebbe essere sfuggito, ai pi\u00f9 attenti osservatori dell\u2019automotive, che nello scorso Giugno, a Roma &#8211; prima metropoli della storia &#8211; \u00e8 partito il BMW iBorn Electric Tour che, dopo la Citt\u00e0 Eterna, da Dusseldorf a Shanghai promuover\u00e0 l\u2019idea di BMW per le automobili ad emissioni zero che, dal 2013 proprio con la i3 nella versione a cinque porte, saranno in vendita.\u00a0<a href=\"http:\/\/video.dlmagazine.it\/vdlm\/?p=310\">Clip on line su video.dlMagazine<\/a>.<\/p>\n<p>&nbsp;<\/p>\n<h1>Mamma! Pap\u00e0! La vojo!!!<\/h1>\n<p>&nbsp;<\/p>\n<p style=\"padding-left: 30px;\"><strong>DISPONIBILE PER UN PERIODO LIMITATO<br \/>\nLA CHEVY CAMARO HOT WHEELS<\/strong><\/p>\n<p style=\"padding-left: 30px;\"><strong>CHEVY HOT WHEELS, COPO, STEWART<\/strong><\/p>\n<p style=\"padding-left: 30px;\"><strong>&#8211; Durata, 1\u201935\u2019\u2019<\/strong><\/p>\n<p style=\"padding-left: 30px;\"><strong>&#8211; Testo speaker \u2028\u2028- LAS VEGAS SEMA &#8211; (autore) &#8211;<\/strong>\u00a0Sar\u00e0 vero che l\u2019et\u00e0 di un uomo si misura dal costo dei suoi giochi? E che gli uomini non cambiano mai, cambiano solo giocattoli??? Se non ci sentiamo di negare la prima affermazione, abbiamo la prova che la seconda non sempre corrisponde a verit\u00e0.\u00a0<a href=\"http:\/\/video.dlmagazine.it\/vdlm\/?p=310\">Clip on line su video.dlMagazine<\/a>.<\/p>\n<p>&nbsp;<\/p>\n<h1>Presto anche in Italia<\/h1>\n<p>&nbsp;<\/p>\n<p style=\"padding-left: 30px;\"><strong>DEBUTTA NEL 2013 SUL MERCATO<\/strong><\/p>\n<p style=\"padding-left: 30px;\"><strong>TOYOTA AURIS<\/strong><\/p>\n<p style=\"padding-left: 30px;\"><strong>&#8211; Durata, 2\u201906\u2019\u2019<\/strong><\/p>\n<p style=\"padding-left: 30px;\"><strong>Testo speaker \u2028\u2028 TME &#8211; (CS) &#8211;<\/strong>\u00a0Testo articolo non disponibile, clip con audio-voce pronta per la messa in onda. Fonte Toyota Motor Europa.\u00a0<a href=\"http:\/\/video.dlmagazine.it\/vdlm\/?p=310\">Clip on line su video.dlMagazine<\/a>.<\/p>\n<p>&nbsp;<\/p>\n<h1>Tutta sua sorella<\/h1>\n<p>&nbsp;<\/p>\n<p style=\"padding-left: 30px;\"><strong>SOPRATTUTTO UN NUOVO INTERNO<br \/>\nPER LA VERSIONE 2013 DELLA PIU\u2019 PICCOLA<br \/>\nLAND ROVER, LA FREELANDER<\/strong><\/p>\n<p style=\"padding-left: 30px;\"><strong>LAND ROVER FREELANDER MODELLO 2013<\/strong><\/p>\n<p style=\"padding-left: 30px;\"><strong>&#8211; Durata, 1\u201901\u2019\u2019<\/strong><\/p>\n<p style=\"padding-left: 30px;\"><strong>Testo speaker -\u2028\u2028 REDAZIONE &#8211; (CS) &#8211; articolo.<\/strong>\u00a0La nuova Freelander 2 MY2013, \u00e8 apparsa nello stand Land Rover il secondo giorno dedicato alla stampa, alla sua seconda apparizione pubblica dopo la presentazione al Motor Show di Mosca dell\u2019agosto scorso.\u00a0<a href=\"http:\/\/video.dlmagazine.it\/vdlm\/?p=310\">Clip on line su video.dlMagazine<\/a>.<\/p>\n<p>&nbsp;<\/p>\n<h1>In cerca di alloro<\/h1>\n<p>&nbsp;<\/p>\n<p style=\"padding-left: 30px;\"><strong>RITORNO ALLO SPORT DEL MARCHIO TEDESCO<br \/>\nNONOSTANTE LA CRISI DELL\u2019AUTO<br \/>\nOPEL INVESTE RISORSE NELLE CORSE<\/strong><\/p>\n<p style=\"padding-left: 30px;\"><strong>OPEL MOTORSPORT<\/strong><\/p>\n<p style=\"padding-left: 30px;\"><strong>&#8211; Durata, 1\u201948\u2019\u2019<\/strong><\/p>\n<p style=\"padding-left: 30px;\"><strong>Testo speaker -\u2028\u2028 REDAZIONE &#8211; (CS) &#8211; articolo.<\/strong>\u00a0Opel torna alle corse grazie a un programma internazionale di rally con la nuova Opel ADAM e a gare su circuito, prevalentemente in Germania, che vedranno protagonista la nuova Astra OPC. Ruesselsheim pu\u00f2 vantare una lunga tradizione di successo soprattutto nelle competizioni pi\u00f9 diffuse.\u00a0<a href=\"http:\/\/video.dlmagazine.it\/vdlm\/?p=310\">Clip on line su video.dlMagazine<\/a>.<\/p>\n<p>&nbsp;<\/p>\n<p>&nbsp;<\/p>\n","protected":false},"excerpt":{"rendered":"<p>Battezzata in California &nbsp; LA BMW i3 \u00c8 STATA PRESENTATA IN ANTEPRIMA MONDIALE AL LOS ANGELES AUTO SHOW BMW i3 COUP\u00c8 CONCEPT &#8211; Durata, 2\u201913\u2019\u2019 &#8211; Testo speaker \u2028\u2028-\u00a0LOS ANGELES AUTO SHOW &#8211; (lr) &#8211; articolo.\u00a0\u00c8, ora, evidente che la \u2018i\u2019 di BMW presto diventer\u00e0 una gamma di automobili alternative alla tradizionale offerta di Monaco. Una facile deduzione a commento della notizia che arriva dalla California. Ma non dovrebbe essere sfuggito, ai pi\u00f9 attenti osservatori dell\u2019automotive, che nello scorso Giugno, a Roma &#8211; prima metropoli della storia &#8211; \u00e8 partito il BMW iBorn Electric Tour che, dopo la Citt\u00e0 Eterna, da Dusseldorf&#46;&#46;&#46;<\/p>\n","protected":false},"author":1,"featured_media":657,"comment_status":"open","ping_status":"open","sticky":false,"template":"","format":"standard","meta":{"ngg_post_thumbnail":0,"footnotes":""},"categories":[39,71,53],"tags":[37],"class_list":["post-656","post","type-post","status-publish","format-standard","has-post-thumbnail","hentry","category-automotive","category-puntata-drivelife","category-video","tag-drivelife"],"yoast_head":"<!-- This site is optimized with the Yoast SEO plugin v27.5 - https:\/\/yoast.com\/product\/yoast-seo-wordpress\/ -->\n<title>drivelife 8 dicembre on line - #lucalife<\/title>\n<meta name=\"robots\" content=\"index, follow, max-snippet:-1, max-image-preview:large, max-video-preview:-1\" \/>\n<link rel=\"canonical\" href=\"https:\/\/www.drivelife.it\/news\/2012\/12\/03\/drivelife-8-dicembre-on-line\/\" \/>\n<meta property=\"og:locale\" content=\"en_US\" \/>\n<meta property=\"og:type\" content=\"article\" \/>\n<meta property=\"og:title\" content=\"drivelife 8 dicembre on line - #lucalife\" \/>\n<meta property=\"og:description\" content=\"Battezzata in California &nbsp; LA BMW i3 \u00c8 STATA PRESENTATA IN ANTEPRIMA MONDIALE AL LOS ANGELES AUTO SHOW BMW i3 COUP\u00c8 CONCEPT &#8211; Durata, 2\u201913\u2019\u2019 &#8211; Testo speaker \u2028\u2028-\u00a0LOS ANGELES AUTO SHOW &#8211; (lr) &#8211; articolo.\u00a0\u00c8, ora, evidente che la \u2018i\u2019 di BMW presto diventer\u00e0 una gamma di automobili alternative alla tradizionale offerta di Monaco. Una facile deduzione a commento della notizia che arriva dalla California. Ma non dovrebbe essere sfuggito, ai pi\u00f9 attenti osservatori dell\u2019automotive, che nello scorso Giugno, a Roma &#8211; prima metropoli della storia &#8211; \u00e8 partito il BMW iBorn Electric Tour che, dopo la Citt\u00e0 Eterna, da Dusseldorf&#046;&#046;&#046;\" \/>\n<meta property=\"og:url\" content=\"https:\/\/www.drivelife.it\/news\/2012\/12\/03\/drivelife-8-dicembre-on-line\/\" \/>\n<meta property=\"og:site_name\" content=\"#lucalife\" \/>\n<meta property=\"article:publisher\" content=\"https:\/\/www.facebook.com\/pages\/Drivelife\/467833073239720\" \/>\n<meta property=\"article:published_time\" content=\"2012-12-03T07:07:39+00:00\" \/>\n<meta property=\"article:modified_time\" content=\"2012-12-07T20:55:23+00:00\" \/>\n<meta property=\"og:image\" content=\"https:\/\/www.drivelife.it\/news\/wp-content\/uploads\/2012\/12\/BMW-i3-CONCEPT_8.jpg\" \/>\n\t<meta property=\"og:image:width\" content=\"1920\" \/>\n\t<meta property=\"og:image:height\" content=\"1281\" \/>\n\t<meta property=\"og:image:type\" content=\"image\/jpeg\" \/>\n<meta name=\"author\" content=\"Redazione\" \/>\n<meta name=\"twitter:card\" content=\"summary_large_image\" \/>\n<meta name=\"twitter:creator\" content=\"@tweetdrivelife\" \/>\n<meta name=\"twitter:site\" content=\"@tweetdrivelife\" \/>\n<meta name=\"twitter:label1\" content=\"Written by\" \/>\n\t<meta name=\"twitter:data1\" content=\"Redazione\" \/>\n\t<meta name=\"twitter:label2\" content=\"Est. reading time\" \/>\n\t<meta name=\"twitter:data2\" content=\"2 minutes\" \/>\n<script type=\"application\/ld+json\" class=\"yoast-schema-graph\">{\"@context\":\"https:\\\/\\\/schema.org\",\"@graph\":[{\"@type\":\"Article\",\"@id\":\"https:\\\/\\\/www.drivelife.it\\\/news\\\/2012\\\/12\\\/03\\\/drivelife-8-dicembre-on-line\\\/#article\",\"isPartOf\":{\"@id\":\"https:\\\/\\\/www.drivelife.it\\\/news\\\/2012\\\/12\\\/03\\\/drivelife-8-dicembre-on-line\\\/\"},\"author\":{\"name\":\"Redazione\",\"@id\":\"https:\\\/\\\/www.drivelife.it\\\/news\\\/#\\\/schema\\\/person\\\/b6c194c3423ff451be4914f5fd9c2188\"},\"headline\":\"drivelife 8 dicembre on line\",\"datePublished\":\"2012-12-03T07:07:39+00:00\",\"dateModified\":\"2012-12-07T20:55:23+00:00\",\"mainEntityOfPage\":{\"@id\":\"https:\\\/\\\/www.drivelife.it\\\/news\\\/2012\\\/12\\\/03\\\/drivelife-8-dicembre-on-line\\\/\"},\"wordCount\":425,\"commentCount\":0,\"image\":{\"@id\":\"https:\\\/\\\/www.drivelife.it\\\/news\\\/2012\\\/12\\\/03\\\/drivelife-8-dicembre-on-line\\\/#primaryimage\"},\"thumbnailUrl\":\"https:\\\/\\\/www.drivelife.it\\\/news\\\/wp-content\\\/uploads\\\/2012\\\/12\\\/BMW-i3-CONCEPT_8.jpg\",\"keywords\":[\"DRIVELIFE\"],\"articleSection\":[\"AUTOMOTIVE\",\"PUNTATA DRIVELIFE\",\"VIDEO\"],\"inLanguage\":\"en-US\",\"potentialAction\":[{\"@type\":\"CommentAction\",\"name\":\"Comment\",\"target\":[\"https:\\\/\\\/www.drivelife.it\\\/news\\\/2012\\\/12\\\/03\\\/drivelife-8-dicembre-on-line\\\/#respond\"]}]},{\"@type\":\"WebPage\",\"@id\":\"https:\\\/\\\/www.drivelife.it\\\/news\\\/2012\\\/12\\\/03\\\/drivelife-8-dicembre-on-line\\\/\",\"url\":\"https:\\\/\\\/www.drivelife.it\\\/news\\\/2012\\\/12\\\/03\\\/drivelife-8-dicembre-on-line\\\/\",\"name\":\"drivelife 8 dicembre on line - #lucalife\",\"isPartOf\":{\"@id\":\"https:\\\/\\\/www.drivelife.it\\\/news\\\/#website\"},\"primaryImageOfPage\":{\"@id\":\"https:\\\/\\\/www.drivelife.it\\\/news\\\/2012\\\/12\\\/03\\\/drivelife-8-dicembre-on-line\\\/#primaryimage\"},\"image\":{\"@id\":\"https:\\\/\\\/www.drivelife.it\\\/news\\\/2012\\\/12\\\/03\\\/drivelife-8-dicembre-on-line\\\/#primaryimage\"},\"thumbnailUrl\":\"https:\\\/\\\/www.drivelife.it\\\/news\\\/wp-content\\\/uploads\\\/2012\\\/12\\\/BMW-i3-CONCEPT_8.jpg\",\"datePublished\":\"2012-12-03T07:07:39+00:00\",\"dateModified\":\"2012-12-07T20:55:23+00:00\",\"author\":{\"@id\":\"https:\\\/\\\/www.drivelife.it\\\/news\\\/#\\\/schema\\\/person\\\/b6c194c3423ff451be4914f5fd9c2188\"},\"breadcrumb\":{\"@id\":\"https:\\\/\\\/www.drivelife.it\\\/news\\\/2012\\\/12\\\/03\\\/drivelife-8-dicembre-on-line\\\/#breadcrumb\"},\"inLanguage\":\"en-US\",\"potentialAction\":[{\"@type\":\"ReadAction\",\"target\":[\"https:\\\/\\\/www.drivelife.it\\\/news\\\/2012\\\/12\\\/03\\\/drivelife-8-dicembre-on-line\\\/\"]}]},{\"@type\":\"ImageObject\",\"inLanguage\":\"en-US\",\"@id\":\"https:\\\/\\\/www.drivelife.it\\\/news\\\/2012\\\/12\\\/03\\\/drivelife-8-dicembre-on-line\\\/#primaryimage\",\"url\":\"https:\\\/\\\/www.drivelife.it\\\/news\\\/wp-content\\\/uploads\\\/2012\\\/12\\\/BMW-i3-CONCEPT_8.jpg\",\"contentUrl\":\"https:\\\/\\\/www.drivelife.it\\\/news\\\/wp-content\\\/uploads\\\/2012\\\/12\\\/BMW-i3-CONCEPT_8.jpg\",\"width\":\"1920\",\"height\":\"1281\",\"caption\":\"BMW i3 CONCEPT clip drivelife 8 Dicembre\"},{\"@type\":\"BreadcrumbList\",\"@id\":\"https:\\\/\\\/www.drivelife.it\\\/news\\\/2012\\\/12\\\/03\\\/drivelife-8-dicembre-on-line\\\/#breadcrumb\",\"itemListElement\":[{\"@type\":\"ListItem\",\"position\":1,\"name\":\"Home\",\"item\":\"https:\\\/\\\/www.drivelife.it\\\/news\\\/\"},{\"@type\":\"ListItem\",\"position\":2,\"name\":\"drivelife 8 dicembre on line\"}]},{\"@type\":\"WebSite\",\"@id\":\"https:\\\/\\\/www.drivelife.it\\\/news\\\/#website\",\"url\":\"https:\\\/\\\/www.drivelife.it\\\/news\\\/\",\"name\":\"#lucalife\",\"description\":\"DRIVELIFE le mie automobili\",\"potentialAction\":[{\"@type\":\"SearchAction\",\"target\":{\"@type\":\"EntryPoint\",\"urlTemplate\":\"https:\\\/\\\/www.drivelife.it\\\/news\\\/?s={search_term_string}\"},\"query-input\":{\"@type\":\"PropertyValueSpecification\",\"valueRequired\":true,\"valueName\":\"search_term_string\"}}],\"inLanguage\":\"en-US\"},{\"@type\":\"Person\",\"@id\":\"https:\\\/\\\/www.drivelife.it\\\/news\\\/#\\\/schema\\\/person\\\/b6c194c3423ff451be4914f5fd9c2188\",\"name\":\"Redazione\",\"image\":{\"@type\":\"ImageObject\",\"inLanguage\":\"en-US\",\"@id\":\"https:\\\/\\\/secure.gravatar.com\\\/avatar\\\/8d186f6b07ba8a94441344759f0e13bf1909b6ceaa171df0425551b4590fd558?s=96&d=mm&r=g\",\"url\":\"https:\\\/\\\/secure.gravatar.com\\\/avatar\\\/8d186f6b07ba8a94441344759f0e13bf1909b6ceaa171df0425551b4590fd558?s=96&d=mm&r=g\",\"contentUrl\":\"https:\\\/\\\/secure.gravatar.com\\\/avatar\\\/8d186f6b07ba8a94441344759f0e13bf1909b6ceaa171df0425551b4590fd558?s=96&d=mm&r=g\",\"caption\":\"Redazione\"},\"url\":\"https:\\\/\\\/www.drivelife.it\\\/news\\\/author\\\/admin\\\/\"}]}<\/script>\n<!-- \/ Yoast SEO plugin. -->","yoast_head_json":{"title":"drivelife 8 dicembre on line - #lucalife","robots":{"index":"index","follow":"follow","max-snippet":"max-snippet:-1","max-image-preview":"max-image-preview:large","max-video-preview":"max-video-preview:-1"},"canonical":"https:\/\/www.drivelife.it\/news\/2012\/12\/03\/drivelife-8-dicembre-on-line\/","og_locale":"en_US","og_type":"article","og_title":"drivelife 8 dicembre on line - #lucalife","og_description":"Battezzata in California &nbsp; LA BMW i3 \u00c8 STATA PRESENTATA IN ANTEPRIMA MONDIALE AL LOS ANGELES AUTO SHOW BMW i3 COUP\u00c8 CONCEPT &#8211; Durata, 2\u201913\u2019\u2019 &#8211; Testo speaker \u2028\u2028-\u00a0LOS ANGELES AUTO SHOW &#8211; (lr) &#8211; articolo.\u00a0\u00c8, ora, evidente che la \u2018i\u2019 di BMW presto diventer\u00e0 una gamma di automobili alternative alla tradizionale offerta di Monaco. Una facile deduzione a commento della notizia che arriva dalla California. Ma non dovrebbe essere sfuggito, ai pi\u00f9 attenti osservatori dell\u2019automotive, che nello scorso Giugno, a Roma &#8211; prima metropoli della storia &#8211; \u00e8 partito il BMW iBorn Electric Tour che, dopo la Citt\u00e0 Eterna, da Dusseldorf&#46;&#46;&#46;","og_url":"https:\/\/www.drivelife.it\/news\/2012\/12\/03\/drivelife-8-dicembre-on-line\/","og_site_name":"#lucalife","article_publisher":"https:\/\/www.facebook.com\/pages\/Drivelife\/467833073239720","article_published_time":"2012-12-03T07:07:39+00:00","article_modified_time":"2012-12-07T20:55:23+00:00","og_image":[{"width":1920,"height":1281,"url":"https:\/\/www.drivelife.it\/news\/wp-content\/uploads\/2012\/12\/BMW-i3-CONCEPT_8.jpg","type":"image\/jpeg"}],"author":"Redazione","twitter_card":"summary_large_image","twitter_creator":"@tweetdrivelife","twitter_site":"@tweetdrivelife","twitter_misc":{"Written by":"Redazione","Est. reading time":"2 minutes"},"schema":{"@context":"https:\/\/schema.org","@graph":[{"@type":"Article","@id":"https:\/\/www.drivelife.it\/news\/2012\/12\/03\/drivelife-8-dicembre-on-line\/#article","isPartOf":{"@id":"https:\/\/www.drivelife.it\/news\/2012\/12\/03\/drivelife-8-dicembre-on-line\/"},"author":{"name":"Redazione","@id":"https:\/\/www.drivelife.it\/news\/#\/schema\/person\/b6c194c3423ff451be4914f5fd9c2188"},"headline":"drivelife 8 dicembre on line","datePublished":"2012-12-03T07:07:39+00:00","dateModified":"2012-12-07T20:55:23+00:00","mainEntityOfPage":{"@id":"https:\/\/www.drivelife.it\/news\/2012\/12\/03\/drivelife-8-dicembre-on-line\/"},"wordCount":425,"commentCount":0,"image":{"@id":"https:\/\/www.drivelife.it\/news\/2012\/12\/03\/drivelife-8-dicembre-on-line\/#primaryimage"},"thumbnailUrl":"https:\/\/www.drivelife.it\/news\/wp-content\/uploads\/2012\/12\/BMW-i3-CONCEPT_8.jpg","keywords":["DRIVELIFE"],"articleSection":["AUTOMOTIVE","PUNTATA DRIVELIFE","VIDEO"],"inLanguage":"en-US","potentialAction":[{"@type":"CommentAction","name":"Comment","target":["https:\/\/www.drivelife.it\/news\/2012\/12\/03\/drivelife-8-dicembre-on-line\/#respond"]}]},{"@type":"WebPage","@id":"https:\/\/www.drivelife.it\/news\/2012\/12\/03\/drivelife-8-dicembre-on-line\/","url":"https:\/\/www.drivelife.it\/news\/2012\/12\/03\/drivelife-8-dicembre-on-line\/","name":"drivelife 8 dicembre on line - #lucalife","isPartOf":{"@id":"https:\/\/www.drivelife.it\/news\/#website"},"primaryImageOfPage":{"@id":"https:\/\/www.drivelife.it\/news\/2012\/12\/03\/drivelife-8-dicembre-on-line\/#primaryimage"},"image":{"@id":"https:\/\/www.drivelife.it\/news\/2012\/12\/03\/drivelife-8-dicembre-on-line\/#primaryimage"},"thumbnailUrl":"https:\/\/www.drivelife.it\/news\/wp-content\/uploads\/2012\/12\/BMW-i3-CONCEPT_8.jpg","datePublished":"2012-12-03T07:07:39+00:00","dateModified":"2012-12-07T20:55:23+00:00","author":{"@id":"https:\/\/www.drivelife.it\/news\/#\/schema\/person\/b6c194c3423ff451be4914f5fd9c2188"},"breadcrumb":{"@id":"https:\/\/www.drivelife.it\/news\/2012\/12\/03\/drivelife-8-dicembre-on-line\/#breadcrumb"},"inLanguage":"en-US","potentialAction":[{"@type":"ReadAction","target":["https:\/\/www.drivelife.it\/news\/2012\/12\/03\/drivelife-8-dicembre-on-line\/"]}]},{"@type":"ImageObject","inLanguage":"en-US","@id":"https:\/\/www.drivelife.it\/news\/2012\/12\/03\/drivelife-8-dicembre-on-line\/#primaryimage","url":"https:\/\/www.drivelife.it\/news\/wp-content\/uploads\/2012\/12\/BMW-i3-CONCEPT_8.jpg","contentUrl":"https:\/\/www.drivelife.it\/news\/wp-content\/uploads\/2012\/12\/BMW-i3-CONCEPT_8.jpg","width":"1920","height":"1281","caption":"BMW i3 CONCEPT clip drivelife 8 Dicembre"},{"@type":"BreadcrumbList","@id":"https:\/\/www.drivelife.it\/news\/2012\/12\/03\/drivelife-8-dicembre-on-line\/#breadcrumb","itemListElement":[{"@type":"ListItem","position":1,"name":"Home","item":"https:\/\/www.drivelife.it\/news\/"},{"@type":"ListItem","position":2,"name":"drivelife 8 dicembre on line"}]},{"@type":"WebSite","@id":"https:\/\/www.drivelife.it\/news\/#website","url":"https:\/\/www.drivelife.it\/news\/","name":"#lucalife","description":"DRIVELIFE le mie automobili","potentialAction":[{"@type":"SearchAction","target":{"@type":"EntryPoint","urlTemplate":"https:\/\/www.drivelife.it\/news\/?s={search_term_string}"},"query-input":{"@type":"PropertyValueSpecification","valueRequired":true,"valueName":"search_term_string"}}],"inLanguage":"en-US"},{"@type":"Person","@id":"https:\/\/www.drivelife.it\/news\/#\/schema\/person\/b6c194c3423ff451be4914f5fd9c2188","name":"Redazione","image":{"@type":"ImageObject","inLanguage":"en-US","@id":"https:\/\/secure.gravatar.com\/avatar\/8d186f6b07ba8a94441344759f0e13bf1909b6ceaa171df0425551b4590fd558?s=96&d=mm&r=g","url":"https:\/\/secure.gravatar.com\/avatar\/8d186f6b07ba8a94441344759f0e13bf1909b6ceaa171df0425551b4590fd558?s=96&d=mm&r=g","contentUrl":"https:\/\/secure.gravatar.com\/avatar\/8d186f6b07ba8a94441344759f0e13bf1909b6ceaa171df0425551b4590fd558?s=96&d=mm&r=g","caption":"Redazione"},"url":"https:\/\/www.drivelife.it\/news\/author\/admin\/"}]}},"amp_enabled":true,"_links":{"self":[{"href":"https:\/\/www.drivelife.it\/news\/wp-json\/wp\/v2\/posts\/656","targetHints":{"allow":["GET"]}}],"collection":[{"href":"https:\/\/www.drivelife.it\/news\/wp-json\/wp\/v2\/posts"}],"about":[{"href":"https:\/\/www.drivelife.it\/news\/wp-json\/wp\/v2\/types\/post"}],"author":[{"embeddable":true,"href":"https:\/\/www.drivelife.it\/news\/wp-json\/wp\/v2\/users\/1"}],"replies":[{"embeddable":true,"href":"https:\/\/www.drivelife.it\/news\/wp-json\/wp\/v2\/comments?post=656"}],"version-history":[{"count":3,"href":"https:\/\/www.drivelife.it\/news\/wp-json\/wp\/v2\/posts\/656\/revisions"}],"predecessor-version":[{"id":682,"href":"https:\/\/www.drivelife.it\/news\/wp-json\/wp\/v2\/posts\/656\/revisions\/682"}],"wp:featuredmedia":[{"embeddable":true,"href":"https:\/\/www.drivelife.it\/news\/wp-json\/wp\/v2\/media\/657"}],"wp:attachment":[{"href":"https:\/\/www.drivelife.it\/news\/wp-json\/wp\/v2\/media?parent=656"}],"wp:term":[{"taxonomy":"category","embeddable":true,"href":"https:\/\/www.drivelife.it\/news\/wp-json\/wp\/v2\/categories?post=656"},{"taxonomy":"post_tag","embeddable":true,"href":"https:\/\/www.drivelife.it\/news\/wp-json\/wp\/v2\/tags?post=656"}],"curies":[{"name":"wp","href":"https:\/\/api.w.org\/{rel}","templated":true}]}}