{"id":6467,"date":"2014-10-28T12:31:12","date_gmt":"2014-10-28T12:31:12","guid":{"rendered":"http:\/\/www.drivelife.it\/news\/?p=6467"},"modified":"2014-10-28T12:43:37","modified_gmt":"2014-10-28T12:43:37","slug":"opel-corsa","status":"publish","type":"post","link":"https:\/\/www.drivelife.it\/news\/2014\/10\/28\/opel-corsa\/","title":{"rendered":"OPEL CORSA"},"content":{"rendered":"<h1><strong>DI NUOVO\u00a0<\/strong><br \/>\n<strong>C&#8217;E&#8217; TUTTO\u00a0<\/strong><br \/>\n<strong>MA NON LE EMOZIONI<\/strong><\/h1>\n<div id=\"attachment_6468\" style=\"width: 730px\" class=\"wp-caption alignnone\"><img loading=\"lazy\" decoding=\"async\" aria-describedby=\"caption-attachment-6468\" class=\"size-large wp-image-6468\" alt=\"NUOVA OPEL CORSA\" src=\"http:\/\/www.drivelife.it\/news\/wp-content\/uploads\/2014\/10\/in-piena-forma-nuova-opel-corsa-e-il-nuovo-punto-di-riferimento-nel-segmento-delle-utilitarie-opel-corsa-292133-960x705.jpg\" width=\"720\" height=\"528\" \/><p id=\"caption-attachment-6468\" class=\"wp-caption-text\">NUOVA OPEL CORSA<\/p><\/div>\n<h2><b>UN ALTRO AGGIORNAMENTO DI PRODOTTO PER LA OPEL CORSA, SAR\u00c0 SUFFICIENTE PER FAR VOLTARE LA TESTA AGLI AUTOMOBILISTI AL SUO PASSAGGIO? E FAR SCATTARE IL DESIDERIO D\u2019ACQUISTO E L\u2019EMOZIONE DEL POSSESSO? OPPURE CONTINUER\u00c0 A RAPPRESENTARE L\u2019ANONIMATO DI UN PRODOTTO DI QUALIT\u00c0 SENZA CONCESSIONI ALLA CREATIVIT\u00c0?<\/b><\/h2>\n<p><b>di Luca Romano &#8211; DURATA, 00\u2019 53\u201d\u00a0<\/b><\/p>\n<p>IN TV CON DRIVELIFE DEL 01 NOVEMBRE<\/p>\n<p>Cinque generazioni e dodici milioni di vetture prodotte. Design ed appeal in crescendo ma sempre distante da quell\u2019aspetto che fa scattare la molla del desiderio ed esclamare \u201cche bella\u201d.<\/p>\n<p>Opel Corsa, prodotto di qualit\u00e0 indiscussa, \u00e8 uno dei modelli pi\u00f9 venduti della popolare marca tedesca. Insieme ad Astra, lei tutt\u2019altra storia anche sul piano della emotivit\u00e0.<\/p>\n<p>Disponibile, anche in questa ultima edizione, con carrozzeria a cinque porte, carina, e tre porte, inguardabile con quel secondo finestrino simil-coup\u00e9.<\/p>\n<p>Tra le novit\u00e0 di rilievo il nuovo telaio e il sistema di sterzo. Sotto il cofano anche la nuova generazione di motori tre cilindri ed il nuovo cambio.<\/p>\n<p>Potenze da 90 a 115CV e consumi fino a 4,3 litri per 100 Km. Corsa \u00e8 Euro6.<\/p>\n<h2>Insomma un\u2019auto completamente nuova ma con lo stesso sex appeal di sempre. Cio\u00e8 ZERO.<\/h2>\n","protected":false},"excerpt":{"rendered":"<p>DI NUOVO\u00a0 C&#8217;E&#8217; TUTTO\u00a0 MA NON LE EMOZIONI UN ALTRO AGGIORNAMENTO DI PRODOTTO PER LA OPEL CORSA, SAR\u00c0 SUFFICIENTE PER FAR VOLTARE LA TESTA AGLI AUTOMOBILISTI AL SUO PASSAGGIO? E FAR SCATTARE IL DESIDERIO D\u2019ACQUISTO E L\u2019EMOZIONE DEL POSSESSO? OPPURE CONTINUER\u00c0 A RAPPRESENTARE L\u2019ANONIMATO DI UN PRODOTTO DI QUALIT\u00c0 SENZA CONCESSIONI ALLA CREATIVIT\u00c0? di Luca Romano &#8211; DURATA, 00\u2019 53\u201d\u00a0 IN TV CON DRIVELIFE DEL 01 NOVEMBRE Cinque generazioni e dodici milioni di vetture prodotte. Design ed appeal in crescendo ma sempre distante da quell\u2019aspetto che fa scattare la molla del desiderio ed esclamare \u201cche bella\u201d. Opel Corsa, prodotto di qualit\u00e0 indiscussa,&#46;&#46;&#46;<\/p>\n","protected":false},"author":1,"featured_media":6472,"comment_status":"open","ping_status":"open","sticky":false,"template":"","format":"standard","meta":{"ngg_post_thumbnail":0,"footnotes":""},"categories":[39,55,41,198],"tags":[470,229,469],"class_list":["post-6467","post","type-post","status-publish","format-standard","has-post-thumbnail","hentry","category-automotive","category-news","category-opel","category-edizioni-drivelife-tv-2014","tag-corsa","tag-opel-2","tag-opel-corsa"],"yoast_head":"<!-- This site is optimized with the Yoast SEO plugin v27.5 - https:\/\/yoast.com\/product\/yoast-seo-wordpress\/ -->\n<title>OPEL CORSA - #lucalife<\/title>\n<meta name=\"robots\" content=\"index, follow, max-snippet:-1, max-image-preview:large, max-video-preview:-1\" \/>\n<link rel=\"canonical\" href=\"https:\/\/www.drivelife.it\/news\/2014\/10\/28\/opel-corsa\/\" \/>\n<meta property=\"og:locale\" content=\"en_US\" \/>\n<meta property=\"og:type\" content=\"article\" \/>\n<meta property=\"og:title\" content=\"OPEL CORSA - #lucalife\" \/>\n<meta property=\"og:description\" content=\"DI NUOVO\u00a0 C&#8217;E&#8217; TUTTO\u00a0 MA NON LE EMOZIONI UN ALTRO AGGIORNAMENTO DI PRODOTTO PER LA OPEL CORSA, SAR\u00c0 SUFFICIENTE PER FAR VOLTARE LA TESTA AGLI AUTOMOBILISTI AL SUO PASSAGGIO? E FAR SCATTARE IL DESIDERIO D\u2019ACQUISTO E L\u2019EMOZIONE DEL POSSESSO? OPPURE CONTINUER\u00c0 A RAPPRESENTARE L\u2019ANONIMATO DI UN PRODOTTO DI QUALIT\u00c0 SENZA CONCESSIONI ALLA CREATIVIT\u00c0? di Luca Romano &#8211; DURATA, 00\u2019 53\u201d\u00a0 IN TV CON DRIVELIFE DEL 01 NOVEMBRE Cinque generazioni e dodici milioni di vetture prodotte. Design ed appeal in crescendo ma sempre distante da quell\u2019aspetto che fa scattare la molla del desiderio ed esclamare \u201cche bella\u201d. Opel Corsa, prodotto di qualit\u00e0 indiscussa,&#046;&#046;&#046;\" \/>\n<meta property=\"og:url\" content=\"https:\/\/www.drivelife.it\/news\/2014\/10\/28\/opel-corsa\/\" \/>\n<meta property=\"og:site_name\" content=\"#lucalife\" \/>\n<meta property=\"article:publisher\" content=\"https:\/\/www.facebook.com\/pages\/Drivelife\/467833073239720\" \/>\n<meta property=\"article:published_time\" content=\"2014-10-28T12:31:12+00:00\" \/>\n<meta property=\"article:modified_time\" content=\"2014-10-28T12:43:37+00:00\" \/>\n<meta property=\"og:image\" content=\"https:\/\/www.drivelife.it\/news\/wp-content\/uploads\/2014\/10\/in-piena-forma-nuova-opel-corsa-e-il-nuovo-punto-di-riferimento-nel-segmento-delle-utilitarie-opel-corsa-292133-copia-2.jpg\" \/>\n\t<meta property=\"og:image:width\" content=\"1680\" \/>\n\t<meta property=\"og:image:height\" content=\"843\" \/>\n\t<meta property=\"og:image:type\" content=\"image\/jpeg\" \/>\n<meta name=\"author\" content=\"Redazione\" \/>\n<meta name=\"twitter:card\" content=\"summary_large_image\" \/>\n<meta name=\"twitter:creator\" content=\"@tweetdrivelife\" \/>\n<meta name=\"twitter:site\" content=\"@tweetdrivelife\" \/>\n<meta name=\"twitter:label1\" content=\"Written by\" \/>\n\t<meta name=\"twitter:data1\" content=\"Redazione\" \/>\n\t<meta name=\"twitter:label2\" content=\"Est. reading time\" \/>\n\t<meta name=\"twitter:data2\" content=\"1 minute\" \/>\n<script type=\"application\/ld+json\" class=\"yoast-schema-graph\">{\"@context\":\"https:\\\/\\\/schema.org\",\"@graph\":[{\"@type\":\"Article\",\"@id\":\"https:\\\/\\\/www.drivelife.it\\\/news\\\/2014\\\/10\\\/28\\\/opel-corsa\\\/#article\",\"isPartOf\":{\"@id\":\"https:\\\/\\\/www.drivelife.it\\\/news\\\/2014\\\/10\\\/28\\\/opel-corsa\\\/\"},\"author\":{\"name\":\"Redazione\",\"@id\":\"https:\\\/\\\/www.drivelife.it\\\/news\\\/#\\\/schema\\\/person\\\/b6c194c3423ff451be4914f5fd9c2188\"},\"headline\":\"OPEL CORSA\",\"datePublished\":\"2014-10-28T12:31:12+00:00\",\"dateModified\":\"2014-10-28T12:43:37+00:00\",\"mainEntityOfPage\":{\"@id\":\"https:\\\/\\\/www.drivelife.it\\\/news\\\/2014\\\/10\\\/28\\\/opel-corsa\\\/\"},\"wordCount\":214,\"commentCount\":0,\"image\":{\"@id\":\"https:\\\/\\\/www.drivelife.it\\\/news\\\/2014\\\/10\\\/28\\\/opel-corsa\\\/#primaryimage\"},\"thumbnailUrl\":\"https:\\\/\\\/www.drivelife.it\\\/news\\\/wp-content\\\/uploads\\\/2014\\\/10\\\/in-piena-forma-nuova-opel-corsa-e-il-nuovo-punto-di-riferimento-nel-segmento-delle-utilitarie-opel-corsa-292133-copia-2.jpg\",\"keywords\":[\"corsa\",\"Opel\",\"opel corsa\"],\"articleSection\":[\"AUTOMOTIVE\",\"NEWS\",\"OPEL\",\"PUNTATE DRIVELIFE TV 2014\"],\"inLanguage\":\"en-US\",\"potentialAction\":[{\"@type\":\"CommentAction\",\"name\":\"Comment\",\"target\":[\"https:\\\/\\\/www.drivelife.it\\\/news\\\/2014\\\/10\\\/28\\\/opel-corsa\\\/#respond\"]}]},{\"@type\":\"WebPage\",\"@id\":\"https:\\\/\\\/www.drivelife.it\\\/news\\\/2014\\\/10\\\/28\\\/opel-corsa\\\/\",\"url\":\"https:\\\/\\\/www.drivelife.it\\\/news\\\/2014\\\/10\\\/28\\\/opel-corsa\\\/\",\"name\":\"OPEL CORSA - #lucalife\",\"isPartOf\":{\"@id\":\"https:\\\/\\\/www.drivelife.it\\\/news\\\/#website\"},\"primaryImageOfPage\":{\"@id\":\"https:\\\/\\\/www.drivelife.it\\\/news\\\/2014\\\/10\\\/28\\\/opel-corsa\\\/#primaryimage\"},\"image\":{\"@id\":\"https:\\\/\\\/www.drivelife.it\\\/news\\\/2014\\\/10\\\/28\\\/opel-corsa\\\/#primaryimage\"},\"thumbnailUrl\":\"https:\\\/\\\/www.drivelife.it\\\/news\\\/wp-content\\\/uploads\\\/2014\\\/10\\\/in-piena-forma-nuova-opel-corsa-e-il-nuovo-punto-di-riferimento-nel-segmento-delle-utilitarie-opel-corsa-292133-copia-2.jpg\",\"datePublished\":\"2014-10-28T12:31:12+00:00\",\"dateModified\":\"2014-10-28T12:43:37+00:00\",\"author\":{\"@id\":\"https:\\\/\\\/www.drivelife.it\\\/news\\\/#\\\/schema\\\/person\\\/b6c194c3423ff451be4914f5fd9c2188\"},\"breadcrumb\":{\"@id\":\"https:\\\/\\\/www.drivelife.it\\\/news\\\/2014\\\/10\\\/28\\\/opel-corsa\\\/#breadcrumb\"},\"inLanguage\":\"en-US\",\"potentialAction\":[{\"@type\":\"ReadAction\",\"target\":[\"https:\\\/\\\/www.drivelife.it\\\/news\\\/2014\\\/10\\\/28\\\/opel-corsa\\\/\"]}]},{\"@type\":\"ImageObject\",\"inLanguage\":\"en-US\",\"@id\":\"https:\\\/\\\/www.drivelife.it\\\/news\\\/2014\\\/10\\\/28\\\/opel-corsa\\\/#primaryimage\",\"url\":\"https:\\\/\\\/www.drivelife.it\\\/news\\\/wp-content\\\/uploads\\\/2014\\\/10\\\/in-piena-forma-nuova-opel-corsa-e-il-nuovo-punto-di-riferimento-nel-segmento-delle-utilitarie-opel-corsa-292133-copia-2.jpg\",\"contentUrl\":\"https:\\\/\\\/www.drivelife.it\\\/news\\\/wp-content\\\/uploads\\\/2014\\\/10\\\/in-piena-forma-nuova-opel-corsa-e-il-nuovo-punto-di-riferimento-nel-segmento-delle-utilitarie-opel-corsa-292133-copia-2.jpg\",\"width\":1680,\"height\":843},{\"@type\":\"BreadcrumbList\",\"@id\":\"https:\\\/\\\/www.drivelife.it\\\/news\\\/2014\\\/10\\\/28\\\/opel-corsa\\\/#breadcrumb\",\"itemListElement\":[{\"@type\":\"ListItem\",\"position\":1,\"name\":\"Home\",\"item\":\"https:\\\/\\\/www.drivelife.it\\\/news\\\/\"},{\"@type\":\"ListItem\",\"position\":2,\"name\":\"OPEL CORSA\"}]},{\"@type\":\"WebSite\",\"@id\":\"https:\\\/\\\/www.drivelife.it\\\/news\\\/#website\",\"url\":\"https:\\\/\\\/www.drivelife.it\\\/news\\\/\",\"name\":\"#lucalife\",\"description\":\"DRIVELIFE le mie automobili\",\"potentialAction\":[{\"@type\":\"SearchAction\",\"target\":{\"@type\":\"EntryPoint\",\"urlTemplate\":\"https:\\\/\\\/www.drivelife.it\\\/news\\\/?s={search_term_string}\"},\"query-input\":{\"@type\":\"PropertyValueSpecification\",\"valueRequired\":true,\"valueName\":\"search_term_string\"}}],\"inLanguage\":\"en-US\"},{\"@type\":\"Person\",\"@id\":\"https:\\\/\\\/www.drivelife.it\\\/news\\\/#\\\/schema\\\/person\\\/b6c194c3423ff451be4914f5fd9c2188\",\"name\":\"Redazione\",\"image\":{\"@type\":\"ImageObject\",\"inLanguage\":\"en-US\",\"@id\":\"https:\\\/\\\/secure.gravatar.com\\\/avatar\\\/8d186f6b07ba8a94441344759f0e13bf1909b6ceaa171df0425551b4590fd558?s=96&d=mm&r=g\",\"url\":\"https:\\\/\\\/secure.gravatar.com\\\/avatar\\\/8d186f6b07ba8a94441344759f0e13bf1909b6ceaa171df0425551b4590fd558?s=96&d=mm&r=g\",\"contentUrl\":\"https:\\\/\\\/secure.gravatar.com\\\/avatar\\\/8d186f6b07ba8a94441344759f0e13bf1909b6ceaa171df0425551b4590fd558?s=96&d=mm&r=g\",\"caption\":\"Redazione\"},\"url\":\"https:\\\/\\\/www.drivelife.it\\\/news\\\/author\\\/admin\\\/\"}]}<\/script>\n<!-- \/ Yoast SEO plugin. -->","yoast_head_json":{"title":"OPEL CORSA - #lucalife","robots":{"index":"index","follow":"follow","max-snippet":"max-snippet:-1","max-image-preview":"max-image-preview:large","max-video-preview":"max-video-preview:-1"},"canonical":"https:\/\/www.drivelife.it\/news\/2014\/10\/28\/opel-corsa\/","og_locale":"en_US","og_type":"article","og_title":"OPEL CORSA - #lucalife","og_description":"DI NUOVO\u00a0 C&#8217;E&#8217; TUTTO\u00a0 MA NON LE EMOZIONI UN ALTRO AGGIORNAMENTO DI PRODOTTO PER LA OPEL CORSA, SAR\u00c0 SUFFICIENTE PER FAR VOLTARE LA TESTA AGLI AUTOMOBILISTI AL SUO PASSAGGIO? E FAR SCATTARE IL DESIDERIO D\u2019ACQUISTO E L\u2019EMOZIONE DEL POSSESSO? OPPURE CONTINUER\u00c0 A RAPPRESENTARE L\u2019ANONIMATO DI UN PRODOTTO DI QUALIT\u00c0 SENZA CONCESSIONI ALLA CREATIVIT\u00c0? di Luca Romano &#8211; DURATA, 00\u2019 53\u201d\u00a0 IN TV CON DRIVELIFE DEL 01 NOVEMBRE Cinque generazioni e dodici milioni di vetture prodotte. Design ed appeal in crescendo ma sempre distante da quell\u2019aspetto che fa scattare la molla del desiderio ed esclamare \u201cche bella\u201d. Opel Corsa, prodotto di qualit\u00e0 indiscussa,&#46;&#46;&#46;","og_url":"https:\/\/www.drivelife.it\/news\/2014\/10\/28\/opel-corsa\/","og_site_name":"#lucalife","article_publisher":"https:\/\/www.facebook.com\/pages\/Drivelife\/467833073239720","article_published_time":"2014-10-28T12:31:12+00:00","article_modified_time":"2014-10-28T12:43:37+00:00","og_image":[{"width":1680,"height":843,"url":"https:\/\/www.drivelife.it\/news\/wp-content\/uploads\/2014\/10\/in-piena-forma-nuova-opel-corsa-e-il-nuovo-punto-di-riferimento-nel-segmento-delle-utilitarie-opel-corsa-292133-copia-2.jpg","type":"image\/jpeg"}],"author":"Redazione","twitter_card":"summary_large_image","twitter_creator":"@tweetdrivelife","twitter_site":"@tweetdrivelife","twitter_misc":{"Written by":"Redazione","Est. reading time":"1 minute"},"schema":{"@context":"https:\/\/schema.org","@graph":[{"@type":"Article","@id":"https:\/\/www.drivelife.it\/news\/2014\/10\/28\/opel-corsa\/#article","isPartOf":{"@id":"https:\/\/www.drivelife.it\/news\/2014\/10\/28\/opel-corsa\/"},"author":{"name":"Redazione","@id":"https:\/\/www.drivelife.it\/news\/#\/schema\/person\/b6c194c3423ff451be4914f5fd9c2188"},"headline":"OPEL CORSA","datePublished":"2014-10-28T12:31:12+00:00","dateModified":"2014-10-28T12:43:37+00:00","mainEntityOfPage":{"@id":"https:\/\/www.drivelife.it\/news\/2014\/10\/28\/opel-corsa\/"},"wordCount":214,"commentCount":0,"image":{"@id":"https:\/\/www.drivelife.it\/news\/2014\/10\/28\/opel-corsa\/#primaryimage"},"thumbnailUrl":"https:\/\/www.drivelife.it\/news\/wp-content\/uploads\/2014\/10\/in-piena-forma-nuova-opel-corsa-e-il-nuovo-punto-di-riferimento-nel-segmento-delle-utilitarie-opel-corsa-292133-copia-2.jpg","keywords":["corsa","Opel","opel corsa"],"articleSection":["AUTOMOTIVE","NEWS","OPEL","PUNTATE DRIVELIFE TV 2014"],"inLanguage":"en-US","potentialAction":[{"@type":"CommentAction","name":"Comment","target":["https:\/\/www.drivelife.it\/news\/2014\/10\/28\/opel-corsa\/#respond"]}]},{"@type":"WebPage","@id":"https:\/\/www.drivelife.it\/news\/2014\/10\/28\/opel-corsa\/","url":"https:\/\/www.drivelife.it\/news\/2014\/10\/28\/opel-corsa\/","name":"OPEL CORSA - #lucalife","isPartOf":{"@id":"https:\/\/www.drivelife.it\/news\/#website"},"primaryImageOfPage":{"@id":"https:\/\/www.drivelife.it\/news\/2014\/10\/28\/opel-corsa\/#primaryimage"},"image":{"@id":"https:\/\/www.drivelife.it\/news\/2014\/10\/28\/opel-corsa\/#primaryimage"},"thumbnailUrl":"https:\/\/www.drivelife.it\/news\/wp-content\/uploads\/2014\/10\/in-piena-forma-nuova-opel-corsa-e-il-nuovo-punto-di-riferimento-nel-segmento-delle-utilitarie-opel-corsa-292133-copia-2.jpg","datePublished":"2014-10-28T12:31:12+00:00","dateModified":"2014-10-28T12:43:37+00:00","author":{"@id":"https:\/\/www.drivelife.it\/news\/#\/schema\/person\/b6c194c3423ff451be4914f5fd9c2188"},"breadcrumb":{"@id":"https:\/\/www.drivelife.it\/news\/2014\/10\/28\/opel-corsa\/#breadcrumb"},"inLanguage":"en-US","potentialAction":[{"@type":"ReadAction","target":["https:\/\/www.drivelife.it\/news\/2014\/10\/28\/opel-corsa\/"]}]},{"@type":"ImageObject","inLanguage":"en-US","@id":"https:\/\/www.drivelife.it\/news\/2014\/10\/28\/opel-corsa\/#primaryimage","url":"https:\/\/www.drivelife.it\/news\/wp-content\/uploads\/2014\/10\/in-piena-forma-nuova-opel-corsa-e-il-nuovo-punto-di-riferimento-nel-segmento-delle-utilitarie-opel-corsa-292133-copia-2.jpg","contentUrl":"https:\/\/www.drivelife.it\/news\/wp-content\/uploads\/2014\/10\/in-piena-forma-nuova-opel-corsa-e-il-nuovo-punto-di-riferimento-nel-segmento-delle-utilitarie-opel-corsa-292133-copia-2.jpg","width":1680,"height":843},{"@type":"BreadcrumbList","@id":"https:\/\/www.drivelife.it\/news\/2014\/10\/28\/opel-corsa\/#breadcrumb","itemListElement":[{"@type":"ListItem","position":1,"name":"Home","item":"https:\/\/www.drivelife.it\/news\/"},{"@type":"ListItem","position":2,"name":"OPEL CORSA"}]},{"@type":"WebSite","@id":"https:\/\/www.drivelife.it\/news\/#website","url":"https:\/\/www.drivelife.it\/news\/","name":"#lucalife","description":"DRIVELIFE le mie automobili","potentialAction":[{"@type":"SearchAction","target":{"@type":"EntryPoint","urlTemplate":"https:\/\/www.drivelife.it\/news\/?s={search_term_string}"},"query-input":{"@type":"PropertyValueSpecification","valueRequired":true,"valueName":"search_term_string"}}],"inLanguage":"en-US"},{"@type":"Person","@id":"https:\/\/www.drivelife.it\/news\/#\/schema\/person\/b6c194c3423ff451be4914f5fd9c2188","name":"Redazione","image":{"@type":"ImageObject","inLanguage":"en-US","@id":"https:\/\/secure.gravatar.com\/avatar\/8d186f6b07ba8a94441344759f0e13bf1909b6ceaa171df0425551b4590fd558?s=96&d=mm&r=g","url":"https:\/\/secure.gravatar.com\/avatar\/8d186f6b07ba8a94441344759f0e13bf1909b6ceaa171df0425551b4590fd558?s=96&d=mm&r=g","contentUrl":"https:\/\/secure.gravatar.com\/avatar\/8d186f6b07ba8a94441344759f0e13bf1909b6ceaa171df0425551b4590fd558?s=96&d=mm&r=g","caption":"Redazione"},"url":"https:\/\/www.drivelife.it\/news\/author\/admin\/"}]}},"amp_enabled":true,"_links":{"self":[{"href":"https:\/\/www.drivelife.it\/news\/wp-json\/wp\/v2\/posts\/6467","targetHints":{"allow":["GET"]}}],"collection":[{"href":"https:\/\/www.drivelife.it\/news\/wp-json\/wp\/v2\/posts"}],"about":[{"href":"https:\/\/www.drivelife.it\/news\/wp-json\/wp\/v2\/types\/post"}],"author":[{"embeddable":true,"href":"https:\/\/www.drivelife.it\/news\/wp-json\/wp\/v2\/users\/1"}],"replies":[{"embeddable":true,"href":"https:\/\/www.drivelife.it\/news\/wp-json\/wp\/v2\/comments?post=6467"}],"version-history":[{"count":3,"href":"https:\/\/www.drivelife.it\/news\/wp-json\/wp\/v2\/posts\/6467\/revisions"}],"predecessor-version":[{"id":6471,"href":"https:\/\/www.drivelife.it\/news\/wp-json\/wp\/v2\/posts\/6467\/revisions\/6471"}],"wp:featuredmedia":[{"embeddable":true,"href":"https:\/\/www.drivelife.it\/news\/wp-json\/wp\/v2\/media\/6472"}],"wp:attachment":[{"href":"https:\/\/www.drivelife.it\/news\/wp-json\/wp\/v2\/media?parent=6467"}],"wp:term":[{"taxonomy":"category","embeddable":true,"href":"https:\/\/www.drivelife.it\/news\/wp-json\/wp\/v2\/categories?post=6467"},{"taxonomy":"post_tag","embeddable":true,"href":"https:\/\/www.drivelife.it\/news\/wp-json\/wp\/v2\/tags?post=6467"}],"curies":[{"name":"wp","href":"https:\/\/api.w.org\/{rel}","templated":true}]}}