{"id":5311,"date":"2014-09-14T07:00:14","date_gmt":"2014-09-14T07:00:14","guid":{"rendered":"http:\/\/www.drivelife.it\/news\/?p=5311"},"modified":"2014-09-14T07:13:18","modified_gmt":"2014-09-14T07:13:18","slug":"audi-tt","status":"publish","type":"post","link":"https:\/\/www.drivelife.it\/news\/2014\/09\/14\/audi-tt\/","title":{"rendered":"AUDI TT"},"content":{"rendered":"<div style=\"width: 720px;\" class=\"wp-video\"><!--[if lt IE 9]><script>document.createElement('video');<\/script><![endif]-->\n<video class=\"wp-video-shortcode\" id=\"video-5311-1\" width=\"720\" height=\"405\" preload=\"metadata\" controls=\"controls\"><source type=\"video\/mp4\" src=\"http:\/\/www.drivelife.it\/news\/wp-content\/uploads\/2014\/09\/W2014134_TT_Coupe_TTS_Coupe_Trailer_prev.mp4?_=1\" \/><a href=\"http:\/\/www.drivelife.it\/news\/wp-content\/uploads\/2014\/09\/W2014134_TT_Coupe_TTS_Coupe_Trailer_prev.mp4\">http:\/\/www.drivelife.it\/news\/wp-content\/uploads\/2014\/09\/W2014134_TT_Coupe_TTS_Coupe_Trailer_prev.mp4<\/a><\/video><\/div>\n<h1><strong>EVIAN O CRISTAL?<\/strong><\/h1>\n<p><img loading=\"lazy\" decoding=\"async\" class=\"alignleft size-full wp-image-5316\" alt=\"toscano-47mm-square copia\" src=\"http:\/\/www.drivelife.it\/news\/wp-content\/uploads\/2014\/09\/toscano-47mm-square-copia.jpg\" width=\"150\" height=\"140\" \/>(lr) &#8211; Fascia prezzo quarantamila e dintorni. Forte immagine di marca, ergo prestazioni di livello alto. Due porte, due posti secchi. Possibilit\u00e0 di alternativa? La SLK e la Z4. Posizionamento di mercato, &#8220;D Premium&#8221;.<\/p>\n<p>Capacit\u00e0 di rimorchio: elevata, ma non assoluta. Per l&#8217;assoluto dovete superare la soglia dei centomila. Ed anche con quella cifra, la tipa che si nega la trovate senz&#8217;altro. Dipende da quello che vedete nello specchio oltre al saldo dell&#8217;estratto conto bancario.<\/p>\n<h2>Commercializzazione (della TT!) dal prossimo mese di Novembre, per la TTS bisogna aspettare Febbraio 2015.<\/h2>\n<p>Scheda prezzo. La TT Coup\u00e9 2.0 TFSI 230CV costa 41.190, con i sistemi &#8220;quattro&#8221; ed il cambio S tronic sale a 46.190. La versione con motore a gasolio, la TT Coup\u00e9 2.0 TDI ultra 184CV costa 40.990.<\/p>\n<p>Capacit\u00e0 bagagliaio&#8230; 305 litri fino a 702. Quando accoglie settecentodue litri di oggetti vuol dire che \u00e8 in configurazione &#8220;wagon&#8221;, utile visto che l&#8217;estate \u00e8 finita e chi vi accompagna non porta solo il micro-bikini.<\/p>\n<p>Personalizzazione di prodotto. Audi vende tre linee di accessori\/pacchetti extra. Si tratta di equipaggiamenti tecnici e\/o finiture di design ed arredamento degli interni. Accessori che in realt\u00e0 fanno la differenza tra le TT, una pi\u00f9 sportiva e l&#8217;altra pi\u00f9 di design&#8230;<\/p>\n<p>Tre livelli di prezzo, la S line costa tremila euro, la Design sale a 3mila settecento ed il pacchetto Tech arriva a 4mila 150 euro.<\/p>\n<p>Non capir\u00f2 mai le cifre &#8220;non tonde&#8221;&#8230; fa&#8217; 4mila e cinque e via&#8230;<\/p>\n<p>Tanto se decidi di comprare un&#8217;automobile che costa 46mila euro e vuoi aggiungere altri quattromila di accessori&#8230; che stai a guardare i cento-cinquanta-euro?<\/p>\n<p>Ma che storia, e che target (cliente), sarebbe&#8230; mica uno di quelli che &#8220;soggiorna&#8221; in Costa Azzurra e poi al bar ordina una &#8220;Evian&#8221; mentre scorrono fiumi di Cristal&#8230;<\/p>\n<p>Questa la lista delle personalizzazioni dei tre pacchetti extra.\u00a0Con un bel copia\/incolla.<\/p>\n<h2><b>Versione S line: 3.000 euro<\/b><\/h2>\n<p>&#8211; Audi drive select<br \/>\n&#8211; Assetto sportivo S line<br \/>\n&#8211; Cerchi in lega a 10 razze parzialmente lucidi, 8,5Jx18 con pneumatici 245\/40 R18 &#8211; Interni, cruscotto e cielo abitacolo di colore nero, con cuciture in contrasto sui<\/p>\n<p>rivestimenti dei sedili, volante sportivo in pelle, manichetta leva del cambio, all&#8217;appoggiabraccia centrale e, se presenti, alle dotazioni dei pacchetti pelle<\/p>\n<p>&#8211; Inserti in alluminio opaco spazzolato<br \/>\n&#8211; Listelli sottoporta con logo S line<br \/>\n&#8211; Logo S line ai parafanghi anteriori<br \/>\n&#8211; Look alluminio ampliato nell&#8217;abitacolo, con pedaliera e appoggiapiedi in acciaio inox &#8211; Pomello leva del cambio in pelle traforata nera<\/p>\n<p>&#8211; Rivestimenti dei sedili in tessuto Sequenz\/pelle tutti in nero con punzonatura S line negli schienali dei sedili anteriori<\/p>\n<p>&#8211; Sedili sportivi anteriori con supporto lombare a 4 vie<br \/>\n&#8211; Volante sportivo multifunzionale in pelle S line a 3 razze, appiattito nella parte\u00a0inferiore, con cuciture in contrasto e logo S line<\/p>\n<h2><b>Versione Design: 3.700 euro<\/b><\/h2>\n<p>&#8211; Cerchi in lega a 5 razze doppie, design dinamico, parzialmente lucidi, 8,5Jx18 con pneumatici 245\/40 R18<\/p>\n<p>&#8211; Chiave comfort<br \/>\n&#8211; Climatizzatore automatico comfort<br \/>\n&#8211; Inserti in alluminio Drift argento<br \/>\n&#8211; Pacchetto luci<br \/>\n&#8211; Pacchetto portaoggetti e vano bagagli &#8211; Proiettori in tecnologia LED<\/p>\n<h2><b>Pacchetto Tech: 4.150 euro<\/b><\/h2>\n<p>&#8211; Audi connect<br \/>\n&#8211; Climatizzatore automatico comfort<br \/>\n&#8211; Regolatore di velocit\u00e0<br \/>\n&#8211; Sistema di ausilio al parcheggio posteriore<br \/>\n&#8211; Sistema di navigazione MMI plus con MMI touch<br \/>\n&#8211; Volante sportivo multifunzionale sagomato in pelle TT plus<\/p>\n\n\t\t<style>\n\t\t\t#gallery-1 {\n\t\t\t\tmargin: auto;\n\t\t\t}\n\t\t\t#gallery-1 .gallery-item {\n\t\t\t\tfloat: left;\n\t\t\t\tmargin-top: 10px;\n\t\t\t\ttext-align: center;\n\t\t\t\twidth: 14%;\n\t\t\t}\n\t\t\t#gallery-1 img {\n\t\t\t\tborder: 2px solid #cfcfcf;\n\t\t\t}\n\t\t\t#gallery-1 .gallery-caption {\n\t\t\t\tmargin-left: 0;\n\t\t\t}\n\t\t\t\/* see gallery_shortcode() in wp-includes\/media.php *\/\n\t\t<\/style>\n\t\t<div id='gallery-1' class='gallery galleryid-5311 gallery-columns-7 gallery-size-thumbnail'><dl class='gallery-item'>\n\t\t\t<dt class='gallery-icon landscape'>\n\t\t\t\t<a href='https:\/\/www.drivelife.it\/news\/2014\/09\/14\/audi-tt\/audi_tt_2\/'><img loading=\"lazy\" decoding=\"async\" width=\"150\" height=\"150\" src=\"https:\/\/www.drivelife.it\/news\/wp-content\/uploads\/2014\/09\/AUDI_TT_2-150x150.jpg\" class=\"attachment-thumbnail size-thumbnail no-lazy\" alt=\"\" srcset=\"https:\/\/www.drivelife.it\/news\/wp-content\/uploads\/2014\/09\/AUDI_TT_2-150x150.jpg 150w, https:\/\/www.drivelife.it\/news\/wp-content\/uploads\/2014\/09\/AUDI_TT_2-160x160.jpg 160w\" sizes=\"auto, (max-width: 150px) 100vw, 150px\" \/><\/a>\n\t\t\t<\/dt><\/dl><dl class='gallery-item'>\n\t\t\t<dt class='gallery-icon landscape'>\n\t\t\t\t<a href='https:\/\/www.drivelife.it\/news\/2014\/09\/14\/audi-tt\/audi-tt-coup-6\/'><img loading=\"lazy\" decoding=\"async\" width=\"150\" height=\"150\" src=\"https:\/\/www.drivelife.it\/news\/wp-content\/uploads\/2014\/09\/AUDI_TT_12-150x150.jpg\" class=\"attachment-thumbnail size-thumbnail no-lazy\" alt=\"\" srcset=\"https:\/\/www.drivelife.it\/news\/wp-content\/uploads\/2014\/09\/AUDI_TT_12-150x150.jpg 150w, https:\/\/www.drivelife.it\/news\/wp-content\/uploads\/2014\/09\/AUDI_TT_12-160x160.jpg 160w\" sizes=\"auto, (max-width: 150px) 100vw, 150px\" \/><\/a>\n\t\t\t<\/dt><\/dl><dl class='gallery-item'>\n\t\t\t<dt class='gallery-icon landscape'>\n\t\t\t\t<a href='https:\/\/www.drivelife.it\/news\/2014\/09\/14\/audi-tt\/audi-tt-4\/'><img loading=\"lazy\" decoding=\"async\" width=\"150\" height=\"150\" src=\"https:\/\/www.drivelife.it\/news\/wp-content\/uploads\/2014\/09\/AUDI_TT_11-150x150.jpg\" class=\"attachment-thumbnail size-thumbnail no-lazy\" alt=\"\" srcset=\"https:\/\/www.drivelife.it\/news\/wp-content\/uploads\/2014\/09\/AUDI_TT_11-150x150.jpg 150w, https:\/\/www.drivelife.it\/news\/wp-content\/uploads\/2014\/09\/AUDI_TT_11-160x160.jpg 160w\" sizes=\"auto, (max-width: 150px) 100vw, 150px\" \/><\/a>\n\t\t\t<\/dt><\/dl><dl class='gallery-item'>\n\t\t\t<dt class='gallery-icon landscape'>\n\t\t\t\t<a href='https:\/\/www.drivelife.it\/news\/2014\/09\/14\/audi-tt\/audi_tt_3\/'><img loading=\"lazy\" decoding=\"async\" width=\"150\" height=\"150\" src=\"https:\/\/www.drivelife.it\/news\/wp-content\/uploads\/2014\/09\/AUDI_TT_3-150x150.jpg\" class=\"attachment-thumbnail size-thumbnail no-lazy\" alt=\"\" srcset=\"https:\/\/www.drivelife.it\/news\/wp-content\/uploads\/2014\/09\/AUDI_TT_3-150x150.jpg 150w, https:\/\/www.drivelife.it\/news\/wp-content\/uploads\/2014\/09\/AUDI_TT_3-160x160.jpg 160w\" sizes=\"auto, (max-width: 150px) 100vw, 150px\" \/><\/a>\n\t\t\t<\/dt><\/dl><dl class='gallery-item'>\n\t\t\t<dt class='gallery-icon landscape'>\n\t\t\t\t<a href='https:\/\/www.drivelife.it\/news\/2014\/09\/14\/audi-tt\/audi_tt_9\/'><img loading=\"lazy\" decoding=\"async\" width=\"150\" height=\"150\" src=\"https:\/\/www.drivelife.it\/news\/wp-content\/uploads\/2014\/09\/AUDI_TT_9-150x150.jpg\" class=\"attachment-thumbnail size-thumbnail no-lazy\" alt=\"\" srcset=\"https:\/\/www.drivelife.it\/news\/wp-content\/uploads\/2014\/09\/AUDI_TT_9-150x150.jpg 150w, https:\/\/www.drivelife.it\/news\/wp-content\/uploads\/2014\/09\/AUDI_TT_9-160x160.jpg 160w\" sizes=\"auto, (max-width: 150px) 100vw, 150px\" \/><\/a>\n\t\t\t<\/dt><\/dl><dl class='gallery-item'>\n\t\t\t<dt class='gallery-icon landscape'>\n\t\t\t\t<a href='https:\/\/www.drivelife.it\/news\/2014\/09\/14\/audi-tt\/audi-tts-coup-4\/'><img loading=\"lazy\" decoding=\"async\" width=\"150\" height=\"150\" src=\"https:\/\/www.drivelife.it\/news\/wp-content\/uploads\/2014\/09\/AUDI_TT_14-150x150.jpg\" class=\"attachment-thumbnail size-thumbnail no-lazy\" alt=\"\" srcset=\"https:\/\/www.drivelife.it\/news\/wp-content\/uploads\/2014\/09\/AUDI_TT_14-150x150.jpg 150w, https:\/\/www.drivelife.it\/news\/wp-content\/uploads\/2014\/09\/AUDI_TT_14-160x160.jpg 160w\" sizes=\"auto, (max-width: 150px) 100vw, 150px\" \/><\/a>\n\t\t\t<\/dt><\/dl><dl class='gallery-item'>\n\t\t\t<dt class='gallery-icon landscape'>\n\t\t\t\t<a href='https:\/\/www.drivelife.it\/news\/2014\/09\/14\/audi-tt\/audi_tt_5\/'><img loading=\"lazy\" decoding=\"async\" width=\"150\" height=\"150\" src=\"https:\/\/www.drivelife.it\/news\/wp-content\/uploads\/2014\/09\/AUDI_TT_5-150x150.jpg\" class=\"attachment-thumbnail size-thumbnail no-lazy\" alt=\"\" srcset=\"https:\/\/www.drivelife.it\/news\/wp-content\/uploads\/2014\/09\/AUDI_TT_5-150x150.jpg 150w, https:\/\/www.drivelife.it\/news\/wp-content\/uploads\/2014\/09\/AUDI_TT_5-160x160.jpg 160w\" sizes=\"auto, (max-width: 150px) 100vw, 150px\" \/><\/a>\n\t\t\t<\/dt><\/dl><br style=\"clear: both\" \/><dl class='gallery-item'>\n\t\t\t<dt class='gallery-icon landscape'>\n\t\t\t\t<a href='https:\/\/www.drivelife.it\/news\/2014\/09\/14\/audi-tt\/audi_tt_7\/'><img loading=\"lazy\" decoding=\"async\" width=\"150\" height=\"150\" src=\"https:\/\/www.drivelife.it\/news\/wp-content\/uploads\/2014\/09\/AUDI_TT_7-150x150.jpg\" class=\"attachment-thumbnail size-thumbnail no-lazy\" alt=\"\" srcset=\"https:\/\/www.drivelife.it\/news\/wp-content\/uploads\/2014\/09\/AUDI_TT_7-150x150.jpg 150w, https:\/\/www.drivelife.it\/news\/wp-content\/uploads\/2014\/09\/AUDI_TT_7-160x160.jpg 160w\" sizes=\"auto, (max-width: 150px) 100vw, 150px\" \/><\/a>\n\t\t\t<\/dt><\/dl><dl class='gallery-item'>\n\t\t\t<dt class='gallery-icon landscape'>\n\t\t\t\t<a href='https:\/\/www.drivelife.it\/news\/2014\/09\/14\/audi-tt\/audi_tt_8\/'><img loading=\"lazy\" decoding=\"async\" width=\"150\" height=\"150\" src=\"https:\/\/www.drivelife.it\/news\/wp-content\/uploads\/2014\/09\/AUDI_TT_8-150x150.jpg\" class=\"attachment-thumbnail size-thumbnail no-lazy\" alt=\"\" srcset=\"https:\/\/www.drivelife.it\/news\/wp-content\/uploads\/2014\/09\/AUDI_TT_8-150x150.jpg 150w, https:\/\/www.drivelife.it\/news\/wp-content\/uploads\/2014\/09\/AUDI_TT_8-160x160.jpg 160w\" sizes=\"auto, (max-width: 150px) 100vw, 150px\" \/><\/a>\n\t\t\t<\/dt><\/dl><dl class='gallery-item'>\n\t\t\t<dt class='gallery-icon landscape'>\n\t\t\t\t<a href='https:\/\/www.drivelife.it\/news\/2014\/09\/14\/audi-tt\/audi-tt-3\/'><img loading=\"lazy\" decoding=\"async\" width=\"150\" height=\"150\" src=\"https:\/\/www.drivelife.it\/news\/wp-content\/uploads\/2014\/09\/AUDI_TT_10-150x150.jpg\" class=\"attachment-thumbnail size-thumbnail no-lazy\" alt=\"\" srcset=\"https:\/\/www.drivelife.it\/news\/wp-content\/uploads\/2014\/09\/AUDI_TT_10-150x150.jpg 150w, https:\/\/www.drivelife.it\/news\/wp-content\/uploads\/2014\/09\/AUDI_TT_10-160x160.jpg 160w\" sizes=\"auto, (max-width: 150px) 100vw, 150px\" \/><\/a>\n\t\t\t<\/dt><\/dl><dl class='gallery-item'>\n\t\t\t<dt class='gallery-icon landscape'>\n\t\t\t\t<a href='https:\/\/www.drivelife.it\/news\/2014\/09\/14\/audi-tt\/audi-tts-coup-3\/'><img loading=\"lazy\" decoding=\"async\" width=\"150\" height=\"150\" src=\"https:\/\/www.drivelife.it\/news\/wp-content\/uploads\/2014\/09\/AUDI_TT_13-150x150.jpg\" class=\"attachment-thumbnail size-thumbnail no-lazy\" alt=\"\" srcset=\"https:\/\/www.drivelife.it\/news\/wp-content\/uploads\/2014\/09\/AUDI_TT_13-150x150.jpg 150w, https:\/\/www.drivelife.it\/news\/wp-content\/uploads\/2014\/09\/AUDI_TT_13-160x160.jpg 160w\" sizes=\"auto, (max-width: 150px) 100vw, 150px\" \/><\/a>\n\t\t\t<\/dt><\/dl><dl class='gallery-item'>\n\t\t\t<dt class='gallery-icon landscape'>\n\t\t\t\t<a href='https:\/\/www.drivelife.it\/news\/2014\/09\/14\/audi-tt\/audi_tt_6\/'><img loading=\"lazy\" decoding=\"async\" width=\"150\" height=\"150\" src=\"https:\/\/www.drivelife.it\/news\/wp-content\/uploads\/2014\/09\/AUDI_TT_6-150x150.jpg\" class=\"attachment-thumbnail size-thumbnail no-lazy\" alt=\"\" srcset=\"https:\/\/www.drivelife.it\/news\/wp-content\/uploads\/2014\/09\/AUDI_TT_6-150x150.jpg 150w, https:\/\/www.drivelife.it\/news\/wp-content\/uploads\/2014\/09\/AUDI_TT_6-160x160.jpg 160w\" sizes=\"auto, (max-width: 150px) 100vw, 150px\" \/><\/a>\n\t\t\t<\/dt><\/dl><dl class='gallery-item'>\n\t\t\t<dt class='gallery-icon landscape'>\n\t\t\t\t<a href='https:\/\/www.drivelife.it\/news\/2014\/09\/14\/audi-tt\/audi_tt\/'><img loading=\"lazy\" decoding=\"async\" width=\"150\" height=\"150\" src=\"https:\/\/www.drivelife.it\/news\/wp-content\/uploads\/2014\/09\/AUDI_TT-150x150.jpg\" class=\"attachment-thumbnail size-thumbnail no-lazy\" alt=\"\" srcset=\"https:\/\/www.drivelife.it\/news\/wp-content\/uploads\/2014\/09\/AUDI_TT-150x150.jpg 150w, https:\/\/www.drivelife.it\/news\/wp-content\/uploads\/2014\/09\/AUDI_TT-160x160.jpg 160w\" sizes=\"auto, (max-width: 150px) 100vw, 150px\" \/><\/a>\n\t\t\t<\/dt><\/dl><dl class='gallery-item'>\n\t\t\t<dt class='gallery-icon landscape'>\n\t\t\t\t<a href='https:\/\/www.drivelife.it\/news\/2014\/09\/14\/audi-tt\/audi_tt_4\/'><img loading=\"lazy\" decoding=\"async\" width=\"150\" height=\"150\" src=\"https:\/\/www.drivelife.it\/news\/wp-content\/uploads\/2014\/09\/AUDI_TT_4-150x150.jpg\" class=\"attachment-thumbnail size-thumbnail no-lazy\" alt=\"\" srcset=\"https:\/\/www.drivelife.it\/news\/wp-content\/uploads\/2014\/09\/AUDI_TT_4-150x150.jpg 150w, https:\/\/www.drivelife.it\/news\/wp-content\/uploads\/2014\/09\/AUDI_TT_4-160x160.jpg 160w\" sizes=\"auto, (max-width: 150px) 100vw, 150px\" \/><\/a>\n\t\t\t<\/dt><\/dl><br style=\"clear: both\" \/>\n\t\t<\/div>\n\n<p>&nbsp;<\/p>\n<div id=\"attachment_5313\" style=\"width: 730px\" class=\"wp-caption alignleft\"><img loading=\"lazy\" decoding=\"async\" aria-describedby=\"caption-attachment-5313\" class=\"size-large wp-image-5313\" alt=\"AUDI TT\" src=\"http:\/\/www.drivelife.it\/news\/wp-content\/uploads\/2014\/09\/APRE-960x364.jpg\" width=\"720\" height=\"273\" srcset=\"https:\/\/www.drivelife.it\/news\/wp-content\/uploads\/2014\/09\/APRE-960x364.jpg 960w, https:\/\/www.drivelife.it\/news\/wp-content\/uploads\/2014\/09\/APRE-580x220.jpg 580w\" sizes=\"auto, (max-width: 720px) 100vw, 720px\" \/><p id=\"caption-attachment-5313\" class=\"wp-caption-text\">AUDI TT<\/p><\/div>\n<p>&nbsp;<\/p>\n","protected":false},"excerpt":{"rendered":"<p>EVIAN O CRISTAL? (lr) &#8211; Fascia prezzo quarantamila e dintorni. Forte immagine di marca, ergo prestazioni di livello alto. Due porte, due posti secchi. Possibilit\u00e0 di alternativa? La SLK e la Z4. Posizionamento di mercato, &#8220;D Premium&#8221;. Capacit\u00e0 di rimorchio: elevata, ma non assoluta. Per l&#8217;assoluto dovete superare la soglia dei centomila. Ed anche con quella cifra, la tipa che si nega la trovate senz&#8217;altro. Dipende da quello che vedete nello specchio oltre al saldo dell&#8217;estratto conto bancario. Commercializzazione (della TT!) dal prossimo mese di Novembre, per la TTS bisogna aspettare Febbraio 2015. Scheda prezzo. La TT Coup\u00e9 2.0 TFSI 230CV costa&#46;&#46;&#46;<\/p>\n","protected":false},"author":1,"featured_media":5313,"comment_status":"open","ping_status":"open","sticky":false,"template":"","format":"standard","meta":{"ngg_post_thumbnail":0,"footnotes":""},"categories":[42,39,55,71,198,53],"tags":[],"class_list":["post-5311","post","type-post","status-publish","format-standard","has-post-thumbnail","hentry","category-audi","category-automotive","category-news","category-puntata-drivelife","category-edizioni-drivelife-tv-2014","category-video"],"yoast_head":"<!-- This site is optimized with the Yoast SEO plugin v27.5 - https:\/\/yoast.com\/product\/yoast-seo-wordpress\/ -->\n<title>AUDI TT - #lucalife<\/title>\n<meta name=\"robots\" content=\"index, follow, max-snippet:-1, max-image-preview:large, max-video-preview:-1\" \/>\n<link rel=\"canonical\" href=\"https:\/\/www.drivelife.it\/news\/2014\/09\/14\/audi-tt\/\" \/>\n<meta property=\"og:locale\" content=\"en_US\" \/>\n<meta property=\"og:type\" content=\"article\" \/>\n<meta property=\"og:title\" content=\"AUDI TT - #lucalife\" \/>\n<meta property=\"og:description\" content=\"EVIAN O CRISTAL? (lr) &#8211; Fascia prezzo quarantamila e dintorni. Forte immagine di marca, ergo prestazioni di livello alto. Due porte, due posti secchi. Possibilit\u00e0 di alternativa? La SLK e la Z4. Posizionamento di mercato, &#8220;D Premium&#8221;. Capacit\u00e0 di rimorchio: elevata, ma non assoluta. Per l&#8217;assoluto dovete superare la soglia dei centomila. Ed anche con quella cifra, la tipa che si nega la trovate senz&#8217;altro. Dipende da quello che vedete nello specchio oltre al saldo dell&#8217;estratto conto bancario. Commercializzazione (della TT!) dal prossimo mese di Novembre, per la TTS bisogna aspettare Febbraio 2015. Scheda prezzo. La TT Coup\u00e9 2.0 TFSI 230CV costa&#046;&#046;&#046;\" \/>\n<meta property=\"og:url\" content=\"https:\/\/www.drivelife.it\/news\/2014\/09\/14\/audi-tt\/\" \/>\n<meta property=\"og:site_name\" content=\"#lucalife\" \/>\n<meta property=\"article:publisher\" content=\"https:\/\/www.facebook.com\/pages\/Drivelife\/467833073239720\" \/>\n<meta property=\"article:published_time\" content=\"2014-09-14T07:00:14+00:00\" \/>\n<meta property=\"article:modified_time\" content=\"2014-09-14T07:13:18+00:00\" \/>\n<meta property=\"og:image\" content=\"https:\/\/www.drivelife.it\/news\/wp-content\/uploads\/2014\/09\/APRE.jpg\" \/>\n\t<meta property=\"og:image:width\" content=\"2560\" \/>\n\t<meta property=\"og:image:height\" content=\"972\" \/>\n\t<meta property=\"og:image:type\" content=\"image\/jpeg\" \/>\n<meta name=\"author\" content=\"Redazione\" \/>\n<meta name=\"twitter:card\" content=\"summary_large_image\" \/>\n<meta name=\"twitter:creator\" content=\"@tweetdrivelife\" \/>\n<meta name=\"twitter:site\" content=\"@tweetdrivelife\" \/>\n<meta name=\"twitter:label1\" content=\"Written by\" \/>\n\t<meta name=\"twitter:data1\" content=\"Redazione\" \/>\n\t<meta name=\"twitter:label2\" content=\"Est. reading time\" \/>\n\t<meta name=\"twitter:data2\" content=\"3 minutes\" \/>\n<script type=\"application\/ld+json\" class=\"yoast-schema-graph\">{\"@context\":\"https:\\\/\\\/schema.org\",\"@graph\":[{\"@type\":\"Article\",\"@id\":\"https:\\\/\\\/www.drivelife.it\\\/news\\\/2014\\\/09\\\/14\\\/audi-tt\\\/#article\",\"isPartOf\":{\"@id\":\"https:\\\/\\\/www.drivelife.it\\\/news\\\/2014\\\/09\\\/14\\\/audi-tt\\\/\"},\"author\":{\"name\":\"Redazione\",\"@id\":\"https:\\\/\\\/www.drivelife.it\\\/news\\\/#\\\/schema\\\/person\\\/b6c194c3423ff451be4914f5fd9c2188\"},\"headline\":\"AUDI TT\",\"datePublished\":\"2014-09-14T07:00:14+00:00\",\"dateModified\":\"2014-09-14T07:13:18+00:00\",\"mainEntityOfPage\":{\"@id\":\"https:\\\/\\\/www.drivelife.it\\\/news\\\/2014\\\/09\\\/14\\\/audi-tt\\\/\"},\"wordCount\":583,\"commentCount\":0,\"image\":{\"@id\":\"https:\\\/\\\/www.drivelife.it\\\/news\\\/2014\\\/09\\\/14\\\/audi-tt\\\/#primaryimage\"},\"thumbnailUrl\":\"https:\\\/\\\/www.drivelife.it\\\/news\\\/wp-content\\\/uploads\\\/2014\\\/09\\\/APRE.jpg\",\"articleSection\":[\"AUDI\",\"AUTOMOTIVE\",\"NEWS\",\"PUNTATA DRIVELIFE\",\"PUNTATE DRIVELIFE TV 2014\",\"VIDEO\"],\"inLanguage\":\"en-US\",\"potentialAction\":[{\"@type\":\"CommentAction\",\"name\":\"Comment\",\"target\":[\"https:\\\/\\\/www.drivelife.it\\\/news\\\/2014\\\/09\\\/14\\\/audi-tt\\\/#respond\"]}]},{\"@type\":\"WebPage\",\"@id\":\"https:\\\/\\\/www.drivelife.it\\\/news\\\/2014\\\/09\\\/14\\\/audi-tt\\\/\",\"url\":\"https:\\\/\\\/www.drivelife.it\\\/news\\\/2014\\\/09\\\/14\\\/audi-tt\\\/\",\"name\":\"AUDI TT - #lucalife\",\"isPartOf\":{\"@id\":\"https:\\\/\\\/www.drivelife.it\\\/news\\\/#website\"},\"primaryImageOfPage\":{\"@id\":\"https:\\\/\\\/www.drivelife.it\\\/news\\\/2014\\\/09\\\/14\\\/audi-tt\\\/#primaryimage\"},\"image\":{\"@id\":\"https:\\\/\\\/www.drivelife.it\\\/news\\\/2014\\\/09\\\/14\\\/audi-tt\\\/#primaryimage\"},\"thumbnailUrl\":\"https:\\\/\\\/www.drivelife.it\\\/news\\\/wp-content\\\/uploads\\\/2014\\\/09\\\/APRE.jpg\",\"datePublished\":\"2014-09-14T07:00:14+00:00\",\"dateModified\":\"2014-09-14T07:13:18+00:00\",\"author\":{\"@id\":\"https:\\\/\\\/www.drivelife.it\\\/news\\\/#\\\/schema\\\/person\\\/b6c194c3423ff451be4914f5fd9c2188\"},\"breadcrumb\":{\"@id\":\"https:\\\/\\\/www.drivelife.it\\\/news\\\/2014\\\/09\\\/14\\\/audi-tt\\\/#breadcrumb\"},\"inLanguage\":\"en-US\",\"potentialAction\":[{\"@type\":\"ReadAction\",\"target\":[\"https:\\\/\\\/www.drivelife.it\\\/news\\\/2014\\\/09\\\/14\\\/audi-tt\\\/\"]}]},{\"@type\":\"ImageObject\",\"inLanguage\":\"en-US\",\"@id\":\"https:\\\/\\\/www.drivelife.it\\\/news\\\/2014\\\/09\\\/14\\\/audi-tt\\\/#primaryimage\",\"url\":\"https:\\\/\\\/www.drivelife.it\\\/news\\\/wp-content\\\/uploads\\\/2014\\\/09\\\/APRE.jpg\",\"contentUrl\":\"https:\\\/\\\/www.drivelife.it\\\/news\\\/wp-content\\\/uploads\\\/2014\\\/09\\\/APRE.jpg\",\"width\":2560,\"height\":972,\"caption\":\"AUDI TT\"},{\"@type\":\"BreadcrumbList\",\"@id\":\"https:\\\/\\\/www.drivelife.it\\\/news\\\/2014\\\/09\\\/14\\\/audi-tt\\\/#breadcrumb\",\"itemListElement\":[{\"@type\":\"ListItem\",\"position\":1,\"name\":\"Home\",\"item\":\"https:\\\/\\\/www.drivelife.it\\\/news\\\/\"},{\"@type\":\"ListItem\",\"position\":2,\"name\":\"AUDI TT\"}]},{\"@type\":\"WebSite\",\"@id\":\"https:\\\/\\\/www.drivelife.it\\\/news\\\/#website\",\"url\":\"https:\\\/\\\/www.drivelife.it\\\/news\\\/\",\"name\":\"#lucalife\",\"description\":\"DRIVELIFE le mie automobili\",\"potentialAction\":[{\"@type\":\"SearchAction\",\"target\":{\"@type\":\"EntryPoint\",\"urlTemplate\":\"https:\\\/\\\/www.drivelife.it\\\/news\\\/?s={search_term_string}\"},\"query-input\":{\"@type\":\"PropertyValueSpecification\",\"valueRequired\":true,\"valueName\":\"search_term_string\"}}],\"inLanguage\":\"en-US\"},{\"@type\":\"Person\",\"@id\":\"https:\\\/\\\/www.drivelife.it\\\/news\\\/#\\\/schema\\\/person\\\/b6c194c3423ff451be4914f5fd9c2188\",\"name\":\"Redazione\",\"image\":{\"@type\":\"ImageObject\",\"inLanguage\":\"en-US\",\"@id\":\"https:\\\/\\\/secure.gravatar.com\\\/avatar\\\/8d186f6b07ba8a94441344759f0e13bf1909b6ceaa171df0425551b4590fd558?s=96&d=mm&r=g\",\"url\":\"https:\\\/\\\/secure.gravatar.com\\\/avatar\\\/8d186f6b07ba8a94441344759f0e13bf1909b6ceaa171df0425551b4590fd558?s=96&d=mm&r=g\",\"contentUrl\":\"https:\\\/\\\/secure.gravatar.com\\\/avatar\\\/8d186f6b07ba8a94441344759f0e13bf1909b6ceaa171df0425551b4590fd558?s=96&d=mm&r=g\",\"caption\":\"Redazione\"},\"url\":\"https:\\\/\\\/www.drivelife.it\\\/news\\\/author\\\/admin\\\/\"}]}<\/script>\n<!-- \/ Yoast SEO plugin. -->","yoast_head_json":{"title":"AUDI TT - #lucalife","robots":{"index":"index","follow":"follow","max-snippet":"max-snippet:-1","max-image-preview":"max-image-preview:large","max-video-preview":"max-video-preview:-1"},"canonical":"https:\/\/www.drivelife.it\/news\/2014\/09\/14\/audi-tt\/","og_locale":"en_US","og_type":"article","og_title":"AUDI TT - #lucalife","og_description":"EVIAN O CRISTAL? (lr) &#8211; Fascia prezzo quarantamila e dintorni. Forte immagine di marca, ergo prestazioni di livello alto. Due porte, due posti secchi. Possibilit\u00e0 di alternativa? La SLK e la Z4. Posizionamento di mercato, &#8220;D Premium&#8221;. Capacit\u00e0 di rimorchio: elevata, ma non assoluta. Per l&#8217;assoluto dovete superare la soglia dei centomila. Ed anche con quella cifra, la tipa che si nega la trovate senz&#8217;altro. Dipende da quello che vedete nello specchio oltre al saldo dell&#8217;estratto conto bancario. Commercializzazione (della TT!) dal prossimo mese di Novembre, per la TTS bisogna aspettare Febbraio 2015. Scheda prezzo. La TT Coup\u00e9 2.0 TFSI 230CV costa&#46;&#46;&#46;","og_url":"https:\/\/www.drivelife.it\/news\/2014\/09\/14\/audi-tt\/","og_site_name":"#lucalife","article_publisher":"https:\/\/www.facebook.com\/pages\/Drivelife\/467833073239720","article_published_time":"2014-09-14T07:00:14+00:00","article_modified_time":"2014-09-14T07:13:18+00:00","og_image":[{"width":2560,"height":972,"url":"https:\/\/www.drivelife.it\/news\/wp-content\/uploads\/2014\/09\/APRE.jpg","type":"image\/jpeg"}],"author":"Redazione","twitter_card":"summary_large_image","twitter_creator":"@tweetdrivelife","twitter_site":"@tweetdrivelife","twitter_misc":{"Written by":"Redazione","Est. reading time":"3 minutes"},"schema":{"@context":"https:\/\/schema.org","@graph":[{"@type":"Article","@id":"https:\/\/www.drivelife.it\/news\/2014\/09\/14\/audi-tt\/#article","isPartOf":{"@id":"https:\/\/www.drivelife.it\/news\/2014\/09\/14\/audi-tt\/"},"author":{"name":"Redazione","@id":"https:\/\/www.drivelife.it\/news\/#\/schema\/person\/b6c194c3423ff451be4914f5fd9c2188"},"headline":"AUDI TT","datePublished":"2014-09-14T07:00:14+00:00","dateModified":"2014-09-14T07:13:18+00:00","mainEntityOfPage":{"@id":"https:\/\/www.drivelife.it\/news\/2014\/09\/14\/audi-tt\/"},"wordCount":583,"commentCount":0,"image":{"@id":"https:\/\/www.drivelife.it\/news\/2014\/09\/14\/audi-tt\/#primaryimage"},"thumbnailUrl":"https:\/\/www.drivelife.it\/news\/wp-content\/uploads\/2014\/09\/APRE.jpg","articleSection":["AUDI","AUTOMOTIVE","NEWS","PUNTATA DRIVELIFE","PUNTATE DRIVELIFE TV 2014","VIDEO"],"inLanguage":"en-US","potentialAction":[{"@type":"CommentAction","name":"Comment","target":["https:\/\/www.drivelife.it\/news\/2014\/09\/14\/audi-tt\/#respond"]}]},{"@type":"WebPage","@id":"https:\/\/www.drivelife.it\/news\/2014\/09\/14\/audi-tt\/","url":"https:\/\/www.drivelife.it\/news\/2014\/09\/14\/audi-tt\/","name":"AUDI TT - #lucalife","isPartOf":{"@id":"https:\/\/www.drivelife.it\/news\/#website"},"primaryImageOfPage":{"@id":"https:\/\/www.drivelife.it\/news\/2014\/09\/14\/audi-tt\/#primaryimage"},"image":{"@id":"https:\/\/www.drivelife.it\/news\/2014\/09\/14\/audi-tt\/#primaryimage"},"thumbnailUrl":"https:\/\/www.drivelife.it\/news\/wp-content\/uploads\/2014\/09\/APRE.jpg","datePublished":"2014-09-14T07:00:14+00:00","dateModified":"2014-09-14T07:13:18+00:00","author":{"@id":"https:\/\/www.drivelife.it\/news\/#\/schema\/person\/b6c194c3423ff451be4914f5fd9c2188"},"breadcrumb":{"@id":"https:\/\/www.drivelife.it\/news\/2014\/09\/14\/audi-tt\/#breadcrumb"},"inLanguage":"en-US","potentialAction":[{"@type":"ReadAction","target":["https:\/\/www.drivelife.it\/news\/2014\/09\/14\/audi-tt\/"]}]},{"@type":"ImageObject","inLanguage":"en-US","@id":"https:\/\/www.drivelife.it\/news\/2014\/09\/14\/audi-tt\/#primaryimage","url":"https:\/\/www.drivelife.it\/news\/wp-content\/uploads\/2014\/09\/APRE.jpg","contentUrl":"https:\/\/www.drivelife.it\/news\/wp-content\/uploads\/2014\/09\/APRE.jpg","width":2560,"height":972,"caption":"AUDI TT"},{"@type":"BreadcrumbList","@id":"https:\/\/www.drivelife.it\/news\/2014\/09\/14\/audi-tt\/#breadcrumb","itemListElement":[{"@type":"ListItem","position":1,"name":"Home","item":"https:\/\/www.drivelife.it\/news\/"},{"@type":"ListItem","position":2,"name":"AUDI TT"}]},{"@type":"WebSite","@id":"https:\/\/www.drivelife.it\/news\/#website","url":"https:\/\/www.drivelife.it\/news\/","name":"#lucalife","description":"DRIVELIFE le mie automobili","potentialAction":[{"@type":"SearchAction","target":{"@type":"EntryPoint","urlTemplate":"https:\/\/www.drivelife.it\/news\/?s={search_term_string}"},"query-input":{"@type":"PropertyValueSpecification","valueRequired":true,"valueName":"search_term_string"}}],"inLanguage":"en-US"},{"@type":"Person","@id":"https:\/\/www.drivelife.it\/news\/#\/schema\/person\/b6c194c3423ff451be4914f5fd9c2188","name":"Redazione","image":{"@type":"ImageObject","inLanguage":"en-US","@id":"https:\/\/secure.gravatar.com\/avatar\/8d186f6b07ba8a94441344759f0e13bf1909b6ceaa171df0425551b4590fd558?s=96&d=mm&r=g","url":"https:\/\/secure.gravatar.com\/avatar\/8d186f6b07ba8a94441344759f0e13bf1909b6ceaa171df0425551b4590fd558?s=96&d=mm&r=g","contentUrl":"https:\/\/secure.gravatar.com\/avatar\/8d186f6b07ba8a94441344759f0e13bf1909b6ceaa171df0425551b4590fd558?s=96&d=mm&r=g","caption":"Redazione"},"url":"https:\/\/www.drivelife.it\/news\/author\/admin\/"}]}},"amp_enabled":true,"_links":{"self":[{"href":"https:\/\/www.drivelife.it\/news\/wp-json\/wp\/v2\/posts\/5311","targetHints":{"allow":["GET"]}}],"collection":[{"href":"https:\/\/www.drivelife.it\/news\/wp-json\/wp\/v2\/posts"}],"about":[{"href":"https:\/\/www.drivelife.it\/news\/wp-json\/wp\/v2\/types\/post"}],"author":[{"embeddable":true,"href":"https:\/\/www.drivelife.it\/news\/wp-json\/wp\/v2\/users\/1"}],"replies":[{"embeddable":true,"href":"https:\/\/www.drivelife.it\/news\/wp-json\/wp\/v2\/comments?post=5311"}],"version-history":[{"count":8,"href":"https:\/\/www.drivelife.it\/news\/wp-json\/wp\/v2\/posts\/5311\/revisions"}],"predecessor-version":[{"id":5336,"href":"https:\/\/www.drivelife.it\/news\/wp-json\/wp\/v2\/posts\/5311\/revisions\/5336"}],"wp:featuredmedia":[{"embeddable":true,"href":"https:\/\/www.drivelife.it\/news\/wp-json\/wp\/v2\/media\/5313"}],"wp:attachment":[{"href":"https:\/\/www.drivelife.it\/news\/wp-json\/wp\/v2\/media?parent=5311"}],"wp:term":[{"taxonomy":"category","embeddable":true,"href":"https:\/\/www.drivelife.it\/news\/wp-json\/wp\/v2\/categories?post=5311"},{"taxonomy":"post_tag","embeddable":true,"href":"https:\/\/www.drivelife.it\/news\/wp-json\/wp\/v2\/tags?post=5311"}],"curies":[{"name":"wp","href":"https:\/\/api.w.org\/{rel}","templated":true}]}}