{"id":5025,"date":"2014-08-27T09:30:25","date_gmt":"2014-08-27T09:30:25","guid":{"rendered":"http:\/\/www.drivelife.it\/news\/?p=5025"},"modified":"2014-08-27T09:45:58","modified_gmt":"2014-08-27T09:45:58","slug":"all-new-volvo-xc90","status":"publish","type":"post","link":"https:\/\/www.drivelife.it\/news\/2014\/08\/27\/all-new-volvo-xc90\/","title":{"rendered":"ALL NEW VOLVO XC90"},"content":{"rendered":"<p>Dopo aver visto nei mesi scorsi le attivit\u00e0 di Ingenlath m&#8217;aspettavo di pi\u00f9. Qualcosa di pi\u00f9 &#8220;istrionico&#8221;, un volo di fantasia che facesse dimenticare le vecchie forme della XC90 a tutto vantaggio di uno stile molto pi\u00f9 personale. Qualcosa di veramente distintivo, meno ovvio. Che catturasse il cuore e la mente tanto di un nuovo cliente e quella di un vecchio cliente. Ma che riconoscesse nella nuova XC90 quella forza creativa che, per esempio, \u00e8 stata la molla del successo della V40.<\/p>\n<h2>Qui non c&#8217;\u00e8 nulla di emozionante, di coinvolgente.<\/h2>\n<p>Non si pu\u00f2 delegare alla forma dei fari anteriori e posteriori &#8211; per quanto il design &#8220;notturno&#8221; abbia la sua importanza &#8211; la capacit\u00e0 di sedurre, di attrarre e conquistare. Qualcuno, leggendo, penser\u00e0 &#8220;facile criticare&#8221;. Sono osservazioni, sono critiche, sono prese di posizione. Inevitabili davanti a queste foto che mostrano una vettura &#8220;punta di diamante&#8221;, competitor &#8220;premium&#8221; che se la deve vedere con Mercedes, BMW, Porsche (la Macan, per esempio&#8230; non passa certo per una Cayenne pi\u00f9 piccola cos\u00ec come la X4 non \u00e8 una X6 in &#8220;editio minor&#8221;) ma che al contrario delle sue concorrenti non fa palpitare e non fa scattare il desiderio del possesso.<br \/>\nFacile criticare? Altrettanto facile disegnare per un designer.<br \/>\nAd ognuno il proprio mestiere.<\/p>\n<p>Luca Romano<\/p>\n<div id=\"attachment_5026\" style=\"width: 730px\" class=\"wp-caption alignnone\"><img loading=\"lazy\" decoding=\"async\" aria-describedby=\"caption-attachment-5026\" class=\"size-large wp-image-5026\" alt=\"ALL NEW VOLVO XC90\" src=\"http:\/\/www.drivelife.it\/news\/wp-content\/uploads\/2014\/08\/ALL-NEW-VOLVO-XC90-copia-960x318.jpg\" width=\"720\" height=\"238\" srcset=\"https:\/\/www.drivelife.it\/news\/wp-content\/uploads\/2014\/08\/ALL-NEW-VOLVO-XC90-copia-960x318.jpg 960w, https:\/\/www.drivelife.it\/news\/wp-content\/uploads\/2014\/08\/ALL-NEW-VOLVO-XC90-copia-580x192.jpg 580w, https:\/\/www.drivelife.it\/news\/wp-content\/uploads\/2014\/08\/ALL-NEW-VOLVO-XC90-copia.jpg 1680w\" sizes=\"auto, (max-width: 720px) 100vw, 720px\" \/><p id=\"caption-attachment-5026\" class=\"wp-caption-text\">ALL NEW VOLVO XC90<\/p><\/div>\n\n\t\t<style>\n\t\t\t#gallery-1 {\n\t\t\t\tmargin: auto;\n\t\t\t}\n\t\t\t#gallery-1 .gallery-item {\n\t\t\t\tfloat: left;\n\t\t\t\tmargin-top: 10px;\n\t\t\t\ttext-align: center;\n\t\t\t\twidth: 11%;\n\t\t\t}\n\t\t\t#gallery-1 img {\n\t\t\t\tborder: 2px solid #cfcfcf;\n\t\t\t}\n\t\t\t#gallery-1 .gallery-caption {\n\t\t\t\tmargin-left: 0;\n\t\t\t}\n\t\t\t\/* see gallery_shortcode() in wp-includes\/media.php *\/\n\t\t<\/style>\n\t\t<div id='gallery-1' class='gallery galleryid-5025 gallery-columns-9 gallery-size-thumbnail'><dl class='gallery-item'>\n\t\t\t<dt class='gallery-icon landscape'>\n\t\t\t\t<a href='https:\/\/www.drivelife.it\/news\/2014\/08\/27\/all-new-volvo-xc90\/all-new-volvo-xc90-2\/'><img loading=\"lazy\" decoding=\"async\" width=\"150\" height=\"150\" src=\"https:\/\/www.drivelife.it\/news\/wp-content\/uploads\/2014\/08\/ALL-NEW-VOLVO-XC90-2-150x150.jpg\" class=\"attachment-thumbnail size-thumbnail no-lazy\" alt=\"\" srcset=\"https:\/\/www.drivelife.it\/news\/wp-content\/uploads\/2014\/08\/ALL-NEW-VOLVO-XC90-2-150x150.jpg 150w, https:\/\/www.drivelife.it\/news\/wp-content\/uploads\/2014\/08\/ALL-NEW-VOLVO-XC90-2-160x160.jpg 160w\" sizes=\"auto, (max-width: 150px) 100vw, 150px\" \/><\/a>\n\t\t\t<\/dt><\/dl><dl class='gallery-item'>\n\t\t\t<dt class='gallery-icon landscape'>\n\t\t\t\t<a href='https:\/\/www.drivelife.it\/news\/2014\/08\/27\/all-new-volvo-xc90\/all-new-volvo-xc90-6\/'><img loading=\"lazy\" decoding=\"async\" width=\"150\" height=\"150\" src=\"https:\/\/www.drivelife.it\/news\/wp-content\/uploads\/2014\/08\/ALL-NEW-VOLVO-XC90-6-150x150.jpg\" class=\"attachment-thumbnail size-thumbnail no-lazy\" alt=\"\" srcset=\"https:\/\/www.drivelife.it\/news\/wp-content\/uploads\/2014\/08\/ALL-NEW-VOLVO-XC90-6-150x150.jpg 150w, https:\/\/www.drivelife.it\/news\/wp-content\/uploads\/2014\/08\/ALL-NEW-VOLVO-XC90-6-160x160.jpg 160w\" sizes=\"auto, (max-width: 150px) 100vw, 150px\" \/><\/a>\n\t\t\t<\/dt><\/dl><dl class='gallery-item'>\n\t\t\t<dt class='gallery-icon landscape'>\n\t\t\t\t<a href='https:\/\/www.drivelife.it\/news\/2014\/08\/27\/all-new-volvo-xc90\/all-new-volvo-xc90-1\/'><img loading=\"lazy\" decoding=\"async\" width=\"150\" height=\"150\" src=\"https:\/\/www.drivelife.it\/news\/wp-content\/uploads\/2014\/08\/ALL-NEW-VOLVO-XC90-1-150x150.jpg\" class=\"attachment-thumbnail size-thumbnail no-lazy\" alt=\"\" srcset=\"https:\/\/www.drivelife.it\/news\/wp-content\/uploads\/2014\/08\/ALL-NEW-VOLVO-XC90-1-150x150.jpg 150w, https:\/\/www.drivelife.it\/news\/wp-content\/uploads\/2014\/08\/ALL-NEW-VOLVO-XC90-1-160x160.jpg 160w\" sizes=\"auto, (max-width: 150px) 100vw, 150px\" \/><\/a>\n\t\t\t<\/dt><\/dl><dl class='gallery-item'>\n\t\t\t<dt class='gallery-icon landscape'>\n\t\t\t\t<a href='https:\/\/www.drivelife.it\/news\/2014\/08\/27\/all-new-volvo-xc90\/all-new-volvo-xc90-8\/'><img loading=\"lazy\" decoding=\"async\" width=\"150\" height=\"150\" src=\"https:\/\/www.drivelife.it\/news\/wp-content\/uploads\/2014\/08\/ALL-NEW-VOLVO-XC90-8-150x150.jpg\" class=\"attachment-thumbnail size-thumbnail no-lazy\" alt=\"\" srcset=\"https:\/\/www.drivelife.it\/news\/wp-content\/uploads\/2014\/08\/ALL-NEW-VOLVO-XC90-8-150x150.jpg 150w, https:\/\/www.drivelife.it\/news\/wp-content\/uploads\/2014\/08\/ALL-NEW-VOLVO-XC90-8-160x160.jpg 160w\" sizes=\"auto, (max-width: 150px) 100vw, 150px\" \/><\/a>\n\t\t\t<\/dt><\/dl><dl class='gallery-item'>\n\t\t\t<dt class='gallery-icon landscape'>\n\t\t\t\t<a href='https:\/\/www.drivelife.it\/news\/2014\/08\/27\/all-new-volvo-xc90\/all-new-volvo-xc90-7\/'><img loading=\"lazy\" decoding=\"async\" width=\"150\" height=\"150\" src=\"https:\/\/www.drivelife.it\/news\/wp-content\/uploads\/2014\/08\/ALL-NEW-VOLVO-XC90-7-150x150.jpg\" class=\"attachment-thumbnail size-thumbnail no-lazy\" alt=\"\" srcset=\"https:\/\/www.drivelife.it\/news\/wp-content\/uploads\/2014\/08\/ALL-NEW-VOLVO-XC90-7-150x150.jpg 150w, https:\/\/www.drivelife.it\/news\/wp-content\/uploads\/2014\/08\/ALL-NEW-VOLVO-XC90-7-160x160.jpg 160w\" sizes=\"auto, (max-width: 150px) 100vw, 150px\" \/><\/a>\n\t\t\t<\/dt><\/dl><dl class='gallery-item'>\n\t\t\t<dt class='gallery-icon landscape'>\n\t\t\t\t<a href='https:\/\/www.drivelife.it\/news\/2014\/08\/27\/all-new-volvo-xc90\/all-new-volvo-xc90-4\/'><img loading=\"lazy\" decoding=\"async\" width=\"150\" height=\"150\" src=\"https:\/\/www.drivelife.it\/news\/wp-content\/uploads\/2014\/08\/ALL-NEW-VOLVO-XC90-4-150x150.jpg\" class=\"attachment-thumbnail size-thumbnail no-lazy\" alt=\"\" srcset=\"https:\/\/www.drivelife.it\/news\/wp-content\/uploads\/2014\/08\/ALL-NEW-VOLVO-XC90-4-150x150.jpg 150w, https:\/\/www.drivelife.it\/news\/wp-content\/uploads\/2014\/08\/ALL-NEW-VOLVO-XC90-4-160x160.jpg 160w\" sizes=\"auto, (max-width: 150px) 100vw, 150px\" \/><\/a>\n\t\t\t<\/dt><\/dl><dl class='gallery-item'>\n\t\t\t<dt class='gallery-icon landscape'>\n\t\t\t\t<a href='https:\/\/www.drivelife.it\/news\/2014\/08\/27\/all-new-volvo-xc90\/all-new-volvo-xc90-9\/'><img loading=\"lazy\" decoding=\"async\" width=\"150\" height=\"150\" src=\"https:\/\/www.drivelife.it\/news\/wp-content\/uploads\/2014\/08\/ALL-NEW-VOLVO-XC90-150x150.jpg\" class=\"attachment-thumbnail size-thumbnail no-lazy\" alt=\"\" srcset=\"https:\/\/www.drivelife.it\/news\/wp-content\/uploads\/2014\/08\/ALL-NEW-VOLVO-XC90-150x150.jpg 150w, https:\/\/www.drivelife.it\/news\/wp-content\/uploads\/2014\/08\/ALL-NEW-VOLVO-XC90-160x160.jpg 160w\" sizes=\"auto, (max-width: 150px) 100vw, 150px\" \/><\/a>\n\t\t\t<\/dt><\/dl><dl class='gallery-item'>\n\t\t\t<dt class='gallery-icon landscape'>\n\t\t\t\t<a href='https:\/\/www.drivelife.it\/news\/2014\/08\/27\/all-new-volvo-xc90\/all-new-volvo-xc90-3\/'><img loading=\"lazy\" decoding=\"async\" width=\"150\" height=\"150\" src=\"https:\/\/www.drivelife.it\/news\/wp-content\/uploads\/2014\/08\/ALL-NEW-VOLVO-XC90-3-150x150.jpg\" class=\"attachment-thumbnail size-thumbnail no-lazy\" alt=\"\" srcset=\"https:\/\/www.drivelife.it\/news\/wp-content\/uploads\/2014\/08\/ALL-NEW-VOLVO-XC90-3-150x150.jpg 150w, https:\/\/www.drivelife.it\/news\/wp-content\/uploads\/2014\/08\/ALL-NEW-VOLVO-XC90-3-160x160.jpg 160w\" sizes=\"auto, (max-width: 150px) 100vw, 150px\" \/><\/a>\n\t\t\t<\/dt><\/dl><dl class='gallery-item'>\n\t\t\t<dt class='gallery-icon landscape'>\n\t\t\t\t<a href='https:\/\/www.drivelife.it\/news\/2014\/08\/27\/all-new-volvo-xc90\/all-new-volvo-xc90-5\/'><img loading=\"lazy\" decoding=\"async\" width=\"150\" height=\"150\" src=\"https:\/\/www.drivelife.it\/news\/wp-content\/uploads\/2014\/08\/ALL-NEW-VOLVO-XC90-5-150x150.jpg\" class=\"attachment-thumbnail size-thumbnail no-lazy\" alt=\"\" srcset=\"https:\/\/www.drivelife.it\/news\/wp-content\/uploads\/2014\/08\/ALL-NEW-VOLVO-XC90-5-150x150.jpg 150w, https:\/\/www.drivelife.it\/news\/wp-content\/uploads\/2014\/08\/ALL-NEW-VOLVO-XC90-5-160x160.jpg 160w\" sizes=\"auto, (max-width: 150px) 100vw, 150px\" \/><\/a>\n\t\t\t<\/dt><\/dl><br style=\"clear: both\" \/>\n\t\t<\/div>\n\n","protected":false},"excerpt":{"rendered":"<p>Dopo aver visto nei mesi scorsi le attivit\u00e0 di Ingenlath m&#8217;aspettavo di pi\u00f9. Qualcosa di pi\u00f9 &#8220;istrionico&#8221;, un volo di fantasia che facesse dimenticare le vecchie forme della XC90 a tutto vantaggio di uno stile molto pi\u00f9 personale. Qualcosa di veramente distintivo, meno ovvio. Che catturasse il cuore e la mente tanto di un nuovo cliente e quella di un vecchio cliente. Ma che riconoscesse nella nuova XC90 quella forza creativa che, per esempio, \u00e8 stata la molla del successo della V40. Qui non c&#8217;\u00e8 nulla di emozionante, di coinvolgente. Non si pu\u00f2 delegare alla forma dei fari anteriori e posteriori &#8211;&#46;&#46;&#46;<\/p>\n","protected":false},"author":1,"featured_media":5026,"comment_status":"open","ping_status":"open","sticky":false,"template":"","format":"video","meta":{"ngg_post_thumbnail":0,"footnotes":""},"categories":[39,55,53,29],"tags":[406,809,796],"class_list":["post-5025","post","type-post","status-publish","format-video","has-post-thumbnail","hentry","category-automotive","category-news","category-video","category-volvo","tag-all-new-volvo-xc90","tag-news","tag-volvo","post_format-post-format-video"],"yoast_head":"<!-- This site is optimized with the Yoast SEO plugin v27.5 - https:\/\/yoast.com\/product\/yoast-seo-wordpress\/ -->\n<title>ALL NEW VOLVO XC90 - #lucalife<\/title>\n<meta name=\"robots\" content=\"index, follow, max-snippet:-1, max-image-preview:large, max-video-preview:-1\" \/>\n<link rel=\"canonical\" href=\"https:\/\/www.drivelife.it\/news\/2014\/08\/27\/all-new-volvo-xc90\/\" \/>\n<meta property=\"og:locale\" content=\"en_US\" \/>\n<meta property=\"og:type\" content=\"article\" \/>\n<meta property=\"og:title\" content=\"ALL NEW VOLVO XC90 - #lucalife\" \/>\n<meta property=\"og:description\" content=\"Dopo aver visto nei mesi scorsi le attivit\u00e0 di Ingenlath m&#8217;aspettavo di pi\u00f9. Qualcosa di pi\u00f9 &#8220;istrionico&#8221;, un volo di fantasia che facesse dimenticare le vecchie forme della XC90 a tutto vantaggio di uno stile molto pi\u00f9 personale. Qualcosa di veramente distintivo, meno ovvio. Che catturasse il cuore e la mente tanto di un nuovo cliente e quella di un vecchio cliente. Ma che riconoscesse nella nuova XC90 quella forza creativa che, per esempio, \u00e8 stata la molla del successo della V40. Qui non c&#8217;\u00e8 nulla di emozionante, di coinvolgente. Non si pu\u00f2 delegare alla forma dei fari anteriori e posteriori &#8211;&#046;&#046;&#046;\" \/>\n<meta property=\"og:url\" content=\"https:\/\/www.drivelife.it\/news\/2014\/08\/27\/all-new-volvo-xc90\/\" \/>\n<meta property=\"og:site_name\" content=\"#lucalife\" \/>\n<meta property=\"article:publisher\" content=\"https:\/\/www.facebook.com\/pages\/Drivelife\/467833073239720\" \/>\n<meta property=\"article:published_time\" content=\"2014-08-27T09:30:25+00:00\" \/>\n<meta property=\"article:modified_time\" content=\"2014-08-27T09:45:58+00:00\" \/>\n<meta property=\"og:image\" content=\"https:\/\/www.drivelife.it\/news\/wp-content\/uploads\/2014\/08\/ALL-NEW-VOLVO-XC90-copia.jpg\" \/>\n\t<meta property=\"og:image:width\" content=\"1680\" \/>\n\t<meta property=\"og:image:height\" content=\"558\" \/>\n\t<meta property=\"og:image:type\" content=\"image\/jpeg\" \/>\n<meta name=\"author\" content=\"Redazione\" \/>\n<meta name=\"twitter:card\" content=\"summary_large_image\" \/>\n<meta name=\"twitter:creator\" content=\"@tweetdrivelife\" \/>\n<meta name=\"twitter:site\" content=\"@tweetdrivelife\" \/>\n<meta name=\"twitter:label1\" content=\"Written by\" \/>\n\t<meta name=\"twitter:data1\" content=\"Redazione\" \/>\n\t<meta name=\"twitter:label2\" content=\"Est. reading time\" \/>\n\t<meta name=\"twitter:data2\" content=\"1 minute\" \/>\n<script type=\"application\/ld+json\" class=\"yoast-schema-graph\">{\"@context\":\"https:\\\/\\\/schema.org\",\"@graph\":[{\"@type\":\"Article\",\"@id\":\"https:\\\/\\\/www.drivelife.it\\\/news\\\/2014\\\/08\\\/27\\\/all-new-volvo-xc90\\\/#article\",\"isPartOf\":{\"@id\":\"https:\\\/\\\/www.drivelife.it\\\/news\\\/2014\\\/08\\\/27\\\/all-new-volvo-xc90\\\/\"},\"author\":{\"name\":\"Redazione\",\"@id\":\"https:\\\/\\\/www.drivelife.it\\\/news\\\/#\\\/schema\\\/person\\\/b6c194c3423ff451be4914f5fd9c2188\"},\"headline\":\"ALL NEW VOLVO XC90\",\"datePublished\":\"2014-08-27T09:30:25+00:00\",\"dateModified\":\"2014-08-27T09:45:58+00:00\",\"mainEntityOfPage\":{\"@id\":\"https:\\\/\\\/www.drivelife.it\\\/news\\\/2014\\\/08\\\/27\\\/all-new-volvo-xc90\\\/\"},\"wordCount\":231,\"commentCount\":0,\"image\":{\"@id\":\"https:\\\/\\\/www.drivelife.it\\\/news\\\/2014\\\/08\\\/27\\\/all-new-volvo-xc90\\\/#primaryimage\"},\"thumbnailUrl\":\"https:\\\/\\\/www.drivelife.it\\\/news\\\/wp-content\\\/uploads\\\/2014\\\/08\\\/ALL-NEW-VOLVO-XC90-copia.jpg\",\"keywords\":[\"ALL-NEW-VOLVO-XC90\",\"NEWS\",\"VOLVO\"],\"articleSection\":[\"AUTOMOTIVE\",\"NEWS\",\"VIDEO\",\"VOLVO\"],\"inLanguage\":\"en-US\",\"potentialAction\":[{\"@type\":\"CommentAction\",\"name\":\"Comment\",\"target\":[\"https:\\\/\\\/www.drivelife.it\\\/news\\\/2014\\\/08\\\/27\\\/all-new-volvo-xc90\\\/#respond\"]}]},{\"@type\":\"WebPage\",\"@id\":\"https:\\\/\\\/www.drivelife.it\\\/news\\\/2014\\\/08\\\/27\\\/all-new-volvo-xc90\\\/\",\"url\":\"https:\\\/\\\/www.drivelife.it\\\/news\\\/2014\\\/08\\\/27\\\/all-new-volvo-xc90\\\/\",\"name\":\"ALL NEW VOLVO XC90 - #lucalife\",\"isPartOf\":{\"@id\":\"https:\\\/\\\/www.drivelife.it\\\/news\\\/#website\"},\"primaryImageOfPage\":{\"@id\":\"https:\\\/\\\/www.drivelife.it\\\/news\\\/2014\\\/08\\\/27\\\/all-new-volvo-xc90\\\/#primaryimage\"},\"image\":{\"@id\":\"https:\\\/\\\/www.drivelife.it\\\/news\\\/2014\\\/08\\\/27\\\/all-new-volvo-xc90\\\/#primaryimage\"},\"thumbnailUrl\":\"https:\\\/\\\/www.drivelife.it\\\/news\\\/wp-content\\\/uploads\\\/2014\\\/08\\\/ALL-NEW-VOLVO-XC90-copia.jpg\",\"datePublished\":\"2014-08-27T09:30:25+00:00\",\"dateModified\":\"2014-08-27T09:45:58+00:00\",\"author\":{\"@id\":\"https:\\\/\\\/www.drivelife.it\\\/news\\\/#\\\/schema\\\/person\\\/b6c194c3423ff451be4914f5fd9c2188\"},\"breadcrumb\":{\"@id\":\"https:\\\/\\\/www.drivelife.it\\\/news\\\/2014\\\/08\\\/27\\\/all-new-volvo-xc90\\\/#breadcrumb\"},\"inLanguage\":\"en-US\",\"potentialAction\":[{\"@type\":\"ReadAction\",\"target\":[\"https:\\\/\\\/www.drivelife.it\\\/news\\\/2014\\\/08\\\/27\\\/all-new-volvo-xc90\\\/\"]}]},{\"@type\":\"ImageObject\",\"inLanguage\":\"en-US\",\"@id\":\"https:\\\/\\\/www.drivelife.it\\\/news\\\/2014\\\/08\\\/27\\\/all-new-volvo-xc90\\\/#primaryimage\",\"url\":\"https:\\\/\\\/www.drivelife.it\\\/news\\\/wp-content\\\/uploads\\\/2014\\\/08\\\/ALL-NEW-VOLVO-XC90-copia.jpg\",\"contentUrl\":\"https:\\\/\\\/www.drivelife.it\\\/news\\\/wp-content\\\/uploads\\\/2014\\\/08\\\/ALL-NEW-VOLVO-XC90-copia.jpg\",\"width\":1680,\"height\":558,\"caption\":\"ALL NEW VOLVO XC90\"},{\"@type\":\"BreadcrumbList\",\"@id\":\"https:\\\/\\\/www.drivelife.it\\\/news\\\/2014\\\/08\\\/27\\\/all-new-volvo-xc90\\\/#breadcrumb\",\"itemListElement\":[{\"@type\":\"ListItem\",\"position\":1,\"name\":\"Home\",\"item\":\"https:\\\/\\\/www.drivelife.it\\\/news\\\/\"},{\"@type\":\"ListItem\",\"position\":2,\"name\":\"ALL NEW VOLVO XC90\"}]},{\"@type\":\"WebSite\",\"@id\":\"https:\\\/\\\/www.drivelife.it\\\/news\\\/#website\",\"url\":\"https:\\\/\\\/www.drivelife.it\\\/news\\\/\",\"name\":\"#lucalife\",\"description\":\"DRIVELIFE le mie automobili\",\"potentialAction\":[{\"@type\":\"SearchAction\",\"target\":{\"@type\":\"EntryPoint\",\"urlTemplate\":\"https:\\\/\\\/www.drivelife.it\\\/news\\\/?s={search_term_string}\"},\"query-input\":{\"@type\":\"PropertyValueSpecification\",\"valueRequired\":true,\"valueName\":\"search_term_string\"}}],\"inLanguage\":\"en-US\"},{\"@type\":\"Person\",\"@id\":\"https:\\\/\\\/www.drivelife.it\\\/news\\\/#\\\/schema\\\/person\\\/b6c194c3423ff451be4914f5fd9c2188\",\"name\":\"Redazione\",\"image\":{\"@type\":\"ImageObject\",\"inLanguage\":\"en-US\",\"@id\":\"https:\\\/\\\/secure.gravatar.com\\\/avatar\\\/8d186f6b07ba8a94441344759f0e13bf1909b6ceaa171df0425551b4590fd558?s=96&d=mm&r=g\",\"url\":\"https:\\\/\\\/secure.gravatar.com\\\/avatar\\\/8d186f6b07ba8a94441344759f0e13bf1909b6ceaa171df0425551b4590fd558?s=96&d=mm&r=g\",\"contentUrl\":\"https:\\\/\\\/secure.gravatar.com\\\/avatar\\\/8d186f6b07ba8a94441344759f0e13bf1909b6ceaa171df0425551b4590fd558?s=96&d=mm&r=g\",\"caption\":\"Redazione\"},\"url\":\"https:\\\/\\\/www.drivelife.it\\\/news\\\/author\\\/admin\\\/\"}]}<\/script>\n<!-- \/ Yoast SEO plugin. -->","yoast_head_json":{"title":"ALL NEW VOLVO XC90 - #lucalife","robots":{"index":"index","follow":"follow","max-snippet":"max-snippet:-1","max-image-preview":"max-image-preview:large","max-video-preview":"max-video-preview:-1"},"canonical":"https:\/\/www.drivelife.it\/news\/2014\/08\/27\/all-new-volvo-xc90\/","og_locale":"en_US","og_type":"article","og_title":"ALL NEW VOLVO XC90 - #lucalife","og_description":"Dopo aver visto nei mesi scorsi le attivit\u00e0 di Ingenlath m&#8217;aspettavo di pi\u00f9. Qualcosa di pi\u00f9 &#8220;istrionico&#8221;, un volo di fantasia che facesse dimenticare le vecchie forme della XC90 a tutto vantaggio di uno stile molto pi\u00f9 personale. Qualcosa di veramente distintivo, meno ovvio. Che catturasse il cuore e la mente tanto di un nuovo cliente e quella di un vecchio cliente. Ma che riconoscesse nella nuova XC90 quella forza creativa che, per esempio, \u00e8 stata la molla del successo della V40. Qui non c&#8217;\u00e8 nulla di emozionante, di coinvolgente. Non si pu\u00f2 delegare alla forma dei fari anteriori e posteriori &#8211;&#46;&#46;&#46;","og_url":"https:\/\/www.drivelife.it\/news\/2014\/08\/27\/all-new-volvo-xc90\/","og_site_name":"#lucalife","article_publisher":"https:\/\/www.facebook.com\/pages\/Drivelife\/467833073239720","article_published_time":"2014-08-27T09:30:25+00:00","article_modified_time":"2014-08-27T09:45:58+00:00","og_image":[{"width":1680,"height":558,"url":"https:\/\/www.drivelife.it\/news\/wp-content\/uploads\/2014\/08\/ALL-NEW-VOLVO-XC90-copia.jpg","type":"image\/jpeg"}],"author":"Redazione","twitter_card":"summary_large_image","twitter_creator":"@tweetdrivelife","twitter_site":"@tweetdrivelife","twitter_misc":{"Written by":"Redazione","Est. reading time":"1 minute"},"schema":{"@context":"https:\/\/schema.org","@graph":[{"@type":"Article","@id":"https:\/\/www.drivelife.it\/news\/2014\/08\/27\/all-new-volvo-xc90\/#article","isPartOf":{"@id":"https:\/\/www.drivelife.it\/news\/2014\/08\/27\/all-new-volvo-xc90\/"},"author":{"name":"Redazione","@id":"https:\/\/www.drivelife.it\/news\/#\/schema\/person\/b6c194c3423ff451be4914f5fd9c2188"},"headline":"ALL NEW VOLVO XC90","datePublished":"2014-08-27T09:30:25+00:00","dateModified":"2014-08-27T09:45:58+00:00","mainEntityOfPage":{"@id":"https:\/\/www.drivelife.it\/news\/2014\/08\/27\/all-new-volvo-xc90\/"},"wordCount":231,"commentCount":0,"image":{"@id":"https:\/\/www.drivelife.it\/news\/2014\/08\/27\/all-new-volvo-xc90\/#primaryimage"},"thumbnailUrl":"https:\/\/www.drivelife.it\/news\/wp-content\/uploads\/2014\/08\/ALL-NEW-VOLVO-XC90-copia.jpg","keywords":["ALL-NEW-VOLVO-XC90","NEWS","VOLVO"],"articleSection":["AUTOMOTIVE","NEWS","VIDEO","VOLVO"],"inLanguage":"en-US","potentialAction":[{"@type":"CommentAction","name":"Comment","target":["https:\/\/www.drivelife.it\/news\/2014\/08\/27\/all-new-volvo-xc90\/#respond"]}]},{"@type":"WebPage","@id":"https:\/\/www.drivelife.it\/news\/2014\/08\/27\/all-new-volvo-xc90\/","url":"https:\/\/www.drivelife.it\/news\/2014\/08\/27\/all-new-volvo-xc90\/","name":"ALL NEW VOLVO XC90 - #lucalife","isPartOf":{"@id":"https:\/\/www.drivelife.it\/news\/#website"},"primaryImageOfPage":{"@id":"https:\/\/www.drivelife.it\/news\/2014\/08\/27\/all-new-volvo-xc90\/#primaryimage"},"image":{"@id":"https:\/\/www.drivelife.it\/news\/2014\/08\/27\/all-new-volvo-xc90\/#primaryimage"},"thumbnailUrl":"https:\/\/www.drivelife.it\/news\/wp-content\/uploads\/2014\/08\/ALL-NEW-VOLVO-XC90-copia.jpg","datePublished":"2014-08-27T09:30:25+00:00","dateModified":"2014-08-27T09:45:58+00:00","author":{"@id":"https:\/\/www.drivelife.it\/news\/#\/schema\/person\/b6c194c3423ff451be4914f5fd9c2188"},"breadcrumb":{"@id":"https:\/\/www.drivelife.it\/news\/2014\/08\/27\/all-new-volvo-xc90\/#breadcrumb"},"inLanguage":"en-US","potentialAction":[{"@type":"ReadAction","target":["https:\/\/www.drivelife.it\/news\/2014\/08\/27\/all-new-volvo-xc90\/"]}]},{"@type":"ImageObject","inLanguage":"en-US","@id":"https:\/\/www.drivelife.it\/news\/2014\/08\/27\/all-new-volvo-xc90\/#primaryimage","url":"https:\/\/www.drivelife.it\/news\/wp-content\/uploads\/2014\/08\/ALL-NEW-VOLVO-XC90-copia.jpg","contentUrl":"https:\/\/www.drivelife.it\/news\/wp-content\/uploads\/2014\/08\/ALL-NEW-VOLVO-XC90-copia.jpg","width":1680,"height":558,"caption":"ALL NEW VOLVO XC90"},{"@type":"BreadcrumbList","@id":"https:\/\/www.drivelife.it\/news\/2014\/08\/27\/all-new-volvo-xc90\/#breadcrumb","itemListElement":[{"@type":"ListItem","position":1,"name":"Home","item":"https:\/\/www.drivelife.it\/news\/"},{"@type":"ListItem","position":2,"name":"ALL NEW VOLVO XC90"}]},{"@type":"WebSite","@id":"https:\/\/www.drivelife.it\/news\/#website","url":"https:\/\/www.drivelife.it\/news\/","name":"#lucalife","description":"DRIVELIFE le mie automobili","potentialAction":[{"@type":"SearchAction","target":{"@type":"EntryPoint","urlTemplate":"https:\/\/www.drivelife.it\/news\/?s={search_term_string}"},"query-input":{"@type":"PropertyValueSpecification","valueRequired":true,"valueName":"search_term_string"}}],"inLanguage":"en-US"},{"@type":"Person","@id":"https:\/\/www.drivelife.it\/news\/#\/schema\/person\/b6c194c3423ff451be4914f5fd9c2188","name":"Redazione","image":{"@type":"ImageObject","inLanguage":"en-US","@id":"https:\/\/secure.gravatar.com\/avatar\/8d186f6b07ba8a94441344759f0e13bf1909b6ceaa171df0425551b4590fd558?s=96&d=mm&r=g","url":"https:\/\/secure.gravatar.com\/avatar\/8d186f6b07ba8a94441344759f0e13bf1909b6ceaa171df0425551b4590fd558?s=96&d=mm&r=g","contentUrl":"https:\/\/secure.gravatar.com\/avatar\/8d186f6b07ba8a94441344759f0e13bf1909b6ceaa171df0425551b4590fd558?s=96&d=mm&r=g","caption":"Redazione"},"url":"https:\/\/www.drivelife.it\/news\/author\/admin\/"}]}},"amp_enabled":true,"_links":{"self":[{"href":"https:\/\/www.drivelife.it\/news\/wp-json\/wp\/v2\/posts\/5025","targetHints":{"allow":["GET"]}}],"collection":[{"href":"https:\/\/www.drivelife.it\/news\/wp-json\/wp\/v2\/posts"}],"about":[{"href":"https:\/\/www.drivelife.it\/news\/wp-json\/wp\/v2\/types\/post"}],"author":[{"embeddable":true,"href":"https:\/\/www.drivelife.it\/news\/wp-json\/wp\/v2\/users\/1"}],"replies":[{"embeddable":true,"href":"https:\/\/www.drivelife.it\/news\/wp-json\/wp\/v2\/comments?post=5025"}],"version-history":[{"count":3,"href":"https:\/\/www.drivelife.it\/news\/wp-json\/wp\/v2\/posts\/5025\/revisions"}],"predecessor-version":[{"id":5038,"href":"https:\/\/www.drivelife.it\/news\/wp-json\/wp\/v2\/posts\/5025\/revisions\/5038"}],"wp:featuredmedia":[{"embeddable":true,"href":"https:\/\/www.drivelife.it\/news\/wp-json\/wp\/v2\/media\/5026"}],"wp:attachment":[{"href":"https:\/\/www.drivelife.it\/news\/wp-json\/wp\/v2\/media?parent=5025"}],"wp:term":[{"taxonomy":"category","embeddable":true,"href":"https:\/\/www.drivelife.it\/news\/wp-json\/wp\/v2\/categories?post=5025"},{"taxonomy":"post_tag","embeddable":true,"href":"https:\/\/www.drivelife.it\/news\/wp-json\/wp\/v2\/tags?post=5025"}],"curies":[{"name":"wp","href":"https:\/\/api.w.org\/{rel}","templated":true}]}}