{"id":5019,"date":"2014-08-26T17:25:57","date_gmt":"2014-08-26T17:25:57","guid":{"rendered":"http:\/\/www.drivelife.it\/news\/?p=5019"},"modified":"2014-08-26T17:29:46","modified_gmt":"2014-08-26T17:29:46","slug":"bmw-serie-2-active-tourer-2","status":"publish","type":"post","link":"https:\/\/www.drivelife.it\/news\/2014\/08\/26\/bmw-serie-2-active-tourer-2\/","title":{"rendered":"BMW Serie 2 Active Tourer"},"content":{"rendered":"<h1>LA BMW CHE NON CI MANCAVA<\/h1>\n<p>La domanda che mi pongo \u00e8 una sola. Avr\u00e0 una risposta il sedici settembre, a Merano. In Alto Adige, dove \u00e8 ambientato lo shooting della clip, qui in drivelife, \u00e8 il test drive della prima trazione anteriore di BMW. Un altro &#8220;sacrilegio&#8221; automobilistico in virt\u00f9 delle richieste del mercato. O del marketing imperante?<br \/>\nLa domanda, comunque, \u00e8 in qualche modo correlata al pensiero appena esposto. Perch\u00e8 aspettare tanto tempo per la presentazione di un modello (che ci racconteranno di sicuro) sar\u00e0 di successo nella gamma BMW? E non \u00e8 solo una questione tecnica, ossia, perch\u00e9 tanto tempo per progettare, produrre e vendere una trazione anteriore?<br \/>\nTanto pi\u00f9 che il diretto concorrente (Mercedes) ha tempo, e vende con successo, la Classe B, ora giunta alla seconda generazione. Dunque: perch\u00e9 perdere tante opportunit\u00e0 commerciali?<br \/>\nSapr\u00f2 tutto, e ne scriver\u00f2, a met\u00e0 del prossimo mese.<br \/>\nQui alcune anticipazioni tecniche della nuova BMW Serie 2 Active Tourer.<br \/>\nGrazie alla combinazione di passo ed altezza della vettura, in BMW affermano che la Active Tourer offrir\u00e0 una sensazione di spaziosit\u00e0 finora mai conosciuta.<br \/>\nBene, verificheremo anche questo.<br \/>\nPosizione di guida e quella dei passeggeri pi\u00f9 alta rispetto ad una berlina, l&#8217;abitacolo ricco di vaschette porta-oggetti e numerose soluzioni d&#8217;arredamento per la migliore funzionalit\u00e0 e comfort di bordo, sono tra le valenze della nuova BMW Serie 2 Active Tourer.<br \/>\nSe l&#8217;esperienza non m&#8217;inganna, sono quasi certo che in BMW a Merano affermeranno che il nuovo modello \u00e8 destinato ad un target composto dal giusto mix di &#8220;famiglia&#8221; e single dediti al tempo libero e all&#8217;happy-hour. E&#8217; una facile deduzione leggendo delle misure e della capienza del bagagliaio: da 468 a 1.510 litri, con schienale del divano posteriore frazionabile, per il ribaltamento, nella proporzione 40:20:40. Come voler dire che dal surf al kite, dallo snowboard alle &#8220;ciaspole&#8221; e poi &#8211; quando c&#8217;\u00e8 famiglia &#8211; allo slittino, o per l&#8217;estate, ombrellone, cestino picnic insieme a pinne e maschera, in quel bagagliaio entra davvero tutto.<br \/>\nAl lancio saranno disponibili motori a tre e quattro cilindri ma al top di gamma si posiziona un bel 225i che con 231 CV di potenza, cambio Steptronic ad otto rapporti, ha senz&#8217;altro un forte appeal per chi ama le prestazioni. Da zero a cento in &#8220;sei e sei&#8221; e &#8220;due-e-quaranta&#8221; la velocit\u00e0 massima. S\u00ec, insomma, per famiglie &#8220;veloci&#8221;.<br \/>\nLa BMW Serie 2 Active Tourer sar\u00e0 disponibile in quattro livelli di allestimenti ai quali si aggiunger\u00e0, a fine anno, una versione M Sport.<br \/>\nIl prezzo di vendita, in Germania, a fine settembre, \u00e8 di circa 27mila euro.<\/p>\n<p>Infine la trazione anteriore. Un nuovo progetto di BMW che combina, per l&#8217;asse di trazione, uno snodo unico e per quello posteriore un sistema multilink.<br \/>\nCon una taratura di grande precisione per la miglior dinamica di guida ed un feedback &#8220;molto comunicativo&#8221;.<br \/>\nSono proprio curioso di guidare un &#8220;sacrilegio&#8221;!<br \/>\n<strong>Luca Romano.<\/strong><\/p>\n<p>&nbsp;<br \/>\n<em>Nota: in effetti, a pagina 7 della nota tecnica distribuita lo scorso 23 Luglio&#8230;<\/em><br \/>\n<em>&#8220;si adatta all\u2019ambiente urbano in quanto vettura compatta ed \u00e8 quindi ideale per le persone attive che hanno delle esigenze particolari a livello di spazio e di versatilit\u00e0, per esempio per trasportare della preziosa attrezzatura sportiva.Contemporaneamente, la nuova BMW Serie 2 Active Tourer si rivolge anche a giovani famiglie per le quali oltre allo stile di vita e alla sportivit\u00e0, anche la funzionalit\u00e0 giornaliera e un elevato grado di versatilit\u00e0 rappresentano degli importanti motivi d\u2019acquisto di un\u2019autovettura&#8221;.<\/em><\/p>\n<div id=\"attachment_5023\" style=\"width: 730px\" class=\"wp-caption alignnone\"><img loading=\"lazy\" decoding=\"async\" aria-describedby=\"caption-attachment-5023\" class=\"size-large wp-image-5023\" alt=\"BMW Serie 2 Active Tourer\" src=\"http:\/\/www.drivelife.it\/news\/wp-content\/uploads\/2014\/08\/BMW-Serie-2-Active-Tourer-1-960x640.jpg\" width=\"720\" height=\"480\" srcset=\"https:\/\/www.drivelife.it\/news\/wp-content\/uploads\/2014\/08\/BMW-Serie-2-Active-Tourer-1-960x640.jpg 960w, https:\/\/www.drivelife.it\/news\/wp-content\/uploads\/2014\/08\/BMW-Serie-2-Active-Tourer-1-580x387.jpg 580w, https:\/\/www.drivelife.it\/news\/wp-content\/uploads\/2014\/08\/BMW-Serie-2-Active-Tourer-1.jpg 1680w\" sizes=\"auto, (max-width: 720px) 100vw, 720px\" \/><p id=\"caption-attachment-5023\" class=\"wp-caption-text\">BMW Serie 2 Active Tourer<\/p><\/div>\n<p>&nbsp;<\/p>\n","protected":false},"excerpt":{"rendered":"<p>LA BMW CHE NON CI MANCAVA La domanda che mi pongo \u00e8 una sola. Avr\u00e0 una risposta il sedici settembre, a Merano. In Alto Adige, dove \u00e8 ambientato lo shooting della clip, qui in drivelife, \u00e8 il test drive della prima trazione anteriore di BMW. Un altro &#8220;sacrilegio&#8221; automobilistico in virt\u00f9 delle richieste del mercato. O del marketing imperante? La domanda, comunque, \u00e8 in qualche modo correlata al pensiero appena esposto. Perch\u00e8 aspettare tanto tempo per la presentazione di un modello (che ci racconteranno di sicuro) sar\u00e0 di successo nella gamma BMW? E non \u00e8 solo una questione tecnica, ossia, perch\u00e9 tanto&#46;&#46;&#46;<\/p>\n","protected":false},"author":1,"featured_media":5020,"comment_status":"open","ping_status":"open","sticky":false,"template":"","format":"video","meta":{"ngg_post_thumbnail":0,"footnotes":""},"categories":[39,45,391,55,81,53],"tags":[803,405,37,809,64],"class_list":["post-5019","post","type-post","status-publish","format-video","has-post-thumbnail","hentry","category-automotive","category-bmw","category-drivelifeshortnews","category-news","category-test-drive-2","category-video","tag-bmw","tag-bmw-serie-2-active-tourer","tag-drivelife","tag-news","tag-premium","post_format-post-format-video"],"yoast_head":"<!-- This site is optimized with the Yoast SEO plugin v27.5 - https:\/\/yoast.com\/product\/yoast-seo-wordpress\/ -->\n<title>BMW Serie 2 Active Tourer - #lucalife<\/title>\n<meta name=\"robots\" content=\"index, follow, max-snippet:-1, max-image-preview:large, max-video-preview:-1\" \/>\n<link rel=\"canonical\" href=\"https:\/\/www.drivelife.it\/news\/2014\/08\/26\/bmw-serie-2-active-tourer-2\/\" \/>\n<meta property=\"og:locale\" content=\"en_US\" \/>\n<meta property=\"og:type\" content=\"article\" \/>\n<meta property=\"og:title\" content=\"BMW Serie 2 Active Tourer - #lucalife\" \/>\n<meta property=\"og:description\" content=\"LA BMW CHE NON CI MANCAVA La domanda che mi pongo \u00e8 una sola. Avr\u00e0 una risposta il sedici settembre, a Merano. In Alto Adige, dove \u00e8 ambientato lo shooting della clip, qui in drivelife, \u00e8 il test drive della prima trazione anteriore di BMW. Un altro &#8220;sacrilegio&#8221; automobilistico in virt\u00f9 delle richieste del mercato. O del marketing imperante? La domanda, comunque, \u00e8 in qualche modo correlata al pensiero appena esposto. Perch\u00e8 aspettare tanto tempo per la presentazione di un modello (che ci racconteranno di sicuro) sar\u00e0 di successo nella gamma BMW? E non \u00e8 solo una questione tecnica, ossia, perch\u00e9 tanto&#046;&#046;&#046;\" \/>\n<meta property=\"og:url\" content=\"https:\/\/www.drivelife.it\/news\/2014\/08\/26\/bmw-serie-2-active-tourer-2\/\" \/>\n<meta property=\"og:site_name\" content=\"#lucalife\" \/>\n<meta property=\"article:publisher\" content=\"https:\/\/www.facebook.com\/pages\/Drivelife\/467833073239720\" \/>\n<meta property=\"article:published_time\" content=\"2014-08-26T17:25:57+00:00\" \/>\n<meta property=\"article:modified_time\" content=\"2014-08-26T17:29:46+00:00\" \/>\n<meta property=\"og:image\" content=\"https:\/\/www.drivelife.it\/news\/wp-content\/uploads\/2014\/08\/BMW-Serie-2-Active-Tourer-copia.jpg\" \/>\n\t<meta property=\"og:image:width\" content=\"1680\" \/>\n\t<meta property=\"og:image:height\" content=\"791\" \/>\n\t<meta property=\"og:image:type\" content=\"image\/jpeg\" \/>\n<meta name=\"author\" content=\"Redazione\" \/>\n<meta name=\"twitter:card\" content=\"summary_large_image\" \/>\n<meta name=\"twitter:creator\" content=\"@tweetdrivelife\" \/>\n<meta name=\"twitter:site\" content=\"@tweetdrivelife\" \/>\n<meta name=\"twitter:label1\" content=\"Written by\" \/>\n\t<meta name=\"twitter:data1\" content=\"Redazione\" \/>\n\t<meta name=\"twitter:label2\" content=\"Est. reading time\" \/>\n\t<meta name=\"twitter:data2\" content=\"3 minutes\" \/>\n<script type=\"application\/ld+json\" class=\"yoast-schema-graph\">{\"@context\":\"https:\\\/\\\/schema.org\",\"@graph\":[{\"@type\":\"Article\",\"@id\":\"https:\\\/\\\/www.drivelife.it\\\/news\\\/2014\\\/08\\\/26\\\/bmw-serie-2-active-tourer-2\\\/#article\",\"isPartOf\":{\"@id\":\"https:\\\/\\\/www.drivelife.it\\\/news\\\/2014\\\/08\\\/26\\\/bmw-serie-2-active-tourer-2\\\/\"},\"author\":{\"name\":\"Redazione\",\"@id\":\"https:\\\/\\\/www.drivelife.it\\\/news\\\/#\\\/schema\\\/person\\\/b6c194c3423ff451be4914f5fd9c2188\"},\"headline\":\"BMW Serie 2 Active Tourer\",\"datePublished\":\"2014-08-26T17:25:57+00:00\",\"dateModified\":\"2014-08-26T17:29:46+00:00\",\"mainEntityOfPage\":{\"@id\":\"https:\\\/\\\/www.drivelife.it\\\/news\\\/2014\\\/08\\\/26\\\/bmw-serie-2-active-tourer-2\\\/\"},\"wordCount\":581,\"commentCount\":0,\"image\":{\"@id\":\"https:\\\/\\\/www.drivelife.it\\\/news\\\/2014\\\/08\\\/26\\\/bmw-serie-2-active-tourer-2\\\/#primaryimage\"},\"thumbnailUrl\":\"https:\\\/\\\/www.drivelife.it\\\/news\\\/wp-content\\\/uploads\\\/2014\\\/08\\\/BMW-Serie-2-Active-Tourer-copia.jpg\",\"keywords\":[\"BMW\",\"BMW Serie 2 Active Tourer\",\"DRIVELIFE\",\"NEWS\",\"PREMIUM\"],\"articleSection\":[\"AUTOMOTIVE\",\"BMW\",\"DRIVELIFESHORTNEWS\",\"NEWS\",\"TEST DRIVE\",\"VIDEO\"],\"inLanguage\":\"en-US\",\"potentialAction\":[{\"@type\":\"CommentAction\",\"name\":\"Comment\",\"target\":[\"https:\\\/\\\/www.drivelife.it\\\/news\\\/2014\\\/08\\\/26\\\/bmw-serie-2-active-tourer-2\\\/#respond\"]}]},{\"@type\":\"WebPage\",\"@id\":\"https:\\\/\\\/www.drivelife.it\\\/news\\\/2014\\\/08\\\/26\\\/bmw-serie-2-active-tourer-2\\\/\",\"url\":\"https:\\\/\\\/www.drivelife.it\\\/news\\\/2014\\\/08\\\/26\\\/bmw-serie-2-active-tourer-2\\\/\",\"name\":\"BMW Serie 2 Active Tourer - #lucalife\",\"isPartOf\":{\"@id\":\"https:\\\/\\\/www.drivelife.it\\\/news\\\/#website\"},\"primaryImageOfPage\":{\"@id\":\"https:\\\/\\\/www.drivelife.it\\\/news\\\/2014\\\/08\\\/26\\\/bmw-serie-2-active-tourer-2\\\/#primaryimage\"},\"image\":{\"@id\":\"https:\\\/\\\/www.drivelife.it\\\/news\\\/2014\\\/08\\\/26\\\/bmw-serie-2-active-tourer-2\\\/#primaryimage\"},\"thumbnailUrl\":\"https:\\\/\\\/www.drivelife.it\\\/news\\\/wp-content\\\/uploads\\\/2014\\\/08\\\/BMW-Serie-2-Active-Tourer-copia.jpg\",\"datePublished\":\"2014-08-26T17:25:57+00:00\",\"dateModified\":\"2014-08-26T17:29:46+00:00\",\"author\":{\"@id\":\"https:\\\/\\\/www.drivelife.it\\\/news\\\/#\\\/schema\\\/person\\\/b6c194c3423ff451be4914f5fd9c2188\"},\"breadcrumb\":{\"@id\":\"https:\\\/\\\/www.drivelife.it\\\/news\\\/2014\\\/08\\\/26\\\/bmw-serie-2-active-tourer-2\\\/#breadcrumb\"},\"inLanguage\":\"en-US\",\"potentialAction\":[{\"@type\":\"ReadAction\",\"target\":[\"https:\\\/\\\/www.drivelife.it\\\/news\\\/2014\\\/08\\\/26\\\/bmw-serie-2-active-tourer-2\\\/\"]}]},{\"@type\":\"ImageObject\",\"inLanguage\":\"en-US\",\"@id\":\"https:\\\/\\\/www.drivelife.it\\\/news\\\/2014\\\/08\\\/26\\\/bmw-serie-2-active-tourer-2\\\/#primaryimage\",\"url\":\"https:\\\/\\\/www.drivelife.it\\\/news\\\/wp-content\\\/uploads\\\/2014\\\/08\\\/BMW-Serie-2-Active-Tourer-copia.jpg\",\"contentUrl\":\"https:\\\/\\\/www.drivelife.it\\\/news\\\/wp-content\\\/uploads\\\/2014\\\/08\\\/BMW-Serie-2-Active-Tourer-copia.jpg\",\"width\":1680,\"height\":791,\"caption\":\"BMW Serie 2 Active Tourer\"},{\"@type\":\"BreadcrumbList\",\"@id\":\"https:\\\/\\\/www.drivelife.it\\\/news\\\/2014\\\/08\\\/26\\\/bmw-serie-2-active-tourer-2\\\/#breadcrumb\",\"itemListElement\":[{\"@type\":\"ListItem\",\"position\":1,\"name\":\"Home\",\"item\":\"https:\\\/\\\/www.drivelife.it\\\/news\\\/\"},{\"@type\":\"ListItem\",\"position\":2,\"name\":\"BMW Serie 2 Active Tourer\"}]},{\"@type\":\"WebSite\",\"@id\":\"https:\\\/\\\/www.drivelife.it\\\/news\\\/#website\",\"url\":\"https:\\\/\\\/www.drivelife.it\\\/news\\\/\",\"name\":\"#lucalife\",\"description\":\"DRIVELIFE le mie automobili\",\"potentialAction\":[{\"@type\":\"SearchAction\",\"target\":{\"@type\":\"EntryPoint\",\"urlTemplate\":\"https:\\\/\\\/www.drivelife.it\\\/news\\\/?s={search_term_string}\"},\"query-input\":{\"@type\":\"PropertyValueSpecification\",\"valueRequired\":true,\"valueName\":\"search_term_string\"}}],\"inLanguage\":\"en-US\"},{\"@type\":\"Person\",\"@id\":\"https:\\\/\\\/www.drivelife.it\\\/news\\\/#\\\/schema\\\/person\\\/b6c194c3423ff451be4914f5fd9c2188\",\"name\":\"Redazione\",\"image\":{\"@type\":\"ImageObject\",\"inLanguage\":\"en-US\",\"@id\":\"https:\\\/\\\/secure.gravatar.com\\\/avatar\\\/8d186f6b07ba8a94441344759f0e13bf1909b6ceaa171df0425551b4590fd558?s=96&d=mm&r=g\",\"url\":\"https:\\\/\\\/secure.gravatar.com\\\/avatar\\\/8d186f6b07ba8a94441344759f0e13bf1909b6ceaa171df0425551b4590fd558?s=96&d=mm&r=g\",\"contentUrl\":\"https:\\\/\\\/secure.gravatar.com\\\/avatar\\\/8d186f6b07ba8a94441344759f0e13bf1909b6ceaa171df0425551b4590fd558?s=96&d=mm&r=g\",\"caption\":\"Redazione\"},\"url\":\"https:\\\/\\\/www.drivelife.it\\\/news\\\/author\\\/admin\\\/\"}]}<\/script>\n<!-- \/ Yoast SEO plugin. -->","yoast_head_json":{"title":"BMW Serie 2 Active Tourer - #lucalife","robots":{"index":"index","follow":"follow","max-snippet":"max-snippet:-1","max-image-preview":"max-image-preview:large","max-video-preview":"max-video-preview:-1"},"canonical":"https:\/\/www.drivelife.it\/news\/2014\/08\/26\/bmw-serie-2-active-tourer-2\/","og_locale":"en_US","og_type":"article","og_title":"BMW Serie 2 Active Tourer - #lucalife","og_description":"LA BMW CHE NON CI MANCAVA La domanda che mi pongo \u00e8 una sola. Avr\u00e0 una risposta il sedici settembre, a Merano. In Alto Adige, dove \u00e8 ambientato lo shooting della clip, qui in drivelife, \u00e8 il test drive della prima trazione anteriore di BMW. Un altro &#8220;sacrilegio&#8221; automobilistico in virt\u00f9 delle richieste del mercato. O del marketing imperante? La domanda, comunque, \u00e8 in qualche modo correlata al pensiero appena esposto. Perch\u00e8 aspettare tanto tempo per la presentazione di un modello (che ci racconteranno di sicuro) sar\u00e0 di successo nella gamma BMW? E non \u00e8 solo una questione tecnica, ossia, perch\u00e9 tanto&#46;&#46;&#46;","og_url":"https:\/\/www.drivelife.it\/news\/2014\/08\/26\/bmw-serie-2-active-tourer-2\/","og_site_name":"#lucalife","article_publisher":"https:\/\/www.facebook.com\/pages\/Drivelife\/467833073239720","article_published_time":"2014-08-26T17:25:57+00:00","article_modified_time":"2014-08-26T17:29:46+00:00","og_image":[{"width":1680,"height":791,"url":"https:\/\/www.drivelife.it\/news\/wp-content\/uploads\/2014\/08\/BMW-Serie-2-Active-Tourer-copia.jpg","type":"image\/jpeg"}],"author":"Redazione","twitter_card":"summary_large_image","twitter_creator":"@tweetdrivelife","twitter_site":"@tweetdrivelife","twitter_misc":{"Written by":"Redazione","Est. reading time":"3 minutes"},"schema":{"@context":"https:\/\/schema.org","@graph":[{"@type":"Article","@id":"https:\/\/www.drivelife.it\/news\/2014\/08\/26\/bmw-serie-2-active-tourer-2\/#article","isPartOf":{"@id":"https:\/\/www.drivelife.it\/news\/2014\/08\/26\/bmw-serie-2-active-tourer-2\/"},"author":{"name":"Redazione","@id":"https:\/\/www.drivelife.it\/news\/#\/schema\/person\/b6c194c3423ff451be4914f5fd9c2188"},"headline":"BMW Serie 2 Active Tourer","datePublished":"2014-08-26T17:25:57+00:00","dateModified":"2014-08-26T17:29:46+00:00","mainEntityOfPage":{"@id":"https:\/\/www.drivelife.it\/news\/2014\/08\/26\/bmw-serie-2-active-tourer-2\/"},"wordCount":581,"commentCount":0,"image":{"@id":"https:\/\/www.drivelife.it\/news\/2014\/08\/26\/bmw-serie-2-active-tourer-2\/#primaryimage"},"thumbnailUrl":"https:\/\/www.drivelife.it\/news\/wp-content\/uploads\/2014\/08\/BMW-Serie-2-Active-Tourer-copia.jpg","keywords":["BMW","BMW Serie 2 Active Tourer","DRIVELIFE","NEWS","PREMIUM"],"articleSection":["AUTOMOTIVE","BMW","DRIVELIFESHORTNEWS","NEWS","TEST DRIVE","VIDEO"],"inLanguage":"en-US","potentialAction":[{"@type":"CommentAction","name":"Comment","target":["https:\/\/www.drivelife.it\/news\/2014\/08\/26\/bmw-serie-2-active-tourer-2\/#respond"]}]},{"@type":"WebPage","@id":"https:\/\/www.drivelife.it\/news\/2014\/08\/26\/bmw-serie-2-active-tourer-2\/","url":"https:\/\/www.drivelife.it\/news\/2014\/08\/26\/bmw-serie-2-active-tourer-2\/","name":"BMW Serie 2 Active Tourer - #lucalife","isPartOf":{"@id":"https:\/\/www.drivelife.it\/news\/#website"},"primaryImageOfPage":{"@id":"https:\/\/www.drivelife.it\/news\/2014\/08\/26\/bmw-serie-2-active-tourer-2\/#primaryimage"},"image":{"@id":"https:\/\/www.drivelife.it\/news\/2014\/08\/26\/bmw-serie-2-active-tourer-2\/#primaryimage"},"thumbnailUrl":"https:\/\/www.drivelife.it\/news\/wp-content\/uploads\/2014\/08\/BMW-Serie-2-Active-Tourer-copia.jpg","datePublished":"2014-08-26T17:25:57+00:00","dateModified":"2014-08-26T17:29:46+00:00","author":{"@id":"https:\/\/www.drivelife.it\/news\/#\/schema\/person\/b6c194c3423ff451be4914f5fd9c2188"},"breadcrumb":{"@id":"https:\/\/www.drivelife.it\/news\/2014\/08\/26\/bmw-serie-2-active-tourer-2\/#breadcrumb"},"inLanguage":"en-US","potentialAction":[{"@type":"ReadAction","target":["https:\/\/www.drivelife.it\/news\/2014\/08\/26\/bmw-serie-2-active-tourer-2\/"]}]},{"@type":"ImageObject","inLanguage":"en-US","@id":"https:\/\/www.drivelife.it\/news\/2014\/08\/26\/bmw-serie-2-active-tourer-2\/#primaryimage","url":"https:\/\/www.drivelife.it\/news\/wp-content\/uploads\/2014\/08\/BMW-Serie-2-Active-Tourer-copia.jpg","contentUrl":"https:\/\/www.drivelife.it\/news\/wp-content\/uploads\/2014\/08\/BMW-Serie-2-Active-Tourer-copia.jpg","width":1680,"height":791,"caption":"BMW Serie 2 Active Tourer"},{"@type":"BreadcrumbList","@id":"https:\/\/www.drivelife.it\/news\/2014\/08\/26\/bmw-serie-2-active-tourer-2\/#breadcrumb","itemListElement":[{"@type":"ListItem","position":1,"name":"Home","item":"https:\/\/www.drivelife.it\/news\/"},{"@type":"ListItem","position":2,"name":"BMW Serie 2 Active Tourer"}]},{"@type":"WebSite","@id":"https:\/\/www.drivelife.it\/news\/#website","url":"https:\/\/www.drivelife.it\/news\/","name":"#lucalife","description":"DRIVELIFE le mie automobili","potentialAction":[{"@type":"SearchAction","target":{"@type":"EntryPoint","urlTemplate":"https:\/\/www.drivelife.it\/news\/?s={search_term_string}"},"query-input":{"@type":"PropertyValueSpecification","valueRequired":true,"valueName":"search_term_string"}}],"inLanguage":"en-US"},{"@type":"Person","@id":"https:\/\/www.drivelife.it\/news\/#\/schema\/person\/b6c194c3423ff451be4914f5fd9c2188","name":"Redazione","image":{"@type":"ImageObject","inLanguage":"en-US","@id":"https:\/\/secure.gravatar.com\/avatar\/8d186f6b07ba8a94441344759f0e13bf1909b6ceaa171df0425551b4590fd558?s=96&d=mm&r=g","url":"https:\/\/secure.gravatar.com\/avatar\/8d186f6b07ba8a94441344759f0e13bf1909b6ceaa171df0425551b4590fd558?s=96&d=mm&r=g","contentUrl":"https:\/\/secure.gravatar.com\/avatar\/8d186f6b07ba8a94441344759f0e13bf1909b6ceaa171df0425551b4590fd558?s=96&d=mm&r=g","caption":"Redazione"},"url":"https:\/\/www.drivelife.it\/news\/author\/admin\/"}]}},"amp_enabled":true,"_links":{"self":[{"href":"https:\/\/www.drivelife.it\/news\/wp-json\/wp\/v2\/posts\/5019","targetHints":{"allow":["GET"]}}],"collection":[{"href":"https:\/\/www.drivelife.it\/news\/wp-json\/wp\/v2\/posts"}],"about":[{"href":"https:\/\/www.drivelife.it\/news\/wp-json\/wp\/v2\/types\/post"}],"author":[{"embeddable":true,"href":"https:\/\/www.drivelife.it\/news\/wp-json\/wp\/v2\/users\/1"}],"replies":[{"embeddable":true,"href":"https:\/\/www.drivelife.it\/news\/wp-json\/wp\/v2\/comments?post=5019"}],"version-history":[{"count":3,"href":"https:\/\/www.drivelife.it\/news\/wp-json\/wp\/v2\/posts\/5019\/revisions"}],"predecessor-version":[{"id":5024,"href":"https:\/\/www.drivelife.it\/news\/wp-json\/wp\/v2\/posts\/5019\/revisions\/5024"}],"wp:featuredmedia":[{"embeddable":true,"href":"https:\/\/www.drivelife.it\/news\/wp-json\/wp\/v2\/media\/5020"}],"wp:attachment":[{"href":"https:\/\/www.drivelife.it\/news\/wp-json\/wp\/v2\/media?parent=5019"}],"wp:term":[{"taxonomy":"category","embeddable":true,"href":"https:\/\/www.drivelife.it\/news\/wp-json\/wp\/v2\/categories?post=5019"},{"taxonomy":"post_tag","embeddable":true,"href":"https:\/\/www.drivelife.it\/news\/wp-json\/wp\/v2\/tags?post=5019"}],"curies":[{"name":"wp","href":"https:\/\/api.w.org\/{rel}","templated":true}]}}