{"id":4564,"date":"2014-05-01T14:27:52","date_gmt":"2014-05-01T14:27:52","guid":{"rendered":"http:\/\/www.drivelife.it\/news\/?p=4564"},"modified":"2014-05-01T14:27:52","modified_gmt":"2014-05-01T14:27:52","slug":"i8","status":"publish","type":"post","link":"https:\/\/www.drivelife.it\/news\/2014\/05\/01\/i8\/","title":{"rendered":"i8"},"content":{"rendered":"<div id=\"attachment_4565\" style=\"width: 730px\" class=\"wp-caption alignnone\"><img loading=\"lazy\" decoding=\"async\" aria-describedby=\"caption-attachment-4565\" class=\"size-large wp-image-4565\" alt=\"i8, in vendita a giugno a 132.500 euro\" src=\"http:\/\/www.drivelife.it\/news\/wp-content\/uploads\/2014\/05\/BMWi8_4-copia-960x260.jpg\" width=\"720\" height=\"195\" srcset=\"https:\/\/www.drivelife.it\/news\/wp-content\/uploads\/2014\/05\/BMWi8_4-copia-960x260.jpg 960w, https:\/\/www.drivelife.it\/news\/wp-content\/uploads\/2014\/05\/BMWi8_4-copia-580x157.jpg 580w, https:\/\/www.drivelife.it\/news\/wp-content\/uploads\/2014\/05\/BMWi8_4-copia.jpg 1680w\" sizes=\"auto, (max-width: 720px) 100vw, 720px\" \/><p id=\"caption-attachment-4565\" class=\"wp-caption-text\">i8<\/p><\/div>\n<h2>La nuova BMW i8 in vendita a giugno 14<br \/>\nal prezzo di 132.500 euro<\/h2>\n<p><strong>di luca romano<\/strong><\/p>\n<p><span style=\"line-height: 1.5em;\">Ammesso che qualcuno, non addetto ai lavori, si fosse fatto l&#8217;idea che i8 potesse essere un&#8217;automobile se non proprio alla portata di tutti, almeno rappresentare un&#8217;alternativa &#8220;fattibile&#8221; a certe sportive o supersportive, bene ora pu\u00f2 dargli una dimensione.<\/span><\/p>\n<p>Il comunicato stampa diffuso ieri con la dichiarazione del prezzo ha sgombrato ogni dubbio sulla esclusivit\u00e0 del prodotto di Monaco. 132.500 euro, sensore della pressione degli pneumatici compreso nel prezzo.<\/p>\n<p>Ora: ma se spendo 132mila e &#8220;<em>spicci<\/em>&#8221; euro per un&#8217;automobile, mi vuoi far pagare pure il sensore della pressione gomme? Sar\u00f2, come al solito &#8220;<em>irriverente<\/em>&#8220;, ma questa dichiarazione penso non sia in linea con la vettura venduta.<\/p>\n<p>Capisco l&#8217;esclusivit\u00e0 ed il primato tecnologico della i8, capisco il fatto che sia una BMW, che rappresenti un&#8217;alternativa per godere di prestazioni e non inquinare, capisco le politiche commerciali. Ma quel &#8220;<em>regalo<\/em>&#8221; del sensore pressione gomme non mi piace.<\/p>\n<p>132.500 euro non sono cifra di poco conto. Cosa compro in pi\u00f9 rispetto ad un&#8217;auto con analoghe prestazioni, sia per la dinamica di guida che per la protezione e la conservazione ambientale?<\/p>\n<p>Iniziamo scrivendo che i8 \u00e8 una BMW. Ne consegue che non sia un&#8217;auto &#8220;<em>generalista<\/em>&#8221; e destinata alla produzione di massa: \u00e8 un prodotto esclusivo. Nel senso che esclude molte persone dalla possibilit\u00e0 d&#8217;acquisto. i8 \u00e8 un&#8217;automobile costruita tutta in carbonio. Ha la carrozzeria con l&#8217;apertura delle porte ad &#8220;<strong>ala di gabbiano<\/strong>&#8220;. i8 \u00e8 un&#8217;automobile ibrida, ossia \u00e8 equipaggiata con 2 motori. Quello endotermico \u00e8 un tre cilindri con tecnologia BMW TwinPower Turbo, 1,5 litri di cilindrata e potenza di 231 CV (!). Coppia massima di 320 Newton metri. Trasmissione della potenza e della coppia alle ruote posteriori, cambio a sei marce, automatico. Quello elettrico, sincrono, sviluppa la potenza di 131CV ed una coppia massima di 250 Newton metri. Potenza e coppia vanno alle ruote anteriori attraverso il cambio, automatico, a due rapporti. Alimentazione del motore elettrico, quando in funzione per la marcia ad emissioni zero, con una batteria agli ioni di litio della capacit\u00e0 complessiva di 7,1 kWh.<\/p>\n<p>La &#8220;<em>sommatoria<\/em>&#8221; dei motori risulta in prestazioni che spingono la i8 al parametro dei cento all&#8217;ora in 4,4 secondi grazie alla potenza complessiva di 362 CV. Un&#8217;automobile supersportiva, dunque, visto che rientra a pieno titolo nel club dei &#8220;<strong>meno-di-5<\/strong>&#8220;.<\/p>\n<p>Per contro, con quei 132mila e &#8220;<em>spicci<\/em>&#8220;, comprando la i8 alle prestazioni esuberanti corrisponde il consumo di una macchina di segmento &#8220;A&#8221;. Vien da ridere, pensando ai consumi REALI di certe UTILITARIE: la i8 consuma 1 litro di carburante per cento chilometri nel ciclo di marcia secondo lo standard UE. <em>S\u00ec. Lo so, ci sarebbe molto da scrivere e fare in proposito<\/em>. Emissioni di CO2 di 49 grammi per chilometro. Riduzione del cinquanta per cento dei consumi nell&#8217;uso quotidiano della i8 nei confronti di un&#8217;auto di pari categoria, senza la rinuncia alla dinamica di marcia.<\/p>\n<p>La dinamica di marcia di i8 si esprime attraverso la selezione di cinque differenti stili di guida. Modalit\u00e0 completamente elettrica con una autonomia di 37 chilometri e velocit\u00e0 massima fino a 120 km\/h; modalit\u00e0 di guida Comfort per una marcia in equilibrio tra prestazioni e valori di consumo\/emissioni e con autonomia fino a seicento chilometri. Poi, modalit\u00e0 di guida Sport con la funzione boost maggiorata e, infine ECO PRO utilizzabile sia dal sistema ibrido (termico+elettrico) che da quello solo elettrico.<\/p>\n<p>La BMW i8 sar\u00e0 in vendita dal prossimo mese di giugno con una dotazione di accessori consona al livello tecnico\/dinamico\/emozionale che questa vettura rappresenta per il marchio ed alle aspettative del cliente che s&#8217;avvicina ad un acquito del genere. E, senza sovrapprezzo, c&#8217;\u00e8 pure il sensore della pressione delle gomme. Montate su cerchi di 20 pollici. In quella data \u00e8 prevista la commercializzazione del pacchetto accessori &#8220;Pure Impulse&#8221;, la cui composizione di accessori travalica ogni desiderio dell&#8217;automobilista &#8220;<em>moderno<\/em>&#8220;.<\/p>\n<p>E continuiamo scrivendo che i8 \u00e8 una quattro posti, che ha gli interni arredati con pelle conciata con estratti di ulivo per la plancia portastrumenti, che i sedili sono &#8220;sportivi&#8221; con regolazione elettrica, che la dotazione di sistemi di navigazione ed infotainment \u00e8 completa, che la sicurezza per gli occupanti si fonda sui pi\u00f9 sofisticati sistemi di controllo della dinamica di marcia e protezione dell&#8217;abitacolo che BMW sia capace di esprimere. Abitacolo in CFRP, porte in struttura CFRP\/alluminio, con apertura ad ala di gabbiano, chassis in alluminio ed elemento di separazione tra abitacolo e bagagliaio in vetro temprato, alta resistenza alla torsione, airbag frontali, laterali, a tendina (questi anche per i posti posteriori), cinture con limitatore di sforzo, ancoraggi ISOFIX, protezione acustica per i pedoni.<\/p>\n\n\t\t<style>\n\t\t\t#gallery-1 {\n\t\t\t\tmargin: auto;\n\t\t\t}\n\t\t\t#gallery-1 .gallery-item {\n\t\t\t\tfloat: left;\n\t\t\t\tmargin-top: 10px;\n\t\t\t\ttext-align: center;\n\t\t\t\twidth: 16%;\n\t\t\t}\n\t\t\t#gallery-1 img {\n\t\t\t\tborder: 2px solid #cfcfcf;\n\t\t\t}\n\t\t\t#gallery-1 .gallery-caption {\n\t\t\t\tmargin-left: 0;\n\t\t\t}\n\t\t\t\/* see gallery_shortcode() in wp-includes\/media.php *\/\n\t\t<\/style>\n\t\t<div id='gallery-1' class='gallery galleryid-4564 gallery-columns-6 gallery-size-thumbnail'><dl class='gallery-item'>\n\t\t\t<dt class='gallery-icon landscape'>\n\t\t\t\t<a href='https:\/\/www.drivelife.it\/news\/2014\/05\/01\/i8\/bmwi8_4\/'><img loading=\"lazy\" decoding=\"async\" width=\"150\" height=\"150\" src=\"https:\/\/www.drivelife.it\/news\/wp-content\/uploads\/2014\/05\/BMWi8_4-150x150.jpg\" class=\"attachment-thumbnail size-thumbnail no-lazy\" alt=\"\" srcset=\"https:\/\/www.drivelife.it\/news\/wp-content\/uploads\/2014\/05\/BMWi8_4-150x150.jpg 150w, https:\/\/www.drivelife.it\/news\/wp-content\/uploads\/2014\/05\/BMWi8_4-160x160.jpg 160w\" sizes=\"auto, (max-width: 150px) 100vw, 150px\" \/><\/a>\n\t\t\t<\/dt><\/dl><dl class='gallery-item'>\n\t\t\t<dt class='gallery-icon landscape'>\n\t\t\t\t<a href='https:\/\/www.drivelife.it\/news\/2014\/05\/01\/i8\/bmwi8\/'><img loading=\"lazy\" decoding=\"async\" width=\"150\" height=\"150\" src=\"https:\/\/www.drivelife.it\/news\/wp-content\/uploads\/2014\/05\/BMWi8-150x150.jpg\" class=\"attachment-thumbnail size-thumbnail no-lazy\" alt=\"\" srcset=\"https:\/\/www.drivelife.it\/news\/wp-content\/uploads\/2014\/05\/BMWi8-150x150.jpg 150w, https:\/\/www.drivelife.it\/news\/wp-content\/uploads\/2014\/05\/BMWi8-160x160.jpg 160w\" sizes=\"auto, (max-width: 150px) 100vw, 150px\" \/><\/a>\n\t\t\t<\/dt><\/dl><dl class='gallery-item'>\n\t\t\t<dt class='gallery-icon landscape'>\n\t\t\t\t<a href='https:\/\/www.drivelife.it\/news\/2014\/05\/01\/i8\/bmwi8_5\/'><img loading=\"lazy\" decoding=\"async\" width=\"150\" height=\"150\" src=\"https:\/\/www.drivelife.it\/news\/wp-content\/uploads\/2014\/05\/BMWi8_5-150x150.jpg\" class=\"attachment-thumbnail size-thumbnail no-lazy\" alt=\"\" srcset=\"https:\/\/www.drivelife.it\/news\/wp-content\/uploads\/2014\/05\/BMWi8_5-150x150.jpg 150w, https:\/\/www.drivelife.it\/news\/wp-content\/uploads\/2014\/05\/BMWi8_5-160x160.jpg 160w\" sizes=\"auto, (max-width: 150px) 100vw, 150px\" \/><\/a>\n\t\t\t<\/dt><\/dl><dl class='gallery-item'>\n\t\t\t<dt class='gallery-icon landscape'>\n\t\t\t\t<a href='https:\/\/www.drivelife.it\/news\/2014\/05\/01\/i8\/bmwi8_11\/'><img loading=\"lazy\" decoding=\"async\" width=\"150\" height=\"150\" src=\"https:\/\/www.drivelife.it\/news\/wp-content\/uploads\/2014\/05\/BMWi8_11-150x150.jpg\" class=\"attachment-thumbnail size-thumbnail no-lazy\" alt=\"\" srcset=\"https:\/\/www.drivelife.it\/news\/wp-content\/uploads\/2014\/05\/BMWi8_11-150x150.jpg 150w, https:\/\/www.drivelife.it\/news\/wp-content\/uploads\/2014\/05\/BMWi8_11-160x160.jpg 160w\" sizes=\"auto, (max-width: 150px) 100vw, 150px\" \/><\/a>\n\t\t\t<\/dt><\/dl><dl class='gallery-item'>\n\t\t\t<dt class='gallery-icon landscape'>\n\t\t\t\t<a href='https:\/\/www.drivelife.it\/news\/2014\/05\/01\/i8\/bmwi8_2\/'><img loading=\"lazy\" decoding=\"async\" width=\"150\" height=\"150\" src=\"https:\/\/www.drivelife.it\/news\/wp-content\/uploads\/2014\/05\/BMWi8_2-150x150.jpg\" class=\"attachment-thumbnail size-thumbnail no-lazy\" alt=\"\" srcset=\"https:\/\/www.drivelife.it\/news\/wp-content\/uploads\/2014\/05\/BMWi8_2-150x150.jpg 150w, https:\/\/www.drivelife.it\/news\/wp-content\/uploads\/2014\/05\/BMWi8_2-160x160.jpg 160w\" sizes=\"auto, (max-width: 150px) 100vw, 150px\" \/><\/a>\n\t\t\t<\/dt><\/dl><dl class='gallery-item'>\n\t\t\t<dt class='gallery-icon landscape'>\n\t\t\t\t<a href='https:\/\/www.drivelife.it\/news\/2014\/05\/01\/i8\/bmwi8_6\/'><img loading=\"lazy\" decoding=\"async\" width=\"150\" height=\"150\" src=\"https:\/\/www.drivelife.it\/news\/wp-content\/uploads\/2014\/05\/BMWi8_6-150x150.jpg\" class=\"attachment-thumbnail size-thumbnail no-lazy\" alt=\"\" srcset=\"https:\/\/www.drivelife.it\/news\/wp-content\/uploads\/2014\/05\/BMWi8_6-150x150.jpg 150w, https:\/\/www.drivelife.it\/news\/wp-content\/uploads\/2014\/05\/BMWi8_6-160x160.jpg 160w\" sizes=\"auto, (max-width: 150px) 100vw, 150px\" \/><\/a>\n\t\t\t<\/dt><\/dl><br style=\"clear: both\" \/><dl class='gallery-item'>\n\t\t\t<dt class='gallery-icon landscape'>\n\t\t\t\t<a href='https:\/\/www.drivelife.it\/news\/2014\/05\/01\/i8\/bmwi8_3\/'><img loading=\"lazy\" decoding=\"async\" width=\"150\" height=\"150\" src=\"https:\/\/www.drivelife.it\/news\/wp-content\/uploads\/2014\/05\/BMWi8_3-150x150.jpg\" class=\"attachment-thumbnail size-thumbnail no-lazy\" alt=\"\" srcset=\"https:\/\/www.drivelife.it\/news\/wp-content\/uploads\/2014\/05\/BMWi8_3-150x150.jpg 150w, https:\/\/www.drivelife.it\/news\/wp-content\/uploads\/2014\/05\/BMWi8_3-160x160.jpg 160w\" sizes=\"auto, (max-width: 150px) 100vw, 150px\" \/><\/a>\n\t\t\t<\/dt><\/dl><dl class='gallery-item'>\n\t\t\t<dt class='gallery-icon landscape'>\n\t\t\t\t<a href='https:\/\/www.drivelife.it\/news\/2014\/05\/01\/i8\/bmwi8_7\/'><img loading=\"lazy\" decoding=\"async\" width=\"150\" height=\"150\" src=\"https:\/\/www.drivelife.it\/news\/wp-content\/uploads\/2014\/05\/BMWi8_7-150x150.jpg\" class=\"attachment-thumbnail size-thumbnail no-lazy\" alt=\"\" srcset=\"https:\/\/www.drivelife.it\/news\/wp-content\/uploads\/2014\/05\/BMWi8_7-150x150.jpg 150w, https:\/\/www.drivelife.it\/news\/wp-content\/uploads\/2014\/05\/BMWi8_7-160x160.jpg 160w\" sizes=\"auto, (max-width: 150px) 100vw, 150px\" \/><\/a>\n\t\t\t<\/dt><\/dl><dl class='gallery-item'>\n\t\t\t<dt class='gallery-icon landscape'>\n\t\t\t\t<a href='https:\/\/www.drivelife.it\/news\/2014\/05\/01\/i8\/bmwi8_9\/'><img loading=\"lazy\" decoding=\"async\" width=\"150\" height=\"150\" src=\"https:\/\/www.drivelife.it\/news\/wp-content\/uploads\/2014\/05\/BMWi8_9-150x150.jpg\" class=\"attachment-thumbnail size-thumbnail no-lazy\" alt=\"\" srcset=\"https:\/\/www.drivelife.it\/news\/wp-content\/uploads\/2014\/05\/BMWi8_9-150x150.jpg 150w, https:\/\/www.drivelife.it\/news\/wp-content\/uploads\/2014\/05\/BMWi8_9-160x160.jpg 160w\" sizes=\"auto, (max-width: 150px) 100vw, 150px\" \/><\/a>\n\t\t\t<\/dt><\/dl><dl class='gallery-item'>\n\t\t\t<dt class='gallery-icon landscape'>\n\t\t\t\t<a href='https:\/\/www.drivelife.it\/news\/2014\/05\/01\/i8\/bmwi8_8\/'><img loading=\"lazy\" decoding=\"async\" width=\"150\" height=\"150\" src=\"https:\/\/www.drivelife.it\/news\/wp-content\/uploads\/2014\/05\/BMWi8_8-150x150.jpg\" class=\"attachment-thumbnail size-thumbnail no-lazy\" alt=\"\" srcset=\"https:\/\/www.drivelife.it\/news\/wp-content\/uploads\/2014\/05\/BMWi8_8-150x150.jpg 150w, https:\/\/www.drivelife.it\/news\/wp-content\/uploads\/2014\/05\/BMWi8_8-160x160.jpg 160w\" sizes=\"auto, (max-width: 150px) 100vw, 150px\" \/><\/a>\n\t\t\t<\/dt><\/dl><dl class='gallery-item'>\n\t\t\t<dt class='gallery-icon landscape'>\n\t\t\t\t<a href='https:\/\/www.drivelife.it\/news\/2014\/05\/01\/i8\/bmwi8_10\/'><img loading=\"lazy\" decoding=\"async\" width=\"150\" height=\"150\" src=\"https:\/\/www.drivelife.it\/news\/wp-content\/uploads\/2014\/05\/BMWi8_10-150x150.jpg\" class=\"attachment-thumbnail size-thumbnail no-lazy\" alt=\"\" srcset=\"https:\/\/www.drivelife.it\/news\/wp-content\/uploads\/2014\/05\/BMWi8_10-150x150.jpg 150w, https:\/\/www.drivelife.it\/news\/wp-content\/uploads\/2014\/05\/BMWi8_10-160x160.jpg 160w\" sizes=\"auto, (max-width: 150px) 100vw, 150px\" \/><\/a>\n\t\t\t<\/dt><\/dl>\n\t\t\t<br style='clear: both' \/>\n\t\t<\/div>\n\n","protected":false},"excerpt":{"rendered":"<p>La nuova BMW i8 in vendita a giugno 14 al prezzo di 132.500 euro di luca romano Ammesso che qualcuno, non addetto ai lavori, si fosse fatto l&#8217;idea che i8 potesse essere un&#8217;automobile se non proprio alla portata di tutti, almeno rappresentare un&#8217;alternativa &#8220;fattibile&#8221; a certe sportive o supersportive, bene ora pu\u00f2 dargli una dimensione. Il comunicato stampa diffuso ieri con la dichiarazione del prezzo ha sgombrato ogni dubbio sulla esclusivit\u00e0 del prodotto di Monaco. 132.500 euro, sensore della pressione degli pneumatici compreso nel prezzo. Ora: ma se spendo 132mila e &#8220;spicci&#8221; euro per un&#8217;automobile, mi vuoi far pagare pure il sensore&#46;&#46;&#46;<\/p>\n","protected":false},"author":1,"featured_media":4565,"comment_status":"open","ping_status":"open","sticky":false,"template":"","format":"standard","meta":{"ngg_post_thumbnail":0,"footnotes":""},"categories":[39,45,55],"tags":[370,369],"class_list":["post-4564","post","type-post","status-publish","format-standard","has-post-thumbnail","hentry","category-automotive","category-bmw","category-news","tag-bmw-i8","tag-i8"],"yoast_head":"<!-- This site is optimized with the Yoast SEO plugin v27.5 - https:\/\/yoast.com\/product\/yoast-seo-wordpress\/ -->\n<title>i8 - #lucalife<\/title>\n<meta name=\"robots\" content=\"index, follow, max-snippet:-1, max-image-preview:large, max-video-preview:-1\" \/>\n<link rel=\"canonical\" href=\"https:\/\/www.drivelife.it\/news\/2014\/05\/01\/i8\/\" \/>\n<meta property=\"og:locale\" content=\"en_US\" \/>\n<meta property=\"og:type\" content=\"article\" \/>\n<meta property=\"og:title\" content=\"i8 - #lucalife\" \/>\n<meta property=\"og:description\" content=\"La nuova BMW i8 in vendita a giugno 14 al prezzo di 132.500 euro di luca romano Ammesso che qualcuno, non addetto ai lavori, si fosse fatto l&#8217;idea che i8 potesse essere un&#8217;automobile se non proprio alla portata di tutti, almeno rappresentare un&#8217;alternativa &#8220;fattibile&#8221; a certe sportive o supersportive, bene ora pu\u00f2 dargli una dimensione. Il comunicato stampa diffuso ieri con la dichiarazione del prezzo ha sgombrato ogni dubbio sulla esclusivit\u00e0 del prodotto di Monaco. 132.500 euro, sensore della pressione degli pneumatici compreso nel prezzo. Ora: ma se spendo 132mila e &#8220;spicci&#8221; euro per un&#8217;automobile, mi vuoi far pagare pure il sensore&#046;&#046;&#046;\" \/>\n<meta property=\"og:url\" content=\"https:\/\/www.drivelife.it\/news\/2014\/05\/01\/i8\/\" \/>\n<meta property=\"og:site_name\" content=\"#lucalife\" \/>\n<meta property=\"article:publisher\" content=\"https:\/\/www.facebook.com\/pages\/Drivelife\/467833073239720\" \/>\n<meta property=\"article:published_time\" content=\"2014-05-01T14:27:52+00:00\" \/>\n<meta property=\"og:image\" content=\"https:\/\/www.drivelife.it\/news\/wp-content\/uploads\/2014\/05\/BMWi8_4-copia.jpg\" \/>\n\t<meta property=\"og:image:width\" content=\"1680\" \/>\n\t<meta property=\"og:image:height\" content=\"455\" \/>\n\t<meta property=\"og:image:type\" content=\"image\/jpeg\" \/>\n<meta name=\"author\" content=\"Redazione\" \/>\n<meta name=\"twitter:card\" content=\"summary_large_image\" \/>\n<meta name=\"twitter:creator\" content=\"@tweetdrivelife\" \/>\n<meta name=\"twitter:site\" content=\"@tweetdrivelife\" \/>\n<meta name=\"twitter:label1\" content=\"Written by\" \/>\n\t<meta name=\"twitter:data1\" content=\"Redazione\" \/>\n\t<meta name=\"twitter:label2\" content=\"Est. reading time\" \/>\n\t<meta name=\"twitter:data2\" content=\"4 minutes\" \/>\n<script type=\"application\/ld+json\" class=\"yoast-schema-graph\">{\"@context\":\"https:\\\/\\\/schema.org\",\"@graph\":[{\"@type\":\"Article\",\"@id\":\"https:\\\/\\\/www.drivelife.it\\\/news\\\/2014\\\/05\\\/01\\\/i8\\\/#article\",\"isPartOf\":{\"@id\":\"https:\\\/\\\/www.drivelife.it\\\/news\\\/2014\\\/05\\\/01\\\/i8\\\/\"},\"author\":{\"name\":\"Redazione\",\"@id\":\"https:\\\/\\\/www.drivelife.it\\\/news\\\/#\\\/schema\\\/person\\\/b6c194c3423ff451be4914f5fd9c2188\"},\"headline\":\"i8\",\"datePublished\":\"2014-05-01T14:27:52+00:00\",\"mainEntityOfPage\":{\"@id\":\"https:\\\/\\\/www.drivelife.it\\\/news\\\/2014\\\/05\\\/01\\\/i8\\\/\"},\"wordCount\":778,\"commentCount\":0,\"image\":{\"@id\":\"https:\\\/\\\/www.drivelife.it\\\/news\\\/2014\\\/05\\\/01\\\/i8\\\/#primaryimage\"},\"thumbnailUrl\":\"https:\\\/\\\/www.drivelife.it\\\/news\\\/wp-content\\\/uploads\\\/2014\\\/05\\\/BMWi8_4-copia.jpg\",\"keywords\":[\"bmw i8\",\"i8\"],\"articleSection\":[\"AUTOMOTIVE\",\"BMW\",\"NEWS\"],\"inLanguage\":\"en-US\",\"potentialAction\":[{\"@type\":\"CommentAction\",\"name\":\"Comment\",\"target\":[\"https:\\\/\\\/www.drivelife.it\\\/news\\\/2014\\\/05\\\/01\\\/i8\\\/#respond\"]}]},{\"@type\":\"WebPage\",\"@id\":\"https:\\\/\\\/www.drivelife.it\\\/news\\\/2014\\\/05\\\/01\\\/i8\\\/\",\"url\":\"https:\\\/\\\/www.drivelife.it\\\/news\\\/2014\\\/05\\\/01\\\/i8\\\/\",\"name\":\"i8 - #lucalife\",\"isPartOf\":{\"@id\":\"https:\\\/\\\/www.drivelife.it\\\/news\\\/#website\"},\"primaryImageOfPage\":{\"@id\":\"https:\\\/\\\/www.drivelife.it\\\/news\\\/2014\\\/05\\\/01\\\/i8\\\/#primaryimage\"},\"image\":{\"@id\":\"https:\\\/\\\/www.drivelife.it\\\/news\\\/2014\\\/05\\\/01\\\/i8\\\/#primaryimage\"},\"thumbnailUrl\":\"https:\\\/\\\/www.drivelife.it\\\/news\\\/wp-content\\\/uploads\\\/2014\\\/05\\\/BMWi8_4-copia.jpg\",\"datePublished\":\"2014-05-01T14:27:52+00:00\",\"author\":{\"@id\":\"https:\\\/\\\/www.drivelife.it\\\/news\\\/#\\\/schema\\\/person\\\/b6c194c3423ff451be4914f5fd9c2188\"},\"breadcrumb\":{\"@id\":\"https:\\\/\\\/www.drivelife.it\\\/news\\\/2014\\\/05\\\/01\\\/i8\\\/#breadcrumb\"},\"inLanguage\":\"en-US\",\"potentialAction\":[{\"@type\":\"ReadAction\",\"target\":[\"https:\\\/\\\/www.drivelife.it\\\/news\\\/2014\\\/05\\\/01\\\/i8\\\/\"]}]},{\"@type\":\"ImageObject\",\"inLanguage\":\"en-US\",\"@id\":\"https:\\\/\\\/www.drivelife.it\\\/news\\\/2014\\\/05\\\/01\\\/i8\\\/#primaryimage\",\"url\":\"https:\\\/\\\/www.drivelife.it\\\/news\\\/wp-content\\\/uploads\\\/2014\\\/05\\\/BMWi8_4-copia.jpg\",\"contentUrl\":\"https:\\\/\\\/www.drivelife.it\\\/news\\\/wp-content\\\/uploads\\\/2014\\\/05\\\/BMWi8_4-copia.jpg\",\"width\":1680,\"height\":455,\"caption\":\"i8\"},{\"@type\":\"BreadcrumbList\",\"@id\":\"https:\\\/\\\/www.drivelife.it\\\/news\\\/2014\\\/05\\\/01\\\/i8\\\/#breadcrumb\",\"itemListElement\":[{\"@type\":\"ListItem\",\"position\":1,\"name\":\"Home\",\"item\":\"https:\\\/\\\/www.drivelife.it\\\/news\\\/\"},{\"@type\":\"ListItem\",\"position\":2,\"name\":\"i8\"}]},{\"@type\":\"WebSite\",\"@id\":\"https:\\\/\\\/www.drivelife.it\\\/news\\\/#website\",\"url\":\"https:\\\/\\\/www.drivelife.it\\\/news\\\/\",\"name\":\"#lucalife\",\"description\":\"DRIVELIFE le mie automobili\",\"potentialAction\":[{\"@type\":\"SearchAction\",\"target\":{\"@type\":\"EntryPoint\",\"urlTemplate\":\"https:\\\/\\\/www.drivelife.it\\\/news\\\/?s={search_term_string}\"},\"query-input\":{\"@type\":\"PropertyValueSpecification\",\"valueRequired\":true,\"valueName\":\"search_term_string\"}}],\"inLanguage\":\"en-US\"},{\"@type\":\"Person\",\"@id\":\"https:\\\/\\\/www.drivelife.it\\\/news\\\/#\\\/schema\\\/person\\\/b6c194c3423ff451be4914f5fd9c2188\",\"name\":\"Redazione\",\"image\":{\"@type\":\"ImageObject\",\"inLanguage\":\"en-US\",\"@id\":\"https:\\\/\\\/secure.gravatar.com\\\/avatar\\\/8d186f6b07ba8a94441344759f0e13bf1909b6ceaa171df0425551b4590fd558?s=96&d=mm&r=g\",\"url\":\"https:\\\/\\\/secure.gravatar.com\\\/avatar\\\/8d186f6b07ba8a94441344759f0e13bf1909b6ceaa171df0425551b4590fd558?s=96&d=mm&r=g\",\"contentUrl\":\"https:\\\/\\\/secure.gravatar.com\\\/avatar\\\/8d186f6b07ba8a94441344759f0e13bf1909b6ceaa171df0425551b4590fd558?s=96&d=mm&r=g\",\"caption\":\"Redazione\"},\"url\":\"https:\\\/\\\/www.drivelife.it\\\/news\\\/author\\\/admin\\\/\"}]}<\/script>\n<!-- \/ Yoast SEO plugin. -->","yoast_head_json":{"title":"i8 - #lucalife","robots":{"index":"index","follow":"follow","max-snippet":"max-snippet:-1","max-image-preview":"max-image-preview:large","max-video-preview":"max-video-preview:-1"},"canonical":"https:\/\/www.drivelife.it\/news\/2014\/05\/01\/i8\/","og_locale":"en_US","og_type":"article","og_title":"i8 - #lucalife","og_description":"La nuova BMW i8 in vendita a giugno 14 al prezzo di 132.500 euro di luca romano Ammesso che qualcuno, non addetto ai lavori, si fosse fatto l&#8217;idea che i8 potesse essere un&#8217;automobile se non proprio alla portata di tutti, almeno rappresentare un&#8217;alternativa &#8220;fattibile&#8221; a certe sportive o supersportive, bene ora pu\u00f2 dargli una dimensione. Il comunicato stampa diffuso ieri con la dichiarazione del prezzo ha sgombrato ogni dubbio sulla esclusivit\u00e0 del prodotto di Monaco. 132.500 euro, sensore della pressione degli pneumatici compreso nel prezzo. Ora: ma se spendo 132mila e &#8220;spicci&#8221; euro per un&#8217;automobile, mi vuoi far pagare pure il sensore&#46;&#46;&#46;","og_url":"https:\/\/www.drivelife.it\/news\/2014\/05\/01\/i8\/","og_site_name":"#lucalife","article_publisher":"https:\/\/www.facebook.com\/pages\/Drivelife\/467833073239720","article_published_time":"2014-05-01T14:27:52+00:00","og_image":[{"width":1680,"height":455,"url":"https:\/\/www.drivelife.it\/news\/wp-content\/uploads\/2014\/05\/BMWi8_4-copia.jpg","type":"image\/jpeg"}],"author":"Redazione","twitter_card":"summary_large_image","twitter_creator":"@tweetdrivelife","twitter_site":"@tweetdrivelife","twitter_misc":{"Written by":"Redazione","Est. reading time":"4 minutes"},"schema":{"@context":"https:\/\/schema.org","@graph":[{"@type":"Article","@id":"https:\/\/www.drivelife.it\/news\/2014\/05\/01\/i8\/#article","isPartOf":{"@id":"https:\/\/www.drivelife.it\/news\/2014\/05\/01\/i8\/"},"author":{"name":"Redazione","@id":"https:\/\/www.drivelife.it\/news\/#\/schema\/person\/b6c194c3423ff451be4914f5fd9c2188"},"headline":"i8","datePublished":"2014-05-01T14:27:52+00:00","mainEntityOfPage":{"@id":"https:\/\/www.drivelife.it\/news\/2014\/05\/01\/i8\/"},"wordCount":778,"commentCount":0,"image":{"@id":"https:\/\/www.drivelife.it\/news\/2014\/05\/01\/i8\/#primaryimage"},"thumbnailUrl":"https:\/\/www.drivelife.it\/news\/wp-content\/uploads\/2014\/05\/BMWi8_4-copia.jpg","keywords":["bmw i8","i8"],"articleSection":["AUTOMOTIVE","BMW","NEWS"],"inLanguage":"en-US","potentialAction":[{"@type":"CommentAction","name":"Comment","target":["https:\/\/www.drivelife.it\/news\/2014\/05\/01\/i8\/#respond"]}]},{"@type":"WebPage","@id":"https:\/\/www.drivelife.it\/news\/2014\/05\/01\/i8\/","url":"https:\/\/www.drivelife.it\/news\/2014\/05\/01\/i8\/","name":"i8 - #lucalife","isPartOf":{"@id":"https:\/\/www.drivelife.it\/news\/#website"},"primaryImageOfPage":{"@id":"https:\/\/www.drivelife.it\/news\/2014\/05\/01\/i8\/#primaryimage"},"image":{"@id":"https:\/\/www.drivelife.it\/news\/2014\/05\/01\/i8\/#primaryimage"},"thumbnailUrl":"https:\/\/www.drivelife.it\/news\/wp-content\/uploads\/2014\/05\/BMWi8_4-copia.jpg","datePublished":"2014-05-01T14:27:52+00:00","author":{"@id":"https:\/\/www.drivelife.it\/news\/#\/schema\/person\/b6c194c3423ff451be4914f5fd9c2188"},"breadcrumb":{"@id":"https:\/\/www.drivelife.it\/news\/2014\/05\/01\/i8\/#breadcrumb"},"inLanguage":"en-US","potentialAction":[{"@type":"ReadAction","target":["https:\/\/www.drivelife.it\/news\/2014\/05\/01\/i8\/"]}]},{"@type":"ImageObject","inLanguage":"en-US","@id":"https:\/\/www.drivelife.it\/news\/2014\/05\/01\/i8\/#primaryimage","url":"https:\/\/www.drivelife.it\/news\/wp-content\/uploads\/2014\/05\/BMWi8_4-copia.jpg","contentUrl":"https:\/\/www.drivelife.it\/news\/wp-content\/uploads\/2014\/05\/BMWi8_4-copia.jpg","width":1680,"height":455,"caption":"i8"},{"@type":"BreadcrumbList","@id":"https:\/\/www.drivelife.it\/news\/2014\/05\/01\/i8\/#breadcrumb","itemListElement":[{"@type":"ListItem","position":1,"name":"Home","item":"https:\/\/www.drivelife.it\/news\/"},{"@type":"ListItem","position":2,"name":"i8"}]},{"@type":"WebSite","@id":"https:\/\/www.drivelife.it\/news\/#website","url":"https:\/\/www.drivelife.it\/news\/","name":"#lucalife","description":"DRIVELIFE le mie automobili","potentialAction":[{"@type":"SearchAction","target":{"@type":"EntryPoint","urlTemplate":"https:\/\/www.drivelife.it\/news\/?s={search_term_string}"},"query-input":{"@type":"PropertyValueSpecification","valueRequired":true,"valueName":"search_term_string"}}],"inLanguage":"en-US"},{"@type":"Person","@id":"https:\/\/www.drivelife.it\/news\/#\/schema\/person\/b6c194c3423ff451be4914f5fd9c2188","name":"Redazione","image":{"@type":"ImageObject","inLanguage":"en-US","@id":"https:\/\/secure.gravatar.com\/avatar\/8d186f6b07ba8a94441344759f0e13bf1909b6ceaa171df0425551b4590fd558?s=96&d=mm&r=g","url":"https:\/\/secure.gravatar.com\/avatar\/8d186f6b07ba8a94441344759f0e13bf1909b6ceaa171df0425551b4590fd558?s=96&d=mm&r=g","contentUrl":"https:\/\/secure.gravatar.com\/avatar\/8d186f6b07ba8a94441344759f0e13bf1909b6ceaa171df0425551b4590fd558?s=96&d=mm&r=g","caption":"Redazione"},"url":"https:\/\/www.drivelife.it\/news\/author\/admin\/"}]}},"amp_enabled":true,"_links":{"self":[{"href":"https:\/\/www.drivelife.it\/news\/wp-json\/wp\/v2\/posts\/4564","targetHints":{"allow":["GET"]}}],"collection":[{"href":"https:\/\/www.drivelife.it\/news\/wp-json\/wp\/v2\/posts"}],"about":[{"href":"https:\/\/www.drivelife.it\/news\/wp-json\/wp\/v2\/types\/post"}],"author":[{"embeddable":true,"href":"https:\/\/www.drivelife.it\/news\/wp-json\/wp\/v2\/users\/1"}],"replies":[{"embeddable":true,"href":"https:\/\/www.drivelife.it\/news\/wp-json\/wp\/v2\/comments?post=4564"}],"version-history":[{"count":1,"href":"https:\/\/www.drivelife.it\/news\/wp-json\/wp\/v2\/posts\/4564\/revisions"}],"predecessor-version":[{"id":4577,"href":"https:\/\/www.drivelife.it\/news\/wp-json\/wp\/v2\/posts\/4564\/revisions\/4577"}],"wp:featuredmedia":[{"embeddable":true,"href":"https:\/\/www.drivelife.it\/news\/wp-json\/wp\/v2\/media\/4565"}],"wp:attachment":[{"href":"https:\/\/www.drivelife.it\/news\/wp-json\/wp\/v2\/media?parent=4564"}],"wp:term":[{"taxonomy":"category","embeddable":true,"href":"https:\/\/www.drivelife.it\/news\/wp-json\/wp\/v2\/categories?post=4564"},{"taxonomy":"post_tag","embeddable":true,"href":"https:\/\/www.drivelife.it\/news\/wp-json\/wp\/v2\/tags?post=4564"}],"curies":[{"name":"wp","href":"https:\/\/api.w.org\/{rel}","templated":true}]}}