{"id":4411,"date":"2014-04-20T09:23:25","date_gmt":"2014-04-20T09:23:25","guid":{"rendered":"http:\/\/www.drivelife.it\/news\/?p=4411"},"modified":"2014-04-26T09:41:00","modified_gmt":"2014-04-26T09:41:00","slug":"nuova-mini-paceman","status":"publish","type":"post","link":"https:\/\/www.drivelife.it\/news\/2014\/04\/20\/nuova-mini-paceman\/","title":{"rendered":"NUOVA MINI PACEMAN"},"content":{"rendered":"<div id=\"attachment_4412\" style=\"width: 730px\" class=\"wp-caption alignnone\"><img loading=\"lazy\" decoding=\"async\" aria-describedby=\"caption-attachment-4412\" class=\"size-large wp-image-4412\" alt=\"MINI Paceman\" src=\"http:\/\/www.drivelife.it\/news\/wp-content\/uploads\/2014\/04\/MINI-Paceman-0-960x418.jpg\" width=\"720\" height=\"313\" srcset=\"https:\/\/www.drivelife.it\/news\/wp-content\/uploads\/2014\/04\/MINI-Paceman-0-960x418.jpg 960w, https:\/\/www.drivelife.it\/news\/wp-content\/uploads\/2014\/04\/MINI-Paceman-0-580x253.jpg 580w, https:\/\/www.drivelife.it\/news\/wp-content\/uploads\/2014\/04\/MINI-Paceman-0.jpg 1680w\" sizes=\"auto, (max-width: 720px) 100vw, 720px\" \/><p id=\"caption-attachment-4412\" class=\"wp-caption-text\">MINI Paceman<\/p><\/div>\n<p>&#8211; di NICOLETTA TRIGGIANI &#8211; In MINI la chiamano Sports Activity Coup\u00e9, ed \u00e8 la prima vettura nel segmento delle vetture compatte premium. Con l&#8217;aggiornamento generale della MINI, pi\u00f9 grande, pi\u00f9 larga, pi\u00f9 potente, anche la MINI Paceman beneficia dell&#8217;upgrade.<\/p>\n<p><span style=\"line-height: 1.5em;\">La nuova MINI Paceman offre un ulteriore aumento del divertimento di guida e un\u2019efficienza ottimizzata; possibilit\u00e0 di selezionare tra due motori a benzina e due propulsori diesel a quattro cilindri; l\u2019offerta comprende inoltre la sportiva top di gamma MINI John Cooper Works Paceman da160 kW\/218 CV con potente motore quattro cilindri turbo; tutte le varianti di modello soddisfano la norma antinquinamento Euro 6 e sono dotate della tecnologia MINIMALISM ampliata, che include l\u2019ottimizzazione delle caratteristiche di aerodinamica cos\u00ec da ridurre nuovamente i consumi e le emissioni; MINI Cooper S Paceman con incremento \u00a0della potenza di 5 kW a 140 kW\/190 CV; cambio manuale a sei marce di serie; cambio automatico a sei rapporti, offerto come optional; trazione integrale ALL4 di serie nella MINI John Cooper Works Paceman e offerta come optional per tutti gli altri modelli.\u00a0<\/span><\/p>\n<p>Nell\u2019abitacolo della nuova MINI Paceman sono stati messi in risalto sia l\u2019ambiente sportivo sia le caratteristiche premium; tachimetro e contagiri con quadrante scuro nello stile della MINI John Cooper Works Paceman; ambiente interno da lounge con quattro sedili separati e comfort acustico ottimizzato; nuove decorazioni cromate per i comandi del sistema di aerazione; sistema porta-oggetti MINI Center Rail di serie; sedili sportivi per guidatore e passeggero di serie; schienali dei sedili\u00a0posteriori ribaltabili separatamente; possibilit\u00e0 di aumentare in questo modo il volume del bagagliaio da 330 a 1.080 litri.<\/p>\n<p>mpio equipaggiamento di serie e ricca offerta di personalizzazione per godersi comfort e divertimento di guida a livello premium; ampia gamma di optional, per esempio nuove luci fendinebbia a LED, incluse la luce diurna e la luce di posizione in tecnica a LED, proiettori allo xeno ed Adaptive Light Control, Comfort Access, tetto panoramico in vetro alzabile e scorrevole, climatizzatore automatico, gancio da traino separabile con possibilit\u00e0 di rimorchiare fino a 1200 chilogrammi, sistema di navigazione MINI, Sport Button, assetto sportivo, in combinazione con il cambio automatico anche volante sportivo in pelle con paddles, volante multifunzione con regolazione della velocit\u00e0, sistema di altoparlanti HiFi Harman Kardon e accessori originali John Cooper Works sviluppati appositamente per il nuovo modello.<\/p>\n\n\t\t<style>\n\t\t\t#gallery-1 {\n\t\t\t\tmargin: auto;\n\t\t\t}\n\t\t\t#gallery-1 .gallery-item {\n\t\t\t\tfloat: left;\n\t\t\t\tmargin-top: 10px;\n\t\t\t\ttext-align: center;\n\t\t\t\twidth: 11%;\n\t\t\t}\n\t\t\t#gallery-1 img {\n\t\t\t\tborder: 2px solid #cfcfcf;\n\t\t\t}\n\t\t\t#gallery-1 .gallery-caption {\n\t\t\t\tmargin-left: 0;\n\t\t\t}\n\t\t\t\/* see gallery_shortcode() in wp-includes\/media.php *\/\n\t\t<\/style>\n\t\t<div id='gallery-1' class='gallery galleryid-4411 gallery-columns-9 gallery-size-thumbnail'><dl class='gallery-item'>\n\t\t\t<dt class='gallery-icon landscape'>\n\t\t\t\t<a href='https:\/\/www.drivelife.it\/news\/2014\/04\/20\/nuova-mini-paceman\/mini-paceman-3\/'><img loading=\"lazy\" decoding=\"async\" width=\"150\" height=\"150\" src=\"https:\/\/www.drivelife.it\/news\/wp-content\/uploads\/2014\/04\/MINI-Paceman-3-150x150.jpg\" class=\"attachment-thumbnail size-thumbnail no-lazy\" alt=\"\" srcset=\"https:\/\/www.drivelife.it\/news\/wp-content\/uploads\/2014\/04\/MINI-Paceman-3-150x150.jpg 150w, https:\/\/www.drivelife.it\/news\/wp-content\/uploads\/2014\/04\/MINI-Paceman-3-160x160.jpg 160w\" sizes=\"auto, (max-width: 150px) 100vw, 150px\" \/><\/a>\n\t\t\t<\/dt><\/dl><dl class='gallery-item'>\n\t\t\t<dt class='gallery-icon landscape'>\n\t\t\t\t<a href='https:\/\/www.drivelife.it\/news\/2014\/04\/20\/nuova-mini-paceman\/mini-paceman-1\/'><img loading=\"lazy\" decoding=\"async\" width=\"150\" height=\"150\" src=\"https:\/\/www.drivelife.it\/news\/wp-content\/uploads\/2014\/04\/MINI-Paceman-1-150x150.jpg\" class=\"attachment-thumbnail size-thumbnail no-lazy\" alt=\"\" srcset=\"https:\/\/www.drivelife.it\/news\/wp-content\/uploads\/2014\/04\/MINI-Paceman-1-150x150.jpg 150w, https:\/\/www.drivelife.it\/news\/wp-content\/uploads\/2014\/04\/MINI-Paceman-1-160x160.jpg 160w\" sizes=\"auto, (max-width: 150px) 100vw, 150px\" \/><\/a>\n\t\t\t<\/dt><\/dl><dl class='gallery-item'>\n\t\t\t<dt class='gallery-icon landscape'>\n\t\t\t\t<a href='https:\/\/www.drivelife.it\/news\/2014\/04\/20\/nuova-mini-paceman\/mini-paceman-7\/'><img loading=\"lazy\" decoding=\"async\" width=\"150\" height=\"150\" src=\"https:\/\/www.drivelife.it\/news\/wp-content\/uploads\/2014\/04\/MINI-Paceman-7-150x150.jpg\" class=\"attachment-thumbnail size-thumbnail no-lazy\" alt=\"\" srcset=\"https:\/\/www.drivelife.it\/news\/wp-content\/uploads\/2014\/04\/MINI-Paceman-7-150x150.jpg 150w, https:\/\/www.drivelife.it\/news\/wp-content\/uploads\/2014\/04\/MINI-Paceman-7-160x160.jpg 160w\" sizes=\"auto, (max-width: 150px) 100vw, 150px\" \/><\/a>\n\t\t\t<\/dt><\/dl><dl class='gallery-item'>\n\t\t\t<dt class='gallery-icon landscape'>\n\t\t\t\t<a href='https:\/\/www.drivelife.it\/news\/2014\/04\/20\/nuova-mini-paceman\/mini-paceman-8\/'><img loading=\"lazy\" decoding=\"async\" width=\"150\" height=\"150\" src=\"https:\/\/www.drivelife.it\/news\/wp-content\/uploads\/2014\/04\/MINI-Paceman-8-150x150.jpg\" class=\"attachment-thumbnail size-thumbnail no-lazy\" alt=\"\" srcset=\"https:\/\/www.drivelife.it\/news\/wp-content\/uploads\/2014\/04\/MINI-Paceman-8-150x150.jpg 150w, https:\/\/www.drivelife.it\/news\/wp-content\/uploads\/2014\/04\/MINI-Paceman-8-160x160.jpg 160w\" sizes=\"auto, (max-width: 150px) 100vw, 150px\" \/><\/a>\n\t\t\t<\/dt><\/dl><dl class='gallery-item'>\n\t\t\t<dt class='gallery-icon landscape'>\n\t\t\t\t<a href='https:\/\/www.drivelife.it\/news\/2014\/04\/20\/nuova-mini-paceman\/mini-paceman-6\/'><img loading=\"lazy\" decoding=\"async\" width=\"150\" height=\"150\" src=\"https:\/\/www.drivelife.it\/news\/wp-content\/uploads\/2014\/04\/MINI-Paceman-6-150x150.jpg\" class=\"attachment-thumbnail size-thumbnail no-lazy\" alt=\"\" srcset=\"https:\/\/www.drivelife.it\/news\/wp-content\/uploads\/2014\/04\/MINI-Paceman-6-150x150.jpg 150w, https:\/\/www.drivelife.it\/news\/wp-content\/uploads\/2014\/04\/MINI-Paceman-6-160x160.jpg 160w\" sizes=\"auto, (max-width: 150px) 100vw, 150px\" \/><\/a>\n\t\t\t<\/dt><\/dl><dl class='gallery-item'>\n\t\t\t<dt class='gallery-icon landscape'>\n\t\t\t\t<a href='https:\/\/www.drivelife.it\/news\/2014\/04\/20\/nuova-mini-paceman\/mini-paceman-2\/'><img loading=\"lazy\" decoding=\"async\" width=\"150\" height=\"150\" src=\"https:\/\/www.drivelife.it\/news\/wp-content\/uploads\/2014\/04\/MINI-Paceman-2-150x150.jpg\" class=\"attachment-thumbnail size-thumbnail no-lazy\" alt=\"\" srcset=\"https:\/\/www.drivelife.it\/news\/wp-content\/uploads\/2014\/04\/MINI-Paceman-2-150x150.jpg 150w, https:\/\/www.drivelife.it\/news\/wp-content\/uploads\/2014\/04\/MINI-Paceman-2-160x160.jpg 160w\" sizes=\"auto, (max-width: 150px) 100vw, 150px\" \/><\/a>\n\t\t\t<\/dt><\/dl><dl class='gallery-item'>\n\t\t\t<dt class='gallery-icon landscape'>\n\t\t\t\t<a href='https:\/\/www.drivelife.it\/news\/2014\/04\/20\/nuova-mini-paceman\/mini-paceman-9\/'><img loading=\"lazy\" decoding=\"async\" width=\"150\" height=\"150\" src=\"https:\/\/www.drivelife.it\/news\/wp-content\/uploads\/2014\/04\/MINI-Paceman-9-150x150.jpg\" class=\"attachment-thumbnail size-thumbnail no-lazy\" alt=\"\" srcset=\"https:\/\/www.drivelife.it\/news\/wp-content\/uploads\/2014\/04\/MINI-Paceman-9-150x150.jpg 150w, https:\/\/www.drivelife.it\/news\/wp-content\/uploads\/2014\/04\/MINI-Paceman-9-160x160.jpg 160w\" sizes=\"auto, (max-width: 150px) 100vw, 150px\" \/><\/a>\n\t\t\t<\/dt><\/dl><dl class='gallery-item'>\n\t\t\t<dt class='gallery-icon landscape'>\n\t\t\t\t<a href='https:\/\/www.drivelife.it\/news\/2014\/04\/20\/nuova-mini-paceman\/mini-paceman-5\/'><img loading=\"lazy\" decoding=\"async\" width=\"150\" height=\"150\" src=\"https:\/\/www.drivelife.it\/news\/wp-content\/uploads\/2014\/04\/MINI-Paceman-5-150x150.jpg\" class=\"attachment-thumbnail size-thumbnail no-lazy\" alt=\"\" srcset=\"https:\/\/www.drivelife.it\/news\/wp-content\/uploads\/2014\/04\/MINI-Paceman-5-150x150.jpg 150w, https:\/\/www.drivelife.it\/news\/wp-content\/uploads\/2014\/04\/MINI-Paceman-5-160x160.jpg 160w\" sizes=\"auto, (max-width: 150px) 100vw, 150px\" \/><\/a>\n\t\t\t<\/dt><\/dl><dl class='gallery-item'>\n\t\t\t<dt class='gallery-icon landscape'>\n\t\t\t\t<a href='https:\/\/www.drivelife.it\/news\/2014\/04\/20\/nuova-mini-paceman\/mini-paceman-4\/'><img loading=\"lazy\" decoding=\"async\" width=\"150\" height=\"150\" src=\"https:\/\/www.drivelife.it\/news\/wp-content\/uploads\/2014\/04\/MINI-Paceman-4-150x150.jpg\" class=\"attachment-thumbnail size-thumbnail no-lazy\" alt=\"\" srcset=\"https:\/\/www.drivelife.it\/news\/wp-content\/uploads\/2014\/04\/MINI-Paceman-4-150x150.jpg 150w, https:\/\/www.drivelife.it\/news\/wp-content\/uploads\/2014\/04\/MINI-Paceman-4-160x160.jpg 160w\" sizes=\"auto, (max-width: 150px) 100vw, 150px\" \/><\/a>\n\t\t\t<\/dt><\/dl><br style=\"clear: both\" \/>\n\t\t<\/div>\n\n","protected":false},"excerpt":{"rendered":"<p>&#8211; di NICOLETTA TRIGGIANI &#8211; In MINI la chiamano Sports Activity Coup\u00e9, ed \u00e8 la prima vettura nel segmento delle vetture compatte premium. Con l&#8217;aggiornamento generale della MINI, pi\u00f9 grande, pi\u00f9 larga, pi\u00f9 potente, anche la MINI Paceman beneficia dell&#8217;upgrade. La nuova MINI Paceman offre un ulteriore aumento del divertimento di guida e un\u2019efficienza ottimizzata; possibilit\u00e0 di selezionare tra due motori a benzina e due propulsori diesel a quattro cilindri; l\u2019offerta comprende inoltre la sportiva top di gamma MINI John Cooper Works Paceman da160 kW\/218 CV con potente motore quattro cilindri turbo; tutte le varianti di modello soddisfano la norma antinquinamento Euro&#46;&#46;&#46;<\/p>\n","protected":false},"author":1,"featured_media":4412,"comment_status":"open","ping_status":"open","sticky":false,"template":"","format":"standard","meta":{"ngg_post_thumbnail":0,"footnotes":""},"categories":[39,47,55],"tags":[132],"class_list":["post-4411","post","type-post","status-publish","format-standard","has-post-thumbnail","hentry","category-automotive","category-mini","category-news","tag-mini-paceman"],"yoast_head":"<!-- This site is optimized with the Yoast SEO plugin v27.5 - https:\/\/yoast.com\/product\/yoast-seo-wordpress\/ -->\n<title>NUOVA MINI PACEMAN - #lucalife<\/title>\n<meta name=\"robots\" content=\"index, follow, max-snippet:-1, max-image-preview:large, max-video-preview:-1\" \/>\n<link rel=\"canonical\" href=\"https:\/\/www.drivelife.it\/news\/2014\/04\/20\/nuova-mini-paceman\/\" \/>\n<meta property=\"og:locale\" content=\"en_US\" \/>\n<meta property=\"og:type\" content=\"article\" \/>\n<meta property=\"og:title\" content=\"NUOVA MINI PACEMAN - #lucalife\" \/>\n<meta property=\"og:description\" content=\"&#8211; di NICOLETTA TRIGGIANI &#8211; In MINI la chiamano Sports Activity Coup\u00e9, ed \u00e8 la prima vettura nel segmento delle vetture compatte premium. Con l&#8217;aggiornamento generale della MINI, pi\u00f9 grande, pi\u00f9 larga, pi\u00f9 potente, anche la MINI Paceman beneficia dell&#8217;upgrade. La nuova MINI Paceman offre un ulteriore aumento del divertimento di guida e un\u2019efficienza ottimizzata; possibilit\u00e0 di selezionare tra due motori a benzina e due propulsori diesel a quattro cilindri; l\u2019offerta comprende inoltre la sportiva top di gamma MINI John Cooper Works Paceman da160 kW\/218 CV con potente motore quattro cilindri turbo; tutte le varianti di modello soddisfano la norma antinquinamento Euro&#046;&#046;&#046;\" \/>\n<meta property=\"og:url\" content=\"https:\/\/www.drivelife.it\/news\/2014\/04\/20\/nuova-mini-paceman\/\" \/>\n<meta property=\"og:site_name\" content=\"#lucalife\" \/>\n<meta property=\"article:publisher\" content=\"https:\/\/www.facebook.com\/pages\/Drivelife\/467833073239720\" \/>\n<meta property=\"article:published_time\" content=\"2014-04-20T09:23:25+00:00\" \/>\n<meta property=\"article:modified_time\" content=\"2014-04-26T09:41:00+00:00\" \/>\n<meta property=\"og:image\" content=\"https:\/\/www.drivelife.it\/news\/wp-content\/uploads\/2014\/04\/MINI-Paceman-0.jpg\" \/>\n\t<meta property=\"og:image:width\" content=\"1680\" \/>\n\t<meta property=\"og:image:height\" content=\"733\" \/>\n\t<meta property=\"og:image:type\" content=\"image\/jpeg\" \/>\n<meta name=\"author\" content=\"Redazione\" \/>\n<meta name=\"twitter:card\" content=\"summary_large_image\" \/>\n<meta name=\"twitter:creator\" content=\"@tweetdrivelife\" \/>\n<meta name=\"twitter:site\" content=\"@tweetdrivelife\" \/>\n<meta name=\"twitter:label1\" content=\"Written by\" \/>\n\t<meta name=\"twitter:data1\" content=\"Redazione\" \/>\n\t<meta name=\"twitter:label2\" content=\"Est. reading time\" \/>\n\t<meta name=\"twitter:data2\" content=\"2 minutes\" \/>\n<script type=\"application\/ld+json\" class=\"yoast-schema-graph\">{\"@context\":\"https:\\\/\\\/schema.org\",\"@graph\":[{\"@type\":\"Article\",\"@id\":\"https:\\\/\\\/www.drivelife.it\\\/news\\\/2014\\\/04\\\/20\\\/nuova-mini-paceman\\\/#article\",\"isPartOf\":{\"@id\":\"https:\\\/\\\/www.drivelife.it\\\/news\\\/2014\\\/04\\\/20\\\/nuova-mini-paceman\\\/\"},\"author\":{\"name\":\"Redazione\",\"@id\":\"https:\\\/\\\/www.drivelife.it\\\/news\\\/#\\\/schema\\\/person\\\/b6c194c3423ff451be4914f5fd9c2188\"},\"headline\":\"NUOVA MINI PACEMAN\",\"datePublished\":\"2014-04-20T09:23:25+00:00\",\"dateModified\":\"2014-04-26T09:41:00+00:00\",\"mainEntityOfPage\":{\"@id\":\"https:\\\/\\\/www.drivelife.it\\\/news\\\/2014\\\/04\\\/20\\\/nuova-mini-paceman\\\/\"},\"wordCount\":400,\"commentCount\":0,\"image\":{\"@id\":\"https:\\\/\\\/www.drivelife.it\\\/news\\\/2014\\\/04\\\/20\\\/nuova-mini-paceman\\\/#primaryimage\"},\"thumbnailUrl\":\"https:\\\/\\\/www.drivelife.it\\\/news\\\/wp-content\\\/uploads\\\/2014\\\/04\\\/MINI-Paceman-0.jpg\",\"keywords\":[\"MINI PACEMAN\"],\"articleSection\":[\"AUTOMOTIVE\",\"MINI\",\"NEWS\"],\"inLanguage\":\"en-US\",\"potentialAction\":[{\"@type\":\"CommentAction\",\"name\":\"Comment\",\"target\":[\"https:\\\/\\\/www.drivelife.it\\\/news\\\/2014\\\/04\\\/20\\\/nuova-mini-paceman\\\/#respond\"]}]},{\"@type\":\"WebPage\",\"@id\":\"https:\\\/\\\/www.drivelife.it\\\/news\\\/2014\\\/04\\\/20\\\/nuova-mini-paceman\\\/\",\"url\":\"https:\\\/\\\/www.drivelife.it\\\/news\\\/2014\\\/04\\\/20\\\/nuova-mini-paceman\\\/\",\"name\":\"NUOVA MINI PACEMAN - #lucalife\",\"isPartOf\":{\"@id\":\"https:\\\/\\\/www.drivelife.it\\\/news\\\/#website\"},\"primaryImageOfPage\":{\"@id\":\"https:\\\/\\\/www.drivelife.it\\\/news\\\/2014\\\/04\\\/20\\\/nuova-mini-paceman\\\/#primaryimage\"},\"image\":{\"@id\":\"https:\\\/\\\/www.drivelife.it\\\/news\\\/2014\\\/04\\\/20\\\/nuova-mini-paceman\\\/#primaryimage\"},\"thumbnailUrl\":\"https:\\\/\\\/www.drivelife.it\\\/news\\\/wp-content\\\/uploads\\\/2014\\\/04\\\/MINI-Paceman-0.jpg\",\"datePublished\":\"2014-04-20T09:23:25+00:00\",\"dateModified\":\"2014-04-26T09:41:00+00:00\",\"author\":{\"@id\":\"https:\\\/\\\/www.drivelife.it\\\/news\\\/#\\\/schema\\\/person\\\/b6c194c3423ff451be4914f5fd9c2188\"},\"breadcrumb\":{\"@id\":\"https:\\\/\\\/www.drivelife.it\\\/news\\\/2014\\\/04\\\/20\\\/nuova-mini-paceman\\\/#breadcrumb\"},\"inLanguage\":\"en-US\",\"potentialAction\":[{\"@type\":\"ReadAction\",\"target\":[\"https:\\\/\\\/www.drivelife.it\\\/news\\\/2014\\\/04\\\/20\\\/nuova-mini-paceman\\\/\"]}]},{\"@type\":\"ImageObject\",\"inLanguage\":\"en-US\",\"@id\":\"https:\\\/\\\/www.drivelife.it\\\/news\\\/2014\\\/04\\\/20\\\/nuova-mini-paceman\\\/#primaryimage\",\"url\":\"https:\\\/\\\/www.drivelife.it\\\/news\\\/wp-content\\\/uploads\\\/2014\\\/04\\\/MINI-Paceman-0.jpg\",\"contentUrl\":\"https:\\\/\\\/www.drivelife.it\\\/news\\\/wp-content\\\/uploads\\\/2014\\\/04\\\/MINI-Paceman-0.jpg\",\"width\":1680,\"height\":733,\"caption\":\"MINI Paceman\"},{\"@type\":\"BreadcrumbList\",\"@id\":\"https:\\\/\\\/www.drivelife.it\\\/news\\\/2014\\\/04\\\/20\\\/nuova-mini-paceman\\\/#breadcrumb\",\"itemListElement\":[{\"@type\":\"ListItem\",\"position\":1,\"name\":\"Home\",\"item\":\"https:\\\/\\\/www.drivelife.it\\\/news\\\/\"},{\"@type\":\"ListItem\",\"position\":2,\"name\":\"NUOVA MINI PACEMAN\"}]},{\"@type\":\"WebSite\",\"@id\":\"https:\\\/\\\/www.drivelife.it\\\/news\\\/#website\",\"url\":\"https:\\\/\\\/www.drivelife.it\\\/news\\\/\",\"name\":\"#lucalife\",\"description\":\"DRIVELIFE le mie automobili\",\"potentialAction\":[{\"@type\":\"SearchAction\",\"target\":{\"@type\":\"EntryPoint\",\"urlTemplate\":\"https:\\\/\\\/www.drivelife.it\\\/news\\\/?s={search_term_string}\"},\"query-input\":{\"@type\":\"PropertyValueSpecification\",\"valueRequired\":true,\"valueName\":\"search_term_string\"}}],\"inLanguage\":\"en-US\"},{\"@type\":\"Person\",\"@id\":\"https:\\\/\\\/www.drivelife.it\\\/news\\\/#\\\/schema\\\/person\\\/b6c194c3423ff451be4914f5fd9c2188\",\"name\":\"Redazione\",\"image\":{\"@type\":\"ImageObject\",\"inLanguage\":\"en-US\",\"@id\":\"https:\\\/\\\/secure.gravatar.com\\\/avatar\\\/8d186f6b07ba8a94441344759f0e13bf1909b6ceaa171df0425551b4590fd558?s=96&d=mm&r=g\",\"url\":\"https:\\\/\\\/secure.gravatar.com\\\/avatar\\\/8d186f6b07ba8a94441344759f0e13bf1909b6ceaa171df0425551b4590fd558?s=96&d=mm&r=g\",\"contentUrl\":\"https:\\\/\\\/secure.gravatar.com\\\/avatar\\\/8d186f6b07ba8a94441344759f0e13bf1909b6ceaa171df0425551b4590fd558?s=96&d=mm&r=g\",\"caption\":\"Redazione\"},\"url\":\"https:\\\/\\\/www.drivelife.it\\\/news\\\/author\\\/admin\\\/\"}]}<\/script>\n<!-- \/ Yoast SEO plugin. -->","yoast_head_json":{"title":"NUOVA MINI PACEMAN - #lucalife","robots":{"index":"index","follow":"follow","max-snippet":"max-snippet:-1","max-image-preview":"max-image-preview:large","max-video-preview":"max-video-preview:-1"},"canonical":"https:\/\/www.drivelife.it\/news\/2014\/04\/20\/nuova-mini-paceman\/","og_locale":"en_US","og_type":"article","og_title":"NUOVA MINI PACEMAN - #lucalife","og_description":"&#8211; di NICOLETTA TRIGGIANI &#8211; In MINI la chiamano Sports Activity Coup\u00e9, ed \u00e8 la prima vettura nel segmento delle vetture compatte premium. Con l&#8217;aggiornamento generale della MINI, pi\u00f9 grande, pi\u00f9 larga, pi\u00f9 potente, anche la MINI Paceman beneficia dell&#8217;upgrade. La nuova MINI Paceman offre un ulteriore aumento del divertimento di guida e un\u2019efficienza ottimizzata; possibilit\u00e0 di selezionare tra due motori a benzina e due propulsori diesel a quattro cilindri; l\u2019offerta comprende inoltre la sportiva top di gamma MINI John Cooper Works Paceman da160 kW\/218 CV con potente motore quattro cilindri turbo; tutte le varianti di modello soddisfano la norma antinquinamento Euro&#46;&#46;&#46;","og_url":"https:\/\/www.drivelife.it\/news\/2014\/04\/20\/nuova-mini-paceman\/","og_site_name":"#lucalife","article_publisher":"https:\/\/www.facebook.com\/pages\/Drivelife\/467833073239720","article_published_time":"2014-04-20T09:23:25+00:00","article_modified_time":"2014-04-26T09:41:00+00:00","og_image":[{"width":1680,"height":733,"url":"https:\/\/www.drivelife.it\/news\/wp-content\/uploads\/2014\/04\/MINI-Paceman-0.jpg","type":"image\/jpeg"}],"author":"Redazione","twitter_card":"summary_large_image","twitter_creator":"@tweetdrivelife","twitter_site":"@tweetdrivelife","twitter_misc":{"Written by":"Redazione","Est. reading time":"2 minutes"},"schema":{"@context":"https:\/\/schema.org","@graph":[{"@type":"Article","@id":"https:\/\/www.drivelife.it\/news\/2014\/04\/20\/nuova-mini-paceman\/#article","isPartOf":{"@id":"https:\/\/www.drivelife.it\/news\/2014\/04\/20\/nuova-mini-paceman\/"},"author":{"name":"Redazione","@id":"https:\/\/www.drivelife.it\/news\/#\/schema\/person\/b6c194c3423ff451be4914f5fd9c2188"},"headline":"NUOVA MINI PACEMAN","datePublished":"2014-04-20T09:23:25+00:00","dateModified":"2014-04-26T09:41:00+00:00","mainEntityOfPage":{"@id":"https:\/\/www.drivelife.it\/news\/2014\/04\/20\/nuova-mini-paceman\/"},"wordCount":400,"commentCount":0,"image":{"@id":"https:\/\/www.drivelife.it\/news\/2014\/04\/20\/nuova-mini-paceman\/#primaryimage"},"thumbnailUrl":"https:\/\/www.drivelife.it\/news\/wp-content\/uploads\/2014\/04\/MINI-Paceman-0.jpg","keywords":["MINI PACEMAN"],"articleSection":["AUTOMOTIVE","MINI","NEWS"],"inLanguage":"en-US","potentialAction":[{"@type":"CommentAction","name":"Comment","target":["https:\/\/www.drivelife.it\/news\/2014\/04\/20\/nuova-mini-paceman\/#respond"]}]},{"@type":"WebPage","@id":"https:\/\/www.drivelife.it\/news\/2014\/04\/20\/nuova-mini-paceman\/","url":"https:\/\/www.drivelife.it\/news\/2014\/04\/20\/nuova-mini-paceman\/","name":"NUOVA MINI PACEMAN - #lucalife","isPartOf":{"@id":"https:\/\/www.drivelife.it\/news\/#website"},"primaryImageOfPage":{"@id":"https:\/\/www.drivelife.it\/news\/2014\/04\/20\/nuova-mini-paceman\/#primaryimage"},"image":{"@id":"https:\/\/www.drivelife.it\/news\/2014\/04\/20\/nuova-mini-paceman\/#primaryimage"},"thumbnailUrl":"https:\/\/www.drivelife.it\/news\/wp-content\/uploads\/2014\/04\/MINI-Paceman-0.jpg","datePublished":"2014-04-20T09:23:25+00:00","dateModified":"2014-04-26T09:41:00+00:00","author":{"@id":"https:\/\/www.drivelife.it\/news\/#\/schema\/person\/b6c194c3423ff451be4914f5fd9c2188"},"breadcrumb":{"@id":"https:\/\/www.drivelife.it\/news\/2014\/04\/20\/nuova-mini-paceman\/#breadcrumb"},"inLanguage":"en-US","potentialAction":[{"@type":"ReadAction","target":["https:\/\/www.drivelife.it\/news\/2014\/04\/20\/nuova-mini-paceman\/"]}]},{"@type":"ImageObject","inLanguage":"en-US","@id":"https:\/\/www.drivelife.it\/news\/2014\/04\/20\/nuova-mini-paceman\/#primaryimage","url":"https:\/\/www.drivelife.it\/news\/wp-content\/uploads\/2014\/04\/MINI-Paceman-0.jpg","contentUrl":"https:\/\/www.drivelife.it\/news\/wp-content\/uploads\/2014\/04\/MINI-Paceman-0.jpg","width":1680,"height":733,"caption":"MINI Paceman"},{"@type":"BreadcrumbList","@id":"https:\/\/www.drivelife.it\/news\/2014\/04\/20\/nuova-mini-paceman\/#breadcrumb","itemListElement":[{"@type":"ListItem","position":1,"name":"Home","item":"https:\/\/www.drivelife.it\/news\/"},{"@type":"ListItem","position":2,"name":"NUOVA MINI PACEMAN"}]},{"@type":"WebSite","@id":"https:\/\/www.drivelife.it\/news\/#website","url":"https:\/\/www.drivelife.it\/news\/","name":"#lucalife","description":"DRIVELIFE le mie automobili","potentialAction":[{"@type":"SearchAction","target":{"@type":"EntryPoint","urlTemplate":"https:\/\/www.drivelife.it\/news\/?s={search_term_string}"},"query-input":{"@type":"PropertyValueSpecification","valueRequired":true,"valueName":"search_term_string"}}],"inLanguage":"en-US"},{"@type":"Person","@id":"https:\/\/www.drivelife.it\/news\/#\/schema\/person\/b6c194c3423ff451be4914f5fd9c2188","name":"Redazione","image":{"@type":"ImageObject","inLanguage":"en-US","@id":"https:\/\/secure.gravatar.com\/avatar\/8d186f6b07ba8a94441344759f0e13bf1909b6ceaa171df0425551b4590fd558?s=96&d=mm&r=g","url":"https:\/\/secure.gravatar.com\/avatar\/8d186f6b07ba8a94441344759f0e13bf1909b6ceaa171df0425551b4590fd558?s=96&d=mm&r=g","contentUrl":"https:\/\/secure.gravatar.com\/avatar\/8d186f6b07ba8a94441344759f0e13bf1909b6ceaa171df0425551b4590fd558?s=96&d=mm&r=g","caption":"Redazione"},"url":"https:\/\/www.drivelife.it\/news\/author\/admin\/"}]}},"amp_enabled":true,"_links":{"self":[{"href":"https:\/\/www.drivelife.it\/news\/wp-json\/wp\/v2\/posts\/4411","targetHints":{"allow":["GET"]}}],"collection":[{"href":"https:\/\/www.drivelife.it\/news\/wp-json\/wp\/v2\/posts"}],"about":[{"href":"https:\/\/www.drivelife.it\/news\/wp-json\/wp\/v2\/types\/post"}],"author":[{"embeddable":true,"href":"https:\/\/www.drivelife.it\/news\/wp-json\/wp\/v2\/users\/1"}],"replies":[{"embeddable":true,"href":"https:\/\/www.drivelife.it\/news\/wp-json\/wp\/v2\/comments?post=4411"}],"version-history":[{"count":4,"href":"https:\/\/www.drivelife.it\/news\/wp-json\/wp\/v2\/posts\/4411\/revisions"}],"predecessor-version":[{"id":4425,"href":"https:\/\/www.drivelife.it\/news\/wp-json\/wp\/v2\/posts\/4411\/revisions\/4425"}],"wp:featuredmedia":[{"embeddable":true,"href":"https:\/\/www.drivelife.it\/news\/wp-json\/wp\/v2\/media\/4412"}],"wp:attachment":[{"href":"https:\/\/www.drivelife.it\/news\/wp-json\/wp\/v2\/media?parent=4411"}],"wp:term":[{"taxonomy":"category","embeddable":true,"href":"https:\/\/www.drivelife.it\/news\/wp-json\/wp\/v2\/categories?post=4411"},{"taxonomy":"post_tag","embeddable":true,"href":"https:\/\/www.drivelife.it\/news\/wp-json\/wp\/v2\/tags?post=4411"}],"curies":[{"name":"wp","href":"https:\/\/api.w.org\/{rel}","templated":true}]}}