{"id":4146,"date":"2014-03-11T08:43:08","date_gmt":"2014-03-11T08:43:08","guid":{"rendered":"http:\/\/www.drivelife.it\/news\/?p=4146"},"modified":"2014-04-09T11:00:08","modified_gmt":"2014-04-09T11:00:08","slug":"bmw-serie-2-active-tourer","status":"publish","type":"post","link":"https:\/\/www.drivelife.it\/news\/2014\/03\/11\/bmw-serie-2-active-tourer\/","title":{"rendered":"BMW SERIE 2 ACTIVE TOURER"},"content":{"rendered":"<p>NICOLETTA TRIGGIANI<\/p>\n<h1><b>NUOVI ALLINEAMENTI<\/b><\/h1>\n<h2><b>LA BMW SERIE 2 ACTIVE TOURER \u00c8 LA PRIMA BMW EQUIPAGGIATA CON MOTORI TRASVERSALI E TRAZIONE SULL\u2019ASSE ANTERIORE. STARTUP CON LA BMW SERIE 218i ACTIVE TOURER<\/b><\/h2>\n<div id=\"attachment_4147\" style=\"width: 730px\" class=\"wp-caption alignnone\"><img loading=\"lazy\" decoding=\"async\" aria-describedby=\"caption-attachment-4147\" class=\"size-large wp-image-4147\" alt=\"BMW SERIE 2 ACTIVE TOURER - modello di partenza la 218i\" src=\"http:\/\/www.drivelife.it\/news\/wp-content\/uploads\/2014\/03\/SERIE-2-ACTIVE-TOURER-6-960x640.jpg\" width=\"720\" height=\"480\" srcset=\"https:\/\/www.drivelife.it\/news\/wp-content\/uploads\/2014\/03\/SERIE-2-ACTIVE-TOURER-6-960x640.jpg 960w, https:\/\/www.drivelife.it\/news\/wp-content\/uploads\/2014\/03\/SERIE-2-ACTIVE-TOURER-6-580x386.jpg 580w\" sizes=\"auto, (max-width: 720px) 100vw, 720px\" \/><p id=\"caption-attachment-4147\" class=\"wp-caption-text\">BMW SERIE 2 ACTIVE TOURER<\/p><\/div>\n<p><b>DA DRIVELIFE DEL 15 MARZO &#8211; DURATA, 01\u2019 09\u201d <\/b><b>&#8211;\u00a0<\/b> Lo stile riprende l\u2019immagine di famiglia, come di consueto. Per\u00f2, \u201cstrizzando gli occhi\u201d e senza troppo lavorare d\u2019immaginazione \u00e8 evidente dal disegno della Serie 2 Active Tourer che si tratta di una diretta competitor nel segmento premium delle compatte monovolume. Forse perch\u00e9 per garantire abitabilit\u00e0, efficienza delle prestazioni &#8211; dai consumi alle emissioni ed alla velocit\u00e0 massima &#8211; i designer devono compiere scelte obbligate.<\/p>\n<p>E le misure confermano il principio esposto: 4 metri e trenta la lunghezza, un metro ed ottanta la larghezza con un\u2019altezza di poco superiore al metro e mezzo. Sotto il cofano i nuovi motori con tre cilindri, tutti i sistemi BMW EfficientDynamics ed il BMW ConnectedDrive. Consumi contenuti fino a 4,1 litri per cento chilometri con emissoni fino 109 grammi per chilometro. Grazie al lungo passo l\u2019abitacolo \u00e8 spazioso ed il volume del bagagliaio arriva fino a 1510 litri. Modello di partenza la BMW 218i Active Tourer. Motore di un litro e mezzo con 136 CV.<\/p>\n\n\t\t<style>\n\t\t\t#gallery-1 {\n\t\t\t\tmargin: auto;\n\t\t\t}\n\t\t\t#gallery-1 .gallery-item {\n\t\t\t\tfloat: left;\n\t\t\t\tmargin-top: 10px;\n\t\t\t\ttext-align: center;\n\t\t\t\twidth: 11%;\n\t\t\t}\n\t\t\t#gallery-1 img {\n\t\t\t\tborder: 2px solid #cfcfcf;\n\t\t\t}\n\t\t\t#gallery-1 .gallery-caption {\n\t\t\t\tmargin-left: 0;\n\t\t\t}\n\t\t\t\/* see gallery_shortcode() in wp-includes\/media.php *\/\n\t\t<\/style>\n\t\t<div id='gallery-1' class='gallery galleryid-4146 gallery-columns-9 gallery-size-thumbnail'><dl class='gallery-item'>\n\t\t\t<dt class='gallery-icon landscape'>\n\t\t\t\t<a href='https:\/\/www.drivelife.it\/news\/2014\/03\/11\/bmw-serie-2-active-tourer\/serie-2-active-tourer-6\/'><img loading=\"lazy\" decoding=\"async\" width=\"150\" height=\"150\" src=\"https:\/\/www.drivelife.it\/news\/wp-content\/uploads\/2014\/03\/SERIE-2-ACTIVE-TOURER-6-150x150.jpg\" class=\"attachment-thumbnail size-thumbnail no-lazy\" alt=\"BMW SERIE 2 ACTIVE TOURER - modello di partenza la 218i\" aria-describedby=\"gallery-1-4147\" srcset=\"https:\/\/www.drivelife.it\/news\/wp-content\/uploads\/2014\/03\/SERIE-2-ACTIVE-TOURER-6-150x150.jpg 150w, https:\/\/www.drivelife.it\/news\/wp-content\/uploads\/2014\/03\/SERIE-2-ACTIVE-TOURER-6-160x160.jpg 160w\" sizes=\"auto, (max-width: 150px) 100vw, 150px\" \/><\/a>\n\t\t\t<\/dt>\n\t\t\t\t<dd class='wp-caption-text gallery-caption' id='gallery-1-4147'>\n\t\t\t\tBMW SERIE 2 ACTIVE TOURER\n\t\t\t\t<\/dd><\/dl><dl class='gallery-item'>\n\t\t\t<dt class='gallery-icon landscape'>\n\t\t\t\t<a href='https:\/\/www.drivelife.it\/news\/2014\/03\/11\/bmw-serie-2-active-tourer\/serie-2-active-tourer-1\/'><img loading=\"lazy\" decoding=\"async\" width=\"150\" height=\"150\" src=\"https:\/\/www.drivelife.it\/news\/wp-content\/uploads\/2014\/03\/SERIE-2-ACTIVE-TOURER-1-150x150.jpg\" class=\"attachment-thumbnail size-thumbnail no-lazy\" alt=\"\" srcset=\"https:\/\/www.drivelife.it\/news\/wp-content\/uploads\/2014\/03\/SERIE-2-ACTIVE-TOURER-1-150x150.jpg 150w, https:\/\/www.drivelife.it\/news\/wp-content\/uploads\/2014\/03\/SERIE-2-ACTIVE-TOURER-1-160x160.jpg 160w\" sizes=\"auto, (max-width: 150px) 100vw, 150px\" \/><\/a>\n\t\t\t<\/dt><\/dl><dl class='gallery-item'>\n\t\t\t<dt class='gallery-icon landscape'>\n\t\t\t\t<a href='https:\/\/www.drivelife.it\/news\/2014\/03\/11\/bmw-serie-2-active-tourer\/serie-2-active-tourer-2\/'><img loading=\"lazy\" decoding=\"async\" width=\"150\" height=\"150\" src=\"https:\/\/www.drivelife.it\/news\/wp-content\/uploads\/2014\/03\/SERIE-2-ACTIVE-TOURER-2-150x150.jpg\" class=\"attachment-thumbnail size-thumbnail no-lazy\" alt=\"\" srcset=\"https:\/\/www.drivelife.it\/news\/wp-content\/uploads\/2014\/03\/SERIE-2-ACTIVE-TOURER-2-150x150.jpg 150w, https:\/\/www.drivelife.it\/news\/wp-content\/uploads\/2014\/03\/SERIE-2-ACTIVE-TOURER-2-160x160.jpg 160w\" sizes=\"auto, (max-width: 150px) 100vw, 150px\" \/><\/a>\n\t\t\t<\/dt><\/dl><dl class='gallery-item'>\n\t\t\t<dt class='gallery-icon landscape'>\n\t\t\t\t<a href='https:\/\/www.drivelife.it\/news\/2014\/03\/11\/bmw-serie-2-active-tourer\/serie-2-active-tourer-3\/'><img loading=\"lazy\" decoding=\"async\" width=\"150\" height=\"150\" src=\"https:\/\/www.drivelife.it\/news\/wp-content\/uploads\/2014\/03\/SERIE-2-ACTIVE-TOURER-3-150x150.jpg\" class=\"attachment-thumbnail size-thumbnail no-lazy\" alt=\"\" srcset=\"https:\/\/www.drivelife.it\/news\/wp-content\/uploads\/2014\/03\/SERIE-2-ACTIVE-TOURER-3-150x150.jpg 150w, https:\/\/www.drivelife.it\/news\/wp-content\/uploads\/2014\/03\/SERIE-2-ACTIVE-TOURER-3-160x160.jpg 160w\" sizes=\"auto, (max-width: 150px) 100vw, 150px\" \/><\/a>\n\t\t\t<\/dt><\/dl><dl class='gallery-item'>\n\t\t\t<dt class='gallery-icon landscape'>\n\t\t\t\t<a href='https:\/\/www.drivelife.it\/news\/2014\/03\/11\/bmw-serie-2-active-tourer\/serie-2-active-tourer-4\/'><img loading=\"lazy\" decoding=\"async\" width=\"150\" height=\"150\" src=\"https:\/\/www.drivelife.it\/news\/wp-content\/uploads\/2014\/03\/SERIE-2-ACTIVE-TOURER-4-150x150.jpg\" class=\"attachment-thumbnail size-thumbnail no-lazy\" alt=\"\" srcset=\"https:\/\/www.drivelife.it\/news\/wp-content\/uploads\/2014\/03\/SERIE-2-ACTIVE-TOURER-4-150x150.jpg 150w, https:\/\/www.drivelife.it\/news\/wp-content\/uploads\/2014\/03\/SERIE-2-ACTIVE-TOURER-4-160x160.jpg 160w\" sizes=\"auto, (max-width: 150px) 100vw, 150px\" \/><\/a>\n\t\t\t<\/dt><\/dl><dl class='gallery-item'>\n\t\t\t<dt class='gallery-icon landscape'>\n\t\t\t\t<a href='https:\/\/www.drivelife.it\/news\/2014\/03\/11\/bmw-serie-2-active-tourer\/serie-2-active-tourer-5\/'><img loading=\"lazy\" decoding=\"async\" width=\"150\" height=\"150\" src=\"https:\/\/www.drivelife.it\/news\/wp-content\/uploads\/2014\/03\/SERIE-2-ACTIVE-TOURER-5-150x150.jpg\" class=\"attachment-thumbnail size-thumbnail no-lazy\" alt=\"\" srcset=\"https:\/\/www.drivelife.it\/news\/wp-content\/uploads\/2014\/03\/SERIE-2-ACTIVE-TOURER-5-150x150.jpg 150w, https:\/\/www.drivelife.it\/news\/wp-content\/uploads\/2014\/03\/SERIE-2-ACTIVE-TOURER-5-160x160.jpg 160w\" sizes=\"auto, (max-width: 150px) 100vw, 150px\" \/><\/a>\n\t\t\t<\/dt><\/dl><dl class='gallery-item'>\n\t\t\t<dt class='gallery-icon landscape'>\n\t\t\t\t<a href='https:\/\/www.drivelife.it\/news\/2014\/03\/11\/bmw-serie-2-active-tourer\/serie-2-active-tourer-7\/'><img loading=\"lazy\" decoding=\"async\" width=\"150\" height=\"150\" src=\"https:\/\/www.drivelife.it\/news\/wp-content\/uploads\/2014\/03\/SERIE-2-ACTIVE-TOURER-7-150x150.jpg\" class=\"attachment-thumbnail size-thumbnail no-lazy\" alt=\"\" srcset=\"https:\/\/www.drivelife.it\/news\/wp-content\/uploads\/2014\/03\/SERIE-2-ACTIVE-TOURER-7-150x150.jpg 150w, https:\/\/www.drivelife.it\/news\/wp-content\/uploads\/2014\/03\/SERIE-2-ACTIVE-TOURER-7-160x160.jpg 160w\" sizes=\"auto, (max-width: 150px) 100vw, 150px\" \/><\/a>\n\t\t\t<\/dt><\/dl><dl class='gallery-item'>\n\t\t\t<dt class='gallery-icon landscape'>\n\t\t\t\t<a href='https:\/\/www.drivelife.it\/news\/2014\/03\/11\/bmw-serie-2-active-tourer\/serie-2-active-tourer-8\/'><img loading=\"lazy\" decoding=\"async\" width=\"150\" height=\"150\" src=\"https:\/\/www.drivelife.it\/news\/wp-content\/uploads\/2014\/03\/SERIE-2-ACTIVE-TOURER-8-150x150.jpg\" class=\"attachment-thumbnail size-thumbnail no-lazy\" alt=\"\" srcset=\"https:\/\/www.drivelife.it\/news\/wp-content\/uploads\/2014\/03\/SERIE-2-ACTIVE-TOURER-8-150x150.jpg 150w, https:\/\/www.drivelife.it\/news\/wp-content\/uploads\/2014\/03\/SERIE-2-ACTIVE-TOURER-8-160x160.jpg 160w\" sizes=\"auto, (max-width: 150px) 100vw, 150px\" \/><\/a>\n\t\t\t<\/dt><\/dl><dl class='gallery-item'>\n\t\t\t<dt class='gallery-icon landscape'>\n\t\t\t\t<a href='https:\/\/www.drivelife.it\/news\/2014\/03\/11\/bmw-serie-2-active-tourer\/serie-2-active-tourer-9\/'><img loading=\"lazy\" decoding=\"async\" width=\"150\" height=\"150\" src=\"https:\/\/www.drivelife.it\/news\/wp-content\/uploads\/2014\/03\/SERIE-2-ACTIVE-TOURER-9-150x150.jpg\" class=\"attachment-thumbnail size-thumbnail no-lazy\" alt=\"\" srcset=\"https:\/\/www.drivelife.it\/news\/wp-content\/uploads\/2014\/03\/SERIE-2-ACTIVE-TOURER-9-150x150.jpg 150w, https:\/\/www.drivelife.it\/news\/wp-content\/uploads\/2014\/03\/SERIE-2-ACTIVE-TOURER-9-160x160.jpg 160w\" sizes=\"auto, (max-width: 150px) 100vw, 150px\" \/><\/a>\n\t\t\t<\/dt><\/dl><br style=\"clear: both\" \/>\n\t\t<\/div>\n\n<p>&nbsp;<\/p>\n","protected":false},"excerpt":{"rendered":"<p>NICOLETTA TRIGGIANI NUOVI ALLINEAMENTI LA BMW SERIE 2 ACTIVE TOURER \u00c8 LA PRIMA BMW EQUIPAGGIATA CON MOTORI TRASVERSALI E TRAZIONE SULL\u2019ASSE ANTERIORE. STARTUP CON LA BMW SERIE 218i ACTIVE TOURER DA DRIVELIFE DEL 15 MARZO &#8211; DURATA, 01\u2019 09\u201d &#8211;\u00a0 Lo stile riprende l\u2019immagine di famiglia, come di consueto. Per\u00f2, \u201cstrizzando gli occhi\u201d e senza troppo lavorare d\u2019immaginazione \u00e8 evidente dal disegno della Serie 2 Active Tourer che si tratta di una diretta competitor nel segmento premium delle compatte monovolume. Forse perch\u00e9 per garantire abitabilit\u00e0, efficienza delle prestazioni &#8211; dai consumi alle emissioni ed alla velocit\u00e0 massima &#8211; i designer devono compiere&#46;&#46;&#46;<\/p>\n","protected":false},"author":1,"featured_media":4147,"comment_status":"closed","ping_status":"open","sticky":false,"template":"","format":"standard","meta":{"ngg_post_thumbnail":0,"footnotes":""},"categories":[39,45,55,71,198],"tags":[803,336],"class_list":["post-4146","post","type-post","status-publish","format-standard","has-post-thumbnail","hentry","category-automotive","category-bmw","category-news","category-puntata-drivelife","category-edizioni-drivelife-tv-2014","tag-bmw","tag-serie-2-active-tourer"],"yoast_head":"<!-- This site is optimized with the Yoast SEO plugin v27.5 - https:\/\/yoast.com\/product\/yoast-seo-wordpress\/ -->\n<title>BMW SERIE 2 ACTIVE TOURER - #lucalife<\/title>\n<meta name=\"robots\" content=\"index, follow, max-snippet:-1, max-image-preview:large, max-video-preview:-1\" \/>\n<link rel=\"canonical\" href=\"https:\/\/www.drivelife.it\/news\/2014\/03\/11\/bmw-serie-2-active-tourer\/\" \/>\n<meta property=\"og:locale\" content=\"en_US\" \/>\n<meta property=\"og:type\" content=\"article\" \/>\n<meta property=\"og:title\" content=\"BMW SERIE 2 ACTIVE TOURER - #lucalife\" \/>\n<meta property=\"og:description\" content=\"NICOLETTA TRIGGIANI NUOVI ALLINEAMENTI LA BMW SERIE 2 ACTIVE TOURER \u00c8 LA PRIMA BMW EQUIPAGGIATA CON MOTORI TRASVERSALI E TRAZIONE SULL\u2019ASSE ANTERIORE. STARTUP CON LA BMW SERIE 218i ACTIVE TOURER DA DRIVELIFE DEL 15 MARZO &#8211; DURATA, 01\u2019 09\u201d &#8211;\u00a0 Lo stile riprende l\u2019immagine di famiglia, come di consueto. Per\u00f2, \u201cstrizzando gli occhi\u201d e senza troppo lavorare d\u2019immaginazione \u00e8 evidente dal disegno della Serie 2 Active Tourer che si tratta di una diretta competitor nel segmento premium delle compatte monovolume. Forse perch\u00e9 per garantire abitabilit\u00e0, efficienza delle prestazioni &#8211; dai consumi alle emissioni ed alla velocit\u00e0 massima &#8211; i designer devono compiere&#046;&#046;&#046;\" \/>\n<meta property=\"og:url\" content=\"https:\/\/www.drivelife.it\/news\/2014\/03\/11\/bmw-serie-2-active-tourer\/\" \/>\n<meta property=\"og:site_name\" content=\"#lucalife\" \/>\n<meta property=\"article:publisher\" content=\"https:\/\/www.facebook.com\/pages\/Drivelife\/467833073239720\" \/>\n<meta property=\"article:published_time\" content=\"2014-03-11T08:43:08+00:00\" \/>\n<meta property=\"article:modified_time\" content=\"2014-04-09T11:00:08+00:00\" \/>\n<meta property=\"og:image\" content=\"https:\/\/www.drivelife.it\/news\/wp-content\/uploads\/2014\/03\/SERIE-2-ACTIVE-TOURER-6-960x640.jpg\" \/>\n\t<meta property=\"og:image:width\" content=\"960\" \/>\n\t<meta property=\"og:image:height\" content=\"640\" \/>\n\t<meta property=\"og:image:type\" content=\"image\/jpeg\" \/>\n<meta name=\"author\" content=\"Redazione\" \/>\n<meta name=\"twitter:card\" content=\"summary_large_image\" \/>\n<meta name=\"twitter:creator\" content=\"@tweetdrivelife\" \/>\n<meta name=\"twitter:site\" content=\"@tweetdrivelife\" \/>\n<meta name=\"twitter:label1\" content=\"Written by\" \/>\n\t<meta name=\"twitter:data1\" content=\"Redazione\" \/>\n\t<meta name=\"twitter:label2\" content=\"Est. reading time\" \/>\n\t<meta name=\"twitter:data2\" content=\"1 minute\" \/>\n<script type=\"application\/ld+json\" class=\"yoast-schema-graph\">{\"@context\":\"https:\\\/\\\/schema.org\",\"@graph\":[{\"@type\":\"Article\",\"@id\":\"https:\\\/\\\/www.drivelife.it\\\/news\\\/2014\\\/03\\\/11\\\/bmw-serie-2-active-tourer\\\/#article\",\"isPartOf\":{\"@id\":\"https:\\\/\\\/www.drivelife.it\\\/news\\\/2014\\\/03\\\/11\\\/bmw-serie-2-active-tourer\\\/\"},\"author\":{\"name\":\"Redazione\",\"@id\":\"https:\\\/\\\/www.drivelife.it\\\/news\\\/#\\\/schema\\\/person\\\/b6c194c3423ff451be4914f5fd9c2188\"},\"headline\":\"BMW SERIE 2 ACTIVE TOURER\",\"datePublished\":\"2014-03-11T08:43:08+00:00\",\"dateModified\":\"2014-04-09T11:00:08+00:00\",\"mainEntityOfPage\":{\"@id\":\"https:\\\/\\\/www.drivelife.it\\\/news\\\/2014\\\/03\\\/11\\\/bmw-serie-2-active-tourer\\\/\"},\"wordCount\":211,\"image\":{\"@id\":\"https:\\\/\\\/www.drivelife.it\\\/news\\\/2014\\\/03\\\/11\\\/bmw-serie-2-active-tourer\\\/#primaryimage\"},\"thumbnailUrl\":\"https:\\\/\\\/www.drivelife.it\\\/news\\\/wp-content\\\/uploads\\\/2014\\\/03\\\/SERIE-2-ACTIVE-TOURER-6.jpg\",\"keywords\":[\"BMW\",\"SERIE 2 ACTIVE TOURER\"],\"articleSection\":[\"AUTOMOTIVE\",\"BMW\",\"NEWS\",\"PUNTATA DRIVELIFE\",\"PUNTATE DRIVELIFE TV 2014\"],\"inLanguage\":\"en-US\"},{\"@type\":\"WebPage\",\"@id\":\"https:\\\/\\\/www.drivelife.it\\\/news\\\/2014\\\/03\\\/11\\\/bmw-serie-2-active-tourer\\\/\",\"url\":\"https:\\\/\\\/www.drivelife.it\\\/news\\\/2014\\\/03\\\/11\\\/bmw-serie-2-active-tourer\\\/\",\"name\":\"BMW SERIE 2 ACTIVE TOURER - #lucalife\",\"isPartOf\":{\"@id\":\"https:\\\/\\\/www.drivelife.it\\\/news\\\/#website\"},\"primaryImageOfPage\":{\"@id\":\"https:\\\/\\\/www.drivelife.it\\\/news\\\/2014\\\/03\\\/11\\\/bmw-serie-2-active-tourer\\\/#primaryimage\"},\"image\":{\"@id\":\"https:\\\/\\\/www.drivelife.it\\\/news\\\/2014\\\/03\\\/11\\\/bmw-serie-2-active-tourer\\\/#primaryimage\"},\"thumbnailUrl\":\"https:\\\/\\\/www.drivelife.it\\\/news\\\/wp-content\\\/uploads\\\/2014\\\/03\\\/SERIE-2-ACTIVE-TOURER-6.jpg\",\"datePublished\":\"2014-03-11T08:43:08+00:00\",\"dateModified\":\"2014-04-09T11:00:08+00:00\",\"author\":{\"@id\":\"https:\\\/\\\/www.drivelife.it\\\/news\\\/#\\\/schema\\\/person\\\/b6c194c3423ff451be4914f5fd9c2188\"},\"breadcrumb\":{\"@id\":\"https:\\\/\\\/www.drivelife.it\\\/news\\\/2014\\\/03\\\/11\\\/bmw-serie-2-active-tourer\\\/#breadcrumb\"},\"inLanguage\":\"en-US\",\"potentialAction\":[{\"@type\":\"ReadAction\",\"target\":[\"https:\\\/\\\/www.drivelife.it\\\/news\\\/2014\\\/03\\\/11\\\/bmw-serie-2-active-tourer\\\/\"]}]},{\"@type\":\"ImageObject\",\"inLanguage\":\"en-US\",\"@id\":\"https:\\\/\\\/www.drivelife.it\\\/news\\\/2014\\\/03\\\/11\\\/bmw-serie-2-active-tourer\\\/#primaryimage\",\"url\":\"https:\\\/\\\/www.drivelife.it\\\/news\\\/wp-content\\\/uploads\\\/2014\\\/03\\\/SERIE-2-ACTIVE-TOURER-6.jpg\",\"contentUrl\":\"https:\\\/\\\/www.drivelife.it\\\/news\\\/wp-content\\\/uploads\\\/2014\\\/03\\\/SERIE-2-ACTIVE-TOURER-6.jpg\",\"width\":3508,\"height\":2339,\"caption\":\"BMW SERIE 2 ACTIVE TOURER\"},{\"@type\":\"BreadcrumbList\",\"@id\":\"https:\\\/\\\/www.drivelife.it\\\/news\\\/2014\\\/03\\\/11\\\/bmw-serie-2-active-tourer\\\/#breadcrumb\",\"itemListElement\":[{\"@type\":\"ListItem\",\"position\":1,\"name\":\"Home\",\"item\":\"https:\\\/\\\/www.drivelife.it\\\/news\\\/\"},{\"@type\":\"ListItem\",\"position\":2,\"name\":\"BMW SERIE 2 ACTIVE TOURER\"}]},{\"@type\":\"WebSite\",\"@id\":\"https:\\\/\\\/www.drivelife.it\\\/news\\\/#website\",\"url\":\"https:\\\/\\\/www.drivelife.it\\\/news\\\/\",\"name\":\"#lucalife\",\"description\":\"DRIVELIFE le mie automobili\",\"potentialAction\":[{\"@type\":\"SearchAction\",\"target\":{\"@type\":\"EntryPoint\",\"urlTemplate\":\"https:\\\/\\\/www.drivelife.it\\\/news\\\/?s={search_term_string}\"},\"query-input\":{\"@type\":\"PropertyValueSpecification\",\"valueRequired\":true,\"valueName\":\"search_term_string\"}}],\"inLanguage\":\"en-US\"},{\"@type\":\"Person\",\"@id\":\"https:\\\/\\\/www.drivelife.it\\\/news\\\/#\\\/schema\\\/person\\\/b6c194c3423ff451be4914f5fd9c2188\",\"name\":\"Redazione\",\"image\":{\"@type\":\"ImageObject\",\"inLanguage\":\"en-US\",\"@id\":\"https:\\\/\\\/secure.gravatar.com\\\/avatar\\\/8d186f6b07ba8a94441344759f0e13bf1909b6ceaa171df0425551b4590fd558?s=96&d=mm&r=g\",\"url\":\"https:\\\/\\\/secure.gravatar.com\\\/avatar\\\/8d186f6b07ba8a94441344759f0e13bf1909b6ceaa171df0425551b4590fd558?s=96&d=mm&r=g\",\"contentUrl\":\"https:\\\/\\\/secure.gravatar.com\\\/avatar\\\/8d186f6b07ba8a94441344759f0e13bf1909b6ceaa171df0425551b4590fd558?s=96&d=mm&r=g\",\"caption\":\"Redazione\"},\"url\":\"https:\\\/\\\/www.drivelife.it\\\/news\\\/author\\\/admin\\\/\"}]}<\/script>\n<!-- \/ Yoast SEO plugin. -->","yoast_head_json":{"title":"BMW SERIE 2 ACTIVE TOURER - #lucalife","robots":{"index":"index","follow":"follow","max-snippet":"max-snippet:-1","max-image-preview":"max-image-preview:large","max-video-preview":"max-video-preview:-1"},"canonical":"https:\/\/www.drivelife.it\/news\/2014\/03\/11\/bmw-serie-2-active-tourer\/","og_locale":"en_US","og_type":"article","og_title":"BMW SERIE 2 ACTIVE TOURER - #lucalife","og_description":"NICOLETTA TRIGGIANI NUOVI ALLINEAMENTI LA BMW SERIE 2 ACTIVE TOURER \u00c8 LA PRIMA BMW EQUIPAGGIATA CON MOTORI TRASVERSALI E TRAZIONE SULL\u2019ASSE ANTERIORE. STARTUP CON LA BMW SERIE 218i ACTIVE TOURER DA DRIVELIFE DEL 15 MARZO &#8211; DURATA, 01\u2019 09\u201d &#8211;\u00a0 Lo stile riprende l\u2019immagine di famiglia, come di consueto. Per\u00f2, \u201cstrizzando gli occhi\u201d e senza troppo lavorare d\u2019immaginazione \u00e8 evidente dal disegno della Serie 2 Active Tourer che si tratta di una diretta competitor nel segmento premium delle compatte monovolume. Forse perch\u00e9 per garantire abitabilit\u00e0, efficienza delle prestazioni &#8211; dai consumi alle emissioni ed alla velocit\u00e0 massima &#8211; i designer devono compiere&#46;&#46;&#46;","og_url":"https:\/\/www.drivelife.it\/news\/2014\/03\/11\/bmw-serie-2-active-tourer\/","og_site_name":"#lucalife","article_publisher":"https:\/\/www.facebook.com\/pages\/Drivelife\/467833073239720","article_published_time":"2014-03-11T08:43:08+00:00","article_modified_time":"2014-04-09T11:00:08+00:00","og_image":[{"width":960,"height":640,"url":"https:\/\/www.drivelife.it\/news\/wp-content\/uploads\/2014\/03\/SERIE-2-ACTIVE-TOURER-6-960x640.jpg","type":"image\/jpeg"}],"author":"Redazione","twitter_card":"summary_large_image","twitter_creator":"@tweetdrivelife","twitter_site":"@tweetdrivelife","twitter_misc":{"Written by":"Redazione","Est. reading time":"1 minute"},"schema":{"@context":"https:\/\/schema.org","@graph":[{"@type":"Article","@id":"https:\/\/www.drivelife.it\/news\/2014\/03\/11\/bmw-serie-2-active-tourer\/#article","isPartOf":{"@id":"https:\/\/www.drivelife.it\/news\/2014\/03\/11\/bmw-serie-2-active-tourer\/"},"author":{"name":"Redazione","@id":"https:\/\/www.drivelife.it\/news\/#\/schema\/person\/b6c194c3423ff451be4914f5fd9c2188"},"headline":"BMW SERIE 2 ACTIVE TOURER","datePublished":"2014-03-11T08:43:08+00:00","dateModified":"2014-04-09T11:00:08+00:00","mainEntityOfPage":{"@id":"https:\/\/www.drivelife.it\/news\/2014\/03\/11\/bmw-serie-2-active-tourer\/"},"wordCount":211,"image":{"@id":"https:\/\/www.drivelife.it\/news\/2014\/03\/11\/bmw-serie-2-active-tourer\/#primaryimage"},"thumbnailUrl":"https:\/\/www.drivelife.it\/news\/wp-content\/uploads\/2014\/03\/SERIE-2-ACTIVE-TOURER-6.jpg","keywords":["BMW","SERIE 2 ACTIVE TOURER"],"articleSection":["AUTOMOTIVE","BMW","NEWS","PUNTATA DRIVELIFE","PUNTATE DRIVELIFE TV 2014"],"inLanguage":"en-US"},{"@type":"WebPage","@id":"https:\/\/www.drivelife.it\/news\/2014\/03\/11\/bmw-serie-2-active-tourer\/","url":"https:\/\/www.drivelife.it\/news\/2014\/03\/11\/bmw-serie-2-active-tourer\/","name":"BMW SERIE 2 ACTIVE TOURER - #lucalife","isPartOf":{"@id":"https:\/\/www.drivelife.it\/news\/#website"},"primaryImageOfPage":{"@id":"https:\/\/www.drivelife.it\/news\/2014\/03\/11\/bmw-serie-2-active-tourer\/#primaryimage"},"image":{"@id":"https:\/\/www.drivelife.it\/news\/2014\/03\/11\/bmw-serie-2-active-tourer\/#primaryimage"},"thumbnailUrl":"https:\/\/www.drivelife.it\/news\/wp-content\/uploads\/2014\/03\/SERIE-2-ACTIVE-TOURER-6.jpg","datePublished":"2014-03-11T08:43:08+00:00","dateModified":"2014-04-09T11:00:08+00:00","author":{"@id":"https:\/\/www.drivelife.it\/news\/#\/schema\/person\/b6c194c3423ff451be4914f5fd9c2188"},"breadcrumb":{"@id":"https:\/\/www.drivelife.it\/news\/2014\/03\/11\/bmw-serie-2-active-tourer\/#breadcrumb"},"inLanguage":"en-US","potentialAction":[{"@type":"ReadAction","target":["https:\/\/www.drivelife.it\/news\/2014\/03\/11\/bmw-serie-2-active-tourer\/"]}]},{"@type":"ImageObject","inLanguage":"en-US","@id":"https:\/\/www.drivelife.it\/news\/2014\/03\/11\/bmw-serie-2-active-tourer\/#primaryimage","url":"https:\/\/www.drivelife.it\/news\/wp-content\/uploads\/2014\/03\/SERIE-2-ACTIVE-TOURER-6.jpg","contentUrl":"https:\/\/www.drivelife.it\/news\/wp-content\/uploads\/2014\/03\/SERIE-2-ACTIVE-TOURER-6.jpg","width":3508,"height":2339,"caption":"BMW SERIE 2 ACTIVE TOURER"},{"@type":"BreadcrumbList","@id":"https:\/\/www.drivelife.it\/news\/2014\/03\/11\/bmw-serie-2-active-tourer\/#breadcrumb","itemListElement":[{"@type":"ListItem","position":1,"name":"Home","item":"https:\/\/www.drivelife.it\/news\/"},{"@type":"ListItem","position":2,"name":"BMW SERIE 2 ACTIVE TOURER"}]},{"@type":"WebSite","@id":"https:\/\/www.drivelife.it\/news\/#website","url":"https:\/\/www.drivelife.it\/news\/","name":"#lucalife","description":"DRIVELIFE le mie automobili","potentialAction":[{"@type":"SearchAction","target":{"@type":"EntryPoint","urlTemplate":"https:\/\/www.drivelife.it\/news\/?s={search_term_string}"},"query-input":{"@type":"PropertyValueSpecification","valueRequired":true,"valueName":"search_term_string"}}],"inLanguage":"en-US"},{"@type":"Person","@id":"https:\/\/www.drivelife.it\/news\/#\/schema\/person\/b6c194c3423ff451be4914f5fd9c2188","name":"Redazione","image":{"@type":"ImageObject","inLanguage":"en-US","@id":"https:\/\/secure.gravatar.com\/avatar\/8d186f6b07ba8a94441344759f0e13bf1909b6ceaa171df0425551b4590fd558?s=96&d=mm&r=g","url":"https:\/\/secure.gravatar.com\/avatar\/8d186f6b07ba8a94441344759f0e13bf1909b6ceaa171df0425551b4590fd558?s=96&d=mm&r=g","contentUrl":"https:\/\/secure.gravatar.com\/avatar\/8d186f6b07ba8a94441344759f0e13bf1909b6ceaa171df0425551b4590fd558?s=96&d=mm&r=g","caption":"Redazione"},"url":"https:\/\/www.drivelife.it\/news\/author\/admin\/"}]}},"amp_enabled":true,"_links":{"self":[{"href":"https:\/\/www.drivelife.it\/news\/wp-json\/wp\/v2\/posts\/4146","targetHints":{"allow":["GET"]}}],"collection":[{"href":"https:\/\/www.drivelife.it\/news\/wp-json\/wp\/v2\/posts"}],"about":[{"href":"https:\/\/www.drivelife.it\/news\/wp-json\/wp\/v2\/types\/post"}],"author":[{"embeddable":true,"href":"https:\/\/www.drivelife.it\/news\/wp-json\/wp\/v2\/users\/1"}],"replies":[{"embeddable":true,"href":"https:\/\/www.drivelife.it\/news\/wp-json\/wp\/v2\/comments?post=4146"}],"version-history":[{"count":2,"href":"https:\/\/www.drivelife.it\/news\/wp-json\/wp\/v2\/posts\/4146\/revisions"}],"predecessor-version":[{"id":4304,"href":"https:\/\/www.drivelife.it\/news\/wp-json\/wp\/v2\/posts\/4146\/revisions\/4304"}],"wp:featuredmedia":[{"embeddable":true,"href":"https:\/\/www.drivelife.it\/news\/wp-json\/wp\/v2\/media\/4147"}],"wp:attachment":[{"href":"https:\/\/www.drivelife.it\/news\/wp-json\/wp\/v2\/media?parent=4146"}],"wp:term":[{"taxonomy":"category","embeddable":true,"href":"https:\/\/www.drivelife.it\/news\/wp-json\/wp\/v2\/categories?post=4146"},{"taxonomy":"post_tag","embeddable":true,"href":"https:\/\/www.drivelife.it\/news\/wp-json\/wp\/v2\/tags?post=4146"}],"curies":[{"name":"wp","href":"https:\/\/api.w.org\/{rel}","templated":true}]}}