{"id":3879,"date":"2013-12-11T22:10:03","date_gmt":"2013-12-11T22:10:03","guid":{"rendered":"http:\/\/drivelifeblog.wordpress.com\/?p=398"},"modified":"2013-12-11T22:10:03","modified_gmt":"2013-12-11T22:10:03","slug":"driving-audi-a3-2-0-tdi-150-cv-ambition","status":"publish","type":"post","link":"https:\/\/www.drivelife.it\/news\/2013\/12\/11\/driving-audi-a3-2-0-tdi-150-cv-ambition\/","title":{"rendered":"DRIVING AUDI A3 2.0 TDI 150 CV Ambition"},"content":{"rendered":"<h1 align=\"left\"><strong>Bianco Natale<\/strong><\/h1>\n<h2 align=\"left\"><strong>\u00c8 il colore dell\u2019A3, il bianco,<br \/>\nche si sposa con l\u2019atmosfera invernale<\/strong><\/h2>\n<p>Non c\u2019\u00e8 in listino un colore definito \u201cBianco Natale\u201d. Anche se in concessionaria, al ritiro della vettura in prova, un gran numero di Audi esposte erano, guarda il caso, proprio bianche. Coincidenza? Atmosfera natalizia, direi, ben resa, comunque: in tono con la stagione fredda. In Audi lo chiamano Bianco Ghiaccio metallizzato. Non \u00e8 proprio la stessa cosa ma rende bene l\u2019idea.<\/p>\n<p>Il colore delle vetture in prova \u00e8 spesso una incognita, un po\u2019 per distrazione, un po\u2019 perch\u00e9 siamo, ormai, abituati a non poter dettare le regole e chiedere colori pi\u00f9 accesi e divertenti. Pi\u00f9 fotogenici, blu, grigio, argento\u2026 non rendono. Sono complessi da rendere in foto e difficili in post produzione. Non che il rosso, il giallo o il verde, siano un colori facili.<\/p>\n<p>Il grigio impera in forza della sua semplicit\u00e0 di rivendita, quando la vettura ha finito il ciclo di vita aziendale. Mi sovviene, mentre scrivo, un pensiero: ma non sar\u00e0 che siamo un popolo di automobilisti tristi? Be\u2019, se penso alla fiscalit\u00e0 sull\u2019auto, direi proprio di s\u00ec!<\/p>\n<p>Sono sorpreso e compiaciuto quando la vedo: \u00e8 bianca. Molto bella ed elegante.<\/p>\n<p>Non \u00e8 un colore facile il bianco, rischia di far diventare l\u2019auto un elettrodomestico.<\/p>\n<p>Non \u00e8 il caso della A3, che trae vantaggio dal colore \u201cnatalizio\u201d.<\/p>\n<p>Le compatte non \u201crespirano\u201d con i colori scuri. E\u2019 una questione di gusti, senz\u2019altro, ma le dimensioni compatte, appunto, minimizzano lo stile di un modello. Magari sono pi\u00f9 aggressive ma senz\u2019altro meno \u201cstilose\u201d. I giochi di colore dei gruppi ottici, con il bianco, risaltano di pi\u00f9. Piani di luce ed ombre sono valorizzati. La vettura diventa pi\u00f9 \u201cplastica\u201d perch\u00e9 il chiaro e lo scuro, i mezzitoni delle ombre, ne valorizzano le forme.<\/p>\n<p>Guardo compiaciuto il nuovo stile dei fari posteriori e come il contrasto rosso\/bianco sia quasi eccitante, capace di far scattare quella molla di desiderio di prender possesso subito di una cosa bella. (<em>lr<\/em>)<\/p>\n<p><em>Segue\u2026<\/em><\/p>\n","protected":false},"excerpt":{"rendered":"<p>Bianco Natale \u00c8 il colore dell\u2019A3, il bianco, che si sposa con l\u2019atmosfera invernale Non c\u2019\u00e8 in listino un colore definito \u201cBianco Natale\u201d. Anche se in concessionaria, al ritiro della vettura in prova, un gran numero di Audi esposte erano, guarda il caso, proprio bianche. Coincidenza? Atmosfera natalizia, direi, ben resa, comunque: in tono con la stagione fredda. In Audi lo chiamano Bianco Ghiaccio metallizzato. Non \u00e8 proprio la stessa cosa ma rende bene l\u2019idea. Il colore delle vetture in prova \u00e8 spesso una incognita, un po\u2019 per distrazione, un po\u2019 perch\u00e9 siamo, ormai, abituati a non poter dettare le regole e&#46;&#46;&#46;<\/p>\n","protected":false},"author":1,"featured_media":3738,"comment_status":"open","ping_status":"open","sticky":false,"template":"","format":"standard","meta":{"ngg_post_thumbnail":0,"footnotes":""},"categories":[244],"tags":[801,247,37,297],"class_list":["post-3879","post","type-post","status-publish","format-standard","has-post-thumbnail","hentry","category-drivelifeblog","tag-audi","tag-audi-a3-2-0-tdi-150-cv-ambition","tag-drivelife","tag-testdrive"],"yoast_head":"<!-- This site is optimized with the Yoast SEO plugin v27.5 - https:\/\/yoast.com\/product\/yoast-seo-wordpress\/ -->\n<title>DRIVING AUDI A3 2.0 TDI 150 CV Ambition - #lucalife<\/title>\n<meta name=\"robots\" content=\"index, follow, max-snippet:-1, max-image-preview:large, max-video-preview:-1\" \/>\n<link rel=\"canonical\" href=\"https:\/\/www.drivelife.it\/news\/2013\/12\/11\/driving-audi-a3-2-0-tdi-150-cv-ambition\/\" \/>\n<meta property=\"og:locale\" content=\"en_US\" \/>\n<meta property=\"og:type\" content=\"article\" \/>\n<meta property=\"og:title\" content=\"DRIVING AUDI A3 2.0 TDI 150 CV Ambition - #lucalife\" \/>\n<meta property=\"og:description\" content=\"Bianco Natale \u00c8 il colore dell\u2019A3, il bianco, che si sposa con l\u2019atmosfera invernale Non c\u2019\u00e8 in listino un colore definito \u201cBianco Natale\u201d. Anche se in concessionaria, al ritiro della vettura in prova, un gran numero di Audi esposte erano, guarda il caso, proprio bianche. Coincidenza? Atmosfera natalizia, direi, ben resa, comunque: in tono con la stagione fredda. In Audi lo chiamano Bianco Ghiaccio metallizzato. Non \u00e8 proprio la stessa cosa ma rende bene l\u2019idea. Il colore delle vetture in prova \u00e8 spesso una incognita, un po\u2019 per distrazione, un po\u2019 perch\u00e9 siamo, ormai, abituati a non poter dettare le regole e&#046;&#046;&#046;\" \/>\n<meta property=\"og:url\" content=\"https:\/\/www.drivelife.it\/news\/2013\/12\/11\/driving-audi-a3-2-0-tdi-150-cv-ambition\/\" \/>\n<meta property=\"og:site_name\" content=\"#lucalife\" \/>\n<meta property=\"article:publisher\" content=\"https:\/\/www.facebook.com\/pages\/Drivelife\/467833073239720\" \/>\n<meta property=\"article:published_time\" content=\"2013-12-11T22:10:03+00:00\" \/>\n<meta property=\"og:image\" content=\"https:\/\/www.drivelife.it\/news\/wp-content\/uploads\/2013\/12\/s3l130026_medium.jpg\" \/>\n\t<meta property=\"og:image:width\" content=\"3508\" \/>\n\t<meta property=\"og:image:height\" content=\"1410\" \/>\n\t<meta property=\"og:image:type\" content=\"image\/jpeg\" \/>\n<meta name=\"author\" content=\"Redazione\" \/>\n<meta name=\"twitter:card\" content=\"summary_large_image\" \/>\n<meta name=\"twitter:creator\" content=\"@tweetdrivelife\" \/>\n<meta name=\"twitter:site\" content=\"@tweetdrivelife\" \/>\n<meta name=\"twitter:label1\" content=\"Written by\" \/>\n\t<meta name=\"twitter:data1\" content=\"Redazione\" \/>\n\t<meta name=\"twitter:label2\" content=\"Est. reading time\" \/>\n\t<meta name=\"twitter:data2\" content=\"2 minutes\" \/>\n<script type=\"application\/ld+json\" class=\"yoast-schema-graph\">{\"@context\":\"https:\\\/\\\/schema.org\",\"@graph\":[{\"@type\":\"Article\",\"@id\":\"https:\\\/\\\/www.drivelife.it\\\/news\\\/2013\\\/12\\\/11\\\/driving-audi-a3-2-0-tdi-150-cv-ambition\\\/#article\",\"isPartOf\":{\"@id\":\"https:\\\/\\\/www.drivelife.it\\\/news\\\/2013\\\/12\\\/11\\\/driving-audi-a3-2-0-tdi-150-cv-ambition\\\/\"},\"author\":{\"name\":\"Redazione\",\"@id\":\"https:\\\/\\\/www.drivelife.it\\\/news\\\/#\\\/schema\\\/person\\\/b6c194c3423ff451be4914f5fd9c2188\"},\"headline\":\"DRIVING AUDI A3 2.0 TDI 150 CV Ambition\",\"datePublished\":\"2013-12-11T22:10:03+00:00\",\"mainEntityOfPage\":{\"@id\":\"https:\\\/\\\/www.drivelife.it\\\/news\\\/2013\\\/12\\\/11\\\/driving-audi-a3-2-0-tdi-150-cv-ambition\\\/\"},\"wordCount\":338,\"commentCount\":0,\"image\":{\"@id\":\"https:\\\/\\\/www.drivelife.it\\\/news\\\/2013\\\/12\\\/11\\\/driving-audi-a3-2-0-tdi-150-cv-ambition\\\/#primaryimage\"},\"thumbnailUrl\":\"https:\\\/\\\/www.drivelife.it\\\/news\\\/wp-content\\\/uploads\\\/2013\\\/12\\\/s3l130026_medium.jpg\",\"keywords\":[\"AUDI\",\"AUDI A3 2.0 TDI 150 CV Ambition\",\"DRIVELIFE\",\"testdrive\"],\"articleSection\":[\"DRIVELIFEBLOG\"],\"inLanguage\":\"en-US\",\"potentialAction\":[{\"@type\":\"CommentAction\",\"name\":\"Comment\",\"target\":[\"https:\\\/\\\/www.drivelife.it\\\/news\\\/2013\\\/12\\\/11\\\/driving-audi-a3-2-0-tdi-150-cv-ambition\\\/#respond\"]}]},{\"@type\":\"WebPage\",\"@id\":\"https:\\\/\\\/www.drivelife.it\\\/news\\\/2013\\\/12\\\/11\\\/driving-audi-a3-2-0-tdi-150-cv-ambition\\\/\",\"url\":\"https:\\\/\\\/www.drivelife.it\\\/news\\\/2013\\\/12\\\/11\\\/driving-audi-a3-2-0-tdi-150-cv-ambition\\\/\",\"name\":\"DRIVING AUDI A3 2.0 TDI 150 CV Ambition - #lucalife\",\"isPartOf\":{\"@id\":\"https:\\\/\\\/www.drivelife.it\\\/news\\\/#website\"},\"primaryImageOfPage\":{\"@id\":\"https:\\\/\\\/www.drivelife.it\\\/news\\\/2013\\\/12\\\/11\\\/driving-audi-a3-2-0-tdi-150-cv-ambition\\\/#primaryimage\"},\"image\":{\"@id\":\"https:\\\/\\\/www.drivelife.it\\\/news\\\/2013\\\/12\\\/11\\\/driving-audi-a3-2-0-tdi-150-cv-ambition\\\/#primaryimage\"},\"thumbnailUrl\":\"https:\\\/\\\/www.drivelife.it\\\/news\\\/wp-content\\\/uploads\\\/2013\\\/12\\\/s3l130026_medium.jpg\",\"datePublished\":\"2013-12-11T22:10:03+00:00\",\"author\":{\"@id\":\"https:\\\/\\\/www.drivelife.it\\\/news\\\/#\\\/schema\\\/person\\\/b6c194c3423ff451be4914f5fd9c2188\"},\"breadcrumb\":{\"@id\":\"https:\\\/\\\/www.drivelife.it\\\/news\\\/2013\\\/12\\\/11\\\/driving-audi-a3-2-0-tdi-150-cv-ambition\\\/#breadcrumb\"},\"inLanguage\":\"en-US\",\"potentialAction\":[{\"@type\":\"ReadAction\",\"target\":[\"https:\\\/\\\/www.drivelife.it\\\/news\\\/2013\\\/12\\\/11\\\/driving-audi-a3-2-0-tdi-150-cv-ambition\\\/\"]}]},{\"@type\":\"ImageObject\",\"inLanguage\":\"en-US\",\"@id\":\"https:\\\/\\\/www.drivelife.it\\\/news\\\/2013\\\/12\\\/11\\\/driving-audi-a3-2-0-tdi-150-cv-ambition\\\/#primaryimage\",\"url\":\"https:\\\/\\\/www.drivelife.it\\\/news\\\/wp-content\\\/uploads\\\/2013\\\/12\\\/s3l130026_medium.jpg\",\"contentUrl\":\"https:\\\/\\\/www.drivelife.it\\\/news\\\/wp-content\\\/uploads\\\/2013\\\/12\\\/s3l130026_medium.jpg\",\"width\":3508,\"height\":1410},{\"@type\":\"BreadcrumbList\",\"@id\":\"https:\\\/\\\/www.drivelife.it\\\/news\\\/2013\\\/12\\\/11\\\/driving-audi-a3-2-0-tdi-150-cv-ambition\\\/#breadcrumb\",\"itemListElement\":[{\"@type\":\"ListItem\",\"position\":1,\"name\":\"Home\",\"item\":\"https:\\\/\\\/www.drivelife.it\\\/news\\\/\"},{\"@type\":\"ListItem\",\"position\":2,\"name\":\"DRIVING AUDI A3 2.0 TDI 150 CV Ambition\"}]},{\"@type\":\"WebSite\",\"@id\":\"https:\\\/\\\/www.drivelife.it\\\/news\\\/#website\",\"url\":\"https:\\\/\\\/www.drivelife.it\\\/news\\\/\",\"name\":\"#lucalife\",\"description\":\"DRIVELIFE le mie automobili\",\"potentialAction\":[{\"@type\":\"SearchAction\",\"target\":{\"@type\":\"EntryPoint\",\"urlTemplate\":\"https:\\\/\\\/www.drivelife.it\\\/news\\\/?s={search_term_string}\"},\"query-input\":{\"@type\":\"PropertyValueSpecification\",\"valueRequired\":true,\"valueName\":\"search_term_string\"}}],\"inLanguage\":\"en-US\"},{\"@type\":\"Person\",\"@id\":\"https:\\\/\\\/www.drivelife.it\\\/news\\\/#\\\/schema\\\/person\\\/b6c194c3423ff451be4914f5fd9c2188\",\"name\":\"Redazione\",\"image\":{\"@type\":\"ImageObject\",\"inLanguage\":\"en-US\",\"@id\":\"https:\\\/\\\/secure.gravatar.com\\\/avatar\\\/8d186f6b07ba8a94441344759f0e13bf1909b6ceaa171df0425551b4590fd558?s=96&d=mm&r=g\",\"url\":\"https:\\\/\\\/secure.gravatar.com\\\/avatar\\\/8d186f6b07ba8a94441344759f0e13bf1909b6ceaa171df0425551b4590fd558?s=96&d=mm&r=g\",\"contentUrl\":\"https:\\\/\\\/secure.gravatar.com\\\/avatar\\\/8d186f6b07ba8a94441344759f0e13bf1909b6ceaa171df0425551b4590fd558?s=96&d=mm&r=g\",\"caption\":\"Redazione\"},\"url\":\"https:\\\/\\\/www.drivelife.it\\\/news\\\/author\\\/admin\\\/\"}]}<\/script>\n<!-- \/ Yoast SEO plugin. -->","yoast_head_json":{"title":"DRIVING AUDI A3 2.0 TDI 150 CV Ambition - #lucalife","robots":{"index":"index","follow":"follow","max-snippet":"max-snippet:-1","max-image-preview":"max-image-preview:large","max-video-preview":"max-video-preview:-1"},"canonical":"https:\/\/www.drivelife.it\/news\/2013\/12\/11\/driving-audi-a3-2-0-tdi-150-cv-ambition\/","og_locale":"en_US","og_type":"article","og_title":"DRIVING AUDI A3 2.0 TDI 150 CV Ambition - #lucalife","og_description":"Bianco Natale \u00c8 il colore dell\u2019A3, il bianco, che si sposa con l\u2019atmosfera invernale Non c\u2019\u00e8 in listino un colore definito \u201cBianco Natale\u201d. Anche se in concessionaria, al ritiro della vettura in prova, un gran numero di Audi esposte erano, guarda il caso, proprio bianche. Coincidenza? Atmosfera natalizia, direi, ben resa, comunque: in tono con la stagione fredda. In Audi lo chiamano Bianco Ghiaccio metallizzato. Non \u00e8 proprio la stessa cosa ma rende bene l\u2019idea. Il colore delle vetture in prova \u00e8 spesso una incognita, un po\u2019 per distrazione, un po\u2019 perch\u00e9 siamo, ormai, abituati a non poter dettare le regole e&#46;&#46;&#46;","og_url":"https:\/\/www.drivelife.it\/news\/2013\/12\/11\/driving-audi-a3-2-0-tdi-150-cv-ambition\/","og_site_name":"#lucalife","article_publisher":"https:\/\/www.facebook.com\/pages\/Drivelife\/467833073239720","article_published_time":"2013-12-11T22:10:03+00:00","og_image":[{"width":3508,"height":1410,"url":"https:\/\/www.drivelife.it\/news\/wp-content\/uploads\/2013\/12\/s3l130026_medium.jpg","type":"image\/jpeg"}],"author":"Redazione","twitter_card":"summary_large_image","twitter_creator":"@tweetdrivelife","twitter_site":"@tweetdrivelife","twitter_misc":{"Written by":"Redazione","Est. reading time":"2 minutes"},"schema":{"@context":"https:\/\/schema.org","@graph":[{"@type":"Article","@id":"https:\/\/www.drivelife.it\/news\/2013\/12\/11\/driving-audi-a3-2-0-tdi-150-cv-ambition\/#article","isPartOf":{"@id":"https:\/\/www.drivelife.it\/news\/2013\/12\/11\/driving-audi-a3-2-0-tdi-150-cv-ambition\/"},"author":{"name":"Redazione","@id":"https:\/\/www.drivelife.it\/news\/#\/schema\/person\/b6c194c3423ff451be4914f5fd9c2188"},"headline":"DRIVING AUDI A3 2.0 TDI 150 CV Ambition","datePublished":"2013-12-11T22:10:03+00:00","mainEntityOfPage":{"@id":"https:\/\/www.drivelife.it\/news\/2013\/12\/11\/driving-audi-a3-2-0-tdi-150-cv-ambition\/"},"wordCount":338,"commentCount":0,"image":{"@id":"https:\/\/www.drivelife.it\/news\/2013\/12\/11\/driving-audi-a3-2-0-tdi-150-cv-ambition\/#primaryimage"},"thumbnailUrl":"https:\/\/www.drivelife.it\/news\/wp-content\/uploads\/2013\/12\/s3l130026_medium.jpg","keywords":["AUDI","AUDI A3 2.0 TDI 150 CV Ambition","DRIVELIFE","testdrive"],"articleSection":["DRIVELIFEBLOG"],"inLanguage":"en-US","potentialAction":[{"@type":"CommentAction","name":"Comment","target":["https:\/\/www.drivelife.it\/news\/2013\/12\/11\/driving-audi-a3-2-0-tdi-150-cv-ambition\/#respond"]}]},{"@type":"WebPage","@id":"https:\/\/www.drivelife.it\/news\/2013\/12\/11\/driving-audi-a3-2-0-tdi-150-cv-ambition\/","url":"https:\/\/www.drivelife.it\/news\/2013\/12\/11\/driving-audi-a3-2-0-tdi-150-cv-ambition\/","name":"DRIVING AUDI A3 2.0 TDI 150 CV Ambition - #lucalife","isPartOf":{"@id":"https:\/\/www.drivelife.it\/news\/#website"},"primaryImageOfPage":{"@id":"https:\/\/www.drivelife.it\/news\/2013\/12\/11\/driving-audi-a3-2-0-tdi-150-cv-ambition\/#primaryimage"},"image":{"@id":"https:\/\/www.drivelife.it\/news\/2013\/12\/11\/driving-audi-a3-2-0-tdi-150-cv-ambition\/#primaryimage"},"thumbnailUrl":"https:\/\/www.drivelife.it\/news\/wp-content\/uploads\/2013\/12\/s3l130026_medium.jpg","datePublished":"2013-12-11T22:10:03+00:00","author":{"@id":"https:\/\/www.drivelife.it\/news\/#\/schema\/person\/b6c194c3423ff451be4914f5fd9c2188"},"breadcrumb":{"@id":"https:\/\/www.drivelife.it\/news\/2013\/12\/11\/driving-audi-a3-2-0-tdi-150-cv-ambition\/#breadcrumb"},"inLanguage":"en-US","potentialAction":[{"@type":"ReadAction","target":["https:\/\/www.drivelife.it\/news\/2013\/12\/11\/driving-audi-a3-2-0-tdi-150-cv-ambition\/"]}]},{"@type":"ImageObject","inLanguage":"en-US","@id":"https:\/\/www.drivelife.it\/news\/2013\/12\/11\/driving-audi-a3-2-0-tdi-150-cv-ambition\/#primaryimage","url":"https:\/\/www.drivelife.it\/news\/wp-content\/uploads\/2013\/12\/s3l130026_medium.jpg","contentUrl":"https:\/\/www.drivelife.it\/news\/wp-content\/uploads\/2013\/12\/s3l130026_medium.jpg","width":3508,"height":1410},{"@type":"BreadcrumbList","@id":"https:\/\/www.drivelife.it\/news\/2013\/12\/11\/driving-audi-a3-2-0-tdi-150-cv-ambition\/#breadcrumb","itemListElement":[{"@type":"ListItem","position":1,"name":"Home","item":"https:\/\/www.drivelife.it\/news\/"},{"@type":"ListItem","position":2,"name":"DRIVING AUDI A3 2.0 TDI 150 CV Ambition"}]},{"@type":"WebSite","@id":"https:\/\/www.drivelife.it\/news\/#website","url":"https:\/\/www.drivelife.it\/news\/","name":"#lucalife","description":"DRIVELIFE le mie automobili","potentialAction":[{"@type":"SearchAction","target":{"@type":"EntryPoint","urlTemplate":"https:\/\/www.drivelife.it\/news\/?s={search_term_string}"},"query-input":{"@type":"PropertyValueSpecification","valueRequired":true,"valueName":"search_term_string"}}],"inLanguage":"en-US"},{"@type":"Person","@id":"https:\/\/www.drivelife.it\/news\/#\/schema\/person\/b6c194c3423ff451be4914f5fd9c2188","name":"Redazione","image":{"@type":"ImageObject","inLanguage":"en-US","@id":"https:\/\/secure.gravatar.com\/avatar\/8d186f6b07ba8a94441344759f0e13bf1909b6ceaa171df0425551b4590fd558?s=96&d=mm&r=g","url":"https:\/\/secure.gravatar.com\/avatar\/8d186f6b07ba8a94441344759f0e13bf1909b6ceaa171df0425551b4590fd558?s=96&d=mm&r=g","contentUrl":"https:\/\/secure.gravatar.com\/avatar\/8d186f6b07ba8a94441344759f0e13bf1909b6ceaa171df0425551b4590fd558?s=96&d=mm&r=g","caption":"Redazione"},"url":"https:\/\/www.drivelife.it\/news\/author\/admin\/"}]}},"amp_enabled":true,"_links":{"self":[{"href":"https:\/\/www.drivelife.it\/news\/wp-json\/wp\/v2\/posts\/3879","targetHints":{"allow":["GET"]}}],"collection":[{"href":"https:\/\/www.drivelife.it\/news\/wp-json\/wp\/v2\/posts"}],"about":[{"href":"https:\/\/www.drivelife.it\/news\/wp-json\/wp\/v2\/types\/post"}],"author":[{"embeddable":true,"href":"https:\/\/www.drivelife.it\/news\/wp-json\/wp\/v2\/users\/1"}],"replies":[{"embeddable":true,"href":"https:\/\/www.drivelife.it\/news\/wp-json\/wp\/v2\/comments?post=3879"}],"version-history":[{"count":0,"href":"https:\/\/www.drivelife.it\/news\/wp-json\/wp\/v2\/posts\/3879\/revisions"}],"wp:featuredmedia":[{"embeddable":true,"href":"https:\/\/www.drivelife.it\/news\/wp-json\/wp\/v2\/media\/3738"}],"wp:attachment":[{"href":"https:\/\/www.drivelife.it\/news\/wp-json\/wp\/v2\/media?parent=3879"}],"wp:term":[{"taxonomy":"category","embeddable":true,"href":"https:\/\/www.drivelife.it\/news\/wp-json\/wp\/v2\/categories?post=3879"},{"taxonomy":"post_tag","embeddable":true,"href":"https:\/\/www.drivelife.it\/news\/wp-json\/wp\/v2\/tags?post=3879"}],"curies":[{"name":"wp","href":"https:\/\/api.w.org\/{rel}","templated":true}]}}