{"id":3877,"date":"2013-12-11T09:31:28","date_gmt":"2013-12-11T09:31:28","guid":{"rendered":"http:\/\/drivelifeblog.wordpress.com\/?p=390"},"modified":"2013-12-11T09:31:28","modified_gmt":"2013-12-11T09:31:28","slug":"volvo-concept-xc-coupe-2","status":"publish","type":"post","link":"https:\/\/www.drivelife.it\/news\/2013\/12\/11\/volvo-concept-xc-coupe-2\/","title":{"rendered":"Volvo Concept XC Coup\u00e9"},"content":{"rendered":"<p>Lo scorso settembre \u00e8 stata lanciata Volvo Concept Coup\u00e9, che ha riscosso molto successo in termini di critica e di riconoscimenti ufficiali e ha permesso al pubblico mondiale di farsi una prima idea circa il nuovo percorso stilistico intrapreso da Volvo Car Group (Volvo Cars) sotto la direzione del nuovo Senior Vice President Design, Thomas Ingenlath. Volvo Concept car ha inoltre proposto un\u2019interpretazione concreta di come potrebbero tradursi visivamente le proporzioni dell\u2019auto data la versatilit\u00e0 consentita dalla nuova Architettura di Prodotto Scalabile di Volvo Cars, su cui si baseranno tutte le automobili di medie e grandi dimensioni prodotte dalla Casa svedese in futuro.<\/p>\n<p id=\"p_6\">La Concept Coup\u00e9 \u00e8 stata la prima di tre concept car. Il prossimo capitolo della storia del nuovo orientamento stilistico di Volvo Cars illustra come potrebbero essere integrati nella nuova architettura sia la tecnologia di sicurezza che ha reso famoso il marchio sia uno stile di vita attivo e contemporaneo ispirato ai valori e agli stilemi scandinavi. Volvo Concept XC Coup\u00e9 far\u00e0 il suo debutto sul palcoscenico mondiale in occasione del Salone Internazionale dell\u2019Auto di Detroit (NAIAS) il prossimo 13 Gennaio; ma gi\u00e0 a partire dall\u20198 Gennaio verranno pubblicati dettagli completi sulla nuova auto, inclusi comunicati stampa, materiale video e fotografico.<\/p>\n<p id=\"p_7\">Volvo Concept XC Coup\u00e9 si rif\u00e0 a una tradizione prestigiosa di Volvo richiamando in particolare i modelli Cross Country e XC, grazie ai quali Volvo Cars ha creato una vera e propria nicchia di mercato gi\u00e0 a partire dal lontano 1997. Come anticipazione del lancio ufficiale della vettura nei primi giorni del 2014, Volvo Cars condivide ora le prime tre immagini dell\u2019auto insieme a\u00a0<a href=\"http:\/\/www.youtube.com\/watch?v=P6cOJxGGuzg\" target=\"_blank\">un breve video che pu\u00f2 essere visto sul Canale Volvo Cars diYouTube<\/a>.<\/p>\n\n<p><img loading=\"lazy\" decoding=\"async\" class=\"aligncenter size-large wp-image-391\" alt=\"136814_7_8\" src=\"http:\/\/drivelifeblog.files.wordpress.com\/2013\/12\/136814_7_8.jpg?w=519\" width=\"519\" height=\"734\" \/><\/p>\n","protected":false},"excerpt":{"rendered":"<p>Lo scorso settembre \u00e8 stata lanciata Volvo Concept Coup\u00e9, che ha riscosso molto successo in termini di critica e di riconoscimenti ufficiali e ha permesso al pubblico mondiale di farsi una prima idea circa il nuovo percorso stilistico intrapreso da Volvo Car Group (Volvo Cars) sotto la direzione del nuovo Senior Vice President Design, Thomas Ingenlath. Volvo Concept car ha inoltre proposto un\u2019interpretazione concreta di come potrebbero tradursi visivamente le proporzioni dell\u2019auto data la versatilit\u00e0 consentita dalla nuova Architettura di Prodotto Scalabile di Volvo Cars, su cui si baseranno tutte le automobili di medie e grandi dimensioni prodotte dalla Casa svedese in&#46;&#46;&#46;<\/p>\n","protected":false},"author":1,"featured_media":3736,"comment_status":"open","ping_status":"open","sticky":false,"template":"","format":"gallery","meta":{"ngg_post_thumbnail":0,"footnotes":""},"categories":[244],"tags":[799,258,259,260,37,282,303,796,310,312,313],"class_list":["post-3877","post","type-post","status-publish","format-gallery","has-post-thumbnail","hentry","category-drivelifeblog","tag-automotive","tag-concept-car","tag-cross-country-running","tag-detroit","tag-drivelife","tag-north-american-international-auto-show","tag-vice-president","tag-volvo","tag-volvo-cars","tag-volvo-concept-xc-coupe","tag-volvo-volvoautoitalia-volvocaritalia-volvov40crosscountry-mrlukkor-drivelife","post_format-post-format-gallery"],"yoast_head":"<!-- This site is optimized with the Yoast SEO plugin v27.5 - https:\/\/yoast.com\/product\/yoast-seo-wordpress\/ -->\n<title>Volvo Concept XC Coup\u00e9  - #lucalife<\/title>\n<meta name=\"robots\" content=\"index, follow, max-snippet:-1, max-image-preview:large, max-video-preview:-1\" \/>\n<link rel=\"canonical\" href=\"https:\/\/www.drivelife.it\/news\/2013\/12\/11\/volvo-concept-xc-coupe-2\/\" \/>\n<meta property=\"og:locale\" content=\"en_US\" \/>\n<meta property=\"og:type\" content=\"article\" \/>\n<meta property=\"og:title\" content=\"Volvo Concept XC Coup\u00e9  - #lucalife\" \/>\n<meta property=\"og:description\" content=\"Lo scorso settembre \u00e8 stata lanciata Volvo Concept Coup\u00e9, che ha riscosso molto successo in termini di critica e di riconoscimenti ufficiali e ha permesso al pubblico mondiale di farsi una prima idea circa il nuovo percorso stilistico intrapreso da Volvo Car Group (Volvo Cars) sotto la direzione del nuovo Senior Vice President Design, Thomas Ingenlath. Volvo Concept car ha inoltre proposto un\u2019interpretazione concreta di come potrebbero tradursi visivamente le proporzioni dell\u2019auto data la versatilit\u00e0 consentita dalla nuova Architettura di Prodotto Scalabile di Volvo Cars, su cui si baseranno tutte le automobili di medie e grandi dimensioni prodotte dalla Casa svedese in&#046;&#046;&#046;\" \/>\n<meta property=\"og:url\" content=\"https:\/\/www.drivelife.it\/news\/2013\/12\/11\/volvo-concept-xc-coupe-2\/\" \/>\n<meta property=\"og:site_name\" content=\"#lucalife\" \/>\n<meta property=\"article:publisher\" content=\"https:\/\/www.facebook.com\/pages\/Drivelife\/467833073239720\" \/>\n<meta property=\"article:published_time\" content=\"2013-12-11T09:31:28+00:00\" \/>\n<meta property=\"og:image\" content=\"https:\/\/www.drivelife.it\/news\/wp-content\/uploads\/2013\/12\/136815_7_81.jpg\" \/>\n\t<meta property=\"og:image:width\" content=\"3420\" \/>\n\t<meta property=\"og:image:height\" content=\"2536\" \/>\n\t<meta property=\"og:image:type\" content=\"image\/jpeg\" \/>\n<meta name=\"author\" content=\"Redazione\" \/>\n<meta name=\"twitter:card\" content=\"summary_large_image\" \/>\n<meta name=\"twitter:creator\" content=\"@tweetdrivelife\" \/>\n<meta name=\"twitter:site\" content=\"@tweetdrivelife\" \/>\n<meta name=\"twitter:label1\" content=\"Written by\" \/>\n\t<meta name=\"twitter:data1\" content=\"Redazione\" \/>\n\t<meta name=\"twitter:label2\" content=\"Est. reading time\" \/>\n\t<meta name=\"twitter:data2\" content=\"1 minute\" \/>\n<script type=\"application\/ld+json\" class=\"yoast-schema-graph\">{\"@context\":\"https:\\\/\\\/schema.org\",\"@graph\":[{\"@type\":\"Article\",\"@id\":\"https:\\\/\\\/www.drivelife.it\\\/news\\\/2013\\\/12\\\/11\\\/volvo-concept-xc-coupe-2\\\/#article\",\"isPartOf\":{\"@id\":\"https:\\\/\\\/www.drivelife.it\\\/news\\\/2013\\\/12\\\/11\\\/volvo-concept-xc-coupe-2\\\/\"},\"author\":{\"name\":\"Redazione\",\"@id\":\"https:\\\/\\\/www.drivelife.it\\\/news\\\/#\\\/schema\\\/person\\\/b6c194c3423ff451be4914f5fd9c2188\"},\"headline\":\"Volvo Concept XC Coup\u00e9\",\"datePublished\":\"2013-12-11T09:31:28+00:00\",\"mainEntityOfPage\":{\"@id\":\"https:\\\/\\\/www.drivelife.it\\\/news\\\/2013\\\/12\\\/11\\\/volvo-concept-xc-coupe-2\\\/\"},\"wordCount\":288,\"commentCount\":0,\"image\":{\"@id\":\"https:\\\/\\\/www.drivelife.it\\\/news\\\/2013\\\/12\\\/11\\\/volvo-concept-xc-coupe-2\\\/#primaryimage\"},\"thumbnailUrl\":\"https:\\\/\\\/www.drivelife.it\\\/news\\\/wp-content\\\/uploads\\\/2013\\\/12\\\/136815_7_81.jpg\",\"keywords\":[\"AUTOMOTIVE\",\"Concept car\",\"Cross country running\",\"Detroit\",\"DRIVELIFE\",\"North American International Auto Show\",\"Vice president\",\"VOLVO\",\"volvo cars\",\"Volvo Concept XC Coup\u00e9\",\"volvo volvoautoitalia volvocaritalia volvov40crosscountry mrlukkor drivelife\"],\"articleSection\":[\"DRIVELIFEBLOG\"],\"inLanguage\":\"en-US\",\"potentialAction\":[{\"@type\":\"CommentAction\",\"name\":\"Comment\",\"target\":[\"https:\\\/\\\/www.drivelife.it\\\/news\\\/2013\\\/12\\\/11\\\/volvo-concept-xc-coupe-2\\\/#respond\"]}]},{\"@type\":\"WebPage\",\"@id\":\"https:\\\/\\\/www.drivelife.it\\\/news\\\/2013\\\/12\\\/11\\\/volvo-concept-xc-coupe-2\\\/\",\"url\":\"https:\\\/\\\/www.drivelife.it\\\/news\\\/2013\\\/12\\\/11\\\/volvo-concept-xc-coupe-2\\\/\",\"name\":\"Volvo Concept XC Coup\u00e9 - #lucalife\",\"isPartOf\":{\"@id\":\"https:\\\/\\\/www.drivelife.it\\\/news\\\/#website\"},\"primaryImageOfPage\":{\"@id\":\"https:\\\/\\\/www.drivelife.it\\\/news\\\/2013\\\/12\\\/11\\\/volvo-concept-xc-coupe-2\\\/#primaryimage\"},\"image\":{\"@id\":\"https:\\\/\\\/www.drivelife.it\\\/news\\\/2013\\\/12\\\/11\\\/volvo-concept-xc-coupe-2\\\/#primaryimage\"},\"thumbnailUrl\":\"https:\\\/\\\/www.drivelife.it\\\/news\\\/wp-content\\\/uploads\\\/2013\\\/12\\\/136815_7_81.jpg\",\"datePublished\":\"2013-12-11T09:31:28+00:00\",\"author\":{\"@id\":\"https:\\\/\\\/www.drivelife.it\\\/news\\\/#\\\/schema\\\/person\\\/b6c194c3423ff451be4914f5fd9c2188\"},\"breadcrumb\":{\"@id\":\"https:\\\/\\\/www.drivelife.it\\\/news\\\/2013\\\/12\\\/11\\\/volvo-concept-xc-coupe-2\\\/#breadcrumb\"},\"inLanguage\":\"en-US\",\"potentialAction\":[{\"@type\":\"ReadAction\",\"target\":[\"https:\\\/\\\/www.drivelife.it\\\/news\\\/2013\\\/12\\\/11\\\/volvo-concept-xc-coupe-2\\\/\"]}]},{\"@type\":\"ImageObject\",\"inLanguage\":\"en-US\",\"@id\":\"https:\\\/\\\/www.drivelife.it\\\/news\\\/2013\\\/12\\\/11\\\/volvo-concept-xc-coupe-2\\\/#primaryimage\",\"url\":\"https:\\\/\\\/www.drivelife.it\\\/news\\\/wp-content\\\/uploads\\\/2013\\\/12\\\/136815_7_81.jpg\",\"contentUrl\":\"https:\\\/\\\/www.drivelife.it\\\/news\\\/wp-content\\\/uploads\\\/2013\\\/12\\\/136815_7_81.jpg\",\"width\":3420,\"height\":2536,\"caption\":\"yes!\"},{\"@type\":\"BreadcrumbList\",\"@id\":\"https:\\\/\\\/www.drivelife.it\\\/news\\\/2013\\\/12\\\/11\\\/volvo-concept-xc-coupe-2\\\/#breadcrumb\",\"itemListElement\":[{\"@type\":\"ListItem\",\"position\":1,\"name\":\"Home\",\"item\":\"https:\\\/\\\/www.drivelife.it\\\/news\\\/\"},{\"@type\":\"ListItem\",\"position\":2,\"name\":\"Volvo Concept XC Coup\u00e9\"}]},{\"@type\":\"WebSite\",\"@id\":\"https:\\\/\\\/www.drivelife.it\\\/news\\\/#website\",\"url\":\"https:\\\/\\\/www.drivelife.it\\\/news\\\/\",\"name\":\"#lucalife\",\"description\":\"DRIVELIFE le mie automobili\",\"potentialAction\":[{\"@type\":\"SearchAction\",\"target\":{\"@type\":\"EntryPoint\",\"urlTemplate\":\"https:\\\/\\\/www.drivelife.it\\\/news\\\/?s={search_term_string}\"},\"query-input\":{\"@type\":\"PropertyValueSpecification\",\"valueRequired\":true,\"valueName\":\"search_term_string\"}}],\"inLanguage\":\"en-US\"},{\"@type\":\"Person\",\"@id\":\"https:\\\/\\\/www.drivelife.it\\\/news\\\/#\\\/schema\\\/person\\\/b6c194c3423ff451be4914f5fd9c2188\",\"name\":\"Redazione\",\"image\":{\"@type\":\"ImageObject\",\"inLanguage\":\"en-US\",\"@id\":\"https:\\\/\\\/secure.gravatar.com\\\/avatar\\\/8d186f6b07ba8a94441344759f0e13bf1909b6ceaa171df0425551b4590fd558?s=96&d=mm&r=g\",\"url\":\"https:\\\/\\\/secure.gravatar.com\\\/avatar\\\/8d186f6b07ba8a94441344759f0e13bf1909b6ceaa171df0425551b4590fd558?s=96&d=mm&r=g\",\"contentUrl\":\"https:\\\/\\\/secure.gravatar.com\\\/avatar\\\/8d186f6b07ba8a94441344759f0e13bf1909b6ceaa171df0425551b4590fd558?s=96&d=mm&r=g\",\"caption\":\"Redazione\"},\"url\":\"https:\\\/\\\/www.drivelife.it\\\/news\\\/author\\\/admin\\\/\"}]}<\/script>\n<!-- \/ Yoast SEO plugin. -->","yoast_head_json":{"title":"Volvo Concept XC Coup\u00e9  - #lucalife","robots":{"index":"index","follow":"follow","max-snippet":"max-snippet:-1","max-image-preview":"max-image-preview:large","max-video-preview":"max-video-preview:-1"},"canonical":"https:\/\/www.drivelife.it\/news\/2013\/12\/11\/volvo-concept-xc-coupe-2\/","og_locale":"en_US","og_type":"article","og_title":"Volvo Concept XC Coup\u00e9  - #lucalife","og_description":"Lo scorso settembre \u00e8 stata lanciata Volvo Concept Coup\u00e9, che ha riscosso molto successo in termini di critica e di riconoscimenti ufficiali e ha permesso al pubblico mondiale di farsi una prima idea circa il nuovo percorso stilistico intrapreso da Volvo Car Group (Volvo Cars) sotto la direzione del nuovo Senior Vice President Design, Thomas Ingenlath. Volvo Concept car ha inoltre proposto un\u2019interpretazione concreta di come potrebbero tradursi visivamente le proporzioni dell\u2019auto data la versatilit\u00e0 consentita dalla nuova Architettura di Prodotto Scalabile di Volvo Cars, su cui si baseranno tutte le automobili di medie e grandi dimensioni prodotte dalla Casa svedese in&#46;&#46;&#46;","og_url":"https:\/\/www.drivelife.it\/news\/2013\/12\/11\/volvo-concept-xc-coupe-2\/","og_site_name":"#lucalife","article_publisher":"https:\/\/www.facebook.com\/pages\/Drivelife\/467833073239720","article_published_time":"2013-12-11T09:31:28+00:00","og_image":[{"width":3420,"height":2536,"url":"https:\/\/www.drivelife.it\/news\/wp-content\/uploads\/2013\/12\/136815_7_81.jpg","type":"image\/jpeg"}],"author":"Redazione","twitter_card":"summary_large_image","twitter_creator":"@tweetdrivelife","twitter_site":"@tweetdrivelife","twitter_misc":{"Written by":"Redazione","Est. reading time":"1 minute"},"schema":{"@context":"https:\/\/schema.org","@graph":[{"@type":"Article","@id":"https:\/\/www.drivelife.it\/news\/2013\/12\/11\/volvo-concept-xc-coupe-2\/#article","isPartOf":{"@id":"https:\/\/www.drivelife.it\/news\/2013\/12\/11\/volvo-concept-xc-coupe-2\/"},"author":{"name":"Redazione","@id":"https:\/\/www.drivelife.it\/news\/#\/schema\/person\/b6c194c3423ff451be4914f5fd9c2188"},"headline":"Volvo Concept XC Coup\u00e9","datePublished":"2013-12-11T09:31:28+00:00","mainEntityOfPage":{"@id":"https:\/\/www.drivelife.it\/news\/2013\/12\/11\/volvo-concept-xc-coupe-2\/"},"wordCount":288,"commentCount":0,"image":{"@id":"https:\/\/www.drivelife.it\/news\/2013\/12\/11\/volvo-concept-xc-coupe-2\/#primaryimage"},"thumbnailUrl":"https:\/\/www.drivelife.it\/news\/wp-content\/uploads\/2013\/12\/136815_7_81.jpg","keywords":["AUTOMOTIVE","Concept car","Cross country running","Detroit","DRIVELIFE","North American International Auto Show","Vice president","VOLVO","volvo cars","Volvo Concept XC Coup\u00e9","volvo volvoautoitalia volvocaritalia volvov40crosscountry mrlukkor drivelife"],"articleSection":["DRIVELIFEBLOG"],"inLanguage":"en-US","potentialAction":[{"@type":"CommentAction","name":"Comment","target":["https:\/\/www.drivelife.it\/news\/2013\/12\/11\/volvo-concept-xc-coupe-2\/#respond"]}]},{"@type":"WebPage","@id":"https:\/\/www.drivelife.it\/news\/2013\/12\/11\/volvo-concept-xc-coupe-2\/","url":"https:\/\/www.drivelife.it\/news\/2013\/12\/11\/volvo-concept-xc-coupe-2\/","name":"Volvo Concept XC Coup\u00e9 - #lucalife","isPartOf":{"@id":"https:\/\/www.drivelife.it\/news\/#website"},"primaryImageOfPage":{"@id":"https:\/\/www.drivelife.it\/news\/2013\/12\/11\/volvo-concept-xc-coupe-2\/#primaryimage"},"image":{"@id":"https:\/\/www.drivelife.it\/news\/2013\/12\/11\/volvo-concept-xc-coupe-2\/#primaryimage"},"thumbnailUrl":"https:\/\/www.drivelife.it\/news\/wp-content\/uploads\/2013\/12\/136815_7_81.jpg","datePublished":"2013-12-11T09:31:28+00:00","author":{"@id":"https:\/\/www.drivelife.it\/news\/#\/schema\/person\/b6c194c3423ff451be4914f5fd9c2188"},"breadcrumb":{"@id":"https:\/\/www.drivelife.it\/news\/2013\/12\/11\/volvo-concept-xc-coupe-2\/#breadcrumb"},"inLanguage":"en-US","potentialAction":[{"@type":"ReadAction","target":["https:\/\/www.drivelife.it\/news\/2013\/12\/11\/volvo-concept-xc-coupe-2\/"]}]},{"@type":"ImageObject","inLanguage":"en-US","@id":"https:\/\/www.drivelife.it\/news\/2013\/12\/11\/volvo-concept-xc-coupe-2\/#primaryimage","url":"https:\/\/www.drivelife.it\/news\/wp-content\/uploads\/2013\/12\/136815_7_81.jpg","contentUrl":"https:\/\/www.drivelife.it\/news\/wp-content\/uploads\/2013\/12\/136815_7_81.jpg","width":3420,"height":2536,"caption":"yes!"},{"@type":"BreadcrumbList","@id":"https:\/\/www.drivelife.it\/news\/2013\/12\/11\/volvo-concept-xc-coupe-2\/#breadcrumb","itemListElement":[{"@type":"ListItem","position":1,"name":"Home","item":"https:\/\/www.drivelife.it\/news\/"},{"@type":"ListItem","position":2,"name":"Volvo Concept XC Coup\u00e9"}]},{"@type":"WebSite","@id":"https:\/\/www.drivelife.it\/news\/#website","url":"https:\/\/www.drivelife.it\/news\/","name":"#lucalife","description":"DRIVELIFE le mie automobili","potentialAction":[{"@type":"SearchAction","target":{"@type":"EntryPoint","urlTemplate":"https:\/\/www.drivelife.it\/news\/?s={search_term_string}"},"query-input":{"@type":"PropertyValueSpecification","valueRequired":true,"valueName":"search_term_string"}}],"inLanguage":"en-US"},{"@type":"Person","@id":"https:\/\/www.drivelife.it\/news\/#\/schema\/person\/b6c194c3423ff451be4914f5fd9c2188","name":"Redazione","image":{"@type":"ImageObject","inLanguage":"en-US","@id":"https:\/\/secure.gravatar.com\/avatar\/8d186f6b07ba8a94441344759f0e13bf1909b6ceaa171df0425551b4590fd558?s=96&d=mm&r=g","url":"https:\/\/secure.gravatar.com\/avatar\/8d186f6b07ba8a94441344759f0e13bf1909b6ceaa171df0425551b4590fd558?s=96&d=mm&r=g","contentUrl":"https:\/\/secure.gravatar.com\/avatar\/8d186f6b07ba8a94441344759f0e13bf1909b6ceaa171df0425551b4590fd558?s=96&d=mm&r=g","caption":"Redazione"},"url":"https:\/\/www.drivelife.it\/news\/author\/admin\/"}]}},"amp_enabled":true,"_links":{"self":[{"href":"https:\/\/www.drivelife.it\/news\/wp-json\/wp\/v2\/posts\/3877","targetHints":{"allow":["GET"]}}],"collection":[{"href":"https:\/\/www.drivelife.it\/news\/wp-json\/wp\/v2\/posts"}],"about":[{"href":"https:\/\/www.drivelife.it\/news\/wp-json\/wp\/v2\/types\/post"}],"author":[{"embeddable":true,"href":"https:\/\/www.drivelife.it\/news\/wp-json\/wp\/v2\/users\/1"}],"replies":[{"embeddable":true,"href":"https:\/\/www.drivelife.it\/news\/wp-json\/wp\/v2\/comments?post=3877"}],"version-history":[{"count":0,"href":"https:\/\/www.drivelife.it\/news\/wp-json\/wp\/v2\/posts\/3877\/revisions"}],"wp:featuredmedia":[{"embeddable":true,"href":"https:\/\/www.drivelife.it\/news\/wp-json\/wp\/v2\/media\/3736"}],"wp:attachment":[{"href":"https:\/\/www.drivelife.it\/news\/wp-json\/wp\/v2\/media?parent=3877"}],"wp:term":[{"taxonomy":"category","embeddable":true,"href":"https:\/\/www.drivelife.it\/news\/wp-json\/wp\/v2\/categories?post=3877"},{"taxonomy":"post_tag","embeddable":true,"href":"https:\/\/www.drivelife.it\/news\/wp-json\/wp\/v2\/tags?post=3877"}],"curies":[{"name":"wp","href":"https:\/\/api.w.org\/{rel}","templated":true}]}}