{"id":3418,"date":"2014-01-30T16:54:23","date_gmt":"2014-01-30T16:54:23","guid":{"rendered":"http:\/\/www.drivelife.it\/news\/?p=3418"},"modified":"2014-01-30T16:55:10","modified_gmt":"2014-01-30T16:55:10","slug":"naias-2014","status":"publish","type":"post","link":"https:\/\/www.drivelife.it\/news\/2014\/01\/30\/naias-2014\/","title":{"rendered":"NAIAS 2014"},"content":{"rendered":"<h1><a href=\"http:\/\/www.drivelife.it\/news\/wp-content\/uploads\/2014\/01\/la-nuova-2015-chrysler-200-sedan-al-naias-2014-ch015_032tw.jpg\"><img loading=\"lazy\" decoding=\"async\" class=\"alignnone size-large wp-image-3419\" title=\"2015 Chrysler 200S\" src=\"http:\/\/www.drivelife.it\/news\/wp-content\/uploads\/2014\/01\/la-nuova-2015-chrysler-200-sedan-al-naias-2014-ch015_032tw-960x327.jpg\" alt=\"\" width=\"720\" height=\"245\" srcset=\"https:\/\/www.drivelife.it\/news\/wp-content\/uploads\/2014\/01\/la-nuova-2015-chrysler-200-sedan-al-naias-2014-ch015_032tw-960x327.jpg 960w, https:\/\/www.drivelife.it\/news\/wp-content\/uploads\/2014\/01\/la-nuova-2015-chrysler-200-sedan-al-naias-2014-ch015_032tw-580x197.jpg 580w\" sizes=\"auto, (max-width: 720px) 100vw, 720px\" \/><\/a><\/h1>\n<h1>BREZZA DAGLI STATES<\/h1>\n<p><strong>SEMBRA PROPRIO CHE IL SALONE DI DETROIT ABBIA SANCITO LA RIPRESA DEL MERCATO AUTOMOTIVE, ALMENO NEGLI STATI UNITI. TUTTI CI AUGURIAMO CHE L\u2019ARIA DI RIPRESA ATTRAVERSI L\u2019ATLANTICO SENZA AFFIEVOLIRSI. MA QUI E\u2019 DURA, ANCORA MOLTO DURA, NONOSTANTE IL MESE DI DICEMBRE ABBIA FATTO \u201cSTRILLARE\u201d TITOLI ENTUSIASTICI SU QUOTIDIANI E MAGAZINE SPECIALIZZATI<\/strong><\/p>\n<p><em><strong>CON DRIVELIFE TV IN ONDA IL 1 FEBBRAIO &#8211; DURATA, 02\u2019 36\u201d &#8211;\u00a0<\/strong><\/em> Una \u201ccerta\u201d euforia sembra aver preso vita dal numero di novit\u00e0 che dagli stand del NAIAS 2014, il primo salone dell\u2019automobile dell\u2019anno \u2013 che ha sede nella ex-capitale mondiale dell\u2019auto, Detroit \u2013 le case automobilistiche hanno \u201ccomunicato\u201d al mondo intero. Un messaggio di speranza? Ci auguriamo, anche se qui in Italia le cose sembrano essere sulla strada in discesa di una crisi senza fine, un fenomeno di contrazione irreversibile.<\/p>\n<p>Non dovuto solo alla economia stagnante e preda di costi insostenibili ma, aspetto ancor pi\u00f9 rilevante, ad una mutazione dell\u2019approccio del cliente \/ consumatore nei confronti dell\u2019automobile. Chi pu\u00f2 continua a comprare orientando la sua scelta verso automobili di categoria inferiore rispetto alle sue capacit\u00e0. Un po\u2019 perch\u00e9 \u00e8 meglio essere understatement di questi tempi quando si circola, un po\u2019 per prudenza economica e risparmio, un po\u2019 perch\u00e9 le norme di tutela ambientale, sempre pi\u00f9 severe e \u201cstringenti\u201d fanno preferire automobili con sistemi di propulsione misti, alternativi o ibridi. Una nicchia di mercato, come si dice in gergo, che sembrerebbe (condizionali sempre d\u2019obbligo di questi tempi) aver trovato il modo di stuzzicare la sopita voglia di acquisto del cittadino, italiano, automobilista.<\/p>\n<p>Mentre a Detroit sotto le luci dei riflettori passano le novit\u00e0 destinate al mercato americano, una sintesi la vedete in questa clip con gli show off di Corvette, di Acura (marchio di lusso in America per Honda), di Chrysler, di Tesla e di Cadillac, di Ford, qui, in Italia i fatti eclatanti che interessano il mondo automotive sono due o tre.<\/p>\n<p>Il timido incremento di vendite di dicembre ha fatto accendere i desideri degli operatori del settore che, su quotidiani e stampa specializzata, si sono pi\u00f9 o meno cautamente, lanciati in titoli di richiamo al rinnovato interesse da parte del consumatore verso le amate \/ odiate 4 ruote.<\/p>\n<p>Un\u2019euforia che se fosse stato possibile \u201csommarla\u201d alla presunta abolizione del superbollo \u2013 voce circolata negli ambienti, verso met\u00e0 gennaio \u2013 avrebbe potuto dare un \u201ccerto\u201d impulso alla voglia di comprare. Sarebbe stato, quello s\u00ec, un chiaro segnale della politica \/ governo che l\u2019atteggiamento nei confronti dell\u2019automobile avrebbe preso, da quest\u2019anno, un punto di vista diverso, non diciamo di promozione sfrenata delle vendite, ma quanto meno il segnale che la forca della fiscalit\u00e0 automobilistica aveva iniziato una manovra di alleggerimento. Allora forse anche i pi\u00f9 restii alla rottura del salvadanaio avrebbero rotto gli indugi ed anche il salvadanaio.<\/p>\n<p>Ma che nulla \u00e8 cambiato in Italia, ed \u00e8 questo il terzo fatto importante di Gennaio, \u00e8 il cambiamento d\u2019assetto avvenuto a Torino. Il nuovo assetto voluto da Sergio Marchionne, al di l\u00e0 delle politiche dichiarazioni rese durante la conferenza stampa, \u00e8 un assetto che lascia in Italia ben poca sostanza. Intanto il fisco inglese ringrazia: tutti i soldi che FCA dovr\u00e0 pagare di tasse saranno versati in Gran Bretagna, al Ministero delle Finanze \u2013 ed enti correlati \u2013 adesso s\u00ec che dovranno riflettere.<\/p>\n<p>La sede di FCA \u00e8 in Olanda, e fin qui nulla di male, se non fosse che le due mosse di Marchionne devono far sorgere una semplice domanda: ma perch\u00e9 tutto questo assetto non lo ha fatto, e gestito, da Torino? Sar\u00e0 perch\u00e9 il nostro mercato automotive non \u00e8 per niente interessante, manco per FIAT?<\/p>\n<p>Ed allora a Detroit possono presentare tutte le novit\u00e0 che vogliono, a noi resta solo la possibilit\u00e0 di guardarle in TV. Perch\u00e9 in Italia, qui, l\u2019automobile \u00e8 morta.<\/p>\n<p>(lr)<\/p>\n<p>&nbsp;<\/p>\n","protected":false},"excerpt":{"rendered":"<p>BREZZA DAGLI STATES SEMBRA PROPRIO CHE IL SALONE DI DETROIT ABBIA SANCITO LA RIPRESA DEL MERCATO AUTOMOTIVE, ALMENO NEGLI STATI UNITI. TUTTI CI AUGURIAMO CHE L\u2019ARIA DI RIPRESA ATTRAVERSI L\u2019ATLANTICO SENZA AFFIEVOLIRSI. MA QUI E\u2019 DURA, ANCORA MOLTO DURA, NONOSTANTE IL MESE DI DICEMBRE ABBIA FATTO \u201cSTRILLARE\u201d TITOLI ENTUSIASTICI SU QUOTIDIANI E MAGAZINE SPECIALIZZATI CON DRIVELIFE TV IN ONDA IL 1 FEBBRAIO &#8211; DURATA, 02\u2019 36\u201d &#8211;\u00a0 Una \u201ccerta\u201d euforia sembra aver preso vita dal numero di novit\u00e0 che dagli stand del NAIAS 2014, il primo salone dell\u2019automobile dell\u2019anno \u2013 che ha sede nella ex-capitale mondiale dell\u2019auto, Detroit \u2013 le case automobilistiche&#46;&#46;&#46;<\/p>\n","protected":false},"author":1,"featured_media":3419,"comment_status":"open","ping_status":"open","sticky":false,"template":"","format":"standard","meta":{"ngg_post_thumbnail":0,"footnotes":""},"categories":[39,55,198],"tags":[37],"class_list":["post-3418","post","type-post","status-publish","format-standard","has-post-thumbnail","hentry","category-automotive","category-news","category-edizioni-drivelife-tv-2014","tag-drivelife"],"yoast_head":"<!-- This site is optimized with the Yoast SEO plugin v27.5 - https:\/\/yoast.com\/product\/yoast-seo-wordpress\/ -->\n<title>NAIAS 2014 - #lucalife<\/title>\n<meta name=\"robots\" content=\"index, follow, max-snippet:-1, max-image-preview:large, max-video-preview:-1\" \/>\n<link rel=\"canonical\" href=\"https:\/\/www.drivelife.it\/news\/2014\/01\/30\/naias-2014\/\" \/>\n<meta property=\"og:locale\" content=\"en_US\" \/>\n<meta property=\"og:type\" content=\"article\" \/>\n<meta property=\"og:title\" content=\"NAIAS 2014 - #lucalife\" \/>\n<meta property=\"og:description\" content=\"BREZZA DAGLI STATES SEMBRA PROPRIO CHE IL SALONE DI DETROIT ABBIA SANCITO LA RIPRESA DEL MERCATO AUTOMOTIVE, ALMENO NEGLI STATI UNITI. TUTTI CI AUGURIAMO CHE L\u2019ARIA DI RIPRESA ATTRAVERSI L\u2019ATLANTICO SENZA AFFIEVOLIRSI. MA QUI E\u2019 DURA, ANCORA MOLTO DURA, NONOSTANTE IL MESE DI DICEMBRE ABBIA FATTO \u201cSTRILLARE\u201d TITOLI ENTUSIASTICI SU QUOTIDIANI E MAGAZINE SPECIALIZZATI CON DRIVELIFE TV IN ONDA IL 1 FEBBRAIO &#8211; DURATA, 02\u2019 36\u201d &#8211;\u00a0 Una \u201ccerta\u201d euforia sembra aver preso vita dal numero di novit\u00e0 che dagli stand del NAIAS 2014, il primo salone dell\u2019automobile dell\u2019anno \u2013 che ha sede nella ex-capitale mondiale dell\u2019auto, Detroit \u2013 le case automobilistiche&#046;&#046;&#046;\" \/>\n<meta property=\"og:url\" content=\"https:\/\/www.drivelife.it\/news\/2014\/01\/30\/naias-2014\/\" \/>\n<meta property=\"og:site_name\" content=\"#lucalife\" \/>\n<meta property=\"article:publisher\" content=\"https:\/\/www.facebook.com\/pages\/Drivelife\/467833073239720\" \/>\n<meta property=\"article:published_time\" content=\"2014-01-30T16:54:23+00:00\" \/>\n<meta property=\"article:modified_time\" content=\"2014-01-30T16:55:10+00:00\" \/>\n<meta property=\"og:image\" content=\"https:\/\/www.drivelife.it\/news\/wp-content\/uploads\/2014\/01\/la-nuova-2015-chrysler-200-sedan-al-naias-2014-ch015_032tw.jpg\" \/>\n\t<meta property=\"og:image:width\" content=\"2560\" \/>\n\t<meta property=\"og:image:height\" content=\"873\" \/>\n\t<meta property=\"og:image:type\" content=\"image\/jpeg\" \/>\n<meta name=\"author\" content=\"Redazione\" \/>\n<meta name=\"twitter:card\" content=\"summary_large_image\" \/>\n<meta name=\"twitter:creator\" content=\"@tweetdrivelife\" \/>\n<meta name=\"twitter:site\" content=\"@tweetdrivelife\" \/>\n<meta name=\"twitter:label1\" content=\"Written by\" \/>\n\t<meta name=\"twitter:data1\" content=\"Redazione\" \/>\n\t<meta name=\"twitter:label2\" content=\"Est. reading time\" \/>\n\t<meta name=\"twitter:data2\" content=\"3 minutes\" \/>\n<script type=\"application\/ld+json\" class=\"yoast-schema-graph\">{\"@context\":\"https:\\\/\\\/schema.org\",\"@graph\":[{\"@type\":\"Article\",\"@id\":\"https:\\\/\\\/www.drivelife.it\\\/news\\\/2014\\\/01\\\/30\\\/naias-2014\\\/#article\",\"isPartOf\":{\"@id\":\"https:\\\/\\\/www.drivelife.it\\\/news\\\/2014\\\/01\\\/30\\\/naias-2014\\\/\"},\"author\":{\"name\":\"Redazione\",\"@id\":\"https:\\\/\\\/www.drivelife.it\\\/news\\\/#\\\/schema\\\/person\\\/b6c194c3423ff451be4914f5fd9c2188\"},\"headline\":\"NAIAS 2014\",\"datePublished\":\"2014-01-30T16:54:23+00:00\",\"dateModified\":\"2014-01-30T16:55:10+00:00\",\"mainEntityOfPage\":{\"@id\":\"https:\\\/\\\/www.drivelife.it\\\/news\\\/2014\\\/01\\\/30\\\/naias-2014\\\/\"},\"wordCount\":625,\"commentCount\":0,\"image\":{\"@id\":\"https:\\\/\\\/www.drivelife.it\\\/news\\\/2014\\\/01\\\/30\\\/naias-2014\\\/#primaryimage\"},\"thumbnailUrl\":\"https:\\\/\\\/www.drivelife.it\\\/news\\\/wp-content\\\/uploads\\\/2014\\\/01\\\/la-nuova-2015-chrysler-200-sedan-al-naias-2014-ch015_032tw.jpg\",\"keywords\":[\"DRIVELIFE\"],\"articleSection\":[\"AUTOMOTIVE\",\"NEWS\",\"PUNTATE DRIVELIFE TV 2014\"],\"inLanguage\":\"en-US\",\"potentialAction\":[{\"@type\":\"CommentAction\",\"name\":\"Comment\",\"target\":[\"https:\\\/\\\/www.drivelife.it\\\/news\\\/2014\\\/01\\\/30\\\/naias-2014\\\/#respond\"]}]},{\"@type\":\"WebPage\",\"@id\":\"https:\\\/\\\/www.drivelife.it\\\/news\\\/2014\\\/01\\\/30\\\/naias-2014\\\/\",\"url\":\"https:\\\/\\\/www.drivelife.it\\\/news\\\/2014\\\/01\\\/30\\\/naias-2014\\\/\",\"name\":\"NAIAS 2014 - #lucalife\",\"isPartOf\":{\"@id\":\"https:\\\/\\\/www.drivelife.it\\\/news\\\/#website\"},\"primaryImageOfPage\":{\"@id\":\"https:\\\/\\\/www.drivelife.it\\\/news\\\/2014\\\/01\\\/30\\\/naias-2014\\\/#primaryimage\"},\"image\":{\"@id\":\"https:\\\/\\\/www.drivelife.it\\\/news\\\/2014\\\/01\\\/30\\\/naias-2014\\\/#primaryimage\"},\"thumbnailUrl\":\"https:\\\/\\\/www.drivelife.it\\\/news\\\/wp-content\\\/uploads\\\/2014\\\/01\\\/la-nuova-2015-chrysler-200-sedan-al-naias-2014-ch015_032tw.jpg\",\"datePublished\":\"2014-01-30T16:54:23+00:00\",\"dateModified\":\"2014-01-30T16:55:10+00:00\",\"author\":{\"@id\":\"https:\\\/\\\/www.drivelife.it\\\/news\\\/#\\\/schema\\\/person\\\/b6c194c3423ff451be4914f5fd9c2188\"},\"breadcrumb\":{\"@id\":\"https:\\\/\\\/www.drivelife.it\\\/news\\\/2014\\\/01\\\/30\\\/naias-2014\\\/#breadcrumb\"},\"inLanguage\":\"en-US\",\"potentialAction\":[{\"@type\":\"ReadAction\",\"target\":[\"https:\\\/\\\/www.drivelife.it\\\/news\\\/2014\\\/01\\\/30\\\/naias-2014\\\/\"]}]},{\"@type\":\"ImageObject\",\"inLanguage\":\"en-US\",\"@id\":\"https:\\\/\\\/www.drivelife.it\\\/news\\\/2014\\\/01\\\/30\\\/naias-2014\\\/#primaryimage\",\"url\":\"https:\\\/\\\/www.drivelife.it\\\/news\\\/wp-content\\\/uploads\\\/2014\\\/01\\\/la-nuova-2015-chrysler-200-sedan-al-naias-2014-ch015_032tw.jpg\",\"contentUrl\":\"https:\\\/\\\/www.drivelife.it\\\/news\\\/wp-content\\\/uploads\\\/2014\\\/01\\\/la-nuova-2015-chrysler-200-sedan-al-naias-2014-ch015_032tw.jpg\",\"width\":\"2560\",\"height\":\"873\"},{\"@type\":\"BreadcrumbList\",\"@id\":\"https:\\\/\\\/www.drivelife.it\\\/news\\\/2014\\\/01\\\/30\\\/naias-2014\\\/#breadcrumb\",\"itemListElement\":[{\"@type\":\"ListItem\",\"position\":1,\"name\":\"Home\",\"item\":\"https:\\\/\\\/www.drivelife.it\\\/news\\\/\"},{\"@type\":\"ListItem\",\"position\":2,\"name\":\"NAIAS 2014\"}]},{\"@type\":\"WebSite\",\"@id\":\"https:\\\/\\\/www.drivelife.it\\\/news\\\/#website\",\"url\":\"https:\\\/\\\/www.drivelife.it\\\/news\\\/\",\"name\":\"#lucalife\",\"description\":\"DRIVELIFE le mie automobili\",\"potentialAction\":[{\"@type\":\"SearchAction\",\"target\":{\"@type\":\"EntryPoint\",\"urlTemplate\":\"https:\\\/\\\/www.drivelife.it\\\/news\\\/?s={search_term_string}\"},\"query-input\":{\"@type\":\"PropertyValueSpecification\",\"valueRequired\":true,\"valueName\":\"search_term_string\"}}],\"inLanguage\":\"en-US\"},{\"@type\":\"Person\",\"@id\":\"https:\\\/\\\/www.drivelife.it\\\/news\\\/#\\\/schema\\\/person\\\/b6c194c3423ff451be4914f5fd9c2188\",\"name\":\"Redazione\",\"image\":{\"@type\":\"ImageObject\",\"inLanguage\":\"en-US\",\"@id\":\"https:\\\/\\\/secure.gravatar.com\\\/avatar\\\/8d186f6b07ba8a94441344759f0e13bf1909b6ceaa171df0425551b4590fd558?s=96&d=mm&r=g\",\"url\":\"https:\\\/\\\/secure.gravatar.com\\\/avatar\\\/8d186f6b07ba8a94441344759f0e13bf1909b6ceaa171df0425551b4590fd558?s=96&d=mm&r=g\",\"contentUrl\":\"https:\\\/\\\/secure.gravatar.com\\\/avatar\\\/8d186f6b07ba8a94441344759f0e13bf1909b6ceaa171df0425551b4590fd558?s=96&d=mm&r=g\",\"caption\":\"Redazione\"},\"url\":\"https:\\\/\\\/www.drivelife.it\\\/news\\\/author\\\/admin\\\/\"}]}<\/script>\n<!-- \/ Yoast SEO plugin. -->","yoast_head_json":{"title":"NAIAS 2014 - #lucalife","robots":{"index":"index","follow":"follow","max-snippet":"max-snippet:-1","max-image-preview":"max-image-preview:large","max-video-preview":"max-video-preview:-1"},"canonical":"https:\/\/www.drivelife.it\/news\/2014\/01\/30\/naias-2014\/","og_locale":"en_US","og_type":"article","og_title":"NAIAS 2014 - #lucalife","og_description":"BREZZA DAGLI STATES SEMBRA PROPRIO CHE IL SALONE DI DETROIT ABBIA SANCITO LA RIPRESA DEL MERCATO AUTOMOTIVE, ALMENO NEGLI STATI UNITI. TUTTI CI AUGURIAMO CHE L\u2019ARIA DI RIPRESA ATTRAVERSI L\u2019ATLANTICO SENZA AFFIEVOLIRSI. MA QUI E\u2019 DURA, ANCORA MOLTO DURA, NONOSTANTE IL MESE DI DICEMBRE ABBIA FATTO \u201cSTRILLARE\u201d TITOLI ENTUSIASTICI SU QUOTIDIANI E MAGAZINE SPECIALIZZATI CON DRIVELIFE TV IN ONDA IL 1 FEBBRAIO &#8211; DURATA, 02\u2019 36\u201d &#8211;\u00a0 Una \u201ccerta\u201d euforia sembra aver preso vita dal numero di novit\u00e0 che dagli stand del NAIAS 2014, il primo salone dell\u2019automobile dell\u2019anno \u2013 che ha sede nella ex-capitale mondiale dell\u2019auto, Detroit \u2013 le case automobilistiche&#46;&#46;&#46;","og_url":"https:\/\/www.drivelife.it\/news\/2014\/01\/30\/naias-2014\/","og_site_name":"#lucalife","article_publisher":"https:\/\/www.facebook.com\/pages\/Drivelife\/467833073239720","article_published_time":"2014-01-30T16:54:23+00:00","article_modified_time":"2014-01-30T16:55:10+00:00","og_image":[{"width":2560,"height":873,"url":"https:\/\/www.drivelife.it\/news\/wp-content\/uploads\/2014\/01\/la-nuova-2015-chrysler-200-sedan-al-naias-2014-ch015_032tw.jpg","type":"image\/jpeg"}],"author":"Redazione","twitter_card":"summary_large_image","twitter_creator":"@tweetdrivelife","twitter_site":"@tweetdrivelife","twitter_misc":{"Written by":"Redazione","Est. reading time":"3 minutes"},"schema":{"@context":"https:\/\/schema.org","@graph":[{"@type":"Article","@id":"https:\/\/www.drivelife.it\/news\/2014\/01\/30\/naias-2014\/#article","isPartOf":{"@id":"https:\/\/www.drivelife.it\/news\/2014\/01\/30\/naias-2014\/"},"author":{"name":"Redazione","@id":"https:\/\/www.drivelife.it\/news\/#\/schema\/person\/b6c194c3423ff451be4914f5fd9c2188"},"headline":"NAIAS 2014","datePublished":"2014-01-30T16:54:23+00:00","dateModified":"2014-01-30T16:55:10+00:00","mainEntityOfPage":{"@id":"https:\/\/www.drivelife.it\/news\/2014\/01\/30\/naias-2014\/"},"wordCount":625,"commentCount":0,"image":{"@id":"https:\/\/www.drivelife.it\/news\/2014\/01\/30\/naias-2014\/#primaryimage"},"thumbnailUrl":"https:\/\/www.drivelife.it\/news\/wp-content\/uploads\/2014\/01\/la-nuova-2015-chrysler-200-sedan-al-naias-2014-ch015_032tw.jpg","keywords":["DRIVELIFE"],"articleSection":["AUTOMOTIVE","NEWS","PUNTATE DRIVELIFE TV 2014"],"inLanguage":"en-US","potentialAction":[{"@type":"CommentAction","name":"Comment","target":["https:\/\/www.drivelife.it\/news\/2014\/01\/30\/naias-2014\/#respond"]}]},{"@type":"WebPage","@id":"https:\/\/www.drivelife.it\/news\/2014\/01\/30\/naias-2014\/","url":"https:\/\/www.drivelife.it\/news\/2014\/01\/30\/naias-2014\/","name":"NAIAS 2014 - #lucalife","isPartOf":{"@id":"https:\/\/www.drivelife.it\/news\/#website"},"primaryImageOfPage":{"@id":"https:\/\/www.drivelife.it\/news\/2014\/01\/30\/naias-2014\/#primaryimage"},"image":{"@id":"https:\/\/www.drivelife.it\/news\/2014\/01\/30\/naias-2014\/#primaryimage"},"thumbnailUrl":"https:\/\/www.drivelife.it\/news\/wp-content\/uploads\/2014\/01\/la-nuova-2015-chrysler-200-sedan-al-naias-2014-ch015_032tw.jpg","datePublished":"2014-01-30T16:54:23+00:00","dateModified":"2014-01-30T16:55:10+00:00","author":{"@id":"https:\/\/www.drivelife.it\/news\/#\/schema\/person\/b6c194c3423ff451be4914f5fd9c2188"},"breadcrumb":{"@id":"https:\/\/www.drivelife.it\/news\/2014\/01\/30\/naias-2014\/#breadcrumb"},"inLanguage":"en-US","potentialAction":[{"@type":"ReadAction","target":["https:\/\/www.drivelife.it\/news\/2014\/01\/30\/naias-2014\/"]}]},{"@type":"ImageObject","inLanguage":"en-US","@id":"https:\/\/www.drivelife.it\/news\/2014\/01\/30\/naias-2014\/#primaryimage","url":"https:\/\/www.drivelife.it\/news\/wp-content\/uploads\/2014\/01\/la-nuova-2015-chrysler-200-sedan-al-naias-2014-ch015_032tw.jpg","contentUrl":"https:\/\/www.drivelife.it\/news\/wp-content\/uploads\/2014\/01\/la-nuova-2015-chrysler-200-sedan-al-naias-2014-ch015_032tw.jpg","width":"2560","height":"873"},{"@type":"BreadcrumbList","@id":"https:\/\/www.drivelife.it\/news\/2014\/01\/30\/naias-2014\/#breadcrumb","itemListElement":[{"@type":"ListItem","position":1,"name":"Home","item":"https:\/\/www.drivelife.it\/news\/"},{"@type":"ListItem","position":2,"name":"NAIAS 2014"}]},{"@type":"WebSite","@id":"https:\/\/www.drivelife.it\/news\/#website","url":"https:\/\/www.drivelife.it\/news\/","name":"#lucalife","description":"DRIVELIFE le mie automobili","potentialAction":[{"@type":"SearchAction","target":{"@type":"EntryPoint","urlTemplate":"https:\/\/www.drivelife.it\/news\/?s={search_term_string}"},"query-input":{"@type":"PropertyValueSpecification","valueRequired":true,"valueName":"search_term_string"}}],"inLanguage":"en-US"},{"@type":"Person","@id":"https:\/\/www.drivelife.it\/news\/#\/schema\/person\/b6c194c3423ff451be4914f5fd9c2188","name":"Redazione","image":{"@type":"ImageObject","inLanguage":"en-US","@id":"https:\/\/secure.gravatar.com\/avatar\/8d186f6b07ba8a94441344759f0e13bf1909b6ceaa171df0425551b4590fd558?s=96&d=mm&r=g","url":"https:\/\/secure.gravatar.com\/avatar\/8d186f6b07ba8a94441344759f0e13bf1909b6ceaa171df0425551b4590fd558?s=96&d=mm&r=g","contentUrl":"https:\/\/secure.gravatar.com\/avatar\/8d186f6b07ba8a94441344759f0e13bf1909b6ceaa171df0425551b4590fd558?s=96&d=mm&r=g","caption":"Redazione"},"url":"https:\/\/www.drivelife.it\/news\/author\/admin\/"}]}},"amp_enabled":true,"_links":{"self":[{"href":"https:\/\/www.drivelife.it\/news\/wp-json\/wp\/v2\/posts\/3418","targetHints":{"allow":["GET"]}}],"collection":[{"href":"https:\/\/www.drivelife.it\/news\/wp-json\/wp\/v2\/posts"}],"about":[{"href":"https:\/\/www.drivelife.it\/news\/wp-json\/wp\/v2\/types\/post"}],"author":[{"embeddable":true,"href":"https:\/\/www.drivelife.it\/news\/wp-json\/wp\/v2\/users\/1"}],"replies":[{"embeddable":true,"href":"https:\/\/www.drivelife.it\/news\/wp-json\/wp\/v2\/comments?post=3418"}],"version-history":[{"count":2,"href":"https:\/\/www.drivelife.it\/news\/wp-json\/wp\/v2\/posts\/3418\/revisions"}],"predecessor-version":[{"id":3421,"href":"https:\/\/www.drivelife.it\/news\/wp-json\/wp\/v2\/posts\/3418\/revisions\/3421"}],"wp:featuredmedia":[{"embeddable":true,"href":"https:\/\/www.drivelife.it\/news\/wp-json\/wp\/v2\/media\/3419"}],"wp:attachment":[{"href":"https:\/\/www.drivelife.it\/news\/wp-json\/wp\/v2\/media?parent=3418"}],"wp:term":[{"taxonomy":"category","embeddable":true,"href":"https:\/\/www.drivelife.it\/news\/wp-json\/wp\/v2\/categories?post=3418"},{"taxonomy":"post_tag","embeddable":true,"href":"https:\/\/www.drivelife.it\/news\/wp-json\/wp\/v2\/tags?post=3418"}],"curies":[{"name":"wp","href":"https:\/\/api.w.org\/{rel}","templated":true}]}}