{"id":3343,"date":"2014-01-24T12:10:41","date_gmt":"2014-01-24T12:10:41","guid":{"rendered":"http:\/\/www.drivelife.it\/news\/?p=3343"},"modified":"2014-04-09T10:17:39","modified_gmt":"2014-04-09T10:17:39","slug":"volkswagen-golf-r","status":"publish","type":"post","link":"https:\/\/www.drivelife.it\/news\/2014\/01\/24\/volkswagen-golf-r\/","title":{"rendered":"VOLKSWAGEN GOLF &#8220;R&#8221;"},"content":{"rendered":"<p><strong>FEDERICO DI LERNIA<\/strong><br \/>\n\n\t\t<style>\n\t\t\t#gallery-1 {\n\t\t\t\tmargin: auto;\n\t\t\t}\n\t\t\t#gallery-1 .gallery-item {\n\t\t\t\tfloat: left;\n\t\t\t\tmargin-top: 10px;\n\t\t\t\ttext-align: center;\n\t\t\t\twidth: 11%;\n\t\t\t}\n\t\t\t#gallery-1 img {\n\t\t\t\tborder: 2px solid #cfcfcf;\n\t\t\t}\n\t\t\t#gallery-1 .gallery-caption {\n\t\t\t\tmargin-left: 0;\n\t\t\t}\n\t\t\t\/* see gallery_shortcode() in wp-includes\/media.php *\/\n\t\t<\/style>\n\t\t<div id='gallery-1' class='gallery galleryid-3343 gallery-columns-9 gallery-size-thumbnail'><dl class='gallery-item'>\n\t\t\t<dt class='gallery-icon landscape'>\n\t\t\t\t<a href='https:\/\/www.drivelife.it\/news\/2014\/01\/24\/volkswagen-golf-r\/der-neue-volkswagen-golf-r-3\/'><img loading=\"lazy\" decoding=\"async\" width=\"150\" height=\"150\" src=\"https:\/\/www.drivelife.it\/news\/wp-content\/uploads\/2014\/01\/nuova-golf-r-piu-potenza-e-consumi-ridotti-fino-a-69-l-100-km-db2014au00092-150x150.jpg\" class=\"attachment-thumbnail size-thumbnail no-lazy\" alt=\"\" srcset=\"https:\/\/www.drivelife.it\/news\/wp-content\/uploads\/2014\/01\/nuova-golf-r-piu-potenza-e-consumi-ridotti-fino-a-69-l-100-km-db2014au00092-150x150.jpg 150w, https:\/\/www.drivelife.it\/news\/wp-content\/uploads\/2014\/01\/nuova-golf-r-piu-potenza-e-consumi-ridotti-fino-a-69-l-100-km-db2014au00092-160x160.jpg 160w\" sizes=\"auto, (max-width: 150px) 100vw, 150px\" \/><\/a>\n\t\t\t<\/dt><\/dl><dl class='gallery-item'>\n\t\t\t<dt class='gallery-icon landscape'>\n\t\t\t\t<a href='https:\/\/www.drivelife.it\/news\/2014\/01\/24\/volkswagen-golf-r\/der-neue-volkswagen-golf-r-2\/'><img loading=\"lazy\" decoding=\"async\" width=\"150\" height=\"150\" src=\"https:\/\/www.drivelife.it\/news\/wp-content\/uploads\/2014\/01\/nuova-golf-r-piu-potenza-e-consumi-ridotti-fino-a-69-l-100-km-db2014au00091-150x150.jpg\" class=\"attachment-thumbnail size-thumbnail no-lazy\" alt=\"\" srcset=\"https:\/\/www.drivelife.it\/news\/wp-content\/uploads\/2014\/01\/nuova-golf-r-piu-potenza-e-consumi-ridotti-fino-a-69-l-100-km-db2014au00091-150x150.jpg 150w, https:\/\/www.drivelife.it\/news\/wp-content\/uploads\/2014\/01\/nuova-golf-r-piu-potenza-e-consumi-ridotti-fino-a-69-l-100-km-db2014au00091-160x160.jpg 160w\" sizes=\"auto, (max-width: 150px) 100vw, 150px\" \/><\/a>\n\t\t\t<\/dt><\/dl><dl class='gallery-item'>\n\t\t\t<dt class='gallery-icon landscape'>\n\t\t\t\t<a href='https:\/\/www.drivelife.it\/news\/2014\/01\/24\/volkswagen-golf-r\/der-neue-volkswagen-golf-r-7\/'><img loading=\"lazy\" decoding=\"async\" width=\"150\" height=\"150\" src=\"https:\/\/www.drivelife.it\/news\/wp-content\/uploads\/2014\/01\/nuova-golf-r-piu-potenza-e-consumi-ridotti-fino-a-69-l-100-km-db2014au00100-150x150.jpg\" class=\"attachment-thumbnail size-thumbnail no-lazy\" alt=\"\" srcset=\"https:\/\/www.drivelife.it\/news\/wp-content\/uploads\/2014\/01\/nuova-golf-r-piu-potenza-e-consumi-ridotti-fino-a-69-l-100-km-db2014au00100-150x150.jpg 150w, https:\/\/www.drivelife.it\/news\/wp-content\/uploads\/2014\/01\/nuova-golf-r-piu-potenza-e-consumi-ridotti-fino-a-69-l-100-km-db2014au00100-160x160.jpg 160w\" sizes=\"auto, (max-width: 150px) 100vw, 150px\" \/><\/a>\n\t\t\t<\/dt><\/dl><dl class='gallery-item'>\n\t\t\t<dt class='gallery-icon landscape'>\n\t\t\t\t<a href='https:\/\/www.drivelife.it\/news\/2014\/01\/24\/volkswagen-golf-r\/nuova-golf-r-piu-potenza-e-consumi-ridotti-fino-a-69-l-100-km-db2014au00081\/'><img loading=\"lazy\" decoding=\"async\" width=\"150\" height=\"150\" src=\"https:\/\/www.drivelife.it\/news\/wp-content\/uploads\/2014\/01\/nuova-golf-r-piu-potenza-e-consumi-ridotti-fino-a-69-l-100-km-db2014au00081-150x150.jpg\" class=\"attachment-thumbnail size-thumbnail no-lazy\" alt=\"\" srcset=\"https:\/\/www.drivelife.it\/news\/wp-content\/uploads\/2014\/01\/nuova-golf-r-piu-potenza-e-consumi-ridotti-fino-a-69-l-100-km-db2014au00081-150x150.jpg 150w, https:\/\/www.drivelife.it\/news\/wp-content\/uploads\/2014\/01\/nuova-golf-r-piu-potenza-e-consumi-ridotti-fino-a-69-l-100-km-db2014au00081-160x160.jpg 160w\" sizes=\"auto, (max-width: 150px) 100vw, 150px\" \/><\/a>\n\t\t\t<\/dt><\/dl><dl class='gallery-item'>\n\t\t\t<dt class='gallery-icon landscape'>\n\t\t\t\t<a href='https:\/\/www.drivelife.it\/news\/2014\/01\/24\/volkswagen-golf-r\/der-neue-volkswagen-golf-r-8\/'><img loading=\"lazy\" decoding=\"async\" width=\"150\" height=\"150\" src=\"https:\/\/www.drivelife.it\/news\/wp-content\/uploads\/2014\/01\/nuova-golf-r-piu-potenza-e-consumi-ridotti-fino-a-69-l-100-km-db2014au00101-150x150.jpg\" class=\"attachment-thumbnail size-thumbnail no-lazy\" alt=\"\" srcset=\"https:\/\/www.drivelife.it\/news\/wp-content\/uploads\/2014\/01\/nuova-golf-r-piu-potenza-e-consumi-ridotti-fino-a-69-l-100-km-db2014au00101-150x150.jpg 150w, https:\/\/www.drivelife.it\/news\/wp-content\/uploads\/2014\/01\/nuova-golf-r-piu-potenza-e-consumi-ridotti-fino-a-69-l-100-km-db2014au00101-160x160.jpg 160w\" sizes=\"auto, (max-width: 150px) 100vw, 150px\" \/><\/a>\n\t\t\t<\/dt><\/dl><dl class='gallery-item'>\n\t\t\t<dt class='gallery-icon landscape'>\n\t\t\t\t<a href='https:\/\/www.drivelife.it\/news\/2014\/01\/24\/volkswagen-golf-r\/nuova-golf-r-piu-potenza-e-consumi-ridotti-fino-a-69-l-100-km-db2014au00082\/'><img loading=\"lazy\" decoding=\"async\" width=\"150\" height=\"150\" src=\"https:\/\/www.drivelife.it\/news\/wp-content\/uploads\/2014\/01\/nuova-golf-r-piu-potenza-e-consumi-ridotti-fino-a-69-l-100-km-db2014au00082-150x150.jpg\" class=\"attachment-thumbnail size-thumbnail no-lazy\" alt=\"\" srcset=\"https:\/\/www.drivelife.it\/news\/wp-content\/uploads\/2014\/01\/nuova-golf-r-piu-potenza-e-consumi-ridotti-fino-a-69-l-100-km-db2014au00082-150x150.jpg 150w, https:\/\/www.drivelife.it\/news\/wp-content\/uploads\/2014\/01\/nuova-golf-r-piu-potenza-e-consumi-ridotti-fino-a-69-l-100-km-db2014au00082-160x160.jpg 160w\" sizes=\"auto, (max-width: 150px) 100vw, 150px\" \/><\/a>\n\t\t\t<\/dt><\/dl><dl class='gallery-item'>\n\t\t\t<dt class='gallery-icon landscape'>\n\t\t\t\t<a href='https:\/\/www.drivelife.it\/news\/2014\/01\/24\/volkswagen-golf-r\/der-neue-volkswagen-golf-r-10\/'><img loading=\"lazy\" decoding=\"async\" width=\"150\" height=\"150\" src=\"https:\/\/www.drivelife.it\/news\/wp-content\/uploads\/2014\/01\/nuova-golf-r-piu-potenza-e-consumi-ridotti-fino-a-69-l-100-km-db2014au00086-150x150.jpg\" class=\"attachment-thumbnail size-thumbnail no-lazy\" alt=\"\" srcset=\"https:\/\/www.drivelife.it\/news\/wp-content\/uploads\/2014\/01\/nuova-golf-r-piu-potenza-e-consumi-ridotti-fino-a-69-l-100-km-db2014au00086-150x150.jpg 150w, https:\/\/www.drivelife.it\/news\/wp-content\/uploads\/2014\/01\/nuova-golf-r-piu-potenza-e-consumi-ridotti-fino-a-69-l-100-km-db2014au00086-160x160.jpg 160w\" sizes=\"auto, (max-width: 150px) 100vw, 150px\" \/><\/a>\n\t\t\t<\/dt><\/dl><dl class='gallery-item'>\n\t\t\t<dt class='gallery-icon landscape'>\n\t\t\t\t<a href='https:\/\/www.drivelife.it\/news\/2014\/01\/24\/volkswagen-golf-r\/nuova-golf-r-piu-potenza-e-consumi-ridotti-fino-a-69-l-100-km-db2014au00085\/'><img loading=\"lazy\" decoding=\"async\" width=\"150\" height=\"150\" src=\"https:\/\/www.drivelife.it\/news\/wp-content\/uploads\/2014\/01\/nuova-golf-r-piu-potenza-e-consumi-ridotti-fino-a-69-l-100-km-db2014au00085-150x150.jpg\" class=\"attachment-thumbnail size-thumbnail no-lazy\" alt=\"\" srcset=\"https:\/\/www.drivelife.it\/news\/wp-content\/uploads\/2014\/01\/nuova-golf-r-piu-potenza-e-consumi-ridotti-fino-a-69-l-100-km-db2014au00085-150x150.jpg 150w, https:\/\/www.drivelife.it\/news\/wp-content\/uploads\/2014\/01\/nuova-golf-r-piu-potenza-e-consumi-ridotti-fino-a-69-l-100-km-db2014au00085-160x160.jpg 160w\" sizes=\"auto, (max-width: 150px) 100vw, 150px\" \/><\/a>\n\t\t\t<\/dt><\/dl><dl class='gallery-item'>\n\t\t\t<dt class='gallery-icon landscape'>\n\t\t\t\t<a href='https:\/\/www.drivelife.it\/news\/2014\/01\/24\/volkswagen-golf-r\/nuova-golf-r-piu-potenza-e-consumi-ridotti-fino-a-69-l-100-km-db2014au00084\/'><img loading=\"lazy\" decoding=\"async\" width=\"150\" height=\"150\" src=\"https:\/\/www.drivelife.it\/news\/wp-content\/uploads\/2014\/01\/nuova-golf-r-piu-potenza-e-consumi-ridotti-fino-a-69-l-100-km-db2014au00084-150x150.jpg\" class=\"attachment-thumbnail size-thumbnail no-lazy\" alt=\"\" srcset=\"https:\/\/www.drivelife.it\/news\/wp-content\/uploads\/2014\/01\/nuova-golf-r-piu-potenza-e-consumi-ridotti-fino-a-69-l-100-km-db2014au00084-150x150.jpg 150w, https:\/\/www.drivelife.it\/news\/wp-content\/uploads\/2014\/01\/nuova-golf-r-piu-potenza-e-consumi-ridotti-fino-a-69-l-100-km-db2014au00084-160x160.jpg 160w\" sizes=\"auto, (max-width: 150px) 100vw, 150px\" \/><\/a>\n\t\t\t<\/dt><\/dl><br style=\"clear: both\" \/><dl class='gallery-item'>\n\t\t\t<dt class='gallery-icon landscape'>\n\t\t\t\t<a href='https:\/\/www.drivelife.it\/news\/2014\/01\/24\/volkswagen-golf-r\/der-neue-volkswagen-golf-r-5\/'><img loading=\"lazy\" decoding=\"async\" width=\"150\" height=\"150\" src=\"https:\/\/www.drivelife.it\/news\/wp-content\/uploads\/2014\/01\/nuova-golf-r-piu-potenza-e-consumi-ridotti-fino-a-69-l-100-km-db2014au00096-150x150.jpg\" class=\"attachment-thumbnail size-thumbnail no-lazy\" alt=\"\" srcset=\"https:\/\/www.drivelife.it\/news\/wp-content\/uploads\/2014\/01\/nuova-golf-r-piu-potenza-e-consumi-ridotti-fino-a-69-l-100-km-db2014au00096-150x150.jpg 150w, https:\/\/www.drivelife.it\/news\/wp-content\/uploads\/2014\/01\/nuova-golf-r-piu-potenza-e-consumi-ridotti-fino-a-69-l-100-km-db2014au00096-160x160.jpg 160w\" sizes=\"auto, (max-width: 150px) 100vw, 150px\" \/><\/a>\n\t\t\t<\/dt><\/dl><dl class='gallery-item'>\n\t\t\t<dt class='gallery-icon landscape'>\n\t\t\t\t<a href='https:\/\/www.drivelife.it\/news\/2014\/01\/24\/volkswagen-golf-r\/der-neue-volkswagen-golf-r-6\/'><img loading=\"lazy\" decoding=\"async\" width=\"150\" height=\"150\" src=\"https:\/\/www.drivelife.it\/news\/wp-content\/uploads\/2014\/01\/nuova-golf-r-piu-potenza-e-consumi-ridotti-fino-a-69-l-100-km-db2014au00099-150x150.jpg\" class=\"attachment-thumbnail size-thumbnail no-lazy\" alt=\"\" srcset=\"https:\/\/www.drivelife.it\/news\/wp-content\/uploads\/2014\/01\/nuova-golf-r-piu-potenza-e-consumi-ridotti-fino-a-69-l-100-km-db2014au00099-150x150.jpg 150w, https:\/\/www.drivelife.it\/news\/wp-content\/uploads\/2014\/01\/nuova-golf-r-piu-potenza-e-consumi-ridotti-fino-a-69-l-100-km-db2014au00099-160x160.jpg 160w\" sizes=\"auto, (max-width: 150px) 100vw, 150px\" \/><\/a>\n\t\t\t<\/dt><\/dl><dl class='gallery-item'>\n\t\t\t<dt class='gallery-icon landscape'>\n\t\t\t\t<a href='https:\/\/www.drivelife.it\/news\/2014\/01\/24\/volkswagen-golf-r\/der-neue-volkswagen-golf-r-9\/'><img loading=\"lazy\" decoding=\"async\" width=\"150\" height=\"150\" src=\"https:\/\/www.drivelife.it\/news\/wp-content\/uploads\/2014\/01\/nuova-golf-r-piu-potenza-e-consumi-ridotti-fino-a-69-l-100-km-db2014au00102-150x150.jpg\" class=\"attachment-thumbnail size-thumbnail no-lazy\" alt=\"\" srcset=\"https:\/\/www.drivelife.it\/news\/wp-content\/uploads\/2014\/01\/nuova-golf-r-piu-potenza-e-consumi-ridotti-fino-a-69-l-100-km-db2014au00102-150x150.jpg 150w, https:\/\/www.drivelife.it\/news\/wp-content\/uploads\/2014\/01\/nuova-golf-r-piu-potenza-e-consumi-ridotti-fino-a-69-l-100-km-db2014au00102-160x160.jpg 160w\" sizes=\"auto, (max-width: 150px) 100vw, 150px\" \/><\/a>\n\t\t\t<\/dt><\/dl><dl class='gallery-item'>\n\t\t\t<dt class='gallery-icon landscape'>\n\t\t\t\t<a href='https:\/\/www.drivelife.it\/news\/2014\/01\/24\/volkswagen-golf-r\/der-neue-volkswagen-golf-r-11\/'><img loading=\"lazy\" decoding=\"async\" width=\"150\" height=\"150\" src=\"https:\/\/www.drivelife.it\/news\/wp-content\/uploads\/2014\/01\/nuova-golf-r-piu-potenza-e-consumi-ridotti-fino-a-69-l-100-km-db2014au00087-150x150.jpg\" class=\"attachment-thumbnail size-thumbnail no-lazy\" alt=\"\" srcset=\"https:\/\/www.drivelife.it\/news\/wp-content\/uploads\/2014\/01\/nuova-golf-r-piu-potenza-e-consumi-ridotti-fino-a-69-l-100-km-db2014au00087-150x150.jpg 150w, https:\/\/www.drivelife.it\/news\/wp-content\/uploads\/2014\/01\/nuova-golf-r-piu-potenza-e-consumi-ridotti-fino-a-69-l-100-km-db2014au00087-160x160.jpg 160w\" sizes=\"auto, (max-width: 150px) 100vw, 150px\" \/><\/a>\n\t\t\t<\/dt><\/dl><dl class='gallery-item'>\n\t\t\t<dt class='gallery-icon landscape'>\n\t\t\t\t<a href='https:\/\/www.drivelife.it\/news\/2014\/01\/24\/volkswagen-golf-r\/nuova-golf-r-piu-potenza-e-consumi-ridotti-fino-a-69-l-100-km-db2014au00083\/'><img loading=\"lazy\" decoding=\"async\" width=\"150\" height=\"150\" src=\"https:\/\/www.drivelife.it\/news\/wp-content\/uploads\/2014\/01\/nuova-golf-r-piu-potenza-e-consumi-ridotti-fino-a-69-l-100-km-db2014au00083-150x150.jpg\" class=\"attachment-thumbnail size-thumbnail no-lazy\" alt=\"\" srcset=\"https:\/\/www.drivelife.it\/news\/wp-content\/uploads\/2014\/01\/nuova-golf-r-piu-potenza-e-consumi-ridotti-fino-a-69-l-100-km-db2014au00083-150x150.jpg 150w, https:\/\/www.drivelife.it\/news\/wp-content\/uploads\/2014\/01\/nuova-golf-r-piu-potenza-e-consumi-ridotti-fino-a-69-l-100-km-db2014au00083-160x160.jpg 160w\" sizes=\"auto, (max-width: 150px) 100vw, 150px\" \/><\/a>\n\t\t\t<\/dt><\/dl><dl class='gallery-item'>\n\t\t\t<dt class='gallery-icon landscape'>\n\t\t\t\t<a href='https:\/\/www.drivelife.it\/news\/2014\/01\/24\/volkswagen-golf-r\/der-neue-volkswagen-golf-r\/'><img loading=\"lazy\" decoding=\"async\" width=\"150\" height=\"150\" src=\"https:\/\/www.drivelife.it\/news\/wp-content\/uploads\/2014\/01\/nuova-golf-r-piu-potenza-e-consumi-ridotti-fino-a-69-l-100-km-db2014au00090-150x150.jpg\" class=\"attachment-thumbnail size-thumbnail no-lazy\" alt=\"\" srcset=\"https:\/\/www.drivelife.it\/news\/wp-content\/uploads\/2014\/01\/nuova-golf-r-piu-potenza-e-consumi-ridotti-fino-a-69-l-100-km-db2014au00090-150x150.jpg 150w, https:\/\/www.drivelife.it\/news\/wp-content\/uploads\/2014\/01\/nuova-golf-r-piu-potenza-e-consumi-ridotti-fino-a-69-l-100-km-db2014au00090-160x160.jpg 160w\" sizes=\"auto, (max-width: 150px) 100vw, 150px\" \/><\/a>\n\t\t\t<\/dt><\/dl><dl class='gallery-item'>\n\t\t\t<dt class='gallery-icon landscape'>\n\t\t\t\t<a href='https:\/\/www.drivelife.it\/news\/2014\/01\/24\/volkswagen-golf-r\/nuova-golf-r-piu-potenza-e-consumi-ridotti-fino-a-69-l-100-km-db2014au00098\/'><img loading=\"lazy\" decoding=\"async\" width=\"150\" height=\"150\" src=\"https:\/\/www.drivelife.it\/news\/wp-content\/uploads\/2014\/01\/nuova-golf-r-piu-potenza-e-consumi-ridotti-fino-a-69-l-100-km-db2014au00098-150x150.jpg\" class=\"attachment-thumbnail size-thumbnail no-lazy\" alt=\"\" srcset=\"https:\/\/www.drivelife.it\/news\/wp-content\/uploads\/2014\/01\/nuova-golf-r-piu-potenza-e-consumi-ridotti-fino-a-69-l-100-km-db2014au00098-150x150.jpg 150w, https:\/\/www.drivelife.it\/news\/wp-content\/uploads\/2014\/01\/nuova-golf-r-piu-potenza-e-consumi-ridotti-fino-a-69-l-100-km-db2014au00098-160x160.jpg 160w\" sizes=\"auto, (max-width: 150px) 100vw, 150px\" \/><\/a>\n\t\t\t<\/dt><\/dl><dl class='gallery-item'>\n\t\t\t<dt class='gallery-icon landscape'>\n\t\t\t\t<a href='https:\/\/www.drivelife.it\/news\/2014\/01\/24\/volkswagen-golf-r\/nuova-golf-r-piu-potenza-e-consumi-ridotti-fino-a-69-l-100-km-db2014au00095\/'><img loading=\"lazy\" decoding=\"async\" width=\"150\" height=\"150\" src=\"https:\/\/www.drivelife.it\/news\/wp-content\/uploads\/2014\/01\/nuova-golf-r-piu-potenza-e-consumi-ridotti-fino-a-69-l-100-km-db2014au00095-150x150.jpg\" class=\"attachment-thumbnail size-thumbnail no-lazy\" alt=\"\" srcset=\"https:\/\/www.drivelife.it\/news\/wp-content\/uploads\/2014\/01\/nuova-golf-r-piu-potenza-e-consumi-ridotti-fino-a-69-l-100-km-db2014au00095-150x150.jpg 150w, https:\/\/www.drivelife.it\/news\/wp-content\/uploads\/2014\/01\/nuova-golf-r-piu-potenza-e-consumi-ridotti-fino-a-69-l-100-km-db2014au00095-160x160.jpg 160w\" sizes=\"auto, (max-width: 150px) 100vw, 150px\" \/><\/a>\n\t\t\t<\/dt><\/dl><dl class='gallery-item'>\n\t\t\t<dt class='gallery-icon landscape'>\n\t\t\t\t<a href='https:\/\/www.drivelife.it\/news\/2014\/01\/24\/volkswagen-golf-r\/nuova-golf-r-piu-potenza-e-consumi-ridotti-fino-a-69-l-100-km-db2014au00094\/'><img loading=\"lazy\" decoding=\"async\" width=\"150\" height=\"150\" src=\"https:\/\/www.drivelife.it\/news\/wp-content\/uploads\/2014\/01\/nuova-golf-r-piu-potenza-e-consumi-ridotti-fino-a-69-l-100-km-db2014au00094-150x150.jpg\" class=\"attachment-thumbnail size-thumbnail no-lazy\" alt=\"\" srcset=\"https:\/\/www.drivelife.it\/news\/wp-content\/uploads\/2014\/01\/nuova-golf-r-piu-potenza-e-consumi-ridotti-fino-a-69-l-100-km-db2014au00094-150x150.jpg 150w, https:\/\/www.drivelife.it\/news\/wp-content\/uploads\/2014\/01\/nuova-golf-r-piu-potenza-e-consumi-ridotti-fino-a-69-l-100-km-db2014au00094-160x160.jpg 160w\" sizes=\"auto, (max-width: 150px) 100vw, 150px\" \/><\/a>\n\t\t\t<\/dt><\/dl><br style=\"clear: both\" \/><dl class='gallery-item'>\n\t\t\t<dt class='gallery-icon landscape'>\n\t\t\t\t<a href='https:\/\/www.drivelife.it\/news\/2014\/01\/24\/volkswagen-golf-r\/der-neue-volkswagen-golf-r-4\/'><img loading=\"lazy\" decoding=\"async\" width=\"150\" height=\"150\" src=\"https:\/\/www.drivelife.it\/news\/wp-content\/uploads\/2014\/01\/nuova-golf-r-piu-potenza-e-consumi-ridotti-fino-a-69-l-100-km-db2014au00093-150x150.jpg\" class=\"attachment-thumbnail size-thumbnail no-lazy\" alt=\"\" srcset=\"https:\/\/www.drivelife.it\/news\/wp-content\/uploads\/2014\/01\/nuova-golf-r-piu-potenza-e-consumi-ridotti-fino-a-69-l-100-km-db2014au00093-150x150.jpg 150w, https:\/\/www.drivelife.it\/news\/wp-content\/uploads\/2014\/01\/nuova-golf-r-piu-potenza-e-consumi-ridotti-fino-a-69-l-100-km-db2014au00093-160x160.jpg 160w\" sizes=\"auto, (max-width: 150px) 100vw, 150px\" \/><\/a>\n\t\t\t<\/dt><\/dl>\n\t\t\t<br style='clear: both' \/>\n\t\t<\/div>\n<\/p>\n<p>La Volkswagen inizia il 2014 con una delle vetture compatte pi\u00f9 sportive al mondo: la nuova Golf R. La quarta generazione della Golf pi\u00f9 prestazionale monta un motore TSI turbo benzina a iniezione diretta di nuova costruzione, con 300 CV di potenza. La nuova 4 cilindri vanta cos\u00ec 30 CV in pi\u00f9, risultando nel contempo fino al 18% pi\u00f9 parca nei consumi rispetto alla generazione precedente. Come gi\u00e0 sui tre precedenti modelli, anche qui ritroviamo la trazione integrale permanente 4Motion che impiega una frizione Haldex di quinta generazione. Contribuiscono alla dinamica della nuova Golf R telaio sportivo di nuova concezione (abbassato di 20 mm), nuovo sterzo progressivo ed ESC Sport, per la prima volta completamente disattivabile per la guida su circuito. Tra i principali equipaggiamenti disponibili a richiesta spiccano la versione perfezionata della regolazione adattiva dell\u2019assetto DCC e la selezione del profilo di guida con nuova modalit\u00e0 Race&#8230;<\/p>\n<p>&nbsp;<\/p>\n","protected":false},"excerpt":{"rendered":"<p>FEDERICO DI LERNIA La Volkswagen inizia il 2014 con una delle vetture compatte pi\u00f9 sportive al mondo: la nuova Golf R. La quarta generazione della Golf pi\u00f9 prestazionale monta un motore TSI turbo benzina a iniezione diretta di nuova costruzione, con 300 CV di potenza. La nuova 4 cilindri vanta cos\u00ec 30 CV in pi\u00f9, risultando nel contempo fino al 18% pi\u00f9 parca nei consumi rispetto alla generazione precedente. Come gi\u00e0 sui tre precedenti modelli, anche qui ritroviamo la trazione integrale permanente 4Motion che impiega una frizione Haldex di quinta generazione. Contribuiscono alla dinamica della nuova Golf R telaio sportivo di nuova&#46;&#46;&#46;<\/p>\n","protected":false},"author":1,"featured_media":3362,"comment_status":"open","ping_status":"open","sticky":false,"template":"","format":"gallery","meta":{"ngg_post_thumbnail":0,"footnotes":""},"categories":[39,52,198,54],"tags":[37,70,224,809,808],"class_list":["post-3343","post","type-post","status-publish","format-gallery","has-post-thumbnail","hentry","category-automotive","category-gallery","category-edizioni-drivelife-tv-2014","category-volkswagen","tag-drivelife","tag-gallery-2","tag-golf-r","tag-news","tag-volkswagen","post_format-post-format-gallery"],"yoast_head":"<!-- This site is optimized with the Yoast SEO plugin v27.5 - https:\/\/yoast.com\/product\/yoast-seo-wordpress\/ -->\n<title>VOLKSWAGEN GOLF &quot;R&quot; - #lucalife<\/title>\n<meta name=\"robots\" content=\"index, follow, max-snippet:-1, max-image-preview:large, max-video-preview:-1\" \/>\n<link rel=\"canonical\" href=\"https:\/\/www.drivelife.it\/news\/2014\/01\/24\/volkswagen-golf-r\/\" \/>\n<meta property=\"og:locale\" content=\"en_US\" \/>\n<meta property=\"og:type\" content=\"article\" \/>\n<meta property=\"og:title\" content=\"VOLKSWAGEN GOLF &quot;R&quot; - #lucalife\" \/>\n<meta property=\"og:description\" content=\"FEDERICO DI LERNIA La Volkswagen inizia il 2014 con una delle vetture compatte pi\u00f9 sportive al mondo: la nuova Golf R. La quarta generazione della Golf pi\u00f9 prestazionale monta un motore TSI turbo benzina a iniezione diretta di nuova costruzione, con 300 CV di potenza. La nuova 4 cilindri vanta cos\u00ec 30 CV in pi\u00f9, risultando nel contempo fino al 18% pi\u00f9 parca nei consumi rispetto alla generazione precedente. Come gi\u00e0 sui tre precedenti modelli, anche qui ritroviamo la trazione integrale permanente 4Motion che impiega una frizione Haldex di quinta generazione. Contribuiscono alla dinamica della nuova Golf R telaio sportivo di nuova&#046;&#046;&#046;\" \/>\n<meta property=\"og:url\" content=\"https:\/\/www.drivelife.it\/news\/2014\/01\/24\/volkswagen-golf-r\/\" \/>\n<meta property=\"og:site_name\" content=\"#lucalife\" \/>\n<meta property=\"article:publisher\" content=\"https:\/\/www.facebook.com\/pages\/Drivelife\/467833073239720\" \/>\n<meta property=\"article:published_time\" content=\"2014-01-24T12:10:41+00:00\" \/>\n<meta property=\"article:modified_time\" content=\"2014-04-09T10:17:39+00:00\" \/>\n<meta property=\"og:image\" content=\"https:\/\/www.drivelife.it\/news\/wp-content\/uploads\/2014\/01\/nuova-golf-r-piu-potenza-e-consumi-ridotti-fino-a-69-l-100-km-db2014au00087.jpg\" \/>\n\t<meta property=\"og:image:width\" content=\"4069\" \/>\n\t<meta property=\"og:image:height\" content=\"2713\" \/>\n\t<meta property=\"og:image:type\" content=\"image\/jpeg\" \/>\n<meta name=\"author\" content=\"Redazione\" \/>\n<meta name=\"twitter:card\" content=\"summary_large_image\" \/>\n<meta name=\"twitter:creator\" content=\"@tweetdrivelife\" \/>\n<meta name=\"twitter:site\" content=\"@tweetdrivelife\" \/>\n<meta name=\"twitter:label1\" content=\"Written by\" \/>\n\t<meta name=\"twitter:data1\" content=\"Redazione\" \/>\n\t<meta name=\"twitter:label2\" content=\"Est. reading time\" \/>\n\t<meta name=\"twitter:data2\" content=\"1 minute\" \/>\n<script type=\"application\/ld+json\" class=\"yoast-schema-graph\">{\"@context\":\"https:\\\/\\\/schema.org\",\"@graph\":[{\"@type\":\"Article\",\"@id\":\"https:\\\/\\\/www.drivelife.it\\\/news\\\/2014\\\/01\\\/24\\\/volkswagen-golf-r\\\/#article\",\"isPartOf\":{\"@id\":\"https:\\\/\\\/www.drivelife.it\\\/news\\\/2014\\\/01\\\/24\\\/volkswagen-golf-r\\\/\"},\"author\":{\"name\":\"Redazione\",\"@id\":\"https:\\\/\\\/www.drivelife.it\\\/news\\\/#\\\/schema\\\/person\\\/b6c194c3423ff451be4914f5fd9c2188\"},\"headline\":\"VOLKSWAGEN GOLF &#8220;R&#8221;\",\"datePublished\":\"2014-01-24T12:10:41+00:00\",\"dateModified\":\"2014-04-09T10:17:39+00:00\",\"mainEntityOfPage\":{\"@id\":\"https:\\\/\\\/www.drivelife.it\\\/news\\\/2014\\\/01\\\/24\\\/volkswagen-golf-r\\\/\"},\"wordCount\":156,\"commentCount\":0,\"image\":{\"@id\":\"https:\\\/\\\/www.drivelife.it\\\/news\\\/2014\\\/01\\\/24\\\/volkswagen-golf-r\\\/#primaryimage\"},\"thumbnailUrl\":\"https:\\\/\\\/www.drivelife.it\\\/news\\\/wp-content\\\/uploads\\\/2014\\\/01\\\/nuova-golf-r-piu-potenza-e-consumi-ridotti-fino-a-69-l-100-km-db2014au00087.jpg\",\"keywords\":[\"DRIVELIFE\",\"GALLERY\",\"golf r\",\"NEWS\",\"VOLKSWAGEN\"],\"articleSection\":[\"AUTOMOTIVE\",\"GALLERY AUTOMOTIVE\",\"PUNTATE DRIVELIFE TV 2014\",\"VOLKSWAGEN\"],\"inLanguage\":\"en-US\",\"potentialAction\":[{\"@type\":\"CommentAction\",\"name\":\"Comment\",\"target\":[\"https:\\\/\\\/www.drivelife.it\\\/news\\\/2014\\\/01\\\/24\\\/volkswagen-golf-r\\\/#respond\"]}]},{\"@type\":\"WebPage\",\"@id\":\"https:\\\/\\\/www.drivelife.it\\\/news\\\/2014\\\/01\\\/24\\\/volkswagen-golf-r\\\/\",\"url\":\"https:\\\/\\\/www.drivelife.it\\\/news\\\/2014\\\/01\\\/24\\\/volkswagen-golf-r\\\/\",\"name\":\"VOLKSWAGEN GOLF \\\"R\\\" - #lucalife\",\"isPartOf\":{\"@id\":\"https:\\\/\\\/www.drivelife.it\\\/news\\\/#website\"},\"primaryImageOfPage\":{\"@id\":\"https:\\\/\\\/www.drivelife.it\\\/news\\\/2014\\\/01\\\/24\\\/volkswagen-golf-r\\\/#primaryimage\"},\"image\":{\"@id\":\"https:\\\/\\\/www.drivelife.it\\\/news\\\/2014\\\/01\\\/24\\\/volkswagen-golf-r\\\/#primaryimage\"},\"thumbnailUrl\":\"https:\\\/\\\/www.drivelife.it\\\/news\\\/wp-content\\\/uploads\\\/2014\\\/01\\\/nuova-golf-r-piu-potenza-e-consumi-ridotti-fino-a-69-l-100-km-db2014au00087.jpg\",\"datePublished\":\"2014-01-24T12:10:41+00:00\",\"dateModified\":\"2014-04-09T10:17:39+00:00\",\"author\":{\"@id\":\"https:\\\/\\\/www.drivelife.it\\\/news\\\/#\\\/schema\\\/person\\\/b6c194c3423ff451be4914f5fd9c2188\"},\"breadcrumb\":{\"@id\":\"https:\\\/\\\/www.drivelife.it\\\/news\\\/2014\\\/01\\\/24\\\/volkswagen-golf-r\\\/#breadcrumb\"},\"inLanguage\":\"en-US\",\"potentialAction\":[{\"@type\":\"ReadAction\",\"target\":[\"https:\\\/\\\/www.drivelife.it\\\/news\\\/2014\\\/01\\\/24\\\/volkswagen-golf-r\\\/\"]}]},{\"@type\":\"ImageObject\",\"inLanguage\":\"en-US\",\"@id\":\"https:\\\/\\\/www.drivelife.it\\\/news\\\/2014\\\/01\\\/24\\\/volkswagen-golf-r\\\/#primaryimage\",\"url\":\"https:\\\/\\\/www.drivelife.it\\\/news\\\/wp-content\\\/uploads\\\/2014\\\/01\\\/nuova-golf-r-piu-potenza-e-consumi-ridotti-fino-a-69-l-100-km-db2014au00087.jpg\",\"contentUrl\":\"https:\\\/\\\/www.drivelife.it\\\/news\\\/wp-content\\\/uploads\\\/2014\\\/01\\\/nuova-golf-r-piu-potenza-e-consumi-ridotti-fino-a-69-l-100-km-db2014au00087.jpg\",\"width\":\"4069\",\"height\":\"2713\"},{\"@type\":\"BreadcrumbList\",\"@id\":\"https:\\\/\\\/www.drivelife.it\\\/news\\\/2014\\\/01\\\/24\\\/volkswagen-golf-r\\\/#breadcrumb\",\"itemListElement\":[{\"@type\":\"ListItem\",\"position\":1,\"name\":\"Home\",\"item\":\"https:\\\/\\\/www.drivelife.it\\\/news\\\/\"},{\"@type\":\"ListItem\",\"position\":2,\"name\":\"VOLKSWAGEN GOLF &#8220;R&#8221;\"}]},{\"@type\":\"WebSite\",\"@id\":\"https:\\\/\\\/www.drivelife.it\\\/news\\\/#website\",\"url\":\"https:\\\/\\\/www.drivelife.it\\\/news\\\/\",\"name\":\"#lucalife\",\"description\":\"DRIVELIFE le mie automobili\",\"potentialAction\":[{\"@type\":\"SearchAction\",\"target\":{\"@type\":\"EntryPoint\",\"urlTemplate\":\"https:\\\/\\\/www.drivelife.it\\\/news\\\/?s={search_term_string}\"},\"query-input\":{\"@type\":\"PropertyValueSpecification\",\"valueRequired\":true,\"valueName\":\"search_term_string\"}}],\"inLanguage\":\"en-US\"},{\"@type\":\"Person\",\"@id\":\"https:\\\/\\\/www.drivelife.it\\\/news\\\/#\\\/schema\\\/person\\\/b6c194c3423ff451be4914f5fd9c2188\",\"name\":\"Redazione\",\"image\":{\"@type\":\"ImageObject\",\"inLanguage\":\"en-US\",\"@id\":\"https:\\\/\\\/secure.gravatar.com\\\/avatar\\\/8d186f6b07ba8a94441344759f0e13bf1909b6ceaa171df0425551b4590fd558?s=96&d=mm&r=g\",\"url\":\"https:\\\/\\\/secure.gravatar.com\\\/avatar\\\/8d186f6b07ba8a94441344759f0e13bf1909b6ceaa171df0425551b4590fd558?s=96&d=mm&r=g\",\"contentUrl\":\"https:\\\/\\\/secure.gravatar.com\\\/avatar\\\/8d186f6b07ba8a94441344759f0e13bf1909b6ceaa171df0425551b4590fd558?s=96&d=mm&r=g\",\"caption\":\"Redazione\"},\"url\":\"https:\\\/\\\/www.drivelife.it\\\/news\\\/author\\\/admin\\\/\"}]}<\/script>\n<!-- \/ Yoast SEO plugin. -->","yoast_head_json":{"title":"VOLKSWAGEN GOLF \"R\" - #lucalife","robots":{"index":"index","follow":"follow","max-snippet":"max-snippet:-1","max-image-preview":"max-image-preview:large","max-video-preview":"max-video-preview:-1"},"canonical":"https:\/\/www.drivelife.it\/news\/2014\/01\/24\/volkswagen-golf-r\/","og_locale":"en_US","og_type":"article","og_title":"VOLKSWAGEN GOLF \"R\" - #lucalife","og_description":"FEDERICO DI LERNIA La Volkswagen inizia il 2014 con una delle vetture compatte pi\u00f9 sportive al mondo: la nuova Golf R. La quarta generazione della Golf pi\u00f9 prestazionale monta un motore TSI turbo benzina a iniezione diretta di nuova costruzione, con 300 CV di potenza. La nuova 4 cilindri vanta cos\u00ec 30 CV in pi\u00f9, risultando nel contempo fino al 18% pi\u00f9 parca nei consumi rispetto alla generazione precedente. Come gi\u00e0 sui tre precedenti modelli, anche qui ritroviamo la trazione integrale permanente 4Motion che impiega una frizione Haldex di quinta generazione. Contribuiscono alla dinamica della nuova Golf R telaio sportivo di nuova&#46;&#46;&#46;","og_url":"https:\/\/www.drivelife.it\/news\/2014\/01\/24\/volkswagen-golf-r\/","og_site_name":"#lucalife","article_publisher":"https:\/\/www.facebook.com\/pages\/Drivelife\/467833073239720","article_published_time":"2014-01-24T12:10:41+00:00","article_modified_time":"2014-04-09T10:17:39+00:00","og_image":[{"width":4069,"height":2713,"url":"https:\/\/www.drivelife.it\/news\/wp-content\/uploads\/2014\/01\/nuova-golf-r-piu-potenza-e-consumi-ridotti-fino-a-69-l-100-km-db2014au00087.jpg","type":"image\/jpeg"}],"author":"Redazione","twitter_card":"summary_large_image","twitter_creator":"@tweetdrivelife","twitter_site":"@tweetdrivelife","twitter_misc":{"Written by":"Redazione","Est. reading time":"1 minute"},"schema":{"@context":"https:\/\/schema.org","@graph":[{"@type":"Article","@id":"https:\/\/www.drivelife.it\/news\/2014\/01\/24\/volkswagen-golf-r\/#article","isPartOf":{"@id":"https:\/\/www.drivelife.it\/news\/2014\/01\/24\/volkswagen-golf-r\/"},"author":{"name":"Redazione","@id":"https:\/\/www.drivelife.it\/news\/#\/schema\/person\/b6c194c3423ff451be4914f5fd9c2188"},"headline":"VOLKSWAGEN GOLF &#8220;R&#8221;","datePublished":"2014-01-24T12:10:41+00:00","dateModified":"2014-04-09T10:17:39+00:00","mainEntityOfPage":{"@id":"https:\/\/www.drivelife.it\/news\/2014\/01\/24\/volkswagen-golf-r\/"},"wordCount":156,"commentCount":0,"image":{"@id":"https:\/\/www.drivelife.it\/news\/2014\/01\/24\/volkswagen-golf-r\/#primaryimage"},"thumbnailUrl":"https:\/\/www.drivelife.it\/news\/wp-content\/uploads\/2014\/01\/nuova-golf-r-piu-potenza-e-consumi-ridotti-fino-a-69-l-100-km-db2014au00087.jpg","keywords":["DRIVELIFE","GALLERY","golf r","NEWS","VOLKSWAGEN"],"articleSection":["AUTOMOTIVE","GALLERY AUTOMOTIVE","PUNTATE DRIVELIFE TV 2014","VOLKSWAGEN"],"inLanguage":"en-US","potentialAction":[{"@type":"CommentAction","name":"Comment","target":["https:\/\/www.drivelife.it\/news\/2014\/01\/24\/volkswagen-golf-r\/#respond"]}]},{"@type":"WebPage","@id":"https:\/\/www.drivelife.it\/news\/2014\/01\/24\/volkswagen-golf-r\/","url":"https:\/\/www.drivelife.it\/news\/2014\/01\/24\/volkswagen-golf-r\/","name":"VOLKSWAGEN GOLF \"R\" - #lucalife","isPartOf":{"@id":"https:\/\/www.drivelife.it\/news\/#website"},"primaryImageOfPage":{"@id":"https:\/\/www.drivelife.it\/news\/2014\/01\/24\/volkswagen-golf-r\/#primaryimage"},"image":{"@id":"https:\/\/www.drivelife.it\/news\/2014\/01\/24\/volkswagen-golf-r\/#primaryimage"},"thumbnailUrl":"https:\/\/www.drivelife.it\/news\/wp-content\/uploads\/2014\/01\/nuova-golf-r-piu-potenza-e-consumi-ridotti-fino-a-69-l-100-km-db2014au00087.jpg","datePublished":"2014-01-24T12:10:41+00:00","dateModified":"2014-04-09T10:17:39+00:00","author":{"@id":"https:\/\/www.drivelife.it\/news\/#\/schema\/person\/b6c194c3423ff451be4914f5fd9c2188"},"breadcrumb":{"@id":"https:\/\/www.drivelife.it\/news\/2014\/01\/24\/volkswagen-golf-r\/#breadcrumb"},"inLanguage":"en-US","potentialAction":[{"@type":"ReadAction","target":["https:\/\/www.drivelife.it\/news\/2014\/01\/24\/volkswagen-golf-r\/"]}]},{"@type":"ImageObject","inLanguage":"en-US","@id":"https:\/\/www.drivelife.it\/news\/2014\/01\/24\/volkswagen-golf-r\/#primaryimage","url":"https:\/\/www.drivelife.it\/news\/wp-content\/uploads\/2014\/01\/nuova-golf-r-piu-potenza-e-consumi-ridotti-fino-a-69-l-100-km-db2014au00087.jpg","contentUrl":"https:\/\/www.drivelife.it\/news\/wp-content\/uploads\/2014\/01\/nuova-golf-r-piu-potenza-e-consumi-ridotti-fino-a-69-l-100-km-db2014au00087.jpg","width":"4069","height":"2713"},{"@type":"BreadcrumbList","@id":"https:\/\/www.drivelife.it\/news\/2014\/01\/24\/volkswagen-golf-r\/#breadcrumb","itemListElement":[{"@type":"ListItem","position":1,"name":"Home","item":"https:\/\/www.drivelife.it\/news\/"},{"@type":"ListItem","position":2,"name":"VOLKSWAGEN GOLF &#8220;R&#8221;"}]},{"@type":"WebSite","@id":"https:\/\/www.drivelife.it\/news\/#website","url":"https:\/\/www.drivelife.it\/news\/","name":"#lucalife","description":"DRIVELIFE le mie automobili","potentialAction":[{"@type":"SearchAction","target":{"@type":"EntryPoint","urlTemplate":"https:\/\/www.drivelife.it\/news\/?s={search_term_string}"},"query-input":{"@type":"PropertyValueSpecification","valueRequired":true,"valueName":"search_term_string"}}],"inLanguage":"en-US"},{"@type":"Person","@id":"https:\/\/www.drivelife.it\/news\/#\/schema\/person\/b6c194c3423ff451be4914f5fd9c2188","name":"Redazione","image":{"@type":"ImageObject","inLanguage":"en-US","@id":"https:\/\/secure.gravatar.com\/avatar\/8d186f6b07ba8a94441344759f0e13bf1909b6ceaa171df0425551b4590fd558?s=96&d=mm&r=g","url":"https:\/\/secure.gravatar.com\/avatar\/8d186f6b07ba8a94441344759f0e13bf1909b6ceaa171df0425551b4590fd558?s=96&d=mm&r=g","contentUrl":"https:\/\/secure.gravatar.com\/avatar\/8d186f6b07ba8a94441344759f0e13bf1909b6ceaa171df0425551b4590fd558?s=96&d=mm&r=g","caption":"Redazione"},"url":"https:\/\/www.drivelife.it\/news\/author\/admin\/"}]}},"amp_enabled":true,"_links":{"self":[{"href":"https:\/\/www.drivelife.it\/news\/wp-json\/wp\/v2\/posts\/3343","targetHints":{"allow":["GET"]}}],"collection":[{"href":"https:\/\/www.drivelife.it\/news\/wp-json\/wp\/v2\/posts"}],"about":[{"href":"https:\/\/www.drivelife.it\/news\/wp-json\/wp\/v2\/types\/post"}],"author":[{"embeddable":true,"href":"https:\/\/www.drivelife.it\/news\/wp-json\/wp\/v2\/users\/1"}],"replies":[{"embeddable":true,"href":"https:\/\/www.drivelife.it\/news\/wp-json\/wp\/v2\/comments?post=3343"}],"version-history":[{"count":2,"href":"https:\/\/www.drivelife.it\/news\/wp-json\/wp\/v2\/posts\/3343\/revisions"}],"predecessor-version":[{"id":4277,"href":"https:\/\/www.drivelife.it\/news\/wp-json\/wp\/v2\/posts\/3343\/revisions\/4277"}],"wp:featuredmedia":[{"embeddable":true,"href":"https:\/\/www.drivelife.it\/news\/wp-json\/wp\/v2\/media\/3362"}],"wp:attachment":[{"href":"https:\/\/www.drivelife.it\/news\/wp-json\/wp\/v2\/media?parent=3343"}],"wp:term":[{"taxonomy":"category","embeddable":true,"href":"https:\/\/www.drivelife.it\/news\/wp-json\/wp\/v2\/categories?post=3343"},{"taxonomy":"post_tag","embeddable":true,"href":"https:\/\/www.drivelife.it\/news\/wp-json\/wp\/v2\/tags?post=3343"}],"curies":[{"name":"wp","href":"https:\/\/api.w.org\/{rel}","templated":true}]}}