{"id":2923,"date":"2013-05-16T12:49:03","date_gmt":"2013-05-16T12:49:03","guid":{"rendered":"http:\/\/www.drivelife.it\/news\/?p=2923"},"modified":"2013-05-16T12:55:02","modified_gmt":"2013-05-16T12:55:02","slug":"mercedes-benz-classe-s","status":"publish","type":"post","link":"https:\/\/www.drivelife.it\/news\/2013\/05\/16\/mercedes-benz-classe-s\/","title":{"rendered":"MERCEDES-BENZ CLASSE S"},"content":{"rendered":"<h2>Obiettivo: la migliore auto del mondo<\/h2>\n<p><strong>Stoccarda\/Amburgo. Concentrandosi su tre aspetti cruciali, &#8220;Intelligent Drive&#8221;, &#8220;Efficient Technology&#8221; e &#8220;Essence of Luxury&#8221;, la nuova Classe S sposta notevolmente in avanti i limiti della tecnica, dimostrando di essere la punta di diamante tecnologica non soltanto del marchio Mercedes-Benz, ma dell\u2019intero settore automotive.\u00a0<\/strong><\/p>\n<div id=\"attachment_2925\" style=\"width: 771px\" class=\"wp-caption alignnone\"><a href=\"http:\/\/www.drivelife.it\/news\/wp-content\/uploads\/2013\/05\/Nuova_Classe_S_32.jpg\"><img loading=\"lazy\" decoding=\"async\" aria-describedby=\"caption-attachment-2925\" class=\"size-large wp-image-2925\" title=\"Mercedes-Benz S 400 HYBRID (W 222) 2013\" src=\"http:\/\/www.drivelife.it\/news\/wp-content\/uploads\/2013\/05\/Nuova_Classe_S_32-761x500.jpg\" alt=\"Mercedes-Benz S 400 HYBRID (W 222) 2013\" width=\"761\" height=\"500\" srcset=\"https:\/\/www.drivelife.it\/news\/wp-content\/uploads\/2013\/05\/Nuova_Classe_S_32-761x500.jpg 761w, https:\/\/www.drivelife.it\/news\/wp-content\/uploads\/2013\/05\/Nuova_Classe_S_32-620x406.jpg 620w, https:\/\/www.drivelife.it\/news\/wp-content\/uploads\/2013\/05\/Nuova_Classe_S_32-590x387.jpg 590w, https:\/\/www.drivelife.it\/news\/wp-content\/uploads\/2013\/05\/Nuova_Classe_S_32-950x623.jpg 950w, https:\/\/www.drivelife.it\/news\/wp-content\/uploads\/2013\/05\/Nuova_Classe_S_32.jpg 1920w\" sizes=\"auto, (max-width: 761px) 100vw, 761px\" \/><\/a><p id=\"caption-attachment-2925\" class=\"wp-caption-text\">Mercedes-Benz S 400 HYBRID (W 222) 2013<\/p><\/div>\n\n\t\t<style>\n\t\t\t#gallery-1 {\n\t\t\t\tmargin: auto;\n\t\t\t}\n\t\t\t#gallery-1 .gallery-item {\n\t\t\t\tfloat: left;\n\t\t\t\tmargin-top: 10px;\n\t\t\t\ttext-align: center;\n\t\t\t\twidth: 11%;\n\t\t\t}\n\t\t\t#gallery-1 img {\n\t\t\t\tborder: 2px solid #cfcfcf;\n\t\t\t}\n\t\t\t#gallery-1 .gallery-caption {\n\t\t\t\tmargin-left: 0;\n\t\t\t}\n\t\t\t\/* see gallery_shortcode() in wp-includes\/media.php *\/\n\t\t<\/style>\n\t\t<div id='gallery-1' class='gallery galleryid-2923 gallery-columns-9 gallery-size-thumbnail'><dl class='gallery-item'>\n\t\t\t<dt class='gallery-icon landscape'>\n\t\t\t\t<a href='https:\/\/www.drivelife.it\/news\/2013\/05\/16\/mercedes-benz-classe-s\/mercedes-benz-s-350-bluetec-w222-2012-2\/'><img loading=\"lazy\" decoding=\"async\" width=\"50\" height=\"50\" src=\"https:\/\/www.drivelife.it\/news\/wp-content\/uploads\/2013\/05\/Nuova_Classe_S_5-50x50.jpg\" class=\"attachment-thumbnail size-thumbnail no-lazy\" alt=\"\" srcset=\"https:\/\/www.drivelife.it\/news\/wp-content\/uploads\/2013\/05\/Nuova_Classe_S_5-50x50.jpg 50w, https:\/\/www.drivelife.it\/news\/wp-content\/uploads\/2013\/05\/Nuova_Classe_S_5-150x150.jpg 150w, https:\/\/www.drivelife.it\/news\/wp-content\/uploads\/2013\/05\/Nuova_Classe_S_5-310x310.jpg 310w\" sizes=\"auto, (max-width: 50px) 100vw, 50px\" \/><\/a>\n\t\t\t<\/dt><\/dl><dl class='gallery-item'>\n\t\t\t<dt class='gallery-icon landscape'>\n\t\t\t\t<a href='https:\/\/www.drivelife.it\/news\/2013\/05\/16\/mercedes-benz-classe-s\/mercedes-benz-s-400-hybrid-w-222-2013-2\/'><img loading=\"lazy\" decoding=\"async\" width=\"50\" height=\"50\" src=\"https:\/\/www.drivelife.it\/news\/wp-content\/uploads\/2013\/05\/Nuova_Classe_S_32-50x50.jpg\" class=\"attachment-thumbnail size-thumbnail no-lazy\" alt=\"Mercedes-Benz S 400 HYBRID (W 222) 2013\" aria-describedby=\"gallery-1-2925\" srcset=\"https:\/\/www.drivelife.it\/news\/wp-content\/uploads\/2013\/05\/Nuova_Classe_S_32-50x50.jpg 50w, https:\/\/www.drivelife.it\/news\/wp-content\/uploads\/2013\/05\/Nuova_Classe_S_32-150x150.jpg 150w, https:\/\/www.drivelife.it\/news\/wp-content\/uploads\/2013\/05\/Nuova_Classe_S_32-310x310.jpg 310w\" sizes=\"auto, (max-width: 50px) 100vw, 50px\" \/><\/a>\n\t\t\t<\/dt>\n\t\t\t\t<dd class='wp-caption-text gallery-caption' id='gallery-1-2925'>\n\t\t\t\tMercedes-Benz S 400 HYBRID (W 222) 2013\n\t\t\t\t<\/dd><\/dl><dl class='gallery-item'>\n\t\t\t<dt class='gallery-icon landscape'>\n\t\t\t\t<a href='https:\/\/www.drivelife.it\/news\/2013\/05\/16\/mercedes-benz-classe-s\/mercedes-benz-s-350-bluetec-w222-2012\/'><img loading=\"lazy\" decoding=\"async\" width=\"50\" height=\"50\" src=\"https:\/\/www.drivelife.it\/news\/wp-content\/uploads\/2013\/05\/Nuova_Classe_S_6-50x50.jpg\" class=\"attachment-thumbnail size-thumbnail no-lazy\" alt=\"\" srcset=\"https:\/\/www.drivelife.it\/news\/wp-content\/uploads\/2013\/05\/Nuova_Classe_S_6-50x50.jpg 50w, https:\/\/www.drivelife.it\/news\/wp-content\/uploads\/2013\/05\/Nuova_Classe_S_6-150x150.jpg 150w, https:\/\/www.drivelife.it\/news\/wp-content\/uploads\/2013\/05\/Nuova_Classe_S_6-310x310.jpg 310w\" sizes=\"auto, (max-width: 50px) 100vw, 50px\" \/><\/a>\n\t\t\t<\/dt><\/dl><dl class='gallery-item'>\n\t\t\t<dt class='gallery-icon landscape'>\n\t\t\t\t<a href='https:\/\/www.drivelife.it\/news\/2013\/05\/16\/mercedes-benz-classe-s\/mercedes-benz-s-400-hybrid-w-222-2013-3\/'><img loading=\"lazy\" decoding=\"async\" width=\"50\" height=\"50\" src=\"https:\/\/www.drivelife.it\/news\/wp-content\/uploads\/2013\/05\/Nuova_Classe_S_31-50x50.jpg\" class=\"attachment-thumbnail size-thumbnail no-lazy\" alt=\"\" srcset=\"https:\/\/www.drivelife.it\/news\/wp-content\/uploads\/2013\/05\/Nuova_Classe_S_31-50x50.jpg 50w, https:\/\/www.drivelife.it\/news\/wp-content\/uploads\/2013\/05\/Nuova_Classe_S_31-150x150.jpg 150w, https:\/\/www.drivelife.it\/news\/wp-content\/uploads\/2013\/05\/Nuova_Classe_S_31-310x310.jpg 310w\" sizes=\"auto, (max-width: 50px) 100vw, 50px\" \/><\/a>\n\t\t\t<\/dt><\/dl><dl class='gallery-item'>\n\t\t\t<dt class='gallery-icon landscape'>\n\t\t\t\t<a href='https:\/\/www.drivelife.it\/news\/2013\/05\/16\/mercedes-benz-classe-s\/mercedes-benz-s-400-hybrid-w-222-2013-8\/'><img loading=\"lazy\" decoding=\"async\" width=\"50\" height=\"50\" src=\"https:\/\/www.drivelife.it\/news\/wp-content\/uploads\/2013\/05\/Nuova_Classe_S_25-50x50.jpg\" class=\"attachment-thumbnail size-thumbnail no-lazy\" alt=\"\" srcset=\"https:\/\/www.drivelife.it\/news\/wp-content\/uploads\/2013\/05\/Nuova_Classe_S_25-50x50.jpg 50w, https:\/\/www.drivelife.it\/news\/wp-content\/uploads\/2013\/05\/Nuova_Classe_S_25-150x150.jpg 150w, https:\/\/www.drivelife.it\/news\/wp-content\/uploads\/2013\/05\/Nuova_Classe_S_25-310x310.jpg 310w\" sizes=\"auto, (max-width: 50px) 100vw, 50px\" \/><\/a>\n\t\t\t<\/dt><\/dl><dl class='gallery-item'>\n\t\t\t<dt class='gallery-icon landscape'>\n\t\t\t\t<a href='https:\/\/www.drivelife.it\/news\/2013\/05\/16\/mercedes-benz-classe-s\/mercedes-benz-s-350-bluetec-w-222-2013-3\/'><img loading=\"lazy\" decoding=\"async\" width=\"50\" height=\"50\" src=\"https:\/\/www.drivelife.it\/news\/wp-content\/uploads\/2013\/05\/Nuova_Classe_S_19-50x50.jpg\" class=\"attachment-thumbnail size-thumbnail no-lazy\" alt=\"\" srcset=\"https:\/\/www.drivelife.it\/news\/wp-content\/uploads\/2013\/05\/Nuova_Classe_S_19-50x50.jpg 50w, https:\/\/www.drivelife.it\/news\/wp-content\/uploads\/2013\/05\/Nuova_Classe_S_19-150x150.jpg 150w, https:\/\/www.drivelife.it\/news\/wp-content\/uploads\/2013\/05\/Nuova_Classe_S_19-310x310.jpg 310w\" sizes=\"auto, (max-width: 50px) 100vw, 50px\" \/><\/a>\n\t\t\t<\/dt><\/dl><dl class='gallery-item'>\n\t\t\t<dt class='gallery-icon landscape'>\n\t\t\t\t<a href='https:\/\/www.drivelife.it\/news\/2013\/05\/16\/mercedes-benz-classe-s\/mercedes-benz-s-400-hybrid-w-222-2013-6\/'><img loading=\"lazy\" decoding=\"async\" width=\"50\" height=\"50\" src=\"https:\/\/www.drivelife.it\/news\/wp-content\/uploads\/2013\/05\/Nuova_Classe_S_27-50x50.jpg\" class=\"attachment-thumbnail size-thumbnail no-lazy\" alt=\"\" srcset=\"https:\/\/www.drivelife.it\/news\/wp-content\/uploads\/2013\/05\/Nuova_Classe_S_27-50x50.jpg 50w, https:\/\/www.drivelife.it\/news\/wp-content\/uploads\/2013\/05\/Nuova_Classe_S_27-150x150.jpg 150w, https:\/\/www.drivelife.it\/news\/wp-content\/uploads\/2013\/05\/Nuova_Classe_S_27-310x310.jpg 310w\" sizes=\"auto, (max-width: 50px) 100vw, 50px\" \/><\/a>\n\t\t\t<\/dt><\/dl><dl class='gallery-item'>\n\t\t\t<dt class='gallery-icon landscape'>\n\t\t\t\t<a href='https:\/\/www.drivelife.it\/news\/2013\/05\/16\/mercedes-benz-classe-s\/mercedes-benz-s-400-hybrid-w-222-2013-4\/'><img loading=\"lazy\" decoding=\"async\" width=\"50\" height=\"50\" src=\"https:\/\/www.drivelife.it\/news\/wp-content\/uploads\/2013\/05\/Nuova_Classe_S_30-50x50.jpg\" class=\"attachment-thumbnail size-thumbnail no-lazy\" alt=\"\" srcset=\"https:\/\/www.drivelife.it\/news\/wp-content\/uploads\/2013\/05\/Nuova_Classe_S_30-50x50.jpg 50w, https:\/\/www.drivelife.it\/news\/wp-content\/uploads\/2013\/05\/Nuova_Classe_S_30-150x150.jpg 150w, https:\/\/www.drivelife.it\/news\/wp-content\/uploads\/2013\/05\/Nuova_Classe_S_30-310x310.jpg 310w\" sizes=\"auto, (max-width: 50px) 100vw, 50px\" \/><\/a>\n\t\t\t<\/dt><\/dl><dl class='gallery-item'>\n\t\t\t<dt class='gallery-icon landscape'>\n\t\t\t\t<a href='https:\/\/www.drivelife.it\/news\/2013\/05\/16\/mercedes-benz-classe-s\/mercedes-benz-s-400-hybrid-w-222-2013-5\/'><img loading=\"lazy\" decoding=\"async\" width=\"50\" height=\"50\" src=\"https:\/\/www.drivelife.it\/news\/wp-content\/uploads\/2013\/05\/Nuova_Classe_S_28-50x50.jpg\" class=\"attachment-thumbnail size-thumbnail no-lazy\" alt=\"\" srcset=\"https:\/\/www.drivelife.it\/news\/wp-content\/uploads\/2013\/05\/Nuova_Classe_S_28-50x50.jpg 50w, https:\/\/www.drivelife.it\/news\/wp-content\/uploads\/2013\/05\/Nuova_Classe_S_28-150x150.jpg 150w, https:\/\/www.drivelife.it\/news\/wp-content\/uploads\/2013\/05\/Nuova_Classe_S_28-310x310.jpg 310w\" sizes=\"auto, (max-width: 50px) 100vw, 50px\" \/><\/a>\n\t\t\t<\/dt><\/dl><br style=\"clear: both\" \/><dl class='gallery-item'>\n\t\t\t<dt class='gallery-icon landscape'>\n\t\t\t\t<a href='https:\/\/www.drivelife.it\/news\/2013\/05\/16\/mercedes-benz-classe-s\/mercedes-benz-s-400-hybrid-w-222-2013\/'><img loading=\"lazy\" decoding=\"async\" width=\"50\" height=\"50\" src=\"https:\/\/www.drivelife.it\/news\/wp-content\/uploads\/2013\/05\/Nuova_Classe_S_33-50x50.jpg\" class=\"attachment-thumbnail size-thumbnail no-lazy\" alt=\"Mercedes-Benz S 400 HYBRID (W 222) 2013\" aria-describedby=\"gallery-1-2924\" srcset=\"https:\/\/www.drivelife.it\/news\/wp-content\/uploads\/2013\/05\/Nuova_Classe_S_33-50x50.jpg 50w, https:\/\/www.drivelife.it\/news\/wp-content\/uploads\/2013\/05\/Nuova_Classe_S_33-150x150.jpg 150w, https:\/\/www.drivelife.it\/news\/wp-content\/uploads\/2013\/05\/Nuova_Classe_S_33-310x310.jpg 310w\" sizes=\"auto, (max-width: 50px) 100vw, 50px\" \/><\/a>\n\t\t\t<\/dt>\n\t\t\t\t<dd class='wp-caption-text gallery-caption' id='gallery-1-2924'>\n\t\t\t\tMercedes-Benz S 400 HYBRID (W 222) 2013\n\t\t\t\t<\/dd><\/dl><dl class='gallery-item'>\n\t\t\t<dt class='gallery-icon landscape'>\n\t\t\t\t<a href='https:\/\/www.drivelife.it\/news\/2013\/05\/16\/mercedes-benz-classe-s\/mercedes-benz-s-400-hybrid-w-222-2013-7\/'><img loading=\"lazy\" decoding=\"async\" width=\"50\" height=\"50\" src=\"https:\/\/www.drivelife.it\/news\/wp-content\/uploads\/2013\/05\/Nuova_Classe_S_26-50x50.jpg\" class=\"attachment-thumbnail size-thumbnail no-lazy\" alt=\"\" srcset=\"https:\/\/www.drivelife.it\/news\/wp-content\/uploads\/2013\/05\/Nuova_Classe_S_26-50x50.jpg 50w, https:\/\/www.drivelife.it\/news\/wp-content\/uploads\/2013\/05\/Nuova_Classe_S_26-150x150.jpg 150w, https:\/\/www.drivelife.it\/news\/wp-content\/uploads\/2013\/05\/Nuova_Classe_S_26-310x310.jpg 310w\" sizes=\"auto, (max-width: 50px) 100vw, 50px\" \/><\/a>\n\t\t\t<\/dt><\/dl><dl class='gallery-item'>\n\t\t\t<dt class='gallery-icon landscape'>\n\t\t\t\t<a href='https:\/\/www.drivelife.it\/news\/2013\/05\/16\/mercedes-benz-classe-s\/mercedes-benz-s-350-bluetec-w-222-2013-2\/'><img loading=\"lazy\" decoding=\"async\" width=\"50\" height=\"50\" src=\"https:\/\/www.drivelife.it\/news\/wp-content\/uploads\/2013\/05\/Nuova_Classe_S_20-50x50.jpg\" class=\"attachment-thumbnail size-thumbnail no-lazy\" alt=\"\" srcset=\"https:\/\/www.drivelife.it\/news\/wp-content\/uploads\/2013\/05\/Nuova_Classe_S_20-50x50.jpg 50w, https:\/\/www.drivelife.it\/news\/wp-content\/uploads\/2013\/05\/Nuova_Classe_S_20-150x150.jpg 150w, https:\/\/www.drivelife.it\/news\/wp-content\/uploads\/2013\/05\/Nuova_Classe_S_20-310x310.jpg 310w\" sizes=\"auto, (max-width: 50px) 100vw, 50px\" \/><\/a>\n\t\t\t<\/dt><\/dl><dl class='gallery-item'>\n\t\t\t<dt class='gallery-icon landscape'>\n\t\t\t\t<a href='https:\/\/www.drivelife.it\/news\/2013\/05\/16\/mercedes-benz-classe-s\/mercedes-benz-s-400-hybrid-w-222-2013-9\/'><img loading=\"lazy\" decoding=\"async\" width=\"50\" height=\"50\" src=\"https:\/\/www.drivelife.it\/news\/wp-content\/uploads\/2013\/05\/Nuova_Classe_S_24-50x50.jpg\" class=\"attachment-thumbnail size-thumbnail no-lazy\" alt=\"\" srcset=\"https:\/\/www.drivelife.it\/news\/wp-content\/uploads\/2013\/05\/Nuova_Classe_S_24-50x50.jpg 50w, https:\/\/www.drivelife.it\/news\/wp-content\/uploads\/2013\/05\/Nuova_Classe_S_24-150x150.jpg 150w, https:\/\/www.drivelife.it\/news\/wp-content\/uploads\/2013\/05\/Nuova_Classe_S_24-310x310.jpg 310w\" sizes=\"auto, (max-width: 50px) 100vw, 50px\" \/><\/a>\n\t\t\t<\/dt><\/dl><dl class='gallery-item'>\n\t\t\t<dt class='gallery-icon landscape'>\n\t\t\t\t<a href='https:\/\/www.drivelife.it\/news\/2013\/05\/16\/mercedes-benz-classe-s\/mercedes-benz-s-400-hybrid-w-222-2013-10\/'><img loading=\"lazy\" decoding=\"async\" width=\"50\" height=\"50\" src=\"https:\/\/www.drivelife.it\/news\/wp-content\/uploads\/2013\/05\/Nuova_Classe_S_23-50x50.jpg\" class=\"attachment-thumbnail size-thumbnail no-lazy\" alt=\"\" srcset=\"https:\/\/www.drivelife.it\/news\/wp-content\/uploads\/2013\/05\/Nuova_Classe_S_23-50x50.jpg 50w, https:\/\/www.drivelife.it\/news\/wp-content\/uploads\/2013\/05\/Nuova_Classe_S_23-150x150.jpg 150w, https:\/\/www.drivelife.it\/news\/wp-content\/uploads\/2013\/05\/Nuova_Classe_S_23-310x310.jpg 310w\" sizes=\"auto, (max-width: 50px) 100vw, 50px\" \/><\/a>\n\t\t\t<\/dt><\/dl><dl class='gallery-item'>\n\t\t\t<dt class='gallery-icon landscape'>\n\t\t\t\t<a href='https:\/\/www.drivelife.it\/news\/2013\/05\/16\/mercedes-benz-classe-s\/mercedes-benz-s-400-hybrid-w-222-2013-11\/'><img loading=\"lazy\" decoding=\"async\" width=\"50\" height=\"50\" src=\"https:\/\/www.drivelife.it\/news\/wp-content\/uploads\/2013\/05\/Nuova_Classe_S_22-50x50.jpg\" class=\"attachment-thumbnail size-thumbnail no-lazy\" alt=\"\" srcset=\"https:\/\/www.drivelife.it\/news\/wp-content\/uploads\/2013\/05\/Nuova_Classe_S_22-50x50.jpg 50w, https:\/\/www.drivelife.it\/news\/wp-content\/uploads\/2013\/05\/Nuova_Classe_S_22-150x150.jpg 150w, https:\/\/www.drivelife.it\/news\/wp-content\/uploads\/2013\/05\/Nuova_Classe_S_22-310x310.jpg 310w\" sizes=\"auto, (max-width: 50px) 100vw, 50px\" \/><\/a>\n\t\t\t<\/dt><\/dl><dl class='gallery-item'>\n\t\t\t<dt class='gallery-icon landscape'>\n\t\t\t\t<a href='https:\/\/www.drivelife.it\/news\/2013\/05\/16\/mercedes-benz-classe-s\/mercedes-benz-s-350-bluetec-w-222-2013\/'><img loading=\"lazy\" decoding=\"async\" width=\"50\" height=\"50\" src=\"https:\/\/www.drivelife.it\/news\/wp-content\/uploads\/2013\/05\/Nuova_Classe_S_21-50x50.jpg\" class=\"attachment-thumbnail size-thumbnail no-lazy\" alt=\"\" srcset=\"https:\/\/www.drivelife.it\/news\/wp-content\/uploads\/2013\/05\/Nuova_Classe_S_21-50x50.jpg 50w, https:\/\/www.drivelife.it\/news\/wp-content\/uploads\/2013\/05\/Nuova_Classe_S_21-150x150.jpg 150w, https:\/\/www.drivelife.it\/news\/wp-content\/uploads\/2013\/05\/Nuova_Classe_S_21-310x310.jpg 310w\" sizes=\"auto, (max-width: 50px) 100vw, 50px\" \/><\/a>\n\t\t\t<\/dt><\/dl>\n\t\t\t<br style='clear: both' \/>\n\t\t<\/div>\n\n<p><!--more--><\/p>\n<p>Come per le generazioni che l&#8217;hanno preceduta, anche dalla nuova Classe S i Clienti si aspettano che ridefinisca i parametri di riferimento nel segmento e continui ad interpretare con stile il ruolo di &#8220;migliore automobile del mondo&#8221;. Il Dr.\u00a0Dieter Zetsche, Presidente del Consiglio Direttivo di Daimler AG e Responsabile di Mercedes-Benz Cars, ha affermato:<\/p>\n<p>\u00abIl nostro obiettivo non era scegliere tra sicurezza oppure estetica, potenza oppure efficienza, comfort oppure dinamica. La nostra ambizione era al contrario ottenere &#8220;the best or nothing&#8221; sotto ogni aspetto. Nessun&#8217;altra automobile incarna la promessa del marchio Mercedes-Benz come la Classe S.\u00bb<\/p>\n<p>Dalla perfezione fin nei minimi dettagli nasce &#8220;<strong>The Essence of Luxury<\/strong>&#8220;. L\u2019aspirazione a raggiungere questa perfezione si fa palpabile, ad esempio, negli interni. Sedili o climatizzatore, comandi o design, Infotainment o comfort e sicurezza nel vano posteriore, ovunque si respira l&#8217;impegno profuso dagli ingegneri per realizzare meticolosamente e con un impatto estetico di massimo prestigio le loro nuove idee, con l&#8217;obiettivo di ottenere il meglio dal modello di punta Mercedes-Benz, e da se stessi.<\/p>\n<p>La sicurezza non fa eccezione. Ci\u00f2 che era stato iniziato con il PRE-SAFE<sup>\u00ae<\/sup> ed \u00e8 proseguito con il DISTRONIC PLUS confluisce oggi in una nuova dimensione della guida: comfort e sicurezza creano un connubio che in Mercedes-Benz prende il nome di &#8220;<strong>Intelligent Drive<\/strong>&#8220;. Una serie di nuovi sistemi rende la nuova Classe S ancora pi\u00f9 confortevole e sicura.<\/p>\n<p>Pare quasi un&#8217;utopia l&#8217;efficienza che la Classe S dimostra su strada: applicando la &#8220;<strong>Efficient Technology<\/strong>&#8220;, nell&#8217;arco di dieci anni Mercedes-Benz ha, per esempio, quasi dimezzato i consumi nella classe di potenza dei 150 kW, portandoli a 4,4 litri ogni 100 km. Il coefficiente di resistenza aerodinamica della Classe S \u00e8 stato nettamente migliorato rispetto al modello precedente e fissa con un Cx di 0,24 il nuovo valore di riferimento del segmento. L&#8217;aerodinamica della S 300 BlueTEC HYBRID sar\u00e0 ancora pi\u00f9 curata nei dettagli, tanto da consentire a questa versione di limare ulteriormente il Cx, portandolo ad un valore record di 0,23. La nuova Classe S \u00e8 per\u00f2 anche la prima automobile al mondo a fare completamente a meno delle lampadine a incandescenza: per lei soltanto LED. Anche questo aspetto dimostra quanto questa vettura \u00e8 proiettata verso il futuro.<\/p>\n<h2 style=\"padding-left: 30px;\"><strong>Il design: status moderno e forme sensuali<\/strong><\/h2>\n<p>In tutto il mondo anche un bambino riconosce a prima vista una MercedesBenz. Il tipico volto Mercedes si snoda come un filo rosso lungo l&#8217;intera storia del marchio. \u00abLe caratteristiche che definiscono lo stile del frontale, in particolare nel caso della Classe S, sono tanto semplici quanto complesse\u00bb, afferma il capo design Gorden Wagener, \u00abun carattere forte e inconfondibile, che non segue mode temporanee, ma al contrario \u00e8 consapevole delle proprie qualit\u00e0 e comunica il proprio status. Dinamico ma non aggressivo, esigente ma non legato alla moda\u00bb.<\/p>\n<p>Per sottolineare la superiorit\u00e0 e l&#8217;ambizione alla leadership della nuova Classe S, la mascherina del radiatore ha aumentato le proprie dimensioni e si staglia in verticale con un accentuato design tridimensionale. Il cofano motore lungo, la linea filante e cupoliforme del tetto e la coda lievemente digradante conferiscono alla nuova Classe S le classiche proporzioni di una berlina.<br \/>\nLa ricerca di dimensioni importanti e di un&#8217;ampia spaziosit\u00e0 interna si \u00e8 volutamente concretizzata in una vettura che si pu\u00f2 certamente definire &#8220;di\u00a0rappresentanza&#8221;. La linea slanciata del tetto in stile coup\u00e9 tiene per\u00f2 conto anche dell&#8217;ambizione sportiva della nuova Classe S.<\/p>\n<p>La &#8220;dropping line&#8221; tipica del marchio, ossia la linea caratteristica che dalla parte anteriore discende gradualmente verso quella posteriore, definisce con eleganza la struttura delle fiancate, enfatizzando il dinamismo anche nella staticit\u00e0. L&#8217;alternanza di superfici concave e convesse finemente cesellate lungo l&#8217;intera fiancata d\u00e0 grande slancio e vigore al corpo della vettura, capace di esprimere tensione e scioltezza al tempo stesso. Le spalle pronunciate sul retrotreno sottolineano in modo particolare il carattere atletico di quest&#8217;auto.<\/p>\n<p>Le superfici e le linee continue della fiancata della nuova Classe S disegnano una rientranza carica di tensione alla confluenza con la coda. La forma leggermente discendente non \u00e8 soltanto un omaggio all&#8217;eleganza, ma anche un vantaggio in termini aerodinamici. Le linee orizzontali, che dal cofano del bagagliaio si estendono fino al paraurti, sottolineano la larghezza della vettura nella vista posteriore. L&#8217;impronta tipica dei designer Mercedes-Benz si ritrova anche nel lunotto, che lambisce il montante posteriore. Il vetro arrotondato nella parte alta imprime un carattere coup\u00e9 alla vettura. Il coronamento finale \u00e8 rappresentato dai nuovi gruppi ottici posteriori: completamente incastonati nel corpo della vettura, si fondono nell&#8217;insieme pur nella loro totale indipendenza. Disegnati con grande cura anche nei loro dettagli interni, esprimono l&#8217;ambizione di un design superiore.<\/p>\n<h2 style=\"padding-left: 30px;\"><strong>Tecnologia LED: la prima auto completamente priva di lampade a incandescenza<\/strong><\/h2>\n<p>Circa 100 anni dopo l\u2019introduzione dell\u2019illuminazione elettrica sulle vetture, Mercedes-Benz passa ora completamente alla tecnologia a LED: la nuova Classe S \u00e8 la prima vettura di serie al mondo completamente priva di lampade ad incandescenza negli interni come negli esterni. Mercedes-Benz consolida cos\u00ec ulteriormente il suo ruolo di precursore nel settore luci. Una premi\u00e8re mondiale \u00e8 rappresentata anche da un sistema di attenuazione dell\u2019intensit\u00e0 luminosa rispettoso degli utenti della strada che seguono, il quale, di notte o durante la sosta al semaforo, riduce la luminosit\u00e0 delle luci di stop. Quasi 500 LED si fanno carico di illuminare strada, vettura, abitacolo e bagagliaio.<\/p>\n<p>Ecco in dettaglio i diodi luminosi di cui la vettura pu\u00f2 disporre in funzione dell&#8217;equipaggiamento:<\/p>\n<ul>\n<li><\/li>\n<li>Gruppo ottico anteriore: fino a 56 LED<\/li>\n<li>Gruppo ottico posteriore: 35 LED (pi\u00f9 altri 4 per il retronebbia)<\/li>\n<li>Abitacolo (incluse le luci soffuse \u00abambient\u00bb): circa 300 LED.<\/li>\n<\/ul>\n<p>A una maggiore visibilit\u00e0 provvedono due sistemi di assistenza alla guida decisamente perfezionati: il sistema di assistenza abbaglianti adattivi Plus (di serie per passo lungo, MAXIMUM passo corto e 500 PREMIUM passo corto) e il sistema di visione notturna Nightview Plus (di serie per MAXIMUM, a richiesta per PREMIUM). Grazie alla nuova telecamera stereoscopica e ai sensori radar multimodali, la Classe S gode di una visuale a 360\u00b0 e riconosce meglio i pericoli potenziali nel traffico stradale.<\/p>\n<h2 style=\"padding-left: 30px;\"><strong>Trazione: efficienza al top in ogni classe di potenza<\/strong><\/h2>\n<p>Con i modelli S 400 HYBRID, S 500, S 350 BlueTEC e S 300 BlueTEC HYBRID sar\u00e0 possibile scegliere nel primo anno di vita della nuova Classe S fra due versioni ibride, una a benzina e una diesel. Tutti i modelli sono campioni di efficienza nelle rispettive categorie. I consumi sono stati infatti ridotti anche del 20% rispetto al modello precedente. Tutti i motori sono conformi gi\u00e0 oggi ai valori limite della norma antinquinamento Euro 6. La S 400 HYBRID e la S 350 BlueTEC soddisfano inoltre i severi requisiti della classe di efficienza A, mentre la S 300 BlueTEC HYBRID rientra addirittura nella classe A+.<\/p>\n<p>\u00abLa nuova Classe S raggiunge valori di consumo e di emissioni che alcuni anni fa parevano un&#8217;utopia persino per il segmento medio superiore\u00bb, afferma il Professor Dr. Thomas Weber, membro del Consiglio direttivo Daimler, responsabile della Divisione Ricerca del Gruppo e responsabile Sviluppo di Mercedes-Benz Cars. \u00abE questo \u00e8 solo l&#8217;inizio della nostra offensiva &#8216;Green Leadership&#8217;: presto arriver\u00e0 con la S 500 Plug-In HYBRID la prima Classe S con un consumo dell&#8217;ordine di tre litri\u00bb. La gamma di modelli della Classe S abbraccer\u00e0 quindi per la prima volta l&#8217;intero spettro dei sistemi di propulsione: dai modelli a benzina e diesel agli ibridi a benzina, diesel e plug-in.<\/p>\n<h2 style=\"padding-left: 30px;\">I dati dei modelli in sintesi.<\/h2>\n<table cellspacing=\"0\" cellpadding=\"0\">\n<tbody>\n<tr>\n<td valign=\"top\"><strong>Modello<\/strong><\/td>\n<td valign=\"top\"><strong>S 400 HYBRID<\/strong><\/td>\n<td valign=\"top\"><strong>S 500<\/strong><\/td>\n<td valign=\"top\"><strong>S 350 BlueTEC<\/strong><\/td>\n<td valign=\"top\"><strong>S 300 BlueTEC HYBRID<\/strong><\/td>\n<\/tr>\n<tr>\n<td valign=\"top\">Numero\/disposizione cilindri<\/td>\n<td valign=\"top\">6\/V<\/td>\n<td valign=\"top\">8\/V<\/td>\n<td valign=\"top\">6\/V<\/td>\n<td valign=\"top\">4\/in linea<\/td>\n<\/tr>\n<tr>\n<td valign=\"top\">Cilindrata (cm<sup>3<\/sup>)<\/td>\n<td valign=\"top\">3498<\/td>\n<td valign=\"top\">4663<\/td>\n<td valign=\"top\">2987<\/td>\n<td valign=\"top\">2143<\/td>\n<\/tr>\n<tr>\n<td valign=\"top\">Potenza nominale (kW\/CV)<\/td>\n<td valign=\"top\">225\/306 a 6500 giri\/min<\/td>\n<td valign=\"top\">335\/455 a 5250 giri\/min<\/td>\n<td valign=\"top\">190\/258 a 3600 giri\/min<\/td>\n<td valign=\"top\">150\/204 a 4200 giri\/min<\/td>\n<\/tr>\n<tr>\n<td valign=\"top\">Potenza nominale motore elettrico (kW)<\/td>\n<td valign=\"top\">20<\/td>\n<td valign=\"top\">&#8211;<\/td>\n<td valign=\"top\">&#8211;<\/td>\n<td valign=\"top\">20<\/td>\n<\/tr>\n<tr>\n<td valign=\"top\">Coppia nominale (Nm)<\/td>\n<td valign=\"top\">370 a 3500-5250 giri\/min<\/td>\n<td valign=\"top\">700 a 1800-3500 giri\/min<\/td>\n<td valign=\"top\">620 a 1600-2400 giri\/min<\/td>\n<td valign=\"top\">500 a 1600-1800 giri\/min<\/td>\n<\/tr>\n<tr>\n<td valign=\"top\">Coppia nominale motore elettrico (Nm)<\/td>\n<td valign=\"top\">250<\/td>\n<td valign=\"top\">&#8211;<\/td>\n<td valign=\"top\">&#8211;<\/td>\n<td valign=\"top\">250<\/td>\n<\/tr>\n<tr>\n<td valign=\"top\">Consumo di carburante ciclo combinato (l\/100 km)<\/td>\n<td valign=\"top\">6,3 S<\/td>\n<td valign=\"top\">8,6 S<\/td>\n<td valign=\"top\">5,5\/5,6<sup>1<\/sup> D<\/td>\n<td valign=\"top\">4,4 D<\/td>\n<\/tr>\n<tr>\n<td valign=\"top\">Emissioni di CO<sub>2 <\/sub>ciclo combinato (g\/km)<\/td>\n<td valign=\"top\">147<\/td>\n<td valign=\"top\">199<\/td>\n<td valign=\"top\">146\/148<sup>1<\/sup><\/td>\n<td valign=\"top\">115<\/td>\n<\/tr>\n<tr>\n<td valign=\"top\">Classe di efficienza<\/td>\n<td valign=\"top\">A<\/td>\n<td valign=\"top\">D<\/td>\n<td valign=\"top\">A<\/td>\n<td valign=\"top\">A+<\/td>\n<\/tr>\n<tr>\n<td valign=\"top\">Accelerazione 0-100 km\/h (s)<\/td>\n<td valign=\"top\">6,8<\/td>\n<td valign=\"top\">4,8<\/td>\n<td valign=\"top\">6,8<\/td>\n<td valign=\"top\">7,6<\/td>\n<\/tr>\n<tr>\n<td valign=\"top\">Velocit\u00e0 massima (km\/h)<\/td>\n<td valign=\"top\">250<\/td>\n<td valign=\"top\">250<\/td>\n<td valign=\"top\">250<\/td>\n<td valign=\"top\">240<\/td>\n<\/tr>\n<\/tbody>\n<\/table>\n<p><sup>1 <\/sup>Dati riferiti a W222\/V222 (passo corto\/lungo)<\/p>\n<h2 style=\"padding-left: 30px;\"><strong>Assetto: il primo autotelaio al mondo con il dono della vista<\/strong><\/h2>\n<p>La nuova Classe S \u00e8 la prima automobile al mondo capace di individuare in anticipo le asperit\u00e0 del fondo stradale. Quando il ROAD SURFACE SCAN registra con l&#8217;ausilio della telecamera stereoscopica un manto stradale irregolare, il MAGIC BODY CONTROL regola istantaneamente l&#8217;assetto, adeguandolo alla nuova situazione. Questo innovativo sistema di sospensioni \u00e8 disponibile a richiesta per i modelli a otto cilindri. La dotazione di serie della nuova Classe S prevede invece il sistema di sospensioni attive ADS PLUS a regolazione continua e le sospensioni pneumatiche integrali AIRMATIC in versione evoluta.<\/p>\n<h2 style=\"padding-left: 30px;\"><strong>Gli interni: spazio e sobriet\u00e0 estetica<\/strong><\/h2>\n<p>Con la sua chiara architettura, il design degli interni della nuova Classe S incarna lo spirito di una berlina classica, superiore e al tempo stesso molto moderna. Lo spazio \u00e8 modellato da forme morbide ed eleganti che parlano ai sensi con uno stile originale. Elementi e linee orizzontali creano nell&#8217;abitacolo un ambiente che si distingue per la spaziosit\u00e0 percepita visivamente e la sobriet\u00e0 estetica. Prestigio ed eleganza si accordano alla chiarezza e funzionalit\u00e0 delle forme. Il design degli interni della Classe S declina infatti ai massimi livelli il comfort in tutte le sue espressioni: comfort di marcia, comfort interno e comfort di comando.<\/p>\n<p>Il perfetto abbinamento di materiali e colori crea negli interni un insieme armonioso di taglio esclusivo. Gli inserti in legno trovano generoso impiego soprattutto nella plancia portastrumenti e nella consolle centrale. Sono elementi di particolare pregio le superfici metallizzate degli interruttori, per le quali sono previste tre diverse tonalit\u00e0 con effetto perlato intonate al colore degli interni.<\/p>\n<p>Anche i passeggeri posteriori siedono in prima fila: la configurazione e l&#8217;esclusivit\u00e0 dei sedili posteriori, dei rivestimenti delle porte e dei comandi non hanno nulla da invidiare al vano anteriore. Per personalizzare maggiormente il vano posteriore \u00e8 disponibile l&#8217;equipaggiamento &#8220;vano posteriore First Class&#8221;, una consolle centrale business che coniuga sfera privata e comfort funzionale (integrazione del ricevitore telefonico, vani portaoggetti supplementari, piano di appoggio, ecc.)<\/p>\n<h2 style=\"padding-left: 30px;\"><strong>La concezione: il meglio per due diverse realt\u00e0<\/strong><\/h2>\n<p>Per la prima volta nella storia della Classe S, al centro dell&#8217;attivit\u00e0 di sviluppo \u00e8 stata collocata la berlina a passo lungo, da cui, diversamente che in passato, deriva la versione a passo corto. La Classe S, infatti, si posiziona chiaramente come berlina di rappresentanza, e non soltanto nei grandi mercati d&#8217;oltreoceano, come Stati Uniti, Cina o Giappone. Mentre in Europa e in Nordamerica a sedere dietro il volante di una Classe S \u00e8 perlopi\u00f9 il proprietario, in Asia l&#8217;ammiraglia della gamma di vetture Mercedes-Benz \u00e8 indubbiamente destinata a chi pu\u00f2 permettersi un autista. La logica conseguenza di questo dato di fatto \u00e8 costituita dalle numerose novit\u00e0 che interessano soprattutto il comfort e la sicurezza nel vano posteriore. A bordo della Classe S anche i passeggeri posteriori hanno senza dubbio un posto in prima fila.<\/p>\n<p>I passeggeri traggono beneficio anche dal moderato aumento di tutte le dimensioni interne della nuova Classe S, che mette a disposizione 12 millimetri in pi\u00f9 di spazio massimo per la testa sul lato guida e, su entrambi i sedili anteriori, rispettivamente 14 e 10 millimetri in pi\u00f9 all&#8217;altezza delle spalle e dei gomiti. La maggiore libert\u00e0 di movimento al livello delle ginocchia (+ 14 mm) sulla seconda fila di sedili rende i viaggi ancora pi\u00f9 confortevoli anche per i passeggeri posteriori, che hanno ora anche fino a nove millimetri di spazio in pi\u00f9 all&#8217;altezza delle spalle.<\/p>\n<h2 style=\"padding-left: 30px;\"><strong>Configurazione di display e comandi: una nuova elegante centrale di comando<\/strong><\/h2>\n<p>Due display TFT a colori ad alta risoluzione, in formato 8:3 e con una diagonale di 30,7 cm (12,3&#8243;), formano la nuova centrale informativa della Classe S. Quello sul lato sinistro assolve la funzione precedentemente affidata alla strumentazione e fornisce al guidatore tutte le principali informazioni. Il display sul lato destro permette invece di utilizzare comodamente le funzioni Infotainment e Comfort. La richiesta crescente di nuove funzioni integrate nell&#8217;automobile ha portato nel caso della nuova Classe S al perfezionamento dell&#8217;intera logica di comando, con un particolare occhio di riguardo ad aspetti quali ergonomia, confort di comando, sicurezza, fascino ed estetica.<\/p>\n<p>Display e comandi sono stati riconfigurati con l&#8217;obiettivo di raggruppare le funzioni secondo criteri di omogeneit\u00e0 dal punto di vista logico ed estetico. Questa filosofia trova espressione non soltanto nei nuovi display, ma anche nell&#8217;eleganza delle superfici metallizzate degli interruttori e dei comandi in alluminio. Grazie alla fine struttura della superficie in metallo, ogni comando della vettura esprime tutta la qualit\u00e0 tattile e acustica e la cura per i dettagli che fanno di una Mercedes-Benz una vettura molto particolare.<\/p>\n<p>Tra i nuovi comandi figurano la tastiera del telefono sensibile al tocco e un menu Preferiti ampliato con dodici funzioni assegnabili a piacere. L&#8217;elemento di comando principale continua ad essere il comando multiuso centrale (manopola\/pulsante), affiancato come di consueto dai tasti di accesso alle funzioni principali posizionati nella consolle centrale e da un gruppo di comandi per i sistemi di assistenza alla guida.<\/p>\n<p>L&#8217;immissione vocale tramite lo Speech Dialog System del VOICETRONIC permette, ad esempio, di inserire un indirizzo con un unico comando, pronunciandolo per esteso (immissione \u00abone-shot\u00bb). Anche il telefono e i sistemi audio possono essere gestiti con i comandi vocali. \u00c8 nuova la funzione di lettura vocale dei messaggi di testo (SMS) o delle e-mail.<\/p>\n<h2 style=\"padding-left: 30px;\"><strong>Climatizzazione: tante novit\u00e0 per un microclima confortevole<\/strong><\/h2>\n<p>Prestazioni, qualit\u00e0 dell&#8217;aria, efficacia del sistema di regolazione, emissioni acustiche ed efficienza sono gli obiettivi posti al centro del sistematico lavoro di perfezionamento dell&#8217;intero impianto di climatizzazione. \u00c8 una novit\u00e0 il pacchetto AIR-BALANCE che comprende profumazione, ionizzazione e una funzione di filtrazione ancora pi\u00f9 efficiente di quella prevista per la versione base. Il climatizzatore automatico COMFORTMATIC nel vano posteriore assicura un maggiore comfort termico con due zone supplementari, mentre sono completamente nuovi i braccioli riscaldabili elettrici.<\/p>\n<p>\u00c8 una novit\u00e0 mondiale la <strong>&#8220;profumazione attiva&#8221;<\/strong> inclusa nel pacchetto AIRBALANCE della nuova Classe S berlina. La profumazione \u00e8 attiva nel senso che pu\u00f2 essere inserita e disinserita a piacere, regolandone anche l&#8217;intensit\u00e0. Questa funzione permette di personalizzare la fragranza dell&#8217;aria nell&#8217;abitacolo, senza modificare in modo permanente la profumazione degli interni n\u00e9 provocare il depositarsi di molecole di profumo sulle superfici in tessuto<br \/>\ndella vettura o sugli abiti. Si tratta di un profumo discreto, che si diffonde dolcemente e svanisce rapidamente.<\/p>\n<h2 style=\"padding-left: 30px;\"><strong>I sedili: ufficio a quattro ruote e oasi di benessere<\/strong><\/h2>\n<p>Mercedes-Benz porta ad alti livelli il comfort climatico e di seduta della Classe S con numerose novit\u00e0 mondiali, come la funzione di massaggio ENERGIZING basata sulla tecnica Hot Stone o i sedili ventilati attivi con ventilatori reversibili. I progettisti dei sedili hanno riservato particolare attenzione al vano posteriore, per il quale sono disponibili cinque diverse versioni, incluso un sedile Executive con schienale reclinabile fino a 43,5\u00b0, che consentono di lavorare a bordo con la massima concentrazione o di rilassarsi del tutto indisturbati.<\/p>\n<p>La <strong>funzione di massaggio ENERGIZING<\/strong> basata sulla tecnica Hot Stone \u00e8 una novit\u00e0 mondiale. I progettisti di sedili Mercedes-Benz hanno sviluppato uno straordinario tipo di massaggio con 14 camere d&#8217;aria indipendenti incorporate nello schienale e una funzionalit\u00e0 termica integrata. I programmi di massaggio selezionabili sono in tutto sei, due dei quali utilizzano anche l&#8217;azione benefica del calore. Parte del pacchetto Comfort anteriore \u00e8 gi\u00e0 di serie per la versione MAXIMUM,. la funzione \u00e8 disponibile anche per i sedili posteriori\u00a0 a richiesta.<\/p>\n<p>I sedili ventilati attivi adottano per la prima volta i cosiddetti <strong>ventilatori reversibili<\/strong>. Quando si attiva la ventilazione, i ventilatori aspirano inizialmente l&#8217;aria ambiente pi\u00f9 fresca sulla superficie del sedile, riuscendo in tal modo a ridurre pi\u00f9 rapidamente la temperatura superficiale di un sedile caldo rispetto ai tradizionali sistemi di raffreddamento attivi. Dopo quattro minuti, passano automaticamente alla modalit\u00e0 di soffiaggio per ridurre la formazione di correnti d&#8217;aria.<\/p>\n<p>Per la Classe S a passo normale sono previste due versioni di sedili posteriori (divano fisso o sedili singoli con regolazione di 37\u00b0), mentre per la variante a passo lungo le versioni disponibili sono addirittura cinque. Per il sedile Comfort e il sedile relax \u00e8 stato modificato il cinematismo di regolazione. Diversamente dal tradizionale schienale scorrevole, in questo caso lo schienale si regola separatamente, mantenendo invariati il vano piedi e il punto di riferimento del sedile. La regolazione combinata di inclinazione e posizione orizzontale consente di regolare separatamente il cuscino del sedile.<\/p>\n<p>L&#8217;inclinazione massima dello schienale del <strong>sedile Executive<\/strong> (sedile relax)<br \/>\nsul lato destro del vano posteriore \u00e8 stata aumentata da 37 a 43,5\u00b0, che rappresentano il valore pi\u00f9 alto nel segmento superiore. Il sedile relax dispone di un poggiagambe regolabile a piacere in lunghezza e in inclinazione. Con il poggiapiedi del sedile chauffeur ribaltabile anteriore e il cuscino Comfort supplementare \u00e8 possibile dormire o riposare in una posizione reclinata che in quanto a comfort fissa nuovi parametri di riferimento nel settore automobilistico.<\/p>\n<p>L&#8217;equipaggiamento <strong>&#8220;vano posteriore First Class&#8221;<\/strong> (consolle centrale posteriore) si presenta visivamente come un&#8217;estensione lungo il tunnel della consolle centrale anteriore. Questa consolle posteriore \u00e8 dotata di nuovi portabevande termorefrigeranti che utilizzano celle di Peltier per refrigerare o riscaldare le bevande, mantenendo a lungo la loro temperatura. A richiesta la consolle centrale pu\u00f2 alloggiare due tavolini che, simili a quelli dei sedili di un aereo, si aprono e si richiudono facilmente con una mano.<\/p>\n<h2 style=\"padding-left: 30px;\"><strong>Offerta multimediale: auditorium in movimento<\/strong><\/h2>\n<p>Sulla Classe S debutta una generazione completamente nuova di sistemi multimediali di uso intuitivo e dotati di funzioni particolarmente coinvolgenti, per la qualit\u00e0 di visualizzazione e le animazioni di cui dispongono. Tra le altre innovazioni figura il sistema multi-utente, con il quale ciascun passeggero ha accesso indipendente dal proprio sedile a tutte le sorgenti di entertainment.<\/p>\n<p>La caratteristica comune di tutti i sistemi audio \u00e8 l&#8217;innovativo <strong>sistema Frontbass<\/strong> sviluppato da Mercedes-Benz, che con la Classe S sale per la prima volta a bordo di una berlina. Con questo sistema, i woofer sono montati nella paratia anteriore e sfruttano i quasi 40 litri di volume delle traverse e dei longheroni come cassa di risonanza. Nelle porte non ci sono pi\u00f9 i tradizionali woofer, e i tweeter si sono spostati pi\u00f9 in alto. Si ottiene cos\u00ec un migliore spettro acustico, oltre ad avere maggiore spazio di stivaggio nelle porte.<\/p>\n<p>In alternativa al Sound System di serie con dieci altoparlanti \u00e8 possibile scegliere tra due sistemi audio sviluppati in collaborazione con gli esperti di sistemi audio High-End del marchio Burmester: il <strong>Burmester<\/strong><strong><sup>\u00ae<\/sup><\/strong><strong> Sound System Surround<\/strong> e il <strong>Burmester<\/strong><strong><sup>\u00ae<\/sup><\/strong><strong> Sound System Surround High-End 3D<\/strong>.<\/p>\n<p>Per quanto riguarda la <strong>navigazione<\/strong>, la principale novit\u00e0 \u00e8 costituita dalla preparazione interattiva dei contenuti. Tra le nuove funzioni di navitainment figurano la bussola animata, il &#8220;Driveshow&#8221; con informazioni per tutti i passeggeri come a bordo di un aereo e la visualizzazione di Google Maps sulla head unit e nel vano posteriore. Le informazioni sulla situazione del traffico vengono visualizzate per mezzo di linee tratteggiate (che sostituiscono la precedente riproduzione grafica bidimensionale dei veicoli). Il nuovo servizio &#8220;Live Traffic Information&#8221; trasmette in tempo reale i dati sul traffico, rendendo il sistema di navigazione molto pi\u00f9 aggiornato sulla situazione delle strade.<\/p>\n<h2 style=\"padding-left: 30px;\"><strong>La carrozzeria: massima stabilit\u00e0 e ottima struttura leggera<\/strong><\/h2>\n<p>Elevata sicurezza anti-crash ed eccellente rigidit\u00e0, per un ottimo comportamento su strada e nel contempo il massimo comfort acustico e vibrazionale \u2013 questi gli obiettivi che hanno guidato l&#8217;attivit\u00e0 di sviluppo e progettazione della scocca della nuova Classe S, una scocca ibrida in alluminio di terza generazione. La qualit\u00e0 di questa struttura leggera, vale a dire la resistenza torsionale in rapporto al peso e alle dimensioni della vettura, \u00e8 migliorata del 50% rispetto al modello precedente.<\/p>\n<p>Da quando negli anni &#8217;90 fu progettata la Serie 220, la struttura leggera ibrida si \u00e8 evoluta in una struttura ibrida in alluminio costituita da un perfetto mix di materiali. In questo arco di tempo la percentuale in peso dell&#8217;alluminio \u00e8 arrivata a superare il 50%. Questo \u00e8 uno dei motivi per cui in vent&#8217;anni il peso della carrozzeria \u00e8 rimasto invariato o \u00e8 addirittura sceso leggermente, nonostante il sensibile aumento degli equipaggiamenti per il comfort e la sicurezza e delle funzioni supplementari. Inoltre per la nuova Serie sono stati puntualmente adottati nelle zone di raccordo efficaci materiali espansi strutturali. L&#8217;intera carrozzeria della Classe S, incluso il tetto e l&#8217;avancorpo, \u00e8 in alluminio. L&#8217;elevata percentuale di alluminio \u00e8 stata raggiunta utilizzando l&#8217;intero ventaglio di semilavorati (getti, estrusi, lamiere). La cellula di sicurezza si distingue per il massiccio impiego di acciai ad altissima resistenza.<\/p>\n<p>Questa struttura, che deve la sua leggerezza sia ai materiali impiegati sia alla geometria adottata, \u00e8 stata realizzata con una tecnica di giunzione molto complessa e consente alla nuova Classe S di innalzare lo standard di riferimento nel prestigioso segmento delle berline di lusso, per di pi\u00f9 senza aumenti di peso. Con una rigidit\u00e0 torsionale di 40,5 kN\/\u00b0 (modello precedente: 27,5 kN\/\u00b0), la Classe S raggiunge un nuovo record nel suo segmento.<\/p>\n<h2 style=\"padding-left: 30px;\"><strong>Protezione PRE-SAFE<\/strong><strong><sup>\u00ae<\/sup><\/strong><strong> ampliata: la prevenzione prima di tutto<\/strong><\/h2>\n<p>Con il sistema di protezione preventiva PRE-SAFE<strong><sup>\u00ae<\/sup><\/strong>, dieci anni fa MercedesBenz present\u00f2 a bordo della Classe S una soluzione innovativa della tecnologia di sicurezza che da allora \u00e8 stata oggetto di continue evoluzioni. Oggi per\u00f2 il pioniere della sicurezza ne ha aumentato ulteriormente il livello di protezione.<\/p>\n<p>Le nuove funzioni PRE-SAFE<sup>\u00ae<\/sup> contribuiscono a evitare gli incidenti con i pedoni e gli impatti nel traffico urbano, ad attenuare le situazioni di pericolo causate dai veicoli che seguono e ad ampliare la funzione di protezione della cintura di sicurezza.<\/p>\n<ul>\n<li>Il sistema frenante <strong>PRE-SAFE<\/strong><strong><sup>\u00ae<\/sup><\/strong> (di serie per MAXIMUM, a richiesta per PREMIUM)\u00e8 in grado di riconoscere anche i pedoni ed evitare la collisione, avviando una frenata autonoma fino a una velocit\u00e0 di 50 km\/h.<\/li>\n<li>Il <strong>PRE-SAFE<\/strong><strong><sup>\u00ae<\/sup><\/strong><strong> PLUS<\/strong>\u00a0 (di serie per MAXIMUM, a richiesta per PREMIUM) \u00e8 in grado di riconoscere un imminente tamponamento e di allertare i veicoli che seguono attivando le luci di emergenza posteriori in rapida intermittenza. Prima che si verifichi il tamponamento, il sistema \u00abblocca\u00bb la vettura gi\u00e0 ferma per limitare la spinta in avanti provocata dall&#8217;impatto e ridurre quindi il rischio di un colpo di frusta. Questo accorgimento riduce anche il pericolo di tamponamenti a catena. Immediatamente prima dell&#8217;impatto si attivano le misure di sicurezza PRE-SAFE<sup>\u00ae<\/sup> per la protezione dei passeggeri, in particolare i pretensionatori reversibili.<\/li>\n<li>Con il <strong>PRE-SAFE<\/strong><strong><sup>\u00ae<\/sup><\/strong><strong> impulse, <\/strong>di serie<strong>,<\/strong> la cintura di sicurezza sposta il guidatore e il passeggero anteriore in direzione opposta a quella dell&#8217;impatto nell&#8217;imminenza di un urto, ancora prima della loro decelerazione indotta dall\u2019impatto. Questo spostamento riduce sensibilmente il rischio di lesioni e la loro gravit\u00e0 in caso di impatti anteriori.<\/li>\n<\/ul>\n<h2 style=\"padding-left: 30px;\"><strong>Parametro di riferimento per la sicurezza nel vano posteriore: le novit\u00e0 della Classe S<\/strong><\/h2>\n<p>Con il porgifibbia, l&#8217;airbag nella cintura e il cushionbag, Mercedes-Benz amplia ulteriormente il sistema di sicurezza per i passeggeri posteriori. Le prime due dotazioni sono incluse nel &#8220;pacchetto PRE-SAFE<sup>\u00ae<\/sup> per il vano posteriore&#8221;. Il <strong>porgifibbia<\/strong> illuminato dispone di un motorino elettrico che sposta automaticamente la fibbia della cintura di sicurezza in alto e in basso, consentendo cos\u00ec di ridurre il gioco cintura su torace e bacino e di fornire una maggiore protezione ai passeggeri posteriori in caso di spostamenti laterali e longitudinali.<\/p>\n<p>Il <strong>beltbag<\/strong> (airbag nella cintura) \u00e8 una cintura gonfiabile. Riservato ai passeggeri che occupano i sedili posteriori, gonfiandosi, il nastro della cintura riduce le sollecitazioni a carico della gabbia toracica e, di conseguenza, il rischio di lesioni in caso d\u2019impatto frontale. Il sedile relax \u00e8 equipaggiato con un <strong>cushionbag<\/strong> di serie, installato sotto l&#8217;imbottitura del piano di seduta. In caso di incidente, esso impedisce al passeggero di scivolare sotto la cintura (effetto submarining) quando il sedile \u00e8 in posizione reclinata. Con questo accorgimento Mercedes-Benz \u00e8 riuscita a costruire un sedile relax che, oltre ad essere confortevole, garantisce un maggior grado di sicurezza in caso di incidente rispetto ad un sedile con schienale scorrevole.<\/p>\n<h2 style=\"padding-left: 30px;\"><strong>Intelligent Drive: un&#8217;auto \u00abconnessa\u00bb in tutti i sensi\u00a0<\/strong><\/h2>\n<p>Evitare gli incidenti e mitigarne le conseguenze \u00e8 l&#8217;approccio globale della ricerca Mercedes-Benz nel campo dell&#8217;infortunistica stradale che la Casa identifica nel concetto di \u00abReal Life Safety\u00bb. Con numerosi e nuovi sistemi di assistenza alla guida e funzioni ampliate alla base, Mercedes-Benz prosegue con coerenza questa strategia per la Classe S. Aumentano parallelamente il comfort e la sicurezza. Mercedes-Benz ha battezzato questo nuovo corso \u00abIntelligent Drive\u00bb. Le nuove funzioni sfruttano la stessa sensoristica: una nuova telecamera stereoscopica e sensori radar multimodali.<\/p>\n<p>\u00abI sistemi di assistenza alla guida intelligenti analizzano situazioni complesse e, grazie a un sistema di sensori in grado di rilevare gli incidenti, riconoscono meglio i potenziali pericoli\u00bb, spiega il Professor Dr. Thomas Weber, membro del Consiglio direttivo Daimler, responsabile della Divisione Ricerca del Gruppo e responsabile Sviluppo di Mercedes-Benz Cars. \u00abMetaforicamente parlando, la nuova Classe S non ha \u00abocchi\u00bb solo davanti, ma \u00e8 in grado di vedere anche intorno a s\u00e9: a 360 gradi\u00bb. Tutto questo si deve alla connessione di tutti i sistemi, che gli esperti della sicurezza chiamano in gergo \u00absensor fusion\u00bb. L&#8217;obiettivo non \u00e8 limitato alla protezione totale dei soli passeggeri, ma si estende anche a quella di tutti gli altri utenti della strada.<\/p>\n<p>La gamma di soluzioni a supporto del guidatore consentono di agevolarlo durante la guida, aumentando cos\u00ec anche il comfort, di metterlo in guardia mediante segnali ottici, acustici e\/o tattili o di amplificarne le reazioni. Alcuni sistemi sono anche in grado di intervenire con misure correttive in caso d\u2019emergenza, attuando per esempio manovre di frenata autonome che scongiurano un incidente o ne riducono la gravit\u00e0. Di seguito una sintesi dei sistemi di assistenza alla guida nuovi o sostanzialmente ampliati nelle loro funzioni.<\/p>\n<ul>\n<li>Il <strong>DISTRONIC PLUS<\/strong> <strong>con sistema di assistenza allo sterzo e Stop&amp;Go Pilot<\/strong> (di serie per MAXIMUM, a richiesta per PREMIUM) aiuta il guidatore a mantenere meglio la traiettoria e lo assiste in maniera parzialmente automatica durante la guida in coda.<\/li>\n<li>Il <strong>Brake Assist BAS PLUS con sistema di assistenza agli incroci<\/strong> (di serie per MAXIMUM, a richiesta per PREMIUM) dispone di una telecamera stereoscopica, grazie alla quale \u00e8 in grado di riconoscere anche i pedoni e il traffico perpendicolare alla direzione di marcia e di intensificare la potenza frenante richiesta dal guidatore.<\/li>\n<li>Il <strong>sistema antisbandamento attivo <\/strong>(di serie per MAXIMUM, a richiesta per PREMIUM)\u00a0 \u00e8 in grado di rilevare la presenza di veicoli nella corsia adiacente delimitata da una linea di demarcazione non continua, specie se si tratta dell&#8217;opposta corsia di marcia, e impedisce, frenando le ruote su un solo lato della vettura, che quest&#8217;ultima abbandoni accidentalmente la propria corsia.<\/li>\n<li>Il <strong>sistema di assistenza abbaglianti adattivi Plus<\/strong> (di serie per passo lungo, MAXIMUM passo corto e 500 PREMIUM passo corto)permette di viaggiare con gli abbaglianti sempre inseriti, evitando di abbagliare i veicoli compresi nel loro cono di luce.<\/li>\n<li>Il <strong>sistema di visione notturna Nightview Plus (<\/strong>di serie per MAXIMUM, a richiesta per PREMIUM<strong>)<\/strong> \u00e8 stato perfezionato e dispone ora di una telecamera a raggi infrarossi. In presenza di persone o di animali potenzialmente pericolosi nell&#8217;area non illuminata davanti alla vettura, il sistema di visione notturna Nightview Plus (di serie per MAXIMUM, a richiesta per PREMIUM) pu\u00f2 allertare il guidatore sostituendo automaticamente la visualizzazione del tachimetro con un\u2019immagine nitida della strada in cui sono evidenziati i potenziali pericoli. La funzione Spotlight illumina inoltre con un fascio abbagliante intermittente i pedoni intercettati dal sistema, richiamando l&#8217;attenzione del guidatore sul pericolo e allertando contemporaneamente la persona che si trova sul ciglio<br \/>\ndella strada.<\/li>\n<li>L\u2019<strong>ATTENTION ASSIST,<\/strong>di serie<strong>,<\/strong> \u00e8 in grado di allertare il guidatore ai primi sintomi di disattenzione o di stanchezza, di informarlo sul suo stato di affaticamento e sul tempo trascorso dall\u2019ultima pausa, consentendo anche di impostare la sensibilit\u00e0. La segnalazione \u00e8 accompagnata dalla visualizzazione delle aree di servizio sul sistema di navigazione del COMAND. Il range di velocit\u00e0 entro il quale \u00e8 attivo \u00e8 stato ampliato.<\/li>\n<\/ul>\n<h2 style=\"padding-left: 30px;\"><strong>Le versioni in Italia: PREMIUM e MAXIMUM<\/strong><\/h2>\n<p>PREMIUM: la Classe S PREMIUM \u00e8 la versione \u201centry-level\u201d dell\u2019ammiraglia della Stella. L\u2019allestimento PREMIUM di solito indica il top nel resto della gamma Mercedes-Benz, non \u00e8 il caso di Classe S. La versione PREMIUM, capolavoro di eleganza e discrezione, \u00e8 pensata per i Clienti che cercano linee pulite ed un equipaggiamento funzionale ma tecnologico, sportivo ma non vistoso. Tra gli innumerevoli equipaggiamenti di serie ricordiamo\u00a0 i cerchi in lega da 18\u201d a 5 doppie razze che sottolineano il carattere della vettura, i rivestimenti in pelle disponibili in tre differenti colori, la nuova generazione di Comand ONLINE.\u00a0 Il nuovo Park Assist con PARTRONIC\u00a0 e la Telecamera posteriore per la retromarcia assistita completano la ricca dotazione.<\/p>\n<p>MAXIMUM: tecnologica come nessun altra, la versione top dell\u2019ammiraglia della Stella appresenta la leadership tecnologica, il futuro. Come da tradizione, nel suo allestimento di serie vengono presentate innovazioni che anticipano di\u00a0 anni l\u2019adozione standardizzata su tutte le altre vetture. L\u2019obiettivo della nuova Classe S \u00e8 chiaro, rinnovarsi profondamente per mantenere con stile il titolo di \u201cauto migliore al mondo\u201d. La MAXIMUM \u00e8 la Classe S di rappresentanza: cerchi in lega da 19\u201d multirazze, Fari ILS high Performance su tutte le motorizzazioni la rendono ancora pi\u00f9 raffinata. Su MAXIMUM, inoltre, sono di serie alcune delle principali innovazioni della nuova Classe S come, ad esempuio, il Pacchetto di sistemi di assistenza alla guida Plus, il Night View Assist PLUS\u00a0 ed il Pacchetto Comfort per i sedili anteriori con massaggio ENERGIZING in 6 diverse tipologie.<\/p>\n<p>Oltre queste due versioni sar\u00e0 disponibile per un periodo di tempo limitato il modello speciale EDITION 1 che con i suoi allestimenti in pelle NAPPA Exclusive Designo blu mare\/beige Como, l\u2019AIRBALANCE e le luci soffuse ambient rappressenta il massimo del lusso comfortevole.<\/p>\n<p>I prezzi della nuova Classe S (comprensivi di IVA al 21% e messa su strada) partono da 88.500,00 Euro per la S 350 BlueTEC a passo corto. Da sottolineare che il prezzo della 350 BlueTEC \u00e8 pi\u00f9 basso della 350 Elegance W221 di quasi 3.000 euro (da 91.470 si passa a 88.5000 euro), lo stesso discorso vale per la 350 Avantgarde e per la MAXIMUM. Differenza ancora pi\u00f9 evidente rispetto alla 400 Hybrid. Il discorso vale anche per la passo lungo dove i prezzi di listino a parit\u00e0 di motorizzazione risultano essere inferiori rispetto alla V221.<\/p>\n<p>&nbsp;<\/p>\n","protected":false},"excerpt":{"rendered":"<p>Obiettivo: la migliore auto del mondo Stoccarda\/Amburgo. Concentrandosi su tre aspetti cruciali, &#8220;Intelligent Drive&#8221;, &#8220;Efficient Technology&#8221; e &#8220;Essence of Luxury&#8221;, la nuova Classe S sposta notevolmente in avanti i limiti della tecnica, dimostrando di essere la punta di diamante tecnologica non soltanto del marchio Mercedes-Benz, ma dell\u2019intero settore automotive.\u00a0<\/p>\n","protected":false},"author":1,"featured_media":2924,"comment_status":"open","ping_status":"open","sticky":false,"template":"","format":"standard","meta":{"ngg_post_thumbnail":0,"footnotes":""},"categories":[39,52,75,55],"tags":[37,183,76,64],"class_list":["post-2923","post","type-post","status-publish","format-standard","has-post-thumbnail","hentry","category-automotive","category-gallery","category-mercedes","category-news","tag-drivelife","tag-mercedes-classe-s","tag-mercedes-benz","tag-premium"],"yoast_head":"<!-- This site is optimized with the Yoast SEO plugin v27.5 - https:\/\/yoast.com\/product\/yoast-seo-wordpress\/ -->\n<title>MERCEDES-BENZ CLASSE S - #lucalife<\/title>\n<meta name=\"robots\" content=\"index, follow, max-snippet:-1, max-image-preview:large, max-video-preview:-1\" \/>\n<link rel=\"canonical\" href=\"https:\/\/www.drivelife.it\/news\/2013\/05\/16\/mercedes-benz-classe-s\/\" \/>\n<meta property=\"og:locale\" content=\"en_US\" \/>\n<meta property=\"og:type\" content=\"article\" \/>\n<meta property=\"og:title\" content=\"MERCEDES-BENZ CLASSE S - #lucalife\" \/>\n<meta property=\"og:description\" content=\"Obiettivo: la migliore auto del mondo Stoccarda\/Amburgo. Concentrandosi su tre aspetti cruciali, &#8220;Intelligent Drive&#8221;, &#8220;Efficient Technology&#8221; e &#8220;Essence of Luxury&#8221;, la nuova Classe S sposta notevolmente in avanti i limiti della tecnica, dimostrando di essere la punta di diamante tecnologica non soltanto del marchio Mercedes-Benz, ma dell\u2019intero settore automotive.\u00a0\" \/>\n<meta property=\"og:url\" content=\"https:\/\/www.drivelife.it\/news\/2013\/05\/16\/mercedes-benz-classe-s\/\" \/>\n<meta property=\"og:site_name\" content=\"#lucalife\" \/>\n<meta property=\"article:publisher\" content=\"https:\/\/www.facebook.com\/pages\/Drivelife\/467833073239720\" \/>\n<meta property=\"article:published_time\" content=\"2013-05-16T12:49:03+00:00\" \/>\n<meta property=\"article:modified_time\" content=\"2013-05-16T12:55:02+00:00\" \/>\n<meta property=\"og:image\" content=\"https:\/\/www.drivelife.it\/news\/wp-content\/uploads\/2013\/05\/Nuova_Classe_S_33.jpg\" \/>\n\t<meta property=\"og:image:width\" content=\"1920\" \/>\n\t<meta property=\"og:image:height\" content=\"1280\" \/>\n\t<meta property=\"og:image:type\" content=\"image\/jpeg\" \/>\n<meta name=\"author\" content=\"Redazione\" \/>\n<meta name=\"twitter:card\" content=\"summary_large_image\" \/>\n<meta name=\"twitter:creator\" content=\"@tweetdrivelife\" \/>\n<meta name=\"twitter:site\" content=\"@tweetdrivelife\" \/>\n<meta name=\"twitter:label1\" content=\"Written by\" \/>\n\t<meta name=\"twitter:data1\" content=\"Redazione\" \/>\n\t<meta name=\"twitter:label2\" content=\"Est. reading time\" \/>\n\t<meta name=\"twitter:data2\" content=\"25 minutes\" \/>\n<script type=\"application\/ld+json\" class=\"yoast-schema-graph\">{\"@context\":\"https:\\\/\\\/schema.org\",\"@graph\":[{\"@type\":\"Article\",\"@id\":\"https:\\\/\\\/www.drivelife.it\\\/news\\\/2013\\\/05\\\/16\\\/mercedes-benz-classe-s\\\/#article\",\"isPartOf\":{\"@id\":\"https:\\\/\\\/www.drivelife.it\\\/news\\\/2013\\\/05\\\/16\\\/mercedes-benz-classe-s\\\/\"},\"author\":{\"name\":\"Redazione\",\"@id\":\"https:\\\/\\\/www.drivelife.it\\\/news\\\/#\\\/schema\\\/person\\\/b6c194c3423ff451be4914f5fd9c2188\"},\"headline\":\"MERCEDES-BENZ CLASSE S\",\"datePublished\":\"2013-05-16T12:49:03+00:00\",\"dateModified\":\"2013-05-16T12:55:02+00:00\",\"mainEntityOfPage\":{\"@id\":\"https:\\\/\\\/www.drivelife.it\\\/news\\\/2013\\\/05\\\/16\\\/mercedes-benz-classe-s\\\/\"},\"wordCount\":5029,\"commentCount\":0,\"image\":{\"@id\":\"https:\\\/\\\/www.drivelife.it\\\/news\\\/2013\\\/05\\\/16\\\/mercedes-benz-classe-s\\\/#primaryimage\"},\"thumbnailUrl\":\"https:\\\/\\\/www.drivelife.it\\\/news\\\/wp-content\\\/uploads\\\/2013\\\/05\\\/Nuova_Classe_S_33.jpg\",\"keywords\":[\"DRIVELIFE\",\"MERCEDES CLASSE S\",\"MERCEDES-BENZ\",\"PREMIUM\"],\"articleSection\":[\"AUTOMOTIVE\",\"GALLERY AUTOMOTIVE\",\"MERCEDES\",\"NEWS\"],\"inLanguage\":\"en-US\",\"potentialAction\":[{\"@type\":\"CommentAction\",\"name\":\"Comment\",\"target\":[\"https:\\\/\\\/www.drivelife.it\\\/news\\\/2013\\\/05\\\/16\\\/mercedes-benz-classe-s\\\/#respond\"]}]},{\"@type\":\"WebPage\",\"@id\":\"https:\\\/\\\/www.drivelife.it\\\/news\\\/2013\\\/05\\\/16\\\/mercedes-benz-classe-s\\\/\",\"url\":\"https:\\\/\\\/www.drivelife.it\\\/news\\\/2013\\\/05\\\/16\\\/mercedes-benz-classe-s\\\/\",\"name\":\"MERCEDES-BENZ CLASSE S - #lucalife\",\"isPartOf\":{\"@id\":\"https:\\\/\\\/www.drivelife.it\\\/news\\\/#website\"},\"primaryImageOfPage\":{\"@id\":\"https:\\\/\\\/www.drivelife.it\\\/news\\\/2013\\\/05\\\/16\\\/mercedes-benz-classe-s\\\/#primaryimage\"},\"image\":{\"@id\":\"https:\\\/\\\/www.drivelife.it\\\/news\\\/2013\\\/05\\\/16\\\/mercedes-benz-classe-s\\\/#primaryimage\"},\"thumbnailUrl\":\"https:\\\/\\\/www.drivelife.it\\\/news\\\/wp-content\\\/uploads\\\/2013\\\/05\\\/Nuova_Classe_S_33.jpg\",\"datePublished\":\"2013-05-16T12:49:03+00:00\",\"dateModified\":\"2013-05-16T12:55:02+00:00\",\"author\":{\"@id\":\"https:\\\/\\\/www.drivelife.it\\\/news\\\/#\\\/schema\\\/person\\\/b6c194c3423ff451be4914f5fd9c2188\"},\"breadcrumb\":{\"@id\":\"https:\\\/\\\/www.drivelife.it\\\/news\\\/2013\\\/05\\\/16\\\/mercedes-benz-classe-s\\\/#breadcrumb\"},\"inLanguage\":\"en-US\",\"potentialAction\":[{\"@type\":\"ReadAction\",\"target\":[\"https:\\\/\\\/www.drivelife.it\\\/news\\\/2013\\\/05\\\/16\\\/mercedes-benz-classe-s\\\/\"]}]},{\"@type\":\"ImageObject\",\"inLanguage\":\"en-US\",\"@id\":\"https:\\\/\\\/www.drivelife.it\\\/news\\\/2013\\\/05\\\/16\\\/mercedes-benz-classe-s\\\/#primaryimage\",\"url\":\"https:\\\/\\\/www.drivelife.it\\\/news\\\/wp-content\\\/uploads\\\/2013\\\/05\\\/Nuova_Classe_S_33.jpg\",\"contentUrl\":\"https:\\\/\\\/www.drivelife.it\\\/news\\\/wp-content\\\/uploads\\\/2013\\\/05\\\/Nuova_Classe_S_33.jpg\",\"width\":\"1920\",\"height\":\"1280\",\"caption\":\"Mercedes-Benz S 400 HYBRID (W 222) 2013\"},{\"@type\":\"BreadcrumbList\",\"@id\":\"https:\\\/\\\/www.drivelife.it\\\/news\\\/2013\\\/05\\\/16\\\/mercedes-benz-classe-s\\\/#breadcrumb\",\"itemListElement\":[{\"@type\":\"ListItem\",\"position\":1,\"name\":\"Home\",\"item\":\"https:\\\/\\\/www.drivelife.it\\\/news\\\/\"},{\"@type\":\"ListItem\",\"position\":2,\"name\":\"MERCEDES-BENZ CLASSE S\"}]},{\"@type\":\"WebSite\",\"@id\":\"https:\\\/\\\/www.drivelife.it\\\/news\\\/#website\",\"url\":\"https:\\\/\\\/www.drivelife.it\\\/news\\\/\",\"name\":\"#lucalife\",\"description\":\"DRIVELIFE le mie automobili\",\"potentialAction\":[{\"@type\":\"SearchAction\",\"target\":{\"@type\":\"EntryPoint\",\"urlTemplate\":\"https:\\\/\\\/www.drivelife.it\\\/news\\\/?s={search_term_string}\"},\"query-input\":{\"@type\":\"PropertyValueSpecification\",\"valueRequired\":true,\"valueName\":\"search_term_string\"}}],\"inLanguage\":\"en-US\"},{\"@type\":\"Person\",\"@id\":\"https:\\\/\\\/www.drivelife.it\\\/news\\\/#\\\/schema\\\/person\\\/b6c194c3423ff451be4914f5fd9c2188\",\"name\":\"Redazione\",\"image\":{\"@type\":\"ImageObject\",\"inLanguage\":\"en-US\",\"@id\":\"https:\\\/\\\/secure.gravatar.com\\\/avatar\\\/8d186f6b07ba8a94441344759f0e13bf1909b6ceaa171df0425551b4590fd558?s=96&d=mm&r=g\",\"url\":\"https:\\\/\\\/secure.gravatar.com\\\/avatar\\\/8d186f6b07ba8a94441344759f0e13bf1909b6ceaa171df0425551b4590fd558?s=96&d=mm&r=g\",\"contentUrl\":\"https:\\\/\\\/secure.gravatar.com\\\/avatar\\\/8d186f6b07ba8a94441344759f0e13bf1909b6ceaa171df0425551b4590fd558?s=96&d=mm&r=g\",\"caption\":\"Redazione\"},\"url\":\"https:\\\/\\\/www.drivelife.it\\\/news\\\/author\\\/admin\\\/\"}]}<\/script>\n<!-- \/ Yoast SEO plugin. -->","yoast_head_json":{"title":"MERCEDES-BENZ CLASSE S - #lucalife","robots":{"index":"index","follow":"follow","max-snippet":"max-snippet:-1","max-image-preview":"max-image-preview:large","max-video-preview":"max-video-preview:-1"},"canonical":"https:\/\/www.drivelife.it\/news\/2013\/05\/16\/mercedes-benz-classe-s\/","og_locale":"en_US","og_type":"article","og_title":"MERCEDES-BENZ CLASSE S - #lucalife","og_description":"Obiettivo: la migliore auto del mondo Stoccarda\/Amburgo. Concentrandosi su tre aspetti cruciali, &#8220;Intelligent Drive&#8221;, &#8220;Efficient Technology&#8221; e &#8220;Essence of Luxury&#8221;, la nuova Classe S sposta notevolmente in avanti i limiti della tecnica, dimostrando di essere la punta di diamante tecnologica non soltanto del marchio Mercedes-Benz, ma dell\u2019intero settore automotive.\u00a0","og_url":"https:\/\/www.drivelife.it\/news\/2013\/05\/16\/mercedes-benz-classe-s\/","og_site_name":"#lucalife","article_publisher":"https:\/\/www.facebook.com\/pages\/Drivelife\/467833073239720","article_published_time":"2013-05-16T12:49:03+00:00","article_modified_time":"2013-05-16T12:55:02+00:00","og_image":[{"width":1920,"height":1280,"url":"https:\/\/www.drivelife.it\/news\/wp-content\/uploads\/2013\/05\/Nuova_Classe_S_33.jpg","type":"image\/jpeg"}],"author":"Redazione","twitter_card":"summary_large_image","twitter_creator":"@tweetdrivelife","twitter_site":"@tweetdrivelife","twitter_misc":{"Written by":"Redazione","Est. reading time":"25 minutes"},"schema":{"@context":"https:\/\/schema.org","@graph":[{"@type":"Article","@id":"https:\/\/www.drivelife.it\/news\/2013\/05\/16\/mercedes-benz-classe-s\/#article","isPartOf":{"@id":"https:\/\/www.drivelife.it\/news\/2013\/05\/16\/mercedes-benz-classe-s\/"},"author":{"name":"Redazione","@id":"https:\/\/www.drivelife.it\/news\/#\/schema\/person\/b6c194c3423ff451be4914f5fd9c2188"},"headline":"MERCEDES-BENZ CLASSE S","datePublished":"2013-05-16T12:49:03+00:00","dateModified":"2013-05-16T12:55:02+00:00","mainEntityOfPage":{"@id":"https:\/\/www.drivelife.it\/news\/2013\/05\/16\/mercedes-benz-classe-s\/"},"wordCount":5029,"commentCount":0,"image":{"@id":"https:\/\/www.drivelife.it\/news\/2013\/05\/16\/mercedes-benz-classe-s\/#primaryimage"},"thumbnailUrl":"https:\/\/www.drivelife.it\/news\/wp-content\/uploads\/2013\/05\/Nuova_Classe_S_33.jpg","keywords":["DRIVELIFE","MERCEDES CLASSE S","MERCEDES-BENZ","PREMIUM"],"articleSection":["AUTOMOTIVE","GALLERY AUTOMOTIVE","MERCEDES","NEWS"],"inLanguage":"en-US","potentialAction":[{"@type":"CommentAction","name":"Comment","target":["https:\/\/www.drivelife.it\/news\/2013\/05\/16\/mercedes-benz-classe-s\/#respond"]}]},{"@type":"WebPage","@id":"https:\/\/www.drivelife.it\/news\/2013\/05\/16\/mercedes-benz-classe-s\/","url":"https:\/\/www.drivelife.it\/news\/2013\/05\/16\/mercedes-benz-classe-s\/","name":"MERCEDES-BENZ CLASSE S - #lucalife","isPartOf":{"@id":"https:\/\/www.drivelife.it\/news\/#website"},"primaryImageOfPage":{"@id":"https:\/\/www.drivelife.it\/news\/2013\/05\/16\/mercedes-benz-classe-s\/#primaryimage"},"image":{"@id":"https:\/\/www.drivelife.it\/news\/2013\/05\/16\/mercedes-benz-classe-s\/#primaryimage"},"thumbnailUrl":"https:\/\/www.drivelife.it\/news\/wp-content\/uploads\/2013\/05\/Nuova_Classe_S_33.jpg","datePublished":"2013-05-16T12:49:03+00:00","dateModified":"2013-05-16T12:55:02+00:00","author":{"@id":"https:\/\/www.drivelife.it\/news\/#\/schema\/person\/b6c194c3423ff451be4914f5fd9c2188"},"breadcrumb":{"@id":"https:\/\/www.drivelife.it\/news\/2013\/05\/16\/mercedes-benz-classe-s\/#breadcrumb"},"inLanguage":"en-US","potentialAction":[{"@type":"ReadAction","target":["https:\/\/www.drivelife.it\/news\/2013\/05\/16\/mercedes-benz-classe-s\/"]}]},{"@type":"ImageObject","inLanguage":"en-US","@id":"https:\/\/www.drivelife.it\/news\/2013\/05\/16\/mercedes-benz-classe-s\/#primaryimage","url":"https:\/\/www.drivelife.it\/news\/wp-content\/uploads\/2013\/05\/Nuova_Classe_S_33.jpg","contentUrl":"https:\/\/www.drivelife.it\/news\/wp-content\/uploads\/2013\/05\/Nuova_Classe_S_33.jpg","width":"1920","height":"1280","caption":"Mercedes-Benz S 400 HYBRID (W 222) 2013"},{"@type":"BreadcrumbList","@id":"https:\/\/www.drivelife.it\/news\/2013\/05\/16\/mercedes-benz-classe-s\/#breadcrumb","itemListElement":[{"@type":"ListItem","position":1,"name":"Home","item":"https:\/\/www.drivelife.it\/news\/"},{"@type":"ListItem","position":2,"name":"MERCEDES-BENZ CLASSE S"}]},{"@type":"WebSite","@id":"https:\/\/www.drivelife.it\/news\/#website","url":"https:\/\/www.drivelife.it\/news\/","name":"#lucalife","description":"DRIVELIFE le mie automobili","potentialAction":[{"@type":"SearchAction","target":{"@type":"EntryPoint","urlTemplate":"https:\/\/www.drivelife.it\/news\/?s={search_term_string}"},"query-input":{"@type":"PropertyValueSpecification","valueRequired":true,"valueName":"search_term_string"}}],"inLanguage":"en-US"},{"@type":"Person","@id":"https:\/\/www.drivelife.it\/news\/#\/schema\/person\/b6c194c3423ff451be4914f5fd9c2188","name":"Redazione","image":{"@type":"ImageObject","inLanguage":"en-US","@id":"https:\/\/secure.gravatar.com\/avatar\/8d186f6b07ba8a94441344759f0e13bf1909b6ceaa171df0425551b4590fd558?s=96&d=mm&r=g","url":"https:\/\/secure.gravatar.com\/avatar\/8d186f6b07ba8a94441344759f0e13bf1909b6ceaa171df0425551b4590fd558?s=96&d=mm&r=g","contentUrl":"https:\/\/secure.gravatar.com\/avatar\/8d186f6b07ba8a94441344759f0e13bf1909b6ceaa171df0425551b4590fd558?s=96&d=mm&r=g","caption":"Redazione"},"url":"https:\/\/www.drivelife.it\/news\/author\/admin\/"}]}},"amp_enabled":true,"_links":{"self":[{"href":"https:\/\/www.drivelife.it\/news\/wp-json\/wp\/v2\/posts\/2923","targetHints":{"allow":["GET"]}}],"collection":[{"href":"https:\/\/www.drivelife.it\/news\/wp-json\/wp\/v2\/posts"}],"about":[{"href":"https:\/\/www.drivelife.it\/news\/wp-json\/wp\/v2\/types\/post"}],"author":[{"embeddable":true,"href":"https:\/\/www.drivelife.it\/news\/wp-json\/wp\/v2\/users\/1"}],"replies":[{"embeddable":true,"href":"https:\/\/www.drivelife.it\/news\/wp-json\/wp\/v2\/comments?post=2923"}],"version-history":[{"count":4,"href":"https:\/\/www.drivelife.it\/news\/wp-json\/wp\/v2\/posts\/2923\/revisions"}],"predecessor-version":[{"id":2943,"href":"https:\/\/www.drivelife.it\/news\/wp-json\/wp\/v2\/posts\/2923\/revisions\/2943"}],"wp:featuredmedia":[{"embeddable":true,"href":"https:\/\/www.drivelife.it\/news\/wp-json\/wp\/v2\/media\/2924"}],"wp:attachment":[{"href":"https:\/\/www.drivelife.it\/news\/wp-json\/wp\/v2\/media?parent=2923"}],"wp:term":[{"taxonomy":"category","embeddable":true,"href":"https:\/\/www.drivelife.it\/news\/wp-json\/wp\/v2\/categories?post=2923"},{"taxonomy":"post_tag","embeddable":true,"href":"https:\/\/www.drivelife.it\/news\/wp-json\/wp\/v2\/tags?post=2923"}],"curies":[{"name":"wp","href":"https:\/\/api.w.org\/{rel}","templated":true}]}}