{"id":2611,"date":"2013-03-31T05:10:42","date_gmt":"2013-03-31T05:10:42","guid":{"rendered":"http:\/\/www.drivelife.it\/news\/?p=2611"},"modified":"2013-03-31T05:17:37","modified_gmt":"2013-03-31T05:17:37","slug":"opel-adam","status":"publish","type":"post","link":"https:\/\/www.drivelife.it\/news\/2013\/03\/31\/opel-adam\/","title":{"rendered":"OPEL ADAM"},"content":{"rendered":"<p><strong>UNA SETTIMANA CON\u2026<\/strong><\/p>\n<div id=\"attachment_2612\" style=\"width: 761px\" class=\"wp-caption alignnone\"><a href=\"http:\/\/www.drivelife.it\/news\/wp-content\/uploads\/2013\/03\/ADAM_copyMrlukkor-49.jpg\"><img loading=\"lazy\" decoding=\"async\" aria-describedby=\"caption-attachment-2612\" class=\"size-large wp-image-2612\" title=\"ADAM_copyMrlukkor-49\" src=\"http:\/\/www.drivelife.it\/news\/wp-content\/uploads\/2013\/03\/ADAM_copyMrlukkor-49-751x500.jpg\" alt=\"OPEL ADAM \u00a9mrlukkor\" width=\"751\" height=\"500\" srcset=\"https:\/\/www.drivelife.it\/news\/wp-content\/uploads\/2013\/03\/ADAM_copyMrlukkor-49-751x500.jpg 751w, https:\/\/www.drivelife.it\/news\/wp-content\/uploads\/2013\/03\/ADAM_copyMrlukkor-49-620x412.jpg 620w, https:\/\/www.drivelife.it\/news\/wp-content\/uploads\/2013\/03\/ADAM_copyMrlukkor-49-590x392.jpg 590w, https:\/\/www.drivelife.it\/news\/wp-content\/uploads\/2013\/03\/ADAM_copyMrlukkor-49-950x631.jpg 950w, https:\/\/www.drivelife.it\/news\/wp-content\/uploads\/2013\/03\/ADAM_copyMrlukkor-49.jpg 1920w\" sizes=\"auto, (max-width: 751px) 100vw, 751px\" \/><\/a><p id=\"caption-attachment-2612\" class=\"wp-caption-text\">OPEL ADAM<\/p><\/div>\n<p>Adam\u2026 (<em>lui? lei?<\/em>) lo devi prendere con la sinistra. Voglio dire che \u00e8 l\u2019unica cosa della quale ti devi ricordare quando sali nella compatta \u2018premium\u2019 di Opel. Perch\u00e9 la cintura di sicurezza, lato driver, \u00e8 un bel po\u2019 lontana rispetto alla mia posizione di guida. Sono abituato, come molti \u2013 credo \u2013 ad allacciare le cinture di sicurezza usando la destra. Qui non ci riesco, \u00e8 l\u2019unica scomodit\u00e0, per me, della Opel. Del resto con quello sportello cos\u00ec lungo ed il montante centrale cos\u00ec arretrato non pu\u00f2 essere diversamente.<\/p>\n<p><!--more--><\/p>\n<p>E per il resto, una gran macchina. Certo, strizza l\u2019occhio alle fanciulle, alle donne. Dentro \u00e8\u00a0 arredata con uno stile che mostra in modo inequivocabile questa sua \u2018mission\u2019. Non posso dimenticare, tra l\u2019altro, l\u2019artefice dell\u2019arredamento dell\u2019abitacolo di Adam. Elizabeth \u2018Liz\u2019 Wetzel, una gentil signora incontrata all\u2019Adam test drive di Lisbona. Una figura esile, elegante con i tratti del viso delicati. Da una persona cos\u00ec non puoi che aspettarti una bella creatura. Ed Adam \u00e8 cos\u00ec. Aggraziata, si nota per l\u2019equilibrio delle forme, generose ma senza cadute di stile, un\u2019armonia di volumi, piani delle lamiere, luci ed ombre. E, fatto raro nel mondo dei designer d\u2019auto, la stessa armonia prosegue all\u2019interno dell\u2019abitacolo.<\/p>\n<h2>Sar\u00e0 forse perch\u00e9 l\u2019arredamento \u00e8 sui colori caldi, \u201c<em>Cappuccino<\/em>\u201d, come lo chiamano in Opel. Ricorda tanto i colori che dettano moda nella\u00a0<em>haute couture<\/em>, che sia il Greige di Armani o il Particuli\u00e8re di Chanel. I nuovi mood cromatici oggi in voga, dagli smalti ai vestiti.<\/h2>\n<p>E\u2019 un arredamento \u2018morbido\u2019 che invita al relax, al confort, alla comodit\u00e0. Credo che \u2018Liz\u2019 abbia \u2013 invece \u2013 ben interpretato il tema di una piccola, compatta, premium auto per la citt\u00e0.<\/p>\n<p>Ho vissuto con lei, Adam, (<em>per me un\u2019automobile, quindi genere femminile\u2026<\/em>) una settimana. Non puoi dire di conoscere un\u2019automobile guidandola solo per una settimana, per\u00f2 ti fai una idea di razza sia. Se una prima donna oppure\u2026 <a href=\"http:\/\/www.drivelife.it\/dlnew\/?portfolio=opel-adam\">Leggi le impressioni di guida su Drivelife.it<\/a><\/p>\n<div id=\"attachment_2613\" style=\"width: 761px\" class=\"wp-caption alignnone\"><a href=\"http:\/\/www.drivelife.it\/news\/wp-content\/uploads\/2013\/03\/ADAM_copyMrlukkor-53.jpg\"><img loading=\"lazy\" decoding=\"async\" aria-describedby=\"caption-attachment-2613\" class=\"size-large wp-image-2613\" title=\"ADAM_copyMrlukkor-53\" src=\"http:\/\/www.drivelife.it\/news\/wp-content\/uploads\/2013\/03\/ADAM_copyMrlukkor-53-751x500.jpg\" alt=\"OPEL ADAM\" width=\"751\" height=\"500\" srcset=\"https:\/\/www.drivelife.it\/news\/wp-content\/uploads\/2013\/03\/ADAM_copyMrlukkor-53-751x500.jpg 751w, https:\/\/www.drivelife.it\/news\/wp-content\/uploads\/2013\/03\/ADAM_copyMrlukkor-53-620x412.jpg 620w, https:\/\/www.drivelife.it\/news\/wp-content\/uploads\/2013\/03\/ADAM_copyMrlukkor-53-590x392.jpg 590w, https:\/\/www.drivelife.it\/news\/wp-content\/uploads\/2013\/03\/ADAM_copyMrlukkor-53-950x631.jpg 950w, https:\/\/www.drivelife.it\/news\/wp-content\/uploads\/2013\/03\/ADAM_copyMrlukkor-53.jpg 1920w\" sizes=\"auto, (max-width: 751px) 100vw, 751px\" \/><\/a><p id=\"caption-attachment-2613\" class=\"wp-caption-text\">OPEL ADAM \u00a9 mrlukkor<\/p><\/div>\n","protected":false},"excerpt":{"rendered":"<p>UNA SETTIMANA CON\u2026 Adam\u2026 (lui? lei?) lo devi prendere con la sinistra. Voglio dire che \u00e8 l\u2019unica cosa della quale ti devi ricordare quando sali nella compatta \u2018premium\u2019 di Opel. Perch\u00e9 la cintura di sicurezza, lato driver, \u00e8 un bel po\u2019 lontana rispetto alla mia posizione di guida. Sono abituato, come molti \u2013 credo \u2013 ad allacciare le cinture di sicurezza usando la destra. Qui non ci riesco, \u00e8 l\u2019unica scomodit\u00e0, per me, della Opel. Del resto con quello sportello cos\u00ec lungo ed il montante centrale cos\u00ec arretrato non pu\u00f2 essere diversamente.<\/p>\n","protected":false},"author":1,"featured_media":2612,"comment_status":"open","ping_status":"open","sticky":false,"template":"","format":"standard","meta":{"ngg_post_thumbnail":0,"footnotes":""},"categories":[39,41,1,81],"tags":[37,23,169,797],"class_list":["post-2611","post","type-post","status-publish","format-standard","has-post-thumbnail","hentry","category-automotive","category-opel","category-photo-book-mrlukkor","category-test-drive-2","tag-drivelife","tag-mrlukkor","tag-opel-adam","tag-photo-mrlukkor"],"yoast_head":"<!-- This site is optimized with the Yoast SEO plugin v27.5 - https:\/\/yoast.com\/product\/yoast-seo-wordpress\/ -->\n<title>OPEL ADAM - #lucalife<\/title>\n<meta name=\"robots\" content=\"index, follow, max-snippet:-1, max-image-preview:large, max-video-preview:-1\" \/>\n<link rel=\"canonical\" href=\"https:\/\/www.drivelife.it\/news\/2013\/03\/31\/opel-adam\/\" \/>\n<meta property=\"og:locale\" content=\"en_US\" \/>\n<meta property=\"og:type\" content=\"article\" \/>\n<meta property=\"og:title\" content=\"OPEL ADAM - #lucalife\" \/>\n<meta property=\"og:description\" content=\"UNA SETTIMANA CON\u2026 Adam\u2026 (lui? lei?) lo devi prendere con la sinistra. Voglio dire che \u00e8 l\u2019unica cosa della quale ti devi ricordare quando sali nella compatta \u2018premium\u2019 di Opel. Perch\u00e9 la cintura di sicurezza, lato driver, \u00e8 un bel po\u2019 lontana rispetto alla mia posizione di guida. Sono abituato, come molti \u2013 credo \u2013 ad allacciare le cinture di sicurezza usando la destra. Qui non ci riesco, \u00e8 l\u2019unica scomodit\u00e0, per me, della Opel. Del resto con quello sportello cos\u00ec lungo ed il montante centrale cos\u00ec arretrato non pu\u00f2 essere diversamente.\" \/>\n<meta property=\"og:url\" content=\"https:\/\/www.drivelife.it\/news\/2013\/03\/31\/opel-adam\/\" \/>\n<meta property=\"og:site_name\" content=\"#lucalife\" \/>\n<meta property=\"article:publisher\" content=\"https:\/\/www.facebook.com\/pages\/Drivelife\/467833073239720\" \/>\n<meta property=\"article:published_time\" content=\"2013-03-31T05:10:42+00:00\" \/>\n<meta property=\"article:modified_time\" content=\"2013-03-31T05:17:37+00:00\" \/>\n<meta property=\"og:image\" content=\"https:\/\/www.drivelife.it\/news\/wp-content\/uploads\/2013\/03\/ADAM_copyMrlukkor-49.jpg\" \/>\n\t<meta property=\"og:image:width\" content=\"1920\" \/>\n\t<meta property=\"og:image:height\" content=\"1277\" \/>\n\t<meta property=\"og:image:type\" content=\"image\/jpeg\" \/>\n<meta name=\"author\" content=\"Redazione\" \/>\n<meta name=\"twitter:card\" content=\"summary_large_image\" \/>\n<meta name=\"twitter:creator\" content=\"@tweetdrivelife\" \/>\n<meta name=\"twitter:site\" content=\"@tweetdrivelife\" \/>\n<meta name=\"twitter:label1\" content=\"Written by\" \/>\n\t<meta name=\"twitter:data1\" content=\"Redazione\" \/>\n\t<meta name=\"twitter:label2\" content=\"Est. reading time\" \/>\n\t<meta name=\"twitter:data2\" content=\"2 minutes\" \/>\n<script type=\"application\/ld+json\" class=\"yoast-schema-graph\">{\"@context\":\"https:\\\/\\\/schema.org\",\"@graph\":[{\"@type\":\"Article\",\"@id\":\"https:\\\/\\\/www.drivelife.it\\\/news\\\/2013\\\/03\\\/31\\\/opel-adam\\\/#article\",\"isPartOf\":{\"@id\":\"https:\\\/\\\/www.drivelife.it\\\/news\\\/2013\\\/03\\\/31\\\/opel-adam\\\/\"},\"author\":{\"name\":\"Redazione\",\"@id\":\"https:\\\/\\\/www.drivelife.it\\\/news\\\/#\\\/schema\\\/person\\\/b6c194c3423ff451be4914f5fd9c2188\"},\"headline\":\"OPEL ADAM\",\"datePublished\":\"2013-03-31T05:10:42+00:00\",\"dateModified\":\"2013-03-31T05:17:37+00:00\",\"mainEntityOfPage\":{\"@id\":\"https:\\\/\\\/www.drivelife.it\\\/news\\\/2013\\\/03\\\/31\\\/opel-adam\\\/\"},\"wordCount\":354,\"commentCount\":0,\"image\":{\"@id\":\"https:\\\/\\\/www.drivelife.it\\\/news\\\/2013\\\/03\\\/31\\\/opel-adam\\\/#primaryimage\"},\"thumbnailUrl\":\"https:\\\/\\\/www.drivelife.it\\\/news\\\/wp-content\\\/uploads\\\/2013\\\/03\\\/ADAM_copyMrlukkor-49.jpg\",\"keywords\":[\"DRIVELIFE\",\"MRLUKKOR\",\"OPEL ADAM\",\"photo mrlukkor\"],\"articleSection\":[\"AUTOMOTIVE\",\"OPEL\",\"PORTFOLIO luca romano\",\"TEST DRIVE\"],\"inLanguage\":\"en-US\",\"potentialAction\":[{\"@type\":\"CommentAction\",\"name\":\"Comment\",\"target\":[\"https:\\\/\\\/www.drivelife.it\\\/news\\\/2013\\\/03\\\/31\\\/opel-adam\\\/#respond\"]}]},{\"@type\":\"WebPage\",\"@id\":\"https:\\\/\\\/www.drivelife.it\\\/news\\\/2013\\\/03\\\/31\\\/opel-adam\\\/\",\"url\":\"https:\\\/\\\/www.drivelife.it\\\/news\\\/2013\\\/03\\\/31\\\/opel-adam\\\/\",\"name\":\"OPEL ADAM - #lucalife\",\"isPartOf\":{\"@id\":\"https:\\\/\\\/www.drivelife.it\\\/news\\\/#website\"},\"primaryImageOfPage\":{\"@id\":\"https:\\\/\\\/www.drivelife.it\\\/news\\\/2013\\\/03\\\/31\\\/opel-adam\\\/#primaryimage\"},\"image\":{\"@id\":\"https:\\\/\\\/www.drivelife.it\\\/news\\\/2013\\\/03\\\/31\\\/opel-adam\\\/#primaryimage\"},\"thumbnailUrl\":\"https:\\\/\\\/www.drivelife.it\\\/news\\\/wp-content\\\/uploads\\\/2013\\\/03\\\/ADAM_copyMrlukkor-49.jpg\",\"datePublished\":\"2013-03-31T05:10:42+00:00\",\"dateModified\":\"2013-03-31T05:17:37+00:00\",\"author\":{\"@id\":\"https:\\\/\\\/www.drivelife.it\\\/news\\\/#\\\/schema\\\/person\\\/b6c194c3423ff451be4914f5fd9c2188\"},\"breadcrumb\":{\"@id\":\"https:\\\/\\\/www.drivelife.it\\\/news\\\/2013\\\/03\\\/31\\\/opel-adam\\\/#breadcrumb\"},\"inLanguage\":\"en-US\",\"potentialAction\":[{\"@type\":\"ReadAction\",\"target\":[\"https:\\\/\\\/www.drivelife.it\\\/news\\\/2013\\\/03\\\/31\\\/opel-adam\\\/\"]}]},{\"@type\":\"ImageObject\",\"inLanguage\":\"en-US\",\"@id\":\"https:\\\/\\\/www.drivelife.it\\\/news\\\/2013\\\/03\\\/31\\\/opel-adam\\\/#primaryimage\",\"url\":\"https:\\\/\\\/www.drivelife.it\\\/news\\\/wp-content\\\/uploads\\\/2013\\\/03\\\/ADAM_copyMrlukkor-49.jpg\",\"contentUrl\":\"https:\\\/\\\/www.drivelife.it\\\/news\\\/wp-content\\\/uploads\\\/2013\\\/03\\\/ADAM_copyMrlukkor-49.jpg\",\"width\":\"1920\",\"height\":\"1277\",\"caption\":\"OPEL ADAM\"},{\"@type\":\"BreadcrumbList\",\"@id\":\"https:\\\/\\\/www.drivelife.it\\\/news\\\/2013\\\/03\\\/31\\\/opel-adam\\\/#breadcrumb\",\"itemListElement\":[{\"@type\":\"ListItem\",\"position\":1,\"name\":\"Home\",\"item\":\"https:\\\/\\\/www.drivelife.it\\\/news\\\/\"},{\"@type\":\"ListItem\",\"position\":2,\"name\":\"OPEL ADAM\"}]},{\"@type\":\"WebSite\",\"@id\":\"https:\\\/\\\/www.drivelife.it\\\/news\\\/#website\",\"url\":\"https:\\\/\\\/www.drivelife.it\\\/news\\\/\",\"name\":\"#lucalife\",\"description\":\"DRIVELIFE le mie automobili\",\"potentialAction\":[{\"@type\":\"SearchAction\",\"target\":{\"@type\":\"EntryPoint\",\"urlTemplate\":\"https:\\\/\\\/www.drivelife.it\\\/news\\\/?s={search_term_string}\"},\"query-input\":{\"@type\":\"PropertyValueSpecification\",\"valueRequired\":true,\"valueName\":\"search_term_string\"}}],\"inLanguage\":\"en-US\"},{\"@type\":\"Person\",\"@id\":\"https:\\\/\\\/www.drivelife.it\\\/news\\\/#\\\/schema\\\/person\\\/b6c194c3423ff451be4914f5fd9c2188\",\"name\":\"Redazione\",\"image\":{\"@type\":\"ImageObject\",\"inLanguage\":\"en-US\",\"@id\":\"https:\\\/\\\/secure.gravatar.com\\\/avatar\\\/8d186f6b07ba8a94441344759f0e13bf1909b6ceaa171df0425551b4590fd558?s=96&d=mm&r=g\",\"url\":\"https:\\\/\\\/secure.gravatar.com\\\/avatar\\\/8d186f6b07ba8a94441344759f0e13bf1909b6ceaa171df0425551b4590fd558?s=96&d=mm&r=g\",\"contentUrl\":\"https:\\\/\\\/secure.gravatar.com\\\/avatar\\\/8d186f6b07ba8a94441344759f0e13bf1909b6ceaa171df0425551b4590fd558?s=96&d=mm&r=g\",\"caption\":\"Redazione\"},\"url\":\"https:\\\/\\\/www.drivelife.it\\\/news\\\/author\\\/admin\\\/\"}]}<\/script>\n<!-- \/ Yoast SEO plugin. -->","yoast_head_json":{"title":"OPEL ADAM - #lucalife","robots":{"index":"index","follow":"follow","max-snippet":"max-snippet:-1","max-image-preview":"max-image-preview:large","max-video-preview":"max-video-preview:-1"},"canonical":"https:\/\/www.drivelife.it\/news\/2013\/03\/31\/opel-adam\/","og_locale":"en_US","og_type":"article","og_title":"OPEL ADAM - #lucalife","og_description":"UNA SETTIMANA CON\u2026 Adam\u2026 (lui? lei?) lo devi prendere con la sinistra. Voglio dire che \u00e8 l\u2019unica cosa della quale ti devi ricordare quando sali nella compatta \u2018premium\u2019 di Opel. Perch\u00e9 la cintura di sicurezza, lato driver, \u00e8 un bel po\u2019 lontana rispetto alla mia posizione di guida. Sono abituato, come molti \u2013 credo \u2013 ad allacciare le cinture di sicurezza usando la destra. Qui non ci riesco, \u00e8 l\u2019unica scomodit\u00e0, per me, della Opel. Del resto con quello sportello cos\u00ec lungo ed il montante centrale cos\u00ec arretrato non pu\u00f2 essere diversamente.","og_url":"https:\/\/www.drivelife.it\/news\/2013\/03\/31\/opel-adam\/","og_site_name":"#lucalife","article_publisher":"https:\/\/www.facebook.com\/pages\/Drivelife\/467833073239720","article_published_time":"2013-03-31T05:10:42+00:00","article_modified_time":"2013-03-31T05:17:37+00:00","og_image":[{"width":1920,"height":1277,"url":"https:\/\/www.drivelife.it\/news\/wp-content\/uploads\/2013\/03\/ADAM_copyMrlukkor-49.jpg","type":"image\/jpeg"}],"author":"Redazione","twitter_card":"summary_large_image","twitter_creator":"@tweetdrivelife","twitter_site":"@tweetdrivelife","twitter_misc":{"Written by":"Redazione","Est. reading time":"2 minutes"},"schema":{"@context":"https:\/\/schema.org","@graph":[{"@type":"Article","@id":"https:\/\/www.drivelife.it\/news\/2013\/03\/31\/opel-adam\/#article","isPartOf":{"@id":"https:\/\/www.drivelife.it\/news\/2013\/03\/31\/opel-adam\/"},"author":{"name":"Redazione","@id":"https:\/\/www.drivelife.it\/news\/#\/schema\/person\/b6c194c3423ff451be4914f5fd9c2188"},"headline":"OPEL ADAM","datePublished":"2013-03-31T05:10:42+00:00","dateModified":"2013-03-31T05:17:37+00:00","mainEntityOfPage":{"@id":"https:\/\/www.drivelife.it\/news\/2013\/03\/31\/opel-adam\/"},"wordCount":354,"commentCount":0,"image":{"@id":"https:\/\/www.drivelife.it\/news\/2013\/03\/31\/opel-adam\/#primaryimage"},"thumbnailUrl":"https:\/\/www.drivelife.it\/news\/wp-content\/uploads\/2013\/03\/ADAM_copyMrlukkor-49.jpg","keywords":["DRIVELIFE","MRLUKKOR","OPEL ADAM","photo mrlukkor"],"articleSection":["AUTOMOTIVE","OPEL","PORTFOLIO luca romano","TEST DRIVE"],"inLanguage":"en-US","potentialAction":[{"@type":"CommentAction","name":"Comment","target":["https:\/\/www.drivelife.it\/news\/2013\/03\/31\/opel-adam\/#respond"]}]},{"@type":"WebPage","@id":"https:\/\/www.drivelife.it\/news\/2013\/03\/31\/opel-adam\/","url":"https:\/\/www.drivelife.it\/news\/2013\/03\/31\/opel-adam\/","name":"OPEL ADAM - #lucalife","isPartOf":{"@id":"https:\/\/www.drivelife.it\/news\/#website"},"primaryImageOfPage":{"@id":"https:\/\/www.drivelife.it\/news\/2013\/03\/31\/opel-adam\/#primaryimage"},"image":{"@id":"https:\/\/www.drivelife.it\/news\/2013\/03\/31\/opel-adam\/#primaryimage"},"thumbnailUrl":"https:\/\/www.drivelife.it\/news\/wp-content\/uploads\/2013\/03\/ADAM_copyMrlukkor-49.jpg","datePublished":"2013-03-31T05:10:42+00:00","dateModified":"2013-03-31T05:17:37+00:00","author":{"@id":"https:\/\/www.drivelife.it\/news\/#\/schema\/person\/b6c194c3423ff451be4914f5fd9c2188"},"breadcrumb":{"@id":"https:\/\/www.drivelife.it\/news\/2013\/03\/31\/opel-adam\/#breadcrumb"},"inLanguage":"en-US","potentialAction":[{"@type":"ReadAction","target":["https:\/\/www.drivelife.it\/news\/2013\/03\/31\/opel-adam\/"]}]},{"@type":"ImageObject","inLanguage":"en-US","@id":"https:\/\/www.drivelife.it\/news\/2013\/03\/31\/opel-adam\/#primaryimage","url":"https:\/\/www.drivelife.it\/news\/wp-content\/uploads\/2013\/03\/ADAM_copyMrlukkor-49.jpg","contentUrl":"https:\/\/www.drivelife.it\/news\/wp-content\/uploads\/2013\/03\/ADAM_copyMrlukkor-49.jpg","width":"1920","height":"1277","caption":"OPEL ADAM"},{"@type":"BreadcrumbList","@id":"https:\/\/www.drivelife.it\/news\/2013\/03\/31\/opel-adam\/#breadcrumb","itemListElement":[{"@type":"ListItem","position":1,"name":"Home","item":"https:\/\/www.drivelife.it\/news\/"},{"@type":"ListItem","position":2,"name":"OPEL ADAM"}]},{"@type":"WebSite","@id":"https:\/\/www.drivelife.it\/news\/#website","url":"https:\/\/www.drivelife.it\/news\/","name":"#lucalife","description":"DRIVELIFE le mie automobili","potentialAction":[{"@type":"SearchAction","target":{"@type":"EntryPoint","urlTemplate":"https:\/\/www.drivelife.it\/news\/?s={search_term_string}"},"query-input":{"@type":"PropertyValueSpecification","valueRequired":true,"valueName":"search_term_string"}}],"inLanguage":"en-US"},{"@type":"Person","@id":"https:\/\/www.drivelife.it\/news\/#\/schema\/person\/b6c194c3423ff451be4914f5fd9c2188","name":"Redazione","image":{"@type":"ImageObject","inLanguage":"en-US","@id":"https:\/\/secure.gravatar.com\/avatar\/8d186f6b07ba8a94441344759f0e13bf1909b6ceaa171df0425551b4590fd558?s=96&d=mm&r=g","url":"https:\/\/secure.gravatar.com\/avatar\/8d186f6b07ba8a94441344759f0e13bf1909b6ceaa171df0425551b4590fd558?s=96&d=mm&r=g","contentUrl":"https:\/\/secure.gravatar.com\/avatar\/8d186f6b07ba8a94441344759f0e13bf1909b6ceaa171df0425551b4590fd558?s=96&d=mm&r=g","caption":"Redazione"},"url":"https:\/\/www.drivelife.it\/news\/author\/admin\/"}]}},"amp_enabled":true,"_links":{"self":[{"href":"https:\/\/www.drivelife.it\/news\/wp-json\/wp\/v2\/posts\/2611","targetHints":{"allow":["GET"]}}],"collection":[{"href":"https:\/\/www.drivelife.it\/news\/wp-json\/wp\/v2\/posts"}],"about":[{"href":"https:\/\/www.drivelife.it\/news\/wp-json\/wp\/v2\/types\/post"}],"author":[{"embeddable":true,"href":"https:\/\/www.drivelife.it\/news\/wp-json\/wp\/v2\/users\/1"}],"replies":[{"embeddable":true,"href":"https:\/\/www.drivelife.it\/news\/wp-json\/wp\/v2\/comments?post=2611"}],"version-history":[{"count":2,"href":"https:\/\/www.drivelife.it\/news\/wp-json\/wp\/v2\/posts\/2611\/revisions"}],"predecessor-version":[{"id":2620,"href":"https:\/\/www.drivelife.it\/news\/wp-json\/wp\/v2\/posts\/2611\/revisions\/2620"}],"wp:featuredmedia":[{"embeddable":true,"href":"https:\/\/www.drivelife.it\/news\/wp-json\/wp\/v2\/media\/2612"}],"wp:attachment":[{"href":"https:\/\/www.drivelife.it\/news\/wp-json\/wp\/v2\/media?parent=2611"}],"wp:term":[{"taxonomy":"category","embeddable":true,"href":"https:\/\/www.drivelife.it\/news\/wp-json\/wp\/v2\/categories?post=2611"},{"taxonomy":"post_tag","embeddable":true,"href":"https:\/\/www.drivelife.it\/news\/wp-json\/wp\/v2\/tags?post=2611"}],"curies":[{"name":"wp","href":"https:\/\/api.w.org\/{rel}","templated":true}]}}