{"id":2362,"date":"2013-03-04T16:52:56","date_gmt":"2013-03-04T16:52:56","guid":{"rendered":"http:\/\/www.drivelife.it\/news\/?p=2362"},"modified":"2013-03-04T16:53:48","modified_gmt":"2013-03-04T16:53:48","slug":"mini-2","status":"publish","type":"post","link":"https:\/\/www.drivelife.it\/news\/2013\/03\/04\/mini-2\/","title":{"rendered":"MINI"},"content":{"rendered":"<h1><strong>QUATTRO VINCENTE<\/strong><\/h1>\n<p><strong>LA MINI JOHN COOPER WORKS<\/strong><br \/>\n<strong>COUNTRYMAN ALL4 DAKAR WINNER 2013\u00a0<\/strong><br \/>\nMINI festeggia il suo secondo trionfo consecutivo nel rally pi\u00f9 duro del mondo con un\u2019edizione speciale molto limitata \u2013 la super sportiva a quattro ruote motrici con elementi del design e degli allestimenti realizzati in parte a mano che ricordano la vittoriosa MINI ALL4 Racing di St\u00e9phane Peterhansel e Jean-Paul Cottret.<\/p>\n\n\t\t<style>\n\t\t\t#gallery-1 {\n\t\t\t\tmargin: auto;\n\t\t\t}\n\t\t\t#gallery-1 .gallery-item {\n\t\t\t\tfloat: left;\n\t\t\t\tmargin-top: 10px;\n\t\t\t\ttext-align: center;\n\t\t\t\twidth: 11%;\n\t\t\t}\n\t\t\t#gallery-1 img {\n\t\t\t\tborder: 2px solid #cfcfcf;\n\t\t\t}\n\t\t\t#gallery-1 .gallery-caption {\n\t\t\t\tmargin-left: 0;\n\t\t\t}\n\t\t\t\/* see gallery_shortcode() in wp-includes\/media.php *\/\n\t\t<\/style>\n\t\t<div id='gallery-1' class='gallery galleryid-2362 gallery-columns-9 gallery-size-thumbnail'><dl class='gallery-item'>\n\t\t\t<dt class='gallery-icon landscape'>\n\t\t\t\t<a href='https:\/\/www.drivelife.it\/news\/2013\/03\/04\/mini-2\/drivelife_mini-dakar-winner\/'><img loading=\"lazy\" decoding=\"async\" width=\"150\" height=\"150\" src=\"https:\/\/www.drivelife.it\/news\/wp-content\/uploads\/2013\/03\/DRIVELIFE_MINI-DAKAR-WINNER-150x150.jpg\" class=\"attachment-thumbnail size-thumbnail no-lazy\" alt=\"DRIVELIFE_MINI-DAKAR-WINNER\" aria-describedby=\"gallery-1-2363\" srcset=\"https:\/\/www.drivelife.it\/news\/wp-content\/uploads\/2013\/03\/DRIVELIFE_MINI-DAKAR-WINNER-150x150.jpg 150w, https:\/\/www.drivelife.it\/news\/wp-content\/uploads\/2013\/03\/DRIVELIFE_MINI-DAKAR-WINNER-310x310.jpg 310w\" sizes=\"auto, (max-width: 150px) 100vw, 150px\" \/><\/a>\n\t\t\t<\/dt>\n\t\t\t\t<dd class='wp-caption-text gallery-caption' id='gallery-1-2363'>\n\t\t\t\tDRIVELIFE_MINI-DAKAR-WINNER\n\t\t\t\t<\/dd><\/dl><dl class='gallery-item'>\n\t\t\t<dt class='gallery-icon landscape'>\n\t\t\t\t<a href='https:\/\/www.drivelife.it\/news\/2013\/03\/04\/mini-2\/drivelife_mini-dakar-winner_2\/'><img loading=\"lazy\" decoding=\"async\" width=\"150\" height=\"150\" src=\"https:\/\/www.drivelife.it\/news\/wp-content\/uploads\/2013\/03\/DRIVELIFE_MINI-DAKAR-WINNER_2-150x150.jpg\" class=\"attachment-thumbnail size-thumbnail no-lazy\" alt=\"\" srcset=\"https:\/\/www.drivelife.it\/news\/wp-content\/uploads\/2013\/03\/DRIVELIFE_MINI-DAKAR-WINNER_2-150x150.jpg 150w, https:\/\/www.drivelife.it\/news\/wp-content\/uploads\/2013\/03\/DRIVELIFE_MINI-DAKAR-WINNER_2-310x310.jpg 310w\" sizes=\"auto, (max-width: 150px) 100vw, 150px\" \/><\/a>\n\t\t\t<\/dt><\/dl><dl class='gallery-item'>\n\t\t\t<dt class='gallery-icon landscape'>\n\t\t\t\t<a href='https:\/\/www.drivelife.it\/news\/2013\/03\/04\/mini-2\/drivelife_mini-dakar-winner_3\/'><img loading=\"lazy\" decoding=\"async\" width=\"150\" height=\"150\" src=\"https:\/\/www.drivelife.it\/news\/wp-content\/uploads\/2013\/03\/DRIVELIFE_MINI-DAKAR-WINNER_3-150x150.jpg\" class=\"attachment-thumbnail size-thumbnail no-lazy\" alt=\"\" srcset=\"https:\/\/www.drivelife.it\/news\/wp-content\/uploads\/2013\/03\/DRIVELIFE_MINI-DAKAR-WINNER_3-150x150.jpg 150w, https:\/\/www.drivelife.it\/news\/wp-content\/uploads\/2013\/03\/DRIVELIFE_MINI-DAKAR-WINNER_3-310x310.jpg 310w\" sizes=\"auto, (max-width: 150px) 100vw, 150px\" \/><\/a>\n\t\t\t<\/dt><\/dl><dl class='gallery-item'>\n\t\t\t<dt class='gallery-icon landscape'>\n\t\t\t\t<a href='https:\/\/www.drivelife.it\/news\/2013\/03\/04\/mini-2\/drivelife_mini-dakar-winner_4\/'><img loading=\"lazy\" decoding=\"async\" width=\"150\" height=\"150\" src=\"https:\/\/www.drivelife.it\/news\/wp-content\/uploads\/2013\/03\/DRIVELIFE_MINI-DAKAR-WINNER_4-150x150.jpg\" class=\"attachment-thumbnail size-thumbnail no-lazy\" alt=\"\" srcset=\"https:\/\/www.drivelife.it\/news\/wp-content\/uploads\/2013\/03\/DRIVELIFE_MINI-DAKAR-WINNER_4-150x150.jpg 150w, https:\/\/www.drivelife.it\/news\/wp-content\/uploads\/2013\/03\/DRIVELIFE_MINI-DAKAR-WINNER_4-310x310.jpg 310w\" sizes=\"auto, (max-width: 150px) 100vw, 150px\" \/><\/a>\n\t\t\t<\/dt><\/dl><dl class='gallery-item'>\n\t\t\t<dt class='gallery-icon landscape'>\n\t\t\t\t<a href='https:\/\/www.drivelife.it\/news\/2013\/03\/04\/mini-2\/drivelife_mini-dakar-winner_5\/'><img loading=\"lazy\" decoding=\"async\" width=\"150\" height=\"150\" src=\"https:\/\/www.drivelife.it\/news\/wp-content\/uploads\/2013\/03\/DRIVELIFE_MINI-DAKAR-WINNER_5-150x150.jpg\" class=\"attachment-thumbnail size-thumbnail no-lazy\" alt=\"\" srcset=\"https:\/\/www.drivelife.it\/news\/wp-content\/uploads\/2013\/03\/DRIVELIFE_MINI-DAKAR-WINNER_5-150x150.jpg 150w, https:\/\/www.drivelife.it\/news\/wp-content\/uploads\/2013\/03\/DRIVELIFE_MINI-DAKAR-WINNER_5-310x310.jpg 310w\" sizes=\"auto, (max-width: 150px) 100vw, 150px\" \/><\/a>\n\t\t\t<\/dt><\/dl><dl class='gallery-item'>\n\t\t\t<dt class='gallery-icon landscape'>\n\t\t\t\t<a href='https:\/\/www.drivelife.it\/news\/2013\/03\/04\/mini-2\/drivelife_mini-dakar-winner_6\/'><img loading=\"lazy\" decoding=\"async\" width=\"150\" height=\"150\" src=\"https:\/\/www.drivelife.it\/news\/wp-content\/uploads\/2013\/03\/DRIVELIFE_MINI-DAKAR-WINNER_6-150x150.jpg\" class=\"attachment-thumbnail size-thumbnail no-lazy\" alt=\"\" srcset=\"https:\/\/www.drivelife.it\/news\/wp-content\/uploads\/2013\/03\/DRIVELIFE_MINI-DAKAR-WINNER_6-150x150.jpg 150w, https:\/\/www.drivelife.it\/news\/wp-content\/uploads\/2013\/03\/DRIVELIFE_MINI-DAKAR-WINNER_6-310x310.jpg 310w\" sizes=\"auto, (max-width: 150px) 100vw, 150px\" \/><\/a>\n\t\t\t<\/dt><\/dl><dl class='gallery-item'>\n\t\t\t<dt class='gallery-icon landscape'>\n\t\t\t\t<a href='https:\/\/www.drivelife.it\/news\/2013\/03\/04\/mini-2\/drivelife_mini-dakar-winner_7\/'><img loading=\"lazy\" decoding=\"async\" width=\"150\" height=\"150\" src=\"https:\/\/www.drivelife.it\/news\/wp-content\/uploads\/2013\/03\/DRIVELIFE_MINI-DAKAR-WINNER_7-150x150.jpg\" class=\"attachment-thumbnail size-thumbnail no-lazy\" alt=\"\" srcset=\"https:\/\/www.drivelife.it\/news\/wp-content\/uploads\/2013\/03\/DRIVELIFE_MINI-DAKAR-WINNER_7-150x150.jpg 150w, https:\/\/www.drivelife.it\/news\/wp-content\/uploads\/2013\/03\/DRIVELIFE_MINI-DAKAR-WINNER_7-310x310.jpg 310w\" sizes=\"auto, (max-width: 150px) 100vw, 150px\" \/><\/a>\n\t\t\t<\/dt><\/dl><dl class='gallery-item'>\n\t\t\t<dt class='gallery-icon landscape'>\n\t\t\t\t<a href='https:\/\/www.drivelife.it\/news\/2013\/03\/04\/mini-2\/drivelife_mini-dakar-winner_8\/'><img loading=\"lazy\" decoding=\"async\" width=\"150\" height=\"150\" src=\"https:\/\/www.drivelife.it\/news\/wp-content\/uploads\/2013\/03\/DRIVELIFE_MINI-DAKAR-WINNER_8-150x150.jpg\" class=\"attachment-thumbnail size-thumbnail no-lazy\" alt=\"\" srcset=\"https:\/\/www.drivelife.it\/news\/wp-content\/uploads\/2013\/03\/DRIVELIFE_MINI-DAKAR-WINNER_8-150x150.jpg 150w, https:\/\/www.drivelife.it\/news\/wp-content\/uploads\/2013\/03\/DRIVELIFE_MINI-DAKAR-WINNER_8-310x310.jpg 310w\" sizes=\"auto, (max-width: 150px) 100vw, 150px\" \/><\/a>\n\t\t\t<\/dt><\/dl><dl class='gallery-item'>\n\t\t\t<dt class='gallery-icon landscape'>\n\t\t\t\t<a href='https:\/\/www.drivelife.it\/news\/2013\/03\/04\/mini-2\/drivelife_mini-dakar-winner_9\/'><img loading=\"lazy\" decoding=\"async\" width=\"150\" height=\"150\" src=\"https:\/\/www.drivelife.it\/news\/wp-content\/uploads\/2013\/03\/DRIVELIFE_MINI-DAKAR-WINNER_9-150x150.jpg\" class=\"attachment-thumbnail size-thumbnail no-lazy\" alt=\"\" srcset=\"https:\/\/www.drivelife.it\/news\/wp-content\/uploads\/2013\/03\/DRIVELIFE_MINI-DAKAR-WINNER_9-150x150.jpg 150w, https:\/\/www.drivelife.it\/news\/wp-content\/uploads\/2013\/03\/DRIVELIFE_MINI-DAKAR-WINNER_9-310x310.jpg 310w\" sizes=\"auto, (max-width: 150px) 100vw, 150px\" \/><\/a>\n\t\t\t<\/dt><\/dl><br style=\"clear: both\" \/><dl class='gallery-item'>\n\t\t\t<dt class='gallery-icon landscape'>\n\t\t\t\t<a href='https:\/\/www.drivelife.it\/news\/2013\/03\/04\/mini-2\/drivelife_mini-dakar-winner_10\/'><img loading=\"lazy\" decoding=\"async\" width=\"150\" height=\"150\" src=\"https:\/\/www.drivelife.it\/news\/wp-content\/uploads\/2013\/03\/DRIVELIFE_MINI-DAKAR-WINNER_10-150x150.jpg\" class=\"attachment-thumbnail size-thumbnail no-lazy\" alt=\"\" srcset=\"https:\/\/www.drivelife.it\/news\/wp-content\/uploads\/2013\/03\/DRIVELIFE_MINI-DAKAR-WINNER_10-150x150.jpg 150w, https:\/\/www.drivelife.it\/news\/wp-content\/uploads\/2013\/03\/DRIVELIFE_MINI-DAKAR-WINNER_10-310x310.jpg 310w\" sizes=\"auto, (max-width: 150px) 100vw, 150px\" \/><\/a>\n\t\t\t<\/dt><\/dl><dl class='gallery-item'>\n\t\t\t<dt class='gallery-icon landscape'>\n\t\t\t\t<a href='https:\/\/www.drivelife.it\/news\/2013\/03\/04\/mini-2\/drivelife_mini-dakar-winner_11\/'><img loading=\"lazy\" decoding=\"async\" width=\"150\" height=\"150\" src=\"https:\/\/www.drivelife.it\/news\/wp-content\/uploads\/2013\/03\/DRIVELIFE_MINI-DAKAR-WINNER_11-150x150.jpg\" class=\"attachment-thumbnail size-thumbnail no-lazy\" alt=\"\" srcset=\"https:\/\/www.drivelife.it\/news\/wp-content\/uploads\/2013\/03\/DRIVELIFE_MINI-DAKAR-WINNER_11-150x150.jpg 150w, https:\/\/www.drivelife.it\/news\/wp-content\/uploads\/2013\/03\/DRIVELIFE_MINI-DAKAR-WINNER_11-310x310.jpg 310w\" sizes=\"auto, (max-width: 150px) 100vw, 150px\" \/><\/a>\n\t\t\t<\/dt><\/dl><dl class='gallery-item'>\n\t\t\t<dt class='gallery-icon landscape'>\n\t\t\t\t<a href='https:\/\/www.drivelife.it\/news\/2013\/03\/04\/mini-2\/drivelife_mini-dakar-winner_12\/'><img loading=\"lazy\" decoding=\"async\" width=\"150\" height=\"150\" src=\"https:\/\/www.drivelife.it\/news\/wp-content\/uploads\/2013\/03\/DRIVELIFE_MINI-DAKAR-WINNER_12-150x150.jpg\" class=\"attachment-thumbnail size-thumbnail no-lazy\" alt=\"\" srcset=\"https:\/\/www.drivelife.it\/news\/wp-content\/uploads\/2013\/03\/DRIVELIFE_MINI-DAKAR-WINNER_12-150x150.jpg 150w, https:\/\/www.drivelife.it\/news\/wp-content\/uploads\/2013\/03\/DRIVELIFE_MINI-DAKAR-WINNER_12-310x310.jpg 310w\" sizes=\"auto, (max-width: 150px) 100vw, 150px\" \/><\/a>\n\t\t\t<\/dt><\/dl><dl class='gallery-item'>\n\t\t\t<dt class='gallery-icon landscape'>\n\t\t\t\t<a href='https:\/\/www.drivelife.it\/news\/2013\/03\/04\/mini-2\/drivelife_mini-dakar-winner_13\/'><img loading=\"lazy\" decoding=\"async\" width=\"150\" height=\"150\" src=\"https:\/\/www.drivelife.it\/news\/wp-content\/uploads\/2013\/03\/DRIVELIFE_MINI-DAKAR-WINNER_13-150x150.jpg\" class=\"attachment-thumbnail size-thumbnail no-lazy\" alt=\"\" srcset=\"https:\/\/www.drivelife.it\/news\/wp-content\/uploads\/2013\/03\/DRIVELIFE_MINI-DAKAR-WINNER_13-150x150.jpg 150w, https:\/\/www.drivelife.it\/news\/wp-content\/uploads\/2013\/03\/DRIVELIFE_MINI-DAKAR-WINNER_13-310x310.jpg 310w\" sizes=\"auto, (max-width: 150px) 100vw, 150px\" \/><\/a>\n\t\t\t<\/dt><\/dl><dl class='gallery-item'>\n\t\t\t<dt class='gallery-icon landscape'>\n\t\t\t\t<a href='https:\/\/www.drivelife.it\/news\/2013\/03\/04\/mini-2\/drivelife_mini-dakar-winner_14\/'><img loading=\"lazy\" decoding=\"async\" width=\"150\" height=\"150\" src=\"https:\/\/www.drivelife.it\/news\/wp-content\/uploads\/2013\/03\/DRIVELIFE_MINI-DAKAR-WINNER_14-150x150.jpg\" class=\"attachment-thumbnail size-thumbnail no-lazy\" alt=\"\" srcset=\"https:\/\/www.drivelife.it\/news\/wp-content\/uploads\/2013\/03\/DRIVELIFE_MINI-DAKAR-WINNER_14-150x150.jpg 150w, https:\/\/www.drivelife.it\/news\/wp-content\/uploads\/2013\/03\/DRIVELIFE_MINI-DAKAR-WINNER_14-310x310.jpg 310w\" sizes=\"auto, (max-width: 150px) 100vw, 150px\" \/><\/a>\n\t\t\t<\/dt><\/dl><dl class='gallery-item'>\n\t\t\t<dt class='gallery-icon landscape'>\n\t\t\t\t<a href='https:\/\/www.drivelife.it\/news\/2013\/03\/04\/mini-2\/drivelife_mini-dakar-winner_15\/'><img loading=\"lazy\" decoding=\"async\" width=\"150\" height=\"150\" src=\"https:\/\/www.drivelife.it\/news\/wp-content\/uploads\/2013\/03\/DRIVELIFE_MINI-DAKAR-WINNER_15-150x150.jpg\" class=\"attachment-thumbnail size-thumbnail no-lazy\" alt=\"\" srcset=\"https:\/\/www.drivelife.it\/news\/wp-content\/uploads\/2013\/03\/DRIVELIFE_MINI-DAKAR-WINNER_15-150x150.jpg 150w, https:\/\/www.drivelife.it\/news\/wp-content\/uploads\/2013\/03\/DRIVELIFE_MINI-DAKAR-WINNER_15-310x310.jpg 310w\" sizes=\"auto, (max-width: 150px) 100vw, 150px\" \/><\/a>\n\t\t\t<\/dt><\/dl><dl class='gallery-item'>\n\t\t\t<dt class='gallery-icon landscape'>\n\t\t\t\t<a href='https:\/\/www.drivelife.it\/news\/2013\/03\/04\/mini-2\/drivelife_mini-dakar-winner_16\/'><img loading=\"lazy\" decoding=\"async\" width=\"150\" height=\"150\" src=\"https:\/\/www.drivelife.it\/news\/wp-content\/uploads\/2013\/03\/DRIVELIFE_MINI-DAKAR-WINNER_16-150x150.jpg\" class=\"attachment-thumbnail size-thumbnail no-lazy\" alt=\"\" srcset=\"https:\/\/www.drivelife.it\/news\/wp-content\/uploads\/2013\/03\/DRIVELIFE_MINI-DAKAR-WINNER_16-150x150.jpg 150w, https:\/\/www.drivelife.it\/news\/wp-content\/uploads\/2013\/03\/DRIVELIFE_MINI-DAKAR-WINNER_16-310x310.jpg 310w\" sizes=\"auto, (max-width: 150px) 100vw, 150px\" \/><\/a>\n\t\t\t<\/dt><\/dl><dl class='gallery-item'>\n\t\t\t<dt class='gallery-icon landscape'>\n\t\t\t\t<a href='https:\/\/www.drivelife.it\/news\/2013\/03\/04\/mini-2\/drivelife_mini-dakar-winner_17\/'><img loading=\"lazy\" decoding=\"async\" width=\"150\" height=\"150\" src=\"https:\/\/www.drivelife.it\/news\/wp-content\/uploads\/2013\/03\/DRIVELIFE_MINI-DAKAR-WINNER_17-150x150.jpg\" class=\"attachment-thumbnail size-thumbnail no-lazy\" alt=\"\" srcset=\"https:\/\/www.drivelife.it\/news\/wp-content\/uploads\/2013\/03\/DRIVELIFE_MINI-DAKAR-WINNER_17-150x150.jpg 150w, https:\/\/www.drivelife.it\/news\/wp-content\/uploads\/2013\/03\/DRIVELIFE_MINI-DAKAR-WINNER_17-310x310.jpg 310w\" sizes=\"auto, (max-width: 150px) 100vw, 150px\" \/><\/a>\n\t\t\t<\/dt><\/dl><dl class='gallery-item'>\n\t\t\t<dt class='gallery-icon landscape'>\n\t\t\t\t<a href='https:\/\/www.drivelife.it\/news\/2013\/03\/04\/mini-2\/drivelife_mini-dakar-winner_18\/'><img loading=\"lazy\" decoding=\"async\" width=\"150\" height=\"150\" src=\"https:\/\/www.drivelife.it\/news\/wp-content\/uploads\/2013\/03\/DRIVELIFE_MINI-DAKAR-WINNER_18-150x150.jpg\" class=\"attachment-thumbnail size-thumbnail no-lazy\" alt=\"\" srcset=\"https:\/\/www.drivelife.it\/news\/wp-content\/uploads\/2013\/03\/DRIVELIFE_MINI-DAKAR-WINNER_18-150x150.jpg 150w, https:\/\/www.drivelife.it\/news\/wp-content\/uploads\/2013\/03\/DRIVELIFE_MINI-DAKAR-WINNER_18-310x310.jpg 310w\" sizes=\"auto, (max-width: 150px) 100vw, 150px\" \/><\/a>\n\t\t\t<\/dt><\/dl><br style=\"clear: both\" \/><dl class='gallery-item'>\n\t\t\t<dt class='gallery-icon landscape'>\n\t\t\t\t<a href='https:\/\/www.drivelife.it\/news\/2013\/03\/04\/mini-2\/drivelife_mini-dakar-winner_19\/'><img loading=\"lazy\" decoding=\"async\" width=\"150\" height=\"150\" src=\"https:\/\/www.drivelife.it\/news\/wp-content\/uploads\/2013\/03\/DRIVELIFE_MINI-DAKAR-WINNER_19-150x150.jpg\" class=\"attachment-thumbnail size-thumbnail no-lazy\" alt=\"\" srcset=\"https:\/\/www.drivelife.it\/news\/wp-content\/uploads\/2013\/03\/DRIVELIFE_MINI-DAKAR-WINNER_19-150x150.jpg 150w, https:\/\/www.drivelife.it\/news\/wp-content\/uploads\/2013\/03\/DRIVELIFE_MINI-DAKAR-WINNER_19-310x310.jpg 310w\" sizes=\"auto, (max-width: 150px) 100vw, 150px\" \/><\/a>\n\t\t\t<\/dt><\/dl><dl class='gallery-item'>\n\t\t\t<dt class='gallery-icon landscape'>\n\t\t\t\t<a href='https:\/\/www.drivelife.it\/news\/2013\/03\/04\/mini-2\/drivelife_mini-dakar-winner_20\/'><img loading=\"lazy\" decoding=\"async\" width=\"150\" height=\"150\" src=\"https:\/\/www.drivelife.it\/news\/wp-content\/uploads\/2013\/03\/DRIVELIFE_MINI-DAKAR-WINNER_20-150x150.jpg\" class=\"attachment-thumbnail size-thumbnail no-lazy\" alt=\"\" srcset=\"https:\/\/www.drivelife.it\/news\/wp-content\/uploads\/2013\/03\/DRIVELIFE_MINI-DAKAR-WINNER_20-150x150.jpg 150w, https:\/\/www.drivelife.it\/news\/wp-content\/uploads\/2013\/03\/DRIVELIFE_MINI-DAKAR-WINNER_20-310x310.jpg 310w\" sizes=\"auto, (max-width: 150px) 100vw, 150px\" \/><\/a>\n\t\t\t<\/dt><\/dl>\n\t\t\t<br style='clear: both' \/>\n\t\t<\/div>\n\n<p>&nbsp;<\/p>\n<p><!--more--><\/p>\n<p>Monaco Il successo nel mondo delle corse non riserva solo titoli e trofei, bens\u00ec anche un maggiore divertimento di guida su strada.<br \/>\nL\u2019esempio pi\u00f9 recente \u00e8 la MINI John Cooper Works Countryman ALL4 Dakar Winner 2013. Con questa edizione speciale, MINI e John Cooper Works festeggiano l\u2019ultimo trionfo nel rally Dakar 2013.<br \/>\n\u00c8 la seconda volta consecutiva che il duo francese formato da St\u00e9phane Peterhansel e Jean-Paul Cottret con la loro MINI ALL4 Racing conquistano la vittoria generale nel rally raid pi\u00f9 difficile al mondo.<\/p>\n<p>In linea con l\u2019undicesima vittoria di Peterhansel nella Dakar, la MINI John Cooper Works Countryman ALL4 Dakar Winner 2013 \u00e8 l\u2019omaggio dedicato alla vettura da rally in undici esemplari, che con le sue eccezionali caratteristiche di design e di allestimento \u00e8 l\u2018espressione autentica non solo dell\u2019entusiasmo per le prestazioni eccezionali nella competizione sportiva, ma anche dell\u2019euforia per la recente vittoria nella Dakar.<\/p>\n<p>L\u2019edizione speciale si basa sulla MINI John Cooper Works Countryman, il primo modello del marchio ad aver combinato la tecnologia derivata dal mondo delle corse applicata al motore e all\u2018assetto e la trazione integrale collaudata sulle piste da rally.<br \/>\nALL4 assicura un\u2019ottima trazione e stabilit\u00e0 di guida in ogni condizione atmosferica e della carreggiata offrendo inoltre una maggiore agilit\u00e0 nella guida dinamica in curva. Nel rally Dakar 2013 la ripartizione variabile della coppia motrice tra l&#8217;asse anteriore e quello posteriore ha contribuito a dare un\u2019incontenibile spinta in avanti non solo alla MINI ALL4 Racing.<br \/>\nAnche la MINI Countryman, impiegata di supporto dalla fortunata squadra del Monster Energy X-raid Team,\u00a0grazie a ALL4 ha superato in modo tanto inarrestabile quanto affidabile le 14 tappe che separano la capitale peruviana di Lima da Santiago del Cile. Nella MINI John Cooper Works Countryman ALL4 Dakar Winner 2013 la trazione integrale trasferisce la forza del suo potente motore turbo quattro cilindri da 160 kW\/218 CV a tutt\u2018e quattro le ruote in base al fabbisogno momentaneo. Ispirata al colore straordinario della carrozzeria della fortunata MINI ALL4 Racing, questa edizione speciale realizzata nel colore nero opaco \u00e8 dotata anche di specifici elementi caratteristici del design, sia all\u2019esterno che negli interni, eseguiti nel colore verde brillante.<\/p>\n<p>Ne sono un esempio le Sport Stripes, che sul cofano motore riproducono il logo del vincitore del rally Dakar nonch\u00e9 la firma del pilota di successo Peterhansel. In aggiunta alle strisce laterali verdi, con la scritta \u201cMINI ALL4 Racing\u201d, le portiere sia sul lato guidatore che passeggero recano anche il numero 302 e i nomi del duo vincente. L\u2019emblema del vincitore della Dakar \u00e8 inoltre applicato parallelamente al logo John Cooper Works sul retro.<\/p>\n<p>L\u2019interno dell\u2019abitacolo presenta oltre alle cuciture a contrasto per il soffietto della leva del cambio ed i tappetini e al logo del vincitore ricamato sui poggiatesta anche le strisce di colore verde per le modanature interne nere sulla console centrale. Il simbolo dell\u2019edizione con numero progressivo applicato sulla modanatura interna al di sopra del cassetto portaguanti, un volante e sedili sportivi John Cooper Works nella versione pelle Gravity Black contribuiscono anch\u2019essi a ricreare nel cockpit l\u2018atmosfera tipica di una vettura sportiva.<br \/>\nLuci aggiuntive, cornici degli indicatori di direzione laterali specifiche per questo modello e cerchi in lega da 19 pollici nel design Cross-Spoke Crusher completano l\u2019allestimento esclusivo della MINI John Cooper Works Countryman ALL4 Dakar Winner 2013. Per Peterhansel si \u00e8 trattato del secondo successo con la MINI ALL4 Racing ed \u00e8 stata anche l\u2019undicesima vittoria nella Dakar della sua carriera.<\/p>\n<p><strong>Di conseguenza, la MINI John Cooper Works Countryman ALL4 Dakar Winner 2013 \u00e8 stata realizzata in un\u2019edizione limitata a undici esemplari che saranno venduti esclusivamente in Francia, patria di St\u00e9phane Peterhansel.<\/strong><\/p>\n<p><a href=\"http:\/\/www.drivelife.it\/news\/wp-content\/uploads\/2013\/03\/DRIVELIFE_MINI-DAKAR-WINNER_10.jpg\"><img loading=\"lazy\" decoding=\"async\" class=\"alignnone size-large wp-image-2372\" title=\"DRIVELIFE_MINI-DAKAR-WINNER_10\" src=\"http:\/\/www.drivelife.it\/news\/wp-content\/uploads\/2013\/03\/DRIVELIFE_MINI-DAKAR-WINNER_10-751x500.jpg\" alt=\"\" width=\"751\" height=\"500\" srcset=\"https:\/\/www.drivelife.it\/news\/wp-content\/uploads\/2013\/03\/DRIVELIFE_MINI-DAKAR-WINNER_10-751x500.jpg 751w, https:\/\/www.drivelife.it\/news\/wp-content\/uploads\/2013\/03\/DRIVELIFE_MINI-DAKAR-WINNER_10-620x412.jpg 620w, https:\/\/www.drivelife.it\/news\/wp-content\/uploads\/2013\/03\/DRIVELIFE_MINI-DAKAR-WINNER_10-590x392.jpg 590w, https:\/\/www.drivelife.it\/news\/wp-content\/uploads\/2013\/03\/DRIVELIFE_MINI-DAKAR-WINNER_10-950x632.jpg 950w, https:\/\/www.drivelife.it\/news\/wp-content\/uploads\/2013\/03\/DRIVELIFE_MINI-DAKAR-WINNER_10.jpg 1920w\" sizes=\"auto, (max-width: 751px) 100vw, 751px\" \/><\/a><\/p>\n<p><em>(Fonte: testo redatto dall&#8217;Ufficio Stampa BMW Italia\/MINI)<\/em><\/p>\n","protected":false},"excerpt":{"rendered":"<p>QUATTRO VINCENTE LA MINI JOHN COOPER WORKS COUNTRYMAN ALL4 DAKAR WINNER 2013\u00a0 MINI festeggia il suo secondo trionfo consecutivo nel rally pi\u00f9 duro del mondo con un\u2019edizione speciale molto limitata \u2013 la super sportiva a quattro ruote motrici con elementi del design e degli allestimenti realizzati in parte a mano che ricordano la vittoriosa MINI ALL4 Racing di St\u00e9phane Peterhansel e Jean-Paul Cottret. &nbsp;<\/p>\n","protected":false},"author":1,"featured_media":2363,"comment_status":"open","ping_status":"open","sticky":false,"template":"","format":"standard","meta":{"ngg_post_thumbnail":0,"footnotes":""},"categories":[39,52,47,55],"tags":[159,37,70,805,809],"class_list":["post-2362","post","type-post","status-publish","format-standard","has-post-thumbnail","hentry","category-automotive","category-gallery","category-mini","category-news","tag-dakar-winner","tag-drivelife","tag-gallery-2","tag-mini","tag-news"],"yoast_head":"<!-- This site is optimized with the Yoast SEO plugin v27.5 - https:\/\/yoast.com\/product\/yoast-seo-wordpress\/ -->\n<title>MINI - #lucalife<\/title>\n<meta name=\"robots\" content=\"index, follow, max-snippet:-1, max-image-preview:large, max-video-preview:-1\" \/>\n<link rel=\"canonical\" href=\"https:\/\/www.drivelife.it\/news\/2013\/03\/04\/mini-2\/\" \/>\n<meta property=\"og:locale\" content=\"en_US\" \/>\n<meta property=\"og:type\" content=\"article\" \/>\n<meta property=\"og:title\" content=\"MINI - #lucalife\" \/>\n<meta property=\"og:description\" content=\"QUATTRO VINCENTE LA MINI JOHN COOPER WORKS COUNTRYMAN ALL4 DAKAR WINNER 2013\u00a0 MINI festeggia il suo secondo trionfo consecutivo nel rally pi\u00f9 duro del mondo con un\u2019edizione speciale molto limitata \u2013 la super sportiva a quattro ruote motrici con elementi del design e degli allestimenti realizzati in parte a mano che ricordano la vittoriosa MINI ALL4 Racing di St\u00e9phane Peterhansel e Jean-Paul Cottret. &nbsp;\" \/>\n<meta property=\"og:url\" content=\"https:\/\/www.drivelife.it\/news\/2013\/03\/04\/mini-2\/\" \/>\n<meta property=\"og:site_name\" content=\"#lucalife\" \/>\n<meta property=\"article:publisher\" content=\"https:\/\/www.facebook.com\/pages\/Drivelife\/467833073239720\" \/>\n<meta property=\"article:published_time\" content=\"2013-03-04T16:52:56+00:00\" \/>\n<meta property=\"article:modified_time\" content=\"2013-03-04T16:53:48+00:00\" \/>\n<meta property=\"og:image\" content=\"https:\/\/www.drivelife.it\/news\/wp-content\/uploads\/2013\/03\/DRIVELIFE_MINI-DAKAR-WINNER.jpg\" \/>\n\t<meta property=\"og:image:width\" content=\"1920\" \/>\n\t<meta property=\"og:image:height\" content=\"1278\" \/>\n\t<meta property=\"og:image:type\" content=\"image\/jpeg\" \/>\n<meta name=\"author\" content=\"Redazione\" \/>\n<meta name=\"twitter:card\" content=\"summary_large_image\" \/>\n<meta name=\"twitter:creator\" content=\"@tweetdrivelife\" \/>\n<meta name=\"twitter:site\" content=\"@tweetdrivelife\" \/>\n<meta name=\"twitter:label1\" content=\"Written by\" \/>\n\t<meta name=\"twitter:data1\" content=\"Redazione\" \/>\n\t<meta name=\"twitter:label2\" content=\"Est. reading time\" \/>\n\t<meta name=\"twitter:data2\" content=\"3 minutes\" \/>\n<script type=\"application\/ld+json\" class=\"yoast-schema-graph\">{\"@context\":\"https:\\\/\\\/schema.org\",\"@graph\":[{\"@type\":\"Article\",\"@id\":\"https:\\\/\\\/www.drivelife.it\\\/news\\\/2013\\\/03\\\/04\\\/mini-2\\\/#article\",\"isPartOf\":{\"@id\":\"https:\\\/\\\/www.drivelife.it\\\/news\\\/2013\\\/03\\\/04\\\/mini-2\\\/\"},\"author\":{\"name\":\"Redazione\",\"@id\":\"https:\\\/\\\/www.drivelife.it\\\/news\\\/#\\\/schema\\\/person\\\/b6c194c3423ff451be4914f5fd9c2188\"},\"headline\":\"MINI\",\"datePublished\":\"2013-03-04T16:52:56+00:00\",\"dateModified\":\"2013-03-04T16:53:48+00:00\",\"mainEntityOfPage\":{\"@id\":\"https:\\\/\\\/www.drivelife.it\\\/news\\\/2013\\\/03\\\/04\\\/mini-2\\\/\"},\"wordCount\":683,\"commentCount\":0,\"image\":{\"@id\":\"https:\\\/\\\/www.drivelife.it\\\/news\\\/2013\\\/03\\\/04\\\/mini-2\\\/#primaryimage\"},\"thumbnailUrl\":\"https:\\\/\\\/www.drivelife.it\\\/news\\\/wp-content\\\/uploads\\\/2013\\\/03\\\/DRIVELIFE_MINI-DAKAR-WINNER.jpg\",\"keywords\":[\"DAKAR WINNER\",\"DRIVELIFE\",\"GALLERY\",\"MINI\",\"NEWS\"],\"articleSection\":[\"AUTOMOTIVE\",\"GALLERY AUTOMOTIVE\",\"MINI\",\"NEWS\"],\"inLanguage\":\"en-US\",\"potentialAction\":[{\"@type\":\"CommentAction\",\"name\":\"Comment\",\"target\":[\"https:\\\/\\\/www.drivelife.it\\\/news\\\/2013\\\/03\\\/04\\\/mini-2\\\/#respond\"]}]},{\"@type\":\"WebPage\",\"@id\":\"https:\\\/\\\/www.drivelife.it\\\/news\\\/2013\\\/03\\\/04\\\/mini-2\\\/\",\"url\":\"https:\\\/\\\/www.drivelife.it\\\/news\\\/2013\\\/03\\\/04\\\/mini-2\\\/\",\"name\":\"MINI - #lucalife\",\"isPartOf\":{\"@id\":\"https:\\\/\\\/www.drivelife.it\\\/news\\\/#website\"},\"primaryImageOfPage\":{\"@id\":\"https:\\\/\\\/www.drivelife.it\\\/news\\\/2013\\\/03\\\/04\\\/mini-2\\\/#primaryimage\"},\"image\":{\"@id\":\"https:\\\/\\\/www.drivelife.it\\\/news\\\/2013\\\/03\\\/04\\\/mini-2\\\/#primaryimage\"},\"thumbnailUrl\":\"https:\\\/\\\/www.drivelife.it\\\/news\\\/wp-content\\\/uploads\\\/2013\\\/03\\\/DRIVELIFE_MINI-DAKAR-WINNER.jpg\",\"datePublished\":\"2013-03-04T16:52:56+00:00\",\"dateModified\":\"2013-03-04T16:53:48+00:00\",\"author\":{\"@id\":\"https:\\\/\\\/www.drivelife.it\\\/news\\\/#\\\/schema\\\/person\\\/b6c194c3423ff451be4914f5fd9c2188\"},\"breadcrumb\":{\"@id\":\"https:\\\/\\\/www.drivelife.it\\\/news\\\/2013\\\/03\\\/04\\\/mini-2\\\/#breadcrumb\"},\"inLanguage\":\"en-US\",\"potentialAction\":[{\"@type\":\"ReadAction\",\"target\":[\"https:\\\/\\\/www.drivelife.it\\\/news\\\/2013\\\/03\\\/04\\\/mini-2\\\/\"]}]},{\"@type\":\"ImageObject\",\"inLanguage\":\"en-US\",\"@id\":\"https:\\\/\\\/www.drivelife.it\\\/news\\\/2013\\\/03\\\/04\\\/mini-2\\\/#primaryimage\",\"url\":\"https:\\\/\\\/www.drivelife.it\\\/news\\\/wp-content\\\/uploads\\\/2013\\\/03\\\/DRIVELIFE_MINI-DAKAR-WINNER.jpg\",\"contentUrl\":\"https:\\\/\\\/www.drivelife.it\\\/news\\\/wp-content\\\/uploads\\\/2013\\\/03\\\/DRIVELIFE_MINI-DAKAR-WINNER.jpg\",\"width\":\"1920\",\"height\":\"1278\",\"caption\":\"DRIVELIFE_MINI-DAKAR-WINNER\"},{\"@type\":\"BreadcrumbList\",\"@id\":\"https:\\\/\\\/www.drivelife.it\\\/news\\\/2013\\\/03\\\/04\\\/mini-2\\\/#breadcrumb\",\"itemListElement\":[{\"@type\":\"ListItem\",\"position\":1,\"name\":\"Home\",\"item\":\"https:\\\/\\\/www.drivelife.it\\\/news\\\/\"},{\"@type\":\"ListItem\",\"position\":2,\"name\":\"MINI\"}]},{\"@type\":\"WebSite\",\"@id\":\"https:\\\/\\\/www.drivelife.it\\\/news\\\/#website\",\"url\":\"https:\\\/\\\/www.drivelife.it\\\/news\\\/\",\"name\":\"#lucalife\",\"description\":\"DRIVELIFE le mie automobili\",\"potentialAction\":[{\"@type\":\"SearchAction\",\"target\":{\"@type\":\"EntryPoint\",\"urlTemplate\":\"https:\\\/\\\/www.drivelife.it\\\/news\\\/?s={search_term_string}\"},\"query-input\":{\"@type\":\"PropertyValueSpecification\",\"valueRequired\":true,\"valueName\":\"search_term_string\"}}],\"inLanguage\":\"en-US\"},{\"@type\":\"Person\",\"@id\":\"https:\\\/\\\/www.drivelife.it\\\/news\\\/#\\\/schema\\\/person\\\/b6c194c3423ff451be4914f5fd9c2188\",\"name\":\"Redazione\",\"image\":{\"@type\":\"ImageObject\",\"inLanguage\":\"en-US\",\"@id\":\"https:\\\/\\\/secure.gravatar.com\\\/avatar\\\/8d186f6b07ba8a94441344759f0e13bf1909b6ceaa171df0425551b4590fd558?s=96&d=mm&r=g\",\"url\":\"https:\\\/\\\/secure.gravatar.com\\\/avatar\\\/8d186f6b07ba8a94441344759f0e13bf1909b6ceaa171df0425551b4590fd558?s=96&d=mm&r=g\",\"contentUrl\":\"https:\\\/\\\/secure.gravatar.com\\\/avatar\\\/8d186f6b07ba8a94441344759f0e13bf1909b6ceaa171df0425551b4590fd558?s=96&d=mm&r=g\",\"caption\":\"Redazione\"},\"url\":\"https:\\\/\\\/www.drivelife.it\\\/news\\\/author\\\/admin\\\/\"}]}<\/script>\n<!-- \/ Yoast SEO plugin. -->","yoast_head_json":{"title":"MINI - #lucalife","robots":{"index":"index","follow":"follow","max-snippet":"max-snippet:-1","max-image-preview":"max-image-preview:large","max-video-preview":"max-video-preview:-1"},"canonical":"https:\/\/www.drivelife.it\/news\/2013\/03\/04\/mini-2\/","og_locale":"en_US","og_type":"article","og_title":"MINI - #lucalife","og_description":"QUATTRO VINCENTE LA MINI JOHN COOPER WORKS COUNTRYMAN ALL4 DAKAR WINNER 2013\u00a0 MINI festeggia il suo secondo trionfo consecutivo nel rally pi\u00f9 duro del mondo con un\u2019edizione speciale molto limitata \u2013 la super sportiva a quattro ruote motrici con elementi del design e degli allestimenti realizzati in parte a mano che ricordano la vittoriosa MINI ALL4 Racing di St\u00e9phane Peterhansel e Jean-Paul Cottret. &nbsp;","og_url":"https:\/\/www.drivelife.it\/news\/2013\/03\/04\/mini-2\/","og_site_name":"#lucalife","article_publisher":"https:\/\/www.facebook.com\/pages\/Drivelife\/467833073239720","article_published_time":"2013-03-04T16:52:56+00:00","article_modified_time":"2013-03-04T16:53:48+00:00","og_image":[{"width":1920,"height":1278,"url":"https:\/\/www.drivelife.it\/news\/wp-content\/uploads\/2013\/03\/DRIVELIFE_MINI-DAKAR-WINNER.jpg","type":"image\/jpeg"}],"author":"Redazione","twitter_card":"summary_large_image","twitter_creator":"@tweetdrivelife","twitter_site":"@tweetdrivelife","twitter_misc":{"Written by":"Redazione","Est. reading time":"3 minutes"},"schema":{"@context":"https:\/\/schema.org","@graph":[{"@type":"Article","@id":"https:\/\/www.drivelife.it\/news\/2013\/03\/04\/mini-2\/#article","isPartOf":{"@id":"https:\/\/www.drivelife.it\/news\/2013\/03\/04\/mini-2\/"},"author":{"name":"Redazione","@id":"https:\/\/www.drivelife.it\/news\/#\/schema\/person\/b6c194c3423ff451be4914f5fd9c2188"},"headline":"MINI","datePublished":"2013-03-04T16:52:56+00:00","dateModified":"2013-03-04T16:53:48+00:00","mainEntityOfPage":{"@id":"https:\/\/www.drivelife.it\/news\/2013\/03\/04\/mini-2\/"},"wordCount":683,"commentCount":0,"image":{"@id":"https:\/\/www.drivelife.it\/news\/2013\/03\/04\/mini-2\/#primaryimage"},"thumbnailUrl":"https:\/\/www.drivelife.it\/news\/wp-content\/uploads\/2013\/03\/DRIVELIFE_MINI-DAKAR-WINNER.jpg","keywords":["DAKAR WINNER","DRIVELIFE","GALLERY","MINI","NEWS"],"articleSection":["AUTOMOTIVE","GALLERY AUTOMOTIVE","MINI","NEWS"],"inLanguage":"en-US","potentialAction":[{"@type":"CommentAction","name":"Comment","target":["https:\/\/www.drivelife.it\/news\/2013\/03\/04\/mini-2\/#respond"]}]},{"@type":"WebPage","@id":"https:\/\/www.drivelife.it\/news\/2013\/03\/04\/mini-2\/","url":"https:\/\/www.drivelife.it\/news\/2013\/03\/04\/mini-2\/","name":"MINI - #lucalife","isPartOf":{"@id":"https:\/\/www.drivelife.it\/news\/#website"},"primaryImageOfPage":{"@id":"https:\/\/www.drivelife.it\/news\/2013\/03\/04\/mini-2\/#primaryimage"},"image":{"@id":"https:\/\/www.drivelife.it\/news\/2013\/03\/04\/mini-2\/#primaryimage"},"thumbnailUrl":"https:\/\/www.drivelife.it\/news\/wp-content\/uploads\/2013\/03\/DRIVELIFE_MINI-DAKAR-WINNER.jpg","datePublished":"2013-03-04T16:52:56+00:00","dateModified":"2013-03-04T16:53:48+00:00","author":{"@id":"https:\/\/www.drivelife.it\/news\/#\/schema\/person\/b6c194c3423ff451be4914f5fd9c2188"},"breadcrumb":{"@id":"https:\/\/www.drivelife.it\/news\/2013\/03\/04\/mini-2\/#breadcrumb"},"inLanguage":"en-US","potentialAction":[{"@type":"ReadAction","target":["https:\/\/www.drivelife.it\/news\/2013\/03\/04\/mini-2\/"]}]},{"@type":"ImageObject","inLanguage":"en-US","@id":"https:\/\/www.drivelife.it\/news\/2013\/03\/04\/mini-2\/#primaryimage","url":"https:\/\/www.drivelife.it\/news\/wp-content\/uploads\/2013\/03\/DRIVELIFE_MINI-DAKAR-WINNER.jpg","contentUrl":"https:\/\/www.drivelife.it\/news\/wp-content\/uploads\/2013\/03\/DRIVELIFE_MINI-DAKAR-WINNER.jpg","width":"1920","height":"1278","caption":"DRIVELIFE_MINI-DAKAR-WINNER"},{"@type":"BreadcrumbList","@id":"https:\/\/www.drivelife.it\/news\/2013\/03\/04\/mini-2\/#breadcrumb","itemListElement":[{"@type":"ListItem","position":1,"name":"Home","item":"https:\/\/www.drivelife.it\/news\/"},{"@type":"ListItem","position":2,"name":"MINI"}]},{"@type":"WebSite","@id":"https:\/\/www.drivelife.it\/news\/#website","url":"https:\/\/www.drivelife.it\/news\/","name":"#lucalife","description":"DRIVELIFE le mie automobili","potentialAction":[{"@type":"SearchAction","target":{"@type":"EntryPoint","urlTemplate":"https:\/\/www.drivelife.it\/news\/?s={search_term_string}"},"query-input":{"@type":"PropertyValueSpecification","valueRequired":true,"valueName":"search_term_string"}}],"inLanguage":"en-US"},{"@type":"Person","@id":"https:\/\/www.drivelife.it\/news\/#\/schema\/person\/b6c194c3423ff451be4914f5fd9c2188","name":"Redazione","image":{"@type":"ImageObject","inLanguage":"en-US","@id":"https:\/\/secure.gravatar.com\/avatar\/8d186f6b07ba8a94441344759f0e13bf1909b6ceaa171df0425551b4590fd558?s=96&d=mm&r=g","url":"https:\/\/secure.gravatar.com\/avatar\/8d186f6b07ba8a94441344759f0e13bf1909b6ceaa171df0425551b4590fd558?s=96&d=mm&r=g","contentUrl":"https:\/\/secure.gravatar.com\/avatar\/8d186f6b07ba8a94441344759f0e13bf1909b6ceaa171df0425551b4590fd558?s=96&d=mm&r=g","caption":"Redazione"},"url":"https:\/\/www.drivelife.it\/news\/author\/admin\/"}]}},"amp_enabled":true,"_links":{"self":[{"href":"https:\/\/www.drivelife.it\/news\/wp-json\/wp\/v2\/posts\/2362","targetHints":{"allow":["GET"]}}],"collection":[{"href":"https:\/\/www.drivelife.it\/news\/wp-json\/wp\/v2\/posts"}],"about":[{"href":"https:\/\/www.drivelife.it\/news\/wp-json\/wp\/v2\/types\/post"}],"author":[{"embeddable":true,"href":"https:\/\/www.drivelife.it\/news\/wp-json\/wp\/v2\/users\/1"}],"replies":[{"embeddable":true,"href":"https:\/\/www.drivelife.it\/news\/wp-json\/wp\/v2\/comments?post=2362"}],"version-history":[{"count":2,"href":"https:\/\/www.drivelife.it\/news\/wp-json\/wp\/v2\/posts\/2362\/revisions"}],"predecessor-version":[{"id":2384,"href":"https:\/\/www.drivelife.it\/news\/wp-json\/wp\/v2\/posts\/2362\/revisions\/2384"}],"wp:featuredmedia":[{"embeddable":true,"href":"https:\/\/www.drivelife.it\/news\/wp-json\/wp\/v2\/media\/2363"}],"wp:attachment":[{"href":"https:\/\/www.drivelife.it\/news\/wp-json\/wp\/v2\/media?parent=2362"}],"wp:term":[{"taxonomy":"category","embeddable":true,"href":"https:\/\/www.drivelife.it\/news\/wp-json\/wp\/v2\/categories?post=2362"},{"taxonomy":"post_tag","embeddable":true,"href":"https:\/\/www.drivelife.it\/news\/wp-json\/wp\/v2\/tags?post=2362"}],"curies":[{"name":"wp","href":"https:\/\/api.w.org\/{rel}","templated":true}]}}