{"id":22672,"date":"2020-04-25T15:20:57","date_gmt":"2020-04-25T15:20:57","guid":{"rendered":"http:\/\/www.drivelife.it\/news\/?p=22672"},"modified":"2020-04-25T18:50:17","modified_gmt":"2020-04-25T18:50:17","slug":"bianco-e-nero","status":"publish","type":"post","link":"https:\/\/www.drivelife.it\/news\/2020\/04\/25\/bianco-e-nero\/","title":{"rendered":"BIANCO E NERO"},"content":{"rendered":"\n<!--more-->\n\n\n\n<figure class=\"wp-block-image alignfull size-large\" data-amp-lightbox=\"true\"><img loading=\"lazy\" decoding=\"async\" width=\"2560\" height=\"1706\" src=\"https:\/\/i2.wp.com\/www.drivelife.it\/news\/wp-content\/uploads\/2020\/04\/p90387531-highres-scaled.jpg?fit=1000%2C667\" alt=\"MINI E\" class=\"wp-image-22673\" srcset=\"https:\/\/www.drivelife.it\/news\/wp-content\/uploads\/2020\/04\/p90387531-highres-scaled.jpg 2560w, https:\/\/www.drivelife.it\/news\/wp-content\/uploads\/2020\/04\/p90387531-highres-620x413.jpg 620w, https:\/\/www.drivelife.it\/news\/wp-content\/uploads\/2020\/04\/p90387531-highres-1000x667.jpg 1000w, https:\/\/www.drivelife.it\/news\/wp-content\/uploads\/2020\/04\/p90387531-highres-768x512.jpg 768w, https:\/\/www.drivelife.it\/news\/wp-content\/uploads\/2020\/04\/p90387531-highres-1536x1024.jpg 1536w, https:\/\/www.drivelife.it\/news\/wp-content\/uploads\/2020\/04\/p90387531-highres-2048x1365.jpg 2048w, https:\/\/www.drivelife.it\/news\/wp-content\/uploads\/2020\/04\/p90387531-highres-640x427.jpg 640w\" sizes=\"auto, (max-width: 2560px) 100vw, 2560px\" \/><figcaption>MINI E \/ drivelife<\/figcaption><\/figure>\n\n\n\n<hr class=\"wp-block-separator has-text-color has-background has-luminous-vivid-amber-background-color has-luminous-vivid-amber-color is-style-wide\"\/>\n\n\n\n<figure class=\"wp-block-embed-vimeo alignfull wp-block-embed is-type-video is-provider-vimeo wp-embed-aspect-16-9 wp-has-aspect-ratio\"><div class=\"wp-block-embed__wrapper\">\nhttps:\/\/vimeo.com\/411744153\n<\/div><figcaption>MINI E \/ drivelife<\/figcaption><\/figure>\n\n\n\n<hr class=\"wp-block-separator has-text-color has-background has-luminous-vivid-amber-background-color has-luminous-vivid-amber-color is-style-wide\"\/>\n\n\n\n<p>Nessuna presunzione d&#8217;esser migliore e, invece, <strong>rispetto<\/strong> per il lavoro altrui.<br>Del service, che ad occhio, mi pare essere quell\u2019unico capace nel panorama di questa attivit\u00e0.<br>Service che operano sotto strette indicazioni del committente.<br>Ed \u00e8 qui che vengono le osservazioni. <br>Anche dolorose.<br>Non \u00e8 un mistero, we are not on the same page..<br>Le BMW vanno benissimo a dispetto delle persone che ne producono la comunicazione.<br>E\u2019 vero che &#8211; spesso &#8211; al massimo traducono in italiano (pi\u00f9 o meno, grammatica e vocabolario non sono il loro forte) quello che arriva da Monaco.<br>Che essendo in Germania e per giunta nel land pi\u00f9 aristocratico, non ha bisogno di altri commenti per spiegare come Monaco consideri l\u2019Italia. <br>Cosa che naturalmente non confesseranno mai.&nbsp;<br>Ma se i muri potessero parlare&#8230;<br><strong>La clip \u00e8 volutamente<\/strong> ripassata in bianco e nero.&nbsp;<br>A colori, fatto salvo un passaggio davanti ad un palazzo <em>multicromatico<\/em>, non \u00e8 per niente emotiva.&nbsp;<br>Come dovrebbe essere una mini. <br>Ecco la mia scelta di passare la clip in scala di grigi. <br>Tra l\u2019altro con un minimo di post produzione si fanno miracoli anche in bianco e nero.<br>Due minuti di passaggi ovvi, non c\u2019\u00e8 una storia, non c\u2019\u00e8 un filo conduttore. <br>Solo una pi\u00f9 o meno didascalica alternanza di immagini degli interni ed esterni.&nbsp;<br>Un paio di voli del drone (<em>rende tutto pi\u00f9 facile perch\u00e9 il punto di vista \u00e8 inusuale<\/em>) e qualche sbandierata di telecamera.<br>Se \u00e8 questo \u00e8 il parto dell\u2019ufficio comunicazione preposto al marchio mini e per giunta per promuovere la versione elettrica, status tecnologico e modaiolo, viene correttamente l\u2019istinto di porsi la domanda:<br>Ma ci credono?<br>A-ME-ME-PARE-DE-NO.<br>E non ne faccio, con queste note, una questione di automobili, di redazionali e\/o di GRATIFICANTI (per altri, non per me) macchine in prova. <br>Quando IO chiedo una macchina in prova \u00e8 per LAVORARE non per fare i giretti con le amichette.<br>Ma \u00e8 una storia vecchissima come i colori delle macchine da fotografare. <br>Grigio, nero, bianco. <br>Altrimenti il finance s\u2019incazza quando le devono rivendere. <br>Ci perdono troppi soldi.<br>Cos\u00ec, per\u00f2, sfuggono opportunit\u00e0 importanti nell\u2019extra settore.<br>Quello che conta per l&#8217;immagine di una nuova vettura.<br>Gli specializzati ne devono parlare per forza, non possono bucare una novit\u00e0.<br>Vuoi mettere, allora, una BMW gialla con una grigia?<br>Che poi&#8230; ci sono specializzati che della cultura dell&#8217;immagine ne fanno bandiera.<br>Ergo.<br>Mettete pi\u00f9 passione e lasciate le briglie dei service, <br>Persone che amano il loro lavoro.<br>E che per missione san darsi da fare.<\/p>\n\n\n\n<hr class=\"wp-block-separator has-text-color has-background has-vivid-red-background-color has-vivid-red-color is-style-wide\"\/>\n\n\n\n<p class=\"has-medium-font-size\"><br><strong>NOTA DELL\u2019AUTORE<\/strong>, luca romano. <br>Conosco bene ed accetto le regole del gioco. <br>Ma <strong>SOPRA<\/strong> le regole del gioco c\u2019\u00e8 il rispetto delle persone e del loro lavoro, quale che sia, a qualsiasi livello di importanza. <br>Sono pagati per creare consenso sul marchio e sul prodotto. <br>Se non c\u2019\u00e8 questo rispetto: allora a casa mia gioco come voglio io. <br>Nel rispetto del prodotto e della notizia, che \u00e8 quello che conta per chi legge o ascolta.<br>Ed il sasso nello stagno non l\u2019ho lanciato io.<\/p>\n\n\n\n<hr class=\"wp-block-separator has-text-color has-background has-luminous-vivid-amber-background-color has-luminous-vivid-amber-color is-style-wide\"\/>\n\n\n\n<p class=\"has-huge-font-size\">LA NOTIZIA. &#8211;&nbsp;<\/p>\n\n\n\n<p>Quello che interessa \u00e8 l\u2019autonomia. <br>BMW dichiara che con la MINI E si possono percorrere con una ricarica circa 270 chilometri in una previsione di guida piuttosto attenta. <br>Il range di autonomia, e tutti sappiamo quanto sia importante lo stile di guida, \u00e8 tra 235 e 270 chilometri. <br>Gli altri numeri sono molto interessanti. <br>La potenza dichiarata \u00e8 pari a 184 cavalli, le emissioni sono a zero ed il consumo di corrente della batteria \u00e8 in un intervallo tra 13,2 kWh e 15 kWh. <br>Altro punto di interesse, il tempo di ricarica. <br>MINI E offre combinazioni diverse ed un tempo attendibile con capacit\u00e0 massima di 11 kW, comune ai due sistemi di ricarica, \u00e8 di due ore per avere l\u2019ottanta per cento e tre ore e mezza per il cento per cento della batteria. <br>La ricarica veloce per un massimo di 50 kW \u00e8 di trentacinque minuti per un pieno all\u2019ottanta per cento. A bordo il cavo di ricarica comune mentre con la wallbox, optional, \u00e8 in dotazione il trifase. <br>Le prestazioni, quelle corsaiole, quelle che derivano da go-kart feeling: 150 chilometri l\u2019ora la velocit\u00e0 massima ed una accelerazione da pista elettrica. <br>Solo sette-virgola-tre secondi.\u00a0<br>Da zero a cento.<br>A bordo un arredamento specifico sottolinea la versione, strumentazione, avvisi, grafiche e colori sono progettati su misura per le diverse, rispetto ai modelli termici, funzioni di bordo. <br>Alcune divertenti. <br>Altre intelligenti. <br>Il concessionario di zona sapr\u00e0 illustrare meglio di queste righe le novit\u00e0.\u00a0<br>Ecco il concessionario.<br>Mini non \u00e8 una macchina regalata.<br>In nessuna versione. *****<br>Il prezzo della versione elettrica \u00e8 di 33.900 euro. A partire&#8230; il listino, wallbox a parte offre ampie possibilit\u00e0 di crescita e, per\u00f2, di personalizzazione.<br>La MINI E sar\u00e0 in concessionaria dopo il mese di Luglio.\u00a0<br>Dal 9 Luglio \u00e8 possibile prenotare la propria vettura con il versamento di 500 euro su una specifica piattaforma ed in concessionaria perfezionare l\u2019acquisto.<br>Questo l\u2019indirizzo:\u00a0<\/p>\n\n\n\n<p><a href=\"https:\/\/www.mini.it\/it_IT\/home\/range\/electric.html\">https:\/\/www.mini.it\/it_IT\/home\/range\/electric.html<\/a><\/p>\n\n\n\n<figure class=\"wp-block-image alignfull size-large\" data-amp-lightbox=\"true\"><img loading=\"lazy\" decoding=\"async\" width=\"2560\" height=\"1707\" src=\"https:\/\/i1.wp.com\/www.drivelife.it\/news\/wp-content\/uploads\/2020\/04\/p90387529-highres-1-scaled.jpg?fit=1000%2C667\" alt=\"MINI E \" class=\"wp-image-22676\" srcset=\"https:\/\/www.drivelife.it\/news\/wp-content\/uploads\/2020\/04\/p90387529-highres-1-scaled.jpg 2560w, https:\/\/www.drivelife.it\/news\/wp-content\/uploads\/2020\/04\/p90387529-highres-1-620x413.jpg 620w, https:\/\/www.drivelife.it\/news\/wp-content\/uploads\/2020\/04\/p90387529-highres-1-1000x667.jpg 1000w, https:\/\/www.drivelife.it\/news\/wp-content\/uploads\/2020\/04\/p90387529-highres-1-768x512.jpg 768w, https:\/\/www.drivelife.it\/news\/wp-content\/uploads\/2020\/04\/p90387529-highres-1-1536x1024.jpg 1536w, https:\/\/www.drivelife.it\/news\/wp-content\/uploads\/2020\/04\/p90387529-highres-1-2048x1365.jpg 2048w, https:\/\/www.drivelife.it\/news\/wp-content\/uploads\/2020\/04\/p90387529-highres-1-640x427.jpg 640w\" sizes=\"auto, (max-width: 2560px) 100vw, 2560px\" \/><figcaption>MINI E \/ drivelife<\/figcaption><\/figure>\n\n\n\n<p class=\"has-drop-cap\">\u00a9lucaromano<\/p>\n\n\n\n<hr class=\"wp-block-separator is-style-wide\"\/>\n\n\n\n<p>***** La promozione di qualche anno fa&#8230; con cartellonistica stradale a 9 x 3 (metri) sfacciatamente sbandierava un prezzo sotto i ventimila. <br>Ricordo, vago, circa 17.9k euro. <br>Forse.<br>Ma la versione cos\u00ec reclamizzata NON aveva l&#8217;aria condizionata. <br>Ma si pu\u00f2 vendere, oggi, una macchina senza aria condizionata?<br>E per di pi\u00f9 una mini?<br>S&#8217;incazzarono in parecchi.<br>Fonte autorevole. <br>Oggi non pi\u00f9 a San Donato.<br>lr.<\/p>\n","protected":false},"excerpt":{"rendered":"","protected":false},"author":1,"featured_media":22673,"comment_status":"open","ping_status":"open","sticky":false,"template":"","format":"standard","meta":{"ngg_post_thumbnail":0,"footnotes":""},"categories":[39,47,1477,53],"tags":[37],"class_list":["post-22672","post","type-post","status-publish","format-standard","has-post-thumbnail","hentry","category-automotive","category-mini","category-puntate-drivelife-tv-2020","category-video","tag-drivelife"],"yoast_head":"<!-- This site is optimized with the Yoast SEO plugin v27.5 - https:\/\/yoast.com\/product\/yoast-seo-wordpress\/ -->\n<title>BIANCO E NERO - #lucalife<\/title>\n<meta name=\"robots\" content=\"index, follow, max-snippet:-1, max-image-preview:large, max-video-preview:-1\" \/>\n<link rel=\"canonical\" href=\"https:\/\/www.drivelife.it\/news\/2020\/04\/25\/bianco-e-nero\/\" \/>\n<meta property=\"og:locale\" content=\"en_US\" \/>\n<meta property=\"og:type\" content=\"article\" \/>\n<meta property=\"og:title\" content=\"BIANCO E NERO - #lucalife\" \/>\n<meta property=\"og:url\" content=\"https:\/\/www.drivelife.it\/news\/2020\/04\/25\/bianco-e-nero\/\" \/>\n<meta property=\"og:site_name\" content=\"#lucalife\" \/>\n<meta property=\"article:publisher\" content=\"https:\/\/www.facebook.com\/pages\/Drivelife\/467833073239720\" \/>\n<meta property=\"article:published_time\" content=\"2020-04-25T15:20:57+00:00\" \/>\n<meta property=\"article:modified_time\" content=\"2020-04-25T18:50:17+00:00\" \/>\n<meta property=\"og:image\" content=\"https:\/\/www.drivelife.it\/news\/wp-content\/uploads\/2020\/04\/p90387531-highres-scaled.jpg\" \/>\n\t<meta property=\"og:image:width\" content=\"2560\" \/>\n\t<meta property=\"og:image:height\" content=\"1706\" \/>\n\t<meta property=\"og:image:type\" content=\"image\/jpeg\" \/>\n<meta name=\"author\" content=\"Redazione\" \/>\n<meta name=\"twitter:card\" content=\"summary_large_image\" \/>\n<meta name=\"twitter:creator\" content=\"@tweetdrivelife\" \/>\n<meta name=\"twitter:site\" content=\"@tweetdrivelife\" \/>\n<meta name=\"twitter:label1\" content=\"Written by\" \/>\n\t<meta name=\"twitter:data1\" content=\"Redazione\" \/>\n\t<meta name=\"twitter:label2\" content=\"Est. reading time\" \/>\n\t<meta name=\"twitter:data2\" content=\"4 minutes\" \/>\n<script type=\"application\/ld+json\" class=\"yoast-schema-graph\">{\"@context\":\"https:\\\/\\\/schema.org\",\"@graph\":[{\"@type\":\"Article\",\"@id\":\"https:\\\/\\\/www.drivelife.it\\\/news\\\/2020\\\/04\\\/25\\\/bianco-e-nero\\\/#article\",\"isPartOf\":{\"@id\":\"https:\\\/\\\/www.drivelife.it\\\/news\\\/2020\\\/04\\\/25\\\/bianco-e-nero\\\/\"},\"author\":{\"name\":\"Redazione\",\"@id\":\"https:\\\/\\\/www.drivelife.it\\\/news\\\/#\\\/schema\\\/person\\\/b6c194c3423ff451be4914f5fd9c2188\"},\"headline\":\"BIANCO E NERO\",\"datePublished\":\"2020-04-25T15:20:57+00:00\",\"dateModified\":\"2020-04-25T18:50:17+00:00\",\"mainEntityOfPage\":{\"@id\":\"https:\\\/\\\/www.drivelife.it\\\/news\\\/2020\\\/04\\\/25\\\/bianco-e-nero\\\/\"},\"wordCount\":898,\"commentCount\":1,\"image\":{\"@id\":\"https:\\\/\\\/www.drivelife.it\\\/news\\\/2020\\\/04\\\/25\\\/bianco-e-nero\\\/#primaryimage\"},\"thumbnailUrl\":\"https:\\\/\\\/www.drivelife.it\\\/news\\\/wp-content\\\/uploads\\\/2020\\\/04\\\/p90387531-highres-scaled.jpg\",\"keywords\":[\"DRIVELIFE\"],\"articleSection\":[\"AUTOMOTIVE\",\"MINI\",\"PUNTATE DRIVELIFE TV 2020\",\"VIDEO\"],\"inLanguage\":\"en-US\",\"potentialAction\":[{\"@type\":\"CommentAction\",\"name\":\"Comment\",\"target\":[\"https:\\\/\\\/www.drivelife.it\\\/news\\\/2020\\\/04\\\/25\\\/bianco-e-nero\\\/#respond\"]}]},{\"@type\":\"WebPage\",\"@id\":\"https:\\\/\\\/www.drivelife.it\\\/news\\\/2020\\\/04\\\/25\\\/bianco-e-nero\\\/\",\"url\":\"https:\\\/\\\/www.drivelife.it\\\/news\\\/2020\\\/04\\\/25\\\/bianco-e-nero\\\/\",\"name\":\"BIANCO E NERO - #lucalife\",\"isPartOf\":{\"@id\":\"https:\\\/\\\/www.drivelife.it\\\/news\\\/#website\"},\"primaryImageOfPage\":{\"@id\":\"https:\\\/\\\/www.drivelife.it\\\/news\\\/2020\\\/04\\\/25\\\/bianco-e-nero\\\/#primaryimage\"},\"image\":{\"@id\":\"https:\\\/\\\/www.drivelife.it\\\/news\\\/2020\\\/04\\\/25\\\/bianco-e-nero\\\/#primaryimage\"},\"thumbnailUrl\":\"https:\\\/\\\/www.drivelife.it\\\/news\\\/wp-content\\\/uploads\\\/2020\\\/04\\\/p90387531-highres-scaled.jpg\",\"datePublished\":\"2020-04-25T15:20:57+00:00\",\"dateModified\":\"2020-04-25T18:50:17+00:00\",\"author\":{\"@id\":\"https:\\\/\\\/www.drivelife.it\\\/news\\\/#\\\/schema\\\/person\\\/b6c194c3423ff451be4914f5fd9c2188\"},\"breadcrumb\":{\"@id\":\"https:\\\/\\\/www.drivelife.it\\\/news\\\/2020\\\/04\\\/25\\\/bianco-e-nero\\\/#breadcrumb\"},\"inLanguage\":\"en-US\",\"potentialAction\":[{\"@type\":\"ReadAction\",\"target\":[\"https:\\\/\\\/www.drivelife.it\\\/news\\\/2020\\\/04\\\/25\\\/bianco-e-nero\\\/\"]}]},{\"@type\":\"ImageObject\",\"inLanguage\":\"en-US\",\"@id\":\"https:\\\/\\\/www.drivelife.it\\\/news\\\/2020\\\/04\\\/25\\\/bianco-e-nero\\\/#primaryimage\",\"url\":\"https:\\\/\\\/www.drivelife.it\\\/news\\\/wp-content\\\/uploads\\\/2020\\\/04\\\/p90387531-highres-scaled.jpg\",\"contentUrl\":\"https:\\\/\\\/www.drivelife.it\\\/news\\\/wp-content\\\/uploads\\\/2020\\\/04\\\/p90387531-highres-scaled.jpg\",\"width\":2560,\"height\":1706},{\"@type\":\"BreadcrumbList\",\"@id\":\"https:\\\/\\\/www.drivelife.it\\\/news\\\/2020\\\/04\\\/25\\\/bianco-e-nero\\\/#breadcrumb\",\"itemListElement\":[{\"@type\":\"ListItem\",\"position\":1,\"name\":\"Home\",\"item\":\"https:\\\/\\\/www.drivelife.it\\\/news\\\/\"},{\"@type\":\"ListItem\",\"position\":2,\"name\":\"BIANCO E NERO\"}]},{\"@type\":\"WebSite\",\"@id\":\"https:\\\/\\\/www.drivelife.it\\\/news\\\/#website\",\"url\":\"https:\\\/\\\/www.drivelife.it\\\/news\\\/\",\"name\":\"#lucalife\",\"description\":\"DRIVELIFE le mie automobili\",\"potentialAction\":[{\"@type\":\"SearchAction\",\"target\":{\"@type\":\"EntryPoint\",\"urlTemplate\":\"https:\\\/\\\/www.drivelife.it\\\/news\\\/?s={search_term_string}\"},\"query-input\":{\"@type\":\"PropertyValueSpecification\",\"valueRequired\":true,\"valueName\":\"search_term_string\"}}],\"inLanguage\":\"en-US\"},{\"@type\":\"Person\",\"@id\":\"https:\\\/\\\/www.drivelife.it\\\/news\\\/#\\\/schema\\\/person\\\/b6c194c3423ff451be4914f5fd9c2188\",\"name\":\"Redazione\",\"image\":{\"@type\":\"ImageObject\",\"inLanguage\":\"en-US\",\"@id\":\"https:\\\/\\\/secure.gravatar.com\\\/avatar\\\/8d186f6b07ba8a94441344759f0e13bf1909b6ceaa171df0425551b4590fd558?s=96&d=mm&r=g\",\"url\":\"https:\\\/\\\/secure.gravatar.com\\\/avatar\\\/8d186f6b07ba8a94441344759f0e13bf1909b6ceaa171df0425551b4590fd558?s=96&d=mm&r=g\",\"contentUrl\":\"https:\\\/\\\/secure.gravatar.com\\\/avatar\\\/8d186f6b07ba8a94441344759f0e13bf1909b6ceaa171df0425551b4590fd558?s=96&d=mm&r=g\",\"caption\":\"Redazione\"},\"url\":\"https:\\\/\\\/www.drivelife.it\\\/news\\\/author\\\/admin\\\/\"}]}<\/script>\n<!-- \/ Yoast SEO plugin. -->","yoast_head_json":{"title":"BIANCO E NERO - #lucalife","robots":{"index":"index","follow":"follow","max-snippet":"max-snippet:-1","max-image-preview":"max-image-preview:large","max-video-preview":"max-video-preview:-1"},"canonical":"https:\/\/www.drivelife.it\/news\/2020\/04\/25\/bianco-e-nero\/","og_locale":"en_US","og_type":"article","og_title":"BIANCO E NERO - #lucalife","og_url":"https:\/\/www.drivelife.it\/news\/2020\/04\/25\/bianco-e-nero\/","og_site_name":"#lucalife","article_publisher":"https:\/\/www.facebook.com\/pages\/Drivelife\/467833073239720","article_published_time":"2020-04-25T15:20:57+00:00","article_modified_time":"2020-04-25T18:50:17+00:00","og_image":[{"width":2560,"height":1706,"url":"https:\/\/www.drivelife.it\/news\/wp-content\/uploads\/2020\/04\/p90387531-highres-scaled.jpg","type":"image\/jpeg"}],"author":"Redazione","twitter_card":"summary_large_image","twitter_creator":"@tweetdrivelife","twitter_site":"@tweetdrivelife","twitter_misc":{"Written by":"Redazione","Est. reading time":"4 minutes"},"schema":{"@context":"https:\/\/schema.org","@graph":[{"@type":"Article","@id":"https:\/\/www.drivelife.it\/news\/2020\/04\/25\/bianco-e-nero\/#article","isPartOf":{"@id":"https:\/\/www.drivelife.it\/news\/2020\/04\/25\/bianco-e-nero\/"},"author":{"name":"Redazione","@id":"https:\/\/www.drivelife.it\/news\/#\/schema\/person\/b6c194c3423ff451be4914f5fd9c2188"},"headline":"BIANCO E NERO","datePublished":"2020-04-25T15:20:57+00:00","dateModified":"2020-04-25T18:50:17+00:00","mainEntityOfPage":{"@id":"https:\/\/www.drivelife.it\/news\/2020\/04\/25\/bianco-e-nero\/"},"wordCount":898,"commentCount":1,"image":{"@id":"https:\/\/www.drivelife.it\/news\/2020\/04\/25\/bianco-e-nero\/#primaryimage"},"thumbnailUrl":"https:\/\/www.drivelife.it\/news\/wp-content\/uploads\/2020\/04\/p90387531-highres-scaled.jpg","keywords":["DRIVELIFE"],"articleSection":["AUTOMOTIVE","MINI","PUNTATE DRIVELIFE TV 2020","VIDEO"],"inLanguage":"en-US","potentialAction":[{"@type":"CommentAction","name":"Comment","target":["https:\/\/www.drivelife.it\/news\/2020\/04\/25\/bianco-e-nero\/#respond"]}]},{"@type":"WebPage","@id":"https:\/\/www.drivelife.it\/news\/2020\/04\/25\/bianco-e-nero\/","url":"https:\/\/www.drivelife.it\/news\/2020\/04\/25\/bianco-e-nero\/","name":"BIANCO E NERO - #lucalife","isPartOf":{"@id":"https:\/\/www.drivelife.it\/news\/#website"},"primaryImageOfPage":{"@id":"https:\/\/www.drivelife.it\/news\/2020\/04\/25\/bianco-e-nero\/#primaryimage"},"image":{"@id":"https:\/\/www.drivelife.it\/news\/2020\/04\/25\/bianco-e-nero\/#primaryimage"},"thumbnailUrl":"https:\/\/www.drivelife.it\/news\/wp-content\/uploads\/2020\/04\/p90387531-highres-scaled.jpg","datePublished":"2020-04-25T15:20:57+00:00","dateModified":"2020-04-25T18:50:17+00:00","author":{"@id":"https:\/\/www.drivelife.it\/news\/#\/schema\/person\/b6c194c3423ff451be4914f5fd9c2188"},"breadcrumb":{"@id":"https:\/\/www.drivelife.it\/news\/2020\/04\/25\/bianco-e-nero\/#breadcrumb"},"inLanguage":"en-US","potentialAction":[{"@type":"ReadAction","target":["https:\/\/www.drivelife.it\/news\/2020\/04\/25\/bianco-e-nero\/"]}]},{"@type":"ImageObject","inLanguage":"en-US","@id":"https:\/\/www.drivelife.it\/news\/2020\/04\/25\/bianco-e-nero\/#primaryimage","url":"https:\/\/www.drivelife.it\/news\/wp-content\/uploads\/2020\/04\/p90387531-highres-scaled.jpg","contentUrl":"https:\/\/www.drivelife.it\/news\/wp-content\/uploads\/2020\/04\/p90387531-highres-scaled.jpg","width":2560,"height":1706},{"@type":"BreadcrumbList","@id":"https:\/\/www.drivelife.it\/news\/2020\/04\/25\/bianco-e-nero\/#breadcrumb","itemListElement":[{"@type":"ListItem","position":1,"name":"Home","item":"https:\/\/www.drivelife.it\/news\/"},{"@type":"ListItem","position":2,"name":"BIANCO E NERO"}]},{"@type":"WebSite","@id":"https:\/\/www.drivelife.it\/news\/#website","url":"https:\/\/www.drivelife.it\/news\/","name":"#lucalife","description":"DRIVELIFE le mie automobili","potentialAction":[{"@type":"SearchAction","target":{"@type":"EntryPoint","urlTemplate":"https:\/\/www.drivelife.it\/news\/?s={search_term_string}"},"query-input":{"@type":"PropertyValueSpecification","valueRequired":true,"valueName":"search_term_string"}}],"inLanguage":"en-US"},{"@type":"Person","@id":"https:\/\/www.drivelife.it\/news\/#\/schema\/person\/b6c194c3423ff451be4914f5fd9c2188","name":"Redazione","image":{"@type":"ImageObject","inLanguage":"en-US","@id":"https:\/\/secure.gravatar.com\/avatar\/8d186f6b07ba8a94441344759f0e13bf1909b6ceaa171df0425551b4590fd558?s=96&d=mm&r=g","url":"https:\/\/secure.gravatar.com\/avatar\/8d186f6b07ba8a94441344759f0e13bf1909b6ceaa171df0425551b4590fd558?s=96&d=mm&r=g","contentUrl":"https:\/\/secure.gravatar.com\/avatar\/8d186f6b07ba8a94441344759f0e13bf1909b6ceaa171df0425551b4590fd558?s=96&d=mm&r=g","caption":"Redazione"},"url":"https:\/\/www.drivelife.it\/news\/author\/admin\/"}]}},"amp_enabled":true,"_links":{"self":[{"href":"https:\/\/www.drivelife.it\/news\/wp-json\/wp\/v2\/posts\/22672","targetHints":{"allow":["GET"]}}],"collection":[{"href":"https:\/\/www.drivelife.it\/news\/wp-json\/wp\/v2\/posts"}],"about":[{"href":"https:\/\/www.drivelife.it\/news\/wp-json\/wp\/v2\/types\/post"}],"author":[{"embeddable":true,"href":"https:\/\/www.drivelife.it\/news\/wp-json\/wp\/v2\/users\/1"}],"replies":[{"embeddable":true,"href":"https:\/\/www.drivelife.it\/news\/wp-json\/wp\/v2\/comments?post=22672"}],"version-history":[{"count":5,"href":"https:\/\/www.drivelife.it\/news\/wp-json\/wp\/v2\/posts\/22672\/revisions"}],"predecessor-version":[{"id":22682,"href":"https:\/\/www.drivelife.it\/news\/wp-json\/wp\/v2\/posts\/22672\/revisions\/22682"}],"wp:featuredmedia":[{"embeddable":true,"href":"https:\/\/www.drivelife.it\/news\/wp-json\/wp\/v2\/media\/22673"}],"wp:attachment":[{"href":"https:\/\/www.drivelife.it\/news\/wp-json\/wp\/v2\/media?parent=22672"}],"wp:term":[{"taxonomy":"category","embeddable":true,"href":"https:\/\/www.drivelife.it\/news\/wp-json\/wp\/v2\/categories?post=22672"},{"taxonomy":"post_tag","embeddable":true,"href":"https:\/\/www.drivelife.it\/news\/wp-json\/wp\/v2\/tags?post=22672"}],"curies":[{"name":"wp","href":"https:\/\/api.w.org\/{rel}","templated":true}]}}