{"id":22060,"date":"2019-04-01T20:45:36","date_gmt":"2019-04-01T20:45:36","guid":{"rendered":"http:\/\/www.drivelife.it\/news\/?p=22060"},"modified":"2020-01-31T13:16:43","modified_gmt":"2020-01-31T13:16:43","slug":"lame-di-luce","status":"publish","type":"post","link":"https:\/\/www.drivelife.it\/news\/2019\/04\/01\/lame-di-luce\/","title":{"rendered":"LAME DI LUCE"},"content":{"rendered":"<p>&nbsp;<\/p>\n<p>&nbsp;<br \/>\n<strong>EXTRA &#8211; \u201cIL LIBRO, LAME DI LUCE\u201d &#8211; <\/strong>La ricerca della foto che lo facesse emozionare ancora una volta era diventata difficile. \u2028Ogni ora del giorno, ogni atmosfera, ogni stagione, ogni set era stato esplorato.<br \/>\nArchitetture moderne, classiche, cantieri stradali, segnaletica orizzontale e verticale.<br \/>\nAcqua, terra, cielo\u2026<br \/>\nTutto, ogni soggetto immaginabile, ed ovunque, aveva scattato foto per le \u201c<strong><em>sue automobili<\/em><\/strong>\u201d.<br \/>\nAveva passato notti infinite per cercare la foto, quella foto che ancora gli mancava e che mai avrebbe scattato perch\u00e9 la fotografia perfetta non esiste.<br \/>\nL\u2019ultima rossa giapponese, lei da sola, aveva significato oltre quattromila click (4.319 &#8211; sigh) spalmati in una ventina di giorni di test drive.<br \/>\nLa sfida della foto sempre pi\u00f9 bella si stava tramutando in ansia. Anche perch\u00e9 tenersi la vettura per il tempo che avrebbe voluto \u201cLui\u201d cozzava con gli interessi, e le necessit\u00e0, delle direzioni competenti pressate dagli obiettivi del numero di articoli da far pubblicare a fronte delle auto in parco.<br \/>\nLa stagione gli aveva concesso dei giorni di luce, quella luce forte della Capitale che esalta i contrasti, quello che a \u201cLui\u201d serviva per trovare lo scatto che si prestasse senza equivoci al titolo del pezzo pronto tra i file del Mac.<br \/>\n\u201cLame di luce\u201d.<br \/>\nUn pezzo brutale, necessario per approfondire un tipo di scrittura che fosse cruda, dura che descrivesse bene una cruenta operazione di intelligence.<br \/>\nNel quartiere di Monteverde trov\u00f2 quello che gli serviva.<br \/>\nMa non era soddisfatto, bella foto ma non di quelle da guardare e riguardare con narcisistico compiacimento.<br \/>\nAvrebbe ancora girato per la citt\u00e0, di notte e di giorno.<br \/>\n&nbsp;<br \/>\n&nbsp;<\/p>\n\n\t\t<style>\n\t\t\t#gallery-1 {\n\t\t\t\tmargin: auto;\n\t\t\t}\n\t\t\t#gallery-1 .gallery-item {\n\t\t\t\tfloat: left;\n\t\t\t\tmargin-top: 10px;\n\t\t\t\ttext-align: center;\n\t\t\t\twidth: 50%;\n\t\t\t}\n\t\t\t#gallery-1 img {\n\t\t\t\tborder: 2px solid #cfcfcf;\n\t\t\t}\n\t\t\t#gallery-1 .gallery-caption {\n\t\t\t\tmargin-left: 0;\n\t\t\t}\n\t\t\t\/* see gallery_shortcode() in wp-includes\/media.php *\/\n\t\t<\/style>\n\t\t<div id='gallery-1' class='gallery galleryid-22060 gallery-columns-2 gallery-size-large'><dl class='gallery-item'>\n\t\t\t<dt class='gallery-icon landscape'>\n\t\t\t\t<a href='https:\/\/www.drivelife.it\/news\/2019\/04\/01\/lame-di-luce\/lr5_edit-export_mazda-6-wagon_2-4-2\/'><img loading=\"lazy\" decoding=\"async\" width=\"1000\" height=\"667\" src=\"https:\/\/www.drivelife.it\/news\/wp-content\/uploads\/2019\/04\/LR5_EDIT-EXPORT_MAZDA-6-WAGON_2-4-1-1000x667.jpg\" class=\"attachment-large size-large no-lazy\" alt=\"\u201cLAME DI LUCE\u201d - MAZDA 6 WAGON - Estratto da \u201cIL LIBRO\u201d \u00a9lucaromano\" aria-describedby=\"gallery-1-22062\" srcset=\"https:\/\/www.drivelife.it\/news\/wp-content\/uploads\/2019\/04\/LR5_EDIT-EXPORT_MAZDA-6-WAGON_2-4-1-1000x667.jpg 1000w, https:\/\/www.drivelife.it\/news\/wp-content\/uploads\/2019\/04\/LR5_EDIT-EXPORT_MAZDA-6-WAGON_2-4-1-620x414.jpg 620w, https:\/\/www.drivelife.it\/news\/wp-content\/uploads\/2019\/04\/LR5_EDIT-EXPORT_MAZDA-6-WAGON_2-4-1-768x512.jpg 768w, https:\/\/www.drivelife.it\/news\/wp-content\/uploads\/2019\/04\/LR5_EDIT-EXPORT_MAZDA-6-WAGON_2-4-1-640x427.jpg 640w\" sizes=\"auto, (max-width: 1000px) 100vw, 1000px\" \/><\/a>\n\t\t\t<\/dt>\n\t\t\t\t<dd class='wp-caption-text gallery-caption' id='gallery-1-22062'>\n\t\t\t\t\u201cLAME DI LUCE\u201d &#8211; MAZDA 6 WAGON &#8211; Estratto da \u201cIL LIBRO\u201d \u00a9lucaromano\n\n\t\t\t\t<\/dd><\/dl><dl class='gallery-item'>\n\t\t\t<dt class='gallery-icon landscape'>\n\t\t\t\t<a href='https:\/\/www.drivelife.it\/news\/2019\/04\/01\/lame-di-luce\/lr5_edit-export_mazda-6-wagon_2-2\/'><img loading=\"lazy\" decoding=\"async\" width=\"1000\" height=\"667\" src=\"https:\/\/www.drivelife.it\/news\/wp-content\/uploads\/2019\/04\/LR5_EDIT-EXPORT_MAZDA-6-WAGON_2-2-1000x667.jpg\" class=\"attachment-large size-large no-lazy\" alt=\"\" aria-describedby=\"gallery-1-22063\" srcset=\"https:\/\/www.drivelife.it\/news\/wp-content\/uploads\/2019\/04\/LR5_EDIT-EXPORT_MAZDA-6-WAGON_2-2-1000x667.jpg 1000w, https:\/\/www.drivelife.it\/news\/wp-content\/uploads\/2019\/04\/LR5_EDIT-EXPORT_MAZDA-6-WAGON_2-2-620x414.jpg 620w, https:\/\/www.drivelife.it\/news\/wp-content\/uploads\/2019\/04\/LR5_EDIT-EXPORT_MAZDA-6-WAGON_2-2-768x512.jpg 768w, https:\/\/www.drivelife.it\/news\/wp-content\/uploads\/2019\/04\/LR5_EDIT-EXPORT_MAZDA-6-WAGON_2-2-640x427.jpg 640w\" sizes=\"auto, (max-width: 1000px) 100vw, 1000px\" \/><\/a>\n\t\t\t<\/dt>\n\t\t\t\t<dd class='wp-caption-text gallery-caption' id='gallery-1-22063'>\n\t\t\t\t\u201cLAME DI LUCE\u201d &#8211; MAZDA 6 WAGON &#8211; Estratto da \u201cIL LIBRO\u201d \u00a9lucaromano\n\n\t\t\t\t<\/dd><\/dl><br style=\"clear: both\" \/>\n\t\t<\/div>\n\n<p><a href=\"http:\/\/car.18x24.it\/2019\/03\/26\/il-nuovo-sport\/\"><strong>LINK:<\/strong> SU CAR.18&#215;24.IT IL RACCONTO &#8220;IL NUOVO SPORT&#8221; DA &#8220;IL LIBRO&#8221;, UN ROMANZO DI LUCAROMANO, E LA GALLERIA FOTOGRAFICA COMPLETA PER MAZDA 6 WAGON<\/a><\/p>\n<p>&nbsp;<br \/>\n&nbsp;<br \/>\n<strong>EXTRA, estratto &#8211; \u201cIL LIBRO, IL PUGNALE MALESE\u201d &#8211; <\/strong>La punta triangolare, acuminata, argentea e luccicante al Sole di Agosto, era stata proiettata verso quel corpo fatiscente con brutalit\u00e0, con odio.<br \/>\nQuella punta era carica di vendetta.<br \/>\nIl movimento di carica del braccio e del pugno era avvenuto una frazione di secondo prima.<br \/>\nOra la massa del corpo imprimeva coppia al movimento verso il basso.<br \/>\nGli occhi dell\u2019europeo fissavano gli occhi del mediorientale.<br \/>\nIn quegli occhi l\u2019europeo vedeva il terrore, vedeva la certezza della morte che di l\u00ec a pochi centesimi di secondo avrebbe falciato quella vita inutile.<br \/>\nPeggio mal spesa.<br \/>\nIl mediorientale, quella feccia d\u2019uomo, aveva visto l\u2019arma dell\u2019europeo.<br \/>\nSapeva di non avere scampo.<br \/>\nL\u2019unico colpo che avrebbe ricevuto sarebbe stato mortale.<br \/>\nConosceva \u201cil malese\u201d e la sua impietosa ferocia.<br \/>\nLo aveva usato anche lui, contro le morbide gole degli infedeli.<br \/>\n&nbsp;<br \/>\n&nbsp;<br \/>\n<em><strong>Ndr.; oltre, impubblicabile.<\/strong><\/em><br \/>\n&nbsp;<br \/>\n&nbsp;<\/p>\n<hr>\n<h2>DISCLAIMER<\/h2>\n<p>&nbsp;<\/p>\n<h3>per le clip Mazda\u201d&amp;Co\u201d<\/h3>\n<p>&nbsp;<br \/>\n1\/ Ndr. &#8211; Libera interpretazione di un test drive e shooting fotografico\/video della MAZDA 6 Wagon del Marzo \/ Aprile 2019. Ogni riferimento a fatti e persone \u00e8 casuale e frutto della fantasia dell\u2019Autore che declina qualsiasi responsabilit\u00e0 nel caso qualcuno\/a dovesse vedersi qui con precisione descritto. Le circostanze, a volte, portano ad una rappresentazione della fantasia molto aderente alla realt\u00e0.\u2028E non \u00e8 neanche detto che la realt\u00e0 sia una sola visto che questa &#8211; la realt\u00e0 &#8211; spesso supera la pi\u00f9 fervida fantasia.\u2028Nel caso di una improbabile descrizione di fatti realmente accaduti mi scuso con quanti qui dovessero riconoscersi ma non ritiro la pubblicazione. Luca Romano.<br \/>\n&nbsp;<br \/>\n2\/ Ndr. &#8211; Il testo a corredo del set fotografico\/video \u00e8 una libera, e di fantasia, interpretazione del test drive con la vettura. Ogni riferimento a fatti e\/o persone \u00e8 puramente casuale. Le affermazioni relative al CDS\/Codice della Strada in vigore in Italia sono sotto la responsabilit\u00e0 dell\u2019Autore ma nulla hanno in relazione alla sua condotta di guida durante il periodo di prova\/demo per la stampa della vettura concessa dal proprietario della stessa. Il testo \u00e8 parte di un manoscritto pi\u00f9 ampio di propriet\u00e0 dell\u2019Autore. Questo testo \u00e8 pubblicato in queste pagine web al solo scopo illustrativo del servizio fotografico e non ha alcuna relazione con la sua attivit\u00e0 professionale di giornalista. Il testo e le foto sono protette dal diritto d\u2019autore in base alle vigenti leggi e norme. Non \u00e8 concessa alcuna autorizzazione alla riproduzione se non a valle di eventuale richiesta e successiva valutazione da parte dell\u2019Autore.\u2028Ogni abuso sar\u00e0 perseguito con determinazione.<br \/>\n&nbsp;<\/p>\n","protected":false},"excerpt":{"rendered":"<p>\u201cLAME DI LUCE\u201d &#8211; MAZDA 6 WAGON &#8211; Estratto da \u201cIL LIBRO\u201d \u00a9lucaromano<\/p>\n","protected":false},"author":1,"featured_media":22063,"comment_status":"open","ping_status":"open","sticky":false,"template":"","format":"image","meta":{"ngg_post_thumbnail":0,"footnotes":""},"categories":[39,115,1,1469,81],"tags":[818,1475],"class_list":["post-22060","post","type-post","status-publish","format-image","has-post-thumbnail","hentry","category-automotive","category-mazda","category-photo-book-mrlukkor","category-puntate-drivelife-tv-2019","category-test-drive-2","tag-mazda","tag-mazda-6-wagon","post_format-post-format-image"],"yoast_head":"<!-- This site is optimized with the Yoast SEO plugin v27.5 - https:\/\/yoast.com\/product\/yoast-seo-wordpress\/ -->\n<title>LAME DI LUCE - #lucalife<\/title>\n<meta name=\"description\" content=\"\u201cLAME DI LUCE\u201d - MAZDA 6 WAGON - Estratto da \u201cIL LIBRO\u201d \u00a9lucaromano\" \/>\n<meta name=\"robots\" content=\"index, follow, max-snippet:-1, max-image-preview:large, max-video-preview:-1\" \/>\n<link rel=\"canonical\" href=\"https:\/\/www.drivelife.it\/news\/2019\/04\/01\/lame-di-luce\/\" \/>\n<meta property=\"og:locale\" content=\"en_US\" \/>\n<meta property=\"og:type\" content=\"article\" \/>\n<meta property=\"og:title\" content=\"LAME DI LUCE - #lucalife\" \/>\n<meta property=\"og:description\" content=\"\u201cLAME DI LUCE\u201d - MAZDA 6 WAGON - Estratto da \u201cIL LIBRO\u201d \u00a9lucaromano\" \/>\n<meta property=\"og:url\" content=\"https:\/\/www.drivelife.it\/news\/2019\/04\/01\/lame-di-luce\/\" \/>\n<meta property=\"og:site_name\" content=\"#lucalife\" \/>\n<meta property=\"article:publisher\" content=\"https:\/\/www.facebook.com\/pages\/Drivelife\/467833073239720\" \/>\n<meta property=\"article:published_time\" content=\"2019-04-01T20:45:36+00:00\" \/>\n<meta property=\"article:modified_time\" content=\"2020-01-31T13:16:43+00:00\" \/>\n<meta property=\"og:image\" content=\"https:\/\/www.drivelife.it\/news\/wp-content\/uploads\/2019\/04\/LR5_EDIT-EXPORT_MAZDA-6-WAGON_2-2.jpg\" \/>\n\t<meta property=\"og:image:width\" content=\"2560\" \/>\n\t<meta property=\"og:image:height\" content=\"1708\" \/>\n\t<meta property=\"og:image:type\" content=\"image\/jpeg\" \/>\n<meta name=\"author\" content=\"Redazione\" \/>\n<meta name=\"twitter:card\" content=\"summary_large_image\" \/>\n<meta name=\"twitter:creator\" content=\"@tweetdrivelife\" \/>\n<meta name=\"twitter:site\" content=\"@tweetdrivelife\" \/>\n<meta name=\"twitter:label1\" content=\"Written by\" \/>\n\t<meta name=\"twitter:data1\" content=\"Redazione\" \/>\n\t<meta name=\"twitter:label2\" content=\"Est. reading time\" \/>\n\t<meta name=\"twitter:data2\" content=\"4 minutes\" \/>\n<script type=\"application\/ld+json\" class=\"yoast-schema-graph\">{\"@context\":\"https:\\\/\\\/schema.org\",\"@graph\":[{\"@type\":\"Article\",\"@id\":\"https:\\\/\\\/www.drivelife.it\\\/news\\\/2019\\\/04\\\/01\\\/lame-di-luce\\\/#article\",\"isPartOf\":{\"@id\":\"https:\\\/\\\/www.drivelife.it\\\/news\\\/2019\\\/04\\\/01\\\/lame-di-luce\\\/\"},\"author\":{\"name\":\"Redazione\",\"@id\":\"https:\\\/\\\/www.drivelife.it\\\/news\\\/#\\\/schema\\\/person\\\/b6c194c3423ff451be4914f5fd9c2188\"},\"headline\":\"LAME DI LUCE\",\"datePublished\":\"2019-04-01T20:45:36+00:00\",\"dateModified\":\"2020-01-31T13:16:43+00:00\",\"mainEntityOfPage\":{\"@id\":\"https:\\\/\\\/www.drivelife.it\\\/news\\\/2019\\\/04\\\/01\\\/lame-di-luce\\\/\"},\"wordCount\":732,\"commentCount\":0,\"image\":{\"@id\":\"https:\\\/\\\/www.drivelife.it\\\/news\\\/2019\\\/04\\\/01\\\/lame-di-luce\\\/#primaryimage\"},\"thumbnailUrl\":\"https:\\\/\\\/www.drivelife.it\\\/news\\\/wp-content\\\/uploads\\\/2019\\\/04\\\/LR5_EDIT-EXPORT_MAZDA-6-WAGON_2-2.jpg\",\"keywords\":[\"MAZDA\",\"mazda 6 wagon\"],\"articleSection\":[\"AUTOMOTIVE\",\"MAZDA\",\"PORTFOLIO luca romano\",\"PUNTATE DRIVELIFE TV 2019\",\"TEST DRIVE\"],\"inLanguage\":\"en-US\",\"potentialAction\":[{\"@type\":\"CommentAction\",\"name\":\"Comment\",\"target\":[\"https:\\\/\\\/www.drivelife.it\\\/news\\\/2019\\\/04\\\/01\\\/lame-di-luce\\\/#respond\"]}]},{\"@type\":\"WebPage\",\"@id\":\"https:\\\/\\\/www.drivelife.it\\\/news\\\/2019\\\/04\\\/01\\\/lame-di-luce\\\/\",\"url\":\"https:\\\/\\\/www.drivelife.it\\\/news\\\/2019\\\/04\\\/01\\\/lame-di-luce\\\/\",\"name\":\"LAME DI LUCE - #lucalife\",\"isPartOf\":{\"@id\":\"https:\\\/\\\/www.drivelife.it\\\/news\\\/#website\"},\"primaryImageOfPage\":{\"@id\":\"https:\\\/\\\/www.drivelife.it\\\/news\\\/2019\\\/04\\\/01\\\/lame-di-luce\\\/#primaryimage\"},\"image\":{\"@id\":\"https:\\\/\\\/www.drivelife.it\\\/news\\\/2019\\\/04\\\/01\\\/lame-di-luce\\\/#primaryimage\"},\"thumbnailUrl\":\"https:\\\/\\\/www.drivelife.it\\\/news\\\/wp-content\\\/uploads\\\/2019\\\/04\\\/LR5_EDIT-EXPORT_MAZDA-6-WAGON_2-2.jpg\",\"datePublished\":\"2019-04-01T20:45:36+00:00\",\"dateModified\":\"2020-01-31T13:16:43+00:00\",\"author\":{\"@id\":\"https:\\\/\\\/www.drivelife.it\\\/news\\\/#\\\/schema\\\/person\\\/b6c194c3423ff451be4914f5fd9c2188\"},\"description\":\"\u201cLAME DI LUCE\u201d - MAZDA 6 WAGON - Estratto da \u201cIL LIBRO\u201d \u00a9lucaromano\",\"breadcrumb\":{\"@id\":\"https:\\\/\\\/www.drivelife.it\\\/news\\\/2019\\\/04\\\/01\\\/lame-di-luce\\\/#breadcrumb\"},\"inLanguage\":\"en-US\",\"potentialAction\":[{\"@type\":\"ReadAction\",\"target\":[\"https:\\\/\\\/www.drivelife.it\\\/news\\\/2019\\\/04\\\/01\\\/lame-di-luce\\\/\"]}]},{\"@type\":\"ImageObject\",\"inLanguage\":\"en-US\",\"@id\":\"https:\\\/\\\/www.drivelife.it\\\/news\\\/2019\\\/04\\\/01\\\/lame-di-luce\\\/#primaryimage\",\"url\":\"https:\\\/\\\/www.drivelife.it\\\/news\\\/wp-content\\\/uploads\\\/2019\\\/04\\\/LR5_EDIT-EXPORT_MAZDA-6-WAGON_2-2.jpg\",\"contentUrl\":\"https:\\\/\\\/www.drivelife.it\\\/news\\\/wp-content\\\/uploads\\\/2019\\\/04\\\/LR5_EDIT-EXPORT_MAZDA-6-WAGON_2-2.jpg\",\"width\":2560,\"height\":1708,\"caption\":\"\u201cLAME DI LUCE\u201d - MAZDA 6 WAGON - Estratto da \u201cIL LIBRO\u201d \u00a9lucaromano\"},{\"@type\":\"BreadcrumbList\",\"@id\":\"https:\\\/\\\/www.drivelife.it\\\/news\\\/2019\\\/04\\\/01\\\/lame-di-luce\\\/#breadcrumb\",\"itemListElement\":[{\"@type\":\"ListItem\",\"position\":1,\"name\":\"Home\",\"item\":\"https:\\\/\\\/www.drivelife.it\\\/news\\\/\"},{\"@type\":\"ListItem\",\"position\":2,\"name\":\"LAME DI LUCE\"}]},{\"@type\":\"WebSite\",\"@id\":\"https:\\\/\\\/www.drivelife.it\\\/news\\\/#website\",\"url\":\"https:\\\/\\\/www.drivelife.it\\\/news\\\/\",\"name\":\"#lucalife\",\"description\":\"DRIVELIFE le mie automobili\",\"potentialAction\":[{\"@type\":\"SearchAction\",\"target\":{\"@type\":\"EntryPoint\",\"urlTemplate\":\"https:\\\/\\\/www.drivelife.it\\\/news\\\/?s={search_term_string}\"},\"query-input\":{\"@type\":\"PropertyValueSpecification\",\"valueRequired\":true,\"valueName\":\"search_term_string\"}}],\"inLanguage\":\"en-US\"},{\"@type\":\"Person\",\"@id\":\"https:\\\/\\\/www.drivelife.it\\\/news\\\/#\\\/schema\\\/person\\\/b6c194c3423ff451be4914f5fd9c2188\",\"name\":\"Redazione\",\"image\":{\"@type\":\"ImageObject\",\"inLanguage\":\"en-US\",\"@id\":\"https:\\\/\\\/secure.gravatar.com\\\/avatar\\\/8d186f6b07ba8a94441344759f0e13bf1909b6ceaa171df0425551b4590fd558?s=96&d=mm&r=g\",\"url\":\"https:\\\/\\\/secure.gravatar.com\\\/avatar\\\/8d186f6b07ba8a94441344759f0e13bf1909b6ceaa171df0425551b4590fd558?s=96&d=mm&r=g\",\"contentUrl\":\"https:\\\/\\\/secure.gravatar.com\\\/avatar\\\/8d186f6b07ba8a94441344759f0e13bf1909b6ceaa171df0425551b4590fd558?s=96&d=mm&r=g\",\"caption\":\"Redazione\"},\"url\":\"https:\\\/\\\/www.drivelife.it\\\/news\\\/author\\\/admin\\\/\"}]}<\/script>\n<!-- \/ Yoast SEO plugin. -->","yoast_head_json":{"title":"LAME DI LUCE - #lucalife","description":"\u201cLAME DI LUCE\u201d - MAZDA 6 WAGON - Estratto da \u201cIL LIBRO\u201d \u00a9lucaromano","robots":{"index":"index","follow":"follow","max-snippet":"max-snippet:-1","max-image-preview":"max-image-preview:large","max-video-preview":"max-video-preview:-1"},"canonical":"https:\/\/www.drivelife.it\/news\/2019\/04\/01\/lame-di-luce\/","og_locale":"en_US","og_type":"article","og_title":"LAME DI LUCE - #lucalife","og_description":"\u201cLAME DI LUCE\u201d - MAZDA 6 WAGON - Estratto da \u201cIL LIBRO\u201d \u00a9lucaromano","og_url":"https:\/\/www.drivelife.it\/news\/2019\/04\/01\/lame-di-luce\/","og_site_name":"#lucalife","article_publisher":"https:\/\/www.facebook.com\/pages\/Drivelife\/467833073239720","article_published_time":"2019-04-01T20:45:36+00:00","article_modified_time":"2020-01-31T13:16:43+00:00","og_image":[{"width":2560,"height":1708,"url":"https:\/\/www.drivelife.it\/news\/wp-content\/uploads\/2019\/04\/LR5_EDIT-EXPORT_MAZDA-6-WAGON_2-2.jpg","type":"image\/jpeg"}],"author":"Redazione","twitter_card":"summary_large_image","twitter_creator":"@tweetdrivelife","twitter_site":"@tweetdrivelife","twitter_misc":{"Written by":"Redazione","Est. reading time":"4 minutes"},"schema":{"@context":"https:\/\/schema.org","@graph":[{"@type":"Article","@id":"https:\/\/www.drivelife.it\/news\/2019\/04\/01\/lame-di-luce\/#article","isPartOf":{"@id":"https:\/\/www.drivelife.it\/news\/2019\/04\/01\/lame-di-luce\/"},"author":{"name":"Redazione","@id":"https:\/\/www.drivelife.it\/news\/#\/schema\/person\/b6c194c3423ff451be4914f5fd9c2188"},"headline":"LAME DI LUCE","datePublished":"2019-04-01T20:45:36+00:00","dateModified":"2020-01-31T13:16:43+00:00","mainEntityOfPage":{"@id":"https:\/\/www.drivelife.it\/news\/2019\/04\/01\/lame-di-luce\/"},"wordCount":732,"commentCount":0,"image":{"@id":"https:\/\/www.drivelife.it\/news\/2019\/04\/01\/lame-di-luce\/#primaryimage"},"thumbnailUrl":"https:\/\/www.drivelife.it\/news\/wp-content\/uploads\/2019\/04\/LR5_EDIT-EXPORT_MAZDA-6-WAGON_2-2.jpg","keywords":["MAZDA","mazda 6 wagon"],"articleSection":["AUTOMOTIVE","MAZDA","PORTFOLIO luca romano","PUNTATE DRIVELIFE TV 2019","TEST DRIVE"],"inLanguage":"en-US","potentialAction":[{"@type":"CommentAction","name":"Comment","target":["https:\/\/www.drivelife.it\/news\/2019\/04\/01\/lame-di-luce\/#respond"]}]},{"@type":"WebPage","@id":"https:\/\/www.drivelife.it\/news\/2019\/04\/01\/lame-di-luce\/","url":"https:\/\/www.drivelife.it\/news\/2019\/04\/01\/lame-di-luce\/","name":"LAME DI LUCE - #lucalife","isPartOf":{"@id":"https:\/\/www.drivelife.it\/news\/#website"},"primaryImageOfPage":{"@id":"https:\/\/www.drivelife.it\/news\/2019\/04\/01\/lame-di-luce\/#primaryimage"},"image":{"@id":"https:\/\/www.drivelife.it\/news\/2019\/04\/01\/lame-di-luce\/#primaryimage"},"thumbnailUrl":"https:\/\/www.drivelife.it\/news\/wp-content\/uploads\/2019\/04\/LR5_EDIT-EXPORT_MAZDA-6-WAGON_2-2.jpg","datePublished":"2019-04-01T20:45:36+00:00","dateModified":"2020-01-31T13:16:43+00:00","author":{"@id":"https:\/\/www.drivelife.it\/news\/#\/schema\/person\/b6c194c3423ff451be4914f5fd9c2188"},"description":"\u201cLAME DI LUCE\u201d - MAZDA 6 WAGON - Estratto da \u201cIL LIBRO\u201d \u00a9lucaromano","breadcrumb":{"@id":"https:\/\/www.drivelife.it\/news\/2019\/04\/01\/lame-di-luce\/#breadcrumb"},"inLanguage":"en-US","potentialAction":[{"@type":"ReadAction","target":["https:\/\/www.drivelife.it\/news\/2019\/04\/01\/lame-di-luce\/"]}]},{"@type":"ImageObject","inLanguage":"en-US","@id":"https:\/\/www.drivelife.it\/news\/2019\/04\/01\/lame-di-luce\/#primaryimage","url":"https:\/\/www.drivelife.it\/news\/wp-content\/uploads\/2019\/04\/LR5_EDIT-EXPORT_MAZDA-6-WAGON_2-2.jpg","contentUrl":"https:\/\/www.drivelife.it\/news\/wp-content\/uploads\/2019\/04\/LR5_EDIT-EXPORT_MAZDA-6-WAGON_2-2.jpg","width":2560,"height":1708,"caption":"\u201cLAME DI LUCE\u201d - MAZDA 6 WAGON - Estratto da \u201cIL LIBRO\u201d \u00a9lucaromano"},{"@type":"BreadcrumbList","@id":"https:\/\/www.drivelife.it\/news\/2019\/04\/01\/lame-di-luce\/#breadcrumb","itemListElement":[{"@type":"ListItem","position":1,"name":"Home","item":"https:\/\/www.drivelife.it\/news\/"},{"@type":"ListItem","position":2,"name":"LAME DI LUCE"}]},{"@type":"WebSite","@id":"https:\/\/www.drivelife.it\/news\/#website","url":"https:\/\/www.drivelife.it\/news\/","name":"#lucalife","description":"DRIVELIFE le mie automobili","potentialAction":[{"@type":"SearchAction","target":{"@type":"EntryPoint","urlTemplate":"https:\/\/www.drivelife.it\/news\/?s={search_term_string}"},"query-input":{"@type":"PropertyValueSpecification","valueRequired":true,"valueName":"search_term_string"}}],"inLanguage":"en-US"},{"@type":"Person","@id":"https:\/\/www.drivelife.it\/news\/#\/schema\/person\/b6c194c3423ff451be4914f5fd9c2188","name":"Redazione","image":{"@type":"ImageObject","inLanguage":"en-US","@id":"https:\/\/secure.gravatar.com\/avatar\/8d186f6b07ba8a94441344759f0e13bf1909b6ceaa171df0425551b4590fd558?s=96&d=mm&r=g","url":"https:\/\/secure.gravatar.com\/avatar\/8d186f6b07ba8a94441344759f0e13bf1909b6ceaa171df0425551b4590fd558?s=96&d=mm&r=g","contentUrl":"https:\/\/secure.gravatar.com\/avatar\/8d186f6b07ba8a94441344759f0e13bf1909b6ceaa171df0425551b4590fd558?s=96&d=mm&r=g","caption":"Redazione"},"url":"https:\/\/www.drivelife.it\/news\/author\/admin\/"}]}},"amp_enabled":true,"_links":{"self":[{"href":"https:\/\/www.drivelife.it\/news\/wp-json\/wp\/v2\/posts\/22060","targetHints":{"allow":["GET"]}}],"collection":[{"href":"https:\/\/www.drivelife.it\/news\/wp-json\/wp\/v2\/posts"}],"about":[{"href":"https:\/\/www.drivelife.it\/news\/wp-json\/wp\/v2\/types\/post"}],"author":[{"embeddable":true,"href":"https:\/\/www.drivelife.it\/news\/wp-json\/wp\/v2\/users\/1"}],"replies":[{"embeddable":true,"href":"https:\/\/www.drivelife.it\/news\/wp-json\/wp\/v2\/comments?post=22060"}],"version-history":[{"count":15,"href":"https:\/\/www.drivelife.it\/news\/wp-json\/wp\/v2\/posts\/22060\/revisions"}],"predecessor-version":[{"id":22197,"href":"https:\/\/www.drivelife.it\/news\/wp-json\/wp\/v2\/posts\/22060\/revisions\/22197"}],"wp:featuredmedia":[{"embeddable":true,"href":"https:\/\/www.drivelife.it\/news\/wp-json\/wp\/v2\/media\/22063"}],"wp:attachment":[{"href":"https:\/\/www.drivelife.it\/news\/wp-json\/wp\/v2\/media?parent=22060"}],"wp:term":[{"taxonomy":"category","embeddable":true,"href":"https:\/\/www.drivelife.it\/news\/wp-json\/wp\/v2\/categories?post=22060"},{"taxonomy":"post_tag","embeddable":true,"href":"https:\/\/www.drivelife.it\/news\/wp-json\/wp\/v2\/tags?post=22060"}],"curies":[{"name":"wp","href":"https:\/\/api.w.org\/{rel}","templated":true}]}}