{"id":21936,"date":"2018-10-28T14:18:30","date_gmt":"2018-10-28T14:18:30","guid":{"rendered":"http:\/\/www.drivelife.it\/news\/?p=21936"},"modified":"2018-11-27T23:31:47","modified_gmt":"2018-11-27T23:31:47","slug":"capo-horn","status":"publish","type":"post","link":"https:\/\/www.drivelife.it\/news\/2018\/10\/28\/capo-horn\/","title":{"rendered":"CAPO HORN"},"content":{"rendered":"<p><div id=\"attachment_21956\" style=\"width: 730px\" class=\"wp-caption alignnone\"><img loading=\"lazy\" decoding=\"async\" aria-describedby=\"caption-attachment-21956\" src=\"http:\/\/www.drivelife.it\/news\/wp-content\/uploads\/2018\/10\/LR5_EDIT-EXPORT_SUBARU-XV-AMANDA-4-1000x666.jpg\" alt=\"EDIZIONE SPECIALE: \u201cIL GIALLO\u201d, EPISODIO 2 \u201cCAPO HORN\u201d, TEST DRIVE SUBARU XV MY18 - \u00a9lucaromano\" width=\"720\" height=\"480\" class=\"size-large wp-image-21956\" srcset=\"https:\/\/www.drivelife.it\/news\/wp-content\/uploads\/2018\/10\/LR5_EDIT-EXPORT_SUBARU-XV-AMANDA-4-1000x666.jpg 1000w, https:\/\/www.drivelife.it\/news\/wp-content\/uploads\/2018\/10\/LR5_EDIT-EXPORT_SUBARU-XV-AMANDA-4-620x413.jpg 620w, https:\/\/www.drivelife.it\/news\/wp-content\/uploads\/2018\/10\/LR5_EDIT-EXPORT_SUBARU-XV-AMANDA-4-768x511.jpg 768w, https:\/\/www.drivelife.it\/news\/wp-content\/uploads\/2018\/10\/LR5_EDIT-EXPORT_SUBARU-XV-AMANDA-4-640x426.jpg 640w\" sizes=\"auto, (max-width: 720px) 100vw, 720px\" \/><p id=\"caption-attachment-21956\" class=\"wp-caption-text\">EDIZIONE SPECIALE: \u201cIL GIALLO\u201d, EPISODIO 2 \u201cCAPO HORN\u201d, TEST DRIVE SUBARU XV MY18 &#8211; \u00a9lucaromano<\/p><\/div><br \/>\n13.199,59 km (8.201,84 mi).<br \/>\nE\u2019 la distanza approssimativa da un mare tempestoso ad un altro.<br \/>\nL\u2019unica differenza sta nel tipo di tempesta.<br \/>\nLui \u00e8 al terzo passaggio virtuale di Capo Horn dopo aver doppiato il Capo, quello vero, in vita zero.<br \/>\nQuei due, tutti e due, erano stati la sua nave scuola.<br \/>\nAppena sbarcati, pure loro, da una nave scuola, quella dei giri di chiglia.<br \/>\nNe avevano fatti parecchi.<br \/>\nUna nave scuola sul modello di un certo film americano a lieto fine.<br \/>\nL\u00ec marines, qui marinai. <\/p>\n<p>\u2028\u201cDobbiamo trasferire un 40\u2019, ci manca uno, ti va?\u201d.<\/p>\n<p>Valigie pronte. <\/p>\n<p>I visti, allora, non erano un problema.<br \/>\nIl 9.11 era lontano ed inimmaginabile.<br \/>\nI viaggi alla portata di tutti, di tutti quelli con i soldi.<br \/>\n\u2028Da San Diego la navigazione, prua a Sud fu semplice.<br \/>\nScelsero la rotta pi\u00f9 lunga ma pi\u00f9 bella. Le coste di quei paesi ancora poco conosciuti, affacciati sul Pacifico, erano uno spettacolo magnifico e incontaminato ma subito dopo l\u2019inferno per gente che sembrava vivere ancora ai tempi delle baleniere, quelle di legno non i mostri giapponesi d\u2019acciaio che oggi depredano quel poco che resta del grande mammifero.\u2028<br \/>\nI tre, tre scavezzacollo, s\u2019erano guardati in faccia prima di partire e avevano deciso.<br \/>\nAvrebbero sfidato la triade***** dei paralleli.<br \/>\nIl caso volle che il 40\u2019 fosse a San Diego.<br \/>\nAltrimenti, fosse stato in Atlantico, quei tre erano cos\u00ec scemi che avrebbero fatto il capo al contrario lottando non solo contro la triade ma anche con le \u201cWesterlies\u201d dello stretto di Sir Francis Drake.<\/p>\n<p>Quella distanza, qualche chilometro meno, Lui la copr\u00ec in un tempo molto pi\u00f9 breve di quel passaggio, quello vero, di Capo Horn.<br \/>\n12,5k di chilometri in quaranta giorni.<br \/>\nTutti a manetta, tutti a palla, tutti di notte.<br \/>\nNecessari per scappare dal suo cervello, necessari per scattare foto, necessari per guidare e scaricare adrenalina, chilometro dopo chilometro.<br \/>\nIn quei viaggi, un chilometro dopo l\u2019altro, presero forma i suoi pensieri su come agire per contrastare Osiraq.<br \/>\nDi notte quando le autostrade vuote conciliavano l\u2019abbattimento di ogni limite di velocit\u00e0, quando i fari della Velar, della CLS e della Outback illuminavano infinite strisce di segnaletica orizzontale che senza fine che si perdeva negli occhi di lui segnando l\u2019infinito, trafiggendo il suo cervello con i ricordi, segnando il procedere del distacco tra la terza e la quarta vita, ecco, in quei chilometri Lui pass\u00f2 un\u2019altra volta Capo Horn.<br \/>\n\u2028Ed il Capo si fa navigare in una sola direzione.<br \/>\n\u2028Da Ovest verso Est. \u2028<br \/>\nDa Capo Horn a Capo di Buona Speranza.<br \/>\nSenza ritorno.<br \/>\n\u2028Le \u201cWesterlies\u201d australi lo impediscono anche ai navigatori pi\u00f9 coraggiosi.<br \/>\nTuttavia, in Lui, c&#8217;\u00e8 il ricordo di quella giovanile determinazione dei tre sul 40&#8242; e la certezza che sarebbero stati capaci di doppiare il capo anche al contrario, con i venti avversi.<\/p>\n<p><strong><em>***** &#8211; La triade dei paralleli:\u2028<br \/>\n\u201cRoaring Forties\u201d (quaranta ruggenti)<br \/>\n\u2028\u201cHowling Fifties\u201d (cinquanta urlanti)<br \/>\n\u2028\u201cScreeching Sixties\u201d (sessanta stridenti)<\/em><\/strong><\/p>\n<p>https:\/\/vimeo.com\/298075436<\/p>\n<p><strong><\/p>\n<blockquote>\n<h1>Catch The Rainbow.\u2028<br \/>\nRide the sky.<br \/>\n\u2028Make it shine.<br \/>\nFor you and I.\u2028<br \/>\nSee the light.\u2028<br \/>\nThrough the night.<\/h1>\n<\/blockquote>\n<p><\/strong><\/p>\n<p><div id=\"attachment_21938\" style=\"width: 730px\" class=\"wp-caption alignnone\"><img loading=\"lazy\" decoding=\"async\" aria-describedby=\"caption-attachment-21938\" src=\"http:\/\/www.drivelife.it\/news\/wp-content\/uploads\/2018\/10\/LR5_EDIT-EXPORT_SUBARU-XV-AMANDA-3-1000x666.jpg\" alt=\"EDIZIONE SPECIALE: \u201cIL GIALLO\u201d, EPISODIO 2 \u201cCAPO HORN\u201d, TEST DRIVE SUBARU XV MY18 - \u00a9lucaromano\" width=\"720\" height=\"480\" class=\"size-large wp-image-21938\" srcset=\"https:\/\/www.drivelife.it\/news\/wp-content\/uploads\/2018\/10\/LR5_EDIT-EXPORT_SUBARU-XV-AMANDA-3-1000x666.jpg 1000w, https:\/\/www.drivelife.it\/news\/wp-content\/uploads\/2018\/10\/LR5_EDIT-EXPORT_SUBARU-XV-AMANDA-3-620x413.jpg 620w, https:\/\/www.drivelife.it\/news\/wp-content\/uploads\/2018\/10\/LR5_EDIT-EXPORT_SUBARU-XV-AMANDA-3-768x511.jpg 768w, https:\/\/www.drivelife.it\/news\/wp-content\/uploads\/2018\/10\/LR5_EDIT-EXPORT_SUBARU-XV-AMANDA-3-640x426.jpg 640w\" sizes=\"auto, (max-width: 720px) 100vw, 720px\" \/><p id=\"caption-attachment-21938\" class=\"wp-caption-text\">EDIZIONE SPECIALE: \u201cIL GIALLO\u201d, EPISODIO 2 \u201cCAPO HORN\u201d, TEST DRIVE SUBARU XV MY18 &#8211; \u00a9lucaromano<\/p><\/div><br \/>\n&nbsp;<\/p>\n<h1>03 NOVEMBRE,<br \/>\nDRIVELIFE,<br \/>\nTRAILER PUNTATA IN TV<\/h1>\n<p>&nbsp;<br \/>\nhttps:\/\/vimeo.com\/295989731<br \/>\n&nbsp;<\/p>\n<h1><strong><br \/>\nRUBRICA TV AUTOMOTIVE DI 12\u201900\u201d &#8211;<br \/>\nIN ONDA<\/strong><\/h1>\n<p>&nbsp;<\/p>\n<h1>\n<strong>TIMING &#038; START@<\/strong> <\/p>\n<p><strong> 03.11.inTv &#8211; COVER STORY:<br \/>\n\u2028EDIZIONE SPECIALE, \u201cIL GIALLO\u201d,<br \/>\nEPISODIO 2 \u201cCAPO HORN\u201d,<br \/>\nTEST DRIVE SUBARU XV MY18,<br \/>\nSTART@00\u201948\u201d up to 11\u201937\u201d <\/strong><br \/>\n&nbsp;<br \/>\n@00\u201948\u201d up to 11\u201937\u201d &#8211;<br \/>\n&nbsp;<br \/>\n<strong>SOMMARIO CON TIMING@START<\/strong><br \/>\n&nbsp;<\/p>\n<p><strong>COVER STORY:<\/strong><br \/>\nEDIZIONE SPECIALE, \u201cIL GIALLO\u201d,<br \/>\nEPISODIO 2 \u201cCAPO HORN\u201d,<br \/>\nTEST DRIVE SUBARU XV MY18,<br \/>\nSTART@00\u201948\u201d up to 11\u201937\u201d &#8211;<\/p>\n<p>PUNTATA MONOGRAFICA, TEST DRIVE SUBARU XV MY18<\/p>\n<p>&#8211; <\/h1>\n<p>&nbsp;<\/p>\n<p>https:\/\/vimeo.com\/292369895<\/p>\n<p>&nbsp;<br \/>\n<div style='display:none;' class='shareaholic-canvas' data-app='share_buttons' data-title='CAPO HORN' data-link='https:\/\/www.drivelife.it\/news\/2018\/10\/28\/capo-horn\/' data-app-id='16516586'><\/div><br \/>\n&nbsp;<\/p>\n<h1>\u201cIL GIALLO\u201d<br \/>\nEPISODIO 1, &#8220;LA VERIFICA&#8221;<br \/>\n\u2013 IN TV DAL 13 OTTOBRE 2018<\/p>\n<p>PUNTATA MONOGRAFICA,<br \/>\nTEST DRIVE DS 3 CAF\u00c9 RACER<\/h1>\n<p>https:\/\/vimeo.com\/295007857<\/p>\n<p>&nbsp;<\/p>\n<p><strong>RINGRAZIAMENTI<\/strong><\/p>\n<p>Come \u201cgiornalaio\u201d e transmedia-storyteller, nella mia vita ho incontrato tante persone. Ognuna mi ha lasciato un arricchimento. Comunque positivo, \u00e8 sempre un\u2019esperienza in pi\u00f9. Nel bene e nel male, nel buono e nel cattivo, in positivo ed in negativo. Tutto \u2018sto filotto per dire che c\u2019\u00e8 sempre da imparare e che gli esami non finiscono mai. Umilt\u00e0 e trasparenza hanno sempre dettato gli orari della mia giornata e di qualsiasi attivit\u00e0 professionale, video, fotografica, giornalistica. La lunga premessa, mo\u2019 \u00e8 finita, \u00e8 per dire che mi avvicino alle persone con delicatezza e disponibilit\u00e0. Non sempre corrisposte, non sempre capite. Specifica, questa, pi\u00f9 che necessaria per dare maggior valore alle persone che ho incontrato in questa torrida estate 2018.<br \/>\nIl loro spirito di collaborazione, la dedizione e la disponibilit\u00e0 di queste persone lascer\u00e0 per sempre un bellissimo ricordo nella mia testa dura.<br \/>\nE con il loro ricordo anche quel sentimento di riconoscenza cos\u00ec raro ormai ma che in me alberga, ed albergher\u00e0, fin tanto che sar\u00f2 capace di respirare.<br \/>\nQuesto lungo video \u00e8 stato possibile proprio grazie a loro ed a qualcuno che non compare in video ma che \u00e8 stato il tramite per riuscire nell\u2019impresa.<br \/>\nSenza di loro non avrei avuto l\u2019opportunit\u00e0, non avrei avuto la forza e lo sprone per arrivare fino in fondo.<br \/>\nGrazie.<br \/>\n@Amanda Panella @Ibis Hotel Styles Roma EUR @Caf\u00e9Twin @RAW BarberShop @LauraAmato con \u201cBurnt it down\u201d @Valerio Da Silva Petrone.<\/p>\n<p><strong>DISCLAIMER<\/strong><\/p>\n<p>1\/Ndr. &#8211; \u2028Libera interpretazione di un test drive e shooting fotografico\/video della SUBARU XV MY18 del Luglio\/Agosto del 2018. Ogni riferimento a fatti e persone \u00e8 casuale e frutto della fantasia dell\u2019Autore che declina qualsiasi responsabilit\u00e0 nel caso qualcuno\/a dovesse vedersi qui con precisione descritto. Le circostanze, a volte, portano ad una rappresentazione della fantasia molto aderente alla realt\u00e0.\u2028E non \u00e8 neanche detto che la realt\u00e0 sia una sola visto che questa &#8211; la realt\u00e0 &#8211; spesso supera la pi\u00f9 fervida fantasia.\u2028Nel caso di una improbabile descrizione di fatti realmente accaduti mi scuso con quanti qui dovessero riconoscersi ma non ritiro la pubblicazione. Luca Romano.<br \/>\n2\/\u2028Ndr. &#8211; Il testo a corredo del set fotografico\/video \u00e8 una libera, e di fantasia, interpretazione del test drive con la vettura. Ogni riferimento a fatti e\/o persone \u00e8 puramente casuale. Le affermazioni relative al CDS\/Codice della Strada in vigore in Italia sono sotto la responsabilit\u00e0 dell\u2019Autore ma nulla hanno in relazione alla sua condotta di guida durante il periodo di prova\/demo per la stampa della vettura concessa dal proprietario della stessa. Il testo \u00e8 parte di un manoscritto pi\u00f9 ampio di propriet\u00e0 dell\u2019Autore. Questo testo \u00e8 pubblicato in queste pagine web al solo scopo illustrativo del servizio fotografico e non ha alcuna relazione con la sua attivit\u00e0 professionale di giornalista. Il testo e le foto sono protette dal diritto d\u2019autore in base alle vigenti leggi e norme. Non \u00e8 concessa alcuna autorizzazione alla riproduzione se non a valle di eventuale richiesta e successiva valutazione da parte dell\u2019Autore.\u2028Ogni abuso sar\u00e0 perseguito con determinazione.<\/p>\n<h1><strong><\/p>\n<blockquote><p>Catch The Rainbow.\u2028<br \/>\nRide the sky.\u2028<br \/>\nMake it shine.<br \/>\n\u2028For you and I.\u2028<br \/>\nSee the light.\u2028<br \/>\nThrough the night.<\/p><\/blockquote>\n<p><\/strong><\/h1>\n<p><em>Ronnie James Dio<\/em><\/p>\n<p>&nbsp;<\/p>\n<h1>FILE PER PUNTATA<br \/>\nDEL 3 NOVEMBRE<\/h1>\n<p>&nbsp;<\/p>\n<h1>03\/11, file HD 1280&#215;720, mp4, 1,10 GB<\/h1>\n<p>https:\/\/vimeo.com\/298478752<br \/>\n&nbsp;<br \/>\n<div style='display:none;' class='shareaholic-canvas' data-app='share_buttons' data-title='CAPO HORN' data-link='https:\/\/www.drivelife.it\/news\/2018\/10\/28\/capo-horn\/' data-app-id='16516586'><\/div><br \/>\n&nbsp;<\/p>\n<h1>03\/11, file standard 720&#215;576, mpg, 0,55 GB<\/h1>\n<p>https:\/\/vimeo.com\/298477179<br \/>\n&nbsp;<\/p>\n<h1>03\/11, youtube, file HD 1280&#215;720, mp4, 1,10 GB<\/h1>\n<div class=\"video-container\"><iframe loading=\"lazy\" title=\"2018 PUNTATA DRIVELIFE NOVEMBRE 03\" width=\"500\" height=\"281\" src=\"https:\/\/www.youtube.com\/embed\/E2YE3xXkyoc?feature=oembed&#038;wmode=opaque\" frameborder=\"0\" allow=\"accelerometer; autoplay; clipboard-write; encrypted-media; gyroscope; picture-in-picture; web-share\" referrerpolicy=\"strict-origin-when-cross-origin\" allowfullscreen><\/iframe><\/div>\n<p>&nbsp;<\/p>\n","protected":false},"excerpt":{"rendered":"<p>13.199,59 km (8.201,84 mi). E\u2019 la distanza approssimativa da un mare tempestoso ad un altro. L\u2019unica differenza sta nel tipo di tempesta. Lui \u00e8 al terzo passaggio virtuale di Capo Horn dopo aver doppiato il Capo, quello vero, in vita zero. Quei due, tutti e due, erano stati la sua nave scuola. Appena sbarcati, pure loro, da una nave scuola, quella dei giri di chiglia. Ne avevano fatti parecchi. Una nave scuola sul modello di un certo film americano a lieto fine. L\u00ec marines, qui marinai. \u2028\u201cDobbiamo trasferire un 40\u2019, ci manca uno, ti va?\u201d. Valigie pronte. I visti, allora, non erano&#46;&#46;&#46;<\/p>\n","protected":false},"author":1,"featured_media":21938,"comment_status":"open","ping_status":"open","sticky":false,"template":"","format":"video","meta":{"ngg_post_thumbnail":0,"footnotes":""},"categories":[39,1361,35,81,53],"tags":[1465,1466,1464],"class_list":["post-21936","post","type-post","status-publish","format-video","has-post-thumbnail","hentry","category-automotive","category-puntate-drivelife-tv-2018","category-subaru","category-test-drive-2","category-video","tag-amanda-panella","tag-ibis-style-hotel","tag-subaru-xv-my-18","post_format-post-format-video"],"yoast_head":"<!-- This site is optimized with the Yoast SEO plugin v27.5 - https:\/\/yoast.com\/product\/yoast-seo-wordpress\/ -->\n<title>CAPO HORN - #lucalife<\/title>\n<meta name=\"robots\" content=\"index, follow, max-snippet:-1, max-image-preview:large, max-video-preview:-1\" \/>\n<link rel=\"canonical\" href=\"https:\/\/www.drivelife.it\/news\/2018\/10\/28\/capo-horn\/\" \/>\n<meta property=\"og:locale\" content=\"en_US\" \/>\n<meta property=\"og:type\" content=\"article\" \/>\n<meta property=\"og:title\" content=\"CAPO HORN - #lucalife\" \/>\n<meta property=\"og:description\" content=\"13.199,59 km (8.201,84 mi). E\u2019 la distanza approssimativa da un mare tempestoso ad un altro. L\u2019unica differenza sta nel tipo di tempesta. Lui \u00e8 al terzo passaggio virtuale di Capo Horn dopo aver doppiato il Capo, quello vero, in vita zero. Quei due, tutti e due, erano stati la sua nave scuola. Appena sbarcati, pure loro, da una nave scuola, quella dei giri di chiglia. Ne avevano fatti parecchi. Una nave scuola sul modello di un certo film americano a lieto fine. L\u00ec marines, qui marinai. \u2028\u201cDobbiamo trasferire un 40\u2019, ci manca uno, ti va?\u201d. Valigie pronte. I visti, allora, non erano&#046;&#046;&#046;\" \/>\n<meta property=\"og:url\" content=\"https:\/\/www.drivelife.it\/news\/2018\/10\/28\/capo-horn\/\" \/>\n<meta property=\"og:site_name\" content=\"#lucalife\" \/>\n<meta property=\"article:publisher\" content=\"https:\/\/www.facebook.com\/pages\/Drivelife\/467833073239720\" \/>\n<meta property=\"article:published_time\" content=\"2018-10-28T14:18:30+00:00\" \/>\n<meta property=\"article:modified_time\" content=\"2018-11-27T23:31:47+00:00\" \/>\n<meta property=\"og:image\" content=\"https:\/\/www.drivelife.it\/news\/wp-content\/uploads\/2018\/10\/LR5_EDIT-EXPORT_SUBARU-XV-AMANDA-3.jpg\" \/>\n\t<meta property=\"og:image:width\" content=\"2560\" \/>\n\t<meta property=\"og:image:height\" content=\"1704\" \/>\n\t<meta property=\"og:image:type\" content=\"image\/jpeg\" \/>\n<meta name=\"author\" content=\"Redazione\" \/>\n<meta name=\"twitter:card\" content=\"summary_large_image\" \/>\n<meta name=\"twitter:creator\" content=\"@tweetdrivelife\" \/>\n<meta name=\"twitter:site\" content=\"@tweetdrivelife\" \/>\n<meta name=\"twitter:label1\" content=\"Written by\" \/>\n\t<meta name=\"twitter:data1\" content=\"Redazione\" \/>\n\t<meta name=\"twitter:label2\" content=\"Est. reading time\" \/>\n\t<meta name=\"twitter:data2\" content=\"6 minutes\" \/>\n<script type=\"application\/ld+json\" class=\"yoast-schema-graph\">{\"@context\":\"https:\\\/\\\/schema.org\",\"@graph\":[{\"@type\":\"Article\",\"@id\":\"https:\\\/\\\/www.drivelife.it\\\/news\\\/2018\\\/10\\\/28\\\/capo-horn\\\/#article\",\"isPartOf\":{\"@id\":\"https:\\\/\\\/www.drivelife.it\\\/news\\\/2018\\\/10\\\/28\\\/capo-horn\\\/\"},\"author\":{\"name\":\"Redazione\",\"@id\":\"https:\\\/\\\/www.drivelife.it\\\/news\\\/#\\\/schema\\\/person\\\/b6c194c3423ff451be4914f5fd9c2188\"},\"headline\":\"CAPO HORN\",\"datePublished\":\"2018-10-28T14:18:30+00:00\",\"dateModified\":\"2018-11-27T23:31:47+00:00\",\"mainEntityOfPage\":{\"@id\":\"https:\\\/\\\/www.drivelife.it\\\/news\\\/2018\\\/10\\\/28\\\/capo-horn\\\/\"},\"wordCount\":1221,\"commentCount\":0,\"image\":{\"@id\":\"https:\\\/\\\/www.drivelife.it\\\/news\\\/2018\\\/10\\\/28\\\/capo-horn\\\/#primaryimage\"},\"thumbnailUrl\":\"https:\\\/\\\/www.drivelife.it\\\/news\\\/wp-content\\\/uploads\\\/2018\\\/10\\\/LR5_EDIT-EXPORT_SUBARU-XV-AMANDA-3.jpg\",\"keywords\":[\"amanda panella\",\"ibis style hotel\",\"subaru XV my 18\"],\"articleSection\":[\"AUTOMOTIVE\",\"PUNTATE DRIVELIFE TV 2018\",\"SUBARU\",\"TEST DRIVE\",\"VIDEO\"],\"inLanguage\":\"en-US\",\"potentialAction\":[{\"@type\":\"CommentAction\",\"name\":\"Comment\",\"target\":[\"https:\\\/\\\/www.drivelife.it\\\/news\\\/2018\\\/10\\\/28\\\/capo-horn\\\/#respond\"]}]},{\"@type\":\"WebPage\",\"@id\":\"https:\\\/\\\/www.drivelife.it\\\/news\\\/2018\\\/10\\\/28\\\/capo-horn\\\/\",\"url\":\"https:\\\/\\\/www.drivelife.it\\\/news\\\/2018\\\/10\\\/28\\\/capo-horn\\\/\",\"name\":\"CAPO HORN - #lucalife\",\"isPartOf\":{\"@id\":\"https:\\\/\\\/www.drivelife.it\\\/news\\\/#website\"},\"primaryImageOfPage\":{\"@id\":\"https:\\\/\\\/www.drivelife.it\\\/news\\\/2018\\\/10\\\/28\\\/capo-horn\\\/#primaryimage\"},\"image\":{\"@id\":\"https:\\\/\\\/www.drivelife.it\\\/news\\\/2018\\\/10\\\/28\\\/capo-horn\\\/#primaryimage\"},\"thumbnailUrl\":\"https:\\\/\\\/www.drivelife.it\\\/news\\\/wp-content\\\/uploads\\\/2018\\\/10\\\/LR5_EDIT-EXPORT_SUBARU-XV-AMANDA-3.jpg\",\"datePublished\":\"2018-10-28T14:18:30+00:00\",\"dateModified\":\"2018-11-27T23:31:47+00:00\",\"author\":{\"@id\":\"https:\\\/\\\/www.drivelife.it\\\/news\\\/#\\\/schema\\\/person\\\/b6c194c3423ff451be4914f5fd9c2188\"},\"breadcrumb\":{\"@id\":\"https:\\\/\\\/www.drivelife.it\\\/news\\\/2018\\\/10\\\/28\\\/capo-horn\\\/#breadcrumb\"},\"inLanguage\":\"en-US\",\"potentialAction\":[{\"@type\":\"ReadAction\",\"target\":[\"https:\\\/\\\/www.drivelife.it\\\/news\\\/2018\\\/10\\\/28\\\/capo-horn\\\/\"]}]},{\"@type\":\"ImageObject\",\"inLanguage\":\"en-US\",\"@id\":\"https:\\\/\\\/www.drivelife.it\\\/news\\\/2018\\\/10\\\/28\\\/capo-horn\\\/#primaryimage\",\"url\":\"https:\\\/\\\/www.drivelife.it\\\/news\\\/wp-content\\\/uploads\\\/2018\\\/10\\\/LR5_EDIT-EXPORT_SUBARU-XV-AMANDA-3.jpg\",\"contentUrl\":\"https:\\\/\\\/www.drivelife.it\\\/news\\\/wp-content\\\/uploads\\\/2018\\\/10\\\/LR5_EDIT-EXPORT_SUBARU-XV-AMANDA-3.jpg\",\"width\":2560,\"height\":1704,\"caption\":\"EDIZIONE SPECIALE: \u201cIL GIALLO\u201d, EPISODIO \u201cCAPO HORN\u201d, TEST DRIVE SUBARU XV MY18 - \u00a9lucaromano\"},{\"@type\":\"BreadcrumbList\",\"@id\":\"https:\\\/\\\/www.drivelife.it\\\/news\\\/2018\\\/10\\\/28\\\/capo-horn\\\/#breadcrumb\",\"itemListElement\":[{\"@type\":\"ListItem\",\"position\":1,\"name\":\"Home\",\"item\":\"https:\\\/\\\/www.drivelife.it\\\/news\\\/\"},{\"@type\":\"ListItem\",\"position\":2,\"name\":\"CAPO HORN\"}]},{\"@type\":\"WebSite\",\"@id\":\"https:\\\/\\\/www.drivelife.it\\\/news\\\/#website\",\"url\":\"https:\\\/\\\/www.drivelife.it\\\/news\\\/\",\"name\":\"#lucalife\",\"description\":\"DRIVELIFE le mie automobili\",\"potentialAction\":[{\"@type\":\"SearchAction\",\"target\":{\"@type\":\"EntryPoint\",\"urlTemplate\":\"https:\\\/\\\/www.drivelife.it\\\/news\\\/?s={search_term_string}\"},\"query-input\":{\"@type\":\"PropertyValueSpecification\",\"valueRequired\":true,\"valueName\":\"search_term_string\"}}],\"inLanguage\":\"en-US\"},{\"@type\":\"Person\",\"@id\":\"https:\\\/\\\/www.drivelife.it\\\/news\\\/#\\\/schema\\\/person\\\/b6c194c3423ff451be4914f5fd9c2188\",\"name\":\"Redazione\",\"image\":{\"@type\":\"ImageObject\",\"inLanguage\":\"en-US\",\"@id\":\"https:\\\/\\\/secure.gravatar.com\\\/avatar\\\/8d186f6b07ba8a94441344759f0e13bf1909b6ceaa171df0425551b4590fd558?s=96&d=mm&r=g\",\"url\":\"https:\\\/\\\/secure.gravatar.com\\\/avatar\\\/8d186f6b07ba8a94441344759f0e13bf1909b6ceaa171df0425551b4590fd558?s=96&d=mm&r=g\",\"contentUrl\":\"https:\\\/\\\/secure.gravatar.com\\\/avatar\\\/8d186f6b07ba8a94441344759f0e13bf1909b6ceaa171df0425551b4590fd558?s=96&d=mm&r=g\",\"caption\":\"Redazione\"},\"url\":\"https:\\\/\\\/www.drivelife.it\\\/news\\\/author\\\/admin\\\/\"}]}<\/script>\n<!-- \/ Yoast SEO plugin. -->","yoast_head_json":{"title":"CAPO HORN - #lucalife","robots":{"index":"index","follow":"follow","max-snippet":"max-snippet:-1","max-image-preview":"max-image-preview:large","max-video-preview":"max-video-preview:-1"},"canonical":"https:\/\/www.drivelife.it\/news\/2018\/10\/28\/capo-horn\/","og_locale":"en_US","og_type":"article","og_title":"CAPO HORN - #lucalife","og_description":"13.199,59 km (8.201,84 mi). E\u2019 la distanza approssimativa da un mare tempestoso ad un altro. L\u2019unica differenza sta nel tipo di tempesta. Lui \u00e8 al terzo passaggio virtuale di Capo Horn dopo aver doppiato il Capo, quello vero, in vita zero. Quei due, tutti e due, erano stati la sua nave scuola. Appena sbarcati, pure loro, da una nave scuola, quella dei giri di chiglia. Ne avevano fatti parecchi. Una nave scuola sul modello di un certo film americano a lieto fine. L\u00ec marines, qui marinai. \u2028\u201cDobbiamo trasferire un 40\u2019, ci manca uno, ti va?\u201d. Valigie pronte. I visti, allora, non erano&#46;&#46;&#46;","og_url":"https:\/\/www.drivelife.it\/news\/2018\/10\/28\/capo-horn\/","og_site_name":"#lucalife","article_publisher":"https:\/\/www.facebook.com\/pages\/Drivelife\/467833073239720","article_published_time":"2018-10-28T14:18:30+00:00","article_modified_time":"2018-11-27T23:31:47+00:00","og_image":[{"width":2560,"height":1704,"url":"https:\/\/www.drivelife.it\/news\/wp-content\/uploads\/2018\/10\/LR5_EDIT-EXPORT_SUBARU-XV-AMANDA-3.jpg","type":"image\/jpeg"}],"author":"Redazione","twitter_card":"summary_large_image","twitter_creator":"@tweetdrivelife","twitter_site":"@tweetdrivelife","twitter_misc":{"Written by":"Redazione","Est. reading time":"6 minutes"},"schema":{"@context":"https:\/\/schema.org","@graph":[{"@type":"Article","@id":"https:\/\/www.drivelife.it\/news\/2018\/10\/28\/capo-horn\/#article","isPartOf":{"@id":"https:\/\/www.drivelife.it\/news\/2018\/10\/28\/capo-horn\/"},"author":{"name":"Redazione","@id":"https:\/\/www.drivelife.it\/news\/#\/schema\/person\/b6c194c3423ff451be4914f5fd9c2188"},"headline":"CAPO HORN","datePublished":"2018-10-28T14:18:30+00:00","dateModified":"2018-11-27T23:31:47+00:00","mainEntityOfPage":{"@id":"https:\/\/www.drivelife.it\/news\/2018\/10\/28\/capo-horn\/"},"wordCount":1221,"commentCount":0,"image":{"@id":"https:\/\/www.drivelife.it\/news\/2018\/10\/28\/capo-horn\/#primaryimage"},"thumbnailUrl":"https:\/\/www.drivelife.it\/news\/wp-content\/uploads\/2018\/10\/LR5_EDIT-EXPORT_SUBARU-XV-AMANDA-3.jpg","keywords":["amanda panella","ibis style hotel","subaru XV my 18"],"articleSection":["AUTOMOTIVE","PUNTATE DRIVELIFE TV 2018","SUBARU","TEST DRIVE","VIDEO"],"inLanguage":"en-US","potentialAction":[{"@type":"CommentAction","name":"Comment","target":["https:\/\/www.drivelife.it\/news\/2018\/10\/28\/capo-horn\/#respond"]}]},{"@type":"WebPage","@id":"https:\/\/www.drivelife.it\/news\/2018\/10\/28\/capo-horn\/","url":"https:\/\/www.drivelife.it\/news\/2018\/10\/28\/capo-horn\/","name":"CAPO HORN - #lucalife","isPartOf":{"@id":"https:\/\/www.drivelife.it\/news\/#website"},"primaryImageOfPage":{"@id":"https:\/\/www.drivelife.it\/news\/2018\/10\/28\/capo-horn\/#primaryimage"},"image":{"@id":"https:\/\/www.drivelife.it\/news\/2018\/10\/28\/capo-horn\/#primaryimage"},"thumbnailUrl":"https:\/\/www.drivelife.it\/news\/wp-content\/uploads\/2018\/10\/LR5_EDIT-EXPORT_SUBARU-XV-AMANDA-3.jpg","datePublished":"2018-10-28T14:18:30+00:00","dateModified":"2018-11-27T23:31:47+00:00","author":{"@id":"https:\/\/www.drivelife.it\/news\/#\/schema\/person\/b6c194c3423ff451be4914f5fd9c2188"},"breadcrumb":{"@id":"https:\/\/www.drivelife.it\/news\/2018\/10\/28\/capo-horn\/#breadcrumb"},"inLanguage":"en-US","potentialAction":[{"@type":"ReadAction","target":["https:\/\/www.drivelife.it\/news\/2018\/10\/28\/capo-horn\/"]}]},{"@type":"ImageObject","inLanguage":"en-US","@id":"https:\/\/www.drivelife.it\/news\/2018\/10\/28\/capo-horn\/#primaryimage","url":"https:\/\/www.drivelife.it\/news\/wp-content\/uploads\/2018\/10\/LR5_EDIT-EXPORT_SUBARU-XV-AMANDA-3.jpg","contentUrl":"https:\/\/www.drivelife.it\/news\/wp-content\/uploads\/2018\/10\/LR5_EDIT-EXPORT_SUBARU-XV-AMANDA-3.jpg","width":2560,"height":1704,"caption":"EDIZIONE SPECIALE: \u201cIL GIALLO\u201d, EPISODIO \u201cCAPO HORN\u201d, TEST DRIVE SUBARU XV MY18 - \u00a9lucaromano"},{"@type":"BreadcrumbList","@id":"https:\/\/www.drivelife.it\/news\/2018\/10\/28\/capo-horn\/#breadcrumb","itemListElement":[{"@type":"ListItem","position":1,"name":"Home","item":"https:\/\/www.drivelife.it\/news\/"},{"@type":"ListItem","position":2,"name":"CAPO HORN"}]},{"@type":"WebSite","@id":"https:\/\/www.drivelife.it\/news\/#website","url":"https:\/\/www.drivelife.it\/news\/","name":"#lucalife","description":"DRIVELIFE le mie automobili","potentialAction":[{"@type":"SearchAction","target":{"@type":"EntryPoint","urlTemplate":"https:\/\/www.drivelife.it\/news\/?s={search_term_string}"},"query-input":{"@type":"PropertyValueSpecification","valueRequired":true,"valueName":"search_term_string"}}],"inLanguage":"en-US"},{"@type":"Person","@id":"https:\/\/www.drivelife.it\/news\/#\/schema\/person\/b6c194c3423ff451be4914f5fd9c2188","name":"Redazione","image":{"@type":"ImageObject","inLanguage":"en-US","@id":"https:\/\/secure.gravatar.com\/avatar\/8d186f6b07ba8a94441344759f0e13bf1909b6ceaa171df0425551b4590fd558?s=96&d=mm&r=g","url":"https:\/\/secure.gravatar.com\/avatar\/8d186f6b07ba8a94441344759f0e13bf1909b6ceaa171df0425551b4590fd558?s=96&d=mm&r=g","contentUrl":"https:\/\/secure.gravatar.com\/avatar\/8d186f6b07ba8a94441344759f0e13bf1909b6ceaa171df0425551b4590fd558?s=96&d=mm&r=g","caption":"Redazione"},"url":"https:\/\/www.drivelife.it\/news\/author\/admin\/"}]}},"amp_enabled":true,"_links":{"self":[{"href":"https:\/\/www.drivelife.it\/news\/wp-json\/wp\/v2\/posts\/21936","targetHints":{"allow":["GET"]}}],"collection":[{"href":"https:\/\/www.drivelife.it\/news\/wp-json\/wp\/v2\/posts"}],"about":[{"href":"https:\/\/www.drivelife.it\/news\/wp-json\/wp\/v2\/types\/post"}],"author":[{"embeddable":true,"href":"https:\/\/www.drivelife.it\/news\/wp-json\/wp\/v2\/users\/1"}],"replies":[{"embeddable":true,"href":"https:\/\/www.drivelife.it\/news\/wp-json\/wp\/v2\/comments?post=21936"}],"version-history":[{"count":21,"href":"https:\/\/www.drivelife.it\/news\/wp-json\/wp\/v2\/posts\/21936\/revisions"}],"predecessor-version":[{"id":21997,"href":"https:\/\/www.drivelife.it\/news\/wp-json\/wp\/v2\/posts\/21936\/revisions\/21997"}],"wp:featuredmedia":[{"embeddable":true,"href":"https:\/\/www.drivelife.it\/news\/wp-json\/wp\/v2\/media\/21938"}],"wp:attachment":[{"href":"https:\/\/www.drivelife.it\/news\/wp-json\/wp\/v2\/media?parent=21936"}],"wp:term":[{"taxonomy":"category","embeddable":true,"href":"https:\/\/www.drivelife.it\/news\/wp-json\/wp\/v2\/categories?post=21936"},{"taxonomy":"post_tag","embeddable":true,"href":"https:\/\/www.drivelife.it\/news\/wp-json\/wp\/v2\/tags?post=21936"}],"curies":[{"name":"wp","href":"https:\/\/api.w.org\/{rel}","templated":true}]}}