{"id":21905,"date":"2018-06-14T09:30:09","date_gmt":"2018-06-14T09:30:09","guid":{"rendered":"http:\/\/www.drivelife.it\/news\/?p=21905"},"modified":"2020-02-12T10:58:11","modified_gmt":"2020-02-12T10:58:11","slug":"amalfi-drive","status":"publish","type":"post","link":"https:\/\/www.drivelife.it\/news\/2018\/06\/14\/amalfi-drive\/","title":{"rendered":"AMALFI DRIVE"},"content":{"rendered":"\n<h2 class=\"wp-block-heading\">&#8220;LUI&#8221;<\/h2>\n\n\n\n<p class=\"has-drop-cap\">Fu in quella occasione che &#8220;Lui&#8221; sent\u00ec al telefono una delle affermazioni pi\u00f9 idiote e stronze mai detta. <br>Alla faccia della seriet\u00e0 e della sincerit\u00e0. <br>Una vera stronza. <br>E si rese conto di quanto tempo aveva buttato. <br>Quattordici anni. <br>Cazzo. <br>Cristo di dio.<\/p>\n\n\n<div id=\"attachment_21906\" style=\"width: 730px\" class=\"wp-caption alignnone\"><img loading=\"lazy\" decoding=\"async\" aria-describedby=\"caption-attachment-21906\" src=\"http:\/\/www.drivelife.it\/news\/wp-content\/uploads\/2018\/06\/VW_GTI_AMALFI_11533m1-Kopie-1000x667.jpg\" alt=\"16.6.inTv - CoverStory: VOLKSWAGEN, AMALFI DRIVE\" class=\"size-large wp-image-21906\" width=\"720\" height=\"480\" srcset=\"https:\/\/www.drivelife.it\/news\/wp-content\/uploads\/2018\/06\/VW_GTI_AMALFI_11533m1-Kopie-1000x667.jpg 1000w, https:\/\/www.drivelife.it\/news\/wp-content\/uploads\/2018\/06\/VW_GTI_AMALFI_11533m1-Kopie-620x414.jpg 620w, https:\/\/www.drivelife.it\/news\/wp-content\/uploads\/2018\/06\/VW_GTI_AMALFI_11533m1-Kopie-768x512.jpg 768w, https:\/\/www.drivelife.it\/news\/wp-content\/uploads\/2018\/06\/VW_GTI_AMALFI_11533m1-Kopie-640x427.jpg 640w, https:\/\/www.drivelife.it\/news\/wp-content\/uploads\/2018\/06\/VW_GTI_AMALFI_11533m1-Kopie.jpg 1920w\" sizes=\"auto, (max-width: 720px) 100vw, 720px\" \/><p id=\"caption-attachment-21906\" class=\"wp-caption-text\">16.6.inTv &#8211; CoverStory: VOLKSWAGEN, AMALFI DRIVE<\/p><\/div>\n<p><strong>AMALFI 1 &#8211; 01\u201922\u201d &#8211; (colore)<\/strong> &#8211; La fanciulla che apre la puntata di drivelife con il servizio di colore su Amalfi Drive si chiama Emilia Sch\u00fcle, germanica attrice. \u2028Lei potrebbe essere l\u2019ultima espressione del concetto del Grand Tour tanto di moda nel XVII secolo.<br>\nNon ci \u00e8 dato sapere se rampolla di grande e nobile famiglia germanica, tuttavia ha bel un visino acqua e sapone ed interpreta bene tanto il concetto del Grand Tour, perch\u00e9 tedesca, quanto i principi della comunicazione life stile di Amalfi Drive.<br>\nAmalfi Drive, nome del test drive in Costiera Amalfitana della up! GTi e della Polo GTi, prodotti germanici, \u00e8 &#8211; per mia interpretazione &#8211; l\u2019attuale, quindi rapido ed essenziale, Grand Tour.<br>\nUn treno, oppure un volo, e sei nella bailamme della Napoli di de Magistris che tra caos di traffico e borboniche vestigia, rappresenta quello che ieri i rampolli tedeschi, ma anche inglesi e di altre nobili famiglie nord europee, probabilmente trovavano arrivando nel regno, in carrozza o sbarcando in porto da vascelli che &#8211; secondo me &#8211; di confortevole avevano ben poco. Spinti dalla curiosit\u00e0 del viaggiatore \u201cscendevano\u201d in Italia per ammirare le bellezze classiche.<br>\nOggi Amalfi Drive di Volkswagen, a parte i due modelli di cui alla scheda successiva, in due giorni di viaggio tra Praiano e Positano ha voluto declinare il life stile moderno del Grand Tour, Casa Angelina a Praiano per il soggiorno, Il Pirata e Chez Black per soddisfare le curiosit\u00e0 gastronomiche ed il giusto rifocillarsi dopo le fatiche della guida.<\/p>\n<p><strong>AMALFI 2 &#8211; 01\u201916\u201d &#8211; (prodotto)<\/strong> &#8211; Colui che abbia percorso la Costiera Amalfitana in tempi moderni avr\u00e0 apprezzato le bellezze paesaggistiche, i segni del regno ed anche il traffico angosciante che tra pullman, super-taxi e limousine dei ricchi viaggiatori del Grand Tour d\u2019oggi, non lascia scampo al vero spirito di quella nobile maniera di viaggiare\u2028Saggia la scelta di un\u2019automobile con dimensioni contenute per sgusciare tra un ingorgo e l\u2019altro e con eccellenti doti di dinamica di marcia per mettersi alle spalle l\u2019ingombrante bus.<br>\nEcco qui: up! Gti e Polo GTi.<br>\nSuper-compatta la up! e compatta la Polo tanto quanto serve per la Costiera. 115 cavalli e 200 newton metri di coppia per la up! GTi con motore tre cilindri turbo benzina di un litro: consumo di 5,6 litri per 100 chilometri, velocit\u00e0 massima prossima ai duecento (196) ed accelerazione in 8,8 secondi.<br>\nPi\u00f9 potente la Polo GTi: 237 km\/h la velocit\u00e0 massima, 6,7 lo sprint.<br>\nConsumo di 5,9 litri per cento chilometri.<br>\nPrezzi a partire da diciassettemila-quattrocento euro per la up! Gti in configurazione tre porte.<br>\nNaturalmente, nel pi\u00f9 puro spirito germanico della sportivit\u00e0 GTi, finiture rosse ovunque.<\/p>\n<h2> 16.6.inTv &#8211; drivelife per le Tv<\/h2>\n<p>&nbsp;<\/p>\n<h1>FILE PER PUNTATA<br>\nDEL 16 GIUGNO<\/h1>\n<p>&nbsp;<\/p>\n<h1>16\/6, file HD 1280&#215;720, mp4, 1,10 GB<\/h1>\n<p>https:\/\/vimeo.com\/274928128<br>\n&nbsp;<br>\n<div style='display:none;' class='shareaholic-canvas' data-app='share_buttons' data-title='AMALFI DRIVE' data-link='https:\/\/www.drivelife.it\/news\/2018\/06\/14\/amalfi-drive\/' data-summary='16.6.inTv - CoverStory: VOLKSWAGEN, AMALFI DRIVE' data-app-id='16516586'><\/div><br>\n&nbsp;<\/p>\n<h1>16\/6, file standard 720&#215;576, mpg, 0,55 GB<\/h1>\n<p>https:\/\/vimeo.com\/274924925<br>\n&nbsp;<\/p>\n<h1>16\/6, youtube, file HD 1280&#215;720, mp4, 1,10 GB<\/h1>\n<p>https:\/\/youtu.be\/sJYFL-4NpL8<br>\n&nbsp;<\/p>\n<p>&nbsp;<\/p>\n<h1>16 GIUGNO,<br>\nDRIVELIFE,<br>\nTRAILER PUNTATA IN TV<\/h1>\n<p>&nbsp;<\/p>\n<p>&nbsp;<\/p>\n<h1><strong><br>\nRUBRICA TV AUTOMOTIVE DI 12\u201900\u201d &#8211;<br>\nIN ONDA<\/strong><\/h1>\n<p>&nbsp;<\/p>\n<h1>\n<strong>TIMING &amp; START@<\/strong> <p><\/p>\n<p><strong> 16.6.inTv &#8211; COVER STORY: \u2028VOLKSWAGEN AMALFI DRIVE<\/strong><br>\n&nbsp;<br>\n01\u201922\u201d@00\u201948\u201d &#8211;<br>\n&nbsp;<br>\n<strong>SOMMARIO CON TIMING@START<\/strong><br>\n&nbsp;<\/p>\n<p><strong>COVER STORY:<\/strong>VOLKSWAGEN AMALFI DRIVE, 01\u201922\u201d@00\u201948\u201d &#8211;<\/p>\n<p>VOLKSWAGEN AMALFI DRIVE 1, 01\u201922\u201d@00\u201948\u201d &#8211; VOLKSWAGEN AMALFI DRIVE 2, 01\u201916\u201d@02\u201918\u201d &#8211; SUBARU XV MY 18, 00\u201927\u201d@03\u201943\u201d &#8211; VOLVO, AMBIENTE, PROTEZIONE OCEANI, 00\u201952\u201d@04\u201920\u201d &#8211; SUBARU LEVORG FILM ESTATE, 02\u201928\u201d@05\u201920\u201d &#8211; CITROEN C4 CACTUS, UMBRIA TRIP, 03\u201938\u201d@07\u201957\u201d<\/p>\n<p>&#8211; <\/p><\/h1>\n<p>&nbsp;<\/p>\n<p>&nbsp;<br>\n<div style='display:none;' class='shareaholic-canvas' data-app='share_buttons' data-title='AMALFI DRIVE' data-link='https:\/\/www.drivelife.it\/news\/2018\/06\/14\/amalfi-drive\/' data-summary='16.6.inTv - CoverStory: VOLKSWAGEN, AMALFI DRIVE' data-app-id='16516586'><\/div><br>\n&nbsp;<\/p>\n<p>&nbsp;<br>\n<strong>DRIVELIFE CLIP <\/strong><br>\nhttp:\/\/www.drivelife.it\/clip\/2018\/06\/11\/16-giugno-drivelife-in-tv\/<br>\n&nbsp;<br>\n<strong>DRIVELIFE CLIP \u201cPLAYER LARGE\u201d<\/strong><br>\nhttp:\/\/www.drivelife.it\/drivelifeintv\/2018\/06\/11\/16-giugno-drivelife-in-tv\/<br>\n&nbsp;<br>\n<div style='display:none;' class='shareaholic-canvas' data-app='share_buttons' data-title='AMALFI DRIVE' data-link='https:\/\/www.drivelife.it\/news\/2018\/06\/14\/amalfi-drive\/' data-summary='16.6.inTv - CoverStory: VOLKSWAGEN, AMALFI DRIVE' data-app-id='16516586'><\/div><br>\n&nbsp;<br>\n<strong><\/strong><\/p><strong>\n<blockquote>\n<h1>L\u2019AUTO IN TV: SUBARU XV MY18 &amp; DS 5 PRESTIGE &#8211; \u00a9lucaromanopix<\/h1>\n<\/blockquote>\n<\/strong><p><strong><\/strong><\/p>\n<p>&nbsp;<\/p>","protected":false},"excerpt":{"rendered":"<p>16.6.inTv &#8211; CoverStory: VOLKSWAGEN, AMALFI DRIVE<\/p>\n","protected":false},"author":1,"featured_media":21906,"comment_status":"open","ping_status":"open","sticky":false,"template":"","format":"video","meta":{"ngg_post_thumbnail":0,"footnotes":""},"categories":[39,1361,81,53,54],"tags":[1455,1456,1459,1460,1458,1457,808],"class_list":["post-21905","post","type-post","status-publish","format-video","has-post-thumbnail","hentry","category-automotive","category-puntate-drivelife-tv-2018","category-test-drive-2","category-video","category-volkswagen","tag-amalfi","tag-amalfi-drive","tag-costiera-amalfitana","tag-emilia-schule","tag-polo-gti","tag-up-gti","tag-volkswagen","post_format-post-format-video"],"yoast_head":"<!-- This site is optimized with the Yoast SEO plugin v27.5 - https:\/\/yoast.com\/product\/yoast-seo-wordpress\/ -->\n<title>AMALFI DRIVE - #lucalife<\/title>\n<meta name=\"robots\" content=\"index, follow, max-snippet:-1, max-image-preview:large, max-video-preview:-1\" \/>\n<link rel=\"canonical\" href=\"https:\/\/www.drivelife.it\/news\/2018\/06\/14\/amalfi-drive\/\" \/>\n<meta property=\"og:locale\" content=\"en_US\" \/>\n<meta property=\"og:type\" content=\"article\" \/>\n<meta property=\"og:title\" content=\"AMALFI DRIVE - #lucalife\" \/>\n<meta property=\"og:description\" content=\"16.6.inTv - CoverStory: VOLKSWAGEN, AMALFI DRIVE\" \/>\n<meta property=\"og:url\" content=\"https:\/\/www.drivelife.it\/news\/2018\/06\/14\/amalfi-drive\/\" \/>\n<meta property=\"og:site_name\" content=\"#lucalife\" \/>\n<meta property=\"article:publisher\" content=\"https:\/\/www.facebook.com\/pages\/Drivelife\/467833073239720\" \/>\n<meta property=\"article:published_time\" content=\"2018-06-14T09:30:09+00:00\" \/>\n<meta property=\"article:modified_time\" content=\"2020-02-12T10:58:11+00:00\" \/>\n<meta property=\"og:image\" content=\"https:\/\/www.drivelife.it\/news\/wp-content\/uploads\/2018\/06\/VW_GTI_AMALFI_11533m1-Kopie.jpg\" \/>\n\t<meta property=\"og:image:width\" content=\"1920\" \/>\n\t<meta property=\"og:image:height\" content=\"1281\" \/>\n\t<meta property=\"og:image:type\" content=\"image\/jpeg\" \/>\n<meta name=\"author\" content=\"Redazione\" \/>\n<meta name=\"twitter:card\" content=\"summary_large_image\" \/>\n<meta name=\"twitter:creator\" content=\"@tweetdrivelife\" \/>\n<meta name=\"twitter:site\" content=\"@tweetdrivelife\" \/>\n<meta name=\"twitter:label1\" content=\"Written by\" \/>\n\t<meta name=\"twitter:data1\" content=\"Redazione\" \/>\n\t<meta name=\"twitter:label2\" content=\"Est. reading time\" \/>\n\t<meta name=\"twitter:data2\" content=\"3 minutes\" \/>\n<script type=\"application\/ld+json\" class=\"yoast-schema-graph\">{\"@context\":\"https:\\\/\\\/schema.org\",\"@graph\":[{\"@type\":\"Article\",\"@id\":\"https:\\\/\\\/www.drivelife.it\\\/news\\\/2018\\\/06\\\/14\\\/amalfi-drive\\\/#article\",\"isPartOf\":{\"@id\":\"https:\\\/\\\/www.drivelife.it\\\/news\\\/2018\\\/06\\\/14\\\/amalfi-drive\\\/\"},\"author\":{\"name\":\"Redazione\",\"@id\":\"https:\\\/\\\/www.drivelife.it\\\/news\\\/#\\\/schema\\\/person\\\/b6c194c3423ff451be4914f5fd9c2188\"},\"headline\":\"AMALFI DRIVE\",\"datePublished\":\"2018-06-14T09:30:09+00:00\",\"dateModified\":\"2020-02-12T10:58:11+00:00\",\"mainEntityOfPage\":{\"@id\":\"https:\\\/\\\/www.drivelife.it\\\/news\\\/2018\\\/06\\\/14\\\/amalfi-drive\\\/\"},\"wordCount\":661,\"commentCount\":0,\"image\":{\"@id\":\"https:\\\/\\\/www.drivelife.it\\\/news\\\/2018\\\/06\\\/14\\\/amalfi-drive\\\/#primaryimage\"},\"thumbnailUrl\":\"https:\\\/\\\/www.drivelife.it\\\/news\\\/wp-content\\\/uploads\\\/2018\\\/06\\\/VW_GTI_AMALFI_11533m1-Kopie.jpg\",\"keywords\":[\"amalfi\",\"amalfi drive\",\"costiera amalfitana\",\"emilia sch\u00fcle\",\"Polo Gti\",\"up! Gti\",\"VOLKSWAGEN\"],\"articleSection\":[\"AUTOMOTIVE\",\"PUNTATE DRIVELIFE TV 2018\",\"TEST DRIVE\",\"VIDEO\",\"VOLKSWAGEN\"],\"inLanguage\":\"en-US\",\"potentialAction\":[{\"@type\":\"CommentAction\",\"name\":\"Comment\",\"target\":[\"https:\\\/\\\/www.drivelife.it\\\/news\\\/2018\\\/06\\\/14\\\/amalfi-drive\\\/#respond\"]}]},{\"@type\":\"WebPage\",\"@id\":\"https:\\\/\\\/www.drivelife.it\\\/news\\\/2018\\\/06\\\/14\\\/amalfi-drive\\\/\",\"url\":\"https:\\\/\\\/www.drivelife.it\\\/news\\\/2018\\\/06\\\/14\\\/amalfi-drive\\\/\",\"name\":\"AMALFI DRIVE - #lucalife\",\"isPartOf\":{\"@id\":\"https:\\\/\\\/www.drivelife.it\\\/news\\\/#website\"},\"primaryImageOfPage\":{\"@id\":\"https:\\\/\\\/www.drivelife.it\\\/news\\\/2018\\\/06\\\/14\\\/amalfi-drive\\\/#primaryimage\"},\"image\":{\"@id\":\"https:\\\/\\\/www.drivelife.it\\\/news\\\/2018\\\/06\\\/14\\\/amalfi-drive\\\/#primaryimage\"},\"thumbnailUrl\":\"https:\\\/\\\/www.drivelife.it\\\/news\\\/wp-content\\\/uploads\\\/2018\\\/06\\\/VW_GTI_AMALFI_11533m1-Kopie.jpg\",\"datePublished\":\"2018-06-14T09:30:09+00:00\",\"dateModified\":\"2020-02-12T10:58:11+00:00\",\"author\":{\"@id\":\"https:\\\/\\\/www.drivelife.it\\\/news\\\/#\\\/schema\\\/person\\\/b6c194c3423ff451be4914f5fd9c2188\"},\"breadcrumb\":{\"@id\":\"https:\\\/\\\/www.drivelife.it\\\/news\\\/2018\\\/06\\\/14\\\/amalfi-drive\\\/#breadcrumb\"},\"inLanguage\":\"en-US\",\"potentialAction\":[{\"@type\":\"ReadAction\",\"target\":[\"https:\\\/\\\/www.drivelife.it\\\/news\\\/2018\\\/06\\\/14\\\/amalfi-drive\\\/\"]}]},{\"@type\":\"ImageObject\",\"inLanguage\":\"en-US\",\"@id\":\"https:\\\/\\\/www.drivelife.it\\\/news\\\/2018\\\/06\\\/14\\\/amalfi-drive\\\/#primaryimage\",\"url\":\"https:\\\/\\\/www.drivelife.it\\\/news\\\/wp-content\\\/uploads\\\/2018\\\/06\\\/VW_GTI_AMALFI_11533m1-Kopie.jpg\",\"contentUrl\":\"https:\\\/\\\/www.drivelife.it\\\/news\\\/wp-content\\\/uploads\\\/2018\\\/06\\\/VW_GTI_AMALFI_11533m1-Kopie.jpg\",\"width\":1920,\"height\":1281,\"caption\":\"16.6.inTv - CoverStory: VOLKSWAGEN, AMALFI DRIVE\"},{\"@type\":\"BreadcrumbList\",\"@id\":\"https:\\\/\\\/www.drivelife.it\\\/news\\\/2018\\\/06\\\/14\\\/amalfi-drive\\\/#breadcrumb\",\"itemListElement\":[{\"@type\":\"ListItem\",\"position\":1,\"name\":\"Home\",\"item\":\"https:\\\/\\\/www.drivelife.it\\\/news\\\/\"},{\"@type\":\"ListItem\",\"position\":2,\"name\":\"AMALFI DRIVE\"}]},{\"@type\":\"WebSite\",\"@id\":\"https:\\\/\\\/www.drivelife.it\\\/news\\\/#website\",\"url\":\"https:\\\/\\\/www.drivelife.it\\\/news\\\/\",\"name\":\"#lucalife\",\"description\":\"DRIVELIFE le mie automobili\",\"potentialAction\":[{\"@type\":\"SearchAction\",\"target\":{\"@type\":\"EntryPoint\",\"urlTemplate\":\"https:\\\/\\\/www.drivelife.it\\\/news\\\/?s={search_term_string}\"},\"query-input\":{\"@type\":\"PropertyValueSpecification\",\"valueRequired\":true,\"valueName\":\"search_term_string\"}}],\"inLanguage\":\"en-US\"},{\"@type\":\"Person\",\"@id\":\"https:\\\/\\\/www.drivelife.it\\\/news\\\/#\\\/schema\\\/person\\\/b6c194c3423ff451be4914f5fd9c2188\",\"name\":\"Redazione\",\"image\":{\"@type\":\"ImageObject\",\"inLanguage\":\"en-US\",\"@id\":\"https:\\\/\\\/secure.gravatar.com\\\/avatar\\\/8d186f6b07ba8a94441344759f0e13bf1909b6ceaa171df0425551b4590fd558?s=96&d=mm&r=g\",\"url\":\"https:\\\/\\\/secure.gravatar.com\\\/avatar\\\/8d186f6b07ba8a94441344759f0e13bf1909b6ceaa171df0425551b4590fd558?s=96&d=mm&r=g\",\"contentUrl\":\"https:\\\/\\\/secure.gravatar.com\\\/avatar\\\/8d186f6b07ba8a94441344759f0e13bf1909b6ceaa171df0425551b4590fd558?s=96&d=mm&r=g\",\"caption\":\"Redazione\"},\"url\":\"https:\\\/\\\/www.drivelife.it\\\/news\\\/author\\\/admin\\\/\"}]}<\/script>\n<!-- \/ Yoast SEO plugin. -->","yoast_head_json":{"title":"AMALFI DRIVE - #lucalife","robots":{"index":"index","follow":"follow","max-snippet":"max-snippet:-1","max-image-preview":"max-image-preview:large","max-video-preview":"max-video-preview:-1"},"canonical":"https:\/\/www.drivelife.it\/news\/2018\/06\/14\/amalfi-drive\/","og_locale":"en_US","og_type":"article","og_title":"AMALFI DRIVE - #lucalife","og_description":"16.6.inTv - CoverStory: VOLKSWAGEN, AMALFI DRIVE","og_url":"https:\/\/www.drivelife.it\/news\/2018\/06\/14\/amalfi-drive\/","og_site_name":"#lucalife","article_publisher":"https:\/\/www.facebook.com\/pages\/Drivelife\/467833073239720","article_published_time":"2018-06-14T09:30:09+00:00","article_modified_time":"2020-02-12T10:58:11+00:00","og_image":[{"width":1920,"height":1281,"url":"https:\/\/www.drivelife.it\/news\/wp-content\/uploads\/2018\/06\/VW_GTI_AMALFI_11533m1-Kopie.jpg","type":"image\/jpeg"}],"author":"Redazione","twitter_card":"summary_large_image","twitter_creator":"@tweetdrivelife","twitter_site":"@tweetdrivelife","twitter_misc":{"Written by":"Redazione","Est. reading time":"3 minutes"},"schema":{"@context":"https:\/\/schema.org","@graph":[{"@type":"Article","@id":"https:\/\/www.drivelife.it\/news\/2018\/06\/14\/amalfi-drive\/#article","isPartOf":{"@id":"https:\/\/www.drivelife.it\/news\/2018\/06\/14\/amalfi-drive\/"},"author":{"name":"Redazione","@id":"https:\/\/www.drivelife.it\/news\/#\/schema\/person\/b6c194c3423ff451be4914f5fd9c2188"},"headline":"AMALFI DRIVE","datePublished":"2018-06-14T09:30:09+00:00","dateModified":"2020-02-12T10:58:11+00:00","mainEntityOfPage":{"@id":"https:\/\/www.drivelife.it\/news\/2018\/06\/14\/amalfi-drive\/"},"wordCount":661,"commentCount":0,"image":{"@id":"https:\/\/www.drivelife.it\/news\/2018\/06\/14\/amalfi-drive\/#primaryimage"},"thumbnailUrl":"https:\/\/www.drivelife.it\/news\/wp-content\/uploads\/2018\/06\/VW_GTI_AMALFI_11533m1-Kopie.jpg","keywords":["amalfi","amalfi drive","costiera amalfitana","emilia sch\u00fcle","Polo Gti","up! Gti","VOLKSWAGEN"],"articleSection":["AUTOMOTIVE","PUNTATE DRIVELIFE TV 2018","TEST DRIVE","VIDEO","VOLKSWAGEN"],"inLanguage":"en-US","potentialAction":[{"@type":"CommentAction","name":"Comment","target":["https:\/\/www.drivelife.it\/news\/2018\/06\/14\/amalfi-drive\/#respond"]}]},{"@type":"WebPage","@id":"https:\/\/www.drivelife.it\/news\/2018\/06\/14\/amalfi-drive\/","url":"https:\/\/www.drivelife.it\/news\/2018\/06\/14\/amalfi-drive\/","name":"AMALFI DRIVE - #lucalife","isPartOf":{"@id":"https:\/\/www.drivelife.it\/news\/#website"},"primaryImageOfPage":{"@id":"https:\/\/www.drivelife.it\/news\/2018\/06\/14\/amalfi-drive\/#primaryimage"},"image":{"@id":"https:\/\/www.drivelife.it\/news\/2018\/06\/14\/amalfi-drive\/#primaryimage"},"thumbnailUrl":"https:\/\/www.drivelife.it\/news\/wp-content\/uploads\/2018\/06\/VW_GTI_AMALFI_11533m1-Kopie.jpg","datePublished":"2018-06-14T09:30:09+00:00","dateModified":"2020-02-12T10:58:11+00:00","author":{"@id":"https:\/\/www.drivelife.it\/news\/#\/schema\/person\/b6c194c3423ff451be4914f5fd9c2188"},"breadcrumb":{"@id":"https:\/\/www.drivelife.it\/news\/2018\/06\/14\/amalfi-drive\/#breadcrumb"},"inLanguage":"en-US","potentialAction":[{"@type":"ReadAction","target":["https:\/\/www.drivelife.it\/news\/2018\/06\/14\/amalfi-drive\/"]}]},{"@type":"ImageObject","inLanguage":"en-US","@id":"https:\/\/www.drivelife.it\/news\/2018\/06\/14\/amalfi-drive\/#primaryimage","url":"https:\/\/www.drivelife.it\/news\/wp-content\/uploads\/2018\/06\/VW_GTI_AMALFI_11533m1-Kopie.jpg","contentUrl":"https:\/\/www.drivelife.it\/news\/wp-content\/uploads\/2018\/06\/VW_GTI_AMALFI_11533m1-Kopie.jpg","width":1920,"height":1281,"caption":"16.6.inTv - CoverStory: VOLKSWAGEN, AMALFI DRIVE"},{"@type":"BreadcrumbList","@id":"https:\/\/www.drivelife.it\/news\/2018\/06\/14\/amalfi-drive\/#breadcrumb","itemListElement":[{"@type":"ListItem","position":1,"name":"Home","item":"https:\/\/www.drivelife.it\/news\/"},{"@type":"ListItem","position":2,"name":"AMALFI DRIVE"}]},{"@type":"WebSite","@id":"https:\/\/www.drivelife.it\/news\/#website","url":"https:\/\/www.drivelife.it\/news\/","name":"#lucalife","description":"DRIVELIFE le mie automobili","potentialAction":[{"@type":"SearchAction","target":{"@type":"EntryPoint","urlTemplate":"https:\/\/www.drivelife.it\/news\/?s={search_term_string}"},"query-input":{"@type":"PropertyValueSpecification","valueRequired":true,"valueName":"search_term_string"}}],"inLanguage":"en-US"},{"@type":"Person","@id":"https:\/\/www.drivelife.it\/news\/#\/schema\/person\/b6c194c3423ff451be4914f5fd9c2188","name":"Redazione","image":{"@type":"ImageObject","inLanguage":"en-US","@id":"https:\/\/secure.gravatar.com\/avatar\/8d186f6b07ba8a94441344759f0e13bf1909b6ceaa171df0425551b4590fd558?s=96&d=mm&r=g","url":"https:\/\/secure.gravatar.com\/avatar\/8d186f6b07ba8a94441344759f0e13bf1909b6ceaa171df0425551b4590fd558?s=96&d=mm&r=g","contentUrl":"https:\/\/secure.gravatar.com\/avatar\/8d186f6b07ba8a94441344759f0e13bf1909b6ceaa171df0425551b4590fd558?s=96&d=mm&r=g","caption":"Redazione"},"url":"https:\/\/www.drivelife.it\/news\/author\/admin\/"}]}},"amp_enabled":true,"_links":{"self":[{"href":"https:\/\/www.drivelife.it\/news\/wp-json\/wp\/v2\/posts\/21905","targetHints":{"allow":["GET"]}}],"collection":[{"href":"https:\/\/www.drivelife.it\/news\/wp-json\/wp\/v2\/posts"}],"about":[{"href":"https:\/\/www.drivelife.it\/news\/wp-json\/wp\/v2\/types\/post"}],"author":[{"embeddable":true,"href":"https:\/\/www.drivelife.it\/news\/wp-json\/wp\/v2\/users\/1"}],"replies":[{"embeddable":true,"href":"https:\/\/www.drivelife.it\/news\/wp-json\/wp\/v2\/comments?post=21905"}],"version-history":[{"count":5,"href":"https:\/\/www.drivelife.it\/news\/wp-json\/wp\/v2\/posts\/21905\/revisions"}],"predecessor-version":[{"id":22274,"href":"https:\/\/www.drivelife.it\/news\/wp-json\/wp\/v2\/posts\/21905\/revisions\/22274"}],"wp:featuredmedia":[{"embeddable":true,"href":"https:\/\/www.drivelife.it\/news\/wp-json\/wp\/v2\/media\/21906"}],"wp:attachment":[{"href":"https:\/\/www.drivelife.it\/news\/wp-json\/wp\/v2\/media?parent=21905"}],"wp:term":[{"taxonomy":"category","embeddable":true,"href":"https:\/\/www.drivelife.it\/news\/wp-json\/wp\/v2\/categories?post=21905"},{"taxonomy":"post_tag","embeddable":true,"href":"https:\/\/www.drivelife.it\/news\/wp-json\/wp\/v2\/tags?post=21905"}],"curies":[{"name":"wp","href":"https:\/\/api.w.org\/{rel}","templated":true}]}}