{"id":216,"date":"2012-05-20T07:55:28","date_gmt":"2012-05-20T07:55:28","guid":{"rendered":"http:\/\/www.drivelife.it\/news\/?p=216"},"modified":"2012-12-14T10:49:33","modified_gmt":"2012-12-14T10:49:33","slug":"bmw-serie-6-gran-coupe","status":"publish","type":"post","link":"https:\/\/www.drivelife.it\/news\/2012\/05\/20\/bmw-serie-6-gran-coupe\/","title":{"rendered":"BMW SERIE 6 GRAN COUPE&#8217;"},"content":{"rendered":"<p><a href=\"http:\/\/www.drivelife.it\/news\/wp-content\/uploads\/2012\/05\/BMW-640i-Gran-Coupe_309.jpg\"><img loading=\"lazy\" decoding=\"async\" class=\"alignnone size-large wp-image-217\" title=\"BMW 640i Gran Coupe_309\" src=\"http:\/\/www.drivelife.it\/news\/wp-content\/uploads\/2012\/05\/BMW-640i-Gran-Coupe_309-940x626.jpg\" alt=\"\" width=\"940\" height=\"626\" srcset=\"https:\/\/www.drivelife.it\/news\/wp-content\/uploads\/2012\/05\/BMW-640i-Gran-Coupe_309-940x626.jpg 940w, https:\/\/www.drivelife.it\/news\/wp-content\/uploads\/2012\/05\/BMW-640i-Gran-Coupe_309-620x413.jpg 620w, https:\/\/www.drivelife.it\/news\/wp-content\/uploads\/2012\/05\/BMW-640i-Gran-Coupe_309-590x393.jpg 590w, https:\/\/www.drivelife.it\/news\/wp-content\/uploads\/2012\/05\/BMW-640i-Gran-Coupe_309-950x633.jpg 950w, https:\/\/www.drivelife.it\/news\/wp-content\/uploads\/2012\/05\/BMW-640i-Gran-Coupe_309.jpg 1920w\" sizes=\"auto, (max-width: 940px) 100vw, 940px\" \/><\/a><\/p>\n<p>&nbsp;<\/p>\n<p>&nbsp;<\/p>\n<h1><strong>SFOGLIA LA GALLERY, GUARDA LA NUOVA BMW<\/strong><\/h1>\n<p>&nbsp;<\/p>\n<p><strong>ngg_shortcode_0_placeholder<br \/>\n<\/strong><\/p>\n<h1><\/h1>\n<h1><strong>COLPO AL CUORE<\/strong><\/h1>\n<p>COLPISCE NON SOLO PER LO STILE,\u00a0LA GRAN COUP\u00c9 \u00c8 UN ATTACCO ALLE \u2018\u2018SUPERPREMIUM\u2019\u2019\u00a0COME LA PORSCHE PANAMERA E L\u2019ASTON MARTIN RAPIDE<\/p>\n<p>Concentrarmi sull\u2019automobile di cui sono al volante mentre il bel paesaggio propone ai miei occhi i colori gi\u00e0 saturi della stagione calda \u00e8 difficile. L\u2019inteso blu del mare che tanto amo, il verde delle coltivazioni, il giallo dei campi. Ogni volta \u00e8 una scoperta, la Sicilia non finisce mai di emozionarmi. Per\u00f2 il volante stretto tra le mani, adesso, ha il sopravvento anche sui ricordi. L\u2019emozione di cui sto apprezzando le sfumature in questi istanti, \u00e8 forte. Perch\u00e9 la Gran Coup\u00e9 corre, tanto.<\/p>\n<p>BMW Serie 6 Gran Coup\u00e9 \u00e8 una bella automobile, il suo abitacolo dai colori intensi come quelli del panorama che ci accompagna spengono ogni rumore della marcia. E\u2019 cos\u00ec che mi accorgo di essere un \u201cpo\u2019 veloce\u201d sull\u2019autostrada Palermo\/Mazara del Vallo. Mentre il \u201cdestro\u201d rallenta in modo efficace la marcia la considerazione che attraversa la mente \u00e8 il pensiero di quanto siano bravi a Monaco nel fondere prestazioni di gran turismo con il confort di una ammiraglia, berline che di solito non brillano per la dinamica di marcia.<\/p>\n<p>In poco meno di un\u2019ora l\u2019accoglienza a Sciacca lascia il posto delle emozioni di guida per considerazioni pi\u00f9 professionali, il press meeting stuzzica la curiosit\u00e0 su alcuni aspetti commerciali della Gran Coup\u00e9.<\/p>\n<p><em>* da Drivelife.it, edizione del 19 Maggio 2012<\/em><\/p>\n","protected":false},"excerpt":{"rendered":"<p>&nbsp; &nbsp; SFOGLIA LA GALLERY, GUARDA LA NUOVA BMW &nbsp; COLPO AL CUORE COLPISCE NON SOLO PER LO STILE,\u00a0LA GRAN COUP\u00c9 \u00c8 UN ATTACCO ALLE \u2018\u2018SUPERPREMIUM\u2019\u2019\u00a0COME LA PORSCHE PANAMERA E L\u2019ASTON MARTIN RAPIDE Concentrarmi sull\u2019automobile di cui sono al volante mentre il bel paesaggio propone ai miei occhi i colori gi\u00e0 saturi della stagione calda \u00e8 difficile. L\u2019inteso blu del mare che tanto amo, il verde delle coltivazioni, il giallo dei campi. Ogni volta \u00e8 una scoperta, la Sicilia non finisce mai di emozionarmi. Per\u00f2 il volante stretto tra le mani, adesso, ha il sopravvento anche sui ricordi. L\u2019emozione di cui sto&#46;&#46;&#46;<\/p>\n","protected":false},"author":1,"featured_media":217,"comment_status":"open","ping_status":"open","sticky":false,"template":"","format":"standard","meta":{"ngg_post_thumbnail":0,"footnotes":""},"categories":[39,45,52,71,81],"tags":[],"class_list":["post-216","post","type-post","status-publish","format-standard","has-post-thumbnail","hentry","category-automotive","category-bmw","category-gallery","category-puntata-drivelife","category-test-drive-2"],"yoast_head":"<!-- This site is optimized with the Yoast SEO plugin v27.5 - https:\/\/yoast.com\/product\/yoast-seo-wordpress\/ -->\n<title>BMW SERIE 6 GRAN COUPE&#039; - #lucalife<\/title>\n<meta name=\"robots\" content=\"index, follow, max-snippet:-1, max-image-preview:large, max-video-preview:-1\" \/>\n<link rel=\"canonical\" href=\"https:\/\/www.drivelife.it\/news\/2012\/05\/20\/bmw-serie-6-gran-coupe\/\" \/>\n<meta property=\"og:locale\" content=\"en_US\" \/>\n<meta property=\"og:type\" content=\"article\" \/>\n<meta property=\"og:title\" content=\"BMW SERIE 6 GRAN COUPE&#039; - #lucalife\" \/>\n<meta property=\"og:description\" content=\"&nbsp; &nbsp; SFOGLIA LA GALLERY, GUARDA LA NUOVA BMW &nbsp; COLPO AL CUORE COLPISCE NON SOLO PER LO STILE,\u00a0LA GRAN COUP\u00c9 \u00c8 UN ATTACCO ALLE \u2018\u2018SUPERPREMIUM\u2019\u2019\u00a0COME LA PORSCHE PANAMERA E L\u2019ASTON MARTIN RAPIDE Concentrarmi sull\u2019automobile di cui sono al volante mentre il bel paesaggio propone ai miei occhi i colori gi\u00e0 saturi della stagione calda \u00e8 difficile. L\u2019inteso blu del mare che tanto amo, il verde delle coltivazioni, il giallo dei campi. Ogni volta \u00e8 una scoperta, la Sicilia non finisce mai di emozionarmi. Per\u00f2 il volante stretto tra le mani, adesso, ha il sopravvento anche sui ricordi. L\u2019emozione di cui sto&#046;&#046;&#046;\" \/>\n<meta property=\"og:url\" content=\"https:\/\/www.drivelife.it\/news\/2012\/05\/20\/bmw-serie-6-gran-coupe\/\" \/>\n<meta property=\"og:site_name\" content=\"#lucalife\" \/>\n<meta property=\"article:publisher\" content=\"https:\/\/www.facebook.com\/pages\/Drivelife\/467833073239720\" \/>\n<meta property=\"article:published_time\" content=\"2012-05-20T07:55:28+00:00\" \/>\n<meta property=\"article:modified_time\" content=\"2012-12-14T10:49:33+00:00\" \/>\n<meta property=\"og:image\" content=\"https:\/\/www.drivelife.it\/news\/wp-content\/uploads\/2012\/05\/BMW-640i-Gran-Coupe_309.jpg\" \/>\n\t<meta property=\"og:image:width\" content=\"1920\" \/>\n\t<meta property=\"og:image:height\" content=\"1280\" \/>\n\t<meta property=\"og:image:type\" content=\"image\/jpeg\" \/>\n<meta name=\"author\" content=\"Redazione\" \/>\n<meta name=\"twitter:card\" content=\"summary_large_image\" \/>\n<meta name=\"twitter:creator\" content=\"@tweetdrivelife\" \/>\n<meta name=\"twitter:site\" content=\"@tweetdrivelife\" \/>\n<meta name=\"twitter:label1\" content=\"Written by\" \/>\n\t<meta name=\"twitter:data1\" content=\"Redazione\" \/>\n\t<meta name=\"twitter:label2\" content=\"Est. reading time\" \/>\n\t<meta name=\"twitter:data2\" content=\"1 minute\" \/>\n<script type=\"application\/ld+json\" class=\"yoast-schema-graph\">{\"@context\":\"https:\\\/\\\/schema.org\",\"@graph\":[{\"@type\":\"Article\",\"@id\":\"https:\\\/\\\/www.drivelife.it\\\/news\\\/2012\\\/05\\\/20\\\/bmw-serie-6-gran-coupe\\\/#article\",\"isPartOf\":{\"@id\":\"https:\\\/\\\/www.drivelife.it\\\/news\\\/2012\\\/05\\\/20\\\/bmw-serie-6-gran-coupe\\\/\"},\"author\":{\"name\":\"Redazione\",\"@id\":\"https:\\\/\\\/www.drivelife.it\\\/news\\\/#\\\/schema\\\/person\\\/b6c194c3423ff451be4914f5fd9c2188\"},\"headline\":\"BMW SERIE 6 GRAN COUPE&#8217;\",\"datePublished\":\"2012-05-20T07:55:28+00:00\",\"dateModified\":\"2012-12-14T10:49:33+00:00\",\"mainEntityOfPage\":{\"@id\":\"https:\\\/\\\/www.drivelife.it\\\/news\\\/2012\\\/05\\\/20\\\/bmw-serie-6-gran-coupe\\\/\"},\"wordCount\":251,\"commentCount\":0,\"image\":{\"@id\":\"https:\\\/\\\/www.drivelife.it\\\/news\\\/2012\\\/05\\\/20\\\/bmw-serie-6-gran-coupe\\\/#primaryimage\"},\"thumbnailUrl\":\"https:\\\/\\\/www.drivelife.it\\\/news\\\/wp-content\\\/uploads\\\/2012\\\/05\\\/BMW-640i-Gran-Coupe_309.jpg\",\"articleSection\":[\"AUTOMOTIVE\",\"BMW\",\"GALLERY AUTOMOTIVE\",\"PUNTATA DRIVELIFE\",\"TEST DRIVE\"],\"inLanguage\":\"en-US\",\"potentialAction\":[{\"@type\":\"CommentAction\",\"name\":\"Comment\",\"target\":[\"https:\\\/\\\/www.drivelife.it\\\/news\\\/2012\\\/05\\\/20\\\/bmw-serie-6-gran-coupe\\\/#respond\"]}]},{\"@type\":\"WebPage\",\"@id\":\"https:\\\/\\\/www.drivelife.it\\\/news\\\/2012\\\/05\\\/20\\\/bmw-serie-6-gran-coupe\\\/\",\"url\":\"https:\\\/\\\/www.drivelife.it\\\/news\\\/2012\\\/05\\\/20\\\/bmw-serie-6-gran-coupe\\\/\",\"name\":\"BMW SERIE 6 GRAN COUPE' - #lucalife\",\"isPartOf\":{\"@id\":\"https:\\\/\\\/www.drivelife.it\\\/news\\\/#website\"},\"primaryImageOfPage\":{\"@id\":\"https:\\\/\\\/www.drivelife.it\\\/news\\\/2012\\\/05\\\/20\\\/bmw-serie-6-gran-coupe\\\/#primaryimage\"},\"image\":{\"@id\":\"https:\\\/\\\/www.drivelife.it\\\/news\\\/2012\\\/05\\\/20\\\/bmw-serie-6-gran-coupe\\\/#primaryimage\"},\"thumbnailUrl\":\"https:\\\/\\\/www.drivelife.it\\\/news\\\/wp-content\\\/uploads\\\/2012\\\/05\\\/BMW-640i-Gran-Coupe_309.jpg\",\"datePublished\":\"2012-05-20T07:55:28+00:00\",\"dateModified\":\"2012-12-14T10:49:33+00:00\",\"author\":{\"@id\":\"https:\\\/\\\/www.drivelife.it\\\/news\\\/#\\\/schema\\\/person\\\/b6c194c3423ff451be4914f5fd9c2188\"},\"breadcrumb\":{\"@id\":\"https:\\\/\\\/www.drivelife.it\\\/news\\\/2012\\\/05\\\/20\\\/bmw-serie-6-gran-coupe\\\/#breadcrumb\"},\"inLanguage\":\"en-US\",\"potentialAction\":[{\"@type\":\"ReadAction\",\"target\":[\"https:\\\/\\\/www.drivelife.it\\\/news\\\/2012\\\/05\\\/20\\\/bmw-serie-6-gran-coupe\\\/\"]}]},{\"@type\":\"ImageObject\",\"inLanguage\":\"en-US\",\"@id\":\"https:\\\/\\\/www.drivelife.it\\\/news\\\/2012\\\/05\\\/20\\\/bmw-serie-6-gran-coupe\\\/#primaryimage\",\"url\":\"https:\\\/\\\/www.drivelife.it\\\/news\\\/wp-content\\\/uploads\\\/2012\\\/05\\\/BMW-640i-Gran-Coupe_309.jpg\",\"contentUrl\":\"https:\\\/\\\/www.drivelife.it\\\/news\\\/wp-content\\\/uploads\\\/2012\\\/05\\\/BMW-640i-Gran-Coupe_309.jpg\",\"width\":\"1920\",\"height\":\"1280\"},{\"@type\":\"BreadcrumbList\",\"@id\":\"https:\\\/\\\/www.drivelife.it\\\/news\\\/2012\\\/05\\\/20\\\/bmw-serie-6-gran-coupe\\\/#breadcrumb\",\"itemListElement\":[{\"@type\":\"ListItem\",\"position\":1,\"name\":\"Home\",\"item\":\"https:\\\/\\\/www.drivelife.it\\\/news\\\/\"},{\"@type\":\"ListItem\",\"position\":2,\"name\":\"BMW SERIE 6 GRAN COUPE&#8217;\"}]},{\"@type\":\"WebSite\",\"@id\":\"https:\\\/\\\/www.drivelife.it\\\/news\\\/#website\",\"url\":\"https:\\\/\\\/www.drivelife.it\\\/news\\\/\",\"name\":\"#lucalife\",\"description\":\"DRIVELIFE le mie automobili\",\"potentialAction\":[{\"@type\":\"SearchAction\",\"target\":{\"@type\":\"EntryPoint\",\"urlTemplate\":\"https:\\\/\\\/www.drivelife.it\\\/news\\\/?s={search_term_string}\"},\"query-input\":{\"@type\":\"PropertyValueSpecification\",\"valueRequired\":true,\"valueName\":\"search_term_string\"}}],\"inLanguage\":\"en-US\"},{\"@type\":\"Person\",\"@id\":\"https:\\\/\\\/www.drivelife.it\\\/news\\\/#\\\/schema\\\/person\\\/b6c194c3423ff451be4914f5fd9c2188\",\"name\":\"Redazione\",\"image\":{\"@type\":\"ImageObject\",\"inLanguage\":\"en-US\",\"@id\":\"https:\\\/\\\/secure.gravatar.com\\\/avatar\\\/8d186f6b07ba8a94441344759f0e13bf1909b6ceaa171df0425551b4590fd558?s=96&d=mm&r=g\",\"url\":\"https:\\\/\\\/secure.gravatar.com\\\/avatar\\\/8d186f6b07ba8a94441344759f0e13bf1909b6ceaa171df0425551b4590fd558?s=96&d=mm&r=g\",\"contentUrl\":\"https:\\\/\\\/secure.gravatar.com\\\/avatar\\\/8d186f6b07ba8a94441344759f0e13bf1909b6ceaa171df0425551b4590fd558?s=96&d=mm&r=g\",\"caption\":\"Redazione\"},\"url\":\"https:\\\/\\\/www.drivelife.it\\\/news\\\/author\\\/admin\\\/\"}]}<\/script>\n<!-- \/ Yoast SEO plugin. -->","yoast_head_json":{"title":"BMW SERIE 6 GRAN COUPE' - #lucalife","robots":{"index":"index","follow":"follow","max-snippet":"max-snippet:-1","max-image-preview":"max-image-preview:large","max-video-preview":"max-video-preview:-1"},"canonical":"https:\/\/www.drivelife.it\/news\/2012\/05\/20\/bmw-serie-6-gran-coupe\/","og_locale":"en_US","og_type":"article","og_title":"BMW SERIE 6 GRAN COUPE' - #lucalife","og_description":"&nbsp; &nbsp; SFOGLIA LA GALLERY, GUARDA LA NUOVA BMW &nbsp; COLPO AL CUORE COLPISCE NON SOLO PER LO STILE,\u00a0LA GRAN COUP\u00c9 \u00c8 UN ATTACCO ALLE \u2018\u2018SUPERPREMIUM\u2019\u2019\u00a0COME LA PORSCHE PANAMERA E L\u2019ASTON MARTIN RAPIDE Concentrarmi sull\u2019automobile di cui sono al volante mentre il bel paesaggio propone ai miei occhi i colori gi\u00e0 saturi della stagione calda \u00e8 difficile. L\u2019inteso blu del mare che tanto amo, il verde delle coltivazioni, il giallo dei campi. Ogni volta \u00e8 una scoperta, la Sicilia non finisce mai di emozionarmi. Per\u00f2 il volante stretto tra le mani, adesso, ha il sopravvento anche sui ricordi. L\u2019emozione di cui sto&#46;&#46;&#46;","og_url":"https:\/\/www.drivelife.it\/news\/2012\/05\/20\/bmw-serie-6-gran-coupe\/","og_site_name":"#lucalife","article_publisher":"https:\/\/www.facebook.com\/pages\/Drivelife\/467833073239720","article_published_time":"2012-05-20T07:55:28+00:00","article_modified_time":"2012-12-14T10:49:33+00:00","og_image":[{"width":1920,"height":1280,"url":"https:\/\/www.drivelife.it\/news\/wp-content\/uploads\/2012\/05\/BMW-640i-Gran-Coupe_309.jpg","type":"image\/jpeg"}],"author":"Redazione","twitter_card":"summary_large_image","twitter_creator":"@tweetdrivelife","twitter_site":"@tweetdrivelife","twitter_misc":{"Written by":"Redazione","Est. reading time":"1 minute"},"schema":{"@context":"https:\/\/schema.org","@graph":[{"@type":"Article","@id":"https:\/\/www.drivelife.it\/news\/2012\/05\/20\/bmw-serie-6-gran-coupe\/#article","isPartOf":{"@id":"https:\/\/www.drivelife.it\/news\/2012\/05\/20\/bmw-serie-6-gran-coupe\/"},"author":{"name":"Redazione","@id":"https:\/\/www.drivelife.it\/news\/#\/schema\/person\/b6c194c3423ff451be4914f5fd9c2188"},"headline":"BMW SERIE 6 GRAN COUPE&#8217;","datePublished":"2012-05-20T07:55:28+00:00","dateModified":"2012-12-14T10:49:33+00:00","mainEntityOfPage":{"@id":"https:\/\/www.drivelife.it\/news\/2012\/05\/20\/bmw-serie-6-gran-coupe\/"},"wordCount":251,"commentCount":0,"image":{"@id":"https:\/\/www.drivelife.it\/news\/2012\/05\/20\/bmw-serie-6-gran-coupe\/#primaryimage"},"thumbnailUrl":"https:\/\/www.drivelife.it\/news\/wp-content\/uploads\/2012\/05\/BMW-640i-Gran-Coupe_309.jpg","articleSection":["AUTOMOTIVE","BMW","GALLERY AUTOMOTIVE","PUNTATA DRIVELIFE","TEST DRIVE"],"inLanguage":"en-US","potentialAction":[{"@type":"CommentAction","name":"Comment","target":["https:\/\/www.drivelife.it\/news\/2012\/05\/20\/bmw-serie-6-gran-coupe\/#respond"]}]},{"@type":"WebPage","@id":"https:\/\/www.drivelife.it\/news\/2012\/05\/20\/bmw-serie-6-gran-coupe\/","url":"https:\/\/www.drivelife.it\/news\/2012\/05\/20\/bmw-serie-6-gran-coupe\/","name":"BMW SERIE 6 GRAN COUPE' - #lucalife","isPartOf":{"@id":"https:\/\/www.drivelife.it\/news\/#website"},"primaryImageOfPage":{"@id":"https:\/\/www.drivelife.it\/news\/2012\/05\/20\/bmw-serie-6-gran-coupe\/#primaryimage"},"image":{"@id":"https:\/\/www.drivelife.it\/news\/2012\/05\/20\/bmw-serie-6-gran-coupe\/#primaryimage"},"thumbnailUrl":"https:\/\/www.drivelife.it\/news\/wp-content\/uploads\/2012\/05\/BMW-640i-Gran-Coupe_309.jpg","datePublished":"2012-05-20T07:55:28+00:00","dateModified":"2012-12-14T10:49:33+00:00","author":{"@id":"https:\/\/www.drivelife.it\/news\/#\/schema\/person\/b6c194c3423ff451be4914f5fd9c2188"},"breadcrumb":{"@id":"https:\/\/www.drivelife.it\/news\/2012\/05\/20\/bmw-serie-6-gran-coupe\/#breadcrumb"},"inLanguage":"en-US","potentialAction":[{"@type":"ReadAction","target":["https:\/\/www.drivelife.it\/news\/2012\/05\/20\/bmw-serie-6-gran-coupe\/"]}]},{"@type":"ImageObject","inLanguage":"en-US","@id":"https:\/\/www.drivelife.it\/news\/2012\/05\/20\/bmw-serie-6-gran-coupe\/#primaryimage","url":"https:\/\/www.drivelife.it\/news\/wp-content\/uploads\/2012\/05\/BMW-640i-Gran-Coupe_309.jpg","contentUrl":"https:\/\/www.drivelife.it\/news\/wp-content\/uploads\/2012\/05\/BMW-640i-Gran-Coupe_309.jpg","width":"1920","height":"1280"},{"@type":"BreadcrumbList","@id":"https:\/\/www.drivelife.it\/news\/2012\/05\/20\/bmw-serie-6-gran-coupe\/#breadcrumb","itemListElement":[{"@type":"ListItem","position":1,"name":"Home","item":"https:\/\/www.drivelife.it\/news\/"},{"@type":"ListItem","position":2,"name":"BMW SERIE 6 GRAN COUPE&#8217;"}]},{"@type":"WebSite","@id":"https:\/\/www.drivelife.it\/news\/#website","url":"https:\/\/www.drivelife.it\/news\/","name":"#lucalife","description":"DRIVELIFE le mie automobili","potentialAction":[{"@type":"SearchAction","target":{"@type":"EntryPoint","urlTemplate":"https:\/\/www.drivelife.it\/news\/?s={search_term_string}"},"query-input":{"@type":"PropertyValueSpecification","valueRequired":true,"valueName":"search_term_string"}}],"inLanguage":"en-US"},{"@type":"Person","@id":"https:\/\/www.drivelife.it\/news\/#\/schema\/person\/b6c194c3423ff451be4914f5fd9c2188","name":"Redazione","image":{"@type":"ImageObject","inLanguage":"en-US","@id":"https:\/\/secure.gravatar.com\/avatar\/8d186f6b07ba8a94441344759f0e13bf1909b6ceaa171df0425551b4590fd558?s=96&d=mm&r=g","url":"https:\/\/secure.gravatar.com\/avatar\/8d186f6b07ba8a94441344759f0e13bf1909b6ceaa171df0425551b4590fd558?s=96&d=mm&r=g","contentUrl":"https:\/\/secure.gravatar.com\/avatar\/8d186f6b07ba8a94441344759f0e13bf1909b6ceaa171df0425551b4590fd558?s=96&d=mm&r=g","caption":"Redazione"},"url":"https:\/\/www.drivelife.it\/news\/author\/admin\/"}]}},"amp_enabled":true,"_links":{"self":[{"href":"https:\/\/www.drivelife.it\/news\/wp-json\/wp\/v2\/posts\/216","targetHints":{"allow":["GET"]}}],"collection":[{"href":"https:\/\/www.drivelife.it\/news\/wp-json\/wp\/v2\/posts"}],"about":[{"href":"https:\/\/www.drivelife.it\/news\/wp-json\/wp\/v2\/types\/post"}],"author":[{"embeddable":true,"href":"https:\/\/www.drivelife.it\/news\/wp-json\/wp\/v2\/users\/1"}],"replies":[{"embeddable":true,"href":"https:\/\/www.drivelife.it\/news\/wp-json\/wp\/v2\/comments?post=216"}],"version-history":[{"count":8,"href":"https:\/\/www.drivelife.it\/news\/wp-json\/wp\/v2\/posts\/216\/revisions"}],"predecessor-version":[{"id":961,"href":"https:\/\/www.drivelife.it\/news\/wp-json\/wp\/v2\/posts\/216\/revisions\/961"}],"wp:featuredmedia":[{"embeddable":true,"href":"https:\/\/www.drivelife.it\/news\/wp-json\/wp\/v2\/media\/217"}],"wp:attachment":[{"href":"https:\/\/www.drivelife.it\/news\/wp-json\/wp\/v2\/media?parent=216"}],"wp:term":[{"taxonomy":"category","embeddable":true,"href":"https:\/\/www.drivelife.it\/news\/wp-json\/wp\/v2\/categories?post=216"},{"taxonomy":"post_tag","embeddable":true,"href":"https:\/\/www.drivelife.it\/news\/wp-json\/wp\/v2\/tags?post=216"}],"curies":[{"name":"wp","href":"https:\/\/api.w.org\/{rel}","templated":true}]}}