{"id":21129,"date":"2018-02-12T10:05:14","date_gmt":"2018-02-12T10:05:14","guid":{"rendered":"http:\/\/www.drivelife.it\/news\/?p=21129"},"modified":"2018-02-12T10:09:49","modified_gmt":"2018-02-12T10:09:49","slug":"nuova-classe-a-hey-mercedes","status":"publish","type":"post","link":"https:\/\/www.drivelife.it\/news\/2018\/02\/12\/nuova-classe-a-hey-mercedes\/","title":{"rendered":"Hey Mercedes"},"content":{"rendered":"<h1>Sveglia!<br \/>\nUn&#8217;altra rivoluzione<br \/>\nsta cambiando il mondo dell&#8217;auto<br \/>\ne Mercedes,<br \/>\ncome al solito, \u00e8 l&#8217;avanguardia<\/h1>\n<blockquote><p><strong><em><\/p>\n<h1>MERCEDES NUOVA CLASSE A MY 18<\/h1>\n<p><\/em><\/p><\/blockquote>\n<p><\/strong><br \/>\n&nbsp;<br \/>\n&nbsp;<br \/>\n<div id=\"attachment_21130\" style=\"width: 730px\" class=\"wp-caption alignnone\"><img loading=\"lazy\" decoding=\"async\" aria-describedby=\"caption-attachment-21130\" src=\"http:\/\/www.drivelife.it\/news\/wp-content\/uploads\/2018\/02\/17C829_005-1000x666.jpg\" alt=\"10.2.InTv - Hey Mercedes - Sveglia! Un&#039;altra rivoluzione sta cambiando il mondo dell&#039;auto e Mercedes, come al solito, \u00e8 l&#039;avanguardia\" width=\"720\" height=\"480\" class=\"size-large wp-image-21130\" srcset=\"https:\/\/www.drivelife.it\/news\/wp-content\/uploads\/2018\/02\/17C829_005-1000x666.jpg 1000w, https:\/\/www.drivelife.it\/news\/wp-content\/uploads\/2018\/02\/17C829_005-620x413.jpg 620w, https:\/\/www.drivelife.it\/news\/wp-content\/uploads\/2018\/02\/17C829_005-768x512.jpg 768w, https:\/\/www.drivelife.it\/news\/wp-content\/uploads\/2018\/02\/17C829_005-300x200.jpg 300w\" sizes=\"auto, (max-width: 720px) 100vw, 720px\" \/><p id=\"caption-attachment-21130\" class=\"wp-caption-text\">Mercedes-Benz A-Klasse. Interieur: Polsterung Mikrofaser DINAMICA \/ Ledernachbildung ARTICO. Exterieur: designo mountaingrau magno<br \/>Mercedes-Benz A-Class. Interior: Upholstery DINAMICA microfibre \/ ARTICO man-made leather. Exterior: designo mountain grey magno &#8211; 10.2.InTv &#8211; Hey Mercedes &#8211; Sveglia! Un&#8217;altra rivoluzione sta cambiando il mondo dell&#8217;auto e Mercedes, come al solito, \u00e8 l&#8217;avanguardia<\/p><\/div><br \/>\n&nbsp;<br \/>\n&nbsp;<\/p>\n<p>COVER STORY: MERCEDES, NUOVA CLASSE A MY18, 01\u201938\u201d@00\u201946\u201d &#8211; Ordinabile a Marzo ed in vendita in primavera. <\/p>\n<h2>Come si fa a non ridere:<br \/>\ncome se Marzo non fosse primavera.<br \/>\nCapisco cosa intendono<br \/>\nma allora \u00e8 comunicato male. <\/h2>\n<p>Sono tantissime le novit\u00e0 della Classe A nuovo modello che il peccato veniale della sovrapposizione primaverile \u00e8 trascurabile perch\u00e9, fedele ai nuovi principi di Stoccarda, questa Classe A rappresenta la punta di diamante delle capacit\u00e0 di Mercedes come produttore di auto premium.<br \/>\nDunque nuova Classe A \u00e8, oggi, l\u2019ammiraglia della Stella, pi\u00f9 di una \u201cE\u201d o una \u201cS, tradizionali veicoli di tecnologia di punta.<br \/>\nIn primo piano: gli argomenti sono tanti, molti riguardano quelle funzioni di interazione tra driver e sistemi di bordo, siano essi una destinazione da impostare, una telefonata oppure \u201csocializzare\u201d in sicurezza.<br \/>\nCuore del sistema \u00e8 nel dispositivo multimediale MBUX, Mercedes-Benz User Experience, che consente di interagire \u201csenza barriere\u201d, tra driver, passeggeri, i sistemi di bordo e quelli di \u201cmercedes me\u201d.<br \/>\nCon facolt\u00e0 di auto-apprendimento perch\u00e9 costruito con tecnologie di intelligenza artificiale.<br \/>\nTutto inizia con il \u201cHey Mercedes\u201d, un saluto che, sono certo, diventer\u00e0 a breve familiare per molti, ben oltre la clientela Mercedes.<br \/>\nLa quarta generazione della Classe A sar\u00e0 disponibile, al momento del lancio, in quattro versioni A 200 con cambio manuale e automatico, A 250 con cambio 7G-DCT ed A 180 d sempre con il cambio automatico 7G-DCT.<br \/>\nVelocit\u00e0 comprese tra i 202 ed i 250, accelerazioni: la pi\u00f9 lenta 10\u201d-e-5. \u2028Potenze 116 CV quella diesel fino a 224 CV della A 250.<br \/>\nLe dotazioni di serie comprendono il sistema MBUX, il KEYLESS-GO, il DYNAMIC SELECT, ad esempio ma ulteriori personalizzazioni sono possibili con gli upgrade delle linee Style, Progressive ed AMG Line.<\/p>\n<h2>Prezzi. \u2028<br \/>\nNessuna indicazione pervenuta, ma \u00e8 un prodotto premium. \u2028Non si fanno sconti sulla qualit\u00e0.<br \/>\nSi paga e basta.<br \/>\nAnche se il motore a gasolio \u00e8 Renault.<br \/>\nS\u00ec, vabbe\u2019 su specifiche Mercedes\u2026<br \/>\nUna \u201ccollaborazione strategica\u201d\u2026<\/h2>\n<p>&nbsp;<br \/>\n&nbsp;<\/p>\n<h2>MERCEDES NUOVA CLASSE A 2018 master driving scenes<\/h2>\n<p>https:\/\/vimeo.com\/254042778<br \/>\n&nbsp;<br \/>\n&nbsp;<\/p>\n<h2>MERCEDES NUOVA CLASSE A 2018 footage driving scenes<\/h2>\n<p>https:\/\/vimeo.com\/254043141<br \/>\n&nbsp;<br \/>\n&nbsp;<\/p>\n<h2>MERCEDES NUOVA CLASSE A 2018 trailer<\/h2>\n<p>https:\/\/vimeo.com\/254043319<br \/>\n&nbsp;<br \/>\n&nbsp;<\/p>\n<p>&nbsp;<\/p>\n<h2><strong><em> MERCEDES NUOVA CLASSE A &#8211; 01\u201938\u201d@00\u201946\u201d<br \/>\nIN TV CON DRIVELIFE DEL 10 FEBBRAIO 2018<\/em><\/strong><\/h2>\n<p>&nbsp;<\/p>\n<h3><strong>di redazione &#8211;<\/strong><\/h3>\n<p>&nbsp;<\/p>\n<p>&nbsp;<br \/>\n&nbsp;<\/p>\n<h2><strong>COVER STORY: \u2028MERCEDES NUOVA CLASSE A 2018 trailer<br \/>\n&nbsp;<br \/>\nhttps:\/\/vimeo.com\/254043319<br \/>\n&nbsp;<\/p>\n<p><strong><\/p>\n<h3>FLIPBOARD FOLLOW ME @ lucaromanopix<\/h3>\n<p><\/strong><br \/>\n<a data-flip-widget=\"ico\" href=\"https:\/\/flipboard.com\/@lucaromanopix\/lucaromanopix-cuonjeasy?utm_campaign=tools&#038;utm_medium=follow&#038;action=follow\"><img decoding=\"async\" src=\"https:\/\/cdn.flipboard.com\/badges\/flipboard_lbsw.png\" alt=\"Flipboard\" \/><\/a><script src=\"https:\/\/cdn.flipboard.com\/web\/buttons\/js\/flbuttons.min.js\" type=\u201ctext\/javascript\"><\/script><\/p>\n<h3><strong>FLIPBOARD SHARE lucaromanopix \/ drivelife<\/h3>\n<p><\/strong><br \/>\n<a data-flip-widget=\"shareflip\" href=\"https:\/\/flipboard.com\"><img decoding=\"async\" src=\"https:\/\/cdn.flipboard.com\/badges\/flipboard_lbsw.png\" \/><\/a><script src=\"https:\/\/cdn.flipboard.com\/web\/buttons\/js\/flbuttons.min.js\" type=\u201ctext\/javascript\"><\/script><\/p>\n<h3><strong>FLIPBOARD FOLLOW DRIVELIFE<\/h3>\n<p><\/strong><br \/>\n<a data-flip-widget=\"ico\" href=\"https:\/\/flipboard.com\/@lucaromanopix\/drivelife-q5flocp8y?utm_campaign=tools&#038;utm_medium=follow&#038;action=follow\"><img decoding=\"async\" src=\"https:\/\/cdn.flipboard.com\/badges\/flipboard_lbsw.png\" alt=\"Flipboard\" \/><\/a><script src=\"https:\/\/cdn.flipboard.com\/web\/buttons\/js\/flbuttons.min.js\" type=\u201ctext\/javascript\"><\/script><\/p>\n<p>&nbsp;<\/p>\n<h2>GALLERIA FOTOGRAFICA,<br \/>\nMERCEDES<br \/>\nNUOVA CLASSE A MY 18<\/h2>\n<p>&nbsp;<\/p>\nngg_shortcode_0_placeholder\n<p>&nbsp;<\/p>\n<p>&nbsp;<\/p>\n<h1>10 FEBBRAIO,<br \/>\nDRIVELIFE,<br \/>\nTRAILER PUNTATA IN TV<\/h1>\n<p>&nbsp;<br \/>\n<strong><\/p>\n<h1>\nCOVER STORY<br \/>\nMERCEDES NUOVA CLASSE A MY18<br \/>\n&#8211; <\/strong><\/h1>\n<p>&nbsp;<\/p>\n<h2>MERCEDES NUOVA CLASSE A 2018 master driving scenes<\/h2>\n<p>https:\/\/vimeo.com\/254042778<br \/>\n&nbsp;<br \/>\n&nbsp;<\/p>\n<h2>MERCEDES NUOVA CLASSE A 2018 footage driving scenes<\/h2>\n<p>https:\/\/vimeo.com\/254043141<br \/>\n&nbsp;<br \/>\n&nbsp;<\/p>\n<h2>MERCEDES NUOVA CLASSE A 2018 trailer<\/h2>\n<p>https:\/\/vimeo.com\/254043319<br \/>\n&nbsp;<\/p>\n<h1>Foto: \u201c620 Nanometri\u201d<br \/>\nSubaru XV MY18 #lucastories #clickdrive<\/h1>\n<p>&nbsp;<\/p>\n<h1>10.2.inTv<br \/>\n&nbsp;<br \/>\nSUBARU XV MY18 &#8211; \u2028teaser, \u201cFILM 620 NANOMETRI\u201d<\/h1>\n<p>https:\/\/vimeo.com\/253430521<br \/>\n&nbsp;<\/p>\n<h1><strong> TOPIC: JAGUAR E-PACE, \u202801\u201914\u201d@02\u201931\u201d<\/h1>\n<p><\/strong><\/p>\n<p>&nbsp;<br \/>\nJAGUAR E PACE b roll<br \/>\nhttps:\/\/vimeo.com\/254332348<br \/>\n&nbsp;<br \/>\nJAGUAR E PACE b roll 2<br \/>\nhttps:\/\/vimeo.com\/254332532<br \/>\n&nbsp;<br \/>\nJAGUAR E PACE timelapse<br \/>\nhttps:\/\/vimeo.com\/254334111<br \/>\n&nbsp;<br \/>\nJAGUAR E PACE clip media drive Corsica<br \/>\nhttps:\/\/vimeo.com\/254333367<br \/>\n&nbsp;<\/p>\n<p>&nbsp;<\/p>\n<h1><strong><br \/>\nRUBRICA TV AUTOMOTIVE DI 12\u201900\u201d &#8211;<br \/>\nIN ONDA<\/strong><\/h1>\n<p>&nbsp;<\/p>\n<h1><strong>TIMING &#038; START@<\/strong> <\/p>\n<p><strong>COVER STORY: \u2028MERCEDES,<br \/>\nNUOVA CLASSE A MY18,\u202801\u201938\u201d@00\u201946\u201d &#8211; <\/strong><br \/>\n<strong>SOMMARIO CON TIME@START <\/strong><\/p>\n<p>SUBARU XV MY 18, 01\u201927\u201d@02\u201931\u201d &#8211; JAGUAR E-PACE, 01\u201914\u201d@04\u201909\u201d &#8211; SEAT 4DRIVE, 00\u201945\u201d@05\u201933\u201d &#8211; NISSAN 370Zki, 00\u201943\u201d@06\u201925\u201d &#8211; CITROEN C3 GPL, \u201cFILM PONZA\u201d, 04\u201915\u201d@07\u201917\u201d<\/p>\n<p>&#8211; <\/h1>\n<p>&nbsp;<\/p>\n<p>&nbsp;<br \/>\n<div style='display:none;' class='shareaholic-canvas' data-app='share_buttons' data-title='Hey Mercedes' data-link='https:\/\/www.drivelife.it\/news\/2018\/02\/12\/nuova-classe-a-hey-mercedes\/' data-summary='10.2.InTv - Hey Mercedes - Sveglia! Un&#039;altra rivoluzione sta cambiando il mondo dell&#039;auto e Mercedes, come al solito, \u00e8 l&#039;avanguardia' data-app-id='16516586'><\/div><br \/>\n&nbsp;<\/p>\n<blockquote>\n<h1>IN TV IL 10 FEBBRAIO<\/h1>\n<\/blockquote>\n<h1>SUBARU XV MY18 &#8211; teaser, \u201cFILM 620 NANOMETRI\u201d<\/h1>\n<p>Pics \u00a9lucaromanopix<br \/>\nhttps:\/\/vimeo.com\/253430521<br \/>\n&nbsp;<br \/>\n<a href=\"http:\/\/www.drivelife.it\/SUBARUXVMY18\/\">SFOGLIA LO SPECIALE DI DRIVELIFE<\/a><\/p>\n<p>&nbsp;<\/p>\n<blockquote>\n<h1>IN TV IL 10 FEBBRAIO<\/h1>\n<\/blockquote>\n<h1>CITROEN C3 GPL, \u201cFILM PONZA\u201d<\/h1>\n<p>Pics \u00a9lucaromanopix<br \/>\nhttps:\/\/vimeo.com\/220675159<br \/>\n&nbsp;<br \/>\n<a href=\"http:\/\/www.drivelife.it\/CITROENC3GPL\/\">SFOGLIA LO SPECIALE DI DRIVELIFE<\/a><\/p>\n<p>&nbsp;<br \/>\n<strong>DRIVELIFE CLIP <\/strong><br \/>\nhttp:\/\/www.drivelife.it\/clip\/2018\/02\/05\/10-febbraio-drivelife-in-tv\/<br \/>\n&nbsp;<br \/>\n<strong>DRIVELIFE CLIP \u201cLARGE\u201d<\/strong><br \/>\nhttp:\/\/www.drivelife.it\/drivelifeintv\/2018\/02\/05\/10-febbraio-drivelife-in-tv\/<br \/>\n&nbsp;<br \/>\n<div style='display:none;' class='shareaholic-canvas' data-app='share_buttons' data-title='Hey Mercedes' data-link='https:\/\/www.drivelife.it\/news\/2018\/02\/12\/nuova-classe-a-hey-mercedes\/' data-summary='10.2.InTv - Hey Mercedes - Sveglia! Un&#039;altra rivoluzione sta cambiando il mondo dell&#039;auto e Mercedes, come al solito, \u00e8 l&#039;avanguardia' data-app-id='16516586'><\/div><br \/>\n&nbsp;<br \/>\n<strong><\/p>\n<blockquote>\n<h1>L\u2019AUTO IN TV: MAZDA 6 &#038; DS 5 PRESTIGE &#8211; \u00a9lucaromanopix<\/h1>\n<\/blockquote>\n<p><\/strong><\/p>\n<p>&nbsp;<br \/>\n<a href=\"http:\/\/vimeo.com\/drivelife\"><img decoding=\"async\" src=\"http:\/\/a.vimeocdn.com\/images_v6\/blogbadge_channels.png\" alt=\"Vimeo\" \/><\/a><\/p>\n<blockquote>\n<h1><strong>In TV con drivelife<br \/>\ndel 10 FEBBRAIO<\/strong><\/h1>\n<\/blockquote>\n<p><a href=\"https:\/\/flipboard.com\/@mrlukkor\/drivelife-q5flocp8y\" data-flip-widget=\"mag\">View my Flipboard Magazine.<\/a><\/p>\n<h2>Guarda di pi\u00f9 con drivelife<\/h2>\n<p style=\"color: #021eaa;\"><a href=\"http:\/\/car.18x24.it\">car.18&#215;24.it<\/a><\/p>\n<p style=\"color: #021eaa;\"><a href=\"http:\/\/www.drivelife.it\">www.drivelife.it<\/a><\/p>\n<p style=\"color: #021eaa;\"><a href=\"http:\/\/www.drivelife.it\/clip\/\">www.drivelife.it\/clip\/<\/a><\/p>\n<p style=\"color: #021eaa;\"><a href=\"http:\/\/www.drivelife.it\/dlnew\/\">www.drivelife.it\/dlnew\/<\/a><\/p>\n<p style=\"color: #021eaa;\"><a href=\"http:\/\/www.drivelife.it\/moto\/\">www.drivelife.it\/moto\/<\/a><\/p>\n<p style=\"color: #021eaa;\"><a href=\"http:\/\/www.drivelife.it\/car\/\">www.drivelife.it\/car\/<\/a><\/p>\n<p style=\"color: #021eaa;\"><a href=\"http:\/\/www.drivelife.it\/drivelifeintv\/\">www.drivelife.it\/drivelifeintv\/<\/a><\/p>\n<p style=\"color: #021eaa;\"><a href=\"http:\/\/www.drivelife.it\/pics\/\">www.drivelife.it\/pics\/<\/a><\/p>\n<p style=\"color: #021eaa;\"><a href=\"http:\/\/www.drivelife.it\/dresscode\/\">www.drivelife.it\/dresscode\/<\/a><\/p>\n<p style=\"color: #021eaa;\"><a href=\"https:\/\/twitter.com\/tweetdrivelife\">twitter.com\/tweetdrivelife<\/a><\/p>\n<p style=\"color: #021eaa;\"><a href=\"https:\/\/flipboard.com\/@mrlukkor\/drivelife-q5flocp8y\">flipboard.com\/@mrlukkor\/drivelife<\/a><\/p>\n<p>&nbsp;<br \/>\n<div style='display:none;' class='shareaholic-canvas' data-app='share_buttons' data-title='Hey Mercedes' data-link='https:\/\/www.drivelife.it\/news\/2018\/02\/12\/nuova-classe-a-hey-mercedes\/' data-summary='10.2.InTv - Hey Mercedes - Sveglia! Un&#039;altra rivoluzione sta cambiando il mondo dell&#039;auto e Mercedes, come al solito, \u00e8 l&#039;avanguardia' data-app-id='16516586'><\/div><br \/>\n&nbsp;<br \/>\nCredit clip&#038;pic, quando pubblicato<br \/>\nTutte le fotografie e le clip \u00a9lucaromanopix<br \/>\n<strong>Vietata la riproduzione e la diffusione su e con qualsiasi mezzo e\/o social network senza il consenso scritto dell&#8217;autore. Le fotografie sono file con firma digitale. Le fotografie sono protette secondo le norme vigenti in Italia del diritto d\u2019autore. <\/strong><br \/>\n&nbsp;<\/p>\n<h2>\n<blockquote><p>Once Ansel Adams said:<br \/>\n\u201cThe single most important component of a camera is the twelve inches behind it\u201d.<\/p><\/blockquote>\n<\/h2>\n<p>&nbsp;<\/p>\n<h3>NB: qui, come per tutti gli articoli che drivelife pubblica on line, non \u00e8 un obbligo la corrispondenza tra il pubblicato della pagina e quanto messo in onda con la rubrica televisiva diffusa in tutta Italia.<\/h3>\n<p><strong>INSTAGRAM \/ lucaromano_pix<\/strong><\/p>\n<style>.ig-b- { display: inline-block; }\n.ig-b- img { visibility: hidden; }\n.ig-b-:hover { background-position: 0 -60px; } .ig-b-:active { background-position: 0 -120px; }\n.ig-b-v-24 { width: 137px; height: 24px; background: url(\/\/badges.instagram.com\/static\/images\/ig-badge-view-sprite-24.png) no-repeat 0 0; }\n@media only screen and (-webkit-min-device-pixel-ratio: 2), only screen and (min--moz-device-pixel-ratio: 2), only screen and (-o-min-device-pixel-ratio: 2 \/ 1), only screen and (min-device-pixel-ratio: 2), only screen and (min-resolution: 192dpi), only screen and (min-resolution: 2dppx) {\n.ig-b-v-24 { background-image: url(\/\/badges.instagram.com\/static\/images\/ig-badge-view-sprite-24@2x.png); background-size: 160px 178px; } }<\/style>\n<p><a href=\"http:\/\/instagram.com\/lucaromano_pix?ref=badge\" class=\"ig-b- ig-b-v-24\"><img decoding=\"async\" src=\"\/\/badges.instagram.com\/static\/images\/ig-badge-view-24.png\" alt=\"Instagram\" \/><\/a><br \/>\n&nbsp;<br \/>\n<div style='display:none;' class='shareaholic-canvas' data-app='share_buttons' data-title='Hey Mercedes' data-link='https:\/\/www.drivelife.it\/news\/2018\/02\/12\/nuova-classe-a-hey-mercedes\/' data-summary='10.2.InTv - Hey Mercedes - Sveglia! Un&#039;altra rivoluzione sta cambiando il mondo dell&#039;auto e Mercedes, come al solito, \u00e8 l&#039;avanguardia' data-app-id='16516586'><\/div><br \/>\n&nbsp;<br \/>\n<strong>TWITTER \/ lucaatmrlukkor<\/strong><br \/>\n&nbsp;<br \/>\n<a class=\"twitter-timeline\" href=\"https:\/\/twitter.com\/lucaatmrlukkor\" data-widget-id=\"557957842121289728\">Tweet di @lucaatmrlukkor<\/a> <script>!function(d,s,id){var js,fjs=d.getElementsByTagName(s)[0],p=\/^http:\/.test(d.location)?'http':'https';if(!d.getElementById(id)){js=d.createElement(s);js.id=id;js.src=p+\":\/\/platform.twitter.com\/widgets.js\";fjs.parentNode.insertBefore(js,fjs);}}(document,\"script\",\"twitter-wjs\");<\/script><br \/>\n&nbsp;<\/p>\n<h2>10.2.inTv &#8211; drivelife per le Tv<\/h2>\n<p>&nbsp;<\/p>\n<h1>FILE PER PUNTATA<br \/>\nDEL 10 FEBBRAIO<\/h1>\n<p>&nbsp;<\/p>\n<h1>10\/2, file HD 1280&#215;720, mp4, 1,10 GB<\/h1>\n<p>https:\/\/vimeo.com\/254661503<br \/>\n&nbsp;<br \/>\n<div style='display:none;' class='shareaholic-canvas' data-app='share_buttons' data-title='Hey Mercedes' data-link='https:\/\/www.drivelife.it\/news\/2018\/02\/12\/nuova-classe-a-hey-mercedes\/' data-summary='10.2.InTv - Hey Mercedes - Sveglia! Un&#039;altra rivoluzione sta cambiando il mondo dell&#039;auto e Mercedes, come al solito, \u00e8 l&#039;avanguardia' data-app-id='16516586'><\/div><br \/>\n&nbsp;<\/p>\n<h1>10\/2, file standard 720&#215;576, mpg, 0,55 GB<\/h1>\n<p>https:\/\/vimeo.com\/254660980<br \/>\n&nbsp;<\/p>\n<h1>youtube, file HD 1280&#215;720, mp4, 1,10 GB<\/h1>\n<div class=\"video-container\"><iframe loading=\"lazy\" title=\"2018 PUNTATA DRIVELIFE FEBBRAIO 10\" width=\"500\" height=\"281\" src=\"https:\/\/www.youtube.com\/embed\/bKeDT7ikZUQ?feature=oembed&#038;wmode=opaque\" frameborder=\"0\" allow=\"accelerometer; autoplay; clipboard-write; encrypted-media; gyroscope; picture-in-picture; web-share\" referrerpolicy=\"strict-origin-when-cross-origin\" allowfullscreen><\/iframe><\/div>\n<p>&nbsp;<\/p>\n","protected":false},"excerpt":{"rendered":"<p>10.2.InTv &#8211; Hey Mercedes &#8211; Sveglia! Un&#8217;altra rivoluzione sta cambiando il mondo dell&#8217;auto e Mercedes, come al solito, \u00e8 l&#8217;avanguardia<\/p>\n","protected":false},"author":1,"featured_media":21130,"comment_status":"open","ping_status":"open","sticky":false,"template":"","format":"video","meta":{"ngg_post_thumbnail":0,"footnotes":""},"categories":[39,75,1361,53],"tags":[371,1384],"class_list":["post-21129","post","type-post","status-publish","format-video","has-post-thumbnail","hentry","category-automotive","category-mercedes","category-puntate-drivelife-tv-2018","category-video","tag-mercedes-2","tag-nuova-classe-a","post_format-post-format-video"],"yoast_head":"<!-- This site is optimized with the Yoast SEO plugin v27.5 - https:\/\/yoast.com\/product\/yoast-seo-wordpress\/ -->\n<title>Hey Mercedes - #lucalife<\/title>\n<meta name=\"robots\" content=\"index, follow, max-snippet:-1, max-image-preview:large, max-video-preview:-1\" \/>\n<link rel=\"canonical\" href=\"https:\/\/www.drivelife.it\/news\/2018\/02\/12\/nuova-classe-a-hey-mercedes\/\" \/>\n<meta property=\"og:locale\" content=\"en_US\" \/>\n<meta property=\"og:type\" content=\"article\" \/>\n<meta property=\"og:title\" content=\"Hey Mercedes - #lucalife\" \/>\n<meta property=\"og:description\" content=\"10.2.InTv - Hey Mercedes - Sveglia! Un&#039;altra rivoluzione sta cambiando il mondo dell&#039;auto e Mercedes, come al solito, \u00e8 l&#039;avanguardia\" \/>\n<meta property=\"og:url\" content=\"https:\/\/www.drivelife.it\/news\/2018\/02\/12\/nuova-classe-a-hey-mercedes\/\" \/>\n<meta property=\"og:site_name\" content=\"#lucalife\" \/>\n<meta property=\"article:publisher\" content=\"https:\/\/www.facebook.com\/pages\/Drivelife\/467833073239720\" \/>\n<meta property=\"article:published_time\" content=\"2018-02-12T10:05:14+00:00\" \/>\n<meta property=\"article:modified_time\" content=\"2018-02-12T10:09:49+00:00\" \/>\n<meta property=\"og:image\" content=\"https:\/\/www.drivelife.it\/news\/wp-content\/uploads\/2018\/02\/17C829_005.jpg\" \/>\n\t<meta property=\"og:image:width\" content=\"2560\" \/>\n\t<meta property=\"og:image:height\" content=\"1706\" \/>\n\t<meta property=\"og:image:type\" content=\"image\/jpeg\" \/>\n<meta name=\"author\" content=\"Redazione\" \/>\n<meta name=\"twitter:card\" content=\"summary_large_image\" \/>\n<meta name=\"twitter:creator\" content=\"@tweetdrivelife\" \/>\n<meta name=\"twitter:site\" content=\"@tweetdrivelife\" \/>\n<meta name=\"twitter:label1\" content=\"Written by\" \/>\n\t<meta name=\"twitter:data1\" content=\"Redazione\" \/>\n\t<meta name=\"twitter:label2\" content=\"Est. reading time\" \/>\n\t<meta name=\"twitter:data2\" content=\"5 minutes\" \/>\n<script type=\"application\/ld+json\" class=\"yoast-schema-graph\">{\"@context\":\"https:\\\/\\\/schema.org\",\"@graph\":[{\"@type\":\"Article\",\"@id\":\"https:\\\/\\\/www.drivelife.it\\\/news\\\/2018\\\/02\\\/12\\\/nuova-classe-a-hey-mercedes\\\/#article\",\"isPartOf\":{\"@id\":\"https:\\\/\\\/www.drivelife.it\\\/news\\\/2018\\\/02\\\/12\\\/nuova-classe-a-hey-mercedes\\\/\"},\"author\":{\"name\":\"Redazione\",\"@id\":\"https:\\\/\\\/www.drivelife.it\\\/news\\\/#\\\/schema\\\/person\\\/b6c194c3423ff451be4914f5fd9c2188\"},\"headline\":\"Hey Mercedes\",\"datePublished\":\"2018-02-12T10:05:14+00:00\",\"dateModified\":\"2018-02-12T10:09:49+00:00\",\"mainEntityOfPage\":{\"@id\":\"https:\\\/\\\/www.drivelife.it\\\/news\\\/2018\\\/02\\\/12\\\/nuova-classe-a-hey-mercedes\\\/\"},\"wordCount\":959,\"commentCount\":0,\"image\":{\"@id\":\"https:\\\/\\\/www.drivelife.it\\\/news\\\/2018\\\/02\\\/12\\\/nuova-classe-a-hey-mercedes\\\/#primaryimage\"},\"thumbnailUrl\":\"https:\\\/\\\/www.drivelife.it\\\/news\\\/wp-content\\\/uploads\\\/2018\\\/02\\\/17C829_005.jpg\",\"keywords\":[\"mercedes\",\"nuova classe a\"],\"articleSection\":[\"AUTOMOTIVE\",\"MERCEDES\",\"PUNTATE DRIVELIFE TV 2018\",\"VIDEO\"],\"inLanguage\":\"en-US\",\"potentialAction\":[{\"@type\":\"CommentAction\",\"name\":\"Comment\",\"target\":[\"https:\\\/\\\/www.drivelife.it\\\/news\\\/2018\\\/02\\\/12\\\/nuova-classe-a-hey-mercedes\\\/#respond\"]}]},{\"@type\":\"WebPage\",\"@id\":\"https:\\\/\\\/www.drivelife.it\\\/news\\\/2018\\\/02\\\/12\\\/nuova-classe-a-hey-mercedes\\\/\",\"url\":\"https:\\\/\\\/www.drivelife.it\\\/news\\\/2018\\\/02\\\/12\\\/nuova-classe-a-hey-mercedes\\\/\",\"name\":\"Hey Mercedes - #lucalife\",\"isPartOf\":{\"@id\":\"https:\\\/\\\/www.drivelife.it\\\/news\\\/#website\"},\"primaryImageOfPage\":{\"@id\":\"https:\\\/\\\/www.drivelife.it\\\/news\\\/2018\\\/02\\\/12\\\/nuova-classe-a-hey-mercedes\\\/#primaryimage\"},\"image\":{\"@id\":\"https:\\\/\\\/www.drivelife.it\\\/news\\\/2018\\\/02\\\/12\\\/nuova-classe-a-hey-mercedes\\\/#primaryimage\"},\"thumbnailUrl\":\"https:\\\/\\\/www.drivelife.it\\\/news\\\/wp-content\\\/uploads\\\/2018\\\/02\\\/17C829_005.jpg\",\"datePublished\":\"2018-02-12T10:05:14+00:00\",\"dateModified\":\"2018-02-12T10:09:49+00:00\",\"author\":{\"@id\":\"https:\\\/\\\/www.drivelife.it\\\/news\\\/#\\\/schema\\\/person\\\/b6c194c3423ff451be4914f5fd9c2188\"},\"breadcrumb\":{\"@id\":\"https:\\\/\\\/www.drivelife.it\\\/news\\\/2018\\\/02\\\/12\\\/nuova-classe-a-hey-mercedes\\\/#breadcrumb\"},\"inLanguage\":\"en-US\",\"potentialAction\":[{\"@type\":\"ReadAction\",\"target\":[\"https:\\\/\\\/www.drivelife.it\\\/news\\\/2018\\\/02\\\/12\\\/nuova-classe-a-hey-mercedes\\\/\"]}]},{\"@type\":\"ImageObject\",\"inLanguage\":\"en-US\",\"@id\":\"https:\\\/\\\/www.drivelife.it\\\/news\\\/2018\\\/02\\\/12\\\/nuova-classe-a-hey-mercedes\\\/#primaryimage\",\"url\":\"https:\\\/\\\/www.drivelife.it\\\/news\\\/wp-content\\\/uploads\\\/2018\\\/02\\\/17C829_005.jpg\",\"contentUrl\":\"https:\\\/\\\/www.drivelife.it\\\/news\\\/wp-content\\\/uploads\\\/2018\\\/02\\\/17C829_005.jpg\",\"width\":2560,\"height\":1706,\"caption\":\"Mercedes-Benz A-Klasse. Interieur: Polsterung Mikrofaser DINAMICA \\\/ Ledernachbildung ARTICO. Exterieur: designo mountaingrau magno Mercedes-Benz A-Class. Interior: Upholstery DINAMICA microfibre \\\/ ARTICO man-made leather. Exterior: designo mountain grey magno - 10.2.InTv - Hey Mercedes - Sveglia! Un'altra rivoluzione sta cambiando il mondo dell'auto e Mercedes, come al solito, \u00e8 l'avanguardia\"},{\"@type\":\"BreadcrumbList\",\"@id\":\"https:\\\/\\\/www.drivelife.it\\\/news\\\/2018\\\/02\\\/12\\\/nuova-classe-a-hey-mercedes\\\/#breadcrumb\",\"itemListElement\":[{\"@type\":\"ListItem\",\"position\":1,\"name\":\"Home\",\"item\":\"https:\\\/\\\/www.drivelife.it\\\/news\\\/\"},{\"@type\":\"ListItem\",\"position\":2,\"name\":\"Hey Mercedes\"}]},{\"@type\":\"WebSite\",\"@id\":\"https:\\\/\\\/www.drivelife.it\\\/news\\\/#website\",\"url\":\"https:\\\/\\\/www.drivelife.it\\\/news\\\/\",\"name\":\"#lucalife\",\"description\":\"DRIVELIFE le mie automobili\",\"potentialAction\":[{\"@type\":\"SearchAction\",\"target\":{\"@type\":\"EntryPoint\",\"urlTemplate\":\"https:\\\/\\\/www.drivelife.it\\\/news\\\/?s={search_term_string}\"},\"query-input\":{\"@type\":\"PropertyValueSpecification\",\"valueRequired\":true,\"valueName\":\"search_term_string\"}}],\"inLanguage\":\"en-US\"},{\"@type\":\"Person\",\"@id\":\"https:\\\/\\\/www.drivelife.it\\\/news\\\/#\\\/schema\\\/person\\\/b6c194c3423ff451be4914f5fd9c2188\",\"name\":\"Redazione\",\"image\":{\"@type\":\"ImageObject\",\"inLanguage\":\"en-US\",\"@id\":\"https:\\\/\\\/secure.gravatar.com\\\/avatar\\\/8d186f6b07ba8a94441344759f0e13bf1909b6ceaa171df0425551b4590fd558?s=96&d=mm&r=g\",\"url\":\"https:\\\/\\\/secure.gravatar.com\\\/avatar\\\/8d186f6b07ba8a94441344759f0e13bf1909b6ceaa171df0425551b4590fd558?s=96&d=mm&r=g\",\"contentUrl\":\"https:\\\/\\\/secure.gravatar.com\\\/avatar\\\/8d186f6b07ba8a94441344759f0e13bf1909b6ceaa171df0425551b4590fd558?s=96&d=mm&r=g\",\"caption\":\"Redazione\"},\"url\":\"https:\\\/\\\/www.drivelife.it\\\/news\\\/author\\\/admin\\\/\"}]}<\/script>\n<!-- \/ Yoast SEO plugin. -->","yoast_head_json":{"title":"Hey Mercedes - #lucalife","robots":{"index":"index","follow":"follow","max-snippet":"max-snippet:-1","max-image-preview":"max-image-preview:large","max-video-preview":"max-video-preview:-1"},"canonical":"https:\/\/www.drivelife.it\/news\/2018\/02\/12\/nuova-classe-a-hey-mercedes\/","og_locale":"en_US","og_type":"article","og_title":"Hey Mercedes - #lucalife","og_description":"10.2.InTv - Hey Mercedes - Sveglia! Un'altra rivoluzione sta cambiando il mondo dell'auto e Mercedes, come al solito, \u00e8 l'avanguardia","og_url":"https:\/\/www.drivelife.it\/news\/2018\/02\/12\/nuova-classe-a-hey-mercedes\/","og_site_name":"#lucalife","article_publisher":"https:\/\/www.facebook.com\/pages\/Drivelife\/467833073239720","article_published_time":"2018-02-12T10:05:14+00:00","article_modified_time":"2018-02-12T10:09:49+00:00","og_image":[{"width":2560,"height":1706,"url":"https:\/\/www.drivelife.it\/news\/wp-content\/uploads\/2018\/02\/17C829_005.jpg","type":"image\/jpeg"}],"author":"Redazione","twitter_card":"summary_large_image","twitter_creator":"@tweetdrivelife","twitter_site":"@tweetdrivelife","twitter_misc":{"Written by":"Redazione","Est. reading time":"5 minutes"},"schema":{"@context":"https:\/\/schema.org","@graph":[{"@type":"Article","@id":"https:\/\/www.drivelife.it\/news\/2018\/02\/12\/nuova-classe-a-hey-mercedes\/#article","isPartOf":{"@id":"https:\/\/www.drivelife.it\/news\/2018\/02\/12\/nuova-classe-a-hey-mercedes\/"},"author":{"name":"Redazione","@id":"https:\/\/www.drivelife.it\/news\/#\/schema\/person\/b6c194c3423ff451be4914f5fd9c2188"},"headline":"Hey Mercedes","datePublished":"2018-02-12T10:05:14+00:00","dateModified":"2018-02-12T10:09:49+00:00","mainEntityOfPage":{"@id":"https:\/\/www.drivelife.it\/news\/2018\/02\/12\/nuova-classe-a-hey-mercedes\/"},"wordCount":959,"commentCount":0,"image":{"@id":"https:\/\/www.drivelife.it\/news\/2018\/02\/12\/nuova-classe-a-hey-mercedes\/#primaryimage"},"thumbnailUrl":"https:\/\/www.drivelife.it\/news\/wp-content\/uploads\/2018\/02\/17C829_005.jpg","keywords":["mercedes","nuova classe a"],"articleSection":["AUTOMOTIVE","MERCEDES","PUNTATE DRIVELIFE TV 2018","VIDEO"],"inLanguage":"en-US","potentialAction":[{"@type":"CommentAction","name":"Comment","target":["https:\/\/www.drivelife.it\/news\/2018\/02\/12\/nuova-classe-a-hey-mercedes\/#respond"]}]},{"@type":"WebPage","@id":"https:\/\/www.drivelife.it\/news\/2018\/02\/12\/nuova-classe-a-hey-mercedes\/","url":"https:\/\/www.drivelife.it\/news\/2018\/02\/12\/nuova-classe-a-hey-mercedes\/","name":"Hey Mercedes - #lucalife","isPartOf":{"@id":"https:\/\/www.drivelife.it\/news\/#website"},"primaryImageOfPage":{"@id":"https:\/\/www.drivelife.it\/news\/2018\/02\/12\/nuova-classe-a-hey-mercedes\/#primaryimage"},"image":{"@id":"https:\/\/www.drivelife.it\/news\/2018\/02\/12\/nuova-classe-a-hey-mercedes\/#primaryimage"},"thumbnailUrl":"https:\/\/www.drivelife.it\/news\/wp-content\/uploads\/2018\/02\/17C829_005.jpg","datePublished":"2018-02-12T10:05:14+00:00","dateModified":"2018-02-12T10:09:49+00:00","author":{"@id":"https:\/\/www.drivelife.it\/news\/#\/schema\/person\/b6c194c3423ff451be4914f5fd9c2188"},"breadcrumb":{"@id":"https:\/\/www.drivelife.it\/news\/2018\/02\/12\/nuova-classe-a-hey-mercedes\/#breadcrumb"},"inLanguage":"en-US","potentialAction":[{"@type":"ReadAction","target":["https:\/\/www.drivelife.it\/news\/2018\/02\/12\/nuova-classe-a-hey-mercedes\/"]}]},{"@type":"ImageObject","inLanguage":"en-US","@id":"https:\/\/www.drivelife.it\/news\/2018\/02\/12\/nuova-classe-a-hey-mercedes\/#primaryimage","url":"https:\/\/www.drivelife.it\/news\/wp-content\/uploads\/2018\/02\/17C829_005.jpg","contentUrl":"https:\/\/www.drivelife.it\/news\/wp-content\/uploads\/2018\/02\/17C829_005.jpg","width":2560,"height":1706,"caption":"Mercedes-Benz A-Klasse. Interieur: Polsterung Mikrofaser DINAMICA \/ Ledernachbildung ARTICO. Exterieur: designo mountaingrau magno Mercedes-Benz A-Class. Interior: Upholstery DINAMICA microfibre \/ ARTICO man-made leather. Exterior: designo mountain grey magno - 10.2.InTv - Hey Mercedes - Sveglia! Un'altra rivoluzione sta cambiando il mondo dell'auto e Mercedes, come al solito, \u00e8 l'avanguardia"},{"@type":"BreadcrumbList","@id":"https:\/\/www.drivelife.it\/news\/2018\/02\/12\/nuova-classe-a-hey-mercedes\/#breadcrumb","itemListElement":[{"@type":"ListItem","position":1,"name":"Home","item":"https:\/\/www.drivelife.it\/news\/"},{"@type":"ListItem","position":2,"name":"Hey Mercedes"}]},{"@type":"WebSite","@id":"https:\/\/www.drivelife.it\/news\/#website","url":"https:\/\/www.drivelife.it\/news\/","name":"#lucalife","description":"DRIVELIFE le mie automobili","potentialAction":[{"@type":"SearchAction","target":{"@type":"EntryPoint","urlTemplate":"https:\/\/www.drivelife.it\/news\/?s={search_term_string}"},"query-input":{"@type":"PropertyValueSpecification","valueRequired":true,"valueName":"search_term_string"}}],"inLanguage":"en-US"},{"@type":"Person","@id":"https:\/\/www.drivelife.it\/news\/#\/schema\/person\/b6c194c3423ff451be4914f5fd9c2188","name":"Redazione","image":{"@type":"ImageObject","inLanguage":"en-US","@id":"https:\/\/secure.gravatar.com\/avatar\/8d186f6b07ba8a94441344759f0e13bf1909b6ceaa171df0425551b4590fd558?s=96&d=mm&r=g","url":"https:\/\/secure.gravatar.com\/avatar\/8d186f6b07ba8a94441344759f0e13bf1909b6ceaa171df0425551b4590fd558?s=96&d=mm&r=g","contentUrl":"https:\/\/secure.gravatar.com\/avatar\/8d186f6b07ba8a94441344759f0e13bf1909b6ceaa171df0425551b4590fd558?s=96&d=mm&r=g","caption":"Redazione"},"url":"https:\/\/www.drivelife.it\/news\/author\/admin\/"}]}},"amp_enabled":true,"_links":{"self":[{"href":"https:\/\/www.drivelife.it\/news\/wp-json\/wp\/v2\/posts\/21129","targetHints":{"allow":["GET"]}}],"collection":[{"href":"https:\/\/www.drivelife.it\/news\/wp-json\/wp\/v2\/posts"}],"about":[{"href":"https:\/\/www.drivelife.it\/news\/wp-json\/wp\/v2\/types\/post"}],"author":[{"embeddable":true,"href":"https:\/\/www.drivelife.it\/news\/wp-json\/wp\/v2\/users\/1"}],"replies":[{"embeddable":true,"href":"https:\/\/www.drivelife.it\/news\/wp-json\/wp\/v2\/comments?post=21129"}],"version-history":[{"count":3,"href":"https:\/\/www.drivelife.it\/news\/wp-json\/wp\/v2\/posts\/21129\/revisions"}],"predecessor-version":[{"id":21133,"href":"https:\/\/www.drivelife.it\/news\/wp-json\/wp\/v2\/posts\/21129\/revisions\/21133"}],"wp:featuredmedia":[{"embeddable":true,"href":"https:\/\/www.drivelife.it\/news\/wp-json\/wp\/v2\/media\/21130"}],"wp:attachment":[{"href":"https:\/\/www.drivelife.it\/news\/wp-json\/wp\/v2\/media?parent=21129"}],"wp:term":[{"taxonomy":"category","embeddable":true,"href":"https:\/\/www.drivelife.it\/news\/wp-json\/wp\/v2\/categories?post=21129"},{"taxonomy":"post_tag","embeddable":true,"href":"https:\/\/www.drivelife.it\/news\/wp-json\/wp\/v2\/tags?post=21129"}],"curies":[{"name":"wp","href":"https:\/\/api.w.org\/{rel}","templated":true}]}}