{"id":2079,"date":"2013-02-22T11:11:51","date_gmt":"2013-02-22T11:11:51","guid":{"rendered":"http:\/\/www.drivelife.it\/news\/?p=2079"},"modified":"2013-02-22T11:19:29","modified_gmt":"2013-02-22T11:19:29","slug":"w-motors","status":"publish","type":"post","link":"https:\/\/www.drivelife.it\/news\/2013\/02\/22\/w-motors\/","title":{"rendered":"W-MOTORS"},"content":{"rendered":"<h1><strong>LYKAN<\/strong><\/h1>\n<p><strong>\u00c8 UNA HYPERCAR, PRESENTATA AL QATAR MOTOR SHOW<\/strong><\/p>\n<p>Prende il nome dalla specie pi\u00f9 evoluta di lupi nella storia della mitologia ma scritto con la lettera &#8220;K&#8221;; la W Motors Lykan \u00e8 l&#8217;insieme di lussuosa potenza, design, tecnologia e l&#8217;esclusivit\u00e0 di essere prodotta in soli 7 esemplari&#8230;<\/p>\n\n\t\t<style>\n\t\t\t#gallery-1 {\n\t\t\t\tmargin: auto;\n\t\t\t}\n\t\t\t#gallery-1 .gallery-item {\n\t\t\t\tfloat: left;\n\t\t\t\tmargin-top: 10px;\n\t\t\t\ttext-align: center;\n\t\t\t\twidth: 20%;\n\t\t\t}\n\t\t\t#gallery-1 img {\n\t\t\t\tborder: 2px solid #cfcfcf;\n\t\t\t}\n\t\t\t#gallery-1 .gallery-caption {\n\t\t\t\tmargin-left: 0;\n\t\t\t}\n\t\t\t\/* see gallery_shortcode() in wp-includes\/media.php *\/\n\t\t<\/style>\n\t\t<div id='gallery-1' class='gallery galleryid-2079 gallery-columns-5 gallery-size-thumbnail'><dl class='gallery-item'>\n\t\t\t<dt class='gallery-icon landscape'>\n\t\t\t\t<a href='https:\/\/www.drivelife.it\/news\/2013\/02\/22\/w-motors\/w-motors-presenta-la-super-sportiva-lykan-hypercar-al-qatar-motor-show-2013-wm-lykan-01\/'><img loading=\"lazy\" decoding=\"async\" width=\"150\" height=\"150\" src=\"https:\/\/www.drivelife.it\/news\/wp-content\/uploads\/2013\/02\/w-motors-presenta-la-super-sportiva-lykan-hypercar-al-qatar-motor-show-2013-wm-lykan-01-150x150.jpg\" class=\"attachment-thumbnail size-thumbnail no-lazy\" alt=\"\" srcset=\"https:\/\/www.drivelife.it\/news\/wp-content\/uploads\/2013\/02\/w-motors-presenta-la-super-sportiva-lykan-hypercar-al-qatar-motor-show-2013-wm-lykan-01-150x150.jpg 150w, https:\/\/www.drivelife.it\/news\/wp-content\/uploads\/2013\/02\/w-motors-presenta-la-super-sportiva-lykan-hypercar-al-qatar-motor-show-2013-wm-lykan-01-310x310.jpg 310w\" sizes=\"auto, (max-width: 150px) 100vw, 150px\" \/><\/a>\n\t\t\t<\/dt><\/dl><dl class='gallery-item'>\n\t\t\t<dt class='gallery-icon landscape'>\n\t\t\t\t<a href='https:\/\/www.drivelife.it\/news\/2013\/02\/22\/w-motors\/w-motors-presenta-la-super-sportiva-lykan-hypercar-al-qatar-motor-show-2013-wm-lykan-07\/'><img loading=\"lazy\" decoding=\"async\" width=\"150\" height=\"150\" src=\"https:\/\/www.drivelife.it\/news\/wp-content\/uploads\/2013\/02\/w-motors-presenta-la-super-sportiva-lykan-hypercar-al-qatar-motor-show-2013-wm-lykan-07-150x150.jpg\" class=\"attachment-thumbnail size-thumbnail no-lazy\" alt=\"\" srcset=\"https:\/\/www.drivelife.it\/news\/wp-content\/uploads\/2013\/02\/w-motors-presenta-la-super-sportiva-lykan-hypercar-al-qatar-motor-show-2013-wm-lykan-07-150x150.jpg 150w, https:\/\/www.drivelife.it\/news\/wp-content\/uploads\/2013\/02\/w-motors-presenta-la-super-sportiva-lykan-hypercar-al-qatar-motor-show-2013-wm-lykan-07-310x310.jpg 310w\" sizes=\"auto, (max-width: 150px) 100vw, 150px\" \/><\/a>\n\t\t\t<\/dt><\/dl><dl class='gallery-item'>\n\t\t\t<dt class='gallery-icon landscape'>\n\t\t\t\t<a href='https:\/\/www.drivelife.it\/news\/2013\/02\/22\/w-motors\/w-motors-presenta-la-super-sportiva-lykan-hypercar-al-qatar-motor-show-2013-wm-lykan-09\/'><img loading=\"lazy\" decoding=\"async\" width=\"150\" height=\"150\" src=\"https:\/\/www.drivelife.it\/news\/wp-content\/uploads\/2013\/02\/w-motors-presenta-la-super-sportiva-lykan-hypercar-al-qatar-motor-show-2013-wm-lykan-09-150x150.jpg\" class=\"attachment-thumbnail size-thumbnail no-lazy\" alt=\"\" srcset=\"https:\/\/www.drivelife.it\/news\/wp-content\/uploads\/2013\/02\/w-motors-presenta-la-super-sportiva-lykan-hypercar-al-qatar-motor-show-2013-wm-lykan-09-150x150.jpg 150w, https:\/\/www.drivelife.it\/news\/wp-content\/uploads\/2013\/02\/w-motors-presenta-la-super-sportiva-lykan-hypercar-al-qatar-motor-show-2013-wm-lykan-09-310x310.jpg 310w\" sizes=\"auto, (max-width: 150px) 100vw, 150px\" \/><\/a>\n\t\t\t<\/dt><\/dl><dl class='gallery-item'>\n\t\t\t<dt class='gallery-icon landscape'>\n\t\t\t\t<a href='https:\/\/www.drivelife.it\/news\/2013\/02\/22\/w-motors\/w-motors-presenta-la-super-sportiva-lykan-hypercar-al-qatar-motor-show-2013-wm-lykan-12\/'><img loading=\"lazy\" decoding=\"async\" width=\"150\" height=\"150\" src=\"https:\/\/www.drivelife.it\/news\/wp-content\/uploads\/2013\/02\/w-motors-presenta-la-super-sportiva-lykan-hypercar-al-qatar-motor-show-2013-wm-lykan-12-150x150.jpg\" class=\"attachment-thumbnail size-thumbnail no-lazy\" alt=\"\" srcset=\"https:\/\/www.drivelife.it\/news\/wp-content\/uploads\/2013\/02\/w-motors-presenta-la-super-sportiva-lykan-hypercar-al-qatar-motor-show-2013-wm-lykan-12-150x150.jpg 150w, https:\/\/www.drivelife.it\/news\/wp-content\/uploads\/2013\/02\/w-motors-presenta-la-super-sportiva-lykan-hypercar-al-qatar-motor-show-2013-wm-lykan-12-310x310.jpg 310w\" sizes=\"auto, (max-width: 150px) 100vw, 150px\" \/><\/a>\n\t\t\t<\/dt><\/dl><dl class='gallery-item'>\n\t\t\t<dt class='gallery-icon landscape'>\n\t\t\t\t<a href='https:\/\/www.drivelife.it\/news\/2013\/02\/22\/w-motors\/w-motors-presenta-la-super-sportiva-lykan-hypercar-al-qatar-motor-show-2013-wm-lykan-15\/'><img loading=\"lazy\" decoding=\"async\" width=\"150\" height=\"150\" src=\"https:\/\/www.drivelife.it\/news\/wp-content\/uploads\/2013\/02\/w-motors-presenta-la-super-sportiva-lykan-hypercar-al-qatar-motor-show-2013-wm-lykan-15-150x150.jpg\" class=\"attachment-thumbnail size-thumbnail no-lazy\" alt=\"\" srcset=\"https:\/\/www.drivelife.it\/news\/wp-content\/uploads\/2013\/02\/w-motors-presenta-la-super-sportiva-lykan-hypercar-al-qatar-motor-show-2013-wm-lykan-15-150x150.jpg 150w, https:\/\/www.drivelife.it\/news\/wp-content\/uploads\/2013\/02\/w-motors-presenta-la-super-sportiva-lykan-hypercar-al-qatar-motor-show-2013-wm-lykan-15-310x310.jpg 310w\" sizes=\"auto, (max-width: 150px) 100vw, 150px\" \/><\/a>\n\t\t\t<\/dt><\/dl><br style=\"clear: both\" \/><dl class='gallery-item'>\n\t\t\t<dt class='gallery-icon landscape'>\n\t\t\t\t<a href='https:\/\/www.drivelife.it\/news\/2013\/02\/22\/w-motors\/w-motors-presenta-la-super-sportiva-lykan-hypercar-al-qatar-motor-show-2013-wm-lykan-04\/'><img loading=\"lazy\" decoding=\"async\" width=\"150\" height=\"150\" src=\"https:\/\/www.drivelife.it\/news\/wp-content\/uploads\/2013\/02\/w-motors-presenta-la-super-sportiva-lykan-hypercar-al-qatar-motor-show-2013-wm-lykan-04-150x150.jpg\" class=\"attachment-thumbnail size-thumbnail no-lazy\" alt=\"\" srcset=\"https:\/\/www.drivelife.it\/news\/wp-content\/uploads\/2013\/02\/w-motors-presenta-la-super-sportiva-lykan-hypercar-al-qatar-motor-show-2013-wm-lykan-04-150x150.jpg 150w, https:\/\/www.drivelife.it\/news\/wp-content\/uploads\/2013\/02\/w-motors-presenta-la-super-sportiva-lykan-hypercar-al-qatar-motor-show-2013-wm-lykan-04-310x310.jpg 310w\" sizes=\"auto, (max-width: 150px) 100vw, 150px\" \/><\/a>\n\t\t\t<\/dt><\/dl><dl class='gallery-item'>\n\t\t\t<dt class='gallery-icon landscape'>\n\t\t\t\t<a href='https:\/\/www.drivelife.it\/news\/2013\/02\/22\/w-motors\/w-motors-presenta-la-super-sportiva-lykan-hypercar-al-qatar-motor-show-2013-wm-lykan-05\/'><img loading=\"lazy\" decoding=\"async\" width=\"150\" height=\"150\" src=\"https:\/\/www.drivelife.it\/news\/wp-content\/uploads\/2013\/02\/w-motors-presenta-la-super-sportiva-lykan-hypercar-al-qatar-motor-show-2013-wm-lykan-05-150x150.jpg\" class=\"attachment-thumbnail size-thumbnail no-lazy\" alt=\"\" srcset=\"https:\/\/www.drivelife.it\/news\/wp-content\/uploads\/2013\/02\/w-motors-presenta-la-super-sportiva-lykan-hypercar-al-qatar-motor-show-2013-wm-lykan-05-150x150.jpg 150w, https:\/\/www.drivelife.it\/news\/wp-content\/uploads\/2013\/02\/w-motors-presenta-la-super-sportiva-lykan-hypercar-al-qatar-motor-show-2013-wm-lykan-05-310x310.jpg 310w\" sizes=\"auto, (max-width: 150px) 100vw, 150px\" \/><\/a>\n\t\t\t<\/dt><\/dl><dl class='gallery-item'>\n\t\t\t<dt class='gallery-icon landscape'>\n\t\t\t\t<a href='https:\/\/www.drivelife.it\/news\/2013\/02\/22\/w-motors\/w-motors-presenta-la-super-sportiva-lykan-hypercar-al-qatar-motor-show-2013-wm-lykan-08\/'><img loading=\"lazy\" decoding=\"async\" width=\"150\" height=\"150\" src=\"https:\/\/www.drivelife.it\/news\/wp-content\/uploads\/2013\/02\/w-motors-presenta-la-super-sportiva-lykan-hypercar-al-qatar-motor-show-2013-wm-lykan-08-150x150.jpg\" class=\"attachment-thumbnail size-thumbnail no-lazy\" alt=\"\" srcset=\"https:\/\/www.drivelife.it\/news\/wp-content\/uploads\/2013\/02\/w-motors-presenta-la-super-sportiva-lykan-hypercar-al-qatar-motor-show-2013-wm-lykan-08-150x150.jpg 150w, https:\/\/www.drivelife.it\/news\/wp-content\/uploads\/2013\/02\/w-motors-presenta-la-super-sportiva-lykan-hypercar-al-qatar-motor-show-2013-wm-lykan-08-310x310.jpg 310w\" sizes=\"auto, (max-width: 150px) 100vw, 150px\" \/><\/a>\n\t\t\t<\/dt><\/dl><dl class='gallery-item'>\n\t\t\t<dt class='gallery-icon landscape'>\n\t\t\t\t<a href='https:\/\/www.drivelife.it\/news\/2013\/02\/22\/w-motors\/w-motors-presenta-la-super-sportiva-lykan-hypercar-al-qatar-motor-show-2013-wm-lykan-14\/'><img loading=\"lazy\" decoding=\"async\" width=\"150\" height=\"150\" src=\"https:\/\/www.drivelife.it\/news\/wp-content\/uploads\/2013\/02\/w-motors-presenta-la-super-sportiva-lykan-hypercar-al-qatar-motor-show-2013-wm-lykan-14-150x150.jpg\" class=\"attachment-thumbnail size-thumbnail no-lazy\" alt=\"\" srcset=\"https:\/\/www.drivelife.it\/news\/wp-content\/uploads\/2013\/02\/w-motors-presenta-la-super-sportiva-lykan-hypercar-al-qatar-motor-show-2013-wm-lykan-14-150x150.jpg 150w, https:\/\/www.drivelife.it\/news\/wp-content\/uploads\/2013\/02\/w-motors-presenta-la-super-sportiva-lykan-hypercar-al-qatar-motor-show-2013-wm-lykan-14-310x310.jpg 310w\" sizes=\"auto, (max-width: 150px) 100vw, 150px\" \/><\/a>\n\t\t\t<\/dt><\/dl><dl class='gallery-item'>\n\t\t\t<dt class='gallery-icon landscape'>\n\t\t\t\t<a href='https:\/\/www.drivelife.it\/news\/2013\/02\/22\/w-motors\/w-motors-presenta-la-super-sportiva-lykan-hypercar-al-qatar-motor-show-2013-wm-lykan-10\/'><img loading=\"lazy\" decoding=\"async\" width=\"150\" height=\"150\" src=\"https:\/\/www.drivelife.it\/news\/wp-content\/uploads\/2013\/02\/w-motors-presenta-la-super-sportiva-lykan-hypercar-al-qatar-motor-show-2013-wm-lykan-10-150x150.jpg\" class=\"attachment-thumbnail size-thumbnail no-lazy\" alt=\"\" srcset=\"https:\/\/www.drivelife.it\/news\/wp-content\/uploads\/2013\/02\/w-motors-presenta-la-super-sportiva-lykan-hypercar-al-qatar-motor-show-2013-wm-lykan-10-150x150.jpg 150w, https:\/\/www.drivelife.it\/news\/wp-content\/uploads\/2013\/02\/w-motors-presenta-la-super-sportiva-lykan-hypercar-al-qatar-motor-show-2013-wm-lykan-10-310x310.jpg 310w\" sizes=\"auto, (max-width: 150px) 100vw, 150px\" \/><\/a>\n\t\t\t<\/dt><\/dl><br style=\"clear: both\" \/><dl class='gallery-item'>\n\t\t\t<dt class='gallery-icon landscape'>\n\t\t\t\t<a href='https:\/\/www.drivelife.it\/news\/2013\/02\/22\/w-motors\/w-motors-presenta-la-super-sportiva-lykan-hypercar-al-qatar-motor-show-2013-wm-lykan-03\/'><img loading=\"lazy\" decoding=\"async\" width=\"150\" height=\"150\" src=\"https:\/\/www.drivelife.it\/news\/wp-content\/uploads\/2013\/02\/w-motors-presenta-la-super-sportiva-lykan-hypercar-al-qatar-motor-show-2013-wm-lykan-03-150x150.jpg\" class=\"attachment-thumbnail size-thumbnail no-lazy\" alt=\"\" srcset=\"https:\/\/www.drivelife.it\/news\/wp-content\/uploads\/2013\/02\/w-motors-presenta-la-super-sportiva-lykan-hypercar-al-qatar-motor-show-2013-wm-lykan-03-150x150.jpg 150w, https:\/\/www.drivelife.it\/news\/wp-content\/uploads\/2013\/02\/w-motors-presenta-la-super-sportiva-lykan-hypercar-al-qatar-motor-show-2013-wm-lykan-03-310x310.jpg 310w\" sizes=\"auto, (max-width: 150px) 100vw, 150px\" \/><\/a>\n\t\t\t<\/dt><\/dl><dl class='gallery-item'>\n\t\t\t<dt class='gallery-icon landscape'>\n\t\t\t\t<a href='https:\/\/www.drivelife.it\/news\/2013\/02\/22\/w-motors\/w-motors-presenta-la-super-sportiva-lykan-hypercar-al-qatar-motor-show-2013-wm-lykan-13\/'><img loading=\"lazy\" decoding=\"async\" width=\"150\" height=\"150\" src=\"https:\/\/www.drivelife.it\/news\/wp-content\/uploads\/2013\/02\/w-motors-presenta-la-super-sportiva-lykan-hypercar-al-qatar-motor-show-2013-wm-lykan-13-150x150.jpg\" class=\"attachment-thumbnail size-thumbnail no-lazy\" alt=\"\" srcset=\"https:\/\/www.drivelife.it\/news\/wp-content\/uploads\/2013\/02\/w-motors-presenta-la-super-sportiva-lykan-hypercar-al-qatar-motor-show-2013-wm-lykan-13-150x150.jpg 150w, https:\/\/www.drivelife.it\/news\/wp-content\/uploads\/2013\/02\/w-motors-presenta-la-super-sportiva-lykan-hypercar-al-qatar-motor-show-2013-wm-lykan-13-310x310.jpg 310w\" sizes=\"auto, (max-width: 150px) 100vw, 150px\" \/><\/a>\n\t\t\t<\/dt><\/dl><dl class='gallery-item'>\n\t\t\t<dt class='gallery-icon landscape'>\n\t\t\t\t<a href='https:\/\/www.drivelife.it\/news\/2013\/02\/22\/w-motors\/w-motors-presenta-la-super-sportiva-lykan-hypercar-al-qatar-motor-show-2013-wm-lykan-11\/'><img loading=\"lazy\" decoding=\"async\" width=\"150\" height=\"150\" src=\"https:\/\/www.drivelife.it\/news\/wp-content\/uploads\/2013\/02\/w-motors-presenta-la-super-sportiva-lykan-hypercar-al-qatar-motor-show-2013-wm-lykan-11-150x150.jpg\" class=\"attachment-thumbnail size-thumbnail no-lazy\" alt=\"\" srcset=\"https:\/\/www.drivelife.it\/news\/wp-content\/uploads\/2013\/02\/w-motors-presenta-la-super-sportiva-lykan-hypercar-al-qatar-motor-show-2013-wm-lykan-11-150x150.jpg 150w, https:\/\/www.drivelife.it\/news\/wp-content\/uploads\/2013\/02\/w-motors-presenta-la-super-sportiva-lykan-hypercar-al-qatar-motor-show-2013-wm-lykan-11-310x310.jpg 310w\" sizes=\"auto, (max-width: 150px) 100vw, 150px\" \/><\/a>\n\t\t\t<\/dt><\/dl><dl class='gallery-item'>\n\t\t\t<dt class='gallery-icon portrait'>\n\t\t\t\t<a href='https:\/\/www.drivelife.it\/news\/2013\/02\/22\/w-motors\/w-motors-presenta-la-super-sportiva-lykan-hypercar-al-qatar-motor-show-2013-wm-lykan-16\/'><img loading=\"lazy\" decoding=\"async\" width=\"150\" height=\"150\" src=\"https:\/\/www.drivelife.it\/news\/wp-content\/uploads\/2013\/02\/w-motors-presenta-la-super-sportiva-lykan-hypercar-al-qatar-motor-show-2013-wm-lykan-16-150x150.jpg\" class=\"attachment-thumbnail size-thumbnail no-lazy\" alt=\"\" srcset=\"https:\/\/www.drivelife.it\/news\/wp-content\/uploads\/2013\/02\/w-motors-presenta-la-super-sportiva-lykan-hypercar-al-qatar-motor-show-2013-wm-lykan-16-150x150.jpg 150w, https:\/\/www.drivelife.it\/news\/wp-content\/uploads\/2013\/02\/w-motors-presenta-la-super-sportiva-lykan-hypercar-al-qatar-motor-show-2013-wm-lykan-16-310x310.jpg 310w\" sizes=\"auto, (max-width: 150px) 100vw, 150px\" \/><\/a>\n\t\t\t<\/dt><\/dl>\n\t\t\t<br style='clear: both' \/>\n\t\t<\/div>\n\n<div id=\"attachment_2083\" style=\"width: 760px\" class=\"wp-caption alignnone\"><a href=\"http:\/\/www.drivelife.it\/news\/wp-content\/uploads\/2013\/02\/w-motors-presenta-la-super-sportiva-lykan-hypercar-al-qatar-motor-show-2013-wm-lykan-05.jpg\"><img loading=\"lazy\" decoding=\"async\" aria-describedby=\"caption-attachment-2083\" class=\"size-large wp-image-2083\" title=\"w-motors-presenta-la-super-sportiva-lykan-hypercar-al-qatar-motor-show-2013-wm-lykan-05\" src=\"http:\/\/www.drivelife.it\/news\/wp-content\/uploads\/2013\/02\/w-motors-presenta-la-super-sportiva-lykan-hypercar-al-qatar-motor-show-2013-wm-lykan-05-750x500.jpg\" alt=\"\" width=\"750\" height=\"500\" srcset=\"https:\/\/www.drivelife.it\/news\/wp-content\/uploads\/2013\/02\/w-motors-presenta-la-super-sportiva-lykan-hypercar-al-qatar-motor-show-2013-wm-lykan-05-750x500.jpg 750w, https:\/\/www.drivelife.it\/news\/wp-content\/uploads\/2013\/02\/w-motors-presenta-la-super-sportiva-lykan-hypercar-al-qatar-motor-show-2013-wm-lykan-05-620x413.jpg 620w, https:\/\/www.drivelife.it\/news\/wp-content\/uploads\/2013\/02\/w-motors-presenta-la-super-sportiva-lykan-hypercar-al-qatar-motor-show-2013-wm-lykan-05-590x393.jpg 590w, https:\/\/www.drivelife.it\/news\/wp-content\/uploads\/2013\/02\/w-motors-presenta-la-super-sportiva-lykan-hypercar-al-qatar-motor-show-2013-wm-lykan-05-950x633.jpg 950w, https:\/\/www.drivelife.it\/news\/wp-content\/uploads\/2013\/02\/w-motors-presenta-la-super-sportiva-lykan-hypercar-al-qatar-motor-show-2013-wm-lykan-05.jpg 1680w\" sizes=\"auto, (max-width: 750px) 100vw, 750px\" \/><\/a><p id=\"caption-attachment-2083\" class=\"wp-caption-text\">W-MOTORS LYKAN<\/p><\/div>\n","protected":false},"excerpt":{"rendered":"<p>LYKAN \u00c8 UNA HYPERCAR, PRESENTATA AL QATAR MOTOR SHOW Prende il nome dalla specie pi\u00f9 evoluta di lupi nella storia della mitologia ma scritto con la lettera &#8220;K&#8221;; la W Motors Lykan \u00e8 l&#8217;insieme di lussuosa potenza, design, tecnologia e l&#8217;esclusivit\u00e0 di essere prodotta in soli 7 esemplari&#8230;<\/p>\n","protected":false},"author":1,"featured_media":2080,"comment_status":"open","ping_status":"open","sticky":false,"template":"","format":"standard","meta":{"ngg_post_thumbnail":0,"footnotes":""},"categories":[39,55,138],"tags":[37,139,809,141,819],"class_list":["post-2079","post","type-post","status-publish","format-standard","has-post-thumbnail","hentry","category-automotive","category-news","category-w-motors","tag-drivelife","tag-k","tag-news","tag-qatar-motor-show","tag-w-motors"],"yoast_head":"<!-- This site is optimized with the Yoast SEO plugin v27.5 - https:\/\/yoast.com\/product\/yoast-seo-wordpress\/ -->\n<title>W-MOTORS - #lucalife<\/title>\n<meta name=\"robots\" content=\"index, follow, max-snippet:-1, max-image-preview:large, max-video-preview:-1\" \/>\n<link rel=\"canonical\" href=\"https:\/\/www.drivelife.it\/news\/2013\/02\/22\/w-motors\/\" \/>\n<meta property=\"og:locale\" content=\"en_US\" \/>\n<meta property=\"og:type\" content=\"article\" \/>\n<meta property=\"og:title\" content=\"W-MOTORS - #lucalife\" \/>\n<meta property=\"og:description\" content=\"LYKAN \u00c8 UNA HYPERCAR, PRESENTATA AL QATAR MOTOR SHOW Prende il nome dalla specie pi\u00f9 evoluta di lupi nella storia della mitologia ma scritto con la lettera &#8220;K&#8221;; la W Motors Lykan \u00e8 l&#8217;insieme di lussuosa potenza, design, tecnologia e l&#8217;esclusivit\u00e0 di essere prodotta in soli 7 esemplari&#8230;\" \/>\n<meta property=\"og:url\" content=\"https:\/\/www.drivelife.it\/news\/2013\/02\/22\/w-motors\/\" \/>\n<meta property=\"og:site_name\" content=\"#lucalife\" \/>\n<meta property=\"article:publisher\" content=\"https:\/\/www.facebook.com\/pages\/Drivelife\/467833073239720\" \/>\n<meta property=\"article:published_time\" content=\"2013-02-22T11:11:51+00:00\" \/>\n<meta property=\"article:modified_time\" content=\"2013-02-22T11:19:29+00:00\" \/>\n<meta property=\"og:image\" content=\"https:\/\/www.drivelife.it\/news\/wp-content\/uploads\/2013\/02\/w-motors-presenta-la-super-sportiva-lykan-hypercar-al-qatar-motor-show-2013-wm-lykan-04.jpg\" \/>\n\t<meta property=\"og:image:width\" content=\"1680\" \/>\n\t<meta property=\"og:image:height\" content=\"1120\" \/>\n\t<meta property=\"og:image:type\" content=\"image\/jpeg\" \/>\n<meta name=\"author\" content=\"Redazione\" \/>\n<meta name=\"twitter:card\" content=\"summary_large_image\" \/>\n<meta name=\"twitter:creator\" content=\"@tweetdrivelife\" \/>\n<meta name=\"twitter:site\" content=\"@tweetdrivelife\" \/>\n<meta name=\"twitter:label1\" content=\"Written by\" \/>\n\t<meta name=\"twitter:data1\" content=\"Redazione\" \/>\n<script type=\"application\/ld+json\" class=\"yoast-schema-graph\">{\"@context\":\"https:\\\/\\\/schema.org\",\"@graph\":[{\"@type\":\"Article\",\"@id\":\"https:\\\/\\\/www.drivelife.it\\\/news\\\/2013\\\/02\\\/22\\\/w-motors\\\/#article\",\"isPartOf\":{\"@id\":\"https:\\\/\\\/www.drivelife.it\\\/news\\\/2013\\\/02\\\/22\\\/w-motors\\\/\"},\"author\":{\"name\":\"Redazione\",\"@id\":\"https:\\\/\\\/www.drivelife.it\\\/news\\\/#\\\/schema\\\/person\\\/b6c194c3423ff451be4914f5fd9c2188\"},\"headline\":\"W-MOTORS\",\"datePublished\":\"2013-02-22T11:11:51+00:00\",\"dateModified\":\"2013-02-22T11:19:29+00:00\",\"mainEntityOfPage\":{\"@id\":\"https:\\\/\\\/www.drivelife.it\\\/news\\\/2013\\\/02\\\/22\\\/w-motors\\\/\"},\"wordCount\":63,\"commentCount\":0,\"image\":{\"@id\":\"https:\\\/\\\/www.drivelife.it\\\/news\\\/2013\\\/02\\\/22\\\/w-motors\\\/#primaryimage\"},\"thumbnailUrl\":\"https:\\\/\\\/www.drivelife.it\\\/news\\\/wp-content\\\/uploads\\\/2013\\\/02\\\/w-motors-presenta-la-super-sportiva-lykan-hypercar-al-qatar-motor-show-2013-wm-lykan-04.jpg\",\"keywords\":[\"DRIVELIFE\",\"K\",\"NEWS\",\"qatar motor show\",\"W-MOTORS\"],\"articleSection\":[\"AUTOMOTIVE\",\"NEWS\",\"W-MOTORS\"],\"inLanguage\":\"en-US\",\"potentialAction\":[{\"@type\":\"CommentAction\",\"name\":\"Comment\",\"target\":[\"https:\\\/\\\/www.drivelife.it\\\/news\\\/2013\\\/02\\\/22\\\/w-motors\\\/#respond\"]}]},{\"@type\":\"WebPage\",\"@id\":\"https:\\\/\\\/www.drivelife.it\\\/news\\\/2013\\\/02\\\/22\\\/w-motors\\\/\",\"url\":\"https:\\\/\\\/www.drivelife.it\\\/news\\\/2013\\\/02\\\/22\\\/w-motors\\\/\",\"name\":\"W-MOTORS - #lucalife\",\"isPartOf\":{\"@id\":\"https:\\\/\\\/www.drivelife.it\\\/news\\\/#website\"},\"primaryImageOfPage\":{\"@id\":\"https:\\\/\\\/www.drivelife.it\\\/news\\\/2013\\\/02\\\/22\\\/w-motors\\\/#primaryimage\"},\"image\":{\"@id\":\"https:\\\/\\\/www.drivelife.it\\\/news\\\/2013\\\/02\\\/22\\\/w-motors\\\/#primaryimage\"},\"thumbnailUrl\":\"https:\\\/\\\/www.drivelife.it\\\/news\\\/wp-content\\\/uploads\\\/2013\\\/02\\\/w-motors-presenta-la-super-sportiva-lykan-hypercar-al-qatar-motor-show-2013-wm-lykan-04.jpg\",\"datePublished\":\"2013-02-22T11:11:51+00:00\",\"dateModified\":\"2013-02-22T11:19:29+00:00\",\"author\":{\"@id\":\"https:\\\/\\\/www.drivelife.it\\\/news\\\/#\\\/schema\\\/person\\\/b6c194c3423ff451be4914f5fd9c2188\"},\"breadcrumb\":{\"@id\":\"https:\\\/\\\/www.drivelife.it\\\/news\\\/2013\\\/02\\\/22\\\/w-motors\\\/#breadcrumb\"},\"inLanguage\":\"en-US\",\"potentialAction\":[{\"@type\":\"ReadAction\",\"target\":[\"https:\\\/\\\/www.drivelife.it\\\/news\\\/2013\\\/02\\\/22\\\/w-motors\\\/\"]}]},{\"@type\":\"ImageObject\",\"inLanguage\":\"en-US\",\"@id\":\"https:\\\/\\\/www.drivelife.it\\\/news\\\/2013\\\/02\\\/22\\\/w-motors\\\/#primaryimage\",\"url\":\"https:\\\/\\\/www.drivelife.it\\\/news\\\/wp-content\\\/uploads\\\/2013\\\/02\\\/w-motors-presenta-la-super-sportiva-lykan-hypercar-al-qatar-motor-show-2013-wm-lykan-04.jpg\",\"contentUrl\":\"https:\\\/\\\/www.drivelife.it\\\/news\\\/wp-content\\\/uploads\\\/2013\\\/02\\\/w-motors-presenta-la-super-sportiva-lykan-hypercar-al-qatar-motor-show-2013-wm-lykan-04.jpg\",\"width\":\"1680\",\"height\":\"1120\"},{\"@type\":\"BreadcrumbList\",\"@id\":\"https:\\\/\\\/www.drivelife.it\\\/news\\\/2013\\\/02\\\/22\\\/w-motors\\\/#breadcrumb\",\"itemListElement\":[{\"@type\":\"ListItem\",\"position\":1,\"name\":\"Home\",\"item\":\"https:\\\/\\\/www.drivelife.it\\\/news\\\/\"},{\"@type\":\"ListItem\",\"position\":2,\"name\":\"W-MOTORS\"}]},{\"@type\":\"WebSite\",\"@id\":\"https:\\\/\\\/www.drivelife.it\\\/news\\\/#website\",\"url\":\"https:\\\/\\\/www.drivelife.it\\\/news\\\/\",\"name\":\"#lucalife\",\"description\":\"DRIVELIFE le mie automobili\",\"potentialAction\":[{\"@type\":\"SearchAction\",\"target\":{\"@type\":\"EntryPoint\",\"urlTemplate\":\"https:\\\/\\\/www.drivelife.it\\\/news\\\/?s={search_term_string}\"},\"query-input\":{\"@type\":\"PropertyValueSpecification\",\"valueRequired\":true,\"valueName\":\"search_term_string\"}}],\"inLanguage\":\"en-US\"},{\"@type\":\"Person\",\"@id\":\"https:\\\/\\\/www.drivelife.it\\\/news\\\/#\\\/schema\\\/person\\\/b6c194c3423ff451be4914f5fd9c2188\",\"name\":\"Redazione\",\"image\":{\"@type\":\"ImageObject\",\"inLanguage\":\"en-US\",\"@id\":\"https:\\\/\\\/secure.gravatar.com\\\/avatar\\\/8d186f6b07ba8a94441344759f0e13bf1909b6ceaa171df0425551b4590fd558?s=96&d=mm&r=g\",\"url\":\"https:\\\/\\\/secure.gravatar.com\\\/avatar\\\/8d186f6b07ba8a94441344759f0e13bf1909b6ceaa171df0425551b4590fd558?s=96&d=mm&r=g\",\"contentUrl\":\"https:\\\/\\\/secure.gravatar.com\\\/avatar\\\/8d186f6b07ba8a94441344759f0e13bf1909b6ceaa171df0425551b4590fd558?s=96&d=mm&r=g\",\"caption\":\"Redazione\"},\"url\":\"https:\\\/\\\/www.drivelife.it\\\/news\\\/author\\\/admin\\\/\"}]}<\/script>\n<!-- \/ Yoast SEO plugin. -->","yoast_head_json":{"title":"W-MOTORS - #lucalife","robots":{"index":"index","follow":"follow","max-snippet":"max-snippet:-1","max-image-preview":"max-image-preview:large","max-video-preview":"max-video-preview:-1"},"canonical":"https:\/\/www.drivelife.it\/news\/2013\/02\/22\/w-motors\/","og_locale":"en_US","og_type":"article","og_title":"W-MOTORS - #lucalife","og_description":"LYKAN \u00c8 UNA HYPERCAR, PRESENTATA AL QATAR MOTOR SHOW Prende il nome dalla specie pi\u00f9 evoluta di lupi nella storia della mitologia ma scritto con la lettera &#8220;K&#8221;; la W Motors Lykan \u00e8 l&#8217;insieme di lussuosa potenza, design, tecnologia e l&#8217;esclusivit\u00e0 di essere prodotta in soli 7 esemplari&#8230;","og_url":"https:\/\/www.drivelife.it\/news\/2013\/02\/22\/w-motors\/","og_site_name":"#lucalife","article_publisher":"https:\/\/www.facebook.com\/pages\/Drivelife\/467833073239720","article_published_time":"2013-02-22T11:11:51+00:00","article_modified_time":"2013-02-22T11:19:29+00:00","og_image":[{"width":1680,"height":1120,"url":"https:\/\/www.drivelife.it\/news\/wp-content\/uploads\/2013\/02\/w-motors-presenta-la-super-sportiva-lykan-hypercar-al-qatar-motor-show-2013-wm-lykan-04.jpg","type":"image\/jpeg"}],"author":"Redazione","twitter_card":"summary_large_image","twitter_creator":"@tweetdrivelife","twitter_site":"@tweetdrivelife","twitter_misc":{"Written by":"Redazione"},"schema":{"@context":"https:\/\/schema.org","@graph":[{"@type":"Article","@id":"https:\/\/www.drivelife.it\/news\/2013\/02\/22\/w-motors\/#article","isPartOf":{"@id":"https:\/\/www.drivelife.it\/news\/2013\/02\/22\/w-motors\/"},"author":{"name":"Redazione","@id":"https:\/\/www.drivelife.it\/news\/#\/schema\/person\/b6c194c3423ff451be4914f5fd9c2188"},"headline":"W-MOTORS","datePublished":"2013-02-22T11:11:51+00:00","dateModified":"2013-02-22T11:19:29+00:00","mainEntityOfPage":{"@id":"https:\/\/www.drivelife.it\/news\/2013\/02\/22\/w-motors\/"},"wordCount":63,"commentCount":0,"image":{"@id":"https:\/\/www.drivelife.it\/news\/2013\/02\/22\/w-motors\/#primaryimage"},"thumbnailUrl":"https:\/\/www.drivelife.it\/news\/wp-content\/uploads\/2013\/02\/w-motors-presenta-la-super-sportiva-lykan-hypercar-al-qatar-motor-show-2013-wm-lykan-04.jpg","keywords":["DRIVELIFE","K","NEWS","qatar motor show","W-MOTORS"],"articleSection":["AUTOMOTIVE","NEWS","W-MOTORS"],"inLanguage":"en-US","potentialAction":[{"@type":"CommentAction","name":"Comment","target":["https:\/\/www.drivelife.it\/news\/2013\/02\/22\/w-motors\/#respond"]}]},{"@type":"WebPage","@id":"https:\/\/www.drivelife.it\/news\/2013\/02\/22\/w-motors\/","url":"https:\/\/www.drivelife.it\/news\/2013\/02\/22\/w-motors\/","name":"W-MOTORS - #lucalife","isPartOf":{"@id":"https:\/\/www.drivelife.it\/news\/#website"},"primaryImageOfPage":{"@id":"https:\/\/www.drivelife.it\/news\/2013\/02\/22\/w-motors\/#primaryimage"},"image":{"@id":"https:\/\/www.drivelife.it\/news\/2013\/02\/22\/w-motors\/#primaryimage"},"thumbnailUrl":"https:\/\/www.drivelife.it\/news\/wp-content\/uploads\/2013\/02\/w-motors-presenta-la-super-sportiva-lykan-hypercar-al-qatar-motor-show-2013-wm-lykan-04.jpg","datePublished":"2013-02-22T11:11:51+00:00","dateModified":"2013-02-22T11:19:29+00:00","author":{"@id":"https:\/\/www.drivelife.it\/news\/#\/schema\/person\/b6c194c3423ff451be4914f5fd9c2188"},"breadcrumb":{"@id":"https:\/\/www.drivelife.it\/news\/2013\/02\/22\/w-motors\/#breadcrumb"},"inLanguage":"en-US","potentialAction":[{"@type":"ReadAction","target":["https:\/\/www.drivelife.it\/news\/2013\/02\/22\/w-motors\/"]}]},{"@type":"ImageObject","inLanguage":"en-US","@id":"https:\/\/www.drivelife.it\/news\/2013\/02\/22\/w-motors\/#primaryimage","url":"https:\/\/www.drivelife.it\/news\/wp-content\/uploads\/2013\/02\/w-motors-presenta-la-super-sportiva-lykan-hypercar-al-qatar-motor-show-2013-wm-lykan-04.jpg","contentUrl":"https:\/\/www.drivelife.it\/news\/wp-content\/uploads\/2013\/02\/w-motors-presenta-la-super-sportiva-lykan-hypercar-al-qatar-motor-show-2013-wm-lykan-04.jpg","width":"1680","height":"1120"},{"@type":"BreadcrumbList","@id":"https:\/\/www.drivelife.it\/news\/2013\/02\/22\/w-motors\/#breadcrumb","itemListElement":[{"@type":"ListItem","position":1,"name":"Home","item":"https:\/\/www.drivelife.it\/news\/"},{"@type":"ListItem","position":2,"name":"W-MOTORS"}]},{"@type":"WebSite","@id":"https:\/\/www.drivelife.it\/news\/#website","url":"https:\/\/www.drivelife.it\/news\/","name":"#lucalife","description":"DRIVELIFE le mie automobili","potentialAction":[{"@type":"SearchAction","target":{"@type":"EntryPoint","urlTemplate":"https:\/\/www.drivelife.it\/news\/?s={search_term_string}"},"query-input":{"@type":"PropertyValueSpecification","valueRequired":true,"valueName":"search_term_string"}}],"inLanguage":"en-US"},{"@type":"Person","@id":"https:\/\/www.drivelife.it\/news\/#\/schema\/person\/b6c194c3423ff451be4914f5fd9c2188","name":"Redazione","image":{"@type":"ImageObject","inLanguage":"en-US","@id":"https:\/\/secure.gravatar.com\/avatar\/8d186f6b07ba8a94441344759f0e13bf1909b6ceaa171df0425551b4590fd558?s=96&d=mm&r=g","url":"https:\/\/secure.gravatar.com\/avatar\/8d186f6b07ba8a94441344759f0e13bf1909b6ceaa171df0425551b4590fd558?s=96&d=mm&r=g","contentUrl":"https:\/\/secure.gravatar.com\/avatar\/8d186f6b07ba8a94441344759f0e13bf1909b6ceaa171df0425551b4590fd558?s=96&d=mm&r=g","caption":"Redazione"},"url":"https:\/\/www.drivelife.it\/news\/author\/admin\/"}]}},"amp_enabled":true,"_links":{"self":[{"href":"https:\/\/www.drivelife.it\/news\/wp-json\/wp\/v2\/posts\/2079","targetHints":{"allow":["GET"]}}],"collection":[{"href":"https:\/\/www.drivelife.it\/news\/wp-json\/wp\/v2\/posts"}],"about":[{"href":"https:\/\/www.drivelife.it\/news\/wp-json\/wp\/v2\/types\/post"}],"author":[{"embeddable":true,"href":"https:\/\/www.drivelife.it\/news\/wp-json\/wp\/v2\/users\/1"}],"replies":[{"embeddable":true,"href":"https:\/\/www.drivelife.it\/news\/wp-json\/wp\/v2\/comments?post=2079"}],"version-history":[{"count":6,"href":"https:\/\/www.drivelife.it\/news\/wp-json\/wp\/v2\/posts\/2079\/revisions"}],"predecessor-version":[{"id":2099,"href":"https:\/\/www.drivelife.it\/news\/wp-json\/wp\/v2\/posts\/2079\/revisions\/2099"}],"wp:featuredmedia":[{"embeddable":true,"href":"https:\/\/www.drivelife.it\/news\/wp-json\/wp\/v2\/media\/2080"}],"wp:attachment":[{"href":"https:\/\/www.drivelife.it\/news\/wp-json\/wp\/v2\/media?parent=2079"}],"wp:term":[{"taxonomy":"category","embeddable":true,"href":"https:\/\/www.drivelife.it\/news\/wp-json\/wp\/v2\/categories?post=2079"},{"taxonomy":"post_tag","embeddable":true,"href":"https:\/\/www.drivelife.it\/news\/wp-json\/wp\/v2\/tags?post=2079"}],"curies":[{"name":"wp","href":"https:\/\/api.w.org\/{rel}","templated":true}]}}