{"id":2075,"date":"2013-02-22T09:33:43","date_gmt":"2013-02-22T09:33:43","guid":{"rendered":"http:\/\/www.drivelife.it\/news\/?p=2075"},"modified":"2014-04-07T20:48:28","modified_gmt":"2014-04-07T20:48:28","slug":"chevrolet-captiva","status":"publish","type":"post","link":"https:\/\/www.drivelife.it\/news\/2013\/02\/22\/chevrolet-captiva\/","title":{"rendered":"CHEVROLET CAPTIVA"},"content":{"rendered":"<h2><strong>NON MOSTRA GLI OCCHI<\/strong><\/h2>\n<p><strong>ECCO IL TEASER DELLA NUOVA CHEVY CAPTIVA,<\/strong><br \/>\n<strong>SARA&#8217; PRESENTATA A GINEVRA\u00a0<\/strong><\/p>\n<p><strong>(di Nicoletta Triggiani)<\/strong> &#8211; Generalmente considerata l\u2019inventrice del segmento grazie alla Suburban nel 1935, Chevrolet vanta oltre 75 anni di esperienza nella progettazione di ottimi SUV (Sport Utility Vehicle). Fra pochi giorni, al Salone dell\u2019Automobile di Ginevra, il marchio presenter\u00e0 per la prima volta in Europa l\u2019edizione rinnovata del SUV Captiva.<\/p>\n<p>Numerose sono le modifiche presenti nella parte anteriore e posteriore di Captiva, tra cui le nuove luci posteriori a LED, i nuovi terminali cromati degli scarichi e il nuovo design dei paraurti. Il frontale di Captiva si distingue per il paraurti ribassato, la nuova trama della griglia anteriore e i fendinebbia ridisegnati.<\/p>\n<p><span style=\"line-height: 1.5em;\">Captiva sar\u00e0 dotata del dispositivo di accesso e avviamento senza chiave KeyLess, di serie sull\u2019allestimento LTZ. All\u2019interno il veicolo presenter\u00e0 nuovi tessuti e colori (e sedili in pelle sull\u2019allestimento LTZ), e un cruscotto con finiture di nuova concezione. Gli allestimenti con il nuovo clima automatico bi-zona e la nuova illuminazione dei comandi al volante e dei battitacco garantiscono un comfort e un\u2019eleganza ancora maggiori.<\/span><\/p>\n<p>Con sette posti e le nuove dotazioni, la rinnovata Captiva \u00e8 il tipico SUV per la famiglia. Chevrolet proporr\u00e0 ulteriori novit\u00e0 lanciando Trax questa primavera. Disponibile con trazione anteriore e integrale, Trax \u00e8 la proposta Chevrolet in un segmento popolare e in rapida crescita come quello dei SUV compatti.<\/p>\n<p style=\"padding-left: 30px;\"><strong>TRAX IN ARRIVO SUL MERCATO ITALIANO<\/strong><\/p>\n<p>Nel mese di marzo in Italia inizieranno le attivit\u00e0 di pre-vendita di Trax. Il\u00a0 nuovo SUV compatto di Chevrolet sar\u00e0 poi disponibile presso le concessionarie italiane Chevrolet a partire dal mese di maggio. Chevrolet Trax si distingue per lo stile atletico e originale, tre motori efficienti e un carattere dinamico, sportivo e scattante. La gamma motori comprender\u00e0 un turbo benzina 1.4L da 140 cv (103 kW), un benzina 1.6L e un diesel 1.7L da 130 cv (96 kW). Tutte le versioni con cambio manuale sono dotate di tecnologia Start\/Stop. Trax viene offerto con trazione anteriore (FWD) e integrale (AWD).<\/p>\n<p>Gli allestimenti superiori saranno dotati di serie della tecnologia di infotainment Chevrolet MyLink, un sistema che integra il contenuto degli smartphone compatibili sullo schermo touchscreen\u00a0 ad alta risoluzione a colori da 7 pollici. Chevrolet MyLink consentir\u00e0 anche di utilizzare il navigatore grazie a una app dedicata chiamata BringGo e di accedere alla radio internet TuneIn.<\/p>\n<p>Chi possiede un iPhone compatibile con iOS6 potr\u00e0 utilizzare Siri*, l\u2019avanzato sistema di assistenza, per eseguire diverse operazioni in tutta sicurezza, tenendo gli occhi sulla strada e le mani sul volante.<\/p>\n<div id=\"attachment_2077\" style=\"width: 888px\" class=\"wp-caption alignnone\"><a href=\"http:\/\/www.drivelife.it\/news\/wp-content\/uploads\/2013\/02\/Chevrolet-Trax-283833.jpg\"><img loading=\"lazy\" decoding=\"async\" aria-describedby=\"caption-attachment-2077\" class=\"size-large wp-image-2077\" title=\"Chevrolet Trax\" alt=\"Chevrolet Trax\" src=\"http:\/\/www.drivelife.it\/news\/wp-content\/uploads\/2013\/02\/Chevrolet-Trax-283833-878x500.jpg\" width=\"878\" height=\"500\" srcset=\"https:\/\/www.drivelife.it\/news\/wp-content\/uploads\/2013\/02\/Chevrolet-Trax-283833-878x500.jpg 878w, https:\/\/www.drivelife.it\/news\/wp-content\/uploads\/2013\/02\/Chevrolet-Trax-283833-620x352.jpg 620w, https:\/\/www.drivelife.it\/news\/wp-content\/uploads\/2013\/02\/Chevrolet-Trax-283833-590x335.jpg 590w, https:\/\/www.drivelife.it\/news\/wp-content\/uploads\/2013\/02\/Chevrolet-Trax-283833-950x540.jpg 950w, https:\/\/www.drivelife.it\/news\/wp-content\/uploads\/2013\/02\/Chevrolet-Trax-283833.jpg 1680w\" sizes=\"auto, (max-width: 878px) 100vw, 878px\" \/><\/a><p id=\"caption-attachment-2077\" class=\"wp-caption-text\">Chevrolet Trax<\/p><\/div>\n","protected":false},"excerpt":{"rendered":"<p>NON MOSTRA GLI OCCHI ECCO IL TEASER DELLA NUOVA CHEVY CAPTIVA, SARA&#8217; PRESENTATA A GINEVRA\u00a0 (di Nicoletta Triggiani) &#8211; Generalmente considerata l\u2019inventrice del segmento grazie alla Suburban nel 1935, Chevrolet vanta oltre 75 anni di esperienza nella progettazione di ottimi SUV (Sport Utility Vehicle). Fra pochi giorni, al Salone dell\u2019Automobile di Ginevra, il marchio presenter\u00e0 per la prima volta in Europa l\u2019edizione rinnovata del SUV Captiva. Numerose sono le modifiche presenti nella parte anteriore e posteriore di Captiva, tra cui le nuove luci posteriori a LED, i nuovi terminali cromati degli scarichi e il nuovo design dei paraurti. Il frontale di Captiva&#46;&#46;&#46;<\/p>\n","protected":false},"author":1,"featured_media":2076,"comment_status":"open","ping_status":"open","sticky":false,"template":"","format":"standard","meta":{"ngg_post_thumbnail":0,"footnotes":""},"categories":[39,58,55],"tags":[810,59,37,809],"class_list":["post-2075","post","type-post","status-publish","format-standard","has-post-thumbnail","hentry","category-automotive","category-chevrolet","category-news","tag-chevrolet","tag-chevy-captiva","tag-drivelife","tag-news"],"yoast_head":"<!-- This site is optimized with the Yoast SEO plugin v27.5 - https:\/\/yoast.com\/product\/yoast-seo-wordpress\/ -->\n<title>CHEVROLET CAPTIVA - #lucalife<\/title>\n<meta name=\"robots\" content=\"index, follow, max-snippet:-1, max-image-preview:large, max-video-preview:-1\" \/>\n<link rel=\"canonical\" href=\"https:\/\/www.drivelife.it\/news\/2013\/02\/22\/chevrolet-captiva\/\" \/>\n<meta property=\"og:locale\" content=\"en_US\" \/>\n<meta property=\"og:type\" content=\"article\" \/>\n<meta property=\"og:title\" content=\"CHEVROLET CAPTIVA - #lucalife\" \/>\n<meta property=\"og:description\" content=\"NON MOSTRA GLI OCCHI ECCO IL TEASER DELLA NUOVA CHEVY CAPTIVA, SARA&#8217; PRESENTATA A GINEVRA\u00a0 (di Nicoletta Triggiani) &#8211; Generalmente considerata l\u2019inventrice del segmento grazie alla Suburban nel 1935, Chevrolet vanta oltre 75 anni di esperienza nella progettazione di ottimi SUV (Sport Utility Vehicle). Fra pochi giorni, al Salone dell\u2019Automobile di Ginevra, il marchio presenter\u00e0 per la prima volta in Europa l\u2019edizione rinnovata del SUV Captiva. Numerose sono le modifiche presenti nella parte anteriore e posteriore di Captiva, tra cui le nuove luci posteriori a LED, i nuovi terminali cromati degli scarichi e il nuovo design dei paraurti. Il frontale di Captiva&#046;&#046;&#046;\" \/>\n<meta property=\"og:url\" content=\"https:\/\/www.drivelife.it\/news\/2013\/02\/22\/chevrolet-captiva\/\" \/>\n<meta property=\"og:site_name\" content=\"#lucalife\" \/>\n<meta property=\"article:publisher\" content=\"https:\/\/www.facebook.com\/pages\/Drivelife\/467833073239720\" \/>\n<meta property=\"article:published_time\" content=\"2013-02-22T09:33:43+00:00\" \/>\n<meta property=\"article:modified_time\" content=\"2014-04-07T20:48:28+00:00\" \/>\n<meta property=\"og:image\" content=\"https:\/\/www.drivelife.it\/news\/wp-content\/uploads\/2013\/02\/Chevrolet-Captiva-283832.jpg\" \/>\n\t<meta property=\"og:image:width\" content=\"1680\" \/>\n\t<meta property=\"og:image:height\" content=\"1084\" \/>\n\t<meta property=\"og:image:type\" content=\"image\/jpeg\" \/>\n<meta name=\"author\" content=\"Redazione\" \/>\n<meta name=\"twitter:card\" content=\"summary_large_image\" \/>\n<meta name=\"twitter:creator\" content=\"@tweetdrivelife\" \/>\n<meta name=\"twitter:site\" content=\"@tweetdrivelife\" \/>\n<meta name=\"twitter:label1\" content=\"Written by\" \/>\n\t<meta name=\"twitter:data1\" content=\"Redazione\" \/>\n\t<meta name=\"twitter:label2\" content=\"Est. reading time\" \/>\n\t<meta name=\"twitter:data2\" content=\"2 minutes\" \/>\n<script type=\"application\/ld+json\" class=\"yoast-schema-graph\">{\"@context\":\"https:\\\/\\\/schema.org\",\"@graph\":[{\"@type\":\"Article\",\"@id\":\"https:\\\/\\\/www.drivelife.it\\\/news\\\/2013\\\/02\\\/22\\\/chevrolet-captiva\\\/#article\",\"isPartOf\":{\"@id\":\"https:\\\/\\\/www.drivelife.it\\\/news\\\/2013\\\/02\\\/22\\\/chevrolet-captiva\\\/\"},\"author\":{\"name\":\"Redazione\",\"@id\":\"https:\\\/\\\/www.drivelife.it\\\/news\\\/#\\\/schema\\\/person\\\/b6c194c3423ff451be4914f5fd9c2188\"},\"headline\":\"CHEVROLET CAPTIVA\",\"datePublished\":\"2013-02-22T09:33:43+00:00\",\"dateModified\":\"2014-04-07T20:48:28+00:00\",\"mainEntityOfPage\":{\"@id\":\"https:\\\/\\\/www.drivelife.it\\\/news\\\/2013\\\/02\\\/22\\\/chevrolet-captiva\\\/\"},\"wordCount\":433,\"commentCount\":0,\"image\":{\"@id\":\"https:\\\/\\\/www.drivelife.it\\\/news\\\/2013\\\/02\\\/22\\\/chevrolet-captiva\\\/#primaryimage\"},\"thumbnailUrl\":\"https:\\\/\\\/www.drivelife.it\\\/news\\\/wp-content\\\/uploads\\\/2013\\\/02\\\/Chevrolet-Captiva-283832.jpg\",\"keywords\":[\"CHEVROLET\",\"CHEVY CAPTIVA\",\"DRIVELIFE\",\"NEWS\"],\"articleSection\":[\"AUTOMOTIVE\",\"CHEVROLET\",\"NEWS\"],\"inLanguage\":\"en-US\",\"potentialAction\":[{\"@type\":\"CommentAction\",\"name\":\"Comment\",\"target\":[\"https:\\\/\\\/www.drivelife.it\\\/news\\\/2013\\\/02\\\/22\\\/chevrolet-captiva\\\/#respond\"]}]},{\"@type\":\"WebPage\",\"@id\":\"https:\\\/\\\/www.drivelife.it\\\/news\\\/2013\\\/02\\\/22\\\/chevrolet-captiva\\\/\",\"url\":\"https:\\\/\\\/www.drivelife.it\\\/news\\\/2013\\\/02\\\/22\\\/chevrolet-captiva\\\/\",\"name\":\"CHEVROLET CAPTIVA - #lucalife\",\"isPartOf\":{\"@id\":\"https:\\\/\\\/www.drivelife.it\\\/news\\\/#website\"},\"primaryImageOfPage\":{\"@id\":\"https:\\\/\\\/www.drivelife.it\\\/news\\\/2013\\\/02\\\/22\\\/chevrolet-captiva\\\/#primaryimage\"},\"image\":{\"@id\":\"https:\\\/\\\/www.drivelife.it\\\/news\\\/2013\\\/02\\\/22\\\/chevrolet-captiva\\\/#primaryimage\"},\"thumbnailUrl\":\"https:\\\/\\\/www.drivelife.it\\\/news\\\/wp-content\\\/uploads\\\/2013\\\/02\\\/Chevrolet-Captiva-283832.jpg\",\"datePublished\":\"2013-02-22T09:33:43+00:00\",\"dateModified\":\"2014-04-07T20:48:28+00:00\",\"author\":{\"@id\":\"https:\\\/\\\/www.drivelife.it\\\/news\\\/#\\\/schema\\\/person\\\/b6c194c3423ff451be4914f5fd9c2188\"},\"breadcrumb\":{\"@id\":\"https:\\\/\\\/www.drivelife.it\\\/news\\\/2013\\\/02\\\/22\\\/chevrolet-captiva\\\/#breadcrumb\"},\"inLanguage\":\"en-US\",\"potentialAction\":[{\"@type\":\"ReadAction\",\"target\":[\"https:\\\/\\\/www.drivelife.it\\\/news\\\/2013\\\/02\\\/22\\\/chevrolet-captiva\\\/\"]}]},{\"@type\":\"ImageObject\",\"inLanguage\":\"en-US\",\"@id\":\"https:\\\/\\\/www.drivelife.it\\\/news\\\/2013\\\/02\\\/22\\\/chevrolet-captiva\\\/#primaryimage\",\"url\":\"https:\\\/\\\/www.drivelife.it\\\/news\\\/wp-content\\\/uploads\\\/2013\\\/02\\\/Chevrolet-Captiva-283832.jpg\",\"contentUrl\":\"https:\\\/\\\/www.drivelife.it\\\/news\\\/wp-content\\\/uploads\\\/2013\\\/02\\\/Chevrolet-Captiva-283832.jpg\",\"width\":\"1680\",\"height\":\"1084\",\"caption\":\"Chevrolet Captiva\"},{\"@type\":\"BreadcrumbList\",\"@id\":\"https:\\\/\\\/www.drivelife.it\\\/news\\\/2013\\\/02\\\/22\\\/chevrolet-captiva\\\/#breadcrumb\",\"itemListElement\":[{\"@type\":\"ListItem\",\"position\":1,\"name\":\"Home\",\"item\":\"https:\\\/\\\/www.drivelife.it\\\/news\\\/\"},{\"@type\":\"ListItem\",\"position\":2,\"name\":\"CHEVROLET CAPTIVA\"}]},{\"@type\":\"WebSite\",\"@id\":\"https:\\\/\\\/www.drivelife.it\\\/news\\\/#website\",\"url\":\"https:\\\/\\\/www.drivelife.it\\\/news\\\/\",\"name\":\"#lucalife\",\"description\":\"DRIVELIFE le mie automobili\",\"potentialAction\":[{\"@type\":\"SearchAction\",\"target\":{\"@type\":\"EntryPoint\",\"urlTemplate\":\"https:\\\/\\\/www.drivelife.it\\\/news\\\/?s={search_term_string}\"},\"query-input\":{\"@type\":\"PropertyValueSpecification\",\"valueRequired\":true,\"valueName\":\"search_term_string\"}}],\"inLanguage\":\"en-US\"},{\"@type\":\"Person\",\"@id\":\"https:\\\/\\\/www.drivelife.it\\\/news\\\/#\\\/schema\\\/person\\\/b6c194c3423ff451be4914f5fd9c2188\",\"name\":\"Redazione\",\"image\":{\"@type\":\"ImageObject\",\"inLanguage\":\"en-US\",\"@id\":\"https:\\\/\\\/secure.gravatar.com\\\/avatar\\\/8d186f6b07ba8a94441344759f0e13bf1909b6ceaa171df0425551b4590fd558?s=96&d=mm&r=g\",\"url\":\"https:\\\/\\\/secure.gravatar.com\\\/avatar\\\/8d186f6b07ba8a94441344759f0e13bf1909b6ceaa171df0425551b4590fd558?s=96&d=mm&r=g\",\"contentUrl\":\"https:\\\/\\\/secure.gravatar.com\\\/avatar\\\/8d186f6b07ba8a94441344759f0e13bf1909b6ceaa171df0425551b4590fd558?s=96&d=mm&r=g\",\"caption\":\"Redazione\"},\"url\":\"https:\\\/\\\/www.drivelife.it\\\/news\\\/author\\\/admin\\\/\"}]}<\/script>\n<!-- \/ Yoast SEO plugin. -->","yoast_head_json":{"title":"CHEVROLET CAPTIVA - #lucalife","robots":{"index":"index","follow":"follow","max-snippet":"max-snippet:-1","max-image-preview":"max-image-preview:large","max-video-preview":"max-video-preview:-1"},"canonical":"https:\/\/www.drivelife.it\/news\/2013\/02\/22\/chevrolet-captiva\/","og_locale":"en_US","og_type":"article","og_title":"CHEVROLET CAPTIVA - #lucalife","og_description":"NON MOSTRA GLI OCCHI ECCO IL TEASER DELLA NUOVA CHEVY CAPTIVA, SARA&#8217; PRESENTATA A GINEVRA\u00a0 (di Nicoletta Triggiani) &#8211; Generalmente considerata l\u2019inventrice del segmento grazie alla Suburban nel 1935, Chevrolet vanta oltre 75 anni di esperienza nella progettazione di ottimi SUV (Sport Utility Vehicle). Fra pochi giorni, al Salone dell\u2019Automobile di Ginevra, il marchio presenter\u00e0 per la prima volta in Europa l\u2019edizione rinnovata del SUV Captiva. Numerose sono le modifiche presenti nella parte anteriore e posteriore di Captiva, tra cui le nuove luci posteriori a LED, i nuovi terminali cromati degli scarichi e il nuovo design dei paraurti. Il frontale di Captiva&#46;&#46;&#46;","og_url":"https:\/\/www.drivelife.it\/news\/2013\/02\/22\/chevrolet-captiva\/","og_site_name":"#lucalife","article_publisher":"https:\/\/www.facebook.com\/pages\/Drivelife\/467833073239720","article_published_time":"2013-02-22T09:33:43+00:00","article_modified_time":"2014-04-07T20:48:28+00:00","og_image":[{"width":1680,"height":1084,"url":"https:\/\/www.drivelife.it\/news\/wp-content\/uploads\/2013\/02\/Chevrolet-Captiva-283832.jpg","type":"image\/jpeg"}],"author":"Redazione","twitter_card":"summary_large_image","twitter_creator":"@tweetdrivelife","twitter_site":"@tweetdrivelife","twitter_misc":{"Written by":"Redazione","Est. reading time":"2 minutes"},"schema":{"@context":"https:\/\/schema.org","@graph":[{"@type":"Article","@id":"https:\/\/www.drivelife.it\/news\/2013\/02\/22\/chevrolet-captiva\/#article","isPartOf":{"@id":"https:\/\/www.drivelife.it\/news\/2013\/02\/22\/chevrolet-captiva\/"},"author":{"name":"Redazione","@id":"https:\/\/www.drivelife.it\/news\/#\/schema\/person\/b6c194c3423ff451be4914f5fd9c2188"},"headline":"CHEVROLET CAPTIVA","datePublished":"2013-02-22T09:33:43+00:00","dateModified":"2014-04-07T20:48:28+00:00","mainEntityOfPage":{"@id":"https:\/\/www.drivelife.it\/news\/2013\/02\/22\/chevrolet-captiva\/"},"wordCount":433,"commentCount":0,"image":{"@id":"https:\/\/www.drivelife.it\/news\/2013\/02\/22\/chevrolet-captiva\/#primaryimage"},"thumbnailUrl":"https:\/\/www.drivelife.it\/news\/wp-content\/uploads\/2013\/02\/Chevrolet-Captiva-283832.jpg","keywords":["CHEVROLET","CHEVY CAPTIVA","DRIVELIFE","NEWS"],"articleSection":["AUTOMOTIVE","CHEVROLET","NEWS"],"inLanguage":"en-US","potentialAction":[{"@type":"CommentAction","name":"Comment","target":["https:\/\/www.drivelife.it\/news\/2013\/02\/22\/chevrolet-captiva\/#respond"]}]},{"@type":"WebPage","@id":"https:\/\/www.drivelife.it\/news\/2013\/02\/22\/chevrolet-captiva\/","url":"https:\/\/www.drivelife.it\/news\/2013\/02\/22\/chevrolet-captiva\/","name":"CHEVROLET CAPTIVA - #lucalife","isPartOf":{"@id":"https:\/\/www.drivelife.it\/news\/#website"},"primaryImageOfPage":{"@id":"https:\/\/www.drivelife.it\/news\/2013\/02\/22\/chevrolet-captiva\/#primaryimage"},"image":{"@id":"https:\/\/www.drivelife.it\/news\/2013\/02\/22\/chevrolet-captiva\/#primaryimage"},"thumbnailUrl":"https:\/\/www.drivelife.it\/news\/wp-content\/uploads\/2013\/02\/Chevrolet-Captiva-283832.jpg","datePublished":"2013-02-22T09:33:43+00:00","dateModified":"2014-04-07T20:48:28+00:00","author":{"@id":"https:\/\/www.drivelife.it\/news\/#\/schema\/person\/b6c194c3423ff451be4914f5fd9c2188"},"breadcrumb":{"@id":"https:\/\/www.drivelife.it\/news\/2013\/02\/22\/chevrolet-captiva\/#breadcrumb"},"inLanguage":"en-US","potentialAction":[{"@type":"ReadAction","target":["https:\/\/www.drivelife.it\/news\/2013\/02\/22\/chevrolet-captiva\/"]}]},{"@type":"ImageObject","inLanguage":"en-US","@id":"https:\/\/www.drivelife.it\/news\/2013\/02\/22\/chevrolet-captiva\/#primaryimage","url":"https:\/\/www.drivelife.it\/news\/wp-content\/uploads\/2013\/02\/Chevrolet-Captiva-283832.jpg","contentUrl":"https:\/\/www.drivelife.it\/news\/wp-content\/uploads\/2013\/02\/Chevrolet-Captiva-283832.jpg","width":"1680","height":"1084","caption":"Chevrolet Captiva"},{"@type":"BreadcrumbList","@id":"https:\/\/www.drivelife.it\/news\/2013\/02\/22\/chevrolet-captiva\/#breadcrumb","itemListElement":[{"@type":"ListItem","position":1,"name":"Home","item":"https:\/\/www.drivelife.it\/news\/"},{"@type":"ListItem","position":2,"name":"CHEVROLET CAPTIVA"}]},{"@type":"WebSite","@id":"https:\/\/www.drivelife.it\/news\/#website","url":"https:\/\/www.drivelife.it\/news\/","name":"#lucalife","description":"DRIVELIFE le mie automobili","potentialAction":[{"@type":"SearchAction","target":{"@type":"EntryPoint","urlTemplate":"https:\/\/www.drivelife.it\/news\/?s={search_term_string}"},"query-input":{"@type":"PropertyValueSpecification","valueRequired":true,"valueName":"search_term_string"}}],"inLanguage":"en-US"},{"@type":"Person","@id":"https:\/\/www.drivelife.it\/news\/#\/schema\/person\/b6c194c3423ff451be4914f5fd9c2188","name":"Redazione","image":{"@type":"ImageObject","inLanguage":"en-US","@id":"https:\/\/secure.gravatar.com\/avatar\/8d186f6b07ba8a94441344759f0e13bf1909b6ceaa171df0425551b4590fd558?s=96&d=mm&r=g","url":"https:\/\/secure.gravatar.com\/avatar\/8d186f6b07ba8a94441344759f0e13bf1909b6ceaa171df0425551b4590fd558?s=96&d=mm&r=g","contentUrl":"https:\/\/secure.gravatar.com\/avatar\/8d186f6b07ba8a94441344759f0e13bf1909b6ceaa171df0425551b4590fd558?s=96&d=mm&r=g","caption":"Redazione"},"url":"https:\/\/www.drivelife.it\/news\/author\/admin\/"}]}},"amp_enabled":true,"_links":{"self":[{"href":"https:\/\/www.drivelife.it\/news\/wp-json\/wp\/v2\/posts\/2075","targetHints":{"allow":["GET"]}}],"collection":[{"href":"https:\/\/www.drivelife.it\/news\/wp-json\/wp\/v2\/posts"}],"about":[{"href":"https:\/\/www.drivelife.it\/news\/wp-json\/wp\/v2\/types\/post"}],"author":[{"embeddable":true,"href":"https:\/\/www.drivelife.it\/news\/wp-json\/wp\/v2\/users\/1"}],"replies":[{"embeddable":true,"href":"https:\/\/www.drivelife.it\/news\/wp-json\/wp\/v2\/comments?post=2075"}],"version-history":[{"count":4,"href":"https:\/\/www.drivelife.it\/news\/wp-json\/wp\/v2\/posts\/2075\/revisions"}],"predecessor-version":[{"id":4203,"href":"https:\/\/www.drivelife.it\/news\/wp-json\/wp\/v2\/posts\/2075\/revisions\/4203"}],"wp:featuredmedia":[{"embeddable":true,"href":"https:\/\/www.drivelife.it\/news\/wp-json\/wp\/v2\/media\/2076"}],"wp:attachment":[{"href":"https:\/\/www.drivelife.it\/news\/wp-json\/wp\/v2\/media?parent=2075"}],"wp:term":[{"taxonomy":"category","embeddable":true,"href":"https:\/\/www.drivelife.it\/news\/wp-json\/wp\/v2\/categories?post=2075"},{"taxonomy":"post_tag","embeddable":true,"href":"https:\/\/www.drivelife.it\/news\/wp-json\/wp\/v2\/tags?post=2075"}],"curies":[{"name":"wp","href":"https:\/\/api.w.org\/{rel}","templated":true}]}}