{"id":2049,"date":"2013-02-21T15:44:24","date_gmt":"2013-02-21T15:44:24","guid":{"rendered":"http:\/\/www.drivelife.it\/news\/?p=2049"},"modified":"2014-04-08T12:40:13","modified_gmt":"2014-04-08T12:40:13","slug":"volkswagen-xl1","status":"publish","type":"post","link":"https:\/\/www.drivelife.it\/news\/2013\/02\/21\/volkswagen-xl1\/","title":{"rendered":"VOLKSWAGEN XL1"},"content":{"rendered":"<h1><strong>E&#8217; ASTEMIA, NON BEVE<\/strong><\/h1>\n<p><strong>CONSUMO MEDIO DI 0,9 LITRI OGNI 100 KM: UN SOGNO CHE DIVENTA REALT\u00c0<\/strong><\/p>\n<p><strong>di FEDERICO DI LERNIA<\/strong><\/p>\n<p>Sar\u00e0 prodotta nello stabilimento tedesco di Osnabr\u00fcck con lavorazione artigianale .\u00a0La Volkswagen XL1, con un consumo di 0,9 l\/100 km, \u00e8 la vettura di serie pi\u00f9 parca nei consumi al mondo. Il sistema ibrido plug-in garantisce alla due posti fino a 50 chilometri di autonomia con alimentazione completamente elettrica, quindi a emissioni zero.<\/p>\n<div id=\"attachment_2058\" style=\"width: 760px\" class=\"wp-caption alignnone\"><a href=\"http:\/\/www.drivelife.it\/news\/wp-content\/uploads\/2013\/02\/DRIVELIFE_VOLKSWAGEN-XL1_10.jpg\"><img loading=\"lazy\" decoding=\"async\" aria-describedby=\"caption-attachment-2058\" class=\"size-large wp-image-2058\" title=\"Der neue Volkswagen XL1\" alt=\"Der neue Volkswagen XL1\" src=\"http:\/\/www.drivelife.it\/news\/wp-content\/uploads\/2013\/02\/DRIVELIFE_VOLKSWAGEN-XL1_10-750x500.jpg\" width=\"750\" height=\"500\" srcset=\"https:\/\/www.drivelife.it\/news\/wp-content\/uploads\/2013\/02\/DRIVELIFE_VOLKSWAGEN-XL1_10-750x500.jpg 750w, https:\/\/www.drivelife.it\/news\/wp-content\/uploads\/2013\/02\/DRIVELIFE_VOLKSWAGEN-XL1_10-620x413.jpg 620w, https:\/\/www.drivelife.it\/news\/wp-content\/uploads\/2013\/02\/DRIVELIFE_VOLKSWAGEN-XL1_10-590x393.jpg 590w, https:\/\/www.drivelife.it\/news\/wp-content\/uploads\/2013\/02\/DRIVELIFE_VOLKSWAGEN-XL1_10-950x633.jpg 950w, https:\/\/www.drivelife.it\/news\/wp-content\/uploads\/2013\/02\/DRIVELIFE_VOLKSWAGEN-XL1_10.jpg 1680w\" sizes=\"auto, (max-width: 750px) 100vw, 750px\" \/><\/a><p id=\"caption-attachment-2058\" class=\"wp-caption-text\">Volkswagen XL1<\/p><\/div>\n<p><span style=\"line-height: 1.5em;\">\u00a0<\/span><\/p>\n\n\t\t<style>\n\t\t\t#gallery-1 {\n\t\t\t\tmargin: auto;\n\t\t\t}\n\t\t\t#gallery-1 .gallery-item {\n\t\t\t\tfloat: left;\n\t\t\t\tmargin-top: 10px;\n\t\t\t\ttext-align: center;\n\t\t\t\twidth: 20%;\n\t\t\t}\n\t\t\t#gallery-1 img {\n\t\t\t\tborder: 2px solid #cfcfcf;\n\t\t\t}\n\t\t\t#gallery-1 .gallery-caption {\n\t\t\t\tmargin-left: 0;\n\t\t\t}\n\t\t\t\/* see gallery_shortcode() in wp-includes\/media.php *\/\n\t\t<\/style>\n\t\t<div id='gallery-1' class='gallery galleryid-2049 gallery-columns-5 gallery-size-thumbnail'><dl class='gallery-item'>\n\t\t\t<dt class='gallery-icon landscape'>\n\t\t\t\t<a href='https:\/\/www.drivelife.it\/news\/2013\/02\/21\/volkswagen-xl1\/der-neue-volkswagen-xl1-9\/'><img loading=\"lazy\" decoding=\"async\" width=\"150\" height=\"150\" src=\"https:\/\/www.drivelife.it\/news\/wp-content\/uploads\/2013\/02\/DRIVELIFE_VOLKSWAGEN-XL1_10-150x150.jpg\" class=\"attachment-thumbnail size-thumbnail no-lazy\" alt=\"Der neue Volkswagen XL1\" aria-describedby=\"gallery-1-2058\" srcset=\"https:\/\/www.drivelife.it\/news\/wp-content\/uploads\/2013\/02\/DRIVELIFE_VOLKSWAGEN-XL1_10-150x150.jpg 150w, https:\/\/www.drivelife.it\/news\/wp-content\/uploads\/2013\/02\/DRIVELIFE_VOLKSWAGEN-XL1_10-310x310.jpg 310w\" sizes=\"auto, (max-width: 150px) 100vw, 150px\" \/><\/a>\n\t\t\t<\/dt>\n\t\t\t\t<dd class='wp-caption-text gallery-caption' id='gallery-1-2058'>\n\t\t\t\tVolkswagen XL1\n\t\t\t\t<\/dd><\/dl><dl class='gallery-item'>\n\t\t\t<dt class='gallery-icon landscape'>\n\t\t\t\t<a href='https:\/\/www.drivelife.it\/news\/2013\/02\/21\/volkswagen-xl1\/der-neue-volkswagen-xl1\/'><img loading=\"lazy\" decoding=\"async\" width=\"150\" height=\"150\" src=\"https:\/\/www.drivelife.it\/news\/wp-content\/uploads\/2013\/02\/DRIVELIFE_VOLKSWAGEN-XL1_6-150x150.jpg\" class=\"attachment-thumbnail size-thumbnail no-lazy\" alt=\"Der neue Volkswagen XL1\" aria-describedby=\"gallery-1-2050\" srcset=\"https:\/\/www.drivelife.it\/news\/wp-content\/uploads\/2013\/02\/DRIVELIFE_VOLKSWAGEN-XL1_6-150x150.jpg 150w, https:\/\/www.drivelife.it\/news\/wp-content\/uploads\/2013\/02\/DRIVELIFE_VOLKSWAGEN-XL1_6-310x310.jpg 310w\" sizes=\"auto, (max-width: 150px) 100vw, 150px\" \/><\/a>\n\t\t\t<\/dt>\n\t\t\t\t<dd class='wp-caption-text gallery-caption' id='gallery-1-2050'>\n\t\t\t\tVolkswagen XL1\n\t\t\t\t<\/dd><\/dl><dl class='gallery-item'>\n\t\t\t<dt class='gallery-icon landscape'>\n\t\t\t\t<a href='https:\/\/www.drivelife.it\/news\/2013\/02\/21\/volkswagen-xl1\/der-neue-volkswagen-xl1-10\/'><img loading=\"lazy\" decoding=\"async\" width=\"150\" height=\"150\" src=\"https:\/\/www.drivelife.it\/news\/wp-content\/uploads\/2013\/02\/DRIVELIFE_VOLKSWAGEN-XL1-150x150.jpg\" class=\"attachment-thumbnail size-thumbnail no-lazy\" alt=\"\" srcset=\"https:\/\/www.drivelife.it\/news\/wp-content\/uploads\/2013\/02\/DRIVELIFE_VOLKSWAGEN-XL1-150x150.jpg 150w, https:\/\/www.drivelife.it\/news\/wp-content\/uploads\/2013\/02\/DRIVELIFE_VOLKSWAGEN-XL1-310x310.jpg 310w\" sizes=\"auto, (max-width: 150px) 100vw, 150px\" \/><\/a>\n\t\t\t<\/dt><\/dl><dl class='gallery-item'>\n\t\t\t<dt class='gallery-icon landscape'>\n\t\t\t\t<a href='https:\/\/www.drivelife.it\/news\/2013\/02\/21\/volkswagen-xl1\/der-neue-volkswagen-xl1-3\/'><img loading=\"lazy\" decoding=\"async\" width=\"150\" height=\"150\" src=\"https:\/\/www.drivelife.it\/news\/wp-content\/uploads\/2013\/02\/DRIVELIFE_VOLKSWAGEN-XL1_3-150x150.jpg\" class=\"attachment-thumbnail size-thumbnail no-lazy\" alt=\"\" srcset=\"https:\/\/www.drivelife.it\/news\/wp-content\/uploads\/2013\/02\/DRIVELIFE_VOLKSWAGEN-XL1_3-150x150.jpg 150w, https:\/\/www.drivelife.it\/news\/wp-content\/uploads\/2013\/02\/DRIVELIFE_VOLKSWAGEN-XL1_3-310x310.jpg 310w\" sizes=\"auto, (max-width: 150px) 100vw, 150px\" \/><\/a>\n\t\t\t<\/dt><\/dl><dl class='gallery-item'>\n\t\t\t<dt class='gallery-icon landscape'>\n\t\t\t\t<a href='https:\/\/www.drivelife.it\/news\/2013\/02\/21\/volkswagen-xl1\/der-neue-volkswagen-xl1-6\/'><img loading=\"lazy\" decoding=\"async\" width=\"150\" height=\"150\" src=\"https:\/\/www.drivelife.it\/news\/wp-content\/uploads\/2013\/02\/DRIVELIFE_VOLKSWAGEN-XL1_7-150x150.jpg\" class=\"attachment-thumbnail size-thumbnail no-lazy\" alt=\"\" srcset=\"https:\/\/www.drivelife.it\/news\/wp-content\/uploads\/2013\/02\/DRIVELIFE_VOLKSWAGEN-XL1_7-150x150.jpg 150w, https:\/\/www.drivelife.it\/news\/wp-content\/uploads\/2013\/02\/DRIVELIFE_VOLKSWAGEN-XL1_7-310x310.jpg 310w\" sizes=\"auto, (max-width: 150px) 100vw, 150px\" \/><\/a>\n\t\t\t<\/dt><\/dl><br style=\"clear: both\" \/><dl class='gallery-item'>\n\t\t\t<dt class='gallery-icon landscape'>\n\t\t\t\t<a href='https:\/\/www.drivelife.it\/news\/2013\/02\/21\/volkswagen-xl1\/der-neue-volkswagen-xl1-2\/'><img loading=\"lazy\" decoding=\"async\" width=\"150\" height=\"150\" src=\"https:\/\/www.drivelife.it\/news\/wp-content\/uploads\/2013\/02\/DRIVELIFE_VOLKSWAGEN-XL1_2-150x150.jpg\" class=\"attachment-thumbnail size-thumbnail no-lazy\" alt=\"\" srcset=\"https:\/\/www.drivelife.it\/news\/wp-content\/uploads\/2013\/02\/DRIVELIFE_VOLKSWAGEN-XL1_2-150x150.jpg 150w, https:\/\/www.drivelife.it\/news\/wp-content\/uploads\/2013\/02\/DRIVELIFE_VOLKSWAGEN-XL1_2-310x310.jpg 310w\" sizes=\"auto, (max-width: 150px) 100vw, 150px\" \/><\/a>\n\t\t\t<\/dt><\/dl><dl class='gallery-item'>\n\t\t\t<dt class='gallery-icon landscape'>\n\t\t\t\t<a href='https:\/\/www.drivelife.it\/news\/2013\/02\/21\/volkswagen-xl1\/der-neue-volkswagen-xl1-8\/'><img loading=\"lazy\" decoding=\"async\" width=\"150\" height=\"150\" src=\"https:\/\/www.drivelife.it\/news\/wp-content\/uploads\/2013\/02\/DRIVELIFE_VOLKSWAGEN-XL1_9-150x150.jpg\" class=\"attachment-thumbnail size-thumbnail no-lazy\" alt=\"\" srcset=\"https:\/\/www.drivelife.it\/news\/wp-content\/uploads\/2013\/02\/DRIVELIFE_VOLKSWAGEN-XL1_9-150x150.jpg 150w, https:\/\/www.drivelife.it\/news\/wp-content\/uploads\/2013\/02\/DRIVELIFE_VOLKSWAGEN-XL1_9-310x310.jpg 310w\" sizes=\"auto, (max-width: 150px) 100vw, 150px\" \/><\/a>\n\t\t\t<\/dt><\/dl><dl class='gallery-item'>\n\t\t\t<dt class='gallery-icon landscape'>\n\t\t\t\t<a href='https:\/\/www.drivelife.it\/news\/2013\/02\/21\/volkswagen-xl1\/der-neue-volkswagen-xl1-7\/'><img loading=\"lazy\" decoding=\"async\" width=\"150\" height=\"150\" src=\"https:\/\/www.drivelife.it\/news\/wp-content\/uploads\/2013\/02\/DRIVELIFE_VOLKSWAGEN-XL1_8-150x150.jpg\" class=\"attachment-thumbnail size-thumbnail no-lazy\" alt=\"\" srcset=\"https:\/\/www.drivelife.it\/news\/wp-content\/uploads\/2013\/02\/DRIVELIFE_VOLKSWAGEN-XL1_8-150x150.jpg 150w, https:\/\/www.drivelife.it\/news\/wp-content\/uploads\/2013\/02\/DRIVELIFE_VOLKSWAGEN-XL1_8-310x310.jpg 310w\" sizes=\"auto, (max-width: 150px) 100vw, 150px\" \/><\/a>\n\t\t\t<\/dt><\/dl><dl class='gallery-item'>\n\t\t\t<dt class='gallery-icon landscape'>\n\t\t\t\t<a href='https:\/\/www.drivelife.it\/news\/2013\/02\/21\/volkswagen-xl1\/der-neue-volkswagen-xl1-4\/'><img loading=\"lazy\" decoding=\"async\" width=\"150\" height=\"150\" src=\"https:\/\/www.drivelife.it\/news\/wp-content\/uploads\/2013\/02\/DRIVELIFE_VOLKSWAGEN-XL1_4-150x150.jpg\" class=\"attachment-thumbnail size-thumbnail no-lazy\" alt=\"\" srcset=\"https:\/\/www.drivelife.it\/news\/wp-content\/uploads\/2013\/02\/DRIVELIFE_VOLKSWAGEN-XL1_4-150x150.jpg 150w, https:\/\/www.drivelife.it\/news\/wp-content\/uploads\/2013\/02\/DRIVELIFE_VOLKSWAGEN-XL1_4-310x310.jpg 310w\" sizes=\"auto, (max-width: 150px) 100vw, 150px\" \/><\/a>\n\t\t\t<\/dt><\/dl><dl class='gallery-item'>\n\t\t\t<dt class='gallery-icon landscape'>\n\t\t\t\t<a href='https:\/\/www.drivelife.it\/news\/2013\/02\/21\/volkswagen-xl1\/der-neue-volkswagen-xl1-5\/'><img loading=\"lazy\" decoding=\"async\" width=\"150\" height=\"150\" src=\"https:\/\/www.drivelife.it\/news\/wp-content\/uploads\/2013\/02\/DRIVELIFE_VOLKSWAGEN-XL1_5-150x150.jpg\" class=\"attachment-thumbnail size-thumbnail no-lazy\" alt=\"\" srcset=\"https:\/\/www.drivelife.it\/news\/wp-content\/uploads\/2013\/02\/DRIVELIFE_VOLKSWAGEN-XL1_5-150x150.jpg 150w, https:\/\/www.drivelife.it\/news\/wp-content\/uploads\/2013\/02\/DRIVELIFE_VOLKSWAGEN-XL1_5-310x310.jpg 310w\" sizes=\"auto, (max-width: 150px) 100vw, 150px\" \/><\/a>\n\t\t\t<\/dt><\/dl><br style=\"clear: both\" \/>\n\t\t<\/div>\n\n","protected":false},"excerpt":{"rendered":"<p>E&#8217; ASTEMIA, NON BEVE CONSUMO MEDIO DI 0,9 LITRI OGNI 100 KM: UN SOGNO CHE DIVENTA REALT\u00c0 di FEDERICO DI LERNIA Sar\u00e0 prodotta nello stabilimento tedesco di Osnabr\u00fcck con lavorazione artigianale .\u00a0La Volkswagen XL1, con un consumo di 0,9 l\/100 km, \u00e8 la vettura di serie pi\u00f9 parca nei consumi al mondo. Il sistema ibrido plug-in garantisce alla due posti fino a 50 chilometri di autonomia con alimentazione completamente elettrica, quindi a emissioni zero. \u00a0<\/p>\n","protected":false},"author":1,"featured_media":2050,"comment_status":"open","ping_status":"open","sticky":false,"template":"","format":"standard","meta":{"ngg_post_thumbnail":0,"footnotes":""},"categories":[39,52,55,71,54],"tags":[808,134,133],"class_list":["post-2049","post","type-post","status-publish","format-standard","has-post-thumbnail","hentry","category-automotive","category-gallery","category-news","category-puntata-drivelife","category-volkswagen","tag-volkswagen","tag-volkswagen-xl1","tag-xl1"],"yoast_head":"<!-- This site is optimized with the Yoast SEO plugin v27.5 - https:\/\/yoast.com\/product\/yoast-seo-wordpress\/ -->\n<title>VOLKSWAGEN XL1 - #lucalife<\/title>\n<meta name=\"robots\" content=\"index, follow, max-snippet:-1, max-image-preview:large, max-video-preview:-1\" \/>\n<link rel=\"canonical\" href=\"https:\/\/www.drivelife.it\/news\/2013\/02\/21\/volkswagen-xl1\/\" \/>\n<meta property=\"og:locale\" content=\"en_US\" \/>\n<meta property=\"og:type\" content=\"article\" \/>\n<meta property=\"og:title\" content=\"VOLKSWAGEN XL1 - #lucalife\" \/>\n<meta property=\"og:description\" content=\"E&#8217; ASTEMIA, NON BEVE CONSUMO MEDIO DI 0,9 LITRI OGNI 100 KM: UN SOGNO CHE DIVENTA REALT\u00c0 di FEDERICO DI LERNIA Sar\u00e0 prodotta nello stabilimento tedesco di Osnabr\u00fcck con lavorazione artigianale .\u00a0La Volkswagen XL1, con un consumo di 0,9 l\/100 km, \u00e8 la vettura di serie pi\u00f9 parca nei consumi al mondo. Il sistema ibrido plug-in garantisce alla due posti fino a 50 chilometri di autonomia con alimentazione completamente elettrica, quindi a emissioni zero. \u00a0\" \/>\n<meta property=\"og:url\" content=\"https:\/\/www.drivelife.it\/news\/2013\/02\/21\/volkswagen-xl1\/\" \/>\n<meta property=\"og:site_name\" content=\"#lucalife\" \/>\n<meta property=\"article:publisher\" content=\"https:\/\/www.facebook.com\/pages\/Drivelife\/467833073239720\" \/>\n<meta property=\"article:published_time\" content=\"2013-02-21T15:44:24+00:00\" \/>\n<meta property=\"article:modified_time\" content=\"2014-04-08T12:40:13+00:00\" \/>\n<meta property=\"og:image\" content=\"https:\/\/www.drivelife.it\/news\/wp-content\/uploads\/2013\/02\/DRIVELIFE_VOLKSWAGEN-XL1_6.jpg\" \/>\n\t<meta property=\"og:image:width\" content=\"1680\" \/>\n\t<meta property=\"og:image:height\" content=\"1120\" \/>\n\t<meta property=\"og:image:type\" content=\"image\/jpeg\" \/>\n<meta name=\"author\" content=\"Redazione\" \/>\n<meta name=\"twitter:card\" content=\"summary_large_image\" \/>\n<meta name=\"twitter:creator\" content=\"@tweetdrivelife\" \/>\n<meta name=\"twitter:site\" content=\"@tweetdrivelife\" \/>\n<meta name=\"twitter:label1\" content=\"Written by\" \/>\n\t<meta name=\"twitter:data1\" content=\"Redazione\" \/>\n<script type=\"application\/ld+json\" class=\"yoast-schema-graph\">{\"@context\":\"https:\\\/\\\/schema.org\",\"@graph\":[{\"@type\":\"Article\",\"@id\":\"https:\\\/\\\/www.drivelife.it\\\/news\\\/2013\\\/02\\\/21\\\/volkswagen-xl1\\\/#article\",\"isPartOf\":{\"@id\":\"https:\\\/\\\/www.drivelife.it\\\/news\\\/2013\\\/02\\\/21\\\/volkswagen-xl1\\\/\"},\"author\":{\"name\":\"Redazione\",\"@id\":\"https:\\\/\\\/www.drivelife.it\\\/news\\\/#\\\/schema\\\/person\\\/b6c194c3423ff451be4914f5fd9c2188\"},\"headline\":\"VOLKSWAGEN XL1\",\"datePublished\":\"2013-02-21T15:44:24+00:00\",\"dateModified\":\"2014-04-08T12:40:13+00:00\",\"mainEntityOfPage\":{\"@id\":\"https:\\\/\\\/www.drivelife.it\\\/news\\\/2013\\\/02\\\/21\\\/volkswagen-xl1\\\/\"},\"wordCount\":87,\"commentCount\":0,\"image\":{\"@id\":\"https:\\\/\\\/www.drivelife.it\\\/news\\\/2013\\\/02\\\/21\\\/volkswagen-xl1\\\/#primaryimage\"},\"thumbnailUrl\":\"https:\\\/\\\/www.drivelife.it\\\/news\\\/wp-content\\\/uploads\\\/2013\\\/02\\\/DRIVELIFE_VOLKSWAGEN-XL1_6.jpg\",\"keywords\":[\"VOLKSWAGEN\",\"VOLKSWAGEN XL1\",\"XL1\"],\"articleSection\":[\"AUTOMOTIVE\",\"GALLERY AUTOMOTIVE\",\"NEWS\",\"PUNTATA DRIVELIFE\",\"VOLKSWAGEN\"],\"inLanguage\":\"en-US\",\"potentialAction\":[{\"@type\":\"CommentAction\",\"name\":\"Comment\",\"target\":[\"https:\\\/\\\/www.drivelife.it\\\/news\\\/2013\\\/02\\\/21\\\/volkswagen-xl1\\\/#respond\"]}]},{\"@type\":\"WebPage\",\"@id\":\"https:\\\/\\\/www.drivelife.it\\\/news\\\/2013\\\/02\\\/21\\\/volkswagen-xl1\\\/\",\"url\":\"https:\\\/\\\/www.drivelife.it\\\/news\\\/2013\\\/02\\\/21\\\/volkswagen-xl1\\\/\",\"name\":\"VOLKSWAGEN XL1 - #lucalife\",\"isPartOf\":{\"@id\":\"https:\\\/\\\/www.drivelife.it\\\/news\\\/#website\"},\"primaryImageOfPage\":{\"@id\":\"https:\\\/\\\/www.drivelife.it\\\/news\\\/2013\\\/02\\\/21\\\/volkswagen-xl1\\\/#primaryimage\"},\"image\":{\"@id\":\"https:\\\/\\\/www.drivelife.it\\\/news\\\/2013\\\/02\\\/21\\\/volkswagen-xl1\\\/#primaryimage\"},\"thumbnailUrl\":\"https:\\\/\\\/www.drivelife.it\\\/news\\\/wp-content\\\/uploads\\\/2013\\\/02\\\/DRIVELIFE_VOLKSWAGEN-XL1_6.jpg\",\"datePublished\":\"2013-02-21T15:44:24+00:00\",\"dateModified\":\"2014-04-08T12:40:13+00:00\",\"author\":{\"@id\":\"https:\\\/\\\/www.drivelife.it\\\/news\\\/#\\\/schema\\\/person\\\/b6c194c3423ff451be4914f5fd9c2188\"},\"breadcrumb\":{\"@id\":\"https:\\\/\\\/www.drivelife.it\\\/news\\\/2013\\\/02\\\/21\\\/volkswagen-xl1\\\/#breadcrumb\"},\"inLanguage\":\"en-US\",\"potentialAction\":[{\"@type\":\"ReadAction\",\"target\":[\"https:\\\/\\\/www.drivelife.it\\\/news\\\/2013\\\/02\\\/21\\\/volkswagen-xl1\\\/\"]}]},{\"@type\":\"ImageObject\",\"inLanguage\":\"en-US\",\"@id\":\"https:\\\/\\\/www.drivelife.it\\\/news\\\/2013\\\/02\\\/21\\\/volkswagen-xl1\\\/#primaryimage\",\"url\":\"https:\\\/\\\/www.drivelife.it\\\/news\\\/wp-content\\\/uploads\\\/2013\\\/02\\\/DRIVELIFE_VOLKSWAGEN-XL1_6.jpg\",\"contentUrl\":\"https:\\\/\\\/www.drivelife.it\\\/news\\\/wp-content\\\/uploads\\\/2013\\\/02\\\/DRIVELIFE_VOLKSWAGEN-XL1_6.jpg\",\"width\":\"1680\",\"height\":\"1120\",\"caption\":\"Volkswagen XL1\"},{\"@type\":\"BreadcrumbList\",\"@id\":\"https:\\\/\\\/www.drivelife.it\\\/news\\\/2013\\\/02\\\/21\\\/volkswagen-xl1\\\/#breadcrumb\",\"itemListElement\":[{\"@type\":\"ListItem\",\"position\":1,\"name\":\"Home\",\"item\":\"https:\\\/\\\/www.drivelife.it\\\/news\\\/\"},{\"@type\":\"ListItem\",\"position\":2,\"name\":\"VOLKSWAGEN XL1\"}]},{\"@type\":\"WebSite\",\"@id\":\"https:\\\/\\\/www.drivelife.it\\\/news\\\/#website\",\"url\":\"https:\\\/\\\/www.drivelife.it\\\/news\\\/\",\"name\":\"#lucalife\",\"description\":\"DRIVELIFE le mie automobili\",\"potentialAction\":[{\"@type\":\"SearchAction\",\"target\":{\"@type\":\"EntryPoint\",\"urlTemplate\":\"https:\\\/\\\/www.drivelife.it\\\/news\\\/?s={search_term_string}\"},\"query-input\":{\"@type\":\"PropertyValueSpecification\",\"valueRequired\":true,\"valueName\":\"search_term_string\"}}],\"inLanguage\":\"en-US\"},{\"@type\":\"Person\",\"@id\":\"https:\\\/\\\/www.drivelife.it\\\/news\\\/#\\\/schema\\\/person\\\/b6c194c3423ff451be4914f5fd9c2188\",\"name\":\"Redazione\",\"image\":{\"@type\":\"ImageObject\",\"inLanguage\":\"en-US\",\"@id\":\"https:\\\/\\\/secure.gravatar.com\\\/avatar\\\/8d186f6b07ba8a94441344759f0e13bf1909b6ceaa171df0425551b4590fd558?s=96&d=mm&r=g\",\"url\":\"https:\\\/\\\/secure.gravatar.com\\\/avatar\\\/8d186f6b07ba8a94441344759f0e13bf1909b6ceaa171df0425551b4590fd558?s=96&d=mm&r=g\",\"contentUrl\":\"https:\\\/\\\/secure.gravatar.com\\\/avatar\\\/8d186f6b07ba8a94441344759f0e13bf1909b6ceaa171df0425551b4590fd558?s=96&d=mm&r=g\",\"caption\":\"Redazione\"},\"url\":\"https:\\\/\\\/www.drivelife.it\\\/news\\\/author\\\/admin\\\/\"}]}<\/script>\n<!-- \/ Yoast SEO plugin. -->","yoast_head_json":{"title":"VOLKSWAGEN XL1 - #lucalife","robots":{"index":"index","follow":"follow","max-snippet":"max-snippet:-1","max-image-preview":"max-image-preview:large","max-video-preview":"max-video-preview:-1"},"canonical":"https:\/\/www.drivelife.it\/news\/2013\/02\/21\/volkswagen-xl1\/","og_locale":"en_US","og_type":"article","og_title":"VOLKSWAGEN XL1 - #lucalife","og_description":"E&#8217; ASTEMIA, NON BEVE CONSUMO MEDIO DI 0,9 LITRI OGNI 100 KM: UN SOGNO CHE DIVENTA REALT\u00c0 di FEDERICO DI LERNIA Sar\u00e0 prodotta nello stabilimento tedesco di Osnabr\u00fcck con lavorazione artigianale .\u00a0La Volkswagen XL1, con un consumo di 0,9 l\/100 km, \u00e8 la vettura di serie pi\u00f9 parca nei consumi al mondo. Il sistema ibrido plug-in garantisce alla due posti fino a 50 chilometri di autonomia con alimentazione completamente elettrica, quindi a emissioni zero. \u00a0","og_url":"https:\/\/www.drivelife.it\/news\/2013\/02\/21\/volkswagen-xl1\/","og_site_name":"#lucalife","article_publisher":"https:\/\/www.facebook.com\/pages\/Drivelife\/467833073239720","article_published_time":"2013-02-21T15:44:24+00:00","article_modified_time":"2014-04-08T12:40:13+00:00","og_image":[{"width":1680,"height":1120,"url":"https:\/\/www.drivelife.it\/news\/wp-content\/uploads\/2013\/02\/DRIVELIFE_VOLKSWAGEN-XL1_6.jpg","type":"image\/jpeg"}],"author":"Redazione","twitter_card":"summary_large_image","twitter_creator":"@tweetdrivelife","twitter_site":"@tweetdrivelife","twitter_misc":{"Written by":"Redazione"},"schema":{"@context":"https:\/\/schema.org","@graph":[{"@type":"Article","@id":"https:\/\/www.drivelife.it\/news\/2013\/02\/21\/volkswagen-xl1\/#article","isPartOf":{"@id":"https:\/\/www.drivelife.it\/news\/2013\/02\/21\/volkswagen-xl1\/"},"author":{"name":"Redazione","@id":"https:\/\/www.drivelife.it\/news\/#\/schema\/person\/b6c194c3423ff451be4914f5fd9c2188"},"headline":"VOLKSWAGEN XL1","datePublished":"2013-02-21T15:44:24+00:00","dateModified":"2014-04-08T12:40:13+00:00","mainEntityOfPage":{"@id":"https:\/\/www.drivelife.it\/news\/2013\/02\/21\/volkswagen-xl1\/"},"wordCount":87,"commentCount":0,"image":{"@id":"https:\/\/www.drivelife.it\/news\/2013\/02\/21\/volkswagen-xl1\/#primaryimage"},"thumbnailUrl":"https:\/\/www.drivelife.it\/news\/wp-content\/uploads\/2013\/02\/DRIVELIFE_VOLKSWAGEN-XL1_6.jpg","keywords":["VOLKSWAGEN","VOLKSWAGEN XL1","XL1"],"articleSection":["AUTOMOTIVE","GALLERY AUTOMOTIVE","NEWS","PUNTATA DRIVELIFE","VOLKSWAGEN"],"inLanguage":"en-US","potentialAction":[{"@type":"CommentAction","name":"Comment","target":["https:\/\/www.drivelife.it\/news\/2013\/02\/21\/volkswagen-xl1\/#respond"]}]},{"@type":"WebPage","@id":"https:\/\/www.drivelife.it\/news\/2013\/02\/21\/volkswagen-xl1\/","url":"https:\/\/www.drivelife.it\/news\/2013\/02\/21\/volkswagen-xl1\/","name":"VOLKSWAGEN XL1 - #lucalife","isPartOf":{"@id":"https:\/\/www.drivelife.it\/news\/#website"},"primaryImageOfPage":{"@id":"https:\/\/www.drivelife.it\/news\/2013\/02\/21\/volkswagen-xl1\/#primaryimage"},"image":{"@id":"https:\/\/www.drivelife.it\/news\/2013\/02\/21\/volkswagen-xl1\/#primaryimage"},"thumbnailUrl":"https:\/\/www.drivelife.it\/news\/wp-content\/uploads\/2013\/02\/DRIVELIFE_VOLKSWAGEN-XL1_6.jpg","datePublished":"2013-02-21T15:44:24+00:00","dateModified":"2014-04-08T12:40:13+00:00","author":{"@id":"https:\/\/www.drivelife.it\/news\/#\/schema\/person\/b6c194c3423ff451be4914f5fd9c2188"},"breadcrumb":{"@id":"https:\/\/www.drivelife.it\/news\/2013\/02\/21\/volkswagen-xl1\/#breadcrumb"},"inLanguage":"en-US","potentialAction":[{"@type":"ReadAction","target":["https:\/\/www.drivelife.it\/news\/2013\/02\/21\/volkswagen-xl1\/"]}]},{"@type":"ImageObject","inLanguage":"en-US","@id":"https:\/\/www.drivelife.it\/news\/2013\/02\/21\/volkswagen-xl1\/#primaryimage","url":"https:\/\/www.drivelife.it\/news\/wp-content\/uploads\/2013\/02\/DRIVELIFE_VOLKSWAGEN-XL1_6.jpg","contentUrl":"https:\/\/www.drivelife.it\/news\/wp-content\/uploads\/2013\/02\/DRIVELIFE_VOLKSWAGEN-XL1_6.jpg","width":"1680","height":"1120","caption":"Volkswagen XL1"},{"@type":"BreadcrumbList","@id":"https:\/\/www.drivelife.it\/news\/2013\/02\/21\/volkswagen-xl1\/#breadcrumb","itemListElement":[{"@type":"ListItem","position":1,"name":"Home","item":"https:\/\/www.drivelife.it\/news\/"},{"@type":"ListItem","position":2,"name":"VOLKSWAGEN XL1"}]},{"@type":"WebSite","@id":"https:\/\/www.drivelife.it\/news\/#website","url":"https:\/\/www.drivelife.it\/news\/","name":"#lucalife","description":"DRIVELIFE le mie automobili","potentialAction":[{"@type":"SearchAction","target":{"@type":"EntryPoint","urlTemplate":"https:\/\/www.drivelife.it\/news\/?s={search_term_string}"},"query-input":{"@type":"PropertyValueSpecification","valueRequired":true,"valueName":"search_term_string"}}],"inLanguage":"en-US"},{"@type":"Person","@id":"https:\/\/www.drivelife.it\/news\/#\/schema\/person\/b6c194c3423ff451be4914f5fd9c2188","name":"Redazione","image":{"@type":"ImageObject","inLanguage":"en-US","@id":"https:\/\/secure.gravatar.com\/avatar\/8d186f6b07ba8a94441344759f0e13bf1909b6ceaa171df0425551b4590fd558?s=96&d=mm&r=g","url":"https:\/\/secure.gravatar.com\/avatar\/8d186f6b07ba8a94441344759f0e13bf1909b6ceaa171df0425551b4590fd558?s=96&d=mm&r=g","contentUrl":"https:\/\/secure.gravatar.com\/avatar\/8d186f6b07ba8a94441344759f0e13bf1909b6ceaa171df0425551b4590fd558?s=96&d=mm&r=g","caption":"Redazione"},"url":"https:\/\/www.drivelife.it\/news\/author\/admin\/"}]}},"amp_enabled":true,"_links":{"self":[{"href":"https:\/\/www.drivelife.it\/news\/wp-json\/wp\/v2\/posts\/2049","targetHints":{"allow":["GET"]}}],"collection":[{"href":"https:\/\/www.drivelife.it\/news\/wp-json\/wp\/v2\/posts"}],"about":[{"href":"https:\/\/www.drivelife.it\/news\/wp-json\/wp\/v2\/types\/post"}],"author":[{"embeddable":true,"href":"https:\/\/www.drivelife.it\/news\/wp-json\/wp\/v2\/users\/1"}],"replies":[{"embeddable":true,"href":"https:\/\/www.drivelife.it\/news\/wp-json\/wp\/v2\/comments?post=2049"}],"version-history":[{"count":3,"href":"https:\/\/www.drivelife.it\/news\/wp-json\/wp\/v2\/posts\/2049\/revisions"}],"predecessor-version":[{"id":4256,"href":"https:\/\/www.drivelife.it\/news\/wp-json\/wp\/v2\/posts\/2049\/revisions\/4256"}],"wp:featuredmedia":[{"embeddable":true,"href":"https:\/\/www.drivelife.it\/news\/wp-json\/wp\/v2\/media\/2050"}],"wp:attachment":[{"href":"https:\/\/www.drivelife.it\/news\/wp-json\/wp\/v2\/media?parent=2049"}],"wp:term":[{"taxonomy":"category","embeddable":true,"href":"https:\/\/www.drivelife.it\/news\/wp-json\/wp\/v2\/categories?post=2049"},{"taxonomy":"post_tag","embeddable":true,"href":"https:\/\/www.drivelife.it\/news\/wp-json\/wp\/v2\/tags?post=2049"}],"curies":[{"name":"wp","href":"https:\/\/api.w.org\/{rel}","templated":true}]}}