{"id":19517,"date":"2017-12-16T11:16:27","date_gmt":"2017-12-16T11:16:27","guid":{"rendered":"http:\/\/www.drivelife.it\/news\/?p=19517"},"modified":"2017-12-16T11:16:27","modified_gmt":"2017-12-16T11:16:27","slug":"seat-arona-piccola-ultima-ma-con-grandi-doti","status":"publish","type":"post","link":"https:\/\/www.drivelife.it\/news\/2017\/12\/16\/seat-arona-piccola-ultima-ma-con-grandi-doti\/","title":{"rendered":"Piccola, ultima ma con grandi doti"},"content":{"rendered":"<blockquote><p><strong><em><\/p>\n<h1>SEAT ARONA<\/h1>\n<p><\/em><\/p><\/blockquote>\n<p><\/strong><br \/>\n&nbsp;<br \/>\n&nbsp;<br \/>\n\n\t\t<style>\n\t\t\t#gallery-1 {\n\t\t\t\tmargin: auto;\n\t\t\t}\n\t\t\t#gallery-1 .gallery-item {\n\t\t\t\tfloat: left;\n\t\t\t\tmargin-top: 10px;\n\t\t\t\ttext-align: center;\n\t\t\t\twidth: 100%;\n\t\t\t}\n\t\t\t#gallery-1 img {\n\t\t\t\tborder: 2px solid #cfcfcf;\n\t\t\t}\n\t\t\t#gallery-1 .gallery-caption {\n\t\t\t\tmargin-left: 0;\n\t\t\t}\n\t\t\t\/* see gallery_shortcode() in wp-includes\/media.php *\/\n\t\t<\/style>\n\t\t<div id='gallery-1' class='gallery galleryid-19517 gallery-columns-1 gallery-size-large'><dl class='gallery-item'>\n\t\t\t<dt class='gallery-icon landscape'>\n\t\t\t\t<a href='https:\/\/www.drivelife.it\/news\/2017\/12\/16\/seat-arona-piccola-ultima-ma-con-grandi-doti\/seat-arona-031h_hd\/'><img loading=\"lazy\" decoding=\"async\" width=\"1000\" height=\"667\" src=\"https:\/\/www.drivelife.it\/news\/wp-content\/uploads\/2017\/12\/SEAT-Arona-031H_HD-1000x667.jpg\" class=\"attachment-large size-large no-lazy\" alt=\"16.12.INTV - SEAT ARONA\" aria-describedby=\"gallery-1-19518\" srcset=\"https:\/\/www.drivelife.it\/news\/wp-content\/uploads\/2017\/12\/SEAT-Arona-031H_HD-1000x667.jpg 1000w, https:\/\/www.drivelife.it\/news\/wp-content\/uploads\/2017\/12\/SEAT-Arona-031H_HD-620x413.jpg 620w, https:\/\/www.drivelife.it\/news\/wp-content\/uploads\/2017\/12\/SEAT-Arona-031H_HD-768x512.jpg 768w, https:\/\/www.drivelife.it\/news\/wp-content\/uploads\/2017\/12\/SEAT-Arona-031H_HD-300x200.jpg 300w, https:\/\/www.drivelife.it\/news\/wp-content\/uploads\/2017\/12\/SEAT-Arona-031H_HD.jpg 1920w\" sizes=\"auto, (max-width: 1000px) 100vw, 1000px\" \/><\/a>\n\t\t\t<\/dt>\n\t\t\t\t<dd class='wp-caption-text gallery-caption' id='gallery-1-19518'>\n\t\t\t\t16.12.INTV &#8211; SEAT ARONA\n\t\t\t\t<\/dd><\/dl><br style=\"clear: both\" \/>\n\t\t<\/div>\n<br \/>\n&nbsp;<br \/>\n&nbsp;<\/p>\n<h2><strong><em> \u2028SEAT ARONA &#8211; CLIP 01\u201933\u201d@08\u201915\u201d<br \/>\nIN TV CON DRIVELIFE DEL 16 DICEMBRE 2017<\/em><\/strong><\/h2>\n<p>&nbsp;<br \/>\n&nbsp;<\/p>\n<p>E-Pace, Grandland X ed ora Seat Arona. Poi, dopo questa clip anche Hyundai Kona. Quattro SUV su sei servizi in dodici minuti. E secondo voi che vuol dire? Per me vuol dire che quel tipo di automobile \u00e8 il preferito del momento. Del resto la statistica appena citata dice che il mercato \u00e8 cresciuto fino al 20 per cento del totale.<br \/>\nI detrattori di questo tipo di macchine non storcano il naso dicendo che sono ingombranti. L\u2019impronta al suolo, cio\u00e8 lo spazio in piano fisicamente occupato durante la circolazione \u00e8 esattamente lo stesso di qualsiasi altra vettura, berlina, coup\u00e9 o wagon che sia. Stessi metri quadri diverso il volume a favore di una maggiore abitabilit\u00e0, miglior visione della strada e QUINDI maggiore sicurezza.<br \/>\nSeat presenta Arona. Terzo modello in gamma, SUV compatto buono per la citt\u00e0 ed utile per andare \u201coltre le zone urbane\u201d. Cio\u00e8, uscendo dal pomposo linguaggio, ideale per la gita fuori porta con tovaglia a quadretti e arrosticini.<br \/>\nSeat Arona, il pi\u00f9 piccolo dell\u2019offerta spagnola, \u00e8 lungo poco pi\u00f9 di quattro metri ma molto largo, quasi un metro ed ottanta. La piattaforma MQB, ora MQB A0, \u00e8 stata adatta ad una maggior altezza da terra e per offrire 400 litri di bagagliaio. Maggiore flessibilit\u00e0 della piattaforma per tre allestimenti, Reference, Style ed Excellence. Fari alogeni e cerchi di 16 pollici. Motori, tutti in alluminio, si comincia con il mille tre cilindri TSI e 95 cavalli, cambio, manuale, con cinque marce. Prestazioni di conseguenza ma consumi a 4,9 litri per cento chilometri ed emissioni di 112 grammi per chilometro.<br \/>\nPrezzi di partenza? \u2028Poco pi\u00f9 di sedicimila.<\/p>\n<p>&nbsp;<br \/>\n&nbsp;<\/p>\n<p><strong><\/p>\n<h3>FLIPBOARD FOLLOW ME @ lucaromanopix<\/h3>\n<p><\/strong><br \/>\n<a data-flip-widget=\"ico\" href=\"https:\/\/flipboard.com\/@lucaromanopix\/lucaromanopix-cuonjeasy?utm_campaign=tools&#038;utm_medium=follow&#038;action=follow\"><img decoding=\"async\" src=\"https:\/\/cdn.flipboard.com\/badges\/flipboard_lbsw.png\" alt=\"Flipboard\" \/><\/a><script src=\"https:\/\/cdn.flipboard.com\/web\/buttons\/js\/flbuttons.min.js\" type=\u201ctext\/javascript\"><\/script><\/p>\n<h3><strong>FLIPBOARD SHARE lucaromanopix \/ drivelife<\/h3>\n<p><\/strong><br \/>\n<a data-flip-widget=\"shareflip\" href=\"https:\/\/flipboard.com\"><img decoding=\"async\" src=\"https:\/\/cdn.flipboard.com\/badges\/flipboard_lbsw.png\" \/><\/a><script src=\"https:\/\/cdn.flipboard.com\/web\/buttons\/js\/flbuttons.min.js\" type=\u201ctext\/javascript\"><\/script><\/p>\n<h3><strong>FLIPBOARD FOLLOW DRIVELIFE<\/h3>\n<p><\/strong><br \/>\n<a data-flip-widget=\"ico\" href=\"https:\/\/flipboard.com\/@lucaromanopix\/drivelife-q5flocp8y?utm_campaign=tools&#038;utm_medium=follow&#038;action=follow\"><img decoding=\"async\" src=\"https:\/\/cdn.flipboard.com\/badges\/flipboard_lbsw.png\" alt=\"Flipboard\" \/><\/a><script src=\"https:\/\/cdn.flipboard.com\/web\/buttons\/js\/flbuttons.min.js\" type=\u201ctext\/javascript\"><\/script><\/p>\n<p>&nbsp;<br \/>\n&nbsp;<\/p>\n<p>&nbsp;<\/p>\n<h2>GALLERIA FOTOGRAFICA, SEAT ARONA<\/h2>\n<p>&nbsp;<br \/>\n\n\t\t<style>\n\t\t\t#gallery-2 {\n\t\t\t\tmargin: auto;\n\t\t\t}\n\t\t\t#gallery-2 .gallery-item {\n\t\t\t\tfloat: left;\n\t\t\t\tmargin-top: 10px;\n\t\t\t\ttext-align: center;\n\t\t\t\twidth: 11%;\n\t\t\t}\n\t\t\t#gallery-2 img {\n\t\t\t\tborder: 2px solid #cfcfcf;\n\t\t\t}\n\t\t\t#gallery-2 .gallery-caption {\n\t\t\t\tmargin-left: 0;\n\t\t\t}\n\t\t\t\/* see gallery_shortcode() in wp-includes\/media.php *\/\n\t\t<\/style>\n\t\t<div id='gallery-2' class='gallery galleryid-19517 gallery-columns-9 gallery-size-thumbnail'><dl class='gallery-item'>\n\t\t\t<dt class='gallery-icon landscape'>\n\t\t\t\t<a href='https:\/\/www.drivelife.it\/news\/2017\/12\/16\/seat-arona-piccola-ultima-ma-con-grandi-doti\/seat-arona-031h_hd-2\/'><img loading=\"lazy\" decoding=\"async\" width=\"150\" height=\"150\" src=\"https:\/\/www.drivelife.it\/news\/wp-content\/uploads\/2017\/12\/SEAT-Arona-031H_HD-1-150x150.jpg\" class=\"attachment-thumbnail size-thumbnail no-lazy\" alt=\"\" srcset=\"https:\/\/www.drivelife.it\/news\/wp-content\/uploads\/2017\/12\/SEAT-Arona-031H_HD-1-150x150.jpg 150w, https:\/\/www.drivelife.it\/news\/wp-content\/uploads\/2017\/12\/SEAT-Arona-031H_HD-1-160x160.jpg 160w, https:\/\/www.drivelife.it\/news\/wp-content\/uploads\/2017\/12\/SEAT-Arona-031H_HD-1-320x320.jpg 320w\" sizes=\"auto, (max-width: 150px) 100vw, 150px\" \/><\/a>\n\t\t\t<\/dt><\/dl><dl class='gallery-item'>\n\t\t\t<dt class='gallery-icon landscape'>\n\t\t\t\t<a href='https:\/\/www.drivelife.it\/news\/2017\/12\/16\/seat-arona-piccola-ultima-ma-con-grandi-doti\/seat-arona-131h_hd\/'><img loading=\"lazy\" decoding=\"async\" width=\"150\" height=\"150\" src=\"https:\/\/www.drivelife.it\/news\/wp-content\/uploads\/2017\/12\/SEAT-Arona-131H_HD-150x150.jpg\" class=\"attachment-thumbnail size-thumbnail no-lazy\" alt=\"\" srcset=\"https:\/\/www.drivelife.it\/news\/wp-content\/uploads\/2017\/12\/SEAT-Arona-131H_HD-150x150.jpg 150w, https:\/\/www.drivelife.it\/news\/wp-content\/uploads\/2017\/12\/SEAT-Arona-131H_HD-160x160.jpg 160w, https:\/\/www.drivelife.it\/news\/wp-content\/uploads\/2017\/12\/SEAT-Arona-131H_HD-320x320.jpg 320w\" sizes=\"auto, (max-width: 150px) 100vw, 150px\" \/><\/a>\n\t\t\t<\/dt><\/dl><dl class='gallery-item'>\n\t\t\t<dt class='gallery-icon landscape'>\n\t\t\t\t<a href='https:\/\/www.drivelife.it\/news\/2017\/12\/16\/seat-arona-piccola-ultima-ma-con-grandi-doti\/seat-arona-128h_hd\/'><img loading=\"lazy\" decoding=\"async\" width=\"150\" height=\"150\" src=\"https:\/\/www.drivelife.it\/news\/wp-content\/uploads\/2017\/12\/SEAT-Arona-128H_HD-150x150.jpg\" class=\"attachment-thumbnail size-thumbnail no-lazy\" alt=\"\" srcset=\"https:\/\/www.drivelife.it\/news\/wp-content\/uploads\/2017\/12\/SEAT-Arona-128H_HD-150x150.jpg 150w, https:\/\/www.drivelife.it\/news\/wp-content\/uploads\/2017\/12\/SEAT-Arona-128H_HD-160x160.jpg 160w, https:\/\/www.drivelife.it\/news\/wp-content\/uploads\/2017\/12\/SEAT-Arona-128H_HD-320x320.jpg 320w\" sizes=\"auto, (max-width: 150px) 100vw, 150px\" \/><\/a>\n\t\t\t<\/dt><\/dl><dl class='gallery-item'>\n\t\t\t<dt class='gallery-icon landscape'>\n\t\t\t\t<a href='https:\/\/www.drivelife.it\/news\/2017\/12\/16\/seat-arona-piccola-ultima-ma-con-grandi-doti\/seat-arona-129h_hd\/'><img loading=\"lazy\" decoding=\"async\" width=\"150\" height=\"150\" src=\"https:\/\/www.drivelife.it\/news\/wp-content\/uploads\/2017\/12\/SEAT-Arona-129H_HD-150x150.jpg\" class=\"attachment-thumbnail size-thumbnail no-lazy\" alt=\"\" srcset=\"https:\/\/www.drivelife.it\/news\/wp-content\/uploads\/2017\/12\/SEAT-Arona-129H_HD-150x150.jpg 150w, https:\/\/www.drivelife.it\/news\/wp-content\/uploads\/2017\/12\/SEAT-Arona-129H_HD-160x160.jpg 160w, https:\/\/www.drivelife.it\/news\/wp-content\/uploads\/2017\/12\/SEAT-Arona-129H_HD-320x320.jpg 320w\" sizes=\"auto, (max-width: 150px) 100vw, 150px\" \/><\/a>\n\t\t\t<\/dt><\/dl><dl class='gallery-item'>\n\t\t\t<dt class='gallery-icon landscape'>\n\t\t\t\t<a href='https:\/\/www.drivelife.it\/news\/2017\/12\/16\/seat-arona-piccola-ultima-ma-con-grandi-doti\/seat-arona-130h_hd\/'><img loading=\"lazy\" decoding=\"async\" width=\"150\" height=\"150\" src=\"https:\/\/www.drivelife.it\/news\/wp-content\/uploads\/2017\/12\/SEAT-Arona-130H_HD-150x150.jpg\" class=\"attachment-thumbnail size-thumbnail no-lazy\" alt=\"\" srcset=\"https:\/\/www.drivelife.it\/news\/wp-content\/uploads\/2017\/12\/SEAT-Arona-130H_HD-150x150.jpg 150w, https:\/\/www.drivelife.it\/news\/wp-content\/uploads\/2017\/12\/SEAT-Arona-130H_HD-160x160.jpg 160w, https:\/\/www.drivelife.it\/news\/wp-content\/uploads\/2017\/12\/SEAT-Arona-130H_HD-320x320.jpg 320w\" sizes=\"auto, (max-width: 150px) 100vw, 150px\" \/><\/a>\n\t\t\t<\/dt><\/dl><dl class='gallery-item'>\n\t\t\t<dt class='gallery-icon landscape'>\n\t\t\t\t<a href='https:\/\/www.drivelife.it\/news\/2017\/12\/16\/seat-arona-piccola-ultima-ma-con-grandi-doti\/seat-arona-124h_hd\/'><img loading=\"lazy\" decoding=\"async\" width=\"150\" height=\"150\" src=\"https:\/\/www.drivelife.it\/news\/wp-content\/uploads\/2017\/12\/SEAT-Arona-124H_HD-150x150.jpg\" class=\"attachment-thumbnail size-thumbnail no-lazy\" alt=\"\" srcset=\"https:\/\/www.drivelife.it\/news\/wp-content\/uploads\/2017\/12\/SEAT-Arona-124H_HD-150x150.jpg 150w, https:\/\/www.drivelife.it\/news\/wp-content\/uploads\/2017\/12\/SEAT-Arona-124H_HD-160x160.jpg 160w, https:\/\/www.drivelife.it\/news\/wp-content\/uploads\/2017\/12\/SEAT-Arona-124H_HD-320x320.jpg 320w\" sizes=\"auto, (max-width: 150px) 100vw, 150px\" \/><\/a>\n\t\t\t<\/dt><\/dl><dl class='gallery-item'>\n\t\t\t<dt class='gallery-icon landscape'>\n\t\t\t\t<a href='https:\/\/www.drivelife.it\/news\/2017\/12\/16\/seat-arona-piccola-ultima-ma-con-grandi-doti\/seat-arona-125h_hd\/'><img loading=\"lazy\" decoding=\"async\" width=\"150\" height=\"150\" src=\"https:\/\/www.drivelife.it\/news\/wp-content\/uploads\/2017\/12\/SEAT-Arona-125H_HD-150x150.jpg\" class=\"attachment-thumbnail size-thumbnail no-lazy\" alt=\"\" srcset=\"https:\/\/www.drivelife.it\/news\/wp-content\/uploads\/2017\/12\/SEAT-Arona-125H_HD-150x150.jpg 150w, https:\/\/www.drivelife.it\/news\/wp-content\/uploads\/2017\/12\/SEAT-Arona-125H_HD-160x160.jpg 160w, https:\/\/www.drivelife.it\/news\/wp-content\/uploads\/2017\/12\/SEAT-Arona-125H_HD-320x320.jpg 320w\" sizes=\"auto, (max-width: 150px) 100vw, 150px\" \/><\/a>\n\t\t\t<\/dt><\/dl><dl class='gallery-item'>\n\t\t\t<dt class='gallery-icon landscape'>\n\t\t\t\t<a href='https:\/\/www.drivelife.it\/news\/2017\/12\/16\/seat-arona-piccola-ultima-ma-con-grandi-doti\/seat-arona-126h_hd\/'><img loading=\"lazy\" decoding=\"async\" width=\"150\" height=\"150\" src=\"https:\/\/www.drivelife.it\/news\/wp-content\/uploads\/2017\/12\/SEAT-Arona-126H_HD-150x150.jpg\" class=\"attachment-thumbnail size-thumbnail no-lazy\" alt=\"\" srcset=\"https:\/\/www.drivelife.it\/news\/wp-content\/uploads\/2017\/12\/SEAT-Arona-126H_HD-150x150.jpg 150w, https:\/\/www.drivelife.it\/news\/wp-content\/uploads\/2017\/12\/SEAT-Arona-126H_HD-160x160.jpg 160w, https:\/\/www.drivelife.it\/news\/wp-content\/uploads\/2017\/12\/SEAT-Arona-126H_HD-320x320.jpg 320w\" sizes=\"auto, (max-width: 150px) 100vw, 150px\" \/><\/a>\n\t\t\t<\/dt><\/dl><dl class='gallery-item'>\n\t\t\t<dt class='gallery-icon landscape'>\n\t\t\t\t<a href='https:\/\/www.drivelife.it\/news\/2017\/12\/16\/seat-arona-piccola-ultima-ma-con-grandi-doti\/seat-arona-127h_hd\/'><img loading=\"lazy\" decoding=\"async\" width=\"150\" height=\"150\" src=\"https:\/\/www.drivelife.it\/news\/wp-content\/uploads\/2017\/12\/SEAT-Arona-127H_HD-150x150.jpg\" class=\"attachment-thumbnail size-thumbnail no-lazy\" alt=\"\" srcset=\"https:\/\/www.drivelife.it\/news\/wp-content\/uploads\/2017\/12\/SEAT-Arona-127H_HD-150x150.jpg 150w, https:\/\/www.drivelife.it\/news\/wp-content\/uploads\/2017\/12\/SEAT-Arona-127H_HD-160x160.jpg 160w, https:\/\/www.drivelife.it\/news\/wp-content\/uploads\/2017\/12\/SEAT-Arona-127H_HD-320x320.jpg 320w\" sizes=\"auto, (max-width: 150px) 100vw, 150px\" \/><\/a>\n\t\t\t<\/dt><\/dl><br style=\"clear: both\" \/><dl class='gallery-item'>\n\t\t\t<dt class='gallery-icon portrait'>\n\t\t\t\t<a href='https:\/\/www.drivelife.it\/news\/2017\/12\/16\/seat-arona-piccola-ultima-ma-con-grandi-doti\/seat-arona-096h_hd\/'><img loading=\"lazy\" decoding=\"async\" width=\"150\" height=\"150\" src=\"https:\/\/www.drivelife.it\/news\/wp-content\/uploads\/2017\/12\/SEAT-Arona-096H_HD-150x150.jpg\" class=\"attachment-thumbnail size-thumbnail no-lazy\" alt=\"\" srcset=\"https:\/\/www.drivelife.it\/news\/wp-content\/uploads\/2017\/12\/SEAT-Arona-096H_HD-150x150.jpg 150w, https:\/\/www.drivelife.it\/news\/wp-content\/uploads\/2017\/12\/SEAT-Arona-096H_HD-160x160.jpg 160w, https:\/\/www.drivelife.it\/news\/wp-content\/uploads\/2017\/12\/SEAT-Arona-096H_HD-320x320.jpg 320w\" sizes=\"auto, (max-width: 150px) 100vw, 150px\" \/><\/a>\n\t\t\t<\/dt><\/dl><dl class='gallery-item'>\n\t\t\t<dt class='gallery-icon portrait'>\n\t\t\t\t<a href='https:\/\/www.drivelife.it\/news\/2017\/12\/16\/seat-arona-piccola-ultima-ma-con-grandi-doti\/seat-arona-080h_hd\/'><img loading=\"lazy\" decoding=\"async\" width=\"150\" height=\"150\" src=\"https:\/\/www.drivelife.it\/news\/wp-content\/uploads\/2017\/12\/SEAT-Arona-080H_HD-150x150.jpg\" class=\"attachment-thumbnail size-thumbnail no-lazy\" alt=\"\" srcset=\"https:\/\/www.drivelife.it\/news\/wp-content\/uploads\/2017\/12\/SEAT-Arona-080H_HD-150x150.jpg 150w, https:\/\/www.drivelife.it\/news\/wp-content\/uploads\/2017\/12\/SEAT-Arona-080H_HD-160x160.jpg 160w, https:\/\/www.drivelife.it\/news\/wp-content\/uploads\/2017\/12\/SEAT-Arona-080H_HD-320x320.jpg 320w\" sizes=\"auto, (max-width: 150px) 100vw, 150px\" \/><\/a>\n\t\t\t<\/dt><\/dl><dl class='gallery-item'>\n\t\t\t<dt class='gallery-icon landscape'>\n\t\t\t\t<a href='https:\/\/www.drivelife.it\/news\/2017\/12\/16\/seat-arona-piccola-ultima-ma-con-grandi-doti\/seat-arona-081h_hd\/'><img loading=\"lazy\" decoding=\"async\" width=\"150\" height=\"150\" src=\"https:\/\/www.drivelife.it\/news\/wp-content\/uploads\/2017\/12\/SEAT-Arona-081H_HD-150x150.jpg\" class=\"attachment-thumbnail size-thumbnail no-lazy\" alt=\"\" srcset=\"https:\/\/www.drivelife.it\/news\/wp-content\/uploads\/2017\/12\/SEAT-Arona-081H_HD-150x150.jpg 150w, https:\/\/www.drivelife.it\/news\/wp-content\/uploads\/2017\/12\/SEAT-Arona-081H_HD-160x160.jpg 160w, https:\/\/www.drivelife.it\/news\/wp-content\/uploads\/2017\/12\/SEAT-Arona-081H_HD-320x320.jpg 320w\" sizes=\"auto, (max-width: 150px) 100vw, 150px\" \/><\/a>\n\t\t\t<\/dt><\/dl><dl class='gallery-item'>\n\t\t\t<dt class='gallery-icon landscape'>\n\t\t\t\t<a href='https:\/\/www.drivelife.it\/news\/2017\/12\/16\/seat-arona-piccola-ultima-ma-con-grandi-doti\/seat-arona-082h_hd\/'><img loading=\"lazy\" decoding=\"async\" width=\"150\" height=\"150\" src=\"https:\/\/www.drivelife.it\/news\/wp-content\/uploads\/2017\/12\/SEAT-Arona-082H_HD-150x150.jpg\" class=\"attachment-thumbnail size-thumbnail no-lazy\" alt=\"\" srcset=\"https:\/\/www.drivelife.it\/news\/wp-content\/uploads\/2017\/12\/SEAT-Arona-082H_HD-150x150.jpg 150w, https:\/\/www.drivelife.it\/news\/wp-content\/uploads\/2017\/12\/SEAT-Arona-082H_HD-160x160.jpg 160w, https:\/\/www.drivelife.it\/news\/wp-content\/uploads\/2017\/12\/SEAT-Arona-082H_HD-320x320.jpg 320w\" sizes=\"auto, (max-width: 150px) 100vw, 150px\" \/><\/a>\n\t\t\t<\/dt><\/dl><dl class='gallery-item'>\n\t\t\t<dt class='gallery-icon landscape'>\n\t\t\t\t<a href='https:\/\/www.drivelife.it\/news\/2017\/12\/16\/seat-arona-piccola-ultima-ma-con-grandi-doti\/seat-arona-083h_hd\/'><img loading=\"lazy\" decoding=\"async\" width=\"150\" height=\"150\" src=\"https:\/\/www.drivelife.it\/news\/wp-content\/uploads\/2017\/12\/SEAT-Arona-083H_HD-150x150.jpg\" class=\"attachment-thumbnail size-thumbnail no-lazy\" alt=\"\" srcset=\"https:\/\/www.drivelife.it\/news\/wp-content\/uploads\/2017\/12\/SEAT-Arona-083H_HD-150x150.jpg 150w, https:\/\/www.drivelife.it\/news\/wp-content\/uploads\/2017\/12\/SEAT-Arona-083H_HD-160x160.jpg 160w, https:\/\/www.drivelife.it\/news\/wp-content\/uploads\/2017\/12\/SEAT-Arona-083H_HD-320x320.jpg 320w\" sizes=\"auto, (max-width: 150px) 100vw, 150px\" \/><\/a>\n\t\t\t<\/dt><\/dl><dl class='gallery-item'>\n\t\t\t<dt class='gallery-icon landscape'>\n\t\t\t\t<a href='https:\/\/www.drivelife.it\/news\/2017\/12\/16\/seat-arona-piccola-ultima-ma-con-grandi-doti\/seat-arona-076h_hd\/'><img loading=\"lazy\" decoding=\"async\" width=\"150\" height=\"150\" src=\"https:\/\/www.drivelife.it\/news\/wp-content\/uploads\/2017\/12\/SEAT-Arona-076H_HD-150x150.jpg\" class=\"attachment-thumbnail size-thumbnail no-lazy\" alt=\"\" srcset=\"https:\/\/www.drivelife.it\/news\/wp-content\/uploads\/2017\/12\/SEAT-Arona-076H_HD-150x150.jpg 150w, https:\/\/www.drivelife.it\/news\/wp-content\/uploads\/2017\/12\/SEAT-Arona-076H_HD-160x160.jpg 160w, https:\/\/www.drivelife.it\/news\/wp-content\/uploads\/2017\/12\/SEAT-Arona-076H_HD-320x320.jpg 320w\" sizes=\"auto, (max-width: 150px) 100vw, 150px\" \/><\/a>\n\t\t\t<\/dt><\/dl><dl class='gallery-item'>\n\t\t\t<dt class='gallery-icon portrait'>\n\t\t\t\t<a href='https:\/\/www.drivelife.it\/news\/2017\/12\/16\/seat-arona-piccola-ultima-ma-con-grandi-doti\/seat-arona-077h_hd\/'><img loading=\"lazy\" decoding=\"async\" width=\"150\" height=\"150\" src=\"https:\/\/www.drivelife.it\/news\/wp-content\/uploads\/2017\/12\/SEAT-Arona-077H_HD-150x150.jpg\" class=\"attachment-thumbnail size-thumbnail no-lazy\" alt=\"\" srcset=\"https:\/\/www.drivelife.it\/news\/wp-content\/uploads\/2017\/12\/SEAT-Arona-077H_HD-150x150.jpg 150w, https:\/\/www.drivelife.it\/news\/wp-content\/uploads\/2017\/12\/SEAT-Arona-077H_HD-160x160.jpg 160w, https:\/\/www.drivelife.it\/news\/wp-content\/uploads\/2017\/12\/SEAT-Arona-077H_HD-320x320.jpg 320w\" sizes=\"auto, (max-width: 150px) 100vw, 150px\" \/><\/a>\n\t\t\t<\/dt><\/dl><dl class='gallery-item'>\n\t\t\t<dt class='gallery-icon landscape'>\n\t\t\t\t<a href='https:\/\/www.drivelife.it\/news\/2017\/12\/16\/seat-arona-piccola-ultima-ma-con-grandi-doti\/seat-arona-078h_hd\/'><img loading=\"lazy\" decoding=\"async\" width=\"150\" height=\"150\" src=\"https:\/\/www.drivelife.it\/news\/wp-content\/uploads\/2017\/12\/SEAT-Arona-078H_HD-150x150.jpg\" class=\"attachment-thumbnail size-thumbnail no-lazy\" alt=\"\" srcset=\"https:\/\/www.drivelife.it\/news\/wp-content\/uploads\/2017\/12\/SEAT-Arona-078H_HD-150x150.jpg 150w, https:\/\/www.drivelife.it\/news\/wp-content\/uploads\/2017\/12\/SEAT-Arona-078H_HD-160x160.jpg 160w, https:\/\/www.drivelife.it\/news\/wp-content\/uploads\/2017\/12\/SEAT-Arona-078H_HD-320x320.jpg 320w\" sizes=\"auto, (max-width: 150px) 100vw, 150px\" \/><\/a>\n\t\t\t<\/dt><\/dl><dl class='gallery-item'>\n\t\t\t<dt class='gallery-icon landscape'>\n\t\t\t\t<a href='https:\/\/www.drivelife.it\/news\/2017\/12\/16\/seat-arona-piccola-ultima-ma-con-grandi-doti\/seat-arona-079h_hd\/'><img loading=\"lazy\" decoding=\"async\" width=\"150\" height=\"150\" src=\"https:\/\/www.drivelife.it\/news\/wp-content\/uploads\/2017\/12\/SEAT-Arona-079H_HD-150x150.jpg\" class=\"attachment-thumbnail size-thumbnail no-lazy\" alt=\"\" srcset=\"https:\/\/www.drivelife.it\/news\/wp-content\/uploads\/2017\/12\/SEAT-Arona-079H_HD-150x150.jpg 150w, https:\/\/www.drivelife.it\/news\/wp-content\/uploads\/2017\/12\/SEAT-Arona-079H_HD-160x160.jpg 160w, https:\/\/www.drivelife.it\/news\/wp-content\/uploads\/2017\/12\/SEAT-Arona-079H_HD-320x320.jpg 320w\" sizes=\"auto, (max-width: 150px) 100vw, 150px\" \/><\/a>\n\t\t\t<\/dt><\/dl><br style=\"clear: both\" \/><dl class='gallery-item'>\n\t\t\t<dt class='gallery-icon landscape'>\n\t\t\t\t<a href='https:\/\/www.drivelife.it\/news\/2017\/12\/16\/seat-arona-piccola-ultima-ma-con-grandi-doti\/seat-arona-072h_hd\/'><img loading=\"lazy\" decoding=\"async\" width=\"150\" height=\"150\" src=\"https:\/\/www.drivelife.it\/news\/wp-content\/uploads\/2017\/12\/SEAT-Arona-072H_HD-150x150.jpg\" class=\"attachment-thumbnail size-thumbnail no-lazy\" alt=\"\" srcset=\"https:\/\/www.drivelife.it\/news\/wp-content\/uploads\/2017\/12\/SEAT-Arona-072H_HD-150x150.jpg 150w, https:\/\/www.drivelife.it\/news\/wp-content\/uploads\/2017\/12\/SEAT-Arona-072H_HD-160x160.jpg 160w, https:\/\/www.drivelife.it\/news\/wp-content\/uploads\/2017\/12\/SEAT-Arona-072H_HD-320x320.jpg 320w\" sizes=\"auto, (max-width: 150px) 100vw, 150px\" \/><\/a>\n\t\t\t<\/dt><\/dl><dl class='gallery-item'>\n\t\t\t<dt class='gallery-icon landscape'>\n\t\t\t\t<a href='https:\/\/www.drivelife.it\/news\/2017\/12\/16\/seat-arona-piccola-ultima-ma-con-grandi-doti\/seat-arona-073h_hd\/'><img loading=\"lazy\" decoding=\"async\" width=\"150\" height=\"150\" src=\"https:\/\/www.drivelife.it\/news\/wp-content\/uploads\/2017\/12\/SEAT-Arona-073H_HD-150x150.jpg\" class=\"attachment-thumbnail size-thumbnail no-lazy\" alt=\"\" srcset=\"https:\/\/www.drivelife.it\/news\/wp-content\/uploads\/2017\/12\/SEAT-Arona-073H_HD-150x150.jpg 150w, https:\/\/www.drivelife.it\/news\/wp-content\/uploads\/2017\/12\/SEAT-Arona-073H_HD-160x160.jpg 160w, https:\/\/www.drivelife.it\/news\/wp-content\/uploads\/2017\/12\/SEAT-Arona-073H_HD-320x320.jpg 320w\" sizes=\"auto, (max-width: 150px) 100vw, 150px\" \/><\/a>\n\t\t\t<\/dt><\/dl><dl class='gallery-item'>\n\t\t\t<dt class='gallery-icon landscape'>\n\t\t\t\t<a href='https:\/\/www.drivelife.it\/news\/2017\/12\/16\/seat-arona-piccola-ultima-ma-con-grandi-doti\/seat-arona-074h_hd\/'><img loading=\"lazy\" decoding=\"async\" width=\"150\" height=\"150\" src=\"https:\/\/www.drivelife.it\/news\/wp-content\/uploads\/2017\/12\/SEAT-Arona-074H_HD-150x150.jpg\" class=\"attachment-thumbnail size-thumbnail no-lazy\" alt=\"\" srcset=\"https:\/\/www.drivelife.it\/news\/wp-content\/uploads\/2017\/12\/SEAT-Arona-074H_HD-150x150.jpg 150w, https:\/\/www.drivelife.it\/news\/wp-content\/uploads\/2017\/12\/SEAT-Arona-074H_HD-160x160.jpg 160w, https:\/\/www.drivelife.it\/news\/wp-content\/uploads\/2017\/12\/SEAT-Arona-074H_HD-320x320.jpg 320w\" sizes=\"auto, (max-width: 150px) 100vw, 150px\" \/><\/a>\n\t\t\t<\/dt><\/dl><dl class='gallery-item'>\n\t\t\t<dt class='gallery-icon landscape'>\n\t\t\t\t<a href='https:\/\/www.drivelife.it\/news\/2017\/12\/16\/seat-arona-piccola-ultima-ma-con-grandi-doti\/seat-arona-075h_hd\/'><img loading=\"lazy\" decoding=\"async\" width=\"150\" height=\"150\" src=\"https:\/\/www.drivelife.it\/news\/wp-content\/uploads\/2017\/12\/SEAT-Arona-075H_HD-150x150.jpg\" class=\"attachment-thumbnail size-thumbnail no-lazy\" alt=\"\" srcset=\"https:\/\/www.drivelife.it\/news\/wp-content\/uploads\/2017\/12\/SEAT-Arona-075H_HD-150x150.jpg 150w, https:\/\/www.drivelife.it\/news\/wp-content\/uploads\/2017\/12\/SEAT-Arona-075H_HD-160x160.jpg 160w, https:\/\/www.drivelife.it\/news\/wp-content\/uploads\/2017\/12\/SEAT-Arona-075H_HD-320x320.jpg 320w\" sizes=\"auto, (max-width: 150px) 100vw, 150px\" \/><\/a>\n\t\t\t<\/dt><\/dl><dl class='gallery-item'>\n\t\t\t<dt class='gallery-icon landscape'>\n\t\t\t\t<a href='https:\/\/www.drivelife.it\/news\/2017\/12\/16\/seat-arona-piccola-ultima-ma-con-grandi-doti\/seat-arona-070h_hd\/'><img loading=\"lazy\" decoding=\"async\" width=\"150\" height=\"150\" src=\"https:\/\/www.drivelife.it\/news\/wp-content\/uploads\/2017\/12\/SEAT-Arona-070H_HD-150x150.jpg\" class=\"attachment-thumbnail size-thumbnail no-lazy\" alt=\"\" srcset=\"https:\/\/www.drivelife.it\/news\/wp-content\/uploads\/2017\/12\/SEAT-Arona-070H_HD-150x150.jpg 150w, https:\/\/www.drivelife.it\/news\/wp-content\/uploads\/2017\/12\/SEAT-Arona-070H_HD-160x160.jpg 160w, https:\/\/www.drivelife.it\/news\/wp-content\/uploads\/2017\/12\/SEAT-Arona-070H_HD-320x320.jpg 320w\" sizes=\"auto, (max-width: 150px) 100vw, 150px\" \/><\/a>\n\t\t\t<\/dt><\/dl><dl class='gallery-item'>\n\t\t\t<dt class='gallery-icon landscape'>\n\t\t\t\t<a href='https:\/\/www.drivelife.it\/news\/2017\/12\/16\/seat-arona-piccola-ultima-ma-con-grandi-doti\/seat-arona-071h_hd\/'><img loading=\"lazy\" decoding=\"async\" width=\"150\" height=\"150\" src=\"https:\/\/www.drivelife.it\/news\/wp-content\/uploads\/2017\/12\/SEAT-Arona-071H_HD-150x150.jpg\" class=\"attachment-thumbnail size-thumbnail no-lazy\" alt=\"\" srcset=\"https:\/\/www.drivelife.it\/news\/wp-content\/uploads\/2017\/12\/SEAT-Arona-071H_HD-150x150.jpg 150w, https:\/\/www.drivelife.it\/news\/wp-content\/uploads\/2017\/12\/SEAT-Arona-071H_HD-160x160.jpg 160w, https:\/\/www.drivelife.it\/news\/wp-content\/uploads\/2017\/12\/SEAT-Arona-071H_HD-320x320.jpg 320w\" sizes=\"auto, (max-width: 150px) 100vw, 150px\" \/><\/a>\n\t\t\t<\/dt><\/dl><dl class='gallery-item'>\n\t\t\t<dt class='gallery-icon portrait'>\n\t\t\t\t<a href='https:\/\/www.drivelife.it\/news\/2017\/12\/16\/seat-arona-piccola-ultima-ma-con-grandi-doti\/seat-arona-064h_hd\/'><img loading=\"lazy\" decoding=\"async\" width=\"150\" height=\"150\" src=\"https:\/\/www.drivelife.it\/news\/wp-content\/uploads\/2017\/12\/SEAT-Arona-064H_HD-150x150.jpg\" class=\"attachment-thumbnail size-thumbnail no-lazy\" alt=\"\" srcset=\"https:\/\/www.drivelife.it\/news\/wp-content\/uploads\/2017\/12\/SEAT-Arona-064H_HD-150x150.jpg 150w, https:\/\/www.drivelife.it\/news\/wp-content\/uploads\/2017\/12\/SEAT-Arona-064H_HD-160x160.jpg 160w, https:\/\/www.drivelife.it\/news\/wp-content\/uploads\/2017\/12\/SEAT-Arona-064H_HD-320x320.jpg 320w\" sizes=\"auto, (max-width: 150px) 100vw, 150px\" \/><\/a>\n\t\t\t<\/dt><\/dl><dl class='gallery-item'>\n\t\t\t<dt class='gallery-icon landscape'>\n\t\t\t\t<a href='https:\/\/www.drivelife.it\/news\/2017\/12\/16\/seat-arona-piccola-ultima-ma-con-grandi-doti\/seat-arona-065h_hd\/'><img loading=\"lazy\" decoding=\"async\" width=\"150\" height=\"150\" src=\"https:\/\/www.drivelife.it\/news\/wp-content\/uploads\/2017\/12\/SEAT-Arona-065H_HD-150x150.jpg\" class=\"attachment-thumbnail size-thumbnail no-lazy\" alt=\"\" srcset=\"https:\/\/www.drivelife.it\/news\/wp-content\/uploads\/2017\/12\/SEAT-Arona-065H_HD-150x150.jpg 150w, https:\/\/www.drivelife.it\/news\/wp-content\/uploads\/2017\/12\/SEAT-Arona-065H_HD-160x160.jpg 160w, https:\/\/www.drivelife.it\/news\/wp-content\/uploads\/2017\/12\/SEAT-Arona-065H_HD-320x320.jpg 320w\" sizes=\"auto, (max-width: 150px) 100vw, 150px\" \/><\/a>\n\t\t\t<\/dt><\/dl><dl class='gallery-item'>\n\t\t\t<dt class='gallery-icon landscape'>\n\t\t\t\t<a href='https:\/\/www.drivelife.it\/news\/2017\/12\/16\/seat-arona-piccola-ultima-ma-con-grandi-doti\/seat-arona-066h_hd\/'><img loading=\"lazy\" decoding=\"async\" width=\"150\" height=\"150\" src=\"https:\/\/www.drivelife.it\/news\/wp-content\/uploads\/2017\/12\/SEAT-Arona-066H_HD-150x150.jpg\" class=\"attachment-thumbnail size-thumbnail no-lazy\" alt=\"\" srcset=\"https:\/\/www.drivelife.it\/news\/wp-content\/uploads\/2017\/12\/SEAT-Arona-066H_HD-150x150.jpg 150w, https:\/\/www.drivelife.it\/news\/wp-content\/uploads\/2017\/12\/SEAT-Arona-066H_HD-160x160.jpg 160w, https:\/\/www.drivelife.it\/news\/wp-content\/uploads\/2017\/12\/SEAT-Arona-066H_HD-320x320.jpg 320w\" sizes=\"auto, (max-width: 150px) 100vw, 150px\" \/><\/a>\n\t\t\t<\/dt><\/dl><br style=\"clear: both\" \/><dl class='gallery-item'>\n\t\t\t<dt class='gallery-icon landscape'>\n\t\t\t\t<a href='https:\/\/www.drivelife.it\/news\/2017\/12\/16\/seat-arona-piccola-ultima-ma-con-grandi-doti\/seat-arona-067h_hd\/'><img loading=\"lazy\" decoding=\"async\" width=\"150\" height=\"150\" src=\"https:\/\/www.drivelife.it\/news\/wp-content\/uploads\/2017\/12\/SEAT-Arona-067H_HD-150x150.jpg\" class=\"attachment-thumbnail size-thumbnail no-lazy\" alt=\"\" srcset=\"https:\/\/www.drivelife.it\/news\/wp-content\/uploads\/2017\/12\/SEAT-Arona-067H_HD-150x150.jpg 150w, https:\/\/www.drivelife.it\/news\/wp-content\/uploads\/2017\/12\/SEAT-Arona-067H_HD-160x160.jpg 160w, https:\/\/www.drivelife.it\/news\/wp-content\/uploads\/2017\/12\/SEAT-Arona-067H_HD-320x320.jpg 320w\" sizes=\"auto, (max-width: 150px) 100vw, 150px\" \/><\/a>\n\t\t\t<\/dt><\/dl><dl class='gallery-item'>\n\t\t\t<dt class='gallery-icon landscape'>\n\t\t\t\t<a href='https:\/\/www.drivelife.it\/news\/2017\/12\/16\/seat-arona-piccola-ultima-ma-con-grandi-doti\/seat-arona-060h_hd\/'><img loading=\"lazy\" decoding=\"async\" width=\"150\" height=\"150\" src=\"https:\/\/www.drivelife.it\/news\/wp-content\/uploads\/2017\/12\/SEAT-Arona-060H_HD-150x150.jpg\" class=\"attachment-thumbnail size-thumbnail no-lazy\" alt=\"\" srcset=\"https:\/\/www.drivelife.it\/news\/wp-content\/uploads\/2017\/12\/SEAT-Arona-060H_HD-150x150.jpg 150w, https:\/\/www.drivelife.it\/news\/wp-content\/uploads\/2017\/12\/SEAT-Arona-060H_HD-160x160.jpg 160w, https:\/\/www.drivelife.it\/news\/wp-content\/uploads\/2017\/12\/SEAT-Arona-060H_HD-320x320.jpg 320w\" sizes=\"auto, (max-width: 150px) 100vw, 150px\" \/><\/a>\n\t\t\t<\/dt><\/dl><dl class='gallery-item'>\n\t\t\t<dt class='gallery-icon landscape'>\n\t\t\t\t<a href='https:\/\/www.drivelife.it\/news\/2017\/12\/16\/seat-arona-piccola-ultima-ma-con-grandi-doti\/seat-arona-061h_hd\/'><img loading=\"lazy\" decoding=\"async\" width=\"150\" height=\"150\" src=\"https:\/\/www.drivelife.it\/news\/wp-content\/uploads\/2017\/12\/SEAT-Arona-061H_HD-150x150.jpg\" class=\"attachment-thumbnail size-thumbnail no-lazy\" alt=\"\" srcset=\"https:\/\/www.drivelife.it\/news\/wp-content\/uploads\/2017\/12\/SEAT-Arona-061H_HD-150x150.jpg 150w, https:\/\/www.drivelife.it\/news\/wp-content\/uploads\/2017\/12\/SEAT-Arona-061H_HD-160x160.jpg 160w, https:\/\/www.drivelife.it\/news\/wp-content\/uploads\/2017\/12\/SEAT-Arona-061H_HD-320x320.jpg 320w\" sizes=\"auto, (max-width: 150px) 100vw, 150px\" \/><\/a>\n\t\t\t<\/dt><\/dl><dl class='gallery-item'>\n\t\t\t<dt class='gallery-icon landscape'>\n\t\t\t\t<a href='https:\/\/www.drivelife.it\/news\/2017\/12\/16\/seat-arona-piccola-ultima-ma-con-grandi-doti\/seat-arona-062h_hd\/'><img loading=\"lazy\" decoding=\"async\" width=\"150\" height=\"150\" src=\"https:\/\/www.drivelife.it\/news\/wp-content\/uploads\/2017\/12\/SEAT-Arona-062H_HD-150x150.jpg\" class=\"attachment-thumbnail size-thumbnail no-lazy\" alt=\"\" srcset=\"https:\/\/www.drivelife.it\/news\/wp-content\/uploads\/2017\/12\/SEAT-Arona-062H_HD-150x150.jpg 150w, https:\/\/www.drivelife.it\/news\/wp-content\/uploads\/2017\/12\/SEAT-Arona-062H_HD-160x160.jpg 160w, https:\/\/www.drivelife.it\/news\/wp-content\/uploads\/2017\/12\/SEAT-Arona-062H_HD-320x320.jpg 320w\" sizes=\"auto, (max-width: 150px) 100vw, 150px\" \/><\/a>\n\t\t\t<\/dt><\/dl><dl class='gallery-item'>\n\t\t\t<dt class='gallery-icon landscape'>\n\t\t\t\t<a href='https:\/\/www.drivelife.it\/news\/2017\/12\/16\/seat-arona-piccola-ultima-ma-con-grandi-doti\/seat-arona-063h_hd\/'><img loading=\"lazy\" decoding=\"async\" width=\"150\" height=\"150\" src=\"https:\/\/www.drivelife.it\/news\/wp-content\/uploads\/2017\/12\/SEAT-Arona-063H_HD-150x150.jpg\" class=\"attachment-thumbnail size-thumbnail no-lazy\" alt=\"\" srcset=\"https:\/\/www.drivelife.it\/news\/wp-content\/uploads\/2017\/12\/SEAT-Arona-063H_HD-150x150.jpg 150w, https:\/\/www.drivelife.it\/news\/wp-content\/uploads\/2017\/12\/SEAT-Arona-063H_HD-160x160.jpg 160w, https:\/\/www.drivelife.it\/news\/wp-content\/uploads\/2017\/12\/SEAT-Arona-063H_HD-320x320.jpg 320w\" sizes=\"auto, (max-width: 150px) 100vw, 150px\" \/><\/a>\n\t\t\t<\/dt><\/dl><dl class='gallery-item'>\n\t\t\t<dt class='gallery-icon landscape'>\n\t\t\t\t<a href='https:\/\/www.drivelife.it\/news\/2017\/12\/16\/seat-arona-piccola-ultima-ma-con-grandi-doti\/seat-arona-057h_hd\/'><img loading=\"lazy\" decoding=\"async\" width=\"150\" height=\"150\" src=\"https:\/\/www.drivelife.it\/news\/wp-content\/uploads\/2017\/12\/SEAT-Arona-057H_HD-150x150.jpg\" class=\"attachment-thumbnail size-thumbnail no-lazy\" alt=\"\" srcset=\"https:\/\/www.drivelife.it\/news\/wp-content\/uploads\/2017\/12\/SEAT-Arona-057H_HD-150x150.jpg 150w, https:\/\/www.drivelife.it\/news\/wp-content\/uploads\/2017\/12\/SEAT-Arona-057H_HD-160x160.jpg 160w, https:\/\/www.drivelife.it\/news\/wp-content\/uploads\/2017\/12\/SEAT-Arona-057H_HD-320x320.jpg 320w\" sizes=\"auto, (max-width: 150px) 100vw, 150px\" \/><\/a>\n\t\t\t<\/dt><\/dl><dl class='gallery-item'>\n\t\t\t<dt class='gallery-icon portrait'>\n\t\t\t\t<a href='https:\/\/www.drivelife.it\/news\/2017\/12\/16\/seat-arona-piccola-ultima-ma-con-grandi-doti\/seat-arona-058h_hd\/'><img loading=\"lazy\" decoding=\"async\" width=\"150\" height=\"150\" src=\"https:\/\/www.drivelife.it\/news\/wp-content\/uploads\/2017\/12\/SEAT-Arona-058H_HD-150x150.jpg\" class=\"attachment-thumbnail size-thumbnail no-lazy\" alt=\"\" srcset=\"https:\/\/www.drivelife.it\/news\/wp-content\/uploads\/2017\/12\/SEAT-Arona-058H_HD-150x150.jpg 150w, https:\/\/www.drivelife.it\/news\/wp-content\/uploads\/2017\/12\/SEAT-Arona-058H_HD-160x160.jpg 160w, https:\/\/www.drivelife.it\/news\/wp-content\/uploads\/2017\/12\/SEAT-Arona-058H_HD-320x320.jpg 320w\" sizes=\"auto, (max-width: 150px) 100vw, 150px\" \/><\/a>\n\t\t\t<\/dt><\/dl><dl class='gallery-item'>\n\t\t\t<dt class='gallery-icon landscape'>\n\t\t\t\t<a href='https:\/\/www.drivelife.it\/news\/2017\/12\/16\/seat-arona-piccola-ultima-ma-con-grandi-doti\/seat-arona-059h_hd\/'><img loading=\"lazy\" decoding=\"async\" width=\"150\" height=\"150\" src=\"https:\/\/www.drivelife.it\/news\/wp-content\/uploads\/2017\/12\/SEAT-Arona-059H_HD-150x150.jpg\" class=\"attachment-thumbnail size-thumbnail no-lazy\" alt=\"\" srcset=\"https:\/\/www.drivelife.it\/news\/wp-content\/uploads\/2017\/12\/SEAT-Arona-059H_HD-150x150.jpg 150w, https:\/\/www.drivelife.it\/news\/wp-content\/uploads\/2017\/12\/SEAT-Arona-059H_HD-160x160.jpg 160w, https:\/\/www.drivelife.it\/news\/wp-content\/uploads\/2017\/12\/SEAT-Arona-059H_HD-320x320.jpg 320w\" sizes=\"auto, (max-width: 150px) 100vw, 150px\" \/><\/a>\n\t\t\t<\/dt><\/dl><dl class='gallery-item'>\n\t\t\t<dt class='gallery-icon landscape'>\n\t\t\t\t<a href='https:\/\/www.drivelife.it\/news\/2017\/12\/16\/seat-arona-piccola-ultima-ma-con-grandi-doti\/seat-arona-056h_hd\/'><img loading=\"lazy\" decoding=\"async\" width=\"150\" height=\"150\" src=\"https:\/\/www.drivelife.it\/news\/wp-content\/uploads\/2017\/12\/SEAT-Arona-056H_HD-150x150.jpg\" class=\"attachment-thumbnail size-thumbnail no-lazy\" alt=\"\" srcset=\"https:\/\/www.drivelife.it\/news\/wp-content\/uploads\/2017\/12\/SEAT-Arona-056H_HD-150x150.jpg 150w, https:\/\/www.drivelife.it\/news\/wp-content\/uploads\/2017\/12\/SEAT-Arona-056H_HD-160x160.jpg 160w, https:\/\/www.drivelife.it\/news\/wp-content\/uploads\/2017\/12\/SEAT-Arona-056H_HD-320x320.jpg 320w\" sizes=\"auto, (max-width: 150px) 100vw, 150px\" \/><\/a>\n\t\t\t<\/dt><\/dl><br style=\"clear: both\" \/><dl class='gallery-item'>\n\t\t\t<dt class='gallery-icon landscape'>\n\t\t\t\t<a href='https:\/\/www.drivelife.it\/news\/2017\/12\/16\/seat-arona-piccola-ultima-ma-con-grandi-doti\/seat-arona-047h_hd\/'><img loading=\"lazy\" decoding=\"async\" width=\"150\" height=\"150\" src=\"https:\/\/www.drivelife.it\/news\/wp-content\/uploads\/2017\/12\/SEAT-Arona-047H_HD-150x150.jpg\" class=\"attachment-thumbnail size-thumbnail no-lazy\" alt=\"\" srcset=\"https:\/\/www.drivelife.it\/news\/wp-content\/uploads\/2017\/12\/SEAT-Arona-047H_HD-150x150.jpg 150w, https:\/\/www.drivelife.it\/news\/wp-content\/uploads\/2017\/12\/SEAT-Arona-047H_HD-160x160.jpg 160w, https:\/\/www.drivelife.it\/news\/wp-content\/uploads\/2017\/12\/SEAT-Arona-047H_HD-320x320.jpg 320w\" sizes=\"auto, (max-width: 150px) 100vw, 150px\" \/><\/a>\n\t\t\t<\/dt><\/dl><dl class='gallery-item'>\n\t\t\t<dt class='gallery-icon landscape'>\n\t\t\t\t<a href='https:\/\/www.drivelife.it\/news\/2017\/12\/16\/seat-arona-piccola-ultima-ma-con-grandi-doti\/seat-arona-048h_hd\/'><img loading=\"lazy\" decoding=\"async\" width=\"150\" height=\"150\" src=\"https:\/\/www.drivelife.it\/news\/wp-content\/uploads\/2017\/12\/SEAT-Arona-048H_HD-150x150.jpg\" class=\"attachment-thumbnail size-thumbnail no-lazy\" alt=\"\" srcset=\"https:\/\/www.drivelife.it\/news\/wp-content\/uploads\/2017\/12\/SEAT-Arona-048H_HD-150x150.jpg 150w, https:\/\/www.drivelife.it\/news\/wp-content\/uploads\/2017\/12\/SEAT-Arona-048H_HD-160x160.jpg 160w, https:\/\/www.drivelife.it\/news\/wp-content\/uploads\/2017\/12\/SEAT-Arona-048H_HD-320x320.jpg 320w\" sizes=\"auto, (max-width: 150px) 100vw, 150px\" \/><\/a>\n\t\t\t<\/dt><\/dl><dl class='gallery-item'>\n\t\t\t<dt class='gallery-icon landscape'>\n\t\t\t\t<a href='https:\/\/www.drivelife.it\/news\/2017\/12\/16\/seat-arona-piccola-ultima-ma-con-grandi-doti\/seat-arona-049h_hd\/'><img loading=\"lazy\" decoding=\"async\" width=\"150\" height=\"150\" src=\"https:\/\/www.drivelife.it\/news\/wp-content\/uploads\/2017\/12\/SEAT-Arona-049H_HD-150x150.jpg\" class=\"attachment-thumbnail size-thumbnail no-lazy\" alt=\"\" srcset=\"https:\/\/www.drivelife.it\/news\/wp-content\/uploads\/2017\/12\/SEAT-Arona-049H_HD-150x150.jpg 150w, https:\/\/www.drivelife.it\/news\/wp-content\/uploads\/2017\/12\/SEAT-Arona-049H_HD-160x160.jpg 160w, https:\/\/www.drivelife.it\/news\/wp-content\/uploads\/2017\/12\/SEAT-Arona-049H_HD-320x320.jpg 320w\" sizes=\"auto, (max-width: 150px) 100vw, 150px\" \/><\/a>\n\t\t\t<\/dt><\/dl><dl class='gallery-item'>\n\t\t\t<dt class='gallery-icon landscape'>\n\t\t\t\t<a href='https:\/\/www.drivelife.it\/news\/2017\/12\/16\/seat-arona-piccola-ultima-ma-con-grandi-doti\/seat-arona-043h_hd\/'><img loading=\"lazy\" decoding=\"async\" width=\"150\" height=\"150\" src=\"https:\/\/www.drivelife.it\/news\/wp-content\/uploads\/2017\/12\/SEAT-Arona-043H_HD-150x150.jpg\" class=\"attachment-thumbnail size-thumbnail no-lazy\" alt=\"\" srcset=\"https:\/\/www.drivelife.it\/news\/wp-content\/uploads\/2017\/12\/SEAT-Arona-043H_HD-150x150.jpg 150w, https:\/\/www.drivelife.it\/news\/wp-content\/uploads\/2017\/12\/SEAT-Arona-043H_HD-160x160.jpg 160w, https:\/\/www.drivelife.it\/news\/wp-content\/uploads\/2017\/12\/SEAT-Arona-043H_HD-320x320.jpg 320w\" sizes=\"auto, (max-width: 150px) 100vw, 150px\" \/><\/a>\n\t\t\t<\/dt><\/dl><dl class='gallery-item'>\n\t\t\t<dt class='gallery-icon portrait'>\n\t\t\t\t<a href='https:\/\/www.drivelife.it\/news\/2017\/12\/16\/seat-arona-piccola-ultima-ma-con-grandi-doti\/seat-arona-044h_hd\/'><img loading=\"lazy\" decoding=\"async\" width=\"150\" height=\"150\" src=\"https:\/\/www.drivelife.it\/news\/wp-content\/uploads\/2017\/12\/SEAT-Arona-044H_HD-150x150.jpg\" class=\"attachment-thumbnail size-thumbnail no-lazy\" alt=\"\" srcset=\"https:\/\/www.drivelife.it\/news\/wp-content\/uploads\/2017\/12\/SEAT-Arona-044H_HD-150x150.jpg 150w, https:\/\/www.drivelife.it\/news\/wp-content\/uploads\/2017\/12\/SEAT-Arona-044H_HD-160x160.jpg 160w, https:\/\/www.drivelife.it\/news\/wp-content\/uploads\/2017\/12\/SEAT-Arona-044H_HD-320x320.jpg 320w\" sizes=\"auto, (max-width: 150px) 100vw, 150px\" \/><\/a>\n\t\t\t<\/dt><\/dl><dl class='gallery-item'>\n\t\t\t<dt class='gallery-icon landscape'>\n\t\t\t\t<a href='https:\/\/www.drivelife.it\/news\/2017\/12\/16\/seat-arona-piccola-ultima-ma-con-grandi-doti\/seat-arona-045h_hd\/'><img loading=\"lazy\" decoding=\"async\" width=\"150\" height=\"150\" src=\"https:\/\/www.drivelife.it\/news\/wp-content\/uploads\/2017\/12\/SEAT-Arona-045H_HD-150x150.jpg\" class=\"attachment-thumbnail size-thumbnail no-lazy\" alt=\"\" srcset=\"https:\/\/www.drivelife.it\/news\/wp-content\/uploads\/2017\/12\/SEAT-Arona-045H_HD-150x150.jpg 150w, https:\/\/www.drivelife.it\/news\/wp-content\/uploads\/2017\/12\/SEAT-Arona-045H_HD-160x160.jpg 160w, https:\/\/www.drivelife.it\/news\/wp-content\/uploads\/2017\/12\/SEAT-Arona-045H_HD-320x320.jpg 320w\" sizes=\"auto, (max-width: 150px) 100vw, 150px\" \/><\/a>\n\t\t\t<\/dt><\/dl><dl class='gallery-item'>\n\t\t\t<dt class='gallery-icon portrait'>\n\t\t\t\t<a href='https:\/\/www.drivelife.it\/news\/2017\/12\/16\/seat-arona-piccola-ultima-ma-con-grandi-doti\/seat-arona-046h_hd\/'><img loading=\"lazy\" decoding=\"async\" width=\"150\" height=\"150\" src=\"https:\/\/www.drivelife.it\/news\/wp-content\/uploads\/2017\/12\/SEAT-Arona-046H_HD-150x150.jpg\" class=\"attachment-thumbnail size-thumbnail no-lazy\" alt=\"\" srcset=\"https:\/\/www.drivelife.it\/news\/wp-content\/uploads\/2017\/12\/SEAT-Arona-046H_HD-150x150.jpg 150w, https:\/\/www.drivelife.it\/news\/wp-content\/uploads\/2017\/12\/SEAT-Arona-046H_HD-160x160.jpg 160w, https:\/\/www.drivelife.it\/news\/wp-content\/uploads\/2017\/12\/SEAT-Arona-046H_HD-320x320.jpg 320w\" sizes=\"auto, (max-width: 150px) 100vw, 150px\" \/><\/a>\n\t\t\t<\/dt><\/dl><dl class='gallery-item'>\n\t\t\t<dt class='gallery-icon landscape'>\n\t\t\t\t<a href='https:\/\/www.drivelife.it\/news\/2017\/12\/16\/seat-arona-piccola-ultima-ma-con-grandi-doti\/seat-arona-039h_hd\/'><img loading=\"lazy\" decoding=\"async\" width=\"150\" height=\"150\" src=\"https:\/\/www.drivelife.it\/news\/wp-content\/uploads\/2017\/12\/SEAT-Arona-039H_HD-150x150.jpg\" class=\"attachment-thumbnail size-thumbnail no-lazy\" alt=\"\" srcset=\"https:\/\/www.drivelife.it\/news\/wp-content\/uploads\/2017\/12\/SEAT-Arona-039H_HD-150x150.jpg 150w, https:\/\/www.drivelife.it\/news\/wp-content\/uploads\/2017\/12\/SEAT-Arona-039H_HD-160x160.jpg 160w, https:\/\/www.drivelife.it\/news\/wp-content\/uploads\/2017\/12\/SEAT-Arona-039H_HD-320x320.jpg 320w\" sizes=\"auto, (max-width: 150px) 100vw, 150px\" \/><\/a>\n\t\t\t<\/dt><\/dl><dl class='gallery-item'>\n\t\t\t<dt class='gallery-icon landscape'>\n\t\t\t\t<a href='https:\/\/www.drivelife.it\/news\/2017\/12\/16\/seat-arona-piccola-ultima-ma-con-grandi-doti\/seat-arona-040h_hd\/'><img loading=\"lazy\" decoding=\"async\" width=\"150\" height=\"150\" src=\"https:\/\/www.drivelife.it\/news\/wp-content\/uploads\/2017\/12\/SEAT-Arona-040H_HD-150x150.jpg\" class=\"attachment-thumbnail size-thumbnail no-lazy\" alt=\"\" srcset=\"https:\/\/www.drivelife.it\/news\/wp-content\/uploads\/2017\/12\/SEAT-Arona-040H_HD-150x150.jpg 150w, https:\/\/www.drivelife.it\/news\/wp-content\/uploads\/2017\/12\/SEAT-Arona-040H_HD-160x160.jpg 160w, https:\/\/www.drivelife.it\/news\/wp-content\/uploads\/2017\/12\/SEAT-Arona-040H_HD-320x320.jpg 320w\" sizes=\"auto, (max-width: 150px) 100vw, 150px\" \/><\/a>\n\t\t\t<\/dt><\/dl><br style=\"clear: both\" \/><dl class='gallery-item'>\n\t\t\t<dt class='gallery-icon landscape'>\n\t\t\t\t<a href='https:\/\/www.drivelife.it\/news\/2017\/12\/16\/seat-arona-piccola-ultima-ma-con-grandi-doti\/seat-arona-041h_hd\/'><img loading=\"lazy\" decoding=\"async\" width=\"150\" height=\"150\" src=\"https:\/\/www.drivelife.it\/news\/wp-content\/uploads\/2017\/12\/SEAT-Arona-041H_HD-150x150.jpg\" class=\"attachment-thumbnail size-thumbnail no-lazy\" alt=\"\" srcset=\"https:\/\/www.drivelife.it\/news\/wp-content\/uploads\/2017\/12\/SEAT-Arona-041H_HD-150x150.jpg 150w, https:\/\/www.drivelife.it\/news\/wp-content\/uploads\/2017\/12\/SEAT-Arona-041H_HD-160x160.jpg 160w, https:\/\/www.drivelife.it\/news\/wp-content\/uploads\/2017\/12\/SEAT-Arona-041H_HD-320x320.jpg 320w\" sizes=\"auto, (max-width: 150px) 100vw, 150px\" \/><\/a>\n\t\t\t<\/dt><\/dl><dl class='gallery-item'>\n\t\t\t<dt class='gallery-icon landscape'>\n\t\t\t\t<a href='https:\/\/www.drivelife.it\/news\/2017\/12\/16\/seat-arona-piccola-ultima-ma-con-grandi-doti\/seat-arona-042h_hd\/'><img loading=\"lazy\" decoding=\"async\" width=\"150\" height=\"150\" src=\"https:\/\/www.drivelife.it\/news\/wp-content\/uploads\/2017\/12\/SEAT-Arona-042H_HD-150x150.jpg\" class=\"attachment-thumbnail size-thumbnail no-lazy\" alt=\"\" srcset=\"https:\/\/www.drivelife.it\/news\/wp-content\/uploads\/2017\/12\/SEAT-Arona-042H_HD-150x150.jpg 150w, https:\/\/www.drivelife.it\/news\/wp-content\/uploads\/2017\/12\/SEAT-Arona-042H_HD-160x160.jpg 160w, https:\/\/www.drivelife.it\/news\/wp-content\/uploads\/2017\/12\/SEAT-Arona-042H_HD-320x320.jpg 320w\" sizes=\"auto, (max-width: 150px) 100vw, 150px\" \/><\/a>\n\t\t\t<\/dt><\/dl><dl class='gallery-item'>\n\t\t\t<dt class='gallery-icon landscape'>\n\t\t\t\t<a href='https:\/\/www.drivelife.it\/news\/2017\/12\/16\/seat-arona-piccola-ultima-ma-con-grandi-doti\/seat-arona-036h_hd\/'><img loading=\"lazy\" decoding=\"async\" width=\"150\" height=\"150\" src=\"https:\/\/www.drivelife.it\/news\/wp-content\/uploads\/2017\/12\/SEAT-Arona-036H_HD-150x150.jpg\" class=\"attachment-thumbnail size-thumbnail no-lazy\" alt=\"\" srcset=\"https:\/\/www.drivelife.it\/news\/wp-content\/uploads\/2017\/12\/SEAT-Arona-036H_HD-150x150.jpg 150w, https:\/\/www.drivelife.it\/news\/wp-content\/uploads\/2017\/12\/SEAT-Arona-036H_HD-160x160.jpg 160w, https:\/\/www.drivelife.it\/news\/wp-content\/uploads\/2017\/12\/SEAT-Arona-036H_HD-320x320.jpg 320w\" sizes=\"auto, (max-width: 150px) 100vw, 150px\" \/><\/a>\n\t\t\t<\/dt><\/dl><dl class='gallery-item'>\n\t\t\t<dt class='gallery-icon landscape'>\n\t\t\t\t<a href='https:\/\/www.drivelife.it\/news\/2017\/12\/16\/seat-arona-piccola-ultima-ma-con-grandi-doti\/seat-arona-037h_hd\/'><img loading=\"lazy\" decoding=\"async\" width=\"150\" height=\"150\" src=\"https:\/\/www.drivelife.it\/news\/wp-content\/uploads\/2017\/12\/SEAT-Arona-037H_HD-150x150.jpg\" class=\"attachment-thumbnail size-thumbnail no-lazy\" alt=\"\" srcset=\"https:\/\/www.drivelife.it\/news\/wp-content\/uploads\/2017\/12\/SEAT-Arona-037H_HD-150x150.jpg 150w, https:\/\/www.drivelife.it\/news\/wp-content\/uploads\/2017\/12\/SEAT-Arona-037H_HD-160x160.jpg 160w, https:\/\/www.drivelife.it\/news\/wp-content\/uploads\/2017\/12\/SEAT-Arona-037H_HD-320x320.jpg 320w\" sizes=\"auto, (max-width: 150px) 100vw, 150px\" \/><\/a>\n\t\t\t<\/dt><\/dl><dl class='gallery-item'>\n\t\t\t<dt class='gallery-icon landscape'>\n\t\t\t\t<a href='https:\/\/www.drivelife.it\/news\/2017\/12\/16\/seat-arona-piccola-ultima-ma-con-grandi-doti\/seat-arona-038h_hd\/'><img loading=\"lazy\" decoding=\"async\" width=\"150\" height=\"150\" src=\"https:\/\/www.drivelife.it\/news\/wp-content\/uploads\/2017\/12\/SEAT-Arona-038H_HD-150x150.jpg\" class=\"attachment-thumbnail size-thumbnail no-lazy\" alt=\"\" srcset=\"https:\/\/www.drivelife.it\/news\/wp-content\/uploads\/2017\/12\/SEAT-Arona-038H_HD-150x150.jpg 150w, https:\/\/www.drivelife.it\/news\/wp-content\/uploads\/2017\/12\/SEAT-Arona-038H_HD-160x160.jpg 160w, https:\/\/www.drivelife.it\/news\/wp-content\/uploads\/2017\/12\/SEAT-Arona-038H_HD-320x320.jpg 320w\" sizes=\"auto, (max-width: 150px) 100vw, 150px\" \/><\/a>\n\t\t\t<\/dt><\/dl><dl class='gallery-item'>\n\t\t\t<dt class='gallery-icon portrait'>\n\t\t\t\t<a href='https:\/\/www.drivelife.it\/news\/2017\/12\/16\/seat-arona-piccola-ultima-ma-con-grandi-doti\/seat-arona-032h_hd\/'><img loading=\"lazy\" decoding=\"async\" width=\"150\" height=\"150\" src=\"https:\/\/www.drivelife.it\/news\/wp-content\/uploads\/2017\/12\/SEAT-Arona-032H_HD-150x150.jpg\" class=\"attachment-thumbnail size-thumbnail no-lazy\" alt=\"\" srcset=\"https:\/\/www.drivelife.it\/news\/wp-content\/uploads\/2017\/12\/SEAT-Arona-032H_HD-150x150.jpg 150w, https:\/\/www.drivelife.it\/news\/wp-content\/uploads\/2017\/12\/SEAT-Arona-032H_HD-160x160.jpg 160w, https:\/\/www.drivelife.it\/news\/wp-content\/uploads\/2017\/12\/SEAT-Arona-032H_HD-320x320.jpg 320w\" sizes=\"auto, (max-width: 150px) 100vw, 150px\" \/><\/a>\n\t\t\t<\/dt><\/dl><dl class='gallery-item'>\n\t\t\t<dt class='gallery-icon landscape'>\n\t\t\t\t<a href='https:\/\/www.drivelife.it\/news\/2017\/12\/16\/seat-arona-piccola-ultima-ma-con-grandi-doti\/seat-arona-033h_hd\/'><img loading=\"lazy\" decoding=\"async\" width=\"150\" height=\"150\" src=\"https:\/\/www.drivelife.it\/news\/wp-content\/uploads\/2017\/12\/SEAT-Arona-033H_HD-150x150.jpg\" class=\"attachment-thumbnail size-thumbnail no-lazy\" alt=\"\" srcset=\"https:\/\/www.drivelife.it\/news\/wp-content\/uploads\/2017\/12\/SEAT-Arona-033H_HD-150x150.jpg 150w, https:\/\/www.drivelife.it\/news\/wp-content\/uploads\/2017\/12\/SEAT-Arona-033H_HD-160x160.jpg 160w, https:\/\/www.drivelife.it\/news\/wp-content\/uploads\/2017\/12\/SEAT-Arona-033H_HD-320x320.jpg 320w\" sizes=\"auto, (max-width: 150px) 100vw, 150px\" \/><\/a>\n\t\t\t<\/dt><\/dl><dl class='gallery-item'>\n\t\t\t<dt class='gallery-icon landscape'>\n\t\t\t\t<a href='https:\/\/www.drivelife.it\/news\/2017\/12\/16\/seat-arona-piccola-ultima-ma-con-grandi-doti\/seat-arona-034h_hd\/'><img loading=\"lazy\" decoding=\"async\" width=\"150\" height=\"150\" src=\"https:\/\/www.drivelife.it\/news\/wp-content\/uploads\/2017\/12\/SEAT-Arona-034H_HD-150x150.jpg\" class=\"attachment-thumbnail size-thumbnail no-lazy\" alt=\"\" srcset=\"https:\/\/www.drivelife.it\/news\/wp-content\/uploads\/2017\/12\/SEAT-Arona-034H_HD-150x150.jpg 150w, https:\/\/www.drivelife.it\/news\/wp-content\/uploads\/2017\/12\/SEAT-Arona-034H_HD-160x160.jpg 160w, https:\/\/www.drivelife.it\/news\/wp-content\/uploads\/2017\/12\/SEAT-Arona-034H_HD-320x320.jpg 320w\" sizes=\"auto, (max-width: 150px) 100vw, 150px\" \/><\/a>\n\t\t\t<\/dt><\/dl><dl class='gallery-item'>\n\t\t\t<dt class='gallery-icon landscape'>\n\t\t\t\t<a href='https:\/\/www.drivelife.it\/news\/2017\/12\/16\/seat-arona-piccola-ultima-ma-con-grandi-doti\/seat-arona-035h_hd\/'><img loading=\"lazy\" decoding=\"async\" width=\"150\" height=\"150\" src=\"https:\/\/www.drivelife.it\/news\/wp-content\/uploads\/2017\/12\/SEAT-Arona-035H_HD-150x150.jpg\" class=\"attachment-thumbnail size-thumbnail no-lazy\" alt=\"\" srcset=\"https:\/\/www.drivelife.it\/news\/wp-content\/uploads\/2017\/12\/SEAT-Arona-035H_HD-150x150.jpg 150w, https:\/\/www.drivelife.it\/news\/wp-content\/uploads\/2017\/12\/SEAT-Arona-035H_HD-160x160.jpg 160w, https:\/\/www.drivelife.it\/news\/wp-content\/uploads\/2017\/12\/SEAT-Arona-035H_HD-320x320.jpg 320w\" sizes=\"auto, (max-width: 150px) 100vw, 150px\" \/><\/a>\n\t\t\t<\/dt><\/dl><br style=\"clear: both\" \/><dl class='gallery-item'>\n\t\t\t<dt class='gallery-icon landscape'>\n\t\t\t\t<a href='https:\/\/www.drivelife.it\/news\/2017\/12\/16\/seat-arona-piccola-ultima-ma-con-grandi-doti\/seat-arona-028h_hd\/'><img loading=\"lazy\" decoding=\"async\" width=\"150\" height=\"150\" src=\"https:\/\/www.drivelife.it\/news\/wp-content\/uploads\/2017\/12\/SEAT-Arona-028H_HD-150x150.jpg\" class=\"attachment-thumbnail size-thumbnail no-lazy\" alt=\"\" srcset=\"https:\/\/www.drivelife.it\/news\/wp-content\/uploads\/2017\/12\/SEAT-Arona-028H_HD-150x150.jpg 150w, https:\/\/www.drivelife.it\/news\/wp-content\/uploads\/2017\/12\/SEAT-Arona-028H_HD-160x160.jpg 160w, https:\/\/www.drivelife.it\/news\/wp-content\/uploads\/2017\/12\/SEAT-Arona-028H_HD-320x320.jpg 320w\" sizes=\"auto, (max-width: 150px) 100vw, 150px\" \/><\/a>\n\t\t\t<\/dt><\/dl><dl class='gallery-item'>\n\t\t\t<dt class='gallery-icon landscape'>\n\t\t\t\t<a href='https:\/\/www.drivelife.it\/news\/2017\/12\/16\/seat-arona-piccola-ultima-ma-con-grandi-doti\/seat-arona-029h_hd\/'><img loading=\"lazy\" decoding=\"async\" width=\"150\" height=\"150\" src=\"https:\/\/www.drivelife.it\/news\/wp-content\/uploads\/2017\/12\/SEAT-Arona-029H_HD-150x150.jpg\" class=\"attachment-thumbnail size-thumbnail no-lazy\" alt=\"\" srcset=\"https:\/\/www.drivelife.it\/news\/wp-content\/uploads\/2017\/12\/SEAT-Arona-029H_HD-150x150.jpg 150w, https:\/\/www.drivelife.it\/news\/wp-content\/uploads\/2017\/12\/SEAT-Arona-029H_HD-160x160.jpg 160w, https:\/\/www.drivelife.it\/news\/wp-content\/uploads\/2017\/12\/SEAT-Arona-029H_HD-320x320.jpg 320w\" sizes=\"auto, (max-width: 150px) 100vw, 150px\" \/><\/a>\n\t\t\t<\/dt><\/dl><dl class='gallery-item'>\n\t\t\t<dt class='gallery-icon landscape'>\n\t\t\t\t<a href='https:\/\/www.drivelife.it\/news\/2017\/12\/16\/seat-arona-piccola-ultima-ma-con-grandi-doti\/seat-arona-030h_hd\/'><img loading=\"lazy\" decoding=\"async\" width=\"150\" height=\"150\" src=\"https:\/\/www.drivelife.it\/news\/wp-content\/uploads\/2017\/12\/SEAT-Arona-030H_HD-150x150.jpg\" class=\"attachment-thumbnail size-thumbnail no-lazy\" alt=\"\" srcset=\"https:\/\/www.drivelife.it\/news\/wp-content\/uploads\/2017\/12\/SEAT-Arona-030H_HD-150x150.jpg 150w, https:\/\/www.drivelife.it\/news\/wp-content\/uploads\/2017\/12\/SEAT-Arona-030H_HD-160x160.jpg 160w, https:\/\/www.drivelife.it\/news\/wp-content\/uploads\/2017\/12\/SEAT-Arona-030H_HD-320x320.jpg 320w\" sizes=\"auto, (max-width: 150px) 100vw, 150px\" \/><\/a>\n\t\t\t<\/dt><\/dl><dl class='gallery-item'>\n\t\t\t<dt class='gallery-icon portrait'>\n\t\t\t\t<a href='https:\/\/www.drivelife.it\/news\/2017\/12\/16\/seat-arona-piccola-ultima-ma-con-grandi-doti\/seat-arona-025h_hd\/'><img loading=\"lazy\" decoding=\"async\" width=\"150\" height=\"150\" src=\"https:\/\/www.drivelife.it\/news\/wp-content\/uploads\/2017\/12\/SEAT-Arona-025H_HD-150x150.jpg\" class=\"attachment-thumbnail size-thumbnail no-lazy\" alt=\"\" srcset=\"https:\/\/www.drivelife.it\/news\/wp-content\/uploads\/2017\/12\/SEAT-Arona-025H_HD-150x150.jpg 150w, https:\/\/www.drivelife.it\/news\/wp-content\/uploads\/2017\/12\/SEAT-Arona-025H_HD-160x160.jpg 160w, https:\/\/www.drivelife.it\/news\/wp-content\/uploads\/2017\/12\/SEAT-Arona-025H_HD-320x320.jpg 320w\" sizes=\"auto, (max-width: 150px) 100vw, 150px\" \/><\/a>\n\t\t\t<\/dt><\/dl><dl class='gallery-item'>\n\t\t\t<dt class='gallery-icon landscape'>\n\t\t\t\t<a href='https:\/\/www.drivelife.it\/news\/2017\/12\/16\/seat-arona-piccola-ultima-ma-con-grandi-doti\/seat-arona-026h_hd\/'><img loading=\"lazy\" decoding=\"async\" width=\"150\" height=\"150\" src=\"https:\/\/www.drivelife.it\/news\/wp-content\/uploads\/2017\/12\/SEAT-Arona-026H_HD-150x150.jpg\" class=\"attachment-thumbnail size-thumbnail no-lazy\" alt=\"\" srcset=\"https:\/\/www.drivelife.it\/news\/wp-content\/uploads\/2017\/12\/SEAT-Arona-026H_HD-150x150.jpg 150w, https:\/\/www.drivelife.it\/news\/wp-content\/uploads\/2017\/12\/SEAT-Arona-026H_HD-160x160.jpg 160w, https:\/\/www.drivelife.it\/news\/wp-content\/uploads\/2017\/12\/SEAT-Arona-026H_HD-320x320.jpg 320w\" sizes=\"auto, (max-width: 150px) 100vw, 150px\" \/><\/a>\n\t\t\t<\/dt><\/dl><dl class='gallery-item'>\n\t\t\t<dt class='gallery-icon landscape'>\n\t\t\t\t<a href='https:\/\/www.drivelife.it\/news\/2017\/12\/16\/seat-arona-piccola-ultima-ma-con-grandi-doti\/seat-arona-027h_hd\/'><img loading=\"lazy\" decoding=\"async\" width=\"150\" height=\"150\" src=\"https:\/\/www.drivelife.it\/news\/wp-content\/uploads\/2017\/12\/SEAT-Arona-027H_HD-150x150.jpg\" class=\"attachment-thumbnail size-thumbnail no-lazy\" alt=\"\" srcset=\"https:\/\/www.drivelife.it\/news\/wp-content\/uploads\/2017\/12\/SEAT-Arona-027H_HD-150x150.jpg 150w, https:\/\/www.drivelife.it\/news\/wp-content\/uploads\/2017\/12\/SEAT-Arona-027H_HD-160x160.jpg 160w, https:\/\/www.drivelife.it\/news\/wp-content\/uploads\/2017\/12\/SEAT-Arona-027H_HD-320x320.jpg 320w\" sizes=\"auto, (max-width: 150px) 100vw, 150px\" \/><\/a>\n\t\t\t<\/dt><\/dl><dl class='gallery-item'>\n\t\t\t<dt class='gallery-icon landscape'>\n\t\t\t\t<a href='https:\/\/www.drivelife.it\/news\/2017\/12\/16\/seat-arona-piccola-ultima-ma-con-grandi-doti\/seat-arona-021h_hd\/'><img loading=\"lazy\" decoding=\"async\" width=\"150\" height=\"150\" src=\"https:\/\/www.drivelife.it\/news\/wp-content\/uploads\/2017\/12\/SEAT-Arona-021H_HD-150x150.jpg\" class=\"attachment-thumbnail size-thumbnail no-lazy\" alt=\"\" srcset=\"https:\/\/www.drivelife.it\/news\/wp-content\/uploads\/2017\/12\/SEAT-Arona-021H_HD-150x150.jpg 150w, https:\/\/www.drivelife.it\/news\/wp-content\/uploads\/2017\/12\/SEAT-Arona-021H_HD-160x160.jpg 160w, https:\/\/www.drivelife.it\/news\/wp-content\/uploads\/2017\/12\/SEAT-Arona-021H_HD-320x320.jpg 320w\" sizes=\"auto, (max-width: 150px) 100vw, 150px\" \/><\/a>\n\t\t\t<\/dt><\/dl><dl class='gallery-item'>\n\t\t\t<dt class='gallery-icon landscape'>\n\t\t\t\t<a href='https:\/\/www.drivelife.it\/news\/2017\/12\/16\/seat-arona-piccola-ultima-ma-con-grandi-doti\/seat-arona-022h_hd\/'><img loading=\"lazy\" decoding=\"async\" width=\"150\" height=\"150\" src=\"https:\/\/www.drivelife.it\/news\/wp-content\/uploads\/2017\/12\/SEAT-Arona-022H_HD-150x150.jpg\" class=\"attachment-thumbnail size-thumbnail no-lazy\" alt=\"\" srcset=\"https:\/\/www.drivelife.it\/news\/wp-content\/uploads\/2017\/12\/SEAT-Arona-022H_HD-150x150.jpg 150w, https:\/\/www.drivelife.it\/news\/wp-content\/uploads\/2017\/12\/SEAT-Arona-022H_HD-160x160.jpg 160w, https:\/\/www.drivelife.it\/news\/wp-content\/uploads\/2017\/12\/SEAT-Arona-022H_HD-320x320.jpg 320w\" sizes=\"auto, (max-width: 150px) 100vw, 150px\" \/><\/a>\n\t\t\t<\/dt><\/dl><dl class='gallery-item'>\n\t\t\t<dt class='gallery-icon landscape'>\n\t\t\t\t<a href='https:\/\/www.drivelife.it\/news\/2017\/12\/16\/seat-arona-piccola-ultima-ma-con-grandi-doti\/seat-arona-023h_hd\/'><img loading=\"lazy\" decoding=\"async\" width=\"150\" height=\"150\" src=\"https:\/\/www.drivelife.it\/news\/wp-content\/uploads\/2017\/12\/SEAT-Arona-023H_HD-150x150.jpg\" class=\"attachment-thumbnail size-thumbnail no-lazy\" alt=\"\" srcset=\"https:\/\/www.drivelife.it\/news\/wp-content\/uploads\/2017\/12\/SEAT-Arona-023H_HD-150x150.jpg 150w, https:\/\/www.drivelife.it\/news\/wp-content\/uploads\/2017\/12\/SEAT-Arona-023H_HD-160x160.jpg 160w, https:\/\/www.drivelife.it\/news\/wp-content\/uploads\/2017\/12\/SEAT-Arona-023H_HD-320x320.jpg 320w\" sizes=\"auto, (max-width: 150px) 100vw, 150px\" \/><\/a>\n\t\t\t<\/dt><\/dl><br style=\"clear: both\" \/><dl class='gallery-item'>\n\t\t\t<dt class='gallery-icon landscape'>\n\t\t\t\t<a href='https:\/\/www.drivelife.it\/news\/2017\/12\/16\/seat-arona-piccola-ultima-ma-con-grandi-doti\/seat-arona-024h_hd\/'><img loading=\"lazy\" decoding=\"async\" width=\"150\" height=\"150\" src=\"https:\/\/www.drivelife.it\/news\/wp-content\/uploads\/2017\/12\/SEAT-Arona-024H_HD-150x150.jpg\" class=\"attachment-thumbnail size-thumbnail no-lazy\" alt=\"\" srcset=\"https:\/\/www.drivelife.it\/news\/wp-content\/uploads\/2017\/12\/SEAT-Arona-024H_HD-150x150.jpg 150w, https:\/\/www.drivelife.it\/news\/wp-content\/uploads\/2017\/12\/SEAT-Arona-024H_HD-160x160.jpg 160w, https:\/\/www.drivelife.it\/news\/wp-content\/uploads\/2017\/12\/SEAT-Arona-024H_HD-320x320.jpg 320w\" sizes=\"auto, (max-width: 150px) 100vw, 150px\" \/><\/a>\n\t\t\t<\/dt><\/dl><dl class='gallery-item'>\n\t\t\t<dt class='gallery-icon landscape'>\n\t\t\t\t<a href='https:\/\/www.drivelife.it\/news\/2017\/12\/16\/seat-arona-piccola-ultima-ma-con-grandi-doti\/seat-arona-017h_hd\/'><img loading=\"lazy\" decoding=\"async\" width=\"150\" height=\"150\" src=\"https:\/\/www.drivelife.it\/news\/wp-content\/uploads\/2017\/12\/SEAT-Arona-017H_HD-150x150.jpg\" class=\"attachment-thumbnail size-thumbnail no-lazy\" alt=\"\" srcset=\"https:\/\/www.drivelife.it\/news\/wp-content\/uploads\/2017\/12\/SEAT-Arona-017H_HD-150x150.jpg 150w, https:\/\/www.drivelife.it\/news\/wp-content\/uploads\/2017\/12\/SEAT-Arona-017H_HD-160x160.jpg 160w, https:\/\/www.drivelife.it\/news\/wp-content\/uploads\/2017\/12\/SEAT-Arona-017H_HD-320x320.jpg 320w\" sizes=\"auto, (max-width: 150px) 100vw, 150px\" \/><\/a>\n\t\t\t<\/dt><\/dl><dl class='gallery-item'>\n\t\t\t<dt class='gallery-icon landscape'>\n\t\t\t\t<a href='https:\/\/www.drivelife.it\/news\/2017\/12\/16\/seat-arona-piccola-ultima-ma-con-grandi-doti\/seat-arona-018h_hd\/'><img loading=\"lazy\" decoding=\"async\" width=\"150\" height=\"150\" src=\"https:\/\/www.drivelife.it\/news\/wp-content\/uploads\/2017\/12\/SEAT-Arona-018H_HD-150x150.jpg\" class=\"attachment-thumbnail size-thumbnail no-lazy\" alt=\"\" srcset=\"https:\/\/www.drivelife.it\/news\/wp-content\/uploads\/2017\/12\/SEAT-Arona-018H_HD-150x150.jpg 150w, https:\/\/www.drivelife.it\/news\/wp-content\/uploads\/2017\/12\/SEAT-Arona-018H_HD-160x160.jpg 160w, https:\/\/www.drivelife.it\/news\/wp-content\/uploads\/2017\/12\/SEAT-Arona-018H_HD-320x320.jpg 320w\" sizes=\"auto, (max-width: 150px) 100vw, 150px\" \/><\/a>\n\t\t\t<\/dt><\/dl><dl class='gallery-item'>\n\t\t\t<dt class='gallery-icon landscape'>\n\t\t\t\t<a href='https:\/\/www.drivelife.it\/news\/2017\/12\/16\/seat-arona-piccola-ultima-ma-con-grandi-doti\/seat-arona-019h_hd\/'><img loading=\"lazy\" decoding=\"async\" width=\"150\" height=\"150\" src=\"https:\/\/www.drivelife.it\/news\/wp-content\/uploads\/2017\/12\/SEAT-Arona-019H_HD-150x150.jpg\" class=\"attachment-thumbnail size-thumbnail no-lazy\" alt=\"\" srcset=\"https:\/\/www.drivelife.it\/news\/wp-content\/uploads\/2017\/12\/SEAT-Arona-019H_HD-150x150.jpg 150w, https:\/\/www.drivelife.it\/news\/wp-content\/uploads\/2017\/12\/SEAT-Arona-019H_HD-160x160.jpg 160w, https:\/\/www.drivelife.it\/news\/wp-content\/uploads\/2017\/12\/SEAT-Arona-019H_HD-320x320.jpg 320w\" sizes=\"auto, (max-width: 150px) 100vw, 150px\" \/><\/a>\n\t\t\t<\/dt><\/dl><dl class='gallery-item'>\n\t\t\t<dt class='gallery-icon landscape'>\n\t\t\t\t<a href='https:\/\/www.drivelife.it\/news\/2017\/12\/16\/seat-arona-piccola-ultima-ma-con-grandi-doti\/seat-arona-020h_hd\/'><img loading=\"lazy\" decoding=\"async\" width=\"150\" height=\"150\" src=\"https:\/\/www.drivelife.it\/news\/wp-content\/uploads\/2017\/12\/SEAT-Arona-020H_HD-150x150.jpg\" class=\"attachment-thumbnail size-thumbnail no-lazy\" alt=\"\" srcset=\"https:\/\/www.drivelife.it\/news\/wp-content\/uploads\/2017\/12\/SEAT-Arona-020H_HD-150x150.jpg 150w, https:\/\/www.drivelife.it\/news\/wp-content\/uploads\/2017\/12\/SEAT-Arona-020H_HD-160x160.jpg 160w, https:\/\/www.drivelife.it\/news\/wp-content\/uploads\/2017\/12\/SEAT-Arona-020H_HD-320x320.jpg 320w\" sizes=\"auto, (max-width: 150px) 100vw, 150px\" \/><\/a>\n\t\t\t<\/dt><\/dl><dl class='gallery-item'>\n\t\t\t<dt class='gallery-icon landscape'>\n\t\t\t\t<a href='https:\/\/www.drivelife.it\/news\/2017\/12\/16\/seat-arona-piccola-ultima-ma-con-grandi-doti\/seat-arona-014h_hd\/'><img loading=\"lazy\" decoding=\"async\" width=\"150\" height=\"150\" src=\"https:\/\/www.drivelife.it\/news\/wp-content\/uploads\/2017\/12\/SEAT-Arona-014H_HD-150x150.jpg\" class=\"attachment-thumbnail size-thumbnail no-lazy\" alt=\"\" srcset=\"https:\/\/www.drivelife.it\/news\/wp-content\/uploads\/2017\/12\/SEAT-Arona-014H_HD-150x150.jpg 150w, https:\/\/www.drivelife.it\/news\/wp-content\/uploads\/2017\/12\/SEAT-Arona-014H_HD-160x160.jpg 160w, https:\/\/www.drivelife.it\/news\/wp-content\/uploads\/2017\/12\/SEAT-Arona-014H_HD-320x320.jpg 320w\" sizes=\"auto, (max-width: 150px) 100vw, 150px\" \/><\/a>\n\t\t\t<\/dt><\/dl><dl class='gallery-item'>\n\t\t\t<dt class='gallery-icon landscape'>\n\t\t\t\t<a href='https:\/\/www.drivelife.it\/news\/2017\/12\/16\/seat-arona-piccola-ultima-ma-con-grandi-doti\/seat-arona-015h_hd\/'><img loading=\"lazy\" decoding=\"async\" width=\"150\" height=\"150\" src=\"https:\/\/www.drivelife.it\/news\/wp-content\/uploads\/2017\/12\/SEAT-Arona-015H_HD-150x150.jpg\" class=\"attachment-thumbnail size-thumbnail no-lazy\" alt=\"\" srcset=\"https:\/\/www.drivelife.it\/news\/wp-content\/uploads\/2017\/12\/SEAT-Arona-015H_HD-150x150.jpg 150w, https:\/\/www.drivelife.it\/news\/wp-content\/uploads\/2017\/12\/SEAT-Arona-015H_HD-160x160.jpg 160w, https:\/\/www.drivelife.it\/news\/wp-content\/uploads\/2017\/12\/SEAT-Arona-015H_HD-320x320.jpg 320w\" sizes=\"auto, (max-width: 150px) 100vw, 150px\" \/><\/a>\n\t\t\t<\/dt><\/dl><dl class='gallery-item'>\n\t\t\t<dt class='gallery-icon landscape'>\n\t\t\t\t<a href='https:\/\/www.drivelife.it\/news\/2017\/12\/16\/seat-arona-piccola-ultima-ma-con-grandi-doti\/seat-arona-016h_hd\/'><img loading=\"lazy\" decoding=\"async\" width=\"150\" height=\"150\" src=\"https:\/\/www.drivelife.it\/news\/wp-content\/uploads\/2017\/12\/SEAT-Arona-016H_HD-150x150.jpg\" class=\"attachment-thumbnail size-thumbnail no-lazy\" alt=\"\" srcset=\"https:\/\/www.drivelife.it\/news\/wp-content\/uploads\/2017\/12\/SEAT-Arona-016H_HD-150x150.jpg 150w, https:\/\/www.drivelife.it\/news\/wp-content\/uploads\/2017\/12\/SEAT-Arona-016H_HD-160x160.jpg 160w, https:\/\/www.drivelife.it\/news\/wp-content\/uploads\/2017\/12\/SEAT-Arona-016H_HD-320x320.jpg 320w\" sizes=\"auto, (max-width: 150px) 100vw, 150px\" \/><\/a>\n\t\t\t<\/dt><\/dl><dl class='gallery-item'>\n\t\t\t<dt class='gallery-icon landscape'>\n\t\t\t\t<a href='https:\/\/www.drivelife.it\/news\/2017\/12\/16\/seat-arona-piccola-ultima-ma-con-grandi-doti\/seat-arona-012h_hd\/'><img loading=\"lazy\" decoding=\"async\" width=\"150\" height=\"150\" src=\"https:\/\/www.drivelife.it\/news\/wp-content\/uploads\/2017\/12\/SEAT-Arona-012H_HD-150x150.jpg\" class=\"attachment-thumbnail size-thumbnail no-lazy\" alt=\"\" srcset=\"https:\/\/www.drivelife.it\/news\/wp-content\/uploads\/2017\/12\/SEAT-Arona-012H_HD-150x150.jpg 150w, https:\/\/www.drivelife.it\/news\/wp-content\/uploads\/2017\/12\/SEAT-Arona-012H_HD-160x160.jpg 160w, https:\/\/www.drivelife.it\/news\/wp-content\/uploads\/2017\/12\/SEAT-Arona-012H_HD-320x320.jpg 320w\" sizes=\"auto, (max-width: 150px) 100vw, 150px\" \/><\/a>\n\t\t\t<\/dt><\/dl><br style=\"clear: both\" \/><dl class='gallery-item'>\n\t\t\t<dt class='gallery-icon landscape'>\n\t\t\t\t<a href='https:\/\/www.drivelife.it\/news\/2017\/12\/16\/seat-arona-piccola-ultima-ma-con-grandi-doti\/seat-arona-013h_hd\/'><img loading=\"lazy\" decoding=\"async\" width=\"150\" height=\"150\" src=\"https:\/\/www.drivelife.it\/news\/wp-content\/uploads\/2017\/12\/SEAT-Arona-013H_HD-150x150.jpg\" class=\"attachment-thumbnail size-thumbnail no-lazy\" alt=\"\" srcset=\"https:\/\/www.drivelife.it\/news\/wp-content\/uploads\/2017\/12\/SEAT-Arona-013H_HD-150x150.jpg 150w, https:\/\/www.drivelife.it\/news\/wp-content\/uploads\/2017\/12\/SEAT-Arona-013H_HD-160x160.jpg 160w, https:\/\/www.drivelife.it\/news\/wp-content\/uploads\/2017\/12\/SEAT-Arona-013H_HD-320x320.jpg 320w\" sizes=\"auto, (max-width: 150px) 100vw, 150px\" \/><\/a>\n\t\t\t<\/dt><\/dl><dl class='gallery-item'>\n\t\t\t<dt class='gallery-icon landscape'>\n\t\t\t\t<a href='https:\/\/www.drivelife.it\/news\/2017\/12\/16\/seat-arona-piccola-ultima-ma-con-grandi-doti\/seat-arona-007h_hd\/'><img loading=\"lazy\" decoding=\"async\" width=\"150\" height=\"150\" src=\"https:\/\/www.drivelife.it\/news\/wp-content\/uploads\/2017\/12\/SEAT-Arona-007H_HD-150x150.jpg\" class=\"attachment-thumbnail size-thumbnail no-lazy\" alt=\"\" srcset=\"https:\/\/www.drivelife.it\/news\/wp-content\/uploads\/2017\/12\/SEAT-Arona-007H_HD-150x150.jpg 150w, https:\/\/www.drivelife.it\/news\/wp-content\/uploads\/2017\/12\/SEAT-Arona-007H_HD-160x160.jpg 160w, https:\/\/www.drivelife.it\/news\/wp-content\/uploads\/2017\/12\/SEAT-Arona-007H_HD-320x320.jpg 320w\" sizes=\"auto, (max-width: 150px) 100vw, 150px\" \/><\/a>\n\t\t\t<\/dt><\/dl>\n\t\t\t<br style='clear: both' \/>\n\t\t<\/div>\n<\/p>\n<p>&nbsp;<br \/>\n\u2028&nbsp;<\/p>\n<h1>16 DICEMBRE,<br \/>\nDRIVELIFE,<br \/>\nTRAILER PUNTATA IN TV<\/h1>\n<p>&nbsp;<br \/>\n<strong><\/p>\n<h1>\nCOVER STORY<br \/>\nALPINE A 110 PREMIERE EDITION<br \/>\n&#8211; <\/strong><\/h1>\n<p>&nbsp;<br \/>\nhttps:\/\/vimeo.com\/246592883<br \/>\n&nbsp;<\/p>\n<p>&nbsp;<\/p>\n<h1><strong><br \/>\nRUBRICA TV AUTOMOTIVE DI 12\u201900\u201d &#8211;<br \/>\nIN ONDA<\/strong><\/h1>\n<p>&nbsp;<\/p>\n<h1><strong>TIMING &#038; START@<\/strong> <\/p>\n<p><strong>COVER STORY: \u2028ALPINE A 110 PREMIERE EDITION \u202802\u201901@00\u201946\u201d &#8211; <\/strong><br \/>\n<strong>ALPINE A110 PREMIERE EDITION, 02\u201901\u201d@00\u201946\u201d &#8211; MERCEDES CLASSE S COUP\u00c9 \/ CABRIOLET, TEST SANTA BARBARA, 01\u201957\u201d@02\u201955\u201d &#8211; JAGUAR E-PACE, 01\u201934\u201d@05\u201901\u201d &#8211; OPEL GRANDLAND X, 01\u201922\u201d@06\u201945\u201d &#8211; SEAT ARONA, BARCELLONA TEST DRIVE, 01\u201933\u201d@08\u201915\u201d &#8211; HYUNDAI KONA, VOLCANOES LAUNCH, 01\u201935\u201d@09\u201957\u201d <\/strong><\/p>\n<p>&#8211; <\/h1>\n<p>&nbsp;<br \/>\n&nbsp;<br \/>\n<div style='display:none;' class='shareaholic-canvas' data-app='share_buttons' data-title='Piccola, ultima ma con grandi doti' data-link='https:\/\/www.drivelife.it\/news\/2017\/12\/16\/seat-arona-piccola-ultima-ma-con-grandi-doti\/' data-summary='16.12.INTV - piccola, ultima ma con grandi doti, \u00e8 Seat Arona' data-app-id='16516586'><\/div><br \/>\n&nbsp;<\/p>\n<blockquote>\n<h1>IN TV FINO AL 2 DICEMBRE<\/h1>\n<\/blockquote>\n<h1>DS 5 PRESTIGE &#8211; \u201cFilm Drappo Rosso\u201d<\/h1>\n<p>Pics \u00a9lucaromanopix<br \/>\nhttps:\/\/vimeo.com\/240910360<br \/>\n&nbsp;<br \/>\n<a href=\"http:\/\/www.drivelife.it\/DS5PRESTIGE\/\">SFOGLIA LO SPECIALE DI DRIVELIFE<\/a><br \/>\n&nbsp;<br \/>\n<strong>DRIVELIFE CLIP <\/strong><br \/>\nhttp:\/\/www.drivelife.it\/clip\/2017\/12\/09\/16-dicembre-puntata-drivelife\/<br \/>\n&nbsp;<br \/>\n<strong>DRIVELIFE CLIP \u201cLARGE\u201d<\/strong><br \/>\nhttp:\/\/www.drivelife.it\/drivelifeintv\/2017\/12\/09\/16-dicembre-puntata-drivelife\/<br \/>\n&nbsp;<br \/>\n<div style='display:none;' class='shareaholic-canvas' data-app='share_buttons' data-title='Piccola, ultima ma con grandi doti' data-link='https:\/\/www.drivelife.it\/news\/2017\/12\/16\/seat-arona-piccola-ultima-ma-con-grandi-doti\/' data-summary='16.12.INTV - piccola, ultima ma con grandi doti, \u00e8 Seat Arona' data-app-id='16516586'><\/div><br \/>\n&nbsp;<br \/>\n<strong><\/p>\n<blockquote>\n<h1>L\u2019AUTO IN TV: DS 5 PRESTIGE &#8211; \u00a9lucaromanopix<\/h1>\n<\/blockquote>\n<p><\/strong><\/p>\n<p>&nbsp;<br \/>\n&nbsp;<\/p>\n<p>&nbsp;<br \/>\n<a href=\"http:\/\/vimeo.com\/drivelife\"><img decoding=\"async\" src=\"http:\/\/a.vimeocdn.com\/images_v6\/blogbadge_channels.png\" alt=\"Vimeo\" \/><\/a><\/p>\n<blockquote>\n<h1><strong>In TV con drivelife<br \/>\ndel 16 DICEMBRE<\/strong><\/h1>\n<\/blockquote>\n<p><a href=\"https:\/\/flipboard.com\/@mrlukkor\/drivelife-q5flocp8y\" data-flip-widget=\"mag\">View my Flipboard Magazine.<\/a><\/p>\n<h2>Guarda di pi\u00f9 con drivelife<\/h2>\n<p style=\"color: #021eaa;\"><a href=\"http:\/\/car.18x24.it\">car.18&#215;24.it<\/a><\/p>\n<p style=\"color: #021eaa;\"><a href=\"http:\/\/www.drivelife.it\">www.drivelife.it<\/a><\/p>\n<p style=\"color: #021eaa;\"><a href=\"http:\/\/www.drivelife.it\/clip\/\">www.drivelife.it\/clip\/<\/a><\/p>\n<p style=\"color: #021eaa;\"><a href=\"http:\/\/www.drivelife.it\/dlnew\/\">www.drivelife.it\/dlnew\/<\/a><\/p>\n<p style=\"color: #021eaa;\"><a href=\"http:\/\/www.drivelife.it\/moto\/\">www.drivelife.it\/moto\/<\/a><\/p>\n<p style=\"color: #021eaa;\"><a href=\"http:\/\/www.drivelife.it\/car\/\">www.drivelife.it\/car\/<\/a><\/p>\n<p style=\"color: #021eaa;\"><a href=\"http:\/\/www.drivelife.it\/drivelifeintv\/\">www.drivelife.it\/drivelifeintv\/<\/a><\/p>\n<p style=\"color: #021eaa;\"><a href=\"http:\/\/www.drivelife.it\/pics\/\">www.drivelife.it\/pics\/<\/a><\/p>\n<p style=\"color: #021eaa;\"><a href=\"http:\/\/www.drivelife.it\/dresscode\/\">www.drivelife.it\/dresscode\/<\/a><\/p>\n<p style=\"color: #021eaa;\"><a href=\"https:\/\/twitter.com\/tweetdrivelife\">twitter.com\/tweetdrivelife<\/a><\/p>\n<p style=\"color: #021eaa;\"><a href=\"https:\/\/flipboard.com\/@mrlukkor\/drivelife-q5flocp8y\">flipboard.com\/@mrlukkor\/drivelife<\/a><\/p>\n<p>&nbsp;<br \/>\n<div style='display:none;' class='shareaholic-canvas' data-app='share_buttons' data-title='Piccola, ultima ma con grandi doti' data-link='https:\/\/www.drivelife.it\/news\/2017\/12\/16\/seat-arona-piccola-ultima-ma-con-grandi-doti\/' data-summary='16.12.INTV - piccola, ultima ma con grandi doti, \u00e8 Seat Arona' data-app-id='16516586'><\/div><br \/>\n&nbsp;<br \/>\nCredit clip&#038;pic, quando pubblicato<br \/>\nTutte le fotografie e le clip \u00a9lucaromanopix<br \/>\n<strong>Vietata la riproduzione e la diffusione su e con qualsiasi mezzo e\/o social network senza il consenso scritto dell&#8217;autore. Le fotografie sono file con firma digitale. Le fotografie sono protette secondo le norme vigenti in Italia del diritto d\u2019autore. <\/strong><br \/>\n&nbsp;<\/p>\n<h2>\n<blockquote><p>Once Ansel Adams said:<br \/>\n\u201cThe single most important component of a camera is the twelve inches behind it\u201d.<\/p><\/blockquote>\n<\/h2>\n<p>&nbsp;<\/p>\n<h3>NB: qui, come per tutti gli articoli che drivelife pubblica on line, non \u00e8 un obbligo la corrispondenza tra il pubblicato della pagina e quanto messo in onda con la rubrica televisiva diffusa in tutta Italia.<\/h3>\n<p><strong>INSTAGRAM \/ lucaromano_pix<\/strong><\/p>\n<style>.ig-b- { display: inline-block; }\n.ig-b- img { visibility: hidden; }\n.ig-b-:hover { background-position: 0 -60px; } .ig-b-:active { background-position: 0 -120px; }\n.ig-b-v-24 { width: 137px; height: 24px; background: url(\/\/badges.instagram.com\/static\/images\/ig-badge-view-sprite-24.png) no-repeat 0 0; }\n@media only screen and (-webkit-min-device-pixel-ratio: 2), only screen and (min--moz-device-pixel-ratio: 2), only screen and (-o-min-device-pixel-ratio: 2 \/ 1), only screen and (min-device-pixel-ratio: 2), only screen and (min-resolution: 192dpi), only screen and (min-resolution: 2dppx) {\n.ig-b-v-24 { background-image: url(\/\/badges.instagram.com\/static\/images\/ig-badge-view-sprite-24@2x.png); background-size: 160px 178px; } }<\/style>\n<p><a href=\"http:\/\/instagram.com\/lucaromano_pix?ref=badge\" class=\"ig-b- ig-b-v-24\"><img decoding=\"async\" src=\"\/\/badges.instagram.com\/static\/images\/ig-badge-view-24.png\" alt=\"Instagram\" \/><\/a><br \/>\n&nbsp;<br \/>\n<div style='display:none;' class='shareaholic-canvas' data-app='share_buttons' data-title='Piccola, ultima ma con grandi doti' data-link='https:\/\/www.drivelife.it\/news\/2017\/12\/16\/seat-arona-piccola-ultima-ma-con-grandi-doti\/' data-summary='16.12.INTV - piccola, ultima ma con grandi doti, \u00e8 Seat Arona' data-app-id='16516586'><\/div><br \/>\n&nbsp;<br \/>\n<strong>TWITTER \/ lucaatmrlukkor<\/strong><br \/>\n&nbsp;<br \/>\n<a class=\"twitter-timeline\" href=\"https:\/\/twitter.com\/lucaatmrlukkor\" data-widget-id=\"557957842121289728\">Tweet di @lucaatmrlukkor<\/a> <script>!function(d,s,id){var js,fjs=d.getElementsByTagName(s)[0],p=\/^http:\/.test(d.location)?'http':'https';if(!d.getElementById(id)){js=d.createElement(s);js.id=id;js.src=p+\":\/\/platform.twitter.com\/widgets.js\";fjs.parentNode.insertBefore(js,fjs);}}(document,\"script\",\"twitter-wjs\");<\/script><br \/>\n&nbsp;<\/p>\n<p>&nbsp;<br \/>\n&nbsp;<\/p>\n<p>&nbsp;<\/p>\n<h1>FILE PER PUNTATA<br \/>\nDEL 16 DICEMBRE<\/h1>\n<p>&nbsp;<\/p>\n<h1>16\/12_x_LE_TV mp4, 1,10 GB<\/h1>\n<p>https:\/\/vimeo.com\/246672720<br \/>\n&nbsp;<br \/>\n<div style='display:none;' class='shareaholic-canvas' data-app='share_buttons' data-title='Piccola, ultima ma con grandi doti' data-link='https:\/\/www.drivelife.it\/news\/2017\/12\/16\/seat-arona-piccola-ultima-ma-con-grandi-doti\/' data-summary='16.12.INTV - piccola, ultima ma con grandi doti, \u00e8 Seat Arona' data-app-id='16516586'><\/div><br \/>\n&nbsp;<\/p>\n<h1>16\/12_x_LE_TV mpg, 0,55 GB<\/h1>\n<p>https:\/\/vimeo.com\/246672529<br \/>\n&nbsp;<\/p>\n","protected":false},"excerpt":{"rendered":"<p>16.12.INTV &#8211; piccola, ultima ma con grandi doti, \u00e8 Seat Arona<\/p>\n","protected":false},"author":1,"featured_media":19518,"comment_status":"open","ping_status":"open","sticky":false,"template":"","format":"video","meta":{"ngg_post_thumbnail":0,"footnotes":""},"categories":[39,52,55,71,999,40,53],"tags":[1344],"class_list":["post-19517","post","type-post","status-publish","format-video","has-post-thumbnail","hentry","category-automotive","category-gallery","category-news","category-puntata-drivelife","category-999","category-seat","category-video","tag-seat-aroma","post_format-post-format-video"],"yoast_head":"<!-- This site is optimized with the Yoast SEO plugin v27.5 - https:\/\/yoast.com\/product\/yoast-seo-wordpress\/ -->\n<title>Piccola, ultima ma con grandi doti - #lucalife<\/title>\n<meta name=\"robots\" content=\"index, follow, max-snippet:-1, max-image-preview:large, max-video-preview:-1\" \/>\n<link rel=\"canonical\" href=\"https:\/\/www.drivelife.it\/news\/2017\/12\/16\/seat-arona-piccola-ultima-ma-con-grandi-doti\/\" \/>\n<meta property=\"og:locale\" content=\"en_US\" \/>\n<meta property=\"og:type\" content=\"article\" \/>\n<meta property=\"og:title\" content=\"Piccola, ultima ma con grandi doti - #lucalife\" \/>\n<meta property=\"og:description\" content=\"16.12.INTV - piccola, ultima ma con grandi doti, \u00e8 Seat Arona\" \/>\n<meta property=\"og:url\" content=\"https:\/\/www.drivelife.it\/news\/2017\/12\/16\/seat-arona-piccola-ultima-ma-con-grandi-doti\/\" \/>\n<meta property=\"og:site_name\" content=\"#lucalife\" \/>\n<meta property=\"article:publisher\" content=\"https:\/\/www.facebook.com\/pages\/Drivelife\/467833073239720\" \/>\n<meta property=\"article:published_time\" content=\"2017-12-16T11:16:27+00:00\" \/>\n<meta property=\"og:image\" content=\"https:\/\/www.drivelife.it\/news\/wp-content\/uploads\/2017\/12\/SEAT-Arona-031H_HD.jpg\" \/>\n\t<meta property=\"og:image:width\" content=\"1920\" \/>\n\t<meta property=\"og:image:height\" content=\"1280\" \/>\n\t<meta property=\"og:image:type\" content=\"image\/jpeg\" \/>\n<meta name=\"author\" content=\"Redazione\" \/>\n<meta name=\"twitter:card\" content=\"summary_large_image\" \/>\n<meta name=\"twitter:creator\" content=\"@tweetdrivelife\" \/>\n<meta name=\"twitter:site\" content=\"@tweetdrivelife\" \/>\n<meta name=\"twitter:label1\" content=\"Written by\" \/>\n\t<meta name=\"twitter:data1\" content=\"Redazione\" \/>\n\t<meta name=\"twitter:label2\" content=\"Est. reading time\" \/>\n\t<meta name=\"twitter:data2\" content=\"3 minutes\" \/>\n<script type=\"application\/ld+json\" class=\"yoast-schema-graph\">{\"@context\":\"https:\\\/\\\/schema.org\",\"@graph\":[{\"@type\":\"Article\",\"@id\":\"https:\\\/\\\/www.drivelife.it\\\/news\\\/2017\\\/12\\\/16\\\/seat-arona-piccola-ultima-ma-con-grandi-doti\\\/#article\",\"isPartOf\":{\"@id\":\"https:\\\/\\\/www.drivelife.it\\\/news\\\/2017\\\/12\\\/16\\\/seat-arona-piccola-ultima-ma-con-grandi-doti\\\/\"},\"author\":{\"name\":\"Redazione\",\"@id\":\"https:\\\/\\\/www.drivelife.it\\\/news\\\/#\\\/schema\\\/person\\\/b6c194c3423ff451be4914f5fd9c2188\"},\"headline\":\"Piccola, ultima ma con grandi doti\",\"datePublished\":\"2017-12-16T11:16:27+00:00\",\"mainEntityOfPage\":{\"@id\":\"https:\\\/\\\/www.drivelife.it\\\/news\\\/2017\\\/12\\\/16\\\/seat-arona-piccola-ultima-ma-con-grandi-doti\\\/\"},\"wordCount\":672,\"commentCount\":0,\"image\":{\"@id\":\"https:\\\/\\\/www.drivelife.it\\\/news\\\/2017\\\/12\\\/16\\\/seat-arona-piccola-ultima-ma-con-grandi-doti\\\/#primaryimage\"},\"thumbnailUrl\":\"https:\\\/\\\/www.drivelife.it\\\/news\\\/wp-content\\\/uploads\\\/2017\\\/12\\\/SEAT-Arona-031H_HD.jpg\",\"keywords\":[\"seat aroma\"],\"articleSection\":[\"AUTOMOTIVE\",\"GALLERY AUTOMOTIVE\",\"NEWS\",\"PUNTATA DRIVELIFE\",\"PUNTATE DRIVELIFE TV 2017\",\"SEAT\",\"VIDEO\"],\"inLanguage\":\"en-US\",\"potentialAction\":[{\"@type\":\"CommentAction\",\"name\":\"Comment\",\"target\":[\"https:\\\/\\\/www.drivelife.it\\\/news\\\/2017\\\/12\\\/16\\\/seat-arona-piccola-ultima-ma-con-grandi-doti\\\/#respond\"]}]},{\"@type\":\"WebPage\",\"@id\":\"https:\\\/\\\/www.drivelife.it\\\/news\\\/2017\\\/12\\\/16\\\/seat-arona-piccola-ultima-ma-con-grandi-doti\\\/\",\"url\":\"https:\\\/\\\/www.drivelife.it\\\/news\\\/2017\\\/12\\\/16\\\/seat-arona-piccola-ultima-ma-con-grandi-doti\\\/\",\"name\":\"Piccola, ultima ma con grandi doti - #lucalife\",\"isPartOf\":{\"@id\":\"https:\\\/\\\/www.drivelife.it\\\/news\\\/#website\"},\"primaryImageOfPage\":{\"@id\":\"https:\\\/\\\/www.drivelife.it\\\/news\\\/2017\\\/12\\\/16\\\/seat-arona-piccola-ultima-ma-con-grandi-doti\\\/#primaryimage\"},\"image\":{\"@id\":\"https:\\\/\\\/www.drivelife.it\\\/news\\\/2017\\\/12\\\/16\\\/seat-arona-piccola-ultima-ma-con-grandi-doti\\\/#primaryimage\"},\"thumbnailUrl\":\"https:\\\/\\\/www.drivelife.it\\\/news\\\/wp-content\\\/uploads\\\/2017\\\/12\\\/SEAT-Arona-031H_HD.jpg\",\"datePublished\":\"2017-12-16T11:16:27+00:00\",\"author\":{\"@id\":\"https:\\\/\\\/www.drivelife.it\\\/news\\\/#\\\/schema\\\/person\\\/b6c194c3423ff451be4914f5fd9c2188\"},\"breadcrumb\":{\"@id\":\"https:\\\/\\\/www.drivelife.it\\\/news\\\/2017\\\/12\\\/16\\\/seat-arona-piccola-ultima-ma-con-grandi-doti\\\/#breadcrumb\"},\"inLanguage\":\"en-US\",\"potentialAction\":[{\"@type\":\"ReadAction\",\"target\":[\"https:\\\/\\\/www.drivelife.it\\\/news\\\/2017\\\/12\\\/16\\\/seat-arona-piccola-ultima-ma-con-grandi-doti\\\/\"]}]},{\"@type\":\"ImageObject\",\"inLanguage\":\"en-US\",\"@id\":\"https:\\\/\\\/www.drivelife.it\\\/news\\\/2017\\\/12\\\/16\\\/seat-arona-piccola-ultima-ma-con-grandi-doti\\\/#primaryimage\",\"url\":\"https:\\\/\\\/www.drivelife.it\\\/news\\\/wp-content\\\/uploads\\\/2017\\\/12\\\/SEAT-Arona-031H_HD.jpg\",\"contentUrl\":\"https:\\\/\\\/www.drivelife.it\\\/news\\\/wp-content\\\/uploads\\\/2017\\\/12\\\/SEAT-Arona-031H_HD.jpg\",\"width\":1920,\"height\":1280,\"caption\":\"16.12.INTV - SEAT ARONA\"},{\"@type\":\"BreadcrumbList\",\"@id\":\"https:\\\/\\\/www.drivelife.it\\\/news\\\/2017\\\/12\\\/16\\\/seat-arona-piccola-ultima-ma-con-grandi-doti\\\/#breadcrumb\",\"itemListElement\":[{\"@type\":\"ListItem\",\"position\":1,\"name\":\"Home\",\"item\":\"https:\\\/\\\/www.drivelife.it\\\/news\\\/\"},{\"@type\":\"ListItem\",\"position\":2,\"name\":\"Piccola, ultima ma con grandi doti\"}]},{\"@type\":\"WebSite\",\"@id\":\"https:\\\/\\\/www.drivelife.it\\\/news\\\/#website\",\"url\":\"https:\\\/\\\/www.drivelife.it\\\/news\\\/\",\"name\":\"#lucalife\",\"description\":\"DRIVELIFE le mie automobili\",\"potentialAction\":[{\"@type\":\"SearchAction\",\"target\":{\"@type\":\"EntryPoint\",\"urlTemplate\":\"https:\\\/\\\/www.drivelife.it\\\/news\\\/?s={search_term_string}\"},\"query-input\":{\"@type\":\"PropertyValueSpecification\",\"valueRequired\":true,\"valueName\":\"search_term_string\"}}],\"inLanguage\":\"en-US\"},{\"@type\":\"Person\",\"@id\":\"https:\\\/\\\/www.drivelife.it\\\/news\\\/#\\\/schema\\\/person\\\/b6c194c3423ff451be4914f5fd9c2188\",\"name\":\"Redazione\",\"image\":{\"@type\":\"ImageObject\",\"inLanguage\":\"en-US\",\"@id\":\"https:\\\/\\\/secure.gravatar.com\\\/avatar\\\/8d186f6b07ba8a94441344759f0e13bf1909b6ceaa171df0425551b4590fd558?s=96&d=mm&r=g\",\"url\":\"https:\\\/\\\/secure.gravatar.com\\\/avatar\\\/8d186f6b07ba8a94441344759f0e13bf1909b6ceaa171df0425551b4590fd558?s=96&d=mm&r=g\",\"contentUrl\":\"https:\\\/\\\/secure.gravatar.com\\\/avatar\\\/8d186f6b07ba8a94441344759f0e13bf1909b6ceaa171df0425551b4590fd558?s=96&d=mm&r=g\",\"caption\":\"Redazione\"},\"url\":\"https:\\\/\\\/www.drivelife.it\\\/news\\\/author\\\/admin\\\/\"}]}<\/script>\n<!-- \/ Yoast SEO plugin. -->","yoast_head_json":{"title":"Piccola, ultima ma con grandi doti - #lucalife","robots":{"index":"index","follow":"follow","max-snippet":"max-snippet:-1","max-image-preview":"max-image-preview:large","max-video-preview":"max-video-preview:-1"},"canonical":"https:\/\/www.drivelife.it\/news\/2017\/12\/16\/seat-arona-piccola-ultima-ma-con-grandi-doti\/","og_locale":"en_US","og_type":"article","og_title":"Piccola, ultima ma con grandi doti - #lucalife","og_description":"16.12.INTV - piccola, ultima ma con grandi doti, \u00e8 Seat Arona","og_url":"https:\/\/www.drivelife.it\/news\/2017\/12\/16\/seat-arona-piccola-ultima-ma-con-grandi-doti\/","og_site_name":"#lucalife","article_publisher":"https:\/\/www.facebook.com\/pages\/Drivelife\/467833073239720","article_published_time":"2017-12-16T11:16:27+00:00","og_image":[{"width":1920,"height":1280,"url":"https:\/\/www.drivelife.it\/news\/wp-content\/uploads\/2017\/12\/SEAT-Arona-031H_HD.jpg","type":"image\/jpeg"}],"author":"Redazione","twitter_card":"summary_large_image","twitter_creator":"@tweetdrivelife","twitter_site":"@tweetdrivelife","twitter_misc":{"Written by":"Redazione","Est. reading time":"3 minutes"},"schema":{"@context":"https:\/\/schema.org","@graph":[{"@type":"Article","@id":"https:\/\/www.drivelife.it\/news\/2017\/12\/16\/seat-arona-piccola-ultima-ma-con-grandi-doti\/#article","isPartOf":{"@id":"https:\/\/www.drivelife.it\/news\/2017\/12\/16\/seat-arona-piccola-ultima-ma-con-grandi-doti\/"},"author":{"name":"Redazione","@id":"https:\/\/www.drivelife.it\/news\/#\/schema\/person\/b6c194c3423ff451be4914f5fd9c2188"},"headline":"Piccola, ultima ma con grandi doti","datePublished":"2017-12-16T11:16:27+00:00","mainEntityOfPage":{"@id":"https:\/\/www.drivelife.it\/news\/2017\/12\/16\/seat-arona-piccola-ultima-ma-con-grandi-doti\/"},"wordCount":672,"commentCount":0,"image":{"@id":"https:\/\/www.drivelife.it\/news\/2017\/12\/16\/seat-arona-piccola-ultima-ma-con-grandi-doti\/#primaryimage"},"thumbnailUrl":"https:\/\/www.drivelife.it\/news\/wp-content\/uploads\/2017\/12\/SEAT-Arona-031H_HD.jpg","keywords":["seat aroma"],"articleSection":["AUTOMOTIVE","GALLERY AUTOMOTIVE","NEWS","PUNTATA DRIVELIFE","PUNTATE DRIVELIFE TV 2017","SEAT","VIDEO"],"inLanguage":"en-US","potentialAction":[{"@type":"CommentAction","name":"Comment","target":["https:\/\/www.drivelife.it\/news\/2017\/12\/16\/seat-arona-piccola-ultima-ma-con-grandi-doti\/#respond"]}]},{"@type":"WebPage","@id":"https:\/\/www.drivelife.it\/news\/2017\/12\/16\/seat-arona-piccola-ultima-ma-con-grandi-doti\/","url":"https:\/\/www.drivelife.it\/news\/2017\/12\/16\/seat-arona-piccola-ultima-ma-con-grandi-doti\/","name":"Piccola, ultima ma con grandi doti - #lucalife","isPartOf":{"@id":"https:\/\/www.drivelife.it\/news\/#website"},"primaryImageOfPage":{"@id":"https:\/\/www.drivelife.it\/news\/2017\/12\/16\/seat-arona-piccola-ultima-ma-con-grandi-doti\/#primaryimage"},"image":{"@id":"https:\/\/www.drivelife.it\/news\/2017\/12\/16\/seat-arona-piccola-ultima-ma-con-grandi-doti\/#primaryimage"},"thumbnailUrl":"https:\/\/www.drivelife.it\/news\/wp-content\/uploads\/2017\/12\/SEAT-Arona-031H_HD.jpg","datePublished":"2017-12-16T11:16:27+00:00","author":{"@id":"https:\/\/www.drivelife.it\/news\/#\/schema\/person\/b6c194c3423ff451be4914f5fd9c2188"},"breadcrumb":{"@id":"https:\/\/www.drivelife.it\/news\/2017\/12\/16\/seat-arona-piccola-ultima-ma-con-grandi-doti\/#breadcrumb"},"inLanguage":"en-US","potentialAction":[{"@type":"ReadAction","target":["https:\/\/www.drivelife.it\/news\/2017\/12\/16\/seat-arona-piccola-ultima-ma-con-grandi-doti\/"]}]},{"@type":"ImageObject","inLanguage":"en-US","@id":"https:\/\/www.drivelife.it\/news\/2017\/12\/16\/seat-arona-piccola-ultima-ma-con-grandi-doti\/#primaryimage","url":"https:\/\/www.drivelife.it\/news\/wp-content\/uploads\/2017\/12\/SEAT-Arona-031H_HD.jpg","contentUrl":"https:\/\/www.drivelife.it\/news\/wp-content\/uploads\/2017\/12\/SEAT-Arona-031H_HD.jpg","width":1920,"height":1280,"caption":"16.12.INTV - SEAT ARONA"},{"@type":"BreadcrumbList","@id":"https:\/\/www.drivelife.it\/news\/2017\/12\/16\/seat-arona-piccola-ultima-ma-con-grandi-doti\/#breadcrumb","itemListElement":[{"@type":"ListItem","position":1,"name":"Home","item":"https:\/\/www.drivelife.it\/news\/"},{"@type":"ListItem","position":2,"name":"Piccola, ultima ma con grandi doti"}]},{"@type":"WebSite","@id":"https:\/\/www.drivelife.it\/news\/#website","url":"https:\/\/www.drivelife.it\/news\/","name":"#lucalife","description":"DRIVELIFE le mie automobili","potentialAction":[{"@type":"SearchAction","target":{"@type":"EntryPoint","urlTemplate":"https:\/\/www.drivelife.it\/news\/?s={search_term_string}"},"query-input":{"@type":"PropertyValueSpecification","valueRequired":true,"valueName":"search_term_string"}}],"inLanguage":"en-US"},{"@type":"Person","@id":"https:\/\/www.drivelife.it\/news\/#\/schema\/person\/b6c194c3423ff451be4914f5fd9c2188","name":"Redazione","image":{"@type":"ImageObject","inLanguage":"en-US","@id":"https:\/\/secure.gravatar.com\/avatar\/8d186f6b07ba8a94441344759f0e13bf1909b6ceaa171df0425551b4590fd558?s=96&d=mm&r=g","url":"https:\/\/secure.gravatar.com\/avatar\/8d186f6b07ba8a94441344759f0e13bf1909b6ceaa171df0425551b4590fd558?s=96&d=mm&r=g","contentUrl":"https:\/\/secure.gravatar.com\/avatar\/8d186f6b07ba8a94441344759f0e13bf1909b6ceaa171df0425551b4590fd558?s=96&d=mm&r=g","caption":"Redazione"},"url":"https:\/\/www.drivelife.it\/news\/author\/admin\/"}]}},"amp_enabled":true,"_links":{"self":[{"href":"https:\/\/www.drivelife.it\/news\/wp-json\/wp\/v2\/posts\/19517","targetHints":{"allow":["GET"]}}],"collection":[{"href":"https:\/\/www.drivelife.it\/news\/wp-json\/wp\/v2\/posts"}],"about":[{"href":"https:\/\/www.drivelife.it\/news\/wp-json\/wp\/v2\/types\/post"}],"author":[{"embeddable":true,"href":"https:\/\/www.drivelife.it\/news\/wp-json\/wp\/v2\/users\/1"}],"replies":[{"embeddable":true,"href":"https:\/\/www.drivelife.it\/news\/wp-json\/wp\/v2\/comments?post=19517"}],"version-history":[{"count":1,"href":"https:\/\/www.drivelife.it\/news\/wp-json\/wp\/v2\/posts\/19517\/revisions"}],"predecessor-version":[{"id":19593,"href":"https:\/\/www.drivelife.it\/news\/wp-json\/wp\/v2\/posts\/19517\/revisions\/19593"}],"wp:featuredmedia":[{"embeddable":true,"href":"https:\/\/www.drivelife.it\/news\/wp-json\/wp\/v2\/media\/19518"}],"wp:attachment":[{"href":"https:\/\/www.drivelife.it\/news\/wp-json\/wp\/v2\/media?parent=19517"}],"wp:term":[{"taxonomy":"category","embeddable":true,"href":"https:\/\/www.drivelife.it\/news\/wp-json\/wp\/v2\/categories?post=19517"},{"taxonomy":"post_tag","embeddable":true,"href":"https:\/\/www.drivelife.it\/news\/wp-json\/wp\/v2\/tags?post=19517"}],"curies":[{"name":"wp","href":"https:\/\/api.w.org\/{rel}","templated":true}]}}