{"id":18090,"date":"2017-10-06T19:23:23","date_gmt":"2017-10-06T19:23:23","guid":{"rendered":"http:\/\/www.drivelife.it\/news\/?p=18090"},"modified":"2017-10-06T19:27:41","modified_gmt":"2017-10-06T19:27:41","slug":"citroen-c3-aircross","status":"publish","type":"post","link":"https:\/\/www.drivelife.it\/news\/2017\/10\/06\/citroen-c3-aircross\/","title":{"rendered":"CITRO\u00cbN C3 AIRCROSS"},"content":{"rendered":"<h1>TU SAI PERCH\u00c8&#8230;&#8221;<\/h1>\n<blockquote><p><em><\/p>\n<h2>Qualcuno, adepto dei sacri principi della comunicazione televisiva, si sar\u00e0 distratto e non avr\u00e0 prestato sufficiente attenzione all\u2019intervista di prodotto chiedendosi cosa nascondesse mai quel \u201ctu sai perch\u00e9\u201d.<\/h2>\n<p><\/em><\/p><\/blockquote>\n<div id=\"attachment_18091\" style=\"width: 730px\" class=\"wp-caption alignnone\"><img loading=\"lazy\" decoding=\"async\" aria-describedby=\"caption-attachment-18091\" src=\"http:\/\/www.drivelife.it\/news\/wp-content\/uploads\/2017\/10\/CL-17.074.054-1000x667.jpg\" alt=\"CITRO\u00cbN C3 AIRCROSS - TEST DRIVE CORSICA - IN TV IL 7 OTTOBRE\" width=\"720\" height=\"480\" class=\"size-large wp-image-18091\" srcset=\"https:\/\/www.drivelife.it\/news\/wp-content\/uploads\/2017\/10\/CL-17.074.054-1000x667.jpg 1000w, https:\/\/www.drivelife.it\/news\/wp-content\/uploads\/2017\/10\/CL-17.074.054-620x414.jpg 620w, https:\/\/www.drivelife.it\/news\/wp-content\/uploads\/2017\/10\/CL-17.074.054-768x512.jpg 768w, https:\/\/www.drivelife.it\/news\/wp-content\/uploads\/2017\/10\/CL-17.074.054-300x200.jpg 300w\" sizes=\"auto, (max-width: 720px) 100vw, 720px\" \/><p id=\"caption-attachment-18091\" class=\"wp-caption-text\">CITRO\u00cbN C3 AIRCROSS &#8211; TEST DRIVE CORSICA &#8211;  IN TV IL 7 OTTOBRE<\/p><\/div>\n<p>Dunque, per loro, un doppio, richiamo chiarificatore \u00e8 necessario.<br \/>\nIl primo utile per dire, semplicemente, che in auto eravamo in tre. Due giornalisti ed un ospite. Al quale, in considerazione di un dovere di ospitalit\u00e0 e cavalleria, nonch\u00e9 del gran numero di curve  del percorso sulle strade corse, \u00e8 stato ceduto il posto del passeggero anteriore. Un gesto galante con il risvolto professionale, raro, di provare l\u2019abitabilit\u00e0 ed il confort del divano di C3.<br \/>\nIl secondo richiamo \u00e8 sull\u2019impressione, gi\u00e0 in parte detta durante l\u2019intervista, per l\u2019abitabilit\u00e0 della C3 Aircross.<br \/>\nIn un mondo automotive dove la progettazione degli interni ha l\u2019obiettivo di rendere \u201cappetibili\u201d, tanto per il marketing quanto per lo spazio e le comodit\u00e0, solo i posti anteriori, se non addirittura come fanno in BMW, appagare solo il driver, <\/p>\n<p>fregandosene di chi viaggia dietro (avete mai provato il sedile posteriore di una X6? Un insulto ai centomila e passa, appena spesi&#8230; chiusa la parentesi)<\/p>\n<p>qui in Citro\u00ebn davvero ci si meraviglia come in una dimensione contenuta i francesi siano stati capaci di trovare tanto spazio.<br \/>\nArredato, peraltro, con materiali e colori che danno agli spazi di viaggio anche una dimensione emozionale ludica, presupposto per godersi i chilometri con un\u2019atmosfera di festa, di positivit\u00e0, di simpatia.<br \/>\nSuperfluo ora annoiare con altre considerazioni, magari entrando nel dettaglio dei numeri per centimetri e decimetri cubi.<\/p>\n<p>Infine, \u201cprovare l\u2019acqua\u201d<br \/>\nChe dire.<br \/>\nTest drive in Corsica.<br \/>\nTramonto.<br \/>\nIntervista in spiaggia, in riva al mare.<br \/>\nEra fine Settembre.<br \/>\nSe dico che vado a \u201cprovare l\u2019acqua\u201d, vuol dire che vado a fare il bagno. Ci sta, o no?<br \/>\nServiva la specifica?<\/p>\n<p><strong>luca romano<\/strong><\/p>\n<h1>LE FOTO DELLA NUOVA CITRO\u00cbN C3 AIRCROSS<\/h1>\n\n\t\t<style>\n\t\t\t#gallery-1 {\n\t\t\t\tmargin: auto;\n\t\t\t}\n\t\t\t#gallery-1 .gallery-item {\n\t\t\t\tfloat: left;\n\t\t\t\tmargin-top: 10px;\n\t\t\t\ttext-align: center;\n\t\t\t\twidth: 11%;\n\t\t\t}\n\t\t\t#gallery-1 img {\n\t\t\t\tborder: 2px solid #cfcfcf;\n\t\t\t}\n\t\t\t#gallery-1 .gallery-caption {\n\t\t\t\tmargin-left: 0;\n\t\t\t}\n\t\t\t\/* see gallery_shortcode() in wp-includes\/media.php *\/\n\t\t<\/style>\n\t\t<div id='gallery-1' class='gallery galleryid-18090 gallery-columns-9 gallery-size-large'><dl class='gallery-item'>\n\t\t\t<dt class='gallery-icon landscape'>\n\t\t\t\t<a href='https:\/\/www.drivelife.it\/news\/2017\/10\/06\/citroen-c3-aircross\/cl-17-074-072\/'><img loading=\"lazy\" decoding=\"async\" width=\"1000\" height=\"667\" src=\"https:\/\/www.drivelife.it\/news\/wp-content\/uploads\/2017\/10\/CL-17.074.072-1000x667.jpg\" class=\"attachment-large size-large no-lazy\" alt=\"\" srcset=\"https:\/\/www.drivelife.it\/news\/wp-content\/uploads\/2017\/10\/CL-17.074.072-1000x667.jpg 1000w, https:\/\/www.drivelife.it\/news\/wp-content\/uploads\/2017\/10\/CL-17.074.072-620x414.jpg 620w, https:\/\/www.drivelife.it\/news\/wp-content\/uploads\/2017\/10\/CL-17.074.072-768x512.jpg 768w, https:\/\/www.drivelife.it\/news\/wp-content\/uploads\/2017\/10\/CL-17.074.072-300x200.jpg 300w\" sizes=\"auto, (max-width: 1000px) 100vw, 1000px\" \/><\/a>\n\t\t\t<\/dt><\/dl><dl class='gallery-item'>\n\t\t\t<dt class='gallery-icon landscape'>\n\t\t\t\t<a href='https:\/\/www.drivelife.it\/news\/2017\/10\/06\/citroen-c3-aircross\/cl-17-074-029\/'><img loading=\"lazy\" decoding=\"async\" width=\"1000\" height=\"667\" src=\"https:\/\/www.drivelife.it\/news\/wp-content\/uploads\/2017\/10\/CL-17.074.029-1000x667.jpg\" class=\"attachment-large size-large no-lazy\" alt=\"\" srcset=\"https:\/\/www.drivelife.it\/news\/wp-content\/uploads\/2017\/10\/CL-17.074.029-1000x667.jpg 1000w, https:\/\/www.drivelife.it\/news\/wp-content\/uploads\/2017\/10\/CL-17.074.029-620x414.jpg 620w, https:\/\/www.drivelife.it\/news\/wp-content\/uploads\/2017\/10\/CL-17.074.029-768x512.jpg 768w, https:\/\/www.drivelife.it\/news\/wp-content\/uploads\/2017\/10\/CL-17.074.029-300x200.jpg 300w\" sizes=\"auto, (max-width: 1000px) 100vw, 1000px\" \/><\/a>\n\t\t\t<\/dt><\/dl><dl class='gallery-item'>\n\t\t\t<dt class='gallery-icon landscape'>\n\t\t\t\t<a href='https:\/\/www.drivelife.it\/news\/2017\/10\/06\/citroen-c3-aircross\/cl-17-074-081\/'><img loading=\"lazy\" decoding=\"async\" width=\"1000\" height=\"662\" src=\"https:\/\/www.drivelife.it\/news\/wp-content\/uploads\/2017\/10\/CL-17.074.081-1000x662.jpg\" class=\"attachment-large size-large no-lazy\" alt=\"\" srcset=\"https:\/\/www.drivelife.it\/news\/wp-content\/uploads\/2017\/10\/CL-17.074.081-1000x662.jpg 1000w, https:\/\/www.drivelife.it\/news\/wp-content\/uploads\/2017\/10\/CL-17.074.081-620x411.jpg 620w, https:\/\/www.drivelife.it\/news\/wp-content\/uploads\/2017\/10\/CL-17.074.081-768x509.jpg 768w, https:\/\/www.drivelife.it\/news\/wp-content\/uploads\/2017\/10\/CL-17.074.081-300x199.jpg 300w\" sizes=\"auto, (max-width: 1000px) 100vw, 1000px\" \/><\/a>\n\t\t\t<\/dt><\/dl><dl class='gallery-item'>\n\t\t\t<dt class='gallery-icon landscape'>\n\t\t\t\t<a href='https:\/\/www.drivelife.it\/news\/2017\/10\/06\/citroen-c3-aircross\/cl-17-074-117\/'><img loading=\"lazy\" decoding=\"async\" width=\"1000\" height=\"667\" src=\"https:\/\/www.drivelife.it\/news\/wp-content\/uploads\/2017\/10\/CL-17.074.117-1000x667.jpg\" class=\"attachment-large size-large no-lazy\" alt=\"\" srcset=\"https:\/\/www.drivelife.it\/news\/wp-content\/uploads\/2017\/10\/CL-17.074.117-1000x667.jpg 1000w, https:\/\/www.drivelife.it\/news\/wp-content\/uploads\/2017\/10\/CL-17.074.117-620x414.jpg 620w, https:\/\/www.drivelife.it\/news\/wp-content\/uploads\/2017\/10\/CL-17.074.117-768x512.jpg 768w, https:\/\/www.drivelife.it\/news\/wp-content\/uploads\/2017\/10\/CL-17.074.117-300x200.jpg 300w\" sizes=\"auto, (max-width: 1000px) 100vw, 1000px\" \/><\/a>\n\t\t\t<\/dt><\/dl><dl class='gallery-item'>\n\t\t\t<dt class='gallery-icon landscape'>\n\t\t\t\t<a href='https:\/\/www.drivelife.it\/news\/2017\/10\/06\/citroen-c3-aircross\/cl-17-074-038\/'><img loading=\"lazy\" decoding=\"async\" width=\"1000\" height=\"667\" src=\"https:\/\/www.drivelife.it\/news\/wp-content\/uploads\/2017\/10\/CL-17.074.038-1000x667.jpg\" class=\"attachment-large size-large no-lazy\" alt=\"\" srcset=\"https:\/\/www.drivelife.it\/news\/wp-content\/uploads\/2017\/10\/CL-17.074.038-1000x667.jpg 1000w, https:\/\/www.drivelife.it\/news\/wp-content\/uploads\/2017\/10\/CL-17.074.038-620x414.jpg 620w, https:\/\/www.drivelife.it\/news\/wp-content\/uploads\/2017\/10\/CL-17.074.038-768x512.jpg 768w, https:\/\/www.drivelife.it\/news\/wp-content\/uploads\/2017\/10\/CL-17.074.038-300x200.jpg 300w\" sizes=\"auto, (max-width: 1000px) 100vw, 1000px\" \/><\/a>\n\t\t\t<\/dt><\/dl><dl class='gallery-item'>\n\t\t\t<dt class='gallery-icon landscape'>\n\t\t\t\t<a href='https:\/\/www.drivelife.it\/news\/2017\/10\/06\/citroen-c3-aircross\/cl-17-074-059\/'><img loading=\"lazy\" decoding=\"async\" width=\"1000\" height=\"667\" src=\"https:\/\/www.drivelife.it\/news\/wp-content\/uploads\/2017\/10\/CL-17.074.059-1000x667.jpg\" class=\"attachment-large size-large no-lazy\" alt=\"\" srcset=\"https:\/\/www.drivelife.it\/news\/wp-content\/uploads\/2017\/10\/CL-17.074.059-1000x667.jpg 1000w, https:\/\/www.drivelife.it\/news\/wp-content\/uploads\/2017\/10\/CL-17.074.059-620x414.jpg 620w, https:\/\/www.drivelife.it\/news\/wp-content\/uploads\/2017\/10\/CL-17.074.059-768x512.jpg 768w, https:\/\/www.drivelife.it\/news\/wp-content\/uploads\/2017\/10\/CL-17.074.059-300x200.jpg 300w\" sizes=\"auto, (max-width: 1000px) 100vw, 1000px\" \/><\/a>\n\t\t\t<\/dt><\/dl><dl class='gallery-item'>\n\t\t\t<dt class='gallery-icon landscape'>\n\t\t\t\t<a href='https:\/\/www.drivelife.it\/news\/2017\/10\/06\/citroen-c3-aircross\/cl-17-074-135\/'><img loading=\"lazy\" decoding=\"async\" width=\"1000\" height=\"709\" src=\"https:\/\/www.drivelife.it\/news\/wp-content\/uploads\/2017\/10\/CL-17.074.135-1000x709.jpg\" class=\"attachment-large size-large no-lazy\" alt=\"\" srcset=\"https:\/\/www.drivelife.it\/news\/wp-content\/uploads\/2017\/10\/CL-17.074.135-1000x709.jpg 1000w, https:\/\/www.drivelife.it\/news\/wp-content\/uploads\/2017\/10\/CL-17.074.135-620x440.jpg 620w, https:\/\/www.drivelife.it\/news\/wp-content\/uploads\/2017\/10\/CL-17.074.135-768x545.jpg 768w, https:\/\/www.drivelife.it\/news\/wp-content\/uploads\/2017\/10\/CL-17.074.135-300x213.jpg 300w\" sizes=\"auto, (max-width: 1000px) 100vw, 1000px\" \/><\/a>\n\t\t\t<\/dt><\/dl><dl class='gallery-item'>\n\t\t\t<dt class='gallery-icon portrait'>\n\t\t\t\t<a href='https:\/\/www.drivelife.it\/news\/2017\/10\/06\/citroen-c3-aircross\/cl-17-074-134\/'><img loading=\"lazy\" decoding=\"async\" width=\"1000\" height=\"1499\" src=\"https:\/\/www.drivelife.it\/news\/wp-content\/uploads\/2017\/10\/CL-17.074.134-1000x1499.jpg\" class=\"attachment-large size-large no-lazy\" alt=\"\" srcset=\"https:\/\/www.drivelife.it\/news\/wp-content\/uploads\/2017\/10\/CL-17.074.134-1000x1499.jpg 1000w, https:\/\/www.drivelife.it\/news\/wp-content\/uploads\/2017\/10\/CL-17.074.134-620x929.jpg 620w, https:\/\/www.drivelife.it\/news\/wp-content\/uploads\/2017\/10\/CL-17.074.134-768x1151.jpg 768w, https:\/\/www.drivelife.it\/news\/wp-content\/uploads\/2017\/10\/CL-17.074.134-300x450.jpg 300w, https:\/\/www.drivelife.it\/news\/wp-content\/uploads\/2017\/10\/CL-17.074.134.jpg 1708w\" sizes=\"auto, (max-width: 1000px) 100vw, 1000px\" \/><\/a>\n\t\t\t<\/dt><\/dl><dl class='gallery-item'>\n\t\t\t<dt class='gallery-icon landscape'>\n\t\t\t\t<a href='https:\/\/www.drivelife.it\/news\/2017\/10\/06\/citroen-c3-aircross\/cl-17-074-096\/'><img loading=\"lazy\" decoding=\"async\" width=\"1000\" height=\"667\" src=\"https:\/\/www.drivelife.it\/news\/wp-content\/uploads\/2017\/10\/CL-17.074.096-1000x667.jpg\" class=\"attachment-large size-large no-lazy\" alt=\"\" srcset=\"https:\/\/www.drivelife.it\/news\/wp-content\/uploads\/2017\/10\/CL-17.074.096-1000x667.jpg 1000w, https:\/\/www.drivelife.it\/news\/wp-content\/uploads\/2017\/10\/CL-17.074.096-620x414.jpg 620w, https:\/\/www.drivelife.it\/news\/wp-content\/uploads\/2017\/10\/CL-17.074.096-768x512.jpg 768w, https:\/\/www.drivelife.it\/news\/wp-content\/uploads\/2017\/10\/CL-17.074.096-300x200.jpg 300w\" sizes=\"auto, (max-width: 1000px) 100vw, 1000px\" \/><\/a>\n\t\t\t<\/dt><\/dl><br style=\"clear: both\" \/><dl class='gallery-item'>\n\t\t\t<dt class='gallery-icon landscape'>\n\t\t\t\t<a href='https:\/\/www.drivelife.it\/news\/2017\/10\/06\/citroen-c3-aircross\/cl-17-074-136\/'><img loading=\"lazy\" decoding=\"async\" width=\"1000\" height=\"667\" src=\"https:\/\/www.drivelife.it\/news\/wp-content\/uploads\/2017\/10\/CL-17.074.136-1000x667.jpg\" class=\"attachment-large size-large no-lazy\" alt=\"\" srcset=\"https:\/\/www.drivelife.it\/news\/wp-content\/uploads\/2017\/10\/CL-17.074.136-1000x667.jpg 1000w, https:\/\/www.drivelife.it\/news\/wp-content\/uploads\/2017\/10\/CL-17.074.136-620x414.jpg 620w, https:\/\/www.drivelife.it\/news\/wp-content\/uploads\/2017\/10\/CL-17.074.136-768x512.jpg 768w, https:\/\/www.drivelife.it\/news\/wp-content\/uploads\/2017\/10\/CL-17.074.136-300x200.jpg 300w\" sizes=\"auto, (max-width: 1000px) 100vw, 1000px\" \/><\/a>\n\t\t\t<\/dt><\/dl><dl class='gallery-item'>\n\t\t\t<dt class='gallery-icon landscape'>\n\t\t\t\t<a href='https:\/\/www.drivelife.it\/news\/2017\/10\/06\/citroen-c3-aircross\/cl-17-074-070\/'><img loading=\"lazy\" decoding=\"async\" width=\"1000\" height=\"667\" src=\"https:\/\/www.drivelife.it\/news\/wp-content\/uploads\/2017\/10\/CL-17.074.070-1000x667.jpg\" class=\"attachment-large size-large no-lazy\" alt=\"\" srcset=\"https:\/\/www.drivelife.it\/news\/wp-content\/uploads\/2017\/10\/CL-17.074.070-1000x667.jpg 1000w, https:\/\/www.drivelife.it\/news\/wp-content\/uploads\/2017\/10\/CL-17.074.070-620x414.jpg 620w, https:\/\/www.drivelife.it\/news\/wp-content\/uploads\/2017\/10\/CL-17.074.070-768x512.jpg 768w, https:\/\/www.drivelife.it\/news\/wp-content\/uploads\/2017\/10\/CL-17.074.070-300x200.jpg 300w\" sizes=\"auto, (max-width: 1000px) 100vw, 1000px\" \/><\/a>\n\t\t\t<\/dt><\/dl><dl class='gallery-item'>\n\t\t\t<dt class='gallery-icon landscape'>\n\t\t\t\t<a href='https:\/\/www.drivelife.it\/news\/2017\/10\/06\/citroen-c3-aircross\/cl-17-074-062\/'><img loading=\"lazy\" decoding=\"async\" width=\"1000\" height=\"667\" src=\"https:\/\/www.drivelife.it\/news\/wp-content\/uploads\/2017\/10\/CL-17.074.062-1000x667.jpg\" class=\"attachment-large size-large no-lazy\" alt=\"\" srcset=\"https:\/\/www.drivelife.it\/news\/wp-content\/uploads\/2017\/10\/CL-17.074.062-1000x667.jpg 1000w, https:\/\/www.drivelife.it\/news\/wp-content\/uploads\/2017\/10\/CL-17.074.062-620x414.jpg 620w, https:\/\/www.drivelife.it\/news\/wp-content\/uploads\/2017\/10\/CL-17.074.062-768x512.jpg 768w, https:\/\/www.drivelife.it\/news\/wp-content\/uploads\/2017\/10\/CL-17.074.062-300x200.jpg 300w\" sizes=\"auto, (max-width: 1000px) 100vw, 1000px\" \/><\/a>\n\t\t\t<\/dt><\/dl><dl class='gallery-item'>\n\t\t\t<dt class='gallery-icon landscape'>\n\t\t\t\t<a href='https:\/\/www.drivelife.it\/news\/2017\/10\/06\/citroen-c3-aircross\/cl-17-074-140\/'><img loading=\"lazy\" decoding=\"async\" width=\"1000\" height=\"667\" src=\"https:\/\/www.drivelife.it\/news\/wp-content\/uploads\/2017\/10\/CL-17.074.140-1000x667.jpg\" class=\"attachment-large size-large no-lazy\" alt=\"\" srcset=\"https:\/\/www.drivelife.it\/news\/wp-content\/uploads\/2017\/10\/CL-17.074.140-1000x667.jpg 1000w, https:\/\/www.drivelife.it\/news\/wp-content\/uploads\/2017\/10\/CL-17.074.140-620x414.jpg 620w, https:\/\/www.drivelife.it\/news\/wp-content\/uploads\/2017\/10\/CL-17.074.140-768x512.jpg 768w, https:\/\/www.drivelife.it\/news\/wp-content\/uploads\/2017\/10\/CL-17.074.140-300x200.jpg 300w\" sizes=\"auto, (max-width: 1000px) 100vw, 1000px\" \/><\/a>\n\t\t\t<\/dt><\/dl><dl class='gallery-item'>\n\t\t\t<dt class='gallery-icon landscape'>\n\t\t\t\t<a href='https:\/\/www.drivelife.it\/news\/2017\/10\/06\/citroen-c3-aircross\/cl-17-074-137\/'><img loading=\"lazy\" decoding=\"async\" width=\"1000\" height=\"667\" src=\"https:\/\/www.drivelife.it\/news\/wp-content\/uploads\/2017\/10\/CL-17.074.137-1000x667.jpg\" class=\"attachment-large size-large no-lazy\" alt=\"\" srcset=\"https:\/\/www.drivelife.it\/news\/wp-content\/uploads\/2017\/10\/CL-17.074.137-1000x667.jpg 1000w, https:\/\/www.drivelife.it\/news\/wp-content\/uploads\/2017\/10\/CL-17.074.137-620x414.jpg 620w, https:\/\/www.drivelife.it\/news\/wp-content\/uploads\/2017\/10\/CL-17.074.137-768x512.jpg 768w, https:\/\/www.drivelife.it\/news\/wp-content\/uploads\/2017\/10\/CL-17.074.137-300x200.jpg 300w\" sizes=\"auto, (max-width: 1000px) 100vw, 1000px\" \/><\/a>\n\t\t\t<\/dt><\/dl><dl class='gallery-item'>\n\t\t\t<dt class='gallery-icon landscape'>\n\t\t\t\t<a href='https:\/\/www.drivelife.it\/news\/2017\/10\/06\/citroen-c3-aircross\/cl-17-074-027\/'><img loading=\"lazy\" decoding=\"async\" width=\"1000\" height=\"667\" src=\"https:\/\/www.drivelife.it\/news\/wp-content\/uploads\/2017\/10\/CL-17.074.027-1000x667.jpg\" class=\"attachment-large size-large no-lazy\" alt=\"\" srcset=\"https:\/\/www.drivelife.it\/news\/wp-content\/uploads\/2017\/10\/CL-17.074.027-1000x667.jpg 1000w, https:\/\/www.drivelife.it\/news\/wp-content\/uploads\/2017\/10\/CL-17.074.027-620x414.jpg 620w, https:\/\/www.drivelife.it\/news\/wp-content\/uploads\/2017\/10\/CL-17.074.027-768x512.jpg 768w, https:\/\/www.drivelife.it\/news\/wp-content\/uploads\/2017\/10\/CL-17.074.027-300x200.jpg 300w\" sizes=\"auto, (max-width: 1000px) 100vw, 1000px\" \/><\/a>\n\t\t\t<\/dt><\/dl><dl class='gallery-item'>\n\t\t\t<dt class='gallery-icon landscape'>\n\t\t\t\t<a href='https:\/\/www.drivelife.it\/news\/2017\/10\/06\/citroen-c3-aircross\/cl-17-074-124\/'><img loading=\"lazy\" decoding=\"async\" width=\"1000\" height=\"667\" src=\"https:\/\/www.drivelife.it\/news\/wp-content\/uploads\/2017\/10\/CL-17.074.124-1000x667.jpg\" class=\"attachment-large size-large no-lazy\" alt=\"\" srcset=\"https:\/\/www.drivelife.it\/news\/wp-content\/uploads\/2017\/10\/CL-17.074.124-1000x667.jpg 1000w, https:\/\/www.drivelife.it\/news\/wp-content\/uploads\/2017\/10\/CL-17.074.124-620x414.jpg 620w, https:\/\/www.drivelife.it\/news\/wp-content\/uploads\/2017\/10\/CL-17.074.124-768x512.jpg 768w, https:\/\/www.drivelife.it\/news\/wp-content\/uploads\/2017\/10\/CL-17.074.124-300x200.jpg 300w\" sizes=\"auto, (max-width: 1000px) 100vw, 1000px\" \/><\/a>\n\t\t\t<\/dt><\/dl><dl class='gallery-item'>\n\t\t\t<dt class='gallery-icon landscape'>\n\t\t\t\t<a href='https:\/\/www.drivelife.it\/news\/2017\/10\/06\/citroen-c3-aircross\/cl-17-074-146\/'><img loading=\"lazy\" decoding=\"async\" width=\"1000\" height=\"657\" src=\"https:\/\/www.drivelife.it\/news\/wp-content\/uploads\/2017\/10\/CL-17.074.146-1000x657.jpg\" class=\"attachment-large size-large no-lazy\" alt=\"\" srcset=\"https:\/\/www.drivelife.it\/news\/wp-content\/uploads\/2017\/10\/CL-17.074.146-1000x657.jpg 1000w, https:\/\/www.drivelife.it\/news\/wp-content\/uploads\/2017\/10\/CL-17.074.146-620x407.jpg 620w, https:\/\/www.drivelife.it\/news\/wp-content\/uploads\/2017\/10\/CL-17.074.146-768x505.jpg 768w, https:\/\/www.drivelife.it\/news\/wp-content\/uploads\/2017\/10\/CL-17.074.146-300x197.jpg 300w\" sizes=\"auto, (max-width: 1000px) 100vw, 1000px\" \/><\/a>\n\t\t\t<\/dt><\/dl><dl class='gallery-item'>\n\t\t\t<dt class='gallery-icon landscape'>\n\t\t\t\t<a href='https:\/\/www.drivelife.it\/news\/2017\/10\/06\/citroen-c3-aircross\/cl-17-074-144\/'><img loading=\"lazy\" decoding=\"async\" width=\"1000\" height=\"667\" src=\"https:\/\/www.drivelife.it\/news\/wp-content\/uploads\/2017\/10\/CL-17.074.144-1000x667.jpg\" class=\"attachment-large size-large no-lazy\" alt=\"\" srcset=\"https:\/\/www.drivelife.it\/news\/wp-content\/uploads\/2017\/10\/CL-17.074.144-1000x667.jpg 1000w, https:\/\/www.drivelife.it\/news\/wp-content\/uploads\/2017\/10\/CL-17.074.144-620x414.jpg 620w, https:\/\/www.drivelife.it\/news\/wp-content\/uploads\/2017\/10\/CL-17.074.144-768x512.jpg 768w, https:\/\/www.drivelife.it\/news\/wp-content\/uploads\/2017\/10\/CL-17.074.144-300x200.jpg 300w\" sizes=\"auto, (max-width: 1000px) 100vw, 1000px\" \/><\/a>\n\t\t\t<\/dt><\/dl><br style=\"clear: both\" \/><dl class='gallery-item'>\n\t\t\t<dt class='gallery-icon landscape'>\n\t\t\t\t<a href='https:\/\/www.drivelife.it\/news\/2017\/10\/06\/citroen-c3-aircross\/cl-17-074-071\/'><img loading=\"lazy\" decoding=\"async\" width=\"1000\" height=\"667\" src=\"https:\/\/www.drivelife.it\/news\/wp-content\/uploads\/2017\/10\/CL-17.074.071-1000x667.jpg\" class=\"attachment-large size-large no-lazy\" alt=\"\" srcset=\"https:\/\/www.drivelife.it\/news\/wp-content\/uploads\/2017\/10\/CL-17.074.071-1000x667.jpg 1000w, https:\/\/www.drivelife.it\/news\/wp-content\/uploads\/2017\/10\/CL-17.074.071-620x414.jpg 620w, https:\/\/www.drivelife.it\/news\/wp-content\/uploads\/2017\/10\/CL-17.074.071-768x512.jpg 768w, https:\/\/www.drivelife.it\/news\/wp-content\/uploads\/2017\/10\/CL-17.074.071-300x200.jpg 300w\" sizes=\"auto, (max-width: 1000px) 100vw, 1000px\" \/><\/a>\n\t\t\t<\/dt><\/dl><dl class='gallery-item'>\n\t\t\t<dt class='gallery-icon landscape'>\n\t\t\t\t<a href='https:\/\/www.drivelife.it\/news\/2017\/10\/06\/citroen-c3-aircross\/cl-17-074-127\/'><img loading=\"lazy\" decoding=\"async\" width=\"1000\" height=\"667\" src=\"https:\/\/www.drivelife.it\/news\/wp-content\/uploads\/2017\/10\/CL-17.074.127-1000x667.jpg\" class=\"attachment-large size-large no-lazy\" alt=\"\" srcset=\"https:\/\/www.drivelife.it\/news\/wp-content\/uploads\/2017\/10\/CL-17.074.127-1000x667.jpg 1000w, https:\/\/www.drivelife.it\/news\/wp-content\/uploads\/2017\/10\/CL-17.074.127-620x414.jpg 620w, https:\/\/www.drivelife.it\/news\/wp-content\/uploads\/2017\/10\/CL-17.074.127-768x512.jpg 768w, https:\/\/www.drivelife.it\/news\/wp-content\/uploads\/2017\/10\/CL-17.074.127-300x200.jpg 300w\" sizes=\"auto, (max-width: 1000px) 100vw, 1000px\" \/><\/a>\n\t\t\t<\/dt><\/dl><dl class='gallery-item'>\n\t\t\t<dt class='gallery-icon landscape'>\n\t\t\t\t<a href='https:\/\/www.drivelife.it\/news\/2017\/10\/06\/citroen-c3-aircross\/cl-17-074-073\/'><img loading=\"lazy\" decoding=\"async\" width=\"1000\" height=\"508\" src=\"https:\/\/www.drivelife.it\/news\/wp-content\/uploads\/2017\/10\/CL-17.074.073-1000x508.jpg\" class=\"attachment-large size-large no-lazy\" alt=\"\" srcset=\"https:\/\/www.drivelife.it\/news\/wp-content\/uploads\/2017\/10\/CL-17.074.073-1000x508.jpg 1000w, https:\/\/www.drivelife.it\/news\/wp-content\/uploads\/2017\/10\/CL-17.074.073-620x315.jpg 620w, https:\/\/www.drivelife.it\/news\/wp-content\/uploads\/2017\/10\/CL-17.074.073-768x390.jpg 768w, https:\/\/www.drivelife.it\/news\/wp-content\/uploads\/2017\/10\/CL-17.074.073-300x152.jpg 300w\" sizes=\"auto, (max-width: 1000px) 100vw, 1000px\" \/><\/a>\n\t\t\t<\/dt><\/dl><dl class='gallery-item'>\n\t\t\t<dt class='gallery-icon landscape'>\n\t\t\t\t<a href='https:\/\/www.drivelife.it\/news\/2017\/10\/06\/citroen-c3-aircross\/cl-17-074-045\/'><img loading=\"lazy\" decoding=\"async\" width=\"1000\" height=\"667\" src=\"https:\/\/www.drivelife.it\/news\/wp-content\/uploads\/2017\/10\/CL-17.074.045-1000x667.jpg\" class=\"attachment-large size-large no-lazy\" alt=\"\" srcset=\"https:\/\/www.drivelife.it\/news\/wp-content\/uploads\/2017\/10\/CL-17.074.045-1000x667.jpg 1000w, https:\/\/www.drivelife.it\/news\/wp-content\/uploads\/2017\/10\/CL-17.074.045-620x414.jpg 620w, https:\/\/www.drivelife.it\/news\/wp-content\/uploads\/2017\/10\/CL-17.074.045-768x512.jpg 768w, https:\/\/www.drivelife.it\/news\/wp-content\/uploads\/2017\/10\/CL-17.074.045-300x200.jpg 300w\" sizes=\"auto, (max-width: 1000px) 100vw, 1000px\" \/><\/a>\n\t\t\t<\/dt><\/dl><dl class='gallery-item'>\n\t\t\t<dt class='gallery-icon landscape'>\n\t\t\t\t<a href='https:\/\/www.drivelife.it\/news\/2017\/10\/06\/citroen-c3-aircross\/cl-17-074-086\/'><img loading=\"lazy\" decoding=\"async\" width=\"1000\" height=\"667\" src=\"https:\/\/www.drivelife.it\/news\/wp-content\/uploads\/2017\/10\/CL-17.074.086-1000x667.jpg\" class=\"attachment-large size-large no-lazy\" alt=\"\" srcset=\"https:\/\/www.drivelife.it\/news\/wp-content\/uploads\/2017\/10\/CL-17.074.086-1000x667.jpg 1000w, https:\/\/www.drivelife.it\/news\/wp-content\/uploads\/2017\/10\/CL-17.074.086-620x414.jpg 620w, https:\/\/www.drivelife.it\/news\/wp-content\/uploads\/2017\/10\/CL-17.074.086-768x512.jpg 768w, https:\/\/www.drivelife.it\/news\/wp-content\/uploads\/2017\/10\/CL-17.074.086-300x200.jpg 300w\" sizes=\"auto, (max-width: 1000px) 100vw, 1000px\" \/><\/a>\n\t\t\t<\/dt><\/dl><dl class='gallery-item'>\n\t\t\t<dt class='gallery-icon landscape'>\n\t\t\t\t<a href='https:\/\/www.drivelife.it\/news\/2017\/10\/06\/citroen-c3-aircross\/cl-17-074-067\/'><img loading=\"lazy\" decoding=\"async\" width=\"1000\" height=\"667\" src=\"https:\/\/www.drivelife.it\/news\/wp-content\/uploads\/2017\/10\/CL-17.074.067-1000x667.jpg\" class=\"attachment-large size-large no-lazy\" alt=\"\" srcset=\"https:\/\/www.drivelife.it\/news\/wp-content\/uploads\/2017\/10\/CL-17.074.067-1000x667.jpg 1000w, https:\/\/www.drivelife.it\/news\/wp-content\/uploads\/2017\/10\/CL-17.074.067-620x414.jpg 620w, https:\/\/www.drivelife.it\/news\/wp-content\/uploads\/2017\/10\/CL-17.074.067-768x512.jpg 768w, https:\/\/www.drivelife.it\/news\/wp-content\/uploads\/2017\/10\/CL-17.074.067-300x200.jpg 300w\" sizes=\"auto, (max-width: 1000px) 100vw, 1000px\" \/><\/a>\n\t\t\t<\/dt><\/dl><dl class='gallery-item'>\n\t\t\t<dt class='gallery-icon landscape'>\n\t\t\t\t<a href='https:\/\/www.drivelife.it\/news\/2017\/10\/06\/citroen-c3-aircross\/cl-17-074-098\/'><img loading=\"lazy\" decoding=\"async\" width=\"1000\" height=\"667\" src=\"https:\/\/www.drivelife.it\/news\/wp-content\/uploads\/2017\/10\/CL-17.074.098-1000x667.jpg\" class=\"attachment-large size-large no-lazy\" alt=\"\" srcset=\"https:\/\/www.drivelife.it\/news\/wp-content\/uploads\/2017\/10\/CL-17.074.098-1000x667.jpg 1000w, https:\/\/www.drivelife.it\/news\/wp-content\/uploads\/2017\/10\/CL-17.074.098-620x414.jpg 620w, https:\/\/www.drivelife.it\/news\/wp-content\/uploads\/2017\/10\/CL-17.074.098-768x512.jpg 768w, https:\/\/www.drivelife.it\/news\/wp-content\/uploads\/2017\/10\/CL-17.074.098-300x200.jpg 300w\" sizes=\"auto, (max-width: 1000px) 100vw, 1000px\" \/><\/a>\n\t\t\t<\/dt><\/dl><dl class='gallery-item'>\n\t\t\t<dt class='gallery-icon landscape'>\n\t\t\t\t<a href='https:\/\/www.drivelife.it\/news\/2017\/10\/06\/citroen-c3-aircross\/cl-17-074-020\/'><img loading=\"lazy\" decoding=\"async\" width=\"1000\" height=\"667\" src=\"https:\/\/www.drivelife.it\/news\/wp-content\/uploads\/2017\/10\/CL-17.074.020-1000x667.jpg\" class=\"attachment-large size-large no-lazy\" alt=\"\" srcset=\"https:\/\/www.drivelife.it\/news\/wp-content\/uploads\/2017\/10\/CL-17.074.020-1000x667.jpg 1000w, https:\/\/www.drivelife.it\/news\/wp-content\/uploads\/2017\/10\/CL-17.074.020-620x414.jpg 620w, https:\/\/www.drivelife.it\/news\/wp-content\/uploads\/2017\/10\/CL-17.074.020-768x512.jpg 768w, https:\/\/www.drivelife.it\/news\/wp-content\/uploads\/2017\/10\/CL-17.074.020-300x200.jpg 300w\" sizes=\"auto, (max-width: 1000px) 100vw, 1000px\" \/><\/a>\n\t\t\t<\/dt><\/dl><dl class='gallery-item'>\n\t\t\t<dt class='gallery-icon landscape'>\n\t\t\t\t<a href='https:\/\/www.drivelife.it\/news\/2017\/10\/06\/citroen-c3-aircross\/cl-17-074-133\/'><img loading=\"lazy\" decoding=\"async\" width=\"1000\" height=\"667\" src=\"https:\/\/www.drivelife.it\/news\/wp-content\/uploads\/2017\/10\/CL-17.074.133-1000x667.jpg\" class=\"attachment-large size-large no-lazy\" alt=\"\" srcset=\"https:\/\/www.drivelife.it\/news\/wp-content\/uploads\/2017\/10\/CL-17.074.133-1000x667.jpg 1000w, https:\/\/www.drivelife.it\/news\/wp-content\/uploads\/2017\/10\/CL-17.074.133-620x414.jpg 620w, https:\/\/www.drivelife.it\/news\/wp-content\/uploads\/2017\/10\/CL-17.074.133-768x512.jpg 768w, https:\/\/www.drivelife.it\/news\/wp-content\/uploads\/2017\/10\/CL-17.074.133-300x200.jpg 300w\" sizes=\"auto, (max-width: 1000px) 100vw, 1000px\" \/><\/a>\n\t\t\t<\/dt><\/dl><br style=\"clear: both\" \/><dl class='gallery-item'>\n\t\t\t<dt class='gallery-icon landscape'>\n\t\t\t\t<a href='https:\/\/www.drivelife.it\/news\/2017\/10\/06\/citroen-c3-aircross\/cl-17-074-056\/'><img loading=\"lazy\" decoding=\"async\" width=\"1000\" height=\"667\" src=\"https:\/\/www.drivelife.it\/news\/wp-content\/uploads\/2017\/10\/CL-17.074.056-1000x667.jpg\" class=\"attachment-large size-large no-lazy\" alt=\"\" srcset=\"https:\/\/www.drivelife.it\/news\/wp-content\/uploads\/2017\/10\/CL-17.074.056-1000x667.jpg 1000w, https:\/\/www.drivelife.it\/news\/wp-content\/uploads\/2017\/10\/CL-17.074.056-620x414.jpg 620w, https:\/\/www.drivelife.it\/news\/wp-content\/uploads\/2017\/10\/CL-17.074.056-768x512.jpg 768w, https:\/\/www.drivelife.it\/news\/wp-content\/uploads\/2017\/10\/CL-17.074.056-300x200.jpg 300w\" sizes=\"auto, (max-width: 1000px) 100vw, 1000px\" \/><\/a>\n\t\t\t<\/dt><\/dl><dl class='gallery-item'>\n\t\t\t<dt class='gallery-icon landscape'>\n\t\t\t\t<a href='https:\/\/www.drivelife.it\/news\/2017\/10\/06\/citroen-c3-aircross\/cl-17-074-143\/'><img loading=\"lazy\" decoding=\"async\" width=\"1000\" height=\"667\" src=\"https:\/\/www.drivelife.it\/news\/wp-content\/uploads\/2017\/10\/CL-17.074.143-1000x667.jpg\" class=\"attachment-large size-large no-lazy\" alt=\"\" srcset=\"https:\/\/www.drivelife.it\/news\/wp-content\/uploads\/2017\/10\/CL-17.074.143-1000x667.jpg 1000w, https:\/\/www.drivelife.it\/news\/wp-content\/uploads\/2017\/10\/CL-17.074.143-620x414.jpg 620w, https:\/\/www.drivelife.it\/news\/wp-content\/uploads\/2017\/10\/CL-17.074.143-768x512.jpg 768w, https:\/\/www.drivelife.it\/news\/wp-content\/uploads\/2017\/10\/CL-17.074.143-300x200.jpg 300w\" sizes=\"auto, (max-width: 1000px) 100vw, 1000px\" \/><\/a>\n\t\t\t<\/dt><\/dl><dl class='gallery-item'>\n\t\t\t<dt class='gallery-icon landscape'>\n\t\t\t\t<a href='https:\/\/www.drivelife.it\/news\/2017\/10\/06\/citroen-c3-aircross\/cl-17-074-057\/'><img loading=\"lazy\" decoding=\"async\" width=\"1000\" height=\"667\" src=\"https:\/\/www.drivelife.it\/news\/wp-content\/uploads\/2017\/10\/CL-17.074.057-1000x667.jpg\" class=\"attachment-large size-large no-lazy\" alt=\"\" srcset=\"https:\/\/www.drivelife.it\/news\/wp-content\/uploads\/2017\/10\/CL-17.074.057-1000x667.jpg 1000w, https:\/\/www.drivelife.it\/news\/wp-content\/uploads\/2017\/10\/CL-17.074.057-620x414.jpg 620w, https:\/\/www.drivelife.it\/news\/wp-content\/uploads\/2017\/10\/CL-17.074.057-768x512.jpg 768w, https:\/\/www.drivelife.it\/news\/wp-content\/uploads\/2017\/10\/CL-17.074.057-300x200.jpg 300w\" sizes=\"auto, (max-width: 1000px) 100vw, 1000px\" \/><\/a>\n\t\t\t<\/dt><\/dl><dl class='gallery-item'>\n\t\t\t<dt class='gallery-icon landscape'>\n\t\t\t\t<a href='https:\/\/www.drivelife.it\/news\/2017\/10\/06\/citroen-c3-aircross\/cl-17-074-023\/'><img loading=\"lazy\" decoding=\"async\" width=\"1000\" height=\"667\" src=\"https:\/\/www.drivelife.it\/news\/wp-content\/uploads\/2017\/10\/CL-17.074.023-1000x667.jpg\" class=\"attachment-large size-large no-lazy\" alt=\"\" srcset=\"https:\/\/www.drivelife.it\/news\/wp-content\/uploads\/2017\/10\/CL-17.074.023-1000x667.jpg 1000w, https:\/\/www.drivelife.it\/news\/wp-content\/uploads\/2017\/10\/CL-17.074.023-620x414.jpg 620w, https:\/\/www.drivelife.it\/news\/wp-content\/uploads\/2017\/10\/CL-17.074.023-768x512.jpg 768w, https:\/\/www.drivelife.it\/news\/wp-content\/uploads\/2017\/10\/CL-17.074.023-300x200.jpg 300w\" sizes=\"auto, (max-width: 1000px) 100vw, 1000px\" \/><\/a>\n\t\t\t<\/dt><\/dl><dl class='gallery-item'>\n\t\t\t<dt class='gallery-icon landscape'>\n\t\t\t\t<a href='https:\/\/www.drivelife.it\/news\/2017\/10\/06\/citroen-c3-aircross\/cl-17-074-129\/'><img loading=\"lazy\" decoding=\"async\" width=\"1000\" height=\"667\" src=\"https:\/\/www.drivelife.it\/news\/wp-content\/uploads\/2017\/10\/CL-17.074.129-1000x667.jpg\" class=\"attachment-large size-large no-lazy\" alt=\"\" srcset=\"https:\/\/www.drivelife.it\/news\/wp-content\/uploads\/2017\/10\/CL-17.074.129-1000x667.jpg 1000w, https:\/\/www.drivelife.it\/news\/wp-content\/uploads\/2017\/10\/CL-17.074.129-620x414.jpg 620w, https:\/\/www.drivelife.it\/news\/wp-content\/uploads\/2017\/10\/CL-17.074.129-768x512.jpg 768w, https:\/\/www.drivelife.it\/news\/wp-content\/uploads\/2017\/10\/CL-17.074.129-300x200.jpg 300w\" sizes=\"auto, (max-width: 1000px) 100vw, 1000px\" \/><\/a>\n\t\t\t<\/dt><\/dl><dl class='gallery-item'>\n\t\t\t<dt class='gallery-icon landscape'>\n\t\t\t\t<a href='https:\/\/www.drivelife.it\/news\/2017\/10\/06\/citroen-c3-aircross\/cl-17-074-054-2\/'><img loading=\"lazy\" decoding=\"async\" width=\"1000\" height=\"667\" src=\"https:\/\/www.drivelife.it\/news\/wp-content\/uploads\/2017\/10\/CL-17.074.054-1-1000x667.jpg\" class=\"attachment-large size-large no-lazy\" alt=\"\" srcset=\"https:\/\/www.drivelife.it\/news\/wp-content\/uploads\/2017\/10\/CL-17.074.054-1-1000x667.jpg 1000w, https:\/\/www.drivelife.it\/news\/wp-content\/uploads\/2017\/10\/CL-17.074.054-1-620x414.jpg 620w, https:\/\/www.drivelife.it\/news\/wp-content\/uploads\/2017\/10\/CL-17.074.054-1-768x512.jpg 768w, https:\/\/www.drivelife.it\/news\/wp-content\/uploads\/2017\/10\/CL-17.074.054-1-300x200.jpg 300w\" sizes=\"auto, (max-width: 1000px) 100vw, 1000px\" \/><\/a>\n\t\t\t<\/dt><\/dl><dl class='gallery-item'>\n\t\t\t<dt class='gallery-icon landscape'>\n\t\t\t\t<a href='https:\/\/www.drivelife.it\/news\/2017\/10\/06\/citroen-c3-aircross\/cl-17-074-126\/'><img loading=\"lazy\" decoding=\"async\" width=\"1000\" height=\"667\" src=\"https:\/\/www.drivelife.it\/news\/wp-content\/uploads\/2017\/10\/CL-17.074.126-1000x667.jpg\" class=\"attachment-large size-large no-lazy\" alt=\"\" srcset=\"https:\/\/www.drivelife.it\/news\/wp-content\/uploads\/2017\/10\/CL-17.074.126-1000x667.jpg 1000w, https:\/\/www.drivelife.it\/news\/wp-content\/uploads\/2017\/10\/CL-17.074.126-620x414.jpg 620w, https:\/\/www.drivelife.it\/news\/wp-content\/uploads\/2017\/10\/CL-17.074.126-768x512.jpg 768w, https:\/\/www.drivelife.it\/news\/wp-content\/uploads\/2017\/10\/CL-17.074.126-300x200.jpg 300w\" sizes=\"auto, (max-width: 1000px) 100vw, 1000px\" \/><\/a>\n\t\t\t<\/dt><\/dl><dl class='gallery-item'>\n\t\t\t<dt class='gallery-icon landscape'>\n\t\t\t\t<a href='https:\/\/www.drivelife.it\/news\/2017\/10\/06\/citroen-c3-aircross\/cl-17-074-022\/'><img loading=\"lazy\" decoding=\"async\" width=\"1000\" height=\"667\" src=\"https:\/\/www.drivelife.it\/news\/wp-content\/uploads\/2017\/10\/CL-17.074.022-1000x667.jpg\" class=\"attachment-large size-large no-lazy\" alt=\"\" srcset=\"https:\/\/www.drivelife.it\/news\/wp-content\/uploads\/2017\/10\/CL-17.074.022-1000x667.jpg 1000w, https:\/\/www.drivelife.it\/news\/wp-content\/uploads\/2017\/10\/CL-17.074.022-620x414.jpg 620w, https:\/\/www.drivelife.it\/news\/wp-content\/uploads\/2017\/10\/CL-17.074.022-768x512.jpg 768w, https:\/\/www.drivelife.it\/news\/wp-content\/uploads\/2017\/10\/CL-17.074.022-300x200.jpg 300w\" sizes=\"auto, (max-width: 1000px) 100vw, 1000px\" \/><\/a>\n\t\t\t<\/dt><\/dl><dl class='gallery-item'>\n\t\t\t<dt class='gallery-icon landscape'>\n\t\t\t\t<a href='https:\/\/www.drivelife.it\/news\/2017\/10\/06\/citroen-c3-aircross\/cl-17-074-034\/'><img loading=\"lazy\" decoding=\"async\" width=\"1000\" height=\"667\" src=\"https:\/\/www.drivelife.it\/news\/wp-content\/uploads\/2017\/10\/CL-17.074.034-1000x667.jpg\" class=\"attachment-large size-large no-lazy\" alt=\"\" srcset=\"https:\/\/www.drivelife.it\/news\/wp-content\/uploads\/2017\/10\/CL-17.074.034-1000x667.jpg 1000w, https:\/\/www.drivelife.it\/news\/wp-content\/uploads\/2017\/10\/CL-17.074.034-620x414.jpg 620w, https:\/\/www.drivelife.it\/news\/wp-content\/uploads\/2017\/10\/CL-17.074.034-768x512.jpg 768w, https:\/\/www.drivelife.it\/news\/wp-content\/uploads\/2017\/10\/CL-17.074.034-300x200.jpg 300w\" sizes=\"auto, (max-width: 1000px) 100vw, 1000px\" \/><\/a>\n\t\t\t<\/dt><\/dl><br style=\"clear: both\" \/><dl class='gallery-item'>\n\t\t\t<dt class='gallery-icon landscape'>\n\t\t\t\t<a href='https:\/\/www.drivelife.it\/news\/2017\/10\/06\/citroen-c3-aircross\/cl-17-074-046\/'><img loading=\"lazy\" decoding=\"async\" width=\"1000\" height=\"688\" src=\"https:\/\/www.drivelife.it\/news\/wp-content\/uploads\/2017\/10\/CL-17.074.046-1000x688.jpg\" class=\"attachment-large size-large no-lazy\" alt=\"\" srcset=\"https:\/\/www.drivelife.it\/news\/wp-content\/uploads\/2017\/10\/CL-17.074.046-1000x688.jpg 1000w, https:\/\/www.drivelife.it\/news\/wp-content\/uploads\/2017\/10\/CL-17.074.046-620x426.jpg 620w, https:\/\/www.drivelife.it\/news\/wp-content\/uploads\/2017\/10\/CL-17.074.046-768x528.jpg 768w, https:\/\/www.drivelife.it\/news\/wp-content\/uploads\/2017\/10\/CL-17.074.046-300x206.jpg 300w\" sizes=\"auto, (max-width: 1000px) 100vw, 1000px\" \/><\/a>\n\t\t\t<\/dt><\/dl><dl class='gallery-item'>\n\t\t\t<dt class='gallery-icon landscape'>\n\t\t\t\t<a href='https:\/\/www.drivelife.it\/news\/2017\/10\/06\/citroen-c3-aircross\/cl-17-074-092\/'><img loading=\"lazy\" decoding=\"async\" width=\"1000\" height=\"667\" src=\"https:\/\/www.drivelife.it\/news\/wp-content\/uploads\/2017\/10\/CL-17.074.092-1000x667.jpg\" class=\"attachment-large size-large no-lazy\" alt=\"\" srcset=\"https:\/\/www.drivelife.it\/news\/wp-content\/uploads\/2017\/10\/CL-17.074.092-1000x667.jpg 1000w, https:\/\/www.drivelife.it\/news\/wp-content\/uploads\/2017\/10\/CL-17.074.092-620x414.jpg 620w, https:\/\/www.drivelife.it\/news\/wp-content\/uploads\/2017\/10\/CL-17.074.092-768x512.jpg 768w, https:\/\/www.drivelife.it\/news\/wp-content\/uploads\/2017\/10\/CL-17.074.092-300x200.jpg 300w\" sizes=\"auto, (max-width: 1000px) 100vw, 1000px\" \/><\/a>\n\t\t\t<\/dt><\/dl><dl class='gallery-item'>\n\t\t\t<dt class='gallery-icon landscape'>\n\t\t\t\t<a href='https:\/\/www.drivelife.it\/news\/2017\/10\/06\/citroen-c3-aircross\/cl-17-074-139\/'><img loading=\"lazy\" decoding=\"async\" width=\"1000\" height=\"667\" src=\"https:\/\/www.drivelife.it\/news\/wp-content\/uploads\/2017\/10\/CL-17.074.139-1000x667.jpg\" class=\"attachment-large size-large no-lazy\" alt=\"\" srcset=\"https:\/\/www.drivelife.it\/news\/wp-content\/uploads\/2017\/10\/CL-17.074.139-1000x667.jpg 1000w, https:\/\/www.drivelife.it\/news\/wp-content\/uploads\/2017\/10\/CL-17.074.139-620x414.jpg 620w, https:\/\/www.drivelife.it\/news\/wp-content\/uploads\/2017\/10\/CL-17.074.139-768x512.jpg 768w, https:\/\/www.drivelife.it\/news\/wp-content\/uploads\/2017\/10\/CL-17.074.139-300x200.jpg 300w\" sizes=\"auto, (max-width: 1000px) 100vw, 1000px\" \/><\/a>\n\t\t\t<\/dt><\/dl><dl class='gallery-item'>\n\t\t\t<dt class='gallery-icon landscape'>\n\t\t\t\t<a href='https:\/\/www.drivelife.it\/news\/2017\/10\/06\/citroen-c3-aircross\/cl-17-074-078\/'><img loading=\"lazy\" decoding=\"async\" width=\"1000\" height=\"662\" src=\"https:\/\/www.drivelife.it\/news\/wp-content\/uploads\/2017\/10\/CL-17.074.078-1000x662.jpg\" class=\"attachment-large size-large no-lazy\" alt=\"\" srcset=\"https:\/\/www.drivelife.it\/news\/wp-content\/uploads\/2017\/10\/CL-17.074.078-1000x662.jpg 1000w, https:\/\/www.drivelife.it\/news\/wp-content\/uploads\/2017\/10\/CL-17.074.078-620x411.jpg 620w, https:\/\/www.drivelife.it\/news\/wp-content\/uploads\/2017\/10\/CL-17.074.078-768x509.jpg 768w, https:\/\/www.drivelife.it\/news\/wp-content\/uploads\/2017\/10\/CL-17.074.078-300x199.jpg 300w\" sizes=\"auto, (max-width: 1000px) 100vw, 1000px\" \/><\/a>\n\t\t\t<\/dt><\/dl><dl class='gallery-item'>\n\t\t\t<dt class='gallery-icon landscape'>\n\t\t\t\t<a href='https:\/\/www.drivelife.it\/news\/2017\/10\/06\/citroen-c3-aircross\/cl-17-074-138\/'><img loading=\"lazy\" decoding=\"async\" width=\"1000\" height=\"667\" src=\"https:\/\/www.drivelife.it\/news\/wp-content\/uploads\/2017\/10\/CL-17.074.138-1000x667.jpg\" class=\"attachment-large size-large no-lazy\" alt=\"\" srcset=\"https:\/\/www.drivelife.it\/news\/wp-content\/uploads\/2017\/10\/CL-17.074.138-1000x667.jpg 1000w, https:\/\/www.drivelife.it\/news\/wp-content\/uploads\/2017\/10\/CL-17.074.138-620x414.jpg 620w, https:\/\/www.drivelife.it\/news\/wp-content\/uploads\/2017\/10\/CL-17.074.138-768x512.jpg 768w, https:\/\/www.drivelife.it\/news\/wp-content\/uploads\/2017\/10\/CL-17.074.138-300x200.jpg 300w\" sizes=\"auto, (max-width: 1000px) 100vw, 1000px\" \/><\/a>\n\t\t\t<\/dt><\/dl><dl class='gallery-item'>\n\t\t\t<dt class='gallery-icon landscape'>\n\t\t\t\t<a href='https:\/\/www.drivelife.it\/news\/2017\/10\/06\/citroen-c3-aircross\/cl-17-074-130\/'><img loading=\"lazy\" decoding=\"async\" width=\"1000\" height=\"667\" src=\"https:\/\/www.drivelife.it\/news\/wp-content\/uploads\/2017\/10\/CL-17.074.130-1000x667.jpg\" class=\"attachment-large size-large no-lazy\" alt=\"\" srcset=\"https:\/\/www.drivelife.it\/news\/wp-content\/uploads\/2017\/10\/CL-17.074.130-1000x667.jpg 1000w, https:\/\/www.drivelife.it\/news\/wp-content\/uploads\/2017\/10\/CL-17.074.130-620x414.jpg 620w, https:\/\/www.drivelife.it\/news\/wp-content\/uploads\/2017\/10\/CL-17.074.130-768x512.jpg 768w, https:\/\/www.drivelife.it\/news\/wp-content\/uploads\/2017\/10\/CL-17.074.130-300x200.jpg 300w\" sizes=\"auto, (max-width: 1000px) 100vw, 1000px\" \/><\/a>\n\t\t\t<\/dt><\/dl><dl class='gallery-item'>\n\t\t\t<dt class='gallery-icon landscape'>\n\t\t\t\t<a href='https:\/\/www.drivelife.it\/news\/2017\/10\/06\/citroen-c3-aircross\/cl-17-074-147\/'><img loading=\"lazy\" decoding=\"async\" width=\"1000\" height=\"667\" src=\"https:\/\/www.drivelife.it\/news\/wp-content\/uploads\/2017\/10\/CL-17.074.147-1000x667.jpg\" class=\"attachment-large size-large no-lazy\" alt=\"\" srcset=\"https:\/\/www.drivelife.it\/news\/wp-content\/uploads\/2017\/10\/CL-17.074.147-1000x667.jpg 1000w, https:\/\/www.drivelife.it\/news\/wp-content\/uploads\/2017\/10\/CL-17.074.147-620x414.jpg 620w, https:\/\/www.drivelife.it\/news\/wp-content\/uploads\/2017\/10\/CL-17.074.147-768x512.jpg 768w, https:\/\/www.drivelife.it\/news\/wp-content\/uploads\/2017\/10\/CL-17.074.147-300x200.jpg 300w\" sizes=\"auto, (max-width: 1000px) 100vw, 1000px\" \/><\/a>\n\t\t\t<\/dt><\/dl><dl class='gallery-item'>\n\t\t\t<dt class='gallery-icon landscape'>\n\t\t\t\t<a href='https:\/\/www.drivelife.it\/news\/2017\/10\/06\/citroen-c3-aircross\/cl-17-074-128\/'><img loading=\"lazy\" decoding=\"async\" width=\"1000\" height=\"667\" src=\"https:\/\/www.drivelife.it\/news\/wp-content\/uploads\/2017\/10\/CL-17.074.128-1000x667.jpg\" class=\"attachment-large size-large no-lazy\" alt=\"\" srcset=\"https:\/\/www.drivelife.it\/news\/wp-content\/uploads\/2017\/10\/CL-17.074.128-1000x667.jpg 1000w, https:\/\/www.drivelife.it\/news\/wp-content\/uploads\/2017\/10\/CL-17.074.128-620x414.jpg 620w, https:\/\/www.drivelife.it\/news\/wp-content\/uploads\/2017\/10\/CL-17.074.128-768x512.jpg 768w, https:\/\/www.drivelife.it\/news\/wp-content\/uploads\/2017\/10\/CL-17.074.128-300x200.jpg 300w\" sizes=\"auto, (max-width: 1000px) 100vw, 1000px\" \/><\/a>\n\t\t\t<\/dt><\/dl><dl class='gallery-item'>\n\t\t\t<dt class='gallery-icon landscape'>\n\t\t\t\t<a href='https:\/\/www.drivelife.it\/news\/2017\/10\/06\/citroen-c3-aircross\/cl-17-074-114\/'><img loading=\"lazy\" decoding=\"async\" width=\"1000\" height=\"427\" src=\"https:\/\/www.drivelife.it\/news\/wp-content\/uploads\/2017\/10\/CL-17.074.114-1000x427.jpg\" class=\"attachment-large size-large no-lazy\" alt=\"\" srcset=\"https:\/\/www.drivelife.it\/news\/wp-content\/uploads\/2017\/10\/CL-17.074.114-1000x427.jpg 1000w, https:\/\/www.drivelife.it\/news\/wp-content\/uploads\/2017\/10\/CL-17.074.114-620x264.jpg 620w, https:\/\/www.drivelife.it\/news\/wp-content\/uploads\/2017\/10\/CL-17.074.114-768x328.jpg 768w, https:\/\/www.drivelife.it\/news\/wp-content\/uploads\/2017\/10\/CL-17.074.114-300x128.jpg 300w\" sizes=\"auto, (max-width: 1000px) 100vw, 1000px\" \/><\/a>\n\t\t\t<\/dt><\/dl><br style=\"clear: both\" \/><dl class='gallery-item'>\n\t\t\t<dt class='gallery-icon landscape'>\n\t\t\t\t<a href='https:\/\/www.drivelife.it\/news\/2017\/10\/06\/citroen-c3-aircross\/cl-17-074-132\/'><img loading=\"lazy\" decoding=\"async\" width=\"1000\" height=\"667\" src=\"https:\/\/www.drivelife.it\/news\/wp-content\/uploads\/2017\/10\/CL-17.074.132-1000x667.jpg\" class=\"attachment-large size-large no-lazy\" alt=\"\" srcset=\"https:\/\/www.drivelife.it\/news\/wp-content\/uploads\/2017\/10\/CL-17.074.132-1000x667.jpg 1000w, https:\/\/www.drivelife.it\/news\/wp-content\/uploads\/2017\/10\/CL-17.074.132-620x414.jpg 620w, https:\/\/www.drivelife.it\/news\/wp-content\/uploads\/2017\/10\/CL-17.074.132-768x512.jpg 768w, https:\/\/www.drivelife.it\/news\/wp-content\/uploads\/2017\/10\/CL-17.074.132-300x200.jpg 300w\" sizes=\"auto, (max-width: 1000px) 100vw, 1000px\" \/><\/a>\n\t\t\t<\/dt><\/dl><dl class='gallery-item'>\n\t\t\t<dt class='gallery-icon landscape'>\n\t\t\t\t<a href='https:\/\/www.drivelife.it\/news\/2017\/10\/06\/citroen-c3-aircross\/cl-17-074-048\/'><img loading=\"lazy\" decoding=\"async\" width=\"1000\" height=\"667\" src=\"https:\/\/www.drivelife.it\/news\/wp-content\/uploads\/2017\/10\/CL-17.074.048-1000x667.jpg\" class=\"attachment-large size-large no-lazy\" alt=\"\" srcset=\"https:\/\/www.drivelife.it\/news\/wp-content\/uploads\/2017\/10\/CL-17.074.048-1000x667.jpg 1000w, https:\/\/www.drivelife.it\/news\/wp-content\/uploads\/2017\/10\/CL-17.074.048-620x414.jpg 620w, https:\/\/www.drivelife.it\/news\/wp-content\/uploads\/2017\/10\/CL-17.074.048-768x512.jpg 768w, https:\/\/www.drivelife.it\/news\/wp-content\/uploads\/2017\/10\/CL-17.074.048-300x200.jpg 300w\" sizes=\"auto, (max-width: 1000px) 100vw, 1000px\" \/><\/a>\n\t\t\t<\/dt><\/dl><dl class='gallery-item'>\n\t\t\t<dt class='gallery-icon landscape'>\n\t\t\t\t<a href='https:\/\/www.drivelife.it\/news\/2017\/10\/06\/citroen-c3-aircross\/cl-17-074-043\/'><img loading=\"lazy\" decoding=\"async\" width=\"1000\" height=\"667\" src=\"https:\/\/www.drivelife.it\/news\/wp-content\/uploads\/2017\/10\/CL-17.074.043-1000x667.jpg\" class=\"attachment-large size-large no-lazy\" alt=\"\" srcset=\"https:\/\/www.drivelife.it\/news\/wp-content\/uploads\/2017\/10\/CL-17.074.043-1000x667.jpg 1000w, https:\/\/www.drivelife.it\/news\/wp-content\/uploads\/2017\/10\/CL-17.074.043-620x414.jpg 620w, https:\/\/www.drivelife.it\/news\/wp-content\/uploads\/2017\/10\/CL-17.074.043-768x512.jpg 768w, https:\/\/www.drivelife.it\/news\/wp-content\/uploads\/2017\/10\/CL-17.074.043-300x200.jpg 300w\" sizes=\"auto, (max-width: 1000px) 100vw, 1000px\" \/><\/a>\n\t\t\t<\/dt><\/dl><dl class='gallery-item'>\n\t\t\t<dt class='gallery-icon landscape'>\n\t\t\t\t<a href='https:\/\/www.drivelife.it\/news\/2017\/10\/06\/citroen-c3-aircross\/cl-17-074-042\/'><img loading=\"lazy\" decoding=\"async\" width=\"1000\" height=\"667\" src=\"https:\/\/www.drivelife.it\/news\/wp-content\/uploads\/2017\/10\/CL-17.074.042-1000x667.jpg\" class=\"attachment-large size-large no-lazy\" alt=\"\" srcset=\"https:\/\/www.drivelife.it\/news\/wp-content\/uploads\/2017\/10\/CL-17.074.042-1000x667.jpg 1000w, https:\/\/www.drivelife.it\/news\/wp-content\/uploads\/2017\/10\/CL-17.074.042-620x414.jpg 620w, https:\/\/www.drivelife.it\/news\/wp-content\/uploads\/2017\/10\/CL-17.074.042-768x512.jpg 768w, https:\/\/www.drivelife.it\/news\/wp-content\/uploads\/2017\/10\/CL-17.074.042-300x200.jpg 300w\" sizes=\"auto, (max-width: 1000px) 100vw, 1000px\" \/><\/a>\n\t\t\t<\/dt><\/dl><dl class='gallery-item'>\n\t\t\t<dt class='gallery-icon landscape'>\n\t\t\t\t<a href='https:\/\/www.drivelife.it\/news\/2017\/10\/06\/citroen-c3-aircross\/cl-17-074-148\/'><img loading=\"lazy\" decoding=\"async\" width=\"1000\" height=\"667\" src=\"https:\/\/www.drivelife.it\/news\/wp-content\/uploads\/2017\/10\/CL-17.074.148-1000x667.jpg\" class=\"attachment-large size-large no-lazy\" alt=\"\" srcset=\"https:\/\/www.drivelife.it\/news\/wp-content\/uploads\/2017\/10\/CL-17.074.148-1000x667.jpg 1000w, https:\/\/www.drivelife.it\/news\/wp-content\/uploads\/2017\/10\/CL-17.074.148-620x414.jpg 620w, https:\/\/www.drivelife.it\/news\/wp-content\/uploads\/2017\/10\/CL-17.074.148-768x512.jpg 768w, https:\/\/www.drivelife.it\/news\/wp-content\/uploads\/2017\/10\/CL-17.074.148-300x200.jpg 300w\" sizes=\"auto, (max-width: 1000px) 100vw, 1000px\" \/><\/a>\n\t\t\t<\/dt><\/dl><dl class='gallery-item'>\n\t\t\t<dt class='gallery-icon landscape'>\n\t\t\t\t<a href='https:\/\/www.drivelife.it\/news\/2017\/10\/06\/citroen-c3-aircross\/cl-17-074-035\/'><img loading=\"lazy\" decoding=\"async\" width=\"1000\" height=\"667\" src=\"https:\/\/www.drivelife.it\/news\/wp-content\/uploads\/2017\/10\/CL-17.074.035-1000x667.jpg\" class=\"attachment-large size-large no-lazy\" alt=\"\" srcset=\"https:\/\/www.drivelife.it\/news\/wp-content\/uploads\/2017\/10\/CL-17.074.035-1000x667.jpg 1000w, https:\/\/www.drivelife.it\/news\/wp-content\/uploads\/2017\/10\/CL-17.074.035-620x414.jpg 620w, https:\/\/www.drivelife.it\/news\/wp-content\/uploads\/2017\/10\/CL-17.074.035-768x512.jpg 768w, https:\/\/www.drivelife.it\/news\/wp-content\/uploads\/2017\/10\/CL-17.074.035-300x200.jpg 300w\" sizes=\"auto, (max-width: 1000px) 100vw, 1000px\" \/><\/a>\n\t\t\t<\/dt><\/dl><dl class='gallery-item'>\n\t\t\t<dt class='gallery-icon landscape'>\n\t\t\t\t<a href='https:\/\/www.drivelife.it\/news\/2017\/10\/06\/citroen-c3-aircross\/cl-17-074-016\/'><img loading=\"lazy\" decoding=\"async\" width=\"1000\" height=\"667\" src=\"https:\/\/www.drivelife.it\/news\/wp-content\/uploads\/2017\/10\/CL-17.074.016-1000x667.jpg\" class=\"attachment-large size-large no-lazy\" alt=\"\" srcset=\"https:\/\/www.drivelife.it\/news\/wp-content\/uploads\/2017\/10\/CL-17.074.016-1000x667.jpg 1000w, https:\/\/www.drivelife.it\/news\/wp-content\/uploads\/2017\/10\/CL-17.074.016-620x414.jpg 620w, https:\/\/www.drivelife.it\/news\/wp-content\/uploads\/2017\/10\/CL-17.074.016-768x512.jpg 768w, https:\/\/www.drivelife.it\/news\/wp-content\/uploads\/2017\/10\/CL-17.074.016-300x200.jpg 300w\" sizes=\"auto, (max-width: 1000px) 100vw, 1000px\" \/><\/a>\n\t\t\t<\/dt><\/dl><dl class='gallery-item'>\n\t\t\t<dt class='gallery-icon landscape'>\n\t\t\t\t<a href='https:\/\/www.drivelife.it\/news\/2017\/10\/06\/citroen-c3-aircross\/cl-17-074-021\/'><img loading=\"lazy\" decoding=\"async\" width=\"1000\" height=\"667\" src=\"https:\/\/www.drivelife.it\/news\/wp-content\/uploads\/2017\/10\/CL-17.074.021-1000x667.jpg\" class=\"attachment-large size-large no-lazy\" alt=\"\" srcset=\"https:\/\/www.drivelife.it\/news\/wp-content\/uploads\/2017\/10\/CL-17.074.021-1000x667.jpg 1000w, https:\/\/www.drivelife.it\/news\/wp-content\/uploads\/2017\/10\/CL-17.074.021-620x414.jpg 620w, https:\/\/www.drivelife.it\/news\/wp-content\/uploads\/2017\/10\/CL-17.074.021-768x512.jpg 768w, https:\/\/www.drivelife.it\/news\/wp-content\/uploads\/2017\/10\/CL-17.074.021-300x200.jpg 300w\" sizes=\"auto, (max-width: 1000px) 100vw, 1000px\" \/><\/a>\n\t\t\t<\/dt><\/dl><dl class='gallery-item'>\n\t\t\t<dt class='gallery-icon landscape'>\n\t\t\t\t<a href='https:\/\/www.drivelife.it\/news\/2017\/10\/06\/citroen-c3-aircross\/cl-17-074-051\/'><img loading=\"lazy\" decoding=\"async\" width=\"1000\" height=\"667\" src=\"https:\/\/www.drivelife.it\/news\/wp-content\/uploads\/2017\/10\/CL-17.074.051-1000x667.jpg\" class=\"attachment-large size-large no-lazy\" alt=\"\" srcset=\"https:\/\/www.drivelife.it\/news\/wp-content\/uploads\/2017\/10\/CL-17.074.051-1000x667.jpg 1000w, https:\/\/www.drivelife.it\/news\/wp-content\/uploads\/2017\/10\/CL-17.074.051-620x414.jpg 620w, https:\/\/www.drivelife.it\/news\/wp-content\/uploads\/2017\/10\/CL-17.074.051-768x512.jpg 768w, https:\/\/www.drivelife.it\/news\/wp-content\/uploads\/2017\/10\/CL-17.074.051-300x200.jpg 300w\" sizes=\"auto, (max-width: 1000px) 100vw, 1000px\" \/><\/a>\n\t\t\t<\/dt><\/dl><br style=\"clear: both\" \/><dl class='gallery-item'>\n\t\t\t<dt class='gallery-icon landscape'>\n\t\t\t\t<a href='https:\/\/www.drivelife.it\/news\/2017\/10\/06\/citroen-c3-aircross\/cl-17-074-145\/'><img loading=\"lazy\" decoding=\"async\" width=\"1000\" height=\"667\" src=\"https:\/\/www.drivelife.it\/news\/wp-content\/uploads\/2017\/10\/CL-17.074.145-1000x667.jpg\" class=\"attachment-large size-large no-lazy\" alt=\"\" srcset=\"https:\/\/www.drivelife.it\/news\/wp-content\/uploads\/2017\/10\/CL-17.074.145-1000x667.jpg 1000w, https:\/\/www.drivelife.it\/news\/wp-content\/uploads\/2017\/10\/CL-17.074.145-620x414.jpg 620w, https:\/\/www.drivelife.it\/news\/wp-content\/uploads\/2017\/10\/CL-17.074.145-768x512.jpg 768w, https:\/\/www.drivelife.it\/news\/wp-content\/uploads\/2017\/10\/CL-17.074.145-300x200.jpg 300w\" sizes=\"auto, (max-width: 1000px) 100vw, 1000px\" \/><\/a>\n\t\t\t<\/dt><\/dl><dl class='gallery-item'>\n\t\t\t<dt class='gallery-icon landscape'>\n\t\t\t\t<a href='https:\/\/www.drivelife.it\/news\/2017\/10\/06\/citroen-c3-aircross\/cl-17-074-052\/'><img loading=\"lazy\" decoding=\"async\" width=\"1000\" height=\"667\" src=\"https:\/\/www.drivelife.it\/news\/wp-content\/uploads\/2017\/10\/CL-17.074.052-1000x667.jpg\" class=\"attachment-large size-large no-lazy\" alt=\"\" srcset=\"https:\/\/www.drivelife.it\/news\/wp-content\/uploads\/2017\/10\/CL-17.074.052-1000x667.jpg 1000w, https:\/\/www.drivelife.it\/news\/wp-content\/uploads\/2017\/10\/CL-17.074.052-620x414.jpg 620w, https:\/\/www.drivelife.it\/news\/wp-content\/uploads\/2017\/10\/CL-17.074.052-768x512.jpg 768w, https:\/\/www.drivelife.it\/news\/wp-content\/uploads\/2017\/10\/CL-17.074.052-300x200.jpg 300w\" sizes=\"auto, (max-width: 1000px) 100vw, 1000px\" \/><\/a>\n\t\t\t<\/dt><\/dl><dl class='gallery-item'>\n\t\t\t<dt class='gallery-icon landscape'>\n\t\t\t\t<a href='https:\/\/www.drivelife.it\/news\/2017\/10\/06\/citroen-c3-aircross\/cl-17-074-113\/'><img loading=\"lazy\" decoding=\"async\" width=\"1000\" height=\"667\" src=\"https:\/\/www.drivelife.it\/news\/wp-content\/uploads\/2017\/10\/CL-17.074.113-1000x667.jpg\" class=\"attachment-large size-large no-lazy\" alt=\"\" srcset=\"https:\/\/www.drivelife.it\/news\/wp-content\/uploads\/2017\/10\/CL-17.074.113-1000x667.jpg 1000w, https:\/\/www.drivelife.it\/news\/wp-content\/uploads\/2017\/10\/CL-17.074.113-620x414.jpg 620w, https:\/\/www.drivelife.it\/news\/wp-content\/uploads\/2017\/10\/CL-17.074.113-768x512.jpg 768w, https:\/\/www.drivelife.it\/news\/wp-content\/uploads\/2017\/10\/CL-17.074.113-300x200.jpg 300w\" sizes=\"auto, (max-width: 1000px) 100vw, 1000px\" \/><\/a>\n\t\t\t<\/dt><\/dl><dl class='gallery-item'>\n\t\t\t<dt class='gallery-icon landscape'>\n\t\t\t\t<a href='https:\/\/www.drivelife.it\/news\/2017\/10\/06\/citroen-c3-aircross\/cl-17-074-125\/'><img loading=\"lazy\" decoding=\"async\" width=\"1000\" height=\"667\" src=\"https:\/\/www.drivelife.it\/news\/wp-content\/uploads\/2017\/10\/CL-17.074.125-1000x667.jpg\" class=\"attachment-large size-large no-lazy\" alt=\"\" srcset=\"https:\/\/www.drivelife.it\/news\/wp-content\/uploads\/2017\/10\/CL-17.074.125-1000x667.jpg 1000w, https:\/\/www.drivelife.it\/news\/wp-content\/uploads\/2017\/10\/CL-17.074.125-620x414.jpg 620w, https:\/\/www.drivelife.it\/news\/wp-content\/uploads\/2017\/10\/CL-17.074.125-768x512.jpg 768w, https:\/\/www.drivelife.it\/news\/wp-content\/uploads\/2017\/10\/CL-17.074.125-300x200.jpg 300w\" sizes=\"auto, (max-width: 1000px) 100vw, 1000px\" \/><\/a>\n\t\t\t<\/dt><\/dl><dl class='gallery-item'>\n\t\t\t<dt class='gallery-icon landscape'>\n\t\t\t\t<a href='https:\/\/www.drivelife.it\/news\/2017\/10\/06\/citroen-c3-aircross\/cl-17-074-060\/'><img loading=\"lazy\" decoding=\"async\" width=\"1000\" height=\"667\" src=\"https:\/\/www.drivelife.it\/news\/wp-content\/uploads\/2017\/10\/CL-17.074.060-1000x667.jpg\" class=\"attachment-large size-large no-lazy\" alt=\"\" srcset=\"https:\/\/www.drivelife.it\/news\/wp-content\/uploads\/2017\/10\/CL-17.074.060-1000x667.jpg 1000w, https:\/\/www.drivelife.it\/news\/wp-content\/uploads\/2017\/10\/CL-17.074.060-620x414.jpg 620w, https:\/\/www.drivelife.it\/news\/wp-content\/uploads\/2017\/10\/CL-17.074.060-768x512.jpg 768w, https:\/\/www.drivelife.it\/news\/wp-content\/uploads\/2017\/10\/CL-17.074.060-300x200.jpg 300w\" sizes=\"auto, (max-width: 1000px) 100vw, 1000px\" \/><\/a>\n\t\t\t<\/dt><\/dl><dl class='gallery-item'>\n\t\t\t<dt class='gallery-icon landscape'>\n\t\t\t\t<a href='https:\/\/www.drivelife.it\/news\/2017\/10\/06\/citroen-c3-aircross\/cl-17-074-047\/'><img loading=\"lazy\" decoding=\"async\" width=\"1000\" height=\"667\" src=\"https:\/\/www.drivelife.it\/news\/wp-content\/uploads\/2017\/10\/CL-17.074.047-1000x667.jpg\" class=\"attachment-large size-large no-lazy\" alt=\"\" srcset=\"https:\/\/www.drivelife.it\/news\/wp-content\/uploads\/2017\/10\/CL-17.074.047-1000x667.jpg 1000w, https:\/\/www.drivelife.it\/news\/wp-content\/uploads\/2017\/10\/CL-17.074.047-620x414.jpg 620w, https:\/\/www.drivelife.it\/news\/wp-content\/uploads\/2017\/10\/CL-17.074.047-768x512.jpg 768w, https:\/\/www.drivelife.it\/news\/wp-content\/uploads\/2017\/10\/CL-17.074.047-300x200.jpg 300w\" sizes=\"auto, (max-width: 1000px) 100vw, 1000px\" \/><\/a>\n\t\t\t<\/dt><\/dl><dl class='gallery-item'>\n\t\t\t<dt class='gallery-icon landscape'>\n\t\t\t\t<a href='https:\/\/www.drivelife.it\/news\/2017\/10\/06\/citroen-c3-aircross\/cl-17-074-063\/'><img loading=\"lazy\" decoding=\"async\" width=\"1000\" height=\"667\" src=\"https:\/\/www.drivelife.it\/news\/wp-content\/uploads\/2017\/10\/CL-17.074.063-1000x667.jpg\" class=\"attachment-large size-large no-lazy\" alt=\"\" srcset=\"https:\/\/www.drivelife.it\/news\/wp-content\/uploads\/2017\/10\/CL-17.074.063-1000x667.jpg 1000w, https:\/\/www.drivelife.it\/news\/wp-content\/uploads\/2017\/10\/CL-17.074.063-620x414.jpg 620w, https:\/\/www.drivelife.it\/news\/wp-content\/uploads\/2017\/10\/CL-17.074.063-768x512.jpg 768w, https:\/\/www.drivelife.it\/news\/wp-content\/uploads\/2017\/10\/CL-17.074.063-300x200.jpg 300w\" sizes=\"auto, (max-width: 1000px) 100vw, 1000px\" \/><\/a>\n\t\t\t<\/dt><\/dl><dl class='gallery-item'>\n\t\t\t<dt class='gallery-icon landscape'>\n\t\t\t\t<a href='https:\/\/www.drivelife.it\/news\/2017\/10\/06\/citroen-c3-aircross\/cl-17-074-024\/'><img loading=\"lazy\" decoding=\"async\" width=\"1000\" height=\"667\" src=\"https:\/\/www.drivelife.it\/news\/wp-content\/uploads\/2017\/10\/CL-17.074.024-1000x667.jpg\" class=\"attachment-large size-large no-lazy\" alt=\"\" srcset=\"https:\/\/www.drivelife.it\/news\/wp-content\/uploads\/2017\/10\/CL-17.074.024-1000x667.jpg 1000w, https:\/\/www.drivelife.it\/news\/wp-content\/uploads\/2017\/10\/CL-17.074.024-620x414.jpg 620w, https:\/\/www.drivelife.it\/news\/wp-content\/uploads\/2017\/10\/CL-17.074.024-768x512.jpg 768w, https:\/\/www.drivelife.it\/news\/wp-content\/uploads\/2017\/10\/CL-17.074.024-300x200.jpg 300w\" sizes=\"auto, (max-width: 1000px) 100vw, 1000px\" \/><\/a>\n\t\t\t<\/dt><\/dl><dl class='gallery-item'>\n\t\t\t<dt class='gallery-icon landscape'>\n\t\t\t\t<a href='https:\/\/www.drivelife.it\/news\/2017\/10\/06\/citroen-c3-aircross\/cl-17-074-040\/'><img loading=\"lazy\" decoding=\"async\" width=\"1000\" height=\"667\" src=\"https:\/\/www.drivelife.it\/news\/wp-content\/uploads\/2017\/10\/CL-17.074.040-1000x667.jpg\" class=\"attachment-large size-large no-lazy\" alt=\"\" srcset=\"https:\/\/www.drivelife.it\/news\/wp-content\/uploads\/2017\/10\/CL-17.074.040-1000x667.jpg 1000w, https:\/\/www.drivelife.it\/news\/wp-content\/uploads\/2017\/10\/CL-17.074.040-620x414.jpg 620w, https:\/\/www.drivelife.it\/news\/wp-content\/uploads\/2017\/10\/CL-17.074.040-768x512.jpg 768w, https:\/\/www.drivelife.it\/news\/wp-content\/uploads\/2017\/10\/CL-17.074.040-300x200.jpg 300w\" sizes=\"auto, (max-width: 1000px) 100vw, 1000px\" \/><\/a>\n\t\t\t<\/dt><\/dl><br style=\"clear: both\" \/><dl class='gallery-item'>\n\t\t\t<dt class='gallery-icon landscape'>\n\t\t\t\t<a href='https:\/\/www.drivelife.it\/news\/2017\/10\/06\/citroen-c3-aircross\/cl-17-074-095\/'><img loading=\"lazy\" decoding=\"async\" width=\"1000\" height=\"667\" src=\"https:\/\/www.drivelife.it\/news\/wp-content\/uploads\/2017\/10\/CL-17.074.095-1000x667.jpg\" class=\"attachment-large size-large no-lazy\" alt=\"\" srcset=\"https:\/\/www.drivelife.it\/news\/wp-content\/uploads\/2017\/10\/CL-17.074.095-1000x667.jpg 1000w, https:\/\/www.drivelife.it\/news\/wp-content\/uploads\/2017\/10\/CL-17.074.095-620x414.jpg 620w, https:\/\/www.drivelife.it\/news\/wp-content\/uploads\/2017\/10\/CL-17.074.095-768x512.jpg 768w, https:\/\/www.drivelife.it\/news\/wp-content\/uploads\/2017\/10\/CL-17.074.095-300x200.jpg 300w\" sizes=\"auto, (max-width: 1000px) 100vw, 1000px\" \/><\/a>\n\t\t\t<\/dt><\/dl><dl class='gallery-item'>\n\t\t\t<dt class='gallery-icon landscape'>\n\t\t\t\t<a href='https:\/\/www.drivelife.it\/news\/2017\/10\/06\/citroen-c3-aircross\/cl-17-074-142\/'><img loading=\"lazy\" decoding=\"async\" width=\"1000\" height=\"667\" src=\"https:\/\/www.drivelife.it\/news\/wp-content\/uploads\/2017\/10\/CL-17.074.142-1000x667.jpg\" class=\"attachment-large size-large no-lazy\" alt=\"\" srcset=\"https:\/\/www.drivelife.it\/news\/wp-content\/uploads\/2017\/10\/CL-17.074.142-1000x667.jpg 1000w, https:\/\/www.drivelife.it\/news\/wp-content\/uploads\/2017\/10\/CL-17.074.142-620x414.jpg 620w, https:\/\/www.drivelife.it\/news\/wp-content\/uploads\/2017\/10\/CL-17.074.142-768x512.jpg 768w, https:\/\/www.drivelife.it\/news\/wp-content\/uploads\/2017\/10\/CL-17.074.142-300x200.jpg 300w\" sizes=\"auto, (max-width: 1000px) 100vw, 1000px\" \/><\/a>\n\t\t\t<\/dt><\/dl>\n\t\t\t<br style='clear: both' \/>\n\t\t<\/div>\n\n<p><strong>PAGINA DRIVELIFE CLIP<\/strong><br \/>\nhttp:\/\/www.drivelife.it\/clip\/2017\/10\/05\/7-ottobre-puntata-drivelife\/<br \/>\n&nbsp;<br \/>\n<strong>PAGINA DRIVELIFE CLIP SETTIMANA<\/strong><br \/>\nhttp:\/\/www.drivelife.it\/drivelifeintv\/2017\/10\/05\/7-ottobre-puntata-drivelife\/<br \/>\n&nbsp;<br \/>\n<div style='display:none;' class='shareaholic-canvas' data-app='share_buttons' data-title='CITRO\u00cbN C3 AIRCROSS' data-link='https:\/\/www.drivelife.it\/news\/2017\/10\/06\/citroen-c3-aircross\/' data-summary='7 OTTOBRE IN TV - Qualcuno, adepto dei sacri principi della comunicazione televisiva si sar\u00e0 distratto e non avr\u00e0 prestato sufficiente attenzione all\u2019intervista di prodotto chiedendosi cosa nascondesse mai quel \u201ctu sai perch\u00e9\u201d.' data-app-id='16516586'><\/div><br \/>\n&nbsp;<\/p>\n<p>&nbsp;<\/p>\n<h1>7 OTTOBRE,<br \/>\nDRIVELIFE,<br \/>\nTRAILER PUNTATA IN TV<\/h1>\n<p>&nbsp;<br \/>\n<strong><\/p>\n<h1>\nCITROEN C3 AIRCROSS &#8211; TEST DRIVE &#8220;CORSICA&#8221;,<br \/>\nINTERVISTA PRODOTTO<br \/>\nCON ELENA FUMAGALLI<\/h1>\n<p>https:\/\/vimeo.com\/236964928<br \/>\n&nbsp;<br \/>\n<a href=\"http:\/\/www.drivelife.it\/PEUGEOT2008BLACKMATT\/\">http:\/\/www.drivelife.it\/PEUGEOT2008BLACKMATT\/<\/a><br \/>\n&nbsp;<\/p>\n<h1><strong>IN TV &#8211; RUBRICA TV AUTOMOTIVE DI 12\u201900\u201d &#8211;<br \/>\nSOMMARIO, TIMING &#038; START<\/strong><\/h1>\n<p>&nbsp;<\/p>\n<h1>SOMMARIO, <strong>TIMING<\/strong> SERVIZI <\/p>\n<p>CITROEN C3 AIRCROSS, TEST DRIVE \u201cCORSICA\u201d, INTERVISTA PRODOTTO, ELENA FUMAGALLI, CITRO\u00cbN ITALIA, 04\u201910\u201d &#8211; CITROEN C3 AIRCROSS, SCHEDA COLORE, \u201cTU SAI PERCH\u00c8\u201d, 02\u201912\u201d &#8211; PEUGEOT 2008 BLACK MATT, CALABRIA UNKNOWN, TRA BIZANTINI E BORBONI, 04\u201905\u201d<\/p>\n<p>&#8211; <\/h1>\n<p>&nbsp;<\/p>\n<h1>START @ &#8211;<br \/>\nSOMMARIO, <strong>START<\/strong> SERVIZI <\/p>\n<p>CITROEN C3 AIRCROSS, TEST DRIVE \u201cCORSICA\u201d, INTERVISTA PRODOTTO, ELENA FUMAGALLI, CITRO\u00cbN ITALIA, 00\u201948\u201d &#8211; CITROEN C3 AIRCROSS, SCHEDA COLORE, \u201cTU SAI PERCH\u00c8\u201d, 05\u201908\u201d &#8211; PEUGEOT 2008 BLACK MATT, CALABRIA UNKNOWN, TRA BIZANTINI E BORBONI, 07\u201928\u201d<\/p>\n<p>&#8211; <\/h1>\n<p>&nbsp;<br \/>\n&nbsp;<br \/>\n<div style='display:none;' class='shareaholic-canvas' data-app='share_buttons' data-title='CITRO\u00cbN C3 AIRCROSS' data-link='https:\/\/www.drivelife.it\/news\/2017\/10\/06\/citroen-c3-aircross\/' data-summary='7 OTTOBRE IN TV - Qualcuno, adepto dei sacri principi della comunicazione televisiva si sar\u00e0 distratto e non avr\u00e0 prestato sufficiente attenzione all\u2019intervista di prodotto chiedendosi cosa nascondesse mai quel \u201ctu sai perch\u00e9\u201d.' data-app-id='16516586'><\/div><br \/>\n&nbsp;<\/p>\n<blockquote>\n<h1>IN TV IL 7 OTTOBRE<\/h1>\n<\/blockquote>\n<h1>PEUGEOT 2008 BLACK MATT &#8211; \u201cFilm Calabria UnKnown, tra bizantini e borboni\u201d<\/h1>\n<p>Pics \u00a9lucaromanopix<br \/>\nhttps:\/\/vimeo.com\/235625471<br \/>\n&nbsp;<br \/>\nhttp:\/\/www.drivelife.it\/<a href=\"http:\/\/www.drivelife.it\/PEUGEOT2008BLACKMATT\/\">http:\/\/www.drivelife.it\/PEUGEOT2008BLACKMATT\/<\/a><br \/>\n&nbsp;<br \/>\n<strong>PAGINA DRIVELIFE CLIP<\/strong><br \/>\nhttp:\/\/www.drivelife.it\/clip\/2017\/10\/05\/7-ottobre-puntata-drivelife\/<br \/>\n&nbsp;<br \/>\n<strong>PAGINA DRIVELIFE CLIP SETTIMANA<\/strong><br \/>\nhttp:\/\/www.drivelife.it\/drivelifeintv\/2017\/10\/05\/7-ottobre-puntata-drivelife\/<br \/>\n&nbsp;<br \/>\n<div style='display:none;' class='shareaholic-canvas' data-app='share_buttons' data-title='CITRO\u00cbN C3 AIRCROSS' data-link='https:\/\/www.drivelife.it\/news\/2017\/10\/06\/citroen-c3-aircross\/' data-summary='7 OTTOBRE IN TV - Qualcuno, adepto dei sacri principi della comunicazione televisiva si sar\u00e0 distratto e non avr\u00e0 prestato sufficiente attenzione all\u2019intervista di prodotto chiedendosi cosa nascondesse mai quel \u201ctu sai perch\u00e9\u201d.' data-app-id='16516586'><\/div><br \/>\n&nbsp;<\/p>\n<p><strong><\/p>\n<blockquote>\n<h1>L\u2019AUTO IN TV: PEUGEOT 2008 BLACK MATT &#8211; \u00a9lucaromanopix<\/h1>\n<\/blockquote>\n<p><\/strong><br \/>\n&nbsp;<\/p>\n<p><strong>INSTAGRAM \/ lucaromano_pix<\/strong><\/p>\n<style>.ig-b- { display: inline-block; }\n.ig-b- img { visibility: hidden; }\n.ig-b-:hover { background-position: 0 -60px; } .ig-b-:active { background-position: 0 -120px; }\n.ig-b-v-24 { width: 137px; height: 24px; background: url(\/\/badges.instagram.com\/static\/images\/ig-badge-view-sprite-24.png) no-repeat 0 0; }\n@media only screen and (-webkit-min-device-pixel-ratio: 2), only screen and (min--moz-device-pixel-ratio: 2), only screen and (-o-min-device-pixel-ratio: 2 \/ 1), only screen and (min-device-pixel-ratio: 2), only screen and (min-resolution: 192dpi), only screen and (min-resolution: 2dppx) {\n.ig-b-v-24 { background-image: url(\/\/badges.instagram.com\/static\/images\/ig-badge-view-sprite-24@2x.png); background-size: 160px 178px; } }<\/style>\n<p><a href=\"http:\/\/instagram.com\/lucaromano_pix?ref=badge\" class=\"ig-b- ig-b-v-24\"><img decoding=\"async\" src=\"\/\/badges.instagram.com\/static\/images\/ig-badge-view-24.png\" alt=\"Instagram\" \/><\/a><br \/>\n&nbsp;<br \/>\n&nbsp;<br \/>\n<strong>TWITTER \/ lucaatmrlukkor<\/strong><br \/>\n&nbsp;<br \/>\n<a class=\"twitter-timeline\" href=\"https:\/\/twitter.com\/lucaatmrlukkor\" data-widget-id=\"557957842121289728\">Tweet di @lucaatmrlukkor<\/a> <script>!function(d,s,id){var js,fjs=d.getElementsByTagName(s)[0],p=\/^http:\/.test(d.location)?'http':'https';if(!d.getElementById(id)){js=d.createElement(s);js.id=id;js.src=p+\":\/\/platform.twitter.com\/widgets.js\";fjs.parentNode.insertBefore(js,fjs);}}(document,\"script\",\"twitter-wjs\");<\/script><br \/>\n&nbsp;<br \/>\n&nbsp;<br \/>\n<a href=\"http:\/\/vimeo.com\/drivelife\"><img decoding=\"async\" src=\"http:\/\/a.vimeocdn.com\/images_v6\/blogbadge_channels.png\" alt=\"Vimeo\" \/><\/a><\/p>\n<blockquote>\n<h1><strong>In TV con drivelife<br \/>\ndel 7 OTTOBRE<\/strong><\/h1>\n<\/blockquote>\n<p><a href=\"https:\/\/flipboard.com\/@mrlukkor\/drivelife-q5flocp8y\" data-flip-widget=\"mag\">View my Flipboard Magazine.<\/a><\/p>\n<h2>Guarda di pi\u00f9 con drivelife<\/h2>\n<p style=\"color: #021eaa;\"><a href=\"http:\/\/car.18x24.it\">car.18&#215;24.it<\/a><\/p>\n<p style=\"color: #021eaa;\"><a href=\"http:\/\/www.drivelife.it\">www.drivelife.it<\/a><\/p>\n<p style=\"color: #021eaa;\"><a href=\"http:\/\/www.drivelife.it\/clip\/\">www.drivelife.it\/clip\/<\/a><\/p>\n<p style=\"color: #021eaa;\"><a href=\"http:\/\/www.drivelife.it\/dlnew\/\">www.drivelife.it\/dlnew\/<\/a><\/p>\n<p style=\"color: #021eaa;\"><a href=\"http:\/\/www.drivelife.it\/moto\/\">www.drivelife.it\/moto\/<\/a><\/p>\n<p style=\"color: #021eaa;\"><a href=\"http:\/\/www.drivelife.it\/car\/\">www.drivelife.it\/car\/<\/a><\/p>\n<p style=\"color: #021eaa;\"><a href=\"http:\/\/www.drivelife.it\/drivelifeintv\/\">www.drivelife.it\/drivelifeintv\/<\/a><\/p>\n<p style=\"color: #021eaa;\"><a href=\"http:\/\/www.drivelife.it\/pics\/\">www.drivelife.it\/pics\/<\/a><\/p>\n<p style=\"color: #021eaa;\"><a href=\"http:\/\/www.drivelife.it\/dresscode\/\">www.drivelife.it\/dresscode\/<\/a><\/p>\n<p style=\"color: #021eaa;\"><a href=\"https:\/\/twitter.com\/tweetdrivelife\">twitter.com\/tweetdrivelife<\/a><\/p>\n<p style=\"color: #021eaa;\"><a href=\"https:\/\/flipboard.com\/@mrlukkor\/drivelife-q5flocp8y\">flipboard.com\/@mrlukkor\/drivelife<\/a><\/p>\n<p>&nbsp;<br \/>\nCredit clip&#038;pic, quando pubblicato<br \/>\nTutte le fotografie e le clip \u00a9lucaromanopix<br \/>\n<strong>Vietata la riproduzione e la diffusione su e con qualsiasi mezzo e\/o social network senza il consenso scritto dell&#8217;autore. Le fotografie sono file con firma digitale. Le fotografie sono protette secondo le norme vigenti in Italia del diritto d\u2019autore. <\/strong><br \/>\n&nbsp;<\/p>\n<h2>\n<blockquote><p>Once Ansel Adams said:<br \/>\n\u201cThe single most important component of a camera is the twelve inches behind it\u201d.<\/p><\/blockquote>\n<\/h2>\n<p>&nbsp;<\/p>\n<h3>NB: qui, come per tutti gli articoli che drivelife pubblica on line, non \u00e8 un obbligo la corrispondenza tra il pubblicato della pagina e quanto messo in onda con la rubrica televisiva diffusa in tutta Italia.<\/h3>\n","protected":false},"excerpt":{"rendered":"<p>7 OTTOBRE IN TV &#8211; Qualcuno, adepto dei sacri principi della comunicazione televisiva si sar\u00e0 distratto e non avr\u00e0 prestato sufficiente attenzione all\u2019intervista di prodotto chiedendosi cosa nascondesse mai quel \u201ctu sai perch\u00e9\u201d. <\/p>\n","protected":false},"author":1,"featured_media":18091,"comment_status":"open","ping_status":"open","sticky":false,"template":"","format":"video","meta":{"ngg_post_thumbnail":0,"footnotes":""},"categories":[39,21,52,55,71,999,81,53],"tags":[1235,795,1295],"class_list":["post-18090","post","type-post","status-publish","format-video","has-post-thumbnail","hentry","category-automotive","category-citroen","category-gallery","category-news","category-puntata-drivelife","category-999","category-test-drive-2","category-video","tag-c3-aircross","tag-citroen","tag-corsica","post_format-post-format-video"],"yoast_head":"<!-- This site is optimized with the Yoast SEO plugin v27.5 - https:\/\/yoast.com\/product\/yoast-seo-wordpress\/ -->\n<title>CITRO\u00cbN C3 AIRCROSS - #lucalife<\/title>\n<meta name=\"robots\" content=\"index, follow, max-snippet:-1, max-image-preview:large, max-video-preview:-1\" \/>\n<link rel=\"canonical\" href=\"https:\/\/www.drivelife.it\/news\/2017\/10\/06\/citroen-c3-aircross\/\" \/>\n<meta property=\"og:locale\" content=\"en_US\" \/>\n<meta property=\"og:type\" content=\"article\" \/>\n<meta property=\"og:title\" content=\"CITRO\u00cbN C3 AIRCROSS - #lucalife\" \/>\n<meta property=\"og:description\" content=\"7 OTTOBRE IN TV - Qualcuno, adepto dei sacri principi della comunicazione televisiva si sar\u00e0 distratto e non avr\u00e0 prestato sufficiente attenzione all\u2019intervista di prodotto chiedendosi cosa nascondesse mai quel \u201ctu sai perch\u00e9\u201d.\" \/>\n<meta property=\"og:url\" content=\"https:\/\/www.drivelife.it\/news\/2017\/10\/06\/citroen-c3-aircross\/\" \/>\n<meta property=\"og:site_name\" content=\"#lucalife\" \/>\n<meta property=\"article:publisher\" content=\"https:\/\/www.facebook.com\/pages\/Drivelife\/467833073239720\" \/>\n<meta property=\"article:published_time\" content=\"2017-10-06T19:23:23+00:00\" \/>\n<meta property=\"article:modified_time\" content=\"2017-10-06T19:27:41+00:00\" \/>\n<meta property=\"og:image\" content=\"https:\/\/www.drivelife.it\/news\/wp-content\/uploads\/2017\/10\/CL-17.074.054.jpg\" \/>\n\t<meta property=\"og:image:width\" content=\"2560\" \/>\n\t<meta property=\"og:image:height\" content=\"1708\" \/>\n\t<meta property=\"og:image:type\" content=\"image\/jpeg\" \/>\n<meta name=\"author\" content=\"Redazione\" \/>\n<meta name=\"twitter:card\" content=\"summary_large_image\" \/>\n<meta name=\"twitter:creator\" content=\"@tweetdrivelife\" \/>\n<meta name=\"twitter:site\" content=\"@tweetdrivelife\" \/>\n<meta name=\"twitter:label1\" content=\"Written by\" \/>\n\t<meta name=\"twitter:data1\" content=\"Redazione\" \/>\n\t<meta name=\"twitter:label2\" content=\"Est. reading time\" \/>\n\t<meta name=\"twitter:data2\" content=\"4 minutes\" \/>\n<script type=\"application\/ld+json\" class=\"yoast-schema-graph\">{\"@context\":\"https:\\\/\\\/schema.org\",\"@graph\":[{\"@type\":\"Article\",\"@id\":\"https:\\\/\\\/www.drivelife.it\\\/news\\\/2017\\\/10\\\/06\\\/citroen-c3-aircross\\\/#article\",\"isPartOf\":{\"@id\":\"https:\\\/\\\/www.drivelife.it\\\/news\\\/2017\\\/10\\\/06\\\/citroen-c3-aircross\\\/\"},\"author\":{\"name\":\"Redazione\",\"@id\":\"https:\\\/\\\/www.drivelife.it\\\/news\\\/#\\\/schema\\\/person\\\/b6c194c3423ff451be4914f5fd9c2188\"},\"headline\":\"CITRO\u00cbN C3 AIRCROSS\",\"datePublished\":\"2017-10-06T19:23:23+00:00\",\"dateModified\":\"2017-10-06T19:27:41+00:00\",\"mainEntityOfPage\":{\"@id\":\"https:\\\/\\\/www.drivelife.it\\\/news\\\/2017\\\/10\\\/06\\\/citroen-c3-aircross\\\/\"},\"wordCount\":745,\"commentCount\":0,\"image\":{\"@id\":\"https:\\\/\\\/www.drivelife.it\\\/news\\\/2017\\\/10\\\/06\\\/citroen-c3-aircross\\\/#primaryimage\"},\"thumbnailUrl\":\"https:\\\/\\\/www.drivelife.it\\\/news\\\/wp-content\\\/uploads\\\/2017\\\/10\\\/CL-17.074.054.jpg\",\"keywords\":[\"c3 aircross\",\"CITROEN\",\"corsica\"],\"articleSection\":[\"AUTOMOTIVE\",\"CITROEN\",\"GALLERY AUTOMOTIVE\",\"NEWS\",\"PUNTATA DRIVELIFE\",\"PUNTATE DRIVELIFE TV 2017\",\"TEST DRIVE\",\"VIDEO\"],\"inLanguage\":\"en-US\",\"potentialAction\":[{\"@type\":\"CommentAction\",\"name\":\"Comment\",\"target\":[\"https:\\\/\\\/www.drivelife.it\\\/news\\\/2017\\\/10\\\/06\\\/citroen-c3-aircross\\\/#respond\"]}]},{\"@type\":\"WebPage\",\"@id\":\"https:\\\/\\\/www.drivelife.it\\\/news\\\/2017\\\/10\\\/06\\\/citroen-c3-aircross\\\/\",\"url\":\"https:\\\/\\\/www.drivelife.it\\\/news\\\/2017\\\/10\\\/06\\\/citroen-c3-aircross\\\/\",\"name\":\"CITRO\u00cbN C3 AIRCROSS - #lucalife\",\"isPartOf\":{\"@id\":\"https:\\\/\\\/www.drivelife.it\\\/news\\\/#website\"},\"primaryImageOfPage\":{\"@id\":\"https:\\\/\\\/www.drivelife.it\\\/news\\\/2017\\\/10\\\/06\\\/citroen-c3-aircross\\\/#primaryimage\"},\"image\":{\"@id\":\"https:\\\/\\\/www.drivelife.it\\\/news\\\/2017\\\/10\\\/06\\\/citroen-c3-aircross\\\/#primaryimage\"},\"thumbnailUrl\":\"https:\\\/\\\/www.drivelife.it\\\/news\\\/wp-content\\\/uploads\\\/2017\\\/10\\\/CL-17.074.054.jpg\",\"datePublished\":\"2017-10-06T19:23:23+00:00\",\"dateModified\":\"2017-10-06T19:27:41+00:00\",\"author\":{\"@id\":\"https:\\\/\\\/www.drivelife.it\\\/news\\\/#\\\/schema\\\/person\\\/b6c194c3423ff451be4914f5fd9c2188\"},\"breadcrumb\":{\"@id\":\"https:\\\/\\\/www.drivelife.it\\\/news\\\/2017\\\/10\\\/06\\\/citroen-c3-aircross\\\/#breadcrumb\"},\"inLanguage\":\"en-US\",\"potentialAction\":[{\"@type\":\"ReadAction\",\"target\":[\"https:\\\/\\\/www.drivelife.it\\\/news\\\/2017\\\/10\\\/06\\\/citroen-c3-aircross\\\/\"]}]},{\"@type\":\"ImageObject\",\"inLanguage\":\"en-US\",\"@id\":\"https:\\\/\\\/www.drivelife.it\\\/news\\\/2017\\\/10\\\/06\\\/citroen-c3-aircross\\\/#primaryimage\",\"url\":\"https:\\\/\\\/www.drivelife.it\\\/news\\\/wp-content\\\/uploads\\\/2017\\\/10\\\/CL-17.074.054.jpg\",\"contentUrl\":\"https:\\\/\\\/www.drivelife.it\\\/news\\\/wp-content\\\/uploads\\\/2017\\\/10\\\/CL-17.074.054.jpg\",\"width\":2560,\"height\":1708,\"caption\":\"CITRO\u00cbN C3 AIRCROSS - TEST DRIVE CORSICA - IN TV IL 7 OTTOBRE\"},{\"@type\":\"BreadcrumbList\",\"@id\":\"https:\\\/\\\/www.drivelife.it\\\/news\\\/2017\\\/10\\\/06\\\/citroen-c3-aircross\\\/#breadcrumb\",\"itemListElement\":[{\"@type\":\"ListItem\",\"position\":1,\"name\":\"Home\",\"item\":\"https:\\\/\\\/www.drivelife.it\\\/news\\\/\"},{\"@type\":\"ListItem\",\"position\":2,\"name\":\"CITRO\u00cbN C3 AIRCROSS\"}]},{\"@type\":\"WebSite\",\"@id\":\"https:\\\/\\\/www.drivelife.it\\\/news\\\/#website\",\"url\":\"https:\\\/\\\/www.drivelife.it\\\/news\\\/\",\"name\":\"#lucalife\",\"description\":\"DRIVELIFE le mie automobili\",\"potentialAction\":[{\"@type\":\"SearchAction\",\"target\":{\"@type\":\"EntryPoint\",\"urlTemplate\":\"https:\\\/\\\/www.drivelife.it\\\/news\\\/?s={search_term_string}\"},\"query-input\":{\"@type\":\"PropertyValueSpecification\",\"valueRequired\":true,\"valueName\":\"search_term_string\"}}],\"inLanguage\":\"en-US\"},{\"@type\":\"Person\",\"@id\":\"https:\\\/\\\/www.drivelife.it\\\/news\\\/#\\\/schema\\\/person\\\/b6c194c3423ff451be4914f5fd9c2188\",\"name\":\"Redazione\",\"image\":{\"@type\":\"ImageObject\",\"inLanguage\":\"en-US\",\"@id\":\"https:\\\/\\\/secure.gravatar.com\\\/avatar\\\/8d186f6b07ba8a94441344759f0e13bf1909b6ceaa171df0425551b4590fd558?s=96&d=mm&r=g\",\"url\":\"https:\\\/\\\/secure.gravatar.com\\\/avatar\\\/8d186f6b07ba8a94441344759f0e13bf1909b6ceaa171df0425551b4590fd558?s=96&d=mm&r=g\",\"contentUrl\":\"https:\\\/\\\/secure.gravatar.com\\\/avatar\\\/8d186f6b07ba8a94441344759f0e13bf1909b6ceaa171df0425551b4590fd558?s=96&d=mm&r=g\",\"caption\":\"Redazione\"},\"url\":\"https:\\\/\\\/www.drivelife.it\\\/news\\\/author\\\/admin\\\/\"}]}<\/script>\n<!-- \/ Yoast SEO plugin. -->","yoast_head_json":{"title":"CITRO\u00cbN C3 AIRCROSS - #lucalife","robots":{"index":"index","follow":"follow","max-snippet":"max-snippet:-1","max-image-preview":"max-image-preview:large","max-video-preview":"max-video-preview:-1"},"canonical":"https:\/\/www.drivelife.it\/news\/2017\/10\/06\/citroen-c3-aircross\/","og_locale":"en_US","og_type":"article","og_title":"CITRO\u00cbN C3 AIRCROSS - #lucalife","og_description":"7 OTTOBRE IN TV - Qualcuno, adepto dei sacri principi della comunicazione televisiva si sar\u00e0 distratto e non avr\u00e0 prestato sufficiente attenzione all\u2019intervista di prodotto chiedendosi cosa nascondesse mai quel \u201ctu sai perch\u00e9\u201d.","og_url":"https:\/\/www.drivelife.it\/news\/2017\/10\/06\/citroen-c3-aircross\/","og_site_name":"#lucalife","article_publisher":"https:\/\/www.facebook.com\/pages\/Drivelife\/467833073239720","article_published_time":"2017-10-06T19:23:23+00:00","article_modified_time":"2017-10-06T19:27:41+00:00","og_image":[{"width":2560,"height":1708,"url":"https:\/\/www.drivelife.it\/news\/wp-content\/uploads\/2017\/10\/CL-17.074.054.jpg","type":"image\/jpeg"}],"author":"Redazione","twitter_card":"summary_large_image","twitter_creator":"@tweetdrivelife","twitter_site":"@tweetdrivelife","twitter_misc":{"Written by":"Redazione","Est. reading time":"4 minutes"},"schema":{"@context":"https:\/\/schema.org","@graph":[{"@type":"Article","@id":"https:\/\/www.drivelife.it\/news\/2017\/10\/06\/citroen-c3-aircross\/#article","isPartOf":{"@id":"https:\/\/www.drivelife.it\/news\/2017\/10\/06\/citroen-c3-aircross\/"},"author":{"name":"Redazione","@id":"https:\/\/www.drivelife.it\/news\/#\/schema\/person\/b6c194c3423ff451be4914f5fd9c2188"},"headline":"CITRO\u00cbN C3 AIRCROSS","datePublished":"2017-10-06T19:23:23+00:00","dateModified":"2017-10-06T19:27:41+00:00","mainEntityOfPage":{"@id":"https:\/\/www.drivelife.it\/news\/2017\/10\/06\/citroen-c3-aircross\/"},"wordCount":745,"commentCount":0,"image":{"@id":"https:\/\/www.drivelife.it\/news\/2017\/10\/06\/citroen-c3-aircross\/#primaryimage"},"thumbnailUrl":"https:\/\/www.drivelife.it\/news\/wp-content\/uploads\/2017\/10\/CL-17.074.054.jpg","keywords":["c3 aircross","CITROEN","corsica"],"articleSection":["AUTOMOTIVE","CITROEN","GALLERY AUTOMOTIVE","NEWS","PUNTATA DRIVELIFE","PUNTATE DRIVELIFE TV 2017","TEST DRIVE","VIDEO"],"inLanguage":"en-US","potentialAction":[{"@type":"CommentAction","name":"Comment","target":["https:\/\/www.drivelife.it\/news\/2017\/10\/06\/citroen-c3-aircross\/#respond"]}]},{"@type":"WebPage","@id":"https:\/\/www.drivelife.it\/news\/2017\/10\/06\/citroen-c3-aircross\/","url":"https:\/\/www.drivelife.it\/news\/2017\/10\/06\/citroen-c3-aircross\/","name":"CITRO\u00cbN C3 AIRCROSS - #lucalife","isPartOf":{"@id":"https:\/\/www.drivelife.it\/news\/#website"},"primaryImageOfPage":{"@id":"https:\/\/www.drivelife.it\/news\/2017\/10\/06\/citroen-c3-aircross\/#primaryimage"},"image":{"@id":"https:\/\/www.drivelife.it\/news\/2017\/10\/06\/citroen-c3-aircross\/#primaryimage"},"thumbnailUrl":"https:\/\/www.drivelife.it\/news\/wp-content\/uploads\/2017\/10\/CL-17.074.054.jpg","datePublished":"2017-10-06T19:23:23+00:00","dateModified":"2017-10-06T19:27:41+00:00","author":{"@id":"https:\/\/www.drivelife.it\/news\/#\/schema\/person\/b6c194c3423ff451be4914f5fd9c2188"},"breadcrumb":{"@id":"https:\/\/www.drivelife.it\/news\/2017\/10\/06\/citroen-c3-aircross\/#breadcrumb"},"inLanguage":"en-US","potentialAction":[{"@type":"ReadAction","target":["https:\/\/www.drivelife.it\/news\/2017\/10\/06\/citroen-c3-aircross\/"]}]},{"@type":"ImageObject","inLanguage":"en-US","@id":"https:\/\/www.drivelife.it\/news\/2017\/10\/06\/citroen-c3-aircross\/#primaryimage","url":"https:\/\/www.drivelife.it\/news\/wp-content\/uploads\/2017\/10\/CL-17.074.054.jpg","contentUrl":"https:\/\/www.drivelife.it\/news\/wp-content\/uploads\/2017\/10\/CL-17.074.054.jpg","width":2560,"height":1708,"caption":"CITRO\u00cbN C3 AIRCROSS - TEST DRIVE CORSICA - IN TV IL 7 OTTOBRE"},{"@type":"BreadcrumbList","@id":"https:\/\/www.drivelife.it\/news\/2017\/10\/06\/citroen-c3-aircross\/#breadcrumb","itemListElement":[{"@type":"ListItem","position":1,"name":"Home","item":"https:\/\/www.drivelife.it\/news\/"},{"@type":"ListItem","position":2,"name":"CITRO\u00cbN C3 AIRCROSS"}]},{"@type":"WebSite","@id":"https:\/\/www.drivelife.it\/news\/#website","url":"https:\/\/www.drivelife.it\/news\/","name":"#lucalife","description":"DRIVELIFE le mie automobili","potentialAction":[{"@type":"SearchAction","target":{"@type":"EntryPoint","urlTemplate":"https:\/\/www.drivelife.it\/news\/?s={search_term_string}"},"query-input":{"@type":"PropertyValueSpecification","valueRequired":true,"valueName":"search_term_string"}}],"inLanguage":"en-US"},{"@type":"Person","@id":"https:\/\/www.drivelife.it\/news\/#\/schema\/person\/b6c194c3423ff451be4914f5fd9c2188","name":"Redazione","image":{"@type":"ImageObject","inLanguage":"en-US","@id":"https:\/\/secure.gravatar.com\/avatar\/8d186f6b07ba8a94441344759f0e13bf1909b6ceaa171df0425551b4590fd558?s=96&d=mm&r=g","url":"https:\/\/secure.gravatar.com\/avatar\/8d186f6b07ba8a94441344759f0e13bf1909b6ceaa171df0425551b4590fd558?s=96&d=mm&r=g","contentUrl":"https:\/\/secure.gravatar.com\/avatar\/8d186f6b07ba8a94441344759f0e13bf1909b6ceaa171df0425551b4590fd558?s=96&d=mm&r=g","caption":"Redazione"},"url":"https:\/\/www.drivelife.it\/news\/author\/admin\/"}]}},"amp_enabled":true,"_links":{"self":[{"href":"https:\/\/www.drivelife.it\/news\/wp-json\/wp\/v2\/posts\/18090","targetHints":{"allow":["GET"]}}],"collection":[{"href":"https:\/\/www.drivelife.it\/news\/wp-json\/wp\/v2\/posts"}],"about":[{"href":"https:\/\/www.drivelife.it\/news\/wp-json\/wp\/v2\/types\/post"}],"author":[{"embeddable":true,"href":"https:\/\/www.drivelife.it\/news\/wp-json\/wp\/v2\/users\/1"}],"replies":[{"embeddable":true,"href":"https:\/\/www.drivelife.it\/news\/wp-json\/wp\/v2\/comments?post=18090"}],"version-history":[{"count":3,"href":"https:\/\/www.drivelife.it\/news\/wp-json\/wp\/v2\/posts\/18090\/revisions"}],"predecessor-version":[{"id":18159,"href":"https:\/\/www.drivelife.it\/news\/wp-json\/wp\/v2\/posts\/18090\/revisions\/18159"}],"wp:featuredmedia":[{"embeddable":true,"href":"https:\/\/www.drivelife.it\/news\/wp-json\/wp\/v2\/media\/18091"}],"wp:attachment":[{"href":"https:\/\/www.drivelife.it\/news\/wp-json\/wp\/v2\/media?parent=18090"}],"wp:term":[{"taxonomy":"category","embeddable":true,"href":"https:\/\/www.drivelife.it\/news\/wp-json\/wp\/v2\/categories?post=18090"},{"taxonomy":"post_tag","embeddable":true,"href":"https:\/\/www.drivelife.it\/news\/wp-json\/wp\/v2\/tags?post=18090"}],"curies":[{"name":"wp","href":"https:\/\/api.w.org\/{rel}","templated":true}]}}