{"id":1805,"date":"2013-02-13T19:11:00","date_gmt":"2013-02-13T19:11:00","guid":{"rendered":"http:\/\/www.drivelife.it\/news\/?p=1805"},"modified":"2014-04-07T20:40:44","modified_gmt":"2014-04-07T20:40:44","slug":"bmw-serie-3-gt","status":"publish","type":"post","link":"https:\/\/www.drivelife.it\/news\/2013\/02\/13\/bmw-serie-3-gt\/","title":{"rendered":"BMW SERIE 3 GT"},"content":{"rendered":"<h1>E QUESTA?<br \/>\nUNA SORPRESA PER GINEVRA 2013<\/h1>\n<h2><strong>BMW ANCORA CAPACE DI STUPIRE:<br \/>\nUNA INEDITA PROPOSTA CHE AMPLIA<br \/>\nLA POSSIBILITA&#8217; DI SCELTA D&#8217;ACQUISTO<\/strong><\/h2>\n<p><strong>(di Nicoletta Triggiani)<\/strong><\/p>\n<p>Rispettate tipiche proporzioni di una BMW, quattro porte con cristalli senza cornice.\u00a0La generosit\u00e0 delle dimensioni garantisce ai passeggeri un&#8217;abitabilit\u00e0 confortevole e la massima libert\u00e0 di movimento in tutti i posti, superando i limiti della Serie 3, senza arrivare alla impegnativa BMW 5GT.\u00a0L\u2019ambiente premium della nuova BMW Sere 3 Gran Turismo viene esaltato anche dalle pregiate combinazioni di materiali e dall\u2019altissima qualit\u00e0 della lavorazione.\u00a0Al momento di debutto della nuova BMW Serie 3 Gran Turismo saranno disponibili cinque elastici e silenziosi propulsori dai consumi ridotti che copriranno un arco di potenza da 105 kW\/143 CV a 225 kW\/306 CV.<\/p>\nngg_shortcode_0_placeholder\n<div id=\"attachment_1807\" style=\"width: 760px\" class=\"wp-caption alignnone\"><a href=\"http:\/\/www.drivelife.it\/news\/wp-content\/uploads\/2013\/02\/DRIVELIFE_BMW-SERIE-3-GT-SHOW-GINEVRA_43.jpg\"><img loading=\"lazy\" decoding=\"async\" aria-describedby=\"caption-attachment-1807\" class=\"size-large wp-image-1807\" title=\"BMW GT3 \" alt=\"BMW GT3 \" src=\"http:\/\/www.drivelife.it\/news\/wp-content\/uploads\/2013\/02\/DRIVELIFE_BMW-SERIE-3-GT-SHOW-GINEVRA_43-750x500.jpg\" width=\"750\" height=\"500\" srcset=\"https:\/\/www.drivelife.it\/news\/wp-content\/uploads\/2013\/02\/DRIVELIFE_BMW-SERIE-3-GT-SHOW-GINEVRA_43-750x500.jpg 750w, https:\/\/www.drivelife.it\/news\/wp-content\/uploads\/2013\/02\/DRIVELIFE_BMW-SERIE-3-GT-SHOW-GINEVRA_43-620x413.jpg 620w, https:\/\/www.drivelife.it\/news\/wp-content\/uploads\/2013\/02\/DRIVELIFE_BMW-SERIE-3-GT-SHOW-GINEVRA_43-590x393.jpg 590w, https:\/\/www.drivelife.it\/news\/wp-content\/uploads\/2013\/02\/DRIVELIFE_BMW-SERIE-3-GT-SHOW-GINEVRA_43-950x633.jpg 950w, https:\/\/www.drivelife.it\/news\/wp-content\/uploads\/2013\/02\/DRIVELIFE_BMW-SERIE-3-GT-SHOW-GINEVRA_43.jpg 1920w\" sizes=\"auto, (max-width: 750px) 100vw, 750px\" \/><\/a><p id=\"caption-attachment-1807\" class=\"wp-caption-text\">BMW GT3 &#8211; SHOW IN GINEVRA 2013<\/p><\/div>\n<p>Con la nuova BMW Serie 3 Gran Turismo il cotruttore di Monaco presenta un concetto innovativo e completamente indipendente della famosa BMW Serie 3. La terza variante di carrozzeria dell\u2019attuale famiglia di modelli coniuga il DNA sportivo\/dinamico della berlina con la funzionalit\u00e0 e la versatilit\u00e0 del modello Touring. Queste qualit\u00e0 vengono completate da un sensibile aumento dell\u2019abitabilit\u00e0 e del comfort di viaggio. Contemporaneamente, la Gran Turismo si presenta altamente estetica, con una forte carica emotiva ed assicura una presenza unica sulla strada e un intenso piacere di guida. Grazie a queste qualit\u00e0, la Gran Turismo convince sia come elegante automobile per l\u2019utilizzo professionale che come dinamica e confortevole vettura da viaggio.<\/p>\n<p>Le tipiche proporzioni di una BMW, quattro porte con cristalli senza cornice, una linea del tetto che scende dolcemente verso il posteriore, ispirata ai modelli coup\u00e9, e un grande portellone posteriore elettrico ad apertura e chiusura automatica marcano all\u2019esterno la personalit\u00e0 indipendente della BMW Serie 3 Gran Turismo. Lo spoiler posteriore attivo, il primo sui generis in una vettura BMW, assicura una leggerezza estetica, riducendo contemporaneamente la portanza durante la guida a velocit\u00e0 sostenuta. Rispetto alla BMW Serie 3 Touring la nuova BMW Serie 3 Gran Turismo \u00e8 cresciuta di 200 millimetri in lunghezza e di 110 millimetri di passo. Inoltre, la nuova variante di modello \u00e8 aumentata di 81 millimetri in altezza. Grazie alla combinazione elegante delle proporzioni, delle superfici e delle linee, la BMW Serie 3 Gran Turismo viene identificata immediatamente come membro della famiglia BMW Serie 3.<\/p>\n<p style=\"padding-left: 30px;\"><strong>Elevato comfort di viaggio avvolto in un\u2019atmosfera unica<\/strong><\/p>\n<p>La generosit\u00e0 delle dimensioni garantisce ai passeggeri un&#8217;abitabilit\u00e0 confortevole e la massima libert\u00e0 di movimento in tutti i posti. Sia gli occupanti dei sedili anteriori che posteriori traggono profitto da una posizione di seduta rialzata di 59 millimetri che offre una vista eccellente e facilita notevolmente l\u2019ingresso e l\u2019uscita dalla vettura. Contemporaneamente, la BMW Serie 3 Gran Turismo offre maggiore spazio per la testa. Il guadagno di libert\u00e0 di movimento si nota soprattutto nella zona dei passeggeri posteriori dove la BMW Serie 3 Gran Turismo offre ben 70 millimetri in pi\u00f9 di spazio per le gambe (<em>confronto con la berlina e il modello Touring<\/em>), dunque dei valori riservati in passato alle vetture di classi superiori. Grazie al design e alle forme, alla selezione cromatica e dei materiali degli interni, la zona posteriore si presenta in una generosa atmosfera da lounge che consente di godersi rilassati anche i viaggi pi\u00f9 lunghi.<\/p>\n<p style=\"padding-left: 30px;\"><strong>Gestione intelligente del bagagliaio<\/strong><\/p>\n<p>L\u2019aumento delle dimensioni favorisce anche la capacit\u00e0 di carico del bagagliaio che offre un volume di 520 litri, dunque 25 litri in pi\u00f9 della BMW Serie 3 Touring. L\u2019ampia zona di carico e l\u2019altezza di apertura del cofano posteriore ne facilitano l\u2019accesso. Dei pratici equipaggiamenti di serie come lo schienale del divanetto posteriore ribaltabile nel rapporto 40:20:40 e i poggiatesta piegabili, cos\u00ec come gli schienali dei sedili anteriori ad inclinazione regolabile (<em>funzione cargo<\/em>) oppure la cappelliera bipartita sottolineano l\u2019elevata funzionalit\u00e0 della BMW Serie 3 Gran Turismo. L\u2019ampio e versatile bagagliaio permette di gestire in modo pratico lo spazio disponibile; delle soluzioni funzionali, come gli occhielli di fissaggio del bagaglio, i ganci multifunzione e il vano portaoggetti sotto il piano di carico, aumentano il comfort di utilizzo. L\u2019alta sostanza di prodotto della BMW Serie 3 viene sottolineata dalle strisce luminose a LED che illuminano il bagagliaio.<\/p>\n<p style=\"padding-left: 30px;\"><strong>Tipico BMW Serie 3: eleganza funzionale, tre linee di equipaggiamenti <\/strong><\/p>\n<p>L\u2019ambiente premium della nuova BMW Sere 3 Gran Turismo viene esaltato anche dalle pregiate combinazioni di materiali e dall\u2019altissima qualit\u00e0 della lavorazione. Analogamente agli altri modelli, anche l\u2019ultimogenito della BMW Serie 3 \u00e8 disponibile in una versione d\u2019ingresso e nelle linee di equipaggiamento Sport Line, Luxury Line e Modern Line. In pi\u00f9, sin dal luglio 2013 sar\u00e0 fornibile l\u2019optional pacchetto M Sport.<\/p>\n<p style=\"padding-left: 30px;\"><strong>Lancio del nuovo modello con tre motori a benzina e due motori diesel<\/strong><\/p>\n<p>Al momento di debutto della nuova BMW Serie 3 Gran Turismo saranno disponibili cinque elastici e silenziosi propulsori dai consumi ridotti che copriranno un arco di potenza da 105 kW\/143 CV a 225 kW\/306 CV. Tutte le motorizzazioni sono dotate dell\u2019attuale tecnologia BMW TwinPower Turbo. Oltre al motore top di gamma, il sei cilindri a benzina della BMW 335i Gran Turismo, la gamma di motori a benzina includer\u00e0 due quattro cilindri, montati nella BMW 328i Gran Turismo e nella BMW 320i Gran Turismo. La gamma di motori verr\u00e0 completata da due propulsori diesel, uno da 2 000 cm\u00b3 nella BMW 320d Gran Turismo e uno nella BMW 318d Gran Turismo.<\/p>\n<p>La trasmissione di potenza alle ruote posteriori avviene di serie attraverso un cambio manuale a sei marce. Per tutte le motorizzazioni viene offerto come optional il cambio automatico a otto rapporti. Entrambi i cambi sono equipaggiati con la funzione start\/stop automatico che contribuisce a ridurre il consumo di carburante.<\/p>\n<p>La sofisticata tecnica di assetto, ricca di componenti in lega leggera, lo sterzo elettromeccanico esente da influssi del motore, la ripartizione equilibrata delle masse tra gli assi (50:50) e la scocca antitorsione in materiali leggeri assicurano delle eccellenti caratteristiche di handling e un elevato livello di agilit\u00e0 e precisione di traiettoria. Il passo allungato (+110 mm), il diametro maggiore delle ruote e l\u2019equipaggiamento di base con cerchi da 17 pollici favoriscono sia la stabilit\u00e0 di guida che il comfort di viaggio nella nuova BMW Serie 3 Gran Turismo.<\/p>\n<p style=\"padding-left: 30px;\"><strong>BMW EfficientDynamics<\/strong><\/p>\n<p>Oltre all\u2019elevata funzionalit\u00e0 e alla dinamica sportiva, il divertimento di guida nella nuova BMW Serie 3 Gran Turismo viene garantito dall\u2019eccellente economia di esercizio. Essa \u00e8 il risultato della strategia di sviluppo BMW EfficientDynamics i cui vantaggi si manifestano in praticamente tutti i settori del nuovo modello. Oltre ai motori a benzina e diesel dal consumo ottimizzato, il concetto di lightweight design intelligente e l\u2019aerodinamica perfezionata con Air Curtain, Air Breather e spoiler posteriore attivo assicurano il massimo livello di efficienza e dinamismo. Ulteriori misure di ottimizzazione, come la funzione start\/stop automatico, la Brake Energy Regeneration, l\u2019indicatore del punto ottimale di cambiata e i gruppi secondari comandati dal fabbisogno effettivo contribuiscono all\u2019eccellente performance della potente BMW Serie 3 Gran Turismo, abbinata a valori moderati di consumo di carburante e delle emissioni. Inoltre, il modo ECO PRO e la nuova funzione ECO PRO Route consentono di realizzare degli ulteriori potenziali di risparmio fino al 20 percento.<\/p>\n<p style=\"padding-left: 30px;\"><strong>BMW ConnectedDrive <\/strong><\/p>\n<p>Grazie a una ricca gamma di sistemi di assistenza del guidatore e di servizi di mobilit\u00e0, offerti nell\u2019ambito di BMW ConnectedDrive, la nuova BMW Serie 3 Gran Turismo definisce dei nuovi parametri di riferimento a livello di sicurezza, di comfort e d\u2019infotainment. Un highlight \u00e8 costituito dall\u2019Head-Up-Display a colori dell\u2019ultima generazione che proietta sul parabrezza le informazioni pi\u00f9 importanti per il guidatore in una brillante risoluzione. Oltre ai sistemi di assistenza importanti per il comfort e la sicurezza degli occupanti, una potentissima tecnologia d\u2019interfaccia assicura l\u2019ampio utilizzo di telefoni cellulari e di numerose funzioni di ufficio mobile via Bluetooth sulla base d\u2019internet.<\/p>\n<p>Con l\u2019optional \u201cApplicazioni ufficiali\u201d e l\u2019app gratuita \u201cBMW Connected\u201d permettono di utilizzare per esempio i social network, la web-radio e la funzione di calendario dell\u2019iPhone. Infine, i servizi d\u2019informazione e di ufficio mobile, nonch\u00e9 il pianificatore di viaggio e del tempo libero messi a disposizione dai servizi Google Maps e Panoramio aumentano il comfort personale a bordo della nuova BMW Serie 3 Gran Turismo.<\/p>\n\n\t\t<style>\n\t\t\t#gallery-1 {\n\t\t\t\tmargin: auto;\n\t\t\t}\n\t\t\t#gallery-1 .gallery-item {\n\t\t\t\tfloat: left;\n\t\t\t\tmargin-top: 10px;\n\t\t\t\ttext-align: center;\n\t\t\t\twidth: 11%;\n\t\t\t}\n\t\t\t#gallery-1 img {\n\t\t\t\tborder: 2px solid #cfcfcf;\n\t\t\t}\n\t\t\t#gallery-1 .gallery-caption {\n\t\t\t\tmargin-left: 0;\n\t\t\t}\n\t\t\t\/* see gallery_shortcode() in wp-includes\/media.php *\/\n\t\t<\/style>\n\t\t<div id='gallery-1' class='gallery galleryid-1805 gallery-columns-9 gallery-size-thumbnail'><dl class='gallery-item'>\n\t\t\t<dt class='gallery-icon landscape'>\n\t\t\t\t<a href='https:\/\/www.drivelife.it\/news\/2013\/02\/13\/bmw-serie-3-gt\/bmw-gt3-25\/'><img loading=\"lazy\" decoding=\"async\" width=\"150\" height=\"150\" src=\"https:\/\/www.drivelife.it\/news\/wp-content\/uploads\/2013\/02\/DRIVELIFE_BMW-SERIE-3-GT-SHOW-GINEVRA_29-150x150.jpg\" class=\"attachment-thumbnail size-thumbnail no-lazy\" alt=\"\" srcset=\"https:\/\/www.drivelife.it\/news\/wp-content\/uploads\/2013\/02\/DRIVELIFE_BMW-SERIE-3-GT-SHOW-GINEVRA_29-150x150.jpg 150w, https:\/\/www.drivelife.it\/news\/wp-content\/uploads\/2013\/02\/DRIVELIFE_BMW-SERIE-3-GT-SHOW-GINEVRA_29-310x310.jpg 310w\" sizes=\"auto, (max-width: 150px) 100vw, 150px\" \/><\/a>\n\t\t\t<\/dt><\/dl><dl class='gallery-item'>\n\t\t\t<dt class='gallery-icon landscape'>\n\t\t\t\t<a href='https:\/\/www.drivelife.it\/news\/2013\/02\/13\/bmw-serie-3-gt\/drivelife_bmw-serie-3-gt-show-ginevra_5\/'><img loading=\"lazy\" decoding=\"async\" width=\"150\" height=\"150\" src=\"https:\/\/www.drivelife.it\/news\/wp-content\/uploads\/2013\/02\/DRIVELIFE_BMW-SERIE-3-GT-SHOW-GINEVRA_5-150x150.jpg\" class=\"attachment-thumbnail size-thumbnail no-lazy\" alt=\"\" srcset=\"https:\/\/www.drivelife.it\/news\/wp-content\/uploads\/2013\/02\/DRIVELIFE_BMW-SERIE-3-GT-SHOW-GINEVRA_5-150x150.jpg 150w, https:\/\/www.drivelife.it\/news\/wp-content\/uploads\/2013\/02\/DRIVELIFE_BMW-SERIE-3-GT-SHOW-GINEVRA_5-310x310.jpg 310w\" sizes=\"auto, (max-width: 150px) 100vw, 150px\" \/><\/a>\n\t\t\t<\/dt><\/dl><dl class='gallery-item'>\n\t\t\t<dt class='gallery-icon portrait'>\n\t\t\t\t<a href='https:\/\/www.drivelife.it\/news\/2013\/02\/13\/bmw-serie-3-gt\/bmw-gt3-23\/'><img loading=\"lazy\" decoding=\"async\" width=\"150\" height=\"150\" src=\"https:\/\/www.drivelife.it\/news\/wp-content\/uploads\/2013\/02\/DRIVELIFE_BMW-SERIE-3-GT-SHOW-GINEVRA_27-150x150.jpg\" class=\"attachment-thumbnail size-thumbnail no-lazy\" alt=\"\" srcset=\"https:\/\/www.drivelife.it\/news\/wp-content\/uploads\/2013\/02\/DRIVELIFE_BMW-SERIE-3-GT-SHOW-GINEVRA_27-150x150.jpg 150w, https:\/\/www.drivelife.it\/news\/wp-content\/uploads\/2013\/02\/DRIVELIFE_BMW-SERIE-3-GT-SHOW-GINEVRA_27-310x310.jpg 310w\" sizes=\"auto, (max-width: 150px) 100vw, 150px\" \/><\/a>\n\t\t\t<\/dt><\/dl><dl class='gallery-item'>\n\t\t\t<dt class='gallery-icon landscape'>\n\t\t\t\t<a href='https:\/\/www.drivelife.it\/news\/2013\/02\/13\/bmw-serie-3-gt\/drivelife_bmw-serie-3-gt-show-ginevra_4\/'><img loading=\"lazy\" decoding=\"async\" width=\"150\" height=\"150\" src=\"https:\/\/www.drivelife.it\/news\/wp-content\/uploads\/2013\/02\/DRIVELIFE_BMW-SERIE-3-GT-SHOW-GINEVRA_4-150x150.jpg\" class=\"attachment-thumbnail size-thumbnail no-lazy\" alt=\"\" srcset=\"https:\/\/www.drivelife.it\/news\/wp-content\/uploads\/2013\/02\/DRIVELIFE_BMW-SERIE-3-GT-SHOW-GINEVRA_4-150x150.jpg 150w, https:\/\/www.drivelife.it\/news\/wp-content\/uploads\/2013\/02\/DRIVELIFE_BMW-SERIE-3-GT-SHOW-GINEVRA_4-310x310.jpg 310w\" sizes=\"auto, (max-width: 150px) 100vw, 150px\" \/><\/a>\n\t\t\t<\/dt><\/dl><dl class='gallery-item'>\n\t\t\t<dt class='gallery-icon landscape'>\n\t\t\t\t<a href='https:\/\/www.drivelife.it\/news\/2013\/02\/13\/bmw-serie-3-gt\/bmw-gt3-2\/'><img loading=\"lazy\" decoding=\"async\" width=\"150\" height=\"150\" src=\"https:\/\/www.drivelife.it\/news\/wp-content\/uploads\/2013\/02\/DRIVELIFE_BMW-SERIE-3-GT-SHOW-GINEVRA_6-150x150.jpg\" class=\"attachment-thumbnail size-thumbnail no-lazy\" alt=\"\" srcset=\"https:\/\/www.drivelife.it\/news\/wp-content\/uploads\/2013\/02\/DRIVELIFE_BMW-SERIE-3-GT-SHOW-GINEVRA_6-150x150.jpg 150w, https:\/\/www.drivelife.it\/news\/wp-content\/uploads\/2013\/02\/DRIVELIFE_BMW-SERIE-3-GT-SHOW-GINEVRA_6-310x310.jpg 310w\" sizes=\"auto, (max-width: 150px) 100vw, 150px\" \/><\/a>\n\t\t\t<\/dt><\/dl><dl class='gallery-item'>\n\t\t\t<dt class='gallery-icon landscape'>\n\t\t\t\t<a href='https:\/\/www.drivelife.it\/news\/2013\/02\/13\/bmw-serie-3-gt\/bmw-gt3-31\/'><img loading=\"lazy\" decoding=\"async\" width=\"150\" height=\"150\" src=\"https:\/\/www.drivelife.it\/news\/wp-content\/uploads\/2013\/02\/DRIVELIFE_BMW-SERIE-3-GT-SHOW-GINEVRA_35-150x150.jpg\" class=\"attachment-thumbnail size-thumbnail no-lazy\" alt=\"\" srcset=\"https:\/\/www.drivelife.it\/news\/wp-content\/uploads\/2013\/02\/DRIVELIFE_BMW-SERIE-3-GT-SHOW-GINEVRA_35-150x150.jpg 150w, https:\/\/www.drivelife.it\/news\/wp-content\/uploads\/2013\/02\/DRIVELIFE_BMW-SERIE-3-GT-SHOW-GINEVRA_35-310x310.jpg 310w\" sizes=\"auto, (max-width: 150px) 100vw, 150px\" \/><\/a>\n\t\t\t<\/dt><\/dl><dl class='gallery-item'>\n\t\t\t<dt class='gallery-icon landscape'>\n\t\t\t\t<a href='https:\/\/www.drivelife.it\/news\/2013\/02\/13\/bmw-serie-3-gt\/bmw-gt3-33\/'><img loading=\"lazy\" decoding=\"async\" width=\"150\" height=\"150\" src=\"https:\/\/www.drivelife.it\/news\/wp-content\/uploads\/2013\/02\/DRIVELIFE_BMW-SERIE-3-GT-SHOW-GINEVRA_37-150x150.jpg\" class=\"attachment-thumbnail size-thumbnail no-lazy\" alt=\"\" srcset=\"https:\/\/www.drivelife.it\/news\/wp-content\/uploads\/2013\/02\/DRIVELIFE_BMW-SERIE-3-GT-SHOW-GINEVRA_37-150x150.jpg 150w, https:\/\/www.drivelife.it\/news\/wp-content\/uploads\/2013\/02\/DRIVELIFE_BMW-SERIE-3-GT-SHOW-GINEVRA_37-310x310.jpg 310w\" sizes=\"auto, (max-width: 150px) 100vw, 150px\" \/><\/a>\n\t\t\t<\/dt><\/dl><dl class='gallery-item'>\n\t\t\t<dt class='gallery-icon landscape'>\n\t\t\t\t<a href='https:\/\/www.drivelife.it\/news\/2013\/02\/13\/bmw-serie-3-gt\/bmw-gt3-4\/'><img loading=\"lazy\" decoding=\"async\" width=\"150\" height=\"150\" src=\"https:\/\/www.drivelife.it\/news\/wp-content\/uploads\/2013\/02\/DRIVELIFE_BMW-SERIE-3-GT-SHOW-GINEVRA_8-150x150.jpg\" class=\"attachment-thumbnail size-thumbnail no-lazy\" alt=\"\" srcset=\"https:\/\/www.drivelife.it\/news\/wp-content\/uploads\/2013\/02\/DRIVELIFE_BMW-SERIE-3-GT-SHOW-GINEVRA_8-150x150.jpg 150w, https:\/\/www.drivelife.it\/news\/wp-content\/uploads\/2013\/02\/DRIVELIFE_BMW-SERIE-3-GT-SHOW-GINEVRA_8-310x310.jpg 310w\" sizes=\"auto, (max-width: 150px) 100vw, 150px\" \/><\/a>\n\t\t\t<\/dt><\/dl><dl class='gallery-item'>\n\t\t\t<dt class='gallery-icon landscape'>\n\t\t\t\t<a href='https:\/\/www.drivelife.it\/news\/2013\/02\/13\/bmw-serie-3-gt\/bmw-gt3-36\/'><img loading=\"lazy\" decoding=\"async\" width=\"150\" height=\"150\" src=\"https:\/\/www.drivelife.it\/news\/wp-content\/uploads\/2013\/02\/DRIVELIFE_BMW-SERIE-3-GT-SHOW-GINEVRA_40-150x150.jpg\" class=\"attachment-thumbnail size-thumbnail no-lazy\" alt=\"\" srcset=\"https:\/\/www.drivelife.it\/news\/wp-content\/uploads\/2013\/02\/DRIVELIFE_BMW-SERIE-3-GT-SHOW-GINEVRA_40-150x150.jpg 150w, https:\/\/www.drivelife.it\/news\/wp-content\/uploads\/2013\/02\/DRIVELIFE_BMW-SERIE-3-GT-SHOW-GINEVRA_40-310x310.jpg 310w\" sizes=\"auto, (max-width: 150px) 100vw, 150px\" \/><\/a>\n\t\t\t<\/dt><\/dl><br style=\"clear: both\" \/><dl class='gallery-item'>\n\t\t\t<dt class='gallery-icon landscape'>\n\t\t\t\t<a href='https:\/\/www.drivelife.it\/news\/2013\/02\/13\/bmw-serie-3-gt\/bmw-gt3-39\/'><img loading=\"lazy\" decoding=\"async\" width=\"150\" height=\"150\" src=\"https:\/\/www.drivelife.it\/news\/wp-content\/uploads\/2013\/02\/DRIVELIFE_BMW-SERIE-3-GT-SHOW-GINEVRA_431-150x150.jpg\" class=\"attachment-thumbnail size-thumbnail no-lazy\" alt=\"\" srcset=\"https:\/\/www.drivelife.it\/news\/wp-content\/uploads\/2013\/02\/DRIVELIFE_BMW-SERIE-3-GT-SHOW-GINEVRA_431-150x150.jpg 150w, https:\/\/www.drivelife.it\/news\/wp-content\/uploads\/2013\/02\/DRIVELIFE_BMW-SERIE-3-GT-SHOW-GINEVRA_431-310x310.jpg 310w\" sizes=\"auto, (max-width: 150px) 100vw, 150px\" \/><\/a>\n\t\t\t<\/dt><\/dl><dl class='gallery-item'>\n\t\t\t<dt class='gallery-icon landscape'>\n\t\t\t\t<a href='https:\/\/www.drivelife.it\/news\/2013\/02\/13\/bmw-serie-3-gt\/drivelife_bmw-serie-3-gt-show-ginevra\/'><img loading=\"lazy\" decoding=\"async\" width=\"150\" height=\"150\" src=\"https:\/\/www.drivelife.it\/news\/wp-content\/uploads\/2013\/02\/DRIVELIFE_BMW-SERIE-3-GT-SHOW-GINEVRA-150x150.jpg\" class=\"attachment-thumbnail size-thumbnail no-lazy\" alt=\"\" srcset=\"https:\/\/www.drivelife.it\/news\/wp-content\/uploads\/2013\/02\/DRIVELIFE_BMW-SERIE-3-GT-SHOW-GINEVRA-150x150.jpg 150w, https:\/\/www.drivelife.it\/news\/wp-content\/uploads\/2013\/02\/DRIVELIFE_BMW-SERIE-3-GT-SHOW-GINEVRA-310x310.jpg 310w\" sizes=\"auto, (max-width: 150px) 100vw, 150px\" \/><\/a>\n\t\t\t<\/dt><\/dl><dl class='gallery-item'>\n\t\t\t<dt class='gallery-icon landscape'>\n\t\t\t\t<a href='https:\/\/www.drivelife.it\/news\/2013\/02\/13\/bmw-serie-3-gt\/bmw-gt3-24\/'><img loading=\"lazy\" decoding=\"async\" width=\"150\" height=\"150\" src=\"https:\/\/www.drivelife.it\/news\/wp-content\/uploads\/2013\/02\/DRIVELIFE_BMW-SERIE-3-GT-SHOW-GINEVRA_28-150x150.jpg\" class=\"attachment-thumbnail size-thumbnail no-lazy\" alt=\"\" srcset=\"https:\/\/www.drivelife.it\/news\/wp-content\/uploads\/2013\/02\/DRIVELIFE_BMW-SERIE-3-GT-SHOW-GINEVRA_28-150x150.jpg 150w, https:\/\/www.drivelife.it\/news\/wp-content\/uploads\/2013\/02\/DRIVELIFE_BMW-SERIE-3-GT-SHOW-GINEVRA_28-310x310.jpg 310w\" sizes=\"auto, (max-width: 150px) 100vw, 150px\" \/><\/a>\n\t\t\t<\/dt><\/dl><dl class='gallery-item'>\n\t\t\t<dt class='gallery-icon landscape'>\n\t\t\t\t<a href='https:\/\/www.drivelife.it\/news\/2013\/02\/13\/bmw-serie-3-gt\/bmw-gt3-3\/'><img loading=\"lazy\" decoding=\"async\" width=\"150\" height=\"150\" src=\"https:\/\/www.drivelife.it\/news\/wp-content\/uploads\/2013\/02\/DRIVELIFE_BMW-SERIE-3-GT-SHOW-GINEVRA_7-150x150.jpg\" class=\"attachment-thumbnail size-thumbnail no-lazy\" alt=\"\" srcset=\"https:\/\/www.drivelife.it\/news\/wp-content\/uploads\/2013\/02\/DRIVELIFE_BMW-SERIE-3-GT-SHOW-GINEVRA_7-150x150.jpg 150w, https:\/\/www.drivelife.it\/news\/wp-content\/uploads\/2013\/02\/DRIVELIFE_BMW-SERIE-3-GT-SHOW-GINEVRA_7-310x310.jpg 310w\" sizes=\"auto, (max-width: 150px) 100vw, 150px\" \/><\/a>\n\t\t\t<\/dt><\/dl><dl class='gallery-item'>\n\t\t\t<dt class='gallery-icon landscape'>\n\t\t\t\t<a href='https:\/\/www.drivelife.it\/news\/2013\/02\/13\/bmw-serie-3-gt\/bmw-gt3-26\/'><img loading=\"lazy\" decoding=\"async\" width=\"150\" height=\"150\" src=\"https:\/\/www.drivelife.it\/news\/wp-content\/uploads\/2013\/02\/DRIVELIFE_BMW-SERIE-3-GT-SHOW-GINEVRA_30-150x150.jpg\" class=\"attachment-thumbnail size-thumbnail no-lazy\" alt=\"\" srcset=\"https:\/\/www.drivelife.it\/news\/wp-content\/uploads\/2013\/02\/DRIVELIFE_BMW-SERIE-3-GT-SHOW-GINEVRA_30-150x150.jpg 150w, https:\/\/www.drivelife.it\/news\/wp-content\/uploads\/2013\/02\/DRIVELIFE_BMW-SERIE-3-GT-SHOW-GINEVRA_30-310x310.jpg 310w\" sizes=\"auto, (max-width: 150px) 100vw, 150px\" \/><\/a>\n\t\t\t<\/dt><\/dl><dl class='gallery-item'>\n\t\t\t<dt class='gallery-icon landscape'>\n\t\t\t\t<a href='https:\/\/www.drivelife.it\/news\/2013\/02\/13\/bmw-serie-3-gt\/bmw-gt3-8\/'><img loading=\"lazy\" decoding=\"async\" width=\"150\" height=\"150\" src=\"https:\/\/www.drivelife.it\/news\/wp-content\/uploads\/2013\/02\/DRIVELIFE_BMW-SERIE-3-GT-SHOW-GINEVRA_12-150x150.jpg\" class=\"attachment-thumbnail size-thumbnail no-lazy\" alt=\"\" srcset=\"https:\/\/www.drivelife.it\/news\/wp-content\/uploads\/2013\/02\/DRIVELIFE_BMW-SERIE-3-GT-SHOW-GINEVRA_12-150x150.jpg 150w, https:\/\/www.drivelife.it\/news\/wp-content\/uploads\/2013\/02\/DRIVELIFE_BMW-SERIE-3-GT-SHOW-GINEVRA_12-310x310.jpg 310w\" sizes=\"auto, (max-width: 150px) 100vw, 150px\" \/><\/a>\n\t\t\t<\/dt><\/dl><dl class='gallery-item'>\n\t\t\t<dt class='gallery-icon landscape'>\n\t\t\t\t<a href='https:\/\/www.drivelife.it\/news\/2013\/02\/13\/bmw-serie-3-gt\/bmw-gt3-13\/'><img loading=\"lazy\" decoding=\"async\" width=\"150\" height=\"150\" src=\"https:\/\/www.drivelife.it\/news\/wp-content\/uploads\/2013\/02\/DRIVELIFE_BMW-SERIE-3-GT-SHOW-GINEVRA_17-150x150.jpg\" class=\"attachment-thumbnail size-thumbnail no-lazy\" alt=\"\" srcset=\"https:\/\/www.drivelife.it\/news\/wp-content\/uploads\/2013\/02\/DRIVELIFE_BMW-SERIE-3-GT-SHOW-GINEVRA_17-150x150.jpg 150w, https:\/\/www.drivelife.it\/news\/wp-content\/uploads\/2013\/02\/DRIVELIFE_BMW-SERIE-3-GT-SHOW-GINEVRA_17-310x310.jpg 310w\" sizes=\"auto, (max-width: 150px) 100vw, 150px\" \/><\/a>\n\t\t\t<\/dt><\/dl><dl class='gallery-item'>\n\t\t\t<dt class='gallery-icon landscape'>\n\t\t\t\t<a href='https:\/\/www.drivelife.it\/news\/2013\/02\/13\/bmw-serie-3-gt\/bmw-gt3\/'><img loading=\"lazy\" decoding=\"async\" width=\"150\" height=\"150\" src=\"https:\/\/www.drivelife.it\/news\/wp-content\/uploads\/2013\/02\/DRIVELIFE_BMW-SERIE-3-GT-SHOW-GINEVRA_43-150x150.jpg\" class=\"attachment-thumbnail size-thumbnail no-lazy\" alt=\"BMW GT3\" aria-describedby=\"gallery-1-1807\" srcset=\"https:\/\/www.drivelife.it\/news\/wp-content\/uploads\/2013\/02\/DRIVELIFE_BMW-SERIE-3-GT-SHOW-GINEVRA_43-150x150.jpg 150w, https:\/\/www.drivelife.it\/news\/wp-content\/uploads\/2013\/02\/DRIVELIFE_BMW-SERIE-3-GT-SHOW-GINEVRA_43-310x310.jpg 310w\" sizes=\"auto, (max-width: 150px) 100vw, 150px\" \/><\/a>\n\t\t\t<\/dt>\n\t\t\t\t<dd class='wp-caption-text gallery-caption' id='gallery-1-1807'>\n\t\t\t\tBMW GT3 &#8211; SHOW IN GINEVRA 2013\n\t\t\t\t<\/dd><\/dl><dl class='gallery-item'>\n\t\t\t<dt class='gallery-icon landscape'>\n\t\t\t\t<a href='https:\/\/www.drivelife.it\/news\/2013\/02\/13\/bmw-serie-3-gt\/bmw-gt3-22\/'><img loading=\"lazy\" decoding=\"async\" width=\"150\" height=\"150\" src=\"https:\/\/www.drivelife.it\/news\/wp-content\/uploads\/2013\/02\/DRIVELIFE_BMW-SERIE-3-GT-SHOW-GINEVRA_26-150x150.jpg\" class=\"attachment-thumbnail size-thumbnail no-lazy\" alt=\"\" srcset=\"https:\/\/www.drivelife.it\/news\/wp-content\/uploads\/2013\/02\/DRIVELIFE_BMW-SERIE-3-GT-SHOW-GINEVRA_26-150x150.jpg 150w, https:\/\/www.drivelife.it\/news\/wp-content\/uploads\/2013\/02\/DRIVELIFE_BMW-SERIE-3-GT-SHOW-GINEVRA_26-310x310.jpg 310w\" sizes=\"auto, (max-width: 150px) 100vw, 150px\" \/><\/a>\n\t\t\t<\/dt><\/dl><br style=\"clear: both\" \/><dl class='gallery-item'>\n\t\t\t<dt class='gallery-icon landscape'>\n\t\t\t\t<a href='https:\/\/www.drivelife.it\/news\/2013\/02\/13\/bmw-serie-3-gt\/bmw-gt3-35\/'><img loading=\"lazy\" decoding=\"async\" width=\"150\" height=\"150\" src=\"https:\/\/www.drivelife.it\/news\/wp-content\/uploads\/2013\/02\/DRIVELIFE_BMW-SERIE-3-GT-SHOW-GINEVRA_39-150x150.jpg\" class=\"attachment-thumbnail size-thumbnail no-lazy\" alt=\"\" srcset=\"https:\/\/www.drivelife.it\/news\/wp-content\/uploads\/2013\/02\/DRIVELIFE_BMW-SERIE-3-GT-SHOW-GINEVRA_39-150x150.jpg 150w, https:\/\/www.drivelife.it\/news\/wp-content\/uploads\/2013\/02\/DRIVELIFE_BMW-SERIE-3-GT-SHOW-GINEVRA_39-310x310.jpg 310w\" sizes=\"auto, (max-width: 150px) 100vw, 150px\" \/><\/a>\n\t\t\t<\/dt><\/dl><dl class='gallery-item'>\n\t\t\t<dt class='gallery-icon landscape'>\n\t\t\t\t<a href='https:\/\/www.drivelife.it\/news\/2013\/02\/13\/bmw-serie-3-gt\/bmw-gt3-40\/'><img loading=\"lazy\" decoding=\"async\" width=\"150\" height=\"150\" src=\"https:\/\/www.drivelife.it\/news\/wp-content\/uploads\/2013\/02\/DRIVELIFE_BMW-SERIE-3-GT-SHOW-GINEVRA_44-150x150.jpg\" class=\"attachment-thumbnail size-thumbnail no-lazy\" alt=\"\" srcset=\"https:\/\/www.drivelife.it\/news\/wp-content\/uploads\/2013\/02\/DRIVELIFE_BMW-SERIE-3-GT-SHOW-GINEVRA_44-150x150.jpg 150w, https:\/\/www.drivelife.it\/news\/wp-content\/uploads\/2013\/02\/DRIVELIFE_BMW-SERIE-3-GT-SHOW-GINEVRA_44-310x310.jpg 310w\" sizes=\"auto, (max-width: 150px) 100vw, 150px\" \/><\/a>\n\t\t\t<\/dt><\/dl><dl class='gallery-item'>\n\t\t\t<dt class='gallery-icon landscape'>\n\t\t\t\t<a href='https:\/\/www.drivelife.it\/news\/2013\/02\/13\/bmw-serie-3-gt\/bmw-gt3-15\/'><img loading=\"lazy\" decoding=\"async\" width=\"150\" height=\"150\" src=\"https:\/\/www.drivelife.it\/news\/wp-content\/uploads\/2013\/02\/DRIVELIFE_BMW-SERIE-3-GT-SHOW-GINEVRA_19-150x150.jpg\" class=\"attachment-thumbnail size-thumbnail no-lazy\" alt=\"\" srcset=\"https:\/\/www.drivelife.it\/news\/wp-content\/uploads\/2013\/02\/DRIVELIFE_BMW-SERIE-3-GT-SHOW-GINEVRA_19-150x150.jpg 150w, https:\/\/www.drivelife.it\/news\/wp-content\/uploads\/2013\/02\/DRIVELIFE_BMW-SERIE-3-GT-SHOW-GINEVRA_19-310x310.jpg 310w\" sizes=\"auto, (max-width: 150px) 100vw, 150px\" \/><\/a>\n\t\t\t<\/dt><\/dl><dl class='gallery-item'>\n\t\t\t<dt class='gallery-icon landscape'>\n\t\t\t\t<a href='https:\/\/www.drivelife.it\/news\/2013\/02\/13\/bmw-serie-3-gt\/bmw-gt3-11\/'><img loading=\"lazy\" decoding=\"async\" width=\"150\" height=\"150\" src=\"https:\/\/www.drivelife.it\/news\/wp-content\/uploads\/2013\/02\/DRIVELIFE_BMW-SERIE-3-GT-SHOW-GINEVRA_15-150x150.jpg\" class=\"attachment-thumbnail size-thumbnail no-lazy\" alt=\"\" srcset=\"https:\/\/www.drivelife.it\/news\/wp-content\/uploads\/2013\/02\/DRIVELIFE_BMW-SERIE-3-GT-SHOW-GINEVRA_15-150x150.jpg 150w, https:\/\/www.drivelife.it\/news\/wp-content\/uploads\/2013\/02\/DRIVELIFE_BMW-SERIE-3-GT-SHOW-GINEVRA_15-310x310.jpg 310w\" sizes=\"auto, (max-width: 150px) 100vw, 150px\" \/><\/a>\n\t\t\t<\/dt><\/dl><dl class='gallery-item'>\n\t\t\t<dt class='gallery-icon landscape'>\n\t\t\t\t<a href='https:\/\/www.drivelife.it\/news\/2013\/02\/13\/bmw-serie-3-gt\/bmw-gt3-29\/'><img loading=\"lazy\" decoding=\"async\" width=\"150\" height=\"150\" src=\"https:\/\/www.drivelife.it\/news\/wp-content\/uploads\/2013\/02\/DRIVELIFE_BMW-SERIE-3-GT-SHOW-GINEVRA_33-150x150.jpg\" class=\"attachment-thumbnail size-thumbnail no-lazy\" alt=\"\" srcset=\"https:\/\/www.drivelife.it\/news\/wp-content\/uploads\/2013\/02\/DRIVELIFE_BMW-SERIE-3-GT-SHOW-GINEVRA_33-150x150.jpg 150w, https:\/\/www.drivelife.it\/news\/wp-content\/uploads\/2013\/02\/DRIVELIFE_BMW-SERIE-3-GT-SHOW-GINEVRA_33-310x310.jpg 310w\" sizes=\"auto, (max-width: 150px) 100vw, 150px\" \/><\/a>\n\t\t\t<\/dt><\/dl><dl class='gallery-item'>\n\t\t\t<dt class='gallery-icon landscape'>\n\t\t\t\t<a href='https:\/\/www.drivelife.it\/news\/2013\/02\/13\/bmw-serie-3-gt\/bmw-gt3-14\/'><img loading=\"lazy\" decoding=\"async\" width=\"150\" height=\"150\" src=\"https:\/\/www.drivelife.it\/news\/wp-content\/uploads\/2013\/02\/DRIVELIFE_BMW-SERIE-3-GT-SHOW-GINEVRA_18-150x150.jpg\" class=\"attachment-thumbnail size-thumbnail no-lazy\" alt=\"\" srcset=\"https:\/\/www.drivelife.it\/news\/wp-content\/uploads\/2013\/02\/DRIVELIFE_BMW-SERIE-3-GT-SHOW-GINEVRA_18-150x150.jpg 150w, https:\/\/www.drivelife.it\/news\/wp-content\/uploads\/2013\/02\/DRIVELIFE_BMW-SERIE-3-GT-SHOW-GINEVRA_18-310x310.jpg 310w\" sizes=\"auto, (max-width: 150px) 100vw, 150px\" \/><\/a>\n\t\t\t<\/dt><\/dl><dl class='gallery-item'>\n\t\t\t<dt class='gallery-icon landscape'>\n\t\t\t\t<a href='https:\/\/www.drivelife.it\/news\/2013\/02\/13\/bmw-serie-3-gt\/bmw-gt3-7\/'><img loading=\"lazy\" decoding=\"async\" width=\"150\" height=\"150\" src=\"https:\/\/www.drivelife.it\/news\/wp-content\/uploads\/2013\/02\/DRIVELIFE_BMW-SERIE-3-GT-SHOW-GINEVRA_11-150x150.jpg\" class=\"attachment-thumbnail size-thumbnail no-lazy\" alt=\"\" srcset=\"https:\/\/www.drivelife.it\/news\/wp-content\/uploads\/2013\/02\/DRIVELIFE_BMW-SERIE-3-GT-SHOW-GINEVRA_11-150x150.jpg 150w, https:\/\/www.drivelife.it\/news\/wp-content\/uploads\/2013\/02\/DRIVELIFE_BMW-SERIE-3-GT-SHOW-GINEVRA_11-310x310.jpg 310w\" sizes=\"auto, (max-width: 150px) 100vw, 150px\" \/><\/a>\n\t\t\t<\/dt><\/dl><dl class='gallery-item'>\n\t\t\t<dt class='gallery-icon landscape'>\n\t\t\t\t<a href='https:\/\/www.drivelife.it\/news\/2013\/02\/13\/bmw-serie-3-gt\/bmw-gt3-27\/'><img loading=\"lazy\" decoding=\"async\" width=\"150\" height=\"150\" src=\"https:\/\/www.drivelife.it\/news\/wp-content\/uploads\/2013\/02\/DRIVELIFE_BMW-SERIE-3-GT-SHOW-GINEVRA_31-150x150.jpg\" class=\"attachment-thumbnail size-thumbnail no-lazy\" alt=\"\" srcset=\"https:\/\/www.drivelife.it\/news\/wp-content\/uploads\/2013\/02\/DRIVELIFE_BMW-SERIE-3-GT-SHOW-GINEVRA_31-150x150.jpg 150w, https:\/\/www.drivelife.it\/news\/wp-content\/uploads\/2013\/02\/DRIVELIFE_BMW-SERIE-3-GT-SHOW-GINEVRA_31-310x310.jpg 310w\" sizes=\"auto, (max-width: 150px) 100vw, 150px\" \/><\/a>\n\t\t\t<\/dt><\/dl><dl class='gallery-item'>\n\t\t\t<dt class='gallery-icon landscape'>\n\t\t\t\t<a href='https:\/\/www.drivelife.it\/news\/2013\/02\/13\/bmw-serie-3-gt\/bmw-gt3-37\/'><img loading=\"lazy\" decoding=\"async\" width=\"150\" height=\"150\" src=\"https:\/\/www.drivelife.it\/news\/wp-content\/uploads\/2013\/02\/DRIVELIFE_BMW-SERIE-3-GT-SHOW-GINEVRA_41-150x150.jpg\" class=\"attachment-thumbnail size-thumbnail no-lazy\" alt=\"\" srcset=\"https:\/\/www.drivelife.it\/news\/wp-content\/uploads\/2013\/02\/DRIVELIFE_BMW-SERIE-3-GT-SHOW-GINEVRA_41-150x150.jpg 150w, https:\/\/www.drivelife.it\/news\/wp-content\/uploads\/2013\/02\/DRIVELIFE_BMW-SERIE-3-GT-SHOW-GINEVRA_41-310x310.jpg 310w\" sizes=\"auto, (max-width: 150px) 100vw, 150px\" \/><\/a>\n\t\t\t<\/dt><\/dl><br style=\"clear: both\" \/><dl class='gallery-item'>\n\t\t\t<dt class='gallery-icon landscape'>\n\t\t\t\t<a href='https:\/\/www.drivelife.it\/news\/2013\/02\/13\/bmw-serie-3-gt\/bmw-gt3-17\/'><img loading=\"lazy\" decoding=\"async\" width=\"150\" height=\"150\" src=\"https:\/\/www.drivelife.it\/news\/wp-content\/uploads\/2013\/02\/DRIVELIFE_BMW-SERIE-3-GT-SHOW-GINEVRA_21-150x150.jpg\" class=\"attachment-thumbnail size-thumbnail no-lazy\" alt=\"\" srcset=\"https:\/\/www.drivelife.it\/news\/wp-content\/uploads\/2013\/02\/DRIVELIFE_BMW-SERIE-3-GT-SHOW-GINEVRA_21-150x150.jpg 150w, https:\/\/www.drivelife.it\/news\/wp-content\/uploads\/2013\/02\/DRIVELIFE_BMW-SERIE-3-GT-SHOW-GINEVRA_21-310x310.jpg 310w\" sizes=\"auto, (max-width: 150px) 100vw, 150px\" \/><\/a>\n\t\t\t<\/dt><\/dl><dl class='gallery-item'>\n\t\t\t<dt class='gallery-icon landscape'>\n\t\t\t\t<a href='https:\/\/www.drivelife.it\/news\/2013\/02\/13\/bmw-serie-3-gt\/drivelife_bmw-serie-3-gt-show-ginevra_45\/'><img loading=\"lazy\" decoding=\"async\" width=\"150\" height=\"150\" src=\"https:\/\/www.drivelife.it\/news\/wp-content\/uploads\/2013\/02\/DRIVELIFE_BMW-SERIE-3-GT-SHOW-GINEVRA_45-150x150.jpg\" class=\"attachment-thumbnail size-thumbnail no-lazy\" alt=\"\" srcset=\"https:\/\/www.drivelife.it\/news\/wp-content\/uploads\/2013\/02\/DRIVELIFE_BMW-SERIE-3-GT-SHOW-GINEVRA_45-150x150.jpg 150w, https:\/\/www.drivelife.it\/news\/wp-content\/uploads\/2013\/02\/DRIVELIFE_BMW-SERIE-3-GT-SHOW-GINEVRA_45-310x310.jpg 310w\" sizes=\"auto, (max-width: 150px) 100vw, 150px\" \/><\/a>\n\t\t\t<\/dt><\/dl><dl class='gallery-item'>\n\t\t\t<dt class='gallery-icon landscape'>\n\t\t\t\t<a href='https:\/\/www.drivelife.it\/news\/2013\/02\/13\/bmw-serie-3-gt\/bmw-gt3-19\/'><img loading=\"lazy\" decoding=\"async\" width=\"150\" height=\"150\" src=\"https:\/\/www.drivelife.it\/news\/wp-content\/uploads\/2013\/02\/DRIVELIFE_BMW-SERIE-3-GT-SHOW-GINEVRA_23-150x150.jpg\" class=\"attachment-thumbnail size-thumbnail no-lazy\" alt=\"\" srcset=\"https:\/\/www.drivelife.it\/news\/wp-content\/uploads\/2013\/02\/DRIVELIFE_BMW-SERIE-3-GT-SHOW-GINEVRA_23-150x150.jpg 150w, https:\/\/www.drivelife.it\/news\/wp-content\/uploads\/2013\/02\/DRIVELIFE_BMW-SERIE-3-GT-SHOW-GINEVRA_23-310x310.jpg 310w\" sizes=\"auto, (max-width: 150px) 100vw, 150px\" \/><\/a>\n\t\t\t<\/dt><\/dl><dl class='gallery-item'>\n\t\t\t<dt class='gallery-icon landscape'>\n\t\t\t\t<a href='https:\/\/www.drivelife.it\/news\/2013\/02\/13\/bmw-serie-3-gt\/bmw-gt3-12\/'><img loading=\"lazy\" decoding=\"async\" width=\"150\" height=\"150\" src=\"https:\/\/www.drivelife.it\/news\/wp-content\/uploads\/2013\/02\/DRIVELIFE_BMW-SERIE-3-GT-SHOW-GINEVRA_16-150x150.jpg\" class=\"attachment-thumbnail size-thumbnail no-lazy\" alt=\"\" srcset=\"https:\/\/www.drivelife.it\/news\/wp-content\/uploads\/2013\/02\/DRIVELIFE_BMW-SERIE-3-GT-SHOW-GINEVRA_16-150x150.jpg 150w, https:\/\/www.drivelife.it\/news\/wp-content\/uploads\/2013\/02\/DRIVELIFE_BMW-SERIE-3-GT-SHOW-GINEVRA_16-310x310.jpg 310w\" sizes=\"auto, (max-width: 150px) 100vw, 150px\" \/><\/a>\n\t\t\t<\/dt><\/dl><dl class='gallery-item'>\n\t\t\t<dt class='gallery-icon landscape'>\n\t\t\t\t<a href='https:\/\/www.drivelife.it\/news\/2013\/02\/13\/bmw-serie-3-gt\/bmw-gt3-16\/'><img loading=\"lazy\" decoding=\"async\" width=\"150\" height=\"150\" src=\"https:\/\/www.drivelife.it\/news\/wp-content\/uploads\/2013\/02\/DRIVELIFE_BMW-SERIE-3-GT-SHOW-GINEVRA_20-150x150.jpg\" class=\"attachment-thumbnail size-thumbnail no-lazy\" alt=\"\" srcset=\"https:\/\/www.drivelife.it\/news\/wp-content\/uploads\/2013\/02\/DRIVELIFE_BMW-SERIE-3-GT-SHOW-GINEVRA_20-150x150.jpg 150w, https:\/\/www.drivelife.it\/news\/wp-content\/uploads\/2013\/02\/DRIVELIFE_BMW-SERIE-3-GT-SHOW-GINEVRA_20-310x310.jpg 310w\" sizes=\"auto, (max-width: 150px) 100vw, 150px\" \/><\/a>\n\t\t\t<\/dt><\/dl><dl class='gallery-item'>\n\t\t\t<dt class='gallery-icon landscape'>\n\t\t\t\t<a href='https:\/\/www.drivelife.it\/news\/2013\/02\/13\/bmw-serie-3-gt\/drivelife_bmw-serie-3-gt-show-ginevra_3\/'><img loading=\"lazy\" decoding=\"async\" width=\"150\" height=\"150\" src=\"https:\/\/www.drivelife.it\/news\/wp-content\/uploads\/2013\/02\/DRIVELIFE_BMW-SERIE-3-GT-SHOW-GINEVRA_3-150x150.jpg\" class=\"attachment-thumbnail size-thumbnail no-lazy\" alt=\"\" srcset=\"https:\/\/www.drivelife.it\/news\/wp-content\/uploads\/2013\/02\/DRIVELIFE_BMW-SERIE-3-GT-SHOW-GINEVRA_3-150x150.jpg 150w, https:\/\/www.drivelife.it\/news\/wp-content\/uploads\/2013\/02\/DRIVELIFE_BMW-SERIE-3-GT-SHOW-GINEVRA_3-310x310.jpg 310w\" sizes=\"auto, (max-width: 150px) 100vw, 150px\" \/><\/a>\n\t\t\t<\/dt><\/dl><dl class='gallery-item'>\n\t\t\t<dt class='gallery-icon landscape'>\n\t\t\t\t<a href='https:\/\/www.drivelife.it\/news\/2013\/02\/13\/bmw-serie-3-gt\/bmw-gt3-6\/'><img loading=\"lazy\" decoding=\"async\" width=\"150\" height=\"150\" src=\"https:\/\/www.drivelife.it\/news\/wp-content\/uploads\/2013\/02\/DRIVELIFE_BMW-SERIE-3-GT-SHOW-GINEVRA_10-150x150.jpg\" class=\"attachment-thumbnail size-thumbnail no-lazy\" alt=\"\" srcset=\"https:\/\/www.drivelife.it\/news\/wp-content\/uploads\/2013\/02\/DRIVELIFE_BMW-SERIE-3-GT-SHOW-GINEVRA_10-150x150.jpg 150w, https:\/\/www.drivelife.it\/news\/wp-content\/uploads\/2013\/02\/DRIVELIFE_BMW-SERIE-3-GT-SHOW-GINEVRA_10-310x310.jpg 310w\" sizes=\"auto, (max-width: 150px) 100vw, 150px\" \/><\/a>\n\t\t\t<\/dt><\/dl><dl class='gallery-item'>\n\t\t\t<dt class='gallery-icon landscape'>\n\t\t\t\t<a href='https:\/\/www.drivelife.it\/news\/2013\/02\/13\/bmw-serie-3-gt\/bmw-gt3-28\/'><img loading=\"lazy\" decoding=\"async\" width=\"150\" height=\"150\" src=\"https:\/\/www.drivelife.it\/news\/wp-content\/uploads\/2013\/02\/DRIVELIFE_BMW-SERIE-3-GT-SHOW-GINEVRA_32-150x150.jpg\" class=\"attachment-thumbnail size-thumbnail no-lazy\" alt=\"\" srcset=\"https:\/\/www.drivelife.it\/news\/wp-content\/uploads\/2013\/02\/DRIVELIFE_BMW-SERIE-3-GT-SHOW-GINEVRA_32-150x150.jpg 150w, https:\/\/www.drivelife.it\/news\/wp-content\/uploads\/2013\/02\/DRIVELIFE_BMW-SERIE-3-GT-SHOW-GINEVRA_32-310x310.jpg 310w\" sizes=\"auto, (max-width: 150px) 100vw, 150px\" \/><\/a>\n\t\t\t<\/dt><\/dl><dl class='gallery-item'>\n\t\t\t<dt class='gallery-icon landscape'>\n\t\t\t\t<a href='https:\/\/www.drivelife.it\/news\/2013\/02\/13\/bmw-serie-3-gt\/bmw-gt3-20\/'><img loading=\"lazy\" decoding=\"async\" width=\"150\" height=\"150\" src=\"https:\/\/www.drivelife.it\/news\/wp-content\/uploads\/2013\/02\/DRIVELIFE_BMW-SERIE-3-GT-SHOW-GINEVRA_24-150x150.jpg\" class=\"attachment-thumbnail size-thumbnail no-lazy\" alt=\"\" srcset=\"https:\/\/www.drivelife.it\/news\/wp-content\/uploads\/2013\/02\/DRIVELIFE_BMW-SERIE-3-GT-SHOW-GINEVRA_24-150x150.jpg 150w, https:\/\/www.drivelife.it\/news\/wp-content\/uploads\/2013\/02\/DRIVELIFE_BMW-SERIE-3-GT-SHOW-GINEVRA_24-310x310.jpg 310w\" sizes=\"auto, (max-width: 150px) 100vw, 150px\" \/><\/a>\n\t\t\t<\/dt><\/dl><br style=\"clear: both\" \/><dl class='gallery-item'>\n\t\t\t<dt class='gallery-icon landscape'>\n\t\t\t\t<a href='https:\/\/www.drivelife.it\/news\/2013\/02\/13\/bmw-serie-3-gt\/bmw-gt3-38\/'><img loading=\"lazy\" decoding=\"async\" width=\"150\" height=\"150\" src=\"https:\/\/www.drivelife.it\/news\/wp-content\/uploads\/2013\/02\/DRIVELIFE_BMW-SERIE-3-GT-SHOW-GINEVRA_42-150x150.jpg\" class=\"attachment-thumbnail size-thumbnail no-lazy\" alt=\"\" srcset=\"https:\/\/www.drivelife.it\/news\/wp-content\/uploads\/2013\/02\/DRIVELIFE_BMW-SERIE-3-GT-SHOW-GINEVRA_42-150x150.jpg 150w, https:\/\/www.drivelife.it\/news\/wp-content\/uploads\/2013\/02\/DRIVELIFE_BMW-SERIE-3-GT-SHOW-GINEVRA_42-310x310.jpg 310w\" sizes=\"auto, (max-width: 150px) 100vw, 150px\" \/><\/a>\n\t\t\t<\/dt><\/dl><dl class='gallery-item'>\n\t\t\t<dt class='gallery-icon landscape'>\n\t\t\t\t<a href='https:\/\/www.drivelife.it\/news\/2013\/02\/13\/bmw-serie-3-gt\/bmw-gt3-5\/'><img loading=\"lazy\" decoding=\"async\" width=\"150\" height=\"150\" src=\"https:\/\/www.drivelife.it\/news\/wp-content\/uploads\/2013\/02\/DRIVELIFE_BMW-SERIE-3-GT-SHOW-GINEVRA_9-150x150.jpg\" class=\"attachment-thumbnail size-thumbnail no-lazy\" alt=\"\" srcset=\"https:\/\/www.drivelife.it\/news\/wp-content\/uploads\/2013\/02\/DRIVELIFE_BMW-SERIE-3-GT-SHOW-GINEVRA_9-150x150.jpg 150w, https:\/\/www.drivelife.it\/news\/wp-content\/uploads\/2013\/02\/DRIVELIFE_BMW-SERIE-3-GT-SHOW-GINEVRA_9-310x310.jpg 310w\" sizes=\"auto, (max-width: 150px) 100vw, 150px\" \/><\/a>\n\t\t\t<\/dt><\/dl><dl class='gallery-item'>\n\t\t\t<dt class='gallery-icon landscape'>\n\t\t\t\t<a href='https:\/\/www.drivelife.it\/news\/2013\/02\/13\/bmw-serie-3-gt\/bmw-gt3-10\/'><img loading=\"lazy\" decoding=\"async\" width=\"150\" height=\"150\" src=\"https:\/\/www.drivelife.it\/news\/wp-content\/uploads\/2013\/02\/DRIVELIFE_BMW-SERIE-3-GT-SHOW-GINEVRA_14-150x150.jpg\" class=\"attachment-thumbnail size-thumbnail no-lazy\" alt=\"\" srcset=\"https:\/\/www.drivelife.it\/news\/wp-content\/uploads\/2013\/02\/DRIVELIFE_BMW-SERIE-3-GT-SHOW-GINEVRA_14-150x150.jpg 150w, https:\/\/www.drivelife.it\/news\/wp-content\/uploads\/2013\/02\/DRIVELIFE_BMW-SERIE-3-GT-SHOW-GINEVRA_14-310x310.jpg 310w\" sizes=\"auto, (max-width: 150px) 100vw, 150px\" \/><\/a>\n\t\t\t<\/dt><\/dl><dl class='gallery-item'>\n\t\t\t<dt class='gallery-icon landscape'>\n\t\t\t\t<a href='https:\/\/www.drivelife.it\/news\/2013\/02\/13\/bmw-serie-3-gt\/bmw-gt3-32\/'><img loading=\"lazy\" decoding=\"async\" width=\"150\" height=\"150\" src=\"https:\/\/www.drivelife.it\/news\/wp-content\/uploads\/2013\/02\/DRIVELIFE_BMW-SERIE-3-GT-SHOW-GINEVRA_36-150x150.jpg\" class=\"attachment-thumbnail size-thumbnail no-lazy\" alt=\"\" srcset=\"https:\/\/www.drivelife.it\/news\/wp-content\/uploads\/2013\/02\/DRIVELIFE_BMW-SERIE-3-GT-SHOW-GINEVRA_36-150x150.jpg 150w, https:\/\/www.drivelife.it\/news\/wp-content\/uploads\/2013\/02\/DRIVELIFE_BMW-SERIE-3-GT-SHOW-GINEVRA_36-310x310.jpg 310w\" sizes=\"auto, (max-width: 150px) 100vw, 150px\" \/><\/a>\n\t\t\t<\/dt><\/dl><dl class='gallery-item'>\n\t\t\t<dt class='gallery-icon landscape'>\n\t\t\t\t<a href='https:\/\/www.drivelife.it\/news\/2013\/02\/13\/bmw-serie-3-gt\/bmw-gt3-30\/'><img loading=\"lazy\" decoding=\"async\" width=\"150\" height=\"150\" src=\"https:\/\/www.drivelife.it\/news\/wp-content\/uploads\/2013\/02\/DRIVELIFE_BMW-SERIE-3-GT-SHOW-GINEVRA_34-150x150.jpg\" class=\"attachment-thumbnail size-thumbnail no-lazy\" alt=\"\" srcset=\"https:\/\/www.drivelife.it\/news\/wp-content\/uploads\/2013\/02\/DRIVELIFE_BMW-SERIE-3-GT-SHOW-GINEVRA_34-150x150.jpg 150w, https:\/\/www.drivelife.it\/news\/wp-content\/uploads\/2013\/02\/DRIVELIFE_BMW-SERIE-3-GT-SHOW-GINEVRA_34-310x310.jpg 310w\" sizes=\"auto, (max-width: 150px) 100vw, 150px\" \/><\/a>\n\t\t\t<\/dt><\/dl><dl class='gallery-item'>\n\t\t\t<dt class='gallery-icon landscape'>\n\t\t\t\t<a href='https:\/\/www.drivelife.it\/news\/2013\/02\/13\/bmw-serie-3-gt\/bmw-gt3-18\/'><img loading=\"lazy\" decoding=\"async\" width=\"150\" height=\"150\" src=\"https:\/\/www.drivelife.it\/news\/wp-content\/uploads\/2013\/02\/DRIVELIFE_BMW-SERIE-3-GT-SHOW-GINEVRA_22-150x150.jpg\" class=\"attachment-thumbnail size-thumbnail no-lazy\" alt=\"\" srcset=\"https:\/\/www.drivelife.it\/news\/wp-content\/uploads\/2013\/02\/DRIVELIFE_BMW-SERIE-3-GT-SHOW-GINEVRA_22-150x150.jpg 150w, https:\/\/www.drivelife.it\/news\/wp-content\/uploads\/2013\/02\/DRIVELIFE_BMW-SERIE-3-GT-SHOW-GINEVRA_22-310x310.jpg 310w\" sizes=\"auto, (max-width: 150px) 100vw, 150px\" \/><\/a>\n\t\t\t<\/dt><\/dl><dl class='gallery-item'>\n\t\t\t<dt class='gallery-icon landscape'>\n\t\t\t\t<a href='https:\/\/www.drivelife.it\/news\/2013\/02\/13\/bmw-serie-3-gt\/bmw-gt3-34\/'><img loading=\"lazy\" decoding=\"async\" width=\"150\" height=\"150\" src=\"https:\/\/www.drivelife.it\/news\/wp-content\/uploads\/2013\/02\/DRIVELIFE_BMW-SERIE-3-GT-SHOW-GINEVRA_38-150x150.jpg\" class=\"attachment-thumbnail size-thumbnail no-lazy\" alt=\"\" srcset=\"https:\/\/www.drivelife.it\/news\/wp-content\/uploads\/2013\/02\/DRIVELIFE_BMW-SERIE-3-GT-SHOW-GINEVRA_38-150x150.jpg 150w, https:\/\/www.drivelife.it\/news\/wp-content\/uploads\/2013\/02\/DRIVELIFE_BMW-SERIE-3-GT-SHOW-GINEVRA_38-310x310.jpg 310w\" sizes=\"auto, (max-width: 150px) 100vw, 150px\" \/><\/a>\n\t\t\t<\/dt><\/dl><dl class='gallery-item'>\n\t\t\t<dt class='gallery-icon landscape'>\n\t\t\t\t<a href='https:\/\/www.drivelife.it\/news\/2013\/02\/13\/bmw-serie-3-gt\/bmw-gt3-9\/'><img loading=\"lazy\" decoding=\"async\" width=\"150\" height=\"150\" src=\"https:\/\/www.drivelife.it\/news\/wp-content\/uploads\/2013\/02\/DRIVELIFE_BMW-SERIE-3-GT-SHOW-GINEVRA_13-150x150.jpg\" class=\"attachment-thumbnail size-thumbnail no-lazy\" alt=\"\" srcset=\"https:\/\/www.drivelife.it\/news\/wp-content\/uploads\/2013\/02\/DRIVELIFE_BMW-SERIE-3-GT-SHOW-GINEVRA_13-150x150.jpg 150w, https:\/\/www.drivelife.it\/news\/wp-content\/uploads\/2013\/02\/DRIVELIFE_BMW-SERIE-3-GT-SHOW-GINEVRA_13-310x310.jpg 310w\" sizes=\"auto, (max-width: 150px) 100vw, 150px\" \/><\/a>\n\t\t\t<\/dt><\/dl><dl class='gallery-item'>\n\t\t\t<dt class='gallery-icon landscape'>\n\t\t\t\t<a href='https:\/\/www.drivelife.it\/news\/2013\/02\/13\/bmw-serie-3-gt\/p90113804\/'><img loading=\"lazy\" decoding=\"async\" width=\"150\" height=\"150\" src=\"https:\/\/www.drivelife.it\/news\/wp-content\/uploads\/2013\/02\/P90113804-150x150.jpg\" class=\"attachment-thumbnail size-thumbnail no-lazy\" alt=\"BMW SERIE 3 GT\" aria-describedby=\"gallery-1-1806\" srcset=\"https:\/\/www.drivelife.it\/news\/wp-content\/uploads\/2013\/02\/P90113804-150x150.jpg 150w, https:\/\/www.drivelife.it\/news\/wp-content\/uploads\/2013\/02\/P90113804-310x310.jpg 310w\" sizes=\"auto, (max-width: 150px) 100vw, 150px\" \/><\/a>\n\t\t\t<\/dt>\n\t\t\t\t<dd class='wp-caption-text gallery-caption' id='gallery-1-1806'>\n\t\t\t\tBMW SERIE 3 GT\n\t\t\t\t<\/dd><\/dl><br style=\"clear: both\" \/><dl class='gallery-item'>\n\t\t\t<dt class='gallery-icon landscape'>\n\t\t\t\t<a href='https:\/\/www.drivelife.it\/news\/2013\/02\/13\/bmw-serie-3-gt\/bmw-gt3-21\/'><img loading=\"lazy\" decoding=\"async\" width=\"150\" height=\"150\" src=\"https:\/\/www.drivelife.it\/news\/wp-content\/uploads\/2013\/02\/DRIVELIFE_BMW-SERIE-3-GT-SHOW-GINEVRA_25-150x150.jpg\" class=\"attachment-thumbnail size-thumbnail no-lazy\" alt=\"\" srcset=\"https:\/\/www.drivelife.it\/news\/wp-content\/uploads\/2013\/02\/DRIVELIFE_BMW-SERIE-3-GT-SHOW-GINEVRA_25-150x150.jpg 150w, https:\/\/www.drivelife.it\/news\/wp-content\/uploads\/2013\/02\/DRIVELIFE_BMW-SERIE-3-GT-SHOW-GINEVRA_25-310x310.jpg 310w\" sizes=\"auto, (max-width: 150px) 100vw, 150px\" \/><\/a>\n\t\t\t<\/dt><\/dl><dl class='gallery-item'>\n\t\t\t<dt class='gallery-icon landscape'>\n\t\t\t\t<a href='https:\/\/www.drivelife.it\/news\/2013\/02\/13\/bmw-serie-3-gt\/drivelife_bmw-serie-3-gt-show-ginevra_2\/'><img loading=\"lazy\" decoding=\"async\" width=\"150\" height=\"150\" src=\"https:\/\/www.drivelife.it\/news\/wp-content\/uploads\/2013\/02\/DRIVELIFE_BMW-SERIE-3-GT-SHOW-GINEVRA_2-150x150.jpg\" class=\"attachment-thumbnail size-thumbnail no-lazy\" alt=\"\" srcset=\"https:\/\/www.drivelife.it\/news\/wp-content\/uploads\/2013\/02\/DRIVELIFE_BMW-SERIE-3-GT-SHOW-GINEVRA_2-150x150.jpg 150w, https:\/\/www.drivelife.it\/news\/wp-content\/uploads\/2013\/02\/DRIVELIFE_BMW-SERIE-3-GT-SHOW-GINEVRA_2-310x310.jpg 310w\" sizes=\"auto, (max-width: 150px) 100vw, 150px\" \/><\/a>\n\t\t\t<\/dt><\/dl>\n\t\t\t<br style='clear: both' \/>\n\t\t<\/div>\n\n","protected":false},"excerpt":{"rendered":"<p>E QUESTA? UNA SORPRESA PER GINEVRA 2013 BMW ANCORA CAPACE DI STUPIRE: UNA INEDITA PROPOSTA CHE AMPLIA LA POSSIBILITA&#8217; DI SCELTA D&#8217;ACQUISTO (di Nicoletta Triggiani) Rispettate tipiche proporzioni di una BMW, quattro porte con cristalli senza cornice.\u00a0La generosit\u00e0 delle dimensioni garantisce ai passeggeri un&#8217;abitabilit\u00e0 confortevole e la massima libert\u00e0 di movimento in tutti i posti, superando i limiti della Serie 3, senza arrivare alla impegnativa BMW 5GT.\u00a0L\u2019ambiente premium della nuova BMW Sere 3 Gran Turismo viene esaltato anche dalle pregiate combinazioni di materiali e dall\u2019altissima qualit\u00e0 della lavorazione.\u00a0Al momento di debutto della nuova BMW Serie 3 Gran Turismo saranno disponibili cinque elastici&#46;&#46;&#46;<\/p>\n","protected":false},"author":1,"featured_media":1806,"comment_status":"open","ping_status":"open","sticky":false,"template":"","format":"standard","meta":{"ngg_post_thumbnail":0,"footnotes":""},"categories":[39,45,55],"tags":[803,123,37,63,809],"class_list":["post-1805","post","type-post","status-publish","format-standard","has-post-thumbnail","hentry","category-automotive","category-bmw","category-news","tag-bmw","tag-bmw-serie-3-gt","tag-drivelife","tag-lusso","tag-news"],"yoast_head":"<!-- This site is optimized with the Yoast SEO plugin v27.5 - https:\/\/yoast.com\/product\/yoast-seo-wordpress\/ -->\n<title>BMW SERIE 3 GT - #lucalife<\/title>\n<meta name=\"robots\" content=\"index, follow, max-snippet:-1, max-image-preview:large, max-video-preview:-1\" \/>\n<link rel=\"canonical\" href=\"https:\/\/www.drivelife.it\/news\/2013\/02\/13\/bmw-serie-3-gt\/\" \/>\n<meta property=\"og:locale\" content=\"en_US\" \/>\n<meta property=\"og:type\" content=\"article\" \/>\n<meta property=\"og:title\" content=\"BMW SERIE 3 GT - #lucalife\" \/>\n<meta property=\"og:description\" content=\"E QUESTA? UNA SORPRESA PER GINEVRA 2013 BMW ANCORA CAPACE DI STUPIRE: UNA INEDITA PROPOSTA CHE AMPLIA LA POSSIBILITA&#8217; DI SCELTA D&#8217;ACQUISTO (di Nicoletta Triggiani) Rispettate tipiche proporzioni di una BMW, quattro porte con cristalli senza cornice.\u00a0La generosit\u00e0 delle dimensioni garantisce ai passeggeri un&#8217;abitabilit\u00e0 confortevole e la massima libert\u00e0 di movimento in tutti i posti, superando i limiti della Serie 3, senza arrivare alla impegnativa BMW 5GT.\u00a0L\u2019ambiente premium della nuova BMW Sere 3 Gran Turismo viene esaltato anche dalle pregiate combinazioni di materiali e dall\u2019altissima qualit\u00e0 della lavorazione.\u00a0Al momento di debutto della nuova BMW Serie 3 Gran Turismo saranno disponibili cinque elastici&#046;&#046;&#046;\" \/>\n<meta property=\"og:url\" content=\"https:\/\/www.drivelife.it\/news\/2013\/02\/13\/bmw-serie-3-gt\/\" \/>\n<meta property=\"og:site_name\" content=\"#lucalife\" \/>\n<meta property=\"article:publisher\" content=\"https:\/\/www.facebook.com\/pages\/Drivelife\/467833073239720\" \/>\n<meta property=\"article:published_time\" content=\"2013-02-13T19:11:00+00:00\" \/>\n<meta property=\"article:modified_time\" content=\"2014-04-07T20:40:44+00:00\" \/>\n<meta property=\"og:image\" content=\"https:\/\/www.drivelife.it\/news\/wp-content\/uploads\/2013\/02\/P90113804.jpg\" \/>\n\t<meta property=\"og:image:width\" content=\"1920\" \/>\n\t<meta property=\"og:image:height\" content=\"1440\" \/>\n\t<meta property=\"og:image:type\" content=\"image\/jpeg\" \/>\n<meta name=\"author\" content=\"Redazione\" \/>\n<meta name=\"twitter:card\" content=\"summary_large_image\" \/>\n<meta name=\"twitter:creator\" content=\"@tweetdrivelife\" \/>\n<meta name=\"twitter:site\" content=\"@tweetdrivelife\" \/>\n<meta name=\"twitter:label1\" content=\"Written by\" \/>\n\t<meta name=\"twitter:data1\" content=\"Redazione\" \/>\n\t<meta name=\"twitter:label2\" content=\"Est. reading time\" \/>\n\t<meta name=\"twitter:data2\" content=\"7 minutes\" \/>\n<script type=\"application\/ld+json\" class=\"yoast-schema-graph\">{\"@context\":\"https:\\\/\\\/schema.org\",\"@graph\":[{\"@type\":\"Article\",\"@id\":\"https:\\\/\\\/www.drivelife.it\\\/news\\\/2013\\\/02\\\/13\\\/bmw-serie-3-gt\\\/#article\",\"isPartOf\":{\"@id\":\"https:\\\/\\\/www.drivelife.it\\\/news\\\/2013\\\/02\\\/13\\\/bmw-serie-3-gt\\\/\"},\"author\":{\"name\":\"Redazione\",\"@id\":\"https:\\\/\\\/www.drivelife.it\\\/news\\\/#\\\/schema\\\/person\\\/b6c194c3423ff451be4914f5fd9c2188\"},\"headline\":\"BMW SERIE 3 GT\",\"datePublished\":\"2013-02-13T19:11:00+00:00\",\"dateModified\":\"2014-04-07T20:40:44+00:00\",\"mainEntityOfPage\":{\"@id\":\"https:\\\/\\\/www.drivelife.it\\\/news\\\/2013\\\/02\\\/13\\\/bmw-serie-3-gt\\\/\"},\"wordCount\":1360,\"commentCount\":0,\"image\":{\"@id\":\"https:\\\/\\\/www.drivelife.it\\\/news\\\/2013\\\/02\\\/13\\\/bmw-serie-3-gt\\\/#primaryimage\"},\"thumbnailUrl\":\"https:\\\/\\\/www.drivelife.it\\\/news\\\/wp-content\\\/uploads\\\/2013\\\/02\\\/P90113804.jpg\",\"keywords\":[\"BMW\",\"BMW SERIE 3 GT\",\"DRIVELIFE\",\"LUSSO\",\"NEWS\"],\"articleSection\":[\"AUTOMOTIVE\",\"BMW\",\"NEWS\"],\"inLanguage\":\"en-US\",\"potentialAction\":[{\"@type\":\"CommentAction\",\"name\":\"Comment\",\"target\":[\"https:\\\/\\\/www.drivelife.it\\\/news\\\/2013\\\/02\\\/13\\\/bmw-serie-3-gt\\\/#respond\"]}]},{\"@type\":\"WebPage\",\"@id\":\"https:\\\/\\\/www.drivelife.it\\\/news\\\/2013\\\/02\\\/13\\\/bmw-serie-3-gt\\\/\",\"url\":\"https:\\\/\\\/www.drivelife.it\\\/news\\\/2013\\\/02\\\/13\\\/bmw-serie-3-gt\\\/\",\"name\":\"BMW SERIE 3 GT - #lucalife\",\"isPartOf\":{\"@id\":\"https:\\\/\\\/www.drivelife.it\\\/news\\\/#website\"},\"primaryImageOfPage\":{\"@id\":\"https:\\\/\\\/www.drivelife.it\\\/news\\\/2013\\\/02\\\/13\\\/bmw-serie-3-gt\\\/#primaryimage\"},\"image\":{\"@id\":\"https:\\\/\\\/www.drivelife.it\\\/news\\\/2013\\\/02\\\/13\\\/bmw-serie-3-gt\\\/#primaryimage\"},\"thumbnailUrl\":\"https:\\\/\\\/www.drivelife.it\\\/news\\\/wp-content\\\/uploads\\\/2013\\\/02\\\/P90113804.jpg\",\"datePublished\":\"2013-02-13T19:11:00+00:00\",\"dateModified\":\"2014-04-07T20:40:44+00:00\",\"author\":{\"@id\":\"https:\\\/\\\/www.drivelife.it\\\/news\\\/#\\\/schema\\\/person\\\/b6c194c3423ff451be4914f5fd9c2188\"},\"breadcrumb\":{\"@id\":\"https:\\\/\\\/www.drivelife.it\\\/news\\\/2013\\\/02\\\/13\\\/bmw-serie-3-gt\\\/#breadcrumb\"},\"inLanguage\":\"en-US\",\"potentialAction\":[{\"@type\":\"ReadAction\",\"target\":[\"https:\\\/\\\/www.drivelife.it\\\/news\\\/2013\\\/02\\\/13\\\/bmw-serie-3-gt\\\/\"]}]},{\"@type\":\"ImageObject\",\"inLanguage\":\"en-US\",\"@id\":\"https:\\\/\\\/www.drivelife.it\\\/news\\\/2013\\\/02\\\/13\\\/bmw-serie-3-gt\\\/#primaryimage\",\"url\":\"https:\\\/\\\/www.drivelife.it\\\/news\\\/wp-content\\\/uploads\\\/2013\\\/02\\\/P90113804.jpg\",\"contentUrl\":\"https:\\\/\\\/www.drivelife.it\\\/news\\\/wp-content\\\/uploads\\\/2013\\\/02\\\/P90113804.jpg\",\"width\":\"1920\",\"height\":\"1440\",\"caption\":\"BMW SERIE 3 GT\"},{\"@type\":\"BreadcrumbList\",\"@id\":\"https:\\\/\\\/www.drivelife.it\\\/news\\\/2013\\\/02\\\/13\\\/bmw-serie-3-gt\\\/#breadcrumb\",\"itemListElement\":[{\"@type\":\"ListItem\",\"position\":1,\"name\":\"Home\",\"item\":\"https:\\\/\\\/www.drivelife.it\\\/news\\\/\"},{\"@type\":\"ListItem\",\"position\":2,\"name\":\"BMW SERIE 3 GT\"}]},{\"@type\":\"WebSite\",\"@id\":\"https:\\\/\\\/www.drivelife.it\\\/news\\\/#website\",\"url\":\"https:\\\/\\\/www.drivelife.it\\\/news\\\/\",\"name\":\"#lucalife\",\"description\":\"DRIVELIFE le mie automobili\",\"potentialAction\":[{\"@type\":\"SearchAction\",\"target\":{\"@type\":\"EntryPoint\",\"urlTemplate\":\"https:\\\/\\\/www.drivelife.it\\\/news\\\/?s={search_term_string}\"},\"query-input\":{\"@type\":\"PropertyValueSpecification\",\"valueRequired\":true,\"valueName\":\"search_term_string\"}}],\"inLanguage\":\"en-US\"},{\"@type\":\"Person\",\"@id\":\"https:\\\/\\\/www.drivelife.it\\\/news\\\/#\\\/schema\\\/person\\\/b6c194c3423ff451be4914f5fd9c2188\",\"name\":\"Redazione\",\"image\":{\"@type\":\"ImageObject\",\"inLanguage\":\"en-US\",\"@id\":\"https:\\\/\\\/secure.gravatar.com\\\/avatar\\\/8d186f6b07ba8a94441344759f0e13bf1909b6ceaa171df0425551b4590fd558?s=96&d=mm&r=g\",\"url\":\"https:\\\/\\\/secure.gravatar.com\\\/avatar\\\/8d186f6b07ba8a94441344759f0e13bf1909b6ceaa171df0425551b4590fd558?s=96&d=mm&r=g\",\"contentUrl\":\"https:\\\/\\\/secure.gravatar.com\\\/avatar\\\/8d186f6b07ba8a94441344759f0e13bf1909b6ceaa171df0425551b4590fd558?s=96&d=mm&r=g\",\"caption\":\"Redazione\"},\"url\":\"https:\\\/\\\/www.drivelife.it\\\/news\\\/author\\\/admin\\\/\"}]}<\/script>\n<!-- \/ Yoast SEO plugin. -->","yoast_head_json":{"title":"BMW SERIE 3 GT - #lucalife","robots":{"index":"index","follow":"follow","max-snippet":"max-snippet:-1","max-image-preview":"max-image-preview:large","max-video-preview":"max-video-preview:-1"},"canonical":"https:\/\/www.drivelife.it\/news\/2013\/02\/13\/bmw-serie-3-gt\/","og_locale":"en_US","og_type":"article","og_title":"BMW SERIE 3 GT - #lucalife","og_description":"E QUESTA? UNA SORPRESA PER GINEVRA 2013 BMW ANCORA CAPACE DI STUPIRE: UNA INEDITA PROPOSTA CHE AMPLIA LA POSSIBILITA&#8217; DI SCELTA D&#8217;ACQUISTO (di Nicoletta Triggiani) Rispettate tipiche proporzioni di una BMW, quattro porte con cristalli senza cornice.\u00a0La generosit\u00e0 delle dimensioni garantisce ai passeggeri un&#8217;abitabilit\u00e0 confortevole e la massima libert\u00e0 di movimento in tutti i posti, superando i limiti della Serie 3, senza arrivare alla impegnativa BMW 5GT.\u00a0L\u2019ambiente premium della nuova BMW Sere 3 Gran Turismo viene esaltato anche dalle pregiate combinazioni di materiali e dall\u2019altissima qualit\u00e0 della lavorazione.\u00a0Al momento di debutto della nuova BMW Serie 3 Gran Turismo saranno disponibili cinque elastici&#46;&#46;&#46;","og_url":"https:\/\/www.drivelife.it\/news\/2013\/02\/13\/bmw-serie-3-gt\/","og_site_name":"#lucalife","article_publisher":"https:\/\/www.facebook.com\/pages\/Drivelife\/467833073239720","article_published_time":"2013-02-13T19:11:00+00:00","article_modified_time":"2014-04-07T20:40:44+00:00","og_image":[{"width":1920,"height":1440,"url":"https:\/\/www.drivelife.it\/news\/wp-content\/uploads\/2013\/02\/P90113804.jpg","type":"image\/jpeg"}],"author":"Redazione","twitter_card":"summary_large_image","twitter_creator":"@tweetdrivelife","twitter_site":"@tweetdrivelife","twitter_misc":{"Written by":"Redazione","Est. reading time":"7 minutes"},"schema":{"@context":"https:\/\/schema.org","@graph":[{"@type":"Article","@id":"https:\/\/www.drivelife.it\/news\/2013\/02\/13\/bmw-serie-3-gt\/#article","isPartOf":{"@id":"https:\/\/www.drivelife.it\/news\/2013\/02\/13\/bmw-serie-3-gt\/"},"author":{"name":"Redazione","@id":"https:\/\/www.drivelife.it\/news\/#\/schema\/person\/b6c194c3423ff451be4914f5fd9c2188"},"headline":"BMW SERIE 3 GT","datePublished":"2013-02-13T19:11:00+00:00","dateModified":"2014-04-07T20:40:44+00:00","mainEntityOfPage":{"@id":"https:\/\/www.drivelife.it\/news\/2013\/02\/13\/bmw-serie-3-gt\/"},"wordCount":1360,"commentCount":0,"image":{"@id":"https:\/\/www.drivelife.it\/news\/2013\/02\/13\/bmw-serie-3-gt\/#primaryimage"},"thumbnailUrl":"https:\/\/www.drivelife.it\/news\/wp-content\/uploads\/2013\/02\/P90113804.jpg","keywords":["BMW","BMW SERIE 3 GT","DRIVELIFE","LUSSO","NEWS"],"articleSection":["AUTOMOTIVE","BMW","NEWS"],"inLanguage":"en-US","potentialAction":[{"@type":"CommentAction","name":"Comment","target":["https:\/\/www.drivelife.it\/news\/2013\/02\/13\/bmw-serie-3-gt\/#respond"]}]},{"@type":"WebPage","@id":"https:\/\/www.drivelife.it\/news\/2013\/02\/13\/bmw-serie-3-gt\/","url":"https:\/\/www.drivelife.it\/news\/2013\/02\/13\/bmw-serie-3-gt\/","name":"BMW SERIE 3 GT - #lucalife","isPartOf":{"@id":"https:\/\/www.drivelife.it\/news\/#website"},"primaryImageOfPage":{"@id":"https:\/\/www.drivelife.it\/news\/2013\/02\/13\/bmw-serie-3-gt\/#primaryimage"},"image":{"@id":"https:\/\/www.drivelife.it\/news\/2013\/02\/13\/bmw-serie-3-gt\/#primaryimage"},"thumbnailUrl":"https:\/\/www.drivelife.it\/news\/wp-content\/uploads\/2013\/02\/P90113804.jpg","datePublished":"2013-02-13T19:11:00+00:00","dateModified":"2014-04-07T20:40:44+00:00","author":{"@id":"https:\/\/www.drivelife.it\/news\/#\/schema\/person\/b6c194c3423ff451be4914f5fd9c2188"},"breadcrumb":{"@id":"https:\/\/www.drivelife.it\/news\/2013\/02\/13\/bmw-serie-3-gt\/#breadcrumb"},"inLanguage":"en-US","potentialAction":[{"@type":"ReadAction","target":["https:\/\/www.drivelife.it\/news\/2013\/02\/13\/bmw-serie-3-gt\/"]}]},{"@type":"ImageObject","inLanguage":"en-US","@id":"https:\/\/www.drivelife.it\/news\/2013\/02\/13\/bmw-serie-3-gt\/#primaryimage","url":"https:\/\/www.drivelife.it\/news\/wp-content\/uploads\/2013\/02\/P90113804.jpg","contentUrl":"https:\/\/www.drivelife.it\/news\/wp-content\/uploads\/2013\/02\/P90113804.jpg","width":"1920","height":"1440","caption":"BMW SERIE 3 GT"},{"@type":"BreadcrumbList","@id":"https:\/\/www.drivelife.it\/news\/2013\/02\/13\/bmw-serie-3-gt\/#breadcrumb","itemListElement":[{"@type":"ListItem","position":1,"name":"Home","item":"https:\/\/www.drivelife.it\/news\/"},{"@type":"ListItem","position":2,"name":"BMW SERIE 3 GT"}]},{"@type":"WebSite","@id":"https:\/\/www.drivelife.it\/news\/#website","url":"https:\/\/www.drivelife.it\/news\/","name":"#lucalife","description":"DRIVELIFE le mie automobili","potentialAction":[{"@type":"SearchAction","target":{"@type":"EntryPoint","urlTemplate":"https:\/\/www.drivelife.it\/news\/?s={search_term_string}"},"query-input":{"@type":"PropertyValueSpecification","valueRequired":true,"valueName":"search_term_string"}}],"inLanguage":"en-US"},{"@type":"Person","@id":"https:\/\/www.drivelife.it\/news\/#\/schema\/person\/b6c194c3423ff451be4914f5fd9c2188","name":"Redazione","image":{"@type":"ImageObject","inLanguage":"en-US","@id":"https:\/\/secure.gravatar.com\/avatar\/8d186f6b07ba8a94441344759f0e13bf1909b6ceaa171df0425551b4590fd558?s=96&d=mm&r=g","url":"https:\/\/secure.gravatar.com\/avatar\/8d186f6b07ba8a94441344759f0e13bf1909b6ceaa171df0425551b4590fd558?s=96&d=mm&r=g","contentUrl":"https:\/\/secure.gravatar.com\/avatar\/8d186f6b07ba8a94441344759f0e13bf1909b6ceaa171df0425551b4590fd558?s=96&d=mm&r=g","caption":"Redazione"},"url":"https:\/\/www.drivelife.it\/news\/author\/admin\/"}]}},"amp_enabled":true,"_links":{"self":[{"href":"https:\/\/www.drivelife.it\/news\/wp-json\/wp\/v2\/posts\/1805","targetHints":{"allow":["GET"]}}],"collection":[{"href":"https:\/\/www.drivelife.it\/news\/wp-json\/wp\/v2\/posts"}],"about":[{"href":"https:\/\/www.drivelife.it\/news\/wp-json\/wp\/v2\/types\/post"}],"author":[{"embeddable":true,"href":"https:\/\/www.drivelife.it\/news\/wp-json\/wp\/v2\/users\/1"}],"replies":[{"embeddable":true,"href":"https:\/\/www.drivelife.it\/news\/wp-json\/wp\/v2\/comments?post=1805"}],"version-history":[{"count":9,"href":"https:\/\/www.drivelife.it\/news\/wp-json\/wp\/v2\/posts\/1805\/revisions"}],"predecessor-version":[{"id":4190,"href":"https:\/\/www.drivelife.it\/news\/wp-json\/wp\/v2\/posts\/1805\/revisions\/4190"}],"wp:featuredmedia":[{"embeddable":true,"href":"https:\/\/www.drivelife.it\/news\/wp-json\/wp\/v2\/media\/1806"}],"wp:attachment":[{"href":"https:\/\/www.drivelife.it\/news\/wp-json\/wp\/v2\/media?parent=1805"}],"wp:term":[{"taxonomy":"category","embeddable":true,"href":"https:\/\/www.drivelife.it\/news\/wp-json\/wp\/v2\/categories?post=1805"},{"taxonomy":"post_tag","embeddable":true,"href":"https:\/\/www.drivelife.it\/news\/wp-json\/wp\/v2\/tags?post=1805"}],"curies":[{"name":"wp","href":"https:\/\/api.w.org\/{rel}","templated":true}]}}