{"id":1790,"date":"2013-02-13T15:46:07","date_gmt":"2013-02-13T15:46:07","guid":{"rendered":"http:\/\/www.drivelife.it\/news\/?p=1790"},"modified":"2014-04-07T20:39:21","modified_gmt":"2014-04-07T20:39:21","slug":"chevy-spark-ev","status":"publish","type":"post","link":"https:\/\/www.drivelife.it\/news\/2013\/02\/13\/chevy-spark-ev\/","title":{"rendered":"CHEVY SPARK EV"},"content":{"rendered":"<h1>LUI, L&#8217;AVEVA DETTO<\/h1>\n<h2><strong>L&#8217;AD DI CHEVY ITALIA AVEVA PROMESSO<br \/>\n<\/strong><strong>UNA GRANDE OFFENSIVA DI PRODOTTO<\/strong><\/h2>\n<p><strong>(di Nicoletta Triggiani)<\/strong><\/p>\n<p>Dopo il debutto mondiale della Spark Electric Vehicle a Los Angeles lo scorso anno, la nuova citycar a batteria di Chevrolet sar\u00e0 presentata per la prima volta al pubblico europeo al Salone dell\u2019Automobile di Ginevra &#8230;<\/p>\n<div id=\"attachment_1791\" style=\"width: 760px\" class=\"wp-caption alignnone\"><a href=\"http:\/\/www.drivelife.it\/news\/wp-content\/uploads\/2013\/02\/Chevrolet-Spark-EV-283195.jpg\"><img loading=\"lazy\" decoding=\"async\" aria-describedby=\"caption-attachment-1791\" class=\"size-large wp-image-1791\" title=\"Chevrolet Spark EV \" alt=\"Chevrolet Spark EV\" src=\"http:\/\/www.drivelife.it\/news\/wp-content\/uploads\/2013\/02\/Chevrolet-Spark-EV-283195-750x500.jpg\" width=\"750\" height=\"500\" srcset=\"https:\/\/www.drivelife.it\/news\/wp-content\/uploads\/2013\/02\/Chevrolet-Spark-EV-283195-750x500.jpg 750w, https:\/\/www.drivelife.it\/news\/wp-content\/uploads\/2013\/02\/Chevrolet-Spark-EV-283195-620x413.jpg 620w, https:\/\/www.drivelife.it\/news\/wp-content\/uploads\/2013\/02\/Chevrolet-Spark-EV-283195-590x393.jpg 590w, https:\/\/www.drivelife.it\/news\/wp-content\/uploads\/2013\/02\/Chevrolet-Spark-EV-283195-950x633.jpg 950w, https:\/\/www.drivelife.it\/news\/wp-content\/uploads\/2013\/02\/Chevrolet-Spark-EV-283195.jpg 1920w\" sizes=\"auto, (max-width: 750px) 100vw, 750px\" \/><\/a><p id=\"caption-attachment-1791\" class=\"wp-caption-text\">Chevrolet Spark EV<\/p><\/div>\n<ul>\n<li><strong><em>La versione elettrica della citycar Spark verr\u00e0 commercializzata in selezionati mercati europei<\/em><\/strong><\/li>\n<li><strong><em>Il motore elettrico eroga 130 Cv e 542 Nm di coppia<\/em><\/strong><\/li>\n<li><strong><em>La sofisticata batteria consente di effettuare una ricarica rapida in 20 minuti<\/em><\/strong><\/li>\n<li><strong><em>Due schermi LCD personalizzabili da sette pollici per una connettivit\u00e0 avanzata<\/em><\/strong><\/li>\n<\/ul>\n<p>Dopo il debutto mondiale della Spark Electric Vehicle a Los Angeles lo scorso anno, la nuova citycar a batteria di Chevrolet sar\u00e0 presentata per la prima volta al pubblico europeo al Salone dell\u2019Automobile di Ginevra. Questo modello sar\u00e0 venduto in selezionati mercati europei a partire dal 2014.<\/p>\n<p>Le prestazioni di Chevrolet Spark EV, alimentata dal pi\u00f9 avanzato motore elettrico e batteria che General Motors abbia mai costruito, diventeranno un riferimento per le\u00a0 vetture elettriche urbane.<\/p>\n<p>&#8220;Spark EV \u00e8 una divertente citycar da guidare a zero emissioni, con connettivit\u00e0 intelligente. Crediamo sar\u00e0 particolarmente apprezzata in alcuni dei mercati pi\u00f9 tecnologicamente avanzati d\u2019Europa,&#8221; ha dichiarato Susan Docherty, Presidente e Amministratore Delegato di Chevrolet &amp; Cadillac Europe. &#8220;Proprio come la Volt, questa agile vettura alimentata a batteria sottolinea ulteriormente l\u2019abilit\u00e0 \u00a0di\u00a0 Chevrolet nel fornire soluzioni per una mobilit\u00e0 intelligente.&#8221;<\/p>\n<p style=\"padding-left: 30px;\"><strong>Il sistema di propulsione avanzata \u00e8 il segreto di una partenza scattante e di una autonomia competitiva<\/strong><\/p>\n<p>L\u2019accelerazione da auto sportiva e la\u00a0 coppia fluida ma\u00a0 istantanea di 542 Nm,\u00a0 rendono Spark EV una piccola auto piacevole da guidare. Il cuore del sistema di propulsione di Spark EV \u00e8 il motore elettrico a magneti permanenti progettato da GM che eroga pi\u00f9 di 130 Cv (100 kW) e permette di accelerare da 0 a 100 km\/h in meno di 8,5 secondi.<\/p>\n<p>Spark EV sar\u00e0 equipaggiata con una batteria agli ioni di litio da oltre 20 kWh che funziona con un sistema attivo di raffreddamento a liquido o di riscaldamento. Grazie alla sofisticata tecnologia di questa batteria, Spark EV avr\u00e0 un\u2019autonomia elettrica tra le migliori della categoria. La batteria permette di effettuare una ricarica rapida sia a corrente alternata (AC) sia a corrente continua (DC).<\/p>\n<p>La ricarica rapida in corrente continua consente alla vettura di raggiungere l\u201980 per cento della ricarica in circa 20 minuti. Inoltre la batteria \u00e8 in grado di gestire numerose ricariche rapide ogni giorno. La ricarica a corrente alternata richiede tra le 6 e le 8 ore, utilizzando una presa da 230V. Il cavo di ricarica \u00e8 di serie.<\/p>\n<p style=\"padding-left: 30px;\"><strong>La connettivit\u00e0 all\u2019avanguardia rende la guida pi\u00f9 semplice e divertente<\/strong><\/p>\n<p>La Spark EV \u00e8 stata progettata per apparire moderna ed espressiva. All\u2019interno spicca la strumentazione di guida con uno dei due grandi schermi LCD\u00a0 full-colour da 7 pollici. L\u2019altro schermo si trova nella consolle centrale e funge da interfaccia per i comandi del sistema di infotainment, del climatizzatore e per i dati sull\u2019efficienza.<\/p>\n<p>Spark EV sar\u00e0 offerta con la tecnologia di connessione radio \u00a0Chevrolet MyLink di serie, che consente di integrare gli smartphone compatibili con il sistema di infotainment e utilizzare le diverse funzioni tramite lo schermo ad alta risoluzione. Chevrolet MyLink supporta diverse app che consentono di navigare utilizzando il proprio smartphone, e di ascoltare le stazioni radio di tutto il mondo attraverso internet. La retrocamera risulta utilissima nelle manovre di retromarcia.<\/p>\n<p>Chi usa Chevrolet MyLink con un iPhone compatibile con iOS6, \u00a0potr\u00e0 utilizzare Siri*, l\u2019avanzato sistema di assistenza, \u00a0per eseguire diverse operazioni in tutta sicurezza, tenendo gli occhi sulla strada e le mani sul volante.<\/p>\n<div id=\"attachment_1792\" style=\"width: 760px\" class=\"wp-caption alignnone\"><a href=\"http:\/\/www.drivelife.it\/news\/wp-content\/uploads\/2013\/02\/Chevrolet-Spark-EV-283196.jpg\"><img loading=\"lazy\" decoding=\"async\" aria-describedby=\"caption-attachment-1792\" class=\"size-large wp-image-1792\" title=\"Chevrolet Spark EV\" alt=\"Chevrolet Spark EV\" src=\"http:\/\/www.drivelife.it\/news\/wp-content\/uploads\/2013\/02\/Chevrolet-Spark-EV-283196-750x500.jpg\" width=\"750\" height=\"500\" srcset=\"https:\/\/www.drivelife.it\/news\/wp-content\/uploads\/2013\/02\/Chevrolet-Spark-EV-283196-750x500.jpg 750w, https:\/\/www.drivelife.it\/news\/wp-content\/uploads\/2013\/02\/Chevrolet-Spark-EV-283196-620x413.jpg 620w, https:\/\/www.drivelife.it\/news\/wp-content\/uploads\/2013\/02\/Chevrolet-Spark-EV-283196-590x393.jpg 590w, https:\/\/www.drivelife.it\/news\/wp-content\/uploads\/2013\/02\/Chevrolet-Spark-EV-283196-950x633.jpg 950w, https:\/\/www.drivelife.it\/news\/wp-content\/uploads\/2013\/02\/Chevrolet-Spark-EV-283196.jpg 1920w\" sizes=\"auto, (max-width: 750px) 100vw, 750px\" \/><\/a><p id=\"caption-attachment-1792\" class=\"wp-caption-text\">Chevrolet Spark EV<\/p><\/div>\n","protected":false},"excerpt":{"rendered":"<p>LUI, L&#8217;AVEVA DETTO L&#8217;AD DI CHEVY ITALIA AVEVA PROMESSO UNA GRANDE OFFENSIVA DI PRODOTTO (di Nicoletta Triggiani) Dopo il debutto mondiale della Spark Electric Vehicle a Los Angeles lo scorso anno, la nuova citycar a batteria di Chevrolet sar\u00e0 presentata per la prima volta al pubblico europeo al Salone dell\u2019Automobile di Ginevra &#8230; La versione elettrica della citycar Spark verr\u00e0 commercializzata in selezionati mercati europei Il motore elettrico eroga 130 Cv e 542 Nm di coppia La sofisticata batteria consente di effettuare una ricarica rapida in 20 minuti Due schermi LCD personalizzabili da sette pollici per una connettivit\u00e0 avanzata Dopo il debutto&#46;&#46;&#46;<\/p>\n","protected":false},"author":1,"featured_media":1791,"comment_status":"open","ping_status":"open","sticky":false,"template":"","format":"standard","meta":{"ngg_post_thumbnail":0,"footnotes":""},"categories":[39,58,55],"tags":[810,37,809],"class_list":["post-1790","post","type-post","status-publish","format-standard","has-post-thumbnail","hentry","category-automotive","category-chevrolet","category-news","tag-chevrolet","tag-drivelife","tag-news"],"yoast_head":"<!-- This site is optimized with the Yoast SEO plugin v27.5 - https:\/\/yoast.com\/product\/yoast-seo-wordpress\/ -->\n<title>CHEVY SPARK EV - #lucalife<\/title>\n<meta name=\"robots\" content=\"index, follow, max-snippet:-1, max-image-preview:large, max-video-preview:-1\" \/>\n<link rel=\"canonical\" href=\"https:\/\/www.drivelife.it\/news\/2013\/02\/13\/chevy-spark-ev\/\" \/>\n<meta property=\"og:locale\" content=\"en_US\" \/>\n<meta property=\"og:type\" content=\"article\" \/>\n<meta property=\"og:title\" content=\"CHEVY SPARK EV - #lucalife\" \/>\n<meta property=\"og:description\" content=\"LUI, L&#8217;AVEVA DETTO L&#8217;AD DI CHEVY ITALIA AVEVA PROMESSO UNA GRANDE OFFENSIVA DI PRODOTTO (di Nicoletta Triggiani) Dopo il debutto mondiale della Spark Electric Vehicle a Los Angeles lo scorso anno, la nuova citycar a batteria di Chevrolet sar\u00e0 presentata per la prima volta al pubblico europeo al Salone dell\u2019Automobile di Ginevra &#8230; La versione elettrica della citycar Spark verr\u00e0 commercializzata in selezionati mercati europei Il motore elettrico eroga 130 Cv e 542 Nm di coppia La sofisticata batteria consente di effettuare una ricarica rapida in 20 minuti Due schermi LCD personalizzabili da sette pollici per una connettivit\u00e0 avanzata Dopo il debutto&#046;&#046;&#046;\" \/>\n<meta property=\"og:url\" content=\"https:\/\/www.drivelife.it\/news\/2013\/02\/13\/chevy-spark-ev\/\" \/>\n<meta property=\"og:site_name\" content=\"#lucalife\" \/>\n<meta property=\"article:publisher\" content=\"https:\/\/www.facebook.com\/pages\/Drivelife\/467833073239720\" \/>\n<meta property=\"article:published_time\" content=\"2013-02-13T15:46:07+00:00\" \/>\n<meta property=\"article:modified_time\" content=\"2014-04-07T20:39:21+00:00\" \/>\n<meta property=\"og:image\" content=\"https:\/\/www.drivelife.it\/news\/wp-content\/uploads\/2013\/02\/Chevrolet-Spark-EV-283195-750x500.jpg\" \/>\n\t<meta property=\"og:image:width\" content=\"750\" \/>\n\t<meta property=\"og:image:height\" content=\"500\" \/>\n\t<meta property=\"og:image:type\" content=\"image\/jpeg\" \/>\n<meta name=\"author\" content=\"Redazione\" \/>\n<meta name=\"twitter:card\" content=\"summary_large_image\" \/>\n<meta name=\"twitter:creator\" content=\"@tweetdrivelife\" \/>\n<meta name=\"twitter:site\" content=\"@tweetdrivelife\" \/>\n<meta name=\"twitter:label1\" content=\"Written by\" \/>\n\t<meta name=\"twitter:data1\" content=\"Redazione\" \/>\n\t<meta name=\"twitter:label2\" content=\"Est. reading time\" \/>\n\t<meta name=\"twitter:data2\" content=\"3 minutes\" \/>\n<script type=\"application\/ld+json\" class=\"yoast-schema-graph\">{\"@context\":\"https:\\\/\\\/schema.org\",\"@graph\":[{\"@type\":\"Article\",\"@id\":\"https:\\\/\\\/www.drivelife.it\\\/news\\\/2013\\\/02\\\/13\\\/chevy-spark-ev\\\/#article\",\"isPartOf\":{\"@id\":\"https:\\\/\\\/www.drivelife.it\\\/news\\\/2013\\\/02\\\/13\\\/chevy-spark-ev\\\/\"},\"author\":{\"name\":\"Redazione\",\"@id\":\"https:\\\/\\\/www.drivelife.it\\\/news\\\/#\\\/schema\\\/person\\\/b6c194c3423ff451be4914f5fd9c2188\"},\"headline\":\"CHEVY SPARK EV\",\"datePublished\":\"2013-02-13T15:46:07+00:00\",\"dateModified\":\"2014-04-07T20:39:21+00:00\",\"mainEntityOfPage\":{\"@id\":\"https:\\\/\\\/www.drivelife.it\\\/news\\\/2013\\\/02\\\/13\\\/chevy-spark-ev\\\/\"},\"wordCount\":618,\"commentCount\":0,\"image\":{\"@id\":\"https:\\\/\\\/www.drivelife.it\\\/news\\\/2013\\\/02\\\/13\\\/chevy-spark-ev\\\/#primaryimage\"},\"thumbnailUrl\":\"https:\\\/\\\/www.drivelife.it\\\/news\\\/wp-content\\\/uploads\\\/2013\\\/02\\\/Chevrolet-Spark-EV-283195.jpg\",\"keywords\":[\"CHEVROLET\",\"DRIVELIFE\",\"NEWS\"],\"articleSection\":[\"AUTOMOTIVE\",\"CHEVROLET\",\"NEWS\"],\"inLanguage\":\"en-US\",\"potentialAction\":[{\"@type\":\"CommentAction\",\"name\":\"Comment\",\"target\":[\"https:\\\/\\\/www.drivelife.it\\\/news\\\/2013\\\/02\\\/13\\\/chevy-spark-ev\\\/#respond\"]}]},{\"@type\":\"WebPage\",\"@id\":\"https:\\\/\\\/www.drivelife.it\\\/news\\\/2013\\\/02\\\/13\\\/chevy-spark-ev\\\/\",\"url\":\"https:\\\/\\\/www.drivelife.it\\\/news\\\/2013\\\/02\\\/13\\\/chevy-spark-ev\\\/\",\"name\":\"CHEVY SPARK EV - #lucalife\",\"isPartOf\":{\"@id\":\"https:\\\/\\\/www.drivelife.it\\\/news\\\/#website\"},\"primaryImageOfPage\":{\"@id\":\"https:\\\/\\\/www.drivelife.it\\\/news\\\/2013\\\/02\\\/13\\\/chevy-spark-ev\\\/#primaryimage\"},\"image\":{\"@id\":\"https:\\\/\\\/www.drivelife.it\\\/news\\\/2013\\\/02\\\/13\\\/chevy-spark-ev\\\/#primaryimage\"},\"thumbnailUrl\":\"https:\\\/\\\/www.drivelife.it\\\/news\\\/wp-content\\\/uploads\\\/2013\\\/02\\\/Chevrolet-Spark-EV-283195.jpg\",\"datePublished\":\"2013-02-13T15:46:07+00:00\",\"dateModified\":\"2014-04-07T20:39:21+00:00\",\"author\":{\"@id\":\"https:\\\/\\\/www.drivelife.it\\\/news\\\/#\\\/schema\\\/person\\\/b6c194c3423ff451be4914f5fd9c2188\"},\"breadcrumb\":{\"@id\":\"https:\\\/\\\/www.drivelife.it\\\/news\\\/2013\\\/02\\\/13\\\/chevy-spark-ev\\\/#breadcrumb\"},\"inLanguage\":\"en-US\",\"potentialAction\":[{\"@type\":\"ReadAction\",\"target\":[\"https:\\\/\\\/www.drivelife.it\\\/news\\\/2013\\\/02\\\/13\\\/chevy-spark-ev\\\/\"]}]},{\"@type\":\"ImageObject\",\"inLanguage\":\"en-US\",\"@id\":\"https:\\\/\\\/www.drivelife.it\\\/news\\\/2013\\\/02\\\/13\\\/chevy-spark-ev\\\/#primaryimage\",\"url\":\"https:\\\/\\\/www.drivelife.it\\\/news\\\/wp-content\\\/uploads\\\/2013\\\/02\\\/Chevrolet-Spark-EV-283195.jpg\",\"contentUrl\":\"https:\\\/\\\/www.drivelife.it\\\/news\\\/wp-content\\\/uploads\\\/2013\\\/02\\\/Chevrolet-Spark-EV-283195.jpg\",\"width\":\"1920\",\"height\":\"1280\",\"caption\":\"Chevrolet Spark EV\"},{\"@type\":\"BreadcrumbList\",\"@id\":\"https:\\\/\\\/www.drivelife.it\\\/news\\\/2013\\\/02\\\/13\\\/chevy-spark-ev\\\/#breadcrumb\",\"itemListElement\":[{\"@type\":\"ListItem\",\"position\":1,\"name\":\"Home\",\"item\":\"https:\\\/\\\/www.drivelife.it\\\/news\\\/\"},{\"@type\":\"ListItem\",\"position\":2,\"name\":\"CHEVY SPARK EV\"}]},{\"@type\":\"WebSite\",\"@id\":\"https:\\\/\\\/www.drivelife.it\\\/news\\\/#website\",\"url\":\"https:\\\/\\\/www.drivelife.it\\\/news\\\/\",\"name\":\"#lucalife\",\"description\":\"DRIVELIFE le mie automobili\",\"potentialAction\":[{\"@type\":\"SearchAction\",\"target\":{\"@type\":\"EntryPoint\",\"urlTemplate\":\"https:\\\/\\\/www.drivelife.it\\\/news\\\/?s={search_term_string}\"},\"query-input\":{\"@type\":\"PropertyValueSpecification\",\"valueRequired\":true,\"valueName\":\"search_term_string\"}}],\"inLanguage\":\"en-US\"},{\"@type\":\"Person\",\"@id\":\"https:\\\/\\\/www.drivelife.it\\\/news\\\/#\\\/schema\\\/person\\\/b6c194c3423ff451be4914f5fd9c2188\",\"name\":\"Redazione\",\"image\":{\"@type\":\"ImageObject\",\"inLanguage\":\"en-US\",\"@id\":\"https:\\\/\\\/secure.gravatar.com\\\/avatar\\\/8d186f6b07ba8a94441344759f0e13bf1909b6ceaa171df0425551b4590fd558?s=96&d=mm&r=g\",\"url\":\"https:\\\/\\\/secure.gravatar.com\\\/avatar\\\/8d186f6b07ba8a94441344759f0e13bf1909b6ceaa171df0425551b4590fd558?s=96&d=mm&r=g\",\"contentUrl\":\"https:\\\/\\\/secure.gravatar.com\\\/avatar\\\/8d186f6b07ba8a94441344759f0e13bf1909b6ceaa171df0425551b4590fd558?s=96&d=mm&r=g\",\"caption\":\"Redazione\"},\"url\":\"https:\\\/\\\/www.drivelife.it\\\/news\\\/author\\\/admin\\\/\"}]}<\/script>\n<!-- \/ Yoast SEO plugin. -->","yoast_head_json":{"title":"CHEVY SPARK EV - #lucalife","robots":{"index":"index","follow":"follow","max-snippet":"max-snippet:-1","max-image-preview":"max-image-preview:large","max-video-preview":"max-video-preview:-1"},"canonical":"https:\/\/www.drivelife.it\/news\/2013\/02\/13\/chevy-spark-ev\/","og_locale":"en_US","og_type":"article","og_title":"CHEVY SPARK EV - #lucalife","og_description":"LUI, L&#8217;AVEVA DETTO L&#8217;AD DI CHEVY ITALIA AVEVA PROMESSO UNA GRANDE OFFENSIVA DI PRODOTTO (di Nicoletta Triggiani) Dopo il debutto mondiale della Spark Electric Vehicle a Los Angeles lo scorso anno, la nuova citycar a batteria di Chevrolet sar\u00e0 presentata per la prima volta al pubblico europeo al Salone dell\u2019Automobile di Ginevra &#8230; La versione elettrica della citycar Spark verr\u00e0 commercializzata in selezionati mercati europei Il motore elettrico eroga 130 Cv e 542 Nm di coppia La sofisticata batteria consente di effettuare una ricarica rapida in 20 minuti Due schermi LCD personalizzabili da sette pollici per una connettivit\u00e0 avanzata Dopo il debutto&#46;&#46;&#46;","og_url":"https:\/\/www.drivelife.it\/news\/2013\/02\/13\/chevy-spark-ev\/","og_site_name":"#lucalife","article_publisher":"https:\/\/www.facebook.com\/pages\/Drivelife\/467833073239720","article_published_time":"2013-02-13T15:46:07+00:00","article_modified_time":"2014-04-07T20:39:21+00:00","og_image":[{"width":750,"height":500,"url":"https:\/\/www.drivelife.it\/news\/wp-content\/uploads\/2013\/02\/Chevrolet-Spark-EV-283195-750x500.jpg","type":"image\/jpeg"}],"author":"Redazione","twitter_card":"summary_large_image","twitter_creator":"@tweetdrivelife","twitter_site":"@tweetdrivelife","twitter_misc":{"Written by":"Redazione","Est. reading time":"3 minutes"},"schema":{"@context":"https:\/\/schema.org","@graph":[{"@type":"Article","@id":"https:\/\/www.drivelife.it\/news\/2013\/02\/13\/chevy-spark-ev\/#article","isPartOf":{"@id":"https:\/\/www.drivelife.it\/news\/2013\/02\/13\/chevy-spark-ev\/"},"author":{"name":"Redazione","@id":"https:\/\/www.drivelife.it\/news\/#\/schema\/person\/b6c194c3423ff451be4914f5fd9c2188"},"headline":"CHEVY SPARK EV","datePublished":"2013-02-13T15:46:07+00:00","dateModified":"2014-04-07T20:39:21+00:00","mainEntityOfPage":{"@id":"https:\/\/www.drivelife.it\/news\/2013\/02\/13\/chevy-spark-ev\/"},"wordCount":618,"commentCount":0,"image":{"@id":"https:\/\/www.drivelife.it\/news\/2013\/02\/13\/chevy-spark-ev\/#primaryimage"},"thumbnailUrl":"https:\/\/www.drivelife.it\/news\/wp-content\/uploads\/2013\/02\/Chevrolet-Spark-EV-283195.jpg","keywords":["CHEVROLET","DRIVELIFE","NEWS"],"articleSection":["AUTOMOTIVE","CHEVROLET","NEWS"],"inLanguage":"en-US","potentialAction":[{"@type":"CommentAction","name":"Comment","target":["https:\/\/www.drivelife.it\/news\/2013\/02\/13\/chevy-spark-ev\/#respond"]}]},{"@type":"WebPage","@id":"https:\/\/www.drivelife.it\/news\/2013\/02\/13\/chevy-spark-ev\/","url":"https:\/\/www.drivelife.it\/news\/2013\/02\/13\/chevy-spark-ev\/","name":"CHEVY SPARK EV - #lucalife","isPartOf":{"@id":"https:\/\/www.drivelife.it\/news\/#website"},"primaryImageOfPage":{"@id":"https:\/\/www.drivelife.it\/news\/2013\/02\/13\/chevy-spark-ev\/#primaryimage"},"image":{"@id":"https:\/\/www.drivelife.it\/news\/2013\/02\/13\/chevy-spark-ev\/#primaryimage"},"thumbnailUrl":"https:\/\/www.drivelife.it\/news\/wp-content\/uploads\/2013\/02\/Chevrolet-Spark-EV-283195.jpg","datePublished":"2013-02-13T15:46:07+00:00","dateModified":"2014-04-07T20:39:21+00:00","author":{"@id":"https:\/\/www.drivelife.it\/news\/#\/schema\/person\/b6c194c3423ff451be4914f5fd9c2188"},"breadcrumb":{"@id":"https:\/\/www.drivelife.it\/news\/2013\/02\/13\/chevy-spark-ev\/#breadcrumb"},"inLanguage":"en-US","potentialAction":[{"@type":"ReadAction","target":["https:\/\/www.drivelife.it\/news\/2013\/02\/13\/chevy-spark-ev\/"]}]},{"@type":"ImageObject","inLanguage":"en-US","@id":"https:\/\/www.drivelife.it\/news\/2013\/02\/13\/chevy-spark-ev\/#primaryimage","url":"https:\/\/www.drivelife.it\/news\/wp-content\/uploads\/2013\/02\/Chevrolet-Spark-EV-283195.jpg","contentUrl":"https:\/\/www.drivelife.it\/news\/wp-content\/uploads\/2013\/02\/Chevrolet-Spark-EV-283195.jpg","width":"1920","height":"1280","caption":"Chevrolet Spark EV"},{"@type":"BreadcrumbList","@id":"https:\/\/www.drivelife.it\/news\/2013\/02\/13\/chevy-spark-ev\/#breadcrumb","itemListElement":[{"@type":"ListItem","position":1,"name":"Home","item":"https:\/\/www.drivelife.it\/news\/"},{"@type":"ListItem","position":2,"name":"CHEVY SPARK EV"}]},{"@type":"WebSite","@id":"https:\/\/www.drivelife.it\/news\/#website","url":"https:\/\/www.drivelife.it\/news\/","name":"#lucalife","description":"DRIVELIFE le mie automobili","potentialAction":[{"@type":"SearchAction","target":{"@type":"EntryPoint","urlTemplate":"https:\/\/www.drivelife.it\/news\/?s={search_term_string}"},"query-input":{"@type":"PropertyValueSpecification","valueRequired":true,"valueName":"search_term_string"}}],"inLanguage":"en-US"},{"@type":"Person","@id":"https:\/\/www.drivelife.it\/news\/#\/schema\/person\/b6c194c3423ff451be4914f5fd9c2188","name":"Redazione","image":{"@type":"ImageObject","inLanguage":"en-US","@id":"https:\/\/secure.gravatar.com\/avatar\/8d186f6b07ba8a94441344759f0e13bf1909b6ceaa171df0425551b4590fd558?s=96&d=mm&r=g","url":"https:\/\/secure.gravatar.com\/avatar\/8d186f6b07ba8a94441344759f0e13bf1909b6ceaa171df0425551b4590fd558?s=96&d=mm&r=g","contentUrl":"https:\/\/secure.gravatar.com\/avatar\/8d186f6b07ba8a94441344759f0e13bf1909b6ceaa171df0425551b4590fd558?s=96&d=mm&r=g","caption":"Redazione"},"url":"https:\/\/www.drivelife.it\/news\/author\/admin\/"}]}},"amp_enabled":true,"_links":{"self":[{"href":"https:\/\/www.drivelife.it\/news\/wp-json\/wp\/v2\/posts\/1790","targetHints":{"allow":["GET"]}}],"collection":[{"href":"https:\/\/www.drivelife.it\/news\/wp-json\/wp\/v2\/posts"}],"about":[{"href":"https:\/\/www.drivelife.it\/news\/wp-json\/wp\/v2\/types\/post"}],"author":[{"embeddable":true,"href":"https:\/\/www.drivelife.it\/news\/wp-json\/wp\/v2\/users\/1"}],"replies":[{"embeddable":true,"href":"https:\/\/www.drivelife.it\/news\/wp-json\/wp\/v2\/comments?post=1790"}],"version-history":[{"count":5,"href":"https:\/\/www.drivelife.it\/news\/wp-json\/wp\/v2\/posts\/1790\/revisions"}],"predecessor-version":[{"id":4188,"href":"https:\/\/www.drivelife.it\/news\/wp-json\/wp\/v2\/posts\/1790\/revisions\/4188"}],"wp:featuredmedia":[{"embeddable":true,"href":"https:\/\/www.drivelife.it\/news\/wp-json\/wp\/v2\/media\/1791"}],"wp:attachment":[{"href":"https:\/\/www.drivelife.it\/news\/wp-json\/wp\/v2\/media?parent=1790"}],"wp:term":[{"taxonomy":"category","embeddable":true,"href":"https:\/\/www.drivelife.it\/news\/wp-json\/wp\/v2\/categories?post=1790"},{"taxonomy":"post_tag","embeddable":true,"href":"https:\/\/www.drivelife.it\/news\/wp-json\/wp\/v2\/tags?post=1790"}],"curies":[{"name":"wp","href":"https:\/\/api.w.org\/{rel}","templated":true}]}}