{"id":16809,"date":"2017-06-16T11:18:23","date_gmt":"2017-06-16T11:18:23","guid":{"rendered":"http:\/\/www.drivelife.it\/news\/?p=16809"},"modified":"2017-06-16T11:18:23","modified_gmt":"2017-06-16T11:18:23","slug":"suv-c3-aircross-abitacolo","status":"publish","type":"post","link":"https:\/\/www.drivelife.it\/news\/2017\/06\/16\/suv-c3-aircross-abitacolo\/","title":{"rendered":"SUV C3 AIRCROSS Abitacolo"},"content":{"rendered":"<p><strong><\/p>\n<h1>12\u201900\u201d &#8211; In TV il 17\/6 &#8211; \u2028NUOVO COMPACT SUV \u2028#CITRO\u00cbN C3 #AIRCROSS #ENDLESSPOSSIBILITIES<\/h1>\n<p>SUV C3 AIRCROSS Abitacolo, 00\u201928\u201d<\/strong> &#8211; L\u2019ambiente \u00e8 tutto. Che sia quello di casa, d\u2019ufficio o in auto \u00e8 l\u2019ambiente che condiziona il nostro umore. Qui in Nuovo Compact SUV C3 Aircross l\u2019ambiente di serie, \u00e8 di quell\u2019eleganza essenziale giocata sui toni del grigio con finiture colore bianco.<br \/>\nMa c\u2019\u00e8 la possibilit\u00e0 di scegliere altri ambienti: Metropolitan Grey, con tessuti chiari ed accoglienti, Urban Red che esprime vitalit\u00e0, Hype Mistral ed Hype Colorado per una scelta d\u2019alta gamma.<br \/>\n&nbsp;<br \/>\nhttps:\/\/vimeo.com\/221378923<br \/>\n&nbsp;<br \/>\n<img loading=\"lazy\" decoding=\"async\" src=\"http:\/\/www.drivelife.it\/news\/wp-content\/uploads\/2017\/06\/SOUS-EMBARGO_12JUIN2017_15H00_CL-17.055.038-1000x564.jpg\" alt=\"SOUS EMBARGO_12JUIN2017_15H00_CL 17.055.038\" width=\"720\" height=\"406\" class=\"alignnone size-large wp-image-16744\" srcset=\"https:\/\/www.drivelife.it\/news\/wp-content\/uploads\/2017\/06\/SOUS-EMBARGO_12JUIN2017_15H00_CL-17.055.038-1000x564.jpg 1000w, https:\/\/www.drivelife.it\/news\/wp-content\/uploads\/2017\/06\/SOUS-EMBARGO_12JUIN2017_15H00_CL-17.055.038-620x350.jpg 620w, https:\/\/www.drivelife.it\/news\/wp-content\/uploads\/2017\/06\/SOUS-EMBARGO_12JUIN2017_15H00_CL-17.055.038-768x433.jpg 768w, https:\/\/www.drivelife.it\/news\/wp-content\/uploads\/2017\/06\/SOUS-EMBARGO_12JUIN2017_15H00_CL-17.055.038-300x169.jpg 300w\" sizes=\"auto, (max-width: 720px) 100vw, 720px\" \/><br \/>\n&nbsp;<br \/>\nhttps:\/\/vimeo.com\/221751864<br \/>\n&nbsp;<br \/>\nSOMMARIO, <strong>TIMING<\/strong> SERVIZI<br \/>\nNUOVO COMPACT SUV CITRO\u00cbN C3 AIRCROSS, INTRO, INTERVISTA CARLO LEONI, REVEAL PARIGI, 02&#8217;18&#8221; (itw. C. LEONI, 00&#8217;45&#8221;) &#8211; NUOVA CITRO\u00cbN C3 GPL, &#8220;FILM PONZA&#8221;, 04&#8217;21&#8221; &#8211; NUOVO COMPACT SUV CITRO\u00cbN C3 AIRCROSS, BAGALIAIO, 00&#8217;38&#8221; &#8211; ABITACOLO, 00&#8217;28&#8221; &#8211;  HEAD-UP DISPLAY, 00&#8217;26&#8221; &#8211; BAGAGLIAIO (due), 00&#8217;25&#8221; &#8211; GRIP CONTROL, 00&#8217;30&#8221; &#8211; RICARICA WIRELESS, 00&#8217;22&#8221; &#8211; TETTO PANORAMICO APRIBILE, 00&#8217;24&#8221;<br \/>\n&nbsp;<br \/>\nSOMMARIO, <strong>START<\/strong> SERVIZI<br \/>\nNUOVO COMPACT SUV CITRO\u00cbN C3 AIRCROSS, INTRO, INTERVISTA CARLO LEONI, REVEAL PARIGI, 00&#8217;46&#8221; (itw. C. LEONI, 01&#8217;04&#8221;) &#8211; NUOVA CITRO\u00cbN C3 GPL, &#8220;FILM PONZA&#8221;, 03&#8217;08&#8221; &#8211; NUOVO COMPACT SUV CITRO\u00cbN C3 AIRCROSS, BAGALIAIO, 07&#8217;30&#8221; &#8211; ABITACOLO, 08&#8217;17&#8221; &#8211;  HEAD-UP DISPLAY, 08&#8217;55&#8221; &#8211; BAGAGLIAIO (due), 09&#8217;31&#8221; &#8211; GRIP CONTROL, 10&#8217;05&#8221; &#8211; RICARICA WIRELESS, 10&#8217;41&#8221; &#8211; TETTO PANORAMICO APRIBILE, 11&#8217;08&#8221;<br \/>\n&nbsp;<\/p>\n<h3>NB: qui, come per tutti gli articoli che drivelife pubblica on line, non \u00e8 un obbligo la corrispondenza tra il pubblicato della pagina e quanto messo in onda con la rubrica televisiva diffusa in tutta Italia.<\/h3>\n<p>&nbsp;<br \/>\n<strong>PAGINA DRIVELIFE CLIP<\/strong><br \/>\nhttp:\/\/www.drivelife.it\/drivelifeintv\/2017\/06\/13\/drivelife-2017-puntata-del-17-giugno\/<br \/>\n&nbsp;<br \/>\n<strong>PAGINA DRIVELIFE CLIP SETTIMANA<\/strong><br \/>\nhttp:\/\/www.drivelife.it\/drivelifeintv\/2017\/06\/13\/drivelife-2017-puntata-del-17-giugno\/<br \/>\n&nbsp;<\/p>\n","protected":false},"excerpt":{"rendered":"<p>IN TV IL 17 GIUGNO &#8211; SUV C3 AIRCROSS Abitacolo<\/p>\n","protected":false},"author":1,"featured_media":16744,"comment_status":"open","ping_status":"open","sticky":false,"template":"","format":"video","meta":{"ngg_post_thumbnail":0,"footnotes":""},"categories":[39,21,55,71,999,53],"tags":[1231,1232,1233],"class_list":["post-16809","post","type-post","status-publish","format-video","has-post-thumbnail","hentry","category-automotive","category-citroen","category-news","category-puntata-drivelife","category-999","category-video","tag-citroen-c3-aircross","tag-endlesspossibilities","tag-nuovo-compact-suv-citroen-c3-aircross","post_format-post-format-video"],"yoast_head":"<!-- This site is optimized with the Yoast SEO plugin v27.5 - https:\/\/yoast.com\/product\/yoast-seo-wordpress\/ -->\n<title>SUV C3 AIRCROSS Abitacolo - #lucalife<\/title>\n<meta name=\"description\" content=\"IN TV IL 17 GIUGNO - SUV C3 AIRCROSS Abitacolo\" \/>\n<meta name=\"robots\" content=\"index, follow, max-snippet:-1, max-image-preview:large, max-video-preview:-1\" \/>\n<link rel=\"canonical\" href=\"https:\/\/www.drivelife.it\/news\/2017\/06\/16\/suv-c3-aircross-abitacolo\/\" \/>\n<meta property=\"og:locale\" content=\"en_US\" \/>\n<meta property=\"og:type\" content=\"article\" \/>\n<meta property=\"og:title\" content=\"SUV C3 AIRCROSS Abitacolo - #lucalife\" \/>\n<meta property=\"og:description\" content=\"IN TV IL 17 GIUGNO - SUV C3 AIRCROSS Abitacolo\" \/>\n<meta property=\"og:url\" content=\"https:\/\/www.drivelife.it\/news\/2017\/06\/16\/suv-c3-aircross-abitacolo\/\" \/>\n<meta property=\"og:site_name\" content=\"#lucalife\" \/>\n<meta property=\"article:publisher\" content=\"https:\/\/www.facebook.com\/pages\/Drivelife\/467833073239720\" \/>\n<meta property=\"article:published_time\" content=\"2017-06-16T11:18:23+00:00\" \/>\n<meta property=\"og:image\" content=\"https:\/\/www.drivelife.it\/news\/wp-content\/uploads\/2017\/06\/SOUS-EMBARGO_12JUIN2017_15H00_CL-17.055.038.jpg\" \/>\n\t<meta property=\"og:image:width\" content=\"2560\" \/>\n\t<meta property=\"og:image:height\" content=\"1444\" \/>\n\t<meta property=\"og:image:type\" content=\"image\/jpeg\" \/>\n<meta name=\"author\" content=\"Redazione\" \/>\n<meta name=\"twitter:card\" content=\"summary_large_image\" \/>\n<meta name=\"twitter:creator\" content=\"@tweetdrivelife\" \/>\n<meta name=\"twitter:site\" content=\"@tweetdrivelife\" \/>\n<meta name=\"twitter:label1\" content=\"Written by\" \/>\n\t<meta name=\"twitter:data1\" content=\"Redazione\" \/>\n\t<meta name=\"twitter:label2\" content=\"Est. reading time\" \/>\n\t<meta name=\"twitter:data2\" content=\"1 minute\" \/>\n<script type=\"application\/ld+json\" class=\"yoast-schema-graph\">{\"@context\":\"https:\\\/\\\/schema.org\",\"@graph\":[{\"@type\":\"Article\",\"@id\":\"https:\\\/\\\/www.drivelife.it\\\/news\\\/2017\\\/06\\\/16\\\/suv-c3-aircross-abitacolo\\\/#article\",\"isPartOf\":{\"@id\":\"https:\\\/\\\/www.drivelife.it\\\/news\\\/2017\\\/06\\\/16\\\/suv-c3-aircross-abitacolo\\\/\"},\"author\":{\"name\":\"Redazione\",\"@id\":\"https:\\\/\\\/www.drivelife.it\\\/news\\\/#\\\/schema\\\/person\\\/b6c194c3423ff451be4914f5fd9c2188\"},\"headline\":\"SUV C3 AIRCROSS Abitacolo\",\"datePublished\":\"2017-06-16T11:18:23+00:00\",\"mainEntityOfPage\":{\"@id\":\"https:\\\/\\\/www.drivelife.it\\\/news\\\/2017\\\/06\\\/16\\\/suv-c3-aircross-abitacolo\\\/\"},\"wordCount\":278,\"commentCount\":0,\"image\":{\"@id\":\"https:\\\/\\\/www.drivelife.it\\\/news\\\/2017\\\/06\\\/16\\\/suv-c3-aircross-abitacolo\\\/#primaryimage\"},\"thumbnailUrl\":\"https:\\\/\\\/www.drivelife.it\\\/news\\\/wp-content\\\/uploads\\\/2017\\\/06\\\/SOUS-EMBARGO_12JUIN2017_15H00_CL-17.055.038.jpg\",\"keywords\":[\"CITRO\u00cbN C3 AIRCROSS\",\"endlesspossibilities\",\"nuovo compact SUV Citroen C3 Aircross\"],\"articleSection\":[\"AUTOMOTIVE\",\"CITROEN\",\"NEWS\",\"PUNTATA DRIVELIFE\",\"PUNTATE DRIVELIFE TV 2017\",\"VIDEO\"],\"inLanguage\":\"en-US\",\"potentialAction\":[{\"@type\":\"CommentAction\",\"name\":\"Comment\",\"target\":[\"https:\\\/\\\/www.drivelife.it\\\/news\\\/2017\\\/06\\\/16\\\/suv-c3-aircross-abitacolo\\\/#respond\"]}]},{\"@type\":\"WebPage\",\"@id\":\"https:\\\/\\\/www.drivelife.it\\\/news\\\/2017\\\/06\\\/16\\\/suv-c3-aircross-abitacolo\\\/\",\"url\":\"https:\\\/\\\/www.drivelife.it\\\/news\\\/2017\\\/06\\\/16\\\/suv-c3-aircross-abitacolo\\\/\",\"name\":\"SUV C3 AIRCROSS Abitacolo - #lucalife\",\"isPartOf\":{\"@id\":\"https:\\\/\\\/www.drivelife.it\\\/news\\\/#website\"},\"primaryImageOfPage\":{\"@id\":\"https:\\\/\\\/www.drivelife.it\\\/news\\\/2017\\\/06\\\/16\\\/suv-c3-aircross-abitacolo\\\/#primaryimage\"},\"image\":{\"@id\":\"https:\\\/\\\/www.drivelife.it\\\/news\\\/2017\\\/06\\\/16\\\/suv-c3-aircross-abitacolo\\\/#primaryimage\"},\"thumbnailUrl\":\"https:\\\/\\\/www.drivelife.it\\\/news\\\/wp-content\\\/uploads\\\/2017\\\/06\\\/SOUS-EMBARGO_12JUIN2017_15H00_CL-17.055.038.jpg\",\"datePublished\":\"2017-06-16T11:18:23+00:00\",\"author\":{\"@id\":\"https:\\\/\\\/www.drivelife.it\\\/news\\\/#\\\/schema\\\/person\\\/b6c194c3423ff451be4914f5fd9c2188\"},\"description\":\"IN TV IL 17 GIUGNO - SUV C3 AIRCROSS Abitacolo\",\"breadcrumb\":{\"@id\":\"https:\\\/\\\/www.drivelife.it\\\/news\\\/2017\\\/06\\\/16\\\/suv-c3-aircross-abitacolo\\\/#breadcrumb\"},\"inLanguage\":\"en-US\",\"potentialAction\":[{\"@type\":\"ReadAction\",\"target\":[\"https:\\\/\\\/www.drivelife.it\\\/news\\\/2017\\\/06\\\/16\\\/suv-c3-aircross-abitacolo\\\/\"]}]},{\"@type\":\"ImageObject\",\"inLanguage\":\"en-US\",\"@id\":\"https:\\\/\\\/www.drivelife.it\\\/news\\\/2017\\\/06\\\/16\\\/suv-c3-aircross-abitacolo\\\/#primaryimage\",\"url\":\"https:\\\/\\\/www.drivelife.it\\\/news\\\/wp-content\\\/uploads\\\/2017\\\/06\\\/SOUS-EMBARGO_12JUIN2017_15H00_CL-17.055.038.jpg\",\"contentUrl\":\"https:\\\/\\\/www.drivelife.it\\\/news\\\/wp-content\\\/uploads\\\/2017\\\/06\\\/SOUS-EMBARGO_12JUIN2017_15H00_CL-17.055.038.jpg\",\"width\":2560,\"height\":1444},{\"@type\":\"BreadcrumbList\",\"@id\":\"https:\\\/\\\/www.drivelife.it\\\/news\\\/2017\\\/06\\\/16\\\/suv-c3-aircross-abitacolo\\\/#breadcrumb\",\"itemListElement\":[{\"@type\":\"ListItem\",\"position\":1,\"name\":\"Home\",\"item\":\"https:\\\/\\\/www.drivelife.it\\\/news\\\/\"},{\"@type\":\"ListItem\",\"position\":2,\"name\":\"SUV C3 AIRCROSS Abitacolo\"}]},{\"@type\":\"WebSite\",\"@id\":\"https:\\\/\\\/www.drivelife.it\\\/news\\\/#website\",\"url\":\"https:\\\/\\\/www.drivelife.it\\\/news\\\/\",\"name\":\"#lucalife\",\"description\":\"DRIVELIFE le mie automobili\",\"potentialAction\":[{\"@type\":\"SearchAction\",\"target\":{\"@type\":\"EntryPoint\",\"urlTemplate\":\"https:\\\/\\\/www.drivelife.it\\\/news\\\/?s={search_term_string}\"},\"query-input\":{\"@type\":\"PropertyValueSpecification\",\"valueRequired\":true,\"valueName\":\"search_term_string\"}}],\"inLanguage\":\"en-US\"},{\"@type\":\"Person\",\"@id\":\"https:\\\/\\\/www.drivelife.it\\\/news\\\/#\\\/schema\\\/person\\\/b6c194c3423ff451be4914f5fd9c2188\",\"name\":\"Redazione\",\"image\":{\"@type\":\"ImageObject\",\"inLanguage\":\"en-US\",\"@id\":\"https:\\\/\\\/secure.gravatar.com\\\/avatar\\\/8d186f6b07ba8a94441344759f0e13bf1909b6ceaa171df0425551b4590fd558?s=96&d=mm&r=g\",\"url\":\"https:\\\/\\\/secure.gravatar.com\\\/avatar\\\/8d186f6b07ba8a94441344759f0e13bf1909b6ceaa171df0425551b4590fd558?s=96&d=mm&r=g\",\"contentUrl\":\"https:\\\/\\\/secure.gravatar.com\\\/avatar\\\/8d186f6b07ba8a94441344759f0e13bf1909b6ceaa171df0425551b4590fd558?s=96&d=mm&r=g\",\"caption\":\"Redazione\"},\"url\":\"https:\\\/\\\/www.drivelife.it\\\/news\\\/author\\\/admin\\\/\"}]}<\/script>\n<!-- \/ Yoast SEO plugin. -->","yoast_head_json":{"title":"SUV C3 AIRCROSS Abitacolo - #lucalife","description":"IN TV IL 17 GIUGNO - SUV C3 AIRCROSS Abitacolo","robots":{"index":"index","follow":"follow","max-snippet":"max-snippet:-1","max-image-preview":"max-image-preview:large","max-video-preview":"max-video-preview:-1"},"canonical":"https:\/\/www.drivelife.it\/news\/2017\/06\/16\/suv-c3-aircross-abitacolo\/","og_locale":"en_US","og_type":"article","og_title":"SUV C3 AIRCROSS Abitacolo - #lucalife","og_description":"IN TV IL 17 GIUGNO - SUV C3 AIRCROSS Abitacolo","og_url":"https:\/\/www.drivelife.it\/news\/2017\/06\/16\/suv-c3-aircross-abitacolo\/","og_site_name":"#lucalife","article_publisher":"https:\/\/www.facebook.com\/pages\/Drivelife\/467833073239720","article_published_time":"2017-06-16T11:18:23+00:00","og_image":[{"width":2560,"height":1444,"url":"https:\/\/www.drivelife.it\/news\/wp-content\/uploads\/2017\/06\/SOUS-EMBARGO_12JUIN2017_15H00_CL-17.055.038.jpg","type":"image\/jpeg"}],"author":"Redazione","twitter_card":"summary_large_image","twitter_creator":"@tweetdrivelife","twitter_site":"@tweetdrivelife","twitter_misc":{"Written by":"Redazione","Est. reading time":"1 minute"},"schema":{"@context":"https:\/\/schema.org","@graph":[{"@type":"Article","@id":"https:\/\/www.drivelife.it\/news\/2017\/06\/16\/suv-c3-aircross-abitacolo\/#article","isPartOf":{"@id":"https:\/\/www.drivelife.it\/news\/2017\/06\/16\/suv-c3-aircross-abitacolo\/"},"author":{"name":"Redazione","@id":"https:\/\/www.drivelife.it\/news\/#\/schema\/person\/b6c194c3423ff451be4914f5fd9c2188"},"headline":"SUV C3 AIRCROSS Abitacolo","datePublished":"2017-06-16T11:18:23+00:00","mainEntityOfPage":{"@id":"https:\/\/www.drivelife.it\/news\/2017\/06\/16\/suv-c3-aircross-abitacolo\/"},"wordCount":278,"commentCount":0,"image":{"@id":"https:\/\/www.drivelife.it\/news\/2017\/06\/16\/suv-c3-aircross-abitacolo\/#primaryimage"},"thumbnailUrl":"https:\/\/www.drivelife.it\/news\/wp-content\/uploads\/2017\/06\/SOUS-EMBARGO_12JUIN2017_15H00_CL-17.055.038.jpg","keywords":["CITRO\u00cbN C3 AIRCROSS","endlesspossibilities","nuovo compact SUV Citroen C3 Aircross"],"articleSection":["AUTOMOTIVE","CITROEN","NEWS","PUNTATA DRIVELIFE","PUNTATE DRIVELIFE TV 2017","VIDEO"],"inLanguage":"en-US","potentialAction":[{"@type":"CommentAction","name":"Comment","target":["https:\/\/www.drivelife.it\/news\/2017\/06\/16\/suv-c3-aircross-abitacolo\/#respond"]}]},{"@type":"WebPage","@id":"https:\/\/www.drivelife.it\/news\/2017\/06\/16\/suv-c3-aircross-abitacolo\/","url":"https:\/\/www.drivelife.it\/news\/2017\/06\/16\/suv-c3-aircross-abitacolo\/","name":"SUV C3 AIRCROSS Abitacolo - #lucalife","isPartOf":{"@id":"https:\/\/www.drivelife.it\/news\/#website"},"primaryImageOfPage":{"@id":"https:\/\/www.drivelife.it\/news\/2017\/06\/16\/suv-c3-aircross-abitacolo\/#primaryimage"},"image":{"@id":"https:\/\/www.drivelife.it\/news\/2017\/06\/16\/suv-c3-aircross-abitacolo\/#primaryimage"},"thumbnailUrl":"https:\/\/www.drivelife.it\/news\/wp-content\/uploads\/2017\/06\/SOUS-EMBARGO_12JUIN2017_15H00_CL-17.055.038.jpg","datePublished":"2017-06-16T11:18:23+00:00","author":{"@id":"https:\/\/www.drivelife.it\/news\/#\/schema\/person\/b6c194c3423ff451be4914f5fd9c2188"},"description":"IN TV IL 17 GIUGNO - SUV C3 AIRCROSS Abitacolo","breadcrumb":{"@id":"https:\/\/www.drivelife.it\/news\/2017\/06\/16\/suv-c3-aircross-abitacolo\/#breadcrumb"},"inLanguage":"en-US","potentialAction":[{"@type":"ReadAction","target":["https:\/\/www.drivelife.it\/news\/2017\/06\/16\/suv-c3-aircross-abitacolo\/"]}]},{"@type":"ImageObject","inLanguage":"en-US","@id":"https:\/\/www.drivelife.it\/news\/2017\/06\/16\/suv-c3-aircross-abitacolo\/#primaryimage","url":"https:\/\/www.drivelife.it\/news\/wp-content\/uploads\/2017\/06\/SOUS-EMBARGO_12JUIN2017_15H00_CL-17.055.038.jpg","contentUrl":"https:\/\/www.drivelife.it\/news\/wp-content\/uploads\/2017\/06\/SOUS-EMBARGO_12JUIN2017_15H00_CL-17.055.038.jpg","width":2560,"height":1444},{"@type":"BreadcrumbList","@id":"https:\/\/www.drivelife.it\/news\/2017\/06\/16\/suv-c3-aircross-abitacolo\/#breadcrumb","itemListElement":[{"@type":"ListItem","position":1,"name":"Home","item":"https:\/\/www.drivelife.it\/news\/"},{"@type":"ListItem","position":2,"name":"SUV C3 AIRCROSS Abitacolo"}]},{"@type":"WebSite","@id":"https:\/\/www.drivelife.it\/news\/#website","url":"https:\/\/www.drivelife.it\/news\/","name":"#lucalife","description":"DRIVELIFE le mie automobili","potentialAction":[{"@type":"SearchAction","target":{"@type":"EntryPoint","urlTemplate":"https:\/\/www.drivelife.it\/news\/?s={search_term_string}"},"query-input":{"@type":"PropertyValueSpecification","valueRequired":true,"valueName":"search_term_string"}}],"inLanguage":"en-US"},{"@type":"Person","@id":"https:\/\/www.drivelife.it\/news\/#\/schema\/person\/b6c194c3423ff451be4914f5fd9c2188","name":"Redazione","image":{"@type":"ImageObject","inLanguage":"en-US","@id":"https:\/\/secure.gravatar.com\/avatar\/8d186f6b07ba8a94441344759f0e13bf1909b6ceaa171df0425551b4590fd558?s=96&d=mm&r=g","url":"https:\/\/secure.gravatar.com\/avatar\/8d186f6b07ba8a94441344759f0e13bf1909b6ceaa171df0425551b4590fd558?s=96&d=mm&r=g","contentUrl":"https:\/\/secure.gravatar.com\/avatar\/8d186f6b07ba8a94441344759f0e13bf1909b6ceaa171df0425551b4590fd558?s=96&d=mm&r=g","caption":"Redazione"},"url":"https:\/\/www.drivelife.it\/news\/author\/admin\/"}]}},"amp_enabled":true,"_links":{"self":[{"href":"https:\/\/www.drivelife.it\/news\/wp-json\/wp\/v2\/posts\/16809","targetHints":{"allow":["GET"]}}],"collection":[{"href":"https:\/\/www.drivelife.it\/news\/wp-json\/wp\/v2\/posts"}],"about":[{"href":"https:\/\/www.drivelife.it\/news\/wp-json\/wp\/v2\/types\/post"}],"author":[{"embeddable":true,"href":"https:\/\/www.drivelife.it\/news\/wp-json\/wp\/v2\/users\/1"}],"replies":[{"embeddable":true,"href":"https:\/\/www.drivelife.it\/news\/wp-json\/wp\/v2\/comments?post=16809"}],"version-history":[{"count":1,"href":"https:\/\/www.drivelife.it\/news\/wp-json\/wp\/v2\/posts\/16809\/revisions"}],"predecessor-version":[{"id":16810,"href":"https:\/\/www.drivelife.it\/news\/wp-json\/wp\/v2\/posts\/16809\/revisions\/16810"}],"wp:featuredmedia":[{"embeddable":true,"href":"https:\/\/www.drivelife.it\/news\/wp-json\/wp\/v2\/media\/16744"}],"wp:attachment":[{"href":"https:\/\/www.drivelife.it\/news\/wp-json\/wp\/v2\/media?parent=16809"}],"wp:term":[{"taxonomy":"category","embeddable":true,"href":"https:\/\/www.drivelife.it\/news\/wp-json\/wp\/v2\/categories?post=16809"},{"taxonomy":"post_tag","embeddable":true,"href":"https:\/\/www.drivelife.it\/news\/wp-json\/wp\/v2\/tags?post=16809"}],"curies":[{"name":"wp","href":"https:\/\/api.w.org\/{rel}","templated":true}]}}