{"id":16054,"date":"2017-05-07T08:54:07","date_gmt":"2017-05-07T08:54:07","guid":{"rendered":"http:\/\/www.drivelife.it\/news\/?p=16054"},"modified":"2017-05-07T08:55:29","modified_gmt":"2017-05-07T08:55:29","slug":"bmw-serie-2-m-240i-coupe","status":"publish","type":"post","link":"https:\/\/www.drivelife.it\/news\/2017\/05\/07\/bmw-serie-2-m-240i-coupe\/","title":{"rendered":"BMW SERIE 2 M 240i Coup\u00e9"},"content":{"rendered":"<h1>&#8211; 01\u201932\u201d &#8211; In TV il 6\/5 &#8211;<br \/>\nBMW SERIE 2 M 240i Coup\u00e9<\/h1>\n<p>&nbsp;<br \/>\nhttps:\/\/vimeo.com\/216152893<br \/>\n&nbsp;<br \/>\n<strong><\/p>\n<h1>QUEL NUMERO NON INGANNI<\/h1>\n<p><\/strong><br \/>\n&nbsp;<\/p>\n<h2><em><strong>INDISCUTIBILI PRESTAZIONI E DINAMICA DI MARCIA MA SOTTO IL COFANO NON GIRA UN OTTO CILINDRI DI QUATTRO LITRI BENS\u00cc IL TRE LITRI TWINPOWER TURBO M PERFORMANCE<\/h2>\n<p><\/em><\/strong><br \/>\n&nbsp;<br \/>\n<div id=\"attachment_16055\" style=\"width: 730px\" class=\"wp-caption alignnone\"><img loading=\"lazy\" decoding=\"async\" aria-describedby=\"caption-attachment-16055\" src=\"http:\/\/www.drivelife.it\/news\/wp-content\/uploads\/2017\/05\/RUNNER-2-1000x667.jpg\" alt=\"BMW SERIE 2 (Modello 2014) \u00a9 lucaromanopix\" width=\"720\" height=\"480\" class=\"size-large wp-image-16055\" srcset=\"https:\/\/www.drivelife.it\/news\/wp-content\/uploads\/2017\/05\/RUNNER-2-1000x667.jpg 1000w, https:\/\/www.drivelife.it\/news\/wp-content\/uploads\/2017\/05\/RUNNER-2-620x414.jpg 620w, https:\/\/www.drivelife.it\/news\/wp-content\/uploads\/2017\/05\/RUNNER-2-768x512.jpg 768w, https:\/\/www.drivelife.it\/news\/wp-content\/uploads\/2017\/05\/RUNNER-2-300x200.jpg 300w\" sizes=\"auto, (max-width: 720px) 100vw, 720px\" \/><p id=\"caption-attachment-16055\" class=\"wp-caption-text\">BMW SERIE 2 (Modello 2014) \u00a9 lucaromanopix<\/p><\/div><br \/>\n&nbsp;<\/p>\n<blockquote>\n<h1>SOPRA DI LEI, LINE-UP COME DICONO OGGI I VERI ADDETTI AI LAVORI, PER QUESTA SERIE COSTRUTTIVA, LA \u201c2\u201d, C\u2019\u00c8 SOLO LA M2, UN\u2019ALTRA COSA. LA 240i, PER\u00d2, QUELLA \u201cM\u201d LA MERITA TUTTA<\/h1>\n<\/blockquote>\n<p>&nbsp;<br \/>\nL\u2019upgrade da Uno a Due, ovvero il cambio di nome della serie introduttiva di BMW \u00e8 stato un passaggio dettato da nuove regole di mercato che hanno stabilito nuove dimensioni delle vetture e maggior &#8211; conseguente &#8211; confort per l\u2019abitacolo.<br \/>\nAdeguamenti di potenza e prestazioni in derivazione delle nuove misure che in definitiva sono state dettate pi\u00f9 che dai mercati europei da quelli emergenti. Dove lo status, ancora, si conta in centimetri, secondi e chilometri l\u2019ora. Tralasciando M1 ed M2, quest\u2019ultima sembra non faccia rimpiangere M3, M4, M5 ed M6, che nel tempo si sono posizionate ai vertici delle categorie di Serie 1 e Serie 2, oggi BMW rilancia una compatta prestazionale che, s\u00ec non \u00e8 la M2, ma che della lettera pi\u00f9 sportiva dell\u2019alfabeto comunque si fregia. E\u2019 la BMW M 240i. Non tragga in inganno quel 40, identificativo, ieri, dei motori otto cilindri quattro litri. Oggi \u00e8 sulla coda della Serie 2 M per indicare il modello di vertice tra le normali. In buona sostanza la M 240i sostituisce la 235i. E &#8211; dunque &#8211; sotto il cofano s\u2019alloggia un sei cilindri in linea, tecnica BMW TwinPower Turbo M Performance, di tre litri con la potenza di una M3 di qualche tempo fa, del secolo scorso, diciamo, ossia 340 CV ed una coppia di 500 NewtonMetri. Consumo fino a 6 litri per cento chilometri ma accelerazione a 100 in meno di cinque secondi. 4,4 con il cambio sportivo ad otto rapporti, lo Steptronic. Velocit\u00e0 massima a 250. Dunque, la M \u00e8 pi\u00f9 che ben portata e si sposa con un allestimento di stile di pari lignaggio. Cerchi in lega specifici, 18 pollici a doppio raggio, e con pneumatico 245\/35 al retrotreno, ampie prese d\u2019aria e dettagli aerodinamici di contrasto con il colore della carrozzeria. Una M senza rimpianti sin dall\u2019accensione del motore. \u2028Con trasmissione xDrive a partire da 54mila euro.<br \/>\n&nbsp;<\/p>\n<h1><strong>di drivelife &#8211; \u2028BMW SERIE 2 M 240i &#8211; \u202801\u201932\u201d \/ START @ 10\u201900\u201d &#8211; IN TV CON DRIVELIFE DEL 6 MAGGIO 2017<\/strong><em><strong>(da drivelife per TV del 6 MAGGIO 2017)<strong><\/em><\/h1>\n<p>&nbsp;<br \/>\n&nbsp;<br \/>\n<a data-flip-widget=\"flipit\" href=\"https:\/\/flipboard.com\">Add to Flipboard Magazine.<\/a><script src=\"https:\/\/cdn.flipboard.com\/web\/buttons\/js\/flbuttons.min.js\" type=\"text\/javascript\"><\/script><br \/>\n&nbsp;<\/p>\n<h2>GALLERIA FOTOGRAFICA<br \/>\nBMW SERIE 2 M 240i Coup\u00e9<\/h2>\n<p>&nbsp;<br \/>\n<div id=\"attachment_16057\" style=\"width: 730px\" class=\"wp-caption alignnone\"><img loading=\"lazy\" decoding=\"async\" aria-describedby=\"caption-attachment-16057\" src=\"http:\/\/www.drivelife.it\/news\/wp-content\/uploads\/2017\/05\/RUNNER-1000x667.jpg\" alt=\"BMW SERIE 2 (Modello 2014) \u00a9 lucaromanopix\" width=\"720\" height=\"480\" class=\"size-large wp-image-16057\" srcset=\"https:\/\/www.drivelife.it\/news\/wp-content\/uploads\/2017\/05\/RUNNER-1000x667.jpg 1000w, https:\/\/www.drivelife.it\/news\/wp-content\/uploads\/2017\/05\/RUNNER-620x414.jpg 620w, https:\/\/www.drivelife.it\/news\/wp-content\/uploads\/2017\/05\/RUNNER-768x512.jpg 768w, https:\/\/www.drivelife.it\/news\/wp-content\/uploads\/2017\/05\/RUNNER-300x200.jpg 300w\" sizes=\"auto, (max-width: 720px) 100vw, 720px\" \/><p id=\"caption-attachment-16057\" class=\"wp-caption-text\">BMW SERIE 2 (Modello 2014) \u00a9 lucaromanopix<\/p><\/div><br \/>\n&nbsp;<br \/>\n\u201cTWITTA\u201d SU BMW SERIE 2 M 240i Coup\u00e9 ALLA TUA RETE<br \/>\n&nbsp;<br \/>\n<strong>Twitter \/ timeline lucaatmrlukkor<\/strong><br \/>\n&nbsp;<br \/>\n<a class=\"twitter-timeline\" href=\"https:\/\/twitter.com\/lucaatmrlukkor\" data-widget-id=\"557957842121289728\">Tweet di @lucaatmrlukkor<\/a> <script>!function(d,s,id){var js,fjs=d.getElementsByTagName(s)[0],p=\/^http:\/.test(d.location)?'http':'https';if(!d.getElementById(id)){js=d.createElement(s);js.id=id;js.src=p+\":\/\/platform.twitter.com\/widgets.js\";fjs.parentNode.insertBefore(js,fjs);}}(document,\"script\",\"twitter-wjs\");<\/script><br \/>\n&nbsp;<\/p>\n<h1><strong>GUARDA IN TV SU DRIVELIFE<\/strong><\/h1>\n<p>&nbsp;<\/p>\n<h1>\n&nbsp;<\/p>\n<h1>6 MAGGIO,<br \/>\nDRIVELIFE,<br \/>\nTRAILER PUNTATA IN TV<\/h1>\n<p><strong><\/p>\n<h2>LA MAISON CITROEN, PARIGI<\/h2>\n<p><\/strong><br \/>\nhttps:\/\/vimeo.com\/215533178<br \/>\n&nbsp;<br \/>\n<strong><\/p>\n<h2>RANGE ROVER VELAR, PARIGI<\/h2>\n<p><\/strong><br \/>\nhttps:\/\/vimeo.com\/215533030<br \/>\n&nbsp;<\/p>\n<h1>PEUGEOT 3008<br \/>\nFILM WINTER<\/h1>\n<p>https:\/\/vimeo.com\/201798446<br \/>\n&nbsp;<\/p>\n<h1><strong>IN TV &#8211; RUBRICA TV AUTOMOTIVE DI 12\u201900\u201d &#8211;<br \/>\nSOMMARIO, TIMING &#038; START<\/strong><\/h1>\n<p>&nbsp;<\/p>\n<h1>SOMMARIO,<br \/>\nTIMING SERVIZI<br \/>\nBMW SERIE 5 M 550i XDrive, 01&#8217;59&#8221; &#8211; SKODA KAROQ, 00&#8217;50&#8221; &#8211; RANGE ROVER VELAR, REVEAL PARIGI, 00&#8217;56&#8221; &#8211; CITROEN, LA MAISON CITROEN, 00&#8217;24&#8221; &#8211; DS AUTOMOBILES, DS3 PERFORMANCE LINE, 01&#8217;28&#8221; &#8211; CITROEN C4 CACTUS, AVVENTURA GIALLA 2017, 02&#8217;45&#8221; &#8211; BMW SERIE 2, M 240i, 01&#8217;32&#8221;<br \/>\n&#8211; <\/h1>\n<p>&nbsp;<\/p>\n<h2>START @ &#8211;<br \/>\nSOMMARIO,<br \/>\nSTART SERVIZI<br \/>\nBMW SERIE 5 M 550i XDrive, 00&#8217;48&#8221; &#8211; SKODA KAROQ, 02&#8217;55&#8221; &#8211; RANGE ROVER VELAR, REVEAL PARIGI, 03&#8217;53&#8221; &#8211; CITROEN, LA MAISON CITROEN, 04&#8217;59&#8221; &#8211; DS AUTOMOBILES, DS3 PERFORMANCE LINE, 05&#8217;31&#8221; &#8211; CITROEN C4 CACTUS, AVVENTURA GIALLA 2017, 07&#8217;09&#8221; &#8211; BMW SERIE 2, M 240i, 10&#8217;00&#8221;<br \/>\n&#8211; <\/h2>\n<p>&nbsp;<\/p>\n<h1>CITROEN C4 CACTUS RIP CURL<br \/>\nFILM VENTO<\/h1>\n<p>https:\/\/vimeo.com\/180315431<br \/>\n&nbsp;<br \/>\n**PAGINA DRIVELIFE CLIP**<\/p>\n<blockquote class=\"wp-embedded-content\" data-secret=\"2rMeOhZfvX\"><p><a href=\"https:\/\/www.drivelife.it\/clip\/2017\/05\/01\/drivelife-2017-puntata-del-6-maggio\/\">DRIVELIFE 2017, PUNTATA DEL 6 MAGGIO<\/a><\/p><\/blockquote>\n<p><iframe loading=\"lazy\" class=\"wp-embedded-content\" sandbox=\"allow-scripts\" security=\"restricted\" style=\"position: absolute; visibility: hidden;\" title=\"&#8220;DRIVELIFE 2017, PUNTATA DEL 6 MAGGIO&#8221; &#8212; DRIVELIFE\" src=\"https:\/\/www.drivelife.it\/clip\/2017\/05\/01\/drivelife-2017-puntata-del-6-maggio\/embed\/#?secret=u4dDYnAP7L#?secret=2rMeOhZfvX\" data-secret=\"2rMeOhZfvX\" width=\"500\" height=\"282\" frameborder=\"0\" marginwidth=\"0\" marginheight=\"0\" scrolling=\"no\"><\/iframe><br \/>\n**PAGINA DRIVELIFE CLIP SETTIMANA**<br \/>\nhttp:\/\/www.drivelife.it\/drivelifeintv\/2017\/05\/01\/drivelife-2017-puntata-del-6-maggio\/<br \/>\n&nbsp;<\/p>\n<blockquote>\n<h1>L\u2019AUTO IN TV: **Militem, AmericanTailorMade** \u00a9lucaromanopix<\/h1>\n<\/blockquote>\n<p>&nbsp;<\/p>\n<h3>NB: qui, come per tutti gli articoli che drivelife pubblica on line, non \u00e8 un obbligo la corrispondenza tra il pubblicato della pagina e quanto messo in onda con la rubrica televisiva diffusa in tutta Italia.<\/h3>\n<p>&nbsp;<\/p>\n<h1>LA PUNTATA DI DRIVELIFE<br \/>\nSU VIMEO<\/h1>\n<p>&nbsp;<br \/>\n\u201cX_LE_TV\u201d &#8211; Online il 5 MAGGIO entro 23:59<\/p>\n<h1>06\/05_x_LE_TV mp4, 1,10 GB<\/h1>\n<p>https:\/\/vimeo.com\/216152893<br \/>\n&nbsp;<br \/>\n&nbsp;<\/p>\n<h1>06\/05_x_LE_TV mpg, 0,55 GB<\/h1>\n<p>https:\/\/vimeo.com\/216151956<\/p>\n<p>&nbsp;<br \/>\nPics \u00a9lucaromanopix<\/p>\n<p><a href=\"http:\/\/vimeo.com\/drivelife\"><img decoding=\"async\" src=\"http:\/\/a.vimeocdn.com\/images_v6\/blogbadge_channels.png\" alt=\"Vimeo\" \/><\/a><\/p>\n<blockquote>\n<h1><strong>In TV con drivelife del 6 MAGGIO<\/strong><\/h1>\n<\/blockquote>\n<p><a href=\"https:\/\/flipboard.com\/@mrlukkor\/drivelife-q5flocp8y\" data-flip-widget=\"mag\">View my Flipboard Magazine.<\/a><\/p>\n<h2>Guarda di pi\u00f9 con drivelife<\/h2>\n<p style=\"color: #021eaa;\"><a href=\"http:\/\/car.18x24.it\">car.18&#215;24.it<\/a><\/p>\n<p style=\"color: #021eaa;\"><a href=\"http:\/\/www.drivelife.it\">www.drivelife.it<\/a><\/p>\n<p style=\"color: #021eaa;\"><a href=\"http:\/\/www.drivelife.it\/clip\/\">www.drivelife.it\/clip\/<\/a><\/p>\n<p style=\"color: #021eaa;\"><a href=\"http:\/\/www.drivelife.it\/dlnew\/\">www.drivelife.it\/dlnew\/<\/a><\/p>\n<p style=\"color: #021eaa;\"><a href=\"http:\/\/www.drivelife.it\/moto\/\">www.drivelife.it\/moto\/<\/a><\/p>\n<p style=\"color: #021eaa;\"><a href=\"http:\/\/www.drivelife.it\/car\/\">www.drivelife.it\/car\/<\/a><\/p>\n<p style=\"color: #021eaa;\"><a href=\"http:\/\/www.drivelife.it\/drivelifeintv\/\">www.drivelife.it\/drivelifeintv\/<\/a><\/p>\n<p style=\"color: #021eaa;\"><a href=\"http:\/\/www.drivelife.it\/pics\/\">www.drivelife.it\/pics\/<\/a><\/p>\n<p style=\"color: #021eaa;\"><a href=\"http:\/\/www.drivelife.it\/dresscode\/\">www.drivelife.it\/dresscode\/<\/a><\/p>\n<p style=\"color: #021eaa;\"><a href=\"https:\/\/twitter.com\/tweetdrivelife\">twitter.com\/tweetdrivelife<\/a><\/p>\n<p style=\"color: #021eaa;\"><a href=\"https:\/\/flipboard.com\/@mrlukkor\/drivelife-q5flocp8y\">flipboard.com\/@mrlukkor\/drivelife<\/a><\/p>\n<p>&nbsp;<br \/>\nCredit clip&#038;pic, quando pubblicato<br \/>\nTutte le fotografie e le clip \u00a9lucaromanopix<br \/>\n<strong>Vietata la riproduzione e la diffusione su e con qualsiasi mezzo e\/o social network senza il consenso scritto dell&#8217;autore. Le fotografie sono file con firma digitale. Le fotografie sono protette secondo le norme vigenti in Italia del diritto d\u2019autore. <\/strong><br \/>\n&nbsp;<\/p>\n<h2>\n<blockquote><p>Once Ansel Adams said:<br \/>\n &nbsp;<br \/>\n\u201cThe single most important component of a camera is the twelve inches behind it\u201d.<\/p><\/blockquote>\n<\/h2>\n<p>&nbsp;<br \/>\n<strong>INSTAGRAM \/ lucaromano_pix<\/strong><br \/>\n&nbsp;<\/p>\n<style>.ig-b- { display: inline-block; }\n.ig-b- img { visibility: hidden; }\n.ig-b-:hover { background-position: 0 -60px; } .ig-b-:active { background-position: 0 -120px; }\n.ig-b-v-24 { width: 137px; height: 24px; background: url(\/\/badges.instagram.com\/static\/images\/ig-badge-view-sprite-24.png) no-repeat 0 0; }\n@media only screen and (-webkit-min-device-pixel-ratio: 2), only screen and (min--moz-device-pixel-ratio: 2), only screen and (-o-min-device-pixel-ratio: 2 \/ 1), only screen and (min-device-pixel-ratio: 2), only screen and (min-resolution: 192dpi), only screen and (min-resolution: 2dppx) {\n.ig-b-v-24 { background-image: url(\/\/badges.instagram.com\/static\/images\/ig-badge-view-sprite-24@2x.png); background-size: 160px 178px; } }<\/style>\n<p><a href=\"http:\/\/instagram.com\/lucaromano_pix?ref=badge\" class=\"ig-b- ig-b-v-24\"><img decoding=\"async\" src=\"\/\/badges.instagram.com\/static\/images\/ig-badge-view-24.png\" alt=\"Instagram\" \/><\/a><br \/>\n&nbsp;<\/p>\n<h1>SCOPRI D+<br \/>\n<a href=\"http:\/\/www.militem.it\/\">http:\/\/www.militem.it\/<\/a><br \/>\n<\/h1>\n<p>&nbsp;<\/p>\n","protected":false},"excerpt":{"rendered":"<p>IN TV IL 6 MAGGIO &#8211; BMW SERIE 2 M 240i &#8211; INDISCUTIBILI PRESTAZIONI E DINAMICA DI MARCIA MA SOTTO IL COFANO NON GIRA UN OTTO CILINDRI DI QUATTRO LITRI BENS\u00cc IL TRE LITRI TWINPOWER TURBO M PERFORMANCE &#8211; SOPRA DI LEI, LINE-UP COME DICONO OGGI I VERI ADDETTI AI LAVORI, PER QUESTA SERIE COSTRUTTIVA, LA \u201c2\u201d, C\u2019\u00c8 SOLO LA M2, UN\u2019ALTRA COSA. LA 240i, PER\u00d2, QUELLA \u201cM\u201d LA MERITA TUTTA<\/p>\n","protected":false},"author":1,"featured_media":16055,"comment_status":"open","ping_status":"open","sticky":false,"template":"","format":"video","meta":{"ngg_post_thumbnail":0,"footnotes":""},"categories":[39,45,1,71,999,53],"tags":[1159,1158,1183,1174,912,1177,1178,1181,37,1180,538,1157,23,1179,1182,1184,940,1175,1176],"class_list":["post-16054","post","type-post","status-publish","format-video","has-post-thumbnail","hentry","category-automotive","category-bmw","category-photo-book-mrlukkor","category-puntata-drivelife","category-999","category-video","tag-american-tailor-made","tag-americantailormade","tag-bmw-m-240i","tag-bmw-m-550i-xdrive-m-performance","tag-caffehinaluke","tag-citroen-la-maison","tag-concessionaria","tag-crociera-gialla","tag-drivelife","tag-ds3-performance-line","tag-lucaromanopix","tag-militem","tag-mrlukkor","tag-parigi","tag-pechino","tag-puntata-6-maggio","tag-range-rover","tag-skoda-karoq","tag-velar","post_format-post-format-video"],"yoast_head":"<!-- This site is optimized with the Yoast SEO plugin v27.5 - https:\/\/yoast.com\/product\/yoast-seo-wordpress\/ -->\n<title>BMW SERIE 2 M 240i Coup\u00e9 - #lucalife<\/title>\n<meta name=\"description\" content=\"IN TV IL 6 MAGGIO - BMW SERIE 2 M 240i - INDISCUTIBILI PRESTAZIONI E DINAMICA DI MARCIA MA SOTTO IL COFANO NON GIRA UN OTTO CILINDRI DI QUATTRO LITRI BENS\u00cc IL TRE LITRI TWINPOWER TURBO M PERFORMANCE - SOPRA DI LEI, LINE-UP COME DICONO OGGI I VERI ADDETTI AI LAVORI, PER QUESTA SERIE COSTRUTTIVA, LA \u201c2\u201d, C\u2019\u00c8 SOLO LA M2, UN\u2019ALTRA COSA. LA 240i, PER\u00d2, QUELLA \u201cM\u201d LA MERITA TUTTA\" \/>\n<meta name=\"robots\" content=\"index, follow, max-snippet:-1, max-image-preview:large, max-video-preview:-1\" \/>\n<link rel=\"canonical\" href=\"https:\/\/www.drivelife.it\/news\/2017\/05\/07\/bmw-serie-2-m-240i-coupe\/\" \/>\n<meta property=\"og:locale\" content=\"en_US\" \/>\n<meta property=\"og:type\" content=\"article\" \/>\n<meta property=\"og:title\" content=\"BMW SERIE 2 M 240i Coup\u00e9 - #lucalife\" \/>\n<meta property=\"og:description\" content=\"IN TV IL 6 MAGGIO - BMW SERIE 2 M 240i - INDISCUTIBILI PRESTAZIONI E DINAMICA DI MARCIA MA SOTTO IL COFANO NON GIRA UN OTTO CILINDRI DI QUATTRO LITRI BENS\u00cc IL TRE LITRI TWINPOWER TURBO M PERFORMANCE - SOPRA DI LEI, LINE-UP COME DICONO OGGI I VERI ADDETTI AI LAVORI, PER QUESTA SERIE COSTRUTTIVA, LA \u201c2\u201d, C\u2019\u00c8 SOLO LA M2, UN\u2019ALTRA COSA. LA 240i, PER\u00d2, QUELLA \u201cM\u201d LA MERITA TUTTA\" \/>\n<meta property=\"og:url\" content=\"https:\/\/www.drivelife.it\/news\/2017\/05\/07\/bmw-serie-2-m-240i-coupe\/\" \/>\n<meta property=\"og:site_name\" content=\"#lucalife\" \/>\n<meta property=\"article:publisher\" content=\"https:\/\/www.facebook.com\/pages\/Drivelife\/467833073239720\" \/>\n<meta property=\"article:published_time\" content=\"2017-05-07T08:54:07+00:00\" \/>\n<meta property=\"article:modified_time\" content=\"2017-05-07T08:55:29+00:00\" \/>\n<meta property=\"og:image\" content=\"https:\/\/www.drivelife.it\/news\/wp-content\/uploads\/2017\/05\/RUNNER-2.jpg\" \/>\n\t<meta property=\"og:image:width\" content=\"2560\" \/>\n\t<meta property=\"og:image:height\" content=\"1708\" \/>\n\t<meta property=\"og:image:type\" content=\"image\/jpeg\" \/>\n<meta name=\"author\" content=\"Redazione\" \/>\n<meta name=\"twitter:card\" content=\"summary_large_image\" \/>\n<meta name=\"twitter:creator\" content=\"@tweetdrivelife\" \/>\n<meta name=\"twitter:site\" content=\"@tweetdrivelife\" \/>\n<meta name=\"twitter:label1\" content=\"Written by\" \/>\n\t<meta name=\"twitter:data1\" content=\"Redazione\" \/>\n\t<meta name=\"twitter:label2\" content=\"Est. reading time\" \/>\n\t<meta name=\"twitter:data2\" content=\"4 minutes\" \/>\n<script type=\"application\/ld+json\" class=\"yoast-schema-graph\">{\"@context\":\"https:\\\/\\\/schema.org\",\"@graph\":[{\"@type\":\"Article\",\"@id\":\"https:\\\/\\\/www.drivelife.it\\\/news\\\/2017\\\/05\\\/07\\\/bmw-serie-2-m-240i-coupe\\\/#article\",\"isPartOf\":{\"@id\":\"https:\\\/\\\/www.drivelife.it\\\/news\\\/2017\\\/05\\\/07\\\/bmw-serie-2-m-240i-coupe\\\/\"},\"author\":{\"name\":\"Redazione\",\"@id\":\"https:\\\/\\\/www.drivelife.it\\\/news\\\/#\\\/schema\\\/person\\\/b6c194c3423ff451be4914f5fd9c2188\"},\"headline\":\"BMW SERIE 2 M 240i Coup\u00e9\",\"datePublished\":\"2017-05-07T08:54:07+00:00\",\"dateModified\":\"2017-05-07T08:55:29+00:00\",\"mainEntityOfPage\":{\"@id\":\"https:\\\/\\\/www.drivelife.it\\\/news\\\/2017\\\/05\\\/07\\\/bmw-serie-2-m-240i-coupe\\\/\"},\"wordCount\":862,\"commentCount\":0,\"image\":{\"@id\":\"https:\\\/\\\/www.drivelife.it\\\/news\\\/2017\\\/05\\\/07\\\/bmw-serie-2-m-240i-coupe\\\/#primaryimage\"},\"thumbnailUrl\":\"https:\\\/\\\/www.drivelife.it\\\/news\\\/wp-content\\\/uploads\\\/2017\\\/05\\\/RUNNER-2.jpg\",\"keywords\":[\"american tailor made\",\"americantailormade\",\"bmw m 240i\",\"bmw m 550i xdrive m performance\",\"caffehinaluke\",\"citroen la maison\",\"concessionaria\",\"crociera gialla\",\"DRIVELIFE\",\"ds3 performance line\",\"lucaromanopix\",\"militem\",\"MRLUKKOR\",\"parigi\",\"pechino\",\"puntata 6 MAGGIO\",\"range rover\",\"skoda karoq\",\"velar\"],\"articleSection\":[\"AUTOMOTIVE\",\"BMW\",\"PORTFOLIO luca romano\",\"PUNTATA DRIVELIFE\",\"PUNTATE DRIVELIFE TV 2017\",\"VIDEO\"],\"inLanguage\":\"en-US\",\"potentialAction\":[{\"@type\":\"CommentAction\",\"name\":\"Comment\",\"target\":[\"https:\\\/\\\/www.drivelife.it\\\/news\\\/2017\\\/05\\\/07\\\/bmw-serie-2-m-240i-coupe\\\/#respond\"]}]},{\"@type\":\"WebPage\",\"@id\":\"https:\\\/\\\/www.drivelife.it\\\/news\\\/2017\\\/05\\\/07\\\/bmw-serie-2-m-240i-coupe\\\/\",\"url\":\"https:\\\/\\\/www.drivelife.it\\\/news\\\/2017\\\/05\\\/07\\\/bmw-serie-2-m-240i-coupe\\\/\",\"name\":\"BMW SERIE 2 M 240i Coup\u00e9 - #lucalife\",\"isPartOf\":{\"@id\":\"https:\\\/\\\/www.drivelife.it\\\/news\\\/#website\"},\"primaryImageOfPage\":{\"@id\":\"https:\\\/\\\/www.drivelife.it\\\/news\\\/2017\\\/05\\\/07\\\/bmw-serie-2-m-240i-coupe\\\/#primaryimage\"},\"image\":{\"@id\":\"https:\\\/\\\/www.drivelife.it\\\/news\\\/2017\\\/05\\\/07\\\/bmw-serie-2-m-240i-coupe\\\/#primaryimage\"},\"thumbnailUrl\":\"https:\\\/\\\/www.drivelife.it\\\/news\\\/wp-content\\\/uploads\\\/2017\\\/05\\\/RUNNER-2.jpg\",\"datePublished\":\"2017-05-07T08:54:07+00:00\",\"dateModified\":\"2017-05-07T08:55:29+00:00\",\"author\":{\"@id\":\"https:\\\/\\\/www.drivelife.it\\\/news\\\/#\\\/schema\\\/person\\\/b6c194c3423ff451be4914f5fd9c2188\"},\"description\":\"IN TV IL 6 MAGGIO - BMW SERIE 2 M 240i - INDISCUTIBILI PRESTAZIONI E DINAMICA DI MARCIA MA SOTTO IL COFANO NON GIRA UN OTTO CILINDRI DI QUATTRO LITRI BENS\u00cc IL TRE LITRI TWINPOWER TURBO M PERFORMANCE - SOPRA DI LEI, LINE-UP COME DICONO OGGI I VERI ADDETTI AI LAVORI, PER QUESTA SERIE COSTRUTTIVA, LA \u201c2\u201d, C\u2019\u00c8 SOLO LA M2, UN\u2019ALTRA COSA. LA 240i, PER\u00d2, QUELLA \u201cM\u201d LA MERITA TUTTA\",\"breadcrumb\":{\"@id\":\"https:\\\/\\\/www.drivelife.it\\\/news\\\/2017\\\/05\\\/07\\\/bmw-serie-2-m-240i-coupe\\\/#breadcrumb\"},\"inLanguage\":\"en-US\",\"potentialAction\":[{\"@type\":\"ReadAction\",\"target\":[\"https:\\\/\\\/www.drivelife.it\\\/news\\\/2017\\\/05\\\/07\\\/bmw-serie-2-m-240i-coupe\\\/\"]}]},{\"@type\":\"ImageObject\",\"inLanguage\":\"en-US\",\"@id\":\"https:\\\/\\\/www.drivelife.it\\\/news\\\/2017\\\/05\\\/07\\\/bmw-serie-2-m-240i-coupe\\\/#primaryimage\",\"url\":\"https:\\\/\\\/www.drivelife.it\\\/news\\\/wp-content\\\/uploads\\\/2017\\\/05\\\/RUNNER-2.jpg\",\"contentUrl\":\"https:\\\/\\\/www.drivelife.it\\\/news\\\/wp-content\\\/uploads\\\/2017\\\/05\\\/RUNNER-2.jpg\",\"width\":2560,\"height\":1708,\"caption\":\"BMW SERIE 2 (Modello 2014) \u00a9 lucaromanopix\"},{\"@type\":\"BreadcrumbList\",\"@id\":\"https:\\\/\\\/www.drivelife.it\\\/news\\\/2017\\\/05\\\/07\\\/bmw-serie-2-m-240i-coupe\\\/#breadcrumb\",\"itemListElement\":[{\"@type\":\"ListItem\",\"position\":1,\"name\":\"Home\",\"item\":\"https:\\\/\\\/www.drivelife.it\\\/news\\\/\"},{\"@type\":\"ListItem\",\"position\":2,\"name\":\"BMW SERIE 2 M 240i Coup\u00e9\"}]},{\"@type\":\"WebSite\",\"@id\":\"https:\\\/\\\/www.drivelife.it\\\/news\\\/#website\",\"url\":\"https:\\\/\\\/www.drivelife.it\\\/news\\\/\",\"name\":\"#lucalife\",\"description\":\"DRIVELIFE le mie automobili\",\"potentialAction\":[{\"@type\":\"SearchAction\",\"target\":{\"@type\":\"EntryPoint\",\"urlTemplate\":\"https:\\\/\\\/www.drivelife.it\\\/news\\\/?s={search_term_string}\"},\"query-input\":{\"@type\":\"PropertyValueSpecification\",\"valueRequired\":true,\"valueName\":\"search_term_string\"}}],\"inLanguage\":\"en-US\"},{\"@type\":\"Person\",\"@id\":\"https:\\\/\\\/www.drivelife.it\\\/news\\\/#\\\/schema\\\/person\\\/b6c194c3423ff451be4914f5fd9c2188\",\"name\":\"Redazione\",\"image\":{\"@type\":\"ImageObject\",\"inLanguage\":\"en-US\",\"@id\":\"https:\\\/\\\/secure.gravatar.com\\\/avatar\\\/8d186f6b07ba8a94441344759f0e13bf1909b6ceaa171df0425551b4590fd558?s=96&d=mm&r=g\",\"url\":\"https:\\\/\\\/secure.gravatar.com\\\/avatar\\\/8d186f6b07ba8a94441344759f0e13bf1909b6ceaa171df0425551b4590fd558?s=96&d=mm&r=g\",\"contentUrl\":\"https:\\\/\\\/secure.gravatar.com\\\/avatar\\\/8d186f6b07ba8a94441344759f0e13bf1909b6ceaa171df0425551b4590fd558?s=96&d=mm&r=g\",\"caption\":\"Redazione\"},\"url\":\"https:\\\/\\\/www.drivelife.it\\\/news\\\/author\\\/admin\\\/\"}]}<\/script>\n<!-- \/ Yoast SEO plugin. -->","yoast_head_json":{"title":"BMW SERIE 2 M 240i Coup\u00e9 - #lucalife","description":"IN TV IL 6 MAGGIO - BMW SERIE 2 M 240i - INDISCUTIBILI PRESTAZIONI E DINAMICA DI MARCIA MA SOTTO IL COFANO NON GIRA UN OTTO CILINDRI DI QUATTRO LITRI BENS\u00cc IL TRE LITRI TWINPOWER TURBO M PERFORMANCE - SOPRA DI LEI, LINE-UP COME DICONO OGGI I VERI ADDETTI AI LAVORI, PER QUESTA SERIE COSTRUTTIVA, LA \u201c2\u201d, C\u2019\u00c8 SOLO LA M2, UN\u2019ALTRA COSA. LA 240i, PER\u00d2, QUELLA \u201cM\u201d LA MERITA TUTTA","robots":{"index":"index","follow":"follow","max-snippet":"max-snippet:-1","max-image-preview":"max-image-preview:large","max-video-preview":"max-video-preview:-1"},"canonical":"https:\/\/www.drivelife.it\/news\/2017\/05\/07\/bmw-serie-2-m-240i-coupe\/","og_locale":"en_US","og_type":"article","og_title":"BMW SERIE 2 M 240i Coup\u00e9 - #lucalife","og_description":"IN TV IL 6 MAGGIO - BMW SERIE 2 M 240i - INDISCUTIBILI PRESTAZIONI E DINAMICA DI MARCIA MA SOTTO IL COFANO NON GIRA UN OTTO CILINDRI DI QUATTRO LITRI BENS\u00cc IL TRE LITRI TWINPOWER TURBO M PERFORMANCE - SOPRA DI LEI, LINE-UP COME DICONO OGGI I VERI ADDETTI AI LAVORI, PER QUESTA SERIE COSTRUTTIVA, LA \u201c2\u201d, C\u2019\u00c8 SOLO LA M2, UN\u2019ALTRA COSA. LA 240i, PER\u00d2, QUELLA \u201cM\u201d LA MERITA TUTTA","og_url":"https:\/\/www.drivelife.it\/news\/2017\/05\/07\/bmw-serie-2-m-240i-coupe\/","og_site_name":"#lucalife","article_publisher":"https:\/\/www.facebook.com\/pages\/Drivelife\/467833073239720","article_published_time":"2017-05-07T08:54:07+00:00","article_modified_time":"2017-05-07T08:55:29+00:00","og_image":[{"width":2560,"height":1708,"url":"https:\/\/www.drivelife.it\/news\/wp-content\/uploads\/2017\/05\/RUNNER-2.jpg","type":"image\/jpeg"}],"author":"Redazione","twitter_card":"summary_large_image","twitter_creator":"@tweetdrivelife","twitter_site":"@tweetdrivelife","twitter_misc":{"Written by":"Redazione","Est. reading time":"4 minutes"},"schema":{"@context":"https:\/\/schema.org","@graph":[{"@type":"Article","@id":"https:\/\/www.drivelife.it\/news\/2017\/05\/07\/bmw-serie-2-m-240i-coupe\/#article","isPartOf":{"@id":"https:\/\/www.drivelife.it\/news\/2017\/05\/07\/bmw-serie-2-m-240i-coupe\/"},"author":{"name":"Redazione","@id":"https:\/\/www.drivelife.it\/news\/#\/schema\/person\/b6c194c3423ff451be4914f5fd9c2188"},"headline":"BMW SERIE 2 M 240i Coup\u00e9","datePublished":"2017-05-07T08:54:07+00:00","dateModified":"2017-05-07T08:55:29+00:00","mainEntityOfPage":{"@id":"https:\/\/www.drivelife.it\/news\/2017\/05\/07\/bmw-serie-2-m-240i-coupe\/"},"wordCount":862,"commentCount":0,"image":{"@id":"https:\/\/www.drivelife.it\/news\/2017\/05\/07\/bmw-serie-2-m-240i-coupe\/#primaryimage"},"thumbnailUrl":"https:\/\/www.drivelife.it\/news\/wp-content\/uploads\/2017\/05\/RUNNER-2.jpg","keywords":["american tailor made","americantailormade","bmw m 240i","bmw m 550i xdrive m performance","caffehinaluke","citroen la maison","concessionaria","crociera gialla","DRIVELIFE","ds3 performance line","lucaromanopix","militem","MRLUKKOR","parigi","pechino","puntata 6 MAGGIO","range rover","skoda karoq","velar"],"articleSection":["AUTOMOTIVE","BMW","PORTFOLIO luca romano","PUNTATA DRIVELIFE","PUNTATE DRIVELIFE TV 2017","VIDEO"],"inLanguage":"en-US","potentialAction":[{"@type":"CommentAction","name":"Comment","target":["https:\/\/www.drivelife.it\/news\/2017\/05\/07\/bmw-serie-2-m-240i-coupe\/#respond"]}]},{"@type":"WebPage","@id":"https:\/\/www.drivelife.it\/news\/2017\/05\/07\/bmw-serie-2-m-240i-coupe\/","url":"https:\/\/www.drivelife.it\/news\/2017\/05\/07\/bmw-serie-2-m-240i-coupe\/","name":"BMW SERIE 2 M 240i Coup\u00e9 - #lucalife","isPartOf":{"@id":"https:\/\/www.drivelife.it\/news\/#website"},"primaryImageOfPage":{"@id":"https:\/\/www.drivelife.it\/news\/2017\/05\/07\/bmw-serie-2-m-240i-coupe\/#primaryimage"},"image":{"@id":"https:\/\/www.drivelife.it\/news\/2017\/05\/07\/bmw-serie-2-m-240i-coupe\/#primaryimage"},"thumbnailUrl":"https:\/\/www.drivelife.it\/news\/wp-content\/uploads\/2017\/05\/RUNNER-2.jpg","datePublished":"2017-05-07T08:54:07+00:00","dateModified":"2017-05-07T08:55:29+00:00","author":{"@id":"https:\/\/www.drivelife.it\/news\/#\/schema\/person\/b6c194c3423ff451be4914f5fd9c2188"},"description":"IN TV IL 6 MAGGIO - BMW SERIE 2 M 240i - INDISCUTIBILI PRESTAZIONI E DINAMICA DI MARCIA MA SOTTO IL COFANO NON GIRA UN OTTO CILINDRI DI QUATTRO LITRI BENS\u00cc IL TRE LITRI TWINPOWER TURBO M PERFORMANCE - SOPRA DI LEI, LINE-UP COME DICONO OGGI I VERI ADDETTI AI LAVORI, PER QUESTA SERIE COSTRUTTIVA, LA \u201c2\u201d, C\u2019\u00c8 SOLO LA M2, UN\u2019ALTRA COSA. LA 240i, PER\u00d2, QUELLA \u201cM\u201d LA MERITA TUTTA","breadcrumb":{"@id":"https:\/\/www.drivelife.it\/news\/2017\/05\/07\/bmw-serie-2-m-240i-coupe\/#breadcrumb"},"inLanguage":"en-US","potentialAction":[{"@type":"ReadAction","target":["https:\/\/www.drivelife.it\/news\/2017\/05\/07\/bmw-serie-2-m-240i-coupe\/"]}]},{"@type":"ImageObject","inLanguage":"en-US","@id":"https:\/\/www.drivelife.it\/news\/2017\/05\/07\/bmw-serie-2-m-240i-coupe\/#primaryimage","url":"https:\/\/www.drivelife.it\/news\/wp-content\/uploads\/2017\/05\/RUNNER-2.jpg","contentUrl":"https:\/\/www.drivelife.it\/news\/wp-content\/uploads\/2017\/05\/RUNNER-2.jpg","width":2560,"height":1708,"caption":"BMW SERIE 2 (Modello 2014) \u00a9 lucaromanopix"},{"@type":"BreadcrumbList","@id":"https:\/\/www.drivelife.it\/news\/2017\/05\/07\/bmw-serie-2-m-240i-coupe\/#breadcrumb","itemListElement":[{"@type":"ListItem","position":1,"name":"Home","item":"https:\/\/www.drivelife.it\/news\/"},{"@type":"ListItem","position":2,"name":"BMW SERIE 2 M 240i Coup\u00e9"}]},{"@type":"WebSite","@id":"https:\/\/www.drivelife.it\/news\/#website","url":"https:\/\/www.drivelife.it\/news\/","name":"#lucalife","description":"DRIVELIFE le mie automobili","potentialAction":[{"@type":"SearchAction","target":{"@type":"EntryPoint","urlTemplate":"https:\/\/www.drivelife.it\/news\/?s={search_term_string}"},"query-input":{"@type":"PropertyValueSpecification","valueRequired":true,"valueName":"search_term_string"}}],"inLanguage":"en-US"},{"@type":"Person","@id":"https:\/\/www.drivelife.it\/news\/#\/schema\/person\/b6c194c3423ff451be4914f5fd9c2188","name":"Redazione","image":{"@type":"ImageObject","inLanguage":"en-US","@id":"https:\/\/secure.gravatar.com\/avatar\/8d186f6b07ba8a94441344759f0e13bf1909b6ceaa171df0425551b4590fd558?s=96&d=mm&r=g","url":"https:\/\/secure.gravatar.com\/avatar\/8d186f6b07ba8a94441344759f0e13bf1909b6ceaa171df0425551b4590fd558?s=96&d=mm&r=g","contentUrl":"https:\/\/secure.gravatar.com\/avatar\/8d186f6b07ba8a94441344759f0e13bf1909b6ceaa171df0425551b4590fd558?s=96&d=mm&r=g","caption":"Redazione"},"url":"https:\/\/www.drivelife.it\/news\/author\/admin\/"}]}},"amp_enabled":true,"_links":{"self":[{"href":"https:\/\/www.drivelife.it\/news\/wp-json\/wp\/v2\/posts\/16054","targetHints":{"allow":["GET"]}}],"collection":[{"href":"https:\/\/www.drivelife.it\/news\/wp-json\/wp\/v2\/posts"}],"about":[{"href":"https:\/\/www.drivelife.it\/news\/wp-json\/wp\/v2\/types\/post"}],"author":[{"embeddable":true,"href":"https:\/\/www.drivelife.it\/news\/wp-json\/wp\/v2\/users\/1"}],"replies":[{"embeddable":true,"href":"https:\/\/www.drivelife.it\/news\/wp-json\/wp\/v2\/comments?post=16054"}],"version-history":[{"count":2,"href":"https:\/\/www.drivelife.it\/news\/wp-json\/wp\/v2\/posts\/16054\/revisions"}],"predecessor-version":[{"id":16058,"href":"https:\/\/www.drivelife.it\/news\/wp-json\/wp\/v2\/posts\/16054\/revisions\/16058"}],"wp:featuredmedia":[{"embeddable":true,"href":"https:\/\/www.drivelife.it\/news\/wp-json\/wp\/v2\/media\/16055"}],"wp:attachment":[{"href":"https:\/\/www.drivelife.it\/news\/wp-json\/wp\/v2\/media?parent=16054"}],"wp:term":[{"taxonomy":"category","embeddable":true,"href":"https:\/\/www.drivelife.it\/news\/wp-json\/wp\/v2\/categories?post=16054"},{"taxonomy":"post_tag","embeddable":true,"href":"https:\/\/www.drivelife.it\/news\/wp-json\/wp\/v2\/tags?post=16054"}],"curies":[{"name":"wp","href":"https:\/\/api.w.org\/{rel}","templated":true}]}}