{"id":14705,"date":"2017-03-17T12:03:54","date_gmt":"2017-03-17T12:03:54","guid":{"rendered":"http:\/\/www.drivelife.it\/news\/?p=14705"},"modified":"2017-03-18T12:20:29","modified_gmt":"2017-03-18T12:20:29","slug":"alpine-a110","status":"publish","type":"post","link":"https:\/\/www.drivelife.it\/news\/2017\/03\/17\/alpine-a110\/","title":{"rendered":"ALPINE A110"},"content":{"rendered":"<p><div id=\"attachment_14706\" style=\"width: 730px\" class=\"wp-caption alignnone\"><img loading=\"lazy\" decoding=\"async\" aria-describedby=\"caption-attachment-14706\" src=\"http:\/\/www.drivelife.it\/news\/wp-content\/uploads\/2017\/03\/125623_broadcast20-1000x667.jpg\" alt=\"ALPINE A110 - Geneva International Motor Show 2017 - GIMS 2017 - Palexpo - IN TV SU DRIVELIFE DEL 18MARZO\" width=\"720\" height=\"480\" class=\"size-large wp-image-14706\" srcset=\"https:\/\/www.drivelife.it\/news\/wp-content\/uploads\/2017\/03\/125623_broadcast20-1000x667.jpg 1000w, https:\/\/www.drivelife.it\/news\/wp-content\/uploads\/2017\/03\/125623_broadcast20-620x414.jpg 620w, https:\/\/www.drivelife.it\/news\/wp-content\/uploads\/2017\/03\/125623_broadcast20-768x512.jpg 768w, https:\/\/www.drivelife.it\/news\/wp-content\/uploads\/2017\/03\/125623_broadcast20-300x200.jpg 300w, https:\/\/www.drivelife.it\/news\/wp-content\/uploads\/2017\/03\/125623_broadcast20.jpg 1280w\" sizes=\"auto, (max-width: 720px) 100vw, 720px\" \/><p id=\"caption-attachment-14706\" class=\"wp-caption-text\">ALPINE A110 &#8211; Geneva International Motor Show 2017 &#8211; GIMS 2017 &#8211; Palexpo &#8211; IN TV SU DRIVELIFE DEL 18MARZO<\/p><\/div><br \/>\nALPINE A110 &#8211; 00\u201958\u201d &#8211; In TV il 18\/3.<br \/>\n<strong><\/p>\n<h1>AL COLPO D\u2019OCCHIO C\u2019\u00c8<\/h1>\n<p><\/strong><br \/>\n&nbsp;<\/p>\n<h2><em><strong>LO STILE DELLA NUOVA ALPINE PROMETTE CI\u00d2 CHE LA STORIA DEL CELEBRE MODELLO RACCONTA, IL MERCATO DELLE SPORTIVE DECRETER\u00c0 IL SUCCESSO MA LE COMPETITOR, DA AUDI IN GI\u00d9 NELL\u2019ELENCO ALFABETICO NON STARANNO A GUARDARE<\/h2>\n<p><\/em><\/strong><br \/>\n&nbsp;<br \/>\n&nbsp;<br \/>\nhttps:\/\/vimeo.com\/208807444<br \/>\n&nbsp;<br \/>\n&nbsp;<\/p>\n<blockquote>\n<h1>L\u2019ALPINE A110, EREDE DELLA \u201cBERLINETTE\u201d, \u00c8 IN PRODUZIONE A DIEPPE MA ARRIVA SUL MERCATO EUROPEO SOLO A FINE ANNO. VARR\u00c0 LA PENA D\u2019ASPETTARLO? L\u2019ARCHITETTURA, BIPOSTO E MOTORE CENTRALE, DOVREBBERO ESSERE LE SUE CARTE VINCENTI. CON L\u2019ASSO DELLA LEGGEREZZA<\/h1>\n<\/blockquote>\n<p>&nbsp;<br \/>\nSolida e leggera. Scrivono bene i francesi estensori del press kit. La Alpine, quella che sbaragliava le speciali al Montecarlo, era proprio cos\u00ec. Bassa, filante, un tantino ignorante. Ma bella, fascinosa e vincente.<br \/>\n&nbsp;<br \/>\nEcco l\u2019erede, presentata a Ginevra 2017. Pesa solo mille-e-80 chili. E\u2019 alta solo un-metro-e-venti. Ma \u00e8 larga uno-e-ottanta. Ed ha una ripartizione dei pesi 44\/56 ed un baricentro bassissimo. Insomma \u00e8 lei, \u201cLa Alpine\u201d, la A110.<br \/>\n&nbsp;<br \/>\nMotore turbo di 1,8 litri, quattro cilindri, sviluppato dall\u2019Alleanza. <\/p>\n<h1>Sembra ci abbia messo le mani Luke Skywalker.<\/h1>\n<p>&nbsp;<br \/>\n<strong>Quattro cifre: 252 CV, 320 Nm, rapporto peso\/potenza 4,3 e &#8211; dunque &#8211; da zero a cento in quattro-e-mezzo.<\/strong><br \/>\n&nbsp;<br \/>\nCambio Getrag a doppia frizione in bagno d\u2019olio, sette marce. Tre modalit\u00e0 di guida, il vezzo della modernit\u00e0, ieri non c\u2019erano, oggi il mercato le impone: Normal, Sport, Track.<br \/>\n&nbsp;<\/p>\n<h1><strong>S\u00ec, \u00e8 lei.<br \/>\nE\u2019 l\u2019Alpine A110. <\/strong><\/h1>\n<p>&nbsp;<br \/>\nChi di automobili ci capisce \u00e8 gia in fila per l\u2019acquisto. In Italia pochi esemplari a fine anno.<br \/>\n&nbsp;<br \/>\nAffrettatevi.<br \/>\n&nbsp;<br \/>\nPrezzo? \u2028Non si chiede per oggetti di questa natura.<br \/>\nMa si deve fare informazione, qui: \u202858.500 euro, in Francia.<br \/>\n&nbsp;<br \/>\n&nbsp;<br \/>\n<strong>di drivelife &#8211; DURATA, 00\u201958\u201d &#8211; IN TV CON DRIVELIFE DEL 18 MARZO 2017<\/strong> &#8211; <em><strong>(da drivelife per TV del 18 MARZO 2017) &#8211; ALPINE A110, 00\u201958\u201d \/ START @ 07\u201947\u201d &#8211; <\/strong><\/em><br \/>\n&nbsp;<br \/>\n<a data-flip-widget=\"flipit\" href=\"https:\/\/flipboard.com\">Add to Flipboard Magazine.<\/a><script src=\"https:\/\/cdn.flipboard.com\/web\/buttons\/js\/flbuttons.min.js\" type=\"text\/javascript\"><\/script><br \/>\n&nbsp;<br \/>\n&nbsp;<\/p>\n<h2>\/GALLERIA FOTOGRAFICA<br \/>\nALPINE A110<\/h2>\n<p>&nbsp;<br \/>\n\n\t\t<style>\n\t\t\t#gallery-1 {\n\t\t\t\tmargin: auto;\n\t\t\t}\n\t\t\t#gallery-1 .gallery-item {\n\t\t\t\tfloat: left;\n\t\t\t\tmargin-top: 10px;\n\t\t\t\ttext-align: center;\n\t\t\t\twidth: 14%;\n\t\t\t}\n\t\t\t#gallery-1 img {\n\t\t\t\tborder: 2px solid #cfcfcf;\n\t\t\t}\n\t\t\t#gallery-1 .gallery-caption {\n\t\t\t\tmargin-left: 0;\n\t\t\t}\n\t\t\t\/* see gallery_shortcode() in wp-includes\/media.php *\/\n\t\t<\/style>\n\t\t<div id='gallery-1' class='gallery galleryid-14705 gallery-columns-7 gallery-size-large'><dl class='gallery-item'>\n\t\t\t<dt class='gallery-icon landscape'>\n\t\t\t\t<a href='https:\/\/www.drivelife.it\/news\/2017\/03\/17\/alpine-a110\/geneva-international-motor-show-2017-gims-2017-palexpo-18\/'><img loading=\"lazy\" decoding=\"async\" width=\"1000\" height=\"666\" src=\"https:\/\/www.drivelife.it\/news\/wp-content\/uploads\/2017\/03\/125623_broadcast14-1000x666.jpg\" class=\"attachment-large size-large no-lazy\" alt=\"\" aria-describedby=\"gallery-1-14707\" srcset=\"https:\/\/www.drivelife.it\/news\/wp-content\/uploads\/2017\/03\/125623_broadcast14-1000x666.jpg 1000w, https:\/\/www.drivelife.it\/news\/wp-content\/uploads\/2017\/03\/125623_broadcast14-620x413.jpg 620w, https:\/\/www.drivelife.it\/news\/wp-content\/uploads\/2017\/03\/125623_broadcast14-768x512.jpg 768w, https:\/\/www.drivelife.it\/news\/wp-content\/uploads\/2017\/03\/125623_broadcast14-300x200.jpg 300w, https:\/\/www.drivelife.it\/news\/wp-content\/uploads\/2017\/03\/125623_broadcast14.jpg 1280w\" sizes=\"auto, (max-width: 1000px) 100vw, 1000px\" \/><\/a>\n\t\t\t<\/dt>\n\t\t\t\t<dd class='wp-caption-text gallery-caption' id='gallery-1-14707'>\n\t\t\t\tGeneva International Motor Show 2017 &#8211; GIMS 2017 &#8211; Palexpo\n\t\t\t\t<\/dd><\/dl><dl class='gallery-item'>\n\t\t\t<dt class='gallery-icon landscape'>\n\t\t\t\t<a href='https:\/\/www.drivelife.it\/news\/2017\/03\/17\/alpine-a110\/geneva-international-motor-show-2017-gims-2017-palexpo-19\/'><img loading=\"lazy\" decoding=\"async\" width=\"1000\" height=\"667\" src=\"https:\/\/www.drivelife.it\/news\/wp-content\/uploads\/2017\/03\/125623_broadcast15-1000x667.jpg\" class=\"attachment-large size-large no-lazy\" alt=\"\" aria-describedby=\"gallery-1-14708\" srcset=\"https:\/\/www.drivelife.it\/news\/wp-content\/uploads\/2017\/03\/125623_broadcast15-1000x667.jpg 1000w, https:\/\/www.drivelife.it\/news\/wp-content\/uploads\/2017\/03\/125623_broadcast15-620x414.jpg 620w, https:\/\/www.drivelife.it\/news\/wp-content\/uploads\/2017\/03\/125623_broadcast15-768x512.jpg 768w, https:\/\/www.drivelife.it\/news\/wp-content\/uploads\/2017\/03\/125623_broadcast15-300x200.jpg 300w, https:\/\/www.drivelife.it\/news\/wp-content\/uploads\/2017\/03\/125623_broadcast15.jpg 1280w\" sizes=\"auto, (max-width: 1000px) 100vw, 1000px\" \/><\/a>\n\t\t\t<\/dt>\n\t\t\t\t<dd class='wp-caption-text gallery-caption' id='gallery-1-14708'>\n\t\t\t\tGeneva International Motor Show 2017 &#8211; GIMS 2017 &#8211; Palexpo\n\t\t\t\t<\/dd><\/dl><dl class='gallery-item'>\n\t\t\t<dt class='gallery-icon landscape'>\n\t\t\t\t<a href='https:\/\/www.drivelife.it\/news\/2017\/03\/17\/alpine-a110\/geneva-international-motor-show-2017-gims-2017-palexpo-20\/'><img loading=\"lazy\" decoding=\"async\" width=\"1000\" height=\"666\" src=\"https:\/\/www.drivelife.it\/news\/wp-content\/uploads\/2017\/03\/125623_broadcast16-1000x666.jpg\" class=\"attachment-large size-large no-lazy\" alt=\"\" aria-describedby=\"gallery-1-14709\" srcset=\"https:\/\/www.drivelife.it\/news\/wp-content\/uploads\/2017\/03\/125623_broadcast16-1000x666.jpg 1000w, https:\/\/www.drivelife.it\/news\/wp-content\/uploads\/2017\/03\/125623_broadcast16-620x413.jpg 620w, https:\/\/www.drivelife.it\/news\/wp-content\/uploads\/2017\/03\/125623_broadcast16-768x512.jpg 768w, https:\/\/www.drivelife.it\/news\/wp-content\/uploads\/2017\/03\/125623_broadcast16-300x200.jpg 300w, https:\/\/www.drivelife.it\/news\/wp-content\/uploads\/2017\/03\/125623_broadcast16.jpg 1280w\" sizes=\"auto, (max-width: 1000px) 100vw, 1000px\" \/><\/a>\n\t\t\t<\/dt>\n\t\t\t\t<dd class='wp-caption-text gallery-caption' id='gallery-1-14709'>\n\t\t\t\tGeneva International Motor Show 2017 &#8211; GIMS 2017 &#8211; Palexpo\n\t\t\t\t<\/dd><\/dl><dl class='gallery-item'>\n\t\t\t<dt class='gallery-icon landscape'>\n\t\t\t\t<a href='https:\/\/www.drivelife.it\/news\/2017\/03\/17\/alpine-a110\/geneva-international-motor-show-2017-gims-2017-palexpo-21\/'><img loading=\"lazy\" decoding=\"async\" width=\"1000\" height=\"667\" src=\"https:\/\/www.drivelife.it\/news\/wp-content\/uploads\/2017\/03\/125623_broadcast17-1000x667.jpg\" class=\"attachment-large size-large no-lazy\" alt=\"\" aria-describedby=\"gallery-1-14710\" srcset=\"https:\/\/www.drivelife.it\/news\/wp-content\/uploads\/2017\/03\/125623_broadcast17-1000x667.jpg 1000w, https:\/\/www.drivelife.it\/news\/wp-content\/uploads\/2017\/03\/125623_broadcast17-620x414.jpg 620w, https:\/\/www.drivelife.it\/news\/wp-content\/uploads\/2017\/03\/125623_broadcast17-768x512.jpg 768w, https:\/\/www.drivelife.it\/news\/wp-content\/uploads\/2017\/03\/125623_broadcast17-300x200.jpg 300w, https:\/\/www.drivelife.it\/news\/wp-content\/uploads\/2017\/03\/125623_broadcast17.jpg 1280w\" sizes=\"auto, (max-width: 1000px) 100vw, 1000px\" \/><\/a>\n\t\t\t<\/dt>\n\t\t\t\t<dd class='wp-caption-text gallery-caption' id='gallery-1-14710'>\n\t\t\t\tGeneva International Motor Show 2017 &#8211; GIMS 2017 &#8211; Palexpo\n\t\t\t\t<\/dd><\/dl><dl class='gallery-item'>\n\t\t\t<dt class='gallery-icon landscape'>\n\t\t\t\t<a href='https:\/\/www.drivelife.it\/news\/2017\/03\/17\/alpine-a110\/geneva-international-motor-show-2017-gims-2017-palexpo-22\/'><img loading=\"lazy\" decoding=\"async\" width=\"1000\" height=\"666\" src=\"https:\/\/www.drivelife.it\/news\/wp-content\/uploads\/2017\/03\/125623_broadcast18-1000x666.jpg\" class=\"attachment-large size-large no-lazy\" alt=\"\" aria-describedby=\"gallery-1-14711\" srcset=\"https:\/\/www.drivelife.it\/news\/wp-content\/uploads\/2017\/03\/125623_broadcast18-1000x666.jpg 1000w, https:\/\/www.drivelife.it\/news\/wp-content\/uploads\/2017\/03\/125623_broadcast18-620x413.jpg 620w, https:\/\/www.drivelife.it\/news\/wp-content\/uploads\/2017\/03\/125623_broadcast18-768x512.jpg 768w, https:\/\/www.drivelife.it\/news\/wp-content\/uploads\/2017\/03\/125623_broadcast18-300x200.jpg 300w, https:\/\/www.drivelife.it\/news\/wp-content\/uploads\/2017\/03\/125623_broadcast18.jpg 1280w\" sizes=\"auto, (max-width: 1000px) 100vw, 1000px\" \/><\/a>\n\t\t\t<\/dt>\n\t\t\t\t<dd class='wp-caption-text gallery-caption' id='gallery-1-14711'>\n\t\t\t\tGeneva International Motor Show 2017 &#8211; GIMS 2017 &#8211; Palexpo\n\t\t\t\t<\/dd><\/dl><dl class='gallery-item'>\n\t\t\t<dt class='gallery-icon landscape'>\n\t\t\t\t<a href='https:\/\/www.drivelife.it\/news\/2017\/03\/17\/alpine-a110\/geneva-international-motor-show-2017-gims-2017-palexpo-23\/'><img loading=\"lazy\" decoding=\"async\" width=\"1000\" height=\"667\" src=\"https:\/\/www.drivelife.it\/news\/wp-content\/uploads\/2017\/03\/125623_broadcast19-1000x667.jpg\" class=\"attachment-large size-large no-lazy\" alt=\"\" aria-describedby=\"gallery-1-14712\" srcset=\"https:\/\/www.drivelife.it\/news\/wp-content\/uploads\/2017\/03\/125623_broadcast19-1000x667.jpg 1000w, https:\/\/www.drivelife.it\/news\/wp-content\/uploads\/2017\/03\/125623_broadcast19-620x414.jpg 620w, https:\/\/www.drivelife.it\/news\/wp-content\/uploads\/2017\/03\/125623_broadcast19-768x512.jpg 768w, https:\/\/www.drivelife.it\/news\/wp-content\/uploads\/2017\/03\/125623_broadcast19-300x200.jpg 300w, https:\/\/www.drivelife.it\/news\/wp-content\/uploads\/2017\/03\/125623_broadcast19.jpg 1280w\" sizes=\"auto, (max-width: 1000px) 100vw, 1000px\" \/><\/a>\n\t\t\t<\/dt>\n\t\t\t\t<dd class='wp-caption-text gallery-caption' id='gallery-1-14712'>\n\t\t\t\tGeneva International Motor Show 2017 &#8211; GIMS 2017 &#8211; Palexpo\n\t\t\t\t<\/dd><\/dl><dl class='gallery-item'>\n\t\t\t<dt class='gallery-icon landscape'>\n\t\t\t\t<a href='https:\/\/www.drivelife.it\/news\/2017\/03\/17\/alpine-a110\/geneva-international-motor-show-2017-gims-2017-palexpo-24\/'><img loading=\"lazy\" decoding=\"async\" width=\"1000\" height=\"667\" src=\"https:\/\/www.drivelife.it\/news\/wp-content\/uploads\/2017\/03\/125623_broadcast20-1-1000x667.jpg\" class=\"attachment-large size-large no-lazy\" alt=\"\" aria-describedby=\"gallery-1-14713\" srcset=\"https:\/\/www.drivelife.it\/news\/wp-content\/uploads\/2017\/03\/125623_broadcast20-1-1000x667.jpg 1000w, https:\/\/www.drivelife.it\/news\/wp-content\/uploads\/2017\/03\/125623_broadcast20-1-620x414.jpg 620w, https:\/\/www.drivelife.it\/news\/wp-content\/uploads\/2017\/03\/125623_broadcast20-1-768x512.jpg 768w, https:\/\/www.drivelife.it\/news\/wp-content\/uploads\/2017\/03\/125623_broadcast20-1-300x200.jpg 300w, https:\/\/www.drivelife.it\/news\/wp-content\/uploads\/2017\/03\/125623_broadcast20-1.jpg 1280w\" sizes=\"auto, (max-width: 1000px) 100vw, 1000px\" \/><\/a>\n\t\t\t<\/dt>\n\t\t\t\t<dd class='wp-caption-text gallery-caption' id='gallery-1-14713'>\n\t\t\t\tGeneva International Motor Show 2017 &#8211; GIMS 2017 &#8211; Palexpo\n\t\t\t\t<\/dd><\/dl><br style=\"clear: both\" \/><dl class='gallery-item'>\n\t\t\t<dt class='gallery-icon landscape'>\n\t\t\t\t<a href='https:\/\/www.drivelife.it\/news\/2017\/03\/17\/alpine-a110\/geneva-international-motor-show-2017-gims-2017-palexpo-25\/'><img loading=\"lazy\" decoding=\"async\" width=\"1000\" height=\"666\" src=\"https:\/\/www.drivelife.it\/news\/wp-content\/uploads\/2017\/03\/125623_broadcast07-1000x666.jpg\" class=\"attachment-large size-large no-lazy\" alt=\"\" aria-describedby=\"gallery-1-14714\" srcset=\"https:\/\/www.drivelife.it\/news\/wp-content\/uploads\/2017\/03\/125623_broadcast07-1000x666.jpg 1000w, https:\/\/www.drivelife.it\/news\/wp-content\/uploads\/2017\/03\/125623_broadcast07-620x413.jpg 620w, https:\/\/www.drivelife.it\/news\/wp-content\/uploads\/2017\/03\/125623_broadcast07-768x512.jpg 768w, https:\/\/www.drivelife.it\/news\/wp-content\/uploads\/2017\/03\/125623_broadcast07-300x200.jpg 300w, https:\/\/www.drivelife.it\/news\/wp-content\/uploads\/2017\/03\/125623_broadcast07.jpg 1280w\" sizes=\"auto, (max-width: 1000px) 100vw, 1000px\" \/><\/a>\n\t\t\t<\/dt>\n\t\t\t\t<dd class='wp-caption-text gallery-caption' id='gallery-1-14714'>\n\t\t\t\tGeneva International Motor Show 2017 &#8211; GIMS 2017 &#8211; Palexpo\n\t\t\t\t<\/dd><\/dl><dl class='gallery-item'>\n\t\t\t<dt class='gallery-icon portrait'>\n\t\t\t\t<a href='https:\/\/www.drivelife.it\/news\/2017\/03\/17\/alpine-a110\/geneva-international-motor-show-2017-gims-2017-palexpo-26\/'><img loading=\"lazy\" decoding=\"async\" width=\"854\" height=\"1280\" src=\"https:\/\/www.drivelife.it\/news\/wp-content\/uploads\/2017\/03\/125623_broadcast08.jpg\" class=\"attachment-large size-large no-lazy\" alt=\"\" aria-describedby=\"gallery-1-14715\" srcset=\"https:\/\/www.drivelife.it\/news\/wp-content\/uploads\/2017\/03\/125623_broadcast08.jpg 854w, https:\/\/www.drivelife.it\/news\/wp-content\/uploads\/2017\/03\/125623_broadcast08-620x929.jpg 620w, https:\/\/www.drivelife.it\/news\/wp-content\/uploads\/2017\/03\/125623_broadcast08-768x1151.jpg 768w, https:\/\/www.drivelife.it\/news\/wp-content\/uploads\/2017\/03\/125623_broadcast08-300x450.jpg 300w\" sizes=\"auto, (max-width: 854px) 100vw, 854px\" \/><\/a>\n\t\t\t<\/dt>\n\t\t\t\t<dd class='wp-caption-text gallery-caption' id='gallery-1-14715'>\n\t\t\t\tGeneva International Motor Show 2017 &#8211; GIMS 2017 &#8211; Palexpo\n\t\t\t\t<\/dd><\/dl><dl class='gallery-item'>\n\t\t\t<dt class='gallery-icon landscape'>\n\t\t\t\t<a href='https:\/\/www.drivelife.it\/news\/2017\/03\/17\/alpine-a110\/geneva-international-motor-show-2017-gims-2017-palexpo-27\/'><img loading=\"lazy\" decoding=\"async\" width=\"1000\" height=\"667\" src=\"https:\/\/www.drivelife.it\/news\/wp-content\/uploads\/2017\/03\/125623_broadcast09-1000x667.jpg\" class=\"attachment-large size-large no-lazy\" alt=\"\" aria-describedby=\"gallery-1-14716\" srcset=\"https:\/\/www.drivelife.it\/news\/wp-content\/uploads\/2017\/03\/125623_broadcast09-1000x667.jpg 1000w, https:\/\/www.drivelife.it\/news\/wp-content\/uploads\/2017\/03\/125623_broadcast09-620x414.jpg 620w, https:\/\/www.drivelife.it\/news\/wp-content\/uploads\/2017\/03\/125623_broadcast09-768x512.jpg 768w, https:\/\/www.drivelife.it\/news\/wp-content\/uploads\/2017\/03\/125623_broadcast09-300x200.jpg 300w, https:\/\/www.drivelife.it\/news\/wp-content\/uploads\/2017\/03\/125623_broadcast09.jpg 1280w\" sizes=\"auto, (max-width: 1000px) 100vw, 1000px\" \/><\/a>\n\t\t\t<\/dt>\n\t\t\t\t<dd class='wp-caption-text gallery-caption' id='gallery-1-14716'>\n\t\t\t\tGeneva International Motor Show 2017 &#8211; GIMS 2017 &#8211; Palexpo\n\t\t\t\t<\/dd><\/dl><dl class='gallery-item'>\n\t\t\t<dt class='gallery-icon portrait'>\n\t\t\t\t<a href='https:\/\/www.drivelife.it\/news\/2017\/03\/17\/alpine-a110\/geneva-international-motor-show-2017-gims-2017-palexpo-28\/'><img loading=\"lazy\" decoding=\"async\" width=\"854\" height=\"1280\" src=\"https:\/\/www.drivelife.it\/news\/wp-content\/uploads\/2017\/03\/125623_broadcast10.jpg\" class=\"attachment-large size-large no-lazy\" alt=\"\" aria-describedby=\"gallery-1-14717\" srcset=\"https:\/\/www.drivelife.it\/news\/wp-content\/uploads\/2017\/03\/125623_broadcast10.jpg 854w, https:\/\/www.drivelife.it\/news\/wp-content\/uploads\/2017\/03\/125623_broadcast10-620x929.jpg 620w, https:\/\/www.drivelife.it\/news\/wp-content\/uploads\/2017\/03\/125623_broadcast10-768x1151.jpg 768w, https:\/\/www.drivelife.it\/news\/wp-content\/uploads\/2017\/03\/125623_broadcast10-300x450.jpg 300w\" sizes=\"auto, (max-width: 854px) 100vw, 854px\" \/><\/a>\n\t\t\t<\/dt>\n\t\t\t\t<dd class='wp-caption-text gallery-caption' id='gallery-1-14717'>\n\t\t\t\tGeneva International Motor Show 2017 &#8211; GIMS 2017 &#8211; Palexpo\n\t\t\t\t<\/dd><\/dl><dl class='gallery-item'>\n\t\t\t<dt class='gallery-icon landscape'>\n\t\t\t\t<a href='https:\/\/www.drivelife.it\/news\/2017\/03\/17\/alpine-a110\/geneva-international-motor-show-2017-gims-2017-palexpo-29\/'><img loading=\"lazy\" decoding=\"async\" width=\"1000\" height=\"667\" src=\"https:\/\/www.drivelife.it\/news\/wp-content\/uploads\/2017\/03\/125623_broadcast11-1000x667.jpg\" class=\"attachment-large size-large no-lazy\" alt=\"\" aria-describedby=\"gallery-1-14718\" srcset=\"https:\/\/www.drivelife.it\/news\/wp-content\/uploads\/2017\/03\/125623_broadcast11-1000x667.jpg 1000w, https:\/\/www.drivelife.it\/news\/wp-content\/uploads\/2017\/03\/125623_broadcast11-620x414.jpg 620w, https:\/\/www.drivelife.it\/news\/wp-content\/uploads\/2017\/03\/125623_broadcast11-768x512.jpg 768w, https:\/\/www.drivelife.it\/news\/wp-content\/uploads\/2017\/03\/125623_broadcast11-300x200.jpg 300w, https:\/\/www.drivelife.it\/news\/wp-content\/uploads\/2017\/03\/125623_broadcast11.jpg 1280w\" sizes=\"auto, (max-width: 1000px) 100vw, 1000px\" \/><\/a>\n\t\t\t<\/dt>\n\t\t\t\t<dd class='wp-caption-text gallery-caption' id='gallery-1-14718'>\n\t\t\t\tGeneva International Motor Show 2017 &#8211; GIMS 2017 &#8211; Palexpo\n\t\t\t\t<\/dd><\/dl><dl class='gallery-item'>\n\t\t\t<dt class='gallery-icon landscape'>\n\t\t\t\t<a href='https:\/\/www.drivelife.it\/news\/2017\/03\/17\/alpine-a110\/geneva-international-motor-show-2017-gims-2017-palexpo-30\/'><img loading=\"lazy\" decoding=\"async\" width=\"1000\" height=\"667\" src=\"https:\/\/www.drivelife.it\/news\/wp-content\/uploads\/2017\/03\/125623_broadcast12-1000x667.jpg\" class=\"attachment-large size-large no-lazy\" alt=\"\" aria-describedby=\"gallery-1-14719\" srcset=\"https:\/\/www.drivelife.it\/news\/wp-content\/uploads\/2017\/03\/125623_broadcast12-1000x667.jpg 1000w, https:\/\/www.drivelife.it\/news\/wp-content\/uploads\/2017\/03\/125623_broadcast12-620x414.jpg 620w, https:\/\/www.drivelife.it\/news\/wp-content\/uploads\/2017\/03\/125623_broadcast12-768x512.jpg 768w, https:\/\/www.drivelife.it\/news\/wp-content\/uploads\/2017\/03\/125623_broadcast12-300x200.jpg 300w, https:\/\/www.drivelife.it\/news\/wp-content\/uploads\/2017\/03\/125623_broadcast12.jpg 1280w\" sizes=\"auto, (max-width: 1000px) 100vw, 1000px\" \/><\/a>\n\t\t\t<\/dt>\n\t\t\t\t<dd class='wp-caption-text gallery-caption' id='gallery-1-14719'>\n\t\t\t\tGeneva International Motor Show 2017 &#8211; GIMS 2017 &#8211; Palexpo\n\t\t\t\t<\/dd><\/dl><dl class='gallery-item'>\n\t\t\t<dt class='gallery-icon landscape'>\n\t\t\t\t<a href='https:\/\/www.drivelife.it\/news\/2017\/03\/17\/alpine-a110\/geneva-international-motor-show-2017-gims-2017-palexpo-31\/'><img loading=\"lazy\" decoding=\"async\" width=\"1000\" height=\"667\" src=\"https:\/\/www.drivelife.it\/news\/wp-content\/uploads\/2017\/03\/125623_broadcast13-1000x667.jpg\" class=\"attachment-large size-large no-lazy\" alt=\"\" aria-describedby=\"gallery-1-14720\" srcset=\"https:\/\/www.drivelife.it\/news\/wp-content\/uploads\/2017\/03\/125623_broadcast13-1000x667.jpg 1000w, https:\/\/www.drivelife.it\/news\/wp-content\/uploads\/2017\/03\/125623_broadcast13-620x414.jpg 620w, https:\/\/www.drivelife.it\/news\/wp-content\/uploads\/2017\/03\/125623_broadcast13-768x512.jpg 768w, https:\/\/www.drivelife.it\/news\/wp-content\/uploads\/2017\/03\/125623_broadcast13-300x200.jpg 300w, https:\/\/www.drivelife.it\/news\/wp-content\/uploads\/2017\/03\/125623_broadcast13.jpg 1280w\" sizes=\"auto, (max-width: 1000px) 100vw, 1000px\" \/><\/a>\n\t\t\t<\/dt>\n\t\t\t\t<dd class='wp-caption-text gallery-caption' id='gallery-1-14720'>\n\t\t\t\tGeneva International Motor Show 2017 &#8211; GIMS 2017 &#8211; Palexpo\n\t\t\t\t<\/dd><\/dl><br style=\"clear: both\" \/><dl class='gallery-item'>\n\t\t\t<dt class='gallery-icon landscape'>\n\t\t\t\t<a href='https:\/\/www.drivelife.it\/news\/2017\/03\/17\/alpine-a110\/geneva-international-motor-show-2017-gims-2017-palexpo-32\/'><img loading=\"lazy\" decoding=\"async\" width=\"1000\" height=\"667\" src=\"https:\/\/www.drivelife.it\/news\/wp-content\/uploads\/2017\/03\/125623_broadcast02-1000x667.jpg\" class=\"attachment-large size-large no-lazy\" alt=\"\" aria-describedby=\"gallery-1-14721\" srcset=\"https:\/\/www.drivelife.it\/news\/wp-content\/uploads\/2017\/03\/125623_broadcast02-1000x667.jpg 1000w, https:\/\/www.drivelife.it\/news\/wp-content\/uploads\/2017\/03\/125623_broadcast02-620x414.jpg 620w, https:\/\/www.drivelife.it\/news\/wp-content\/uploads\/2017\/03\/125623_broadcast02-768x512.jpg 768w, https:\/\/www.drivelife.it\/news\/wp-content\/uploads\/2017\/03\/125623_broadcast02-300x200.jpg 300w, https:\/\/www.drivelife.it\/news\/wp-content\/uploads\/2017\/03\/125623_broadcast02.jpg 1280w\" sizes=\"auto, (max-width: 1000px) 100vw, 1000px\" \/><\/a>\n\t\t\t<\/dt>\n\t\t\t\t<dd class='wp-caption-text gallery-caption' id='gallery-1-14721'>\n\t\t\t\tGeneva International Motor Show 2017 &#8211; GIMS 2017 &#8211; Palexpo\n\t\t\t\t<\/dd><\/dl><dl class='gallery-item'>\n\t\t\t<dt class='gallery-icon landscape'>\n\t\t\t\t<a href='https:\/\/www.drivelife.it\/news\/2017\/03\/17\/alpine-a110\/geneva-international-motor-show-2017-gims-2017-palexpo-33\/'><img loading=\"lazy\" decoding=\"async\" width=\"1000\" height=\"666\" src=\"https:\/\/www.drivelife.it\/news\/wp-content\/uploads\/2017\/03\/125623_broadcast03-1000x666.jpg\" class=\"attachment-large size-large no-lazy\" alt=\"\" aria-describedby=\"gallery-1-14722\" srcset=\"https:\/\/www.drivelife.it\/news\/wp-content\/uploads\/2017\/03\/125623_broadcast03-1000x666.jpg 1000w, https:\/\/www.drivelife.it\/news\/wp-content\/uploads\/2017\/03\/125623_broadcast03-620x413.jpg 620w, https:\/\/www.drivelife.it\/news\/wp-content\/uploads\/2017\/03\/125623_broadcast03-768x512.jpg 768w, https:\/\/www.drivelife.it\/news\/wp-content\/uploads\/2017\/03\/125623_broadcast03-300x200.jpg 300w, https:\/\/www.drivelife.it\/news\/wp-content\/uploads\/2017\/03\/125623_broadcast03.jpg 1280w\" sizes=\"auto, (max-width: 1000px) 100vw, 1000px\" \/><\/a>\n\t\t\t<\/dt>\n\t\t\t\t<dd class='wp-caption-text gallery-caption' id='gallery-1-14722'>\n\t\t\t\tGeneva International Motor Show 2017 &#8211; GIMS 2017 &#8211; Palexpo\n\t\t\t\t<\/dd><\/dl><dl class='gallery-item'>\n\t\t\t<dt class='gallery-icon landscape'>\n\t\t\t\t<a href='https:\/\/www.drivelife.it\/news\/2017\/03\/17\/alpine-a110\/geneva-international-motor-show-2017-gims-2017-palexpo-34\/'><img loading=\"lazy\" decoding=\"async\" width=\"1000\" height=\"666\" src=\"https:\/\/www.drivelife.it\/news\/wp-content\/uploads\/2017\/03\/125623_broadcast04-1000x666.jpg\" class=\"attachment-large size-large no-lazy\" alt=\"\" aria-describedby=\"gallery-1-14723\" srcset=\"https:\/\/www.drivelife.it\/news\/wp-content\/uploads\/2017\/03\/125623_broadcast04-1000x666.jpg 1000w, https:\/\/www.drivelife.it\/news\/wp-content\/uploads\/2017\/03\/125623_broadcast04-620x413.jpg 620w, https:\/\/www.drivelife.it\/news\/wp-content\/uploads\/2017\/03\/125623_broadcast04-768x512.jpg 768w, https:\/\/www.drivelife.it\/news\/wp-content\/uploads\/2017\/03\/125623_broadcast04-300x200.jpg 300w, https:\/\/www.drivelife.it\/news\/wp-content\/uploads\/2017\/03\/125623_broadcast04.jpg 1280w\" sizes=\"auto, (max-width: 1000px) 100vw, 1000px\" \/><\/a>\n\t\t\t<\/dt>\n\t\t\t\t<dd class='wp-caption-text gallery-caption' id='gallery-1-14723'>\n\t\t\t\tGeneva International Motor Show 2017 &#8211; GIMS 2017 &#8211; Palexpo\n\t\t\t\t<\/dd><\/dl><dl class='gallery-item'>\n\t\t\t<dt class='gallery-icon landscape'>\n\t\t\t\t<a href='https:\/\/www.drivelife.it\/news\/2017\/03\/17\/alpine-a110\/geneva-international-motor-show-2017-gims-2017-palexpo-35\/'><img loading=\"lazy\" decoding=\"async\" width=\"1000\" height=\"667\" src=\"https:\/\/www.drivelife.it\/news\/wp-content\/uploads\/2017\/03\/125623_broadcast05-1000x667.jpg\" class=\"attachment-large size-large no-lazy\" alt=\"\" aria-describedby=\"gallery-1-14724\" srcset=\"https:\/\/www.drivelife.it\/news\/wp-content\/uploads\/2017\/03\/125623_broadcast05-1000x667.jpg 1000w, https:\/\/www.drivelife.it\/news\/wp-content\/uploads\/2017\/03\/125623_broadcast05-620x414.jpg 620w, https:\/\/www.drivelife.it\/news\/wp-content\/uploads\/2017\/03\/125623_broadcast05-768x512.jpg 768w, https:\/\/www.drivelife.it\/news\/wp-content\/uploads\/2017\/03\/125623_broadcast05-300x200.jpg 300w, https:\/\/www.drivelife.it\/news\/wp-content\/uploads\/2017\/03\/125623_broadcast05.jpg 1280w\" sizes=\"auto, (max-width: 1000px) 100vw, 1000px\" \/><\/a>\n\t\t\t<\/dt>\n\t\t\t\t<dd class='wp-caption-text gallery-caption' id='gallery-1-14724'>\n\t\t\t\tGeneva International Motor Show 2017 &#8211; GIMS 2017 &#8211; Palexpo\n\t\t\t\t<\/dd><\/dl><dl class='gallery-item'>\n\t\t\t<dt class='gallery-icon landscape'>\n\t\t\t\t<a href='https:\/\/www.drivelife.it\/news\/2017\/03\/17\/alpine-a110\/geneva-international-motor-show-2017-gims-2017-palexpo-36\/'><img loading=\"lazy\" decoding=\"async\" width=\"1000\" height=\"666\" src=\"https:\/\/www.drivelife.it\/news\/wp-content\/uploads\/2017\/03\/125623_broadcast06-1000x666.jpg\" class=\"attachment-large size-large no-lazy\" alt=\"\" aria-describedby=\"gallery-1-14725\" srcset=\"https:\/\/www.drivelife.it\/news\/wp-content\/uploads\/2017\/03\/125623_broadcast06-1000x666.jpg 1000w, https:\/\/www.drivelife.it\/news\/wp-content\/uploads\/2017\/03\/125623_broadcast06-620x413.jpg 620w, https:\/\/www.drivelife.it\/news\/wp-content\/uploads\/2017\/03\/125623_broadcast06-768x512.jpg 768w, https:\/\/www.drivelife.it\/news\/wp-content\/uploads\/2017\/03\/125623_broadcast06-300x200.jpg 300w, https:\/\/www.drivelife.it\/news\/wp-content\/uploads\/2017\/03\/125623_broadcast06.jpg 1280w\" sizes=\"auto, (max-width: 1000px) 100vw, 1000px\" \/><\/a>\n\t\t\t<\/dt>\n\t\t\t\t<dd class='wp-caption-text gallery-caption' id='gallery-1-14725'>\n\t\t\t\tGeneva International Motor Show 2017 &#8211; GIMS 2017 &#8211; Palexpo\n\t\t\t\t<\/dd><\/dl>\n\t\t\t<br style='clear: both' \/>\n\t\t<\/div>\n<br \/>\n&nbsp;<br \/>\n\u201cTWITTA\u201d SU ALPINE A110 ALLA TUA RETE<br \/>\n&nbsp;<br \/>\n<strong>Twitter \/ timeline lucaatmrlukkor<\/strong><br \/>\n&nbsp;<br \/>\n<a class=\"twitter-timeline\" href=\"https:\/\/twitter.com\/lucaatmrlukkor\" data-widget-id=\"557957842121289728\">Tweet di @lucaatmrlukkor<\/a> <script>!function(d,s,id){var js,fjs=d.getElementsByTagName(s)[0],p=\/^http:\/.test(d.location)?'http':'https';if(!d.getElementById(id)){js=d.createElement(s);js.id=id;js.src=p+\":\/\/platform.twitter.com\/widgets.js\";fjs.parentNode.insertBefore(js,fjs);}}(document,\"script\",\"twitter-wjs\");<\/script><br \/>\n&nbsp;<br \/>\n&nbsp;<\/p>\n<h1><strong>GUARDA IN TV SU DRIVELIFE<\/strong><\/h1>\n<p>&nbsp;<\/p>\n<h1>\n&nbsp;<\/p>\n<h1>TRAILER PUNTATA IN TV<\/h1>\n<p>&nbsp;<\/p>\n<h1>SUBARU SNOW DRIVE EXPERIENCE<br \/>\n&#8220;ICE and SKY&#8221;<\/h1>\n<p>https:\/\/vimeo.com\/208096057<br \/>\n&nbsp;<\/p>\n<h1><strong>IN TV &#8211; RUBRICA TV AUTOMOTIVE DI 12\u201900\u201d &#8211; SOMMARIO, TIMING &#038; START<\/strong><\/h1>\n<p>&nbsp;<\/p>\n<h1>SOMMARIO, TIMING SERVIZI<br \/>\nSUBARU SNOW DRIVE EXPERIENCE, &#8220;ICE &#038; SKY&#8221;, ITW ANDREA PLACANI, 04&#8217;40&#8221; &#8211; SUBARU XV, 01&#8217;07&#8221; &#8211; MCLAREN 720 S, 00&#8217;55&#8221; &#8211; ALPINE A 110, 00&#8217;58&#8221; &#8211; FERRARI 812 SUPERFAST, 00&#8217;59&#8221; &#8211; FERRARI &#8217;70, 1947 \/ 2017, 01&#8217;38&#8221;<br \/>\n&#8211; <\/h1>\n<p>&nbsp;<\/p>\n<h2>START @ &#8211; SOMMARIO, START SERVIZI<br \/>\nSUBARU SNOW DRIVE EXPERIENCE, &#8220;ICE &#038; SKY&#8221;, ITW ANDREA PLACANI, 00&#8217;47&#8221; &#8211; SUBARU XV, 05&#8217;34&#8221; &#8211; MCLAREN 720 S, 06&#8217;46&#8221; &#8211; ALPINE A 110, 07&#8217;47&#8221; &#8211; FERRARI 812 SUPERFAST, 08&#8217;52&#8221; &#8211; FERRARI &#8217;70, 1947 \/ 2017, 09&#8217;55&#8221;<br \/>\n&#8211; <\/h2>\n<p>&nbsp;<br \/>\n#PEUGEOT 3008, FILM WINTER<br \/>\nhttps:\/\/vimeo.com\/201797982<br \/>\n&nbsp;<\/p>\n<blockquote class=\"wp-embedded-content\" data-secret=\"NlNzLzomFJ\"><p><a href=\"https:\/\/www.drivelife.it\/PEUGEOT3008\/\">Homepage<\/a><\/p><\/blockquote>\n<p><iframe loading=\"lazy\" class=\"wp-embedded-content\" sandbox=\"allow-scripts\" security=\"restricted\" style=\"position: absolute; visibility: hidden;\" title=\"&#8220;Homepage&#8221; &#8212; FILM WINTER\" src=\"https:\/\/www.drivelife.it\/PEUGEOT3008\/embed\/#?secret=vH7jNsuCLA#?secret=NlNzLzomFJ\" data-secret=\"NlNzLzomFJ\" width=\"500\" height=\"282\" frameborder=\"0\" marginwidth=\"0\" marginheight=\"0\" scrolling=\"no\"><\/iframe><br \/>\n&nbsp;<\/p>\n<blockquote>\n<h1>L\u2019AUTO IN TV: SUBARU LEVORG, SUBARU XV, SUBARU WRX STI, SUBARU OUTBACK, SUBARU FORESTER \u00a9lucaromanopix<\/h1>\n<\/blockquote>\n<p>&nbsp;<\/p>\n<h3>NB: qui, come per tutti gli articoli che drivelife pubblica on line, non \u00e8 un obbligo la corrispondenza tra il pubblicato della pagina e quanto messo in onda con la rubrica televisiva diffusa in tutta Italia.<\/h3>\n<p>&nbsp;<\/p>\n<h1>LA PUNTATA DI DRIVELIFE<br \/>\nSU VIMEO<\/h1>\n<p>&nbsp;<br \/>\n\u201cX_LE_TV\u201d &#8211; Ora online<br \/>\n&nbsp;<\/p>\n<h1>DRIVELIFE 2017,<br \/>\nfile per<br \/>\nPUNTATA DEL 18 MARZO<\/h1>\n<p>&nbsp;<br \/>\n&nbsp;<\/p>\n<h1>18\/3_x_LE_TV mp4, 1,10 GB<\/h1>\n<p>https:\/\/vimeo.com\/208807444<br \/>\n&nbsp;<br \/>\n&nbsp;<\/p>\n<h1>18\/3_x_LE_TV mpg, 0,55 GB<\/h1>\n<p>https:\/\/vimeo.com\/208805178<br \/>\n&nbsp;<br \/>\n&nbsp;<\/p>\n<h1>Subaru Forester LinearTronic<\/h1>\n<p>Pics \u00a9lucaromanopix<br \/>\nhttps:\/\/vimeo.com\/138285322<br \/>\n&nbsp;<br \/>\n<a href=\"http:\/\/vimeo.com\/drivelife\"><img decoding=\"async\" src=\"http:\/\/a.vimeocdn.com\/images_v6\/blogbadge_channels.png\" alt=\"Vimeo\" \/><\/a><\/p>\n<blockquote>\n<h1><strong>In TV con drivelife del 18 MARZO<\/strong><\/h1>\n<\/blockquote>\n<p><a href=\"https:\/\/flipboard.com\/@mrlukkor\/drivelife-q5flocp8y\" data-flip-widget=\"mag\">View my Flipboard Magazine.<\/a><\/p>\n<h2>Guarda di pi\u00f9 con drivelife<\/h2>\n<p style=\"color: #021eaa;\"><a href=\"http:\/\/car.18x24.it\">car.18&#215;24.it<\/a><\/p>\n<p style=\"color: #021eaa;\"><a href=\"http:\/\/www.drivelife.it\">www.drivelife.it<\/a><\/p>\n<p style=\"color: #021eaa;\"><a href=\"http:\/\/www.drivelife.it\/clip\/\">www.drivelife.it\/clip\/<\/a><\/p>\n<p style=\"color: #021eaa;\"><a href=\"http:\/\/www.drivelife.it\/dlnew\/\">www.drivelife.it\/dlnew\/<\/a><\/p>\n<p style=\"color: #021eaa;\"><a href=\"http:\/\/www.drivelife.it\/moto\/\">www.drivelife.it\/moto\/<\/a><\/p>\n<p style=\"color: #021eaa;\"><a href=\"http:\/\/www.drivelife.it\/car\/\">www.drivelife.it\/car\/<\/a><\/p>\n<p style=\"color: #021eaa;\"><a href=\"http:\/\/www.drivelife.it\/drivelifeintv\/\">www.drivelife.it\/drivelifeintv\/<\/a><\/p>\n<p style=\"color: #021eaa;\"><a href=\"http:\/\/www.drivelife.it\/pics\/\">www.drivelife.it\/pics\/<\/a><\/p>\n<p style=\"color: #021eaa;\"><a href=\"http:\/\/www.drivelife.it\/dresscode\/\">www.drivelife.it\/dresscode\/<\/a><\/p>\n<p style=\"color: #021eaa;\"><a href=\"https:\/\/twitter.com\/tweetdrivelife\">twitter.com\/tweetdrivelife<\/a><\/p>\n<p style=\"color: #021eaa;\"><a href=\"https:\/\/flipboard.com\/@mrlukkor\/drivelife-q5flocp8y\">flipboard.com\/@mrlukkor\/drivelife<\/a><\/p>\n<p>&nbsp;<br \/>\nCredit clip&#038;pic, quando pubblicato<br \/>\nTutte le fotografie e le clip \u00a9lucaromanopix<br \/>\n<strong>Vietata la riproduzione e la diffusione su e con qualsiasi mezzo e\/o social network senza il consenso scritto dell&#8217;autore. Le fotografie sono file con firma digitale. Le fotografie sono protette secondo le norme vigenti in Italia del diritto d\u2019autore. <\/strong><br \/>\n&nbsp;<\/p>\n<h2>\n<blockquote><p>Once Ansel Adams said:<br \/>\n &nbsp;<br \/>\n\u201cThe single most important component of a camera is the twelve inches behind it\u201d.<\/p><\/blockquote>\n<\/h2>\n<p>&nbsp;<br \/>\n<strong>INSTAGRAM \/ lucaromano_pix<\/strong><br \/>\n&nbsp;<\/p>\n<style>.ig-b- { display: inline-block; }\n.ig-b- img { visibility: hidden; }\n.ig-b-:hover { background-position: 0 -60px; } .ig-b-:active { background-position: 0 -120px; }\n.ig-b-v-24 { width: 137px; height: 24px; background: url(\/\/badges.instagram.com\/static\/images\/ig-badge-view-sprite-24.png) no-repeat 0 0; }\n@media only screen and (-webkit-min-device-pixel-ratio: 2), only screen and (min--moz-device-pixel-ratio: 2), only screen and (-o-min-device-pixel-ratio: 2 \/ 1), only screen and (min-device-pixel-ratio: 2), only screen and (min-resolution: 192dpi), only screen and (min-resolution: 2dppx) {\n.ig-b-v-24 { background-image: url(\/\/badges.instagram.com\/static\/images\/ig-badge-view-sprite-24@2x.png); background-size: 160px 178px; } }<\/style>\n<p><a href=\"http:\/\/instagram.com\/lucaromano_pix?ref=badge\" class=\"ig-b- ig-b-v-24\"><img decoding=\"async\" src=\"\/\/badges.instagram.com\/static\/images\/ig-badge-view-24.png\" alt=\"Instagram\" \/><\/a><\/p>\n<p>&nbsp;<\/p>\n","protected":false},"excerpt":{"rendered":"<p>ALPINE A110, VISTA A GINEVRA 2017 ARRIVA IN ITALIA ENTRO L&#8217;ANNO AL PREZZO DI 60 K &#8211; IN TV SU DRIVELIFE DI 18\/3<\/p>\n","protected":false},"author":1,"featured_media":14706,"comment_status":"open","ping_status":"open","sticky":false,"template":"","format":"video","meta":{"ngg_post_thumbnail":0,"footnotes":""},"categories":[1122,39,52,55,71,999,53],"tags":[1079,670,671,1113,1123,587,912,1117,1118,37,1080,1124,1111,538,23,804,1109,1110,798,1116,1112,1114,1115,1081],"class_list":["post-14705","post","type-post","status-publish","format-video","has-post-thumbnail","hentry","category-alpine","category-automotive","category-gallery","category-news","category-puntata-drivelife","category-999","category-video","tag-1079","tag-4wd","tag-4x4","tag-adw","tag-alpine-a110","tag-andrea-placani","tag-caffehinaluke","tag-drift","tag-driftcar","tag-drivelife","tag-furlo","tag-ginevra-2017","tag-ice-and-sky","tag-lucaromanopix","tag-mrlukkor","tag-peugeot","tag-puntata-18-marzo","tag-snow-drive-experience","tag-subaru","tag-subaru-driving-school","tag-subaru-italia","tag-symmetrical-awd","tag-trazione-integrale","tag-winter","post_format-post-format-video"],"yoast_head":"<!-- This site is optimized with the Yoast SEO plugin v27.5 - https:\/\/yoast.com\/product\/yoast-seo-wordpress\/ -->\n<title>ALPINE A110 - #lucalife<\/title>\n<meta name=\"description\" content=\"VISTA A GINEVRA 2017 ARRIVA IN ITALIA ENTRO L&#039;ANNO AL PREZZO DI 60 K - IN TV SU DRIVELIFE DI 18\/3\" \/>\n<meta name=\"robots\" content=\"index, follow, max-snippet:-1, max-image-preview:large, max-video-preview:-1\" \/>\n<link rel=\"canonical\" href=\"https:\/\/www.drivelife.it\/news\/2017\/03\/17\/alpine-a110\/\" \/>\n<meta property=\"og:locale\" content=\"en_US\" \/>\n<meta property=\"og:type\" content=\"article\" \/>\n<meta property=\"og:title\" content=\"ALPINE A110 - #lucalife\" \/>\n<meta property=\"og:description\" content=\"VISTA A GINEVRA 2017 ARRIVA IN ITALIA ENTRO L&#039;ANNO AL PREZZO DI 60 K - IN TV SU DRIVELIFE DI 18\/3\" \/>\n<meta property=\"og:url\" content=\"https:\/\/www.drivelife.it\/news\/2017\/03\/17\/alpine-a110\/\" \/>\n<meta property=\"og:site_name\" content=\"#lucalife\" \/>\n<meta property=\"article:publisher\" content=\"https:\/\/www.facebook.com\/pages\/Drivelife\/467833073239720\" \/>\n<meta property=\"article:published_time\" content=\"2017-03-17T12:03:54+00:00\" \/>\n<meta property=\"article:modified_time\" content=\"2017-03-18T12:20:29+00:00\" \/>\n<meta property=\"og:image\" content=\"https:\/\/www.drivelife.it\/news\/wp-content\/uploads\/2017\/03\/125623_broadcast20.jpg\" \/>\n\t<meta property=\"og:image:width\" content=\"1280\" \/>\n\t<meta property=\"og:image:height\" content=\"854\" \/>\n\t<meta property=\"og:image:type\" content=\"image\/jpeg\" \/>\n<meta name=\"author\" content=\"Redazione\" \/>\n<meta name=\"twitter:card\" content=\"summary_large_image\" \/>\n<meta name=\"twitter:creator\" content=\"@tweetdrivelife\" \/>\n<meta name=\"twitter:site\" content=\"@tweetdrivelife\" \/>\n<meta name=\"twitter:label1\" content=\"Written by\" \/>\n\t<meta name=\"twitter:data1\" content=\"Redazione\" \/>\n\t<meta name=\"twitter:label2\" content=\"Est. reading time\" \/>\n\t<meta name=\"twitter:data2\" content=\"4 minutes\" \/>\n<script type=\"application\/ld+json\" class=\"yoast-schema-graph\">{\"@context\":\"https:\\\/\\\/schema.org\",\"@graph\":[{\"@type\":\"Article\",\"@id\":\"https:\\\/\\\/www.drivelife.it\\\/news\\\/2017\\\/03\\\/17\\\/alpine-a110\\\/#article\",\"isPartOf\":{\"@id\":\"https:\\\/\\\/www.drivelife.it\\\/news\\\/2017\\\/03\\\/17\\\/alpine-a110\\\/\"},\"author\":{\"name\":\"Redazione\",\"@id\":\"https:\\\/\\\/www.drivelife.it\\\/news\\\/#\\\/schema\\\/person\\\/b6c194c3423ff451be4914f5fd9c2188\"},\"headline\":\"ALPINE A110\",\"datePublished\":\"2017-03-17T12:03:54+00:00\",\"dateModified\":\"2017-03-18T12:20:29+00:00\",\"mainEntityOfPage\":{\"@id\":\"https:\\\/\\\/www.drivelife.it\\\/news\\\/2017\\\/03\\\/17\\\/alpine-a110\\\/\"},\"wordCount\":713,\"commentCount\":0,\"image\":{\"@id\":\"https:\\\/\\\/www.drivelife.it\\\/news\\\/2017\\\/03\\\/17\\\/alpine-a110\\\/#primaryimage\"},\"thumbnailUrl\":\"https:\\\/\\\/www.drivelife.it\\\/news\\\/wp-content\\\/uploads\\\/2017\\\/03\\\/125623_broadcast20.jpg\",\"keywords\":[\"3008\",\"4wd\",\"4x4\",\"adw\",\"Alpine A110\",\"andrea placani\",\"caffehinaluke\",\"drift\",\"driftcar\",\"DRIVELIFE\",\"furlo\",\"ginevra 2017\",\"ice and sky\",\"lucaromanopix\",\"MRLUKKOR\",\"PEUGEOT\",\"puntata 18 marzo\",\"snow drive experience\",\"SUBARU\",\"subaru driving school\",\"subaru italia\",\"symmetrical AWD\",\"trazione integrale\",\"winter\"],\"articleSection\":[\"ALPINE\",\"AUTOMOTIVE\",\"GALLERY AUTOMOTIVE\",\"NEWS\",\"PUNTATA DRIVELIFE\",\"PUNTATE DRIVELIFE TV 2017\",\"VIDEO\"],\"inLanguage\":\"en-US\",\"potentialAction\":[{\"@type\":\"CommentAction\",\"name\":\"Comment\",\"target\":[\"https:\\\/\\\/www.drivelife.it\\\/news\\\/2017\\\/03\\\/17\\\/alpine-a110\\\/#respond\"]}]},{\"@type\":\"WebPage\",\"@id\":\"https:\\\/\\\/www.drivelife.it\\\/news\\\/2017\\\/03\\\/17\\\/alpine-a110\\\/\",\"url\":\"https:\\\/\\\/www.drivelife.it\\\/news\\\/2017\\\/03\\\/17\\\/alpine-a110\\\/\",\"name\":\"ALPINE A110 - #lucalife\",\"isPartOf\":{\"@id\":\"https:\\\/\\\/www.drivelife.it\\\/news\\\/#website\"},\"primaryImageOfPage\":{\"@id\":\"https:\\\/\\\/www.drivelife.it\\\/news\\\/2017\\\/03\\\/17\\\/alpine-a110\\\/#primaryimage\"},\"image\":{\"@id\":\"https:\\\/\\\/www.drivelife.it\\\/news\\\/2017\\\/03\\\/17\\\/alpine-a110\\\/#primaryimage\"},\"thumbnailUrl\":\"https:\\\/\\\/www.drivelife.it\\\/news\\\/wp-content\\\/uploads\\\/2017\\\/03\\\/125623_broadcast20.jpg\",\"datePublished\":\"2017-03-17T12:03:54+00:00\",\"dateModified\":\"2017-03-18T12:20:29+00:00\",\"author\":{\"@id\":\"https:\\\/\\\/www.drivelife.it\\\/news\\\/#\\\/schema\\\/person\\\/b6c194c3423ff451be4914f5fd9c2188\"},\"description\":\"VISTA A GINEVRA 2017 ARRIVA IN ITALIA ENTRO L'ANNO AL PREZZO DI 60 K - IN TV SU DRIVELIFE DI 18\\\/3\",\"breadcrumb\":{\"@id\":\"https:\\\/\\\/www.drivelife.it\\\/news\\\/2017\\\/03\\\/17\\\/alpine-a110\\\/#breadcrumb\"},\"inLanguage\":\"en-US\",\"potentialAction\":[{\"@type\":\"ReadAction\",\"target\":[\"https:\\\/\\\/www.drivelife.it\\\/news\\\/2017\\\/03\\\/17\\\/alpine-a110\\\/\"]}]},{\"@type\":\"ImageObject\",\"inLanguage\":\"en-US\",\"@id\":\"https:\\\/\\\/www.drivelife.it\\\/news\\\/2017\\\/03\\\/17\\\/alpine-a110\\\/#primaryimage\",\"url\":\"https:\\\/\\\/www.drivelife.it\\\/news\\\/wp-content\\\/uploads\\\/2017\\\/03\\\/125623_broadcast20.jpg\",\"contentUrl\":\"https:\\\/\\\/www.drivelife.it\\\/news\\\/wp-content\\\/uploads\\\/2017\\\/03\\\/125623_broadcast20.jpg\",\"width\":1280,\"height\":854,\"caption\":\"ALPINE A110 - Geneva International Motor Show 2017 - GIMS 2017 - Palexpo - IN TV SU DRIVELIFE DEL 18MARZO\"},{\"@type\":\"BreadcrumbList\",\"@id\":\"https:\\\/\\\/www.drivelife.it\\\/news\\\/2017\\\/03\\\/17\\\/alpine-a110\\\/#breadcrumb\",\"itemListElement\":[{\"@type\":\"ListItem\",\"position\":1,\"name\":\"Home\",\"item\":\"https:\\\/\\\/www.drivelife.it\\\/news\\\/\"},{\"@type\":\"ListItem\",\"position\":2,\"name\":\"ALPINE A110\"}]},{\"@type\":\"WebSite\",\"@id\":\"https:\\\/\\\/www.drivelife.it\\\/news\\\/#website\",\"url\":\"https:\\\/\\\/www.drivelife.it\\\/news\\\/\",\"name\":\"#lucalife\",\"description\":\"DRIVELIFE le mie automobili\",\"potentialAction\":[{\"@type\":\"SearchAction\",\"target\":{\"@type\":\"EntryPoint\",\"urlTemplate\":\"https:\\\/\\\/www.drivelife.it\\\/news\\\/?s={search_term_string}\"},\"query-input\":{\"@type\":\"PropertyValueSpecification\",\"valueRequired\":true,\"valueName\":\"search_term_string\"}}],\"inLanguage\":\"en-US\"},{\"@type\":\"Person\",\"@id\":\"https:\\\/\\\/www.drivelife.it\\\/news\\\/#\\\/schema\\\/person\\\/b6c194c3423ff451be4914f5fd9c2188\",\"name\":\"Redazione\",\"image\":{\"@type\":\"ImageObject\",\"inLanguage\":\"en-US\",\"@id\":\"https:\\\/\\\/secure.gravatar.com\\\/avatar\\\/8d186f6b07ba8a94441344759f0e13bf1909b6ceaa171df0425551b4590fd558?s=96&d=mm&r=g\",\"url\":\"https:\\\/\\\/secure.gravatar.com\\\/avatar\\\/8d186f6b07ba8a94441344759f0e13bf1909b6ceaa171df0425551b4590fd558?s=96&d=mm&r=g\",\"contentUrl\":\"https:\\\/\\\/secure.gravatar.com\\\/avatar\\\/8d186f6b07ba8a94441344759f0e13bf1909b6ceaa171df0425551b4590fd558?s=96&d=mm&r=g\",\"caption\":\"Redazione\"},\"url\":\"https:\\\/\\\/www.drivelife.it\\\/news\\\/author\\\/admin\\\/\"}]}<\/script>\n<!-- \/ Yoast SEO plugin. -->","yoast_head_json":{"title":"ALPINE A110 - #lucalife","description":"VISTA A GINEVRA 2017 ARRIVA IN ITALIA ENTRO L'ANNO AL PREZZO DI 60 K - IN TV SU DRIVELIFE DI 18\/3","robots":{"index":"index","follow":"follow","max-snippet":"max-snippet:-1","max-image-preview":"max-image-preview:large","max-video-preview":"max-video-preview:-1"},"canonical":"https:\/\/www.drivelife.it\/news\/2017\/03\/17\/alpine-a110\/","og_locale":"en_US","og_type":"article","og_title":"ALPINE A110 - #lucalife","og_description":"VISTA A GINEVRA 2017 ARRIVA IN ITALIA ENTRO L'ANNO AL PREZZO DI 60 K - IN TV SU DRIVELIFE DI 18\/3","og_url":"https:\/\/www.drivelife.it\/news\/2017\/03\/17\/alpine-a110\/","og_site_name":"#lucalife","article_publisher":"https:\/\/www.facebook.com\/pages\/Drivelife\/467833073239720","article_published_time":"2017-03-17T12:03:54+00:00","article_modified_time":"2017-03-18T12:20:29+00:00","og_image":[{"width":1280,"height":854,"url":"https:\/\/www.drivelife.it\/news\/wp-content\/uploads\/2017\/03\/125623_broadcast20.jpg","type":"image\/jpeg"}],"author":"Redazione","twitter_card":"summary_large_image","twitter_creator":"@tweetdrivelife","twitter_site":"@tweetdrivelife","twitter_misc":{"Written by":"Redazione","Est. reading time":"4 minutes"},"schema":{"@context":"https:\/\/schema.org","@graph":[{"@type":"Article","@id":"https:\/\/www.drivelife.it\/news\/2017\/03\/17\/alpine-a110\/#article","isPartOf":{"@id":"https:\/\/www.drivelife.it\/news\/2017\/03\/17\/alpine-a110\/"},"author":{"name":"Redazione","@id":"https:\/\/www.drivelife.it\/news\/#\/schema\/person\/b6c194c3423ff451be4914f5fd9c2188"},"headline":"ALPINE A110","datePublished":"2017-03-17T12:03:54+00:00","dateModified":"2017-03-18T12:20:29+00:00","mainEntityOfPage":{"@id":"https:\/\/www.drivelife.it\/news\/2017\/03\/17\/alpine-a110\/"},"wordCount":713,"commentCount":0,"image":{"@id":"https:\/\/www.drivelife.it\/news\/2017\/03\/17\/alpine-a110\/#primaryimage"},"thumbnailUrl":"https:\/\/www.drivelife.it\/news\/wp-content\/uploads\/2017\/03\/125623_broadcast20.jpg","keywords":["3008","4wd","4x4","adw","Alpine A110","andrea placani","caffehinaluke","drift","driftcar","DRIVELIFE","furlo","ginevra 2017","ice and sky","lucaromanopix","MRLUKKOR","PEUGEOT","puntata 18 marzo","snow drive experience","SUBARU","subaru driving school","subaru italia","symmetrical AWD","trazione integrale","winter"],"articleSection":["ALPINE","AUTOMOTIVE","GALLERY AUTOMOTIVE","NEWS","PUNTATA DRIVELIFE","PUNTATE DRIVELIFE TV 2017","VIDEO"],"inLanguage":"en-US","potentialAction":[{"@type":"CommentAction","name":"Comment","target":["https:\/\/www.drivelife.it\/news\/2017\/03\/17\/alpine-a110\/#respond"]}]},{"@type":"WebPage","@id":"https:\/\/www.drivelife.it\/news\/2017\/03\/17\/alpine-a110\/","url":"https:\/\/www.drivelife.it\/news\/2017\/03\/17\/alpine-a110\/","name":"ALPINE A110 - #lucalife","isPartOf":{"@id":"https:\/\/www.drivelife.it\/news\/#website"},"primaryImageOfPage":{"@id":"https:\/\/www.drivelife.it\/news\/2017\/03\/17\/alpine-a110\/#primaryimage"},"image":{"@id":"https:\/\/www.drivelife.it\/news\/2017\/03\/17\/alpine-a110\/#primaryimage"},"thumbnailUrl":"https:\/\/www.drivelife.it\/news\/wp-content\/uploads\/2017\/03\/125623_broadcast20.jpg","datePublished":"2017-03-17T12:03:54+00:00","dateModified":"2017-03-18T12:20:29+00:00","author":{"@id":"https:\/\/www.drivelife.it\/news\/#\/schema\/person\/b6c194c3423ff451be4914f5fd9c2188"},"description":"VISTA A GINEVRA 2017 ARRIVA IN ITALIA ENTRO L'ANNO AL PREZZO DI 60 K - IN TV SU DRIVELIFE DI 18\/3","breadcrumb":{"@id":"https:\/\/www.drivelife.it\/news\/2017\/03\/17\/alpine-a110\/#breadcrumb"},"inLanguage":"en-US","potentialAction":[{"@type":"ReadAction","target":["https:\/\/www.drivelife.it\/news\/2017\/03\/17\/alpine-a110\/"]}]},{"@type":"ImageObject","inLanguage":"en-US","@id":"https:\/\/www.drivelife.it\/news\/2017\/03\/17\/alpine-a110\/#primaryimage","url":"https:\/\/www.drivelife.it\/news\/wp-content\/uploads\/2017\/03\/125623_broadcast20.jpg","contentUrl":"https:\/\/www.drivelife.it\/news\/wp-content\/uploads\/2017\/03\/125623_broadcast20.jpg","width":1280,"height":854,"caption":"ALPINE A110 - Geneva International Motor Show 2017 - GIMS 2017 - Palexpo - IN TV SU DRIVELIFE DEL 18MARZO"},{"@type":"BreadcrumbList","@id":"https:\/\/www.drivelife.it\/news\/2017\/03\/17\/alpine-a110\/#breadcrumb","itemListElement":[{"@type":"ListItem","position":1,"name":"Home","item":"https:\/\/www.drivelife.it\/news\/"},{"@type":"ListItem","position":2,"name":"ALPINE A110"}]},{"@type":"WebSite","@id":"https:\/\/www.drivelife.it\/news\/#website","url":"https:\/\/www.drivelife.it\/news\/","name":"#lucalife","description":"DRIVELIFE le mie automobili","potentialAction":[{"@type":"SearchAction","target":{"@type":"EntryPoint","urlTemplate":"https:\/\/www.drivelife.it\/news\/?s={search_term_string}"},"query-input":{"@type":"PropertyValueSpecification","valueRequired":true,"valueName":"search_term_string"}}],"inLanguage":"en-US"},{"@type":"Person","@id":"https:\/\/www.drivelife.it\/news\/#\/schema\/person\/b6c194c3423ff451be4914f5fd9c2188","name":"Redazione","image":{"@type":"ImageObject","inLanguage":"en-US","@id":"https:\/\/secure.gravatar.com\/avatar\/8d186f6b07ba8a94441344759f0e13bf1909b6ceaa171df0425551b4590fd558?s=96&d=mm&r=g","url":"https:\/\/secure.gravatar.com\/avatar\/8d186f6b07ba8a94441344759f0e13bf1909b6ceaa171df0425551b4590fd558?s=96&d=mm&r=g","contentUrl":"https:\/\/secure.gravatar.com\/avatar\/8d186f6b07ba8a94441344759f0e13bf1909b6ceaa171df0425551b4590fd558?s=96&d=mm&r=g","caption":"Redazione"},"url":"https:\/\/www.drivelife.it\/news\/author\/admin\/"}]}},"amp_enabled":true,"_links":{"self":[{"href":"https:\/\/www.drivelife.it\/news\/wp-json\/wp\/v2\/posts\/14705","targetHints":{"allow":["GET"]}}],"collection":[{"href":"https:\/\/www.drivelife.it\/news\/wp-json\/wp\/v2\/posts"}],"about":[{"href":"https:\/\/www.drivelife.it\/news\/wp-json\/wp\/v2\/types\/post"}],"author":[{"embeddable":true,"href":"https:\/\/www.drivelife.it\/news\/wp-json\/wp\/v2\/users\/1"}],"replies":[{"embeddable":true,"href":"https:\/\/www.drivelife.it\/news\/wp-json\/wp\/v2\/comments?post=14705"}],"version-history":[{"count":1,"href":"https:\/\/www.drivelife.it\/news\/wp-json\/wp\/v2\/posts\/14705\/revisions"}],"predecessor-version":[{"id":14726,"href":"https:\/\/www.drivelife.it\/news\/wp-json\/wp\/v2\/posts\/14705\/revisions\/14726"}],"wp:featuredmedia":[{"embeddable":true,"href":"https:\/\/www.drivelife.it\/news\/wp-json\/wp\/v2\/media\/14706"}],"wp:attachment":[{"href":"https:\/\/www.drivelife.it\/news\/wp-json\/wp\/v2\/media?parent=14705"}],"wp:term":[{"taxonomy":"category","embeddable":true,"href":"https:\/\/www.drivelife.it\/news\/wp-json\/wp\/v2\/categories?post=14705"},{"taxonomy":"post_tag","embeddable":true,"href":"https:\/\/www.drivelife.it\/news\/wp-json\/wp\/v2\/tags?post=14705"}],"curies":[{"name":"wp","href":"https:\/\/api.w.org\/{rel}","templated":true}]}}