{"id":14685,"date":"2017-03-18T11:10:22","date_gmt":"2017-03-18T11:10:22","guid":{"rendered":"http:\/\/www.drivelife.it\/news\/?p=14685"},"modified":"2017-03-18T11:10:22","modified_gmt":"2017-03-18T11:10:22","slug":"subaru-xv-ginetvra-2017-in-tv","status":"publish","type":"post","link":"https:\/\/www.drivelife.it\/news\/2017\/03\/18\/subaru-xv-ginetvra-2017-in-tv\/","title":{"rendered":"SUBARU XV"},"content":{"rendered":"<p><div id=\"attachment_14686\" style=\"width: 730px\" class=\"wp-caption alignnone\"><img loading=\"lazy\" decoding=\"async\" aria-describedby=\"caption-attachment-14686\" src=\"http:\/\/www.drivelife.it\/news\/wp-content\/uploads\/2017\/03\/125652_broadcast07-1000x666.jpg\" alt=\"SUBARU XV - Geneva International Motor Show 2017 - GIMS 2017 - Palexpo - IN TV SU DRIVELIFE DEL 18 MARZO\" width=\"720\" height=\"480\" class=\"size-large wp-image-14686\" srcset=\"https:\/\/www.drivelife.it\/news\/wp-content\/uploads\/2017\/03\/125652_broadcast07-1000x666.jpg 1000w, https:\/\/www.drivelife.it\/news\/wp-content\/uploads\/2017\/03\/125652_broadcast07-620x413.jpg 620w, https:\/\/www.drivelife.it\/news\/wp-content\/uploads\/2017\/03\/125652_broadcast07-768x511.jpg 768w, https:\/\/www.drivelife.it\/news\/wp-content\/uploads\/2017\/03\/125652_broadcast07-300x200.jpg 300w, https:\/\/www.drivelife.it\/news\/wp-content\/uploads\/2017\/03\/125652_broadcast07.jpg 1280w\" sizes=\"auto, (max-width: 720px) 100vw, 720px\" \/><p id=\"caption-attachment-14686\" class=\"wp-caption-text\">SUBARU XV &#8211; Geneva International Motor Show 2017 &#8211; GIMS 2017 &#8211; Palexpo &#8211; IN TV SU DRIVELIFE DEL 18 MARZO<\/p><\/div><br \/>\nSUBARU XV &#8211; 01\u201907\u201d &#8211; In TV il 18\/3.<br \/>\n<strong><\/p>\n<h1>PICCOLA? NO, POSSENTE E DI PRESENZA<\/h1>\n<p><\/strong><br \/>\n&nbsp;<\/p>\n<h2><em><strong>ANCHE IN DIMENSIONI CONTENUTE, QUELLA DELLA XV, SUBARU \u00c8 CAPACE DI ESPRIMERE LA FORZA ED IL CARATTERE DA LOTTATORE CHE SEGNA OGNI SUO MODELLO<\/h2>\n<p><\/em><\/strong><br \/>\n&nbsp;<br \/>\n&nbsp;<br \/>\nhttps:\/\/vimeo.com\/208807444<br \/>\n&nbsp;<br \/>\n&nbsp;<\/p>\n<blockquote>\n<h1>CON LA NUOVA XV APPENA PRESENTATA A GINEVRA SUBARU INTRODUCE LA PIATTAFORMA MODULARE PER I SUOI MODELLI PER SICUREZZA, CONFORT E DINAMICA DI MARCIA NEL RISPETTO DEI CANONI DI STILE E BILANCIAMENTO DEI PESI E SISTEMA DI TRAZIONE<\/h1>\n<\/blockquote>\n<p>&nbsp;<br \/>\nPer migliorarla hanno dovuto cambiare tutto. Nel senso che raggiunta la perfezione, l\u2019equilibrio tra il sistema di trazione e la dinamica di marcia, i consumi e le prestazioni restava una sola cosa da fare. Ricominciare da zero.<br \/>\n&nbsp;<br \/>\nCon la nuova versione della XV, presentata a Ginevra, Subaru riscrive tutti i canoni della sua intermedia di gamma.<br \/>\n&nbsp;<br \/>\nPer far questo e dare vita ad un modello con lo stesso nome ma che fosse capace di offrire ancora di pi\u00f9 del precedente hanno progettato tutto exnovo a cominciare dal telaio.<br \/>\n&nbsp;<br \/>\nOra, \u00e8 una piattaforma globale, con la Subaru Global Platform, la XV \u00e8 pi\u00f9 rigida, pi\u00f9 confortevole e offre pi\u00f9 spunti di creativit\u00e0 ai designer tanto per lo stile della carrozzeria tanto per la funzionalit\u00e0, l\u2019accoglienza e flessibilit\u00e0 degli interni.<br \/>\n&nbsp;<br \/>\nIl design che evoca un carattere impetuoso, tipico di ogni Subaru, mette in evidenza le dimensioni della XV, forme sportive, bassa e larga, con in forte evidenza i nuovi gruppi ottici che contribuiscono ad una presenza su strada DIREMMO caratteriale.<br \/>\n&nbsp;<br \/>\nLa nuova piattaforma ospita il sistema Symmetrical AWD ed il motore boxer due litri, anche con cambio Lineartronic con sette marce. Di serie il dispositivo di sicurezza EyeSight.<br \/>\n&nbsp;<br \/>\n&nbsp;<br \/>\n<strong>di drivelife &#8211; DURATA, 01\u201907\u201d &#8211; IN TV CON DRIVELIFE DEL 18 MARZO 2017<\/strong> &#8211; <em><strong>(da drivelife per TV del 18 MARZO 2017) &#8211; SUBARU XV, 01\u201907\u201d \/ START @ 05\u201934\u201d &#8211; <\/strong><\/em><br \/>\n&nbsp;<br \/>\n<a data-flip-widget=\"flipit\" href=\"https:\/\/flipboard.com\">Add to Flipboard Magazine.<\/a><script src=\"https:\/\/cdn.flipboard.com\/web\/buttons\/js\/flbuttons.min.js\" type=\"text\/javascript\"><\/script><br \/>\n&nbsp;<br \/>\n&nbsp;<\/p>\n<h2>\/GALLERIA FOTOGRAFICA<br \/>\nSUBARU XV<\/h2>\n<p>&nbsp;<br \/>\n\n\t\t<style>\n\t\t\t#gallery-1 {\n\t\t\t\tmargin: auto;\n\t\t\t}\n\t\t\t#gallery-1 .gallery-item {\n\t\t\t\tfloat: left;\n\t\t\t\tmargin-top: 10px;\n\t\t\t\ttext-align: center;\n\t\t\t\twidth: 25%;\n\t\t\t}\n\t\t\t#gallery-1 img {\n\t\t\t\tborder: 2px solid #cfcfcf;\n\t\t\t}\n\t\t\t#gallery-1 .gallery-caption {\n\t\t\t\tmargin-left: 0;\n\t\t\t}\n\t\t\t\/* see gallery_shortcode() in wp-includes\/media.php *\/\n\t\t<\/style>\n\t\t<div id='gallery-1' class='gallery galleryid-14685 gallery-columns-4 gallery-size-large'><dl class='gallery-item'>\n\t\t\t<dt class='gallery-icon landscape'>\n\t\t\t\t<a href='https:\/\/www.drivelife.it\/news\/2017\/03\/18\/subaru-xv-ginetvra-2017-in-tv\/geneva-international-motor-show-2017-gims-2017-palexpo-7\/'><img loading=\"lazy\" decoding=\"async\" width=\"1000\" height=\"666\" src=\"https:\/\/www.drivelife.it\/news\/wp-content\/uploads\/2017\/03\/125652_broadcast03-1000x666.jpg\" class=\"attachment-large size-large no-lazy\" alt=\"\" aria-describedby=\"gallery-1-14692\" srcset=\"https:\/\/www.drivelife.it\/news\/wp-content\/uploads\/2017\/03\/125652_broadcast03-1000x666.jpg 1000w, https:\/\/www.drivelife.it\/news\/wp-content\/uploads\/2017\/03\/125652_broadcast03-620x413.jpg 620w, https:\/\/www.drivelife.it\/news\/wp-content\/uploads\/2017\/03\/125652_broadcast03-768x511.jpg 768w, https:\/\/www.drivelife.it\/news\/wp-content\/uploads\/2017\/03\/125652_broadcast03-300x200.jpg 300w, https:\/\/www.drivelife.it\/news\/wp-content\/uploads\/2017\/03\/125652_broadcast03.jpg 1280w\" sizes=\"auto, (max-width: 1000px) 100vw, 1000px\" \/><\/a>\n\t\t\t<\/dt>\n\t\t\t\t<dd class='wp-caption-text gallery-caption' id='gallery-1-14692'>\n\t\t\t\tGeneva International Motor Show 2017 &#8211; GIMS 2017 &#8211; Palexpo\n\t\t\t\t<\/dd><\/dl><dl class='gallery-item'>\n\t\t\t<dt class='gallery-icon landscape'>\n\t\t\t\t<a href='https:\/\/www.drivelife.it\/news\/2017\/03\/18\/subaru-xv-ginetvra-2017-in-tv\/geneva-international-motor-show-2017-gims-2017-palexpo-3\/'><img loading=\"lazy\" decoding=\"async\" width=\"1000\" height=\"666\" src=\"https:\/\/www.drivelife.it\/news\/wp-content\/uploads\/2017\/03\/125652_broadcast07-1-1000x666.jpg\" class=\"attachment-large size-large no-lazy\" alt=\"\" aria-describedby=\"gallery-1-14688\" srcset=\"https:\/\/www.drivelife.it\/news\/wp-content\/uploads\/2017\/03\/125652_broadcast07-1-1000x666.jpg 1000w, https:\/\/www.drivelife.it\/news\/wp-content\/uploads\/2017\/03\/125652_broadcast07-1-620x413.jpg 620w, https:\/\/www.drivelife.it\/news\/wp-content\/uploads\/2017\/03\/125652_broadcast07-1-768x511.jpg 768w, https:\/\/www.drivelife.it\/news\/wp-content\/uploads\/2017\/03\/125652_broadcast07-1-300x200.jpg 300w, https:\/\/www.drivelife.it\/news\/wp-content\/uploads\/2017\/03\/125652_broadcast07-1.jpg 1280w\" sizes=\"auto, (max-width: 1000px) 100vw, 1000px\" \/><\/a>\n\t\t\t<\/dt>\n\t\t\t\t<dd class='wp-caption-text gallery-caption' id='gallery-1-14688'>\n\t\t\t\tGeneva International Motor Show 2017 &#8211; GIMS 2017 &#8211; Palexpo\n\t\t\t\t<\/dd><\/dl><dl class='gallery-item'>\n\t\t\t<dt class='gallery-icon landscape'>\n\t\t\t\t<a href='https:\/\/www.drivelife.it\/news\/2017\/03\/18\/subaru-xv-ginetvra-2017-in-tv\/geneva-international-motor-show-2017-gims-2017-palexpo-4\/'><img loading=\"lazy\" decoding=\"async\" width=\"1000\" height=\"666\" src=\"https:\/\/www.drivelife.it\/news\/wp-content\/uploads\/2017\/03\/125652_broadcast08-1000x666.jpg\" class=\"attachment-large size-large no-lazy\" alt=\"\" aria-describedby=\"gallery-1-14689\" srcset=\"https:\/\/www.drivelife.it\/news\/wp-content\/uploads\/2017\/03\/125652_broadcast08-1000x666.jpg 1000w, https:\/\/www.drivelife.it\/news\/wp-content\/uploads\/2017\/03\/125652_broadcast08-620x413.jpg 620w, https:\/\/www.drivelife.it\/news\/wp-content\/uploads\/2017\/03\/125652_broadcast08-768x511.jpg 768w, https:\/\/www.drivelife.it\/news\/wp-content\/uploads\/2017\/03\/125652_broadcast08-300x200.jpg 300w, https:\/\/www.drivelife.it\/news\/wp-content\/uploads\/2017\/03\/125652_broadcast08.jpg 1280w\" sizes=\"auto, (max-width: 1000px) 100vw, 1000px\" \/><\/a>\n\t\t\t<\/dt>\n\t\t\t\t<dd class='wp-caption-text gallery-caption' id='gallery-1-14689'>\n\t\t\t\tGeneva International Motor Show 2017 &#8211; GIMS 2017 &#8211; Palexpo\n\t\t\t\t<\/dd><\/dl><dl class='gallery-item'>\n\t\t\t<dt class='gallery-icon landscape'>\n\t\t\t\t<a href='https:\/\/www.drivelife.it\/news\/2017\/03\/18\/subaru-xv-ginetvra-2017-in-tv\/geneva-international-motor-show-2017-gims-2017-palexpo-8\/'><img loading=\"lazy\" decoding=\"async\" width=\"1000\" height=\"666\" src=\"https:\/\/www.drivelife.it\/news\/wp-content\/uploads\/2017\/03\/125652_broadcast04-1000x666.jpg\" class=\"attachment-large size-large no-lazy\" alt=\"\" aria-describedby=\"gallery-1-14693\" srcset=\"https:\/\/www.drivelife.it\/news\/wp-content\/uploads\/2017\/03\/125652_broadcast04-1000x666.jpg 1000w, https:\/\/www.drivelife.it\/news\/wp-content\/uploads\/2017\/03\/125652_broadcast04-620x413.jpg 620w, https:\/\/www.drivelife.it\/news\/wp-content\/uploads\/2017\/03\/125652_broadcast04-768x511.jpg 768w, https:\/\/www.drivelife.it\/news\/wp-content\/uploads\/2017\/03\/125652_broadcast04-300x200.jpg 300w, https:\/\/www.drivelife.it\/news\/wp-content\/uploads\/2017\/03\/125652_broadcast04.jpg 1280w\" sizes=\"auto, (max-width: 1000px) 100vw, 1000px\" \/><\/a>\n\t\t\t<\/dt>\n\t\t\t\t<dd class='wp-caption-text gallery-caption' id='gallery-1-14693'>\n\t\t\t\tGeneva International Motor Show 2017 &#8211; GIMS 2017 &#8211; Palexpo\n\t\t\t\t<\/dd><\/dl><br style=\"clear: both\" \/><dl class='gallery-item'>\n\t\t\t<dt class='gallery-icon landscape'>\n\t\t\t\t<a href='https:\/\/www.drivelife.it\/news\/2017\/03\/18\/subaru-xv-ginetvra-2017-in-tv\/geneva-international-motor-show-2017-gims-2017-palexpo-9\/'><img loading=\"lazy\" decoding=\"async\" width=\"1000\" height=\"666\" src=\"https:\/\/www.drivelife.it\/news\/wp-content\/uploads\/2017\/03\/125652_broadcast05-1000x666.jpg\" class=\"attachment-large size-large no-lazy\" alt=\"\" aria-describedby=\"gallery-1-14694\" srcset=\"https:\/\/www.drivelife.it\/news\/wp-content\/uploads\/2017\/03\/125652_broadcast05-1000x666.jpg 1000w, https:\/\/www.drivelife.it\/news\/wp-content\/uploads\/2017\/03\/125652_broadcast05-620x413.jpg 620w, https:\/\/www.drivelife.it\/news\/wp-content\/uploads\/2017\/03\/125652_broadcast05-768x511.jpg 768w, https:\/\/www.drivelife.it\/news\/wp-content\/uploads\/2017\/03\/125652_broadcast05-300x200.jpg 300w, https:\/\/www.drivelife.it\/news\/wp-content\/uploads\/2017\/03\/125652_broadcast05.jpg 1280w\" sizes=\"auto, (max-width: 1000px) 100vw, 1000px\" \/><\/a>\n\t\t\t<\/dt>\n\t\t\t\t<dd class='wp-caption-text gallery-caption' id='gallery-1-14694'>\n\t\t\t\tGeneva International Motor Show 2017 &#8211; GIMS 2017 &#8211; Palexpo\n\t\t\t\t<\/dd><\/dl><dl class='gallery-item'>\n\t\t\t<dt class='gallery-icon landscape'>\n\t\t\t\t<a href='https:\/\/www.drivelife.it\/news\/2017\/03\/18\/subaru-xv-ginetvra-2017-in-tv\/geneva-international-motor-show-2017-gims-2017-palexpo-2\/'><img loading=\"lazy\" decoding=\"async\" width=\"1000\" height=\"666\" src=\"https:\/\/www.drivelife.it\/news\/wp-content\/uploads\/2017\/03\/125652_broadcast06-1000x666.jpg\" class=\"attachment-large size-large no-lazy\" alt=\"\" aria-describedby=\"gallery-1-14687\" srcset=\"https:\/\/www.drivelife.it\/news\/wp-content\/uploads\/2017\/03\/125652_broadcast06-1000x666.jpg 1000w, https:\/\/www.drivelife.it\/news\/wp-content\/uploads\/2017\/03\/125652_broadcast06-620x413.jpg 620w, https:\/\/www.drivelife.it\/news\/wp-content\/uploads\/2017\/03\/125652_broadcast06-768x511.jpg 768w, https:\/\/www.drivelife.it\/news\/wp-content\/uploads\/2017\/03\/125652_broadcast06-300x200.jpg 300w, https:\/\/www.drivelife.it\/news\/wp-content\/uploads\/2017\/03\/125652_broadcast06.jpg 1280w\" sizes=\"auto, (max-width: 1000px) 100vw, 1000px\" \/><\/a>\n\t\t\t<\/dt>\n\t\t\t\t<dd class='wp-caption-text gallery-caption' id='gallery-1-14687'>\n\t\t\t\tGeneva International Motor Show 2017 &#8211; GIMS 2017 &#8211; Palexpo\n\t\t\t\t<\/dd><\/dl><dl class='gallery-item'>\n\t\t\t<dt class='gallery-icon landscape'>\n\t\t\t\t<a href='https:\/\/www.drivelife.it\/news\/2017\/03\/18\/subaru-xv-ginetvra-2017-in-tv\/geneva-international-motor-show-2017-gims-2017-palexpo-6\/'><img loading=\"lazy\" decoding=\"async\" width=\"1000\" height=\"666\" src=\"https:\/\/www.drivelife.it\/news\/wp-content\/uploads\/2017\/03\/125652_broadcast02-1000x666.jpg\" class=\"attachment-large size-large no-lazy\" alt=\"\" aria-describedby=\"gallery-1-14691\" srcset=\"https:\/\/www.drivelife.it\/news\/wp-content\/uploads\/2017\/03\/125652_broadcast02-1000x666.jpg 1000w, https:\/\/www.drivelife.it\/news\/wp-content\/uploads\/2017\/03\/125652_broadcast02-620x413.jpg 620w, https:\/\/www.drivelife.it\/news\/wp-content\/uploads\/2017\/03\/125652_broadcast02-768x511.jpg 768w, https:\/\/www.drivelife.it\/news\/wp-content\/uploads\/2017\/03\/125652_broadcast02-300x200.jpg 300w, https:\/\/www.drivelife.it\/news\/wp-content\/uploads\/2017\/03\/125652_broadcast02.jpg 1280w\" sizes=\"auto, (max-width: 1000px) 100vw, 1000px\" \/><\/a>\n\t\t\t<\/dt>\n\t\t\t\t<dd class='wp-caption-text gallery-caption' id='gallery-1-14691'>\n\t\t\t\tGeneva International Motor Show 2017 &#8211; GIMS 2017 &#8211; Palexpo\n\t\t\t\t<\/dd><\/dl><dl class='gallery-item'>\n\t\t\t<dt class='gallery-icon landscape'>\n\t\t\t\t<a href='https:\/\/www.drivelife.it\/news\/2017\/03\/18\/subaru-xv-ginetvra-2017-in-tv\/geneva-international-motor-show-2017-gims-2017-palexpo-5\/'><img loading=\"lazy\" decoding=\"async\" width=\"1000\" height=\"666\" src=\"https:\/\/www.drivelife.it\/news\/wp-content\/uploads\/2017\/03\/125652_broadcast09-1000x666.jpg\" class=\"attachment-large size-large no-lazy\" alt=\"\" aria-describedby=\"gallery-1-14690\" srcset=\"https:\/\/www.drivelife.it\/news\/wp-content\/uploads\/2017\/03\/125652_broadcast09-1000x666.jpg 1000w, https:\/\/www.drivelife.it\/news\/wp-content\/uploads\/2017\/03\/125652_broadcast09-620x413.jpg 620w, https:\/\/www.drivelife.it\/news\/wp-content\/uploads\/2017\/03\/125652_broadcast09-768x511.jpg 768w, https:\/\/www.drivelife.it\/news\/wp-content\/uploads\/2017\/03\/125652_broadcast09-300x200.jpg 300w, https:\/\/www.drivelife.it\/news\/wp-content\/uploads\/2017\/03\/125652_broadcast09.jpg 1280w\" sizes=\"auto, (max-width: 1000px) 100vw, 1000px\" \/><\/a>\n\t\t\t<\/dt>\n\t\t\t\t<dd class='wp-caption-text gallery-caption' id='gallery-1-14690'>\n\t\t\t\tGeneva International Motor Show 2017 &#8211; GIMS 2017 &#8211; Palexpo\n\t\t\t\t<\/dd><\/dl><br style=\"clear: both\" \/>\n\t\t<\/div>\n<br \/>\n&nbsp;<br \/>\n\u201cTWITTA\u201d SU NUOVA SUBARU XV ALLA TUA RETE<br \/>\n&nbsp;<br \/>\n<strong>Twitter \/ timeline lucaatmrlukkor<\/strong><br \/>\n&nbsp;<br \/>\n<a class=\"twitter-timeline\" href=\"https:\/\/twitter.com\/lucaatmrlukkor\" data-widget-id=\"557957842121289728\">Tweet di @lucaatmrlukkor<\/a> <script>!function(d,s,id){var js,fjs=d.getElementsByTagName(s)[0],p=\/^http:\/.test(d.location)?'http':'https';if(!d.getElementById(id)){js=d.createElement(s);js.id=id;js.src=p+\":\/\/platform.twitter.com\/widgets.js\";fjs.parentNode.insertBefore(js,fjs);}}(document,\"script\",\"twitter-wjs\");<\/script><br \/>\n&nbsp;<br \/>\n&nbsp;<\/p>\n<h1><strong>GUARDA IN TV SU DRIVELIFE<\/strong><\/h1>\n<p>&nbsp;<\/p>\n<h1>\n&nbsp;<\/p>\n<h1>TRAILER PUNTATA IN TV<\/h1>\n<p>&nbsp;<\/p>\n<h1>SUBARU SNOW DRIVE EXPERIENCE<br \/>\n&#8220;ICE and SKY&#8221;<\/h1>\n<p>https:\/\/vimeo.com\/208096057<br \/>\n&nbsp;<\/p>\n<h1><strong>IN TV &#8211; RUBRICA TV AUTOMOTIVE DI 12\u201900\u201d &#8211; SOMMARIO, TIMING &#038; START<\/strong><\/h1>\n<p>&nbsp;<\/p>\n<h1>SOMMARIO, TIMING SERVIZI<br \/>\nSUBARU SNOW DRIVE EXPERIENCE, &#8220;ICE &#038; SKY&#8221;, ITW ANDREA PLACANI, 04&#8217;40&#8221; &#8211; SUBARU XV, 01&#8217;07&#8221; &#8211; MCLAREN 720 S, 00&#8217;55&#8221; &#8211; ALPINE A 110, 00&#8217;58&#8221; &#8211; FERRARI 812 SUPERFAST, 00&#8217;59&#8221; &#8211; FERRARI &#8217;70, 1947 \/ 2017, 01&#8217;38&#8221;<br \/>\n&#8211; <\/h1>\n<p>&nbsp;<\/p>\n<h2>START @ &#8211; SOMMARIO, START SERVIZI<br \/>\nSUBARU SNOW DRIVE EXPERIENCE, &#8220;ICE &#038; SKY&#8221;, ITW ANDREA PLACANI, 00&#8217;47&#8221; &#8211; SUBARU XV, 05&#8217;34&#8221; &#8211; MCLAREN 720 S, 06&#8217;46&#8221; &#8211; ALPINE A 110, 07&#8217;47&#8221; &#8211; FERRARI 812 SUPERFAST, 08&#8217;52&#8221; &#8211; FERRARI &#8217;70, 1947 \/ 2017, 09&#8217;55&#8221;<br \/>\n&#8211; <\/h2>\n<p>&nbsp;<br \/>\n#PEUGEOT 3008, FILM WINTER<br \/>\nhttps:\/\/vimeo.com\/201797982<br \/>\n&nbsp;<\/p>\n<blockquote class=\"wp-embedded-content\" data-secret=\"Hzazk7VyMh\"><p><a href=\"https:\/\/www.drivelife.it\/PEUGEOT3008\/\">Homepage<\/a><\/p><\/blockquote>\n<p><iframe loading=\"lazy\" class=\"wp-embedded-content\" sandbox=\"allow-scripts\" security=\"restricted\" style=\"position: absolute; visibility: hidden;\" title=\"&#8220;Homepage&#8221; &#8212; FILM WINTER\" src=\"https:\/\/www.drivelife.it\/PEUGEOT3008\/embed\/#?secret=1c4EOT7kPB#?secret=Hzazk7VyMh\" data-secret=\"Hzazk7VyMh\" width=\"500\" height=\"282\" frameborder=\"0\" marginwidth=\"0\" marginheight=\"0\" scrolling=\"no\"><\/iframe><br \/>\n&nbsp;<\/p>\n<blockquote>\n<h1>L\u2019AUTO IN TV: SUBARU LEVORG, SUBARU XV, SUBARU WRX STI, SUBARU OUTBACK, SUBARU FORESTER \u00a9lucaromanopix<\/h1>\n<\/blockquote>\n<p>&nbsp;<\/p>\n<h3>NB: qui, come per tutti gli articoli che drivelife pubblica on line, non \u00e8 un obbligo la corrispondenza tra il pubblicato della pagina e quanto messo in onda con la rubrica televisiva diffusa in tutta Italia.<\/h3>\n<p>&nbsp;<\/p>\n<h1>LA PUNTATA DI DRIVELIFE<br \/>\nSU VIMEO<\/h1>\n<p>&nbsp;<br \/>\n\u201cX_LE_TV\u201d &#8211; Ora online<br \/>\n&nbsp;<\/p>\n<h1>DRIVELIFE 2017,<br \/>\nfile per<br \/>\nPUNTATA DEL 18 MARZO<\/h1>\n<p>&nbsp;<br \/>\n&nbsp;<\/p>\n<h1>18\/3_x_LE_TV mp4, 1,10 GB<\/h1>\n<p>https:\/\/vimeo.com\/208807444<br \/>\n&nbsp;<br \/>\n&nbsp;<\/p>\n<h1>18\/3_x_LE_TV mpg, 0,55 GB<\/h1>\n<p>https:\/\/vimeo.com\/208805178<br \/>\n&nbsp;<br \/>\n&nbsp;<\/p>\n<h1>Subaru Forester LinearTronic<\/h1>\n<p>Pics \u00a9lucaromanopix<br \/>\nhttps:\/\/vimeo.com\/138285322<br \/>\n&nbsp;<br \/>\n<a href=\"http:\/\/vimeo.com\/drivelife\"><img decoding=\"async\" src=\"http:\/\/a.vimeocdn.com\/images_v6\/blogbadge_channels.png\" alt=\"Vimeo\" \/><\/a><\/p>\n<blockquote>\n<h1><strong>In TV con drivelife del 18 MARZO<\/strong><\/h1>\n<\/blockquote>\n<p><a href=\"https:\/\/flipboard.com\/@mrlukkor\/drivelife-q5flocp8y\" data-flip-widget=\"mag\">View my Flipboard Magazine.<\/a><\/p>\n<h2>Guarda di pi\u00f9 con drivelife<\/h2>\n<p style=\"color: #021eaa;\"><a href=\"http:\/\/car.18x24.it\">car.18&#215;24.it<\/a><\/p>\n<p style=\"color: #021eaa;\"><a href=\"http:\/\/www.drivelife.it\">www.drivelife.it<\/a><\/p>\n<p style=\"color: #021eaa;\"><a href=\"http:\/\/www.drivelife.it\/clip\/\">www.drivelife.it\/clip\/<\/a><\/p>\n<p style=\"color: #021eaa;\"><a href=\"http:\/\/www.drivelife.it\/dlnew\/\">www.drivelife.it\/dlnew\/<\/a><\/p>\n<p style=\"color: #021eaa;\"><a href=\"http:\/\/www.drivelife.it\/moto\/\">www.drivelife.it\/moto\/<\/a><\/p>\n<p style=\"color: #021eaa;\"><a href=\"http:\/\/www.drivelife.it\/car\/\">www.drivelife.it\/car\/<\/a><\/p>\n<p style=\"color: #021eaa;\"><a href=\"http:\/\/www.drivelife.it\/drivelifeintv\/\">www.drivelife.it\/drivelifeintv\/<\/a><\/p>\n<p style=\"color: #021eaa;\"><a href=\"http:\/\/www.drivelife.it\/pics\/\">www.drivelife.it\/pics\/<\/a><\/p>\n<p style=\"color: #021eaa;\"><a href=\"http:\/\/www.drivelife.it\/dresscode\/\">www.drivelife.it\/dresscode\/<\/a><\/p>\n<p style=\"color: #021eaa;\"><a href=\"https:\/\/twitter.com\/tweetdrivelife\">twitter.com\/tweetdrivelife<\/a><\/p>\n<p style=\"color: #021eaa;\"><a href=\"https:\/\/flipboard.com\/@mrlukkor\/drivelife-q5flocp8y\">flipboard.com\/@mrlukkor\/drivelife<\/a><\/p>\n<p>&nbsp;<br \/>\nCredit clip&#038;pic, quando pubblicato<br \/>\nTutte le fotografie e le clip \u00a9lucaromanopix<br \/>\n<strong>Vietata la riproduzione e la diffusione su e con qualsiasi mezzo e\/o social network senza il consenso scritto dell&#8217;autore. Le fotografie sono file con firma digitale. Le fotografie sono protette secondo le norme vigenti in Italia del diritto d\u2019autore. <\/strong><br \/>\n&nbsp;<\/p>\n<h2>\n<blockquote><p>Once Ansel Adams said:<br \/>\n &nbsp;<br \/>\n\u201cThe single most important component of a camera is the twelve inches behind it\u201d.<\/p><\/blockquote>\n<\/h2>\n<p>&nbsp;<br \/>\n<strong>INSTAGRAM \/ lucaromano_pix<\/strong><br \/>\n&nbsp;<\/p>\n<style>.ig-b- { display: inline-block; }\n.ig-b- img { visibility: hidden; }\n.ig-b-:hover { background-position: 0 -60px; } .ig-b-:active { background-position: 0 -120px; }\n.ig-b-v-24 { width: 137px; height: 24px; background: url(\/\/badges.instagram.com\/static\/images\/ig-badge-view-sprite-24.png) no-repeat 0 0; }\n@media only screen and (-webkit-min-device-pixel-ratio: 2), only screen and (min--moz-device-pixel-ratio: 2), only screen and (-o-min-device-pixel-ratio: 2 \/ 1), only screen and (min-device-pixel-ratio: 2), only screen and (min-resolution: 192dpi), only screen and (min-resolution: 2dppx) {\n.ig-b-v-24 { background-image: url(\/\/badges.instagram.com\/static\/images\/ig-badge-view-sprite-24@2x.png); background-size: 160px 178px; } }<\/style>\n<p><a href=\"http:\/\/instagram.com\/lucaromano_pix?ref=badge\" class=\"ig-b- ig-b-v-24\"><img decoding=\"async\" src=\"\/\/badges.instagram.com\/static\/images\/ig-badge-view-24.png\" alt=\"Instagram\" \/><\/a><\/p>\n<p>&nbsp;<\/p>\n","protected":false},"excerpt":{"rendered":"<p>SUBARU AGGIORNA CON LA GLOBAL PLATFORM IL MODELLO XV, PRESENTATA A GINEVRA 2017, IN TV SU DRIVELIFE DEL 18 MARZO<\/p>\n","protected":false},"author":1,"featured_media":14686,"comment_status":"open","ping_status":"open","sticky":false,"template":"","format":"video","meta":{"ngg_post_thumbnail":0,"footnotes":""},"categories":[39,52,55,999,35,53],"tags":[1079,670,671,1113,587,912,1117,1118,37,1080,1111,538,23,804,1109,1110,798,1116,1112,1114,1115,1081],"class_list":["post-14685","post","type-post","status-publish","format-video","has-post-thumbnail","hentry","category-automotive","category-gallery","category-news","category-999","category-subaru","category-video","tag-1079","tag-4wd","tag-4x4","tag-adw","tag-andrea-placani","tag-caffehinaluke","tag-drift","tag-driftcar","tag-drivelife","tag-furlo","tag-ice-and-sky","tag-lucaromanopix","tag-mrlukkor","tag-peugeot","tag-puntata-18-marzo","tag-snow-drive-experience","tag-subaru","tag-subaru-driving-school","tag-subaru-italia","tag-symmetrical-awd","tag-trazione-integrale","tag-winter","post_format-post-format-video"],"yoast_head":"<!-- This site is optimized with the Yoast SEO plugin v27.5 - https:\/\/yoast.com\/product\/yoast-seo-wordpress\/ -->\n<title>SUBARU XV - #lucalife<\/title>\n<meta name=\"description\" content=\"SUBARU AGGIORNA CON LA GLOBAL PLATFORM IL MODELLO XV, PRESENTATA A GINEVRA 2017, IN TV SU DRIVELIFE DEL 18 MARZO\" \/>\n<meta name=\"robots\" content=\"index, follow, max-snippet:-1, max-image-preview:large, max-video-preview:-1\" \/>\n<link rel=\"canonical\" href=\"https:\/\/www.drivelife.it\/news\/2017\/03\/18\/subaru-xv-ginetvra-2017-in-tv\/\" \/>\n<meta property=\"og:locale\" content=\"en_US\" \/>\n<meta property=\"og:type\" content=\"article\" \/>\n<meta property=\"og:title\" content=\"SUBARU XV - #lucalife\" \/>\n<meta property=\"og:description\" content=\"SUBARU AGGIORNA CON LA GLOBAL PLATFORM IL MODELLO XV, PRESENTATA A GINEVRA 2017, IN TV SU DRIVELIFE DEL 18 MARZO\" \/>\n<meta property=\"og:url\" content=\"https:\/\/www.drivelife.it\/news\/2017\/03\/18\/subaru-xv-ginetvra-2017-in-tv\/\" \/>\n<meta property=\"og:site_name\" content=\"#lucalife\" \/>\n<meta property=\"article:publisher\" content=\"https:\/\/www.facebook.com\/pages\/Drivelife\/467833073239720\" \/>\n<meta property=\"article:published_time\" content=\"2017-03-18T11:10:22+00:00\" \/>\n<meta property=\"og:image\" content=\"https:\/\/www.drivelife.it\/news\/wp-content\/uploads\/2017\/03\/125652_broadcast07.jpg\" \/>\n\t<meta property=\"og:image:width\" content=\"1280\" \/>\n\t<meta property=\"og:image:height\" content=\"852\" \/>\n\t<meta property=\"og:image:type\" content=\"image\/jpeg\" \/>\n<meta name=\"author\" content=\"Redazione\" \/>\n<meta name=\"twitter:card\" content=\"summary_large_image\" \/>\n<meta name=\"twitter:creator\" content=\"@tweetdrivelife\" \/>\n<meta name=\"twitter:site\" content=\"@tweetdrivelife\" \/>\n<meta name=\"twitter:label1\" content=\"Written by\" \/>\n\t<meta name=\"twitter:data1\" content=\"Redazione\" \/>\n\t<meta name=\"twitter:label2\" content=\"Est. reading time\" \/>\n\t<meta name=\"twitter:data2\" content=\"4 minutes\" \/>\n<script type=\"application\/ld+json\" class=\"yoast-schema-graph\">{\"@context\":\"https:\\\/\\\/schema.org\",\"@graph\":[{\"@type\":\"Article\",\"@id\":\"https:\\\/\\\/www.drivelife.it\\\/news\\\/2017\\\/03\\\/18\\\/subaru-xv-ginetvra-2017-in-tv\\\/#article\",\"isPartOf\":{\"@id\":\"https:\\\/\\\/www.drivelife.it\\\/news\\\/2017\\\/03\\\/18\\\/subaru-xv-ginetvra-2017-in-tv\\\/\"},\"author\":{\"name\":\"Redazione\",\"@id\":\"https:\\\/\\\/www.drivelife.it\\\/news\\\/#\\\/schema\\\/person\\\/b6c194c3423ff451be4914f5fd9c2188\"},\"headline\":\"SUBARU XV\",\"datePublished\":\"2017-03-18T11:10:22+00:00\",\"mainEntityOfPage\":{\"@id\":\"https:\\\/\\\/www.drivelife.it\\\/news\\\/2017\\\/03\\\/18\\\/subaru-xv-ginetvra-2017-in-tv\\\/\"},\"wordCount\":721,\"commentCount\":0,\"image\":{\"@id\":\"https:\\\/\\\/www.drivelife.it\\\/news\\\/2017\\\/03\\\/18\\\/subaru-xv-ginetvra-2017-in-tv\\\/#primaryimage\"},\"thumbnailUrl\":\"https:\\\/\\\/www.drivelife.it\\\/news\\\/wp-content\\\/uploads\\\/2017\\\/03\\\/125652_broadcast07.jpg\",\"keywords\":[\"3008\",\"4wd\",\"4x4\",\"adw\",\"andrea placani\",\"caffehinaluke\",\"drift\",\"driftcar\",\"DRIVELIFE\",\"furlo\",\"ice and sky\",\"lucaromanopix\",\"MRLUKKOR\",\"PEUGEOT\",\"puntata 18 marzo\",\"snow drive experience\",\"SUBARU\",\"subaru driving school\",\"subaru italia\",\"symmetrical AWD\",\"trazione integrale\",\"winter\"],\"articleSection\":[\"AUTOMOTIVE\",\"GALLERY AUTOMOTIVE\",\"NEWS\",\"PUNTATE DRIVELIFE TV 2017\",\"SUBARU\",\"VIDEO\"],\"inLanguage\":\"en-US\",\"potentialAction\":[{\"@type\":\"CommentAction\",\"name\":\"Comment\",\"target\":[\"https:\\\/\\\/www.drivelife.it\\\/news\\\/2017\\\/03\\\/18\\\/subaru-xv-ginetvra-2017-in-tv\\\/#respond\"]}]},{\"@type\":\"WebPage\",\"@id\":\"https:\\\/\\\/www.drivelife.it\\\/news\\\/2017\\\/03\\\/18\\\/subaru-xv-ginetvra-2017-in-tv\\\/\",\"url\":\"https:\\\/\\\/www.drivelife.it\\\/news\\\/2017\\\/03\\\/18\\\/subaru-xv-ginetvra-2017-in-tv\\\/\",\"name\":\"SUBARU XV - #lucalife\",\"isPartOf\":{\"@id\":\"https:\\\/\\\/www.drivelife.it\\\/news\\\/#website\"},\"primaryImageOfPage\":{\"@id\":\"https:\\\/\\\/www.drivelife.it\\\/news\\\/2017\\\/03\\\/18\\\/subaru-xv-ginetvra-2017-in-tv\\\/#primaryimage\"},\"image\":{\"@id\":\"https:\\\/\\\/www.drivelife.it\\\/news\\\/2017\\\/03\\\/18\\\/subaru-xv-ginetvra-2017-in-tv\\\/#primaryimage\"},\"thumbnailUrl\":\"https:\\\/\\\/www.drivelife.it\\\/news\\\/wp-content\\\/uploads\\\/2017\\\/03\\\/125652_broadcast07.jpg\",\"datePublished\":\"2017-03-18T11:10:22+00:00\",\"author\":{\"@id\":\"https:\\\/\\\/www.drivelife.it\\\/news\\\/#\\\/schema\\\/person\\\/b6c194c3423ff451be4914f5fd9c2188\"},\"description\":\"SUBARU AGGIORNA CON LA GLOBAL PLATFORM IL MODELLO XV, PRESENTATA A GINEVRA 2017, IN TV SU DRIVELIFE DEL 18 MARZO\",\"breadcrumb\":{\"@id\":\"https:\\\/\\\/www.drivelife.it\\\/news\\\/2017\\\/03\\\/18\\\/subaru-xv-ginetvra-2017-in-tv\\\/#breadcrumb\"},\"inLanguage\":\"en-US\",\"potentialAction\":[{\"@type\":\"ReadAction\",\"target\":[\"https:\\\/\\\/www.drivelife.it\\\/news\\\/2017\\\/03\\\/18\\\/subaru-xv-ginetvra-2017-in-tv\\\/\"]}]},{\"@type\":\"ImageObject\",\"inLanguage\":\"en-US\",\"@id\":\"https:\\\/\\\/www.drivelife.it\\\/news\\\/2017\\\/03\\\/18\\\/subaru-xv-ginetvra-2017-in-tv\\\/#primaryimage\",\"url\":\"https:\\\/\\\/www.drivelife.it\\\/news\\\/wp-content\\\/uploads\\\/2017\\\/03\\\/125652_broadcast07.jpg\",\"contentUrl\":\"https:\\\/\\\/www.drivelife.it\\\/news\\\/wp-content\\\/uploads\\\/2017\\\/03\\\/125652_broadcast07.jpg\",\"width\":1280,\"height\":852,\"caption\":\"SUBARU XV - Geneva International Motor Show 2017 - GIMS 2017 - Palexpo - IN TV SU DRIVELIFE DEL 18 MARZO\"},{\"@type\":\"BreadcrumbList\",\"@id\":\"https:\\\/\\\/www.drivelife.it\\\/news\\\/2017\\\/03\\\/18\\\/subaru-xv-ginetvra-2017-in-tv\\\/#breadcrumb\",\"itemListElement\":[{\"@type\":\"ListItem\",\"position\":1,\"name\":\"Home\",\"item\":\"https:\\\/\\\/www.drivelife.it\\\/news\\\/\"},{\"@type\":\"ListItem\",\"position\":2,\"name\":\"SUBARU XV\"}]},{\"@type\":\"WebSite\",\"@id\":\"https:\\\/\\\/www.drivelife.it\\\/news\\\/#website\",\"url\":\"https:\\\/\\\/www.drivelife.it\\\/news\\\/\",\"name\":\"#lucalife\",\"description\":\"DRIVELIFE le mie automobili\",\"potentialAction\":[{\"@type\":\"SearchAction\",\"target\":{\"@type\":\"EntryPoint\",\"urlTemplate\":\"https:\\\/\\\/www.drivelife.it\\\/news\\\/?s={search_term_string}\"},\"query-input\":{\"@type\":\"PropertyValueSpecification\",\"valueRequired\":true,\"valueName\":\"search_term_string\"}}],\"inLanguage\":\"en-US\"},{\"@type\":\"Person\",\"@id\":\"https:\\\/\\\/www.drivelife.it\\\/news\\\/#\\\/schema\\\/person\\\/b6c194c3423ff451be4914f5fd9c2188\",\"name\":\"Redazione\",\"image\":{\"@type\":\"ImageObject\",\"inLanguage\":\"en-US\",\"@id\":\"https:\\\/\\\/secure.gravatar.com\\\/avatar\\\/8d186f6b07ba8a94441344759f0e13bf1909b6ceaa171df0425551b4590fd558?s=96&d=mm&r=g\",\"url\":\"https:\\\/\\\/secure.gravatar.com\\\/avatar\\\/8d186f6b07ba8a94441344759f0e13bf1909b6ceaa171df0425551b4590fd558?s=96&d=mm&r=g\",\"contentUrl\":\"https:\\\/\\\/secure.gravatar.com\\\/avatar\\\/8d186f6b07ba8a94441344759f0e13bf1909b6ceaa171df0425551b4590fd558?s=96&d=mm&r=g\",\"caption\":\"Redazione\"},\"url\":\"https:\\\/\\\/www.drivelife.it\\\/news\\\/author\\\/admin\\\/\"}]}<\/script>\n<!-- \/ Yoast SEO plugin. -->","yoast_head_json":{"title":"SUBARU XV - #lucalife","description":"SUBARU AGGIORNA CON LA GLOBAL PLATFORM IL MODELLO XV, PRESENTATA A GINEVRA 2017, IN TV SU DRIVELIFE DEL 18 MARZO","robots":{"index":"index","follow":"follow","max-snippet":"max-snippet:-1","max-image-preview":"max-image-preview:large","max-video-preview":"max-video-preview:-1"},"canonical":"https:\/\/www.drivelife.it\/news\/2017\/03\/18\/subaru-xv-ginetvra-2017-in-tv\/","og_locale":"en_US","og_type":"article","og_title":"SUBARU XV - #lucalife","og_description":"SUBARU AGGIORNA CON LA GLOBAL PLATFORM IL MODELLO XV, PRESENTATA A GINEVRA 2017, IN TV SU DRIVELIFE DEL 18 MARZO","og_url":"https:\/\/www.drivelife.it\/news\/2017\/03\/18\/subaru-xv-ginetvra-2017-in-tv\/","og_site_name":"#lucalife","article_publisher":"https:\/\/www.facebook.com\/pages\/Drivelife\/467833073239720","article_published_time":"2017-03-18T11:10:22+00:00","og_image":[{"width":1280,"height":852,"url":"https:\/\/www.drivelife.it\/news\/wp-content\/uploads\/2017\/03\/125652_broadcast07.jpg","type":"image\/jpeg"}],"author":"Redazione","twitter_card":"summary_large_image","twitter_creator":"@tweetdrivelife","twitter_site":"@tweetdrivelife","twitter_misc":{"Written by":"Redazione","Est. reading time":"4 minutes"},"schema":{"@context":"https:\/\/schema.org","@graph":[{"@type":"Article","@id":"https:\/\/www.drivelife.it\/news\/2017\/03\/18\/subaru-xv-ginetvra-2017-in-tv\/#article","isPartOf":{"@id":"https:\/\/www.drivelife.it\/news\/2017\/03\/18\/subaru-xv-ginetvra-2017-in-tv\/"},"author":{"name":"Redazione","@id":"https:\/\/www.drivelife.it\/news\/#\/schema\/person\/b6c194c3423ff451be4914f5fd9c2188"},"headline":"SUBARU XV","datePublished":"2017-03-18T11:10:22+00:00","mainEntityOfPage":{"@id":"https:\/\/www.drivelife.it\/news\/2017\/03\/18\/subaru-xv-ginetvra-2017-in-tv\/"},"wordCount":721,"commentCount":0,"image":{"@id":"https:\/\/www.drivelife.it\/news\/2017\/03\/18\/subaru-xv-ginetvra-2017-in-tv\/#primaryimage"},"thumbnailUrl":"https:\/\/www.drivelife.it\/news\/wp-content\/uploads\/2017\/03\/125652_broadcast07.jpg","keywords":["3008","4wd","4x4","adw","andrea placani","caffehinaluke","drift","driftcar","DRIVELIFE","furlo","ice and sky","lucaromanopix","MRLUKKOR","PEUGEOT","puntata 18 marzo","snow drive experience","SUBARU","subaru driving school","subaru italia","symmetrical AWD","trazione integrale","winter"],"articleSection":["AUTOMOTIVE","GALLERY AUTOMOTIVE","NEWS","PUNTATE DRIVELIFE TV 2017","SUBARU","VIDEO"],"inLanguage":"en-US","potentialAction":[{"@type":"CommentAction","name":"Comment","target":["https:\/\/www.drivelife.it\/news\/2017\/03\/18\/subaru-xv-ginetvra-2017-in-tv\/#respond"]}]},{"@type":"WebPage","@id":"https:\/\/www.drivelife.it\/news\/2017\/03\/18\/subaru-xv-ginetvra-2017-in-tv\/","url":"https:\/\/www.drivelife.it\/news\/2017\/03\/18\/subaru-xv-ginetvra-2017-in-tv\/","name":"SUBARU XV - #lucalife","isPartOf":{"@id":"https:\/\/www.drivelife.it\/news\/#website"},"primaryImageOfPage":{"@id":"https:\/\/www.drivelife.it\/news\/2017\/03\/18\/subaru-xv-ginetvra-2017-in-tv\/#primaryimage"},"image":{"@id":"https:\/\/www.drivelife.it\/news\/2017\/03\/18\/subaru-xv-ginetvra-2017-in-tv\/#primaryimage"},"thumbnailUrl":"https:\/\/www.drivelife.it\/news\/wp-content\/uploads\/2017\/03\/125652_broadcast07.jpg","datePublished":"2017-03-18T11:10:22+00:00","author":{"@id":"https:\/\/www.drivelife.it\/news\/#\/schema\/person\/b6c194c3423ff451be4914f5fd9c2188"},"description":"SUBARU AGGIORNA CON LA GLOBAL PLATFORM IL MODELLO XV, PRESENTATA A GINEVRA 2017, IN TV SU DRIVELIFE DEL 18 MARZO","breadcrumb":{"@id":"https:\/\/www.drivelife.it\/news\/2017\/03\/18\/subaru-xv-ginetvra-2017-in-tv\/#breadcrumb"},"inLanguage":"en-US","potentialAction":[{"@type":"ReadAction","target":["https:\/\/www.drivelife.it\/news\/2017\/03\/18\/subaru-xv-ginetvra-2017-in-tv\/"]}]},{"@type":"ImageObject","inLanguage":"en-US","@id":"https:\/\/www.drivelife.it\/news\/2017\/03\/18\/subaru-xv-ginetvra-2017-in-tv\/#primaryimage","url":"https:\/\/www.drivelife.it\/news\/wp-content\/uploads\/2017\/03\/125652_broadcast07.jpg","contentUrl":"https:\/\/www.drivelife.it\/news\/wp-content\/uploads\/2017\/03\/125652_broadcast07.jpg","width":1280,"height":852,"caption":"SUBARU XV - Geneva International Motor Show 2017 - GIMS 2017 - Palexpo - IN TV SU DRIVELIFE DEL 18 MARZO"},{"@type":"BreadcrumbList","@id":"https:\/\/www.drivelife.it\/news\/2017\/03\/18\/subaru-xv-ginetvra-2017-in-tv\/#breadcrumb","itemListElement":[{"@type":"ListItem","position":1,"name":"Home","item":"https:\/\/www.drivelife.it\/news\/"},{"@type":"ListItem","position":2,"name":"SUBARU XV"}]},{"@type":"WebSite","@id":"https:\/\/www.drivelife.it\/news\/#website","url":"https:\/\/www.drivelife.it\/news\/","name":"#lucalife","description":"DRIVELIFE le mie automobili","potentialAction":[{"@type":"SearchAction","target":{"@type":"EntryPoint","urlTemplate":"https:\/\/www.drivelife.it\/news\/?s={search_term_string}"},"query-input":{"@type":"PropertyValueSpecification","valueRequired":true,"valueName":"search_term_string"}}],"inLanguage":"en-US"},{"@type":"Person","@id":"https:\/\/www.drivelife.it\/news\/#\/schema\/person\/b6c194c3423ff451be4914f5fd9c2188","name":"Redazione","image":{"@type":"ImageObject","inLanguage":"en-US","@id":"https:\/\/secure.gravatar.com\/avatar\/8d186f6b07ba8a94441344759f0e13bf1909b6ceaa171df0425551b4590fd558?s=96&d=mm&r=g","url":"https:\/\/secure.gravatar.com\/avatar\/8d186f6b07ba8a94441344759f0e13bf1909b6ceaa171df0425551b4590fd558?s=96&d=mm&r=g","contentUrl":"https:\/\/secure.gravatar.com\/avatar\/8d186f6b07ba8a94441344759f0e13bf1909b6ceaa171df0425551b4590fd558?s=96&d=mm&r=g","caption":"Redazione"},"url":"https:\/\/www.drivelife.it\/news\/author\/admin\/"}]}},"amp_enabled":true,"_links":{"self":[{"href":"https:\/\/www.drivelife.it\/news\/wp-json\/wp\/v2\/posts\/14685","targetHints":{"allow":["GET"]}}],"collection":[{"href":"https:\/\/www.drivelife.it\/news\/wp-json\/wp\/v2\/posts"}],"about":[{"href":"https:\/\/www.drivelife.it\/news\/wp-json\/wp\/v2\/types\/post"}],"author":[{"embeddable":true,"href":"https:\/\/www.drivelife.it\/news\/wp-json\/wp\/v2\/users\/1"}],"replies":[{"embeddable":true,"href":"https:\/\/www.drivelife.it\/news\/wp-json\/wp\/v2\/comments?post=14685"}],"version-history":[{"count":1,"href":"https:\/\/www.drivelife.it\/news\/wp-json\/wp\/v2\/posts\/14685\/revisions"}],"predecessor-version":[{"id":14695,"href":"https:\/\/www.drivelife.it\/news\/wp-json\/wp\/v2\/posts\/14685\/revisions\/14695"}],"wp:featuredmedia":[{"embeddable":true,"href":"https:\/\/www.drivelife.it\/news\/wp-json\/wp\/v2\/media\/14686"}],"wp:attachment":[{"href":"https:\/\/www.drivelife.it\/news\/wp-json\/wp\/v2\/media?parent=14685"}],"wp:term":[{"taxonomy":"category","embeddable":true,"href":"https:\/\/www.drivelife.it\/news\/wp-json\/wp\/v2\/categories?post=14685"},{"taxonomy":"post_tag","embeddable":true,"href":"https:\/\/www.drivelife.it\/news\/wp-json\/wp\/v2\/tags?post=14685"}],"curies":[{"name":"wp","href":"https:\/\/api.w.org\/{rel}","templated":true}]}}