{"id":14270,"date":"2017-03-05T18:30:54","date_gmt":"2017-03-05T18:30:54","guid":{"rendered":"http:\/\/www.drivelife.it\/news\/?p=14270"},"modified":"2017-03-09T19:58:39","modified_gmt":"2017-03-09T19:58:39","slug":"porsche-panamera-turbo-s-e-hybrid","status":"publish","type":"post","link":"https:\/\/www.drivelife.it\/news\/2017\/03\/05\/porsche-panamera-turbo-s-e-hybrid\/","title":{"rendered":"PORSCHE PANAMERA TURBO S E-HYBRID"},"content":{"rendered":"<p><div id=\"attachment_14276\" style=\"width: 730px\" class=\"wp-caption alignnone\"><img loading=\"lazy\" decoding=\"async\" aria-describedby=\"caption-attachment-14276\" src=\"http:\/\/www.drivelife.it\/news\/wp-content\/uploads\/2017\/03\/P17_0005_a4_rgb-1-1000x563.jpg\" alt=\"PORSCHE PANAMERA TURBO S  E-HYBRID IN TV SU DRIVELIFE DEL 4 MARZO\" width=\"720\" height=\"405\" class=\"size-large wp-image-14276\" srcset=\"https:\/\/www.drivelife.it\/news\/wp-content\/uploads\/2017\/03\/P17_0005_a4_rgb-1-1000x563.jpg 1000w, https:\/\/www.drivelife.it\/news\/wp-content\/uploads\/2017\/03\/P17_0005_a4_rgb-1-620x349.jpg 620w, https:\/\/www.drivelife.it\/news\/wp-content\/uploads\/2017\/03\/P17_0005_a4_rgb-1-768x432.jpg 768w, https:\/\/www.drivelife.it\/news\/wp-content\/uploads\/2017\/03\/P17_0005_a4_rgb-1-300x169.jpg 300w\" sizes=\"auto, (max-width: 720px) 100vw, 720px\" \/><p id=\"caption-attachment-14276\" class=\"wp-caption-text\">PORSCHE PANAMERA TURBO S  E-HYBRID IN TV SU DRIVELIFE DEL 4 MARZO<\/p><\/div><br \/>\nPORSCHE PANAMERA TURBO S E-HYBRID &#8211; 01\u201923\u201d &#8211; In TV il 4\/3.<br \/>\n<strong><\/p>\n<h1>IN 2 SI SPINGE D+<\/h1>\n<p><\/strong><br \/>\n&nbsp;<\/p>\n<h2><em><strong>LA PORSCHE PANAMERA TURBO S E-HYBRID DIVENTA ORA LA QUATTROPORTE IBRIDA PI\u00d9 POTENTE <\/h2>\n<p><\/em><\/strong><br \/>\n&nbsp;<br \/>\n&nbsp;<br \/>\nhttps:\/\/vimeo.com\/206439150<br \/>\n&nbsp;<br \/>\n&nbsp;<\/p>\n<blockquote>\n<h1>VISTA A GINEVRA, ARRIVA IN RETE DI VENDITA CON L\u2019ESTATE, PREZZI NON POPOLARI MA ADEGUATI AI VALORI DEL MARCHIO ED ALLA SOSTANZA DELL\u2019AUTOMOBILE, INSOMMA UNA PORSCHE SI PAGA MA\u2026 NE VALE LA PENA. <\/h1>\n<\/blockquote>\n<p>La gamma della nuova versione di Panamera, la quattroporte Porsche, si completa con l\u2019introduzione della motorizzazione ibrida di vertice.<br \/>\nLo stretto legame tra pista e prodotto di serie \u00e8 l\u2019asse sul quale si \u00e8 fondata l\u2019evoluzione di ogni Porsche e questa nuova super ammiraglia, che debutter\u00e0 a Ginevra, non fa eccezioni vantando discendenze importanti, come &#8211; ad esempio &#8211; la trazione della 918 Spyder.<br \/>\nPanamera Turbo S E-Hybrid scalza in classifica la versione ibrida con il sei cilindri.<br \/>\nQui, ora, sotto la carrozzeria c\u2019\u00e8 un V8 di quattro litri, 550 CV, ed un motore elettrico, lui da solo spinge come 136 cavalli, che generano valori di performance spettacolari. Potenza e coppia di sistema a 680 CV, 850 Newton metri, 310 Km\/h, 3,4 secondi per i soliti cento all\u2019ora. Ma\u2026 anche un consumo che a raccontarlo \u00e8 ridicolo. 2,9 litri per cento chilometri ed un\u2019autonomia in modalit\u00e0 zero emissioni di cinquanta chilometri.<br \/>\n&nbsp;<br \/>\n<strong><em><\/p>\n<h2>Le meraviglie, per\u00f2 costano.<br \/>\nE in casa Porsche le fanno pagare.<\/h2>\n<p><\/em><\/strong><br \/>\n&nbsp;<br \/>\nL\u2019offerta parte da 191.676 euro ma con l\u2019allestimento Executive si balza a 205.462 euro.<br \/>\nDisponibile in due passi, anche con asse posteriore sterzante, \u00e8 pronta, per chi la vuole, da Luglio.<br \/>\n&nbsp;<\/p>\n<p><strong>di drivelife &#8211; DURATA, 01\u201925\u201d &#8211; IN TV CON DRIVELIFE DEL 4  MARZO 2017<\/strong> &#8211; <em><strong>(da drivelife per TV del 4 MARZO 2017) &#8211; PORSCHE PANAMERA TURBO S E-HYBRID, 01\u201925\u201d \/ START @ 04\u201903\u201d &#8211; <\/strong><\/em><br \/>\n&nbsp;<br \/>\n<a data-flip-widget=\"flipit\" href=\"https:\/\/flipboard.com\">Add to Flipboard Magazine.<\/a><script src=\"https:\/\/cdn.flipboard.com\/web\/buttons\/js\/flbuttons.min.js\" type=\"text\/javascript\"><\/script><br \/>\n&nbsp;<br \/>\n&nbsp;<br \/>\n&nbsp;<\/p>\n<h2>GALLERIA FOTOGRAFICA<br \/>\nDI PORSCHE PANAMERA TURBO S E-HYBRID<\/h2>\n<p>&nbsp;<br \/>\n\n\t\t<style>\n\t\t\t#gallery-1 {\n\t\t\t\tmargin: auto;\n\t\t\t}\n\t\t\t#gallery-1 .gallery-item {\n\t\t\t\tfloat: left;\n\t\t\t\tmargin-top: 10px;\n\t\t\t\ttext-align: center;\n\t\t\t\twidth: 20%;\n\t\t\t}\n\t\t\t#gallery-1 img {\n\t\t\t\tborder: 2px solid #cfcfcf;\n\t\t\t}\n\t\t\t#gallery-1 .gallery-caption {\n\t\t\t\tmargin-left: 0;\n\t\t\t}\n\t\t\t\/* see gallery_shortcode() in wp-includes\/media.php *\/\n\t\t<\/style>\n\t\t<div id='gallery-1' class='gallery galleryid-14270 gallery-columns-5 gallery-size-thumbnail'><dl class='gallery-item'>\n\t\t\t<dt class='gallery-icon landscape'>\n\t\t\t\t<a href='https:\/\/www.drivelife.it\/news\/2017\/03\/05\/porsche-panamera-turbo-s-e-hybrid\/p17_0005_a4_rgb\/'><img loading=\"lazy\" decoding=\"async\" width=\"150\" height=\"150\" src=\"https:\/\/www.drivelife.it\/news\/wp-content\/uploads\/2017\/03\/P17_0005_a4_rgb-150x150.jpg\" class=\"attachment-thumbnail size-thumbnail no-lazy\" alt=\"\" srcset=\"https:\/\/www.drivelife.it\/news\/wp-content\/uploads\/2017\/03\/P17_0005_a4_rgb-150x150.jpg 150w, https:\/\/www.drivelife.it\/news\/wp-content\/uploads\/2017\/03\/P17_0005_a4_rgb-160x160.jpg 160w, https:\/\/www.drivelife.it\/news\/wp-content\/uploads\/2017\/03\/P17_0005_a4_rgb-320x320.jpg 320w\" sizes=\"auto, (max-width: 150px) 100vw, 150px\" \/><\/a>\n\t\t\t<\/dt><\/dl><dl class='gallery-item'>\n\t\t\t<dt class='gallery-icon landscape'>\n\t\t\t\t<a href='https:\/\/www.drivelife.it\/news\/2017\/03\/05\/porsche-panamera-turbo-s-e-hybrid\/p17_0007_a4_rgb\/'><img loading=\"lazy\" decoding=\"async\" width=\"150\" height=\"150\" src=\"https:\/\/www.drivelife.it\/news\/wp-content\/uploads\/2017\/03\/P17_0007_a4_rgb-150x150.jpg\" class=\"attachment-thumbnail size-thumbnail no-lazy\" alt=\"\" srcset=\"https:\/\/www.drivelife.it\/news\/wp-content\/uploads\/2017\/03\/P17_0007_a4_rgb-150x150.jpg 150w, https:\/\/www.drivelife.it\/news\/wp-content\/uploads\/2017\/03\/P17_0007_a4_rgb-160x160.jpg 160w, https:\/\/www.drivelife.it\/news\/wp-content\/uploads\/2017\/03\/P17_0007_a4_rgb-320x320.jpg 320w\" sizes=\"auto, (max-width: 150px) 100vw, 150px\" \/><\/a>\n\t\t\t<\/dt><\/dl><dl class='gallery-item'>\n\t\t\t<dt class='gallery-icon landscape'>\n\t\t\t\t<a href='https:\/\/www.drivelife.it\/news\/2017\/03\/05\/porsche-panamera-turbo-s-e-hybrid\/p17_0008_a4_rgb\/'><img loading=\"lazy\" decoding=\"async\" width=\"150\" height=\"150\" src=\"https:\/\/www.drivelife.it\/news\/wp-content\/uploads\/2017\/03\/P17_0008_a4_rgb-150x150.jpg\" class=\"attachment-thumbnail size-thumbnail no-lazy\" alt=\"\" srcset=\"https:\/\/www.drivelife.it\/news\/wp-content\/uploads\/2017\/03\/P17_0008_a4_rgb-150x150.jpg 150w, https:\/\/www.drivelife.it\/news\/wp-content\/uploads\/2017\/03\/P17_0008_a4_rgb-160x160.jpg 160w, https:\/\/www.drivelife.it\/news\/wp-content\/uploads\/2017\/03\/P17_0008_a4_rgb-320x320.jpg 320w\" sizes=\"auto, (max-width: 150px) 100vw, 150px\" \/><\/a>\n\t\t\t<\/dt><\/dl><dl class='gallery-item'>\n\t\t\t<dt class='gallery-icon landscape'>\n\t\t\t\t<a href='https:\/\/www.drivelife.it\/news\/2017\/03\/05\/porsche-panamera-turbo-s-e-hybrid\/p17_0012_a4_rgb\/'><img loading=\"lazy\" decoding=\"async\" width=\"150\" height=\"150\" src=\"https:\/\/www.drivelife.it\/news\/wp-content\/uploads\/2017\/03\/P17_0012_a4_rgb-150x150.jpg\" class=\"attachment-thumbnail size-thumbnail no-lazy\" alt=\"\" srcset=\"https:\/\/www.drivelife.it\/news\/wp-content\/uploads\/2017\/03\/P17_0012_a4_rgb-150x150.jpg 150w, https:\/\/www.drivelife.it\/news\/wp-content\/uploads\/2017\/03\/P17_0012_a4_rgb-160x160.jpg 160w, https:\/\/www.drivelife.it\/news\/wp-content\/uploads\/2017\/03\/P17_0012_a4_rgb-320x320.jpg 320w\" sizes=\"auto, (max-width: 150px) 100vw, 150px\" \/><\/a>\n\t\t\t<\/dt><\/dl><dl class='gallery-item'>\n\t\t\t<dt class='gallery-icon landscape'>\n\t\t\t\t<a href='https:\/\/www.drivelife.it\/news\/2017\/03\/05\/porsche-panamera-turbo-s-e-hybrid\/p17_0037_a4_rgb\/'><img loading=\"lazy\" decoding=\"async\" width=\"150\" height=\"150\" src=\"https:\/\/www.drivelife.it\/news\/wp-content\/uploads\/2017\/03\/P17_0037_a4_rgb-150x150.jpg\" class=\"attachment-thumbnail size-thumbnail no-lazy\" alt=\"\" srcset=\"https:\/\/www.drivelife.it\/news\/wp-content\/uploads\/2017\/03\/P17_0037_a4_rgb-150x150.jpg 150w, https:\/\/www.drivelife.it\/news\/wp-content\/uploads\/2017\/03\/P17_0037_a4_rgb-160x160.jpg 160w, https:\/\/www.drivelife.it\/news\/wp-content\/uploads\/2017\/03\/P17_0037_a4_rgb-320x320.jpg 320w\" sizes=\"auto, (max-width: 150px) 100vw, 150px\" \/><\/a>\n\t\t\t<\/dt><\/dl><br style=\"clear: both\" \/>\n\t\t<\/div>\n<br \/>\n&nbsp;<br \/>\n\u201cTWITTA\u201d SU PORSCHE PANAMERA TURBO S E-HYBRID ALLA TUA RETE<br \/>\n&nbsp;<br \/>\n&nbsp;<br \/>\n<a class=\"twitter-timeline\" href=\"https:\/\/twitter.com\/lucaatmrlukkor\" data-widget-id=\"557957842121289728\">Tweet di @lucaatmrlukkor<\/a> <script>!function(d,s,id){var js,fjs=d.getElementsByTagName(s)[0],p=\/^http:\/.test(d.location)?'http':'https';if(!d.getElementById(id)){js=d.createElement(s);js.id=id;js.src=p+\":\/\/platform.twitter.com\/widgets.js\";fjs.parentNode.insertBefore(js,fjs);}}(document,\"script\",\"twitter-wjs\");<\/script><br \/>\n&nbsp;<br \/>\n&nbsp;<br \/>\n&nbsp;<\/p>\n<h1><strong>GUARDA IN TV SU DRIVELIFE<\/strong><\/h1>\n<p>&nbsp;<br \/>\n&nbsp;<\/p>\n<h1>\n<p>&nbsp;<br \/>\n&nbsp;<\/p>\n<h1>TRAILER PUNTATA IN TV<\/h1>\n<p>&nbsp;<br \/>\n&nbsp;<br \/>\n#PEUGEOT 3008, FILM WINTER<br \/>\nhttps:\/\/vimeo.com\/201797982<br \/>\n&nbsp;<\/p>\n<blockquote class=\"wp-embedded-content\" data-secret=\"W9XyEDTr5k\"><p><a href=\"https:\/\/www.drivelife.it\/PEUGEOT3008\/\">Homepage<\/a><\/p><\/blockquote>\n<p><iframe loading=\"lazy\" class=\"wp-embedded-content\" sandbox=\"allow-scripts\" security=\"restricted\" style=\"position: absolute; visibility: hidden;\" title=\"&#8220;Homepage&#8221; &#8212; FILM WINTER\" src=\"https:\/\/www.drivelife.it\/PEUGEOT3008\/embed\/#?secret=gCk73YnGRu#?secret=W9XyEDTr5k\" data-secret=\"W9XyEDTr5k\" width=\"500\" height=\"282\" frameborder=\"0\" marginwidth=\"0\" marginheight=\"0\" scrolling=\"no\"><\/iframe><br \/>\n&nbsp;<br \/>\n&nbsp;<br \/>\n&nbsp;<br \/>\n&nbsp;<\/p>\n<h1><strong>IN TV &#8211; RUBRICA TV AUTOMOTIVE DI 12\u201900\u201d &#8211; SOMMARIO, TIMING &#038; START<\/strong><\/h1>\n<p>&nbsp;<br \/>\n&nbsp;<\/p>\n<h1>SOMMARIO, TIMING SERVIZI <\/p>\n<p>ALFA ROMEO STELVIO, 01&#8217;38&#8221; &#8211; AUDI A5 \/ S5 CABRIOLET, 01&#8217;21&#8221; &#8211; PORSCHE PANAMERA TURBO S  E-HYBRID, 01&#8217;25&#8221; &#8211; PEUGEOT, STEFANO ACCORSI #sensationdriver, 03&#8217;08&#8221; &#8211; CITROEN, SILVIA BERTAGNA, UNCONVENTIONAL TEAM, 00&#8217;44&#8221; &#8211; DS INFOPRESSE, 01&#8217;52&#8221;<\/p>\n<p>&#8211; <\/h1>\n<p>&nbsp;<br \/>\n&nbsp;<\/p>\n<h2>START @ &#8211; SOMMARIO, START SERVIZI <\/p>\n<p>ALFA ROMEO STELVIO, 00&#8217;48&#8221; -AUDI A5 \/ S5 CABRIOLET, 02&#8217;37&#8221; &#8211; PORSCHE PANAMERA TURBO S  E-HYBRID, 04&#8217;03&#8221; &#8211; PEUGEOT, STEFANO ACCORSI #sensationdriver, 05&#8217;33&#8221; &#8211; CITROEN, SILVIA BERTAGNA, UNCONVENTIONAL TEAM, 08&#8217;50&#8221; &#8211; DS INFOPRESSE, 09&#8217;40&#8221;<\/p>\n<p>&#8211; <\/h2>\n<p>&nbsp;<br \/>\n&nbsp;<br \/>\n#ACI #AUTOMOBILE CLUB ROMA<br \/>\n&nbsp;<br \/>\n&nbsp;<br \/>\n#MollaStoTelefono &#8211; ACI, Automobil Club d&#8217;Italia<\/p>\n<div class=\"video-container\"><iframe loading=\"lazy\" title=\"ACI #MollaStoTelefono\" width=\"500\" height=\"281\" src=\"https:\/\/www.youtube.com\/embed\/42iw6dhkNho?feature=oembed&#038;wmode=opaque\" frameborder=\"0\" allow=\"accelerometer; autoplay; clipboard-write; encrypted-media; gyroscope; picture-in-picture; web-share\" referrerpolicy=\"strict-origin-when-cross-origin\" allowfullscreen><\/iframe><\/div>\n<p>&nbsp;<br \/>\n#MollaStoTelefono \u00e8 propriet\u00e0  di ACI, Automobile Club Italia ed i suoi incaricati di creativit\u00e0 e realizzazione<br \/>\n&nbsp;<br \/>\n&nbsp;<br \/>\n&nbsp;<br \/>\n&nbsp;<br \/>\n&nbsp;<br \/>\n&nbsp;<\/p>\n<blockquote>\n<h1>L&#8217;AUTO IN TV: JAGUAR XF AWD, PEUGEOT 3008, CITROEN C4 CACTUS RIP CURL \u00a9lucaromanopix<\/h1>\n<\/blockquote>\n<\/h1>\n<p>&nbsp;<br \/>\n&nbsp;<\/p>\n<h3>NB: qui, come per tutti gli articoli che drivelife pubblica on line, non \u00e8 un obbligo la corrispondenza tra il pubblicato della pagina e quanto messo in onda con la rubrica televisiva diffusa in tutta Italia.<\/h3>\n<p>&nbsp;<br \/>\n&nbsp;<\/p>\n<h1>LA PUNTATA DI DRIVELIFE IN TV<br \/>\nSU VIMEO E YOUTUBE<\/h1>\n<p>&nbsp;<br \/>\n&nbsp;<\/p>\n<h1>4\/3_x_LETV mp4<\/h1>\n<p>https:\/\/vimeo.com\/206439150<br \/>\n&nbsp;<br \/>\n&nbsp;<\/p>\n<h1>4\/3_x_LETV mpg<\/h1>\n<p>https:\/\/vimeo.com\/206433879<br \/>\n&nbsp;<br \/>\n&nbsp;<\/p>\n<h1>4\/3_YOUTUBE<\/h1>\n<div class=\"video-container\"><iframe loading=\"lazy\" title=\"2017 PUNTATA DRIVELIFE MARZO 04\" width=\"500\" height=\"281\" src=\"https:\/\/www.youtube.com\/embed\/alEJMyQQVAs?feature=oembed&#038;wmode=opaque\" frameborder=\"0\" allow=\"accelerometer; autoplay; clipboard-write; encrypted-media; gyroscope; picture-in-picture; web-share\" referrerpolicy=\"strict-origin-when-cross-origin\" allowfullscreen><\/iframe><\/div>\n<p>&nbsp;<\/p>\n<div class=\"video-container\"><iframe loading=\"lazy\" title=\"2017 PUNTATA DRIVELIFE MARZO 04\" width=\"500\" height=\"375\" src=\"https:\/\/www.youtube.com\/embed\/41PVEUstyzo?feature=oembed&#038;wmode=opaque\" frameborder=\"0\" allow=\"accelerometer; autoplay; clipboard-write; encrypted-media; gyroscope; picture-in-picture; web-share\" referrerpolicy=\"strict-origin-when-cross-origin\" allowfullscreen><\/iframe><\/div>\n<p>&nbsp;<br \/>\n&nbsp;<br \/>\n&nbsp;<br \/>\n&nbsp;<br \/>\n<a href=\"http:\/\/vimeo.com\/drivelife\"><img decoding=\"async\" src=\"http:\/\/a.vimeocdn.com\/images_v6\/blogbadge_channels.png\" alt=\"Vimeo\" \/><\/a><\/p>\n<blockquote>\n<h1><strong>In TV con drivelife del 4 MARZO<\/strong><\/h1>\n<\/blockquote>\n<p><a href=\"https:\/\/flipboard.com\/@mrlukkor\/drivelife-q5flocp8y\" data-flip-widget=\"mag\">View my Flipboard Magazine.<\/a><\/p>\n<h2>Guarda di pi\u00f9 con drivelife<\/h2>\n<p style=\"color: #021eaa;\"><a href=\"http:\/\/car.18x24.it\">car.18&#215;24.it<\/a><\/p>\n<p style=\"color: #021eaa;\"><a href=\"http:\/\/www.drivelife.it\">www.drivelife.it<\/a><\/p>\n<p style=\"color: #021eaa;\"><a href=\"http:\/\/www.drivelife.it\/clip\/\">www.drivelife.it\/clip\/<\/a><\/p>\n<p style=\"color: #021eaa;\"><a href=\"http:\/\/www.drivelife.it\/dlnew\/\">www.drivelife.it\/dlnew\/<\/a><\/p>\n<p style=\"color: #021eaa;\"><a href=\"http:\/\/www.drivelife.it\/moto\/\">www.drivelife.it\/moto\/<\/a><\/p>\n<p style=\"color: #021eaa;\"><a href=\"http:\/\/www.drivelife.it\/car\/\">www.drivelife.it\/car\/<\/a><\/p>\n<p style=\"color: #021eaa;\"><a href=\"http:\/\/www.drivelife.it\/drivelifeintv\/\">www.drivelife.it\/drivelifeintv\/<\/a><\/p>\n<p style=\"color: #021eaa;\"><a href=\"http:\/\/www.drivelife.it\/pics\/\">www.drivelife.it\/pics\/<\/a><\/p>\n<p style=\"color: #021eaa;\"><a href=\"http:\/\/www.drivelife.it\/dresscode\/\">www.drivelife.it\/dresscode\/<\/a><\/p>\n<p style=\"color: #021eaa;\"><a href=\"https:\/\/twitter.com\/tweetdrivelife\">twitter.com\/tweetdrivelife<\/a><\/p>\n<p style=\"color: #021eaa;\"><a href=\"https:\/\/flipboard.com\/@mrlukkor\/drivelife-q5flocp8y\">flipboard.com\/@mrlukkor\/drivelife<\/a><\/p>\n<p>&nbsp;<br \/>\n&nbsp;<br \/>\nCredit clip&#038;pic, quando pubblicato<br \/>\nTutte le fotografie e le clip \u00a9lucaromanopix<br \/>\n<strong>Vietata la riproduzione e la diffusione su e con qualsiasi mezzo e\/o social network senza il consenso scritto dell&#8217;autore. Le fotografie sono file con firma digitale. Le fotografie sono protette secondo le norme vigenti in Italia del diritto d\u2019autore. <\/strong><br \/>\n&nbsp;<\/p>\n<h2>\n<blockquote><p>Once Ansel Adams said:<br \/>\n\u201cThe single most important component of a camera is the twelve inches behind it\u201d.<\/p><\/blockquote>\n<\/h2>\n<p>&nbsp;<br \/>\n&nbsp;<\/p>\n","protected":false},"excerpt":{"rendered":"<p>IN TV SU DRIVELIFE DEL 4 MARZO &#8211; DA LUGLIO IN VENDITA LA NUOVA PORSCHE PANAMERA TURBO S E-HYBRID, PREZZI A PARTIRE DA POCO PI\u00d9 DI 190K, LEGGI LA NEWS SU DRIVELIFE<\/p>\n","protected":false},"author":1,"featured_media":14276,"comment_status":"open","ping_status":"open","sticky":false,"template":"","format":"video","meta":{"ngg_post_thumbnail":0,"footnotes":""},"categories":[39,52,55,72,71,999,53],"tags":[1095,1079,964,900,1092,912,795,1096,37,1099,1080,538,23,1091,804,1093,1089,1098,1094,1090,1097,1081],"class_list":["post-14270","post","type-post","status-publish","format-video","has-post-thumbnail","hentry","category-automotive","category-gallery","category-news","category-porsche","category-puntata-drivelife","category-999","category-video","tag-sensationdriver","tag-1079","tag-alfa-romeo-stelvio","tag-audi-a5","tag-audi-a5-cabriolet","tag-caffehinaluke","tag-citroen","tag-citroen-unconventional","tag-drivelife","tag-ds-automobiles","tag-furlo","tag-lucaromanopix","tag-mrlukkor","tag-passo-dello-stelvio","tag-peugeot","tag-porsche-panamera-turbo-s-e-hybrid","tag-puntata-4-marzo","tag-silvia-bertagna","tag-stefano-accorsi","tag-stelvio","tag-unconventional","tag-winter","post_format-post-format-video"],"yoast_head":"<!-- This site is optimized with the Yoast SEO plugin v27.5 - https:\/\/yoast.com\/product\/yoast-seo-wordpress\/ -->\n<title>PORSCHE PANAMERA TURBO S E-HYBRID - #lucalife<\/title>\n<meta name=\"description\" content=\"DA LUGLIO IN VENDITA LA NUOVA PORSCHE PANAMERA TURBO S E-HYBRID, PREZZI A PARTIRE DA POCO PI\u00d9 DI 190K, LEGGI LA NEWS SU DRIVELIFE\" \/>\n<meta name=\"robots\" content=\"index, follow, max-snippet:-1, max-image-preview:large, max-video-preview:-1\" \/>\n<link rel=\"canonical\" href=\"https:\/\/www.drivelife.it\/news\/2017\/03\/05\/porsche-panamera-turbo-s-e-hybrid\/\" \/>\n<meta property=\"og:locale\" content=\"en_US\" \/>\n<meta property=\"og:type\" content=\"article\" \/>\n<meta property=\"og:title\" content=\"PORSCHE PANAMERA TURBO S E-HYBRID - #lucalife\" \/>\n<meta property=\"og:description\" content=\"DA LUGLIO IN VENDITA LA NUOVA PORSCHE PANAMERA TURBO S E-HYBRID, PREZZI A PARTIRE DA POCO PI\u00d9 DI 190K, LEGGI LA NEWS SU DRIVELIFE\" \/>\n<meta property=\"og:url\" content=\"https:\/\/www.drivelife.it\/news\/2017\/03\/05\/porsche-panamera-turbo-s-e-hybrid\/\" \/>\n<meta property=\"og:site_name\" content=\"#lucalife\" \/>\n<meta property=\"article:publisher\" content=\"https:\/\/www.facebook.com\/pages\/Drivelife\/467833073239720\" \/>\n<meta property=\"article:published_time\" content=\"2017-03-05T18:30:54+00:00\" \/>\n<meta property=\"article:modified_time\" content=\"2017-03-09T19:58:39+00:00\" \/>\n<meta property=\"og:image\" content=\"https:\/\/www.drivelife.it\/news\/wp-content\/uploads\/2017\/03\/P17_0005_a4_rgb-1.jpg\" \/>\n\t<meta property=\"og:image:width\" content=\"2560\" \/>\n\t<meta property=\"og:image:height\" content=\"1440\" \/>\n\t<meta property=\"og:image:type\" content=\"image\/jpeg\" \/>\n<meta name=\"author\" content=\"Redazione\" \/>\n<meta name=\"twitter:card\" content=\"summary_large_image\" \/>\n<meta name=\"twitter:creator\" content=\"@tweetdrivelife\" \/>\n<meta name=\"twitter:site\" content=\"@tweetdrivelife\" \/>\n<meta name=\"twitter:label1\" content=\"Written by\" \/>\n\t<meta name=\"twitter:data1\" content=\"Redazione\" \/>\n\t<meta name=\"twitter:label2\" content=\"Est. reading time\" \/>\n\t<meta name=\"twitter:data2\" content=\"4 minutes\" \/>\n<script type=\"application\/ld+json\" class=\"yoast-schema-graph\">{\"@context\":\"https:\\\/\\\/schema.org\",\"@graph\":[{\"@type\":\"Article\",\"@id\":\"https:\\\/\\\/www.drivelife.it\\\/news\\\/2017\\\/03\\\/05\\\/porsche-panamera-turbo-s-e-hybrid\\\/#article\",\"isPartOf\":{\"@id\":\"https:\\\/\\\/www.drivelife.it\\\/news\\\/2017\\\/03\\\/05\\\/porsche-panamera-turbo-s-e-hybrid\\\/\"},\"author\":{\"name\":\"Redazione\",\"@id\":\"https:\\\/\\\/www.drivelife.it\\\/news\\\/#\\\/schema\\\/person\\\/b6c194c3423ff451be4914f5fd9c2188\"},\"headline\":\"PORSCHE PANAMERA TURBO S E-HYBRID\",\"datePublished\":\"2017-03-05T18:30:54+00:00\",\"dateModified\":\"2017-03-09T19:58:39+00:00\",\"mainEntityOfPage\":{\"@id\":\"https:\\\/\\\/www.drivelife.it\\\/news\\\/2017\\\/03\\\/05\\\/porsche-panamera-turbo-s-e-hybrid\\\/\"},\"wordCount\":729,\"commentCount\":0,\"image\":{\"@id\":\"https:\\\/\\\/www.drivelife.it\\\/news\\\/2017\\\/03\\\/05\\\/porsche-panamera-turbo-s-e-hybrid\\\/#primaryimage\"},\"thumbnailUrl\":\"https:\\\/\\\/www.drivelife.it\\\/news\\\/wp-content\\\/uploads\\\/2017\\\/03\\\/P17_0005_a4_rgb-1.jpg\",\"keywords\":[\"#sensationdriver\",\"3008\",\"alfa romeo stelvio\",\"audi A5\",\"Audi A5 cabriolet\",\"caffehinaluke\",\"CITROEN\",\"citroen unconventional\",\"DRIVELIFE\",\"DS Automobiles\",\"furlo\",\"lucaromanopix\",\"MRLUKKOR\",\"passo dello stelvio\",\"PEUGEOT\",\"Porsche Panamera Turbo S E-Hybrid\",\"puntata 4 marzo\",\"silvia bertagna\",\"stefano accorsi\",\"stelvio\",\"unconventional\",\"winter\"],\"articleSection\":[\"AUTOMOTIVE\",\"GALLERY AUTOMOTIVE\",\"NEWS\",\"PORSCHE\",\"PUNTATA DRIVELIFE\",\"PUNTATE DRIVELIFE TV 2017\",\"VIDEO\"],\"inLanguage\":\"en-US\",\"potentialAction\":[{\"@type\":\"CommentAction\",\"name\":\"Comment\",\"target\":[\"https:\\\/\\\/www.drivelife.it\\\/news\\\/2017\\\/03\\\/05\\\/porsche-panamera-turbo-s-e-hybrid\\\/#respond\"]}]},{\"@type\":\"WebPage\",\"@id\":\"https:\\\/\\\/www.drivelife.it\\\/news\\\/2017\\\/03\\\/05\\\/porsche-panamera-turbo-s-e-hybrid\\\/\",\"url\":\"https:\\\/\\\/www.drivelife.it\\\/news\\\/2017\\\/03\\\/05\\\/porsche-panamera-turbo-s-e-hybrid\\\/\",\"name\":\"PORSCHE PANAMERA TURBO S E-HYBRID - #lucalife\",\"isPartOf\":{\"@id\":\"https:\\\/\\\/www.drivelife.it\\\/news\\\/#website\"},\"primaryImageOfPage\":{\"@id\":\"https:\\\/\\\/www.drivelife.it\\\/news\\\/2017\\\/03\\\/05\\\/porsche-panamera-turbo-s-e-hybrid\\\/#primaryimage\"},\"image\":{\"@id\":\"https:\\\/\\\/www.drivelife.it\\\/news\\\/2017\\\/03\\\/05\\\/porsche-panamera-turbo-s-e-hybrid\\\/#primaryimage\"},\"thumbnailUrl\":\"https:\\\/\\\/www.drivelife.it\\\/news\\\/wp-content\\\/uploads\\\/2017\\\/03\\\/P17_0005_a4_rgb-1.jpg\",\"datePublished\":\"2017-03-05T18:30:54+00:00\",\"dateModified\":\"2017-03-09T19:58:39+00:00\",\"author\":{\"@id\":\"https:\\\/\\\/www.drivelife.it\\\/news\\\/#\\\/schema\\\/person\\\/b6c194c3423ff451be4914f5fd9c2188\"},\"description\":\"DA LUGLIO IN VENDITA LA NUOVA PORSCHE PANAMERA TURBO S E-HYBRID, PREZZI A PARTIRE DA POCO PI\u00d9 DI 190K, LEGGI LA NEWS SU DRIVELIFE\",\"breadcrumb\":{\"@id\":\"https:\\\/\\\/www.drivelife.it\\\/news\\\/2017\\\/03\\\/05\\\/porsche-panamera-turbo-s-e-hybrid\\\/#breadcrumb\"},\"inLanguage\":\"en-US\",\"potentialAction\":[{\"@type\":\"ReadAction\",\"target\":[\"https:\\\/\\\/www.drivelife.it\\\/news\\\/2017\\\/03\\\/05\\\/porsche-panamera-turbo-s-e-hybrid\\\/\"]}]},{\"@type\":\"ImageObject\",\"inLanguage\":\"en-US\",\"@id\":\"https:\\\/\\\/www.drivelife.it\\\/news\\\/2017\\\/03\\\/05\\\/porsche-panamera-turbo-s-e-hybrid\\\/#primaryimage\",\"url\":\"https:\\\/\\\/www.drivelife.it\\\/news\\\/wp-content\\\/uploads\\\/2017\\\/03\\\/P17_0005_a4_rgb-1.jpg\",\"contentUrl\":\"https:\\\/\\\/www.drivelife.it\\\/news\\\/wp-content\\\/uploads\\\/2017\\\/03\\\/P17_0005_a4_rgb-1.jpg\",\"width\":2560,\"height\":1440,\"caption\":\"PORSCHE PANAMERA TURBO S E-HYBRID IN TV SU DRIVELIFE DEL 4 MARZO\"},{\"@type\":\"BreadcrumbList\",\"@id\":\"https:\\\/\\\/www.drivelife.it\\\/news\\\/2017\\\/03\\\/05\\\/porsche-panamera-turbo-s-e-hybrid\\\/#breadcrumb\",\"itemListElement\":[{\"@type\":\"ListItem\",\"position\":1,\"name\":\"Home\",\"item\":\"https:\\\/\\\/www.drivelife.it\\\/news\\\/\"},{\"@type\":\"ListItem\",\"position\":2,\"name\":\"PORSCHE PANAMERA TURBO S E-HYBRID\"}]},{\"@type\":\"WebSite\",\"@id\":\"https:\\\/\\\/www.drivelife.it\\\/news\\\/#website\",\"url\":\"https:\\\/\\\/www.drivelife.it\\\/news\\\/\",\"name\":\"#lucalife\",\"description\":\"DRIVELIFE le mie automobili\",\"potentialAction\":[{\"@type\":\"SearchAction\",\"target\":{\"@type\":\"EntryPoint\",\"urlTemplate\":\"https:\\\/\\\/www.drivelife.it\\\/news\\\/?s={search_term_string}\"},\"query-input\":{\"@type\":\"PropertyValueSpecification\",\"valueRequired\":true,\"valueName\":\"search_term_string\"}}],\"inLanguage\":\"en-US\"},{\"@type\":\"Person\",\"@id\":\"https:\\\/\\\/www.drivelife.it\\\/news\\\/#\\\/schema\\\/person\\\/b6c194c3423ff451be4914f5fd9c2188\",\"name\":\"Redazione\",\"image\":{\"@type\":\"ImageObject\",\"inLanguage\":\"en-US\",\"@id\":\"https:\\\/\\\/secure.gravatar.com\\\/avatar\\\/8d186f6b07ba8a94441344759f0e13bf1909b6ceaa171df0425551b4590fd558?s=96&d=mm&r=g\",\"url\":\"https:\\\/\\\/secure.gravatar.com\\\/avatar\\\/8d186f6b07ba8a94441344759f0e13bf1909b6ceaa171df0425551b4590fd558?s=96&d=mm&r=g\",\"contentUrl\":\"https:\\\/\\\/secure.gravatar.com\\\/avatar\\\/8d186f6b07ba8a94441344759f0e13bf1909b6ceaa171df0425551b4590fd558?s=96&d=mm&r=g\",\"caption\":\"Redazione\"},\"url\":\"https:\\\/\\\/www.drivelife.it\\\/news\\\/author\\\/admin\\\/\"}]}<\/script>\n<!-- \/ Yoast SEO plugin. -->","yoast_head_json":{"title":"PORSCHE PANAMERA TURBO S E-HYBRID - #lucalife","description":"DA LUGLIO IN VENDITA LA NUOVA PORSCHE PANAMERA TURBO S E-HYBRID, PREZZI A PARTIRE DA POCO PI\u00d9 DI 190K, LEGGI LA NEWS SU DRIVELIFE","robots":{"index":"index","follow":"follow","max-snippet":"max-snippet:-1","max-image-preview":"max-image-preview:large","max-video-preview":"max-video-preview:-1"},"canonical":"https:\/\/www.drivelife.it\/news\/2017\/03\/05\/porsche-panamera-turbo-s-e-hybrid\/","og_locale":"en_US","og_type":"article","og_title":"PORSCHE PANAMERA TURBO S E-HYBRID - #lucalife","og_description":"DA LUGLIO IN VENDITA LA NUOVA PORSCHE PANAMERA TURBO S E-HYBRID, PREZZI A PARTIRE DA POCO PI\u00d9 DI 190K, LEGGI LA NEWS SU DRIVELIFE","og_url":"https:\/\/www.drivelife.it\/news\/2017\/03\/05\/porsche-panamera-turbo-s-e-hybrid\/","og_site_name":"#lucalife","article_publisher":"https:\/\/www.facebook.com\/pages\/Drivelife\/467833073239720","article_published_time":"2017-03-05T18:30:54+00:00","article_modified_time":"2017-03-09T19:58:39+00:00","og_image":[{"width":2560,"height":1440,"url":"https:\/\/www.drivelife.it\/news\/wp-content\/uploads\/2017\/03\/P17_0005_a4_rgb-1.jpg","type":"image\/jpeg"}],"author":"Redazione","twitter_card":"summary_large_image","twitter_creator":"@tweetdrivelife","twitter_site":"@tweetdrivelife","twitter_misc":{"Written by":"Redazione","Est. reading time":"4 minutes"},"schema":{"@context":"https:\/\/schema.org","@graph":[{"@type":"Article","@id":"https:\/\/www.drivelife.it\/news\/2017\/03\/05\/porsche-panamera-turbo-s-e-hybrid\/#article","isPartOf":{"@id":"https:\/\/www.drivelife.it\/news\/2017\/03\/05\/porsche-panamera-turbo-s-e-hybrid\/"},"author":{"name":"Redazione","@id":"https:\/\/www.drivelife.it\/news\/#\/schema\/person\/b6c194c3423ff451be4914f5fd9c2188"},"headline":"PORSCHE PANAMERA TURBO S E-HYBRID","datePublished":"2017-03-05T18:30:54+00:00","dateModified":"2017-03-09T19:58:39+00:00","mainEntityOfPage":{"@id":"https:\/\/www.drivelife.it\/news\/2017\/03\/05\/porsche-panamera-turbo-s-e-hybrid\/"},"wordCount":729,"commentCount":0,"image":{"@id":"https:\/\/www.drivelife.it\/news\/2017\/03\/05\/porsche-panamera-turbo-s-e-hybrid\/#primaryimage"},"thumbnailUrl":"https:\/\/www.drivelife.it\/news\/wp-content\/uploads\/2017\/03\/P17_0005_a4_rgb-1.jpg","keywords":["#sensationdriver","3008","alfa romeo stelvio","audi A5","Audi A5 cabriolet","caffehinaluke","CITROEN","citroen unconventional","DRIVELIFE","DS Automobiles","furlo","lucaromanopix","MRLUKKOR","passo dello stelvio","PEUGEOT","Porsche Panamera Turbo S E-Hybrid","puntata 4 marzo","silvia bertagna","stefano accorsi","stelvio","unconventional","winter"],"articleSection":["AUTOMOTIVE","GALLERY AUTOMOTIVE","NEWS","PORSCHE","PUNTATA DRIVELIFE","PUNTATE DRIVELIFE TV 2017","VIDEO"],"inLanguage":"en-US","potentialAction":[{"@type":"CommentAction","name":"Comment","target":["https:\/\/www.drivelife.it\/news\/2017\/03\/05\/porsche-panamera-turbo-s-e-hybrid\/#respond"]}]},{"@type":"WebPage","@id":"https:\/\/www.drivelife.it\/news\/2017\/03\/05\/porsche-panamera-turbo-s-e-hybrid\/","url":"https:\/\/www.drivelife.it\/news\/2017\/03\/05\/porsche-panamera-turbo-s-e-hybrid\/","name":"PORSCHE PANAMERA TURBO S E-HYBRID - #lucalife","isPartOf":{"@id":"https:\/\/www.drivelife.it\/news\/#website"},"primaryImageOfPage":{"@id":"https:\/\/www.drivelife.it\/news\/2017\/03\/05\/porsche-panamera-turbo-s-e-hybrid\/#primaryimage"},"image":{"@id":"https:\/\/www.drivelife.it\/news\/2017\/03\/05\/porsche-panamera-turbo-s-e-hybrid\/#primaryimage"},"thumbnailUrl":"https:\/\/www.drivelife.it\/news\/wp-content\/uploads\/2017\/03\/P17_0005_a4_rgb-1.jpg","datePublished":"2017-03-05T18:30:54+00:00","dateModified":"2017-03-09T19:58:39+00:00","author":{"@id":"https:\/\/www.drivelife.it\/news\/#\/schema\/person\/b6c194c3423ff451be4914f5fd9c2188"},"description":"DA LUGLIO IN VENDITA LA NUOVA PORSCHE PANAMERA TURBO S E-HYBRID, PREZZI A PARTIRE DA POCO PI\u00d9 DI 190K, LEGGI LA NEWS SU DRIVELIFE","breadcrumb":{"@id":"https:\/\/www.drivelife.it\/news\/2017\/03\/05\/porsche-panamera-turbo-s-e-hybrid\/#breadcrumb"},"inLanguage":"en-US","potentialAction":[{"@type":"ReadAction","target":["https:\/\/www.drivelife.it\/news\/2017\/03\/05\/porsche-panamera-turbo-s-e-hybrid\/"]}]},{"@type":"ImageObject","inLanguage":"en-US","@id":"https:\/\/www.drivelife.it\/news\/2017\/03\/05\/porsche-panamera-turbo-s-e-hybrid\/#primaryimage","url":"https:\/\/www.drivelife.it\/news\/wp-content\/uploads\/2017\/03\/P17_0005_a4_rgb-1.jpg","contentUrl":"https:\/\/www.drivelife.it\/news\/wp-content\/uploads\/2017\/03\/P17_0005_a4_rgb-1.jpg","width":2560,"height":1440,"caption":"PORSCHE PANAMERA TURBO S E-HYBRID IN TV SU DRIVELIFE DEL 4 MARZO"},{"@type":"BreadcrumbList","@id":"https:\/\/www.drivelife.it\/news\/2017\/03\/05\/porsche-panamera-turbo-s-e-hybrid\/#breadcrumb","itemListElement":[{"@type":"ListItem","position":1,"name":"Home","item":"https:\/\/www.drivelife.it\/news\/"},{"@type":"ListItem","position":2,"name":"PORSCHE PANAMERA TURBO S E-HYBRID"}]},{"@type":"WebSite","@id":"https:\/\/www.drivelife.it\/news\/#website","url":"https:\/\/www.drivelife.it\/news\/","name":"#lucalife","description":"DRIVELIFE le mie automobili","potentialAction":[{"@type":"SearchAction","target":{"@type":"EntryPoint","urlTemplate":"https:\/\/www.drivelife.it\/news\/?s={search_term_string}"},"query-input":{"@type":"PropertyValueSpecification","valueRequired":true,"valueName":"search_term_string"}}],"inLanguage":"en-US"},{"@type":"Person","@id":"https:\/\/www.drivelife.it\/news\/#\/schema\/person\/b6c194c3423ff451be4914f5fd9c2188","name":"Redazione","image":{"@type":"ImageObject","inLanguage":"en-US","@id":"https:\/\/secure.gravatar.com\/avatar\/8d186f6b07ba8a94441344759f0e13bf1909b6ceaa171df0425551b4590fd558?s=96&d=mm&r=g","url":"https:\/\/secure.gravatar.com\/avatar\/8d186f6b07ba8a94441344759f0e13bf1909b6ceaa171df0425551b4590fd558?s=96&d=mm&r=g","contentUrl":"https:\/\/secure.gravatar.com\/avatar\/8d186f6b07ba8a94441344759f0e13bf1909b6ceaa171df0425551b4590fd558?s=96&d=mm&r=g","caption":"Redazione"},"url":"https:\/\/www.drivelife.it\/news\/author\/admin\/"}]}},"amp_enabled":true,"_links":{"self":[{"href":"https:\/\/www.drivelife.it\/news\/wp-json\/wp\/v2\/posts\/14270","targetHints":{"allow":["GET"]}}],"collection":[{"href":"https:\/\/www.drivelife.it\/news\/wp-json\/wp\/v2\/posts"}],"about":[{"href":"https:\/\/www.drivelife.it\/news\/wp-json\/wp\/v2\/types\/post"}],"author":[{"embeddable":true,"href":"https:\/\/www.drivelife.it\/news\/wp-json\/wp\/v2\/users\/1"}],"replies":[{"embeddable":true,"href":"https:\/\/www.drivelife.it\/news\/wp-json\/wp\/v2\/comments?post=14270"}],"version-history":[{"count":2,"href":"https:\/\/www.drivelife.it\/news\/wp-json\/wp\/v2\/posts\/14270\/revisions"}],"predecessor-version":[{"id":14280,"href":"https:\/\/www.drivelife.it\/news\/wp-json\/wp\/v2\/posts\/14270\/revisions\/14280"}],"wp:featuredmedia":[{"embeddable":true,"href":"https:\/\/www.drivelife.it\/news\/wp-json\/wp\/v2\/media\/14276"}],"wp:attachment":[{"href":"https:\/\/www.drivelife.it\/news\/wp-json\/wp\/v2\/media?parent=14270"}],"wp:term":[{"taxonomy":"category","embeddable":true,"href":"https:\/\/www.drivelife.it\/news\/wp-json\/wp\/v2\/categories?post=14270"},{"taxonomy":"post_tag","embeddable":true,"href":"https:\/\/www.drivelife.it\/news\/wp-json\/wp\/v2\/tags?post=14270"}],"curies":[{"name":"wp","href":"https:\/\/api.w.org\/{rel}","templated":true}]}}