{"id":13421,"date":"2017-02-11T18:47:55","date_gmt":"2017-02-11T18:47:55","guid":{"rendered":"http:\/\/www.drivelife.it\/news\/?p=13421"},"modified":"2017-02-11T23:55:39","modified_gmt":"2017-02-11T23:55:39","slug":"citroen-c-aircross-concept","status":"publish","type":"post","link":"https:\/\/www.drivelife.it\/news\/2017\/02\/11\/citroen-c-aircross-concept\/","title":{"rendered":"CITROEN C-AIRCROSS CONCEPT"},"content":{"rendered":"<h1>VALORI NON COMUNI<\/h1>\n<p>&nbsp;<\/p>\n<div id=\"attachment_13422\" style=\"width: 730px\" class=\"wp-caption alignnone\"><img loading=\"lazy\" decoding=\"async\" aria-describedby=\"caption-attachment-13422\" src=\"http:\/\/www.drivelife.it\/news\/wp-content\/uploads\/2017\/02\/124355_broadcast04-1000x563.jpg\" alt=\"CITROEN C-AIRCROSS CONCEPT - IN TV CON DRIVELIFE DEL 11 FEBBRAIO\" width=\"720\" height=\"405\" class=\"size-large wp-image-13422\" srcset=\"https:\/\/www.drivelife.it\/news\/wp-content\/uploads\/2017\/02\/124355_broadcast04-1000x563.jpg 1000w, https:\/\/www.drivelife.it\/news\/wp-content\/uploads\/2017\/02\/124355_broadcast04-620x349.jpg 620w, https:\/\/www.drivelife.it\/news\/wp-content\/uploads\/2017\/02\/124355_broadcast04-768x432.jpg 768w, https:\/\/www.drivelife.it\/news\/wp-content\/uploads\/2017\/02\/124355_broadcast04-300x169.jpg 300w\" sizes=\"auto, (max-width: 720px) 100vw, 720px\" \/><p id=\"caption-attachment-13422\" class=\"wp-caption-text\">CITROEN C-AIRCROSS CONCEPT &#8211; IN TV CON DRIVELIFE DEL 11 FEBBRAIO<\/p><\/div>\n<p>&nbsp;<br \/>\n<strong><\/p>\n<h1>C-Aircross Concept, anteprima concettuale del nuovo SUV intermedio con il marchio francese per l\u2019eccellenza della non conformit\u00e0. Sullo stand a Ginevra all\u2019inizio di Marzo. Poi arriver\u00e0 la versione di serie forse diversa in alcune soluzioni ma certo porter\u00e0 con s\u00e9 insieme ai valori del marchio anche quegli aspetti ludici gi\u00e0 introdotti con la C3.<br \/>\nQuindi a bordo, dalla ConnectedCAM al Connect Nav, con funzioni di navigazione 3D, e con la novit\u00e0 dell\u2019app Share with U, per condividere i propri file con gli altri passeggeri: c\u2019\u00e8 tutto<\/h1>\n<p><\/strong><\/p>\n<h2><em><strong>L\u2019essenzialit\u00e0 dell\u2019arredamento nell\u2019abitacolo non tragga in inganno. Ai materiali tecnici, per sottolineare la vocazione off road, si affiancano una lunga serie di soluzioni funzionali nel rispetto del nuovo principio costruttivo Citroen Advanced Comfort<\/h2>\n<p><\/em><\/strong><\/p>\n<blockquote>\n<h1>FUORI DALL&#8217;ASFALTO<br \/>\nMA SOPRATTUTTO<br \/>\nFUORI DAL CONVENZIONALE<\/h1>\n<\/blockquote>\n<p><\/em><\/strong><\/h2>\n<p>&nbsp;<\/p>\n<h2>con drivelife in TV<br \/>\ne online con drivelife\/vimeo,<br \/>\nper la puntata del 11 FEBBRAIO<\/h2>\n<p>&nbsp;<br \/>\nhttps:\/\/vimeo.com\/203430689<br \/>\n&nbsp;<br \/>\n<a data-flip-widget=\"flipit\" href=\"https:\/\/flipboard.com\">Add to Flipboard Magazine.<\/a><script src=\"https:\/\/cdn.flipboard.com\/web\/buttons\/js\/flbuttons.min.js\" type=\"text\/javascript\"><\/script><br \/>\n&nbsp;<br \/>\n<strong>di drivelife &#8211; DURATA, 00\u201955\u201d &#8211; IN TV CON DRIVELIFE DEL 11 FEBBRAIO 2017<\/strong> &#8211; <em><strong>(da drivelife per TV del 11 FEBBRAIO 2017) &#8211; CITROEN AIRCROSS, 00\u201955\u201d \/ START @ 02\u201901\u201d &#8211; <\/strong><\/em><br \/>\n&nbsp;<br \/>\n&nbsp;<br \/>\n&nbsp;<br \/>\n&nbsp;<br \/>\n&nbsp;<br \/>\n&nbsp;<\/p>\n<p>&nbsp;<br \/>\nLa creativit\u00e0 di Citroen \u00e8 indiscutibile e questo concept C-Aircross ne \u00e8 l\u2019ennesima rappresentazione. Un solo rammarico, ed \u00e8 quello di sempre,  la inevitabile distanza che c\u2019\u00e8 tra i concept e la produzione di serie.<br \/>\n&nbsp;<br \/>\nPeccato, un\u2019automobile come la C-Aircross, penso, sarebbe molto apprezzata da tutti quei clienti che, come Citroen, amano uscire dagli schemi dell\u2019ovvio, essere &#8211; proprio come dice Citroen &#8211; unconventional, non convenzionali, fuori delle masse dei venditori di macchine pi\u00f9 che automobili.<br \/>\n&nbsp;<br \/>\nC-Aircross \u00e8 la preview del prossimo SUV compatto che porta con s\u00e9 il nuovo principio costruttivo dell\u2019abitacolo: Citroen Advanced Comfort con il quale la ricerca di arredamenti confortevoli in un abitacolo luminoso e ricco di tecnologie d\u00e0 la sua interpretazione.<br \/>\n&nbsp;<br \/>\nC-Aircross, sar\u00e0 presentato a Ginevra, riprende tecnologia e stile della nuova C3 con  quegli stessi principi di connettivit\u00e0, di sicurezza e di ausilio alla guida, insieme al Grip Control, il sistema perfetto per uscire dalle strade di tutti i giorni ed <\/p>\n<h1>avventurarsi verso strade non convenzionali.<\/h1>\n<p>&nbsp;<\/p>\n<p>&nbsp;<br \/>\n&nbsp;<br \/>\n&nbsp;<br \/>\n&nbsp;<br \/>\n&nbsp;<\/p>\n<h2>GALLERIA FOTOGRAFICA<br \/>\nCITROEN C-AIRCROSS<br \/>\nCONCEPT<br \/>\n<\/h2>\n<p>&nbsp;<br \/>\n&nbsp;<br \/>\n&nbsp;<br \/>\n&nbsp;<br \/>\n&nbsp;<br \/>\n\n\t\t<style>\n\t\t\t#gallery-1 {\n\t\t\t\tmargin: auto;\n\t\t\t}\n\t\t\t#gallery-1 .gallery-item {\n\t\t\t\tfloat: left;\n\t\t\t\tmargin-top: 10px;\n\t\t\t\ttext-align: center;\n\t\t\t\twidth: 16%;\n\t\t\t}\n\t\t\t#gallery-1 img {\n\t\t\t\tborder: 2px solid #cfcfcf;\n\t\t\t}\n\t\t\t#gallery-1 .gallery-caption {\n\t\t\t\tmargin-left: 0;\n\t\t\t}\n\t\t\t\/* see gallery_shortcode() in wp-includes\/media.php *\/\n\t\t<\/style>\n\t\t<div id='gallery-1' class='gallery galleryid-13421 gallery-columns-6 gallery-size-large'><dl class='gallery-item'>\n\t\t\t<dt class='gallery-icon landscape'>\n\t\t\t\t<a href='https:\/\/www.drivelife.it\/news\/2017\/02\/11\/citroen-c-aircross-concept\/124355_broadcast13\/'><img loading=\"lazy\" decoding=\"async\" width=\"1000\" height=\"666\" src=\"https:\/\/www.drivelife.it\/news\/wp-content\/uploads\/2017\/02\/124355_broadcast13-1000x666.jpg\" class=\"attachment-large size-large no-lazy\" alt=\"\" srcset=\"https:\/\/www.drivelife.it\/news\/wp-content\/uploads\/2017\/02\/124355_broadcast13-1000x666.jpg 1000w, https:\/\/www.drivelife.it\/news\/wp-content\/uploads\/2017\/02\/124355_broadcast13-620x413.jpg 620w, https:\/\/www.drivelife.it\/news\/wp-content\/uploads\/2017\/02\/124355_broadcast13-768x512.jpg 768w, https:\/\/www.drivelife.it\/news\/wp-content\/uploads\/2017\/02\/124355_broadcast13-300x200.jpg 300w\" sizes=\"auto, (max-width: 1000px) 100vw, 1000px\" \/><\/a>\n\t\t\t<\/dt><\/dl><dl class='gallery-item'>\n\t\t\t<dt class='gallery-icon landscape'>\n\t\t\t\t<a href='https:\/\/www.drivelife.it\/news\/2017\/02\/11\/citroen-c-aircross-concept\/124355_broadcast02\/'><img loading=\"lazy\" decoding=\"async\" width=\"1000\" height=\"563\" src=\"https:\/\/www.drivelife.it\/news\/wp-content\/uploads\/2017\/02\/124355_broadcast02-1000x563.jpg\" class=\"attachment-large size-large no-lazy\" alt=\"\" srcset=\"https:\/\/www.drivelife.it\/news\/wp-content\/uploads\/2017\/02\/124355_broadcast02-1000x563.jpg 1000w, https:\/\/www.drivelife.it\/news\/wp-content\/uploads\/2017\/02\/124355_broadcast02-620x349.jpg 620w, https:\/\/www.drivelife.it\/news\/wp-content\/uploads\/2017\/02\/124355_broadcast02-768x432.jpg 768w, https:\/\/www.drivelife.it\/news\/wp-content\/uploads\/2017\/02\/124355_broadcast02-300x169.jpg 300w\" sizes=\"auto, (max-width: 1000px) 100vw, 1000px\" \/><\/a>\n\t\t\t<\/dt><\/dl><dl class='gallery-item'>\n\t\t\t<dt class='gallery-icon landscape'>\n\t\t\t\t<a href='https:\/\/www.drivelife.it\/news\/2017\/02\/11\/citroen-c-aircross-concept\/124355_broadcast03\/'><img loading=\"lazy\" decoding=\"async\" width=\"1000\" height=\"563\" src=\"https:\/\/www.drivelife.it\/news\/wp-content\/uploads\/2017\/02\/124355_broadcast03-1000x563.jpg\" class=\"attachment-large size-large no-lazy\" alt=\"\" srcset=\"https:\/\/www.drivelife.it\/news\/wp-content\/uploads\/2017\/02\/124355_broadcast03-1000x563.jpg 1000w, https:\/\/www.drivelife.it\/news\/wp-content\/uploads\/2017\/02\/124355_broadcast03-620x349.jpg 620w, https:\/\/www.drivelife.it\/news\/wp-content\/uploads\/2017\/02\/124355_broadcast03-768x432.jpg 768w, https:\/\/www.drivelife.it\/news\/wp-content\/uploads\/2017\/02\/124355_broadcast03-300x169.jpg 300w\" sizes=\"auto, (max-width: 1000px) 100vw, 1000px\" \/><\/a>\n\t\t\t<\/dt><\/dl><dl class='gallery-item'>\n\t\t\t<dt class='gallery-icon landscape'>\n\t\t\t\t<a href='https:\/\/www.drivelife.it\/news\/2017\/02\/11\/citroen-c-aircross-concept\/124355_broadcast04-2\/'><img loading=\"lazy\" decoding=\"async\" width=\"1000\" height=\"563\" src=\"https:\/\/www.drivelife.it\/news\/wp-content\/uploads\/2017\/02\/124355_broadcast04-1-1000x563.jpg\" class=\"attachment-large size-large no-lazy\" alt=\"\" srcset=\"https:\/\/www.drivelife.it\/news\/wp-content\/uploads\/2017\/02\/124355_broadcast04-1-1000x563.jpg 1000w, https:\/\/www.drivelife.it\/news\/wp-content\/uploads\/2017\/02\/124355_broadcast04-1-620x349.jpg 620w, https:\/\/www.drivelife.it\/news\/wp-content\/uploads\/2017\/02\/124355_broadcast04-1-768x432.jpg 768w, https:\/\/www.drivelife.it\/news\/wp-content\/uploads\/2017\/02\/124355_broadcast04-1-300x169.jpg 300w\" sizes=\"auto, (max-width: 1000px) 100vw, 1000px\" \/><\/a>\n\t\t\t<\/dt><\/dl><dl class='gallery-item'>\n\t\t\t<dt class='gallery-icon landscape'>\n\t\t\t\t<a href='https:\/\/www.drivelife.it\/news\/2017\/02\/11\/citroen-c-aircross-concept\/124355_broadcast05\/'><img loading=\"lazy\" decoding=\"async\" width=\"1000\" height=\"563\" src=\"https:\/\/www.drivelife.it\/news\/wp-content\/uploads\/2017\/02\/124355_broadcast05-1000x563.jpg\" class=\"attachment-large size-large no-lazy\" alt=\"\" srcset=\"https:\/\/www.drivelife.it\/news\/wp-content\/uploads\/2017\/02\/124355_broadcast05-1000x563.jpg 1000w, https:\/\/www.drivelife.it\/news\/wp-content\/uploads\/2017\/02\/124355_broadcast05-620x349.jpg 620w, https:\/\/www.drivelife.it\/news\/wp-content\/uploads\/2017\/02\/124355_broadcast05-768x432.jpg 768w, https:\/\/www.drivelife.it\/news\/wp-content\/uploads\/2017\/02\/124355_broadcast05-300x169.jpg 300w\" sizes=\"auto, (max-width: 1000px) 100vw, 1000px\" \/><\/a>\n\t\t\t<\/dt><\/dl><dl class='gallery-item'>\n\t\t\t<dt class='gallery-icon landscape'>\n\t\t\t\t<a href='https:\/\/www.drivelife.it\/news\/2017\/02\/11\/citroen-c-aircross-concept\/124355_broadcast06\/'><img loading=\"lazy\" decoding=\"async\" width=\"1000\" height=\"563\" src=\"https:\/\/www.drivelife.it\/news\/wp-content\/uploads\/2017\/02\/124355_broadcast06-1000x563.jpg\" class=\"attachment-large size-large no-lazy\" alt=\"\" srcset=\"https:\/\/www.drivelife.it\/news\/wp-content\/uploads\/2017\/02\/124355_broadcast06-1000x563.jpg 1000w, https:\/\/www.drivelife.it\/news\/wp-content\/uploads\/2017\/02\/124355_broadcast06-620x349.jpg 620w, https:\/\/www.drivelife.it\/news\/wp-content\/uploads\/2017\/02\/124355_broadcast06-768x432.jpg 768w, https:\/\/www.drivelife.it\/news\/wp-content\/uploads\/2017\/02\/124355_broadcast06-300x169.jpg 300w\" sizes=\"auto, (max-width: 1000px) 100vw, 1000px\" \/><\/a>\n\t\t\t<\/dt><\/dl><br style=\"clear: both\" \/><dl class='gallery-item'>\n\t\t\t<dt class='gallery-icon landscape'>\n\t\t\t\t<a href='https:\/\/www.drivelife.it\/news\/2017\/02\/11\/citroen-c-aircross-concept\/124355_broadcast07\/'><img loading=\"lazy\" decoding=\"async\" width=\"1000\" height=\"563\" src=\"https:\/\/www.drivelife.it\/news\/wp-content\/uploads\/2017\/02\/124355_broadcast07-1000x563.jpg\" class=\"attachment-large size-large no-lazy\" alt=\"\" srcset=\"https:\/\/www.drivelife.it\/news\/wp-content\/uploads\/2017\/02\/124355_broadcast07-1000x563.jpg 1000w, https:\/\/www.drivelife.it\/news\/wp-content\/uploads\/2017\/02\/124355_broadcast07-620x349.jpg 620w, https:\/\/www.drivelife.it\/news\/wp-content\/uploads\/2017\/02\/124355_broadcast07-768x432.jpg 768w, https:\/\/www.drivelife.it\/news\/wp-content\/uploads\/2017\/02\/124355_broadcast07-300x169.jpg 300w\" sizes=\"auto, (max-width: 1000px) 100vw, 1000px\" \/><\/a>\n\t\t\t<\/dt><\/dl><dl class='gallery-item'>\n\t\t\t<dt class='gallery-icon landscape'>\n\t\t\t\t<a href='https:\/\/www.drivelife.it\/news\/2017\/02\/11\/citroen-c-aircross-concept\/124355_broadcast08\/'><img loading=\"lazy\" decoding=\"async\" width=\"1000\" height=\"563\" src=\"https:\/\/www.drivelife.it\/news\/wp-content\/uploads\/2017\/02\/124355_broadcast08-1000x563.jpg\" class=\"attachment-large size-large no-lazy\" alt=\"\" srcset=\"https:\/\/www.drivelife.it\/news\/wp-content\/uploads\/2017\/02\/124355_broadcast08-1000x563.jpg 1000w, https:\/\/www.drivelife.it\/news\/wp-content\/uploads\/2017\/02\/124355_broadcast08-620x349.jpg 620w, https:\/\/www.drivelife.it\/news\/wp-content\/uploads\/2017\/02\/124355_broadcast08-768x432.jpg 768w, https:\/\/www.drivelife.it\/news\/wp-content\/uploads\/2017\/02\/124355_broadcast08-300x169.jpg 300w\" sizes=\"auto, (max-width: 1000px) 100vw, 1000px\" \/><\/a>\n\t\t\t<\/dt><\/dl><dl class='gallery-item'>\n\t\t\t<dt class='gallery-icon landscape'>\n\t\t\t\t<a href='https:\/\/www.drivelife.it\/news\/2017\/02\/11\/citroen-c-aircross-concept\/124355_broadcast09\/'><img loading=\"lazy\" decoding=\"async\" width=\"1000\" height=\"563\" src=\"https:\/\/www.drivelife.it\/news\/wp-content\/uploads\/2017\/02\/124355_broadcast09-1000x563.jpg\" class=\"attachment-large size-large no-lazy\" alt=\"\" srcset=\"https:\/\/www.drivelife.it\/news\/wp-content\/uploads\/2017\/02\/124355_broadcast09-1000x563.jpg 1000w, https:\/\/www.drivelife.it\/news\/wp-content\/uploads\/2017\/02\/124355_broadcast09-620x349.jpg 620w, https:\/\/www.drivelife.it\/news\/wp-content\/uploads\/2017\/02\/124355_broadcast09-768x432.jpg 768w, https:\/\/www.drivelife.it\/news\/wp-content\/uploads\/2017\/02\/124355_broadcast09-300x169.jpg 300w\" sizes=\"auto, (max-width: 1000px) 100vw, 1000px\" \/><\/a>\n\t\t\t<\/dt><\/dl><dl class='gallery-item'>\n\t\t\t<dt class='gallery-icon landscape'>\n\t\t\t\t<a href='https:\/\/www.drivelife.it\/news\/2017\/02\/11\/citroen-c-aircross-concept\/124355_broadcast10\/'><img loading=\"lazy\" decoding=\"async\" width=\"1000\" height=\"563\" src=\"https:\/\/www.drivelife.it\/news\/wp-content\/uploads\/2017\/02\/124355_broadcast10-1000x563.jpg\" class=\"attachment-large size-large no-lazy\" alt=\"\" srcset=\"https:\/\/www.drivelife.it\/news\/wp-content\/uploads\/2017\/02\/124355_broadcast10-1000x563.jpg 1000w, https:\/\/www.drivelife.it\/news\/wp-content\/uploads\/2017\/02\/124355_broadcast10-620x349.jpg 620w, https:\/\/www.drivelife.it\/news\/wp-content\/uploads\/2017\/02\/124355_broadcast10-768x432.jpg 768w, https:\/\/www.drivelife.it\/news\/wp-content\/uploads\/2017\/02\/124355_broadcast10-300x169.jpg 300w\" sizes=\"auto, (max-width: 1000px) 100vw, 1000px\" \/><\/a>\n\t\t\t<\/dt><\/dl><dl class='gallery-item'>\n\t\t\t<dt class='gallery-icon landscape'>\n\t\t\t\t<a href='https:\/\/www.drivelife.it\/news\/2017\/02\/11\/citroen-c-aircross-concept\/124355_broadcast14\/'><img loading=\"lazy\" decoding=\"async\" width=\"1000\" height=\"563\" src=\"https:\/\/www.drivelife.it\/news\/wp-content\/uploads\/2017\/02\/124355_broadcast14-1000x563.jpg\" class=\"attachment-large size-large no-lazy\" alt=\"\" srcset=\"https:\/\/www.drivelife.it\/news\/wp-content\/uploads\/2017\/02\/124355_broadcast14-1000x563.jpg 1000w, https:\/\/www.drivelife.it\/news\/wp-content\/uploads\/2017\/02\/124355_broadcast14-620x349.jpg 620w, https:\/\/www.drivelife.it\/news\/wp-content\/uploads\/2017\/02\/124355_broadcast14-768x432.jpg 768w, https:\/\/www.drivelife.it\/news\/wp-content\/uploads\/2017\/02\/124355_broadcast14-300x169.jpg 300w\" sizes=\"auto, (max-width: 1000px) 100vw, 1000px\" \/><\/a>\n\t\t\t<\/dt><\/dl><dl class='gallery-item'>\n\t\t\t<dt class='gallery-icon landscape'>\n\t\t\t\t<a href='https:\/\/www.drivelife.it\/news\/2017\/02\/11\/citroen-c-aircross-concept\/124355_broadcast12\/'><img loading=\"lazy\" decoding=\"async\" width=\"1000\" height=\"666\" src=\"https:\/\/www.drivelife.it\/news\/wp-content\/uploads\/2017\/02\/124355_broadcast12-1000x666.jpg\" class=\"attachment-large size-large no-lazy\" alt=\"\" srcset=\"https:\/\/www.drivelife.it\/news\/wp-content\/uploads\/2017\/02\/124355_broadcast12-1000x666.jpg 1000w, https:\/\/www.drivelife.it\/news\/wp-content\/uploads\/2017\/02\/124355_broadcast12-620x413.jpg 620w, https:\/\/www.drivelife.it\/news\/wp-content\/uploads\/2017\/02\/124355_broadcast12-768x512.jpg 768w, https:\/\/www.drivelife.it\/news\/wp-content\/uploads\/2017\/02\/124355_broadcast12-300x200.jpg 300w\" sizes=\"auto, (max-width: 1000px) 100vw, 1000px\" \/><\/a>\n\t\t\t<\/dt><\/dl><br style=\"clear: both\" \/>\n\t\t<\/div>\n<br \/>\n&nbsp;<br \/>\n&nbsp;<br \/>\n&nbsp;<br \/>\n&nbsp;<br \/>\n&nbsp;<\/p>\n<h1><strong>SOMMARIO E TIMING<\/strong><\/h1>\n<p>&nbsp;<br \/>\n&nbsp;<\/p>\n<h1>IN TV &#8211; RUBRICA TV AUTOMOTIVE DI 12\u201900\u201d &#8211; SOMMARIO, TIMING SERVIZI <\/p>\n<p>BMW SERIE 5 TOURING, 01&#8217;02&#8221; &#8211; CITROEN C-AIRCROSS CONCEPT, 00&#8217;55&#8221; &#8211; RENAULT ALPINE, 01&#8217;02&#8221; &#8211; SEAT IBIZA, 00&#8217;51&#8221; &#8211; PEUGEOT 2008, 03&#8217;21&#8221; &#8211; FIAT PANDA CROSS, 03&#8217;10<\/p>\n<p>&#8211; <\/h1>\n<p>&nbsp;<br \/>\n&nbsp;<\/p>\n<h2>START @ &#8211; SOMMARIO, START SERVIZI <\/p>\n<p>BMW SERIE 5 TOURING, 00&#8217;46&#8221; &#8211; CITROEN C-AIRCROSS CONCEPT, 02&#8217;01&#8221; &#8211; RENAULT ALPINE, 03&#8217;00&#8221; &#8211; SEAT IBIZA, 04&#8217;06&#8221; &#8211; PEUGEOT 2008, 05&#8217;07&#8221; &#8211; FIAT PANDA CROSS, 08&#8217;29<\/p>\n<p>&#8211; <\/h2>\n<p>&nbsp;<br \/>\n&nbsp;<\/p>\n<blockquote>\n<h1>\n<p>L\u2019essenzialit\u00e0 dell\u2019arredamento nell\u2019abitacolo non tragga in inganno. Ai materiali tecnici, per sottolineare la vocazione off road, si affiancano una lunga serie di soluzioni funzionali nel rispetto del nuovo principio costruttivo Citroen Advanced Comfort<\/p>\n<\/h1>\n<\/blockquote>\n<p>&nbsp;<br \/>\n&nbsp;<br \/>\n<a href=\"http:\/\/vimeo.com\/drivelife\"><img decoding=\"async\" src=\"http:\/\/a.vimeocdn.com\/images_v6\/blogbadge_channels.png\" alt=\"Vimeo\" \/><\/a><\/p>\n<blockquote>\n<h1><strong>In TV con drivelife del 11 FEBBRAIO<\/strong><\/h1>\n<\/blockquote>\n<p><a href=\"https:\/\/flipboard.com\/@mrlukkor\/drivelife-q5flocp8y\" data-flip-widget=\"mag\">View my Flipboard Magazine.<\/a><\/p>\n<h2>Guarda di pi\u00f9 con drivelife<\/h2>\n<p style=\"color: #021eaa;\"><a href=\"http:\/\/car.18x24.it\">car.18&#215;24.it<\/a><\/p>\n<p style=\"color: #021eaa;\"><a href=\"http:\/\/www.drivelife.it\">www.drivelife.it<\/a><\/p>\n<p style=\"color: #021eaa;\"><a href=\"http:\/\/www.drivelife.it\/clip\/\">www.drivelife.it\/clip\/<\/a><\/p>\n<p style=\"color: #021eaa;\"><a href=\"http:\/\/www.drivelife.it\/dlnew\/\">www.drivelife.it\/dlnew\/<\/a><\/p>\n<p style=\"color: #021eaa;\"><a href=\"http:\/\/www.drivelife.it\/moto\/\">www.drivelife.it\/moto\/<\/a><\/p>\n<p style=\"color: #021eaa;\"><a href=\"http:\/\/www.drivelife.it\/car\/\">www.drivelife.it\/car\/<\/a><\/p>\n<p style=\"color: #021eaa;\"><a href=\"http:\/\/www.drivelife.it\/drivelifeintv\/\">www.drivelife.it\/drivelifeintv\/<\/a><\/p>\n<p style=\"color: #021eaa;\"><a href=\"http:\/\/www.drivelife.it\/pics\/\">www.drivelife.it\/pics\/<\/a><\/p>\n<p style=\"color: #021eaa;\"><a href=\"http:\/\/www.drivelife.it\/dresscode\/\">www.drivelife.it\/dresscode\/<\/a><\/p>\n<p style=\"color: #021eaa;\"><a href=\"https:\/\/twitter.com\/tweetdrivelife\">twitter.com\/tweetdrivelife<\/a><\/p>\n<p style=\"color: #021eaa;\"><a href=\"https:\/\/flipboard.com\/@mrlukkor\/drivelife-q5flocp8y\">flipboard.com\/@mrlukkor\/drivelife<\/a><\/p>\n<p>&nbsp;<br \/>\n&nbsp;<\/p>\n<p>&nbsp;<br \/>\n&nbsp;<\/p>\n<h1>TRAILER PUNTATA IN TV<\/h1>\n<p>&nbsp;<br \/>\n&nbsp;<br \/>\n#PEUGEOT 3008, FILM WINTER<br \/>\nhttps:\/\/vimeo.com\/201797982<br \/>\n&nbsp;<\/p>\n<blockquote class=\"wp-embedded-content\" data-secret=\"EwgJMyGzFq\"><p><a href=\"https:\/\/www.drivelife.it\/PEUGEOT3008\/\">Homepage<\/a><\/p><\/blockquote>\n<p><iframe loading=\"lazy\" class=\"wp-embedded-content\" sandbox=\"allow-scripts\" security=\"restricted\" style=\"position: absolute; visibility: hidden;\" title=\"&#8220;Homepage&#8221; &#8212; FILM WINTER\" src=\"https:\/\/www.drivelife.it\/PEUGEOT3008\/embed\/#?secret=rzPcY1xXX1#?secret=EwgJMyGzFq\" data-secret=\"EwgJMyGzFq\" width=\"500\" height=\"282\" frameborder=\"0\" marginwidth=\"0\" marginheight=\"0\" scrolling=\"no\"><\/iframe><br \/>\n&nbsp;<br \/>\n&nbsp;<\/p>\n<p>http:\/\/www.drivelife.it\/clip\/2017\/02\/08\/drivelife-2017-puntata-del-11-febbraio\/<br \/>\nhttp:\/\/www.drivelife.it\/drivelifeintv\/2017\/02\/08\/drivelife-2017-puntata-del-11-febbraio\/<\/p>\n<p>&nbsp;<br \/>\n&nbsp;<\/p>\n<h1><strong>SOMMARIO E TIMING<\/strong><\/h1>\n<p>&nbsp;<br \/>\n&nbsp;<\/p>\n<h1>IN TV &#8211; RUBRICA TV AUTOMOTIVE DI 12\u201900\u201d &#8211; SOMMARIO, TIMING SERVIZI <\/p>\n<p>BMW SERIE 5 TOURING, 01&#8217;02&#8221; &#8211; CITROEN C-AIRCROSS CONCEPT, 00&#8217;55&#8221; &#8211; RENAULT ALPINE, 01&#8217;02&#8221; &#8211; SEAT IBIZA, 00&#8217;51&#8221; &#8211; PEUGEOT 2008, 03&#8217;21&#8221; &#8211; FIAT PANDA CROSS, 03&#8217;10<\/p>\n<p>&#8211; <\/h1>\n<p>&nbsp;<br \/>\n&nbsp;<\/p>\n<h2>START @ &#8211; SOMMARIO, START SERVIZI <\/p>\n<p>BMW SERIE 5 TOURING, 00&#8217;46&#8221; &#8211; CITROEN C-AIRCROSS CONCEPT, 02&#8217;01&#8221; &#8211; RENAULT ALPINE, 03&#8217;00&#8221; &#8211; SEAT IBIZA, 04&#8217;06&#8221; &#8211; PEUGEOT 2008, 05&#8217;07&#8221; &#8211; FIAT PANDA CROSS, 08&#8217;29<\/p>\n<p>&#8211; <\/h2>\n<p>&nbsp;<br \/>\n&nbsp;<br \/>\n#FIAT #PANDA #CROSS<br \/>\nhttps:\/\/vimeo.com\/130539953<br \/>\n&nbsp;<br \/>\nhttps:\/\/vimeo.com\/130529910<br \/>\n&nbsp;<br \/>\nhttps:\/\/vimeo.com\/121754413<br \/>\n&nbsp;<br \/>\nhttp:\/\/www.drivelife.it\/FIATPANDACROSS\/<br \/>\n&nbsp;<br \/>\n&nbsp;<\/p>\n<p>http:\/\/www.drivelife.it\/clip\/2017\/02\/08\/drivelife-2017-puntata-del-11-febbraio\/<br \/>\nhttp:\/\/www.drivelife.it\/drivelifeintv\/2017\/02\/08\/drivelife-2017-puntata-del-11-febbraio\/<\/p>\n<p>&nbsp;<br \/>\n&nbsp;<\/p>\n<p>&nbsp;<br \/>\n&nbsp;<br \/>\nCredit, clip&#038;pic, quando pubblicato<br \/>\nTutte le fotografie e le clip \u00a9lucaromanopix<br \/>\n<strong>Vietata la riproduzione e la diffusione su e con qualsiasi mezzo e\/o social network senza il consenso scritto dell&#8217;autore. Le fotografie sono file con firma digitale. Le fotografie sono protette secondo le norme vigenti in Italia del diritto d\u2019autore. <\/strong><br \/>\n&nbsp;<\/p>\n<h2>\n<blockquote><p>Once Ansel Adams said:<br \/>\n\u201cThe single most important component of a camera is the twelve inches behind it\u201d.<\/p><\/blockquote>\n<\/h2>\n<p>&nbsp;<br \/>\n&nbsp;<\/p>\n<h1>XLETV mp4<\/h1>\n<p>https:\/\/vimeo.com\/203430689<br \/>\n&nbsp;<br \/>\n&nbsp;<\/p>\n<h1>XLETV mpg<\/h1>\n<p>https:\/\/vimeo.com\/203431146<br \/>\n&nbsp;<br \/>\n&nbsp;<\/p>\n<h1>YOUTUBE<\/h1>\n<div class=\"video-container\"><iframe loading=\"lazy\" title=\"2017 PUNTATA DRIVELIFE FEBBRAIO 11\" width=\"500\" height=\"281\" src=\"https:\/\/www.youtube.com\/embed\/h6ui2TPCIUI?feature=oembed&#038;wmode=opaque\" frameborder=\"0\" allow=\"accelerometer; autoplay; clipboard-write; encrypted-media; gyroscope; picture-in-picture; web-share\" referrerpolicy=\"strict-origin-when-cross-origin\" allowfullscreen><\/iframe><\/div>\n<p>&nbsp;<\/p>\n<div class=\"video-container\"><iframe loading=\"lazy\" title=\"2017 PUNTATA DRIVELIFE FEBBRAIO 11\" width=\"500\" height=\"375\" src=\"https:\/\/www.youtube.com\/embed\/NzsMIfROjnM?feature=oembed&#038;wmode=opaque\" frameborder=\"0\" allow=\"accelerometer; autoplay; clipboard-write; encrypted-media; gyroscope; picture-in-picture; web-share\" referrerpolicy=\"strict-origin-when-cross-origin\" allowfullscreen><\/iframe><\/div>\n<p>&nbsp;<br \/>\n&nbsp;<\/p>\n<p>&nbsp;<br \/>\nhttp:\/\/www.drivelife.it\/clip\/2017\/02\/08\/drivelife-2017-puntata-del-11-febbraio\/<br \/>\n&nbsp;<br \/>\nhttp:\/\/www.drivelife.it\/drivelifeintv\/2017\/02\/08\/drivelife-2017-puntata-del-11-febbraio\/<\/p>\n<p>&nbsp;<br \/>\n<a class=\"twitter-timeline\" href=\"https:\/\/twitter.com\/lucaatmrlukkor\" data-widget-id=\"557957842121289728\">Tweet di @lucaatmrlukkor<\/a> <script>!function(d,s,id){var js,fjs=d.getElementsByTagName(s)[0],p=\/^http:\/.test(d.location)?'http':'https';if(!d.getElementById(id)){js=d.createElement(s);js.id=id;js.src=p+\":\/\/platform.twitter.com\/widgets.js\";fjs.parentNode.insertBefore(js,fjs);}}(document,\"script\",\"twitter-wjs\");<\/script><br \/>\n&nbsp;<\/p>\n<h1>CITROEN C-AIRCROSS<br \/>\nCONCEPT<br \/>\nBANCA IMMAGINI  YOUTUBE<\/h1>\n<p>&nbsp;<\/p>\n<div class=\"video-container\"><iframe loading=\"lazy\" title=\"CITROEN C Aircross concept ml vuk v2\" width=\"500\" height=\"281\" src=\"https:\/\/www.youtube.com\/embed\/NHxdPIYh67g?feature=oembed&#038;wmode=opaque\" frameborder=\"0\" allow=\"accelerometer; autoplay; clipboard-write; encrypted-media; gyroscope; picture-in-picture; web-share\" referrerpolicy=\"strict-origin-when-cross-origin\" allowfullscreen><\/iframe><\/div>\n<p>&nbsp;<\/p>\n<h3>NB: qui, come per tutti gli articoli che drivelife pubblica on line, non \u00e8 un obbligo la corrispondenza tra il pubblicato della pagina e quanto messo in onda con la rubrica televisiva diffusa in tutta Italia.<\/h3>\n","protected":false},"excerpt":{"rendered":"<p>CITROEN C-AIRCROSS CONCEPT &#8211; IN TV CON DRIVELIFE DEL 11 FEBBRAIO &#8211; C-Aircross Concept, anteprima concettuale del nuovo SUV intermedio con il marchio francese per l\u2019eccellenza della non conformit\u00e0. Sullo stand a Ginevra all\u2019inizio di Marzo. Poi arriver\u00e0 la versione di serie forse diversa in alcune soluzioni ma certo porter\u00e0 con s\u00e9 insieme ai valori del marchio anche quegli aspetti ludici gi\u00e0 introdotti con la C3.<br \/>\nQuindi a bordo, dalla ConnectedCAM al Connect Nav, con funzioni di navigazione 3D, e con la novit\u00e0 dell\u2019app Share with U, per condividere i propri file con gli altri passeggeri: c\u2019\u00e8 tutto!<\/p>\n","protected":false},"author":1,"featured_media":13422,"comment_status":"open","ping_status":"open","sticky":false,"template":"","format":"video","meta":{"ngg_post_thumbnail":0,"footnotes":""},"categories":[39,21,52,55,71,999,53],"tags":[1079,801,912,1074,110,37,265,1080,1073,1077,538,371,23,279,1075,804,1066,227,1076,800,808,1081,1078],"class_list":["post-13421","post","type-post","status-publish","format-video","has-post-thumbnail","hentry","category-automotive","category-citroen","category-gallery","category-news","category-puntata-drivelife","category-999","category-video","tag-1079","tag-audi","tag-caffehinaluke","tag-classea","tag-cupra","tag-drivelife","tag-ford-2","tag-furlo","tag-golf","tag-leon","tag-lucaromanopix","tag-mercedes-2","tag-mrlukkor","tag-mustang","tag-next","tag-peugeot","tag-puntata-11-febbraio","tag-renault-2","tag-rs3","tag-seat","tag-volkswagen","tag-winter","tag-zoe","post_format-post-format-video"],"yoast_head":"<!-- This site is optimized with the Yoast SEO plugin v27.5 - https:\/\/yoast.com\/product\/yoast-seo-wordpress\/ -->\n<title>CITROEN C-AIRCROSS CONCEPT - #lucalife<\/title>\n<meta name=\"description\" content=\"A META&#039; STRADA TRA NUOVA C3 E C4 CACTUS ARRIVA SUL MERCATO IL NUOVO SUV COMPATTO DI CITROEN, C-AIRCROSS IN TV CON DRIVELIFE DEL 11 FEBBRAIO\" \/>\n<meta name=\"robots\" content=\"index, follow, max-snippet:-1, max-image-preview:large, max-video-preview:-1\" \/>\n<link rel=\"canonical\" href=\"https:\/\/www.drivelife.it\/news\/2017\/02\/11\/citroen-c-aircross-concept\/\" \/>\n<meta property=\"og:locale\" content=\"en_US\" \/>\n<meta property=\"og:type\" content=\"article\" \/>\n<meta property=\"og:title\" content=\"CITROEN C-AIRCROSS CONCEPT - #lucalife\" \/>\n<meta property=\"og:description\" content=\"A META&#039; STRADA TRA NUOVA C3 E C4 CACTUS ARRIVA SUL MERCATO IL NUOVO SUV COMPATTO DI CITROEN, C-AIRCROSS IN TV CON DRIVELIFE DEL 11 FEBBRAIO\" \/>\n<meta property=\"og:url\" content=\"https:\/\/www.drivelife.it\/news\/2017\/02\/11\/citroen-c-aircross-concept\/\" \/>\n<meta property=\"og:site_name\" content=\"#lucalife\" \/>\n<meta property=\"article:publisher\" content=\"https:\/\/www.facebook.com\/pages\/Drivelife\/467833073239720\" \/>\n<meta property=\"article:published_time\" content=\"2017-02-11T18:47:55+00:00\" \/>\n<meta property=\"article:modified_time\" content=\"2017-02-11T23:55:39+00:00\" \/>\n<meta property=\"og:image\" content=\"https:\/\/www.drivelife.it\/news\/wp-content\/uploads\/2017\/02\/124355_broadcast04.jpg\" \/>\n\t<meta property=\"og:image:width\" content=\"2560\" \/>\n\t<meta property=\"og:image:height\" content=\"1441\" \/>\n\t<meta property=\"og:image:type\" content=\"image\/jpeg\" \/>\n<meta name=\"author\" content=\"Redazione\" \/>\n<meta name=\"twitter:card\" content=\"summary_large_image\" \/>\n<meta name=\"twitter:creator\" content=\"@tweetdrivelife\" \/>\n<meta name=\"twitter:site\" content=\"@tweetdrivelife\" \/>\n<meta name=\"twitter:label1\" content=\"Written by\" \/>\n\t<meta name=\"twitter:data1\" content=\"Redazione\" \/>\n\t<meta name=\"twitter:label2\" content=\"Est. reading time\" \/>\n\t<meta name=\"twitter:data2\" content=\"5 minutes\" \/>\n<script type=\"application\/ld+json\" class=\"yoast-schema-graph\">{\"@context\":\"https:\\\/\\\/schema.org\",\"@graph\":[{\"@type\":\"Article\",\"@id\":\"https:\\\/\\\/www.drivelife.it\\\/news\\\/2017\\\/02\\\/11\\\/citroen-c-aircross-concept\\\/#article\",\"isPartOf\":{\"@id\":\"https:\\\/\\\/www.drivelife.it\\\/news\\\/2017\\\/02\\\/11\\\/citroen-c-aircross-concept\\\/\"},\"author\":{\"name\":\"Redazione\",\"@id\":\"https:\\\/\\\/www.drivelife.it\\\/news\\\/#\\\/schema\\\/person\\\/b6c194c3423ff451be4914f5fd9c2188\"},\"headline\":\"CITROEN C-AIRCROSS CONCEPT\",\"datePublished\":\"2017-02-11T18:47:55+00:00\",\"dateModified\":\"2017-02-11T23:55:39+00:00\",\"mainEntityOfPage\":{\"@id\":\"https:\\\/\\\/www.drivelife.it\\\/news\\\/2017\\\/02\\\/11\\\/citroen-c-aircross-concept\\\/\"},\"wordCount\":886,\"commentCount\":0,\"image\":{\"@id\":\"https:\\\/\\\/www.drivelife.it\\\/news\\\/2017\\\/02\\\/11\\\/citroen-c-aircross-concept\\\/#primaryimage\"},\"thumbnailUrl\":\"https:\\\/\\\/www.drivelife.it\\\/news\\\/wp-content\\\/uploads\\\/2017\\\/02\\\/124355_broadcast04.jpg\",\"keywords\":[\"3008\",\"AUDI\",\"caffehinaluke\",\"classeA\",\"CUPRA\",\"DRIVELIFE\",\"Ford\",\"furlo\",\"golf\",\"leon\",\"lucaromanopix\",\"mercedes\",\"MRLUKKOR\",\"Mustang\",\"Next\",\"PEUGEOT\",\"puntata 11 febbraio\",\"renault\",\"rs3\",\"SEAT\",\"VOLKSWAGEN\",\"winter\",\"zoe\"],\"articleSection\":[\"AUTOMOTIVE\",\"CITROEN\",\"GALLERY AUTOMOTIVE\",\"NEWS\",\"PUNTATA DRIVELIFE\",\"PUNTATE DRIVELIFE TV 2017\",\"VIDEO\"],\"inLanguage\":\"en-US\",\"potentialAction\":[{\"@type\":\"CommentAction\",\"name\":\"Comment\",\"target\":[\"https:\\\/\\\/www.drivelife.it\\\/news\\\/2017\\\/02\\\/11\\\/citroen-c-aircross-concept\\\/#respond\"]}]},{\"@type\":\"WebPage\",\"@id\":\"https:\\\/\\\/www.drivelife.it\\\/news\\\/2017\\\/02\\\/11\\\/citroen-c-aircross-concept\\\/\",\"url\":\"https:\\\/\\\/www.drivelife.it\\\/news\\\/2017\\\/02\\\/11\\\/citroen-c-aircross-concept\\\/\",\"name\":\"CITROEN C-AIRCROSS CONCEPT - #lucalife\",\"isPartOf\":{\"@id\":\"https:\\\/\\\/www.drivelife.it\\\/news\\\/#website\"},\"primaryImageOfPage\":{\"@id\":\"https:\\\/\\\/www.drivelife.it\\\/news\\\/2017\\\/02\\\/11\\\/citroen-c-aircross-concept\\\/#primaryimage\"},\"image\":{\"@id\":\"https:\\\/\\\/www.drivelife.it\\\/news\\\/2017\\\/02\\\/11\\\/citroen-c-aircross-concept\\\/#primaryimage\"},\"thumbnailUrl\":\"https:\\\/\\\/www.drivelife.it\\\/news\\\/wp-content\\\/uploads\\\/2017\\\/02\\\/124355_broadcast04.jpg\",\"datePublished\":\"2017-02-11T18:47:55+00:00\",\"dateModified\":\"2017-02-11T23:55:39+00:00\",\"author\":{\"@id\":\"https:\\\/\\\/www.drivelife.it\\\/news\\\/#\\\/schema\\\/person\\\/b6c194c3423ff451be4914f5fd9c2188\"},\"description\":\"A META' STRADA TRA NUOVA C3 E C4 CACTUS ARRIVA SUL MERCATO IL NUOVO SUV COMPATTO DI CITROEN, C-AIRCROSS IN TV CON DRIVELIFE DEL 11 FEBBRAIO\",\"breadcrumb\":{\"@id\":\"https:\\\/\\\/www.drivelife.it\\\/news\\\/2017\\\/02\\\/11\\\/citroen-c-aircross-concept\\\/#breadcrumb\"},\"inLanguage\":\"en-US\",\"potentialAction\":[{\"@type\":\"ReadAction\",\"target\":[\"https:\\\/\\\/www.drivelife.it\\\/news\\\/2017\\\/02\\\/11\\\/citroen-c-aircross-concept\\\/\"]}]},{\"@type\":\"ImageObject\",\"inLanguage\":\"en-US\",\"@id\":\"https:\\\/\\\/www.drivelife.it\\\/news\\\/2017\\\/02\\\/11\\\/citroen-c-aircross-concept\\\/#primaryimage\",\"url\":\"https:\\\/\\\/www.drivelife.it\\\/news\\\/wp-content\\\/uploads\\\/2017\\\/02\\\/124355_broadcast04.jpg\",\"contentUrl\":\"https:\\\/\\\/www.drivelife.it\\\/news\\\/wp-content\\\/uploads\\\/2017\\\/02\\\/124355_broadcast04.jpg\",\"width\":2560,\"height\":1441,\"caption\":\"CITROEN C-AIRCROSS CONCEPT - IN TV CON DRIVELIFE DEL 11 FEBBRAIO\"},{\"@type\":\"BreadcrumbList\",\"@id\":\"https:\\\/\\\/www.drivelife.it\\\/news\\\/2017\\\/02\\\/11\\\/citroen-c-aircross-concept\\\/#breadcrumb\",\"itemListElement\":[{\"@type\":\"ListItem\",\"position\":1,\"name\":\"Home\",\"item\":\"https:\\\/\\\/www.drivelife.it\\\/news\\\/\"},{\"@type\":\"ListItem\",\"position\":2,\"name\":\"CITROEN C-AIRCROSS CONCEPT\"}]},{\"@type\":\"WebSite\",\"@id\":\"https:\\\/\\\/www.drivelife.it\\\/news\\\/#website\",\"url\":\"https:\\\/\\\/www.drivelife.it\\\/news\\\/\",\"name\":\"#lucalife\",\"description\":\"DRIVELIFE le mie automobili\",\"potentialAction\":[{\"@type\":\"SearchAction\",\"target\":{\"@type\":\"EntryPoint\",\"urlTemplate\":\"https:\\\/\\\/www.drivelife.it\\\/news\\\/?s={search_term_string}\"},\"query-input\":{\"@type\":\"PropertyValueSpecification\",\"valueRequired\":true,\"valueName\":\"search_term_string\"}}],\"inLanguage\":\"en-US\"},{\"@type\":\"Person\",\"@id\":\"https:\\\/\\\/www.drivelife.it\\\/news\\\/#\\\/schema\\\/person\\\/b6c194c3423ff451be4914f5fd9c2188\",\"name\":\"Redazione\",\"image\":{\"@type\":\"ImageObject\",\"inLanguage\":\"en-US\",\"@id\":\"https:\\\/\\\/secure.gravatar.com\\\/avatar\\\/8d186f6b07ba8a94441344759f0e13bf1909b6ceaa171df0425551b4590fd558?s=96&d=mm&r=g\",\"url\":\"https:\\\/\\\/secure.gravatar.com\\\/avatar\\\/8d186f6b07ba8a94441344759f0e13bf1909b6ceaa171df0425551b4590fd558?s=96&d=mm&r=g\",\"contentUrl\":\"https:\\\/\\\/secure.gravatar.com\\\/avatar\\\/8d186f6b07ba8a94441344759f0e13bf1909b6ceaa171df0425551b4590fd558?s=96&d=mm&r=g\",\"caption\":\"Redazione\"},\"url\":\"https:\\\/\\\/www.drivelife.it\\\/news\\\/author\\\/admin\\\/\"}]}<\/script>\n<!-- \/ Yoast SEO plugin. -->","yoast_head_json":{"title":"CITROEN C-AIRCROSS CONCEPT - #lucalife","description":"A META' STRADA TRA NUOVA C3 E C4 CACTUS ARRIVA SUL MERCATO IL NUOVO SUV COMPATTO DI CITROEN, C-AIRCROSS IN TV CON DRIVELIFE DEL 11 FEBBRAIO","robots":{"index":"index","follow":"follow","max-snippet":"max-snippet:-1","max-image-preview":"max-image-preview:large","max-video-preview":"max-video-preview:-1"},"canonical":"https:\/\/www.drivelife.it\/news\/2017\/02\/11\/citroen-c-aircross-concept\/","og_locale":"en_US","og_type":"article","og_title":"CITROEN C-AIRCROSS CONCEPT - #lucalife","og_description":"A META' STRADA TRA NUOVA C3 E C4 CACTUS ARRIVA SUL MERCATO IL NUOVO SUV COMPATTO DI CITROEN, C-AIRCROSS IN TV CON DRIVELIFE DEL 11 FEBBRAIO","og_url":"https:\/\/www.drivelife.it\/news\/2017\/02\/11\/citroen-c-aircross-concept\/","og_site_name":"#lucalife","article_publisher":"https:\/\/www.facebook.com\/pages\/Drivelife\/467833073239720","article_published_time":"2017-02-11T18:47:55+00:00","article_modified_time":"2017-02-11T23:55:39+00:00","og_image":[{"width":2560,"height":1441,"url":"https:\/\/www.drivelife.it\/news\/wp-content\/uploads\/2017\/02\/124355_broadcast04.jpg","type":"image\/jpeg"}],"author":"Redazione","twitter_card":"summary_large_image","twitter_creator":"@tweetdrivelife","twitter_site":"@tweetdrivelife","twitter_misc":{"Written by":"Redazione","Est. reading time":"5 minutes"},"schema":{"@context":"https:\/\/schema.org","@graph":[{"@type":"Article","@id":"https:\/\/www.drivelife.it\/news\/2017\/02\/11\/citroen-c-aircross-concept\/#article","isPartOf":{"@id":"https:\/\/www.drivelife.it\/news\/2017\/02\/11\/citroen-c-aircross-concept\/"},"author":{"name":"Redazione","@id":"https:\/\/www.drivelife.it\/news\/#\/schema\/person\/b6c194c3423ff451be4914f5fd9c2188"},"headline":"CITROEN C-AIRCROSS CONCEPT","datePublished":"2017-02-11T18:47:55+00:00","dateModified":"2017-02-11T23:55:39+00:00","mainEntityOfPage":{"@id":"https:\/\/www.drivelife.it\/news\/2017\/02\/11\/citroen-c-aircross-concept\/"},"wordCount":886,"commentCount":0,"image":{"@id":"https:\/\/www.drivelife.it\/news\/2017\/02\/11\/citroen-c-aircross-concept\/#primaryimage"},"thumbnailUrl":"https:\/\/www.drivelife.it\/news\/wp-content\/uploads\/2017\/02\/124355_broadcast04.jpg","keywords":["3008","AUDI","caffehinaluke","classeA","CUPRA","DRIVELIFE","Ford","furlo","golf","leon","lucaromanopix","mercedes","MRLUKKOR","Mustang","Next","PEUGEOT","puntata 11 febbraio","renault","rs3","SEAT","VOLKSWAGEN","winter","zoe"],"articleSection":["AUTOMOTIVE","CITROEN","GALLERY AUTOMOTIVE","NEWS","PUNTATA DRIVELIFE","PUNTATE DRIVELIFE TV 2017","VIDEO"],"inLanguage":"en-US","potentialAction":[{"@type":"CommentAction","name":"Comment","target":["https:\/\/www.drivelife.it\/news\/2017\/02\/11\/citroen-c-aircross-concept\/#respond"]}]},{"@type":"WebPage","@id":"https:\/\/www.drivelife.it\/news\/2017\/02\/11\/citroen-c-aircross-concept\/","url":"https:\/\/www.drivelife.it\/news\/2017\/02\/11\/citroen-c-aircross-concept\/","name":"CITROEN C-AIRCROSS CONCEPT - #lucalife","isPartOf":{"@id":"https:\/\/www.drivelife.it\/news\/#website"},"primaryImageOfPage":{"@id":"https:\/\/www.drivelife.it\/news\/2017\/02\/11\/citroen-c-aircross-concept\/#primaryimage"},"image":{"@id":"https:\/\/www.drivelife.it\/news\/2017\/02\/11\/citroen-c-aircross-concept\/#primaryimage"},"thumbnailUrl":"https:\/\/www.drivelife.it\/news\/wp-content\/uploads\/2017\/02\/124355_broadcast04.jpg","datePublished":"2017-02-11T18:47:55+00:00","dateModified":"2017-02-11T23:55:39+00:00","author":{"@id":"https:\/\/www.drivelife.it\/news\/#\/schema\/person\/b6c194c3423ff451be4914f5fd9c2188"},"description":"A META' STRADA TRA NUOVA C3 E C4 CACTUS ARRIVA SUL MERCATO IL NUOVO SUV COMPATTO DI CITROEN, C-AIRCROSS IN TV CON DRIVELIFE DEL 11 FEBBRAIO","breadcrumb":{"@id":"https:\/\/www.drivelife.it\/news\/2017\/02\/11\/citroen-c-aircross-concept\/#breadcrumb"},"inLanguage":"en-US","potentialAction":[{"@type":"ReadAction","target":["https:\/\/www.drivelife.it\/news\/2017\/02\/11\/citroen-c-aircross-concept\/"]}]},{"@type":"ImageObject","inLanguage":"en-US","@id":"https:\/\/www.drivelife.it\/news\/2017\/02\/11\/citroen-c-aircross-concept\/#primaryimage","url":"https:\/\/www.drivelife.it\/news\/wp-content\/uploads\/2017\/02\/124355_broadcast04.jpg","contentUrl":"https:\/\/www.drivelife.it\/news\/wp-content\/uploads\/2017\/02\/124355_broadcast04.jpg","width":2560,"height":1441,"caption":"CITROEN C-AIRCROSS CONCEPT - IN TV CON DRIVELIFE DEL 11 FEBBRAIO"},{"@type":"BreadcrumbList","@id":"https:\/\/www.drivelife.it\/news\/2017\/02\/11\/citroen-c-aircross-concept\/#breadcrumb","itemListElement":[{"@type":"ListItem","position":1,"name":"Home","item":"https:\/\/www.drivelife.it\/news\/"},{"@type":"ListItem","position":2,"name":"CITROEN C-AIRCROSS CONCEPT"}]},{"@type":"WebSite","@id":"https:\/\/www.drivelife.it\/news\/#website","url":"https:\/\/www.drivelife.it\/news\/","name":"#lucalife","description":"DRIVELIFE le mie automobili","potentialAction":[{"@type":"SearchAction","target":{"@type":"EntryPoint","urlTemplate":"https:\/\/www.drivelife.it\/news\/?s={search_term_string}"},"query-input":{"@type":"PropertyValueSpecification","valueRequired":true,"valueName":"search_term_string"}}],"inLanguage":"en-US"},{"@type":"Person","@id":"https:\/\/www.drivelife.it\/news\/#\/schema\/person\/b6c194c3423ff451be4914f5fd9c2188","name":"Redazione","image":{"@type":"ImageObject","inLanguage":"en-US","@id":"https:\/\/secure.gravatar.com\/avatar\/8d186f6b07ba8a94441344759f0e13bf1909b6ceaa171df0425551b4590fd558?s=96&d=mm&r=g","url":"https:\/\/secure.gravatar.com\/avatar\/8d186f6b07ba8a94441344759f0e13bf1909b6ceaa171df0425551b4590fd558?s=96&d=mm&r=g","contentUrl":"https:\/\/secure.gravatar.com\/avatar\/8d186f6b07ba8a94441344759f0e13bf1909b6ceaa171df0425551b4590fd558?s=96&d=mm&r=g","caption":"Redazione"},"url":"https:\/\/www.drivelife.it\/news\/author\/admin\/"}]}},"amp_enabled":true,"_links":{"self":[{"href":"https:\/\/www.drivelife.it\/news\/wp-json\/wp\/v2\/posts\/13421","targetHints":{"allow":["GET"]}}],"collection":[{"href":"https:\/\/www.drivelife.it\/news\/wp-json\/wp\/v2\/posts"}],"about":[{"href":"https:\/\/www.drivelife.it\/news\/wp-json\/wp\/v2\/types\/post"}],"author":[{"embeddable":true,"href":"https:\/\/www.drivelife.it\/news\/wp-json\/wp\/v2\/users\/1"}],"replies":[{"embeddable":true,"href":"https:\/\/www.drivelife.it\/news\/wp-json\/wp\/v2\/comments?post=13421"}],"version-history":[{"count":2,"href":"https:\/\/www.drivelife.it\/news\/wp-json\/wp\/v2\/posts\/13421\/revisions"}],"predecessor-version":[{"id":13436,"href":"https:\/\/www.drivelife.it\/news\/wp-json\/wp\/v2\/posts\/13421\/revisions\/13436"}],"wp:featuredmedia":[{"embeddable":true,"href":"https:\/\/www.drivelife.it\/news\/wp-json\/wp\/v2\/media\/13422"}],"wp:attachment":[{"href":"https:\/\/www.drivelife.it\/news\/wp-json\/wp\/v2\/media?parent=13421"}],"wp:term":[{"taxonomy":"category","embeddable":true,"href":"https:\/\/www.drivelife.it\/news\/wp-json\/wp\/v2\/categories?post=13421"},{"taxonomy":"post_tag","embeddable":true,"href":"https:\/\/www.drivelife.it\/news\/wp-json\/wp\/v2\/tags?post=13421"}],"curies":[{"name":"wp","href":"https:\/\/api.w.org\/{rel}","templated":true}]}}